{"id":4000,"date":"2018-09-25T15:08:09","date_gmt":"2018-09-25T13:08:09","guid":{"rendered":"https:\/\/skalnik.pl\/blog\/?p=4000"},"modified":"2019-03-22T13:44:57","modified_gmt":"2019-03-22T12:44:57","slug":"kazdy-moze-biegac-po-gorach-wywiad-z-natalia-tomasiak","status":"publish","type":"post","link":"https:\/\/www.skalnik.pl\/blog\/kazdy-moze-biegac-po-gorach-wywiad-z-natalia-tomasiak\/","title":{"rendered":"Ka\u017cdy mo\u017ce biega\u0107 po g\u00f3rach \u2013 wywiad z Natali\u0105 Tomasiak"},"content":{"rendered":"<p><b>Natalia Tomasiak jest jedn\u0105 z najszybciej biegaj\u0105cych po g\u00f3rach Polek. Pierwszy raz przebieg\u0142a p\u00f3\u0142maraton g\u00f3rski w 2014 r., zajmuj\u0105c od razu miejsce na pudle. Startuje i odnosi sukcesy w biegach ultra, skyrace i biegach alpejskich, jest reprezentantk\u0105 Polski w biegach g\u00f3rskich. Na ostatnich Mistrzostwach \u015awiata\u00a0Skyrunning Ultra wybiega\u0142a IV miejsce. Ju\u017c w swoim drugim sezonie biegowym zachwyci\u0142a pozycj\u0105 w<\/b><b>\u00a0klasyfikacji generalnej kobiet Pucharu \u015awiata Skyrunning Extreme (2016) zajmuj\u0105c V miejsce. Wygra\u0142a wiele krajowych i zagranicznych bieg\u00f3w o \u015bwietnej renomie. Jest zawodniczk\u0105 Salomon Suunto Team i Team Petzl Polska.<\/b><\/p>\n<p>&nbsp;<\/p>\n<p><b>Sezon biegowy w Polsce powoli b\u0119dzie si\u0119 ko\u0144czy\u0107. Chcia\u0142em Ci\u0119 prosi\u0107 o kr\u00f3tkie podsumowanie. Startowa\u0142a\u015b w tym roku w wielu zawodach, kt\u00f3re by\u0142y dla Ciebie najtrudniejsze? <\/b><\/p>\n<p>Ojejku. Takie najtrudniejsze\u2026 Czekaj, czekaj, my\u015bl\u0119. Orobie (Gran Trail Orobie) chyba \u2013 ten najd\u0142u\u017cszy dla mnie dystans. Tam bieg\u0142am siedemdziesi\u0105tk\u0119, by\u0142o ponad 5000 metr\u00f3w przewy\u017cszenia. Jad\u0105c na zawody mocno zastanawia\u0142am si\u0119 dlaczego w poprzednich latach dziewczyny, kt\u00f3re by\u0142y w czo\u0142\u00f3wce, tak d\u0142ugo to bieg\u0142y. Dystans 70 kilometr\u00f3w po 11 godzin\u2026 by\u0142am zdziwiona. Natomiast gdy zobaczy\u0142am te szlaki i tras\u0119, to zrozumia\u0142am, \u017ce to by\u0142o do\u015b\u0107 trudne. Ale dla mnie najtrudniejszym elementem tego biegu by\u0142a pogoda. Nie jestem przyzwyczajona do biegania w upale, nie lubi\u0119 biega\u0107 w upale, wi\u0119c najtrudniej znios\u0142am temperatur\u0119.<\/p>\n<p>Ze wzgl\u0119du na temperatur\u0119, dystans, czas to by\u0142 trudny bieg. A najtrudniejszy technicznie by\u0142 tak naprawd\u0119 bieg w Norwegii \u2013 Stranda Fjord Trail Race.<\/p>\n<div id=\"attachment_4022\" style=\"width: 829px\" class=\"wp-caption aligncenter\"><img loading=\"lazy\" decoding=\"async\" aria-describedby=\"caption-attachment-4022\" class=\"wp-image-4022 size-full\" title=\"Natalia Tomasiak\" src=\"https:\/\/skalnik.pl\/blog\/wp-content\/uploads\/2018\/09\/n.tomasiak.jpg\" alt=\"Natalia Tomasiak\" width=\"819\" height=\"546\" srcset=\"https:\/\/www.skalnik.pl\/blog\/wp-content\/uploads\/2018\/09\/n.tomasiak.jpg 819w, https:\/\/www.skalnik.pl\/blog\/wp-content\/uploads\/2018\/09\/n.tomasiak-300x200.jpg 300w, https:\/\/www.skalnik.pl\/blog\/wp-content\/uploads\/2018\/09\/n.tomasiak-768x512.jpg 768w\" sizes=\"auto, (max-width: 819px) 100vw, 819px\" \/><p id=\"caption-attachment-4022\" class=\"wp-caption-text\">Natalia Tomasiak podczas rozmowy na Festiwalu w L\u0105dku.<\/p><\/div>\n<p><b>Anga\u017cujesz si\u0119 te\u017c w tworzenie zawod\u00f3w biegowych w rodzinnej Krynicy. Polecisz biegaczom jakie\u015b inne zawody w Polsce, gdzie trasa jest rewelacyjna lub panuje wyj\u0105tkowa atmosfera? <\/b><\/p>\n<p>Dla os\u00f3b, kt\u00f3re dopiero zaczynaj\u0105 albo chc\u0105 poszuka\u0107 czego\u015b fajnego i d\u0142u\u017cszego dla siebie, mo\u017cna poleci\u0107 zawody z mega klimatem, zawody, na kt\u00f3rych po prostu \u015bwietnie jest by\u0107, czyli Dolno\u015bl\u0105ski Festiwal Bieg\u00f3w G\u00f3rskich. Tu jest naprawd\u0119 fajnie. Teraz przyje\u017cd\u017caj\u0105 tu ju\u017c tysi\u0105ce biegaczy, a impreza ta trwa przez cztery dni i ma sw\u00f3j klimat. Opr\u00f3cz biegania mo\u017cna si\u0119 tu spotka\u0107 z innymi biegaczami, pogada\u0107, s\u0105 koncerty, wi\u0119c na pewno mo\u017cna poleci\u0107 t\u0119 imprez\u0119.<\/p>\n<p>Co\u015b fajnego, biegowego jeszcze\u2026 Mamy ciekawe zawody w Tatrach. Tatry zawsze \u201crobi\u0105 robot\u0119\u201d! Trasa sama z siebie to ju\u017c zach\u0119ta. Oczywi\u015bcie Krynic\u0119 darz\u0119 tak\u017ce sentymentem, bo z niej pochodz\u0119. Zawsze b\u0119d\u0119 j\u0105 promowa\u0107 (\u015bmiech). Lubi\u0119 te\u017c biega\u0107 po Gorcach.<\/p>\n<p><b><br \/>\nJu\u017c za chwil\u0119 sezon skiturowy. Wiem, \u017ce je\u017adzisz na skiturach i nawet startowa\u0142a\u015b w zawodach skiturowych. Masz jakie\u015b plany skiturowe, zawody, wypad na narty? Pami\u0119tam, \u017ce swego czasu podoba\u0142a Ci si\u0119 skiturowo Gruzja. <\/b><\/p>\n<p>Jeszcze bardziej spodoba\u0142y mi si\u0119 G\u00f3ry Skaliste w Kanadzie, gdzie by\u0142am ju\u017c dwa razy wytrzepuj\u0105c ostatnie pieni\u0105dze ze skarbonki na ka\u017cdy taki wyjazd. Je\u015bli chodzi o skitury to traktuj\u0119 to totalnie dla zabawy. Nie przymierzam si\u0119 do strasznie du\u017cych start\u00f3w, je\u015bli ju\u017c to gdzie\u015b w Polsce. To nie jest dla mnie docelowy sport i po prostu nie jestem w stanie czasowo godzi\u0107 trenowania. Albo biegamy, albo trenujemy skitury. Przede wszystkim ze wzgl\u0119du na prac\u0119. Dla mnie w skiturach najfajniejsze s\u0105 wycieczki, a zawody to jest dopiero ten drugi element. Jak wspomnia\u0142e\u015b by\u0142am w Gruzji, gdzie mi si\u0119 mega podoba\u0142o, by\u0142am w Kanadzie, ale to w\u0142a\u015bnie s\u0105 d\u0142ugie, fajne i techniczne wycieczki.<\/p>\n<div class=\"page_gallery\">\n\n\t\t<style type=\"text\/css\">\n\t\t\t#gallery-1 {\n\t\t\t\tmargin: auto;\n\t\t\t}\n\t\t\t#gallery-1 .gallery-item {\n\t\t\t\tfloat: left;\n\t\t\t\tmargin-top: 10px;\n\t\t\t\ttext-align: center;\n\t\t\t\twidth: 33%;\n\t\t\t}\n\t\t\t#gallery-1 img {\n\t\t\t\tborder: 2px solid #cfcfcf;\n\t\t\t}\n\t\t\t#gallery-1 .gallery-caption {\n\t\t\t\tmargin-left: 0;\n\t\t\t}\n\t\t\t\/* see gallery_shortcode() in wp-includes\/media.php *\/\n\t\t<\/style>\n\t\t<div id='gallery-1' class='gallery galleryid-4000 gallery-columns-3 gallery-size-large'><dl class='gallery-item'>\n\t\t\t<dt class='gallery-icon landscape'>\n\t\t\t\t<img loading=\"lazy\" decoding=\"async\" width=\"1000\" height=\"667\" src=\"https:\/\/www.skalnik.pl\/blog\/wp-content\/uploads\/2018\/09\/41808217_2012118328845397_5194316495546482688_o.jpg\" class=\"attachment-large size-large\" alt=\"scyline scotland natalia tomasiak\" aria-describedby=\"gallery-1-4029\" srcset=\"https:\/\/www.skalnik.pl\/blog\/wp-content\/uploads\/2018\/09\/41808217_2012118328845397_5194316495546482688_o.jpg 1000w, https:\/\/www.skalnik.pl\/blog\/wp-content\/uploads\/2018\/09\/41808217_2012118328845397_5194316495546482688_o-300x200.jpg 300w, https:\/\/www.skalnik.pl\/blog\/wp-content\/uploads\/2018\/09\/41808217_2012118328845397_5194316495546482688_o-768x512.jpg 768w\" sizes=\"auto, (max-width: 1000px) 100vw, 1000px\" \/>\n\t\t\t<\/dt>\n\t\t\t\t<dd class='wp-caption-text gallery-caption' id='gallery-1-4029'>\n\t\t\t\tSkyline Scotland\n\t\t\t\t<\/dd><\/dl><dl class='gallery-item'>\n\t\t\t<dt class='gallery-icon landscape'>\n\t\t\t\t<img loading=\"lazy\" decoding=\"async\" width=\"1024\" height=\"683\" src=\"https:\/\/www.skalnik.pl\/blog\/wp-content\/uploads\/2018\/09\/39585410_1779182915530510_4352295540214464512_o-1024x683.jpg\" class=\"attachment-large size-large\" alt=\"natalia tomasiak bieg\" aria-describedby=\"gallery-1-4030\" srcset=\"https:\/\/www.skalnik.pl\/blog\/wp-content\/uploads\/2018\/09\/39585410_1779182915530510_4352295540214464512_o-1024x683.jpg 1024w, https:\/\/www.skalnik.pl\/blog\/wp-content\/uploads\/2018\/09\/39585410_1779182915530510_4352295540214464512_o-300x200.jpg 300w, https:\/\/www.skalnik.pl\/blog\/wp-content\/uploads\/2018\/09\/39585410_1779182915530510_4352295540214464512_o-768x513.jpg 768w, https:\/\/www.skalnik.pl\/blog\/wp-content\/uploads\/2018\/09\/39585410_1779182915530510_4352295540214464512_o.jpg 1840w\" sizes=\"auto, (max-width: 1024px) 100vw, 1024px\" \/>\n\t\t\t<\/dt>\n\t\t\t\t<dd class='wp-caption-text gallery-caption' id='gallery-1-4030'>\n\t\t\t\tNa technicznych \u015bcie\u017ckach\n\t\t\t\t<\/dd><\/dl><dl class='gallery-item'>\n\t\t\t<dt class='gallery-icon landscape'>\n\t\t\t\t<img loading=\"lazy\" decoding=\"async\" width=\"1024\" height=\"683\" src=\"https:\/\/www.skalnik.pl\/blog\/wp-content\/uploads\/2018\/09\/174_Salomon1\u00a9Rogozinski_Photogenium-1024x683.jpg\" class=\"attachment-large size-large\" alt=\"Salomon sesja biegowa\" aria-describedby=\"gallery-1-4031\" srcset=\"https:\/\/www.skalnik.pl\/blog\/wp-content\/uploads\/2018\/09\/174_Salomon1\u00a9Rogozinski_Photogenium-1024x683.jpg 1024w, https:\/\/www.skalnik.pl\/blog\/wp-content\/uploads\/2018\/09\/174_Salomon1\u00a9Rogozinski_Photogenium-300x200.jpg 300w, https:\/\/www.skalnik.pl\/blog\/wp-content\/uploads\/2018\/09\/174_Salomon1\u00a9Rogozinski_Photogenium-768x512.jpg 768w\" sizes=\"auto, (max-width: 1024px) 100vw, 1024px\" \/>\n\t\t\t<\/dt>\n\t\t\t\t<dd class='wp-caption-text gallery-caption' id='gallery-1-4031'>\n\t\t\t\tfot. K. Rogozi\u0144ski_Photogenium\n\t\t\t\t<\/dd><\/dl><br style=\"clear: both\" \/><dl class='gallery-item'>\n\t\t\t<dt class='gallery-icon landscape'>\n\t\t\t\t<img loading=\"lazy\" decoding=\"async\" width=\"1024\" height=\"682\" src=\"https:\/\/www.skalnik.pl\/blog\/wp-content\/uploads\/2018\/09\/374_G\u00f3rski_Styl\u00a9Photogenium-1024x682.jpg\" class=\"attachment-large size-large\" alt=\"sesja g\u00f3rski styl\" aria-describedby=\"gallery-1-4034\" srcset=\"https:\/\/www.skalnik.pl\/blog\/wp-content\/uploads\/2018\/09\/374_G\u00f3rski_Styl\u00a9Photogenium-1024x682.jpg 1024w, https:\/\/www.skalnik.pl\/blog\/wp-content\/uploads\/2018\/09\/374_G\u00f3rski_Styl\u00a9Photogenium-300x200.jpg 300w, https:\/\/www.skalnik.pl\/blog\/wp-content\/uploads\/2018\/09\/374_G\u00f3rski_Styl\u00a9Photogenium-768x512.jpg 768w, https:\/\/www.skalnik.pl\/blog\/wp-content\/uploads\/2018\/09\/374_G\u00f3rski_Styl\u00a9Photogenium.jpg 1124w\" sizes=\"auto, (max-width: 1024px) 100vw, 1024px\" \/>\n\t\t\t<\/dt>\n\t\t\t\t<dd class='wp-caption-text gallery-caption' id='gallery-1-4034'>\n\t\t\t\tfot. K. Rogozi\u0144ski_Photogenium\n\t\t\t\t<\/dd><\/dl>\n\t\t\t<br style='clear: both' \/>\n\t\t<\/div>\n\n<\/div>\n<p><b>Wr\u00f3\u0107my wi\u0119c do tej najwa\u017cniejszej dla Ciebie aktywno\u015bci. Jak s\u0105dzisz, czy bieganie w g\u00f3rach jest dla ka\u017cdego? <\/b><\/p>\n<p>Tak! Oczywi\u015bcie! My\u015bl\u0119, \u017ce dla ka\u017cdego, ale trzeba m\u0105drze zaczyna\u0107. Mam kilku zawodnik\u00f3w, kt\u00f3rym pomagam w treningu, mam osoby, kt\u00f3re dopiero zaczynaj\u0105, kt\u00f3re w bieganie po g\u00f3rach dopiero wdra\u017cam i mam osoby, kt\u00f3re biegaj\u0105 ju\u017c do\u015b\u0107 mocno. Zawsze jednak powtarzam, \u017ce zdrowe bieganie to nie jest to, \u017ce w pierwszym sezonie przebiegamy setk\u0119 czy jaki\u015b ultramaraton. W zdrowe bieganie wprowadzamy nasz organizm, nasze cia\u0142o ma\u0142ymi krokami. Dlatego my\u015bl\u0119, \u017ce mo\u017cna zaczyna\u0107 w ka\u017cdym wieku i ka\u017cdy mo\u017ce biega\u0107 po g\u00f3rach. Tym bardziej, \u017ce z bieganiem po g\u00f3rach to nie jest \u2013 um\u00f3wmy si\u0119 \u2013 tak, \u017ce od razu trzeba zacz\u0105\u0107 biega\u0107. Najpierw to s\u0105 jakie\u015b przebie\u017cki, marszobiegi. Na pocz\u0105tku to s\u0105 wycieczki biegowe. Mo\u017cna zacz\u0105\u0107 od tego, \u017ce idziemy w g\u00f3ry, ale nie z wielkim plecakiem tylko l\u017cejszym i staramy si\u0119 pokona\u0107 tras\u0119 szybciej. I ju\u017c mamy wycieczk\u0119 biegow\u0105, ju\u017c zaczynamy biega\u0107 po g\u00f3rach!<\/p>\n<p><b><br \/>\nNa koniec zapytam Ci\u0119 o jaki\u015b sprz\u0119towy drobiazg, kt\u00f3ry w tym roku sprawdzi\u0142a\u015b i w tym sezonie pom\u00f3g\u0142 Ci na biegowych \u015bcie\u017ckach. <\/b><\/p>\n<p>Je\u015bli chodzi o taki TOP-TOP produkt, to my\u015bl\u0119, \u017ce b\u0119d\u0105 to nowe buty <a href=\"https:\/\/skalnik.pl\/buty\/salomon\" target=\"_blank\" rel=\"noopener\">Salomon<\/a> S-Lab Ultra. Naprawd\u0119 s\u0105 fantastyczne. Biega si\u0119 w nich super. Buty maj\u0105 mi\u0119kk\u0105 podeszw\u0119. To jest m\u00f3j ulubiony produkt, taki <i>the best <\/i>tego sezonu.<\/p>\n<p>Oczywi\u015bcie tych produkt\u00f3w by\u0142oby kilka, jakby poszuka\u0107. Jeszcze mo\u017ce drugi produkt, kt\u00f3ry doceni\u0142am, to jest ma\u0142a czo\u0142\u00f3wka Petzl <a href=\"https:\/\/skalnik.pl\/czolowka-bindi-emerald-665306\" target=\"_blank\" rel=\"noopener\">Bindi<\/a>. W Petzlu po prostu \u201czrobili robot\u0119\u201d, wa\u017cy 35 gam\u00f3w, ma 200 lumen\u00f3w. Dla mnie po prostu mega bomba! Tak, wi\u0119c te buty, kt\u00f3re bardzo polubi\u0142am \u2013 s\u0105 fajne, s\u0105 stabilne, s\u0105 mega lekkie \u2013 i ta czo\u0142\u00f3weczka. To jest taki TOP-TOP na ten sezon.<\/p>\n<p><b><br \/>\nBardzo Ci dzi\u0119kuj\u0119 Natalia za rozmow\u0119 i \u017cycz\u0119 dalszych sukces\u00f3w.<\/b><\/p>\n<p><i>Wi\u0119cej o Natalii Tomasiak: <a href=\"http:\/\/nataliatomasiak.pl\" target=\"_blank\" rel=\"noopener\">http:\/\/nataliatomasiak.pl<\/a><br \/>\n<\/i><i>Rozmawia\u0142: S\u0142awek Nosal<br \/>\n<\/i><br \/>\n<span style=\"font-size: small;\"><img loading=\"lazy\" decoding=\"async\" class=\"alignleft wp-image-4013\" title=\"l\u0105dek festiwal g\u00f3rski\" src=\"https:\/\/skalnik.pl\/blog\/wp-content\/uploads\/2018\/09\/Festiwal_Gorski_2018_logo_pion_na_bialym-300x300.png\" alt=\"festiwal g\u00f3rski l\u0105dek\" width=\"139\" height=\"139\" srcset=\"https:\/\/www.skalnik.pl\/blog\/wp-content\/uploads\/2018\/09\/Festiwal_Gorski_2018_logo_pion_na_bialym-300x300.png 300w, https:\/\/www.skalnik.pl\/blog\/wp-content\/uploads\/2018\/09\/Festiwal_Gorski_2018_logo_pion_na_bialym.png 427w\" sizes=\"auto, (max-width: 139px) 100vw, 139px\" \/>Rozmowa zosta\u0142a przeprowadzona podczas XXIII Festiwalu G\u00f3rskiego im. A. Zawady w L\u0105dku-Zdroju, kt\u00f3ry trwa\u0142 w dniach 20-23 wrze\u015bnia 2018 r. Festiwal l\u0105decki jest jedn\u0105 z najwi\u0119kszych polskich imprez integruj\u0105cych \u015brodowisko ludzi g\u00f3r. Festiwal to m.in. spotkania z najlepszymi alpinistami na \u015bwiecie, konkurs film\u00f3w g\u00f3rskich i plebiscyt na najlepsz\u0105 ksi\u0105\u017ck\u0119 g\u00f3rsk\u0105 ubieg\u0142ego roku. Podczas XXIII edycji na festiwalu odby\u0142a si\u0119 gala wr\u0119czenia Z\u0142otych Czekan\u00f3w (Piolets d\u2019Or) \u2013 najbardziej presti\u017cowego na \u015bwiecie wyr\u00f3\u017cnienia alpinistycznego, kt\u00f3re do tej pory przyznawane by\u0142o w Chamonix.<\/span><\/p>\n<p style=\"text-align: center;\"><span style=\"font-size: small;\"><i><br \/>\nNa drodze do realizacji cel\u00f3w, marze\u0144 i sportowych wyzwa\u0144 Natali\u0119 wspieraj\u0105 marki<\/i><\/span><\/p>\n<p><img loading=\"lazy\" decoding=\"async\" class=\"aligncenter wp-image-4045 size-large\" src=\"https:\/\/skalnik.pl\/blog\/wp-content\/uploads\/2018\/09\/sklejka-logo-1024x185.png\" alt=\"\" width=\"1024\" height=\"185\" srcset=\"https:\/\/www.skalnik.pl\/blog\/wp-content\/uploads\/2018\/09\/sklejka-logo-1024x185.png 1024w, https:\/\/www.skalnik.pl\/blog\/wp-content\/uploads\/2018\/09\/sklejka-logo-300x54.png 300w, https:\/\/www.skalnik.pl\/blog\/wp-content\/uploads\/2018\/09\/sklejka-logo-768x139.png 768w, https:\/\/www.skalnik.pl\/blog\/wp-content\/uploads\/2018\/09\/sklejka-logo.png 1200w\" sizes=\"auto, (max-width: 1024px) 100vw, 1024px\" \/><\/p>\n","protected":false},"excerpt":{"rendered":"<p>Wywiad z Natali\u0105 Tomasiak &#8211; jedn\u0105 z naszybciej biegaj\u0105cych po g\u00f3rach Polek. Od kilku lat Natalia zalicza si\u0119 do czo\u0142\u00f3wki biegaj\u0105cych w g\u00f3rach kobiet. Startuje i odnosi sukcesy w renomowanych biegach na \u015bwiecie. Jest wszechstronn\u0105 zawodniczk\u0105, kt\u00f3ra startuje w biegach ultra, skyrace, biegach alpejskich i anglosaskich. <\/p>\n","protected":false},"author":8,"featured_media":4047,"comment_status":"open","ping_status":"open","sticky":false,"template":"","format":"standard","meta":{"_acf_changed":false,"footnotes":""},"categories":[220],"tags":[122,94,102,92,192],"magento_category":[193],"magento_product":[],"class_list":["post-4000","post","type-post","status-publish","format-standard","has-post-thumbnail","hentry","category-wywiady","tag-biegi-gorskie","tag-inspiracje","tag-petzl","tag-styl-zycia","tag-wywiad"],"acf":[],"aioseo_notices":[],"aioseo_head":"\n\t\t<!-- All in One SEO 4.9.10 - aioseo.com -->\n\t<meta name=\"description\" content=\"Wywiad z Natali\u0105 Tomasiak - jedn\u0105 z naszybciej biegaj\u0105cych po g\u00f3rach Polek. Od kilku lat Natalia zalicza si\u0119 do czo\u0142\u00f3wki biegaj\u0105cych w g\u00f3rach kobiet. Startuje i odnosi sukcesy w renomowanych biegach na \u015bwiecie. Jest wszechstronn\u0105 zawodniczk\u0105, kt\u00f3ra startuje w biegach ultra, skyrace, biegach alpejskich i anglosaskich.\" \/>\n\t<meta name=\"robots\" content=\"max-image-preview:large\" \/>\n\t<meta name=\"author\" content=\"S\u0142awek Nosal\"\/>\n\t<link rel=\"canonical\" href=\"https:\/\/www.skalnik.pl\/blog\/kazdy-moze-biegac-po-gorach-wywiad-z-natalia-tomasiak\/\" \/>\n\t<meta name=\"generator\" content=\"All in One SEO (AIOSEO) 4.9.10\" \/>\n\t\t<meta property=\"og:locale\" content=\"pl_PL\" \/>\n\t\t<meta property=\"og:site_name\" content=\"blog Skalnik - Blog, porady, artyku\u0142y - blog Skalnik\" \/>\n\t\t<meta property=\"og:type\" content=\"article\" \/>\n\t\t<meta property=\"og:title\" content=\"Ka\u017cdy mo\u017ce biega\u0107 po g\u00f3rach \u2013 wywiad z Natali\u0105 Tomasiak - blog Skalnik\" \/>\n\t\t<meta property=\"og:description\" content=\"Wywiad z Natali\u0105 Tomasiak - jedn\u0105 z naszybciej biegaj\u0105cych po g\u00f3rach Polek. Od kilku lat Natalia zalicza si\u0119 do czo\u0142\u00f3wki biegaj\u0105cych w g\u00f3rach kobiet. Startuje i odnosi sukcesy w renomowanych biegach na \u015bwiecie. Jest wszechstronn\u0105 zawodniczk\u0105, kt\u00f3ra startuje w biegach ultra, skyrace, biegach alpejskich i anglosaskich.\" \/>\n\t\t<meta property=\"og:url\" content=\"https:\/\/www.skalnik.pl\/blog\/kazdy-moze-biegac-po-gorach-wywiad-z-natalia-tomasiak\/\" \/>\n\t\t<meta property=\"og:image\" content=\"https:\/\/skalnik.pl\/blog\/wp-content\/uploads\/2018\/09\/n.tomasiak.jpg\" \/>\n\t\t<meta property=\"og:image:secure_url\" content=\"https:\/\/skalnik.pl\/blog\/wp-content\/uploads\/2018\/09\/n.tomasiak.jpg\" \/>\n\t\t<meta property=\"article:tag\" content=\"wywiady\" \/>\n\t\t<meta property=\"article:tag\" content=\"biegi g\u00f3rskie\" \/>\n\t\t<meta property=\"article:tag\" content=\"inspiracje\" \/>\n\t\t<meta property=\"article:tag\" content=\"petzl\" \/>\n\t\t<meta property=\"article:tag\" content=\"styl \u017cycia\" \/>\n\t\t<meta property=\"article:tag\" content=\"wywiad\" \/>\n\t\t<meta property=\"article:published_time\" content=\"2018-09-25T13:08:09+00:00\" \/>\n\t\t<meta property=\"article:modified_time\" content=\"2019-03-22T12:44:57+00:00\" \/>\n\t\t<meta name=\"twitter:card\" content=\"summary_large_image\" \/>\n\t\t<meta name=\"twitter:title\" content=\"Ka\u017cdy mo\u017ce biega\u0107 po g\u00f3rach \u2013 wywiad z Natali\u0105 Tomasiak - blog Skalnik\" \/>\n\t\t<meta name=\"twitter:description\" content=\"Wywiad z Natali\u0105 Tomasiak - jedn\u0105 z naszybciej biegaj\u0105cych po g\u00f3rach Polek. Od kilku lat Natalia zalicza si\u0119 do czo\u0142\u00f3wki biegaj\u0105cych w g\u00f3rach kobiet. Startuje i odnosi sukcesy w renomowanych biegach na \u015bwiecie. Jest wszechstronn\u0105 zawodniczk\u0105, kt\u00f3ra startuje w biegach ultra, skyrace, biegach alpejskich i anglosaskich.\" \/>\n\t\t<meta name=\"twitter:image\" content=\"https:\/\/skalnik.pl\/blog\/wp-content\/uploads\/2018\/09\/n.tomasiak.jpg\" \/>\n\t\t<script type=\"application\/ld+json\" class=\"aioseo-schema\">\n\t\t\t{\"@context\":\"https:\\\/\\\/schema.org\",\"@graph\":[{\"@type\":\"BlogPosting\",\"@id\":\"https:\\\/\\\/www.skalnik.pl\\\/blog\\\/kazdy-moze-biegac-po-gorach-wywiad-z-natalia-tomasiak\\\/#blogposting\",\"name\":\"Ka\\u017cdy mo\\u017ce biega\\u0107 po g\\u00f3rach \\u2013 wywiad z Natali\\u0105 Tomasiak - blog Skalnik\",\"headline\":\"Ka\\u017cdy mo\\u017ce biega\\u0107 po g\\u00f3rach \\u2013 wywiad z Natali\\u0105 Tomasiak\",\"author\":{\"@id\":\"https:\\\/\\\/www.skalnik.pl\\\/blog\\\/author\\\/slawek-nosal\\\/#author\"},\"publisher\":{\"@id\":\"https:\\\/\\\/www.skalnik.pl\\\/blog\\\/#organization\"},\"image\":{\"@type\":\"ImageObject\",\"url\":\"https:\\\/\\\/www.skalnik.pl\\\/blog\\\/wp-content\\\/uploads\\\/2018\\\/09\\\/ok\\u0142adkaNT..jpg\",\"width\":1920,\"height\":705},\"datePublished\":\"2018-09-25T15:08:09+02:00\",\"dateModified\":\"2019-03-22T13:44:57+02:00\",\"inLanguage\":\"pl-PL\",\"mainEntityOfPage\":{\"@id\":\"https:\\\/\\\/www.skalnik.pl\\\/blog\\\/kazdy-moze-biegac-po-gorach-wywiad-z-natalia-tomasiak\\\/#webpage\"},\"isPartOf\":{\"@id\":\"https:\\\/\\\/www.skalnik.pl\\\/blog\\\/kazdy-moze-biegac-po-gorach-wywiad-z-natalia-tomasiak\\\/#webpage\"},\"articleSection\":\"Wywiady, biegi g\\u00f3rskie, inspiracje, petzl, styl \\u017cycia, wywiad, 1306\"},{\"@type\":\"BreadcrumbList\",\"@id\":\"https:\\\/\\\/www.skalnik.pl\\\/blog\\\/kazdy-moze-biegac-po-gorach-wywiad-z-natalia-tomasiak\\\/#breadcrumblist\",\"itemListElement\":[{\"@type\":\"ListItem\",\"@id\":\"https:\\\/\\\/www.skalnik.pl\\\/blog#listItem\",\"position\":1,\"name\":\"Home\",\"item\":\"https:\\\/\\\/www.skalnik.pl\\\/blog\",\"nextItem\":{\"@type\":\"ListItem\",\"@id\":\"https:\\\/\\\/www.skalnik.pl\\\/blog\\\/.\\\/wywiady\\\/#listItem\",\"name\":\"Wywiady\"}},{\"@type\":\"ListItem\",\"@id\":\"https:\\\/\\\/www.skalnik.pl\\\/blog\\\/.\\\/wywiady\\\/#listItem\",\"position\":2,\"name\":\"Wywiady\",\"item\":\"https:\\\/\\\/www.skalnik.pl\\\/blog\\\/.\\\/wywiady\\\/\",\"nextItem\":{\"@type\":\"ListItem\",\"@id\":\"https:\\\/\\\/www.skalnik.pl\\\/blog\\\/kazdy-moze-biegac-po-gorach-wywiad-z-natalia-tomasiak\\\/#listItem\",\"name\":\"Ka\\u017cdy mo\\u017ce biega\\u0107 po g\\u00f3rach \\u2013 wywiad z Natali\\u0105 Tomasiak\"},\"previousItem\":{\"@type\":\"ListItem\",\"@id\":\"https:\\\/\\\/www.skalnik.pl\\\/blog#listItem\",\"name\":\"Home\"}},{\"@type\":\"ListItem\",\"@id\":\"https:\\\/\\\/www.skalnik.pl\\\/blog\\\/kazdy-moze-biegac-po-gorach-wywiad-z-natalia-tomasiak\\\/#listItem\",\"position\":3,\"name\":\"Ka\\u017cdy mo\\u017ce biega\\u0107 po g\\u00f3rach \\u2013 wywiad z Natali\\u0105 Tomasiak\",\"previousItem\":{\"@type\":\"ListItem\",\"@id\":\"https:\\\/\\\/www.skalnik.pl\\\/blog\\\/.\\\/wywiady\\\/#listItem\",\"name\":\"Wywiady\"}}]},{\"@type\":\"Organization\",\"@id\":\"https:\\\/\\\/www.skalnik.pl\\\/blog\\\/#organization\",\"name\":\"blog Skalnik\",\"description\":\"Blog, porady, artyku\\u0142y - blog Skalnik\",\"url\":\"https:\\\/\\\/www.skalnik.pl\\\/blog\\\/\"},{\"@type\":\"Person\",\"@id\":\"https:\\\/\\\/www.skalnik.pl\\\/blog\\\/author\\\/slawek-nosal\\\/#author\",\"url\":\"https:\\\/\\\/www.skalnik.pl\\\/blog\\\/author\\\/slawek-nosal\\\/\",\"name\":\"S\\u0142awek Nosal\",\"image\":{\"@type\":\"ImageObject\",\"@id\":\"https:\\\/\\\/www.skalnik.pl\\\/blog\\\/kazdy-moze-biegac-po-gorach-wywiad-z-natalia-tomasiak\\\/#authorImage\",\"url\":\"https:\\\/\\\/secure.gravatar.com\\\/avatar\\\/376f39150afcfc713e809ef8313d42dee4210bb1425eaad8153efa8965009197?s=96&d=mm&r=g\",\"width\":96,\"height\":96,\"caption\":\"S\\u0142awek Nosal\"}},{\"@type\":\"WebPage\",\"@id\":\"https:\\\/\\\/www.skalnik.pl\\\/blog\\\/kazdy-moze-biegac-po-gorach-wywiad-z-natalia-tomasiak\\\/#webpage\",\"url\":\"https:\\\/\\\/www.skalnik.pl\\\/blog\\\/kazdy-moze-biegac-po-gorach-wywiad-z-natalia-tomasiak\\\/\",\"name\":\"Ka\\u017cdy mo\\u017ce biega\\u0107 po g\\u00f3rach \\u2013 wywiad z Natali\\u0105 Tomasiak - blog Skalnik\",\"description\":\"Wywiad z Natali\\u0105 Tomasiak - jedn\\u0105 z naszybciej biegaj\\u0105cych po g\\u00f3rach Polek. Od kilku lat Natalia zalicza si\\u0119 do czo\\u0142\\u00f3wki biegaj\\u0105cych w g\\u00f3rach kobiet. Startuje i odnosi sukcesy w renomowanych biegach na \\u015bwiecie. Jest wszechstronn\\u0105 zawodniczk\\u0105, kt\\u00f3ra startuje w biegach ultra, skyrace, biegach alpejskich i anglosaskich.\",\"inLanguage\":\"pl-PL\",\"isPartOf\":{\"@id\":\"https:\\\/\\\/www.skalnik.pl\\\/blog\\\/#website\"},\"breadcrumb\":{\"@id\":\"https:\\\/\\\/www.skalnik.pl\\\/blog\\\/kazdy-moze-biegac-po-gorach-wywiad-z-natalia-tomasiak\\\/#breadcrumblist\"},\"author\":{\"@id\":\"https:\\\/\\\/www.skalnik.pl\\\/blog\\\/author\\\/slawek-nosal\\\/#author\"},\"creator\":{\"@id\":\"https:\\\/\\\/www.skalnik.pl\\\/blog\\\/author\\\/slawek-nosal\\\/#author\"},\"image\":{\"@type\":\"ImageObject\",\"url\":\"https:\\\/\\\/www.skalnik.pl\\\/blog\\\/wp-content\\\/uploads\\\/2018\\\/09\\\/ok\\u0142adkaNT..jpg\",\"@id\":\"https:\\\/\\\/www.skalnik.pl\\\/blog\\\/kazdy-moze-biegac-po-gorach-wywiad-z-natalia-tomasiak\\\/#mainImage\",\"width\":1920,\"height\":705},\"primaryImageOfPage\":{\"@id\":\"https:\\\/\\\/www.skalnik.pl\\\/blog\\\/kazdy-moze-biegac-po-gorach-wywiad-z-natalia-tomasiak\\\/#mainImage\"},\"datePublished\":\"2018-09-25T15:08:09+02:00\",\"dateModified\":\"2019-03-22T13:44:57+02:00\"},{\"@type\":\"WebSite\",\"@id\":\"https:\\\/\\\/www.skalnik.pl\\\/blog\\\/#website\",\"url\":\"https:\\\/\\\/www.skalnik.pl\\\/blog\\\/\",\"name\":\"blog Skalnik\",\"description\":\"Blog, porady, artyku\\u0142y - blog Skalnik\",\"inLanguage\":\"pl-PL\",\"publisher\":{\"@id\":\"https:\\\/\\\/www.skalnik.pl\\\/blog\\\/#organization\"}}]}\n\t\t<\/script>\n\t\t<!-- All in One SEO -->\n\n","aioseo_head_json":{"title":"Ka\u017cdy mo\u017ce biega\u0107 po g\u00f3rach \u2013 wywiad z Natali\u0105 Tomasiak - blog Skalnik","description":"Wywiad z Natali\u0105 Tomasiak - jedn\u0105 z naszybciej biegaj\u0105cych po g\u00f3rach Polek. Od kilku lat Natalia zalicza si\u0119 do czo\u0142\u00f3wki biegaj\u0105cych w g\u00f3rach kobiet. Startuje i odnosi sukcesy w renomowanych biegach na \u015bwiecie. Jest wszechstronn\u0105 zawodniczk\u0105, kt\u00f3ra startuje w biegach ultra, skyrace, biegach alpejskich i anglosaskich.","canonical_url":"https:\/\/www.skalnik.pl\/blog\/kazdy-moze-biegac-po-gorach-wywiad-z-natalia-tomasiak\/","robots":"max-image-preview:large","keywords":"","webmasterTools":{"miscellaneous":""},"schema":{"@context":"https:\/\/schema.org","@graph":[{"@type":"BlogPosting","@id":"https:\/\/www.skalnik.pl\/blog\/kazdy-moze-biegac-po-gorach-wywiad-z-natalia-tomasiak\/#blogposting","name":"Ka\u017cdy mo\u017ce biega\u0107 po g\u00f3rach \u2013 wywiad z Natali\u0105 Tomasiak - blog Skalnik","headline":"Ka\u017cdy mo\u017ce biega\u0107 po g\u00f3rach \u2013 wywiad z Natali\u0105 Tomasiak","author":{"@id":"https:\/\/www.skalnik.pl\/blog\/author\/slawek-nosal\/#author"},"publisher":{"@id":"https:\/\/www.skalnik.pl\/blog\/#organization"},"image":{"@type":"ImageObject","url":"https:\/\/www.skalnik.pl\/blog\/wp-content\/uploads\/2018\/09\/ok\u0142adkaNT..jpg","width":1920,"height":705},"datePublished":"2018-09-25T15:08:09+02:00","dateModified":"2019-03-22T13:44:57+02:00","inLanguage":"pl-PL","mainEntityOfPage":{"@id":"https:\/\/www.skalnik.pl\/blog\/kazdy-moze-biegac-po-gorach-wywiad-z-natalia-tomasiak\/#webpage"},"isPartOf":{"@id":"https:\/\/www.skalnik.pl\/blog\/kazdy-moze-biegac-po-gorach-wywiad-z-natalia-tomasiak\/#webpage"},"articleSection":"Wywiady, biegi g\u00f3rskie, inspiracje, petzl, styl \u017cycia, wywiad, 1306"},{"@type":"BreadcrumbList","@id":"https:\/\/www.skalnik.pl\/blog\/kazdy-moze-biegac-po-gorach-wywiad-z-natalia-tomasiak\/#breadcrumblist","itemListElement":[{"@type":"ListItem","@id":"https:\/\/www.skalnik.pl\/blog#listItem","position":1,"name":"Home","item":"https:\/\/www.skalnik.pl\/blog","nextItem":{"@type":"ListItem","@id":"https:\/\/www.skalnik.pl\/blog\/.\/wywiady\/#listItem","name":"Wywiady"}},{"@type":"ListItem","@id":"https:\/\/www.skalnik.pl\/blog\/.\/wywiady\/#listItem","position":2,"name":"Wywiady","item":"https:\/\/www.skalnik.pl\/blog\/.\/wywiady\/","nextItem":{"@type":"ListItem","@id":"https:\/\/www.skalnik.pl\/blog\/kazdy-moze-biegac-po-gorach-wywiad-z-natalia-tomasiak\/#listItem","name":"Ka\u017cdy mo\u017ce biega\u0107 po g\u00f3rach \u2013 wywiad z Natali\u0105 Tomasiak"},"previousItem":{"@type":"ListItem","@id":"https:\/\/www.skalnik.pl\/blog#listItem","name":"Home"}},{"@type":"ListItem","@id":"https:\/\/www.skalnik.pl\/blog\/kazdy-moze-biegac-po-gorach-wywiad-z-natalia-tomasiak\/#listItem","position":3,"name":"Ka\u017cdy mo\u017ce biega\u0107 po g\u00f3rach \u2013 wywiad z Natali\u0105 Tomasiak","previousItem":{"@type":"ListItem","@id":"https:\/\/www.skalnik.pl\/blog\/.\/wywiady\/#listItem","name":"Wywiady"}}]},{"@type":"Organization","@id":"https:\/\/www.skalnik.pl\/blog\/#organization","name":"blog Skalnik","description":"Blog, porady, artyku\u0142y - blog Skalnik","url":"https:\/\/www.skalnik.pl\/blog\/"},{"@type":"Person","@id":"https:\/\/www.skalnik.pl\/blog\/author\/slawek-nosal\/#author","url":"https:\/\/www.skalnik.pl\/blog\/author\/slawek-nosal\/","name":"S\u0142awek Nosal","image":{"@type":"ImageObject","@id":"https:\/\/www.skalnik.pl\/blog\/kazdy-moze-biegac-po-gorach-wywiad-z-natalia-tomasiak\/#authorImage","url":"https:\/\/secure.gravatar.com\/avatar\/376f39150afcfc713e809ef8313d42dee4210bb1425eaad8153efa8965009197?s=96&d=mm&r=g","width":96,"height":96,"caption":"S\u0142awek Nosal"}},{"@type":"WebPage","@id":"https:\/\/www.skalnik.pl\/blog\/kazdy-moze-biegac-po-gorach-wywiad-z-natalia-tomasiak\/#webpage","url":"https:\/\/www.skalnik.pl\/blog\/kazdy-moze-biegac-po-gorach-wywiad-z-natalia-tomasiak\/","name":"Ka\u017cdy mo\u017ce biega\u0107 po g\u00f3rach \u2013 wywiad z Natali\u0105 Tomasiak - blog Skalnik","description":"Wywiad z Natali\u0105 Tomasiak - jedn\u0105 z naszybciej biegaj\u0105cych po g\u00f3rach Polek. Od kilku lat Natalia zalicza si\u0119 do czo\u0142\u00f3wki biegaj\u0105cych w g\u00f3rach kobiet. Startuje i odnosi sukcesy w renomowanych biegach na \u015bwiecie. Jest wszechstronn\u0105 zawodniczk\u0105, kt\u00f3ra startuje w biegach ultra, skyrace, biegach alpejskich i anglosaskich.","inLanguage":"pl-PL","isPartOf":{"@id":"https:\/\/www.skalnik.pl\/blog\/#website"},"breadcrumb":{"@id":"https:\/\/www.skalnik.pl\/blog\/kazdy-moze-biegac-po-gorach-wywiad-z-natalia-tomasiak\/#breadcrumblist"},"author":{"@id":"https:\/\/www.skalnik.pl\/blog\/author\/slawek-nosal\/#author"},"creator":{"@id":"https:\/\/www.skalnik.pl\/blog\/author\/slawek-nosal\/#author"},"image":{"@type":"ImageObject","url":"https:\/\/www.skalnik.pl\/blog\/wp-content\/uploads\/2018\/09\/ok\u0142adkaNT..jpg","@id":"https:\/\/www.skalnik.pl\/blog\/kazdy-moze-biegac-po-gorach-wywiad-z-natalia-tomasiak\/#mainImage","width":1920,"height":705},"primaryImageOfPage":{"@id":"https:\/\/www.skalnik.pl\/blog\/kazdy-moze-biegac-po-gorach-wywiad-z-natalia-tomasiak\/#mainImage"},"datePublished":"2018-09-25T15:08:09+02:00","dateModified":"2019-03-22T13:44:57+02:00"},{"@type":"WebSite","@id":"https:\/\/www.skalnik.pl\/blog\/#website","url":"https:\/\/www.skalnik.pl\/blog\/","name":"blog Skalnik","description":"Blog, porady, artyku\u0142y - blog Skalnik","inLanguage":"pl-PL","publisher":{"@id":"https:\/\/www.skalnik.pl\/blog\/#organization"}}]},"og:locale":"pl_PL","og:site_name":"blog Skalnik - Blog, porady, artyku\u0142y - blog Skalnik","og:type":"article","og:title":"Ka\u017cdy mo\u017ce biega\u0107 po g\u00f3rach \u2013 wywiad z Natali\u0105 Tomasiak - blog Skalnik","og:description":"Wywiad z Natali\u0105 Tomasiak - jedn\u0105 z naszybciej biegaj\u0105cych po g\u00f3rach Polek. Od kilku lat Natalia zalicza si\u0119 do czo\u0142\u00f3wki biegaj\u0105cych w g\u00f3rach kobiet. Startuje i odnosi sukcesy w renomowanych biegach na \u015bwiecie. Jest wszechstronn\u0105 zawodniczk\u0105, kt\u00f3ra startuje w biegach ultra, skyrace, biegach alpejskich i anglosaskich.","og:url":"https:\/\/www.skalnik.pl\/blog\/kazdy-moze-biegac-po-gorach-wywiad-z-natalia-tomasiak\/","og:image":"https:\/\/skalnik.pl\/blog\/wp-content\/uploads\/2018\/09\/n.tomasiak.jpg","og:image:secure_url":"https:\/\/skalnik.pl\/blog\/wp-content\/uploads\/2018\/09\/n.tomasiak.jpg","article:tag":["wywiady","biegi g\u00f3rskie","inspiracje","petzl","styl \u017cycia","wywiad"],"article:published_time":"2018-09-25T13:08:09+00:00","article:modified_time":"2019-03-22T12:44:57+00:00","twitter:card":"summary_large_image","twitter:title":"Ka\u017cdy mo\u017ce biega\u0107 po g\u00f3rach \u2013 wywiad z Natali\u0105 Tomasiak - blog Skalnik","twitter:description":"Wywiad z Natali\u0105 Tomasiak - jedn\u0105 z naszybciej biegaj\u0105cych po g\u00f3rach Polek. Od kilku lat Natalia zalicza si\u0119 do czo\u0142\u00f3wki biegaj\u0105cych w g\u00f3rach kobiet. Startuje i odnosi sukcesy w renomowanych biegach na \u015bwiecie. Jest wszechstronn\u0105 zawodniczk\u0105, kt\u00f3ra startuje w biegach ultra, skyrace, biegach alpejskich i anglosaskich.","twitter:image":"https:\/\/skalnik.pl\/blog\/wp-content\/uploads\/2018\/09\/n.tomasiak.jpg"},"aioseo_meta_data":{"post_id":"4000","title":null,"description":null,"keywords":[{"label":"biegi g\u00f3rskie","value":"biegi g\u00f3rskie"},{"label":"natalia tomasiak","value":"natalia tomasiak"},{"label":"wywiad","value":"wywiad"},{"label":"salomon suunto team","value":"salomon suunto team"},{"label":"petzl","value":"petzl"},{"label":"biegi ultra","value":"biegi ultra"}],"keyphrases":null,"primary_term":null,"canonical_url":null,"og_title":null,"og_description":null,"og_object_type":"default","og_image_type":"default","og_image_url":null,"og_image_width":null,"og_image_height":null,"og_image_custom_url":null,"og_image_custom_fields":null,"og_video":null,"og_custom_url":null,"og_article_section":null,"og_article_tags":null,"twitter_use_og":false,"twitter_card":"default","twitter_image_type":"default","twitter_image_url":null,"twitter_image_custom_url":null,"twitter_image_custom_fields":null,"twitter_title":null,"twitter_description":null,"schema":{"blockGraphs":[],"customGraphs":[],"default":{"data":{"Article":[],"Course":[],"Dataset":[],"FAQPage":[],"Movie":[],"Person":[],"Product":[],"ProductReview":[],"Car":[],"Recipe":[],"Service":[],"SoftwareApplication":[],"WebPage":[]},"graphName":"BlogPosting","isEnabled":true},"graphs":[]},"schema_type":"default","schema_type_options":null,"pillar_content":false,"robots_default":true,"robots_noindex":false,"robots_noarchive":false,"robots_nosnippet":false,"robots_nofollow":false,"robots_noimageindex":false,"robots_noodp":false,"robots_notranslate":false,"robots_max_snippet":null,"robots_max_videopreview":null,"robots_max_imagepreview":"large","priority":null,"frequency":null,"local_seo":null,"breadcrumb_settings":null,"limit_modified_date":false,"ai":null,"created":"2022-08-26 09:53:00","updated":"2026-02-17 21:25:29","seo_analyzer_scan_date":null},"aioseo_breadcrumb":"<div class=\"aioseo-breadcrumbs\"><span class=\"aioseo-breadcrumb\">\n\t\t\t<a href=\"https:\/\/www.skalnik.pl\/blog\" title=\"Home\">Home<\/a>\n\t\t<\/span><span class=\"aioseo-breadcrumb-separator\">&raquo;<\/span><span class=\"aioseo-breadcrumb\">\n\t\t\t<a href=\"https:\/\/www.skalnik.pl\/blog\/.\/wywiady\/\" title=\"Wywiady\">Wywiady<\/a>\n\t\t<\/span><span class=\"aioseo-breadcrumb-separator\">&raquo;<\/span><span class=\"aioseo-breadcrumb\">\n\t\t\tKa\u017cdy mo\u017ce biega\u0107 po g\u00f3rach \u2013 wywiad z Natali\u0105 Tomasiak\n\t\t<\/span><\/div>","aioseo_breadcrumb_json":[{"label":"Home","link":"https:\/\/www.skalnik.pl\/blog"},{"label":"Wywiady","link":"https:\/\/www.skalnik.pl\/blog\/.\/wywiady\/"},{"label":"Ka\u017cdy mo\u017ce biega\u0107 po g\u00f3rach \u2013 wywiad z Natali\u0105 Tomasiak","link":"https:\/\/www.skalnik.pl\/blog\/kazdy-moze-biegac-po-gorach-wywiad-z-natalia-tomasiak\/"}],"_links":{"self":[{"href":"https:\/\/www.skalnik.pl\/blog\/wp-json\/wp\/v2\/posts\/4000","targetHints":{"allow":["GET"]}}],"collection":[{"href":"https:\/\/www.skalnik.pl\/blog\/wp-json\/wp\/v2\/posts"}],"about":[{"href":"https:\/\/www.skalnik.pl\/blog\/wp-json\/wp\/v2\/types\/post"}],"author":[{"embeddable":true,"href":"https:\/\/www.skalnik.pl\/blog\/wp-json\/wp\/v2\/users\/8"}],"replies":[{"embeddable":true,"href":"https:\/\/www.skalnik.pl\/blog\/wp-json\/wp\/v2\/comments?post=4000"}],"version-history":[{"count":39,"href":"https:\/\/www.skalnik.pl\/blog\/wp-json\/wp\/v2\/posts\/4000\/revisions"}],"predecessor-version":[{"id":6123,"href":"https:\/\/www.skalnik.pl\/blog\/wp-json\/wp\/v2\/posts\/4000\/revisions\/6123"}],"wp:featuredmedia":[{"embeddable":true,"href":"https:\/\/www.skalnik.pl\/blog\/wp-json\/wp\/v2\/media\/4047"}],"wp:attachment":[{"href":"https:\/\/www.skalnik.pl\/blog\/wp-json\/wp\/v2\/media?parent=4000"}],"wp:term":[{"taxonomy":"category","embeddable":true,"href":"https:\/\/www.skalnik.pl\/blog\/wp-json\/wp\/v2\/categories?post=4000"},{"taxonomy":"post_tag","embeddable":true,"href":"https:\/\/www.skalnik.pl\/blog\/wp-json\/wp\/v2\/tags?post=4000"},{"taxonomy":"magento_category","embeddable":true,"href":"https:\/\/www.skalnik.pl\/blog\/wp-json\/wp\/v2\/magento_category?post=4000"},{"taxonomy":"magento_product","embeddable":true,"href":"https:\/\/www.skalnik.pl\/blog\/wp-json\/wp\/v2\/magento_product?post=4000"}],"curies":[{"name":"wp","href":"https:\/\/api.w.org\/{rel}","templated":true}]}}