{"id":4061,"date":"2018-09-28T12:50:08","date_gmt":"2018-09-28T10:50:08","guid":{"rendered":"https:\/\/skalnik.pl\/blog\/?p=4061"},"modified":"2021-05-07T13:13:02","modified_gmt":"2021-05-07T11:13:02","slug":"przewodnicy-maja-obcyk-w-terenie-nie-zawioda-jako-partner-wywiad-z-mackiem-ciesielskim","status":"publish","type":"post","link":"https:\/\/www.skalnik.pl\/blog\/przewodnicy-maja-obcyk-w-terenie-nie-zawioda-jako-partner-wywiad-z-mackiem-ciesielskim\/","title":{"rendered":"Przewodnicy maj\u0105 &#8222;obcyk&#8221; w terenie, nie zawiod\u0105 jako partner &#8211; wywiad"},"content":{"rendered":"<p><b>Na Festiwalu G\u00f3rskim w L\u0105dku-Zdroju pi\u0119ciu nowych przewodnik\u00f3w\u00a0IVBV\/UIAGM\/ IFMGA z Polski odebra\u0142o &#8222;blachy&#8221; przewodnickie. Mi\u0119dzynarodowych Przewodnik\u00f3w Wysokog\u00f3rskich w<\/b><b>\u00a0naszym kraju jest mniej wi\u0119cej czterdziestu. To przewodnicy wysokog\u00f3rscy z Polski, kt\u00f3rzy mog\u0105 zajmowa\u0107 si\u0119 technicznym przewodnictwem w krajach alpejskich, na S\u0142owacji i wielu innych pa\u0144stwach na \u015bwiecie. Maciek Ciesielski jest Mi\u0119dzynarodowym Przewodnikiem Wysokog\u00f3rskim od 2012 r. Jako alpinista wytyczy\u0142 wiele nowych dr\u00f3g. Wiele pierwszych polskich powt\u00f3rze\u0144 trudnych linii wspinaczkowych nale\u017cy do niego. Wspina\u0142 si\u0119 na Grenlandii, w Yosemitach, Patagonii, Kanadzie, Himalajach i Karakorum, gdzie z przyjaci\u00f3\u0142mi zdoby\u0142 jedn\u0105 z najtrudniejszych turni \u015bwiata \u2013 Nameless Trango Tower.<\/b><\/p>\n<p style=\"text-align: center;\">*<\/p>\n<p><b>Francuzi chc\u0105 wprowadzi\u0107 limity na Mont Blanc, chc\u0105 \u017ceby g\u00f3r\u0119 mog\u0142y zdobywa\u0107 tylko te osoby, kt\u00f3re maj\u0105 rezerwacj\u0119 w schroniskach. Jak my\u015blisz, czy to jest dobry pomys\u0142? <\/b><\/p>\n<p>Trudno powiedzie\u0107. Zdaniem przewodnik\u00f3w, kt\u00f3rzy tam pracuj\u0105, za du\u017co to nie zmieni. Najprawdopodobniej sprowadzi si\u0119 to do tego, \u017ce nie b\u0119dzie takich sytuacji, do jakich dochodzi\u0142o w tym roku, \u017ce osoby bez rezerwacji przychodzi\u0142y do schroniska Gouter. Rozmawia\u0142em z wieloma osobami o tym i pogl\u0105d jest raczej taki, \u017ce Francuzi nie b\u0119d\u0105 w stanie jakkolwiek regulowa\u0107 ca\u0142ego ruchu. Na przyk\u0142ad osoby, kt\u00f3re b\u0119d\u0105 chcia\u0142y spa\u0107 w schronisku lub na polu namiotowym w Tete Rousse i b\u0119d\u0105 wychodzi\u0107 o 2 w nocy \u2013 kto ich skontroluje? Nie wierz\u0119, \u017ce b\u0119dzie tam przez ca\u0142\u0105 dob\u0119 sta\u0142 \u017candarm i sprawdza\u0142 rezerwacj\u0119.<\/p>\n<p>Najprawdopodobniej to si\u0119 sprowadzi do tego, \u017ce ci, kt\u00f3rzy id\u0105 w dzie\u0144 w kierunku Gouter, b\u0119d\u0105 proszeni o okazanie rezerwacji, a je\u017celi nie b\u0119d\u0105 jej mieli, to b\u0119d\u0105 zawracani. Chyba \u017ce b\u0119dzie po nich wida\u0107, \u017ce s\u0105 gotowi na jednodniowe wej\u015bcie, \u017ce s\u0105 ubrani jak biegacze. Ale biegacze te\u017c o tej porze ju\u017c s\u0105 u g\u00f3ry, du\u017co wy\u017cej. My\u015bl\u0119, \u017ce to nic nie zmieni. Jest to taka kaczka dziennikarska, kt\u00f3r\u0105 nag\u0142o\u015bniono w okresie, kiedy nic si\u0119 ju\u017c nie dzia\u0142o. Prasa w Chamonix du\u017co pisa\u0142a o limitach, ale bardziej to si\u0119 sprowadza do tej kwestii, \u017ce osoby z Europy Wschodniej \u2013 tak\u017ce z Polski \u2013 nie respektowa\u0142y zasad francuskich, \u017ce do schronisk przychodzi si\u0119 z rezerwacj\u0105.<\/p>\n<p>By\u0142y takie skandaliczne sytuacje pod koniec tego sezonu, \u017ce przychodzili ludzie do schroniska, nie mieli rezerwacji i nie chcieli si\u0119 podporz\u0105dkowa\u0107. To nie by\u0142o nawet tak, \u017ce chatar chcia\u0142 ich wyrzuci\u0107. M\u00f3wi\u0142 im, gdzie mog\u0105 si\u0119 po\u0142o\u017cy\u0107. Oni oczywi\u015bcie nie chcieli za nocleg zap\u0142aci\u0107, uwa\u017cali, \u017ce skoro le\u017c\u0105 na pod\u0142odze to nic nie musz\u0105 robi\u0107. Wed\u0142ug mnie to by\u0142o bezpo\u015bredni\u0105 przyczyn\u0105. Tym bardziej, \u017ce taki najwi\u0119kszy problem zdarzy\u0142 si\u0119 w\u0142a\u015bnie z polsk\u0105 grup\u0105, na dwa dni przed tym komunikatem. Wiemy o tym z bezpo\u015bredniej rozmowy z chatarem z Gouter, kt\u00f3ry jest znajomym przewodnik\u00f3w. Sytuacja na tyle go zbulwersowa\u0142a, \u017ce zjecha\u0142 do miasta i spotka\u0142 si\u0119 z merem. Moim zdaniem to jest bezpo\u015brednia przyczyna komunikatu, a wszystko b\u0119dzie toczy\u0107 si\u0119 jak w tym roku, kiedy kontrolowano rezerwacje do Gouter.<\/p>\n<p><b><br \/>\nWej\u015bcia od w\u0142oskiej strony nie stan\u0105 si\u0119 z tego powodu zatem popularniejsze?<\/b><\/p>\n<p>W\u0142oska strona jest bardziej skomplikowana. Jest tam d\u0142u\u017csza droga, a okres, w kt\u00f3rym s\u0105 na niej dobre warunki jest kr\u00f3tszy. W pewnym momencie zaczynaj\u0105 si\u0119 tam robi\u0107 szczeliny i trudno jest przej\u015b\u0107 przez t\u0119 drog\u0119. Jest ona r\u00f3wnie\u017c trudniejsza technicznie. A przede wszystkim najwi\u0119ksz\u0105 zalet\u0105 Gouter jest to, \u017ce nawet po za\u0142amaniu pogody, droga bardzo szybko nadaje si\u0119 do przej\u015bcia. Od strony francuskiej wej\u015b\u0107 na szczyt pr\u00f3buje du\u017co os\u00f3b, st\u0105d droga jest relatywnie \u0142atwa. Po za\u0142amaniu pogody, od w\u0142oskiej strony nie ma komu przedrepta\u0107 tej \u015bcie\u017cki, bo jest tam mniejszy ruch. Z drugiej strony jest to bardzo popularna droga w\u015br\u00f3d polskich tzw. \u201cczarnych przewodnik\u00f3w\u201d, bo wiedz\u0105 oni, \u017ce jest tam mniejsza szansa na jak\u0105kolwiek kontrol\u0119. \u201cCzarni przewodnicy\u201d bardzo cz\u0119sto wi\u0119c chodz\u0105 na szczyt z w\u0142oskiej strony.<\/p>\n<div id=\"attachment_4087\" style=\"width: 962px\" class=\"wp-caption aligncenter\"><img loading=\"lazy\" decoding=\"async\" aria-describedby=\"caption-attachment-4087\" class=\"wp-image-4087 size-full\" title=\"Maciek ciesielski AllMountains\" src=\"https:\/\/skalnik.pl\/blog\/wp-content\/uploads\/2018\/09\/18813290_1403052876450672_3710720309792626590_n-e1538059784320.jpg\" alt=\"Maciek ciesielski alpinist\" width=\"952\" height=\"511\" srcset=\"https:\/\/www.skalnik.pl\/blog\/wp-content\/uploads\/2018\/09\/18813290_1403052876450672_3710720309792626590_n-e1538059784320.jpg 952w, https:\/\/www.skalnik.pl\/blog\/wp-content\/uploads\/2018\/09\/18813290_1403052876450672_3710720309792626590_n-e1538059784320-300x161.jpg 300w, https:\/\/www.skalnik.pl\/blog\/wp-content\/uploads\/2018\/09\/18813290_1403052876450672_3710720309792626590_n-e1538059784320-768x412.jpg 768w\" sizes=\"auto, (max-width: 952px) 100vw, 952px\" \/><p id=\"caption-attachment-4087\" class=\"wp-caption-text\">Prowadz\u0105c kolejny wyci\u0105g (fot. FB AllMountains-Maciek Ciesielski)<\/p><\/div>\n<p><b>Od jednego z przewodnik\u00f3w IVBV s\u0142ysza\u0142em, \u017ce w\u015br\u00f3d francuskich \u017candarm\u00f3w popularny by\u0142 dowcip: \u201cCo to s\u0105 trzy lampki na lodowcu?\u201d Odpowied\u017a brzmi pi\u0119ciu Polak\u00f3w. Czy to si\u0119 troch\u0119 poprawi\u0142o, czy Czesi i Polacy maj\u0105 nadal niezbyt dobr\u0105 renom\u0119 pod Mont Blanc?<\/b><\/p>\n<p>Mam wra\u017cenie, \u017ce wszystko si\u0119 zmienia ku lepszemu. Oczywi\u015bcie dalej jest taka nasza tendencja, by \u0142ama\u0107 regu\u0142y i zasady. Ci\u0105gle jeste\u015bmy jedn\u0105 z najbardziej \u201cpopularnych\u201d nacji, kt\u00f3ra \u015bpi w na przyk\u0142ad w schronie alarmowym Vallot. W tym miejscu nie powinno planowa\u0107 si\u0119 noclegu. Jest to miejsce na nocleg awaryjny. Nie jest to przyjemne, jak si\u0119 wchodzi do tego schronu i jest tam \u015bmieci po kolana, i wi\u0119kszo\u015b\u0107, a przynajmniej po\u0142owa tych \u015bmieci, ma polskie napisy tudzie\u017c nawet flagi. Rozumowanie niekt\u00f3rych naszych rodak\u00f3w, jest takie: \u201ctu jest taniej, nie musz\u0119 p\u0142aci\u0107\u201d, \u201cbo Francuzi chc\u0105 ze mnie zedrze\u0107\u201d&#8230; ale wydaje mi si\u0119, \u017ce pod tym wzgl\u0119dem to si\u0119 poma\u0142u zmienia.<\/p>\n<p>Z drugiej strony jest coraz wi\u0119ksza ilo\u015b\u0107 kurs\u00f3w w Polsce. Polacy lubi\u0105 robi\u0107 te kursy i to sprawia, \u017ce nasz poziom staje si\u0119 wy\u017cszy od przeci\u0119tnego turysty alpejskiego. Du\u017co ludzi bardzo sprawnie si\u0119 porusza i naprawd\u0119 fajnie to wygl\u0105da. Coraz wi\u0119cej jest os\u00f3b, kt\u00f3re w Alpy je\u017cd\u017c\u0105 z g\u0142ow\u0105 i pr\u00f3buj\u0105 zdoby\u0107 Mont Blanc samodzielnie. Coraz wi\u0119cej os\u00f3b te\u017c przestaje traktowa\u0107 jako ujm\u0119 to, \u017ce korzystaj\u0105 z pomocy przewodnik\u00f3w.<\/p>\n<div class=\"page_gallery\">\n\n\t\t<style type=\"text\/css\">\n\t\t\t#gallery-1 {\n\t\t\t\tmargin: auto;\n\t\t\t}\n\t\t\t#gallery-1 .gallery-item {\n\t\t\t\tfloat: left;\n\t\t\t\tmargin-top: 10px;\n\t\t\t\ttext-align: center;\n\t\t\t\twidth: 33%;\n\t\t\t}\n\t\t\t#gallery-1 img {\n\t\t\t\tborder: 2px solid #cfcfcf;\n\t\t\t}\n\t\t\t#gallery-1 .gallery-caption {\n\t\t\t\tmargin-left: 0;\n\t\t\t}\n\t\t\t\/* see gallery_shortcode() in wp-includes\/media.php *\/\n\t\t<\/style>\n\t\t<div id='gallery-1' class='gallery galleryid-4061 gallery-columns-3 gallery-size-large'><dl class='gallery-item'>\n\t\t\t<dt class='gallery-icon landscape'>\n\t\t\t\t<img loading=\"lazy\" decoding=\"async\" width=\"1024\" height=\"683\" src=\"https:\/\/www.skalnik.pl\/blog\/wp-content\/uploads\/2018\/09\/DSC08226-1024x683.jpg\" class=\"attachment-large size-large\" alt=\"\" aria-describedby=\"gallery-1-4077\" srcset=\"https:\/\/www.skalnik.pl\/blog\/wp-content\/uploads\/2018\/09\/DSC08226-1024x683.jpg 1024w, https:\/\/www.skalnik.pl\/blog\/wp-content\/uploads\/2018\/09\/DSC08226-300x200.jpg 300w, https:\/\/www.skalnik.pl\/blog\/wp-content\/uploads\/2018\/09\/DSC08226-768x512.jpg 768w, https:\/\/www.skalnik.pl\/blog\/wp-content\/uploads\/2018\/09\/DSC08226.jpg 1800w\" sizes=\"auto, (max-width: 1024px) 100vw, 1024px\" \/>\n\t\t\t<\/dt>\n\t\t\t\t<dd class='wp-caption-text gallery-caption' id='gallery-1-4077'>\n\t\t\t\tWarszty z autoratownictwa na Festiwalu G\u00f3rskim w L\u0105dku-Zdroju.\n\t\t\t\t<\/dd><\/dl><dl class='gallery-item'>\n\t\t\t<dt class='gallery-icon landscape'>\n\t\t\t\t<img loading=\"lazy\" decoding=\"async\" width=\"1024\" height=\"644\" src=\"https:\/\/www.skalnik.pl\/blog\/wp-content\/uploads\/2018\/09\/DSC08241-1024x644.jpg\" class=\"attachment-large size-large\" alt=\"\" aria-describedby=\"gallery-1-4083\" srcset=\"https:\/\/www.skalnik.pl\/blog\/wp-content\/uploads\/2018\/09\/DSC08241-1024x644.jpg 1024w, https:\/\/www.skalnik.pl\/blog\/wp-content\/uploads\/2018\/09\/DSC08241-300x189.jpg 300w, https:\/\/www.skalnik.pl\/blog\/wp-content\/uploads\/2018\/09\/DSC08241-768x483.jpg 768w, https:\/\/www.skalnik.pl\/blog\/wp-content\/uploads\/2018\/09\/DSC08241.jpg 1771w\" sizes=\"auto, (max-width: 1024px) 100vw, 1024px\" \/>\n\t\t\t<\/dt>\n\t\t\t\t<dd class='wp-caption-text gallery-caption' id='gallery-1-4083'>\n\t\t\t\tBogus\u0142aw Kowalski i Maciek Ciesielski prowadz\u0105 warsztaty Petzl.\n\t\t\t\t<\/dd><\/dl><dl class='gallery-item'>\n\t\t\t<dt class='gallery-icon landscape'>\n\t\t\t\t<img loading=\"lazy\" decoding=\"async\" width=\"1024\" height=\"682\" src=\"https:\/\/www.skalnik.pl\/blog\/wp-content\/uploads\/2018\/09\/DSC08030-1024x682.jpg\" class=\"attachment-large size-large\" alt=\"\" aria-describedby=\"gallery-1-4084\" srcset=\"https:\/\/www.skalnik.pl\/blog\/wp-content\/uploads\/2018\/09\/DSC08030-1024x682.jpg 1024w, https:\/\/www.skalnik.pl\/blog\/wp-content\/uploads\/2018\/09\/DSC08030-300x200.jpg 300w, https:\/\/www.skalnik.pl\/blog\/wp-content\/uploads\/2018\/09\/DSC08030-768x511.jpg 768w, https:\/\/www.skalnik.pl\/blog\/wp-content\/uploads\/2018\/09\/DSC08030.jpg 1821w\" sizes=\"auto, (max-width: 1024px) 100vw, 1024px\" \/>\n\t\t\t<\/dt>\n\t\t\t\t<dd class='wp-caption-text gallery-caption' id='gallery-1-4084'>\n\t\t\t\tNowi przewodnicy wysiokog\u00f3rscy i starsi sta\u017cem koledzy. L\u0105dek-Zdr\u00f3j. \n\t\t\t\t<\/dd><\/dl><br style=\"clear: both\" \/>\n\t\t<\/div>\n\n<\/div>\n<p><b>Widzisz taki kierunek? <\/b><\/p>\n<p>Tak. Na t\u0119 zmian\u0119 wp\u0142ywa fakt, \u017ce przewodnicy ze swymi go\u015b\u0107mi robi\u0105 te\u017c bardzo trudne drogi. To nie jest tak, \u017ce wyj\u015bcie z przewodnikiem to tylko \u0142atwe rzeczy. Zmienia si\u0119 w ludziach mentalno\u015b\u0107. Cz\u0119\u015b\u0107 ludzi w rozmowach ze mn\u0105 m\u00f3wi: \u201cS\u0142uchaj ja prowadz\u0119 biznes. Jak potrzebuj\u0119 do czego\u015b prawnika staram si\u0119 znale\u017a\u0107 najlepszego. Je\u017celi chc\u0119 prze\u017cy\u0107 przygod\u0119 w g\u00f3rach i nie mam czasu, \u017ceby nauczy\u0107 si\u0119 samemu to zrobi\u0107, staram si\u0119 wzi\u0105\u0107 najlepszego eksperta\u201d.<\/p>\n<p>Ci\u0105gle jest jeszcze taka du\u017ca grupa ludzi, kt\u00f3ra woli wybra\u0107 tzw. \u201cwyprawy partnerskie\u201d. Im wydaje si\u0119, \u017ce to jest bardziej samodzielne. Koniec ko\u0144c\u00f3w to sprowadza si\u0119 te\u017c do przewodnictwa tylko z kim\u015b, kto jest nieprofesjonalny. Oczywi\u015bcie dla cz\u0119\u015bci ludzi argumentem jest te\u017c sprawa finansowa, chocia\u017c coraz cz\u0119\u015bciej r\u00f3\u017cnica stawek profesjonalnych <i>guide\u2019\u00f3w<\/i> i ich ofert i stawek ludzi podszywaj\u0105cych si\u0119 za przewodnik\u00f3w jest znikoma.<br \/>\n<b><br \/>\n\u201cCzarne przewodnictwo\u201d to jest problem kilku nacji, czy to problem bardziej powszechny? <\/b><\/p>\n<p>Zdecydowanie przoduj\u0105 w tym nacje z by\u0142ego bloku wschodniego. Problem le\u017cy te\u017c w tym, \u017ce w krajach alpejskich kluby \u2013 odpowiednik naszego Polskiego Zwi\u0105zku Alpinizmu \u2013 interesuj\u0105 si\u0119 te\u017c turystami. U nas w PZA zrzeszeni s\u0105 przede wszystkim wspinacze. Pozostaje du\u017ca gama turyst\u00f3w, kt\u00f3rzy za bardzo nie maj\u0105 co ze sob\u0105 zrobi\u0107. Nie chc\u0105 by\u0107 w PTTK, bo to nie jest ten temat, ale nie nadaj\u0105 si\u0119, czy nie chc\u0105 by\u0107 w \u201cpezecie\u201d aktualnej, takiej jak wygl\u0105da ona teraz. W\u0142a\u015bnie tymi lud\u017ami zaj\u0119\u0142y si\u0119 wszystkie mo\u017cliwe polskie kluby i stowarzyszenia, podszywaj\u0105ce si\u0119 pod dzia\u0142alno\u015b\u0107 klubow\u0105. Tak naprawd\u0119 tylko pod przykrywk\u0105 dzia\u0142alno\u015bci klubowej wykonuj\u0105 one \u201cczarne przewodnictwo\u201d lub wyprawy partnerskie. Wok\u00f3\u0142 tego buduje si\u0119 otoczk\u0119, \u017ce to jest klub i dzia\u0142anie w klubie. Problem w tym, \u017ce dzia\u0142anie w klubie nie powinno sprowadza\u0107 si\u0119 do tego, \u017ce si\u0119 p\u0142aci. Tam si\u0119 niby p\u0142aci za pokrycie koszt\u00f3w prowadz\u0105cych, ale tak naprawd\u0119 nie o to chodzi, a wszyscy wiedz\u0105, na jakiej zasadzie to dzia\u0142a. Jest to po prostu obej\u015bcie systemu.<\/p>\n<p><b><br \/>\nPowiedz mi, jak wielu klient\u00f3w wybiera mniej popularne szczyty. Staje si\u0119 to bardziej powszechne, czy nadal wi\u0119kszo\u015b\u0107 chce zdobywa\u0107 z przewodnikiem najwy\u017csze i najbardziej popularne cele?<\/b><\/p>\n<p>Najbardziej popularne s\u0105 najwy\u017csze szczyty. W Tatrach Gerlach, w Austrii cz\u0119sto chodzimy na Grosglockner, w Alpach na Mont Blanc, ale cz\u0119sto po tym pierwszym kontakcie i zdobyciu wi\u0119kszej g\u00f3ry, ludzie s\u0105 zainteresowani czym\u015b innym, widz\u0105 inne cele. Wtedy przychodzi czas na g\u00f3ry mniej popularne, cz\u0119sto te\u017c trudniejsze technicznie i bardzo \u0142adne.<\/p>\n<p>Ja w og\u00f3le mam dosy\u0107 du\u017ce szcz\u0119\u015bcie i teraz specjalizuj\u0119 si\u0119 g\u0142\u00f3wnie we wspinaniu. Bardzo ma\u0142o chodz\u0119 na cele typu najwy\u017cszy szczyt. W\u0142a\u015bciwie ca\u0142y sezon w tym roku wspina\u0142em si\u0119 i uda\u0142o mi si\u0119 przewspina\u0107 jako przewodnik ponad 500 wyci\u0105g\u00f3w w trzy miesi\u0105ce. Wspinam si\u0119 bardzo cz\u0119sto na d\u0142ugich drogach, pi\u0119\u0107set metrowych i d\u0142u\u017cszych, i to w fajnych trudno\u015bciach rz\u0119du 7a, 7a+. S\u0105 ludzie, kt\u00f3rzy chc\u0105 co\u015b takiego robi\u0107. Cz\u0119sto s\u0105 to doskonali wspinacze, kt\u00f3rzy z przyczyn czysto zawodowych maj\u0105 bardzo ma\u0142o czasu i chc\u0105 bardzo dobrze wykorzysta\u0107 sw\u00f3j urlop. Tacy ludzie decyduj\u0105 si\u0119 na wspinanie z przewodnikiem, kt\u00f3ry zna realia, wie jakie panuj\u0105 warunki, gdzie jest dobre w tym roku podej\u015bcie na lodowcu, a gdzie z\u0142e. Przewodnicy maj\u0105 &#8222;obcyk&#8221; w terenie, nie zawiod\u0105 jako partner. Tacy ludzie maj\u0105 powiedzmy cztery dni i chc\u0105 wspi\u0105\u0107 cztery drogi, a nie przyjecha\u0107 z koleg\u0105 na dziesi\u0119\u0107 dni i wspi\u0105\u0107 jedn\u0105 drog\u0119, bo b\u0119d\u0105 p\u0142aci\u0107 frycowe. Na szcz\u0119\u015bcie dla mnie, to si\u0119 bardzo rozwija i z roku na rok jest wi\u0119cej os\u00f3b, kt\u00f3re chc\u0105 si\u0119 wspina\u0107 po trudnym z przewodnikiem. Osobi\u015bcie bardzo mnie to cieszy.<\/p>\n<div id=\"attachment_4069\" style=\"width: 795px\" class=\"wp-caption aligncenter\"><img loading=\"lazy\" decoding=\"async\" aria-describedby=\"caption-attachment-4069\" class=\"wp-image-4069 \" src=\"https:\/\/skalnik.pl\/blog\/wp-content\/uploads\/2018\/09\/21761548_1518240394931919_3200279983403657560_n.jpg\" alt=\"\" width=\"785\" height=\"523\" srcset=\"https:\/\/www.skalnik.pl\/blog\/wp-content\/uploads\/2018\/09\/21761548_1518240394931919_3200279983403657560_n.jpg 720w, https:\/\/www.skalnik.pl\/blog\/wp-content\/uploads\/2018\/09\/21761548_1518240394931919_3200279983403657560_n-300x200.jpg 300w\" sizes=\"auto, (max-width: 785px) 100vw, 785px\" \/><p id=\"caption-attachment-4069\" class=\"wp-caption-text\">(fot. FB AllMountains-Maciek Ciesielski)<\/p><\/div>\n<p><b>Dla samych przewodnik\u00f3w to brzmi optymistycznie, bo nie musicie depta\u0107 w k\u00f3\u0142ko z klientami tych samych szczyt\u00f3w.<\/b><\/p>\n<p>Wiesz, tak naprawd\u0119 ka\u017cdemu jego Everest. S\u0105 przewodnicy, kt\u00f3rzy w\u0142a\u015bnie lubi\u0105 chodzi\u0107 na te \u0142atwiejsze szczyty. Ma si\u0119 go\u015bci, kt\u00f3rzy chc\u0105 wej\u015b\u0107 na najwy\u017cszy szczyt i s\u0105 typami kolekcjoner\u00f3w. S\u0105 go\u015bcie, kt\u00f3rzy chc\u0105 wej\u015b\u0107 na naj\u0142adniejszy szczyt, a s\u0105 te\u017c go\u015bcie, kt\u00f3rzy chc\u0105 zdoby\u0107 trudn\u0105 drog\u0119 i to im sprawia satysfakcj\u0119. Przede wszystkim nie lubi\u0119 s\u0142owa klient, uwa\u017cam \u017ce w Polsce ono \u017ale si\u0119 kojarzy. Wol\u0119 podej\u015bcie, \u017ce to s\u0105 go\u015bcie, kt\u00f3rzy do mnie przyje\u017cd\u017caj\u0105 zdobywa\u0107 ze mn\u0105 g\u00f3ry. Ja ich zapraszam do siebie, bior\u0119 ich w swoje g\u00f3ry i im te g\u00f3ry pokazuj\u0119.<\/p>\n<p>Jest bardzo du\u017co os\u00f3b, kt\u00f3re uczciwie trenuj\u0105. Mam kilku go\u015bci, kt\u00f3rzy przyje\u017cd\u017caj\u0105 do mnie regularnie. Na co dzie\u0144 chodz\u0105 po dwa razy, trzy razy w tygodniu na \u015bciank\u0119 wspinaczkow\u0105, na sekcj\u0119. Sami w ska\u0142kach wspinaj\u0105 si\u0119 i s\u0105 samodzielni, a mnie potrzebuj\u0105 na trudniejsze drogi w g\u00f3rach.<\/p>\n<p><b>Nawi\u0105zuj\u0105c do wczorajszego panelu o przewodnictwie wysokog\u00f3rskim*, okazuje si\u0119, \u017ce wysokie wymagania wobec klasy i umiej\u0119tno\u015bci \u2013 najpierw wobec kandydat\u00f3w na przewodnik\u00f3w, a potem wobec przewodnik\u00f3w wysokog\u00f3rskich \u2013 s\u0105 zasadne. Wygl\u0105da na to, \u017ce mo\u017ce wkr\u00f3tce b\u0119dzie te\u017c wi\u0119cej narciarskich wyj\u015b\u0107 z go\u015b\u0107mi w g\u00f3ry. \u00a0<\/b><\/p>\n<p>Na nartach je\u017adzimy bardzo du\u017co. Praktycznie ca\u0142\u0105 zim\u0119 skitouring, skialpinizm i jazda pozatrasowa to jest bardzo du\u017ca cz\u0119\u015b\u0107 naszej pracy. Cz\u0119sto nawet dochodzi do sytuacji, w kt\u00f3rej nasi go\u015bcie s\u0105 lepszymi narciarzami ni\u017c <i>guide<\/i>, ale to w\u0142a\u015bnie <i>guide<\/i> ma wi\u0119ksze poj\u0119cie na temat co jest zagro\u017cone lawinami, co nie jest, jak w danym miejscu porusza\u0107 si\u0119 po lodowcu. Poziom narciarstwa jest naprawd\u0119 wysoki i w\u015br\u00f3d przewodnik\u00f3w, i w\u015br\u00f3d go\u015bci. Staramy si\u0119 utrzymywa\u0107 wysokie standardy, ale czasami jest sytuacja, \u017ce spotykamy si\u0119 z doskona\u0142ymi narciarzami, kt\u00f3rzy potrzebuj\u0105 w zasadzie tylko \u201csupportu\u201d je\u015bli chodzi o teren i zagro\u017cenia.<\/p>\n<p><b><br \/>\nBardzo dzi\u0119kuj\u0119 za rozmow\u0119. Powodzenia w g\u00f3rach!\u00a0<\/b><\/p>\n<p><i>Wi\u0119cej na FB Ma\u0107ka Ciesielskiego: <a href=\"https:\/\/www.facebook.com\/AllMountains-Maciek-Ciesielski-guidealpinist-329127313843239\/\" target=\"_blank\" rel=\"noopener noreferrer\">AllMountains-Maciek Ciesielski guide&amp;alpinist<\/a><br \/>\n<\/i><i>Rozmawia\u0142: S\u0142awek Nosal<br \/>\n<\/i><br \/>\n<span style=\"font-size: small;\"><img loading=\"lazy\" decoding=\"async\" class=\"alignleft wp-image-4013\" title=\"l\u0105dek festiwal g\u00f3rski\" src=\"https:\/\/skalnik.pl\/blog\/wp-content\/uploads\/2018\/09\/Festiwal_Gorski_2018_logo_pion_na_bialym-300x300.png\" alt=\"festiwal g\u00f3rski l\u0105dek\" width=\"139\" height=\"139\" srcset=\"https:\/\/www.skalnik.pl\/blog\/wp-content\/uploads\/2018\/09\/Festiwal_Gorski_2018_logo_pion_na_bialym-300x300.png 300w, https:\/\/www.skalnik.pl\/blog\/wp-content\/uploads\/2018\/09\/Festiwal_Gorski_2018_logo_pion_na_bialym.png 427w\" sizes=\"auto, (max-width: 139px) 100vw, 139px\" \/>Rozmowa zosta\u0142a przeprowadzona podczas XXIII Festiwalu G\u00f3rskiego im. A. Zawady w L\u0105dku-Zdroju, kt\u00f3ry trwa\u0142 w dniach 20-23 wrze\u015bnia 2018 r. Festiwal l\u0105decki jest jedn\u0105 z najwi\u0119kszych polskich imprez integruj\u0105cych \u015brodowisko ludzi g\u00f3r. Festiwal to m.in. spotkania z najlepszymi alpinistami na \u015bwiecie, konkurs film\u00f3w g\u00f3rskich i plebiscyt na najlepsz\u0105 ksi\u0105\u017ck\u0119 g\u00f3rsk\u0105 ubieg\u0142ego roku. Podczas XXIII edycji na festiwalu odby\u0142a si\u0119 gala wr\u0119czenia Z\u0142otych Czekan\u00f3w (Piolets d\u2019Or) \u2013 najbardziej presti\u017cowego na \u015bwiecie wyr\u00f3\u017cnienia alpinistycznego, kt\u00f3re do tej pory przyznawane by\u0142o w Chamonix.<\/span><\/p>\n<p style=\"text-align: center;\"><span style=\"font-size: small;\"><i><br \/>\nWe wspinaczkowych wyzwaniach i przewodnckiej pracy Ma\u0107ka Ciesielskiego wspieraj\u0105 sponsorzy i partnerzy<\/i><\/span><\/p>\n<p><img loading=\"lazy\" decoding=\"async\" class=\"aligncenter wp-image-4104 size-full\" src=\"https:\/\/skalnik.pl\/blog\/wp-content\/uploads\/2018\/09\/sklejka-logo-1024x.jpg\" alt=\"\" width=\"1024\" height=\"561\" srcset=\"https:\/\/www.skalnik.pl\/blog\/wp-content\/uploads\/2018\/09\/sklejka-logo-1024x.jpg 1024w, https:\/\/www.skalnik.pl\/blog\/wp-content\/uploads\/2018\/09\/sklejka-logo-1024x-300x164.jpg 300w, https:\/\/www.skalnik.pl\/blog\/wp-content\/uploads\/2018\/09\/sklejka-logo-1024x-768x421.jpg 768w\" sizes=\"auto, (max-width: 1024px) 100vw, 1024px\" \/><\/p>\n<p><span style=\"font-size: small;\">*W spotkaniu \u201cWsp\u00f3\u0142czesne przewodnictwo g\u00f3rskie \u2013 perspektywy i zagro\u017cenia. Panel dyskusyjny przewodnik\u00f3w IVBV\/IFMGA\/UIAGM\u201d wzi\u0119li udzia\u0142 przewodnicy z Polski, Francji, Czech, S\u0142owacji, Rumunii, S\u0142owenii. Dyskutowano m.in. na temat zagro\u017ce\u0144, jakie niesie \u201cczarne przewodnictwo\u201d, poruszano problemy, z kt\u00f3rymi musz\u0105 mierzy\u0107 si\u0119 Mi\u0119dzynarodowi Przewodnicy Wysokog\u00f3rscy oraz prezentowano standardy szkolenia przysz\u0142ych przewodnik\u00f3w. W trakcie spotkania Christian Trommsdorff (prezydent IVBV\/UIAGM\/IFMGA) wr\u0119czy\u0142 przewodnickie \u201cblachy\u201d pi\u0119ciu nowym przewodnikom z Polski, kt\u00f3rymi zostali: Jakub Radziejowski, Robert Rokowski, Przemek Cholewa, Rafa\u0142 Mikler i Wojciech Malawski. <\/span><span style=\"font-weight: 400;\">\u00a0\u00a0<\/span><\/p>\n","protected":false},"excerpt":{"rendered":"<p>Wywiad z Ma\u0107kiem Ciesielskim \u2013 alpinist\u0105 i przewodnikiem IVBV. Rozmawiamy m.in. o &#8222;czarnym przewodnictwie&#8221; i sytuacji pod Mont Blanc. Maciek odczarowuje mit, kt\u00f3ry ka\u017ce niekt\u00f3rym wierzy\u0107, \u017ce z przewodnikiem robi si\u0119 tylko \u0142atwe rzeczy.   <\/p>\n","protected":false},"author":8,"featured_media":4106,"comment_status":"open","ping_status":"open","sticky":false,"template":"","format":"standard","meta":{"_acf_changed":false,"footnotes":""},"categories":[220],"tags":[96,194,12,102,14,20,192],"magento_category":[165],"magento_product":[],"class_list":["post-4061","post","type-post","status-publish","format-standard","has-post-thumbnail","hentry","category-wywiady","tag-alpy","tag-arcteryx","tag-bezpieczenstwo","tag-petzl","tag-tatry","tag-wspinaczka","tag-wywiad"],"acf":[],"aioseo_notices":[],"aioseo_head":"\n\t\t<!-- All in One SEO 4.9.10 - aioseo.com -->\n\t<meta name=\"description\" content=\"Wywiad z Ma\u0107kiem Ciesielskim \u2013 alpinist\u0105 i przewodnikiem IVBV. Rozmawiamy m.in. o &quot;czarnym przewodnictwie&quot; i sytuacji pod Mont Blanc. Maciek odczarowuje mit, kt\u00f3ry ka\u017ce niekt\u00f3rym wierzy\u0107, \u017ce z przewodnikiem robi si\u0119 tylko \u0142atwe rzeczy.\" \/>\n\t<meta name=\"robots\" content=\"max-image-preview:large\" \/>\n\t<meta name=\"author\" content=\"S\u0142awek Nosal\"\/>\n\t<link rel=\"canonical\" href=\"https:\/\/www.skalnik.pl\/blog\/przewodnicy-maja-obcyk-w-terenie-nie-zawioda-jako-partner-wywiad-z-mackiem-ciesielskim\/\" \/>\n\t<meta name=\"generator\" content=\"All in One SEO (AIOSEO) 4.9.10\" \/>\n\t\t<meta property=\"og:locale\" content=\"pl_PL\" \/>\n\t\t<meta property=\"og:site_name\" content=\"blog Skalnik - Blog, porady, artyku\u0142y - blog Skalnik\" \/>\n\t\t<meta property=\"og:type\" content=\"article\" \/>\n\t\t<meta property=\"og:title\" content=\"Przewodnicy maj\u0105 \u201eobcyk\u201d w terenie, nie zawiod\u0105 jako partner \u2013 wywiad - blog Skalnik\" \/>\n\t\t<meta property=\"og:description\" content=\"Wywiad z Ma\u0107kiem Ciesielskim \u2013 alpinist\u0105 i przewodnikiem IVBV. Rozmawiamy m.in. o &quot;czarnym przewodnictwie&quot; i sytuacji pod Mont Blanc. Maciek odczarowuje mit, kt\u00f3ry ka\u017ce niekt\u00f3rym wierzy\u0107, \u017ce z przewodnikiem robi si\u0119 tylko \u0142atwe rzeczy.\" \/>\n\t\t<meta property=\"og:url\" content=\"https:\/\/www.skalnik.pl\/blog\/przewodnicy-maja-obcyk-w-terenie-nie-zawioda-jako-partner-wywiad-z-mackiem-ciesielskim\/\" \/>\n\t\t<meta property=\"og:image\" content=\"https:\/\/skalnik.pl\/blog\/wp-content\/uploads\/2018\/09\/18813290_1403052876450672_3710720309792626590_n-e1538059784320.jpg\" \/>\n\t\t<meta property=\"og:image:secure_url\" content=\"https:\/\/skalnik.pl\/blog\/wp-content\/uploads\/2018\/09\/18813290_1403052876450672_3710720309792626590_n-e1538059784320.jpg\" \/>\n\t\t<meta property=\"article:tag\" content=\"wywiady\" \/>\n\t\t<meta property=\"article:tag\" content=\"alpy\" \/>\n\t\t<meta property=\"article:tag\" content=\"arc&#039;teryx\" \/>\n\t\t<meta property=\"article:tag\" content=\"bezpiecze\u0144stwo\" \/>\n\t\t<meta property=\"article:tag\" content=\"petzl\" \/>\n\t\t<meta property=\"article:tag\" content=\"tatry\" \/>\n\t\t<meta property=\"article:tag\" content=\"wspinaczka\" \/>\n\t\t<meta property=\"article:tag\" content=\"wywiad\" \/>\n\t\t<meta property=\"article:published_time\" content=\"2018-09-28T10:50:08+00:00\" \/>\n\t\t<meta property=\"article:modified_time\" content=\"2021-05-07T11:13:02+00:00\" \/>\n\t\t<meta name=\"twitter:card\" content=\"summary_large_image\" \/>\n\t\t<meta name=\"twitter:title\" content=\"Przewodnicy maj\u0105 \u201eobcyk\u201d w terenie, nie zawiod\u0105 jako partner \u2013 wywiad - blog Skalnik\" \/>\n\t\t<meta name=\"twitter:description\" content=\"Wywiad z Ma\u0107kiem Ciesielskim \u2013 alpinist\u0105 i przewodnikiem IVBV. Rozmawiamy m.in. o &quot;czarnym przewodnictwie&quot; i sytuacji pod Mont Blanc. Maciek odczarowuje mit, kt\u00f3ry ka\u017ce niekt\u00f3rym wierzy\u0107, \u017ce z przewodnikiem robi si\u0119 tylko \u0142atwe rzeczy.\" \/>\n\t\t<meta name=\"twitter:image\" content=\"https:\/\/skalnik.pl\/blog\/wp-content\/uploads\/2018\/09\/18813290_1403052876450672_3710720309792626590_n-e1538059784320.jpg\" \/>\n\t\t<script type=\"application\/ld+json\" class=\"aioseo-schema\">\n\t\t\t{\"@context\":\"https:\\\/\\\/schema.org\",\"@graph\":[{\"@type\":\"BlogPosting\",\"@id\":\"https:\\\/\\\/www.skalnik.pl\\\/blog\\\/przewodnicy-maja-obcyk-w-terenie-nie-zawioda-jako-partner-wywiad-z-mackiem-ciesielskim\\\/#blogposting\",\"name\":\"Przewodnicy maj\\u0105 \\u201eobcyk\\u201d w terenie, nie zawiod\\u0105 jako partner \\u2013 wywiad - blog Skalnik\",\"headline\":\"Przewodnicy maj\\u0105 &#8222;obcyk&#8221; w terenie, nie zawiod\\u0105 jako partner &#8211; wywiad\",\"author\":{\"@id\":\"https:\\\/\\\/www.skalnik.pl\\\/blog\\\/author\\\/slawek-nosal\\\/#author\"},\"publisher\":{\"@id\":\"https:\\\/\\\/www.skalnik.pl\\\/blog\\\/#organization\"},\"image\":{\"@type\":\"ImageObject\",\"url\":\"https:\\\/\\\/www.skalnik.pl\\\/blog\\\/wp-content\\\/uploads\\\/2018\\\/09\\\/maciek-ciesielski-ok\\u0142adka..jpg\",\"width\":1920,\"height\":705},\"datePublished\":\"2018-09-28T12:50:08+02:00\",\"dateModified\":\"2021-05-07T13:13:02+02:00\",\"inLanguage\":\"pl-PL\",\"mainEntityOfPage\":{\"@id\":\"https:\\\/\\\/www.skalnik.pl\\\/blog\\\/przewodnicy-maja-obcyk-w-terenie-nie-zawioda-jako-partner-wywiad-z-mackiem-ciesielskim\\\/#webpage\"},\"isPartOf\":{\"@id\":\"https:\\\/\\\/www.skalnik.pl\\\/blog\\\/przewodnicy-maja-obcyk-w-terenie-nie-zawioda-jako-partner-wywiad-z-mackiem-ciesielskim\\\/#webpage\"},\"articleSection\":\"Wywiady, alpy, arc'teryx, bezpiecze\\u0144stwo, petzl, tatry, wspinaczka, wywiad, 1158\"},{\"@type\":\"BreadcrumbList\",\"@id\":\"https:\\\/\\\/www.skalnik.pl\\\/blog\\\/przewodnicy-maja-obcyk-w-terenie-nie-zawioda-jako-partner-wywiad-z-mackiem-ciesielskim\\\/#breadcrumblist\",\"itemListElement\":[{\"@type\":\"ListItem\",\"@id\":\"https:\\\/\\\/www.skalnik.pl\\\/blog#listItem\",\"position\":1,\"name\":\"Home\",\"item\":\"https:\\\/\\\/www.skalnik.pl\\\/blog\",\"nextItem\":{\"@type\":\"ListItem\",\"@id\":\"https:\\\/\\\/www.skalnik.pl\\\/blog\\\/.\\\/wywiady\\\/#listItem\",\"name\":\"Wywiady\"}},{\"@type\":\"ListItem\",\"@id\":\"https:\\\/\\\/www.skalnik.pl\\\/blog\\\/.\\\/wywiady\\\/#listItem\",\"position\":2,\"name\":\"Wywiady\",\"item\":\"https:\\\/\\\/www.skalnik.pl\\\/blog\\\/.\\\/wywiady\\\/\",\"nextItem\":{\"@type\":\"ListItem\",\"@id\":\"https:\\\/\\\/www.skalnik.pl\\\/blog\\\/przewodnicy-maja-obcyk-w-terenie-nie-zawioda-jako-partner-wywiad-z-mackiem-ciesielskim\\\/#listItem\",\"name\":\"Przewodnicy maj\\u0105 &#8222;obcyk&#8221; w terenie, nie zawiod\\u0105 jako partner &#8211; wywiad\"},\"previousItem\":{\"@type\":\"ListItem\",\"@id\":\"https:\\\/\\\/www.skalnik.pl\\\/blog#listItem\",\"name\":\"Home\"}},{\"@type\":\"ListItem\",\"@id\":\"https:\\\/\\\/www.skalnik.pl\\\/blog\\\/przewodnicy-maja-obcyk-w-terenie-nie-zawioda-jako-partner-wywiad-z-mackiem-ciesielskim\\\/#listItem\",\"position\":3,\"name\":\"Przewodnicy maj\\u0105 &#8222;obcyk&#8221; w terenie, nie zawiod\\u0105 jako partner &#8211; wywiad\",\"previousItem\":{\"@type\":\"ListItem\",\"@id\":\"https:\\\/\\\/www.skalnik.pl\\\/blog\\\/.\\\/wywiady\\\/#listItem\",\"name\":\"Wywiady\"}}]},{\"@type\":\"Organization\",\"@id\":\"https:\\\/\\\/www.skalnik.pl\\\/blog\\\/#organization\",\"name\":\"blog Skalnik\",\"description\":\"Blog, porady, artyku\\u0142y - blog Skalnik\",\"url\":\"https:\\\/\\\/www.skalnik.pl\\\/blog\\\/\"},{\"@type\":\"Person\",\"@id\":\"https:\\\/\\\/www.skalnik.pl\\\/blog\\\/author\\\/slawek-nosal\\\/#author\",\"url\":\"https:\\\/\\\/www.skalnik.pl\\\/blog\\\/author\\\/slawek-nosal\\\/\",\"name\":\"S\\u0142awek Nosal\",\"image\":{\"@type\":\"ImageObject\",\"@id\":\"https:\\\/\\\/www.skalnik.pl\\\/blog\\\/przewodnicy-maja-obcyk-w-terenie-nie-zawioda-jako-partner-wywiad-z-mackiem-ciesielskim\\\/#authorImage\",\"url\":\"https:\\\/\\\/secure.gravatar.com\\\/avatar\\\/376f39150afcfc713e809ef8313d42dee4210bb1425eaad8153efa8965009197?s=96&d=mm&r=g\",\"width\":96,\"height\":96,\"caption\":\"S\\u0142awek Nosal\"}},{\"@type\":\"WebPage\",\"@id\":\"https:\\\/\\\/www.skalnik.pl\\\/blog\\\/przewodnicy-maja-obcyk-w-terenie-nie-zawioda-jako-partner-wywiad-z-mackiem-ciesielskim\\\/#webpage\",\"url\":\"https:\\\/\\\/www.skalnik.pl\\\/blog\\\/przewodnicy-maja-obcyk-w-terenie-nie-zawioda-jako-partner-wywiad-z-mackiem-ciesielskim\\\/\",\"name\":\"Przewodnicy maj\\u0105 \\u201eobcyk\\u201d w terenie, nie zawiod\\u0105 jako partner \\u2013 wywiad - blog Skalnik\",\"description\":\"Wywiad z Ma\\u0107kiem Ciesielskim \\u2013 alpinist\\u0105 i przewodnikiem IVBV. Rozmawiamy m.in. o \\\"czarnym przewodnictwie\\\" i sytuacji pod Mont Blanc. Maciek odczarowuje mit, kt\\u00f3ry ka\\u017ce niekt\\u00f3rym wierzy\\u0107, \\u017ce z przewodnikiem robi si\\u0119 tylko \\u0142atwe rzeczy.\",\"inLanguage\":\"pl-PL\",\"isPartOf\":{\"@id\":\"https:\\\/\\\/www.skalnik.pl\\\/blog\\\/#website\"},\"breadcrumb\":{\"@id\":\"https:\\\/\\\/www.skalnik.pl\\\/blog\\\/przewodnicy-maja-obcyk-w-terenie-nie-zawioda-jako-partner-wywiad-z-mackiem-ciesielskim\\\/#breadcrumblist\"},\"author\":{\"@id\":\"https:\\\/\\\/www.skalnik.pl\\\/blog\\\/author\\\/slawek-nosal\\\/#author\"},\"creator\":{\"@id\":\"https:\\\/\\\/www.skalnik.pl\\\/blog\\\/author\\\/slawek-nosal\\\/#author\"},\"image\":{\"@type\":\"ImageObject\",\"url\":\"https:\\\/\\\/www.skalnik.pl\\\/blog\\\/wp-content\\\/uploads\\\/2018\\\/09\\\/maciek-ciesielski-ok\\u0142adka..jpg\",\"@id\":\"https:\\\/\\\/www.skalnik.pl\\\/blog\\\/przewodnicy-maja-obcyk-w-terenie-nie-zawioda-jako-partner-wywiad-z-mackiem-ciesielskim\\\/#mainImage\",\"width\":1920,\"height\":705},\"primaryImageOfPage\":{\"@id\":\"https:\\\/\\\/www.skalnik.pl\\\/blog\\\/przewodnicy-maja-obcyk-w-terenie-nie-zawioda-jako-partner-wywiad-z-mackiem-ciesielskim\\\/#mainImage\"},\"datePublished\":\"2018-09-28T12:50:08+02:00\",\"dateModified\":\"2021-05-07T13:13:02+02:00\"},{\"@type\":\"WebSite\",\"@id\":\"https:\\\/\\\/www.skalnik.pl\\\/blog\\\/#website\",\"url\":\"https:\\\/\\\/www.skalnik.pl\\\/blog\\\/\",\"name\":\"blog Skalnik\",\"description\":\"Blog, porady, artyku\\u0142y - blog Skalnik\",\"inLanguage\":\"pl-PL\",\"publisher\":{\"@id\":\"https:\\\/\\\/www.skalnik.pl\\\/blog\\\/#organization\"}}]}\n\t\t<\/script>\n\t\t<!-- All in One SEO -->\n\n","aioseo_head_json":{"title":"Przewodnicy maj\u0105 \u201eobcyk\u201d w terenie, nie zawiod\u0105 jako partner \u2013 wywiad - blog Skalnik","description":"Wywiad z Ma\u0107kiem Ciesielskim \u2013 alpinist\u0105 i przewodnikiem IVBV. Rozmawiamy m.in. o \"czarnym przewodnictwie\" i sytuacji pod Mont Blanc. Maciek odczarowuje mit, kt\u00f3ry ka\u017ce niekt\u00f3rym wierzy\u0107, \u017ce z przewodnikiem robi si\u0119 tylko \u0142atwe rzeczy.","canonical_url":"https:\/\/www.skalnik.pl\/blog\/przewodnicy-maja-obcyk-w-terenie-nie-zawioda-jako-partner-wywiad-z-mackiem-ciesielskim\/","robots":"max-image-preview:large","keywords":"","webmasterTools":{"miscellaneous":""},"schema":{"@context":"https:\/\/schema.org","@graph":[{"@type":"BlogPosting","@id":"https:\/\/www.skalnik.pl\/blog\/przewodnicy-maja-obcyk-w-terenie-nie-zawioda-jako-partner-wywiad-z-mackiem-ciesielskim\/#blogposting","name":"Przewodnicy maj\u0105 \u201eobcyk\u201d w terenie, nie zawiod\u0105 jako partner \u2013 wywiad - blog Skalnik","headline":"Przewodnicy maj\u0105 &#8222;obcyk&#8221; w terenie, nie zawiod\u0105 jako partner &#8211; wywiad","author":{"@id":"https:\/\/www.skalnik.pl\/blog\/author\/slawek-nosal\/#author"},"publisher":{"@id":"https:\/\/www.skalnik.pl\/blog\/#organization"},"image":{"@type":"ImageObject","url":"https:\/\/www.skalnik.pl\/blog\/wp-content\/uploads\/2018\/09\/maciek-ciesielski-ok\u0142adka..jpg","width":1920,"height":705},"datePublished":"2018-09-28T12:50:08+02:00","dateModified":"2021-05-07T13:13:02+02:00","inLanguage":"pl-PL","mainEntityOfPage":{"@id":"https:\/\/www.skalnik.pl\/blog\/przewodnicy-maja-obcyk-w-terenie-nie-zawioda-jako-partner-wywiad-z-mackiem-ciesielskim\/#webpage"},"isPartOf":{"@id":"https:\/\/www.skalnik.pl\/blog\/przewodnicy-maja-obcyk-w-terenie-nie-zawioda-jako-partner-wywiad-z-mackiem-ciesielskim\/#webpage"},"articleSection":"Wywiady, alpy, arc'teryx, bezpiecze\u0144stwo, petzl, tatry, wspinaczka, wywiad, 1158"},{"@type":"BreadcrumbList","@id":"https:\/\/www.skalnik.pl\/blog\/przewodnicy-maja-obcyk-w-terenie-nie-zawioda-jako-partner-wywiad-z-mackiem-ciesielskim\/#breadcrumblist","itemListElement":[{"@type":"ListItem","@id":"https:\/\/www.skalnik.pl\/blog#listItem","position":1,"name":"Home","item":"https:\/\/www.skalnik.pl\/blog","nextItem":{"@type":"ListItem","@id":"https:\/\/www.skalnik.pl\/blog\/.\/wywiady\/#listItem","name":"Wywiady"}},{"@type":"ListItem","@id":"https:\/\/www.skalnik.pl\/blog\/.\/wywiady\/#listItem","position":2,"name":"Wywiady","item":"https:\/\/www.skalnik.pl\/blog\/.\/wywiady\/","nextItem":{"@type":"ListItem","@id":"https:\/\/www.skalnik.pl\/blog\/przewodnicy-maja-obcyk-w-terenie-nie-zawioda-jako-partner-wywiad-z-mackiem-ciesielskim\/#listItem","name":"Przewodnicy maj\u0105 &#8222;obcyk&#8221; w terenie, nie zawiod\u0105 jako partner &#8211; wywiad"},"previousItem":{"@type":"ListItem","@id":"https:\/\/www.skalnik.pl\/blog#listItem","name":"Home"}},{"@type":"ListItem","@id":"https:\/\/www.skalnik.pl\/blog\/przewodnicy-maja-obcyk-w-terenie-nie-zawioda-jako-partner-wywiad-z-mackiem-ciesielskim\/#listItem","position":3,"name":"Przewodnicy maj\u0105 &#8222;obcyk&#8221; w terenie, nie zawiod\u0105 jako partner &#8211; wywiad","previousItem":{"@type":"ListItem","@id":"https:\/\/www.skalnik.pl\/blog\/.\/wywiady\/#listItem","name":"Wywiady"}}]},{"@type":"Organization","@id":"https:\/\/www.skalnik.pl\/blog\/#organization","name":"blog Skalnik","description":"Blog, porady, artyku\u0142y - blog Skalnik","url":"https:\/\/www.skalnik.pl\/blog\/"},{"@type":"Person","@id":"https:\/\/www.skalnik.pl\/blog\/author\/slawek-nosal\/#author","url":"https:\/\/www.skalnik.pl\/blog\/author\/slawek-nosal\/","name":"S\u0142awek Nosal","image":{"@type":"ImageObject","@id":"https:\/\/www.skalnik.pl\/blog\/przewodnicy-maja-obcyk-w-terenie-nie-zawioda-jako-partner-wywiad-z-mackiem-ciesielskim\/#authorImage","url":"https:\/\/secure.gravatar.com\/avatar\/376f39150afcfc713e809ef8313d42dee4210bb1425eaad8153efa8965009197?s=96&d=mm&r=g","width":96,"height":96,"caption":"S\u0142awek Nosal"}},{"@type":"WebPage","@id":"https:\/\/www.skalnik.pl\/blog\/przewodnicy-maja-obcyk-w-terenie-nie-zawioda-jako-partner-wywiad-z-mackiem-ciesielskim\/#webpage","url":"https:\/\/www.skalnik.pl\/blog\/przewodnicy-maja-obcyk-w-terenie-nie-zawioda-jako-partner-wywiad-z-mackiem-ciesielskim\/","name":"Przewodnicy maj\u0105 \u201eobcyk\u201d w terenie, nie zawiod\u0105 jako partner \u2013 wywiad - blog Skalnik","description":"Wywiad z Ma\u0107kiem Ciesielskim \u2013 alpinist\u0105 i przewodnikiem IVBV. Rozmawiamy m.in. o \"czarnym przewodnictwie\" i sytuacji pod Mont Blanc. Maciek odczarowuje mit, kt\u00f3ry ka\u017ce niekt\u00f3rym wierzy\u0107, \u017ce z przewodnikiem robi si\u0119 tylko \u0142atwe rzeczy.","inLanguage":"pl-PL","isPartOf":{"@id":"https:\/\/www.skalnik.pl\/blog\/#website"},"breadcrumb":{"@id":"https:\/\/www.skalnik.pl\/blog\/przewodnicy-maja-obcyk-w-terenie-nie-zawioda-jako-partner-wywiad-z-mackiem-ciesielskim\/#breadcrumblist"},"author":{"@id":"https:\/\/www.skalnik.pl\/blog\/author\/slawek-nosal\/#author"},"creator":{"@id":"https:\/\/www.skalnik.pl\/blog\/author\/slawek-nosal\/#author"},"image":{"@type":"ImageObject","url":"https:\/\/www.skalnik.pl\/blog\/wp-content\/uploads\/2018\/09\/maciek-ciesielski-ok\u0142adka..jpg","@id":"https:\/\/www.skalnik.pl\/blog\/przewodnicy-maja-obcyk-w-terenie-nie-zawioda-jako-partner-wywiad-z-mackiem-ciesielskim\/#mainImage","width":1920,"height":705},"primaryImageOfPage":{"@id":"https:\/\/www.skalnik.pl\/blog\/przewodnicy-maja-obcyk-w-terenie-nie-zawioda-jako-partner-wywiad-z-mackiem-ciesielskim\/#mainImage"},"datePublished":"2018-09-28T12:50:08+02:00","dateModified":"2021-05-07T13:13:02+02:00"},{"@type":"WebSite","@id":"https:\/\/www.skalnik.pl\/blog\/#website","url":"https:\/\/www.skalnik.pl\/blog\/","name":"blog Skalnik","description":"Blog, porady, artyku\u0142y - blog Skalnik","inLanguage":"pl-PL","publisher":{"@id":"https:\/\/www.skalnik.pl\/blog\/#organization"}}]},"og:locale":"pl_PL","og:site_name":"blog Skalnik - Blog, porady, artyku\u0142y - blog Skalnik","og:type":"article","og:title":"Przewodnicy maj\u0105 \u201eobcyk\u201d w terenie, nie zawiod\u0105 jako partner \u2013 wywiad - blog Skalnik","og:description":"Wywiad z Ma\u0107kiem Ciesielskim \u2013 alpinist\u0105 i przewodnikiem IVBV. Rozmawiamy m.in. o &quot;czarnym przewodnictwie&quot; i sytuacji pod Mont Blanc. Maciek odczarowuje mit, kt\u00f3ry ka\u017ce niekt\u00f3rym wierzy\u0107, \u017ce z przewodnikiem robi si\u0119 tylko \u0142atwe rzeczy.","og:url":"https:\/\/www.skalnik.pl\/blog\/przewodnicy-maja-obcyk-w-terenie-nie-zawioda-jako-partner-wywiad-z-mackiem-ciesielskim\/","og:image":"https:\/\/skalnik.pl\/blog\/wp-content\/uploads\/2018\/09\/18813290_1403052876450672_3710720309792626590_n-e1538059784320.jpg","og:image:secure_url":"https:\/\/skalnik.pl\/blog\/wp-content\/uploads\/2018\/09\/18813290_1403052876450672_3710720309792626590_n-e1538059784320.jpg","article:tag":["wywiady","alpy","arc'teryx","bezpiecze\u0144stwo","petzl","tatry","wspinaczka","wywiad"],"article:published_time":"2018-09-28T10:50:08+00:00","article:modified_time":"2021-05-07T11:13:02+00:00","twitter:card":"summary_large_image","twitter:title":"Przewodnicy maj\u0105 \u201eobcyk\u201d w terenie, nie zawiod\u0105 jako partner \u2013 wywiad - blog Skalnik","twitter:description":"Wywiad z Ma\u0107kiem Ciesielskim \u2013 alpinist\u0105 i przewodnikiem IVBV. Rozmawiamy m.in. o &quot;czarnym przewodnictwie&quot; i sytuacji pod Mont Blanc. Maciek odczarowuje mit, kt\u00f3ry ka\u017ce niekt\u00f3rym wierzy\u0107, \u017ce z przewodnikiem robi si\u0119 tylko \u0142atwe rzeczy.","twitter:image":"https:\/\/skalnik.pl\/blog\/wp-content\/uploads\/2018\/09\/18813290_1403052876450672_3710720309792626590_n-e1538059784320.jpg"},"aioseo_meta_data":{"post_id":"4061","title":"","description":"","keywords":[{"label":"maciek ciesielski","value":"maciek ciesielski"},{"label":"wywiad","value":"wywiad"},{"label":"czarne przewodnictwo","value":"czarne przewodnictwo"},{"label":"przewodnik IVBV","value":"przewodnik IVBV"},{"label":"mont blanc","value":"mont blanc"},{"label":"alpy","value":"alpy"},{"label":"","value":""}],"keyphrases":null,"primary_term":null,"canonical_url":"","og_title":null,"og_description":null,"og_object_type":"default","og_image_type":"default","og_image_url":null,"og_image_width":null,"og_image_height":null,"og_image_custom_url":null,"og_image_custom_fields":null,"og_video":null,"og_custom_url":null,"og_article_section":null,"og_article_tags":null,"twitter_use_og":false,"twitter_card":"default","twitter_image_type":"default","twitter_image_url":null,"twitter_image_custom_url":null,"twitter_image_custom_fields":null,"twitter_title":null,"twitter_description":null,"schema":{"blockGraphs":[],"customGraphs":[],"default":{"data":{"Article":[],"Course":[],"Dataset":[],"FAQPage":[],"Movie":[],"Person":[],"Product":[],"ProductReview":[],"Car":[],"Recipe":[],"Service":[],"SoftwareApplication":[],"WebPage":[]},"graphName":"BlogPosting","isEnabled":true},"graphs":[]},"schema_type":"default","schema_type_options":null,"pillar_content":false,"robots_default":true,"robots_noindex":false,"robots_noarchive":false,"robots_nosnippet":false,"robots_nofollow":false,"robots_noimageindex":false,"robots_noodp":false,"robots_notranslate":false,"robots_max_snippet":null,"robots_max_videopreview":null,"robots_max_imagepreview":"large","priority":null,"frequency":null,"local_seo":null,"breadcrumb_settings":null,"limit_modified_date":false,"ai":null,"created":"2022-08-26 09:53:00","updated":"2026-02-17 21:26:30","seo_analyzer_scan_date":null},"aioseo_breadcrumb":"<div class=\"aioseo-breadcrumbs\"><span class=\"aioseo-breadcrumb\">\n\t\t\t<a href=\"https:\/\/www.skalnik.pl\/blog\" title=\"Home\">Home<\/a>\n\t\t<\/span><span class=\"aioseo-breadcrumb-separator\">&raquo;<\/span><span class=\"aioseo-breadcrumb\">\n\t\t\t<a href=\"https:\/\/www.skalnik.pl\/blog\/.\/wywiady\/\" title=\"Wywiady\">Wywiady<\/a>\n\t\t<\/span><span class=\"aioseo-breadcrumb-separator\">&raquo;<\/span><span class=\"aioseo-breadcrumb\">\n\t\t\tPrzewodnicy maj\u0105 \u201eobcyk\u201d w terenie, nie zawiod\u0105 jako partner \u2013 wywiad\n\t\t<\/span><\/div>","aioseo_breadcrumb_json":[{"label":"Home","link":"https:\/\/www.skalnik.pl\/blog"},{"label":"Wywiady","link":"https:\/\/www.skalnik.pl\/blog\/.\/wywiady\/"},{"label":"Przewodnicy maj\u0105 &#8222;obcyk&#8221; w terenie, nie zawiod\u0105 jako partner &#8211; wywiad","link":"https:\/\/www.skalnik.pl\/blog\/przewodnicy-maja-obcyk-w-terenie-nie-zawioda-jako-partner-wywiad-z-mackiem-ciesielskim\/"}],"_links":{"self":[{"href":"https:\/\/www.skalnik.pl\/blog\/wp-json\/wp\/v2\/posts\/4061","targetHints":{"allow":["GET"]}}],"collection":[{"href":"https:\/\/www.skalnik.pl\/blog\/wp-json\/wp\/v2\/posts"}],"about":[{"href":"https:\/\/www.skalnik.pl\/blog\/wp-json\/wp\/v2\/types\/post"}],"author":[{"embeddable":true,"href":"https:\/\/www.skalnik.pl\/blog\/wp-json\/wp\/v2\/users\/8"}],"replies":[{"embeddable":true,"href":"https:\/\/www.skalnik.pl\/blog\/wp-json\/wp\/v2\/comments?post=4061"}],"version-history":[{"count":50,"href":"https:\/\/www.skalnik.pl\/blog\/wp-json\/wp\/v2\/posts\/4061\/revisions"}],"predecessor-version":[{"id":16686,"href":"https:\/\/www.skalnik.pl\/blog\/wp-json\/wp\/v2\/posts\/4061\/revisions\/16686"}],"wp:featuredmedia":[{"embeddable":true,"href":"https:\/\/www.skalnik.pl\/blog\/wp-json\/wp\/v2\/media\/4106"}],"wp:attachment":[{"href":"https:\/\/www.skalnik.pl\/blog\/wp-json\/wp\/v2\/media?parent=4061"}],"wp:term":[{"taxonomy":"category","embeddable":true,"href":"https:\/\/www.skalnik.pl\/blog\/wp-json\/wp\/v2\/categories?post=4061"},{"taxonomy":"post_tag","embeddable":true,"href":"https:\/\/www.skalnik.pl\/blog\/wp-json\/wp\/v2\/tags?post=4061"},{"taxonomy":"magento_category","embeddable":true,"href":"https:\/\/www.skalnik.pl\/blog\/wp-json\/wp\/v2\/magento_category?post=4061"},{"taxonomy":"magento_product","embeddable":true,"href":"https:\/\/www.skalnik.pl\/blog\/wp-json\/wp\/v2\/magento_product?post=4061"}],"curies":[{"name":"wp","href":"https:\/\/api.w.org\/{rel}","templated":true}]}}