{"id":4119,"date":"2018-10-01T13:25:59","date_gmt":"2018-10-01T11:25:59","guid":{"rendered":"https:\/\/skalnik.pl\/blog\/?p=4119"},"modified":"2019-08-01T17:26:44","modified_gmt":"2019-08-01T15:26:44","slug":"sztuczny-puch-kurtki-na-jesien","status":"publish","type":"post","link":"https:\/\/www.skalnik.pl\/blog\/sztuczny-puch-kurtki-na-jesien\/","title":{"rendered":"Sztuczny puch &#8211; kurtki na jesie\u0144"},"content":{"rendered":"<p><b>Kurtki puchowe s\u0105 lekkie, ciep\u0142e i \u015bwietnie si\u0119 kompresuj\u0105. To wszystko prawda. Jednak druga strona medalu to ich s\u0142aba odporno\u015b\u0107 na wilgo\u0107 i wysoka cena oraz budz\u0105cy niekiedy w\u0105tpliwo\u015bci spos\u00f3b pozyskiwania puchu. Kurtki ze sztucznym ociepleniem s\u0105 coraz doskonalsze i ta\u0144sze. Czy zatem kurtka z syntetycznym wype\u0142nieniem mo\u017ce konkurowa\u0107 jako\u015bci\u0105 z kurtk\u0105 puchow\u0105?<\/b><\/p>\n<p>Jak zwykle w takich momentach odpowied\u017a cisn\u0105ca si\u0119 na tak postawione pytanie brzmi: to zale\u017cy. Przede wszystkim od celu, miejsca i klimatu, w kt\u00f3rym b\u0119dzie u\u017cytkowana. Generalnie \u2013 poza naprawd\u0119 ekstremalnymi wysoko\u015bciami b\u0105d\u017a mega niskimi temperaturami \u2013 kurtki ze sztucznymi ocieplinami radz\u0105 sobie r\u00f3wnie dobrze, jak puch, a niekiedy nawet lepiej. Szczeg\u00f3lnie jesieni\u0105. W poprzednim tek\u015bcie om\u00f3wi\u0142am <a href=\"https:\/\/skalnik.pl\/blog\/kurtki-puchowe-na-jesien\/\">kurtki z puchem naturalnym<\/a>, teraz pora na cz\u0119\u015b\u0107 drug\u0105 &#8211; czyli kurtki jesienne ze sztuczn\u0105 ocieplin\u0105.<\/p>\n<div id=\"ez-toc-container\" class=\"ez-toc-v2_0_85 counter-hierarchy ez-toc-counter ez-toc-light-blue ez-toc-container-direction\">\n<div class=\"ez-toc-title-container\">\n<p class=\"ez-toc-title\" style=\"cursor:inherit\">SPIS TRE\u015aCI <\/p>\n<span class=\"ez-toc-title-toggle\"><a href=\"#\" class=\"ez-toc-pull-right ez-toc-btn ez-toc-btn-xs ez-toc-btn-default ez-toc-toggle\" aria-label=\"Prze\u0142\u0105cznik Spisu Tre\u015bci\"><span class=\"ez-toc-js-icon-con\"><span class=\"\"><span class=\"eztoc-hide\" style=\"display:none;\">Toggle<\/span><span class=\"ez-toc-icon-toggle-span\"><svg style=\"fill: #999;color:#999\" xmlns=\"http:\/\/www.w3.org\/2000\/svg\" class=\"list-377408\" width=\"20px\" height=\"20px\" viewBox=\"0 0 24 24\" fill=\"none\"><path d=\"M6 6H4v2h2V6zm14 0H8v2h12V6zM4 11h2v2H4v-2zm16 0H8v2h12v-2zM4 16h2v2H4v-2zm16 0H8v2h12v-2z\" fill=\"currentColor\"><\/path><\/svg><svg style=\"fill: #999;color:#999\" class=\"arrow-unsorted-368013\" xmlns=\"http:\/\/www.w3.org\/2000\/svg\" width=\"10px\" height=\"10px\" viewBox=\"0 0 24 24\" version=\"1.2\" baseProfile=\"tiny\"><path d=\"M18.2 9.3l-6.2-6.3-6.2 6.3c-.2.2-.3.4-.3.7s.1.5.3.7c.2.2.4.3.7.3h11c.3 0 .5-.1.7-.3.2-.2.3-.5.3-.7s-.1-.5-.3-.7zM5.8 14.7l6.2 6.3 6.2-6.3c.2-.2.3-.5.3-.7s-.1-.5-.3-.7c-.2-.2-.4-.3-.7-.3h-11c-.3 0-.5.1-.7.3-.2.2-.3.5-.3.7s.1.5.3.7z\"\/><\/svg><\/span><\/span><\/span><\/a><\/span><\/div>\n<nav><ul class='ez-toc-list ez-toc-list-level-1 ' ><li class='ez-toc-page-1 ez-toc-heading-level-2'><a class=\"ez-toc-link ez-toc-heading-1\" href=\"https:\/\/www.skalnik.pl\/blog\/sztuczny-puch-kurtki-na-jesien\/#Wlokna_nasladujace_nature_czyli_sztuczny_puch\" >W\u0142\u00f3kna na\u015bladuj\u0105ce natur\u0119, czyli sztuczny puch<\/a><\/li><li class='ez-toc-page-1 ez-toc-heading-level-2'><a class=\"ez-toc-link ez-toc-heading-2\" href=\"https:\/\/www.skalnik.pl\/blog\/sztuczny-puch-kurtki-na-jesien\/#Zalety_i_kilka_wad\" >Zalety i kilka wad<\/a><\/li><li class='ez-toc-page-1 ez-toc-heading-level-2'><a class=\"ez-toc-link ez-toc-heading-3\" href=\"https:\/\/www.skalnik.pl\/blog\/sztuczny-puch-kurtki-na-jesien\/#Eko_i_nie_eko\" >Eko i nie eko<\/a><\/li><li class='ez-toc-page-1 ez-toc-heading-level-2'><a class=\"ez-toc-link ez-toc-heading-4\" href=\"https:\/\/www.skalnik.pl\/blog\/sztuczny-puch-kurtki-na-jesien\/#Nie_puch_i_nie_syntetyk\" >Nie puch i nie syntetyk<\/a><\/li><\/ul><\/nav><\/div>\n<h2><span class=\"ez-toc-section\" id=\"Wlokna_nasladujace_nature_czyli_sztuczny_puch\"><\/span>W\u0142\u00f3kna na\u015bladuj\u0105ce natur\u0119, czyli sztuczny puch<span class=\"ez-toc-section-end\"><\/span><\/h2>\n<p>Syntetyczne ociepliny, kt\u00f3rych zadaniem jest izolowanie od niskich temperatur, nazywane s\u0105 niekiedy zbiorczo \u201esztucznym puchem\u201d. I dzieje si\u0119 tak nie bez powodu. Naukowcy w laboratoriach pr\u00f3buj\u0105 bowiem odwzorowa\u0107 struktur\u0119 puchu. Wiadomo bowiem, \u017ce puch nie tyle grzeje, co izoluje, zatrzymuj\u0105c ogrzane powietrze blisko cia\u0142a. Celem poszukiwa\u0144 i bada\u0144 jest stworzenie takiej pl\u0105taniny sztucznych w\u0142\u00f3kien, by pozwala\u0142y na efektywne zatrzymanie jak najwi\u0119kszej ilo\u015bci ogrzanego powietrza.<\/p>\n<p>Jednym z pionier\u00f3w wykorzystywania syntetycznych materia\u0142\u00f3w by\u0142a oczywi\u015bcie armia ameryka\u0144ska, na potrzeby kt\u00f3rej \u2013 i pewnie za wielkie kwoty \u2013 prowadzono badania nad \u201esztucznym puchem\u201d. Efektem by\u0142o powstanie ociepliny PrimaLoft. Ocieplin\u0119 w jej r\u00f3\u017cnych wariantach stosuj\u0105 z powodzeniem The North Face, Salewa czy <a href=\"https:\/\/skalnik.pl\/rab\">Rab<\/a>. Do dzi\u015b jest najbardziej znanym sztucznym zamiennikiem puchu i zwyk\u0142o si\u0119 m\u00f3wi\u0107 kurtka z primaloftem nawet wtedy, gdy w wewn\u0105trz znajduje si\u0119 zupe\u0142nie inne syntetyczne wype\u0142nienie. Gdy ju\u017c bowiem raz zaprz\u0119gni\u0119to w\u0142\u00f3kna poliestrowe w s\u0142u\u017cb\u0119 walki z mrozem, starano si\u0119 robi\u0107 to coraz lepiej i (czy te\u017c lub) pod w\u0142asn\u0105 mark\u0105.<\/p>\n<p>Obecnie istnieje co najmniej kilkana\u015bcie r\u00f3\u017cnych ocieplin, w kt\u00f3rych g\u0142\u00f3wn\u0105 rol\u0119 odgrywa poliester. Do najbardziej znanych nale\u017c\u0105 Thinsulate\u2122 Featherless i Cirrus\u2122 \u2013 stworzone przez firm\u0119 3M i stosowane w kurtkach Marmot. W ocieplin\u0119 Coreloft wyposa\u017ca w swoje kurtki ocieplane Arc\u2019teryx, natomiast Montane wykorzystuje Polartec Alpha.<\/p>\n<p><iframe loading=\"lazy\" title=\"Marmot Featherless Insulated Jacket\" width=\"500\" height=\"281\" src=\"https:\/\/www.youtube.com\/embed\/fEBuzqC_52w?feature=oembed\" frameborder=\"0\" allow=\"accelerometer; autoplay; clipboard-write; encrypted-media; gyroscope; picture-in-picture; web-share\" referrerpolicy=\"strict-origin-when-cross-origin\" allowfullscreen><\/iframe><\/p>\n<h2><span class=\"ez-toc-section\" id=\"Zalety_i_kilka_wad\"><\/span>Zalety i kilka wad<span class=\"ez-toc-section-end\"><\/span><\/h2>\n<ul>\n<li>Kurtki z syntetycznym ociepleniem w niekt\u00f3rych sytuacjach b\u0119d\u0105 si\u0119 sprawdza\u0107 lepiej ni\u017c ich puchowe odpowiedniki. W\u0142\u00f3kna s\u0105 przede wszystkim ta\u0144sze w produkcji ni\u017c pozyskiwanie puchu, szczeg\u00f3lnie puchu o du\u017cej spr\u0119\u017cysto\u015bci i dobrym stosunku puchu i pierza. Argument ekonomiczny to cz\u0119sty pow\u00f3d wyboru kurtek ze sztucznym ociepleniem. Ale nie jedyny i nie ostateczny.<\/li>\n<li>Kurtka ze sztucznym ociepleniem lepiej sprawdzi si\u0119 wsz\u0119dzie tam, gdzie ch\u0142\u00f3d \u0142\u0105czy si\u0119 z wilgoci\u0105. Ocieplinom stworzonym w laboratorium nie tylko wilgo\u0107 i woda nie szkodz\u0105 (dla przypomnienia puch si\u0119 zbija), ale nawet gdy zostan\u0105 zmoczone, nadal zachowuj\u0105 swoje w\u0142a\u015bciwo\u015bci izolacyjne. Dlatego nie musisz obawia\u0107 si\u0119 nadchodz\u0105cych znik\u0105d chmur i deszczu. Jesienne s\u0142oty w g\u00f3rach lub w mie\u015bcie przestan\u0105 by\u0107 dzi\u0119ki temu utrapieniem. Co wi\u0119cej kurtka ze sztuczn\u0105 ocieplin\u0105 wysycha o wiele szybciej ni\u017c wype\u0142niona zaimpregnowanym puchem.<\/li>\n<li>Oddychalno\u015b\u0107 kurtek ze sztuczn\u0105 ocieplin\u0105 jest o wiele lepsza ni\u017c wype\u0142nionych naturalnym puchem. Dlatego bardzo dobrze sprawdzaj\u0105 si\u0119 w przypadku aktywno\u015bci o sporym stopniu intensywno\u015bci. Mo\u017cesz wtedy liczy\u0107 na sprawne odprowadzenie wilgoci na zewn\u0105trz, a wi\u0119c i na dobr\u0105 termoregulacj\u0119.<\/li>\n<li>Kurtki ze sztucznym puchem o wiele \u0142atwiej utrzyma\u0107 w czysto\u015bci. Mo\u017cna je pra\u0107 po prostu w domowej pralce. Po wypraniu szybko schn\u0105 i b\u0142yskawicznie odzyskuj\u0105 swoje w\u0142a\u015bciwo\u015bci termiczne. To wa\u017cne szczeg\u00f3lnie, gdy w twoim kalendarzu przygoda goni przygod\u0119.<\/li>\n<\/ul>\n<div id=\"attachment_4127\" style=\"width: 860px\" class=\"wp-caption aligncenter\"><img loading=\"lazy\" decoding=\"async\" aria-describedby=\"caption-attachment-4127\" class=\"wp-image-4127 size-full\" title=\"The North Face - Thermoball\" src=\"https:\/\/skalnik.pl\/blog\/wp-content\/uploads\/2018\/10\/000_LO_FW18_NE_THERMOBALL_010-0.jpg\" alt=\"\" width=\"850\" height=\"567\" srcset=\"https:\/\/www.skalnik.pl\/blog\/wp-content\/uploads\/2018\/10\/000_LO_FW18_NE_THERMOBALL_010-0.jpg 850w, https:\/\/www.skalnik.pl\/blog\/wp-content\/uploads\/2018\/10\/000_LO_FW18_NE_THERMOBALL_010-0-300x200.jpg 300w, https:\/\/www.skalnik.pl\/blog\/wp-content\/uploads\/2018\/10\/000_LO_FW18_NE_THERMOBALL_010-0-768x512.jpg 768w\" sizes=\"auto, (max-width: 850px) 100vw, 850px\" \/><p id=\"caption-attachment-4127\" class=\"wp-caption-text\">Kurtka Thermoball The North Face<\/p><\/div>\n<ul>\n<li>Naukowcy ci\u0105gle pracuj\u0105 nad lepsz\u0105 spr\u0119\u017cysto\u015bci\u0105. Obecnie sztuczne ociepliny s\u0105 w stanie \u201ena\u015bladowa\u0107\u201d puch g\u0119si do spr\u0119\u017cysto\u015bci ok. 600-700 cui. To wystarczaj\u0105co dla zdecydowanej wi\u0119kszo\u015bci zastosowa\u0144 o charakterze turystycznym. Takie ocieplenie sprawdzi si\u0119 jesieni\u0105, nawet gdy lekki przymrozek ci\u0105gle czu\u0107 b\u0119dzie nad ranem. Takie parametry to zbyt ma\u0142o do najbardziej ekstremalnych warunk\u00f3w. W najwy\u017cszych g\u00f3rach i na biegunach puchowe kurtki nie maj\u0105 sobie r\u00f3wnych.<\/li>\n<li>Ze spr\u0119\u017cysto\u015bci\u0105 wi\u0105\u017ce si\u0119 tak\u017ce stopie\u0144 kompresji. Niestety nie ma jednego parametru, kt\u00f3ry by go okre\u015bla\u0142. Prace trwaj\u0105 tak\u017ce na tym polu, \u017ceby zapewni\u0107 poliestrowym w\u0142\u00f3knom jak najwi\u0119ksz\u0105 kompresj\u0119. Obj\u0119to\u015b\u0107 kurtki po z\u0142o\u017ceniu to w niekt\u00f3rych przypadkach bardzo wa\u017cny argument przemawiaj\u0105cy za zakupem danego modelu. Dobra wiadomo\u015b\u0107 jest taka, \u017ce sztuczne ociepliny klasy premium maj\u0105 kompresj\u0119, kt\u00f3r\u0105 \u015bmia\u0142o mo\u017cna zestawi\u0107 z kompresj\u0105 naturalnego puchu.<\/li>\n<li>Podobnie jest z wag\u0105. Naturalny puch pozostaje wci\u0105\u017c niezr\u00f3wnany je\u015bli chodzi o stosunek wagi i izolacji. W tej materii zdecydowanie producenci i naukowcy maj\u0105 jeszcze nad czym pracowa\u0107. Obecnie im wi\u0119cej sztucznej ociepliny (np. PrimaLoft) tym kurtka cieplejsza. Jednocze\u015bnie im jest jej mniej, tym bardziej zaspokaja potrzeby najbardziej dynamicznych u\u017cytkownik\u00f3w. Patrz\u0105c jednak na rozw\u00f3j tego segmentu odzie\u017cy mo\u017cemy przypuszcza\u0107, \u017ce producenci jeszcze nas zaskocz\u0105 wag\u0105 i jako\u015bci\u0105 kurtek ze sztucznymi ocieplinami.<\/li>\n<\/ul>\n\n\t\t<style type=\"text\/css\">\n\t\t\t#gallery-1 {\n\t\t\t\tmargin: auto;\n\t\t\t}\n\t\t\t#gallery-1 .gallery-item {\n\t\t\t\tfloat: left;\n\t\t\t\tmargin-top: 10px;\n\t\t\t\ttext-align: center;\n\t\t\t\twidth: 33%;\n\t\t\t}\n\t\t\t#gallery-1 img {\n\t\t\t\tborder: 2px solid #cfcfcf;\n\t\t\t}\n\t\t\t#gallery-1 .gallery-caption {\n\t\t\t\tmargin-left: 0;\n\t\t\t}\n\t\t\t\/* see gallery_shortcode() in wp-includes\/media.php *\/\n\t\t<\/style>\n\t\t<div id='gallery-1' class='gallery galleryid-4119 gallery-columns-3 gallery-size-large'><dl class='gallery-item'>\n\t\t\t<dt class='gallery-icon landscape'>\n\t\t\t\t<img loading=\"lazy\" decoding=\"async\" width=\"1024\" height=\"1024\" src=\"https:\/\/www.skalnik.pl\/blog\/wp-content\/uploads\/2018\/10\/lookbook.-1024x1024.jpg\" class=\"attachment-large size-large\" alt=\"\" aria-describedby=\"gallery-1-4182\" srcset=\"https:\/\/www.skalnik.pl\/blog\/wp-content\/uploads\/2018\/10\/lookbook.-1024x1024.jpg 1024w, https:\/\/www.skalnik.pl\/blog\/wp-content\/uploads\/2018\/10\/lookbook.-300x300.jpg 300w, https:\/\/www.skalnik.pl\/blog\/wp-content\/uploads\/2018\/10\/lookbook.-768x768.jpg 768w, https:\/\/www.skalnik.pl\/blog\/wp-content\/uploads\/2018\/10\/lookbook..jpg 1200w\" sizes=\"auto, (max-width: 1024px) 100vw, 1024px\" \/>\n\t\t\t<\/dt>\n\t\t\t\t<dd class='wp-caption-text gallery-caption' id='gallery-1-4182'>\n\t\t\t\tKurtka Astrum &#8211; Marmot\n\t\t\t\t<\/dd><\/dl><dl class='gallery-item'>\n\t\t\t<dt class='gallery-icon landscape'>\n\t\t\t\t<img loading=\"lazy\" decoding=\"async\" width=\"1024\" height=\"1024\" src=\"https:\/\/www.skalnik.pl\/blog\/wp-content\/uploads\/2018\/10\/lookbook2.-1024x1024.jpg\" class=\"attachment-large size-large\" alt=\"\" aria-describedby=\"gallery-1-4183\" srcset=\"https:\/\/www.skalnik.pl\/blog\/wp-content\/uploads\/2018\/10\/lookbook2.-1024x1024.jpg 1024w, https:\/\/www.skalnik.pl\/blog\/wp-content\/uploads\/2018\/10\/lookbook2.-300x300.jpg 300w, https:\/\/www.skalnik.pl\/blog\/wp-content\/uploads\/2018\/10\/lookbook2.-768x768.jpg 768w, https:\/\/www.skalnik.pl\/blog\/wp-content\/uploads\/2018\/10\/lookbook2..jpg 1200w\" sizes=\"auto, (max-width: 1024px) 100vw, 1024px\" \/>\n\t\t\t<\/dt>\n\t\t\t\t<dd class='wp-caption-text gallery-caption' id='gallery-1-4183'>\n\t\t\t\tKurtka Featherless &#8211; Marmot\n\t\t\t\t<\/dd><\/dl><dl class='gallery-item'>\n\t\t\t<dt class='gallery-icon landscape'>\n\t\t\t\t<img loading=\"lazy\" decoding=\"async\" width=\"1024\" height=\"1024\" src=\"https:\/\/www.skalnik.pl\/blog\/wp-content\/uploads\/2018\/10\/lookbook3.-1024x1024.jpg\" class=\"attachment-large size-large\" alt=\"\" aria-describedby=\"gallery-1-4184\" srcset=\"https:\/\/www.skalnik.pl\/blog\/wp-content\/uploads\/2018\/10\/lookbook3.-1024x1024.jpg 1024w, https:\/\/www.skalnik.pl\/blog\/wp-content\/uploads\/2018\/10\/lookbook3.-300x300.jpg 300w, https:\/\/www.skalnik.pl\/blog\/wp-content\/uploads\/2018\/10\/lookbook3.-768x768.jpg 768w, https:\/\/www.skalnik.pl\/blog\/wp-content\/uploads\/2018\/10\/lookbook3..jpg 1200w\" sizes=\"auto, (max-width: 1024px) 100vw, 1024px\" \/>\n\t\t\t<\/dt>\n\t\t\t\t<dd class='wp-caption-text gallery-caption' id='gallery-1-4184'>\n\t\t\t\tKurtka Cold Forte &#8211; Black Diamond\n\t\t\t\t<\/dd><\/dl><br style=\"clear: both\" \/>\n\t\t<\/div>\n\n<h2><span class=\"ez-toc-section\" id=\"Eko_i_nie_eko\"><\/span>Eko i nie eko<span class=\"ez-toc-section-end\"><\/span><\/h2>\n<p>Dla niekt\u00f3rych os\u00f3b sam fakt pochodzenia puchu budzi etyczny sprzeciw przed u\u017cywaniem go w odzie\u017cy i sprz\u0119cie. Z ocieplinami syntetycznymi jest \u0142atwiej, poniewa\u017c nie pochodz\u0105 od zwierz\u0105t. Jednak poliester jest w\u0142\u00f3knem syntetycznym, a zatem jego powstanie wi\u0105\u017ce si\u0119 z kosztem \u015brodowiskowym. Jeszcze wi\u0119kszy na \u015brodowisko wp\u0142yw maj\u0105 poliestrowe \u015bmieci. Dlatego te\u017c coraz wi\u0119cej producent\u00f3w stosuje w swoich wyrobach w\u0142\u00f3kna poliestrowe pochodz\u0105ce z recyklingu. Ten obecnie \u015bwiatowy trend pozwala na przetworzenie tego, co do niedawna l\u0105dowa\u0142o na wysypiskach \u015bmieci i ponowne wykorzystanie surowc\u00f3w. Ociepliny pochodz\u0105ce z recyklingu cz\u0119sto maj\u0105 dopisek Eco w swojej nazwie. Tak jest w przypadku PrimaLoft Eco czy 3M\u2122 Thinsulate\u2122 Eco Featherless.<\/p>\n<h2><span class=\"ez-toc-section\" id=\"Nie_puch_i_nie_syntetyk\"><\/span>Nie puch i nie syntetyk<span class=\"ez-toc-section-end\"><\/span><\/h2>\n<p>Na rynku outdoorowym pojawiaj\u0105 si\u0119 tak\u017ce kurtki hybrydowe, w kt\u00f3rych po\u0142\u0105czono wype\u0142nienie naturalne i syntetyczne. Tam, gdzie potrzebne jest najwi\u0119cej ciep\u0142a, czyli w obr\u0119bie torsu mo\u017cesz liczy\u0107 na niezawodno\u015b\u0107 np. naturalnego puchu. Natomiast w miejscach o wi\u0119kszej potliwo\u015bci lub nara\u017conych na opady, stosowana jest ocieplina sztuczna. To dobre rozwi\u0105zanie je\u015bli wybierasz si\u0119 na wymagaj\u0105c\u0105 wspinaczk\u0119, gdzie mimo ch\u0142odu, b\u0119dziesz du\u017co czasu sp\u0119dza\u0107 w ruchu. Kurtka cz\u0119\u015bciowo jest odporna na wod\u0119, zatem przelotny deszcz nie powinien wyrz\u0105dzi\u0107 jej krzywdy.<\/p>\n<div id=\"attachment_4122\" style=\"width: 1034px\" class=\"wp-caption aligncenter\"><img loading=\"lazy\" decoding=\"async\" aria-describedby=\"caption-attachment-4122\" class=\"wp-image-4122 size-large\" title=\"Icebreaker Hyperia\" src=\"https:\/\/skalnik.pl\/blog\/wp-content\/uploads\/2018\/10\/icebreaker-hyperia-1024x726.jpg\" alt=\"\" width=\"1024\" height=\"726\" srcset=\"https:\/\/www.skalnik.pl\/blog\/wp-content\/uploads\/2018\/10\/icebreaker-hyperia-1024x726.jpg 1024w, https:\/\/www.skalnik.pl\/blog\/wp-content\/uploads\/2018\/10\/icebreaker-hyperia-300x213.jpg 300w, https:\/\/www.skalnik.pl\/blog\/wp-content\/uploads\/2018\/10\/icebreaker-hyperia-768x544.jpg 768w, https:\/\/www.skalnik.pl\/blog\/wp-content\/uploads\/2018\/10\/icebreaker-hyperia.jpg 1201w\" sizes=\"auto, (max-width: 1024px) 100vw, 1024px\" \/><p id=\"caption-attachment-4122\" class=\"wp-caption-text\">Kurtka Hyperia Icebreaker<\/p><\/div>\n<p>Jeszcze innym rodzajem ociepliny, kt\u00f3ra nie wpisuje si\u0119 ani w kategori\u0119 puch, ani w \u201esztuczny puch\u201d jest MerinoLoft\u00ae. Naturalna ocieplina pochodz\u0105ca z we\u0142ny merino, kt\u00f3r\u0105 w swoich kurtkach proponuje marka Icebreaker. W\u0142\u00f3kna merino maj\u0105 wi\u0119kszo\u015b\u0107 zalet sztucznych ocieplin \u2013 s\u0105 lekkie, ciep\u0142e, oddychaj\u0105ce i \u201edzia\u0142aj\u0105\u201d nawet wtedy, gdy s\u0105 wilgotne. S\u0105 r\u00f3wnie\u017c biodegradowalne, a ich pozyskiwanie jest zdecydowanie bardziej etyczne od puchu. Czy\u017cby w\u0142a\u015bnie merino zdobywa\u0142o kolejny segment rynku odzie\u017cy outdoor?<\/p>\n<p>Nie tylko jednak merino, tak\u017ce we\u0142na tyrolskich owiec wype\u0142nia kurtki. W zesz\u0142orocznej kolekcji marki Salewa pojawi\u0142a si\u0119 ocieplina TirolWool\u00ae Celliant \u0142\u0105cz\u0105ca w sobie naturaln\u0105 we\u0142n\u0105 i sztuczne w\u0142\u00f3kna. Taki maria\u017c to wi\u0119cej ciep\u0142a, kt\u00f3re jest zatrzymywane blisko cia\u0142a, lepsza oddychalno\u015b\u0107 i wi\u0119ksza odporno\u015b\u0107 na wilgo\u0107.<\/p>\n<p><iframe loading=\"lazy\" title=\"Salewa Tirolwool\u00ae  Celliant\u00ae\" width=\"500\" height=\"281\" src=\"https:\/\/www.youtube.com\/embed\/oy8vo4EGmK4?feature=oembed\" frameborder=\"0\" allow=\"accelerometer; autoplay; clipboard-write; encrypted-media; gyroscope; picture-in-picture; web-share\" referrerpolicy=\"strict-origin-when-cross-origin\" allowfullscreen><\/iframe><\/p>\n<p>Kurtki ocieplane na jesie\u0144 to ca\u0142a gama produkt\u00f3w. Je\u015bli dzia\u0142asz w ch\u0142odniejszym, ale suchym terenie kurtki z puchem naturalnym b\u0119d\u0105 dobrym wyborem. Dzi\u0119ki impregnacji puchu nie musisz martwi\u0107 si\u0119 przelotnym deszczem. Natomiast w przypadku bardziej niepewnej pogody, mniejszego bud\u017cetu lub du\u017cej intensywno\u015bci dzia\u0142a\u0144 sprawd\u017a ofert\u0119 <a href=\"https:\/\/skalnik.pl\/odziez\/kurtki-syntetyczne\">kurtek ze sztucznym ociepleniem<\/a>.<\/p>\n","protected":false},"excerpt":{"rendered":"<p>Je\u015bli nie naturalny puch, to co? Sztuczne ociepliny w kurtkach na jesie\u0144 s\u0105 coraz bardziej popularne. U\u017cytkownicy ceni\u0105 je za odporno\u015b\u0107 na wilgo\u0107 bez utraty w\u0142a\u015bciwo\u015bci izolacyjnych. To dobra wiadomo\u015b\u0107, gdy nadchodz\u0105 jesienne ch\u0142ody okraszone deszczami i mg\u0142ami.<\/p>\n","protected":false},"author":9,"featured_media":4165,"comment_status":"open","ping_status":"open","sticky":false,"template":"","format":"standard","meta":{"_acf_changed":false,"footnotes":""},"categories":[5,3],"tags":[167,15],"magento_category":[],"magento_product":[],"class_list":["post-4119","post","type-post","status-publish","format-standard","has-post-thumbnail","hentry","category-branza","category-porady","tag-kurtki-primaloft","tag-odziez"],"acf":[],"aioseo_notices":[],"aioseo_head":"\n\t\t<!-- All in One SEO 4.9.10 - aioseo.com -->\n\t<meta name=\"description\" content=\"Je\u015bli nie naturalny puch, to co? Sztuczne ociepliny w kurtkach na jesie\u0144 s\u0105 coraz bardziej popularne. U\u017cytkownicy ceni\u0105 je za odporno\u015b\u0107 na wilgo\u0107 bez utraty w\u0142a\u015bciwo\u015bci izolacyjnych. To dobra wiadomo\u015b\u0107, gdy nadchodz\u0105 jesienne ch\u0142ody okraszone deszczami i mg\u0142ami.\" \/>\n\t<meta name=\"robots\" content=\"max-image-preview:large\" \/>\n\t<meta name=\"author\" content=\"Beata Nawrotkiewicz\"\/>\n\t<link rel=\"canonical\" href=\"https:\/\/www.skalnik.pl\/blog\/sztuczny-puch-kurtki-na-jesien\/\" \/>\n\t<meta name=\"generator\" content=\"All in One SEO (AIOSEO) 4.9.10\" \/>\n\t\t<meta property=\"og:locale\" content=\"pl_PL\" \/>\n\t\t<meta property=\"og:site_name\" content=\"blog Skalnik - Blog, porady, artyku\u0142y - blog Skalnik\" \/>\n\t\t<meta property=\"og:type\" content=\"article\" \/>\n\t\t<meta property=\"og:title\" content=\"Sztuczny puch \u2013 kurtki na jesie\u0144 - blog Skalnik\" \/>\n\t\t<meta property=\"og:description\" content=\"Je\u015bli nie naturalny puch, to co? Sztuczne ociepliny w kurtkach na jesie\u0144 s\u0105 coraz bardziej popularne. U\u017cytkownicy ceni\u0105 je za odporno\u015b\u0107 na wilgo\u0107 bez utraty w\u0142a\u015bciwo\u015bci izolacyjnych. To dobra wiadomo\u015b\u0107, gdy nadchodz\u0105 jesienne ch\u0142ody okraszone deszczami i mg\u0142ami.\" \/>\n\t\t<meta property=\"og:url\" content=\"https:\/\/www.skalnik.pl\/blog\/sztuczny-puch-kurtki-na-jesien\/\" \/>\n\t\t<meta property=\"og:image\" content=\"https:\/\/skalnik.pl\/blog\/wp-content\/uploads\/2018\/10\/000_LO_FW18_NE_THERMOBALL_010-0.jpg\" \/>\n\t\t<meta property=\"og:image:secure_url\" content=\"https:\/\/skalnik.pl\/blog\/wp-content\/uploads\/2018\/10\/000_LO_FW18_NE_THERMOBALL_010-0.jpg\" \/>\n\t\t<meta property=\"article:tag\" content=\"bran\u017ca\" \/>\n\t\t<meta property=\"article:tag\" content=\"porady\" \/>\n\t\t<meta property=\"article:tag\" content=\"kurtki primaloft\" \/>\n\t\t<meta property=\"article:tag\" content=\"odzie\u017c\" \/>\n\t\t<meta property=\"article:published_time\" content=\"2018-10-01T11:25:59+00:00\" \/>\n\t\t<meta property=\"article:modified_time\" content=\"2019-08-01T15:26:44+00:00\" \/>\n\t\t<meta name=\"twitter:card\" content=\"summary_large_image\" \/>\n\t\t<meta name=\"twitter:title\" content=\"Sztuczny puch \u2013 kurtki na jesie\u0144 - blog Skalnik\" \/>\n\t\t<meta name=\"twitter:description\" content=\"Je\u015bli nie naturalny puch, to co? Sztuczne ociepliny w kurtkach na jesie\u0144 s\u0105 coraz bardziej popularne. U\u017cytkownicy ceni\u0105 je za odporno\u015b\u0107 na wilgo\u0107 bez utraty w\u0142a\u015bciwo\u015bci izolacyjnych. To dobra wiadomo\u015b\u0107, gdy nadchodz\u0105 jesienne ch\u0142ody okraszone deszczami i mg\u0142ami.\" \/>\n\t\t<meta name=\"twitter:image\" content=\"https:\/\/skalnik.pl\/blog\/wp-content\/uploads\/2018\/10\/000_LO_FW18_NE_THERMOBALL_010-0.jpg\" \/>\n\t\t<script type=\"application\/ld+json\" class=\"aioseo-schema\">\n\t\t\t{\"@context\":\"https:\\\/\\\/schema.org\",\"@graph\":[{\"@type\":\"BlogPosting\",\"@id\":\"https:\\\/\\\/www.skalnik.pl\\\/blog\\\/sztuczny-puch-kurtki-na-jesien\\\/#blogposting\",\"name\":\"Sztuczny puch \\u2013 kurtki na jesie\\u0144 - blog Skalnik\",\"headline\":\"Sztuczny puch &#8211; kurtki na jesie\\u0144\",\"author\":{\"@id\":\"https:\\\/\\\/www.skalnik.pl\\\/blog\\\/author\\\/beata-nawrotkiewicz\\\/#author\"},\"publisher\":{\"@id\":\"https:\\\/\\\/www.skalnik.pl\\\/blog\\\/#organization\"},\"image\":{\"@type\":\"ImageObject\",\"url\":\"https:\\\/\\\/www.skalnik.pl\\\/blog\\\/wp-content\\\/uploads\\\/2018\\\/10\\\/Patagonia-okladka..jpg\",\"width\":1920,\"height\":705},\"datePublished\":\"2018-10-01T13:25:59+02:00\",\"dateModified\":\"2019-08-01T17:26:44+02:00\",\"inLanguage\":\"pl-PL\",\"commentCount\":1,\"mainEntityOfPage\":{\"@id\":\"https:\\\/\\\/www.skalnik.pl\\\/blog\\\/sztuczny-puch-kurtki-na-jesien\\\/#webpage\"},\"isPartOf\":{\"@id\":\"https:\\\/\\\/www.skalnik.pl\\\/blog\\\/sztuczny-puch-kurtki-na-jesien\\\/#webpage\"},\"articleSection\":\"Bran\\u017ca, Porady, kurtki primaloft, odzie\\u017c\"},{\"@type\":\"BreadcrumbList\",\"@id\":\"https:\\\/\\\/www.skalnik.pl\\\/blog\\\/sztuczny-puch-kurtki-na-jesien\\\/#breadcrumblist\",\"itemListElement\":[{\"@type\":\"ListItem\",\"@id\":\"https:\\\/\\\/www.skalnik.pl\\\/blog#listItem\",\"position\":1,\"name\":\"Home\",\"item\":\"https:\\\/\\\/www.skalnik.pl\\\/blog\",\"nextItem\":{\"@type\":\"ListItem\",\"@id\":\"https:\\\/\\\/www.skalnik.pl\\\/blog\\\/.\\\/porady\\\/#listItem\",\"name\":\"Porady\"}},{\"@type\":\"ListItem\",\"@id\":\"https:\\\/\\\/www.skalnik.pl\\\/blog\\\/.\\\/porady\\\/#listItem\",\"position\":2,\"name\":\"Porady\",\"item\":\"https:\\\/\\\/www.skalnik.pl\\\/blog\\\/.\\\/porady\\\/\",\"nextItem\":{\"@type\":\"ListItem\",\"@id\":\"https:\\\/\\\/www.skalnik.pl\\\/blog\\\/sztuczny-puch-kurtki-na-jesien\\\/#listItem\",\"name\":\"Sztuczny puch &#8211; kurtki na jesie\\u0144\"},\"previousItem\":{\"@type\":\"ListItem\",\"@id\":\"https:\\\/\\\/www.skalnik.pl\\\/blog#listItem\",\"name\":\"Home\"}},{\"@type\":\"ListItem\",\"@id\":\"https:\\\/\\\/www.skalnik.pl\\\/blog\\\/sztuczny-puch-kurtki-na-jesien\\\/#listItem\",\"position\":3,\"name\":\"Sztuczny puch &#8211; kurtki na jesie\\u0144\",\"previousItem\":{\"@type\":\"ListItem\",\"@id\":\"https:\\\/\\\/www.skalnik.pl\\\/blog\\\/.\\\/porady\\\/#listItem\",\"name\":\"Porady\"}}]},{\"@type\":\"Organization\",\"@id\":\"https:\\\/\\\/www.skalnik.pl\\\/blog\\\/#organization\",\"name\":\"blog Skalnik\",\"description\":\"Blog, porady, artyku\\u0142y - blog Skalnik\",\"url\":\"https:\\\/\\\/www.skalnik.pl\\\/blog\\\/\"},{\"@type\":\"Person\",\"@id\":\"https:\\\/\\\/www.skalnik.pl\\\/blog\\\/author\\\/beata-nawrotkiewicz\\\/#author\",\"url\":\"https:\\\/\\\/www.skalnik.pl\\\/blog\\\/author\\\/beata-nawrotkiewicz\\\/\",\"name\":\"Beata Nawrotkiewicz\",\"image\":{\"@type\":\"ImageObject\",\"@id\":\"https:\\\/\\\/www.skalnik.pl\\\/blog\\\/sztuczny-puch-kurtki-na-jesien\\\/#authorImage\",\"url\":\"https:\\\/\\\/secure.gravatar.com\\\/avatar\\\/53cf81cfcc3a81694535515925ffcf159be725e8bd1fb455eeb9e2cadcaa5684?s=96&d=mm&r=g\",\"width\":96,\"height\":96,\"caption\":\"Beata Nawrotkiewicz\"}},{\"@type\":\"WebPage\",\"@id\":\"https:\\\/\\\/www.skalnik.pl\\\/blog\\\/sztuczny-puch-kurtki-na-jesien\\\/#webpage\",\"url\":\"https:\\\/\\\/www.skalnik.pl\\\/blog\\\/sztuczny-puch-kurtki-na-jesien\\\/\",\"name\":\"Sztuczny puch \\u2013 kurtki na jesie\\u0144 - blog Skalnik\",\"description\":\"Je\\u015bli nie naturalny puch, to co? Sztuczne ociepliny w kurtkach na jesie\\u0144 s\\u0105 coraz bardziej popularne. U\\u017cytkownicy ceni\\u0105 je za odporno\\u015b\\u0107 na wilgo\\u0107 bez utraty w\\u0142a\\u015bciwo\\u015bci izolacyjnych. To dobra wiadomo\\u015b\\u0107, gdy nadchodz\\u0105 jesienne ch\\u0142ody okraszone deszczami i mg\\u0142ami.\",\"inLanguage\":\"pl-PL\",\"isPartOf\":{\"@id\":\"https:\\\/\\\/www.skalnik.pl\\\/blog\\\/#website\"},\"breadcrumb\":{\"@id\":\"https:\\\/\\\/www.skalnik.pl\\\/blog\\\/sztuczny-puch-kurtki-na-jesien\\\/#breadcrumblist\"},\"author\":{\"@id\":\"https:\\\/\\\/www.skalnik.pl\\\/blog\\\/author\\\/beata-nawrotkiewicz\\\/#author\"},\"creator\":{\"@id\":\"https:\\\/\\\/www.skalnik.pl\\\/blog\\\/author\\\/beata-nawrotkiewicz\\\/#author\"},\"image\":{\"@type\":\"ImageObject\",\"url\":\"https:\\\/\\\/www.skalnik.pl\\\/blog\\\/wp-content\\\/uploads\\\/2018\\\/10\\\/Patagonia-okladka..jpg\",\"@id\":\"https:\\\/\\\/www.skalnik.pl\\\/blog\\\/sztuczny-puch-kurtki-na-jesien\\\/#mainImage\",\"width\":1920,\"height\":705},\"primaryImageOfPage\":{\"@id\":\"https:\\\/\\\/www.skalnik.pl\\\/blog\\\/sztuczny-puch-kurtki-na-jesien\\\/#mainImage\"},\"datePublished\":\"2018-10-01T13:25:59+02:00\",\"dateModified\":\"2019-08-01T17:26:44+02:00\"},{\"@type\":\"WebSite\",\"@id\":\"https:\\\/\\\/www.skalnik.pl\\\/blog\\\/#website\",\"url\":\"https:\\\/\\\/www.skalnik.pl\\\/blog\\\/\",\"name\":\"blog Skalnik\",\"description\":\"Blog, porady, artyku\\u0142y - blog Skalnik\",\"inLanguage\":\"pl-PL\",\"publisher\":{\"@id\":\"https:\\\/\\\/www.skalnik.pl\\\/blog\\\/#organization\"}}]}\n\t\t<\/script>\n\t\t<!-- All in One SEO -->\n\n","aioseo_head_json":{"title":"Sztuczny puch \u2013 kurtki na jesie\u0144 - blog Skalnik","description":"Je\u015bli nie naturalny puch, to co? Sztuczne ociepliny w kurtkach na jesie\u0144 s\u0105 coraz bardziej popularne. U\u017cytkownicy ceni\u0105 je za odporno\u015b\u0107 na wilgo\u0107 bez utraty w\u0142a\u015bciwo\u015bci izolacyjnych. To dobra wiadomo\u015b\u0107, gdy nadchodz\u0105 jesienne ch\u0142ody okraszone deszczami i mg\u0142ami.","canonical_url":"https:\/\/www.skalnik.pl\/blog\/sztuczny-puch-kurtki-na-jesien\/","robots":"max-image-preview:large","keywords":"","webmasterTools":{"miscellaneous":""},"schema":{"@context":"https:\/\/schema.org","@graph":[{"@type":"BlogPosting","@id":"https:\/\/www.skalnik.pl\/blog\/sztuczny-puch-kurtki-na-jesien\/#blogposting","name":"Sztuczny puch \u2013 kurtki na jesie\u0144 - blog Skalnik","headline":"Sztuczny puch &#8211; kurtki na jesie\u0144","author":{"@id":"https:\/\/www.skalnik.pl\/blog\/author\/beata-nawrotkiewicz\/#author"},"publisher":{"@id":"https:\/\/www.skalnik.pl\/blog\/#organization"},"image":{"@type":"ImageObject","url":"https:\/\/www.skalnik.pl\/blog\/wp-content\/uploads\/2018\/10\/Patagonia-okladka..jpg","width":1920,"height":705},"datePublished":"2018-10-01T13:25:59+02:00","dateModified":"2019-08-01T17:26:44+02:00","inLanguage":"pl-PL","commentCount":1,"mainEntityOfPage":{"@id":"https:\/\/www.skalnik.pl\/blog\/sztuczny-puch-kurtki-na-jesien\/#webpage"},"isPartOf":{"@id":"https:\/\/www.skalnik.pl\/blog\/sztuczny-puch-kurtki-na-jesien\/#webpage"},"articleSection":"Bran\u017ca, Porady, kurtki primaloft, odzie\u017c"},{"@type":"BreadcrumbList","@id":"https:\/\/www.skalnik.pl\/blog\/sztuczny-puch-kurtki-na-jesien\/#breadcrumblist","itemListElement":[{"@type":"ListItem","@id":"https:\/\/www.skalnik.pl\/blog#listItem","position":1,"name":"Home","item":"https:\/\/www.skalnik.pl\/blog","nextItem":{"@type":"ListItem","@id":"https:\/\/www.skalnik.pl\/blog\/.\/porady\/#listItem","name":"Porady"}},{"@type":"ListItem","@id":"https:\/\/www.skalnik.pl\/blog\/.\/porady\/#listItem","position":2,"name":"Porady","item":"https:\/\/www.skalnik.pl\/blog\/.\/porady\/","nextItem":{"@type":"ListItem","@id":"https:\/\/www.skalnik.pl\/blog\/sztuczny-puch-kurtki-na-jesien\/#listItem","name":"Sztuczny puch &#8211; kurtki na jesie\u0144"},"previousItem":{"@type":"ListItem","@id":"https:\/\/www.skalnik.pl\/blog#listItem","name":"Home"}},{"@type":"ListItem","@id":"https:\/\/www.skalnik.pl\/blog\/sztuczny-puch-kurtki-na-jesien\/#listItem","position":3,"name":"Sztuczny puch &#8211; kurtki na jesie\u0144","previousItem":{"@type":"ListItem","@id":"https:\/\/www.skalnik.pl\/blog\/.\/porady\/#listItem","name":"Porady"}}]},{"@type":"Organization","@id":"https:\/\/www.skalnik.pl\/blog\/#organization","name":"blog Skalnik","description":"Blog, porady, artyku\u0142y - blog Skalnik","url":"https:\/\/www.skalnik.pl\/blog\/"},{"@type":"Person","@id":"https:\/\/www.skalnik.pl\/blog\/author\/beata-nawrotkiewicz\/#author","url":"https:\/\/www.skalnik.pl\/blog\/author\/beata-nawrotkiewicz\/","name":"Beata Nawrotkiewicz","image":{"@type":"ImageObject","@id":"https:\/\/www.skalnik.pl\/blog\/sztuczny-puch-kurtki-na-jesien\/#authorImage","url":"https:\/\/secure.gravatar.com\/avatar\/53cf81cfcc3a81694535515925ffcf159be725e8bd1fb455eeb9e2cadcaa5684?s=96&d=mm&r=g","width":96,"height":96,"caption":"Beata Nawrotkiewicz"}},{"@type":"WebPage","@id":"https:\/\/www.skalnik.pl\/blog\/sztuczny-puch-kurtki-na-jesien\/#webpage","url":"https:\/\/www.skalnik.pl\/blog\/sztuczny-puch-kurtki-na-jesien\/","name":"Sztuczny puch \u2013 kurtki na jesie\u0144 - blog Skalnik","description":"Je\u015bli nie naturalny puch, to co? Sztuczne ociepliny w kurtkach na jesie\u0144 s\u0105 coraz bardziej popularne. U\u017cytkownicy ceni\u0105 je za odporno\u015b\u0107 na wilgo\u0107 bez utraty w\u0142a\u015bciwo\u015bci izolacyjnych. To dobra wiadomo\u015b\u0107, gdy nadchodz\u0105 jesienne ch\u0142ody okraszone deszczami i mg\u0142ami.","inLanguage":"pl-PL","isPartOf":{"@id":"https:\/\/www.skalnik.pl\/blog\/#website"},"breadcrumb":{"@id":"https:\/\/www.skalnik.pl\/blog\/sztuczny-puch-kurtki-na-jesien\/#breadcrumblist"},"author":{"@id":"https:\/\/www.skalnik.pl\/blog\/author\/beata-nawrotkiewicz\/#author"},"creator":{"@id":"https:\/\/www.skalnik.pl\/blog\/author\/beata-nawrotkiewicz\/#author"},"image":{"@type":"ImageObject","url":"https:\/\/www.skalnik.pl\/blog\/wp-content\/uploads\/2018\/10\/Patagonia-okladka..jpg","@id":"https:\/\/www.skalnik.pl\/blog\/sztuczny-puch-kurtki-na-jesien\/#mainImage","width":1920,"height":705},"primaryImageOfPage":{"@id":"https:\/\/www.skalnik.pl\/blog\/sztuczny-puch-kurtki-na-jesien\/#mainImage"},"datePublished":"2018-10-01T13:25:59+02:00","dateModified":"2019-08-01T17:26:44+02:00"},{"@type":"WebSite","@id":"https:\/\/www.skalnik.pl\/blog\/#website","url":"https:\/\/www.skalnik.pl\/blog\/","name":"blog Skalnik","description":"Blog, porady, artyku\u0142y - blog Skalnik","inLanguage":"pl-PL","publisher":{"@id":"https:\/\/www.skalnik.pl\/blog\/#organization"}}]},"og:locale":"pl_PL","og:site_name":"blog Skalnik - Blog, porady, artyku\u0142y - blog Skalnik","og:type":"article","og:title":"Sztuczny puch \u2013 kurtki na jesie\u0144 - blog Skalnik","og:description":"Je\u015bli nie naturalny puch, to co? Sztuczne ociepliny w kurtkach na jesie\u0144 s\u0105 coraz bardziej popularne. U\u017cytkownicy ceni\u0105 je za odporno\u015b\u0107 na wilgo\u0107 bez utraty w\u0142a\u015bciwo\u015bci izolacyjnych. To dobra wiadomo\u015b\u0107, gdy nadchodz\u0105 jesienne ch\u0142ody okraszone deszczami i mg\u0142ami.","og:url":"https:\/\/www.skalnik.pl\/blog\/sztuczny-puch-kurtki-na-jesien\/","og:image":"https:\/\/skalnik.pl\/blog\/wp-content\/uploads\/2018\/10\/000_LO_FW18_NE_THERMOBALL_010-0.jpg","og:image:secure_url":"https:\/\/skalnik.pl\/blog\/wp-content\/uploads\/2018\/10\/000_LO_FW18_NE_THERMOBALL_010-0.jpg","article:tag":["bran\u017ca","porady","kurtki primaloft","odzie\u017c"],"article:published_time":"2018-10-01T11:25:59+00:00","article:modified_time":"2019-08-01T15:26:44+00:00","twitter:card":"summary_large_image","twitter:title":"Sztuczny puch \u2013 kurtki na jesie\u0144 - blog Skalnik","twitter:description":"Je\u015bli nie naturalny puch, to co? Sztuczne ociepliny w kurtkach na jesie\u0144 s\u0105 coraz bardziej popularne. U\u017cytkownicy ceni\u0105 je za odporno\u015b\u0107 na wilgo\u0107 bez utraty w\u0142a\u015bciwo\u015bci izolacyjnych. To dobra wiadomo\u015b\u0107, gdy nadchodz\u0105 jesienne ch\u0142ody okraszone deszczami i mg\u0142ami.","twitter:image":"https:\/\/skalnik.pl\/blog\/wp-content\/uploads\/2018\/10\/000_LO_FW18_NE_THERMOBALL_010-0.jpg"},"aioseo_meta_data":{"post_id":"4119","title":null,"description":null,"keywords":null,"keyphrases":null,"primary_term":null,"canonical_url":null,"og_title":null,"og_description":null,"og_object_type":"default","og_image_type":"default","og_image_url":null,"og_image_width":null,"og_image_height":null,"og_image_custom_url":null,"og_image_custom_fields":null,"og_video":null,"og_custom_url":null,"og_article_section":null,"og_article_tags":null,"twitter_use_og":false,"twitter_card":"default","twitter_image_type":"default","twitter_image_url":null,"twitter_image_custom_url":null,"twitter_image_custom_fields":null,"twitter_title":null,"twitter_description":null,"schema":{"blockGraphs":[],"customGraphs":[],"default":{"data":{"Article":[],"Course":[],"Dataset":[],"FAQPage":[],"Movie":[],"Person":[],"Product":[],"ProductReview":[],"Car":[],"Recipe":[],"Service":[],"SoftwareApplication":[],"WebPage":[]},"graphName":"BlogPosting","isEnabled":true},"graphs":[]},"schema_type":"default","schema_type_options":null,"pillar_content":false,"robots_default":true,"robots_noindex":false,"robots_noarchive":false,"robots_nosnippet":false,"robots_nofollow":false,"robots_noimageindex":false,"robots_noodp":false,"robots_notranslate":false,"robots_max_snippet":null,"robots_max_videopreview":null,"robots_max_imagepreview":"large","priority":null,"frequency":null,"local_seo":null,"breadcrumb_settings":null,"limit_modified_date":false,"ai":null,"created":"2022-08-26 09:53:00","updated":"2026-02-17 21:26:30","seo_analyzer_scan_date":null},"aioseo_breadcrumb":"<div class=\"aioseo-breadcrumbs\"><span class=\"aioseo-breadcrumb\">\n\t\t\t<a href=\"https:\/\/www.skalnik.pl\/blog\" title=\"Home\">Home<\/a>\n\t\t<\/span><span class=\"aioseo-breadcrumb-separator\">&raquo;<\/span><span class=\"aioseo-breadcrumb\">\n\t\t\t<a href=\"https:\/\/www.skalnik.pl\/blog\/.\/porady\/\" title=\"Porady\">Porady<\/a>\n\t\t<\/span><span class=\"aioseo-breadcrumb-separator\">&raquo;<\/span><span class=\"aioseo-breadcrumb\">\n\t\t\tSztuczny puch \u2013 kurtki na jesie\u0144\n\t\t<\/span><\/div>","aioseo_breadcrumb_json":[{"label":"Home","link":"https:\/\/www.skalnik.pl\/blog"},{"label":"Porady","link":"https:\/\/www.skalnik.pl\/blog\/.\/porady\/"},{"label":"Sztuczny puch &#8211; kurtki na jesie\u0144","link":"https:\/\/www.skalnik.pl\/blog\/sztuczny-puch-kurtki-na-jesien\/"}],"_links":{"self":[{"href":"https:\/\/www.skalnik.pl\/blog\/wp-json\/wp\/v2\/posts\/4119","targetHints":{"allow":["GET"]}}],"collection":[{"href":"https:\/\/www.skalnik.pl\/blog\/wp-json\/wp\/v2\/posts"}],"about":[{"href":"https:\/\/www.skalnik.pl\/blog\/wp-json\/wp\/v2\/types\/post"}],"author":[{"embeddable":true,"href":"https:\/\/www.skalnik.pl\/blog\/wp-json\/wp\/v2\/users\/9"}],"replies":[{"embeddable":true,"href":"https:\/\/www.skalnik.pl\/blog\/wp-json\/wp\/v2\/comments?post=4119"}],"version-history":[{"count":13,"href":"https:\/\/www.skalnik.pl\/blog\/wp-json\/wp\/v2\/posts\/4119\/revisions"}],"predecessor-version":[{"id":8205,"href":"https:\/\/www.skalnik.pl\/blog\/wp-json\/wp\/v2\/posts\/4119\/revisions\/8205"}],"wp:featuredmedia":[{"embeddable":true,"href":"https:\/\/www.skalnik.pl\/blog\/wp-json\/wp\/v2\/media\/4165"}],"wp:attachment":[{"href":"https:\/\/www.skalnik.pl\/blog\/wp-json\/wp\/v2\/media?parent=4119"}],"wp:term":[{"taxonomy":"category","embeddable":true,"href":"https:\/\/www.skalnik.pl\/blog\/wp-json\/wp\/v2\/categories?post=4119"},{"taxonomy":"post_tag","embeddable":true,"href":"https:\/\/www.skalnik.pl\/blog\/wp-json\/wp\/v2\/tags?post=4119"},{"taxonomy":"magento_category","embeddable":true,"href":"https:\/\/www.skalnik.pl\/blog\/wp-json\/wp\/v2\/magento_category?post=4119"},{"taxonomy":"magento_product","embeddable":true,"href":"https:\/\/www.skalnik.pl\/blog\/wp-json\/wp\/v2\/magento_product?post=4119"}],"curies":[{"name":"wp","href":"https:\/\/api.w.org\/{rel}","templated":true}]}}