{"id":4120,"date":"2018-10-02T15:26:02","date_gmt":"2018-10-02T13:26:02","guid":{"rendered":"https:\/\/skalnik.pl\/blog\/?p=4120"},"modified":"2019-03-22T13:43:59","modified_gmt":"2019-03-22T12:43:59","slug":"lubie-podejmowac-decyzje-wywiad-z-marta-sokolowska","status":"publish","type":"post","link":"https:\/\/www.skalnik.pl\/blog\/lubie-podejmowac-decyzje-wywiad-z-marta-sokolowska\/","title":{"rendered":"Lubi\u0119 podejmowa\u0107 decyzje &#8211; wywiad z Mart\u0105 Soko\u0142owsk\u0105"},"content":{"rendered":"<p><b>O Marcie Soko\u0142owskiej us\u0142ysza\u0142em pierwszy raz, gdy w r\u0119ce trafi\u0142 mi \u201cCrag Magazin\u201d z jej artyku\u0142em zatytu\u0142owanym \u201cZa g\u0142osem serca\u201d. To by\u0142a szczera opowie\u015b\u0107 o pasji. By\u0142a to jedna z takich opowie\u015bci, kt\u00f3rych \u0142atwo si\u0119 nie zapomina. Marta Soko\u0142owska wspina si\u0119, praktykuje jog\u0119 i uczy jej. Jest r\u00f3wnie\u017c jedn\u0105 z niewielu os\u00f3b pochodz\u0105cych z Polski, kt\u00f3re wykonuj\u0105 w g\u00f3rach skoki B.A.S.E. Poszukuj\u0105c w g\u00f3rach przygody, znajduje w nich znacznie, znacznie wi\u0119cej.<\/b><\/p>\n<p>&nbsp;<\/p>\n<p><b>Wspinanie dla Ciebie to sport czy styl \u017cycia?<\/b><\/p>\n<p>Wspinanie to g\u00f3ry i styl \u017cycia dla mnie. Sportowe wspinanie r\u00f3wnie\u017c lubi\u0119, bardzo lubi\u0119 wspinanie w ska\u0142kach, ale traktuj\u0119 je bardziej jako trening i wspinanie piknikowe. Po prostu w ska\u0142kach warunki pogodowe nie graj\u0105 takiej roli, jak\u0105 graj\u0105 w g\u00f3rach. Kiedy za\u0142amuje si\u0119 pogoda mo\u017cna zjecha\u0107 na d\u00f3\u0142 i i\u015b\u0107 do baru na piwo. Jak jeste\u015b w g\u00f3rach musisz rozwa\u017cy\u0107 o wiele wi\u0119cej czynnik\u00f3w i tam ju\u017c wycof zwykle jest trudniejszy.<\/p>\n<p><b><br \/>\nZajmujesz si\u0119 propagowaniem jogi. Nie od dzi\u015b m\u00f3wi si\u0119, \u017ce to \u015bwietny spos\u00f3b na trening uzupe\u0142niaj\u0105cy dla wspinaczy. Du\u017co wspinaczy praktykuje jog\u0119, czy ci\u0105gle jest nas zbyt ma\u0142o?<\/b><\/p>\n<p>W tej chwili \u2013 por\u00f3wnuj\u0105c sytuacj\u0119 do momentu, gdy zaczyna\u0142am prowadzi\u0107 jog\u0119 dla wspinaczy \u2013 jest to naprawd\u0119 du\u017ca grupa os\u00f3b. Wspinacze przekonali si\u0119 do jogi, zw\u0142aszcza widz\u0105c, jakie to przynosi efekty. Kiedy mieszka\u0142am jeszcze w Polsce, mia\u0142am tak\u0105 grup\u0119 eksperymentaln\u0105 na boulderowni Salewa Block w Zabrzu, kt\u00f3ra sk\u0142ada\u0142a si\u0119 z dwunastu wspinaj\u0105cych si\u0119 os\u00f3b. Osoby te przychodzi\u0142y raz w tygodniu na dwie godziny zaj\u0119\u0107 z jogi. Czasem zrezygnowa\u0142y one nawet z jednego treningu wspinaczkowego w tygodniu kosztem tych zaj\u0119\u0107. Po jesieni, zimie i wio\u015bnie, czyli po jednym okresie przygotowuj\u0105cym do sezonu letniego efekty, kt\u00f3re zobaczy\u0142am u tych os\u00f3b by\u0142y wr\u0119cz zadziwiaj\u0105ce. Okaza\u0142o si\u0119, \u017ce mo\u017cna zrezygnowa\u0107 z jednego treningu wspinaczkowego i mimo to podnie\u015b\u0107 swoj\u0105 form\u0119.<\/p>\n<div id=\"attachment_4130\" style=\"width: 936px\" class=\"wp-caption aligncenter\"><img loading=\"lazy\" decoding=\"async\" aria-describedby=\"caption-attachment-4130\" class=\"wp-image-4130 size-large\" src=\"https:\/\/skalnik.pl\/blog\/wp-content\/uploads\/2018\/10\/A7R03994-e1538379844239-926x1024.jpg\" alt=\"\" width=\"926\" height=\"1024\" srcset=\"https:\/\/www.skalnik.pl\/blog\/wp-content\/uploads\/2018\/10\/A7R03994-e1538379844239-926x1024.jpg 926w, https:\/\/www.skalnik.pl\/blog\/wp-content\/uploads\/2018\/10\/A7R03994-e1538379844239-271x300.jpg 271w, https:\/\/www.skalnik.pl\/blog\/wp-content\/uploads\/2018\/10\/A7R03994-e1538379844239-768x849.jpg 768w, https:\/\/www.skalnik.pl\/blog\/wp-content\/uploads\/2018\/10\/A7R03994-e1538379844239.jpg 1386w\" sizes=\"auto, (max-width: 926px) 100vw, 926px\" \/><p id=\"caption-attachment-4130\" class=\"wp-caption-text\">&#8222;Na warsztatach, kt\u00f3re organizuj\u0119, ucz\u0119 ludzi pracy z cia\u0142em, \u015bwiadomo\u015bci cia\u0142a i oddechu&#8221; (fot. Bart Bazior)<\/p><\/div>\n<p><b>Co konkretnie daje wspinaczowi joga?<\/b><\/p>\n<p>Dzi\u0119ki jodze udaje si\u0119 zwi\u0119kszy\u0107 ruchomo\u015b\u0107 staw\u00f3w, a przez to te\u017c zakres ruch\u00f3w, si\u0119ganie do chwyt\u00f3w, wysokie wstawianie st\u00f3p, zwi\u0119kszy\u0107 ekonomi\u0119 wspinania. Je\u017celi jeste\u015b w stanie wysoko wstawi\u0107 nog\u0119, to nie musisz korzysta\u0107 z ma\u0142ego mi\u0119\u015bnia r\u0119ki, tylko korzystasz z du\u017cego i silnego mi\u0119\u015bnia nogi.<\/p>\n<p>Istotna jest r\u00f3wnie\u017c umiej\u0119tno\u015b\u0107 oddechu, kt\u00f3ra przy wspinaniu jest super wa\u017cna. Na boulderowni cz\u0119sto widzia\u0142am osoby, kt\u00f3re pr\u00f3buj\u0105c przej\u015b\u0107 jakie\u015b trudne miejsce, zapomina\u0142y o oddechu. Ich szyja stawa\u0142a si\u0119 czerwona, uszy stawa\u0142y si\u0119 czerwone i za moment spadali z przystawki. To by\u0142o wida\u0107 go\u0142ym okiem, \u017ce kto\u015b przestaje oddycha\u0107 z wysi\u0142ku. Je\u017celi oddychasz ca\u0142y czas, masz t\u0119 \u015bwiadomo\u015b\u0107 oddechu \u2013 a joga tego uczy \u2013 to do czego\u015b takiego nie dojdzie.<\/p>\n<p>Na warsztatach, kt\u00f3re organizuj\u0119, ucz\u0119 ludzi pracy z cia\u0142em, \u015bwiadomo\u015bci cia\u0142a i oddechu oraz tego, \u017ce dzi\u0119ki nim mog\u0105 zrobi\u0107 o wiele wi\u0119cej (we wspinaniu, w sporcie, w \u017cyciu), ni\u017c im si\u0119 wydaje. Dla mnie osobi\u015bcie niesamowite jest to, \u017ce ludzie, kt\u00f3rzy zainteresowali si\u0119 jog\u0105 z przer\u00f3\u017cnych wzgl\u0119d\u00f3w \u2013 z ciekawo\u015bci, ze wzgl\u0119d\u00f3w zdrowotnych, czy te\u017c po prostu z zainteresowania kultur\u0105 Dalekiego Wschodu \u2013 zawsze znajduj\u0105 w jodze to, czego szukali, a z czasem nawet o wiele wi\u0119cej. Uwielbiam patrze\u0107, jak dzi\u0119ki jodze ludzie niepostrze\u017cenie zmieniaj\u0105 swoje \u017cycie na lepsze, bardziej wiedz\u0105 czego chc\u0105, co jest dla nich wa\u017cne; zaczynaj\u0105 rozumie\u0107, \u017ce maj\u0105 wp\u0142yw nie tylko na to, jak si\u0119 czuj\u0105 fizycznie w swojej sk\u00f3rze, ale r\u00f3wnie\u017c na swoje emocje i og\u00f3lne samopoczucie, na ca\u0142e swoje \u017cycie.<\/p>\n<div class=\"page_gallery\">\n\n\t\t<style type=\"text\/css\">\n\t\t\t#gallery-1 {\n\t\t\t\tmargin: auto;\n\t\t\t}\n\t\t\t#gallery-1 .gallery-item {\n\t\t\t\tfloat: left;\n\t\t\t\tmargin-top: 10px;\n\t\t\t\ttext-align: center;\n\t\t\t\twidth: 33%;\n\t\t\t}\n\t\t\t#gallery-1 img {\n\t\t\t\tborder: 2px solid #cfcfcf;\n\t\t\t}\n\t\t\t#gallery-1 .gallery-caption {\n\t\t\t\tmargin-left: 0;\n\t\t\t}\n\t\t\t\/* see gallery_shortcode() in wp-includes\/media.php *\/\n\t\t<\/style>\n\t\t<div id='gallery-1' class='gallery galleryid-4120 gallery-columns-3 gallery-size-large'><dl class='gallery-item'>\n\t\t\t<dt class='gallery-icon portrait'>\n\t\t\t\t<img loading=\"lazy\" decoding=\"async\" width=\"822\" height=\"1024\" src=\"https:\/\/www.skalnik.pl\/blog\/wp-content\/uploads\/2018\/10\/IMG_0054-1-e1538395355703-822x1024.jpg\" class=\"attachment-large size-large\" alt=\"\" aria-describedby=\"gallery-1-4190\" srcset=\"https:\/\/www.skalnik.pl\/blog\/wp-content\/uploads\/2018\/10\/IMG_0054-1-e1538395355703-822x1024.jpg 822w, https:\/\/www.skalnik.pl\/blog\/wp-content\/uploads\/2018\/10\/IMG_0054-1-e1538395355703-241x300.jpg 241w, https:\/\/www.skalnik.pl\/blog\/wp-content\/uploads\/2018\/10\/IMG_0054-1-e1538395355703-768x957.jpg 768w, https:\/\/www.skalnik.pl\/blog\/wp-content\/uploads\/2018\/10\/IMG_0054-1-e1538395355703.jpg 1359w\" sizes=\"auto, (max-width: 822px) 100vw, 822px\" \/>\n\t\t\t<\/dt>\n\t\t\t\t<dd class='wp-caption-text gallery-caption' id='gallery-1-4190'>\n\t\t\t\t&#8222;Wspinanie to g\u00f3ry i styl \u017cycia&#8221; (fot. Bart Bazior)\n\t\t\t\t<\/dd><\/dl><dl class='gallery-item'>\n\t\t\t<dt class='gallery-icon landscape'>\n\t\t\t\t<img loading=\"lazy\" decoding=\"async\" width=\"1024\" height=\"657\" src=\"https:\/\/www.skalnik.pl\/blog\/wp-content\/uploads\/2018\/10\/ladek3-2-e1538388899651-1024x657.jpg\" class=\"attachment-large size-large\" alt=\"\" aria-describedby=\"gallery-1-4178\" srcset=\"https:\/\/www.skalnik.pl\/blog\/wp-content\/uploads\/2018\/10\/ladek3-2-e1538388899651-1024x657.jpg 1024w, https:\/\/www.skalnik.pl\/blog\/wp-content\/uploads\/2018\/10\/ladek3-2-e1538388899651-300x193.jpg 300w, https:\/\/www.skalnik.pl\/blog\/wp-content\/uploads\/2018\/10\/ladek3-2-e1538388899651-768x493.jpg 768w, https:\/\/www.skalnik.pl\/blog\/wp-content\/uploads\/2018\/10\/ladek3-2-e1538388899651.jpg 1810w\" sizes=\"auto, (max-width: 1024px) 100vw, 1024px\" \/>\n\t\t\t<\/dt>\n\t\t\t\t<dd class='wp-caption-text gallery-caption' id='gallery-1-4178'>\n\t\t\t\tPoranna joga z Mart\u0105 Soko\u0142owsk\u0105\n\t\t\t\t<\/dd><\/dl><dl class='gallery-item'>\n\t\t\t<dt class='gallery-icon landscape'>\n\t\t\t\t<img loading=\"lazy\" decoding=\"async\" width=\"1024\" height=\"715\" src=\"https:\/\/www.skalnik.pl\/blog\/wp-content\/uploads\/2018\/10\/ladek-1-1-e1538388676491-1024x715.jpg\" class=\"attachment-large size-large\" alt=\"\" aria-describedby=\"gallery-1-4174\" srcset=\"https:\/\/www.skalnik.pl\/blog\/wp-content\/uploads\/2018\/10\/ladek-1-1-e1538388676491-1024x715.jpg 1024w, https:\/\/www.skalnik.pl\/blog\/wp-content\/uploads\/2018\/10\/ladek-1-1-e1538388676491-300x209.jpg 300w, https:\/\/www.skalnik.pl\/blog\/wp-content\/uploads\/2018\/10\/ladek-1-1-e1538388676491-768x536.jpg 768w, https:\/\/www.skalnik.pl\/blog\/wp-content\/uploads\/2018\/10\/ladek-1-1-e1538388676491.jpg 1586w\" sizes=\"auto, (max-width: 1024px) 100vw, 1024px\" \/>\n\t\t\t<\/dt>\n\t\t\t\t<dd class='wp-caption-text gallery-caption' id='gallery-1-4174'>\n\t\t\t\tMarta prowadzi porann\u0105 jog\u0119\n\t\t\t\t<\/dd><\/dl><br style=\"clear: both\" \/><dl class='gallery-item'>\n\t\t\t<dt class='gallery-icon landscape'>\n\t\t\t\t<img loading=\"lazy\" decoding=\"async\" width=\"1024\" height=\"683\" src=\"https:\/\/www.skalnik.pl\/blog\/wp-content\/uploads\/2018\/10\/ladek2-1024x683.jpg\" class=\"attachment-large size-large\" alt=\"\" aria-describedby=\"gallery-1-4168\" srcset=\"https:\/\/www.skalnik.pl\/blog\/wp-content\/uploads\/2018\/10\/ladek2-1024x683.jpg 1024w, https:\/\/www.skalnik.pl\/blog\/wp-content\/uploads\/2018\/10\/ladek2-300x200.jpg 300w, https:\/\/www.skalnik.pl\/blog\/wp-content\/uploads\/2018\/10\/ladek2-768x512.jpg 768w\" sizes=\"auto, (max-width: 1024px) 100vw, 1024px\" \/>\n\t\t\t<\/dt>\n\t\t\t\t<dd class='wp-caption-text gallery-caption' id='gallery-1-4168'>\n\t\t\t\tJoga. Rozmowa. Karolina O\u015bka i Marta Soko\u0142owska\n\t\t\t\t<\/dd><\/dl>\n\t\t\t<br style='clear: both' \/>\n\t\t<\/div>\n\n<\/div>\n<p><b>Od zawsze praktykowa\u0142a\u015b jog\u0119 i wspina\u0142a\u015b si\u0119 r\u00f3wnocze\u015bnie, czy to te\u017c by\u0142 element, kt\u00f3ry Tobie da\u0142 jaki\u015b progres we wspinaniu?<\/b><\/p>\n<p>Jog\u0119 zacz\u0119\u0142am praktykowa\u0107 jedena\u015bcie lat temu, czyli rok wcze\u015bniej, zanim zacz\u0119\u0142am si\u0119 wspina\u0107. Dla mnie joga na pocz\u0105tku nie by\u0142a \u0142atwa. Nie jest tak, \u017ce mam wrodzon\u0105 super gibko\u015b\u0107. To by\u0142o trudne i pewnie dlatego mnie zainteresowa\u0142o, bo mia\u0142am nad czym pracowa\u0107. My\u015bl\u0119, \u017ce to jest te\u017c istotne dla wspinaczy, kt\u00f3rzy przychodz\u0105 na jog\u0119 i m\u00f3wi\u0105: \u201cNie jestem w stanie dosi\u0119gn\u0105\u0107 r\u0119kami do ziemi na wyprostowanych nogach\u2026 Jestem tak pospinany, \u017ce to nie jest dla mnie\u201d. Nie. W\u0142a\u015bnie kiedy jeste\u015b tak pospinany, \u017ce nie mo\u017cesz dosi\u0119gn\u0105\u0107 do ziemi albo zaple\u015b\u0107 d\u0142oni z ty\u0142u za plecami \u2013 to jest w\u0142a\u015bnie dla ciebie! Gdyby\u015b zak\u0142ada\u0142 nog\u0119 na rami\u0119, nie musia\u0142by\u015b chodzi\u0107 na jog\u0119, aby uelastyczni\u0107 cia\u0142o.<\/p>\n<p>Tak to wygl\u0105da je\u015bli chodzi o stron\u0119 tak\u0105 stricte fizyczn\u0105. Nie mo\u017cna zapomina\u0107 jednak o oddechu, kt\u00f3ry jest naprawd\u0119 pot\u0119\u017cnym narz\u0119dziem i we wspinaniu, i we wszystkich innych sportach. Spotykam ludzi, kt\u00f3rzy biegaj\u0105 na d\u0142ugich dystansach, skacz\u0105 albo zajmuj\u0105 si\u0119 nurkowaniem i schodzeniem na du\u017ce g\u0142\u0119boko\u015bci. Zawsze m\u00f3wi\u0105 o jodze. M\u00f3wi\u0105, \u017ce ona im bardzo, bardzo pomaga. Umiej\u0105 dzi\u0119ki niej regulowa\u0107 oddech i nie panikuj\u0105.<\/p>\n<p><b><br \/>\nChyba mnie w\u0142a\u015bnie inspirujesz, \u017cebym zrezygnowa\u0142 z jednego treningu i poszed\u0142 na jog\u0119. Chcia\u0142bym porozmawia\u0107 teraz o czym\u015b innym. Realizujesz si\u0119 w aktywno\u015bciach, kt\u00f3re wi\u0119kszo\u015b\u0107 os\u00f3b uwa\u017ca za ekstremalne. Wspinasz si\u0119, wykonujesz skoki B.A.S.E. Z pasji nie trzeba si\u0119 t\u0142umaczy\u0107, ale spr\u00f3bowa\u0142aby\u015b okre\u015bli\u0107, co jest w takich aktywno\u015bciach najwa\u017cniejsze? Chodzi o emocje, czy o zupe\u0142nie co\u015b innego?<\/b><\/p>\n<p>To jest tak, \u017ce ja lubi\u0119 podejmowa\u0107 decyzj\u0119, lubi\u0119 decydowa\u0107 sama o sobie i o tym, co robi\u0119. Wspinaj\u0105c si\u0119 w g\u00f3rach to ja podejmuj\u0119 decyzj\u0119 wraz z partnerem, z kt\u00f3rym si\u0119 wspinam, ale to te\u017c s\u0105 moje decyzje. W skokach s\u0105 to ju\u017c tylko moje decyzje. Jestem odpowiedzialna za to, co robi\u0119 i za potencjalne konsekwencje tego, co robi\u0119. Natomiast oczywi\u015bcie emocje s\u0105 bardzo istotne. Ja w og\u00f3le podchodz\u0119 bardzo emocjonalnie do \u017cycia. Nie umiem robi\u0107 rzeczy, w kt\u00f3rych nic mnie nie poci\u0105ga. W takie rzeczy zupe\u0142nie nie jestem w stanie zaanga\u017cowa\u0107 si\u0119.<\/p>\n<p>Je\u015bli decyduj\u0119 si\u0119 co\u015b robi\u0107 i w to zaanga\u017cowa\u0107, to jest to dla mnie co\u015b naprawd\u0119 istotnego, co\u015b czemu oddaj\u0119 ca\u0142e serce. Nie umiem robi\u0107 rzeczy na p\u00f3\u0142 gwizdka. Przy skokach jest to istotne, bo skoki nios\u0105 za sob\u0105 du\u017ce ryzyko.<\/p>\n<div id=\"attachment_4137\" style=\"width: 788px\" class=\"wp-caption aligncenter\"><img loading=\"lazy\" decoding=\"async\" aria-describedby=\"caption-attachment-4137\" class=\"wp-image-4137 size-large\" src=\"https:\/\/skalnik.pl\/blog\/wp-content\/uploads\/2018\/10\/20180928_131111-1-e1538380563783-778x1024.jpg\" alt=\"\" width=\"778\" height=\"1024\" srcset=\"https:\/\/www.skalnik.pl\/blog\/wp-content\/uploads\/2018\/10\/20180928_131111-1-e1538380563783-778x1024.jpg 778w, https:\/\/www.skalnik.pl\/blog\/wp-content\/uploads\/2018\/10\/20180928_131111-1-e1538380563783-228x300.jpg 228w, https:\/\/www.skalnik.pl\/blog\/wp-content\/uploads\/2018\/10\/20180928_131111-1-e1538380563783-768x1011.jpg 768w, https:\/\/www.skalnik.pl\/blog\/wp-content\/uploads\/2018\/10\/20180928_131111-1-e1538380563783.jpg 898w\" sizes=\"auto, (max-width: 778px) 100vw, 778px\" \/><p id=\"caption-attachment-4137\" class=\"wp-caption-text\">Marta rozpoczyna skok B.A.S.E. z kraw\u0119dzi klifu (fot. Bart Bazior)<\/p><\/div>\n<p><b>W Polsce skoki znane s\u0105 gdzie\u015b tam z YouTube. Zastanawiam si\u0119 czy wielu Polak\u00f3w skacze i ile jest Polek, kt\u00f3re uprawiaj\u0105 B.A.S.E. jumping?<\/b><\/p>\n<p>Jak dot\u0105d pozna\u0142am osobi\u015bcie jedn\u0105 skacz\u0105c\u0105 Polk\u0119, kt\u00f3ra ju\u017c nie \u017cyje. Zgin\u0119\u0142a podczas skoku w ubieg\u0142ym roku. Wiem, \u017ce s\u0105 jeszcze dwie skacz\u0105ce kobiety pochodz\u0105ce z Polski, ale \u017cadnej z nich do tej pory nie pozna\u0142am. Nie s\u0105 to osoby pochodz\u0105ce ze \u015brodowiska g\u00f3rsko-wspinaczkowego. Aktywnie skacz\u0105cych m\u0119\u017cczyzn z Polski jest mo\u017ce dwudziestu\u2026Nie jest to zbyt du\u017ce grono.<\/p>\n<p><b><br \/>\nSkok B.A.S.E. i skok w wingsuit&#8217;cie \u2013 czym to si\u0119 r\u00f3\u017cni? To s\u0105 dwa r\u00f3\u017cne skoki?<\/b><\/p>\n<p>Skoki B.A.S.E. to s\u0105 po prostu skoki z r\u00f3\u017cnego rodzaju obiekt\u00f3w: budynk\u00f3w, anten, most\u00f3w i klif\u00f3w. Do skok\u00f3w B.A.S.E. w wingsuicie przygotowywa\u0142am si\u0119 przez d\u0142u\u017cszy czas. Przez p\u00f3\u0142tora roku skaka\u0142am i lata\u0142am du\u017co tracksuit\u2019cie, ale nie tylko, poniewa\u017c skacz\u0119 r\u00f3wnie\u017c z tzw. niskich klif\u00f3w. To temat rzeka, o kt\u00f3rym mo\u017cna d\u0142ugo opowiada\u0107. By\u0142oby du\u017co t\u0142umaczenia, gdyby\u015bmy zacz\u0119li rozmawia\u0107 o tym, czym r\u00f3\u017cni\u0105 si\u0119 skoki wysokie (terminalne) i niskie, sposoby uk\u0142adania spadochronu\u2026 Wingsuit i tracksuit s\u0105 to kombinezony przeznaczone do latania z odpowiednio wysokich klif\u00f3w. Zar\u00f3wno jeden, jak i drugi kombinezon, pozwalaj\u0105 nam lata\u0107, a nie tylko spada\u0107 w d\u00f3\u0142. Podczas skoku spowalniaj\u0105 one pr\u0119dko\u015b\u0107 opadania, a za to pozwalaj\u0105 osi\u0105ga\u0107 du\u017c\u0105 pr\u0119dko\u015b\u0107 post\u0119pow\u0105 w locie do przodu. Dzi\u0119ki temu mo\u017cna w nich z du\u017c\u0105 pr\u0119dko\u015bci\u0105 odlatywa\u0107 od \u015bciany, co jest bardzo po\u017c\u0105dane, poniewa\u017c chcemy otworzy\u0107 spadochron daleko od \u015bciany, aby w razie jakichkolwiek problem\u00f3w unikn\u0105\u0107 bliskiego spotkania ze ska\u0142\u0105.<\/p>\n<p>Wingsuit umo\u017cliwia wykonywanie innego rodzaju skok\u00f3w ni\u017c tracksuit, przede wszystkim ze wzgl\u0119du na swoj\u0105 budow\u0119, a co za tym idzie \u2013 wi\u0119ksz\u0105 powierzchni\u0119 kombinezonu. Zaczynamy w nim lecie\u0107 wkr\u00f3tce po opuszczeniu klifu, tracimy mniej wysoko\u015bci ni\u017c w tracksuicie.<\/p>\n<div id=\"attachment_4136\" style=\"width: 977px\" class=\"wp-caption aligncenter\"><img loading=\"lazy\" decoding=\"async\" aria-describedby=\"caption-attachment-4136\" class=\"wp-image-4136 size-large\" title=\"Alpy Julijskie Marta Soko\u0142owska\" src=\"https:\/\/skalnik.pl\/blog\/wp-content\/uploads\/2018\/10\/DSC02616-1-e1538383812932-967x1024.jpg\" alt=\"Marta Soko\u0142owska Alpy Julijskie\" width=\"967\" height=\"1024\" srcset=\"https:\/\/www.skalnik.pl\/blog\/wp-content\/uploads\/2018\/10\/DSC02616-1-e1538383812932-967x1024.jpg 967w, https:\/\/www.skalnik.pl\/blog\/wp-content\/uploads\/2018\/10\/DSC02616-1-e1538383812932-283x300.jpg 283w, https:\/\/www.skalnik.pl\/blog\/wp-content\/uploads\/2018\/10\/DSC02616-1-e1538383812932-768x813.jpg 768w, https:\/\/www.skalnik.pl\/blog\/wp-content\/uploads\/2018\/10\/DSC02616-1-e1538383812932.jpg 1176w\" sizes=\"auto, (max-width: 967px) 100vw, 967px\" \/><p id=\"caption-attachment-4136\" class=\"wp-caption-text\">Alpy Julijskie (fot. Bart Bazior)<\/p><\/div>\n<p><b>Przeprowadzi\u0142a\u015b si\u0119 w okolice Dolomit\u00f3w. Mo\u017cesz si\u0119 tam wspina\u0107, mo\u017cesz skaka\u0107 z klif\u00f3w. Za co jeszcze kochasz to miejsce?<\/b><\/p>\n<p>Za g\u00f3ry wsz\u0119dzie, gdzie spojrzysz. Zdecydowanie za klimat. Za ludzi, kt\u00f3rzy s\u0105 pogodni i ciesz\u0105 si\u0119 \u017cyciem. Za to, \u017ce mam dost\u0119p do \u015bwie\u017cych warzyw i owoc\u00f3w przez ca\u0142y rok, co jest dla mnie super wa\u017cne, a brakowa\u0142o mi tego w Polsce, zw\u0142aszcza zim\u0105. Za to, \u017ce budz\u0119 si\u0119 rano i widz\u0119 z okna klif, z kt\u00f3rego najcz\u0119\u015bciej skacz\u0119. Za cudne miejsca do praktyki jogi. Za blisko\u015b\u0107 ska\u0142, w kt\u00f3rych mo\u017cna si\u0119 wspina\u0107 praktycznie przez ca\u0142y rok. Prealpy po\u0142o\u017cone s\u0105 blisko moich ukochanych Dolomit\u00f3w, a tam mog\u0119 si\u0119 wspina\u0107 do ko\u0144ca \u017cycia i nigdy nie zabraknie mi dr\u00f3g, kt\u00f3re jeszcze chcia\u0142abym zrobi\u0107. Tu mog\u0119 wci\u0105\u017c mie\u0107 nowe projekty, znajdowa\u0107 miejsca na skoki, w kt\u00f3rych jeszcze nikt nie skaka\u0142.<\/p>\n<p><b><br \/>\nDzi\u0119kuj\u0119 Ci za szczer\u0105 i inspiruj\u0105c\u0105 rozmow\u0119.<\/b><\/p>\n<p><i>Odwied\u017a stron\u0119: <a href=\"https:\/\/www.marta-sokolowska.com\/\" target=\"_blank\" rel=\"noopener\">www.marta-sokolowska.com<\/a><br \/>\n<\/i><i>Rozmawia\u0142: S\u0142awek Nosal<br \/>\n<\/i><br \/>\n<span style=\"font-size: small;\"><img loading=\"lazy\" decoding=\"async\" class=\"alignleft wp-image-4013\" title=\"l\u0105dek festiwal g\u00f3rski\" src=\"https:\/\/skalnik.pl\/blog\/wp-content\/uploads\/2018\/09\/Festiwal_Gorski_2018_logo_pion_na_bialym-300x300.png\" alt=\"festiwal g\u00f3rski l\u0105dek\" width=\"139\" height=\"139\" srcset=\"https:\/\/www.skalnik.pl\/blog\/wp-content\/uploads\/2018\/09\/Festiwal_Gorski_2018_logo_pion_na_bialym-300x300.png 300w, https:\/\/www.skalnik.pl\/blog\/wp-content\/uploads\/2018\/09\/Festiwal_Gorski_2018_logo_pion_na_bialym.png 427w\" sizes=\"auto, (max-width: 139px) 100vw, 139px\" \/>Rozmowa zosta\u0142a przeprowadzona podczas XXIII Festiwalu G\u00f3rskiego im. A. Zawady w L\u0105dku-Zdroju, kt\u00f3ry trwa\u0142 w dniach 20-23 wrze\u015bnia 2018 r. Festiwal l\u0105decki jest jedn\u0105 z najwi\u0119kszych polskich imprez integruj\u0105cych \u015brodowisko ludzi g\u00f3r. Festiwal to m.in. spotkania z najlepszymi alpinistami na \u015bwiecie, konkurs film\u00f3w g\u00f3rskich i plebiscyt na najlepsz\u0105 ksi\u0105\u017ck\u0119 g\u00f3rsk\u0105 ubieg\u0142ego roku. Podczas XXIII edycji na festiwalu odby\u0142a si\u0119 gala wr\u0119czenia Z\u0142otych Czekan\u00f3w (Piolets d\u2019Or) \u2013 najbardziej presti\u017cowego na \u015bwiecie wyr\u00f3\u017cnienia alpinistycznego, kt\u00f3re do tej pory przyznawane by\u0142o w Chamonix.<\/span><\/p>\n<p style=\"text-align: center;\"><i><br \/>\n<span style=\"font-size: small;\"> Realizacj\u0119 projekt\u00f3w i marze\u0144 Marty Soko\u0142owskiej wspiera marka <\/span><\/i><br \/>\n<a href=\"https:\/\/skalnik.pl\/milo\"><img loading=\"lazy\" decoding=\"async\" class=\"aligncenter wp-image-4149 size-medium\" style=\"display: block; margin-left: auto; margin-right: auto;\" title=\"logo milo\" src=\"https:\/\/skalnik.pl\/blog\/wp-content\/uploads\/2018\/10\/milo-logo-300x75.png\" alt=\"milo logo\" width=\"300\" height=\"75\" srcset=\"https:\/\/www.skalnik.pl\/blog\/wp-content\/uploads\/2018\/10\/milo-logo-300x75.png 300w, https:\/\/www.skalnik.pl\/blog\/wp-content\/uploads\/2018\/10\/milo-logo.png 400w\" sizes=\"auto, (max-width: 300px) 100vw, 300px\" \/><\/a><\/p>\n","protected":false},"excerpt":{"rendered":"<p>Skoki B.A.S.E., wspinaczka i joga to aktywno\u015bci, w kt\u00f3re ca\u0142ym sercem anga\u017cuje si\u0119 Marta Soko\u0142owska. Jest jedn\u0105 z niewielu Polek, kt\u00f3ra szybuje w powietrzu w specjalnych kombinezonach. Doskonale zdaje sobie spraw\u0119 z podejmowanego ryzyka podczas wspinaczki g\u00f3rskiej i skok\u00f3w, jednak znajduje w g\u00f3rach du\u017co wi\u0119cej ni\u017c tylko ryzykown\u0105 przygod\u0119. Jak zwyk\u0142a m\u00f3wi\u0107, w g\u00f3rach &#8222;poszukuj\u0105c przygody, znajdziesz znacznie wi\u0119cej&#8221;. <\/p>\n","protected":false},"author":8,"featured_media":4193,"comment_status":"open","ping_status":"open","sticky":false,"template":"","format":"standard","meta":{"_acf_changed":false,"footnotes":""},"categories":[220],"tags":[196,131,92,20,192],"magento_category":[198],"magento_product":[],"class_list":["post-4120","post","type-post","status-publish","format-standard","has-post-thumbnail","hentry","category-wywiady","tag-joga","tag-milo","tag-styl-zycia","tag-wspinaczka","tag-wywiad"],"acf":[],"aioseo_notices":[],"aioseo_head":"\n\t\t<!-- All in One SEO 4.9.10 - aioseo.com -->\n\t<meta name=\"description\" content=\"Skoki B.A.S.E., wspinaczka i joga to aktywno\u015bci, w kt\u00f3re ca\u0142ym sercem anga\u017cuje si\u0119 Marta Soko\u0142owska. Jest jedn\u0105 z niewielu Polek, kt\u00f3ra szybuje w powietrzu w specjalnych kombinezonach. Doskonale zdaje sobie spraw\u0119 z podejmowanego ryzyka podczas wspinaczki g\u00f3rskiej i skok\u00f3w, jednak znajduje w g\u00f3rach du\u017co wi\u0119cej ni\u017c tylko ryzykown\u0105 przygod\u0119. Jak zwyk\u0142a m\u00f3wi\u0107, w g\u00f3rach &quot;poszukuj\u0105c przygody, znajdziesz znacznie wi\u0119cej&quot;.\" \/>\n\t<meta name=\"robots\" content=\"max-image-preview:large\" \/>\n\t<meta name=\"author\" content=\"S\u0142awek Nosal\"\/>\n\t<link rel=\"canonical\" href=\"https:\/\/www.skalnik.pl\/blog\/lubie-podejmowac-decyzje-wywiad-z-marta-sokolowska\/\" \/>\n\t<meta name=\"generator\" content=\"All in One SEO (AIOSEO) 4.9.10\" \/>\n\t\t<meta property=\"og:locale\" content=\"pl_PL\" \/>\n\t\t<meta property=\"og:site_name\" content=\"blog Skalnik - Blog, porady, artyku\u0142y - blog Skalnik\" \/>\n\t\t<meta property=\"og:type\" content=\"article\" \/>\n\t\t<meta property=\"og:title\" content=\"Lubi\u0119 podejmowa\u0107 decyzje \u2013 wywiad z Mart\u0105 Soko\u0142owsk\u0105 - blog Skalnik\" \/>\n\t\t<meta property=\"og:description\" content=\"Skoki B.A.S.E., wspinaczka i joga to aktywno\u015bci, w kt\u00f3re ca\u0142ym sercem anga\u017cuje si\u0119 Marta Soko\u0142owska. Jest jedn\u0105 z niewielu Polek, kt\u00f3ra szybuje w powietrzu w specjalnych kombinezonach. Doskonale zdaje sobie spraw\u0119 z podejmowanego ryzyka podczas wspinaczki g\u00f3rskiej i skok\u00f3w, jednak znajduje w g\u00f3rach du\u017co wi\u0119cej ni\u017c tylko ryzykown\u0105 przygod\u0119. Jak zwyk\u0142a m\u00f3wi\u0107, w g\u00f3rach &quot;poszukuj\u0105c przygody, znajdziesz znacznie wi\u0119cej&quot;.\" \/>\n\t\t<meta property=\"og:url\" content=\"https:\/\/www.skalnik.pl\/blog\/lubie-podejmowac-decyzje-wywiad-z-marta-sokolowska\/\" \/>\n\t\t<meta property=\"og:image\" content=\"https:\/\/skalnik.pl\/blog\/wp-content\/uploads\/2018\/10\/A7R03994-e1538379844239-926x1024.jpg\" \/>\n\t\t<meta property=\"og:image:secure_url\" content=\"https:\/\/skalnik.pl\/blog\/wp-content\/uploads\/2018\/10\/A7R03994-e1538379844239-926x1024.jpg\" \/>\n\t\t<meta property=\"article:tag\" content=\"wywiady\" \/>\n\t\t<meta property=\"article:tag\" content=\"joga\" \/>\n\t\t<meta property=\"article:tag\" content=\"milo\" \/>\n\t\t<meta property=\"article:tag\" content=\"styl \u017cycia\" \/>\n\t\t<meta property=\"article:tag\" content=\"wspinaczka\" \/>\n\t\t<meta property=\"article:tag\" content=\"wywiad\" \/>\n\t\t<meta property=\"article:published_time\" content=\"2018-10-02T13:26:02+00:00\" \/>\n\t\t<meta property=\"article:modified_time\" content=\"2019-03-22T12:43:59+00:00\" \/>\n\t\t<meta name=\"twitter:card\" content=\"summary_large_image\" \/>\n\t\t<meta name=\"twitter:title\" content=\"Lubi\u0119 podejmowa\u0107 decyzje \u2013 wywiad z Mart\u0105 Soko\u0142owsk\u0105 - blog Skalnik\" \/>\n\t\t<meta name=\"twitter:description\" content=\"Skoki B.A.S.E., wspinaczka i joga to aktywno\u015bci, w kt\u00f3re ca\u0142ym sercem anga\u017cuje si\u0119 Marta Soko\u0142owska. Jest jedn\u0105 z niewielu Polek, kt\u00f3ra szybuje w powietrzu w specjalnych kombinezonach. Doskonale zdaje sobie spraw\u0119 z podejmowanego ryzyka podczas wspinaczki g\u00f3rskiej i skok\u00f3w, jednak znajduje w g\u00f3rach du\u017co wi\u0119cej ni\u017c tylko ryzykown\u0105 przygod\u0119. Jak zwyk\u0142a m\u00f3wi\u0107, w g\u00f3rach &quot;poszukuj\u0105c przygody, znajdziesz znacznie wi\u0119cej&quot;.\" \/>\n\t\t<meta name=\"twitter:image\" content=\"https:\/\/skalnik.pl\/blog\/wp-content\/uploads\/2018\/10\/A7R03994-e1538379844239-926x1024.jpg\" \/>\n\t\t<script type=\"application\/ld+json\" class=\"aioseo-schema\">\n\t\t\t{\"@context\":\"https:\\\/\\\/schema.org\",\"@graph\":[{\"@type\":\"BlogPosting\",\"@id\":\"https:\\\/\\\/www.skalnik.pl\\\/blog\\\/lubie-podejmowac-decyzje-wywiad-z-marta-sokolowska\\\/#blogposting\",\"name\":\"Lubi\\u0119 podejmowa\\u0107 decyzje \\u2013 wywiad z Mart\\u0105 Soko\\u0142owsk\\u0105 - blog Skalnik\",\"headline\":\"Lubi\\u0119 podejmowa\\u0107 decyzje &#8211; wywiad z Mart\\u0105 Soko\\u0142owsk\\u0105\",\"author\":{\"@id\":\"https:\\\/\\\/www.skalnik.pl\\\/blog\\\/author\\\/slawek-nosal\\\/#author\"},\"publisher\":{\"@id\":\"https:\\\/\\\/www.skalnik.pl\\\/blog\\\/#organization\"},\"image\":{\"@type\":\"ImageObject\",\"url\":\"https:\\\/\\\/www.skalnik.pl\\\/blog\\\/wp-content\\\/uploads\\\/2018\\\/10\\\/marta-soko\\u0142owska-skokOK.jpg\",\"width\":1920,\"height\":705},\"datePublished\":\"2018-10-02T15:26:02+02:00\",\"dateModified\":\"2019-03-22T13:43:59+02:00\",\"inLanguage\":\"pl-PL\",\"mainEntityOfPage\":{\"@id\":\"https:\\\/\\\/www.skalnik.pl\\\/blog\\\/lubie-podejmowac-decyzje-wywiad-z-marta-sokolowska\\\/#webpage\"},\"isPartOf\":{\"@id\":\"https:\\\/\\\/www.skalnik.pl\\\/blog\\\/lubie-podejmowac-decyzje-wywiad-z-marta-sokolowska\\\/#webpage\"},\"articleSection\":\"Wywiady, joga, milo, styl \\u017cycia, wspinaczka, wywiad, 1159\"},{\"@type\":\"BreadcrumbList\",\"@id\":\"https:\\\/\\\/www.skalnik.pl\\\/blog\\\/lubie-podejmowac-decyzje-wywiad-z-marta-sokolowska\\\/#breadcrumblist\",\"itemListElement\":[{\"@type\":\"ListItem\",\"@id\":\"https:\\\/\\\/www.skalnik.pl\\\/blog#listItem\",\"position\":1,\"name\":\"Home\",\"item\":\"https:\\\/\\\/www.skalnik.pl\\\/blog\",\"nextItem\":{\"@type\":\"ListItem\",\"@id\":\"https:\\\/\\\/www.skalnik.pl\\\/blog\\\/.\\\/wywiady\\\/#listItem\",\"name\":\"Wywiady\"}},{\"@type\":\"ListItem\",\"@id\":\"https:\\\/\\\/www.skalnik.pl\\\/blog\\\/.\\\/wywiady\\\/#listItem\",\"position\":2,\"name\":\"Wywiady\",\"item\":\"https:\\\/\\\/www.skalnik.pl\\\/blog\\\/.\\\/wywiady\\\/\",\"nextItem\":{\"@type\":\"ListItem\",\"@id\":\"https:\\\/\\\/www.skalnik.pl\\\/blog\\\/lubie-podejmowac-decyzje-wywiad-z-marta-sokolowska\\\/#listItem\",\"name\":\"Lubi\\u0119 podejmowa\\u0107 decyzje &#8211; wywiad z Mart\\u0105 Soko\\u0142owsk\\u0105\"},\"previousItem\":{\"@type\":\"ListItem\",\"@id\":\"https:\\\/\\\/www.skalnik.pl\\\/blog#listItem\",\"name\":\"Home\"}},{\"@type\":\"ListItem\",\"@id\":\"https:\\\/\\\/www.skalnik.pl\\\/blog\\\/lubie-podejmowac-decyzje-wywiad-z-marta-sokolowska\\\/#listItem\",\"position\":3,\"name\":\"Lubi\\u0119 podejmowa\\u0107 decyzje &#8211; wywiad z Mart\\u0105 Soko\\u0142owsk\\u0105\",\"previousItem\":{\"@type\":\"ListItem\",\"@id\":\"https:\\\/\\\/www.skalnik.pl\\\/blog\\\/.\\\/wywiady\\\/#listItem\",\"name\":\"Wywiady\"}}]},{\"@type\":\"Organization\",\"@id\":\"https:\\\/\\\/www.skalnik.pl\\\/blog\\\/#organization\",\"name\":\"blog Skalnik\",\"description\":\"Blog, porady, artyku\\u0142y - blog Skalnik\",\"url\":\"https:\\\/\\\/www.skalnik.pl\\\/blog\\\/\"},{\"@type\":\"Person\",\"@id\":\"https:\\\/\\\/www.skalnik.pl\\\/blog\\\/author\\\/slawek-nosal\\\/#author\",\"url\":\"https:\\\/\\\/www.skalnik.pl\\\/blog\\\/author\\\/slawek-nosal\\\/\",\"name\":\"S\\u0142awek Nosal\",\"image\":{\"@type\":\"ImageObject\",\"@id\":\"https:\\\/\\\/www.skalnik.pl\\\/blog\\\/lubie-podejmowac-decyzje-wywiad-z-marta-sokolowska\\\/#authorImage\",\"url\":\"https:\\\/\\\/secure.gravatar.com\\\/avatar\\\/376f39150afcfc713e809ef8313d42dee4210bb1425eaad8153efa8965009197?s=96&d=mm&r=g\",\"width\":96,\"height\":96,\"caption\":\"S\\u0142awek Nosal\"}},{\"@type\":\"WebPage\",\"@id\":\"https:\\\/\\\/www.skalnik.pl\\\/blog\\\/lubie-podejmowac-decyzje-wywiad-z-marta-sokolowska\\\/#webpage\",\"url\":\"https:\\\/\\\/www.skalnik.pl\\\/blog\\\/lubie-podejmowac-decyzje-wywiad-z-marta-sokolowska\\\/\",\"name\":\"Lubi\\u0119 podejmowa\\u0107 decyzje \\u2013 wywiad z Mart\\u0105 Soko\\u0142owsk\\u0105 - blog Skalnik\",\"description\":\"Skoki B.A.S.E., wspinaczka i joga to aktywno\\u015bci, w kt\\u00f3re ca\\u0142ym sercem anga\\u017cuje si\\u0119 Marta Soko\\u0142owska. Jest jedn\\u0105 z niewielu Polek, kt\\u00f3ra szybuje w powietrzu w specjalnych kombinezonach. Doskonale zdaje sobie spraw\\u0119 z podejmowanego ryzyka podczas wspinaczki g\\u00f3rskiej i skok\\u00f3w, jednak znajduje w g\\u00f3rach du\\u017co wi\\u0119cej ni\\u017c tylko ryzykown\\u0105 przygod\\u0119. Jak zwyk\\u0142a m\\u00f3wi\\u0107, w g\\u00f3rach \\\"poszukuj\\u0105c przygody, znajdziesz znacznie wi\\u0119cej\\\".\",\"inLanguage\":\"pl-PL\",\"isPartOf\":{\"@id\":\"https:\\\/\\\/www.skalnik.pl\\\/blog\\\/#website\"},\"breadcrumb\":{\"@id\":\"https:\\\/\\\/www.skalnik.pl\\\/blog\\\/lubie-podejmowac-decyzje-wywiad-z-marta-sokolowska\\\/#breadcrumblist\"},\"author\":{\"@id\":\"https:\\\/\\\/www.skalnik.pl\\\/blog\\\/author\\\/slawek-nosal\\\/#author\"},\"creator\":{\"@id\":\"https:\\\/\\\/www.skalnik.pl\\\/blog\\\/author\\\/slawek-nosal\\\/#author\"},\"image\":{\"@type\":\"ImageObject\",\"url\":\"https:\\\/\\\/www.skalnik.pl\\\/blog\\\/wp-content\\\/uploads\\\/2018\\\/10\\\/marta-soko\\u0142owska-skokOK.jpg\",\"@id\":\"https:\\\/\\\/www.skalnik.pl\\\/blog\\\/lubie-podejmowac-decyzje-wywiad-z-marta-sokolowska\\\/#mainImage\",\"width\":1920,\"height\":705},\"primaryImageOfPage\":{\"@id\":\"https:\\\/\\\/www.skalnik.pl\\\/blog\\\/lubie-podejmowac-decyzje-wywiad-z-marta-sokolowska\\\/#mainImage\"},\"datePublished\":\"2018-10-02T15:26:02+02:00\",\"dateModified\":\"2019-03-22T13:43:59+02:00\"},{\"@type\":\"WebSite\",\"@id\":\"https:\\\/\\\/www.skalnik.pl\\\/blog\\\/#website\",\"url\":\"https:\\\/\\\/www.skalnik.pl\\\/blog\\\/\",\"name\":\"blog Skalnik\",\"description\":\"Blog, porady, artyku\\u0142y - blog Skalnik\",\"inLanguage\":\"pl-PL\",\"publisher\":{\"@id\":\"https:\\\/\\\/www.skalnik.pl\\\/blog\\\/#organization\"}}]}\n\t\t<\/script>\n\t\t<!-- All in One SEO -->\n\n","aioseo_head_json":{"title":"Lubi\u0119 podejmowa\u0107 decyzje \u2013 wywiad z Mart\u0105 Soko\u0142owsk\u0105 - blog Skalnik","description":"Skoki B.A.S.E., wspinaczka i joga to aktywno\u015bci, w kt\u00f3re ca\u0142ym sercem anga\u017cuje si\u0119 Marta Soko\u0142owska. Jest jedn\u0105 z niewielu Polek, kt\u00f3ra szybuje w powietrzu w specjalnych kombinezonach. Doskonale zdaje sobie spraw\u0119 z podejmowanego ryzyka podczas wspinaczki g\u00f3rskiej i skok\u00f3w, jednak znajduje w g\u00f3rach du\u017co wi\u0119cej ni\u017c tylko ryzykown\u0105 przygod\u0119. Jak zwyk\u0142a m\u00f3wi\u0107, w g\u00f3rach \"poszukuj\u0105c przygody, znajdziesz znacznie wi\u0119cej\".","canonical_url":"https:\/\/www.skalnik.pl\/blog\/lubie-podejmowac-decyzje-wywiad-z-marta-sokolowska\/","robots":"max-image-preview:large","keywords":"","webmasterTools":{"miscellaneous":""},"schema":{"@context":"https:\/\/schema.org","@graph":[{"@type":"BlogPosting","@id":"https:\/\/www.skalnik.pl\/blog\/lubie-podejmowac-decyzje-wywiad-z-marta-sokolowska\/#blogposting","name":"Lubi\u0119 podejmowa\u0107 decyzje \u2013 wywiad z Mart\u0105 Soko\u0142owsk\u0105 - blog Skalnik","headline":"Lubi\u0119 podejmowa\u0107 decyzje &#8211; wywiad z Mart\u0105 Soko\u0142owsk\u0105","author":{"@id":"https:\/\/www.skalnik.pl\/blog\/author\/slawek-nosal\/#author"},"publisher":{"@id":"https:\/\/www.skalnik.pl\/blog\/#organization"},"image":{"@type":"ImageObject","url":"https:\/\/www.skalnik.pl\/blog\/wp-content\/uploads\/2018\/10\/marta-soko\u0142owska-skokOK.jpg","width":1920,"height":705},"datePublished":"2018-10-02T15:26:02+02:00","dateModified":"2019-03-22T13:43:59+02:00","inLanguage":"pl-PL","mainEntityOfPage":{"@id":"https:\/\/www.skalnik.pl\/blog\/lubie-podejmowac-decyzje-wywiad-z-marta-sokolowska\/#webpage"},"isPartOf":{"@id":"https:\/\/www.skalnik.pl\/blog\/lubie-podejmowac-decyzje-wywiad-z-marta-sokolowska\/#webpage"},"articleSection":"Wywiady, joga, milo, styl \u017cycia, wspinaczka, wywiad, 1159"},{"@type":"BreadcrumbList","@id":"https:\/\/www.skalnik.pl\/blog\/lubie-podejmowac-decyzje-wywiad-z-marta-sokolowska\/#breadcrumblist","itemListElement":[{"@type":"ListItem","@id":"https:\/\/www.skalnik.pl\/blog#listItem","position":1,"name":"Home","item":"https:\/\/www.skalnik.pl\/blog","nextItem":{"@type":"ListItem","@id":"https:\/\/www.skalnik.pl\/blog\/.\/wywiady\/#listItem","name":"Wywiady"}},{"@type":"ListItem","@id":"https:\/\/www.skalnik.pl\/blog\/.\/wywiady\/#listItem","position":2,"name":"Wywiady","item":"https:\/\/www.skalnik.pl\/blog\/.\/wywiady\/","nextItem":{"@type":"ListItem","@id":"https:\/\/www.skalnik.pl\/blog\/lubie-podejmowac-decyzje-wywiad-z-marta-sokolowska\/#listItem","name":"Lubi\u0119 podejmowa\u0107 decyzje &#8211; wywiad z Mart\u0105 Soko\u0142owsk\u0105"},"previousItem":{"@type":"ListItem","@id":"https:\/\/www.skalnik.pl\/blog#listItem","name":"Home"}},{"@type":"ListItem","@id":"https:\/\/www.skalnik.pl\/blog\/lubie-podejmowac-decyzje-wywiad-z-marta-sokolowska\/#listItem","position":3,"name":"Lubi\u0119 podejmowa\u0107 decyzje &#8211; wywiad z Mart\u0105 Soko\u0142owsk\u0105","previousItem":{"@type":"ListItem","@id":"https:\/\/www.skalnik.pl\/blog\/.\/wywiady\/#listItem","name":"Wywiady"}}]},{"@type":"Organization","@id":"https:\/\/www.skalnik.pl\/blog\/#organization","name":"blog Skalnik","description":"Blog, porady, artyku\u0142y - blog Skalnik","url":"https:\/\/www.skalnik.pl\/blog\/"},{"@type":"Person","@id":"https:\/\/www.skalnik.pl\/blog\/author\/slawek-nosal\/#author","url":"https:\/\/www.skalnik.pl\/blog\/author\/slawek-nosal\/","name":"S\u0142awek Nosal","image":{"@type":"ImageObject","@id":"https:\/\/www.skalnik.pl\/blog\/lubie-podejmowac-decyzje-wywiad-z-marta-sokolowska\/#authorImage","url":"https:\/\/secure.gravatar.com\/avatar\/376f39150afcfc713e809ef8313d42dee4210bb1425eaad8153efa8965009197?s=96&d=mm&r=g","width":96,"height":96,"caption":"S\u0142awek Nosal"}},{"@type":"WebPage","@id":"https:\/\/www.skalnik.pl\/blog\/lubie-podejmowac-decyzje-wywiad-z-marta-sokolowska\/#webpage","url":"https:\/\/www.skalnik.pl\/blog\/lubie-podejmowac-decyzje-wywiad-z-marta-sokolowska\/","name":"Lubi\u0119 podejmowa\u0107 decyzje \u2013 wywiad z Mart\u0105 Soko\u0142owsk\u0105 - blog Skalnik","description":"Skoki B.A.S.E., wspinaczka i joga to aktywno\u015bci, w kt\u00f3re ca\u0142ym sercem anga\u017cuje si\u0119 Marta Soko\u0142owska. Jest jedn\u0105 z niewielu Polek, kt\u00f3ra szybuje w powietrzu w specjalnych kombinezonach. Doskonale zdaje sobie spraw\u0119 z podejmowanego ryzyka podczas wspinaczki g\u00f3rskiej i skok\u00f3w, jednak znajduje w g\u00f3rach du\u017co wi\u0119cej ni\u017c tylko ryzykown\u0105 przygod\u0119. Jak zwyk\u0142a m\u00f3wi\u0107, w g\u00f3rach \"poszukuj\u0105c przygody, znajdziesz znacznie wi\u0119cej\".","inLanguage":"pl-PL","isPartOf":{"@id":"https:\/\/www.skalnik.pl\/blog\/#website"},"breadcrumb":{"@id":"https:\/\/www.skalnik.pl\/blog\/lubie-podejmowac-decyzje-wywiad-z-marta-sokolowska\/#breadcrumblist"},"author":{"@id":"https:\/\/www.skalnik.pl\/blog\/author\/slawek-nosal\/#author"},"creator":{"@id":"https:\/\/www.skalnik.pl\/blog\/author\/slawek-nosal\/#author"},"image":{"@type":"ImageObject","url":"https:\/\/www.skalnik.pl\/blog\/wp-content\/uploads\/2018\/10\/marta-soko\u0142owska-skokOK.jpg","@id":"https:\/\/www.skalnik.pl\/blog\/lubie-podejmowac-decyzje-wywiad-z-marta-sokolowska\/#mainImage","width":1920,"height":705},"primaryImageOfPage":{"@id":"https:\/\/www.skalnik.pl\/blog\/lubie-podejmowac-decyzje-wywiad-z-marta-sokolowska\/#mainImage"},"datePublished":"2018-10-02T15:26:02+02:00","dateModified":"2019-03-22T13:43:59+02:00"},{"@type":"WebSite","@id":"https:\/\/www.skalnik.pl\/blog\/#website","url":"https:\/\/www.skalnik.pl\/blog\/","name":"blog Skalnik","description":"Blog, porady, artyku\u0142y - blog Skalnik","inLanguage":"pl-PL","publisher":{"@id":"https:\/\/www.skalnik.pl\/blog\/#organization"}}]},"og:locale":"pl_PL","og:site_name":"blog Skalnik - Blog, porady, artyku\u0142y - blog Skalnik","og:type":"article","og:title":"Lubi\u0119 podejmowa\u0107 decyzje \u2013 wywiad z Mart\u0105 Soko\u0142owsk\u0105 - blog Skalnik","og:description":"Skoki B.A.S.E., wspinaczka i joga to aktywno\u015bci, w kt\u00f3re ca\u0142ym sercem anga\u017cuje si\u0119 Marta Soko\u0142owska. Jest jedn\u0105 z niewielu Polek, kt\u00f3ra szybuje w powietrzu w specjalnych kombinezonach. Doskonale zdaje sobie spraw\u0119 z podejmowanego ryzyka podczas wspinaczki g\u00f3rskiej i skok\u00f3w, jednak znajduje w g\u00f3rach du\u017co wi\u0119cej ni\u017c tylko ryzykown\u0105 przygod\u0119. Jak zwyk\u0142a m\u00f3wi\u0107, w g\u00f3rach &quot;poszukuj\u0105c przygody, znajdziesz znacznie wi\u0119cej&quot;.","og:url":"https:\/\/www.skalnik.pl\/blog\/lubie-podejmowac-decyzje-wywiad-z-marta-sokolowska\/","og:image":"https:\/\/skalnik.pl\/blog\/wp-content\/uploads\/2018\/10\/A7R03994-e1538379844239-926x1024.jpg","og:image:secure_url":"https:\/\/skalnik.pl\/blog\/wp-content\/uploads\/2018\/10\/A7R03994-e1538379844239-926x1024.jpg","article:tag":["wywiady","joga","milo","styl \u017cycia","wspinaczka","wywiad"],"article:published_time":"2018-10-02T13:26:02+00:00","article:modified_time":"2019-03-22T12:43:59+00:00","twitter:card":"summary_large_image","twitter:title":"Lubi\u0119 podejmowa\u0107 decyzje \u2013 wywiad z Mart\u0105 Soko\u0142owsk\u0105 - blog Skalnik","twitter:description":"Skoki B.A.S.E., wspinaczka i joga to aktywno\u015bci, w kt\u00f3re ca\u0142ym sercem anga\u017cuje si\u0119 Marta Soko\u0142owska. Jest jedn\u0105 z niewielu Polek, kt\u00f3ra szybuje w powietrzu w specjalnych kombinezonach. Doskonale zdaje sobie spraw\u0119 z podejmowanego ryzyka podczas wspinaczki g\u00f3rskiej i skok\u00f3w, jednak znajduje w g\u00f3rach du\u017co wi\u0119cej ni\u017c tylko ryzykown\u0105 przygod\u0119. Jak zwyk\u0142a m\u00f3wi\u0107, w g\u00f3rach &quot;poszukuj\u0105c przygody, znajdziesz znacznie wi\u0119cej&quot;.","twitter:image":"https:\/\/skalnik.pl\/blog\/wp-content\/uploads\/2018\/10\/A7R03994-e1538379844239-926x1024.jpg"},"aioseo_meta_data":{"post_id":"4120","title":null,"description":null,"keywords":[{"label":"joga","value":"joga"},{"label":"wspinaczka","value":"wspinaczka"},{"label":"skoki BASE","value":"skoki BASE"},{"label":"wingsuit","value":"wingsuit"},{"label":"B.A.S.E. marta soko\u0142owska","value":"B.A.S.E. marta soko\u0142owska"}],"keyphrases":null,"primary_term":null,"canonical_url":null,"og_title":null,"og_description":null,"og_object_type":"default","og_image_type":"default","og_image_url":null,"og_image_width":null,"og_image_height":null,"og_image_custom_url":null,"og_image_custom_fields":null,"og_video":null,"og_custom_url":null,"og_article_section":null,"og_article_tags":null,"twitter_use_og":false,"twitter_card":"default","twitter_image_type":"default","twitter_image_url":null,"twitter_image_custom_url":null,"twitter_image_custom_fields":null,"twitter_title":null,"twitter_description":null,"schema":{"blockGraphs":[],"customGraphs":[],"default":{"data":{"Article":[],"Course":[],"Dataset":[],"FAQPage":[],"Movie":[],"Person":[],"Product":[],"ProductReview":[],"Car":[],"Recipe":[],"Service":[],"SoftwareApplication":[],"WebPage":[]},"graphName":"BlogPosting","isEnabled":true},"graphs":[]},"schema_type":"default","schema_type_options":null,"pillar_content":false,"robots_default":true,"robots_noindex":false,"robots_noarchive":false,"robots_nosnippet":false,"robots_nofollow":false,"robots_noimageindex":false,"robots_noodp":false,"robots_notranslate":false,"robots_max_snippet":null,"robots_max_videopreview":null,"robots_max_imagepreview":"large","priority":null,"frequency":null,"local_seo":null,"breadcrumb_settings":null,"limit_modified_date":false,"ai":null,"created":"2022-08-26 09:53:00","updated":"2026-02-17 21:26:30","seo_analyzer_scan_date":null},"aioseo_breadcrumb":"<div class=\"aioseo-breadcrumbs\"><span class=\"aioseo-breadcrumb\">\n\t\t\t<a href=\"https:\/\/www.skalnik.pl\/blog\" title=\"Home\">Home<\/a>\n\t\t<\/span><span class=\"aioseo-breadcrumb-separator\">&raquo;<\/span><span class=\"aioseo-breadcrumb\">\n\t\t\t<a href=\"https:\/\/www.skalnik.pl\/blog\/.\/wywiady\/\" title=\"Wywiady\">Wywiady<\/a>\n\t\t<\/span><span class=\"aioseo-breadcrumb-separator\">&raquo;<\/span><span class=\"aioseo-breadcrumb\">\n\t\t\tLubi\u0119 podejmowa\u0107 decyzje \u2013 wywiad z Mart\u0105 Soko\u0142owsk\u0105\n\t\t<\/span><\/div>","aioseo_breadcrumb_json":[{"label":"Home","link":"https:\/\/www.skalnik.pl\/blog"},{"label":"Wywiady","link":"https:\/\/www.skalnik.pl\/blog\/.\/wywiady\/"},{"label":"Lubi\u0119 podejmowa\u0107 decyzje &#8211; wywiad z Mart\u0105 Soko\u0142owsk\u0105","link":"https:\/\/www.skalnik.pl\/blog\/lubie-podejmowac-decyzje-wywiad-z-marta-sokolowska\/"}],"_links":{"self":[{"href":"https:\/\/www.skalnik.pl\/blog\/wp-json\/wp\/v2\/posts\/4120","targetHints":{"allow":["GET"]}}],"collection":[{"href":"https:\/\/www.skalnik.pl\/blog\/wp-json\/wp\/v2\/posts"}],"about":[{"href":"https:\/\/www.skalnik.pl\/blog\/wp-json\/wp\/v2\/types\/post"}],"author":[{"embeddable":true,"href":"https:\/\/www.skalnik.pl\/blog\/wp-json\/wp\/v2\/users\/8"}],"replies":[{"embeddable":true,"href":"https:\/\/www.skalnik.pl\/blog\/wp-json\/wp\/v2\/comments?post=4120"}],"version-history":[{"count":35,"href":"https:\/\/www.skalnik.pl\/blog\/wp-json\/wp\/v2\/posts\/4120\/revisions"}],"predecessor-version":[{"id":4932,"href":"https:\/\/www.skalnik.pl\/blog\/wp-json\/wp\/v2\/posts\/4120\/revisions\/4932"}],"wp:featuredmedia":[{"embeddable":true,"href":"https:\/\/www.skalnik.pl\/blog\/wp-json\/wp\/v2\/media\/4193"}],"wp:attachment":[{"href":"https:\/\/www.skalnik.pl\/blog\/wp-json\/wp\/v2\/media?parent=4120"}],"wp:term":[{"taxonomy":"category","embeddable":true,"href":"https:\/\/www.skalnik.pl\/blog\/wp-json\/wp\/v2\/categories?post=4120"},{"taxonomy":"post_tag","embeddable":true,"href":"https:\/\/www.skalnik.pl\/blog\/wp-json\/wp\/v2\/tags?post=4120"},{"taxonomy":"magento_category","embeddable":true,"href":"https:\/\/www.skalnik.pl\/blog\/wp-json\/wp\/v2\/magento_category?post=4120"},{"taxonomy":"magento_product","embeddable":true,"href":"https:\/\/www.skalnik.pl\/blog\/wp-json\/wp\/v2\/magento_product?post=4120"}],"curies":[{"name":"wp","href":"https:\/\/api.w.org\/{rel}","templated":true}]}}