{"id":4218,"date":"2018-10-16T09:39:16","date_gmt":"2018-10-16T07:39:16","guid":{"rendered":"https:\/\/skalnik.pl\/blog\/?p=4218"},"modified":"2018-12-13T09:14:28","modified_gmt":"2018-12-13T08:14:28","slug":"ekstremalnie-i-wysoko","status":"publish","type":"post","link":"https:\/\/www.skalnik.pl\/blog\/ekstremalnie-i-wysoko\/","title":{"rendered":"Ekstremalnie i Wysoko"},"content":{"rendered":"<p style=\"text-align: left;\"><img loading=\"lazy\" decoding=\"async\" class=\"wp-image-4228 alignleft\" src=\"https:\/\/skalnik.pl\/blog\/wp-content\/uploads\/2018\/10\/foto04-e1539674024129-206x300.jpg\" alt=\"\" width=\"254\" height=\"370\" srcset=\"https:\/\/www.skalnik.pl\/blog\/wp-content\/uploads\/2018\/10\/foto04-e1539674024129-206x300.jpg 206w, https:\/\/www.skalnik.pl\/blog\/wp-content\/uploads\/2018\/10\/foto04-e1539674024129-768x1117.jpg 768w, https:\/\/www.skalnik.pl\/blog\/wp-content\/uploads\/2018\/10\/foto04-e1539674024129-704x1024.jpg 704w, https:\/\/www.skalnik.pl\/blog\/wp-content\/uploads\/2018\/10\/foto04-e1539674024129.jpg 1457w\" sizes=\"auto, (max-width: 254px) 100vw, 254px\" \/><\/p>\n<p><b>TEMAT:<\/b><\/p>\n<p>Ekstremalnie i Wysoko<\/p>\n<p><b>PRELEGENT:<\/b><\/p>\n<p>S\u0142awomir Ejsymont<\/p>\n<p><b>MIEJSCE:<\/b><\/p>\n<p>Wybrze\u017ce Wyspia\u0144skiego 27, Budynek A1 PWR, Sala 329, Wroc\u0142aw<\/p>\n<p><b>DATA:<\/b><\/p>\n<p>23.10.2018 19:00<\/p>\n<h3><\/h3>\n<div id=\"ez-toc-container\" class=\"ez-toc-v2_0_85 counter-hierarchy ez-toc-counter ez-toc-light-blue ez-toc-container-direction\">\n<div class=\"ez-toc-title-container\">\n<p class=\"ez-toc-title\" style=\"cursor:inherit\">SPIS TRE\u015aCI <\/p>\n<span class=\"ez-toc-title-toggle\"><a href=\"#\" class=\"ez-toc-pull-right ez-toc-btn ez-toc-btn-xs ez-toc-btn-default ez-toc-toggle\" aria-label=\"Prze\u0142\u0105cznik Spisu Tre\u015bci\"><span class=\"ez-toc-js-icon-con\"><span class=\"\"><span class=\"eztoc-hide\" style=\"display:none;\">Toggle<\/span><span class=\"ez-toc-icon-toggle-span\"><svg style=\"fill: #999;color:#999\" xmlns=\"http:\/\/www.w3.org\/2000\/svg\" class=\"list-377408\" width=\"20px\" height=\"20px\" viewBox=\"0 0 24 24\" fill=\"none\"><path d=\"M6 6H4v2h2V6zm14 0H8v2h12V6zM4 11h2v2H4v-2zm16 0H8v2h12v-2zM4 16h2v2H4v-2zm16 0H8v2h12v-2z\" fill=\"currentColor\"><\/path><\/svg><svg style=\"fill: #999;color:#999\" class=\"arrow-unsorted-368013\" xmlns=\"http:\/\/www.w3.org\/2000\/svg\" width=\"10px\" height=\"10px\" viewBox=\"0 0 24 24\" version=\"1.2\" baseProfile=\"tiny\"><path d=\"M18.2 9.3l-6.2-6.3-6.2 6.3c-.2.2-.3.4-.3.7s.1.5.3.7c.2.2.4.3.7.3h11c.3 0 .5-.1.7-.3.2-.2.3-.5.3-.7s-.1-.5-.3-.7zM5.8 14.7l6.2 6.3 6.2-6.3c.2-.2.3-.5.3-.7s-.1-.5-.3-.7c-.2-.2-.4-.3-.7-.3h-11c-.3 0-.5.1-.7.3-.2.2-.3.5-.3.7s.1.5.3.7z\"\/><\/svg><\/span><\/span><\/span><\/a><\/span><\/div>\n<nav><ul class='ez-toc-list ez-toc-list-level-1 ' ><ul class='ez-toc-list-level-3' ><li class='ez-toc-heading-level-3'><a class=\"ez-toc-link ez-toc-heading-1\" href=\"https:\/\/www.skalnik.pl\/blog\/ekstremalnie-i-wysoko\/#O_prelekcji\" >O prelekcji:<\/a><\/li><li class='ez-toc-page-1 ez-toc-heading-level-3'><a class=\"ez-toc-link ez-toc-heading-2\" href=\"https:\/\/www.skalnik.pl\/blog\/ekstremalnie-i-wysoko\/#Slawomir_Ejsymont\" >S\u0142awomir Ejsymont:<\/a><\/li><\/ul><\/li><li class='ez-toc-page-1 ez-toc-heading-level-2'><a class=\"ez-toc-link ez-toc-heading-3\" href=\"https:\/\/www.skalnik.pl\/blog\/ekstremalnie-i-wysoko\/#Sponsorzy\" >Sponsorzy:<\/a><\/li><\/ul><\/nav><\/div>\n<h3><span class=\"ez-toc-section\" id=\"O_prelekcji\"><\/span><strong>O prelekcji:<\/strong><span class=\"ez-toc-section-end\"><\/span><\/h3>\n<p>Go\u015bciem pierwszych w tym sezonie Spotka\u0144 z G\u00f3rami b\u0119dzie S\u0142awomir Ejsymont, kt\u00f3ry opowie o ambitnej i obfituj\u0105cej w emocje wyprawie \u017ceglarsko-wspinaczkowej \u201eEkstremalnie i Wysoko\u201d. Wyprawa po\u0142\u0105czy\u0142a ludzi dw\u00f3ch pasji \u2013 \u017ceglarstwa i wspinaczki. W 2017 roku sze\u015bciu Polak\u00f3w wyp\u0142yn\u0119\u0142o w rejon zachodniej Grenlandii, by odkry\u0107 nowe miejsca wspinaczkowe, eksplorowa\u0107 je i dokumentowa\u0107. Kierownikiem wyprawy by\u0142 Marcin \u201eYeti\u201d Tomaszewski \u2013 wspinacz<i> big wall<\/i> \u2013 kt\u00f3ry do zespo\u0142u dobra\u0142 znakomitych wspinaczy w osobach Wojciecha Malawskiego i Konrada Ociepki. Zesp\u00f3\u0142 wsparli S\u0142awomir Ejsymont i Mateusz Solecki (kt\u00f3rych zadaniem by\u0142o tak\u017ce dokumentowanie wyprawy) oraz kapitan jachtu oceanicznego Berg \u2013 Artur Bergier. By\u0142a to najprawdopodobniej dopiero czwarta wyprawa eksploracyjna w ten rejon. Ekspedycj\u0119 doceniono wyr\u00f3\u017cnieniem Kolos\u00f3w 2018 w kategorii alpinizm.<\/p>\n<p><iframe loading=\"lazy\" src=\"https:\/\/www.youtube.com\/embed\/e3s4hH8E-TQ\" width=\"560\" height=\"315\" frameborder=\"0\" allowfullscreen=\"allowfullscreen\"><\/iframe><\/p>\n<p>Ide\u0105 zespo\u0142u wspinaczy by\u0142o stworzenie nowych, bardzo technicznych dr\u00f3g alpinistycznych i ich uklasycznienie. W\u0142a\u015bnie dlatego w ekipie musieli znale\u017a\u0107 si\u0119 wspinacze z do\u015bwiadczeniem <i>big wall<\/i> i wspinacze, kt\u00f3rzy reprezentuj\u0105 najwy\u017cszy poziom sportowy. \u201e\u0141upem\u201d wyprawy pad\u0142y dwie \u015bciany \u2013 dziewiczych jak dot\u0105d \u2013 rejon\u00f3w.<\/p>\n<p>W rejonie Ummanaq wspinacze rozpoznali masyw <i>Old Man<\/i> i wytyczyli na jednej z jego turni drog\u0119 <i>Rolling Stones<\/i>. Przej\u015bcie oko\u0142o 800-metrowej linii by\u0142o prawdziw\u0105 przygod\u0105. Start z pontonu prosto w \u015bcian\u0119, techniczne trudno\u015bci i spadaj\u0105ce kamienie, kt\u00f3re przeci\u0119\u0142y wspinaczom lin\u0119 w czterech miejscach, to kilka fakt\u00f3w, kt\u00f3re \u015bwiadcz\u0105 o \u015bmia\u0142o\u015bci projektu. Podczas ekspedycji uda\u0142o si\u0119 wytyczy\u0107 jeszcze jedn\u0105 drog\u0119. W zupe\u0142nie dziewiczym rejonie wysp Aquliasuseq i Kangeq Polacy znale\u017ali skupisko \u015bcian o wysoko\u015bci 700-800 metr\u00f3w, kt\u00f3re nazwali Anchor Wall. Jedena\u015bcie dni pracy zaj\u0119\u0142o wspinaczom wytyczenie <i>Night\u2019s Watch<\/i> &#8211; drogi na kt\u00f3r\u0105 sk\u0142adaj\u0105 si\u0119 22 wyci\u0105gi z trudno\u015bciami do 7c+.<\/p>\n<div class=\"page_gallery\">\n\n\t\t<style type=\"text\/css\">\n\t\t\t#gallery-1 {\n\t\t\t\tmargin: auto;\n\t\t\t}\n\t\t\t#gallery-1 .gallery-item {\n\t\t\t\tfloat: left;\n\t\t\t\tmargin-top: 10px;\n\t\t\t\ttext-align: center;\n\t\t\t\twidth: 33%;\n\t\t\t}\n\t\t\t#gallery-1 img {\n\t\t\t\tborder: 2px solid #cfcfcf;\n\t\t\t}\n\t\t\t#gallery-1 .gallery-caption {\n\t\t\t\tmargin-left: 0;\n\t\t\t}\n\t\t\t\/* see gallery_shortcode() in wp-includes\/media.php *\/\n\t\t<\/style>\n\t\t<div id='gallery-1' class='gallery galleryid-4218 gallery-columns-3 gallery-size-full'><dl class='gallery-item'>\n\t\t\t<dt class='gallery-icon landscape'>\n\t\t\t\t<img loading=\"lazy\" decoding=\"async\" width=\"4160\" height=\"2336\" src=\"https:\/\/www.skalnik.pl\/blog\/wp-content\/uploads\/2018\/10\/foto02.jpg\" class=\"attachment-full size-full\" alt=\"\" aria-describedby=\"gallery-1-4231\" srcset=\"https:\/\/www.skalnik.pl\/blog\/wp-content\/uploads\/2018\/10\/foto02.jpg 4160w, https:\/\/www.skalnik.pl\/blog\/wp-content\/uploads\/2018\/10\/foto02-300x168.jpg 300w, https:\/\/www.skalnik.pl\/blog\/wp-content\/uploads\/2018\/10\/foto02-768x431.jpg 768w, https:\/\/www.skalnik.pl\/blog\/wp-content\/uploads\/2018\/10\/foto02-1024x575.jpg 1024w\" sizes=\"auto, (max-width: 4160px) 100vw, 4160px\" \/>\n\t\t\t<\/dt>\n\t\t\t\t<dd class='wp-caption-text gallery-caption' id='gallery-1-4231'>\n\t\t\t\tPi\u0119kno Grenlandii\n\t\t\t\t<\/dd><\/dl><dl class='gallery-item'>\n\t\t\t<dt class='gallery-icon landscape'>\n\t\t\t\t<img loading=\"lazy\" decoding=\"async\" width=\"4128\" height=\"3096\" src=\"https:\/\/www.skalnik.pl\/blog\/wp-content\/uploads\/2018\/10\/foto01.jpg\" class=\"attachment-full size-full\" alt=\"\" aria-describedby=\"gallery-1-4229\" srcset=\"https:\/\/www.skalnik.pl\/blog\/wp-content\/uploads\/2018\/10\/foto01.jpg 4128w, https:\/\/www.skalnik.pl\/blog\/wp-content\/uploads\/2018\/10\/foto01-300x225.jpg 300w, https:\/\/www.skalnik.pl\/blog\/wp-content\/uploads\/2018\/10\/foto01-768x576.jpg 768w, https:\/\/www.skalnik.pl\/blog\/wp-content\/uploads\/2018\/10\/foto01-1024x768.jpg 1024w\" sizes=\"auto, (max-width: 4128px) 100vw, 4128px\" \/>\n\t\t\t<\/dt>\n\t\t\t\t<dd class='wp-caption-text gallery-caption' id='gallery-1-4229'>\n\t\t\t\t\u015aciana Anchor Wall\n\t\t\t\t<\/dd><\/dl><dl class='gallery-item'>\n\t\t\t<dt class='gallery-icon landscape'>\n\t\t\t\t<img loading=\"lazy\" decoding=\"async\" width=\"4160\" height=\"2336\" src=\"https:\/\/www.skalnik.pl\/blog\/wp-content\/uploads\/2018\/10\/foto03.jpg\" class=\"attachment-full size-full\" alt=\"\" aria-describedby=\"gallery-1-4230\" srcset=\"https:\/\/www.skalnik.pl\/blog\/wp-content\/uploads\/2018\/10\/foto03.jpg 4160w, https:\/\/www.skalnik.pl\/blog\/wp-content\/uploads\/2018\/10\/foto03-300x168.jpg 300w, https:\/\/www.skalnik.pl\/blog\/wp-content\/uploads\/2018\/10\/foto03-768x431.jpg 768w, https:\/\/www.skalnik.pl\/blog\/wp-content\/uploads\/2018\/10\/foto03-1024x575.jpg 1024w\" sizes=\"auto, (max-width: 4160px) 100vw, 4160px\" \/>\n\t\t\t<\/dt>\n\t\t\t\t<dd class='wp-caption-text gallery-caption' id='gallery-1-4230'>\n\t\t\t\tZ wody wporst w skaln\u0105 \u015bcian\u0119\n\t\t\t\t<\/dd><\/dl><br style=\"clear: both\" \/>\n\t\t<\/div>\n\n<\/div>\n<h3><span class=\"ez-toc-section\" id=\"Slawomir_Ejsymont\"><\/span><strong>S\u0142awomir Ejsymont:<\/strong><span class=\"ez-toc-section-end\"><\/span><\/h3>\n<p>wspinacz, \u017ceglarz, ratownik i podr\u00f3\u017cnik, kt\u00f3remu nie brakuje poczucia humoru, fantazji i \u015bmia\u0142o\u015bci w organizowaniu ciekawych wypraw. Od ponad 20 lat prowadzi jeden z najbardziej kultowych kemp\u00f3w wspinaczkowych w Polsce \u2013 \u201eTabor pod Krzyw\u0105\u201d w G\u00f3rach Sokolich.<\/p>\n<div class=\"sponsors\">\n<h2><span class=\"ez-toc-section\" id=\"Sponsorzy\"><\/span>Sponsorzy:<span class=\"ez-toc-section-end\"><\/span><\/h2>\n\n\t\t<style type=\"text\/css\">\n\t\t\t#gallery-2 {\n\t\t\t\tmargin: auto;\n\t\t\t}\n\t\t\t#gallery-2 .gallery-item {\n\t\t\t\tfloat: left;\n\t\t\t\tmargin-top: 10px;\n\t\t\t\ttext-align: center;\n\t\t\t\twidth: 20%;\n\t\t\t}\n\t\t\t#gallery-2 img {\n\t\t\t\tborder: 2px solid #cfcfcf;\n\t\t\t}\n\t\t\t#gallery-2 .gallery-caption {\n\t\t\t\tmargin-left: 0;\n\t\t\t}\n\t\t\t\/* see gallery_shortcode() in wp-includes\/media.php *\/\n\t\t<\/style>\n\t\t<div id='gallery-2' class='gallery galleryid-4218 gallery-columns-5 gallery-size-thumbnail'><dl class='gallery-item'>\n\t\t\t<dt class='gallery-icon landscape'>\n\t\t\t\t<img loading=\"lazy\" decoding=\"async\" width=\"150\" height=\"150\" src=\"https:\/\/www.skalnik.pl\/blog\/wp-content\/uploads\/2016\/10\/74236798.jpg\" class=\"attachment-thumbnail size-thumbnail\" alt=\"skalnik logo\" \/>\n\t\t\t<\/dt><\/dl><dl class='gallery-item'>\n\t\t\t<dt class='gallery-icon landscape'>\n\t\t\t\t<img loading=\"lazy\" decoding=\"async\" width=\"150\" height=\"150\" src=\"https:\/\/www.skalnik.pl\/blog\/wp-content\/uploads\/2016\/10\/18654627.jpg\" class=\"attachment-thumbnail size-thumbnail\" alt=\"DKF logo\" \/>\n\t\t\t<\/dt><\/dl><dl class='gallery-item'>\n\t\t\t<dt class='gallery-icon landscape'>\n\t\t\t\t<img loading=\"lazy\" decoding=\"async\" width=\"150\" height=\"150\" src=\"https:\/\/www.skalnik.pl\/blog\/wp-content\/uploads\/2016\/10\/55774142.jpg\" class=\"attachment-thumbnail size-thumbnail\" alt=\"Politechnika logo\" \/>\n\t\t\t<\/dt><\/dl><dl class='gallery-item'>\n\t\t\t<dt class='gallery-icon landscape'>\n\t\t\t\t<img loading=\"lazy\" decoding=\"async\" width=\"150\" height=\"150\" src=\"https:\/\/www.skalnik.pl\/blog\/wp-content\/uploads\/2016\/10\/64382480.jpg\" class=\"attachment-thumbnail size-thumbnail\" alt=\"VI.6+ logo\" \/>\n\t\t\t<\/dt><\/dl><dl class='gallery-item'>\n\t\t\t<dt class='gallery-icon landscape'>\n\t\t\t\t<img loading=\"lazy\" decoding=\"async\" width=\"150\" height=\"150\" src=\"https:\/\/www.skalnik.pl\/blog\/wp-content\/uploads\/2016\/10\/25112021.jpg\" class=\"attachment-thumbnail size-thumbnail\" alt=\"volven logo\" \/>\n\t\t\t<\/dt><\/dl><br style=\"clear: both\" \/><dl class='gallery-item'>\n\t\t\t<dt class='gallery-icon landscape'>\n\t\t\t\t<img loading=\"lazy\" decoding=\"async\" width=\"150\" height=\"150\" src=\"https:\/\/www.skalnik.pl\/blog\/wp-content\/uploads\/2018\/07\/images.png\" class=\"attachment-thumbnail size-thumbnail\" alt=\"silver rock logo\" \/>\n\t\t\t<\/dt><\/dl>\n\t\t\t<br style='clear: both' \/>\n\t\t<\/div>\n\n<\/div>\n","protected":false},"excerpt":{"rendered":"<p>Opowie\u015b\u0107 o wyprawie \u017ceglarsko-wspinaczkowej na Grenlandi\u0119. W 2017 r. grupa Polak\u00f3w wyruszy\u0142a na eksploracyjn\u0105 wypraw\u0119, podczas kt\u00f3rej wspinacze wytyczyli dwie polskie drogi w zupe\u0142nie dziewiczym rejonie. Losy ambitnej i szalenie ciekawej wyprawy zrelacjonuje jeden z organizator\u00f3w i uczestnik\u00f3w przedsi\u0119wzi\u0119cia \u2013 S\u0142awek Ejsymont. <\/p>\n","protected":false},"author":10,"featured_media":4238,"comment_status":"open","ping_status":"open","sticky":false,"template":"","format":"standard","meta":{"_acf_changed":false,"footnotes":""},"categories":[9],"tags":[94,202,92,20],"magento_category":[],"magento_product":[],"class_list":["post-4218","post","type-post","status-publish","format-standard","has-post-thumbnail","hentry","category-spotkania-z-gorami","tag-inspiracje","tag-spotkania-z-gorami","tag-styl-zycia","tag-wspinaczka"],"acf":[],"aioseo_notices":[],"aioseo_head":"\n\t\t<!-- All in One SEO 4.9.10 - aioseo.com -->\n\t<meta name=\"description\" content=\"Opowie\u015b\u0107 o wyprawie \u017ceglarsko-wspinaczkowej na Grenlandi\u0119. W 2017 r. grupa Polak\u00f3w wyruszy\u0142a na eksploracyjn\u0105 wypraw\u0119, podczas kt\u00f3rej wspinacze wytyczyli dwie polskie drogi w zupe\u0142nie dziewiczym rejonie. Losy ambitnej i szalenie ciekawej wyprawy zrelacjonuje jeden z organizator\u00f3w i uczestnik\u00f3w przedsi\u0119wzi\u0119cia \u2013 S\u0142awek Ejsymont.\" \/>\n\t<meta name=\"robots\" content=\"max-image-preview:large\" \/>\n\t<meta name=\"author\" content=\"Spotkania z G\u00f3rami\"\/>\n\t<link rel=\"canonical\" href=\"https:\/\/www.skalnik.pl\/blog\/ekstremalnie-i-wysoko\/\" \/>\n\t<meta name=\"generator\" content=\"All in One SEO (AIOSEO) 4.9.10\" \/>\n\t\t<meta property=\"og:locale\" content=\"pl_PL\" \/>\n\t\t<meta property=\"og:site_name\" content=\"blog Skalnik - Blog, porady, artyku\u0142y - blog Skalnik\" \/>\n\t\t<meta property=\"og:type\" content=\"article\" \/>\n\t\t<meta property=\"og:title\" content=\"Ekstremalnie i Wysoko - blog Skalnik\" \/>\n\t\t<meta property=\"og:description\" content=\"Opowie\u015b\u0107 o wyprawie \u017ceglarsko-wspinaczkowej na Grenlandi\u0119. W 2017 r. grupa Polak\u00f3w wyruszy\u0142a na eksploracyjn\u0105 wypraw\u0119, podczas kt\u00f3rej wspinacze wytyczyli dwie polskie drogi w zupe\u0142nie dziewiczym rejonie. Losy ambitnej i szalenie ciekawej wyprawy zrelacjonuje jeden z organizator\u00f3w i uczestnik\u00f3w przedsi\u0119wzi\u0119cia \u2013 S\u0142awek Ejsymont.\" \/>\n\t\t<meta property=\"og:url\" content=\"https:\/\/www.skalnik.pl\/blog\/ekstremalnie-i-wysoko\/\" \/>\n\t\t<meta property=\"og:image\" content=\"https:\/\/skalnik.pl\/blog\/wp-content\/uploads\/2018\/10\/foto04-e1539674024129-206x300.jpg\" \/>\n\t\t<meta property=\"og:image:secure_url\" content=\"https:\/\/skalnik.pl\/blog\/wp-content\/uploads\/2018\/10\/foto04-e1539674024129-206x300.jpg\" \/>\n\t\t<meta property=\"article:tag\" content=\"spotkania z g\u00f3rami\" \/>\n\t\t<meta property=\"article:tag\" content=\"inspiracje\" \/>\n\t\t<meta property=\"article:tag\" content=\"styl \u017cycia\" \/>\n\t\t<meta property=\"article:tag\" content=\"wspinaczka\" \/>\n\t\t<meta property=\"article:published_time\" content=\"2018-10-16T07:39:16+00:00\" \/>\n\t\t<meta property=\"article:modified_time\" content=\"2018-12-13T08:14:28+00:00\" \/>\n\t\t<meta name=\"twitter:card\" content=\"summary_large_image\" \/>\n\t\t<meta name=\"twitter:title\" content=\"Ekstremalnie i Wysoko - blog Skalnik\" \/>\n\t\t<meta name=\"twitter:description\" content=\"Opowie\u015b\u0107 o wyprawie \u017ceglarsko-wspinaczkowej na Grenlandi\u0119. W 2017 r. grupa Polak\u00f3w wyruszy\u0142a na eksploracyjn\u0105 wypraw\u0119, podczas kt\u00f3rej wspinacze wytyczyli dwie polskie drogi w zupe\u0142nie dziewiczym rejonie. Losy ambitnej i szalenie ciekawej wyprawy zrelacjonuje jeden z organizator\u00f3w i uczestnik\u00f3w przedsi\u0119wzi\u0119cia \u2013 S\u0142awek Ejsymont.\" \/>\n\t\t<meta name=\"twitter:image\" content=\"https:\/\/skalnik.pl\/blog\/wp-content\/uploads\/2018\/10\/foto04-e1539674024129-206x300.jpg\" \/>\n\t\t<script type=\"application\/ld+json\" class=\"aioseo-schema\">\n\t\t\t{\"@context\":\"https:\\\/\\\/schema.org\",\"@graph\":[{\"@type\":\"BlogPosting\",\"@id\":\"https:\\\/\\\/www.skalnik.pl\\\/blog\\\/ekstremalnie-i-wysoko\\\/#blogposting\",\"name\":\"Ekstremalnie i Wysoko - blog Skalnik\",\"headline\":\"Ekstremalnie i Wysoko\",\"author\":{\"@id\":\"https:\\\/\\\/www.skalnik.pl\\\/blog\\\/author\\\/spotkania\\\/#author\"},\"publisher\":{\"@id\":\"https:\\\/\\\/www.skalnik.pl\\\/blog\\\/#organization\"},\"image\":{\"@type\":\"ImageObject\",\"url\":\"https:\\\/\\\/www.skalnik.pl\\\/blog\\\/wp-content\\\/uploads\\\/2018\\\/10\\\/foto01-ok\\u0142adka.jpg\",\"width\":1920,\"height\":705},\"datePublished\":\"2018-10-16T09:39:16+02:00\",\"dateModified\":\"2018-12-13T09:14:28+02:00\",\"inLanguage\":\"pl-PL\",\"mainEntityOfPage\":{\"@id\":\"https:\\\/\\\/www.skalnik.pl\\\/blog\\\/ekstremalnie-i-wysoko\\\/#webpage\"},\"isPartOf\":{\"@id\":\"https:\\\/\\\/www.skalnik.pl\\\/blog\\\/ekstremalnie-i-wysoko\\\/#webpage\"},\"articleSection\":\"Spotkania z g\\u00f3rami, inspiracje, spotkania z g\\u00f3rami, styl \\u017cycia, wspinaczka\"},{\"@type\":\"BreadcrumbList\",\"@id\":\"https:\\\/\\\/www.skalnik.pl\\\/blog\\\/ekstremalnie-i-wysoko\\\/#breadcrumblist\",\"itemListElement\":[{\"@type\":\"ListItem\",\"@id\":\"https:\\\/\\\/www.skalnik.pl\\\/blog#listItem\",\"position\":1,\"name\":\"Home\",\"item\":\"https:\\\/\\\/www.skalnik.pl\\\/blog\",\"nextItem\":{\"@type\":\"ListItem\",\"@id\":\"https:\\\/\\\/www.skalnik.pl\\\/blog\\\/.\\\/spotkania-z-gorami\\\/#listItem\",\"name\":\"Spotkania z g\\u00f3rami\"}},{\"@type\":\"ListItem\",\"@id\":\"https:\\\/\\\/www.skalnik.pl\\\/blog\\\/.\\\/spotkania-z-gorami\\\/#listItem\",\"position\":2,\"name\":\"Spotkania z g\\u00f3rami\",\"item\":\"https:\\\/\\\/www.skalnik.pl\\\/blog\\\/.\\\/spotkania-z-gorami\\\/\",\"nextItem\":{\"@type\":\"ListItem\",\"@id\":\"https:\\\/\\\/www.skalnik.pl\\\/blog\\\/ekstremalnie-i-wysoko\\\/#listItem\",\"name\":\"Ekstremalnie i Wysoko\"},\"previousItem\":{\"@type\":\"ListItem\",\"@id\":\"https:\\\/\\\/www.skalnik.pl\\\/blog#listItem\",\"name\":\"Home\"}},{\"@type\":\"ListItem\",\"@id\":\"https:\\\/\\\/www.skalnik.pl\\\/blog\\\/ekstremalnie-i-wysoko\\\/#listItem\",\"position\":3,\"name\":\"Ekstremalnie i Wysoko\",\"previousItem\":{\"@type\":\"ListItem\",\"@id\":\"https:\\\/\\\/www.skalnik.pl\\\/blog\\\/.\\\/spotkania-z-gorami\\\/#listItem\",\"name\":\"Spotkania z g\\u00f3rami\"}}]},{\"@type\":\"Organization\",\"@id\":\"https:\\\/\\\/www.skalnik.pl\\\/blog\\\/#organization\",\"name\":\"blog Skalnik\",\"description\":\"Blog, porady, artyku\\u0142y - blog Skalnik\",\"url\":\"https:\\\/\\\/www.skalnik.pl\\\/blog\\\/\"},{\"@type\":\"Person\",\"@id\":\"https:\\\/\\\/www.skalnik.pl\\\/blog\\\/author\\\/spotkania\\\/#author\",\"url\":\"https:\\\/\\\/www.skalnik.pl\\\/blog\\\/author\\\/spotkania\\\/\",\"name\":\"Spotkania z G\\u00f3rami\",\"image\":{\"@type\":\"ImageObject\",\"@id\":\"https:\\\/\\\/www.skalnik.pl\\\/blog\\\/ekstremalnie-i-wysoko\\\/#authorImage\",\"url\":\"https:\\\/\\\/secure.gravatar.com\\\/avatar\\\/e09dd3aeee26ff64ebd6fda736cd0f273a292e33f7d42d8fbdff1ba323502b0b?s=96&d=mm&r=g\",\"width\":96,\"height\":96,\"caption\":\"Spotkania z G\\u00f3rami\"}},{\"@type\":\"WebPage\",\"@id\":\"https:\\\/\\\/www.skalnik.pl\\\/blog\\\/ekstremalnie-i-wysoko\\\/#webpage\",\"url\":\"https:\\\/\\\/www.skalnik.pl\\\/blog\\\/ekstremalnie-i-wysoko\\\/\",\"name\":\"Ekstremalnie i Wysoko - blog Skalnik\",\"description\":\"Opowie\\u015b\\u0107 o wyprawie \\u017ceglarsko-wspinaczkowej na Grenlandi\\u0119. W 2017 r. grupa Polak\\u00f3w wyruszy\\u0142a na eksploracyjn\\u0105 wypraw\\u0119, podczas kt\\u00f3rej wspinacze wytyczyli dwie polskie drogi w zupe\\u0142nie dziewiczym rejonie. Losy ambitnej i szalenie ciekawej wyprawy zrelacjonuje jeden z organizator\\u00f3w i uczestnik\\u00f3w przedsi\\u0119wzi\\u0119cia \\u2013 S\\u0142awek Ejsymont.\",\"inLanguage\":\"pl-PL\",\"isPartOf\":{\"@id\":\"https:\\\/\\\/www.skalnik.pl\\\/blog\\\/#website\"},\"breadcrumb\":{\"@id\":\"https:\\\/\\\/www.skalnik.pl\\\/blog\\\/ekstremalnie-i-wysoko\\\/#breadcrumblist\"},\"author\":{\"@id\":\"https:\\\/\\\/www.skalnik.pl\\\/blog\\\/author\\\/spotkania\\\/#author\"},\"creator\":{\"@id\":\"https:\\\/\\\/www.skalnik.pl\\\/blog\\\/author\\\/spotkania\\\/#author\"},\"image\":{\"@type\":\"ImageObject\",\"url\":\"https:\\\/\\\/www.skalnik.pl\\\/blog\\\/wp-content\\\/uploads\\\/2018\\\/10\\\/foto01-ok\\u0142adka.jpg\",\"@id\":\"https:\\\/\\\/www.skalnik.pl\\\/blog\\\/ekstremalnie-i-wysoko\\\/#mainImage\",\"width\":1920,\"height\":705},\"primaryImageOfPage\":{\"@id\":\"https:\\\/\\\/www.skalnik.pl\\\/blog\\\/ekstremalnie-i-wysoko\\\/#mainImage\"},\"datePublished\":\"2018-10-16T09:39:16+02:00\",\"dateModified\":\"2018-12-13T09:14:28+02:00\"},{\"@type\":\"WebSite\",\"@id\":\"https:\\\/\\\/www.skalnik.pl\\\/blog\\\/#website\",\"url\":\"https:\\\/\\\/www.skalnik.pl\\\/blog\\\/\",\"name\":\"blog Skalnik\",\"description\":\"Blog, porady, artyku\\u0142y - blog Skalnik\",\"inLanguage\":\"pl-PL\",\"publisher\":{\"@id\":\"https:\\\/\\\/www.skalnik.pl\\\/blog\\\/#organization\"}}]}\n\t\t<\/script>\n\t\t<!-- All in One SEO -->\n\n","aioseo_head_json":{"title":"Ekstremalnie i Wysoko - blog Skalnik","description":"Opowie\u015b\u0107 o wyprawie \u017ceglarsko-wspinaczkowej na Grenlandi\u0119. W 2017 r. grupa Polak\u00f3w wyruszy\u0142a na eksploracyjn\u0105 wypraw\u0119, podczas kt\u00f3rej wspinacze wytyczyli dwie polskie drogi w zupe\u0142nie dziewiczym rejonie. Losy ambitnej i szalenie ciekawej wyprawy zrelacjonuje jeden z organizator\u00f3w i uczestnik\u00f3w przedsi\u0119wzi\u0119cia \u2013 S\u0142awek Ejsymont.","canonical_url":"https:\/\/www.skalnik.pl\/blog\/ekstremalnie-i-wysoko\/","robots":"max-image-preview:large","keywords":"","webmasterTools":{"miscellaneous":""},"schema":{"@context":"https:\/\/schema.org","@graph":[{"@type":"BlogPosting","@id":"https:\/\/www.skalnik.pl\/blog\/ekstremalnie-i-wysoko\/#blogposting","name":"Ekstremalnie i Wysoko - blog Skalnik","headline":"Ekstremalnie i Wysoko","author":{"@id":"https:\/\/www.skalnik.pl\/blog\/author\/spotkania\/#author"},"publisher":{"@id":"https:\/\/www.skalnik.pl\/blog\/#organization"},"image":{"@type":"ImageObject","url":"https:\/\/www.skalnik.pl\/blog\/wp-content\/uploads\/2018\/10\/foto01-ok\u0142adka.jpg","width":1920,"height":705},"datePublished":"2018-10-16T09:39:16+02:00","dateModified":"2018-12-13T09:14:28+02:00","inLanguage":"pl-PL","mainEntityOfPage":{"@id":"https:\/\/www.skalnik.pl\/blog\/ekstremalnie-i-wysoko\/#webpage"},"isPartOf":{"@id":"https:\/\/www.skalnik.pl\/blog\/ekstremalnie-i-wysoko\/#webpage"},"articleSection":"Spotkania z g\u00f3rami, inspiracje, spotkania z g\u00f3rami, styl \u017cycia, wspinaczka"},{"@type":"BreadcrumbList","@id":"https:\/\/www.skalnik.pl\/blog\/ekstremalnie-i-wysoko\/#breadcrumblist","itemListElement":[{"@type":"ListItem","@id":"https:\/\/www.skalnik.pl\/blog#listItem","position":1,"name":"Home","item":"https:\/\/www.skalnik.pl\/blog","nextItem":{"@type":"ListItem","@id":"https:\/\/www.skalnik.pl\/blog\/.\/spotkania-z-gorami\/#listItem","name":"Spotkania z g\u00f3rami"}},{"@type":"ListItem","@id":"https:\/\/www.skalnik.pl\/blog\/.\/spotkania-z-gorami\/#listItem","position":2,"name":"Spotkania z g\u00f3rami","item":"https:\/\/www.skalnik.pl\/blog\/.\/spotkania-z-gorami\/","nextItem":{"@type":"ListItem","@id":"https:\/\/www.skalnik.pl\/blog\/ekstremalnie-i-wysoko\/#listItem","name":"Ekstremalnie i Wysoko"},"previousItem":{"@type":"ListItem","@id":"https:\/\/www.skalnik.pl\/blog#listItem","name":"Home"}},{"@type":"ListItem","@id":"https:\/\/www.skalnik.pl\/blog\/ekstremalnie-i-wysoko\/#listItem","position":3,"name":"Ekstremalnie i Wysoko","previousItem":{"@type":"ListItem","@id":"https:\/\/www.skalnik.pl\/blog\/.\/spotkania-z-gorami\/#listItem","name":"Spotkania z g\u00f3rami"}}]},{"@type":"Organization","@id":"https:\/\/www.skalnik.pl\/blog\/#organization","name":"blog Skalnik","description":"Blog, porady, artyku\u0142y - blog Skalnik","url":"https:\/\/www.skalnik.pl\/blog\/"},{"@type":"Person","@id":"https:\/\/www.skalnik.pl\/blog\/author\/spotkania\/#author","url":"https:\/\/www.skalnik.pl\/blog\/author\/spotkania\/","name":"Spotkania z G\u00f3rami","image":{"@type":"ImageObject","@id":"https:\/\/www.skalnik.pl\/blog\/ekstremalnie-i-wysoko\/#authorImage","url":"https:\/\/secure.gravatar.com\/avatar\/e09dd3aeee26ff64ebd6fda736cd0f273a292e33f7d42d8fbdff1ba323502b0b?s=96&d=mm&r=g","width":96,"height":96,"caption":"Spotkania z G\u00f3rami"}},{"@type":"WebPage","@id":"https:\/\/www.skalnik.pl\/blog\/ekstremalnie-i-wysoko\/#webpage","url":"https:\/\/www.skalnik.pl\/blog\/ekstremalnie-i-wysoko\/","name":"Ekstremalnie i Wysoko - blog Skalnik","description":"Opowie\u015b\u0107 o wyprawie \u017ceglarsko-wspinaczkowej na Grenlandi\u0119. W 2017 r. grupa Polak\u00f3w wyruszy\u0142a na eksploracyjn\u0105 wypraw\u0119, podczas kt\u00f3rej wspinacze wytyczyli dwie polskie drogi w zupe\u0142nie dziewiczym rejonie. Losy ambitnej i szalenie ciekawej wyprawy zrelacjonuje jeden z organizator\u00f3w i uczestnik\u00f3w przedsi\u0119wzi\u0119cia \u2013 S\u0142awek Ejsymont.","inLanguage":"pl-PL","isPartOf":{"@id":"https:\/\/www.skalnik.pl\/blog\/#website"},"breadcrumb":{"@id":"https:\/\/www.skalnik.pl\/blog\/ekstremalnie-i-wysoko\/#breadcrumblist"},"author":{"@id":"https:\/\/www.skalnik.pl\/blog\/author\/spotkania\/#author"},"creator":{"@id":"https:\/\/www.skalnik.pl\/blog\/author\/spotkania\/#author"},"image":{"@type":"ImageObject","url":"https:\/\/www.skalnik.pl\/blog\/wp-content\/uploads\/2018\/10\/foto01-ok\u0142adka.jpg","@id":"https:\/\/www.skalnik.pl\/blog\/ekstremalnie-i-wysoko\/#mainImage","width":1920,"height":705},"primaryImageOfPage":{"@id":"https:\/\/www.skalnik.pl\/blog\/ekstremalnie-i-wysoko\/#mainImage"},"datePublished":"2018-10-16T09:39:16+02:00","dateModified":"2018-12-13T09:14:28+02:00"},{"@type":"WebSite","@id":"https:\/\/www.skalnik.pl\/blog\/#website","url":"https:\/\/www.skalnik.pl\/blog\/","name":"blog Skalnik","description":"Blog, porady, artyku\u0142y - blog Skalnik","inLanguage":"pl-PL","publisher":{"@id":"https:\/\/www.skalnik.pl\/blog\/#organization"}}]},"og:locale":"pl_PL","og:site_name":"blog Skalnik - Blog, porady, artyku\u0142y - blog Skalnik","og:type":"article","og:title":"Ekstremalnie i Wysoko - blog Skalnik","og:description":"Opowie\u015b\u0107 o wyprawie \u017ceglarsko-wspinaczkowej na Grenlandi\u0119. W 2017 r. grupa Polak\u00f3w wyruszy\u0142a na eksploracyjn\u0105 wypraw\u0119, podczas kt\u00f3rej wspinacze wytyczyli dwie polskie drogi w zupe\u0142nie dziewiczym rejonie. Losy ambitnej i szalenie ciekawej wyprawy zrelacjonuje jeden z organizator\u00f3w i uczestnik\u00f3w przedsi\u0119wzi\u0119cia \u2013 S\u0142awek Ejsymont.","og:url":"https:\/\/www.skalnik.pl\/blog\/ekstremalnie-i-wysoko\/","og:image":"https:\/\/skalnik.pl\/blog\/wp-content\/uploads\/2018\/10\/foto04-e1539674024129-206x300.jpg","og:image:secure_url":"https:\/\/skalnik.pl\/blog\/wp-content\/uploads\/2018\/10\/foto04-e1539674024129-206x300.jpg","article:tag":{"0":"spotkania z g\u00f3rami","1":"inspiracje","3":"styl \u017cycia","4":"wspinaczka"},"article:published_time":"2018-10-16T07:39:16+00:00","article:modified_time":"2018-12-13T08:14:28+00:00","twitter:card":"summary_large_image","twitter:title":"Ekstremalnie i Wysoko - blog Skalnik","twitter:description":"Opowie\u015b\u0107 o wyprawie \u017ceglarsko-wspinaczkowej na Grenlandi\u0119. W 2017 r. grupa Polak\u00f3w wyruszy\u0142a na eksploracyjn\u0105 wypraw\u0119, podczas kt\u00f3rej wspinacze wytyczyli dwie polskie drogi w zupe\u0142nie dziewiczym rejonie. Losy ambitnej i szalenie ciekawej wyprawy zrelacjonuje jeden z organizator\u00f3w i uczestnik\u00f3w przedsi\u0119wzi\u0119cia \u2013 S\u0142awek Ejsymont.","twitter:image":"https:\/\/skalnik.pl\/blog\/wp-content\/uploads\/2018\/10\/foto04-e1539674024129-206x300.jpg"},"aioseo_meta_data":{"post_id":"4218","title":null,"description":null,"keywords":null,"keyphrases":null,"primary_term":null,"canonical_url":null,"og_title":null,"og_description":null,"og_object_type":"default","og_image_type":"default","og_image_url":null,"og_image_width":null,"og_image_height":null,"og_image_custom_url":null,"og_image_custom_fields":null,"og_video":null,"og_custom_url":null,"og_article_section":null,"og_article_tags":null,"twitter_use_og":false,"twitter_card":"default","twitter_image_type":"default","twitter_image_url":null,"twitter_image_custom_url":null,"twitter_image_custom_fields":null,"twitter_title":null,"twitter_description":null,"schema":{"blockGraphs":[],"customGraphs":[],"default":{"data":{"Article":[],"Course":[],"Dataset":[],"FAQPage":[],"Movie":[],"Person":[],"Product":[],"ProductReview":[],"Car":[],"Recipe":[],"Service":[],"SoftwareApplication":[],"WebPage":[]},"graphName":"BlogPosting","isEnabled":true},"graphs":[]},"schema_type":"default","schema_type_options":null,"pillar_content":false,"robots_default":true,"robots_noindex":false,"robots_noarchive":false,"robots_nosnippet":false,"robots_nofollow":false,"robots_noimageindex":false,"robots_noodp":false,"robots_notranslate":false,"robots_max_snippet":null,"robots_max_videopreview":null,"robots_max_imagepreview":"large","priority":null,"frequency":null,"local_seo":null,"breadcrumb_settings":null,"limit_modified_date":false,"ai":null,"created":"2022-08-26 09:53:46","updated":"2026-02-17 21:26:30","seo_analyzer_scan_date":null},"aioseo_breadcrumb":"<div class=\"aioseo-breadcrumbs\"><span class=\"aioseo-breadcrumb\">\n\t\t\t<a href=\"https:\/\/www.skalnik.pl\/blog\" title=\"Home\">Home<\/a>\n\t\t<\/span><span class=\"aioseo-breadcrumb-separator\">&raquo;<\/span><span class=\"aioseo-breadcrumb\">\n\t\t\t<a href=\"https:\/\/www.skalnik.pl\/blog\/.\/spotkania-z-gorami\/\" title=\"Spotkania z g\u00f3rami\">Spotkania z g\u00f3rami<\/a>\n\t\t<\/span><span class=\"aioseo-breadcrumb-separator\">&raquo;<\/span><span class=\"aioseo-breadcrumb\">\n\t\t\tEkstremalnie i Wysoko\n\t\t<\/span><\/div>","aioseo_breadcrumb_json":[{"label":"Home","link":"https:\/\/www.skalnik.pl\/blog"},{"label":"Spotkania z g\u00f3rami","link":"https:\/\/www.skalnik.pl\/blog\/.\/spotkania-z-gorami\/"},{"label":"Ekstremalnie i Wysoko","link":"https:\/\/www.skalnik.pl\/blog\/ekstremalnie-i-wysoko\/"}],"_links":{"self":[{"href":"https:\/\/www.skalnik.pl\/blog\/wp-json\/wp\/v2\/posts\/4218","targetHints":{"allow":["GET"]}}],"collection":[{"href":"https:\/\/www.skalnik.pl\/blog\/wp-json\/wp\/v2\/posts"}],"about":[{"href":"https:\/\/www.skalnik.pl\/blog\/wp-json\/wp\/v2\/types\/post"}],"author":[{"embeddable":true,"href":"https:\/\/www.skalnik.pl\/blog\/wp-json\/wp\/v2\/users\/10"}],"replies":[{"embeddable":true,"href":"https:\/\/www.skalnik.pl\/blog\/wp-json\/wp\/v2\/comments?post=4218"}],"version-history":[{"count":20,"href":"https:\/\/www.skalnik.pl\/blog\/wp-json\/wp\/v2\/posts\/4218\/revisions"}],"predecessor-version":[{"id":4728,"href":"https:\/\/www.skalnik.pl\/blog\/wp-json\/wp\/v2\/posts\/4218\/revisions\/4728"}],"wp:featuredmedia":[{"embeddable":true,"href":"https:\/\/www.skalnik.pl\/blog\/wp-json\/wp\/v2\/media\/4238"}],"wp:attachment":[{"href":"https:\/\/www.skalnik.pl\/blog\/wp-json\/wp\/v2\/media?parent=4218"}],"wp:term":[{"taxonomy":"category","embeddable":true,"href":"https:\/\/www.skalnik.pl\/blog\/wp-json\/wp\/v2\/categories?post=4218"},{"taxonomy":"post_tag","embeddable":true,"href":"https:\/\/www.skalnik.pl\/blog\/wp-json\/wp\/v2\/tags?post=4218"},{"taxonomy":"magento_category","embeddable":true,"href":"https:\/\/www.skalnik.pl\/blog\/wp-json\/wp\/v2\/magento_category?post=4218"},{"taxonomy":"magento_product","embeddable":true,"href":"https:\/\/www.skalnik.pl\/blog\/wp-json\/wp\/v2\/magento_product?post=4218"}],"curies":[{"name":"wp","href":"https:\/\/api.w.org\/{rel}","templated":true}]}}