{"id":4335,"date":"2018-10-23T10:53:51","date_gmt":"2018-10-23T08:53:51","guid":{"rendered":"https:\/\/skalnik.pl\/blog\/?p=4335"},"modified":"2023-10-02T09:24:06","modified_gmt":"2023-10-02T07:24:06","slug":"arcteryx-atom-lt-sweter-puchowy-xxi-wieku","status":"publish","type":"post","link":"https:\/\/www.skalnik.pl\/blog\/arcteryx-atom-lt-sweter-puchowy-xxi-wieku\/","title":{"rendered":"Arc&#8217;teryx Atom LT &#8211; sweter puchowy XXI wieku"},"content":{"rendered":"<p><b>Czas polaru dobieg\u0142 ko\u0144ca, trzeba to sobie jasno powiedzie\u0107. Pewnej ch\u0142odnej jesieni przegl\u0105daj\u0105c niezliczone ilo\u015bci m\u0119skich kurtek i bluz, szukaj\u0105c nowego docieplacza do swojej g\u00f3rskiej kolekcji stan\u0105\u0142em przed dylematem&#8230;\u00a0Kupi\u0107 kolejnego Polarteca 200-tk\u0119, czy mo\u017ce p\u00f3j\u015b\u0107 z duchem czasu i rozejrze\u0107 si\u0119 za lekk\u0105 kurtk\u0105 o technicznym kroju z puchem albo syntetykiem wewn\u0105trz?<\/b><\/p>\n<p>Niewiele wody up\u0142yn\u0119\u0142o w Odrze i nie wiadomo kiedy sta\u0142em si\u0119 posiadaczem Arc&#8217;teryx Atom LT. Kurtka, jak si\u0119 okaza\u0142o, zosta\u0142a ze mn\u0105 do dzi\u015b i zostanie pewnie na d\u0142u\u017cej, poniewa\u017c oferuje du\u017co wi\u0119cej ni\u017c od niej oczekiwa\u0142em.<\/p>\n<p><a href=\"https:\/\/skalnik.pl\/kurtka-atom-lt-hoody-iliad-673712\" target=\"_blank\" rel=\"noopener noreferrer\">Atom LT<\/a> to kurtka, kt\u00f3rej miejsce w szeregu technicznej odzie\u017cy trzeba okre\u015bli\u0107 jako &#8222;mid layer&#8221;, czyli docieplaj\u0105ca warstwa po\u015brednia. Kurtka wype\u0142niona jest syntetyczn\u0105 ocieplin\u0105 Coreloft\u2122, kt\u00f3ra jest wykonana z w\u0142\u00f3kien poliestrowych i stanowi alternatyw\u0119 dla naturalnego puchu. Z premedytacj\u0105 wybra\u0142em syntetyk, gdy\u017c nie trzeba si\u0119 o niego troszczy\u0107, tak jak o kaczk\u0119 czy g\u0119\u015b. Dzi\u0119ki swoim hydrofobowym w\u0142a\u015bciwo\u015bciom Coreloft\u2122 sprawdza si\u0119 r\u00f3wnie\u017c w warunkach bardziej wilgotnych i na t\u0119 wilgo\u0107 nie jest a\u017c tak podatny.<\/p>\n<h2 lang=\"zxx\" align=\"justify\"><\/h2>\n<div id=\"ez-toc-container\" class=\"ez-toc-v2_0_85 counter-hierarchy ez-toc-counter ez-toc-light-blue ez-toc-container-direction\">\n<div class=\"ez-toc-title-container\">\n<p class=\"ez-toc-title\" style=\"cursor:inherit\">SPIS TRE\u015aCI <\/p>\n<span class=\"ez-toc-title-toggle\"><a href=\"#\" class=\"ez-toc-pull-right ez-toc-btn ez-toc-btn-xs ez-toc-btn-default ez-toc-toggle\" aria-label=\"Prze\u0142\u0105cznik Spisu Tre\u015bci\"><span class=\"ez-toc-js-icon-con\"><span class=\"\"><span class=\"eztoc-hide\" style=\"display:none;\">Toggle<\/span><span class=\"ez-toc-icon-toggle-span\"><svg style=\"fill: #999;color:#999\" xmlns=\"http:\/\/www.w3.org\/2000\/svg\" class=\"list-377408\" width=\"20px\" height=\"20px\" viewBox=\"0 0 24 24\" fill=\"none\"><path d=\"M6 6H4v2h2V6zm14 0H8v2h12V6zM4 11h2v2H4v-2zm16 0H8v2h12v-2zM4 16h2v2H4v-2zm16 0H8v2h12v-2z\" fill=\"currentColor\"><\/path><\/svg><svg style=\"fill: #999;color:#999\" class=\"arrow-unsorted-368013\" xmlns=\"http:\/\/www.w3.org\/2000\/svg\" width=\"10px\" height=\"10px\" viewBox=\"0 0 24 24\" version=\"1.2\" baseProfile=\"tiny\"><path d=\"M18.2 9.3l-6.2-6.3-6.2 6.3c-.2.2-.3.4-.3.7s.1.5.3.7c.2.2.4.3.7.3h11c.3 0 .5-.1.7-.3.2-.2.3-.5.3-.7s-.1-.5-.3-.7zM5.8 14.7l6.2 6.3 6.2-6.3c.2-.2.3-.5.3-.7s-.1-.5-.3-.7c-.2-.2-.4-.3-.7-.3h-11c-.3 0-.5.1-.7.3-.2.2-.3.5-.3.7s.1.5.3.7z\"\/><\/svg><\/span><\/span><\/span><\/a><\/span><\/div>\n<nav><ul class='ez-toc-list ez-toc-list-level-1 ' ><li class='ez-toc-page-1 ez-toc-heading-level-2'><a class=\"ez-toc-link ez-toc-heading-1\" href=\"https:\/\/www.skalnik.pl\/blog\/arcteryx-atom-lt-sweter-puchowy-xxi-wieku\/#Ocieplenie_Coreloft%E2%84%A2_%E2%80%93_o_tym_co_wewnatrz\" >Ocieplenie Coreloft\u2122 &#8211; o tym co wewn\u0105trz<\/a><\/li><li class='ez-toc-page-1 ez-toc-heading-level-2'><a class=\"ez-toc-link ez-toc-heading-2\" href=\"https:\/\/www.skalnik.pl\/blog\/arcteryx-atom-lt-sweter-puchowy-xxi-wieku\/#Material_zewnetrzny\" >Materia\u0142 zewn\u0119trzny<\/a><\/li><li class='ez-toc-page-1 ez-toc-heading-level-2'><a class=\"ez-toc-link ez-toc-heading-3\" href=\"https:\/\/www.skalnik.pl\/blog\/arcteryx-atom-lt-sweter-puchowy-xxi-wieku\/#Kroj_kurtki_Arcteryx_Atom_LT\" >Kr\u00f3j kurtki Arc&#8217;teryx Atom LT<\/a><\/li><li class='ez-toc-page-1 ez-toc-heading-level-2'><a class=\"ez-toc-link ez-toc-heading-4\" href=\"https:\/\/www.skalnik.pl\/blog\/arcteryx-atom-lt-sweter-puchowy-xxi-wieku\/#Jak_uzywac_kurtke_Atom_LT\" >Jak u\u017cywa\u0107 kurtk\u0119 Atom LT<\/a><\/li><\/ul><\/nav><\/div>\n<h2 class=\"western\" lang=\"zxx\" align=\"justify\"><span class=\"ez-toc-section\" id=\"Ocieplenie_Coreloft%E2%84%A2_%E2%80%93_o_tym_co_wewnatrz\"><\/span><b>Ocieplenie Coreloft\u2122 &#8211; o tym co wewn\u0105trz<\/b><span class=\"ez-toc-section-end\"><\/span><\/h2>\n<p class=\"western\" lang=\"zxx\" align=\"justify\">Ocieplina Coreloft\u2122 znajduje si\u0119 wewn\u0105trz ca\u0142ej kutki, poza boczymi panelami, kt\u00f3re znajduj\u0105 si\u0119 po obu stronach kurtki (od pachy w d\u00f3\u0142). W tych miejscach zastosowano wstawki ze znanego i lubianego przez ludzi outdooru materia\u0142u Polartec\u00ae Power Stretch\u00ae. Wstawki znalaz\u0142y si\u0119 w tych miejscach dla poprawy wentylacji. Trzeba przyzna\u0107, \u017ce w kurtce Arcteryx Atom z oddychalno\u015bci\u0105 jest naprawd\u0119 dobrze i chyba ani razu nie zdarzy\u0142o mi si\u0119 w nim nadmiernie spoci\u0107.<\/p>\n<div id=\"attachment_4345\" style=\"width: 293px\" class=\"wp-caption alignright\"><a href=\"https:\/\/skalnik.pl\/kurtka-atom-lt-hoody-howe-sound-667355\" target=\"_blank\" rel=\"noopener noreferrer\"><img loading=\"lazy\" decoding=\"async\" aria-describedby=\"caption-attachment-4345\" class=\"wp-image-4345 size-medium\" title=\"Arcteryx Atom LT zima\" src=\"https:\/\/skalnik.pl\/blog\/wp-content\/uploads\/2018\/10\/1-e1540281648868-283x300.jpg\" alt=\"Atom LT Arcteryx\" width=\"283\" height=\"300\" srcset=\"https:\/\/www.skalnik.pl\/blog\/wp-content\/uploads\/2018\/10\/1-e1540281648868-283x300.jpg 283w, https:\/\/www.skalnik.pl\/blog\/wp-content\/uploads\/2018\/10\/1-e1540281648868-768x814.jpg 768w, https:\/\/www.skalnik.pl\/blog\/wp-content\/uploads\/2018\/10\/1-e1540281648868-966x1024.jpg 966w, https:\/\/www.skalnik.pl\/blog\/wp-content\/uploads\/2018\/10\/1-e1540281648868.jpg 1919w\" sizes=\"auto, (max-width: 283px) 100vw, 283px\" \/><\/a><p id=\"caption-attachment-4345\" class=\"wp-caption-text\">Aktywny dzie\u0144. Pe\u0142nia zimy!<\/p><\/div>\n<p class=\"western\" lang=\"zxx\" align=\"justify\">Minus modelu taki, \u017ce niestety boczne fleecowe panele nie daj\u0105 tak dobrej os\u0142ony przed wiatrem, jak pozosta\u0142a cz\u0119\u015b\u0107 kurtki. Daje si\u0119 to odczu\u0107 przy mocniejszych podmuchach. Na w\u0142asnej sk\u00f3rze przekona\u0142em si\u0119 o tym podczas najzimniejszego weekendu ostatnich lat. Tak, tak, to w\u0142a\u015bnie wtedy nag\u0142\u00f3wki krzycza\u0142y, \u017ce w Tatrach b\u0119dzie ni\u017csza temperatura odczuwalna ni\u017c w Karakorum). W tamtych dniach pomy\u015blalem, \u017ce na szczycie Babiej wystarczy mi do prze\u017cycia sam Atom i bluza z merino. C\u00f3\u017c, nie wystarczy\u0142, a uderzenia mrozu pod pachami zmusi\u0142y mnie do za\u0142o\u017cenia hardshella.<\/p>\n<h2><\/h2>\n<h2><span class=\"ez-toc-section\" id=\"Material_zewnetrzny\"><\/span>Materia\u0142 zewn\u0119trzny<span class=\"ez-toc-section-end\"><\/span><\/h2>\n<p>Je\u015bli jeste\u015bmy w temacie wiatru, to trzeba pami\u0119ta\u0107, \u017ce Atom nie jest typow\u0105 warstw\u0105 zewn\u0119trzn\u0105 na zimowe warunki. Owszem, z wiatrem i lekkiem deszczem sobie poradzi. W mie\u015bcie b\u0119dzie \u015bwietny jako okrycie wierzchnie, ale gdy warunki i temperatura polec\u0105 w d\u00f3\u0142 na \u0142eb na szyj\u0119, jednak trzeba b\u0119dzie opancerzy\u0107 si\u0119 w hardshell. Podstawow\u0105 os\u0142on\u0119 przed niekorzystn\u0105 pogod\u0105 w Atomie zapewni warstwa materia\u0142u pokryta fabryczn\u0105 impregnacj\u0105 DWR.<\/p>\n<p>Materia\u0142 wierzchni nazywa <a href=\"https:\/\/skalnik.pl\/arc-teryx\" target=\"_blank\" rel=\"noopener noreferrer\">Arc&#8217;teryx<\/a> okre\u015bla s\u0142owem&#8221;Taffeta&#8221;, co wed\u0142ug definicji oznacza tkanin\u0119 z jedwabiu. Faktycznie ten mi\u0119kki nylon o strukturze mikro rip-stop w dotyku mo\u017ce przypomina\u0107 jedwab. Cho\u0107 w teorii jest wytrzyma\u0142y, to trzeba pami\u0119ta\u0107, \u017ce nie jest to \u017cadna Cordura. Nie poleca\u0142bym tej kurtki do wieczornych posiedze\u0144 przy ognisku. Przypomnijcie sobie te wszystkie dziury w \u015bpiworach powsta\u0142e od skacz\u0105cych iskier. Tego samego do\u015b\u0107 \u0142atwo mo\u017ce si\u0119 nabawi\u0107 kurtka Atom. W tej kurtce zawsze dwa razy zastanawiam si\u0119 te\u017c, gdy powstaje potrzeba przebicia si\u0119 przez zaro\u015bla, aby wr\u00f3ci\u0107 na nieopatrznie zagubiony szlak. Atom zdecydowanie nie jest kurtk\u0105 do ostrego tyrania w terenie.<\/p>\n<h2><\/h2>\n<h2><span class=\"ez-toc-section\" id=\"Kroj_kurtki_Arcteryx_Atom_LT\"><\/span>Kr\u00f3j kurtki Arc&#8217;teryx Atom LT<span class=\"ez-toc-section-end\"><\/span><\/h2>\n<p><b>Mankiety<\/b> wykonanne s\u0105 w kurtce z cienkiego stretchu, co oznacza, \u017ce nie mamy mo\u017cliwo\u015bci regulacji obwodu r\u0119kawa na jego ko\u0144cu. Nie przeszkadza\u0142o mi to jednak, elastyczny materia\u0142 jest wygodny w zak\u0142adaniu. Po dw\u00f3ch latach u\u017cytkowania mankiety nie nosz\u0105 oznak nadmiernego rozci\u0105gni\u0119cia i wci\u0105\u017c spe\u0142niaj\u0105 swoj\u0105 rol\u0119. To r\u00f3wnie\u017c drobiazg, ale \u0142atwo mo\u017cemy ods\u0142oni\u0107 cho\u0107by zegarek ukryty pod r\u0119kawem kurtki.<\/p>\n<p><b>Kieszene<\/b> s\u0105 trzy. Na pierwszy ogie\u0144 dwie boczne, idealne do schowania czapki, r\u0119kawiczek czy buffa, jednak za kr\u00f3tkie, aby zmie\u015bci\u0107 map\u0119. Co ciekawe, wzd\u0142u\u017c zamka dodano po obu stronach dodatkowe paski nylonu ze wzmocnieniem rip-stop, prawdopodobnie po to, by uchroni\u0107 materia\u0142 przed przypadkowym uszkodzeniem po wci\u0119ciu si\u0119 w maszynk\u0119 zamka. Wszyscy wiemy, jak bardzo takie zaci\u0119cie irytuje. Mi\u0142ym dodatkiem jest wszycie wewn\u0119trz kieszeni wstawek mi\u0119kkiego materia\u0142u, dzi\u0119ki kt\u00f3remu mo\u017cemy przyjemnie dogrza\u0107 sobie zmarzni\u0119te r\u0119ce. Skrz\u0119tnie z tej mo\u017cliwo\u015bci korzysta\u0142em wiele razy. Zdarza\u0142o si\u0119, \u017ce podczas wi\u0119kszych mroz\u00f3w ca\u0142kiem d\u0142ugie odcinki marszu pokonywa\u0142em z d\u0142o\u0144mi w kieszeniach Atoma. Dla mnie to du\u017cy plus.<\/p>\n<p>Trzecia, p\u0142aska kieszonka znajduje si\u0119 od wewn\u0119trznej strony kurtki. Jest ona rozmiar\u00f3w typowej mapy turystycznej i zamyka si\u0119 j\u0105 \u2013 jak kieszenie boczne \u2013 na zamek b\u0142yskawiczny. \u017beby dosta\u0107 si\u0119 do tej ukrytej kieszonki, trzeba jednak rozpi\u0105\u0107 kurtk\u0119 do oko\u0142o 3\/4 d\u0142ugo\u015bci. Mo\u017cna wi\u0119c przypadkiem na\u0142apa\u0107 sobie zimnego wiatru pod odzie\u017c.<\/p>\n<p><b>Kaptur ScubaHood\u2122<\/b> jest ocieplany na ca\u0142ej powierzchni. Brzeg kaptura obszyty jest gumk\u0105, a z ty\u0142u znajduje si\u0119 \u015bci\u0105gacz ze stoperem, pozwalaj\u0105cy na szczelniejsze dopasowanie kaptura do g\u0142owy. Jego rozmiar i kszta\u0142t pomy\u015blano tak, aby da\u0142o si\u0119 go bez przeszk\u00f3d za\u0142o\u017cy\u0107 i nosi\u0107 na kasku. Kurtka nie ma zbyt wysokiej gardy, ale szyja chroniona jest wystaczaj\u0105co \u2013 w moim przypadku zasuni\u0119ty do ko\u0144ca zamek ko\u0144czy si\u0119 zaraz pod doln\u0105 warg\u0105.<\/p>\n<div class=\"page_gallery\">\n\n\t\t<style type=\"text\/css\">\n\t\t\t#gallery-1 {\n\t\t\t\tmargin: auto;\n\t\t\t}\n\t\t\t#gallery-1 .gallery-item {\n\t\t\t\tfloat: left;\n\t\t\t\tmargin-top: 10px;\n\t\t\t\ttext-align: center;\n\t\t\t\twidth: 33%;\n\t\t\t}\n\t\t\t#gallery-1 img {\n\t\t\t\tborder: 2px solid #cfcfcf;\n\t\t\t}\n\t\t\t#gallery-1 .gallery-caption {\n\t\t\t\tmargin-left: 0;\n\t\t\t}\n\t\t\t\/* see gallery_shortcode() in wp-includes\/media.php *\/\n\t\t<\/style>\n\t\t<div id='gallery-1' class='gallery galleryid-4335 gallery-columns-3 gallery-size-large'><dl class='gallery-item'>\n\t\t\t<dt class='gallery-icon landscape'>\n\t\t\t\t<img loading=\"lazy\" decoding=\"async\" width=\"1024\" height=\"768\" src=\"https:\/\/www.skalnik.pl\/blog\/wp-content\/uploads\/2018\/10\/kaptur-1024x768.jpg\" class=\"attachment-large size-large\" alt=\"\" aria-describedby=\"gallery-1-4339\" srcset=\"https:\/\/www.skalnik.pl\/blog\/wp-content\/uploads\/2018\/10\/kaptur-1024x768.jpg 1024w, https:\/\/www.skalnik.pl\/blog\/wp-content\/uploads\/2018\/10\/kaptur-300x225.jpg 300w, https:\/\/www.skalnik.pl\/blog\/wp-content\/uploads\/2018\/10\/kaptur-768x576.jpg 768w, https:\/\/www.skalnik.pl\/blog\/wp-content\/uploads\/2018\/10\/kaptur.jpg 1920w\" sizes=\"auto, (max-width: 1024px) 100vw, 1024px\" \/>\n\t\t\t<\/dt>\n\t\t\t\t<dd class='wp-caption-text gallery-caption' id='gallery-1-4339'>\n\t\t\t\tKaptur ScubaHood\u2122\n\t\t\t\t<\/dd><\/dl><dl class='gallery-item'>\n\t\t\t<dt class='gallery-icon landscape'>\n\t\t\t\t<img loading=\"lazy\" decoding=\"async\" width=\"1024\" height=\"768\" src=\"https:\/\/www.skalnik.pl\/blog\/wp-content\/uploads\/2018\/10\/kiesze\u0144-wewn-1024x768.jpg\" class=\"attachment-large size-large\" alt=\"\" aria-describedby=\"gallery-1-4340\" srcset=\"https:\/\/www.skalnik.pl\/blog\/wp-content\/uploads\/2018\/10\/kiesze\u0144-wewn-1024x768.jpg 1024w, https:\/\/www.skalnik.pl\/blog\/wp-content\/uploads\/2018\/10\/kiesze\u0144-wewn-300x225.jpg 300w, https:\/\/www.skalnik.pl\/blog\/wp-content\/uploads\/2018\/10\/kiesze\u0144-wewn-768x576.jpg 768w, https:\/\/www.skalnik.pl\/blog\/wp-content\/uploads\/2018\/10\/kiesze\u0144-wewn.jpg 1920w\" sizes=\"auto, (max-width: 1024px) 100vw, 1024px\" \/>\n\t\t\t<\/dt>\n\t\t\t\t<dd class='wp-caption-text gallery-caption' id='gallery-1-4340'>\n\t\t\t\tKiesze\u0144 wewn\u0119trzna \n\t\t\t\t<\/dd><\/dl><dl class='gallery-item'>\n\t\t\t<dt class='gallery-icon landscape'>\n\t\t\t\t<img loading=\"lazy\" decoding=\"async\" width=\"1024\" height=\"768\" src=\"https:\/\/www.skalnik.pl\/blog\/wp-content\/uploads\/2018\/10\/mankiet-1024x768.jpg\" class=\"attachment-large size-large\" alt=\"\" aria-describedby=\"gallery-1-4341\" srcset=\"https:\/\/www.skalnik.pl\/blog\/wp-content\/uploads\/2018\/10\/mankiet-1024x768.jpg 1024w, https:\/\/www.skalnik.pl\/blog\/wp-content\/uploads\/2018\/10\/mankiet-300x225.jpg 300w, https:\/\/www.skalnik.pl\/blog\/wp-content\/uploads\/2018\/10\/mankiet-768x576.jpg 768w, https:\/\/www.skalnik.pl\/blog\/wp-content\/uploads\/2018\/10\/mankiet.jpg 1920w\" sizes=\"auto, (max-width: 1024px) 100vw, 1024px\" \/>\n\t\t\t<\/dt>\n\t\t\t\t<dd class='wp-caption-text gallery-caption' id='gallery-1-4341'>\n\t\t\t\tElastyczne mankiety\n\t\t\t\t<\/dd><\/dl><br style=\"clear: both\" \/><dl class='gallery-item'>\n\t\t\t<dt class='gallery-icon landscape'>\n\t\t\t\t<img loading=\"lazy\" decoding=\"async\" width=\"1024\" height=\"768\" src=\"https:\/\/www.skalnik.pl\/blog\/wp-content\/uploads\/2018\/10\/power-stretch-1024x768.jpg\" class=\"attachment-large size-large\" alt=\"\" aria-describedby=\"gallery-1-4342\" srcset=\"https:\/\/www.skalnik.pl\/blog\/wp-content\/uploads\/2018\/10\/power-stretch-1024x768.jpg 1024w, https:\/\/www.skalnik.pl\/blog\/wp-content\/uploads\/2018\/10\/power-stretch-300x225.jpg 300w, https:\/\/www.skalnik.pl\/blog\/wp-content\/uploads\/2018\/10\/power-stretch-768x576.jpg 768w, https:\/\/www.skalnik.pl\/blog\/wp-content\/uploads\/2018\/10\/power-stretch.jpg 1920w\" sizes=\"auto, (max-width: 1024px) 100vw, 1024px\" \/>\n\t\t\t<\/dt>\n\t\t\t\t<dd class='wp-caption-text gallery-caption' id='gallery-1-4342'>\n\t\t\t\tWstawki z Polartecu\n\t\t\t\t<\/dd><\/dl><dl class='gallery-item'>\n\t\t\t<dt class='gallery-icon landscape'>\n\t\t\t\t<img loading=\"lazy\" decoding=\"async\" width=\"1024\" height=\"768\" src=\"https:\/\/www.skalnik.pl\/blog\/wp-content\/uploads\/2018\/10\/kompresja-1024x768.jpg\" class=\"attachment-large size-large\" alt=\"\" aria-describedby=\"gallery-1-4343\" srcset=\"https:\/\/www.skalnik.pl\/blog\/wp-content\/uploads\/2018\/10\/kompresja-1024x768.jpg 1024w, https:\/\/www.skalnik.pl\/blog\/wp-content\/uploads\/2018\/10\/kompresja-300x225.jpg 300w, https:\/\/www.skalnik.pl\/blog\/wp-content\/uploads\/2018\/10\/kompresja-768x576.jpg 768w, https:\/\/www.skalnik.pl\/blog\/wp-content\/uploads\/2018\/10\/kompresja.jpg 1920w\" sizes=\"auto, (max-width: 1024px) 100vw, 1024px\" \/>\n\t\t\t<\/dt>\n\t\t\t\t<dd class='wp-caption-text gallery-caption' id='gallery-1-4343'>\n\t\t\t\tZachwycaj\u0105ca kompresja\n\t\t\t\t<\/dd><\/dl>\n\t\t\t<br style='clear: both' \/>\n\t\t<\/div>\n\n<\/div>\n<p>Kurtka jest bardzo dobrze zaprojektowana, podczas ruch\u00f3w r\u0119kami nic tu nie podje\u017cd\u017ca do g\u00f3ry ani nie podwija si\u0119. Na dole odzie\u017c mo\u017cna sobie dodatkowo wyregulowa\u0107 w obwodzie przy u\u017cyciu wszytego \u015bci\u0105gacza.<\/p>\n<p>Najbardzej urzeka mnie jednak w tej kurtce og\u00f3lna wygoda u\u017cytkowania. Mi\u0119ciutki materia\u0142 wierzchni w po\u0142\u0105czeniu z wype\u0142nieniem Coreloft\u2122 i wstawkami z fleecu spawiaj\u0105, \u017c\u0119 kurtka jest lekka jak pi\u00f3rko i bardzo przyjemna w kontakcie z cia\u0142em. Po za\u0142o\u017ceniu Atoma na sam tylko t-shirt czuj\u0119 si\u0119 komfortowo, jak w \u015bpiworze. Niska waga sprawia, \u017ce w og\u00f3le nie czu\u0107 kurtki, a dobry design nie kr\u0119puje ruch\u00f3w w \u017cadnym stopniu.<\/p>\n<p>Wspominaj\u0105c o wadze nie mo\u017cna zapomnie\u0107 o kolejnym ogromnym plusie Atoma LT. Jest po prostu model niesamowicie pakowny! Kurtk\u0119 mo\u017cna skompresowa\u0107 do jednej z jej kieszeni albo kaptura. W\u00f3wczas b\u0119dzie zajmowa\u0107 tyle miejsca co, powiedzmy, kubek termiczny.<\/p>\n<h2><span class=\"ez-toc-section\" id=\"Jak_uzywac_kurtke_Atom_LT\"><\/span>Jak u\u017cywa\u0107 kurtk\u0119 Atom LT<span class=\"ez-toc-section-end\"><\/span><\/h2>\n<p>Zamiast podsumowania napisz\u0119 o kilku konkretach. Warto rzuci\u0107 okiem, do jakich zastosowa\u0144 sam u\u017cywa\u0142em kurtki Atom LT Hoody i do kt\u00f3rych sprawdzi\u0142a si\u0119 znakomicie:<\/p>\n<ul>\n<li><b>warstwa wierzchnia<\/b>, do codziennego noszenia w warunkach miejskich (w temperaturze ~10 stopni i bez wiatru daje rad\u0119 na samym t-shircie, gdy robi si\u0119 zimniej zak\u0142ada\u0142em pod sp\u00f3d dodatkow\u0105 bluz\u0119 polarow\u0105)<\/li>\n<li><b>\u00a0warstwa po\u015brednia<\/b>, noszona pod softshellem albo hardshellem podczas spacer\u00f3w w terenie zim\u0105 (do dynamicznego napierania oczywi\u015bcie si\u0119 nie nada)<\/li>\n<li>\u00a0tzw. <b>&#8222;postoj\u00f3wka&#8221;<\/b> czyli kurtka noszona awaryjnie w plecaku i zak\u0142adana na chwil\u0119, jako ostatnia warstwa podczas przerwy na kubek herbaty zim\u0105 w g\u00f3rach, czy do przygotowania \u015bniadania podczas ch\u0142odnego poradnka latem\/wczesn\u0105 jesieni\u0105.<\/li>\n<\/ul>\n<p><iframe loading=\"lazy\" src=\"https:\/\/www.youtube.com\/embed\/fMfxFo6jDeI\" width=\"800\" height=\"442\" frameborder=\"0\" allowfullscreen=\"allowfullscreen\"><\/iframe><\/p>\n<p>Wszechstronno\u015b\u0107 kurtki sprawi\u0142a, \u017ce Atom LT sta\u0142 si\u0119 jedn\u0105 z moich ulubionych kurtek, kt\u00f3r\u0105 to mog\u0119 u\u017cy\u0107 do przer\u00f3\u017cnych zastosowa\u0144 praktycznie przez ca\u0142y rok. Szczeg\u00f3lnie ceni\u0119 jej walory w okresie jesiennym\/wiosennym, gdy tylko temperatura spada poni\u017cej 15 stopni i mog\u0119 j\u0105 za\u0142o\u017cy\u0107 jako ciep\u0142\u0105 i wygodn\u0105 kurtk\u0119 na miasto. Jej ekstremalna lekko\u015b\u0107 i pakowno\u015b\u0107 powoduje \u017ce nawet podczas letnich wycieczek kusi mnie, aby wepchn\u0105\u0107 j\u0105 gdzie\u015b do bocznej kieszeni plecaka \u2013 jak to si\u0119 m\u00f3wi \u2013 &#8222;na wszelki wypadek&#8221;. Je\u015bli ju\u017c raz podczas wycieczki zak\u0142adam kurtk\u0119 Atom LT na siebie, to potem nie bardzo mam ochot\u0119 j\u0105 zdejmowa\u0107.<\/p>\n","protected":false},"excerpt":{"rendered":"<p>Arc&#8217;teryx Atom LT Hoody &#8211; opinia po okresie ponad dwuletniego u\u017cytkowania. Dowiedz si\u0119 dlaczego nasz autor nie lubi rozstawa\u0107 si\u0119 z t\u0105 kurtk\u0105.  Przeczytaj je\u015bli zastanawiasz si\u0119, czy Atom LT sprawdzi si\u0119 zim\u0105.<\/p>\n","protected":false},"author":21,"featured_media":4336,"comment_status":"open","ping_status":"open","sticky":false,"template":"","format":"standard","meta":{"_acf_changed":false,"footnotes":""},"categories":[8],"tags":[194,15,16],"magento_category":[168],"magento_product":[780,776,779,778,777],"class_list":["post-4335","post","type-post","status-publish","format-standard","has-post-thumbnail","hentry","category-testy","tag-arcteryx","tag-odziez","tag-zima"],"acf":[],"aioseo_notices":[],"aioseo_head":"\n\t\t<!-- All in One SEO 4.9.10 - aioseo.com -->\n\t<meta name=\"description\" content=\"Arc&#039;teryx Atom LT Hoody - opinia po okresie ponad dwuletniego u\u017cytkowania. Dowiedz si\u0119 dlaczego nasz autor nie lubi rozstawa\u0107 si\u0119 z t\u0105 kurtk\u0105. Przeczytaj je\u015bli zastanawiasz si\u0119, czy Atom LT sprawdzi si\u0119 zim\u0105.\" \/>\n\t<meta name=\"robots\" content=\"max-image-preview:large\" \/>\n\t<meta name=\"author\" content=\"Dominik Marzec\"\/>\n\t<link rel=\"canonical\" href=\"https:\/\/www.skalnik.pl\/blog\/arcteryx-atom-lt-sweter-puchowy-xxi-wieku\/\" \/>\n\t<meta name=\"generator\" content=\"All in One SEO (AIOSEO) 4.9.10\" \/>\n\t\t<meta property=\"og:locale\" content=\"pl_PL\" \/>\n\t\t<meta property=\"og:site_name\" content=\"blog Skalnik - Blog, porady, artyku\u0142y - blog Skalnik\" \/>\n\t\t<meta property=\"og:type\" content=\"article\" \/>\n\t\t<meta property=\"og:title\" content=\"Arc\u2019teryx Atom LT \u2013 sweter puchowy XXI wieku - blog Skalnik\" \/>\n\t\t<meta property=\"og:description\" content=\"Arc&#039;teryx Atom LT Hoody - opinia po okresie ponad dwuletniego u\u017cytkowania. Dowiedz si\u0119 dlaczego nasz autor nie lubi rozstawa\u0107 si\u0119 z t\u0105 kurtk\u0105. Przeczytaj je\u015bli zastanawiasz si\u0119, czy Atom LT sprawdzi si\u0119 zim\u0105.\" \/>\n\t\t<meta property=\"og:url\" content=\"https:\/\/www.skalnik.pl\/blog\/arcteryx-atom-lt-sweter-puchowy-xxi-wieku\/\" \/>\n\t\t<meta property=\"og:image\" content=\"https:\/\/skalnik.pl\/blog\/wp-content\/uploads\/2018\/10\/1-e1540281648868-283x300.jpg\" \/>\n\t\t<meta property=\"og:image:secure_url\" content=\"https:\/\/skalnik.pl\/blog\/wp-content\/uploads\/2018\/10\/1-e1540281648868-283x300.jpg\" \/>\n\t\t<meta property=\"article:tag\" content=\"testy\" \/>\n\t\t<meta property=\"article:tag\" content=\"arc&#039;teryx\" \/>\n\t\t<meta property=\"article:tag\" content=\"odzie\u017c\" \/>\n\t\t<meta property=\"article:tag\" content=\"zima\" \/>\n\t\t<meta property=\"article:published_time\" content=\"2018-10-23T08:53:51+00:00\" \/>\n\t\t<meta property=\"article:modified_time\" content=\"2023-10-02T07:24:06+00:00\" \/>\n\t\t<meta name=\"twitter:card\" content=\"summary_large_image\" \/>\n\t\t<meta name=\"twitter:title\" content=\"Arc\u2019teryx Atom LT \u2013 sweter puchowy XXI wieku - blog Skalnik\" \/>\n\t\t<meta name=\"twitter:description\" content=\"Arc&#039;teryx Atom LT Hoody - opinia po okresie ponad dwuletniego u\u017cytkowania. Dowiedz si\u0119 dlaczego nasz autor nie lubi rozstawa\u0107 si\u0119 z t\u0105 kurtk\u0105. Przeczytaj je\u015bli zastanawiasz si\u0119, czy Atom LT sprawdzi si\u0119 zim\u0105.\" \/>\n\t\t<meta name=\"twitter:image\" content=\"https:\/\/skalnik.pl\/blog\/wp-content\/uploads\/2018\/10\/1-e1540281648868-283x300.jpg\" \/>\n\t\t<script type=\"application\/ld+json\" class=\"aioseo-schema\">\n\t\t\t{\"@context\":\"https:\\\/\\\/schema.org\",\"@graph\":[{\"@type\":\"BlogPosting\",\"@id\":\"https:\\\/\\\/www.skalnik.pl\\\/blog\\\/arcteryx-atom-lt-sweter-puchowy-xxi-wieku\\\/#blogposting\",\"name\":\"Arc\\u2019teryx Atom LT \\u2013 sweter puchowy XXI wieku - blog Skalnik\",\"headline\":\"Arc&#8217;teryx Atom LT &#8211; sweter puchowy XXI wieku\",\"author\":{\"@id\":\"https:\\\/\\\/www.skalnik.pl\\\/blog\\\/author\\\/dominik-marzec\\\/#author\"},\"publisher\":{\"@id\":\"https:\\\/\\\/www.skalnik.pl\\\/blog\\\/#organization\"},\"image\":{\"@type\":\"ImageObject\",\"url\":\"https:\\\/\\\/www.skalnik.pl\\\/blog\\\/wp-content\\\/uploads\\\/2018\\\/10\\\/kaptur-ok\\u0142adka.jpg\",\"width\":1920,\"height\":705},\"datePublished\":\"2018-10-23T10:53:51+02:00\",\"dateModified\":\"2023-10-02T09:24:06+02:00\",\"inLanguage\":\"pl-PL\",\"mainEntityOfPage\":{\"@id\":\"https:\\\/\\\/www.skalnik.pl\\\/blog\\\/arcteryx-atom-lt-sweter-puchowy-xxi-wieku\\\/#webpage\"},\"isPartOf\":{\"@id\":\"https:\\\/\\\/www.skalnik.pl\\\/blog\\\/arcteryx-atom-lt-sweter-puchowy-xxi-wieku\\\/#webpage\"},\"articleSection\":\"Testy, arc'teryx, odzie\\u017c, zima, 1091, 598335, 598337, 598338, 598339, 601801\"},{\"@type\":\"BreadcrumbList\",\"@id\":\"https:\\\/\\\/www.skalnik.pl\\\/blog\\\/arcteryx-atom-lt-sweter-puchowy-xxi-wieku\\\/#breadcrumblist\",\"itemListElement\":[{\"@type\":\"ListItem\",\"@id\":\"https:\\\/\\\/www.skalnik.pl\\\/blog#listItem\",\"position\":1,\"name\":\"Home\",\"item\":\"https:\\\/\\\/www.skalnik.pl\\\/blog\",\"nextItem\":{\"@type\":\"ListItem\",\"@id\":\"https:\\\/\\\/www.skalnik.pl\\\/blog\\\/.\\\/testy\\\/#listItem\",\"name\":\"Testy\"}},{\"@type\":\"ListItem\",\"@id\":\"https:\\\/\\\/www.skalnik.pl\\\/blog\\\/.\\\/testy\\\/#listItem\",\"position\":2,\"name\":\"Testy\",\"item\":\"https:\\\/\\\/www.skalnik.pl\\\/blog\\\/.\\\/testy\\\/\",\"nextItem\":{\"@type\":\"ListItem\",\"@id\":\"https:\\\/\\\/www.skalnik.pl\\\/blog\\\/arcteryx-atom-lt-sweter-puchowy-xxi-wieku\\\/#listItem\",\"name\":\"Arc&#8217;teryx Atom LT &#8211; sweter puchowy XXI wieku\"},\"previousItem\":{\"@type\":\"ListItem\",\"@id\":\"https:\\\/\\\/www.skalnik.pl\\\/blog#listItem\",\"name\":\"Home\"}},{\"@type\":\"ListItem\",\"@id\":\"https:\\\/\\\/www.skalnik.pl\\\/blog\\\/arcteryx-atom-lt-sweter-puchowy-xxi-wieku\\\/#listItem\",\"position\":3,\"name\":\"Arc&#8217;teryx Atom LT &#8211; sweter puchowy XXI wieku\",\"previousItem\":{\"@type\":\"ListItem\",\"@id\":\"https:\\\/\\\/www.skalnik.pl\\\/blog\\\/.\\\/testy\\\/#listItem\",\"name\":\"Testy\"}}]},{\"@type\":\"Organization\",\"@id\":\"https:\\\/\\\/www.skalnik.pl\\\/blog\\\/#organization\",\"name\":\"blog Skalnik\",\"description\":\"Blog, porady, artyku\\u0142y - blog Skalnik\",\"url\":\"https:\\\/\\\/www.skalnik.pl\\\/blog\\\/\"},{\"@type\":\"Person\",\"@id\":\"https:\\\/\\\/www.skalnik.pl\\\/blog\\\/author\\\/dominik-marzec\\\/#author\",\"url\":\"https:\\\/\\\/www.skalnik.pl\\\/blog\\\/author\\\/dominik-marzec\\\/\",\"name\":\"Dominik Marzec\",\"image\":{\"@type\":\"ImageObject\",\"@id\":\"https:\\\/\\\/www.skalnik.pl\\\/blog\\\/arcteryx-atom-lt-sweter-puchowy-xxi-wieku\\\/#authorImage\",\"url\":\"https:\\\/\\\/secure.gravatar.com\\\/avatar\\\/3b5d5b73985d1015e6793369ac3b78362bc9b0fc6b0d982a1e6396714ef4fb75?s=96&d=mm&r=g\",\"width\":96,\"height\":96,\"caption\":\"Dominik Marzec\"}},{\"@type\":\"WebPage\",\"@id\":\"https:\\\/\\\/www.skalnik.pl\\\/blog\\\/arcteryx-atom-lt-sweter-puchowy-xxi-wieku\\\/#webpage\",\"url\":\"https:\\\/\\\/www.skalnik.pl\\\/blog\\\/arcteryx-atom-lt-sweter-puchowy-xxi-wieku\\\/\",\"name\":\"Arc\\u2019teryx Atom LT \\u2013 sweter puchowy XXI wieku - blog Skalnik\",\"description\":\"Arc'teryx Atom LT Hoody - opinia po okresie ponad dwuletniego u\\u017cytkowania. Dowiedz si\\u0119 dlaczego nasz autor nie lubi rozstawa\\u0107 si\\u0119 z t\\u0105 kurtk\\u0105. Przeczytaj je\\u015bli zastanawiasz si\\u0119, czy Atom LT sprawdzi si\\u0119 zim\\u0105.\",\"inLanguage\":\"pl-PL\",\"isPartOf\":{\"@id\":\"https:\\\/\\\/www.skalnik.pl\\\/blog\\\/#website\"},\"breadcrumb\":{\"@id\":\"https:\\\/\\\/www.skalnik.pl\\\/blog\\\/arcteryx-atom-lt-sweter-puchowy-xxi-wieku\\\/#breadcrumblist\"},\"author\":{\"@id\":\"https:\\\/\\\/www.skalnik.pl\\\/blog\\\/author\\\/dominik-marzec\\\/#author\"},\"creator\":{\"@id\":\"https:\\\/\\\/www.skalnik.pl\\\/blog\\\/author\\\/dominik-marzec\\\/#author\"},\"image\":{\"@type\":\"ImageObject\",\"url\":\"https:\\\/\\\/www.skalnik.pl\\\/blog\\\/wp-content\\\/uploads\\\/2018\\\/10\\\/kaptur-ok\\u0142adka.jpg\",\"@id\":\"https:\\\/\\\/www.skalnik.pl\\\/blog\\\/arcteryx-atom-lt-sweter-puchowy-xxi-wieku\\\/#mainImage\",\"width\":1920,\"height\":705},\"primaryImageOfPage\":{\"@id\":\"https:\\\/\\\/www.skalnik.pl\\\/blog\\\/arcteryx-atom-lt-sweter-puchowy-xxi-wieku\\\/#mainImage\"},\"datePublished\":\"2018-10-23T10:53:51+02:00\",\"dateModified\":\"2023-10-02T09:24:06+02:00\"},{\"@type\":\"WebSite\",\"@id\":\"https:\\\/\\\/www.skalnik.pl\\\/blog\\\/#website\",\"url\":\"https:\\\/\\\/www.skalnik.pl\\\/blog\\\/\",\"name\":\"blog Skalnik\",\"description\":\"Blog, porady, artyku\\u0142y - blog Skalnik\",\"inLanguage\":\"pl-PL\",\"publisher\":{\"@id\":\"https:\\\/\\\/www.skalnik.pl\\\/blog\\\/#organization\"}}]}\n\t\t<\/script>\n\t\t<!-- All in One SEO -->\n\n","aioseo_head_json":{"title":"Arc\u2019teryx Atom LT \u2013 sweter puchowy XXI wieku - blog Skalnik","description":"Arc'teryx Atom LT Hoody - opinia po okresie ponad dwuletniego u\u017cytkowania. Dowiedz si\u0119 dlaczego nasz autor nie lubi rozstawa\u0107 si\u0119 z t\u0105 kurtk\u0105. Przeczytaj je\u015bli zastanawiasz si\u0119, czy Atom LT sprawdzi si\u0119 zim\u0105.","canonical_url":"https:\/\/www.skalnik.pl\/blog\/arcteryx-atom-lt-sweter-puchowy-xxi-wieku\/","robots":"max-image-preview:large","keywords":"","webmasterTools":{"miscellaneous":""},"schema":{"@context":"https:\/\/schema.org","@graph":[{"@type":"BlogPosting","@id":"https:\/\/www.skalnik.pl\/blog\/arcteryx-atom-lt-sweter-puchowy-xxi-wieku\/#blogposting","name":"Arc\u2019teryx Atom LT \u2013 sweter puchowy XXI wieku - blog Skalnik","headline":"Arc&#8217;teryx Atom LT &#8211; sweter puchowy XXI wieku","author":{"@id":"https:\/\/www.skalnik.pl\/blog\/author\/dominik-marzec\/#author"},"publisher":{"@id":"https:\/\/www.skalnik.pl\/blog\/#organization"},"image":{"@type":"ImageObject","url":"https:\/\/www.skalnik.pl\/blog\/wp-content\/uploads\/2018\/10\/kaptur-ok\u0142adka.jpg","width":1920,"height":705},"datePublished":"2018-10-23T10:53:51+02:00","dateModified":"2023-10-02T09:24:06+02:00","inLanguage":"pl-PL","mainEntityOfPage":{"@id":"https:\/\/www.skalnik.pl\/blog\/arcteryx-atom-lt-sweter-puchowy-xxi-wieku\/#webpage"},"isPartOf":{"@id":"https:\/\/www.skalnik.pl\/blog\/arcteryx-atom-lt-sweter-puchowy-xxi-wieku\/#webpage"},"articleSection":"Testy, arc'teryx, odzie\u017c, zima, 1091, 598335, 598337, 598338, 598339, 601801"},{"@type":"BreadcrumbList","@id":"https:\/\/www.skalnik.pl\/blog\/arcteryx-atom-lt-sweter-puchowy-xxi-wieku\/#breadcrumblist","itemListElement":[{"@type":"ListItem","@id":"https:\/\/www.skalnik.pl\/blog#listItem","position":1,"name":"Home","item":"https:\/\/www.skalnik.pl\/blog","nextItem":{"@type":"ListItem","@id":"https:\/\/www.skalnik.pl\/blog\/.\/testy\/#listItem","name":"Testy"}},{"@type":"ListItem","@id":"https:\/\/www.skalnik.pl\/blog\/.\/testy\/#listItem","position":2,"name":"Testy","item":"https:\/\/www.skalnik.pl\/blog\/.\/testy\/","nextItem":{"@type":"ListItem","@id":"https:\/\/www.skalnik.pl\/blog\/arcteryx-atom-lt-sweter-puchowy-xxi-wieku\/#listItem","name":"Arc&#8217;teryx Atom LT &#8211; sweter puchowy XXI wieku"},"previousItem":{"@type":"ListItem","@id":"https:\/\/www.skalnik.pl\/blog#listItem","name":"Home"}},{"@type":"ListItem","@id":"https:\/\/www.skalnik.pl\/blog\/arcteryx-atom-lt-sweter-puchowy-xxi-wieku\/#listItem","position":3,"name":"Arc&#8217;teryx Atom LT &#8211; sweter puchowy XXI wieku","previousItem":{"@type":"ListItem","@id":"https:\/\/www.skalnik.pl\/blog\/.\/testy\/#listItem","name":"Testy"}}]},{"@type":"Organization","@id":"https:\/\/www.skalnik.pl\/blog\/#organization","name":"blog Skalnik","description":"Blog, porady, artyku\u0142y - blog Skalnik","url":"https:\/\/www.skalnik.pl\/blog\/"},{"@type":"Person","@id":"https:\/\/www.skalnik.pl\/blog\/author\/dominik-marzec\/#author","url":"https:\/\/www.skalnik.pl\/blog\/author\/dominik-marzec\/","name":"Dominik Marzec","image":{"@type":"ImageObject","@id":"https:\/\/www.skalnik.pl\/blog\/arcteryx-atom-lt-sweter-puchowy-xxi-wieku\/#authorImage","url":"https:\/\/secure.gravatar.com\/avatar\/3b5d5b73985d1015e6793369ac3b78362bc9b0fc6b0d982a1e6396714ef4fb75?s=96&d=mm&r=g","width":96,"height":96,"caption":"Dominik Marzec"}},{"@type":"WebPage","@id":"https:\/\/www.skalnik.pl\/blog\/arcteryx-atom-lt-sweter-puchowy-xxi-wieku\/#webpage","url":"https:\/\/www.skalnik.pl\/blog\/arcteryx-atom-lt-sweter-puchowy-xxi-wieku\/","name":"Arc\u2019teryx Atom LT \u2013 sweter puchowy XXI wieku - blog Skalnik","description":"Arc'teryx Atom LT Hoody - opinia po okresie ponad dwuletniego u\u017cytkowania. Dowiedz si\u0119 dlaczego nasz autor nie lubi rozstawa\u0107 si\u0119 z t\u0105 kurtk\u0105. Przeczytaj je\u015bli zastanawiasz si\u0119, czy Atom LT sprawdzi si\u0119 zim\u0105.","inLanguage":"pl-PL","isPartOf":{"@id":"https:\/\/www.skalnik.pl\/blog\/#website"},"breadcrumb":{"@id":"https:\/\/www.skalnik.pl\/blog\/arcteryx-atom-lt-sweter-puchowy-xxi-wieku\/#breadcrumblist"},"author":{"@id":"https:\/\/www.skalnik.pl\/blog\/author\/dominik-marzec\/#author"},"creator":{"@id":"https:\/\/www.skalnik.pl\/blog\/author\/dominik-marzec\/#author"},"image":{"@type":"ImageObject","url":"https:\/\/www.skalnik.pl\/blog\/wp-content\/uploads\/2018\/10\/kaptur-ok\u0142adka.jpg","@id":"https:\/\/www.skalnik.pl\/blog\/arcteryx-atom-lt-sweter-puchowy-xxi-wieku\/#mainImage","width":1920,"height":705},"primaryImageOfPage":{"@id":"https:\/\/www.skalnik.pl\/blog\/arcteryx-atom-lt-sweter-puchowy-xxi-wieku\/#mainImage"},"datePublished":"2018-10-23T10:53:51+02:00","dateModified":"2023-10-02T09:24:06+02:00"},{"@type":"WebSite","@id":"https:\/\/www.skalnik.pl\/blog\/#website","url":"https:\/\/www.skalnik.pl\/blog\/","name":"blog Skalnik","description":"Blog, porady, artyku\u0142y - blog Skalnik","inLanguage":"pl-PL","publisher":{"@id":"https:\/\/www.skalnik.pl\/blog\/#organization"}}]},"og:locale":"pl_PL","og:site_name":"blog Skalnik - Blog, porady, artyku\u0142y - blog Skalnik","og:type":"article","og:title":"Arc\u2019teryx Atom LT \u2013 sweter puchowy XXI wieku - blog Skalnik","og:description":"Arc'teryx Atom LT Hoody - opinia po okresie ponad dwuletniego u\u017cytkowania. Dowiedz si\u0119 dlaczego nasz autor nie lubi rozstawa\u0107 si\u0119 z t\u0105 kurtk\u0105. Przeczytaj je\u015bli zastanawiasz si\u0119, czy Atom LT sprawdzi si\u0119 zim\u0105.","og:url":"https:\/\/www.skalnik.pl\/blog\/arcteryx-atom-lt-sweter-puchowy-xxi-wieku\/","og:image":"https:\/\/skalnik.pl\/blog\/wp-content\/uploads\/2018\/10\/1-e1540281648868-283x300.jpg","og:image:secure_url":"https:\/\/skalnik.pl\/blog\/wp-content\/uploads\/2018\/10\/1-e1540281648868-283x300.jpg","article:tag":["testy","arc'teryx","odzie\u017c","zima"],"article:published_time":"2018-10-23T08:53:51+00:00","article:modified_time":"2023-10-02T07:24:06+00:00","twitter:card":"summary_large_image","twitter:title":"Arc\u2019teryx Atom LT \u2013 sweter puchowy XXI wieku - blog Skalnik","twitter:description":"Arc'teryx Atom LT Hoody - opinia po okresie ponad dwuletniego u\u017cytkowania. Dowiedz si\u0119 dlaczego nasz autor nie lubi rozstawa\u0107 si\u0119 z t\u0105 kurtk\u0105. Przeczytaj je\u015bli zastanawiasz si\u0119, czy Atom LT sprawdzi si\u0119 zim\u0105.","twitter:image":"https:\/\/skalnik.pl\/blog\/wp-content\/uploads\/2018\/10\/1-e1540281648868-283x300.jpg"},"aioseo_meta_data":{"post_id":"4335","title":null,"description":null,"keywords":[{"label":"arcteryx","value":"arcteryx"},{"label":"arc'teryx","value":"arc'teryx"},{"label":"atom LT","value":"atom LT"},{"label":"kurtka ocieplana","value":"kurtka ocieplana"},{"label":"test","value":"test"},{"label":"opinia","value":"opinia"}],"keyphrases":{"focus":{"keyphrase":"","score":0,"analysis":{"keyphraseInTitle":{"score":0,"maxScore":9,"error":1}}},"additional":[]},"primary_term":null,"canonical_url":null,"og_title":null,"og_description":null,"og_object_type":"default","og_image_type":"default","og_image_url":null,"og_image_width":null,"og_image_height":null,"og_image_custom_url":null,"og_image_custom_fields":null,"og_video":"","og_custom_url":null,"og_article_section":null,"og_article_tags":[],"twitter_use_og":false,"twitter_card":"default","twitter_image_type":"default","twitter_image_url":null,"twitter_image_custom_url":null,"twitter_image_custom_fields":null,"twitter_title":null,"twitter_description":null,"schema":{"blockGraphs":[],"customGraphs":[],"default":{"data":{"Article":[],"Course":[],"Dataset":[],"FAQPage":[],"Movie":[],"Person":[],"Product":[],"ProductReview":[],"Car":[],"Recipe":[],"Service":[],"SoftwareApplication":[],"WebPage":[]},"graphName":"","isEnabled":true},"graphs":[]},"schema_type":"default","schema_type_options":null,"pillar_content":false,"robots_default":true,"robots_noindex":false,"robots_noarchive":false,"robots_nosnippet":false,"robots_nofollow":false,"robots_noimageindex":false,"robots_noodp":false,"robots_notranslate":false,"robots_max_snippet":"-1","robots_max_videopreview":"-1","robots_max_imagepreview":"large","priority":null,"frequency":"default","local_seo":null,"breadcrumb_settings":null,"limit_modified_date":false,"ai":null,"created":"2022-08-26 09:53:46","updated":"2026-02-17 21:26:30","seo_analyzer_scan_date":null},"aioseo_breadcrumb":"<div class=\"aioseo-breadcrumbs\"><span class=\"aioseo-breadcrumb\">\n\t\t\t<a href=\"https:\/\/www.skalnik.pl\/blog\" title=\"Home\">Home<\/a>\n\t\t<\/span><span class=\"aioseo-breadcrumb-separator\">&raquo;<\/span><span class=\"aioseo-breadcrumb\">\n\t\t\t<a href=\"https:\/\/www.skalnik.pl\/blog\/.\/testy\/\" title=\"Testy\">Testy<\/a>\n\t\t<\/span><span class=\"aioseo-breadcrumb-separator\">&raquo;<\/span><span class=\"aioseo-breadcrumb\">\n\t\t\tArc\u2019teryx Atom LT \u2013 sweter puchowy XXI wieku\n\t\t<\/span><\/div>","aioseo_breadcrumb_json":[{"label":"Home","link":"https:\/\/www.skalnik.pl\/blog"},{"label":"Testy","link":"https:\/\/www.skalnik.pl\/blog\/.\/testy\/"},{"label":"Arc&#8217;teryx Atom LT &#8211; sweter puchowy XXI wieku","link":"https:\/\/www.skalnik.pl\/blog\/arcteryx-atom-lt-sweter-puchowy-xxi-wieku\/"}],"_links":{"self":[{"href":"https:\/\/www.skalnik.pl\/blog\/wp-json\/wp\/v2\/posts\/4335","targetHints":{"allow":["GET"]}}],"collection":[{"href":"https:\/\/www.skalnik.pl\/blog\/wp-json\/wp\/v2\/posts"}],"about":[{"href":"https:\/\/www.skalnik.pl\/blog\/wp-json\/wp\/v2\/types\/post"}],"author":[{"embeddable":true,"href":"https:\/\/www.skalnik.pl\/blog\/wp-json\/wp\/v2\/users\/21"}],"replies":[{"embeddable":true,"href":"https:\/\/www.skalnik.pl\/blog\/wp-json\/wp\/v2\/comments?post=4335"}],"version-history":[{"count":39,"href":"https:\/\/www.skalnik.pl\/blog\/wp-json\/wp\/v2\/posts\/4335\/revisions"}],"predecessor-version":[{"id":24409,"href":"https:\/\/www.skalnik.pl\/blog\/wp-json\/wp\/v2\/posts\/4335\/revisions\/24409"}],"wp:featuredmedia":[{"embeddable":true,"href":"https:\/\/www.skalnik.pl\/blog\/wp-json\/wp\/v2\/media\/4336"}],"wp:attachment":[{"href":"https:\/\/www.skalnik.pl\/blog\/wp-json\/wp\/v2\/media?parent=4335"}],"wp:term":[{"taxonomy":"category","embeddable":true,"href":"https:\/\/www.skalnik.pl\/blog\/wp-json\/wp\/v2\/categories?post=4335"},{"taxonomy":"post_tag","embeddable":true,"href":"https:\/\/www.skalnik.pl\/blog\/wp-json\/wp\/v2\/tags?post=4335"},{"taxonomy":"magento_category","embeddable":true,"href":"https:\/\/www.skalnik.pl\/blog\/wp-json\/wp\/v2\/magento_category?post=4335"},{"taxonomy":"magento_product","embeddable":true,"href":"https:\/\/www.skalnik.pl\/blog\/wp-json\/wp\/v2\/magento_product?post=4335"}],"curies":[{"name":"wp","href":"https:\/\/api.w.org\/{rel}","templated":true}]}}