{"id":436,"date":"2023-01-24T06:27:00","date_gmt":"2023-01-24T05:27:00","guid":{"rendered":"https:\/\/skalnik.pl\/blog\/?p=436"},"modified":"2023-02-23T08:07:36","modified_gmt":"2023-02-23T07:07:36","slug":"pierwszy-zimowy-biwak","status":"publish","type":"post","link":"https:\/\/www.skalnik.pl\/blog\/pierwszy-zimowy-biwak\/","title":{"rendered":"Pierwszy zimowy biwak"},"content":{"rendered":"\n<p><strong>Zima i biwak w jednym zdaniu. Te dwa s\u0142owa dla wi\u0119kszo\u015bci z nas, gryz\u0105 si\u0119 ze sob\u0105. Zdecydowanie \u0142atwiej by\u0142oby je prze\u0142kn\u0105\u0107, gdyby rozdziela\u0142 je sp\u00f3jnik \u201ealbo\u201d. Albo zima, albo biwak. Nigdy razem \u2013 bo jak\u017ce to pcha\u0107 si\u0119 na nocleg w mrozy, skoro i w ciep\u0142ej porze roku niejeden odpu\u015bci sobie perspektyw\u0119 sp\u0119dzenia nocy poza w\u0142asn\u0105 sypialni\u0105 z powodu mniej przyjemnej pogody?<\/strong><\/p>\n\n\n\n<p>Dla co wygodniejszej cz\u0119\u015bci spo\u0142ecze\u0144stwa, zimowy biwak b\u0119dzie wr\u0119cz sportem ekstremalnym, a uskuteczniaj\u0105ca go, osoba mo\u017ce zosta\u0107 pos\u0105dzona o brak pi\u0105tej klepki. Je\u015bli jednak powy\u017csze s\u0142owa nie s\u0105 o Tobie, jest du\u017ca szansa, \u017ce zasmakujesz w zimowych nocach w dziczy. Prawd\u0119 m\u00f3wi\u0105c, nawet osoby z g\u00f3ry nastawione negatywnie, mog\u0105 przekona\u0107 si\u0119, \u017ce taka przygoda nie musi mrozi\u0107 krwi w \u017cy\u0142ach. S\u0105 r\u00f3\u017cne zimy i s\u0105 r\u00f3\u017cne zimowe biwaki \u2013 a odpowiednio przygotowuj\u0105c si\u0119 do nich, mo\u017cemy sprowadzi\u0107 zimowe warunki do poziomu lekko uci\u0105\u017cliwej niedogodno\u015bci, por\u00f3wnywalnej z porannym wype\u0142zni\u0119ciem spod rozgrzanej ko\u0142dry do nienagrzanego wystarczaj\u0105co mieszkania. Je\u015bli po takiej pobudce czeka nas jeszcze wczesne wyj\u015bcie do pracy, alternatywa w postaci zimowego biwaku mo\u017ce okaza\u0107 si\u0119 wr\u0119cz kusz\u0105ca!<\/p>\n\n\n\n<p>Jak zatem przygotowa\u0107 si\u0119 do pierwszego mro\u017anego noclegu poza domem?<\/p>\n\n\n\n<div id=\"ez-toc-container\" class=\"ez-toc-v2_0_85 counter-hierarchy ez-toc-counter ez-toc-light-blue ez-toc-container-direction\">\n<div class=\"ez-toc-title-container\">\n<p class=\"ez-toc-title\" style=\"cursor:inherit\">SPIS TRE\u015aCI <\/p>\n<span class=\"ez-toc-title-toggle\"><a href=\"#\" class=\"ez-toc-pull-right ez-toc-btn ez-toc-btn-xs ez-toc-btn-default ez-toc-toggle\" aria-label=\"Prze\u0142\u0105cznik Spisu Tre\u015bci\"><span class=\"ez-toc-js-icon-con\"><span class=\"\"><span class=\"eztoc-hide\" style=\"display:none;\">Toggle<\/span><span class=\"ez-toc-icon-toggle-span\"><svg style=\"fill: #999;color:#999\" xmlns=\"http:\/\/www.w3.org\/2000\/svg\" class=\"list-377408\" width=\"20px\" height=\"20px\" viewBox=\"0 0 24 24\" fill=\"none\"><path d=\"M6 6H4v2h2V6zm14 0H8v2h12V6zM4 11h2v2H4v-2zm16 0H8v2h12v-2zM4 16h2v2H4v-2zm16 0H8v2h12v-2z\" fill=\"currentColor\"><\/path><\/svg><svg style=\"fill: #999;color:#999\" class=\"arrow-unsorted-368013\" xmlns=\"http:\/\/www.w3.org\/2000\/svg\" width=\"10px\" height=\"10px\" viewBox=\"0 0 24 24\" version=\"1.2\" baseProfile=\"tiny\"><path d=\"M18.2 9.3l-6.2-6.3-6.2 6.3c-.2.2-.3.4-.3.7s.1.5.3.7c.2.2.4.3.7.3h11c.3 0 .5-.1.7-.3.2-.2.3-.5.3-.7s-.1-.5-.3-.7zM5.8 14.7l6.2 6.3 6.2-6.3c.2-.2.3-.5.3-.7s-.1-.5-.3-.7c-.2-.2-.4-.3-.7-.3h-11c-.3 0-.5.1-.7.3-.2.2-.3.5-.3.7s.1.5.3.7z\"\/><\/svg><\/span><\/span><\/span><\/a><\/span><\/div>\n<nav><ul class='ez-toc-list ez-toc-list-level-1 ' ><li class='ez-toc-page-1 ez-toc-heading-level-2'><a class=\"ez-toc-link ez-toc-heading-1\" href=\"https:\/\/www.skalnik.pl\/blog\/pierwszy-zimowy-biwak\/#Glowa_jest_najwazniejsza\" >G\u0142owa jest najwa\u017cniejsza!<\/a><\/li><li class='ez-toc-page-1 ez-toc-heading-level-2'><a class=\"ez-toc-link ez-toc-heading-2\" href=\"https:\/\/www.skalnik.pl\/blog\/pierwszy-zimowy-biwak\/#Spanie_w_namiocie_zima_%E2%80%93_czego_sie_spodziewac\" >Spanie w namiocie zim\u0105 \u2013 czego si\u0119 spodziewa\u0107?<\/a><\/li><li class='ez-toc-page-1 ez-toc-heading-level-2'><a class=\"ez-toc-link ez-toc-heading-3\" href=\"https:\/\/www.skalnik.pl\/blog\/pierwszy-zimowy-biwak\/#Spiwory_zimowe_%E2%80%93_glowna_linia_obrony_przed_mrozem\" >\u015apiwory zimowe \u2013 g\u0142\u00f3wna linia obrony przed mrozem<\/a><\/li><li class='ez-toc-page-1 ez-toc-heading-level-2'><a class=\"ez-toc-link ez-toc-heading-4\" href=\"https:\/\/www.skalnik.pl\/blog\/pierwszy-zimowy-biwak\/#Biwakowanie_zima_%E2%80%93_nie_tylko_namiot\" >Biwakowanie zim\u0105 \u2013 nie tylko namiot<\/a><\/li><\/ul><\/nav><\/div>\n<h2 class=\"wp-block-heading\"><span class=\"ez-toc-section\" id=\"Glowa_jest_najwazniejsza\"><\/span>G\u0142owa jest najwa\u017cniejsza!<span class=\"ez-toc-section-end\"><\/span><\/h2>\n\n\n\n<p>Je\u015bli jeste\u015bmy przyzwyczajeni do wyg\u00f3d cywilizowanego \u017cycia, w pierwszej kolejno\u015bci powinni\u015bmy zaj\u0105\u0107 si\u0119 swoim nastawieniem. Je\u015bli nie wpakujemy si\u0119 w naprawd\u0119 ekstremalne warunki, najwi\u0119ksze przeszkody w przyjemnym sp\u0119dzeniu nocy mo\u017ce sprawia\u0107 nam w\u0142asny umys\u0142. Nie czarujmy si\u0119, \u015bwiadomo\u015b\u0107 nieuchronno\u015bci przetrwania tych kilku \u2013 czy kilkunastu godzin \u2013 kiedy w ko\u0142o ciemno i mro\u017ano, a do domu czy samochodu kilka godzin marszu, potrafi zrujnowa\u0107 morale.<\/p>\n\n\n\n<p>Je\u015bli nie mamy w\u0105tpliwo\u015bci, \u017ce wyzwania dzia\u0142aj\u0105 na nas mobilizuj\u0105co, pewnie ten problem nas nie dotknie. Osoby kt\u00f3re nie maj\u0105 takiej pewno\u015bci, powinny pierwszy biwak zaplanowa\u0107 z bliskiej odleg\u0142o\u015bci, na przyk\u0142ad od samochodu. Nie zak\u0142adajmy wtedy sztywnego programu wycieczki \u2013 dajmy sobie mo\u017cliwo\u015b\u0107 spakowania si\u0119 i powrotu w ka\u017cdej chwili. Paradoksalnie, \u015bwiadomo\u015b\u0107, \u017ce mamy ca\u0142y czas dost\u0119pne ko\u0142o ratunkowe i mo\u017cemy po prostu \u201eprzerwa\u0107 misj\u0119\u201d, mo\u017ce u\u0142atwi\u0107 nam dotrwanie do ranka bez traumy. Na pewno pomo\u017ce te\u017c dobre towarzystwo \u2013 czas szybciej mija, kiedy mo\u017cemy po\u017cartowa\u0107 ze sprawdzonym towarzyszem!<\/p>\n\n\n\n<div class=\"wp-block-image\"><figure class=\"aligncenter size-large\"><img loading=\"lazy\" decoding=\"async\" width=\"1024\" height=\"683\" src=\"https:\/\/www.skalnik.pl\/blog\/wp-content\/uploads\/2023\/01\/nathan-karsgaard-unsplash-pierwszy-zimowy-biwak-p.jpg\" alt=\"pierwszy biwak w zimie\" class=\"wp-image-21978\" srcset=\"https:\/\/www.skalnik.pl\/blog\/wp-content\/uploads\/2023\/01\/nathan-karsgaard-unsplash-pierwszy-zimowy-biwak-p.jpg 1024w, https:\/\/www.skalnik.pl\/blog\/wp-content\/uploads\/2023\/01\/nathan-karsgaard-unsplash-pierwszy-zimowy-biwak-p-300x200.jpg 300w, https:\/\/www.skalnik.pl\/blog\/wp-content\/uploads\/2023\/01\/nathan-karsgaard-unsplash-pierwszy-zimowy-biwak-p-768x512.jpg 768w\" sizes=\"auto, (max-width: 1024px) 100vw, 1024px\" \/><figcaption><em>Pierwszy biwak zimowy urz\u0105d\u017a gdzie\u015b, gdzie b\u0119dziesz mie\u0107 w miar\u0119 komfortowe warunki. (fot. Nathan Karsgaard, Unsplash)<\/em><\/figcaption><\/figure><\/div>\n\n\n\n<h2 class=\"wp-block-heading\"><span class=\"ez-toc-section\" id=\"Spanie_w_namiocie_zima_%E2%80%93_czego_sie_spodziewac\"><\/span>Spanie w namiocie zim\u0105 \u2013 czego si\u0119 spodziewa\u0107?<span class=\"ez-toc-section-end\"><\/span><\/h2>\n\n\n\n<p>Najwa\u017cniejsz\u0105 sprawa \u2013 namiot nas nie ogrzeje! Nie zwi\u0119kszy nawet znacz\u0105co komfortu termicznego. Nie spodziewajmy si\u0119, \u017ce maj\u0105c \u015bpiw\u00f3r z komfortem 0 stopni, wygodnie wy\u015bpimy si\u0119 w namiocie, gdy na dworze mamy powiedzmy -5 stopni. Rol\u0105 namiotu b\u0119dzie przede wszystkim os\u0142oni\u0119cie nas od wiatru i ewentualnych opad\u00f3w. Nie oznacza to jednak, \u017ce ka\u017cdy namiot b\u0119dzie r\u00f3wnie odpowiedni do zimowego biwaku.<\/p>\n\n\n\n<p>Najwa\u017cniejsz\u0105 kwesti\u0105 jest sprawna wentylacja, dzi\u0119ki kt\u00f3rej unikniemy nadmiernego gromadzenia si\u0119 szronu po wewn\u0119trznej stronie \u015bcianek tropiku. Druga wa\u017cna sprawa to rozmiar \u2013 niestety, ale wybieraj\u0105c namiot \u201ena styk\u201d, b\u0119dziemy musieli przy ka\u017cdym ruchu uwa\u017ca\u0107, aby nie dotkn\u0105\u0107 \u015bcianek namiotu. Je\u015bli na \u015bciankach wytworzy\u0142 si\u0119 szron, potrz\u0105\u015bni\u0119cie nimi mo\u017ce spowodowa\u0107 opad mro\u017anych kryszta\u0142k\u00f3w, kt\u00f3re wyl\u0105duj\u0105 nam na przyk\u0142ad za ko\u0142nierzem.<\/p>\n\n\n\n<p>Nast\u0119pna istotna rzecz to dobre napi\u0119cie tropiku \u2013 tak, aby nie styka\u0142 si\u0119 on z sypialni\u0105 (niechlujnie napi\u0119ty tropik w niekt\u00f3rych namiotach b\u0119dzie zwisa\u0142 i styka\u0142 si\u0119 z materia\u0142em sypialni). Pozwoli to unikn\u0105\u0107 wymienionych poprzednio przyg\u00f3d. W ujemnych temperaturach zdecydowanie mniej wa\u017cna jest wodoodporno\u015b\u0107 namiotu czy podklejane szwy. Fartuchy \u015bnie\u017cne, w kt\u00f3re zaopatrzone s\u0105 namioty zimowe, to gad\u017cet na bardziej ekstremalne warunki \u2013 na pierwszym zimowym biwaku w\u0142a\u015bciwie nie b\u0119d\u0105 nam do niczego potrzebne. Oczywi\u015bcie, je\u015bli spanie zim\u0105 w namiocie przypadnie nam do gustu, wtedy warto zainwestowa\u0107 w namiot zimowy!<\/p>\n\n\n\n<p><span class=\"has-inline-color has-vivid-cyan-blue-color\">Zobacz prawdziwe &#8211;&gt; <strong><a href=\"https:\/\/www.skalnik.pl\/sprzet-turystyczny\/namioty\/namioty-ekspedycyjne\" target=\"_blank\" rel=\"noreferrer noopener\">namioty ekspedycyjne<\/a><\/strong>. <\/span><\/p>\n\n\n\n<div class=\"wp-block-image\"><figure class=\"aligncenter size-large\"><img loading=\"lazy\" decoding=\"async\" width=\"1024\" height=\"683\" src=\"https:\/\/www.skalnik.pl\/blog\/wp-content\/uploads\/2022\/10\/jan-kopriva-namiot-zimowy-unsplash.jpg\" alt=\"namiot zimowy\" class=\"wp-image-20986\" srcset=\"https:\/\/www.skalnik.pl\/blog\/wp-content\/uploads\/2022\/10\/jan-kopriva-namiot-zimowy-unsplash.jpg 1024w, https:\/\/www.skalnik.pl\/blog\/wp-content\/uploads\/2022\/10\/jan-kopriva-namiot-zimowy-unsplash-300x200.jpg 300w, https:\/\/www.skalnik.pl\/blog\/wp-content\/uploads\/2022\/10\/jan-kopriva-namiot-zimowy-unsplash-768x512.jpg 768w\" sizes=\"auto, (max-width: 1024px) 100vw, 1024px\" \/><figcaption><em>Nie musisz od razu inwestowa\u0107 w namiot ekspedycyjny. Jest jednak wiele rzeczy, kt\u00f3re mo\u017cna zrobi\u0107, by nocleg sta\u0142 si\u0119 bardziej komfortowy. Napi\u0119ty tropik, czy usypanie \u015bnie\u017cnego murku dooko\u0142a namiotu to drobiazgi, kt\u00f3re zawsze pomog\u0105 przetrwa\u0107 noc zim\u0105 w namiocie.<\/em> <em>(fot. Jan Kopriva, Unsplash)<\/em><\/figcaption><\/figure><\/div>\n\n\n\n<h2 class=\"wp-block-heading\"><span class=\"ez-toc-section\" id=\"Spiwory_zimowe_%E2%80%93_glowna_linia_obrony_przed_mrozem\"><\/span>\u015apiwory zimowe \u2013 g\u0142\u00f3wna linia obrony przed mrozem<span class=\"ez-toc-section-end\"><\/span><\/h2>\n\n\n\n<p>Wybieraj\u0105c \u015bpiw\u00f3r zimowy, kierujmy si\u0119 przede wszystkim temperatur\u0105 komfortu. Dwa pozosta\u0142e parametry podawane przez producent\u00f3w \u2013 temperatura graniczna oraz ekstremalna, m\u00f3wi\u0105 o zapewnieniu nam przetrwania, kiedy znajdziemy si\u0119 w sytuacji naprawd\u0119 awaryjnej.<\/p>\n\n\n\n<p>Tymczasem pierwszy biwak chcemy prze\u017cy\u0107 we wzgl\u0119dnym komforcie, aby nie zniech\u0119ci\u0107 si\u0119 do sp\u0119dzania zimowych nocy poza domem. Je\u015bli nie planujemy spa\u0107 wysoko w g\u00f3rach, na wi\u0119kszo\u015bci obszaru naszego kraju (cho\u0107 oczywi\u015bcie s\u0105 i nizinne bieguny zimna) raczej rzadko spotkamy si\u0119 z temperaturami ni\u017cszymi ni\u017c -5 stopni. \u015apiw\u00f3r puchowy zimowy na takie temperatury zwykle b\u0119dzie mia\u0142 wype\u0142nienie o masie ok. 600 g. Zazwyczaj nawet l\u017cejszy kaliber b\u0119dzie w porz\u0105dku \u2013 w mojej okolicy wi\u0119kszo\u015b\u0107 zimowych nocy to temperatury w okolicach -1 do -2 stopni, a na to wystarczy nam i 600 g puchu.<\/p>\n\n\n\n<p>No w\u0142a\u015bnie \u2013 czemu puchu? Przede wszystkim z uwagi na wag\u0119. \u015apiw\u00f3r puchowy b\u0119dzie wa\u017cy\u0142 mniej wi\u0119cej o po\u0142ow\u0119 mniej od syntetycznego, daj\u0105cego podobny komfort termiczny. Oczywi\u015bcie s\u0105 r\u00f3wnie\u017c wady \u2013 puch wymaga zdecydowanie uwa\u017cniejszej piel\u0119gnacji, przemoczony traci swe w\u0142a\u015bciwo\u015bci termoizolacyjne. Wilgotny syntetyk zachowa jak\u0105\u015b cz\u0119\u015b\u0107 swoich w\u0142a\u015bciwo\u015bci, a w dodatku mniej straszny b\u0119dzie mu brak w\u0142a\u015bciwej konserwacji, jak d\u0142u\u017csze niedosuszenie (na przyk\u0142ad na kilkudniowym trekkingu). Wype\u0142nienia syntetyczne bywaj\u0105 jednak bardzo r\u00f3\u017cne, od zwyk\u0142ej watoliny do autorskich rozwi\u0105za\u0144 topowych producent\u00f3w.<\/p>\n\n\n\n<p>Podobnie puch puchowi nier\u00f3wny. Przyjmuje si\u0119, \u017ce nieco lepsze w\u0142a\u015bciwo\u015bci od puchu kaczego ma puch g\u0119si, ale g\u0142\u00f3wnie dlatego, \u017ce ten drugi mo\u017ce osi\u0105ga\u0107 wi\u0119kszy parametr spr\u0119\u017cysto\u015bci. Parametr <strong>cui\/cuin<\/strong> oznacza w\u0142a\u015bnie spr\u0119\u017cysto\u015b\u0107 puchu \u2013 jednostka wagi, charakteryzuj\u0105ca si\u0119 wy\u017csz\u0105 warto\u015bci\u0105 tego parametru, b\u0119dzie rozpr\u0119\u017ca\u0142a si\u0119 do wi\u0119kszej obj\u0119to\u015bci. Przek\u0142ada si\u0119 to na nieco lepsz\u0105 izolacj\u0119 przez \u015bpiw\u00f3r maj\u0105cy wype\u0142nienie 700 g puchu o warto\u015bci 750 cui ni\u017c tej samej wagi \u015bpiw\u00f3r oparty o wype\u0142nienie 600 cui.<\/p>\n\n\n\n<p><span class=\"has-inline-color has-vivid-cyan-blue-color\">To tutaj znajdziesz &#8211;&gt; <strong><a href=\"https:\/\/www.skalnik.pl\/sprzet-turystyczny\/spiwory-i-maty\/spiwory-i-maty-puchowe\" target=\"_blank\" rel=\"noreferrer noopener\">\u015bpiwory puchowe<\/a><\/strong>. <\/span><\/p>\n\n\n\n<div class=\"wp-block-image\"><figure class=\"aligncenter size-large\"><img loading=\"lazy\" decoding=\"async\" width=\"1024\" height=\"683\" src=\"https:\/\/www.skalnik.pl\/blog\/wp-content\/uploads\/2023\/01\/sebastian-marx-unsplash-namiot-zima.jpg\" alt=\"namiot zim\u0105 pierwszy biwak\" class=\"wp-image-21980\" srcset=\"https:\/\/www.skalnik.pl\/blog\/wp-content\/uploads\/2023\/01\/sebastian-marx-unsplash-namiot-zima.jpg 1024w, https:\/\/www.skalnik.pl\/blog\/wp-content\/uploads\/2023\/01\/sebastian-marx-unsplash-namiot-zima-300x200.jpg 300w, https:\/\/www.skalnik.pl\/blog\/wp-content\/uploads\/2023\/01\/sebastian-marx-unsplash-namiot-zima-768x512.jpg 768w\" sizes=\"auto, (max-width: 1024px) 100vw, 1024px\" \/><figcaption><em>Namiot Ci\u0119 nie ogrzeje, pami\u0119taj, by na noc wsun\u0105\u0107 si\u0119 do ciep\u0142ego \u015bpiwora. (fot. Sebastian Marx, Unsplash)<\/em><\/figcaption><\/figure><\/div>\n\n\n\n<h2 class=\"wp-block-heading\"><span class=\"ez-toc-section\" id=\"Biwakowanie_zima_%E2%80%93_nie_tylko_namiot\"><\/span>Biwakowanie zim\u0105 \u2013 nie tylko namiot<span class=\"ez-toc-section-end\"><\/span><\/h2>\n\n\n\n<p>Zimowe biwaki to nie tylko noce w namiocie. Oczywi\u015bcie, namiot najcz\u0119\u015bciej b\u0119dzie najbardziej praktyczny ze wzgl\u0119du na szybko\u015b\u0107 rozbijania i niezale\u017cno\u015b\u0107 od \u015bniegu, jednak znane s\u0105 r\u00f3\u017cne inne metody budowania zimowych schronie\u0144. W pewnych warunkach sprawdzaj\u0105 si\u0119 o wiele lepiej od namiotu.<\/p>\n\n\n\n<p>Pomijaj\u0105c takie prowizorki jak r\u00f3w \u015bnie\u017cny nakryty p\u0142acht\u0105 biwakow\u0105, czy schronienie w \u015bnie\u017cnym zag\u0142\u0119bieniu pod koron\u0105 okaza\u0142ego \u015bwierka, najistotniejsze b\u0119dzie igloo, quinzee oraz jama \u015bnie\u017cna. Podstawowe wady tych konstrukcji to pracoch\u0142onno\u015b\u0107 budowy oraz konieczno\u015b\u0107 zalegania sporej ilo\u015bci \u015bniegu. Najwi\u0119ksza zaleta z kolei to mo\u017cliwo\u015b\u0107 puszczenia w ruch w\u0142asnej inwencji tw\u00f3rczej i urz\u0105dzenia schronienia zupe\u0142nie po swojemu. Ponadto przy wi\u0119kszych mrozach charakteryzuj\u0105 si\u0119 one lepsz\u0105 termik\u0105 ni\u017c namiot \u2013 zw\u0142aszcza jama \u015bnie\u017cna zapewnia solidn\u0105 izolacj\u0119.<\/p>\n\n\n\n<p>Czym si\u0119 r\u00f3\u017cni\u0105? <strong>Igloo<\/strong> jest kopulast\u0105 konstrukcj\u0105, budowan\u0105 z wyci\u0119tych, \u015bnie\u017cnych blok\u00f3w. Budowla znana od dziecka chyba ka\u017cdemu i nieroz\u0142\u0105cznie kojarz\u0105ca si\u0119 z Eskimosami. <strong>Quinzee<\/strong> to forma po\u015brednia pomi\u0119dzy igloo a jam\u0105 \u015bnie\u017cn\u0105. Jest to nic innego jak wydr\u0105\u017cona w \u015brodku, usypana wcze\u015bniej sterta \u015bniegu. Tak\u0105 zasp\u0119 mo\u017cemy zorganizowa\u0107 sobie, kiedy pokrywa \u015bnie\u017cna nie pozwala na wydr\u0105\u017cenie klasycznej jamy. Je\u015bli jednak warunki na to pozwalaj\u0105, <strong>jama \u015bnie\u017cna<\/strong> b\u0119dzie najkorzystniejsz\u0105 opcj\u0105 \u2013 zw\u0142aszcza je\u015bli planujemy kilkudniowe biwakowanie w tym samym miejscu.<\/p>\n\n\n\n<p>Zobacz jak zbudowa\u0107 Quinzee. To dobry spos\u00f3b na schronienie, gdy \u015bniegu jest zbyt ma\u0142o na budow\u0119 jamy \u015bnie\u017cnej. <\/p>\n\n\n\n<iframe loading=\"lazy\" src=\"https:\/\/www.youtube.com\/embed\/bXp_KhfluD0\" title=\"YouTube video player\" allow=\"accelerometer; autoplay; clipboard-write; encrypted-media; gyroscope; picture-in-picture; web-share\" allowfullscreen=\"\" width=\"800\" height=\"442\" frameborder=\"0\"><\/iframe>\n\n\n\n<hr class=\"wp-block-separator is-style-dots\"\/>\n\n\n\n<p>Biwakowanie zim\u0105 to przygoda. Najwa\u017cniejsze, \u017ceby biwak w zimie, zw\u0142aszcza ten pierwszy, sprawi\u0142 nam jak najwi\u0119ksz\u0105 frajd\u0119. Bawmy si\u0119, pr\u00f3bujmy r\u00f3\u017cnych rozwi\u0105za\u0144 i czerpmy z tego maksimum przyjemno\u015bci!<\/p>\n\n\n\n<p><span class=\"has-inline-color has-vivid-cyan-blue-color\">Pami\u0119taj, by biwakowa\u0107 w miejscach do tego dozwolonych, na przyk\u0142ad tam, gdzie pozwala na to program &#8222;Zanocuj w lesie&#8221;. O tym programie Las\u00f3w Pa\u0144stwowych przeczytasz w tym artykule &#8211;&gt; <strong><a href=\"https:\/\/www.skalnik.pl\/blog\/zanocuj-w-lesie-zasady-programu\/\" target=\"_blank\" rel=\"noreferrer noopener\">kliknij tutaj<\/a><\/strong>. <\/span><\/p>\n","protected":false},"excerpt":{"rendered":"<p>Czego spodziewa\u0107 si\u0119 na zimowym biwaku? Poznaj odpowied\u017a! <\/p>\n","protected":false},"author":39,"featured_media":21975,"comment_status":"open","ping_status":"open","sticky":false,"template":"","format":"standard","meta":{"_acf_changed":false,"footnotes":""},"categories":[84,3],"tags":[87,113,16],"magento_category":[115],"magento_product":[],"class_list":["post-436","post","type-post","status-publish","format-standard","has-post-thumbnail","hentry","category-pasja","category-porady","tag-biwak","tag-namioty","tag-zima"],"acf":[],"aioseo_notices":[],"aioseo_head":"\n\t\t<!-- All in One SEO 4.9.10 - aioseo.com -->\n\t<meta name=\"description\" content=\"Czego spodziewa\u0107 si\u0119 na zimowym biwaku? Poznaj odpowied\u017a!\" \/>\n\t<meta name=\"robots\" content=\"max-image-preview:large\" \/>\n\t<meta name=\"author\" content=\"Skadi\"\/>\n\t<link rel=\"canonical\" href=\"https:\/\/www.skalnik.pl\/blog\/pierwszy-zimowy-biwak\/\" \/>\n\t<meta name=\"generator\" content=\"All in One SEO (AIOSEO) 4.9.10\" \/>\n\t\t<meta property=\"og:locale\" content=\"pl_PL\" \/>\n\t\t<meta property=\"og:site_name\" content=\"blog Skalnik - Blog, porady, artyku\u0142y - blog Skalnik\" \/>\n\t\t<meta property=\"og:type\" content=\"article\" \/>\n\t\t<meta property=\"og:title\" content=\"Pierwszy zimowy biwak - blog Skalnik\" \/>\n\t\t<meta property=\"og:description\" content=\"Czego spodziewa\u0107 si\u0119 na zimowym biwaku? Poznaj odpowied\u017a!\" \/>\n\t\t<meta property=\"og:url\" content=\"https:\/\/www.skalnik.pl\/blog\/pierwszy-zimowy-biwak\/\" \/>\n\t\t<meta property=\"og:image\" content=\"https:\/\/www.skalnik.pl\/blog\/wp-content\/uploads\/2023\/01\/nathan-karsgaard-unsplash-pierwszy-zimowy-biwak-p.jpg\" \/>\n\t\t<meta property=\"og:image:secure_url\" content=\"https:\/\/www.skalnik.pl\/blog\/wp-content\/uploads\/2023\/01\/nathan-karsgaard-unsplash-pierwszy-zimowy-biwak-p.jpg\" \/>\n\t\t<meta property=\"og:image:width\" content=\"1024\" \/>\n\t\t<meta property=\"og:image:height\" content=\"683\" \/>\n\t\t<meta property=\"article:tag\" content=\"pasja\" \/>\n\t\t<meta property=\"article:tag\" content=\"porady\" \/>\n\t\t<meta property=\"article:tag\" content=\"biwak\" \/>\n\t\t<meta property=\"article:tag\" content=\"namioty\" \/>\n\t\t<meta property=\"article:tag\" content=\"zima\" \/>\n\t\t<meta property=\"article:published_time\" content=\"2023-01-24T05:27:00+00:00\" \/>\n\t\t<meta property=\"article:modified_time\" content=\"2023-02-23T07:07:36+00:00\" \/>\n\t\t<meta name=\"twitter:card\" content=\"summary_large_image\" \/>\n\t\t<meta name=\"twitter:title\" content=\"Pierwszy zimowy biwak - blog Skalnik\" \/>\n\t\t<meta name=\"twitter:description\" content=\"Czego spodziewa\u0107 si\u0119 na zimowym biwaku? Poznaj odpowied\u017a!\" \/>\n\t\t<meta name=\"twitter:image\" content=\"https:\/\/www.skalnik.pl\/blog\/wp-content\/uploads\/2023\/01\/nathan-karsgaard-unsplash-pierwszy-zimowy-biwak-p.jpg\" \/>\n\t\t<script type=\"application\/ld+json\" class=\"aioseo-schema\">\n\t\t\t{\"@context\":\"https:\\\/\\\/schema.org\",\"@graph\":[{\"@type\":\"BlogPosting\",\"@id\":\"https:\\\/\\\/www.skalnik.pl\\\/blog\\\/pierwszy-zimowy-biwak\\\/#blogposting\",\"name\":\"Pierwszy zimowy biwak - blog Skalnik\",\"headline\":\"Pierwszy zimowy biwak\",\"author\":{\"@id\":\"https:\\\/\\\/www.skalnik.pl\\\/blog\\\/author\\\/skadi\\\/#author\"},\"publisher\":{\"@id\":\"https:\\\/\\\/www.skalnik.pl\\\/blog\\\/#organization\"},\"image\":{\"@type\":\"ImageObject\",\"url\":\"https:\\\/\\\/www.skalnik.pl\\\/blog\\\/wp-content\\\/uploads\\\/2023\\\/01\\\/paxson-woelber-biwak-zimowy-unsplash.jpg\",\"width\":1920,\"height\":706},\"datePublished\":\"2023-01-24T06:27:00+02:00\",\"dateModified\":\"2023-02-23T08:07:36+02:00\",\"inLanguage\":\"pl-PL\",\"mainEntityOfPage\":{\"@id\":\"https:\\\/\\\/www.skalnik.pl\\\/blog\\\/pierwszy-zimowy-biwak\\\/#webpage\"},\"isPartOf\":{\"@id\":\"https:\\\/\\\/www.skalnik.pl\\\/blog\\\/pierwszy-zimowy-biwak\\\/#webpage\"},\"articleSection\":\"Pasja, Porady, biwak, namioty, zima, 1226\"},{\"@type\":\"BreadcrumbList\",\"@id\":\"https:\\\/\\\/www.skalnik.pl\\\/blog\\\/pierwszy-zimowy-biwak\\\/#breadcrumblist\",\"itemListElement\":[{\"@type\":\"ListItem\",\"@id\":\"https:\\\/\\\/www.skalnik.pl\\\/blog#listItem\",\"position\":1,\"name\":\"Home\",\"item\":\"https:\\\/\\\/www.skalnik.pl\\\/blog\",\"nextItem\":{\"@type\":\"ListItem\",\"@id\":\"https:\\\/\\\/www.skalnik.pl\\\/blog\\\/.\\\/porady\\\/#listItem\",\"name\":\"Porady\"}},{\"@type\":\"ListItem\",\"@id\":\"https:\\\/\\\/www.skalnik.pl\\\/blog\\\/.\\\/porady\\\/#listItem\",\"position\":2,\"name\":\"Porady\",\"item\":\"https:\\\/\\\/www.skalnik.pl\\\/blog\\\/.\\\/porady\\\/\",\"nextItem\":{\"@type\":\"ListItem\",\"@id\":\"https:\\\/\\\/www.skalnik.pl\\\/blog\\\/pierwszy-zimowy-biwak\\\/#listItem\",\"name\":\"Pierwszy zimowy biwak\"},\"previousItem\":{\"@type\":\"ListItem\",\"@id\":\"https:\\\/\\\/www.skalnik.pl\\\/blog#listItem\",\"name\":\"Home\"}},{\"@type\":\"ListItem\",\"@id\":\"https:\\\/\\\/www.skalnik.pl\\\/blog\\\/pierwszy-zimowy-biwak\\\/#listItem\",\"position\":3,\"name\":\"Pierwszy zimowy biwak\",\"previousItem\":{\"@type\":\"ListItem\",\"@id\":\"https:\\\/\\\/www.skalnik.pl\\\/blog\\\/.\\\/porady\\\/#listItem\",\"name\":\"Porady\"}}]},{\"@type\":\"Organization\",\"@id\":\"https:\\\/\\\/www.skalnik.pl\\\/blog\\\/#organization\",\"name\":\"blog Skalnik\",\"description\":\"Blog, porady, artyku\\u0142y - blog Skalnik\",\"url\":\"https:\\\/\\\/www.skalnik.pl\\\/blog\\\/\"},{\"@type\":\"Person\",\"@id\":\"https:\\\/\\\/www.skalnik.pl\\\/blog\\\/author\\\/skadi\\\/#author\",\"url\":\"https:\\\/\\\/www.skalnik.pl\\\/blog\\\/author\\\/skadi\\\/\",\"name\":\"Skadi\",\"image\":{\"@type\":\"ImageObject\",\"@id\":\"https:\\\/\\\/www.skalnik.pl\\\/blog\\\/pierwszy-zimowy-biwak\\\/#authorImage\",\"url\":\"https:\\\/\\\/secure.gravatar.com\\\/avatar\\\/ae13ef788103b67237116ff6ca11806fd62a3875c2f169205ba46718cec9cfc7?s=96&d=mm&r=g\",\"width\":96,\"height\":96,\"caption\":\"Skadi\"}},{\"@type\":\"WebPage\",\"@id\":\"https:\\\/\\\/www.skalnik.pl\\\/blog\\\/pierwszy-zimowy-biwak\\\/#webpage\",\"url\":\"https:\\\/\\\/www.skalnik.pl\\\/blog\\\/pierwszy-zimowy-biwak\\\/\",\"name\":\"Pierwszy zimowy biwak - blog Skalnik\",\"description\":\"Czego spodziewa\\u0107 si\\u0119 na zimowym biwaku? Poznaj odpowied\\u017a!\",\"inLanguage\":\"pl-PL\",\"isPartOf\":{\"@id\":\"https:\\\/\\\/www.skalnik.pl\\\/blog\\\/#website\"},\"breadcrumb\":{\"@id\":\"https:\\\/\\\/www.skalnik.pl\\\/blog\\\/pierwszy-zimowy-biwak\\\/#breadcrumblist\"},\"author\":{\"@id\":\"https:\\\/\\\/www.skalnik.pl\\\/blog\\\/author\\\/skadi\\\/#author\"},\"creator\":{\"@id\":\"https:\\\/\\\/www.skalnik.pl\\\/blog\\\/author\\\/skadi\\\/#author\"},\"image\":{\"@type\":\"ImageObject\",\"url\":\"https:\\\/\\\/www.skalnik.pl\\\/blog\\\/wp-content\\\/uploads\\\/2023\\\/01\\\/paxson-woelber-biwak-zimowy-unsplash.jpg\",\"@id\":\"https:\\\/\\\/www.skalnik.pl\\\/blog\\\/pierwszy-zimowy-biwak\\\/#mainImage\",\"width\":1920,\"height\":706},\"primaryImageOfPage\":{\"@id\":\"https:\\\/\\\/www.skalnik.pl\\\/blog\\\/pierwszy-zimowy-biwak\\\/#mainImage\"},\"datePublished\":\"2023-01-24T06:27:00+02:00\",\"dateModified\":\"2023-02-23T08:07:36+02:00\"},{\"@type\":\"WebSite\",\"@id\":\"https:\\\/\\\/www.skalnik.pl\\\/blog\\\/#website\",\"url\":\"https:\\\/\\\/www.skalnik.pl\\\/blog\\\/\",\"name\":\"blog Skalnik\",\"description\":\"Blog, porady, artyku\\u0142y - blog Skalnik\",\"inLanguage\":\"pl-PL\",\"publisher\":{\"@id\":\"https:\\\/\\\/www.skalnik.pl\\\/blog\\\/#organization\"}}]}\n\t\t<\/script>\n\t\t<!-- All in One SEO -->\n\n","aioseo_head_json":{"title":"Pierwszy zimowy biwak - blog Skalnik","description":"Czego spodziewa\u0107 si\u0119 na zimowym biwaku? Poznaj odpowied\u017a!","canonical_url":"https:\/\/www.skalnik.pl\/blog\/pierwszy-zimowy-biwak\/","robots":"max-image-preview:large","keywords":"","webmasterTools":{"miscellaneous":""},"schema":{"@context":"https:\/\/schema.org","@graph":[{"@type":"BlogPosting","@id":"https:\/\/www.skalnik.pl\/blog\/pierwszy-zimowy-biwak\/#blogposting","name":"Pierwszy zimowy biwak - blog Skalnik","headline":"Pierwszy zimowy biwak","author":{"@id":"https:\/\/www.skalnik.pl\/blog\/author\/skadi\/#author"},"publisher":{"@id":"https:\/\/www.skalnik.pl\/blog\/#organization"},"image":{"@type":"ImageObject","url":"https:\/\/www.skalnik.pl\/blog\/wp-content\/uploads\/2023\/01\/paxson-woelber-biwak-zimowy-unsplash.jpg","width":1920,"height":706},"datePublished":"2023-01-24T06:27:00+02:00","dateModified":"2023-02-23T08:07:36+02:00","inLanguage":"pl-PL","mainEntityOfPage":{"@id":"https:\/\/www.skalnik.pl\/blog\/pierwszy-zimowy-biwak\/#webpage"},"isPartOf":{"@id":"https:\/\/www.skalnik.pl\/blog\/pierwszy-zimowy-biwak\/#webpage"},"articleSection":"Pasja, Porady, biwak, namioty, zima, 1226"},{"@type":"BreadcrumbList","@id":"https:\/\/www.skalnik.pl\/blog\/pierwszy-zimowy-biwak\/#breadcrumblist","itemListElement":[{"@type":"ListItem","@id":"https:\/\/www.skalnik.pl\/blog#listItem","position":1,"name":"Home","item":"https:\/\/www.skalnik.pl\/blog","nextItem":{"@type":"ListItem","@id":"https:\/\/www.skalnik.pl\/blog\/.\/porady\/#listItem","name":"Porady"}},{"@type":"ListItem","@id":"https:\/\/www.skalnik.pl\/blog\/.\/porady\/#listItem","position":2,"name":"Porady","item":"https:\/\/www.skalnik.pl\/blog\/.\/porady\/","nextItem":{"@type":"ListItem","@id":"https:\/\/www.skalnik.pl\/blog\/pierwszy-zimowy-biwak\/#listItem","name":"Pierwszy zimowy biwak"},"previousItem":{"@type":"ListItem","@id":"https:\/\/www.skalnik.pl\/blog#listItem","name":"Home"}},{"@type":"ListItem","@id":"https:\/\/www.skalnik.pl\/blog\/pierwszy-zimowy-biwak\/#listItem","position":3,"name":"Pierwszy zimowy biwak","previousItem":{"@type":"ListItem","@id":"https:\/\/www.skalnik.pl\/blog\/.\/porady\/#listItem","name":"Porady"}}]},{"@type":"Organization","@id":"https:\/\/www.skalnik.pl\/blog\/#organization","name":"blog Skalnik","description":"Blog, porady, artyku\u0142y - blog Skalnik","url":"https:\/\/www.skalnik.pl\/blog\/"},{"@type":"Person","@id":"https:\/\/www.skalnik.pl\/blog\/author\/skadi\/#author","url":"https:\/\/www.skalnik.pl\/blog\/author\/skadi\/","name":"Skadi","image":{"@type":"ImageObject","@id":"https:\/\/www.skalnik.pl\/blog\/pierwszy-zimowy-biwak\/#authorImage","url":"https:\/\/secure.gravatar.com\/avatar\/ae13ef788103b67237116ff6ca11806fd62a3875c2f169205ba46718cec9cfc7?s=96&d=mm&r=g","width":96,"height":96,"caption":"Skadi"}},{"@type":"WebPage","@id":"https:\/\/www.skalnik.pl\/blog\/pierwszy-zimowy-biwak\/#webpage","url":"https:\/\/www.skalnik.pl\/blog\/pierwszy-zimowy-biwak\/","name":"Pierwszy zimowy biwak - blog Skalnik","description":"Czego spodziewa\u0107 si\u0119 na zimowym biwaku? Poznaj odpowied\u017a!","inLanguage":"pl-PL","isPartOf":{"@id":"https:\/\/www.skalnik.pl\/blog\/#website"},"breadcrumb":{"@id":"https:\/\/www.skalnik.pl\/blog\/pierwszy-zimowy-biwak\/#breadcrumblist"},"author":{"@id":"https:\/\/www.skalnik.pl\/blog\/author\/skadi\/#author"},"creator":{"@id":"https:\/\/www.skalnik.pl\/blog\/author\/skadi\/#author"},"image":{"@type":"ImageObject","url":"https:\/\/www.skalnik.pl\/blog\/wp-content\/uploads\/2023\/01\/paxson-woelber-biwak-zimowy-unsplash.jpg","@id":"https:\/\/www.skalnik.pl\/blog\/pierwszy-zimowy-biwak\/#mainImage","width":1920,"height":706},"primaryImageOfPage":{"@id":"https:\/\/www.skalnik.pl\/blog\/pierwszy-zimowy-biwak\/#mainImage"},"datePublished":"2023-01-24T06:27:00+02:00","dateModified":"2023-02-23T08:07:36+02:00"},{"@type":"WebSite","@id":"https:\/\/www.skalnik.pl\/blog\/#website","url":"https:\/\/www.skalnik.pl\/blog\/","name":"blog Skalnik","description":"Blog, porady, artyku\u0142y - blog Skalnik","inLanguage":"pl-PL","publisher":{"@id":"https:\/\/www.skalnik.pl\/blog\/#organization"}}]},"og:locale":"pl_PL","og:site_name":"blog Skalnik - Blog, porady, artyku\u0142y - blog Skalnik","og:type":"article","og:title":"Pierwszy zimowy biwak - blog Skalnik","og:description":"Czego spodziewa\u0107 si\u0119 na zimowym biwaku? Poznaj odpowied\u017a!","og:url":"https:\/\/www.skalnik.pl\/blog\/pierwszy-zimowy-biwak\/","og:image":"https:\/\/www.skalnik.pl\/blog\/wp-content\/uploads\/2023\/01\/nathan-karsgaard-unsplash-pierwszy-zimowy-biwak-p.jpg","og:image:secure_url":"https:\/\/www.skalnik.pl\/blog\/wp-content\/uploads\/2023\/01\/nathan-karsgaard-unsplash-pierwszy-zimowy-biwak-p.jpg","og:image:width":1024,"og:image:height":683,"article:tag":["pasja","porady","biwak","namioty","zima"],"article:published_time":"2023-01-24T05:27:00+00:00","article:modified_time":"2023-02-23T07:07:36+00:00","twitter:card":"summary_large_image","twitter:title":"Pierwszy zimowy biwak - blog Skalnik","twitter:description":"Czego spodziewa\u0107 si\u0119 na zimowym biwaku? Poznaj odpowied\u017a!","twitter:image":"https:\/\/www.skalnik.pl\/blog\/wp-content\/uploads\/2023\/01\/nathan-karsgaard-unsplash-pierwszy-zimowy-biwak-p.jpg"},"aioseo_meta_data":{"post_id":"436","title":null,"description":null,"keywords":null,"keyphrases":null,"primary_term":null,"canonical_url":null,"og_title":null,"og_description":null,"og_object_type":"default","og_image_type":"default","og_image_url":null,"og_image_width":null,"og_image_height":null,"og_image_custom_url":null,"og_image_custom_fields":null,"og_video":null,"og_custom_url":null,"og_article_section":null,"og_article_tags":null,"twitter_use_og":false,"twitter_card":"default","twitter_image_type":"default","twitter_image_url":null,"twitter_image_custom_url":null,"twitter_image_custom_fields":null,"twitter_title":null,"twitter_description":null,"schema":{"blockGraphs":[],"customGraphs":[],"default":{"data":{"Article":[],"Course":[],"Dataset":[],"FAQPage":[],"Movie":[],"Person":[],"Product":[],"ProductReview":[],"Car":[],"Recipe":[],"Service":[],"SoftwareApplication":[],"WebPage":[]},"graphName":"BlogPosting","isEnabled":true},"graphs":[]},"schema_type":"default","schema_type_options":null,"pillar_content":false,"robots_default":true,"robots_noindex":false,"robots_noarchive":false,"robots_nosnippet":false,"robots_nofollow":false,"robots_noimageindex":false,"robots_noodp":false,"robots_notranslate":false,"robots_max_snippet":null,"robots_max_videopreview":null,"robots_max_imagepreview":"large","priority":null,"frequency":null,"local_seo":null,"breadcrumb_settings":null,"limit_modified_date":false,"ai":null,"created":"2022-08-26 09:38:21","updated":"2026-02-17 22:32:29","seo_analyzer_scan_date":null},"aioseo_breadcrumb":"<div class=\"aioseo-breadcrumbs\"><span class=\"aioseo-breadcrumb\">\n\t\t\t<a href=\"https:\/\/www.skalnik.pl\/blog\" title=\"Home\">Home<\/a>\n\t\t<\/span><span class=\"aioseo-breadcrumb-separator\">&raquo;<\/span><span class=\"aioseo-breadcrumb\">\n\t\t\t<a href=\"https:\/\/www.skalnik.pl\/blog\/.\/porady\/\" title=\"Porady\">Porady<\/a>\n\t\t<\/span><span class=\"aioseo-breadcrumb-separator\">&raquo;<\/span><span class=\"aioseo-breadcrumb\">\n\t\t\tPierwszy zimowy biwak\n\t\t<\/span><\/div>","aioseo_breadcrumb_json":[{"label":"Home","link":"https:\/\/www.skalnik.pl\/blog"},{"label":"Porady","link":"https:\/\/www.skalnik.pl\/blog\/.\/porady\/"},{"label":"Pierwszy zimowy biwak","link":"https:\/\/www.skalnik.pl\/blog\/pierwszy-zimowy-biwak\/"}],"_links":{"self":[{"href":"https:\/\/www.skalnik.pl\/blog\/wp-json\/wp\/v2\/posts\/436","targetHints":{"allow":["GET"]}}],"collection":[{"href":"https:\/\/www.skalnik.pl\/blog\/wp-json\/wp\/v2\/posts"}],"about":[{"href":"https:\/\/www.skalnik.pl\/blog\/wp-json\/wp\/v2\/types\/post"}],"author":[{"embeddable":true,"href":"https:\/\/www.skalnik.pl\/blog\/wp-json\/wp\/v2\/users\/39"}],"replies":[{"embeddable":true,"href":"https:\/\/www.skalnik.pl\/blog\/wp-json\/wp\/v2\/comments?post=436"}],"version-history":[{"count":8,"href":"https:\/\/www.skalnik.pl\/blog\/wp-json\/wp\/v2\/posts\/436\/revisions"}],"predecessor-version":[{"id":21984,"href":"https:\/\/www.skalnik.pl\/blog\/wp-json\/wp\/v2\/posts\/436\/revisions\/21984"}],"wp:featuredmedia":[{"embeddable":true,"href":"https:\/\/www.skalnik.pl\/blog\/wp-json\/wp\/v2\/media\/21975"}],"wp:attachment":[{"href":"https:\/\/www.skalnik.pl\/blog\/wp-json\/wp\/v2\/media?parent=436"}],"wp:term":[{"taxonomy":"category","embeddable":true,"href":"https:\/\/www.skalnik.pl\/blog\/wp-json\/wp\/v2\/categories?post=436"},{"taxonomy":"post_tag","embeddable":true,"href":"https:\/\/www.skalnik.pl\/blog\/wp-json\/wp\/v2\/tags?post=436"},{"taxonomy":"magento_category","embeddable":true,"href":"https:\/\/www.skalnik.pl\/blog\/wp-json\/wp\/v2\/magento_category?post=436"},{"taxonomy":"magento_product","embeddable":true,"href":"https:\/\/www.skalnik.pl\/blog\/wp-json\/wp\/v2\/magento_product?post=436"}],"curies":[{"name":"wp","href":"https:\/\/api.w.org\/{rel}","templated":true}]}}