{"id":4384,"date":"2018-11-05T12:03:38","date_gmt":"2018-11-05T11:03:38","guid":{"rendered":"https:\/\/skalnik.pl\/blog\/?p=4384"},"modified":"2018-12-05T14:03:02","modified_gmt":"2018-12-05T13:03:02","slug":"hiszpania-najlepsze-miejsce-wspinaczkowe-na-zime","status":"publish","type":"post","link":"https:\/\/www.skalnik.pl\/blog\/hiszpania-najlepsze-miejsce-wspinaczkowe-na-zime\/","title":{"rendered":"Hiszpania \u2013 najlepsze miejsce wspinaczkowe na zim\u0119"},"content":{"rendered":"<p><b>Ka\u017cdy wspinacz wie, jak wa\u017cne s\u0105 odpowiednie warunki pogodowe w walce o przej\u015bcie upragnionej drogi. Trudne projekty obna\u017caj\u0105 bezlito\u015bnie nasze s\u0142abo\u015bci. To jednak nie wszystko. Im trudniejsza droga, tym wi\u0119cej element\u00f3w ma znaczenie. Dyspozycja dnia, samopoczucie, jedzenie i wilgotno\u015b\u0107 powietrza decyduj\u0105 cz\u0119sto o sukcesie lub kolejnej pora\u017cce. O ile nad wieloma aspektami mo\u017cemy pracowa\u0107, o tyle na pogod\u0119 nie mamy wp\u0142ywu. Mo\u017cemy natomiast zaplanowa\u0107 wyjazd i wybra\u0107 taki rejon, kt\u00f3ry w okre\u015blonej porze roku zapewni nam optymalne warunki do kolekcjonowania \u201e\u017cyci\u00f3wek\u201d.<\/b><\/p>\n<p>Wspinanie to ci\u0105g\u0142e decyzje. Im szybciej nauczymy si\u0119 podejmowa\u0107 takie, kt\u00f3re przybli\u017caj\u0105 nas do upragnionego celu, tym mniej frustracji z nieuko\u0144czonych projekt\u00f3w. Z do\u015bwiadczenia wiem, \u017ce najlepiej wspina mi si\u0119 w temperaturze 17-19\u00b0 C, dlatego zdecydowa\u0142am, \u017ce w okresie letnim trenuj\u0119 na \u015bciance wspinaczkowej i je\u017cd\u017c\u0119 w ska\u0142y weekendowo. P\u00f3\u017ana jesie\u0144, zima lub wczesna wiosna to dla mnie czas na d\u0142ugi wyjazd \u201epo cyfr\u0119\u201d.<\/p>\n<div id=\"attachment_4395\" style=\"width: 875px\" class=\"wp-caption aligncenter\"><img loading=\"lazy\" decoding=\"async\" aria-describedby=\"caption-attachment-4395\" class=\"wp-image-4395 size-full\" title=\"eider team\" src=\"https:\/\/skalnik.pl\/blog\/wp-content\/uploads\/2018\/10\/margalef-siurana-717.jpg\" alt=\"eiger team hiszpania\" width=\"865\" height=\"577\" srcset=\"https:\/\/www.skalnik.pl\/blog\/wp-content\/uploads\/2018\/10\/margalef-siurana-717.jpg 865w, https:\/\/www.skalnik.pl\/blog\/wp-content\/uploads\/2018\/10\/margalef-siurana-717-300x200.jpg 300w, https:\/\/www.skalnik.pl\/blog\/wp-content\/uploads\/2018\/10\/margalef-siurana-717-768x512.jpg 768w\" sizes=\"auto, (max-width: 865px) 100vw, 865px\" \/><p id=\"caption-attachment-4395\" class=\"wp-caption-text\">Hiszpania na sportowo<\/p><\/div>\n<p>&nbsp;<\/p>\n<div id=\"ez-toc-container\" class=\"ez-toc-v2_0_85 counter-hierarchy ez-toc-counter ez-toc-light-blue ez-toc-container-direction\">\n<div class=\"ez-toc-title-container\">\n<p class=\"ez-toc-title\" style=\"cursor:inherit\">SPIS TRE\u015aCI <\/p>\n<span class=\"ez-toc-title-toggle\"><a href=\"#\" class=\"ez-toc-pull-right ez-toc-btn ez-toc-btn-xs ez-toc-btn-default ez-toc-toggle\" aria-label=\"Prze\u0142\u0105cznik Spisu Tre\u015bci\"><span class=\"ez-toc-js-icon-con\"><span class=\"\"><span class=\"eztoc-hide\" style=\"display:none;\">Toggle<\/span><span class=\"ez-toc-icon-toggle-span\"><svg style=\"fill: #999;color:#999\" xmlns=\"http:\/\/www.w3.org\/2000\/svg\" class=\"list-377408\" width=\"20px\" height=\"20px\" viewBox=\"0 0 24 24\" fill=\"none\"><path d=\"M6 6H4v2h2V6zm14 0H8v2h12V6zM4 11h2v2H4v-2zm16 0H8v2h12v-2zM4 16h2v2H4v-2zm16 0H8v2h12v-2z\" fill=\"currentColor\"><\/path><\/svg><svg style=\"fill: #999;color:#999\" class=\"arrow-unsorted-368013\" xmlns=\"http:\/\/www.w3.org\/2000\/svg\" width=\"10px\" height=\"10px\" viewBox=\"0 0 24 24\" version=\"1.2\" baseProfile=\"tiny\"><path d=\"M18.2 9.3l-6.2-6.3-6.2 6.3c-.2.2-.3.4-.3.7s.1.5.3.7c.2.2.4.3.7.3h11c.3 0 .5-.1.7-.3.2-.2.3-.5.3-.7s-.1-.5-.3-.7zM5.8 14.7l6.2 6.3 6.2-6.3c.2-.2.3-.5.3-.7s-.1-.5-.3-.7c-.2-.2-.4-.3-.7-.3h-11c-.3 0-.5.1-.7.3-.2.2-.3.5-.3.7s.1.5.3.7z\"\/><\/svg><\/span><\/span><\/span><\/a><\/span><\/div>\n<nav><ul class='ez-toc-list ez-toc-list-level-1 ' ><li class='ez-toc-page-1 ez-toc-heading-level-2'><a class=\"ez-toc-link ez-toc-heading-1\" href=\"https:\/\/www.skalnik.pl\/blog\/hiszpania-najlepsze-miejsce-wspinaczkowe-na-zime\/#W_lecie_szukamy_cienia\" >W lecie szukamy cienia<\/a><\/li><li class='ez-toc-page-1 ez-toc-heading-level-2'><a class=\"ez-toc-link ez-toc-heading-2\" href=\"https:\/\/www.skalnik.pl\/blog\/hiszpania-najlepsze-miejsce-wspinaczkowe-na-zime\/#Jak_grudzien_to_Hiszpania\" >Jak grudzie\u0144 to Hiszpania<\/a><\/li><li class='ez-toc-page-1 ez-toc-heading-level-2'><a class=\"ez-toc-link ez-toc-heading-3\" href=\"https:\/\/www.skalnik.pl\/blog\/hiszpania-najlepsze-miejsce-wspinaczkowe-na-zime\/#Troche_o_logistyce\" >Troch\u0119 o logistyce<\/a><\/li><li class='ez-toc-page-1 ez-toc-heading-level-2'><a class=\"ez-toc-link ez-toc-heading-4\" href=\"https:\/\/www.skalnik.pl\/blog\/hiszpania-najlepsze-miejsce-wspinaczkowe-na-zime\/#Krotki_dzien_%E2%80%93_malo_wspinania\" >Kr\u00f3tki dzie\u0144 \u2013 ma\u0142o wspinania<\/a><\/li><li class='ez-toc-page-1 ez-toc-heading-level-2'><a class=\"ez-toc-link ez-toc-heading-5\" href=\"https:\/\/www.skalnik.pl\/blog\/hiszpania-najlepsze-miejsce-wspinaczkowe-na-zime\/#Niezbedny_ekwipunek\" >Niezb\u0119dny ekwipunek<\/a><\/li><li class='ez-toc-page-1 ez-toc-heading-level-2'><a class=\"ez-toc-link ez-toc-heading-6\" href=\"https:\/\/www.skalnik.pl\/blog\/hiszpania-najlepsze-miejsce-wspinaczkowe-na-zime\/#Pomysly_na_rest_day\" >Pomys\u0142y na rest day<\/a><\/li><li class='ez-toc-page-1 ez-toc-heading-level-2'><a class=\"ez-toc-link ez-toc-heading-7\" href=\"https:\/\/www.skalnik.pl\/blog\/hiszpania-najlepsze-miejsce-wspinaczkowe-na-zime\/#Hiszpanska_Wigilia_i_Sylwester\" >Hiszpa\u0144ska Wigilia i Sylwester<\/a><\/li><li class='ez-toc-page-1 ez-toc-heading-level-2'><a class=\"ez-toc-link ez-toc-heading-8\" href=\"https:\/\/www.skalnik.pl\/blog\/hiszpania-najlepsze-miejsce-wspinaczkowe-na-zime\/#Tranquilo\" >Tranquilo!<\/a><\/li><\/ul><\/nav><\/div>\n<h2><span class=\"ez-toc-section\" id=\"W_lecie_szukamy_cienia\"><\/span>W lecie szukamy cienia<span class=\"ez-toc-section-end\"><\/span><\/h2>\n<p>Nawet niewielkie do\u015bwiadczenie wspinaczkowe uczy tej prostej zasady, \u017ce w lecie wspinamy si\u0119 w cieniu. Prawie ka\u017cdy przewodnik informuje, kiedy dany sektor jest nas\u0142oneczniony, a kiedy pojawia si\u0119 upragniony cie\u0144. Rozgrzana ska\u0142a jest prawdziw\u0105 tortur\u0105 dla naszych opuszk\u00f3w. Spocone palce w kontakcie z ostrymi chwytami s\u0105 dos\u0142ownie obdzierane z drogocennej dla wspinacza sk\u00f3ry. Po dw\u00f3ch mocnych pr\u00f3bach na projekcie gwarantuj\u0119 wam, \u017ce nie przytrzymacie ju\u017c \u017cadnego chwytu. B\u00f3l na to nie pozwoli. Latem wybierajcie ska\u0142y schowane g\u0142\u0119boko w lesie, najlepiej blisko rzeki, \u017ceby odczu\u0107 dobrodziejstwo ch\u0142odnych powiew\u00f3w wiatru.<\/p>\n<h2><span class=\"ez-toc-section\" id=\"Jak_grudzien_to_Hiszpania\"><\/span>Jak grudzie\u0144 to Hiszpania<span class=\"ez-toc-section-end\"><\/span><\/h2>\n<p>Na pocz\u0105tku mojej \u201ekariery\u201d wspinaczkowej nie wierzy\u0142am, \u017ce mo\u017cna si\u0119 wspina\u0107 w grudniu. Jak wi\u0119kszo\u015b\u0107 \u017c\u00f3\u0142todziob\u00f3w mia\u0142am zakodowane, \u017ce sezon na wspinanie z lin\u0105 w ska\u0142ach trwa od kwietnia do wrze\u015bnia. Pierwszy wyjazd do Margalefu w 2015 roku wzbogaci\u0142 mnie w do\u015bwiadczenie, dzi\u0119ki kt\u00f3remu mog\u0119 rekomendowa\u0107 wszystkim wspinanie zim\u0105 w Hiszpanii. Nas\u0142onecznione sektory, w kierunku kt\u00f3rych nikt nie patrzy w lecie, nareszcie s\u0105 dost\u0119pne. Pi\u0119kny mur skalny o nazwie Espadelles oferuje zr\u00f3\u017cnicowane drogi na ka\u017cdym poziomie. Naciekowe formacje zapieraj\u0105 dech w piersi. W\u0142a\u015bnie wtedy mo\u017cna wspina\u0107 si\u0119 na nich i to nawet w ubraniu typu koszulka z kr\u00f3tkim r\u0119kawem. Podobne warunki panuj\u0105 zim\u0105 w pobliskiej Siuranie, czy nieco dalej po\u0142o\u017conej Olianie. Je\u017celi nie wierzycie mojej opinii, sprawd\u017acie, gdzie si\u0119 wspinaj\u0105 najwi\u0119ksze s\u0142awy \u015bwiatowego wspinania w sezonie zimowym.<\/p>\n<div id=\"attachment_4402\" style=\"width: 949px\" class=\"wp-caption aligncenter\"><img loading=\"lazy\" decoding=\"async\" aria-describedby=\"caption-attachment-4402\" class=\"wp-image-4402 size-full\" src=\"https:\/\/skalnik.pl\/blog\/wp-content\/uploads\/2018\/10\/margalef-siurana-677.jpg\" alt=\"\" width=\"939\" height=\"626\" srcset=\"https:\/\/www.skalnik.pl\/blog\/wp-content\/uploads\/2018\/10\/margalef-siurana-677.jpg 939w, https:\/\/www.skalnik.pl\/blog\/wp-content\/uploads\/2018\/10\/margalef-siurana-677-300x200.jpg 300w, https:\/\/www.skalnik.pl\/blog\/wp-content\/uploads\/2018\/10\/margalef-siurana-677-768x512.jpg 768w\" sizes=\"auto, (max-width: 939px) 100vw, 939px\" \/><p id=\"caption-attachment-4402\" class=\"wp-caption-text\">Ska\u0142y, a za nimi&#8230; ska\u0142y<\/p><\/div>\n<p>&nbsp;<\/p>\n<h2><span class=\"ez-toc-section\" id=\"Troche_o_logistyce\"><\/span>Troch\u0119 o logistyce<span class=\"ez-toc-section-end\"><\/span><\/h2>\n<p>Jad\u0105c zim\u0105 w ska\u0142y, bardzo wa\u017cne jest mieszkanie. Nie polecam spania na campingach. Piotrek do\u015bwiadczy\u0142 kiedy\u015b \u201em\u0119skiego wyjazdu\u201d pod namioty, na kt\u00f3rym wszyscy walczyli ka\u017cdej nocy o przetrwanie. Tym wszystkim, kt\u00f3rzy cho\u0107by pomy\u015bleli o spaniu zim\u0105 na campingu \u2013 odradza. Temperatura wieczorami potrafi spa\u015b\u0107 do -11\u00b0C. Gotowanie w r\u0119kawiczkach jest prawdziwym wyzwaniem. Jako\u015b\u0107 snu jest niepor\u00f3wnywanie gorsza, przez co nie masz mo\u017cliwo\u015bci zregenerowa\u0107 si\u0119 przed kolejnym dniem wspinania. Szczerze polecamy wynaj\u0105\u0107 przytulne mieszkanie, gdzie mo\u017cna w cieple sp\u0119dzi\u0107 wiecz\u00f3r, zje\u015b\u0107 kolacj\u0119 przy stole i wyspa\u0107 si\u0119 w \u0142\u00f3\u017cku.<\/p>\n<p>&nbsp;<\/p>\n<h2><span class=\"ez-toc-section\" id=\"Krotki_dzien_%E2%80%93_malo_wspinania\"><\/span>Kr\u00f3tki dzie\u0144 \u2013 ma\u0142o wspinania<span class=\"ez-toc-section-end\"><\/span><\/h2>\n<p>Dzie\u0144 w grudniu jest niezaprzeczalnie kr\u00f3tszy. Do godziny 11:00 jest zimno, podnosi si\u0119 mg\u0142a i nie ma si\u0119 wcale ochoty wychodzi\u0107 z ciep\u0142ego domu. Kiedy s\u0142o\u0144ce jest ju\u017c wysoko mo\u017cna rusza\u0107 w ska\u0142y. Taki rytm nie stanowi dla nas \u017cadnego problemu. Rankiem mo\u017cna delektowa\u0107 si\u0119 w spokoju kaw\u0105 i przygotowa\u0107 bez po\u015bpiechu jedzenie na ca\u0142y dzie\u0144.<\/p>\n<p>Od lat wspinamy si\u0119 z Piotrkiem, dziel\u0105c dzie\u0144 na p\u00f3\u0142 tzn. najpierw ja, potem on. Mo\u017ce dlatego nie odczuwamy, \u017ce mamy za ma\u0142o czasu na nasze projekty. Je\u017celi znajdzie si\u0119 wspinacz, dla kt\u00f3rego trzy godziny w ci\u0105gu dnia to za ma\u0142o, mo\u017ce wybra\u0107 system \u201ejeden na jeden\u201d: pierwszego dnia wspina si\u0119 jedna osoba, drugiego druga.<\/p>\n\n\t\t<style type=\"text\/css\">\n\t\t\t#gallery-1 {\n\t\t\t\tmargin: auto;\n\t\t\t}\n\t\t\t#gallery-1 .gallery-item {\n\t\t\t\tfloat: left;\n\t\t\t\tmargin-top: 10px;\n\t\t\t\ttext-align: center;\n\t\t\t\twidth: 33%;\n\t\t\t}\n\t\t\t#gallery-1 img {\n\t\t\t\tborder: 2px solid #cfcfcf;\n\t\t\t}\n\t\t\t#gallery-1 .gallery-caption {\n\t\t\t\tmargin-left: 0;\n\t\t\t}\n\t\t\t\/* see gallery_shortcode() in wp-includes\/media.php *\/\n\t\t<\/style>\n\t\t<div id='gallery-1' class='gallery galleryid-4384 gallery-columns-3 gallery-size-large'><dl class='gallery-item'>\n\t\t\t<dt class='gallery-icon portrait'>\n\t\t\t\t<img loading=\"lazy\" decoding=\"async\" width=\"385\" height=\"577\" src=\"https:\/\/www.skalnik.pl\/blog\/wp-content\/uploads\/2018\/10\/received_502021173605289-e1540970939946.jpeg\" class=\"attachment-large size-large\" alt=\"\" srcset=\"https:\/\/www.skalnik.pl\/blog\/wp-content\/uploads\/2018\/10\/received_502021173605289-e1540970939946.jpeg 385w, https:\/\/www.skalnik.pl\/blog\/wp-content\/uploads\/2018\/10\/received_502021173605289-e1540970939946-200x300.jpeg 200w\" sizes=\"auto, (max-width: 385px) 100vw, 385px\" \/>\n\t\t\t<\/dt><\/dl><dl class='gallery-item'>\n\t\t\t<dt class='gallery-icon portrait'>\n\t\t\t\t<img loading=\"lazy\" decoding=\"async\" width=\"385\" height=\"577\" src=\"https:\/\/www.skalnik.pl\/blog\/wp-content\/uploads\/2018\/10\/margalef-siurana-734-1.jpg\" class=\"attachment-large size-large\" alt=\"\" srcset=\"https:\/\/www.skalnik.pl\/blog\/wp-content\/uploads\/2018\/10\/margalef-siurana-734-1.jpg 385w, https:\/\/www.skalnik.pl\/blog\/wp-content\/uploads\/2018\/10\/margalef-siurana-734-1-200x300.jpg 200w\" sizes=\"auto, (max-width: 385px) 100vw, 385px\" \/>\n\t\t\t<\/dt><\/dl><dl class='gallery-item'>\n\t\t\t<dt class='gallery-icon portrait'>\n\t\t\t\t<img loading=\"lazy\" decoding=\"async\" width=\"385\" height=\"577\" src=\"https:\/\/www.skalnik.pl\/blog\/wp-content\/uploads\/2018\/10\/received_488546708314011-1-e1540970905950.jpeg\" class=\"attachment-large size-large\" alt=\"\" srcset=\"https:\/\/www.skalnik.pl\/blog\/wp-content\/uploads\/2018\/10\/received_488546708314011-1-e1540970905950.jpeg 385w, https:\/\/www.skalnik.pl\/blog\/wp-content\/uploads\/2018\/10\/received_488546708314011-1-e1540970905950-200x300.jpeg 200w\" sizes=\"auto, (max-width: 385px) 100vw, 385px\" \/>\n\t\t\t<\/dt><\/dl><br style=\"clear: both\" \/>\n\t\t<\/div>\n\n<h2><span class=\"ez-toc-section\" id=\"Niezbedny_ekwipunek\"><\/span>Niezb\u0119dny ekwipunek<span class=\"ez-toc-section-end\"><\/span><\/h2>\n<p>Liczne wyjazdy w ska\u0142y, niezale\u017cnie od pory roku, nauczy\u0142y nas pakowania si\u0119 na ka\u017cd\u0105 ewentualno\u015b\u0107. Poni\u017cej lista rzeczy dla mnie absolutnie niezb\u0119dnych:<\/p>\n<ul>\n<li>puch\u00f3wka \u2013 docenisz j\u0105 w trakcie asekuracji<\/li>\n<li>czapka, r\u0119kawiczki \u2013 ochroni\u0105 najszybciej wych\u0142adzaj\u0105ce si\u0119 cz\u0119\u015bci cia\u0142a<\/li>\n<li><a href=\"https:\/\/skalnik.pl\/sprzet-turystyczny\/camping\/camping-termosy\" target=\"_blank\" rel=\"noopener\">termos<\/a> \u2013 gor\u0105ca herbata pod ska\u0142\u0105 to prawdziwy luksus<\/li>\n<li>ksi\u0105\u017cka\/gra\/ laptop z Netflixem \u2013 zapewni\u0105 rozrywk\u0119 wieczorami<\/li>\n<li>czo\u0142\u00f3wka \u2013 przyda si\u0119, wracaj\u0105c po ciemku do samochodu ok. godziny 17<\/li>\n<li><a href=\"https:\/\/skalnik.pl\/okulary-do-asekuracji-plasfun-black-y-y-665474\" target=\"_blank\" rel=\"noopener\">okulary do asekuracji<\/a> \u2013 drogi w Margalefie s\u0105 d\u0142ugie i przewieszone; twoja szyja ci podzi\u0119kuje.<\/li>\n<\/ul>\n<p>&nbsp;<\/p>\n<h2><span class=\"ez-toc-section\" id=\"Pomysly_na_rest_day\"><\/span>Pomys\u0142y na <i>rest day<\/i><span class=\"ez-toc-section-end\"><\/span><\/h2>\n<p>Nie samym wspinaniem cz\u0142owiek \u017cyje. Co w takim razie robi\u0107, gdy wypada nam dzie\u0144 restowy? Mamy kilka sprawdzonych propozycji:<\/p>\n<p><b>Lleida<\/b> \u2013 \u015bredniej wielko\u015bci miasto, w kt\u00f3rym znajdziemy r\u00f3\u017cnorodne sklepy i restauracje. Na osoby, kt\u00f3re lubi\u0105 zwiedza\u0107 czekaj\u0105: Stara Katedra (La Seu Vella), pozosta\u0142o\u015bci arabskiej twierdzy Suda, kt\u00f3ra zosta\u0142a przerobiona na zamek kr\u00f3lewski; Pa\u0142ac Paerii; Zamek Gardeny (zbudowany przez templariuszy).<\/p>\n<p><b>Tarragona<\/b> \u2013 niew\u0105tpliw\u0105 atrakcj\u0105 jest pi\u0119kna pla\u017ca! Poza tym mo\u017cena tu zobaczy\u0107: du\u017cy port morski, rozleg\u0142y kompleks archeologiczny Passeig Arqueol\u00f2gic, w kt\u00f3rym znajduj\u0105 si\u0119 zabytki z czas\u00f3w rzymskich. Dzi\u0119ki tym znaleziskom Tarragona zosta\u0142a wpisana w 2000 roku na list\u0119 \u015bwiatowego dziedzictwa UNESCO. Warto te\u017c obejrze\u0107 imponuj\u0105cy akwedukt rzymski, zwany diabelskim mostem.<\/p>\n<div id=\"attachment_4394\" style=\"width: 1034px\" class=\"wp-caption aligncenter\"><img loading=\"lazy\" decoding=\"async\" aria-describedby=\"caption-attachment-4394\" class=\"wp-image-4394 size-large\" title=\"Diabelski most w Tarragona\" src=\"https:\/\/skalnik.pl\/blog\/wp-content\/uploads\/2018\/10\/IMG_20181014_153546-1024x768.jpg\" alt=\"Tarragona diabelski most\" width=\"1024\" height=\"768\" srcset=\"https:\/\/www.skalnik.pl\/blog\/wp-content\/uploads\/2018\/10\/IMG_20181014_153546-1024x768.jpg 1024w, https:\/\/www.skalnik.pl\/blog\/wp-content\/uploads\/2018\/10\/IMG_20181014_153546-300x225.jpg 300w, https:\/\/www.skalnik.pl\/blog\/wp-content\/uploads\/2018\/10\/IMG_20181014_153546-768x576.jpg 768w\" sizes=\"auto, (max-width: 1024px) 100vw, 1024px\" \/><p id=\"caption-attachment-4394\" class=\"wp-caption-text\">Tarragona &#8211; &#8222;diabalski most&#8221;. Akwedukt z czas\u00f3w rzymskich<\/p><\/div>\n<p><b>Cornudella de Montsant<\/b> \u2013 urokliwe miasteczko w s\u0105siedniej dolinie. Jest to r\u00f3wnie\u017c dobra baza noclegowa, dla wspinaj\u0105cych si\u0119 w Siurannie. Spragnionych nowo\u015bci w sprz\u0119cie wspinaczkowym oraz modzie ucieszy fakt, \u017ce jest tam sklep wspinaczkowy. Smakosze hiszpa\u0144skiego wina mog\u0105 wybra\u0107 si\u0119 tam na degustacj\u0119 do lokalnej winnicy.<\/p>\n<p><b>Barcelona<\/b> \u2013 tego miejsca nie trzeba zachwala\u0107! Nie porw\u0119 si\u0119 na wypisywanie wszystkich atrakcji, kt\u00f3re oferuje stolica Katalonii. Jestem pewna, \u017ce ka\u017cdy znajdzie dla siebie co\u015b innego.<\/p>\n<h2><span class=\"ez-toc-section\" id=\"Hiszpanska_Wigilia_i_Sylwester\"><\/span>Hiszpa\u0144ska Wigilia i Sylwester<span class=\"ez-toc-section-end\"><\/span><\/h2>\n<p>Nie jestem szczeg\u00f3ln\u0105 fank\u0105 \u015awi\u0105t Bo\u017cego Narodzenia w polskim wydaniu. Wszechogarniaj\u0105cy sza\u0142 zakupowy, generalne sprz\u0105tanie ka\u017cdego zakamarka w domach i gotowanie ca\u0142ymi dniami tylko po to, \u017ceby siedzie\u0107 trzy dni przy stole i je\u015b\u0107? Nie, dzi\u0119kuj\u0119. Nigdy nie zapomn\u0119 kameralnej Wigilii w Margrafie przy kominku i daniach, kt\u00f3re nie mia\u0142y nic wsp\u00f3lnego z tradycj\u0105. Sylwester po tej pami\u0119tnej Wigilii sp\u0119dzili\u015bmy na malutkim ryneczku w Cornudella de Montsant. Towarzyszyli nam wspinacze z ca\u0142ego \u015bwiata, w kolorowych kreacjach, ozdobionych fiku\u015bnymi wzorami od magnezji (nikt si\u0119 szczeg\u00f3lnie nie przebiera\u0142 po wspinaniu). Nie znali\u015bmy si\u0119, ale wszyscy sk\u0142adali sobie \u017cyczenia, cz\u0119stowali si\u0119 winem i s\u0142odyczami. Je\u017celi nie wyobra\u017casz sobie \u015awi\u0105t poza domem, kompromisem b\u0119dzie np. wylot pierwszego dnia \u015bwi\u0105t wieczorem i pobyt do Nowego Roku to udany kompromis \u2013 wspinacz szcz\u0119\u015bliwy i rodzina spokojna.<\/p>\n<p>&nbsp;<\/p>\n<h2><span class=\"ez-toc-section\" id=\"Tranquilo\"><\/span>Tranquilo!<span class=\"ez-toc-section-end\"><\/span><\/h2>\n<p>Niezale\u017cnie od rejonu w Hiszpanii us\u0142yszysz to magiczne s\u0142owo: <i>tranquilo<\/i> (spokojnie). Mo\u017cna rzec, \u017ce to podstawa filozofii \u017cycia Hiszpan\u00f3w. Ka\u017cdy nasz wyjazd do s\u0142onecznej Katalonii uczy nas na nowo spokoju. Podczas wspinania i w codziennych czynno\u015bciach trzymamy si\u0119 tej zasady.<\/p>\n<p>Mog\u0119 zaryzykowa\u0107 stwierdzenie, \u017ce ka\u017cdemu przyda si\u0119 taka lekcja. P\u0119dzimy w pracy, w domu, na treningach. Dlatego warto sobie powtarza\u0107: <i>tranqulio.<\/i> Ta sentencja niczym tarcza potrafi chroni\u0107 nasze zdrowie i dobry humor. Gdy po grudniowym wspinie w Hiszpanii wracamy do mro\u017anej, zasypanej \u015bniegiem Polski, jeste\u015bmy na\u0142adowani s\u0142o\u0144cem i optymizmem. Jeste\u015bmy gotowi na wyzwania, kt\u00f3re czekaj\u0105 nas w nowym sezonie. Cz\u0119sto ju\u017c wtedy w nasze g\u0142owy snuj\u0105 ju\u017c plan na kolejny wyjazd.<\/p>\n","protected":false},"excerpt":{"rendered":"<p>Wspinanie z lin\u0105 jest mo\u017cliwe nawet zim\u0105. Wystarczy wybra\u0107 odpowiedni kierunek na wspinaczkowy trip. Eiger Team dzieli si\u0119 swoj\u0105 najlepsz\u0105 miejsc\u00f3wk\u0105 wspinaczkow\u0105. Grudzie\u0144 to idealna pora, by pojecha\u0107 &#8222;po cyfr\u0119&#8221; w takie rejony jak Margalef, Siurana i Oliana.  <\/p>\n","protected":false},"author":22,"featured_media":4480,"comment_status":"open","ping_status":"open","sticky":false,"template":"","format":"standard","meta":{"_acf_changed":false,"footnotes":""},"categories":[84],"tags":[94,116,20],"magento_category":[],"magento_product":[200],"class_list":["post-4384","post","type-post","status-publish","format-standard","has-post-thumbnail","hentry","category-pasja","tag-inspiracje","tag-podroze","tag-wspinaczka"],"acf":[],"aioseo_notices":[],"aioseo_head":"\n\t\t<!-- All in One SEO 4.9.10 - aioseo.com -->\n\t<meta name=\"description\" content=\"Wspinanie z lin\u0105 jest mo\u017cliwe nawet zim\u0105. Wystarczy wybra\u0107 odpowiedni kierunek na wspinaczkowy trip. Eiger Team dzieli si\u0119 swoj\u0105 najlepsz\u0105 miejsc\u00f3wk\u0105 wspinaczkow\u0105. Grudzie\u0144 to idealna pora, by pojecha\u0107 &quot;po cyfr\u0119&quot; w takie rejony jak Margalef, Siurana i Oliana.\" \/>\n\t<meta name=\"robots\" content=\"max-image-preview:large\" \/>\n\t<meta name=\"author\" content=\"Eiger Team\"\/>\n\t<link rel=\"canonical\" href=\"https:\/\/www.skalnik.pl\/blog\/hiszpania-najlepsze-miejsce-wspinaczkowe-na-zime\/\" \/>\n\t<meta name=\"generator\" content=\"All in One SEO (AIOSEO) 4.9.10\" \/>\n\t\t<meta property=\"og:locale\" content=\"pl_PL\" \/>\n\t\t<meta property=\"og:site_name\" content=\"blog Skalnik - Blog, porady, artyku\u0142y - blog Skalnik\" \/>\n\t\t<meta property=\"og:type\" content=\"article\" \/>\n\t\t<meta property=\"og:title\" content=\"Hiszpania \u2013 najlepsze miejsce wspinaczkowe na zim\u0119 - blog Skalnik\" \/>\n\t\t<meta property=\"og:description\" content=\"Wspinanie z lin\u0105 jest mo\u017cliwe nawet zim\u0105. Wystarczy wybra\u0107 odpowiedni kierunek na wspinaczkowy trip. Eiger Team dzieli si\u0119 swoj\u0105 najlepsz\u0105 miejsc\u00f3wk\u0105 wspinaczkow\u0105. Grudzie\u0144 to idealna pora, by pojecha\u0107 &quot;po cyfr\u0119&quot; w takie rejony jak Margalef, Siurana i Oliana.\" \/>\n\t\t<meta property=\"og:url\" content=\"https:\/\/www.skalnik.pl\/blog\/hiszpania-najlepsze-miejsce-wspinaczkowe-na-zime\/\" \/>\n\t\t<meta property=\"og:image\" content=\"https:\/\/skalnik.pl\/blog\/wp-content\/uploads\/2018\/10\/margalef-siurana-717.jpg\" \/>\n\t\t<meta property=\"og:image:secure_url\" content=\"https:\/\/skalnik.pl\/blog\/wp-content\/uploads\/2018\/10\/margalef-siurana-717.jpg\" \/>\n\t\t<meta property=\"article:tag\" content=\"pasja\" \/>\n\t\t<meta property=\"article:tag\" content=\"inspiracje\" \/>\n\t\t<meta property=\"article:tag\" content=\"podr\u00f3\u017ce\" \/>\n\t\t<meta property=\"article:tag\" content=\"wspinaczka\" \/>\n\t\t<meta property=\"article:published_time\" content=\"2018-11-05T11:03:38+00:00\" \/>\n\t\t<meta property=\"article:modified_time\" content=\"2018-12-05T13:03:02+00:00\" \/>\n\t\t<meta name=\"twitter:card\" content=\"summary_large_image\" \/>\n\t\t<meta name=\"twitter:title\" content=\"Hiszpania \u2013 najlepsze miejsce wspinaczkowe na zim\u0119 - blog Skalnik\" \/>\n\t\t<meta name=\"twitter:description\" content=\"Wspinanie z lin\u0105 jest mo\u017cliwe nawet zim\u0105. Wystarczy wybra\u0107 odpowiedni kierunek na wspinaczkowy trip. Eiger Team dzieli si\u0119 swoj\u0105 najlepsz\u0105 miejsc\u00f3wk\u0105 wspinaczkow\u0105. Grudzie\u0144 to idealna pora, by pojecha\u0107 &quot;po cyfr\u0119&quot; w takie rejony jak Margalef, Siurana i Oliana.\" \/>\n\t\t<meta name=\"twitter:image\" content=\"https:\/\/skalnik.pl\/blog\/wp-content\/uploads\/2018\/10\/margalef-siurana-717.jpg\" \/>\n\t\t<script type=\"application\/ld+json\" class=\"aioseo-schema\">\n\t\t\t{\"@context\":\"https:\\\/\\\/schema.org\",\"@graph\":[{\"@type\":\"BlogPosting\",\"@id\":\"https:\\\/\\\/www.skalnik.pl\\\/blog\\\/hiszpania-najlepsze-miejsce-wspinaczkowe-na-zime\\\/#blogposting\",\"name\":\"Hiszpania \\u2013 najlepsze miejsce wspinaczkowe na zim\\u0119 - blog Skalnik\",\"headline\":\"Hiszpania \\u2013 najlepsze miejsce wspinaczkowe na zim\\u0119\",\"author\":{\"@id\":\"https:\\\/\\\/www.skalnik.pl\\\/blog\\\/author\\\/eiger-team\\\/#author\"},\"publisher\":{\"@id\":\"https:\\\/\\\/www.skalnik.pl\\\/blog\\\/#organization\"},\"image\":{\"@type\":\"ImageObject\",\"url\":\"https:\\\/\\\/www.skalnik.pl\\\/blog\\\/wp-content\\\/uploads\\\/2018\\\/11\\\/IMG_OK\\u0141ADKA.jpg\",\"width\":1920,\"height\":705},\"datePublished\":\"2018-11-05T12:03:38+02:00\",\"dateModified\":\"2018-12-05T14:03:02+02:00\",\"inLanguage\":\"pl-PL\",\"mainEntityOfPage\":{\"@id\":\"https:\\\/\\\/www.skalnik.pl\\\/blog\\\/hiszpania-najlepsze-miejsce-wspinaczkowe-na-zime\\\/#webpage\"},\"isPartOf\":{\"@id\":\"https:\\\/\\\/www.skalnik.pl\\\/blog\\\/hiszpania-najlepsze-miejsce-wspinaczkowe-na-zime\\\/#webpage\"},\"articleSection\":\"Pasja, inspiracje, podr\\u00f3\\u017ce, wspinaczka, 1158\"},{\"@type\":\"BreadcrumbList\",\"@id\":\"https:\\\/\\\/www.skalnik.pl\\\/blog\\\/hiszpania-najlepsze-miejsce-wspinaczkowe-na-zime\\\/#breadcrumblist\",\"itemListElement\":[{\"@type\":\"ListItem\",\"@id\":\"https:\\\/\\\/www.skalnik.pl\\\/blog#listItem\",\"position\":1,\"name\":\"Home\",\"item\":\"https:\\\/\\\/www.skalnik.pl\\\/blog\",\"nextItem\":{\"@type\":\"ListItem\",\"@id\":\"https:\\\/\\\/www.skalnik.pl\\\/blog\\\/.\\\/pasja\\\/#listItem\",\"name\":\"Pasja\"}},{\"@type\":\"ListItem\",\"@id\":\"https:\\\/\\\/www.skalnik.pl\\\/blog\\\/.\\\/pasja\\\/#listItem\",\"position\":2,\"name\":\"Pasja\",\"item\":\"https:\\\/\\\/www.skalnik.pl\\\/blog\\\/.\\\/pasja\\\/\",\"nextItem\":{\"@type\":\"ListItem\",\"@id\":\"https:\\\/\\\/www.skalnik.pl\\\/blog\\\/hiszpania-najlepsze-miejsce-wspinaczkowe-na-zime\\\/#listItem\",\"name\":\"Hiszpania \\u2013 najlepsze miejsce wspinaczkowe na zim\\u0119\"},\"previousItem\":{\"@type\":\"ListItem\",\"@id\":\"https:\\\/\\\/www.skalnik.pl\\\/blog#listItem\",\"name\":\"Home\"}},{\"@type\":\"ListItem\",\"@id\":\"https:\\\/\\\/www.skalnik.pl\\\/blog\\\/hiszpania-najlepsze-miejsce-wspinaczkowe-na-zime\\\/#listItem\",\"position\":3,\"name\":\"Hiszpania \\u2013 najlepsze miejsce wspinaczkowe na zim\\u0119\",\"previousItem\":{\"@type\":\"ListItem\",\"@id\":\"https:\\\/\\\/www.skalnik.pl\\\/blog\\\/.\\\/pasja\\\/#listItem\",\"name\":\"Pasja\"}}]},{\"@type\":\"Organization\",\"@id\":\"https:\\\/\\\/www.skalnik.pl\\\/blog\\\/#organization\",\"name\":\"blog Skalnik\",\"description\":\"Blog, porady, artyku\\u0142y - blog Skalnik\",\"url\":\"https:\\\/\\\/www.skalnik.pl\\\/blog\\\/\"},{\"@type\":\"Person\",\"@id\":\"https:\\\/\\\/www.skalnik.pl\\\/blog\\\/author\\\/eiger-team\\\/#author\",\"url\":\"https:\\\/\\\/www.skalnik.pl\\\/blog\\\/author\\\/eiger-team\\\/\",\"name\":\"Eiger Team\",\"image\":{\"@type\":\"ImageObject\",\"@id\":\"https:\\\/\\\/www.skalnik.pl\\\/blog\\\/hiszpania-najlepsze-miejsce-wspinaczkowe-na-zime\\\/#authorImage\",\"url\":\"https:\\\/\\\/secure.gravatar.com\\\/avatar\\\/559eb6aa90a5a473d5758d01861268d0fc07b89082683e9f11c33e09706c515d?s=96&d=mm&r=g\",\"width\":96,\"height\":96,\"caption\":\"Eiger Team\"}},{\"@type\":\"WebPage\",\"@id\":\"https:\\\/\\\/www.skalnik.pl\\\/blog\\\/hiszpania-najlepsze-miejsce-wspinaczkowe-na-zime\\\/#webpage\",\"url\":\"https:\\\/\\\/www.skalnik.pl\\\/blog\\\/hiszpania-najlepsze-miejsce-wspinaczkowe-na-zime\\\/\",\"name\":\"Hiszpania \\u2013 najlepsze miejsce wspinaczkowe na zim\\u0119 - blog Skalnik\",\"description\":\"Wspinanie z lin\\u0105 jest mo\\u017cliwe nawet zim\\u0105. Wystarczy wybra\\u0107 odpowiedni kierunek na wspinaczkowy trip. Eiger Team dzieli si\\u0119 swoj\\u0105 najlepsz\\u0105 miejsc\\u00f3wk\\u0105 wspinaczkow\\u0105. Grudzie\\u0144 to idealna pora, by pojecha\\u0107 \\\"po cyfr\\u0119\\\" w takie rejony jak Margalef, Siurana i Oliana.\",\"inLanguage\":\"pl-PL\",\"isPartOf\":{\"@id\":\"https:\\\/\\\/www.skalnik.pl\\\/blog\\\/#website\"},\"breadcrumb\":{\"@id\":\"https:\\\/\\\/www.skalnik.pl\\\/blog\\\/hiszpania-najlepsze-miejsce-wspinaczkowe-na-zime\\\/#breadcrumblist\"},\"author\":{\"@id\":\"https:\\\/\\\/www.skalnik.pl\\\/blog\\\/author\\\/eiger-team\\\/#author\"},\"creator\":{\"@id\":\"https:\\\/\\\/www.skalnik.pl\\\/blog\\\/author\\\/eiger-team\\\/#author\"},\"image\":{\"@type\":\"ImageObject\",\"url\":\"https:\\\/\\\/www.skalnik.pl\\\/blog\\\/wp-content\\\/uploads\\\/2018\\\/11\\\/IMG_OK\\u0141ADKA.jpg\",\"@id\":\"https:\\\/\\\/www.skalnik.pl\\\/blog\\\/hiszpania-najlepsze-miejsce-wspinaczkowe-na-zime\\\/#mainImage\",\"width\":1920,\"height\":705},\"primaryImageOfPage\":{\"@id\":\"https:\\\/\\\/www.skalnik.pl\\\/blog\\\/hiszpania-najlepsze-miejsce-wspinaczkowe-na-zime\\\/#mainImage\"},\"datePublished\":\"2018-11-05T12:03:38+02:00\",\"dateModified\":\"2018-12-05T14:03:02+02:00\"},{\"@type\":\"WebSite\",\"@id\":\"https:\\\/\\\/www.skalnik.pl\\\/blog\\\/#website\",\"url\":\"https:\\\/\\\/www.skalnik.pl\\\/blog\\\/\",\"name\":\"blog Skalnik\",\"description\":\"Blog, porady, artyku\\u0142y - blog Skalnik\",\"inLanguage\":\"pl-PL\",\"publisher\":{\"@id\":\"https:\\\/\\\/www.skalnik.pl\\\/blog\\\/#organization\"}}]}\n\t\t<\/script>\n\t\t<!-- All in One SEO -->\n\n","aioseo_head_json":{"title":"Hiszpania \u2013 najlepsze miejsce wspinaczkowe na zim\u0119 - blog Skalnik","description":"Wspinanie z lin\u0105 jest mo\u017cliwe nawet zim\u0105. Wystarczy wybra\u0107 odpowiedni kierunek na wspinaczkowy trip. Eiger Team dzieli si\u0119 swoj\u0105 najlepsz\u0105 miejsc\u00f3wk\u0105 wspinaczkow\u0105. Grudzie\u0144 to idealna pora, by pojecha\u0107 \"po cyfr\u0119\" w takie rejony jak Margalef, Siurana i Oliana.","canonical_url":"https:\/\/www.skalnik.pl\/blog\/hiszpania-najlepsze-miejsce-wspinaczkowe-na-zime\/","robots":"max-image-preview:large","keywords":"","webmasterTools":{"miscellaneous":""},"schema":{"@context":"https:\/\/schema.org","@graph":[{"@type":"BlogPosting","@id":"https:\/\/www.skalnik.pl\/blog\/hiszpania-najlepsze-miejsce-wspinaczkowe-na-zime\/#blogposting","name":"Hiszpania \u2013 najlepsze miejsce wspinaczkowe na zim\u0119 - blog Skalnik","headline":"Hiszpania \u2013 najlepsze miejsce wspinaczkowe na zim\u0119","author":{"@id":"https:\/\/www.skalnik.pl\/blog\/author\/eiger-team\/#author"},"publisher":{"@id":"https:\/\/www.skalnik.pl\/blog\/#organization"},"image":{"@type":"ImageObject","url":"https:\/\/www.skalnik.pl\/blog\/wp-content\/uploads\/2018\/11\/IMG_OK\u0141ADKA.jpg","width":1920,"height":705},"datePublished":"2018-11-05T12:03:38+02:00","dateModified":"2018-12-05T14:03:02+02:00","inLanguage":"pl-PL","mainEntityOfPage":{"@id":"https:\/\/www.skalnik.pl\/blog\/hiszpania-najlepsze-miejsce-wspinaczkowe-na-zime\/#webpage"},"isPartOf":{"@id":"https:\/\/www.skalnik.pl\/blog\/hiszpania-najlepsze-miejsce-wspinaczkowe-na-zime\/#webpage"},"articleSection":"Pasja, inspiracje, podr\u00f3\u017ce, wspinaczka, 1158"},{"@type":"BreadcrumbList","@id":"https:\/\/www.skalnik.pl\/blog\/hiszpania-najlepsze-miejsce-wspinaczkowe-na-zime\/#breadcrumblist","itemListElement":[{"@type":"ListItem","@id":"https:\/\/www.skalnik.pl\/blog#listItem","position":1,"name":"Home","item":"https:\/\/www.skalnik.pl\/blog","nextItem":{"@type":"ListItem","@id":"https:\/\/www.skalnik.pl\/blog\/.\/pasja\/#listItem","name":"Pasja"}},{"@type":"ListItem","@id":"https:\/\/www.skalnik.pl\/blog\/.\/pasja\/#listItem","position":2,"name":"Pasja","item":"https:\/\/www.skalnik.pl\/blog\/.\/pasja\/","nextItem":{"@type":"ListItem","@id":"https:\/\/www.skalnik.pl\/blog\/hiszpania-najlepsze-miejsce-wspinaczkowe-na-zime\/#listItem","name":"Hiszpania \u2013 najlepsze miejsce wspinaczkowe na zim\u0119"},"previousItem":{"@type":"ListItem","@id":"https:\/\/www.skalnik.pl\/blog#listItem","name":"Home"}},{"@type":"ListItem","@id":"https:\/\/www.skalnik.pl\/blog\/hiszpania-najlepsze-miejsce-wspinaczkowe-na-zime\/#listItem","position":3,"name":"Hiszpania \u2013 najlepsze miejsce wspinaczkowe na zim\u0119","previousItem":{"@type":"ListItem","@id":"https:\/\/www.skalnik.pl\/blog\/.\/pasja\/#listItem","name":"Pasja"}}]},{"@type":"Organization","@id":"https:\/\/www.skalnik.pl\/blog\/#organization","name":"blog Skalnik","description":"Blog, porady, artyku\u0142y - blog Skalnik","url":"https:\/\/www.skalnik.pl\/blog\/"},{"@type":"Person","@id":"https:\/\/www.skalnik.pl\/blog\/author\/eiger-team\/#author","url":"https:\/\/www.skalnik.pl\/blog\/author\/eiger-team\/","name":"Eiger Team","image":{"@type":"ImageObject","@id":"https:\/\/www.skalnik.pl\/blog\/hiszpania-najlepsze-miejsce-wspinaczkowe-na-zime\/#authorImage","url":"https:\/\/secure.gravatar.com\/avatar\/559eb6aa90a5a473d5758d01861268d0fc07b89082683e9f11c33e09706c515d?s=96&d=mm&r=g","width":96,"height":96,"caption":"Eiger Team"}},{"@type":"WebPage","@id":"https:\/\/www.skalnik.pl\/blog\/hiszpania-najlepsze-miejsce-wspinaczkowe-na-zime\/#webpage","url":"https:\/\/www.skalnik.pl\/blog\/hiszpania-najlepsze-miejsce-wspinaczkowe-na-zime\/","name":"Hiszpania \u2013 najlepsze miejsce wspinaczkowe na zim\u0119 - blog Skalnik","description":"Wspinanie z lin\u0105 jest mo\u017cliwe nawet zim\u0105. Wystarczy wybra\u0107 odpowiedni kierunek na wspinaczkowy trip. Eiger Team dzieli si\u0119 swoj\u0105 najlepsz\u0105 miejsc\u00f3wk\u0105 wspinaczkow\u0105. Grudzie\u0144 to idealna pora, by pojecha\u0107 \"po cyfr\u0119\" w takie rejony jak Margalef, Siurana i Oliana.","inLanguage":"pl-PL","isPartOf":{"@id":"https:\/\/www.skalnik.pl\/blog\/#website"},"breadcrumb":{"@id":"https:\/\/www.skalnik.pl\/blog\/hiszpania-najlepsze-miejsce-wspinaczkowe-na-zime\/#breadcrumblist"},"author":{"@id":"https:\/\/www.skalnik.pl\/blog\/author\/eiger-team\/#author"},"creator":{"@id":"https:\/\/www.skalnik.pl\/blog\/author\/eiger-team\/#author"},"image":{"@type":"ImageObject","url":"https:\/\/www.skalnik.pl\/blog\/wp-content\/uploads\/2018\/11\/IMG_OK\u0141ADKA.jpg","@id":"https:\/\/www.skalnik.pl\/blog\/hiszpania-najlepsze-miejsce-wspinaczkowe-na-zime\/#mainImage","width":1920,"height":705},"primaryImageOfPage":{"@id":"https:\/\/www.skalnik.pl\/blog\/hiszpania-najlepsze-miejsce-wspinaczkowe-na-zime\/#mainImage"},"datePublished":"2018-11-05T12:03:38+02:00","dateModified":"2018-12-05T14:03:02+02:00"},{"@type":"WebSite","@id":"https:\/\/www.skalnik.pl\/blog\/#website","url":"https:\/\/www.skalnik.pl\/blog\/","name":"blog Skalnik","description":"Blog, porady, artyku\u0142y - blog Skalnik","inLanguage":"pl-PL","publisher":{"@id":"https:\/\/www.skalnik.pl\/blog\/#organization"}}]},"og:locale":"pl_PL","og:site_name":"blog Skalnik - Blog, porady, artyku\u0142y - blog Skalnik","og:type":"article","og:title":"Hiszpania \u2013 najlepsze miejsce wspinaczkowe na zim\u0119 - blog Skalnik","og:description":"Wspinanie z lin\u0105 jest mo\u017cliwe nawet zim\u0105. Wystarczy wybra\u0107 odpowiedni kierunek na wspinaczkowy trip. Eiger Team dzieli si\u0119 swoj\u0105 najlepsz\u0105 miejsc\u00f3wk\u0105 wspinaczkow\u0105. Grudzie\u0144 to idealna pora, by pojecha\u0107 &quot;po cyfr\u0119&quot; w takie rejony jak Margalef, Siurana i Oliana.","og:url":"https:\/\/www.skalnik.pl\/blog\/hiszpania-najlepsze-miejsce-wspinaczkowe-na-zime\/","og:image":"https:\/\/skalnik.pl\/blog\/wp-content\/uploads\/2018\/10\/margalef-siurana-717.jpg","og:image:secure_url":"https:\/\/skalnik.pl\/blog\/wp-content\/uploads\/2018\/10\/margalef-siurana-717.jpg","article:tag":["pasja","inspiracje","podr\u00f3\u017ce","wspinaczka"],"article:published_time":"2018-11-05T11:03:38+00:00","article:modified_time":"2018-12-05T13:03:02+00:00","twitter:card":"summary_large_image","twitter:title":"Hiszpania \u2013 najlepsze miejsce wspinaczkowe na zim\u0119 - blog Skalnik","twitter:description":"Wspinanie z lin\u0105 jest mo\u017cliwe nawet zim\u0105. Wystarczy wybra\u0107 odpowiedni kierunek na wspinaczkowy trip. Eiger Team dzieli si\u0119 swoj\u0105 najlepsz\u0105 miejsc\u00f3wk\u0105 wspinaczkow\u0105. Grudzie\u0144 to idealna pora, by pojecha\u0107 &quot;po cyfr\u0119&quot; w takie rejony jak Margalef, Siurana i Oliana.","twitter:image":"https:\/\/skalnik.pl\/blog\/wp-content\/uploads\/2018\/10\/margalef-siurana-717.jpg"},"aioseo_meta_data":{"post_id":"4384","title":null,"description":null,"keywords":[{"label":"hiszpania","value":"hiszpania"},{"label":"wspinanie","value":"wspinanie"},{"label":"eiter team","value":"eiter team"},{"label":"wspinaczka w hiszpanii","value":"wspinaczka w hiszpanii"},{"label":"siurana","value":"siurana"}],"keyphrases":null,"primary_term":null,"canonical_url":null,"og_title":null,"og_description":null,"og_object_type":"default","og_image_type":"default","og_image_url":null,"og_image_width":null,"og_image_height":null,"og_image_custom_url":null,"og_image_custom_fields":null,"og_video":null,"og_custom_url":null,"og_article_section":null,"og_article_tags":null,"twitter_use_og":false,"twitter_card":"default","twitter_image_type":"default","twitter_image_url":null,"twitter_image_custom_url":null,"twitter_image_custom_fields":null,"twitter_title":null,"twitter_description":null,"schema":{"blockGraphs":[],"customGraphs":[],"default":{"data":{"Article":[],"Course":[],"Dataset":[],"FAQPage":[],"Movie":[],"Person":[],"Product":[],"ProductReview":[],"Car":[],"Recipe":[],"Service":[],"SoftwareApplication":[],"WebPage":[]},"graphName":"BlogPosting","isEnabled":true},"graphs":[]},"schema_type":"default","schema_type_options":null,"pillar_content":false,"robots_default":true,"robots_noindex":false,"robots_noarchive":false,"robots_nosnippet":false,"robots_nofollow":false,"robots_noimageindex":false,"robots_noodp":false,"robots_notranslate":false,"robots_max_snippet":null,"robots_max_videopreview":null,"robots_max_imagepreview":"large","priority":null,"frequency":null,"local_seo":null,"breadcrumb_settings":null,"limit_modified_date":false,"ai":null,"created":"2022-08-26 09:53:46","updated":"2026-02-17 21:26:30","seo_analyzer_scan_date":null},"aioseo_breadcrumb":"<div class=\"aioseo-breadcrumbs\"><span class=\"aioseo-breadcrumb\">\n\t\t\t<a href=\"https:\/\/www.skalnik.pl\/blog\" title=\"Home\">Home<\/a>\n\t\t<\/span><span class=\"aioseo-breadcrumb-separator\">&raquo;<\/span><span class=\"aioseo-breadcrumb\">\n\t\t\t<a href=\"https:\/\/www.skalnik.pl\/blog\/.\/pasja\/\" title=\"Pasja\">Pasja<\/a>\n\t\t<\/span><span class=\"aioseo-breadcrumb-separator\">&raquo;<\/span><span class=\"aioseo-breadcrumb\">\n\t\t\tHiszpania \u2013 najlepsze miejsce wspinaczkowe na zim\u0119\n\t\t<\/span><\/div>","aioseo_breadcrumb_json":[{"label":"Home","link":"https:\/\/www.skalnik.pl\/blog"},{"label":"Pasja","link":"https:\/\/www.skalnik.pl\/blog\/.\/pasja\/"},{"label":"Hiszpania \u2013 najlepsze miejsce wspinaczkowe na zim\u0119","link":"https:\/\/www.skalnik.pl\/blog\/hiszpania-najlepsze-miejsce-wspinaczkowe-na-zime\/"}],"_links":{"self":[{"href":"https:\/\/www.skalnik.pl\/blog\/wp-json\/wp\/v2\/posts\/4384","targetHints":{"allow":["GET"]}}],"collection":[{"href":"https:\/\/www.skalnik.pl\/blog\/wp-json\/wp\/v2\/posts"}],"about":[{"href":"https:\/\/www.skalnik.pl\/blog\/wp-json\/wp\/v2\/types\/post"}],"author":[{"embeddable":true,"href":"https:\/\/www.skalnik.pl\/blog\/wp-json\/wp\/v2\/users\/22"}],"replies":[{"embeddable":true,"href":"https:\/\/www.skalnik.pl\/blog\/wp-json\/wp\/v2\/comments?post=4384"}],"version-history":[{"count":45,"href":"https:\/\/www.skalnik.pl\/blog\/wp-json\/wp\/v2\/posts\/4384\/revisions"}],"predecessor-version":[{"id":4928,"href":"https:\/\/www.skalnik.pl\/blog\/wp-json\/wp\/v2\/posts\/4384\/revisions\/4928"}],"wp:featuredmedia":[{"embeddable":true,"href":"https:\/\/www.skalnik.pl\/blog\/wp-json\/wp\/v2\/media\/4480"}],"wp:attachment":[{"href":"https:\/\/www.skalnik.pl\/blog\/wp-json\/wp\/v2\/media?parent=4384"}],"wp:term":[{"taxonomy":"category","embeddable":true,"href":"https:\/\/www.skalnik.pl\/blog\/wp-json\/wp\/v2\/categories?post=4384"},{"taxonomy":"post_tag","embeddable":true,"href":"https:\/\/www.skalnik.pl\/blog\/wp-json\/wp\/v2\/tags?post=4384"},{"taxonomy":"magento_category","embeddable":true,"href":"https:\/\/www.skalnik.pl\/blog\/wp-json\/wp\/v2\/magento_category?post=4384"},{"taxonomy":"magento_product","embeddable":true,"href":"https:\/\/www.skalnik.pl\/blog\/wp-json\/wp\/v2\/magento_product?post=4384"}],"curies":[{"name":"wp","href":"https:\/\/api.w.org\/{rel}","templated":true}]}}