{"id":4640,"date":"2018-11-23T12:19:02","date_gmt":"2018-11-23T11:19:02","guid":{"rendered":"https:\/\/skalnik.pl\/blog\/?p=4640"},"modified":"2025-02-10T16:31:20","modified_gmt":"2025-02-10T14:31:20","slug":"rab-microlight-alpine-wybor-pracownikow-skalnika","status":"publish","type":"post","link":"https:\/\/www.skalnik.pl\/blog\/rab-microlight-alpine-wybor-pracownikow-skalnika\/","title":{"rendered":"Rab Microlight Alpine \u2013 wyb\u00f3r pracownik\u00f3w Skalnika"},"content":{"rendered":"<p><b>Dobre modele outdoorowej odzie\u017c potrafi\u0105 pisa\u0107 swoj\u0105 histori\u0119. Zazwyczaj jest to opowie\u015b\u0107 pe\u0142na ciekawych przyg\u00f3d oraz satysfakcji z uzytkowania. Kurtka Microlight Alpine marki Rab to outdoorowa puch\u00f3wka, kt\u00f3ra w\u0142a\u015bnie \u015bwi\u0119tuje sw\u00f3j dziesi\u0105ty sezon w outdoorze. Ten dopracowany model przez wszystkie te lata zas\u0142u\u017cy\u0142 sobie na zaufanie, kt\u00f3re sprawia, \u017ce jest to jedna z ulubionych kurtek r\u00f3wnie\u017c w\u015br\u00f3d pracownik\u00f3w Skalnika.<\/b><\/p>\n<p>Dekad\u0119 temu pierwsza kurtka <a href=\"https:\/\/skalnik.pl\/kurtka-microlight-alpine-beluga-dijon-669693\" target=\"_blank\" rel=\"noopener noreferrer\">Rab Microlight Alpine<\/a> opu\u015bci\u0142a biura projektowe i szwalnie. Model b\u0142yskawicznie zdoby\u0142 popularno\u015b\u0107. Jak wiele kultowych kurtek outdoor, model ten potrafi\u0142 po\u0142\u0105czy\u0107 bowiem funkcjonalny w mie\u015bcie i w g\u00f3rach design z lekko\u015bci\u0105 i niewielkim rozmiarem po skompresowaniu. Wszechstronne wzornictwo sprawi\u0142o, \u017ce ten, kto kupi\u0142 ju\u017c kurtk\u0119 Rab, nie chcia\u0142 rozstawa\u0107 si\u0119 z ni\u0105 nawet w mie\u015bcie. Pi\u00f3rkowa waga i zachwycaj\u0105ca kompresja winna by\u0142a z kolei temu, \u017ce kurtka puchowa Rab wskakiwa\u0142a do plecaka na ka\u017cd\u0105 przygod\u0119, w kt\u00f3rej potrzebna by\u0142a solidna dawka ciep\u0142a.<\/p>\n<div id=\"attachment_4654\" style=\"width: 735px\" class=\"wp-caption aligncenter\"><img loading=\"lazy\" decoding=\"async\" aria-describedby=\"caption-attachment-4654\" class=\"wp-image-4654\" title=\"#10yon\" src=\"https:\/\/skalnik.pl\/blog\/wp-content\/uploads\/2018\/11\/42972615_283601839146234_6001657260705579008_n.png\" alt=\"10 lat kurtki Microlight Rab\" width=\"725\" height=\"469\" srcset=\"https:\/\/www.skalnik.pl\/blog\/wp-content\/uploads\/2018\/11\/42972615_283601839146234_6001657260705579008_n.png 609w, https:\/\/www.skalnik.pl\/blog\/wp-content\/uploads\/2018\/11\/42972615_283601839146234_6001657260705579008_n-300x194.png 300w\" sizes=\"auto, (max-width: 725px) 100vw, 725px\" \/><p id=\"caption-attachment-4654\" class=\"wp-caption-text\">Microlight marki Rab to 10 lat historii i ewolucji w form\u0119 coraz bardziej doskona\u0142\u0105 (for. Rab)<\/p><\/div>\n<p>&nbsp;<\/p>\n<div id=\"ez-toc-container\" class=\"ez-toc-v2_0_85 counter-hierarchy ez-toc-counter ez-toc-light-blue ez-toc-container-direction\">\n<div class=\"ez-toc-title-container\">\n<p class=\"ez-toc-title\" style=\"cursor:inherit\">SPIS TRE\u015aCI <\/p>\n<span class=\"ez-toc-title-toggle\"><a href=\"#\" class=\"ez-toc-pull-right ez-toc-btn ez-toc-btn-xs ez-toc-btn-default ez-toc-toggle\" aria-label=\"Prze\u0142\u0105cznik Spisu Tre\u015bci\"><span class=\"ez-toc-js-icon-con\"><span class=\"\"><span class=\"eztoc-hide\" style=\"display:none;\">Toggle<\/span><span class=\"ez-toc-icon-toggle-span\"><svg style=\"fill: #999;color:#999\" xmlns=\"http:\/\/www.w3.org\/2000\/svg\" class=\"list-377408\" width=\"20px\" height=\"20px\" viewBox=\"0 0 24 24\" fill=\"none\"><path d=\"M6 6H4v2h2V6zm14 0H8v2h12V6zM4 11h2v2H4v-2zm16 0H8v2h12v-2zM4 16h2v2H4v-2zm16 0H8v2h12v-2z\" fill=\"currentColor\"><\/path><\/svg><svg style=\"fill: #999;color:#999\" class=\"arrow-unsorted-368013\" xmlns=\"http:\/\/www.w3.org\/2000\/svg\" width=\"10px\" height=\"10px\" viewBox=\"0 0 24 24\" version=\"1.2\" baseProfile=\"tiny\"><path d=\"M18.2 9.3l-6.2-6.3-6.2 6.3c-.2.2-.3.4-.3.7s.1.5.3.7c.2.2.4.3.7.3h11c.3 0 .5-.1.7-.3.2-.2.3-.5.3-.7s-.1-.5-.3-.7zM5.8 14.7l6.2 6.3 6.2-6.3c.2-.2.3-.5.3-.7s-.1-.5-.3-.7c-.2-.2-.4-.3-.7-.3h-11c-.3 0-.5.1-.7.3-.2.2-.3.5-.3.7s.1.5.3.7z\"\/><\/svg><\/span><\/span><\/span><\/a><\/span><\/div>\n<nav><ul class='ez-toc-list ez-toc-list-level-1 ' ><li class='ez-toc-page-1 ez-toc-heading-level-2'><a class=\"ez-toc-link ez-toc-heading-1\" href=\"https:\/\/www.skalnik.pl\/blog\/rab-microlight-alpine-wybor-pracownikow-skalnika\/#Co_takiego_ma_w_sobie_Microlight_Alpine\" >Co takiego ma w sobie Microlight Alpine<\/a><\/li><li class='ez-toc-page-1 ez-toc-heading-level-2'><a class=\"ez-toc-link ez-toc-heading-2\" href=\"https:\/\/www.skalnik.pl\/blog\/rab-microlight-alpine-wybor-pracownikow-skalnika\/#Kurtki_Rab_Microlight_%E2%80%93_ktora_wersje_wybrac\" >Kurtki Rab Microlight \u2013 kt\u00f3r\u0105 wersj\u0119 wybra\u0107<\/a><\/li><li class='ez-toc-page-1 ez-toc-heading-level-2'><a class=\"ez-toc-link ez-toc-heading-3\" href=\"https:\/\/www.skalnik.pl\/blog\/rab-microlight-alpine-wybor-pracownikow-skalnika\/#Microlight_Alpine_%E2%80%93_opinie\" >Microlight Alpine &#8211; opinie<\/a><\/li><\/ul><\/nav><\/div>\n<h2><span class=\"ez-toc-section\" id=\"Co_takiego_ma_w_sobie_Microlight_Alpine\"><\/span>Co takiego ma w sobie Microlight Alpine<span class=\"ez-toc-section-end\"><\/span><\/h2>\n<p>Puch! Natura wie najlepiej jak zadba\u0107 o ciep\u0142o. Atutem kurtki <a href=\"https:\/\/skalnik.pl\/rab\">Rab<\/a> Microlight jest naturalne ocieplenie, kt\u00f3re sprawia, \u017ce zaraz po za\u0142o\u017ceniu kurtki odczuwa si\u0119 przyjemne ciep\u0142o. Wp\u0142ywaj\u0105 na to dwie rzeczy: znikoma pojemno\u015b\u0107 cieplna puchu (puch nie musi sam si\u0119 nagrza\u0107) oraz znakomity parametr jego rozpr\u0119\u017calno\u015bci (kt\u00f3ry sprawi, \u017ce wok\u00f3\u0142 niego utrzymuje si\u0119 du\u017co nagrzanego powietrza). Kurtka Microlight ma w sobie t\u0119 moc, bo ma hydrofobowy puch g\u0119si o spr\u0119\u017cysto\u015bci 750 cuin, kt\u00f3ry to wysoce rozpr\u0119\u017ca si\u0119 w komorach puchowych izoluj\u0105c od zimna. Puch ten posiada certyfikat RDS, wi\u0119c pozyskiwany jest w spos\u00f3b odpowiedzialny.<\/p>\n<p>\u201cTo co\u015b\u201d, co jeszcze ma ta kurtka puchowa, to tak\u017ce lekki i wytrzyma\u0142y materia\u0142. Przy pierwszym kontakcie z tkanin\u0105 Pertex\u00ae Quantum mo\u017cesz mie\u0107 w\u0105tpliwo\u015bci, czy nie jest to zbyt cienka i lekka paj\u0119czynka, jak na outdoorowa kurtk\u0119\u2026 Bez obaw. Materia\u0142 jest g\u0119sto tkany. Dzi\u0119ki temu ma mechaniczn\u0105 odporno\u015b\u0107, dobrze zatrzymuje podmuchy wiatru i nie pozwala, \u017ceby drobinki puchu przebija\u0142y go i wydostawa\u0142y si\u0119 na zewn\u0105trz. Oczywi\u015bcie nie jest to materia\u0142 tak odporny jak tkaniniy w kurtkach hardshell, ale przecie\u017c nie tego oczekuje si\u0119 od puch\u00f3wki.<\/p>\n<div class=\"page_gallery\">\n\n\t\t<style type=\"text\/css\">\n\t\t\t#gallery-1 {\n\t\t\t\tmargin: auto;\n\t\t\t}\n\t\t\t#gallery-1 .gallery-item {\n\t\t\t\tfloat: left;\n\t\t\t\tmargin-top: 10px;\n\t\t\t\ttext-align: center;\n\t\t\t\twidth: 33%;\n\t\t\t}\n\t\t\t#gallery-1 img {\n\t\t\t\tborder: 2px solid #cfcfcf;\n\t\t\t}\n\t\t\t#gallery-1 .gallery-caption {\n\t\t\t\tmargin-left: 0;\n\t\t\t}\n\t\t\t\/* see gallery_shortcode() in wp-includes\/media.php *\/\n\t\t<\/style>\n\t\t<div id='gallery-1' class='gallery galleryid-4640 gallery-columns-3 gallery-size-large'><dl class='gallery-item'>\n\t\t\t<dt class='gallery-icon landscape'>\n\t\t\t\t<img loading=\"lazy\" decoding=\"async\" width=\"1024\" height=\"683\" src=\"https:\/\/www.skalnik.pl\/blog\/wp-content\/uploads\/2018\/11\/AW18_Rab_microlight_campaign_06737_Summit_jacket-1024x683.jpg\" class=\"attachment-large size-large\" alt=\"Damska kurtk Microlight Summit\" aria-describedby=\"gallery-1-4655\" srcset=\"https:\/\/www.skalnik.pl\/blog\/wp-content\/uploads\/2018\/11\/AW18_Rab_microlight_campaign_06737_Summit_jacket-1024x683.jpg 1024w, https:\/\/www.skalnik.pl\/blog\/wp-content\/uploads\/2018\/11\/AW18_Rab_microlight_campaign_06737_Summit_jacket-300x200.jpg 300w, https:\/\/www.skalnik.pl\/blog\/wp-content\/uploads\/2018\/11\/AW18_Rab_microlight_campaign_06737_Summit_jacket-768x512.jpg 768w\" sizes=\"auto, (max-width: 1024px) 100vw, 1024px\" \/>\n\t\t\t<\/dt>\n\t\t\t\t<dd class='wp-caption-text gallery-caption' id='gallery-1-4655'>\n\t\t\t\tMicrolight Summit w alpejskim \u015brodowisku (fot. Rab)\n\t\t\t\t<\/dd><\/dl><dl class='gallery-item'>\n\t\t\t<dt class='gallery-icon landscape'>\n\t\t\t\t<img loading=\"lazy\" decoding=\"async\" width=\"1024\" height=\"796\" src=\"https:\/\/www.skalnik.pl\/blog\/wp-content\/uploads\/2018\/11\/AW18_Rab_microlight_campaign_1012148_Microlight_alpine-1024x796.jpg\" class=\"attachment-large size-large\" alt=\"Rab Microlight puch\u00f3wka\" aria-describedby=\"gallery-1-4656\" srcset=\"https:\/\/www.skalnik.pl\/blog\/wp-content\/uploads\/2018\/11\/AW18_Rab_microlight_campaign_1012148_Microlight_alpine-1024x796.jpg 1024w, https:\/\/www.skalnik.pl\/blog\/wp-content\/uploads\/2018\/11\/AW18_Rab_microlight_campaign_1012148_Microlight_alpine-300x233.jpg 300w, https:\/\/www.skalnik.pl\/blog\/wp-content\/uploads\/2018\/11\/AW18_Rab_microlight_campaign_1012148_Microlight_alpine-768x597.jpg 768w\" sizes=\"auto, (max-width: 1024px) 100vw, 1024px\" \/>\n\t\t\t<\/dt>\n\t\t\t\t<dd class='wp-caption-text gallery-caption' id='gallery-1-4656'>\n\t\t\t\tMicrolight Alpine na wspinaczce big wall (for. Rab)\n\t\t\t\t<\/dd><\/dl><dl class='gallery-item'>\n\t\t\t<dt class='gallery-icon landscape'>\n\t\t\t\t<img loading=\"lazy\" decoding=\"async\" width=\"1024\" height=\"683\" src=\"https:\/\/www.skalnik.pl\/blog\/wp-content\/uploads\/2018\/11\/AW18_Rab_microlight_campaign_06899_Summit_jacket-1024x683.jpg\" class=\"attachment-large size-large\" alt=\"Microlight Summit w akcji\" aria-describedby=\"gallery-1-4657\" srcset=\"https:\/\/www.skalnik.pl\/blog\/wp-content\/uploads\/2018\/11\/AW18_Rab_microlight_campaign_06899_Summit_jacket-1024x683.jpg 1024w, https:\/\/www.skalnik.pl\/blog\/wp-content\/uploads\/2018\/11\/AW18_Rab_microlight_campaign_06899_Summit_jacket-300x200.jpg 300w, https:\/\/www.skalnik.pl\/blog\/wp-content\/uploads\/2018\/11\/AW18_Rab_microlight_campaign_06899_Summit_jacket-768x512.jpg 768w\" sizes=\"auto, (max-width: 1024px) 100vw, 1024px\" \/>\n\t\t\t<\/dt>\n\t\t\t\t<dd class='wp-caption-text gallery-caption' id='gallery-1-4657'>\n\t\t\t\tGdy robi si\u0119 ch\u0142odniej \u2013 Microlight Sumit (fot. Rab)\n\t\t\t\t<\/dd><\/dl><br style=\"clear: both\" \/>\n\t\t<\/div>\n\n<\/div>\n<p>Od dobrej kurtki puchowej \u2013 opr\u00f3cz ciep\u0142a \u2013 wymaga si\u0119 lekko\u015bci i zdolno\u015bci do du\u017cej kompresji. To w\u0142a\u015bnie dzi\u0119ki nim, tak lekka i kompresyjna <a href=\"https:\/\/skalnik.pl\/odziez\/kurtki-puchowe\">kurtka puchowa<\/a>, jest cz\u0119sto najcieplejsz\u0105, najl\u017cejsz\u0105 i zajmuj\u0105c\u0105 najmniej miejsca w plecaku odzie\u017c\u0105. O wadze i \u015bci\u015bliwo\u015bci tego modelu nie b\u0119d\u0119 si\u0119 rozpisywa\u0142. Uwierz na s\u0142owo, \u017ce jest to mocna strona modelu lub rzu\u0107 okiem na zdj\u0119cia poni\u017cej.<\/p>\n<p>&nbsp;<\/p>\n<h2><span class=\"ez-toc-section\" id=\"Kurtki_Rab_Microlight_%E2%80%93_ktora_wersje_wybrac\"><\/span>Kurtki Rab Microlight \u2013 kt\u00f3r\u0105 wersj\u0119 wybra\u0107<span class=\"ez-toc-section-end\"><\/span><\/h2>\n<p>Produkty Rab to odzie\u017c stworzona przez wspinaczy i ludzi outdooru. Projektanci wiedz\u0105 jak skroi\u0107 odzie\u017c dla aktywnych os\u00f3b. Poznaje si\u0119 to po kroju i po detalach. Tego typu podej\u015bcie znajduje te\u017c odzwierciedlenie w dostosowaniu odzie\u017cy do konkretnych potrzeb u\u017cytkownik\u00f3w.<\/p>\n<p><b>Microlight Alpine<\/b> to kurtka, kt\u00f3ra stanowi baz\u0119 i wzorzec. To kurtka najbardziej uniwersalna i przeznaczona do u\u017cytku zar\u00f3wno jako kurtka zewn\u0119trzna, jak i ciep\u0142y \u201cmidlayer\u201d (warstwa po\u015brednia). Ta wersja powinna by\u0107 odpowiednia dla wi\u0119kszo\u015bci u\u017cytkownik\u00f3w, kt\u00f3rzy poszukuj\u0105 ciep\u0142ej kurtki w teren, ale te\u017c i na miasto. Microlight Alpine to model dopracowany, \u201cwsz\u0119dobylski\u201d, kt\u00f3ry zas\u0142u\u017cy\u0142 sobie przez 10 lat na miano kultowego. To model idealny prweie na ka\u017cd\u0105 przygod\u0119.<\/p>\n<p><b>Microlight Alpine Long <\/b>(<a href=\"https:\/\/skalnik.pl\/kurtka-microlight-alpine-long-black-shark-669807\" target=\"_blank\" rel=\"noopener noreferrer\">zobacz<\/a>) to wersja po lekkim \u201cliftingu\u201d. Model dopasowany b\u0119dzie bardziej do wysokich os\u00f3b oraz tych u\u017cytkownik\u00f3w i u\u017cytkowniczek, kt\u00f3re potrzebuj\u0105 dodatkowej ochrony w postaci nieco d\u0142u\u017cszego kroju. Poza tym w wersji Long otrzymuje si\u0119 t\u0119 sam\u0105 palet\u0119 \u015bwietnych w\u0142a\u015bciwo\u015bci, znanych z podstawowej wersji, takich jak: lekko\u015b\u0107, kompresyjno\u015b\u0107 i ciep\u0142o.<\/p>\n<div class=\"page_gallery\">\n\n\t\t<style type=\"text\/css\">\n\t\t\t#gallery-2 {\n\t\t\t\tmargin: auto;\n\t\t\t}\n\t\t\t#gallery-2 .gallery-item {\n\t\t\t\tfloat: left;\n\t\t\t\tmargin-top: 10px;\n\t\t\t\ttext-align: center;\n\t\t\t\twidth: 33%;\n\t\t\t}\n\t\t\t#gallery-2 img {\n\t\t\t\tborder: 2px solid #cfcfcf;\n\t\t\t}\n\t\t\t#gallery-2 .gallery-caption {\n\t\t\t\tmargin-left: 0;\n\t\t\t}\n\t\t\t\/* see gallery_shortcode() in wp-includes\/media.php *\/\n\t\t<\/style>\n\t\t<div id='gallery-2' class='gallery galleryid-4640 gallery-columns-3 gallery-size-full'><dl class='gallery-item'>\n\t\t\t<dt class='gallery-icon portrait'>\n\t\t\t\t<img loading=\"lazy\" decoding=\"async\" width=\"964\" height=\"1256\" src=\"https:\/\/www.skalnik.pl\/blog\/wp-content\/uploads\/2018\/11\/mircolight-alpine-m\u0119ska.jpg\" class=\"attachment-full size-full\" alt=\"\" aria-describedby=\"gallery-2-4678\" srcset=\"https:\/\/www.skalnik.pl\/blog\/wp-content\/uploads\/2018\/11\/mircolight-alpine-m\u0119ska.jpg 964w, https:\/\/www.skalnik.pl\/blog\/wp-content\/uploads\/2018\/11\/mircolight-alpine-m\u0119ska-230x300.jpg 230w, https:\/\/www.skalnik.pl\/blog\/wp-content\/uploads\/2018\/11\/mircolight-alpine-m\u0119ska-768x1001.jpg 768w, https:\/\/www.skalnik.pl\/blog\/wp-content\/uploads\/2018\/11\/mircolight-alpine-m\u0119ska-786x1024.jpg 786w\" sizes=\"auto, (max-width: 964px) 100vw, 964px\" \/>\n\t\t\t<\/dt>\n\t\t\t\t<dd class='wp-caption-text gallery-caption' id='gallery-2-4678'>\n\t\t\t\tM\u0119ska kurtka Microlight Alpine \n\t\t\t\t<\/dd><\/dl><dl class='gallery-item'>\n\t\t\t<dt class='gallery-icon portrait'>\n\t\t\t\t<img loading=\"lazy\" decoding=\"async\" width=\"800\" height=\"1200\" src=\"https:\/\/www.skalnik.pl\/blog\/wp-content\/uploads\/2018\/11\/pertex-quantum-rab.jpg\" class=\"attachment-full size-full\" alt=\"\" aria-describedby=\"gallery-2-4667\" srcset=\"https:\/\/www.skalnik.pl\/blog\/wp-content\/uploads\/2018\/11\/pertex-quantum-rab.jpg 800w, https:\/\/www.skalnik.pl\/blog\/wp-content\/uploads\/2018\/11\/pertex-quantum-rab-200x300.jpg 200w, https:\/\/www.skalnik.pl\/blog\/wp-content\/uploads\/2018\/11\/pertex-quantum-rab-768x1152.jpg 768w, https:\/\/www.skalnik.pl\/blog\/wp-content\/uploads\/2018\/11\/pertex-quantum-rab-683x1024.jpg 683w\" sizes=\"auto, (max-width: 800px) 100vw, 800px\" \/>\n\t\t\t<\/dt>\n\t\t\t\t<dd class='wp-caption-text gallery-caption' id='gallery-2-4667'>\n\t\t\t\tOko w oko z materia\u0142em Pertex\u00ae Quantum\n\t\t\t\t<\/dd><\/dl><dl class='gallery-item'>\n\t\t\t<dt class='gallery-icon portrait'>\n\t\t\t\t<img loading=\"lazy\" decoding=\"async\" width=\"960\" height=\"1308\" src=\"https:\/\/www.skalnik.pl\/blog\/wp-content\/uploads\/2018\/11\/microlight-alpine-kompresja.jpg\" class=\"attachment-full size-full\" alt=\"\" aria-describedby=\"gallery-2-4681\" srcset=\"https:\/\/www.skalnik.pl\/blog\/wp-content\/uploads\/2018\/11\/microlight-alpine-kompresja.jpg 960w, https:\/\/www.skalnik.pl\/blog\/wp-content\/uploads\/2018\/11\/microlight-alpine-kompresja-220x300.jpg 220w, https:\/\/www.skalnik.pl\/blog\/wp-content\/uploads\/2018\/11\/microlight-alpine-kompresja-768x1046.jpg 768w, https:\/\/www.skalnik.pl\/blog\/wp-content\/uploads\/2018\/11\/microlight-alpine-kompresja-752x1024.jpg 752w\" sizes=\"auto, (max-width: 960px) 100vw, 960px\" \/>\n\t\t\t<\/dt>\n\t\t\t\t<dd class='wp-caption-text gallery-caption' id='gallery-2-4681'>\n\t\t\t\tDu\u017co ciep\u0142a, kt\u00f3re jest ma\u0142e po spakowaniu\n\t\t\t\t<\/dd><\/dl><br style=\"clear: both\" \/><dl class='gallery-item'>\n\t\t\t<dt class='gallery-icon portrait'>\n\t\t\t\t<img loading=\"lazy\" decoding=\"async\" width=\"988\" height=\"1288\" src=\"https:\/\/www.skalnik.pl\/blog\/wp-content\/uploads\/2018\/11\/dsc00456-2-1.jpg\" class=\"attachment-full size-full\" alt=\"\" aria-describedby=\"gallery-2-4684\" srcset=\"https:\/\/www.skalnik.pl\/blog\/wp-content\/uploads\/2018\/11\/dsc00456-2-1.jpg 988w, https:\/\/www.skalnik.pl\/blog\/wp-content\/uploads\/2018\/11\/dsc00456-2-1-230x300.jpg 230w, https:\/\/www.skalnik.pl\/blog\/wp-content\/uploads\/2018\/11\/dsc00456-2-1-768x1001.jpg 768w, https:\/\/www.skalnik.pl\/blog\/wp-content\/uploads\/2018\/11\/dsc00456-2-1-785x1024.jpg 785w\" sizes=\"auto, (max-width: 988px) 100vw, 988px\" \/>\n\t\t\t<\/dt>\n\t\t\t\t<dd class='wp-caption-text gallery-caption' id='gallery-2-4684'>\n\t\t\t\tDamska kurtka Rab Microlight Alpine\n\t\t\t\t<\/dd><\/dl><dl class='gallery-item'>\n\t\t\t<dt class='gallery-icon portrait'>\n\t\t\t\t<img loading=\"lazy\" decoding=\"async\" width=\"799\" height=\"1200\" src=\"https:\/\/www.skalnik.pl\/blog\/wp-content\/uploads\/2018\/11\/dsc00456-2_1.jpg\" class=\"attachment-full size-full\" alt=\"\" aria-describedby=\"gallery-2-4663\" srcset=\"https:\/\/www.skalnik.pl\/blog\/wp-content\/uploads\/2018\/11\/dsc00456-2_1.jpg 799w, https:\/\/www.skalnik.pl\/blog\/wp-content\/uploads\/2018\/11\/dsc00456-2_1-200x300.jpg 200w, https:\/\/www.skalnik.pl\/blog\/wp-content\/uploads\/2018\/11\/dsc00456-2_1-768x1153.jpg 768w, https:\/\/www.skalnik.pl\/blog\/wp-content\/uploads\/2018\/11\/dsc00456-2_1-682x1024.jpg 682w\" sizes=\"auto, (max-width: 799px) 100vw, 799px\" \/>\n\t\t\t<\/dt>\n\t\t\t\t<dd class='wp-caption-text gallery-caption' id='gallery-2-4663'>\n\t\t\t\tDopracowane detale, lekki lecz wytrzyma\u0142y Pertex\u00ae Quantum\n\t\t\t\t<\/dd><\/dl><dl class='gallery-item'>\n\t\t\t<dt class='gallery-icon portrait'>\n\t\t\t\t<img loading=\"lazy\" decoding=\"async\" width=\"956\" height=\"1368\" src=\"https:\/\/www.skalnik.pl\/blog\/wp-content\/uploads\/2018\/11\/dsc00461-2.jpg\" class=\"attachment-full size-full\" alt=\"\" aria-describedby=\"gallery-2-4687\" srcset=\"https:\/\/www.skalnik.pl\/blog\/wp-content\/uploads\/2018\/11\/dsc00461-2.jpg 956w, https:\/\/www.skalnik.pl\/blog\/wp-content\/uploads\/2018\/11\/dsc00461-2-210x300.jpg 210w, https:\/\/www.skalnik.pl\/blog\/wp-content\/uploads\/2018\/11\/dsc00461-2-768x1099.jpg 768w, https:\/\/www.skalnik.pl\/blog\/wp-content\/uploads\/2018\/11\/dsc00461-2-716x1024.jpg 716w\" sizes=\"auto, (max-width: 956px) 100vw, 956px\" \/>\n\t\t\t<\/dt>\n\t\t\t\t<dd class='wp-caption-text gallery-caption' id='gallery-2-4687'>\n\t\t\t\tKurtka Microlight Alpine po spakowaniu \n\t\t\t\t<\/dd><\/dl><br style=\"clear: both\" \/><dl class='gallery-item'>\n\t\t\t<dt class='gallery-icon portrait'>\n\t\t\t\t<img loading=\"lazy\" decoding=\"async\" width=\"940\" height=\"1268\" src=\"https:\/\/www.skalnik.pl\/blog\/wp-content\/uploads\/2018\/11\/mircolightsummit.jpg\" class=\"attachment-full size-full\" alt=\"\" aria-describedby=\"gallery-2-4689\" srcset=\"https:\/\/www.skalnik.pl\/blog\/wp-content\/uploads\/2018\/11\/mircolightsummit.jpg 940w, https:\/\/www.skalnik.pl\/blog\/wp-content\/uploads\/2018\/11\/mircolightsummit-222x300.jpg 222w, https:\/\/www.skalnik.pl\/blog\/wp-content\/uploads\/2018\/11\/mircolightsummit-768x1036.jpg 768w, https:\/\/www.skalnik.pl\/blog\/wp-content\/uploads\/2018\/11\/mircolightsummit-759x1024.jpg 759w\" sizes=\"auto, (max-width: 940px) 100vw, 940px\" \/>\n\t\t\t<\/dt>\n\t\t\t\t<dd class='wp-caption-text gallery-caption' id='gallery-2-4689'>\n\t\t\t\tM\u0119ska kurtka Microlight Summit \n\t\t\t\t<\/dd><\/dl><dl class='gallery-item'>\n\t\t\t<dt class='gallery-icon portrait'>\n\t\t\t\t<img loading=\"lazy\" decoding=\"async\" width=\"992\" height=\"1269\" src=\"https:\/\/www.skalnik.pl\/blog\/wp-content\/uploads\/2018\/11\/microlightsummit-w-1.jpg\" class=\"attachment-full size-full\" alt=\"\" aria-describedby=\"gallery-2-4676\" srcset=\"https:\/\/www.skalnik.pl\/blog\/wp-content\/uploads\/2018\/11\/microlightsummit-w-1.jpg 992w, https:\/\/www.skalnik.pl\/blog\/wp-content\/uploads\/2018\/11\/microlightsummit-w-1-235x300.jpg 235w, https:\/\/www.skalnik.pl\/blog\/wp-content\/uploads\/2018\/11\/microlightsummit-w-1-768x982.jpg 768w, https:\/\/www.skalnik.pl\/blog\/wp-content\/uploads\/2018\/11\/microlightsummit-w-1-800x1024.jpg 800w\" sizes=\"auto, (max-width: 992px) 100vw, 992px\" \/>\n\t\t\t<\/dt>\n\t\t\t\t<dd class='wp-caption-text gallery-caption' id='gallery-2-4676'>\n\t\t\t\tDamska kurtka Microlight Summit\n\t\t\t\t<\/dd><\/dl><dl class='gallery-item'>\n\t\t\t<dt class='gallery-icon landscape'>\n\t\t\t\t<img loading=\"lazy\" decoding=\"async\" width=\"1200\" height=\"1200\" src=\"https:\/\/www.skalnik.pl\/blog\/wp-content\/uploads\/2018\/11\/microlight-summit-detale.jpg\" class=\"attachment-full size-full\" alt=\"\" aria-describedby=\"gallery-2-4694\" srcset=\"https:\/\/www.skalnik.pl\/blog\/wp-content\/uploads\/2018\/11\/microlight-summit-detale.jpg 1200w, https:\/\/www.skalnik.pl\/blog\/wp-content\/uploads\/2018\/11\/microlight-summit-detale-300x300.jpg 300w, https:\/\/www.skalnik.pl\/blog\/wp-content\/uploads\/2018\/11\/microlight-summit-detale-768x768.jpg 768w, https:\/\/www.skalnik.pl\/blog\/wp-content\/uploads\/2018\/11\/microlight-summit-detale-1024x1024.jpg 1024w\" sizes=\"auto, (max-width: 1200px) 100vw, 1200px\" \/>\n\t\t\t<\/dt>\n\t\t\t\t<dd class='wp-caption-text gallery-caption' id='gallery-2-4694'>\n\t\t\t\tDetale w m\u0119skiej kurtce Rab Microlight Summit\n\t\t\t\t<\/dd><\/dl><br style=\"clear: both\" \/><dl class='gallery-item'>\n\t\t\t<dt class='gallery-icon landscape'>\n\t\t\t\t<img loading=\"lazy\" decoding=\"async\" width=\"1200\" height=\"1200\" src=\"https:\/\/www.skalnik.pl\/blog\/wp-content\/uploads\/2018\/11\/mircorlight-summit-women-detale.jpg\" class=\"attachment-full size-full\" alt=\"\" aria-describedby=\"gallery-2-4695\" srcset=\"https:\/\/www.skalnik.pl\/blog\/wp-content\/uploads\/2018\/11\/mircorlight-summit-women-detale.jpg 1200w, https:\/\/www.skalnik.pl\/blog\/wp-content\/uploads\/2018\/11\/mircorlight-summit-women-detale-300x300.jpg 300w, https:\/\/www.skalnik.pl\/blog\/wp-content\/uploads\/2018\/11\/mircorlight-summit-women-detale-768x768.jpg 768w, https:\/\/www.skalnik.pl\/blog\/wp-content\/uploads\/2018\/11\/mircorlight-summit-women-detale-1024x1024.jpg 1024w\" sizes=\"auto, (max-width: 1200px) 100vw, 1200px\" \/>\n\t\t\t<\/dt>\n\t\t\t\t<dd class='wp-caption-text gallery-caption' id='gallery-2-4695'>\n\t\t\t\tTechniczne detale damskiej kurtki Rab Microlight Summit\n\t\t\t\t<\/dd><\/dl>\n\t\t\t<br style='clear: both' \/>\n\t\t<\/div>\n\n<\/div>\n<p><b>Microlight Summit<\/b> jest najbardziej techniczn\u0105 wersj\u0105. Kurtka w odmianie <a href=\"https:\/\/skalnik.pl\/kurtka-microlight-summit-women-atlantis-669732\" target=\"_blank\" rel=\"noopener noreferrer\">Summit<\/a> pomy\u015blana jest jako odzie\u017c po\u015brednia lub zewn\u0119trzna, odzie\u017c \u2013 na przyk\u0142ad \u2013 na szybki rajd z doliny Chamonix po okoliczny szczyt. T\u0119 wersj\u0119 wyr\u00f3\u017cnia materia\u0142 Pertex\u00ae Quantum Infinity Weave\u2122. Tkanina ta wyeliminowa\u0142a przeszyte na przestrza\u0142 komory puchowe i pozwoli\u0142a uzyska\u0107 jeszcze mniejsza wag\u0119 konstrukcyjn\u0105 kurtki puchowej. Wy\u017cej umieszczone kieszenie zapinane na zamki nie koliduj\u0105 z uprz\u0119\u017c\u0105 wspinaczkow\u0105. W modelu zrezygnowano z kieszonki piersiowej. Dwukierunkowy zamek sprawia, \u017ce puch\u00f3wk\u0119 mo\u017cna z powodzeniem stosowa\u0107 na stanowisku, a szczelniejsze mankiety lepiej chroni\u0105 przed ch\u0142odem i wiatrem, kt\u00f3rego trzeba spodziewa\u0107 si\u0119 w warunkach alpejskich.<\/p>\n<p>&nbsp;<\/p>\n<h2><span class=\"ez-toc-section\" id=\"Microlight_Alpine_%E2%80%93_opinie\"><\/span>Microlight Alpine &#8211; opinie<span class=\"ez-toc-section-end\"><\/span><\/h2>\n<p>Pewnie zastanawiasz si\u0119, czy to wszystko co napisa\u0142em jest prawd\u0105\u2026 Do\u015b\u0107 powiedzie\u0107, \u017ce i ja nie potrafi\u0142em si\u0119 oprze\u0107 zaletom kurtki Rab Microlight Alpine i sam \u015bmigam w takiej po g\u00f3rach i mie\u015bcie. Produkty najlepiej znaj\u0105 ci, kt\u00f3rzy ich u\u017cywaj\u0105. W\u0142a\u015bnie dlatego przeszed\u0142em si\u0119 po firmie i zapyta\u0142em, czy warto kupi\u0107 kurtk\u0119 Rab Microlight. Oto co us\u0142ysza\u0142em od os\u00f3b, dla kt\u00f3rych to ju\u017c nie pierwsza zima z t\u0105 kultow\u0105 puch\u00f3wk\u0105.<\/p>\n<div id=\"attachment_4691\" style=\"width: 1256px\" class=\"wp-caption aligncenter\"><img loading=\"lazy\" decoding=\"async\" aria-describedby=\"caption-attachment-4691\" class=\"wp-image-4691\" title=\"Rab Microlight damska\" src=\"https:\/\/skalnik.pl\/blog\/wp-content\/uploads\/2018\/11\/Microlight-Kasia-e1542966665392.jpg\" alt=\"Rab Microlight jako kurtka miejska\" width=\"1246\" height=\"768\" srcset=\"https:\/\/www.skalnik.pl\/blog\/wp-content\/uploads\/2018\/11\/Microlight-Kasia-e1542966665392.jpg 834w, https:\/\/www.skalnik.pl\/blog\/wp-content\/uploads\/2018\/11\/Microlight-Kasia-e1542966665392-300x185.jpg 300w, https:\/\/www.skalnik.pl\/blog\/wp-content\/uploads\/2018\/11\/Microlight-Kasia-e1542966665392-768x473.jpg 768w\" sizes=\"auto, (max-width: 1246px) 100vw, 1246px\" \/><p id=\"caption-attachment-4691\" class=\"wp-caption-text\">&#8222;Wiosn\u0105, jesieni\u0105 i zim\u0105 prawie nie chowam jej do szafy&#8221; &#8211; Kasia w mie\u015bcie ze swoj\u0105 puch\u00f3wk\u0105<\/p><\/div>\n<p class=\"quote\"><i>Pierwszy raz zobaczy\u0142am t\u0119 kurtk\u0119 podczas sesji zdj\u0119ciowych i zakocha\u0142am si\u0119. Wcze\u015bniej zim\u0105 nosi\u0142am gruby p\u0142aszcz lub ci\u0119\u017ckie kurtki narciarskie, ale jestem przeszcz\u0119\u015bliwa, \u017ce zamieni\u0142am je na puch\u00f3wk\u0119. Ta kurtka nic nie wa\u017cy, mog\u0119 wrzuci\u0107 j\u0105 nawet do torebki, w niej w ko\u0144cu zim\u0105 nie marzn\u0119, a czuje si\u0119 dwadzie\u015bcia kilo l\u017cej i nie wygl\u0105dam w niej jak owini\u0119ta sznurkiem szynka.&nbsp;<\/i><i>Zak\u0142adam j\u0105 zim\u0105, a nawet wcze\u015bniej, jak jest ch\u0142odniejszy wiecz\u00f3r. Mam wra\u017cenie, \u017ce puch w niej tak dzia\u0142a, \u017ce ani si\u0119 w niej nie grzej\u0119, ani nie marzn\u0119. Wiosn\u0105, jesieni\u0105 i zim\u0105 prawie nie chowam jej do szafy. Latem i w deszczowe dni obowi\u0105zkowo si\u0119 rozstajemy z wiadomych powod\u00f3w. W tym roku postanowi\u0142am nawet, \u017ce zabior\u0119 j\u0105 na prze\u0142omie listopada i grudnia do Maroko. Cho\u0107 za dnia jest 25\u00b0C i mo\u017cna surfowa\u0107, to wieczorem jest w tym okresie ju\u017c ch\u0142odno. Microlight jest cieplejszy, l\u017cejszy i bardziej pakowny ni\u017c gruba bluza.<\/i><\/p>\n<p style=\"text-align: right;\">Kasia<\/p>\n<div id=\"attachment_4704\" style=\"width: 1034px\" class=\"wp-caption aligncenter\"><img loading=\"lazy\" decoding=\"async\" aria-describedby=\"caption-attachment-4704\" class=\"wp-image-4704 size-large\" src=\"https:\/\/skalnik.pl\/blog\/wp-content\/uploads\/2018\/11\/46507384_2008133509477067_7684141734623707136_n-e1543401968447-1024x591.jpg\" alt=\"\" width=\"1024\" height=\"591\" srcset=\"https:\/\/www.skalnik.pl\/blog\/wp-content\/uploads\/2018\/11\/46507384_2008133509477067_7684141734623707136_n-e1543401968447-1024x591.jpg 1024w, https:\/\/www.skalnik.pl\/blog\/wp-content\/uploads\/2018\/11\/46507384_2008133509477067_7684141734623707136_n-e1543401968447-300x173.jpg 300w, https:\/\/www.skalnik.pl\/blog\/wp-content\/uploads\/2018\/11\/46507384_2008133509477067_7684141734623707136_n-e1543401968447-768x443.jpg 768w\" sizes=\"auto, (max-width: 1024px) 100vw, 1024px\" \/><p id=\"caption-attachment-4704\" class=\"wp-caption-text\">&#8222;Lubi\u0119 mie\u0107 j\u0105 te\u017c na r\u00f3\u017cnych wyjazdach, nie tylko zim\u0105, ale te\u017c na przyk\u0142ad na wyjazdach z biwakiem&#8221; &#8211; Marta w Karkonoszach<\/p><\/div>\n<p class=\"quote\" style=\"text-align: left;\"><i>To b\u0119dzie nasza kolejna zima razem. Lubi\u0119 mie\u0107 t\u0119 kurtk\u0119 w plecaku. W razie och\u0142odzenia zak\u0142adam j\u0105, bo daje du\u017co ciep\u0142a. Lubi\u0119 mie\u0107 j\u0105 te\u017c na r\u00f3\u017cnych wyjazdach, nie tylko zim\u0105, ale te\u017c na przyk\u0142ad na wyjazdach z biwakiem. Kurtk\u0119 Rab nosz\u0119 tak\u017ce w mie\u015bcie, ale jak ju\u017c robi si\u0119 ca\u0142kiem zimno to zak\u0142adam w mie\u015bcie kurtk\u0119 o jeszcze d\u0142u\u017cszym kroju. Z Microlightem by\u0142y\u015bmy razem cho\u0107by zim\u0105 w rodzinnych Karkonoszach, a latem na Kaukazie. G\u0142\u00f3wny atut? Kolor! Wszyscy zwracaj\u0105 na t\u0119 kurtk\u0119 uwag\u0119, jak w niej id\u0119. Taka prawda!<\/i><\/p>\n<p style=\"text-align: right;\"><i>Marta<\/i><\/p>\n<div id=\"attachment_4757\" style=\"width: 1034px\" class=\"wp-caption aligncenter\"><img loading=\"lazy\" decoding=\"async\" aria-describedby=\"caption-attachment-4757\" class=\"wp-image-4757\" src=\"https:\/\/skalnik.pl\/blog\/wp-content\/uploads\/2018\/11\/grzesiek_microlight-przyci\u0119te.jpg\" alt=\"\" width=\"1024\" height=\"661\" srcset=\"https:\/\/www.skalnik.pl\/blog\/wp-content\/uploads\/2018\/11\/grzesiek_microlight-przyci\u0119te.jpg 960w, https:\/\/www.skalnik.pl\/blog\/wp-content\/uploads\/2018\/11\/grzesiek_microlight-przyci\u0119te-300x194.jpg 300w, https:\/\/www.skalnik.pl\/blog\/wp-content\/uploads\/2018\/11\/grzesiek_microlight-przyci\u0119te-768x496.jpg 768w\" sizes=\"auto, (max-width: 1024px) 100vw, 1024px\" \/><p id=\"caption-attachment-4757\" class=\"wp-caption-text\">&#8222;Dla mnie to ju\u017c czwarty lub pi\u0105ty sezon z t\u0105 kurtk\u0105&#8221; &#8211; Grzesiek w Zakopanem<\/p><\/div>\n<p class=\"quote\"><i>Sukcesem tej kurtki jest bardzo dobra relacja jako\u015bci do ceny. Mamy w niej impregnowany puch dobrej spr\u0119\u017cysto\u015bci, materia\u0142 Pertex, a cena kurtki jest niewysoka, jak na tego typu kurtk\u0119. Dla mnie to ju\u017c czwarty lub pi\u0105ty sezon z t\u0105 kurtk\u0105 i wed\u0142ug mnie jest to idealna kurtka na miasto, gdy jest poni\u017cej 4\u00b0C zak\u0142adam j\u0105 na na kr\u00f3tki r\u0119kaw i do -10\u00b0C spokojnie mog\u0119 tak chodzi\u0107. Oczywi\u015bcie zale\u017cy to te\u017c od tego, jak kto\u015b jest odporny na temperatur\u0119. Outdoorowo jest te\u017c idealna do mniejszych aktywno\u015bci czy postoju, kiedy nie jest nara\u017cona na wilgo\u0107 od wewn\u0105trz, od cia\u0142a.&nbsp;<\/i><i><\/i><i>Jest jeden bardzo ciekawy detal \u2013 kaptur z formowanym daszkiem. Po pierwsze materia\u0142 nie opada na oczy, po drugie mo\u017cna zrobi\u0107 taki patent, \u017ce podwija si\u0119 daszek i w ten spos\u00f3b mo\u017cna zmniejszy\u0107 dodatkowo obj\u0119to\u015b\u0107 kaptura. Nie ka\u017cda kurtka to ma. Wcze\u015bniej mia\u0142em grubsze kurtki puchowe, raczej ekspedycyjne, ale Microlight teraz w zupe\u0142no\u015bci mi wystarcza.<\/i><\/p>\n<p style=\"text-align: right;\">Grzesiek<\/p>\n<div id=\"attachment_4707\" style=\"width: 1034px\" class=\"wp-caption aligncenter\"><img loading=\"lazy\" decoding=\"async\" aria-describedby=\"caption-attachment-4707\" class=\"wp-image-4707 size-large\" src=\"https:\/\/skalnik.pl\/blog\/wp-content\/uploads\/2018\/11\/gosia-microlight-alpine-1024x768.jpg\" alt=\"Microlight Alpine Long\" width=\"1024\" height=\"768\" srcset=\"https:\/\/www.skalnik.pl\/blog\/wp-content\/uploads\/2018\/11\/gosia-microlight-alpine-1024x768.jpg 1024w, https:\/\/www.skalnik.pl\/blog\/wp-content\/uploads\/2018\/11\/gosia-microlight-alpine-300x225.jpg 300w, https:\/\/www.skalnik.pl\/blog\/wp-content\/uploads\/2018\/11\/gosia-microlight-alpine-768x576.jpg 768w, https:\/\/www.skalnik.pl\/blog\/wp-content\/uploads\/2018\/11\/gosia-microlight-alpine.jpg 1248w\" sizes=\"auto, (max-width: 1024px) 100vw, 1024px\" \/><p id=\"caption-attachment-4707\" class=\"wp-caption-text\">&#8222;Wybra\u0142am kurtk\u0119 Microlight Alpine Long. Wersja z przed\u0142u\u017conym ty\u0142em ma to, czego brakowa\u0142o mi w kurtkach puchowych, kt\u00f3re nosi\u0142am do tej pory&#8221; &#8211; Gosia, Microlight Alpine Long i Tatry<\/p><\/div>\n<p class=\"quote\"><i>To jest kurtka, kt\u00f3r\u0105 zabieram na ka\u017cdy wyjazd \u2013 zar\u00f3wno w lecie, jak i zim\u0105. W ch\u0142odny wiecz\u00f3r wystarczy zarzuci\u0107 j\u0105 na koszulk\u0119, a zim\u0105 dogrzewa przy dodatkowej warstwie. Specjalnie wybra\u0142am kurtk\u0119 puchow\u0105, a nie syntetyczn\u0105. W puch\u00f3wce ciep\u0142o robi si\u0119 od razu, poza tym rozmiar i waga mia\u0142y znaczenie. Kurtka Rab pakuje si\u0119 do ma\u0142ego woreczka, wi\u0119c nigdy mi nie jest \u017cal dla niej miejsca w plecaku. Nawet jak jest to jednodniowy wyjazd. Wybra\u0142am kurtk\u0119 Microlight Alpine Long. Wersja z przed\u0142u\u017conym ty\u0142em ma to, czego brakowa\u0142o mi w kurtkach puchowych, kt\u00f3re nosi\u0142am do tej pory. Ods\u0142oni\u0119te nerki? Nie z tym modelem! To jest ogromny plus. Podobnie jak to, \u017ce kurtka jest bardzo uniwersalna. Operuj\u0105c dodatkowymi warstwami mo\u017ce s\u0142u\u017cy\u0107 przez ca\u0142y rok i przez ca\u0142y sezon sprawdza si\u0119 w terenie i w mie\u015bcie. Przekona\u0142am si\u0119 nieraz, \u017ce nawet jak w mie\u015bcie jest dwadzie\u015bcia kilka stopni, to jad\u0105c w ska\u0142y mo\u017cna zmarzn\u0105\u0107. Wtedy puch\u00f3wka jest niezb\u0119dnym elementem.<\/i><\/p>\n<p style=\"text-align: right;\">Gosia<\/p>\n<div id=\"attachment_5901\" style=\"width: 1034px\" class=\"wp-caption aligncenter\"><img loading=\"lazy\" decoding=\"async\" aria-describedby=\"caption-attachment-5901\" class=\"wp-image-5901 size-large\" title=\"rab microlight alpine opinia\" src=\"https:\/\/skalnik.pl\/blog\/wp-content\/uploads\/2018\/11\/IMG_20190202_141128-e1551766281424-1024x704.jpg\" alt=\"Microlight Alpine Rab skitoiring\" width=\"1024\" height=\"704\" srcset=\"https:\/\/www.skalnik.pl\/blog\/wp-content\/uploads\/2018\/11\/IMG_20190202_141128-e1551766281424-1024x704.jpg 1024w, https:\/\/www.skalnik.pl\/blog\/wp-content\/uploads\/2018\/11\/IMG_20190202_141128-e1551766281424-300x206.jpg 300w, https:\/\/www.skalnik.pl\/blog\/wp-content\/uploads\/2018\/11\/IMG_20190202_141128-e1551766281424-768x528.jpg 768w\" sizes=\"auto, (max-width: 1024px) 100vw, 1024px\" \/><p id=\"caption-attachment-5901\" class=\"wp-caption-text\">Pierwsza przymiarka i od razu mi\u0142e zaskoczenie, jaka ta kurtka jest lekka. P\u00f3\u017aniej utwierdza\u0142am si\u0119 tylko w przekonaniu, \u017ce z lekko\u015bci\u0105 w parze idzie te\u017c niewielka obj\u0119to\u015b\u0107 i ciep\u0142o &#8211; Beata podczas skiturowej wycieczki<\/p><\/div>\n<p class=\"quote\"><i>Jeszcze kilka miesi\u0119cy temu uwa\u017ca\u0142am, \u017ce kurtka z w\u0142\u00f3knami Primaloft to wszystko, czego mi potrzeba. Potem S\u0142awek napisa\u0142 ten tekst, a ja zacz\u0119\u0142am si\u0119 zastanawia\u0107 czy aby na pewno sztuczne w\u0142\u00f3kna zawsze s\u0105 wystarczaj\u0105ce. Poniewa\u017c by\u0142am grzeczna \u015bw. Miko\u0142aj przyni\u00f3s\u0142 mi w prezencie sakiewk\u0119, kt\u00f3rej zawarto\u015b\u0107 wyda\u0142am na kurtk\u0119 Microlight Alpine. Pierwsza przymiarka i od razu mi\u0142e zaskoczenie, jaka ta kurtka jest lekka. P\u00f3\u017aniej utwierdza\u0142am si\u0119 tylko w przekonaniu, \u017ce z lekko\u015bci\u0105 w parze idzie te\u017c niewielka obj\u0119to\u015b\u0107 i ciep\u0142o. Min\u0119\u0142o par\u0119 zimowych miesi\u0119cy, a ja uwa\u017cam, \u017ce to najlepszy prezent, jaki sobie sprawi\u0142am. Mia\u0142am j\u0105 ze sob\u0105 na skiturach w G\u00f3rach Sowich, szkoleniu lawinowym w Czechach, wypadzie do tatrza\u0144skich jaski\u0144, na izraelskiej pustyni (ale zim\u0105!). Na tego typu wypadach u\u017cywam jej przede wszystkim jako docieplenia podczas postoj\u00f3w. Kiedy wyci\u0105gn\u0119\u0142am sw\u00f3j zimowy p\u0142aszcz, by u\u017cywa\u0107 go na co dzie\u0144 nie mog\u0142am uwierzy\u0107 w to, jak jest ci\u0119\u017cki. Szybko \u201eprzesiad\u0142am si\u0119\u201d tak\u017ce w mie\u015bcie na Microlighta. I to jest zaleta, o kt\u00f3rej warto powiedzie\u0107 \u2013 ta kurtka sprawdza si\u0119 naprawd\u0119 wsz\u0119dzie. Na wiosenne nurki te\u017c j\u0105 ze sob\u0105 zabior\u0119, b\u0119dzie jak znalaz\u0142 po wyj\u015bciu z zimnej wody.<\/i><\/p>\n<p style=\"text-align: right;\">Beata<\/p>\n\n\n<p><\/p>\n\n\n\n<p><em>[aktualizacja 2020]<\/em><br>Kurtka Rab Microlight Alpine przez lata towarzyszy fanom i fankom outdooru. Wszyscy wci\u0105\u017c nosimy swoje kurtki puchowe. Cho\u0107 model na przestrzeni lat zmieni\u0142 si\u0119 w drobnych detalach, to ta kurtka puchowa wci\u0105\u017c zachowuje status bestselleru w\u015br\u00f3d naszych klient\u00f3w i pracownik\u00f3w. Praktycznie ka\u017cdej kolejnej zimy, kto\u015b w Skalniku zaprzyja\u017ania si\u0119 z t\u0105 kurtk\u0105 na kolejne lata. To po prostu model o \u015bwietnej jako\u015bci i niewyg\u00f3rowanej \u2013 za t\u0119 jako\u015b\u0107 \u2013 cenie! <\/p>\n","protected":false},"excerpt":{"rendered":"<p>Ta kurtka od 10 lat pisze swoj\u0105 histori\u0119! Jest to bestseller marki Rab i kurtka ch\u0119tnie wybierana przez naszych pracownik\u00f3w i ich rodziny. W poradzie charakteryzujemy model i publikujemy opinie o kurtce Rab Microlight. <\/p>\n","protected":false},"author":8,"featured_media":4700,"comment_status":"open","ping_status":"open","sticky":false,"template":"","format":"standard","meta":{"_acf_changed":false,"footnotes":""},"categories":[5],"tags":[132,15,16],"magento_category":[58],"magento_product":[9588],"class_list":["post-4640","post","type-post","status-publish","format-standard","has-post-thumbnail","hentry","category-branza","tag-kurtki-puchowe","tag-odziez","tag-zima"],"acf":[],"aioseo_notices":[],"aioseo_head":"\n\t\t<!-- All in One SEO 4.9.10 - aioseo.com -->\n\t<meta name=\"description\" content=\"Ta kurtka od 10 lat pisze swoj\u0105 histori\u0119! Jest to bestseller marki Rab i kurtka ch\u0119tnie wybierana przez naszych pracownik\u00f3w i ich rodziny. W poradzie charakteryzujemy model i publikujemy opinie o kurtce Rab Microlight.\" \/>\n\t<meta name=\"robots\" content=\"max-image-preview:large\" \/>\n\t<meta name=\"author\" content=\"S\u0142awek Nosal\"\/>\n\t<link rel=\"canonical\" href=\"https:\/\/www.skalnik.pl\/blog\/rab-microlight-alpine-wybor-pracownikow-skalnika\/\" \/>\n\t<meta name=\"generator\" content=\"All in One SEO (AIOSEO) 4.9.10\" \/>\n\t\t<meta property=\"og:locale\" content=\"pl_PL\" \/>\n\t\t<meta property=\"og:site_name\" content=\"blog Skalnik - Blog, porady, artyku\u0142y - blog Skalnik\" \/>\n\t\t<meta property=\"og:type\" content=\"article\" \/>\n\t\t<meta property=\"og:title\" content=\"Rab Microlight Alpine \u2013 wyb\u00f3r pracownik\u00f3w Skalnika - blog Skalnik\" \/>\n\t\t<meta property=\"og:description\" content=\"Ta kurtka od 10 lat pisze swoj\u0105 histori\u0119! Jest to bestseller marki Rab i kurtka ch\u0119tnie wybierana przez naszych pracownik\u00f3w i ich rodziny. W poradzie charakteryzujemy model i publikujemy opinie o kurtce Rab Microlight.\" \/>\n\t\t<meta property=\"og:url\" content=\"https:\/\/www.skalnik.pl\/blog\/rab-microlight-alpine-wybor-pracownikow-skalnika\/\" \/>\n\t\t<meta property=\"og:image\" content=\"https:\/\/skalnik.pl\/blog\/wp-content\/uploads\/2018\/11\/42972615_283601839146234_6001657260705579008_n.png\" \/>\n\t\t<meta property=\"og:image:secure_url\" content=\"https:\/\/skalnik.pl\/blog\/wp-content\/uploads\/2018\/11\/42972615_283601839146234_6001657260705579008_n.png\" \/>\n\t\t<meta property=\"article:tag\" content=\"bran\u017ca\" \/>\n\t\t<meta property=\"article:tag\" content=\"kurtki puchowe\" \/>\n\t\t<meta property=\"article:tag\" content=\"odzie\u017c\" \/>\n\t\t<meta property=\"article:tag\" content=\"zima\" \/>\n\t\t<meta property=\"article:published_time\" content=\"2018-11-23T11:19:02+00:00\" \/>\n\t\t<meta property=\"article:modified_time\" content=\"2025-02-10T14:31:20+00:00\" \/>\n\t\t<meta name=\"twitter:card\" content=\"summary_large_image\" \/>\n\t\t<meta name=\"twitter:title\" content=\"Rab Microlight Alpine \u2013 wyb\u00f3r pracownik\u00f3w Skalnika - blog Skalnik\" \/>\n\t\t<meta name=\"twitter:description\" content=\"Ta kurtka od 10 lat pisze swoj\u0105 histori\u0119! Jest to bestseller marki Rab i kurtka ch\u0119tnie wybierana przez naszych pracownik\u00f3w i ich rodziny. W poradzie charakteryzujemy model i publikujemy opinie o kurtce Rab Microlight.\" \/>\n\t\t<meta name=\"twitter:image\" content=\"https:\/\/skalnik.pl\/blog\/wp-content\/uploads\/2018\/11\/42972615_283601839146234_6001657260705579008_n.png\" \/>\n\t\t<script type=\"application\/ld+json\" class=\"aioseo-schema\">\n\t\t\t{\"@context\":\"https:\\\/\\\/schema.org\",\"@graph\":[{\"@type\":\"BlogPosting\",\"@id\":\"https:\\\/\\\/www.skalnik.pl\\\/blog\\\/rab-microlight-alpine-wybor-pracownikow-skalnika\\\/#blogposting\",\"name\":\"Rab Microlight Alpine \\u2013 wyb\\u00f3r pracownik\\u00f3w Skalnika - blog Skalnik\",\"headline\":\"Rab Microlight Alpine \\u2013 wyb\\u00f3r pracownik\\u00f3w Skalnika\",\"author\":{\"@id\":\"https:\\\/\\\/www.skalnik.pl\\\/blog\\\/author\\\/slawek-nosal\\\/#author\"},\"publisher\":{\"@id\":\"https:\\\/\\\/www.skalnik.pl\\\/blog\\\/#organization\"},\"image\":{\"@type\":\"ImageObject\",\"url\":\"https:\\\/\\\/www.skalnik.pl\\\/blog\\\/wp-content\\\/uploads\\\/2018\\\/11\\\/Rab_ok\\u0142adka.jpg\",\"width\":1500,\"height\":550},\"datePublished\":\"2018-11-23T12:19:02+02:00\",\"dateModified\":\"2025-02-10T16:31:20+02:00\",\"inLanguage\":\"pl-PL\",\"mainEntityOfPage\":{\"@id\":\"https:\\\/\\\/www.skalnik.pl\\\/blog\\\/rab-microlight-alpine-wybor-pracownikow-skalnika\\\/#webpage\"},\"isPartOf\":{\"@id\":\"https:\\\/\\\/www.skalnik.pl\\\/blog\\\/rab-microlight-alpine-wybor-pracownikow-skalnika\\\/#webpage\"},\"articleSection\":\"Bran\\u017ca, kurtki puchowe, odzie\\u017c, zima, 1102, 694715\"},{\"@type\":\"BreadcrumbList\",\"@id\":\"https:\\\/\\\/www.skalnik.pl\\\/blog\\\/rab-microlight-alpine-wybor-pracownikow-skalnika\\\/#breadcrumblist\",\"itemListElement\":[{\"@type\":\"ListItem\",\"@id\":\"https:\\\/\\\/www.skalnik.pl\\\/blog#listItem\",\"position\":1,\"name\":\"Home\",\"item\":\"https:\\\/\\\/www.skalnik.pl\\\/blog\",\"nextItem\":{\"@type\":\"ListItem\",\"@id\":\"https:\\\/\\\/www.skalnik.pl\\\/blog\\\/.\\\/branza\\\/#listItem\",\"name\":\"Bran\\u017ca\"}},{\"@type\":\"ListItem\",\"@id\":\"https:\\\/\\\/www.skalnik.pl\\\/blog\\\/.\\\/branza\\\/#listItem\",\"position\":2,\"name\":\"Bran\\u017ca\",\"item\":\"https:\\\/\\\/www.skalnik.pl\\\/blog\\\/.\\\/branza\\\/\",\"nextItem\":{\"@type\":\"ListItem\",\"@id\":\"https:\\\/\\\/www.skalnik.pl\\\/blog\\\/rab-microlight-alpine-wybor-pracownikow-skalnika\\\/#listItem\",\"name\":\"Rab Microlight Alpine \\u2013 wyb\\u00f3r pracownik\\u00f3w Skalnika\"},\"previousItem\":{\"@type\":\"ListItem\",\"@id\":\"https:\\\/\\\/www.skalnik.pl\\\/blog#listItem\",\"name\":\"Home\"}},{\"@type\":\"ListItem\",\"@id\":\"https:\\\/\\\/www.skalnik.pl\\\/blog\\\/rab-microlight-alpine-wybor-pracownikow-skalnika\\\/#listItem\",\"position\":3,\"name\":\"Rab Microlight Alpine \\u2013 wyb\\u00f3r pracownik\\u00f3w Skalnika\",\"previousItem\":{\"@type\":\"ListItem\",\"@id\":\"https:\\\/\\\/www.skalnik.pl\\\/blog\\\/.\\\/branza\\\/#listItem\",\"name\":\"Bran\\u017ca\"}}]},{\"@type\":\"Organization\",\"@id\":\"https:\\\/\\\/www.skalnik.pl\\\/blog\\\/#organization\",\"name\":\"blog Skalnik\",\"description\":\"Blog, porady, artyku\\u0142y - blog Skalnik\",\"url\":\"https:\\\/\\\/www.skalnik.pl\\\/blog\\\/\"},{\"@type\":\"Person\",\"@id\":\"https:\\\/\\\/www.skalnik.pl\\\/blog\\\/author\\\/slawek-nosal\\\/#author\",\"url\":\"https:\\\/\\\/www.skalnik.pl\\\/blog\\\/author\\\/slawek-nosal\\\/\",\"name\":\"S\\u0142awek Nosal\",\"image\":{\"@type\":\"ImageObject\",\"@id\":\"https:\\\/\\\/www.skalnik.pl\\\/blog\\\/rab-microlight-alpine-wybor-pracownikow-skalnika\\\/#authorImage\",\"url\":\"https:\\\/\\\/secure.gravatar.com\\\/avatar\\\/376f39150afcfc713e809ef8313d42dee4210bb1425eaad8153efa8965009197?s=96&d=mm&r=g\",\"width\":96,\"height\":96,\"caption\":\"S\\u0142awek Nosal\"}},{\"@type\":\"WebPage\",\"@id\":\"https:\\\/\\\/www.skalnik.pl\\\/blog\\\/rab-microlight-alpine-wybor-pracownikow-skalnika\\\/#webpage\",\"url\":\"https:\\\/\\\/www.skalnik.pl\\\/blog\\\/rab-microlight-alpine-wybor-pracownikow-skalnika\\\/\",\"name\":\"Rab Microlight Alpine \\u2013 wyb\\u00f3r pracownik\\u00f3w Skalnika - blog Skalnik\",\"description\":\"Ta kurtka od 10 lat pisze swoj\\u0105 histori\\u0119! Jest to bestseller marki Rab i kurtka ch\\u0119tnie wybierana przez naszych pracownik\\u00f3w i ich rodziny. W poradzie charakteryzujemy model i publikujemy opinie o kurtce Rab Microlight.\",\"inLanguage\":\"pl-PL\",\"isPartOf\":{\"@id\":\"https:\\\/\\\/www.skalnik.pl\\\/blog\\\/#website\"},\"breadcrumb\":{\"@id\":\"https:\\\/\\\/www.skalnik.pl\\\/blog\\\/rab-microlight-alpine-wybor-pracownikow-skalnika\\\/#breadcrumblist\"},\"author\":{\"@id\":\"https:\\\/\\\/www.skalnik.pl\\\/blog\\\/author\\\/slawek-nosal\\\/#author\"},\"creator\":{\"@id\":\"https:\\\/\\\/www.skalnik.pl\\\/blog\\\/author\\\/slawek-nosal\\\/#author\"},\"image\":{\"@type\":\"ImageObject\",\"url\":\"https:\\\/\\\/www.skalnik.pl\\\/blog\\\/wp-content\\\/uploads\\\/2018\\\/11\\\/Rab_ok\\u0142adka.jpg\",\"@id\":\"https:\\\/\\\/www.skalnik.pl\\\/blog\\\/rab-microlight-alpine-wybor-pracownikow-skalnika\\\/#mainImage\",\"width\":1500,\"height\":550},\"primaryImageOfPage\":{\"@id\":\"https:\\\/\\\/www.skalnik.pl\\\/blog\\\/rab-microlight-alpine-wybor-pracownikow-skalnika\\\/#mainImage\"},\"datePublished\":\"2018-11-23T12:19:02+02:00\",\"dateModified\":\"2025-02-10T16:31:20+02:00\"},{\"@type\":\"WebSite\",\"@id\":\"https:\\\/\\\/www.skalnik.pl\\\/blog\\\/#website\",\"url\":\"https:\\\/\\\/www.skalnik.pl\\\/blog\\\/\",\"name\":\"blog Skalnik\",\"description\":\"Blog, porady, artyku\\u0142y - blog Skalnik\",\"inLanguage\":\"pl-PL\",\"publisher\":{\"@id\":\"https:\\\/\\\/www.skalnik.pl\\\/blog\\\/#organization\"}}]}\n\t\t<\/script>\n\t\t<!-- All in One SEO -->\n\n","aioseo_head_json":{"title":"Rab Microlight Alpine \u2013 wyb\u00f3r pracownik\u00f3w Skalnika - blog Skalnik","description":"Ta kurtka od 10 lat pisze swoj\u0105 histori\u0119! Jest to bestseller marki Rab i kurtka ch\u0119tnie wybierana przez naszych pracownik\u00f3w i ich rodziny. W poradzie charakteryzujemy model i publikujemy opinie o kurtce Rab Microlight.","canonical_url":"https:\/\/www.skalnik.pl\/blog\/rab-microlight-alpine-wybor-pracownikow-skalnika\/","robots":"max-image-preview:large","keywords":"","webmasterTools":{"miscellaneous":""},"schema":{"@context":"https:\/\/schema.org","@graph":[{"@type":"BlogPosting","@id":"https:\/\/www.skalnik.pl\/blog\/rab-microlight-alpine-wybor-pracownikow-skalnika\/#blogposting","name":"Rab Microlight Alpine \u2013 wyb\u00f3r pracownik\u00f3w Skalnika - blog Skalnik","headline":"Rab Microlight Alpine \u2013 wyb\u00f3r pracownik\u00f3w Skalnika","author":{"@id":"https:\/\/www.skalnik.pl\/blog\/author\/slawek-nosal\/#author"},"publisher":{"@id":"https:\/\/www.skalnik.pl\/blog\/#organization"},"image":{"@type":"ImageObject","url":"https:\/\/www.skalnik.pl\/blog\/wp-content\/uploads\/2018\/11\/Rab_ok\u0142adka.jpg","width":1500,"height":550},"datePublished":"2018-11-23T12:19:02+02:00","dateModified":"2025-02-10T16:31:20+02:00","inLanguage":"pl-PL","mainEntityOfPage":{"@id":"https:\/\/www.skalnik.pl\/blog\/rab-microlight-alpine-wybor-pracownikow-skalnika\/#webpage"},"isPartOf":{"@id":"https:\/\/www.skalnik.pl\/blog\/rab-microlight-alpine-wybor-pracownikow-skalnika\/#webpage"},"articleSection":"Bran\u017ca, kurtki puchowe, odzie\u017c, zima, 1102, 694715"},{"@type":"BreadcrumbList","@id":"https:\/\/www.skalnik.pl\/blog\/rab-microlight-alpine-wybor-pracownikow-skalnika\/#breadcrumblist","itemListElement":[{"@type":"ListItem","@id":"https:\/\/www.skalnik.pl\/blog#listItem","position":1,"name":"Home","item":"https:\/\/www.skalnik.pl\/blog","nextItem":{"@type":"ListItem","@id":"https:\/\/www.skalnik.pl\/blog\/.\/branza\/#listItem","name":"Bran\u017ca"}},{"@type":"ListItem","@id":"https:\/\/www.skalnik.pl\/blog\/.\/branza\/#listItem","position":2,"name":"Bran\u017ca","item":"https:\/\/www.skalnik.pl\/blog\/.\/branza\/","nextItem":{"@type":"ListItem","@id":"https:\/\/www.skalnik.pl\/blog\/rab-microlight-alpine-wybor-pracownikow-skalnika\/#listItem","name":"Rab Microlight Alpine \u2013 wyb\u00f3r pracownik\u00f3w Skalnika"},"previousItem":{"@type":"ListItem","@id":"https:\/\/www.skalnik.pl\/blog#listItem","name":"Home"}},{"@type":"ListItem","@id":"https:\/\/www.skalnik.pl\/blog\/rab-microlight-alpine-wybor-pracownikow-skalnika\/#listItem","position":3,"name":"Rab Microlight Alpine \u2013 wyb\u00f3r pracownik\u00f3w Skalnika","previousItem":{"@type":"ListItem","@id":"https:\/\/www.skalnik.pl\/blog\/.\/branza\/#listItem","name":"Bran\u017ca"}}]},{"@type":"Organization","@id":"https:\/\/www.skalnik.pl\/blog\/#organization","name":"blog Skalnik","description":"Blog, porady, artyku\u0142y - blog Skalnik","url":"https:\/\/www.skalnik.pl\/blog\/"},{"@type":"Person","@id":"https:\/\/www.skalnik.pl\/blog\/author\/slawek-nosal\/#author","url":"https:\/\/www.skalnik.pl\/blog\/author\/slawek-nosal\/","name":"S\u0142awek Nosal","image":{"@type":"ImageObject","@id":"https:\/\/www.skalnik.pl\/blog\/rab-microlight-alpine-wybor-pracownikow-skalnika\/#authorImage","url":"https:\/\/secure.gravatar.com\/avatar\/376f39150afcfc713e809ef8313d42dee4210bb1425eaad8153efa8965009197?s=96&d=mm&r=g","width":96,"height":96,"caption":"S\u0142awek Nosal"}},{"@type":"WebPage","@id":"https:\/\/www.skalnik.pl\/blog\/rab-microlight-alpine-wybor-pracownikow-skalnika\/#webpage","url":"https:\/\/www.skalnik.pl\/blog\/rab-microlight-alpine-wybor-pracownikow-skalnika\/","name":"Rab Microlight Alpine \u2013 wyb\u00f3r pracownik\u00f3w Skalnika - blog Skalnik","description":"Ta kurtka od 10 lat pisze swoj\u0105 histori\u0119! Jest to bestseller marki Rab i kurtka ch\u0119tnie wybierana przez naszych pracownik\u00f3w i ich rodziny. W poradzie charakteryzujemy model i publikujemy opinie o kurtce Rab Microlight.","inLanguage":"pl-PL","isPartOf":{"@id":"https:\/\/www.skalnik.pl\/blog\/#website"},"breadcrumb":{"@id":"https:\/\/www.skalnik.pl\/blog\/rab-microlight-alpine-wybor-pracownikow-skalnika\/#breadcrumblist"},"author":{"@id":"https:\/\/www.skalnik.pl\/blog\/author\/slawek-nosal\/#author"},"creator":{"@id":"https:\/\/www.skalnik.pl\/blog\/author\/slawek-nosal\/#author"},"image":{"@type":"ImageObject","url":"https:\/\/www.skalnik.pl\/blog\/wp-content\/uploads\/2018\/11\/Rab_ok\u0142adka.jpg","@id":"https:\/\/www.skalnik.pl\/blog\/rab-microlight-alpine-wybor-pracownikow-skalnika\/#mainImage","width":1500,"height":550},"primaryImageOfPage":{"@id":"https:\/\/www.skalnik.pl\/blog\/rab-microlight-alpine-wybor-pracownikow-skalnika\/#mainImage"},"datePublished":"2018-11-23T12:19:02+02:00","dateModified":"2025-02-10T16:31:20+02:00"},{"@type":"WebSite","@id":"https:\/\/www.skalnik.pl\/blog\/#website","url":"https:\/\/www.skalnik.pl\/blog\/","name":"blog Skalnik","description":"Blog, porady, artyku\u0142y - blog Skalnik","inLanguage":"pl-PL","publisher":{"@id":"https:\/\/www.skalnik.pl\/blog\/#organization"}}]},"og:locale":"pl_PL","og:site_name":"blog Skalnik - Blog, porady, artyku\u0142y - blog Skalnik","og:type":"article","og:title":"Rab Microlight Alpine \u2013 wyb\u00f3r pracownik\u00f3w Skalnika - blog Skalnik","og:description":"Ta kurtka od 10 lat pisze swoj\u0105 histori\u0119! Jest to bestseller marki Rab i kurtka ch\u0119tnie wybierana przez naszych pracownik\u00f3w i ich rodziny. W poradzie charakteryzujemy model i publikujemy opinie o kurtce Rab Microlight.","og:url":"https:\/\/www.skalnik.pl\/blog\/rab-microlight-alpine-wybor-pracownikow-skalnika\/","og:image":"https:\/\/skalnik.pl\/blog\/wp-content\/uploads\/2018\/11\/42972615_283601839146234_6001657260705579008_n.png","og:image:secure_url":"https:\/\/skalnik.pl\/blog\/wp-content\/uploads\/2018\/11\/42972615_283601839146234_6001657260705579008_n.png","article:tag":["bran\u017ca","kurtki puchowe","odzie\u017c","zima"],"article:published_time":"2018-11-23T11:19:02+00:00","article:modified_time":"2025-02-10T14:31:20+00:00","twitter:card":"summary_large_image","twitter:title":"Rab Microlight Alpine \u2013 wyb\u00f3r pracownik\u00f3w Skalnika - blog Skalnik","twitter:description":"Ta kurtka od 10 lat pisze swoj\u0105 histori\u0119! Jest to bestseller marki Rab i kurtka ch\u0119tnie wybierana przez naszych pracownik\u00f3w i ich rodziny. W poradzie charakteryzujemy model i publikujemy opinie o kurtce Rab Microlight.","twitter:image":"https:\/\/skalnik.pl\/blog\/wp-content\/uploads\/2018\/11\/42972615_283601839146234_6001657260705579008_n.png"},"aioseo_meta_data":{"post_id":"4640","title":null,"description":null,"keywords":[{"label":"kurtki puchowe","value":"kurtki puchowe"},{"label":"rab microlight opinie","value":"rab microlight opinie"},{"label":"microlight alpine","value":"microlight alpine"},{"label":"puch\u00f3wka","value":"puch\u00f3wka"},{"label":"kurtka puchowa","value":"kurtka puchowa"}],"keyphrases":{"focus":{"keyphrase":"","score":0,"analysis":{"keyphraseInTitle":{"score":0,"maxScore":9,"error":1}}},"additional":[]},"primary_term":null,"canonical_url":null,"og_title":null,"og_description":null,"og_object_type":"default","og_image_type":"default","og_image_url":null,"og_image_width":null,"og_image_height":null,"og_image_custom_url":null,"og_image_custom_fields":null,"og_video":"","og_custom_url":null,"og_article_section":null,"og_article_tags":[],"twitter_use_og":false,"twitter_card":"default","twitter_image_type":"default","twitter_image_url":null,"twitter_image_custom_url":null,"twitter_image_custom_fields":null,"twitter_title":null,"twitter_description":null,"schema":{"blockGraphs":[],"customGraphs":[],"default":{"data":{"Article":[],"Course":[],"Dataset":[],"FAQPage":[],"Movie":[],"Person":[],"Product":[],"ProductReview":[],"Car":[],"Recipe":[],"Service":[],"SoftwareApplication":[],"WebPage":[]},"graphName":"","isEnabled":true},"graphs":[]},"schema_type":"default","schema_type_options":null,"pillar_content":false,"robots_default":true,"robots_noindex":false,"robots_noarchive":false,"robots_nosnippet":false,"robots_nofollow":false,"robots_noimageindex":false,"robots_noodp":false,"robots_notranslate":false,"robots_max_snippet":"-1","robots_max_videopreview":"-1","robots_max_imagepreview":"large","priority":null,"frequency":"default","local_seo":null,"breadcrumb_settings":null,"limit_modified_date":false,"ai":null,"created":"2022-08-26 09:53:47","updated":"2026-02-17 21:27:26","seo_analyzer_scan_date":null},"aioseo_breadcrumb":"<div class=\"aioseo-breadcrumbs\"><span class=\"aioseo-breadcrumb\">\n\t\t\t<a href=\"https:\/\/www.skalnik.pl\/blog\" title=\"Home\">Home<\/a>\n\t\t<\/span><span class=\"aioseo-breadcrumb-separator\">&raquo;<\/span><span class=\"aioseo-breadcrumb\">\n\t\t\t<a href=\"https:\/\/www.skalnik.pl\/blog\/.\/branza\/\" title=\"Bran\u017ca\">Bran\u017ca<\/a>\n\t\t<\/span><span class=\"aioseo-breadcrumb-separator\">&raquo;<\/span><span class=\"aioseo-breadcrumb\">\n\t\t\tRab Microlight Alpine \u2013 wyb\u00f3r pracownik\u00f3w Skalnika\n\t\t<\/span><\/div>","aioseo_breadcrumb_json":[{"label":"Home","link":"https:\/\/www.skalnik.pl\/blog"},{"label":"Bran\u017ca","link":"https:\/\/www.skalnik.pl\/blog\/.\/branza\/"},{"label":"Rab Microlight Alpine \u2013 wyb\u00f3r pracownik\u00f3w Skalnika","link":"https:\/\/www.skalnik.pl\/blog\/rab-microlight-alpine-wybor-pracownikow-skalnika\/"}],"_links":{"self":[{"href":"https:\/\/www.skalnik.pl\/blog\/wp-json\/wp\/v2\/posts\/4640","targetHints":{"allow":["GET"]}}],"collection":[{"href":"https:\/\/www.skalnik.pl\/blog\/wp-json\/wp\/v2\/posts"}],"about":[{"href":"https:\/\/www.skalnik.pl\/blog\/wp-json\/wp\/v2\/types\/post"}],"author":[{"embeddable":true,"href":"https:\/\/www.skalnik.pl\/blog\/wp-json\/wp\/v2\/users\/8"}],"replies":[{"embeddable":true,"href":"https:\/\/www.skalnik.pl\/blog\/wp-json\/wp\/v2\/comments?post=4640"}],"version-history":[{"count":50,"href":"https:\/\/www.skalnik.pl\/blog\/wp-json\/wp\/v2\/posts\/4640\/revisions"}],"predecessor-version":[{"id":14031,"href":"https:\/\/www.skalnik.pl\/blog\/wp-json\/wp\/v2\/posts\/4640\/revisions\/14031"}],"wp:featuredmedia":[{"embeddable":true,"href":"https:\/\/www.skalnik.pl\/blog\/wp-json\/wp\/v2\/media\/4700"}],"wp:attachment":[{"href":"https:\/\/www.skalnik.pl\/blog\/wp-json\/wp\/v2\/media?parent=4640"}],"wp:term":[{"taxonomy":"category","embeddable":true,"href":"https:\/\/www.skalnik.pl\/blog\/wp-json\/wp\/v2\/categories?post=4640"},{"taxonomy":"post_tag","embeddable":true,"href":"https:\/\/www.skalnik.pl\/blog\/wp-json\/wp\/v2\/tags?post=4640"},{"taxonomy":"magento_category","embeddable":true,"href":"https:\/\/www.skalnik.pl\/blog\/wp-json\/wp\/v2\/magento_category?post=4640"},{"taxonomy":"magento_product","embeddable":true,"href":"https:\/\/www.skalnik.pl\/blog\/wp-json\/wp\/v2\/magento_product?post=4640"}],"curies":[{"name":"wp","href":"https:\/\/api.w.org\/{rel}","templated":true}]}}