{"id":4726,"date":"2018-11-27T15:41:05","date_gmt":"2018-11-27T14:41:05","guid":{"rendered":"https:\/\/skalnik.pl\/blog\/?p=4726"},"modified":"2018-12-21T08:41:14","modified_gmt":"2018-12-21T07:41:14","slug":"sila-marzen-korona-ziemi","status":"publish","type":"post","link":"https:\/\/www.skalnik.pl\/blog\/sila-marzen-korona-ziemi\/","title":{"rendered":"Si\u0142a Marze\u0144 &#8211; Korona Ziemi"},"content":{"rendered":"<p><b><img loading=\"lazy\" decoding=\"async\" class=\"alignleft wp-image-4729 \" title=\"Mi\u0142ka Raulin\" src=\"https:\/\/skalnik.pl\/blog\/wp-content\/uploads\/2018\/11\/ELBRUS_MI\u0141KA_0229_B-e1543327956709-295x300.jpg\" alt=\"\" width=\"309\" height=\"314\" srcset=\"https:\/\/www.skalnik.pl\/blog\/wp-content\/uploads\/2018\/11\/ELBRUS_MI\u0141KA_0229_B-e1543327956709-295x300.jpg 295w, https:\/\/www.skalnik.pl\/blog\/wp-content\/uploads\/2018\/11\/ELBRUS_MI\u0141KA_0229_B-e1543327956709-768x781.jpg 768w, https:\/\/www.skalnik.pl\/blog\/wp-content\/uploads\/2018\/11\/ELBRUS_MI\u0141KA_0229_B-e1543327956709-1007x1024.jpg 1007w, https:\/\/www.skalnik.pl\/blog\/wp-content\/uploads\/2018\/11\/ELBRUS_MI\u0141KA_0229_B-e1543327956709.jpg 1417w\" sizes=\"auto, (max-width: 309px) 100vw, 309px\" \/>TEMAT:<\/b><\/p>\n<p>Si\u0142a Marze\u0144 &#8211; Korona Ziemi<\/p>\n<p><b>PRELEGENT:<\/b><\/p>\n<p>Mi\u0142ka Raulin<\/p>\n<p><b>MIEJSCE:<\/b><\/p>\n<p>Wybrze\u017ce Wyspia\u0144skiego 27, Politechnika Wroc\u0142awska, budynek A1, sala 329<\/p>\n<p><b>DATA:<br \/>\n<\/b>18.12.2018, godz. 19:00<\/p>\n<div id=\"ez-toc-container\" class=\"ez-toc-v2_0_85 counter-hierarchy ez-toc-counter ez-toc-light-blue ez-toc-container-direction\">\n<div class=\"ez-toc-title-container\">\n<p class=\"ez-toc-title\" style=\"cursor:inherit\">SPIS TRE\u015aCI <\/p>\n<span class=\"ez-toc-title-toggle\"><a href=\"#\" class=\"ez-toc-pull-right ez-toc-btn ez-toc-btn-xs ez-toc-btn-default ez-toc-toggle\" aria-label=\"Prze\u0142\u0105cznik Spisu Tre\u015bci\"><span class=\"ez-toc-js-icon-con\"><span class=\"\"><span class=\"eztoc-hide\" style=\"display:none;\">Toggle<\/span><span class=\"ez-toc-icon-toggle-span\"><svg style=\"fill: #999;color:#999\" xmlns=\"http:\/\/www.w3.org\/2000\/svg\" class=\"list-377408\" width=\"20px\" height=\"20px\" viewBox=\"0 0 24 24\" fill=\"none\"><path d=\"M6 6H4v2h2V6zm14 0H8v2h12V6zM4 11h2v2H4v-2zm16 0H8v2h12v-2zM4 16h2v2H4v-2zm16 0H8v2h12v-2z\" fill=\"currentColor\"><\/path><\/svg><svg style=\"fill: #999;color:#999\" class=\"arrow-unsorted-368013\" xmlns=\"http:\/\/www.w3.org\/2000\/svg\" width=\"10px\" height=\"10px\" viewBox=\"0 0 24 24\" version=\"1.2\" baseProfile=\"tiny\"><path d=\"M18.2 9.3l-6.2-6.3-6.2 6.3c-.2.2-.3.4-.3.7s.1.5.3.7c.2.2.4.3.7.3h11c.3 0 .5-.1.7-.3.2-.2.3-.5.3-.7s-.1-.5-.3-.7zM5.8 14.7l6.2 6.3 6.2-6.3c.2-.2.3-.5.3-.7s-.1-.5-.3-.7c-.2-.2-.4-.3-.7-.3h-11c-.3 0-.5.1-.7.3-.2.2-.3.5-.3.7s.1.5.3.7z\"\/><\/svg><\/span><\/span><\/span><\/a><\/span><\/div>\n<nav><ul class='ez-toc-list ez-toc-list-level-1 ' ><li class='ez-toc-page-1 ez-toc-heading-level-2'><a class=\"ez-toc-link ez-toc-heading-1\" href=\"https:\/\/www.skalnik.pl\/blog\/sila-marzen-korona-ziemi\/#O_prelekcji\" >O prelekcji:<\/a><\/li><li class='ez-toc-page-1 ez-toc-heading-level-2'><a class=\"ez-toc-link ez-toc-heading-2\" href=\"https:\/\/www.skalnik.pl\/blog\/sila-marzen-korona-ziemi\/#Bogumila_%E2%80%9CMilka%E2%80%9D_Raulin\" >Bogumi\u0142a \u201cMi\u0142ka\u201d Raulin<\/a><\/li><li class='ez-toc-page-1 ez-toc-heading-level-2'><a class=\"ez-toc-link ez-toc-heading-3\" href=\"https:\/\/www.skalnik.pl\/blog\/sila-marzen-korona-ziemi\/#Sponsorzy\" >Sponsorzy:<\/a><\/li><\/ul><\/nav><\/div>\n<h2><span class=\"ez-toc-section\" id=\"O_prelekcji\"><\/span>O prelekcji:<span class=\"ez-toc-section-end\"><\/span><\/h2>\n<p>Na grudniowych Spotkaniach z G\u00f3rami go\u015bci\u0107 b\u0119dziemy Mi\u0142k\u0119 Raulin, kt\u00f3ra w 2018 r. wej\u015bciem na Mont Everest skompletowa\u0142a Koron\u0119 Ziemi. Spotkanie \u201cSi\u0142a Marze\u0144 \u2013 Korona Ziemi\u201d, na kt\u00f3rym Mi\u0142ka opowie o drodze na najwy\u017csze szczyty wszystkich kontynent\u00f3w, odb\u0119dzie si\u0119 ju\u017c 18 grudnia.<\/p>\n<div id=\"attachment_4734\" style=\"width: 4042px\" class=\"wp-caption aligncenter\"><img loading=\"lazy\" decoding=\"async\" aria-describedby=\"caption-attachment-4734\" class=\"size-full wp-image-4734\" src=\"https:\/\/skalnik.pl\/blog\/wp-content\/uploads\/2018\/11\/IMG_20180506_184758.jpg\" alt=\"\" width=\"4032\" height=\"3016\" srcset=\"https:\/\/www.skalnik.pl\/blog\/wp-content\/uploads\/2018\/11\/IMG_20180506_184758.jpg 4032w, https:\/\/www.skalnik.pl\/blog\/wp-content\/uploads\/2018\/11\/IMG_20180506_184758-300x224.jpg 300w, https:\/\/www.skalnik.pl\/blog\/wp-content\/uploads\/2018\/11\/IMG_20180506_184758-768x574.jpg 768w, https:\/\/www.skalnik.pl\/blog\/wp-content\/uploads\/2018\/11\/IMG_20180506_184758-1024x766.jpg 1024w\" sizes=\"auto, (max-width: 4032px) 100vw, 4032px\" \/><p id=\"caption-attachment-4734\" class=\"wp-caption-text\">Wyprawa po ostatni i najwy\u017cszy szczyt &#8211; Everest<\/p><\/div>\n<p>Spotkanie z Mi\u0142k\u0105 Raulin b\u0119dzie podsumowaniem siedmioletniego projektu, dzi\u0119ki kt\u00f3remu uda\u0142o si\u0119 jej stan\u0105\u0107 na wszystkich szczytach Korony Ziemi. W trakcie prelekcji b\u0119dzie mo\u017cna wys\u0142ucha\u0107 ciekawostek dotycz\u0105cych poszczeg\u00f3lnych wypraw Polki. Projekt \u201cSi\u0142a Marze\u0144 \u2013 Korona Ziemi\u201d to bowiem nie tylko Mount Everest. To r\u00f3wnie\u017c nielegalne pokonywanie odkrywkowej kopalni z\u0142ota w Papui Zachodniej, mrozy Alaski, gdzie temperatury zdawa\u0142y si\u0119 bardziej ekstremalne ni\u017c na dachu \u015bwiata, czy lot na Antarktyd\u0119 w luku baga\u017cowym!<\/p>\n<p>Ten projekt to co\u015b wi\u0119cej ni\u017c kompletowanie g\u00f3rskich szczyt\u00f3w. Jak pisze o nim Mi\u0142ka: \u201cto opowie\u015b\u0107 o pasji do g\u00f3r, podejmowaniu wyzwa\u0144 i przekraczaniu granic ludzkich mo\u017cliwo\u015bci. Si\u0142a Marze\u0144 to inspiracja do niepoddawania si\u0119 przeciwno\u015bciom i twardej walki do ko\u0144ca o to, w co wierzymy\u201d.<\/p>\n<div class=\"page_gallery\">\n\n\t\t<style type=\"text\/css\">\n\t\t\t#gallery-1 {\n\t\t\t\tmargin: auto;\n\t\t\t}\n\t\t\t#gallery-1 .gallery-item {\n\t\t\t\tfloat: left;\n\t\t\t\tmargin-top: 10px;\n\t\t\t\ttext-align: center;\n\t\t\t\twidth: 33%;\n\t\t\t}\n\t\t\t#gallery-1 img {\n\t\t\t\tborder: 2px solid #cfcfcf;\n\t\t\t}\n\t\t\t#gallery-1 .gallery-caption {\n\t\t\t\tmargin-left: 0;\n\t\t\t}\n\t\t\t\/* see gallery_shortcode() in wp-includes\/media.php *\/\n\t\t<\/style>\n\t\t<div id='gallery-1' class='gallery galleryid-4726 gallery-columns-3 gallery-size-full'><dl class='gallery-item'>\n\t\t\t<dt class='gallery-icon landscape'>\n\t\t\t\t<img loading=\"lazy\" decoding=\"async\" width=\"4000\" height=\"3000\" src=\"https:\/\/www.skalnik.pl\/blog\/wp-content\/uploads\/2018\/11\/G0241437.jpg\" class=\"attachment-full size-full\" alt=\"\" srcset=\"https:\/\/www.skalnik.pl\/blog\/wp-content\/uploads\/2018\/11\/G0241437.jpg 4000w, https:\/\/www.skalnik.pl\/blog\/wp-content\/uploads\/2018\/11\/G0241437-300x225.jpg 300w, https:\/\/www.skalnik.pl\/blog\/wp-content\/uploads\/2018\/11\/G0241437-768x576.jpg 768w, https:\/\/www.skalnik.pl\/blog\/wp-content\/uploads\/2018\/11\/G0241437-1024x768.jpg 1024w\" sizes=\"auto, (max-width: 4000px) 100vw, 4000px\" \/>\n\t\t\t<\/dt><\/dl><dl class='gallery-item'>\n\t\t\t<dt class='gallery-icon landscape'>\n\t\t\t\t<img loading=\"lazy\" decoding=\"async\" width=\"4000\" height=\"3000\" src=\"https:\/\/www.skalnik.pl\/blog\/wp-content\/uploads\/2018\/11\/G0211404.jpg\" class=\"attachment-full size-full\" alt=\"\" srcset=\"https:\/\/www.skalnik.pl\/blog\/wp-content\/uploads\/2018\/11\/G0211404.jpg 4000w, https:\/\/www.skalnik.pl\/blog\/wp-content\/uploads\/2018\/11\/G0211404-300x225.jpg 300w, https:\/\/www.skalnik.pl\/blog\/wp-content\/uploads\/2018\/11\/G0211404-768x576.jpg 768w, https:\/\/www.skalnik.pl\/blog\/wp-content\/uploads\/2018\/11\/G0211404-1024x768.jpg 1024w\" sizes=\"auto, (max-width: 4000px) 100vw, 4000px\" \/>\n\t\t\t<\/dt><\/dl><dl class='gallery-item'>\n\t\t\t<dt class='gallery-icon landscape'>\n\t\t\t\t<img loading=\"lazy\" decoding=\"async\" width=\"4032\" height=\"3016\" src=\"https:\/\/www.skalnik.pl\/blog\/wp-content\/uploads\/2018\/11\/IMG_20180506_184246.jpg\" class=\"attachment-full size-full\" alt=\"\" srcset=\"https:\/\/www.skalnik.pl\/blog\/wp-content\/uploads\/2018\/11\/IMG_20180506_184246.jpg 4032w, https:\/\/www.skalnik.pl\/blog\/wp-content\/uploads\/2018\/11\/IMG_20180506_184246-300x224.jpg 300w, https:\/\/www.skalnik.pl\/blog\/wp-content\/uploads\/2018\/11\/IMG_20180506_184246-768x574.jpg 768w, https:\/\/www.skalnik.pl\/blog\/wp-content\/uploads\/2018\/11\/IMG_20180506_184246-1024x766.jpg 1024w\" sizes=\"auto, (max-width: 4032px) 100vw, 4032px\" \/>\n\t\t\t<\/dt><\/dl><br style=\"clear: both\" \/><dl class='gallery-item'>\n\t\t\t<dt class='gallery-icon landscape'>\n\t\t\t\t<img loading=\"lazy\" decoding=\"async\" width=\"3264\" height=\"2448\" src=\"https:\/\/www.skalnik.pl\/blog\/wp-content\/uploads\/2018\/11\/IMG_20180617_082207.jpg\" class=\"attachment-full size-full\" alt=\"\" srcset=\"https:\/\/www.skalnik.pl\/blog\/wp-content\/uploads\/2018\/11\/IMG_20180617_082207.jpg 3264w, https:\/\/www.skalnik.pl\/blog\/wp-content\/uploads\/2018\/11\/IMG_20180617_082207-300x225.jpg 300w, https:\/\/www.skalnik.pl\/blog\/wp-content\/uploads\/2018\/11\/IMG_20180617_082207-768x576.jpg 768w, https:\/\/www.skalnik.pl\/blog\/wp-content\/uploads\/2018\/11\/IMG_20180617_082207-1024x768.jpg 1024w\" sizes=\"auto, (max-width: 3264px) 100vw, 3264px\" \/>\n\t\t\t<\/dt><\/dl><dl class='gallery-item'>\n\t\t\t<dt class='gallery-icon landscape'>\n\t\t\t\t<img loading=\"lazy\" decoding=\"async\" width=\"4000\" height=\"3000\" src=\"https:\/\/www.skalnik.pl\/blog\/wp-content\/uploads\/2018\/11\/G0121826.jpg\" class=\"attachment-full size-full\" alt=\"\" srcset=\"https:\/\/www.skalnik.pl\/blog\/wp-content\/uploads\/2018\/11\/G0121826.jpg 4000w, https:\/\/www.skalnik.pl\/blog\/wp-content\/uploads\/2018\/11\/G0121826-300x225.jpg 300w, https:\/\/www.skalnik.pl\/blog\/wp-content\/uploads\/2018\/11\/G0121826-768x576.jpg 768w, https:\/\/www.skalnik.pl\/blog\/wp-content\/uploads\/2018\/11\/G0121826-1024x768.jpg 1024w\" sizes=\"auto, (max-width: 4000px) 100vw, 4000px\" \/>\n\t\t\t<\/dt><\/dl>\n\t\t\t<br style='clear: both' \/>\n\t\t<\/div>\n\n<\/div>\n<h2><span class=\"ez-toc-section\" id=\"Bogumila_%E2%80%9CMilka%E2%80%9D_Raulin\"><\/span>Bogumi\u0142a \u201cMi\u0142ka\u201d Raulin<span class=\"ez-toc-section-end\"><\/span><\/h2>\n<p>10 Polka, kt\u00f3ra wspi\u0119\u0142a si\u0119 na najwy\u017csze szczyty wszystkich kontynent\u00f3w. 22 maja 2018 r. w wieku 35 lat osi\u0105gn\u0119\u0142a szczyt Mount Everest, staj\u0105c si\u0119 najm\u0142odsz\u0105 Polk\u0105 z Koron\u0105 Ziemi. Zdobycie tego wyr\u00f3\u017cnienia zaj\u0119\u0142o jej siedem lat. Pasj\u0119 i realizacj\u0119 projektu \u0142\u0105czy\u0142a w tym czasie z prac\u0105 na pe\u0142en etat i wychowywaniem syna. Na swoim koncie Mi\u0142ka ma r\u00f3wnie\u017c inne wyprawy g\u00f3rskie. Bywa\u0142a na sze\u015bciotysi\u0119cznych szczytach Himalaj\u00f3w Indii i Nepalu oraz bra\u0142a udzia\u0142 w wyprawach w Andy. W 2018 r. wyda\u0142a ksi\u0105\u017ck\u0119 \u201cSi\u0142a marze\u0144 czyli jak zdoby\u0142am Koron\u0119 Ziemi\u201d, kt\u00f3r\u0105 mo\u017cna b\u0119dzie kupi\u0107 podczas wroc\u0142awskiego spotkania.<\/p>\n<p>O projekcie i wyprawie na Everest pos\u0142uchasz <a href=\"https:\/\/goo.gl\/cK5Q3V\" target=\"_blank\" rel=\"noopener\">tutaj.<\/a><br \/>\nOdwid\u017a stron\u0119 Mi\u0142ki: <a href=\"https:\/\/www.bogumilaraulin.pl\/\" target=\"_blank\" rel=\"noopener\">www.bogumilaraulin.pl<\/a><br \/>\nPo wi\u0119cej zapraszamy na Spotkania z G\u00f3rami!<\/p>\n<p><iframe loading=\"lazy\" src=\"https:\/\/www.youtube.com\/embed\/1oX4DQgV0vo\" width=\"560\" height=\"315\" frameborder=\"0\" allowfullscreen=\"allowfullscreen\"><\/iframe><\/p>\n<div class=\"sponsors\">\n<h2><span class=\"ez-toc-section\" id=\"Sponsorzy\"><\/span>Sponsorzy:<span class=\"ez-toc-section-end\"><\/span><\/h2>\n\n\t\t<style type=\"text\/css\">\n\t\t\t#gallery-2 {\n\t\t\t\tmargin: auto;\n\t\t\t}\n\t\t\t#gallery-2 .gallery-item {\n\t\t\t\tfloat: left;\n\t\t\t\tmargin-top: 10px;\n\t\t\t\ttext-align: center;\n\t\t\t\twidth: 20%;\n\t\t\t}\n\t\t\t#gallery-2 img {\n\t\t\t\tborder: 2px solid #cfcfcf;\n\t\t\t}\n\t\t\t#gallery-2 .gallery-caption {\n\t\t\t\tmargin-left: 0;\n\t\t\t}\n\t\t\t\/* see gallery_shortcode() in wp-includes\/media.php *\/\n\t\t<\/style>\n\t\t<div id='gallery-2' class='gallery galleryid-4726 gallery-columns-5 gallery-size-thumbnail'><dl class='gallery-item'>\n\t\t\t<dt class='gallery-icon landscape'>\n\t\t\t\t<img loading=\"lazy\" decoding=\"async\" width=\"150\" height=\"150\" src=\"https:\/\/www.skalnik.pl\/blog\/wp-content\/uploads\/2016\/10\/74236798.jpg\" class=\"attachment-thumbnail size-thumbnail\" alt=\"skalnik logo\" \/>\n\t\t\t<\/dt><\/dl><dl class='gallery-item'>\n\t\t\t<dt class='gallery-icon landscape'>\n\t\t\t\t<img loading=\"lazy\" decoding=\"async\" width=\"150\" height=\"150\" src=\"https:\/\/www.skalnik.pl\/blog\/wp-content\/uploads\/2016\/10\/18654627.jpg\" class=\"attachment-thumbnail size-thumbnail\" alt=\"DKF logo\" \/>\n\t\t\t<\/dt><\/dl><dl class='gallery-item'>\n\t\t\t<dt class='gallery-icon landscape'>\n\t\t\t\t<img loading=\"lazy\" decoding=\"async\" width=\"150\" height=\"150\" src=\"https:\/\/www.skalnik.pl\/blog\/wp-content\/uploads\/2016\/10\/55774142.jpg\" class=\"attachment-thumbnail size-thumbnail\" alt=\"Politechnika logo\" \/>\n\t\t\t<\/dt><\/dl><dl class='gallery-item'>\n\t\t\t<dt class='gallery-icon landscape'>\n\t\t\t\t<img loading=\"lazy\" decoding=\"async\" width=\"150\" height=\"150\" src=\"https:\/\/www.skalnik.pl\/blog\/wp-content\/uploads\/2016\/10\/64382480.jpg\" class=\"attachment-thumbnail size-thumbnail\" alt=\"VI.6+ logo\" \/>\n\t\t\t<\/dt><\/dl><dl class='gallery-item'>\n\t\t\t<dt class='gallery-icon landscape'>\n\t\t\t\t<img loading=\"lazy\" decoding=\"async\" width=\"150\" height=\"150\" src=\"https:\/\/www.skalnik.pl\/blog\/wp-content\/uploads\/2016\/10\/25112021.jpg\" class=\"attachment-thumbnail size-thumbnail\" alt=\"volven logo\" \/>\n\t\t\t<\/dt><\/dl><br style=\"clear: both\" \/><dl class='gallery-item'>\n\t\t\t<dt class='gallery-icon landscape'>\n\t\t\t\t<img loading=\"lazy\" decoding=\"async\" width=\"150\" height=\"150\" src=\"https:\/\/www.skalnik.pl\/blog\/wp-content\/uploads\/2018\/07\/images.png\" class=\"attachment-thumbnail size-thumbnail\" alt=\"silver rock logo\" \/>\n\t\t\t<\/dt><\/dl>\n\t\t\t<br style='clear: both' \/>\n\t\t<\/div>\n\n<\/div>\n<p>&nbsp;<\/p>\n<p>&nbsp;<\/p>\n","protected":false},"excerpt":{"rendered":"<p>Zapraszamy na kolejne Spotkania z G\u00f3rami, kt\u00f3rych go\u015bciem b\u0119dzie Mi\u0142ka Raulin. To dziesi\u0105ta Polka, kt\u00f3ra zdoby\u0142a najwy\u017csze szczyty wszystkich kontynent\u00f3w. Prelekcja podsumuje siedem lat projektu, w kt\u00f3rym Mi\u0142ka zrealizowa\u0142a swoje marzenie. <\/p>\n","protected":false},"author":10,"featured_media":4730,"comment_status":"open","ping_status":"open","sticky":false,"template":"","format":"standard","meta":{"_acf_changed":false,"footnotes":""},"categories":[9],"tags":[94,116,202,92],"magento_category":[],"magento_product":[],"class_list":["post-4726","post","type-post","status-publish","format-standard","has-post-thumbnail","hentry","category-spotkania-z-gorami","tag-inspiracje","tag-podroze","tag-spotkania-z-gorami","tag-styl-zycia"],"acf":[],"aioseo_notices":[],"aioseo_head":"\n\t\t<!-- All in One SEO 4.9.10 - aioseo.com -->\n\t<meta name=\"description\" content=\"Zapraszamy na kolejne Spotkania z G\u00f3rami, kt\u00f3rych go\u015bciem b\u0119dzie Mi\u0142ka Raulin. To dziesi\u0105ta Polka, kt\u00f3ra zdoby\u0142a najwy\u017csze szczyty wszystkich kontynent\u00f3w. Prelekcja podsumuje siedem lat projektu, w kt\u00f3rym Mi\u0142ka zrealizowa\u0142a swoje marzenie.\" \/>\n\t<meta name=\"robots\" content=\"max-image-preview:large\" \/>\n\t<meta name=\"author\" content=\"Spotkania z G\u00f3rami\"\/>\n\t<link rel=\"canonical\" href=\"https:\/\/www.skalnik.pl\/blog\/sila-marzen-korona-ziemi\/\" \/>\n\t<meta name=\"generator\" content=\"All in One SEO (AIOSEO) 4.9.10\" \/>\n\t\t<meta property=\"og:locale\" content=\"pl_PL\" \/>\n\t\t<meta property=\"og:site_name\" content=\"blog Skalnik - Blog, porady, artyku\u0142y - blog Skalnik\" \/>\n\t\t<meta property=\"og:type\" content=\"article\" \/>\n\t\t<meta property=\"og:title\" content=\"Si\u0142a Marze\u0144 \u2013 Korona Ziemi - blog Skalnik\" \/>\n\t\t<meta property=\"og:description\" content=\"Zapraszamy na kolejne Spotkania z G\u00f3rami, kt\u00f3rych go\u015bciem b\u0119dzie Mi\u0142ka Raulin. To dziesi\u0105ta Polka, kt\u00f3ra zdoby\u0142a najwy\u017csze szczyty wszystkich kontynent\u00f3w. Prelekcja podsumuje siedem lat projektu, w kt\u00f3rym Mi\u0142ka zrealizowa\u0142a swoje marzenie.\" \/>\n\t\t<meta property=\"og:url\" content=\"https:\/\/www.skalnik.pl\/blog\/sila-marzen-korona-ziemi\/\" \/>\n\t\t<meta property=\"og:image\" content=\"https:\/\/skalnik.pl\/blog\/wp-content\/uploads\/2018\/11\/ELBRUS_MI\u0141KA_0229_B-e1543327956709-295x300.jpg\" \/>\n\t\t<meta property=\"og:image:secure_url\" content=\"https:\/\/skalnik.pl\/blog\/wp-content\/uploads\/2018\/11\/ELBRUS_MI\u0141KA_0229_B-e1543327956709-295x300.jpg\" \/>\n\t\t<meta property=\"article:tag\" content=\"spotkania z g\u00f3rami\" \/>\n\t\t<meta property=\"article:tag\" content=\"inspiracje\" \/>\n\t\t<meta property=\"article:tag\" content=\"podr\u00f3\u017ce\" \/>\n\t\t<meta property=\"article:tag\" content=\"styl \u017cycia\" \/>\n\t\t<meta property=\"article:published_time\" content=\"2018-11-27T14:41:05+00:00\" \/>\n\t\t<meta property=\"article:modified_time\" content=\"2018-12-21T07:41:14+00:00\" \/>\n\t\t<meta name=\"twitter:card\" content=\"summary_large_image\" \/>\n\t\t<meta name=\"twitter:title\" content=\"Si\u0142a Marze\u0144 \u2013 Korona Ziemi - blog Skalnik\" \/>\n\t\t<meta name=\"twitter:description\" content=\"Zapraszamy na kolejne Spotkania z G\u00f3rami, kt\u00f3rych go\u015bciem b\u0119dzie Mi\u0142ka Raulin. To dziesi\u0105ta Polka, kt\u00f3ra zdoby\u0142a najwy\u017csze szczyty wszystkich kontynent\u00f3w. Prelekcja podsumuje siedem lat projektu, w kt\u00f3rym Mi\u0142ka zrealizowa\u0142a swoje marzenie.\" \/>\n\t\t<meta name=\"twitter:image\" content=\"https:\/\/skalnik.pl\/blog\/wp-content\/uploads\/2018\/11\/ELBRUS_MI\u0141KA_0229_B-e1543327956709-295x300.jpg\" \/>\n\t\t<script type=\"application\/ld+json\" class=\"aioseo-schema\">\n\t\t\t{\"@context\":\"https:\\\/\\\/schema.org\",\"@graph\":[{\"@type\":\"BlogPosting\",\"@id\":\"https:\\\/\\\/www.skalnik.pl\\\/blog\\\/sila-marzen-korona-ziemi\\\/#blogposting\",\"name\":\"Si\\u0142a Marze\\u0144 \\u2013 Korona Ziemi - blog Skalnik\",\"headline\":\"Si\\u0142a Marze\\u0144 &#8211; Korona Ziemi\",\"author\":{\"@id\":\"https:\\\/\\\/www.skalnik.pl\\\/blog\\\/author\\\/spotkania\\\/#author\"},\"publisher\":{\"@id\":\"https:\\\/\\\/www.skalnik.pl\\\/blog\\\/#organization\"},\"image\":{\"@type\":\"ImageObject\",\"url\":\"https:\\\/\\\/www.skalnik.pl\\\/blog\\\/wp-content\\\/uploads\\\/2018\\\/11\\\/IMG_20180617_082207-ok\\u0142adka.jpg\",\"width\":1920,\"height\":705},\"datePublished\":\"2018-11-27T15:41:05+02:00\",\"dateModified\":\"2018-12-21T08:41:14+02:00\",\"inLanguage\":\"pl-PL\",\"mainEntityOfPage\":{\"@id\":\"https:\\\/\\\/www.skalnik.pl\\\/blog\\\/sila-marzen-korona-ziemi\\\/#webpage\"},\"isPartOf\":{\"@id\":\"https:\\\/\\\/www.skalnik.pl\\\/blog\\\/sila-marzen-korona-ziemi\\\/#webpage\"},\"articleSection\":\"Spotkania z g\\u00f3rami, inspiracje, podr\\u00f3\\u017ce, spotkania z g\\u00f3rami, styl \\u017cycia\"},{\"@type\":\"BreadcrumbList\",\"@id\":\"https:\\\/\\\/www.skalnik.pl\\\/blog\\\/sila-marzen-korona-ziemi\\\/#breadcrumblist\",\"itemListElement\":[{\"@type\":\"ListItem\",\"@id\":\"https:\\\/\\\/www.skalnik.pl\\\/blog#listItem\",\"position\":1,\"name\":\"Home\",\"item\":\"https:\\\/\\\/www.skalnik.pl\\\/blog\",\"nextItem\":{\"@type\":\"ListItem\",\"@id\":\"https:\\\/\\\/www.skalnik.pl\\\/blog\\\/.\\\/spotkania-z-gorami\\\/#listItem\",\"name\":\"Spotkania z g\\u00f3rami\"}},{\"@type\":\"ListItem\",\"@id\":\"https:\\\/\\\/www.skalnik.pl\\\/blog\\\/.\\\/spotkania-z-gorami\\\/#listItem\",\"position\":2,\"name\":\"Spotkania z g\\u00f3rami\",\"item\":\"https:\\\/\\\/www.skalnik.pl\\\/blog\\\/.\\\/spotkania-z-gorami\\\/\",\"nextItem\":{\"@type\":\"ListItem\",\"@id\":\"https:\\\/\\\/www.skalnik.pl\\\/blog\\\/sila-marzen-korona-ziemi\\\/#listItem\",\"name\":\"Si\\u0142a Marze\\u0144 &#8211; Korona Ziemi\"},\"previousItem\":{\"@type\":\"ListItem\",\"@id\":\"https:\\\/\\\/www.skalnik.pl\\\/blog#listItem\",\"name\":\"Home\"}},{\"@type\":\"ListItem\",\"@id\":\"https:\\\/\\\/www.skalnik.pl\\\/blog\\\/sila-marzen-korona-ziemi\\\/#listItem\",\"position\":3,\"name\":\"Si\\u0142a Marze\\u0144 &#8211; Korona Ziemi\",\"previousItem\":{\"@type\":\"ListItem\",\"@id\":\"https:\\\/\\\/www.skalnik.pl\\\/blog\\\/.\\\/spotkania-z-gorami\\\/#listItem\",\"name\":\"Spotkania z g\\u00f3rami\"}}]},{\"@type\":\"Organization\",\"@id\":\"https:\\\/\\\/www.skalnik.pl\\\/blog\\\/#organization\",\"name\":\"blog Skalnik\",\"description\":\"Blog, porady, artyku\\u0142y - blog Skalnik\",\"url\":\"https:\\\/\\\/www.skalnik.pl\\\/blog\\\/\"},{\"@type\":\"Person\",\"@id\":\"https:\\\/\\\/www.skalnik.pl\\\/blog\\\/author\\\/spotkania\\\/#author\",\"url\":\"https:\\\/\\\/www.skalnik.pl\\\/blog\\\/author\\\/spotkania\\\/\",\"name\":\"Spotkania z G\\u00f3rami\",\"image\":{\"@type\":\"ImageObject\",\"@id\":\"https:\\\/\\\/www.skalnik.pl\\\/blog\\\/sila-marzen-korona-ziemi\\\/#authorImage\",\"url\":\"https:\\\/\\\/secure.gravatar.com\\\/avatar\\\/e09dd3aeee26ff64ebd6fda736cd0f273a292e33f7d42d8fbdff1ba323502b0b?s=96&d=mm&r=g\",\"width\":96,\"height\":96,\"caption\":\"Spotkania z G\\u00f3rami\"}},{\"@type\":\"WebPage\",\"@id\":\"https:\\\/\\\/www.skalnik.pl\\\/blog\\\/sila-marzen-korona-ziemi\\\/#webpage\",\"url\":\"https:\\\/\\\/www.skalnik.pl\\\/blog\\\/sila-marzen-korona-ziemi\\\/\",\"name\":\"Si\\u0142a Marze\\u0144 \\u2013 Korona Ziemi - blog Skalnik\",\"description\":\"Zapraszamy na kolejne Spotkania z G\\u00f3rami, kt\\u00f3rych go\\u015bciem b\\u0119dzie Mi\\u0142ka Raulin. To dziesi\\u0105ta Polka, kt\\u00f3ra zdoby\\u0142a najwy\\u017csze szczyty wszystkich kontynent\\u00f3w. Prelekcja podsumuje siedem lat projektu, w kt\\u00f3rym Mi\\u0142ka zrealizowa\\u0142a swoje marzenie.\",\"inLanguage\":\"pl-PL\",\"isPartOf\":{\"@id\":\"https:\\\/\\\/www.skalnik.pl\\\/blog\\\/#website\"},\"breadcrumb\":{\"@id\":\"https:\\\/\\\/www.skalnik.pl\\\/blog\\\/sila-marzen-korona-ziemi\\\/#breadcrumblist\"},\"author\":{\"@id\":\"https:\\\/\\\/www.skalnik.pl\\\/blog\\\/author\\\/spotkania\\\/#author\"},\"creator\":{\"@id\":\"https:\\\/\\\/www.skalnik.pl\\\/blog\\\/author\\\/spotkania\\\/#author\"},\"image\":{\"@type\":\"ImageObject\",\"url\":\"https:\\\/\\\/www.skalnik.pl\\\/blog\\\/wp-content\\\/uploads\\\/2018\\\/11\\\/IMG_20180617_082207-ok\\u0142adka.jpg\",\"@id\":\"https:\\\/\\\/www.skalnik.pl\\\/blog\\\/sila-marzen-korona-ziemi\\\/#mainImage\",\"width\":1920,\"height\":705},\"primaryImageOfPage\":{\"@id\":\"https:\\\/\\\/www.skalnik.pl\\\/blog\\\/sila-marzen-korona-ziemi\\\/#mainImage\"},\"datePublished\":\"2018-11-27T15:41:05+02:00\",\"dateModified\":\"2018-12-21T08:41:14+02:00\"},{\"@type\":\"WebSite\",\"@id\":\"https:\\\/\\\/www.skalnik.pl\\\/blog\\\/#website\",\"url\":\"https:\\\/\\\/www.skalnik.pl\\\/blog\\\/\",\"name\":\"blog Skalnik\",\"description\":\"Blog, porady, artyku\\u0142y - blog Skalnik\",\"inLanguage\":\"pl-PL\",\"publisher\":{\"@id\":\"https:\\\/\\\/www.skalnik.pl\\\/blog\\\/#organization\"}}]}\n\t\t<\/script>\n\t\t<!-- All in One SEO -->\n\n","aioseo_head_json":{"title":"Si\u0142a Marze\u0144 \u2013 Korona Ziemi - blog Skalnik","description":"Zapraszamy na kolejne Spotkania z G\u00f3rami, kt\u00f3rych go\u015bciem b\u0119dzie Mi\u0142ka Raulin. To dziesi\u0105ta Polka, kt\u00f3ra zdoby\u0142a najwy\u017csze szczyty wszystkich kontynent\u00f3w. Prelekcja podsumuje siedem lat projektu, w kt\u00f3rym Mi\u0142ka zrealizowa\u0142a swoje marzenie.","canonical_url":"https:\/\/www.skalnik.pl\/blog\/sila-marzen-korona-ziemi\/","robots":"max-image-preview:large","keywords":"","webmasterTools":{"miscellaneous":""},"schema":{"@context":"https:\/\/schema.org","@graph":[{"@type":"BlogPosting","@id":"https:\/\/www.skalnik.pl\/blog\/sila-marzen-korona-ziemi\/#blogposting","name":"Si\u0142a Marze\u0144 \u2013 Korona Ziemi - blog Skalnik","headline":"Si\u0142a Marze\u0144 &#8211; Korona Ziemi","author":{"@id":"https:\/\/www.skalnik.pl\/blog\/author\/spotkania\/#author"},"publisher":{"@id":"https:\/\/www.skalnik.pl\/blog\/#organization"},"image":{"@type":"ImageObject","url":"https:\/\/www.skalnik.pl\/blog\/wp-content\/uploads\/2018\/11\/IMG_20180617_082207-ok\u0142adka.jpg","width":1920,"height":705},"datePublished":"2018-11-27T15:41:05+02:00","dateModified":"2018-12-21T08:41:14+02:00","inLanguage":"pl-PL","mainEntityOfPage":{"@id":"https:\/\/www.skalnik.pl\/blog\/sila-marzen-korona-ziemi\/#webpage"},"isPartOf":{"@id":"https:\/\/www.skalnik.pl\/blog\/sila-marzen-korona-ziemi\/#webpage"},"articleSection":"Spotkania z g\u00f3rami, inspiracje, podr\u00f3\u017ce, spotkania z g\u00f3rami, styl \u017cycia"},{"@type":"BreadcrumbList","@id":"https:\/\/www.skalnik.pl\/blog\/sila-marzen-korona-ziemi\/#breadcrumblist","itemListElement":[{"@type":"ListItem","@id":"https:\/\/www.skalnik.pl\/blog#listItem","position":1,"name":"Home","item":"https:\/\/www.skalnik.pl\/blog","nextItem":{"@type":"ListItem","@id":"https:\/\/www.skalnik.pl\/blog\/.\/spotkania-z-gorami\/#listItem","name":"Spotkania z g\u00f3rami"}},{"@type":"ListItem","@id":"https:\/\/www.skalnik.pl\/blog\/.\/spotkania-z-gorami\/#listItem","position":2,"name":"Spotkania z g\u00f3rami","item":"https:\/\/www.skalnik.pl\/blog\/.\/spotkania-z-gorami\/","nextItem":{"@type":"ListItem","@id":"https:\/\/www.skalnik.pl\/blog\/sila-marzen-korona-ziemi\/#listItem","name":"Si\u0142a Marze\u0144 &#8211; Korona Ziemi"},"previousItem":{"@type":"ListItem","@id":"https:\/\/www.skalnik.pl\/blog#listItem","name":"Home"}},{"@type":"ListItem","@id":"https:\/\/www.skalnik.pl\/blog\/sila-marzen-korona-ziemi\/#listItem","position":3,"name":"Si\u0142a Marze\u0144 &#8211; Korona Ziemi","previousItem":{"@type":"ListItem","@id":"https:\/\/www.skalnik.pl\/blog\/.\/spotkania-z-gorami\/#listItem","name":"Spotkania z g\u00f3rami"}}]},{"@type":"Organization","@id":"https:\/\/www.skalnik.pl\/blog\/#organization","name":"blog Skalnik","description":"Blog, porady, artyku\u0142y - blog Skalnik","url":"https:\/\/www.skalnik.pl\/blog\/"},{"@type":"Person","@id":"https:\/\/www.skalnik.pl\/blog\/author\/spotkania\/#author","url":"https:\/\/www.skalnik.pl\/blog\/author\/spotkania\/","name":"Spotkania z G\u00f3rami","image":{"@type":"ImageObject","@id":"https:\/\/www.skalnik.pl\/blog\/sila-marzen-korona-ziemi\/#authorImage","url":"https:\/\/secure.gravatar.com\/avatar\/e09dd3aeee26ff64ebd6fda736cd0f273a292e33f7d42d8fbdff1ba323502b0b?s=96&d=mm&r=g","width":96,"height":96,"caption":"Spotkania z G\u00f3rami"}},{"@type":"WebPage","@id":"https:\/\/www.skalnik.pl\/blog\/sila-marzen-korona-ziemi\/#webpage","url":"https:\/\/www.skalnik.pl\/blog\/sila-marzen-korona-ziemi\/","name":"Si\u0142a Marze\u0144 \u2013 Korona Ziemi - blog Skalnik","description":"Zapraszamy na kolejne Spotkania z G\u00f3rami, kt\u00f3rych go\u015bciem b\u0119dzie Mi\u0142ka Raulin. To dziesi\u0105ta Polka, kt\u00f3ra zdoby\u0142a najwy\u017csze szczyty wszystkich kontynent\u00f3w. Prelekcja podsumuje siedem lat projektu, w kt\u00f3rym Mi\u0142ka zrealizowa\u0142a swoje marzenie.","inLanguage":"pl-PL","isPartOf":{"@id":"https:\/\/www.skalnik.pl\/blog\/#website"},"breadcrumb":{"@id":"https:\/\/www.skalnik.pl\/blog\/sila-marzen-korona-ziemi\/#breadcrumblist"},"author":{"@id":"https:\/\/www.skalnik.pl\/blog\/author\/spotkania\/#author"},"creator":{"@id":"https:\/\/www.skalnik.pl\/blog\/author\/spotkania\/#author"},"image":{"@type":"ImageObject","url":"https:\/\/www.skalnik.pl\/blog\/wp-content\/uploads\/2018\/11\/IMG_20180617_082207-ok\u0142adka.jpg","@id":"https:\/\/www.skalnik.pl\/blog\/sila-marzen-korona-ziemi\/#mainImage","width":1920,"height":705},"primaryImageOfPage":{"@id":"https:\/\/www.skalnik.pl\/blog\/sila-marzen-korona-ziemi\/#mainImage"},"datePublished":"2018-11-27T15:41:05+02:00","dateModified":"2018-12-21T08:41:14+02:00"},{"@type":"WebSite","@id":"https:\/\/www.skalnik.pl\/blog\/#website","url":"https:\/\/www.skalnik.pl\/blog\/","name":"blog Skalnik","description":"Blog, porady, artyku\u0142y - blog Skalnik","inLanguage":"pl-PL","publisher":{"@id":"https:\/\/www.skalnik.pl\/blog\/#organization"}}]},"og:locale":"pl_PL","og:site_name":"blog Skalnik - Blog, porady, artyku\u0142y - blog Skalnik","og:type":"article","og:title":"Si\u0142a Marze\u0144 \u2013 Korona Ziemi - blog Skalnik","og:description":"Zapraszamy na kolejne Spotkania z G\u00f3rami, kt\u00f3rych go\u015bciem b\u0119dzie Mi\u0142ka Raulin. To dziesi\u0105ta Polka, kt\u00f3ra zdoby\u0142a najwy\u017csze szczyty wszystkich kontynent\u00f3w. Prelekcja podsumuje siedem lat projektu, w kt\u00f3rym Mi\u0142ka zrealizowa\u0142a swoje marzenie.","og:url":"https:\/\/www.skalnik.pl\/blog\/sila-marzen-korona-ziemi\/","og:image":"https:\/\/skalnik.pl\/blog\/wp-content\/uploads\/2018\/11\/ELBRUS_MI\u0141KA_0229_B-e1543327956709-295x300.jpg","og:image:secure_url":"https:\/\/skalnik.pl\/blog\/wp-content\/uploads\/2018\/11\/ELBRUS_MI\u0141KA_0229_B-e1543327956709-295x300.jpg","article:tag":{"0":"spotkania z g\u00f3rami","1":"inspiracje","2":"podr\u00f3\u017ce","4":"styl \u017cycia"},"article:published_time":"2018-11-27T14:41:05+00:00","article:modified_time":"2018-12-21T07:41:14+00:00","twitter:card":"summary_large_image","twitter:title":"Si\u0142a Marze\u0144 \u2013 Korona Ziemi - blog Skalnik","twitter:description":"Zapraszamy na kolejne Spotkania z G\u00f3rami, kt\u00f3rych go\u015bciem b\u0119dzie Mi\u0142ka Raulin. To dziesi\u0105ta Polka, kt\u00f3ra zdoby\u0142a najwy\u017csze szczyty wszystkich kontynent\u00f3w. Prelekcja podsumuje siedem lat projektu, w kt\u00f3rym Mi\u0142ka zrealizowa\u0142a swoje marzenie.","twitter:image":"https:\/\/skalnik.pl\/blog\/wp-content\/uploads\/2018\/11\/ELBRUS_MI\u0141KA_0229_B-e1543327956709-295x300.jpg"},"aioseo_meta_data":{"post_id":"4726","title":null,"description":null,"keywords":null,"keyphrases":null,"primary_term":null,"canonical_url":null,"og_title":null,"og_description":null,"og_object_type":"default","og_image_type":"default","og_image_url":null,"og_image_width":null,"og_image_height":null,"og_image_custom_url":null,"og_image_custom_fields":null,"og_video":null,"og_custom_url":null,"og_article_section":null,"og_article_tags":null,"twitter_use_og":false,"twitter_card":"default","twitter_image_type":"default","twitter_image_url":null,"twitter_image_custom_url":null,"twitter_image_custom_fields":null,"twitter_title":null,"twitter_description":null,"schema":{"blockGraphs":[],"customGraphs":[],"default":{"data":{"Article":[],"Course":[],"Dataset":[],"FAQPage":[],"Movie":[],"Person":[],"Product":[],"ProductReview":[],"Car":[],"Recipe":[],"Service":[],"SoftwareApplication":[],"WebPage":[]},"graphName":"BlogPosting","isEnabled":true},"graphs":[]},"schema_type":"default","schema_type_options":null,"pillar_content":false,"robots_default":true,"robots_noindex":false,"robots_noarchive":false,"robots_nosnippet":false,"robots_nofollow":false,"robots_noimageindex":false,"robots_noodp":false,"robots_notranslate":false,"robots_max_snippet":null,"robots_max_videopreview":null,"robots_max_imagepreview":"large","priority":null,"frequency":null,"local_seo":null,"breadcrumb_settings":null,"limit_modified_date":false,"ai":null,"created":"2022-08-26 09:53:47","updated":"2026-02-17 21:27:26","seo_analyzer_scan_date":null},"aioseo_breadcrumb":"<div class=\"aioseo-breadcrumbs\"><span class=\"aioseo-breadcrumb\">\n\t\t\t<a href=\"https:\/\/www.skalnik.pl\/blog\" title=\"Home\">Home<\/a>\n\t\t<\/span><span class=\"aioseo-breadcrumb-separator\">&raquo;<\/span><span class=\"aioseo-breadcrumb\">\n\t\t\t<a href=\"https:\/\/www.skalnik.pl\/blog\/.\/spotkania-z-gorami\/\" title=\"Spotkania z g\u00f3rami\">Spotkania z g\u00f3rami<\/a>\n\t\t<\/span><span class=\"aioseo-breadcrumb-separator\">&raquo;<\/span><span class=\"aioseo-breadcrumb\">\n\t\t\tSi\u0142a Marze\u0144 \u2013 Korona Ziemi\n\t\t<\/span><\/div>","aioseo_breadcrumb_json":[{"label":"Home","link":"https:\/\/www.skalnik.pl\/blog"},{"label":"Spotkania z g\u00f3rami","link":"https:\/\/www.skalnik.pl\/blog\/.\/spotkania-z-gorami\/"},{"label":"Si\u0142a Marze\u0144 &#8211; Korona Ziemi","link":"https:\/\/www.skalnik.pl\/blog\/sila-marzen-korona-ziemi\/"}],"_links":{"self":[{"href":"https:\/\/www.skalnik.pl\/blog\/wp-json\/wp\/v2\/posts\/4726","targetHints":{"allow":["GET"]}}],"collection":[{"href":"https:\/\/www.skalnik.pl\/blog\/wp-json\/wp\/v2\/posts"}],"about":[{"href":"https:\/\/www.skalnik.pl\/blog\/wp-json\/wp\/v2\/types\/post"}],"author":[{"embeddable":true,"href":"https:\/\/www.skalnik.pl\/blog\/wp-json\/wp\/v2\/users\/10"}],"replies":[{"embeddable":true,"href":"https:\/\/www.skalnik.pl\/blog\/wp-json\/wp\/v2\/comments?post=4726"}],"version-history":[{"count":19,"href":"https:\/\/www.skalnik.pl\/blog\/wp-json\/wp\/v2\/posts\/4726\/revisions"}],"predecessor-version":[{"id":5171,"href":"https:\/\/www.skalnik.pl\/blog\/wp-json\/wp\/v2\/posts\/4726\/revisions\/5171"}],"wp:featuredmedia":[{"embeddable":true,"href":"https:\/\/www.skalnik.pl\/blog\/wp-json\/wp\/v2\/media\/4730"}],"wp:attachment":[{"href":"https:\/\/www.skalnik.pl\/blog\/wp-json\/wp\/v2\/media?parent=4726"}],"wp:term":[{"taxonomy":"category","embeddable":true,"href":"https:\/\/www.skalnik.pl\/blog\/wp-json\/wp\/v2\/categories?post=4726"},{"taxonomy":"post_tag","embeddable":true,"href":"https:\/\/www.skalnik.pl\/blog\/wp-json\/wp\/v2\/tags?post=4726"},{"taxonomy":"magento_category","embeddable":true,"href":"https:\/\/www.skalnik.pl\/blog\/wp-json\/wp\/v2\/magento_category?post=4726"},{"taxonomy":"magento_product","embeddable":true,"href":"https:\/\/www.skalnik.pl\/blog\/wp-json\/wp\/v2\/magento_product?post=4726"}],"curies":[{"name":"wp","href":"https:\/\/api.w.org\/{rel}","templated":true}]}}