{"id":4759,"date":"2018-11-29T14:59:35","date_gmt":"2018-11-29T13:59:35","guid":{"rendered":"https:\/\/skalnik.pl\/blog\/?p=4759"},"modified":"2018-12-10T14:09:24","modified_gmt":"2018-12-10T13:09:24","slug":"wspinanie-w-hiszpanii-przeglad-sektorow-do-7a","status":"publish","type":"post","link":"https:\/\/www.skalnik.pl\/blog\/wspinanie-w-hiszpanii-przeglad-sektorow-do-7a\/","title":{"rendered":"Wspinanie w Hiszpanii. Przegl\u0105d sektor\u00f3w do 7a"},"content":{"rendered":"<p><b>Kiedy za oknem ciemno i zimno, lubi\u0119 wraca\u0107 do wspomnie\u0144 z gor\u0105cej Hiszpanii, \u017ceby cho\u0107 na chwil\u0119 przenie\u015b\u0107 si\u0119 w ukochane ska\u0142y. P\u00f3\u0142wysep Iberyjski oferuje tak wiele rejon\u00f3w wspinaczkowych, \u017ce do ko\u0144ca \u017cycia nie uda mi si\u0119 dobrze pozna\u0107 ich wszystkich. Miejsca, kt\u00f3re odwiedzi\u0142am, utwierdzi\u0142y mnie w przekonaniu, \u017ce ka\u017cdy znajdzie w nich co\u015b dla siebie. Zar\u00f3wno fani przewiesze\u0144 i du\u017cych chwyt\u00f3w, mi\u0142o\u015bnicy klinowania kolan na tufach i innych naciekowych formacjach, jak i fanatycy technicznych p\u0142ytek, maj\u0105 w czym wybiera\u0107.<\/b><\/p>\n<p>Decyduj\u0105c si\u0119 na okre\u015blony rejon, musimy odpowiedzie\u0107 sobie na kilka pyta\u0144 pomocniczych:<\/p>\n<ul>\n<li>W jakiej formacji lubi\u0119 si\u0119 wspina\u0107?<\/li>\n<li>O jakiej porze roku planuj\u0119 wyjazd? Je\u015bli latem to wybieramy sektory zacienione. Zim\u0105 przyjemnie b\u0119dzie wspina\u0107 si\u0119 w s\u0142o\u0144cu. W okresach cz\u0119stszych opad\u00f3w nie polecam wspinaczki w tufach.<\/li>\n<li>Czy wa\u017cna jest dla mnie bliska odleg\u0142o\u015b\u0107 do morza? Dni restowe na pla\u017cy s\u0105 naprawd\u0119 super.<\/li>\n<li>Czy wol\u0119 mieszka\u0107 w ma\u0142ej wiosce czy w wi\u0119kszym miasteczku? A mo\u017ce nie ma to znaczenia.<\/li>\n<li>Czy odleg\u0142o\u015b\u0107 od lotniska jest dla mnie istotna?<\/li>\n<li>Jaki cel wyjazdu: wspinanie ilo\u015bciowe czy konkretny projekt w okre\u015blonej wycenie?<\/li>\n<\/ul>\n<p>Zanim przejd\u0119 do znanych mi rejon\u00f3w wspinaczkowych w Hiszpanii, chcia\u0142abym wyra\u017anie podkre\u015bli\u0107, \u017ce relacje s\u0105 subiektywne i wynikaj\u0105 bezpo\u015brednio z mojego sta\u017cu wspinaczkowego, wzrostu i posiadanych umiej\u0119tno\u015bci. Osoby wy\u017csze, ni\u017csze, s\u0142absze czy silniejsze mog\u0105 mie\u0107 zupe\u0142nie odmienne zdanie. Zach\u0119cam do podzielenia si\u0119 swoimi odczuciami w komentarzach do tekstu.<\/p>\n<div class=\"page_gallery\">\n\n\t\t<style type=\"text\/css\">\n\t\t\t#gallery-1 {\n\t\t\t\tmargin: auto;\n\t\t\t}\n\t\t\t#gallery-1 .gallery-item {\n\t\t\t\tfloat: left;\n\t\t\t\tmargin-top: 10px;\n\t\t\t\ttext-align: center;\n\t\t\t\twidth: 33%;\n\t\t\t}\n\t\t\t#gallery-1 img {\n\t\t\t\tborder: 2px solid #cfcfcf;\n\t\t\t}\n\t\t\t#gallery-1 .gallery-caption {\n\t\t\t\tmargin-left: 0;\n\t\t\t}\n\t\t\t\/* see gallery_shortcode() in wp-includes\/media.php *\/\n\t\t<\/style>\n\t\t<div id='gallery-1' class='gallery galleryid-4759 gallery-columns-3 gallery-size-large'><dl class='gallery-item'>\n\t\t\t<dt class='gallery-icon landscape'>\n\t\t\t\t<img loading=\"lazy\" decoding=\"async\" width=\"1024\" height=\"683\" src=\"https:\/\/www.skalnik.pl\/blog\/wp-content\/uploads\/2018\/11\/margalef-siurana-93-1024x683.jpg\" class=\"attachment-large size-large\" alt=\"\" aria-describedby=\"gallery-1-4764\" srcset=\"https:\/\/www.skalnik.pl\/blog\/wp-content\/uploads\/2018\/11\/margalef-siurana-93-1024x683.jpg 1024w, https:\/\/www.skalnik.pl\/blog\/wp-content\/uploads\/2018\/11\/margalef-siurana-93-300x200.jpg 300w, https:\/\/www.skalnik.pl\/blog\/wp-content\/uploads\/2018\/11\/margalef-siurana-93-768x512.jpg 768w, https:\/\/www.skalnik.pl\/blog\/wp-content\/uploads\/2018\/11\/margalef-siurana-93.jpg 1352w\" sizes=\"auto, (max-width: 1024px) 100vw, 1024px\" \/>\n\t\t\t<\/dt>\n\t\t\t\t<dd class='wp-caption-text gallery-caption' id='gallery-1-4764'>\n\t\t\t\tAutorka wspina si\u0119 w rejonie Margalef\n\t\t\t\t<\/dd><\/dl><dl class='gallery-item'>\n\t\t\t<dt class='gallery-icon landscape'>\n\t\t\t\t<img loading=\"lazy\" decoding=\"async\" width=\"1024\" height=\"683\" src=\"https:\/\/www.skalnik.pl\/blog\/wp-content\/uploads\/2018\/11\/margalef-siurana-687-1024x683.jpg\" class=\"attachment-large size-large\" alt=\"\" aria-describedby=\"gallery-1-4769\" srcset=\"https:\/\/www.skalnik.pl\/blog\/wp-content\/uploads\/2018\/11\/margalef-siurana-687-1024x683.jpg 1024w, https:\/\/www.skalnik.pl\/blog\/wp-content\/uploads\/2018\/11\/margalef-siurana-687-300x200.jpg 300w, https:\/\/www.skalnik.pl\/blog\/wp-content\/uploads\/2018\/11\/margalef-siurana-687-768x512.jpg 768w, https:\/\/www.skalnik.pl\/blog\/wp-content\/uploads\/2018\/11\/margalef-siurana-687.jpg 1352w\" sizes=\"auto, (max-width: 1024px) 100vw, 1024px\" \/>\n\t\t\t<\/dt>\n\t\t\t\t<dd class='wp-caption-text gallery-caption' id='gallery-1-4769'>\n\t\t\t\tPiotrek wspina si\u0119 w Siuranie\n\t\t\t\t<\/dd><\/dl><dl class='gallery-item'>\n\t\t\t<dt class='gallery-icon landscape'>\n\t\t\t\t<img loading=\"lazy\" decoding=\"async\" width=\"1024\" height=\"683\" src=\"https:\/\/www.skalnik.pl\/blog\/wp-content\/uploads\/2018\/11\/margalef-siurana-990-1024x683.jpg\" class=\"attachment-large size-large\" alt=\"\" aria-describedby=\"gallery-1-4766\" srcset=\"https:\/\/www.skalnik.pl\/blog\/wp-content\/uploads\/2018\/11\/margalef-siurana-990-1024x683.jpg 1024w, https:\/\/www.skalnik.pl\/blog\/wp-content\/uploads\/2018\/11\/margalef-siurana-990-300x200.jpg 300w, https:\/\/www.skalnik.pl\/blog\/wp-content\/uploads\/2018\/11\/margalef-siurana-990-768x512.jpg 768w, https:\/\/www.skalnik.pl\/blog\/wp-content\/uploads\/2018\/11\/margalef-siurana-990.jpg 1352w\" sizes=\"auto, (max-width: 1024px) 100vw, 1024px\" \/>\n\t\t\t<\/dt>\n\t\t\t\t<dd class='wp-caption-text gallery-caption' id='gallery-1-4766'>\n\t\t\t\tCzujna asekurantka w Siuranie\n\t\t\t\t<\/dd><\/dl><br style=\"clear: both\" \/><dl class='gallery-item'>\n\t\t\t<dt class='gallery-icon landscape'>\n\t\t\t\t<img loading=\"lazy\" decoding=\"async\" width=\"1024\" height=\"683\" src=\"https:\/\/www.skalnik.pl\/blog\/wp-content\/uploads\/2018\/11\/margalef-siurana-978-1024x683.jpg\" class=\"attachment-large size-large\" alt=\"\" aria-describedby=\"gallery-1-4771\" srcset=\"https:\/\/www.skalnik.pl\/blog\/wp-content\/uploads\/2018\/11\/margalef-siurana-978-1024x683.jpg 1024w, https:\/\/www.skalnik.pl\/blog\/wp-content\/uploads\/2018\/11\/margalef-siurana-978-300x200.jpg 300w, https:\/\/www.skalnik.pl\/blog\/wp-content\/uploads\/2018\/11\/margalef-siurana-978-768x512.jpg 768w, https:\/\/www.skalnik.pl\/blog\/wp-content\/uploads\/2018\/11\/margalef-siurana-978.jpg 1352w\" sizes=\"auto, (max-width: 1024px) 100vw, 1024px\" \/>\n\t\t\t<\/dt>\n\t\t\t\t<dd class='wp-caption-text gallery-caption' id='gallery-1-4771'>\n\t\t\t\tKolejna droga w Siuranie\n\t\t\t\t<\/dd><\/dl><dl class='gallery-item'>\n\t\t\t<dt class='gallery-icon landscape'>\n\t\t\t\t<img loading=\"lazy\" decoding=\"async\" width=\"1024\" height=\"576\" src=\"https:\/\/www.skalnik.pl\/blog\/wp-content\/uploads\/2018\/11\/20151224_153303-1024x576.jpg\" class=\"attachment-large size-large\" alt=\"\" aria-describedby=\"gallery-1-4775\" srcset=\"https:\/\/www.skalnik.pl\/blog\/wp-content\/uploads\/2018\/11\/20151224_153303-1024x576.jpg 1024w, https:\/\/www.skalnik.pl\/blog\/wp-content\/uploads\/2018\/11\/20151224_153303-300x169.jpg 300w, https:\/\/www.skalnik.pl\/blog\/wp-content\/uploads\/2018\/11\/20151224_153303-768x432.jpg 768w\" sizes=\"auto, (max-width: 1024px) 100vw, 1024px\" \/>\n\t\t\t<\/dt>\n\t\t\t\t<dd class='wp-caption-text gallery-caption' id='gallery-1-4775'>\n\t\t\t\tPlanowanie dnia w Margalef\n\t\t\t\t<\/dd><\/dl><dl class='gallery-item'>\n\t\t\t<dt class='gallery-icon portrait'>\n\t\t\t\t<img loading=\"lazy\" decoding=\"async\" width=\"768\" height=\"1024\" src=\"https:\/\/www.skalnik.pl\/blog\/wp-content\/uploads\/2018\/11\/oliana-768x1024.jpg\" class=\"attachment-large size-large\" alt=\"\" aria-describedby=\"gallery-1-4763\" srcset=\"https:\/\/www.skalnik.pl\/blog\/wp-content\/uploads\/2018\/11\/oliana-768x1024.jpg 768w, https:\/\/www.skalnik.pl\/blog\/wp-content\/uploads\/2018\/11\/oliana-225x300.jpg 225w\" sizes=\"auto, (max-width: 768px) 100vw, 768px\" \/>\n\t\t\t<\/dt>\n\t\t\t\t<dd class='wp-caption-text gallery-caption' id='gallery-1-4763'>\n\t\t\t\tDzie\u0144 pe\u0142en wra\u017ce\u0144 w Olianie\n\t\t\t\t<\/dd><\/dl><br style=\"clear: both\" \/><dl class='gallery-item'>\n\t\t\t<dt class='gallery-icon portrait'>\n\t\t\t\t<img loading=\"lazy\" decoding=\"async\" width=\"768\" height=\"1024\" src=\"https:\/\/www.skalnik.pl\/blog\/wp-content\/uploads\/2018\/11\/chullila02-768x1024.jpg\" class=\"attachment-large size-large\" alt=\"\" aria-describedby=\"gallery-1-4774\" srcset=\"https:\/\/www.skalnik.pl\/blog\/wp-content\/uploads\/2018\/11\/chullila02-768x1024.jpg 768w, https:\/\/www.skalnik.pl\/blog\/wp-content\/uploads\/2018\/11\/chullila02-225x300.jpg 225w\" sizes=\"auto, (max-width: 768px) 100vw, 768px\" \/>\n\t\t\t<\/dt>\n\t\t\t\t<dd class='wp-caption-text gallery-caption' id='gallery-1-4774'>\n\t\t\t\tTopo Chulilli &#8211; najlepszy przyjaciel wspinacza\n\t\t\t\t<\/dd><\/dl><dl class='gallery-item'>\n\t\t\t<dt class='gallery-icon portrait'>\n\t\t\t\t<img loading=\"lazy\" decoding=\"async\" width=\"602\" height=\"902\" src=\"https:\/\/www.skalnik.pl\/blog\/wp-content\/uploads\/2018\/11\/margalef-siurana-572.jpg\" class=\"attachment-large size-large\" alt=\"\" aria-describedby=\"gallery-1-4765\" srcset=\"https:\/\/www.skalnik.pl\/blog\/wp-content\/uploads\/2018\/11\/margalef-siurana-572.jpg 602w, https:\/\/www.skalnik.pl\/blog\/wp-content\/uploads\/2018\/11\/margalef-siurana-572-200x300.jpg 200w\" sizes=\"auto, (max-width: 602px) 100vw, 602px\" \/>\n\t\t\t<\/dt>\n\t\t\t\t<dd class='wp-caption-text gallery-caption' id='gallery-1-4765'>\n\t\t\t\tPiotrek wspina si\u0119  na drodze w Siuranie\n\t\t\t\t<\/dd><\/dl><dl class='gallery-item'>\n\t\t\t<dt class='gallery-icon portrait'>\n\t\t\t\t<img loading=\"lazy\" decoding=\"async\" width=\"768\" height=\"1024\" src=\"https:\/\/www.skalnik.pl\/blog\/wp-content\/uploads\/2018\/11\/IMG_20181023_180453-768x1024.jpg\" class=\"attachment-large size-large\" alt=\"\" aria-describedby=\"gallery-1-4782\" srcset=\"https:\/\/www.skalnik.pl\/blog\/wp-content\/uploads\/2018\/11\/IMG_20181023_180453-768x1024.jpg 768w, https:\/\/www.skalnik.pl\/blog\/wp-content\/uploads\/2018\/11\/IMG_20181023_180453-225x300.jpg 225w\" sizes=\"auto, (max-width: 768px) 100vw, 768px\" \/>\n\t\t\t<\/dt>\n\t\t\t\t<dd class='wp-caption-text gallery-caption' id='gallery-1-4782'>\n\t\t\t\tRozci\u0105ganie wa\u017cna rzecz. Oliana\n\t\t\t\t<\/dd><\/dl><br style=\"clear: both\" \/>\n\t\t<\/div>\n\n<\/div>\n<p>&nbsp;<\/p>\n<div id=\"ez-toc-container\" class=\"ez-toc-v2_0_85 counter-hierarchy ez-toc-counter ez-toc-light-blue ez-toc-container-direction\">\n<div class=\"ez-toc-title-container\">\n<p class=\"ez-toc-title\" style=\"cursor:inherit\">SPIS TRE\u015aCI <\/p>\n<span class=\"ez-toc-title-toggle\"><a href=\"#\" class=\"ez-toc-pull-right ez-toc-btn ez-toc-btn-xs ez-toc-btn-default ez-toc-toggle\" aria-label=\"Prze\u0142\u0105cznik Spisu Tre\u015bci\"><span class=\"ez-toc-js-icon-con\"><span class=\"\"><span class=\"eztoc-hide\" style=\"display:none;\">Toggle<\/span><span class=\"ez-toc-icon-toggle-span\"><svg style=\"fill: #999;color:#999\" xmlns=\"http:\/\/www.w3.org\/2000\/svg\" class=\"list-377408\" width=\"20px\" height=\"20px\" viewBox=\"0 0 24 24\" fill=\"none\"><path d=\"M6 6H4v2h2V6zm14 0H8v2h12V6zM4 11h2v2H4v-2zm16 0H8v2h12v-2zM4 16h2v2H4v-2zm16 0H8v2h12v-2z\" fill=\"currentColor\"><\/path><\/svg><svg style=\"fill: #999;color:#999\" class=\"arrow-unsorted-368013\" xmlns=\"http:\/\/www.w3.org\/2000\/svg\" width=\"10px\" height=\"10px\" viewBox=\"0 0 24 24\" version=\"1.2\" baseProfile=\"tiny\"><path d=\"M18.2 9.3l-6.2-6.3-6.2 6.3c-.2.2-.3.4-.3.7s.1.5.3.7c.2.2.4.3.7.3h11c.3 0 .5-.1.7-.3.2-.2.3-.5.3-.7s-.1-.5-.3-.7zM5.8 14.7l6.2 6.3 6.2-6.3c.2-.2.3-.5.3-.7s-.1-.5-.3-.7c-.2-.2-.4-.3-.7-.3h-11c-.3 0-.5.1-.7.3-.2.2-.3.5-.3.7s.1.5.3.7z\"\/><\/svg><\/span><\/span><\/span><\/a><\/span><\/div>\n<nav><ul class='ez-toc-list ez-toc-list-level-1 ' ><li class='ez-toc-page-1 ez-toc-heading-level-2'><a class=\"ez-toc-link ez-toc-heading-1\" href=\"https:\/\/www.skalnik.pl\/blog\/wspinanie-w-hiszpanii-przeglad-sektorow-do-7a\/#Tres_Ponts\" >Tres Ponts<\/a><\/li><li class='ez-toc-page-1 ez-toc-heading-level-2'><a class=\"ez-toc-link ez-toc-heading-2\" href=\"https:\/\/www.skalnik.pl\/blog\/wspinanie-w-hiszpanii-przeglad-sektorow-do-7a\/#OlianaPerles\" >Oliana\/Perles<\/a><\/li><li class='ez-toc-page-1 ez-toc-heading-level-2'><a class=\"ez-toc-link ez-toc-heading-3\" href=\"https:\/\/www.skalnik.pl\/blog\/wspinanie-w-hiszpanii-przeglad-sektorow-do-7a\/#Margalef\" >Margalef<\/a><\/li><li class='ez-toc-page-1 ez-toc-heading-level-2'><a class=\"ez-toc-link ez-toc-heading-4\" href=\"https:\/\/www.skalnik.pl\/blog\/wspinanie-w-hiszpanii-przeglad-sektorow-do-7a\/#Siurana\" >Siurana<\/a><\/li><li class='ez-toc-page-1 ez-toc-heading-level-2'><a class=\"ez-toc-link ez-toc-heading-5\" href=\"https:\/\/www.skalnik.pl\/blog\/wspinanie-w-hiszpanii-przeglad-sektorow-do-7a\/#Chullila\" >Chullila<\/a><\/li><li class='ez-toc-page-1 ez-toc-heading-level-2'><a class=\"ez-toc-link ez-toc-heading-6\" href=\"https:\/\/www.skalnik.pl\/blog\/wspinanie-w-hiszpanii-przeglad-sektorow-do-7a\/#Dopoki_nie_sprobujesz_nie_dowiesz_sie\" >Dop\u00f3ki nie spr\u00f3bujesz, nie dowiesz si\u0119<\/a><\/li><\/ul><\/nav><\/div>\n<h2><span class=\"ez-toc-section\" id=\"Tres_Ponts\"><\/span>Tres Ponts<span class=\"ez-toc-section-end\"><\/span><\/h2>\n<p>Ten rejon odwiedzili\u015bmy podczas tegorocznej jesieni. Zachwyca malowniczym po\u0142o\u017ceniem nad rzek\u0105 El Segre. W pa\u017adzierniku do godziny 13:00 ska\u0142a jest nas\u0142oneczniona. Mimo temperatur w granicach 16\u201318\u00b0C, w s\u0142o\u0144cu by\u0142o bardzo gor\u0105co, przez co nie by\u0142y to optymalne warunki do pr\u00f3bowania trudniejszych dr\u00f3g. Dopiero ok. 13:30 wchodzi cie\u0144 i zaczyna wia\u0107. Robi si\u0119 naprawd\u0119 przyjemnie i mo\u017cna atakowa\u0107.<\/p>\n<p>Znajdziecie tutaj 30-35 metrowe drogi o zr\u00f3\u017cnicowanym charakterze: s\u0105 dziurki, kraw\u0105dki, tufy, rysy i odstrza\u0142y. Drogi przewieszone i cz\u0119\u015bciowo po\u0142ogie. Linie w przedziale 6b, 6b+ w mojej ocenie s\u0105 trudne. Wymagaj\u0105 dobrej pracy n\u00f3g, a chwyty s\u0105 zaskakuj\u0105co ma\u0142e. Oceniaj\u0105c walory estetyczne: drogi s\u0105 naprawd\u0119 bardzo \u0142adne, z ciekawymi sekwencjami ruch\u00f3w. Najwi\u0119kszym minusem Tres Ponts jest niesamowity \u201ewy\u015blizg\u201d. O naszej rodzimej Jurze cz\u0119sto m\u00f3wi si\u0119, \u017ce jest wy\u015blizgana i przypomina lustro. Wszystkich narzekaj\u0105cych zapraszam do Tres Ponts. Najbardziej chodzona \u015brodkowa cz\u0119\u015b\u0107 sektora jest wyzwaniem dla os\u00f3b przyzwyczajonych do du\u017cych, wyra\u017anych stopni rodem ze \u015bciany wspinaczkowej. Tutaj zdecydowanie sprawdz\u0105 si\u0119 buty na mi\u0119kkiej gumie. Du\u017co lepiej klej\u0105 si\u0119 do naprawd\u0119 wypolerowanej ska\u0142y.<\/p>\n<p>Lewa strona muru skalnego ma troch\u0119 wi\u0119ksze tarcie. Pr\u00f3bowane przeze mnie 7a s\u0105 bardzo si\u0142owe dla os\u00f3b ni\u017cszych. Wymagaj\u0105 dalekich, zasi\u0119gowych ruch\u00f3w. Jednocze\u015bnie ich niew\u0105tpliw\u0105 zalet\u0105 jest rozmiar chwyt\u00f3w \u2013 miejscami mo\u017cna wyrestowa\u0107 do zera. Zach\u0119cam do sprawdzania czy ska\u0142a jest lita. Id\u0105c bardzo popularn\u0105 7a po tufie, wylecia\u0142am ze swoim pierwszym \u201etelewizorem\u201d. Oznacza to, \u017ce \u0142api\u0105c chwyt, oderwa\u0142 si\u0119 ca\u0142y blok skalny wielko\u015bci ma\u0142ego telewizora. Na szcz\u0119\u015bcie zar\u00f3wno wspinacz, jak i asekurant wyszli ze zdarzenia ca\u0142o. Prawa cz\u0119\u015b\u0107 sektora Tres Ponts oferuje jeszcze ostr\u0105 ska\u0142\u0119. Warto wstawi\u0107 si\u0119 w 6c+, kt\u00f3ra zaczyna si\u0119 zaci\u0119ciem, ma fragment po\u0142ogi i przechodzi w przewieszenie. Zapewniam, \u017ce b\u0119dziecie si\u0119 dobrze bawi\u0107, co nie znaczy, \u017ce ob\u0119dzie si\u0119 bez trudno\u015bci.<\/p>\n<p>&nbsp;<\/p>\n<h2><span class=\"ez-toc-section\" id=\"OlianaPerles\"><\/span>Oliana\/Perles<span class=\"ez-toc-section-end\"><\/span><\/h2>\n<p>Najs\u0142awniejsza \u015bciana jest niew\u0105tpliwie miejscem wartym odwiedzenia. Stan\u0105\u0107 pod najtrudniejszymi liniami, kt\u00f3re znamy ze zjawiskowych filmik\u00f3w np. Petzla czy Black Dimonda \u2013 bezcenne. Je\u017celi jeste\u015bcie kolekcjonerami autograf\u00f3w to polecam wybra\u0107 si\u0119 z kajetem pod \u015bcian\u0119. Podziwianych idoli z ca\u0142ego \u015bwiata tutaj nie brakuje.<\/p>\n<p>Dla wspinaczy nieprzekraczaj\u0105cych trudno\u015bci 7b+ wyb\u00f3r Oliany, opr\u00f3cz wspomnianych powy\u017cej powod\u00f3w, nie b\u0119dzie dobry. W tym sektorze jest dos\u0142ownie kilka dr\u00f3g o trudno\u015bciach 7a, 7a+, 7b, 7b\/7b+. Te naprawd\u0119 \u0142atwe, kt\u00f3re znajdziecie w przewodniku, w rzeczywisto\u015bci nie wygl\u0105daj\u0105 zach\u0119caj\u0105co i nie s\u0105 chodzone. Pr\u00f3buj\u0105c 7b\/+, nie mia\u0142am si\u0119 na czym rozgrza\u0107. Wspinanie ilo\u015bciowe r\u00f3wnie\u017c odpada ze wzgl\u0119du na zbyt ma\u0142\u0105 ilo\u015b\u0107 dr\u00f3g w po\u017c\u0105danej przez nas wycenie. M\u00f3j projekt, kt\u00f3remu po\u015bwi\u0119ci\u0142am 3 dni, by\u0142 drog\u0105 rozgrzewkow\u0105 dla wszystkich si\u0142aczy \u015bwiata, kt\u00f3rzy przyjechali do Oliany kolekcjonowa\u0107 9a, 9a+,9b. Nie ukrywam, \u017ce by\u0142o to frustruj\u0105ce.<\/p>\n<p>Je\u017celi b\u0119dziecie w okolicy to polecam podej\u015b\u0107 pod \u015bcian\u0119 i zrobi\u0107 tych kilka \u201esi\u00f3demek\u201d, poniewa\u017c s\u0105 bardzo \u0142adne. Po odhaczeniu wspomnianych linii w Olianie, mo\u017cna przerzuci\u0107 si\u0119 na zupe\u0142nie inny typ wspinania w niedalekim Perles. Czeka tam na was szara p\u0142yta, zdecydowanie kr\u00f3tsze drogi, kt\u00f3re ko\u0144cz\u0105 si\u0119 w wi\u0119kszo\u015bci przypadk\u00f3w po\u0142ogiem. Tutaj du\u017cy biceps nie b\u0119dzie potrzebny. Dobra praca n\u00f3g i silne \u0142ydki owszem, poniewa\u017c Perles jest miejscem dla koneser\u00f3w technicznego wspinania. Na pocz\u0105tku by\u0142am mocno sceptycznie nastawiona do urody dr\u00f3g, kt\u00f3re oferuje ten sektor. Musz\u0119 przyzna\u0107, \u017ce po zrobieniu kolejnej 7a, kt\u00f3ra sprawi\u0142a mi du\u017co frajdy, musia\u0142am wycofa\u0107 swoje s\u0142owa krytyki. Ska\u0142a jest ostra, nie ma t\u0142um\u00f3w \u2013 czasami tylko jaka\u015b zb\u0142\u0105kana koza chodzi po zboczach. Uprzedzam, \u017ce sektor jest ca\u0142y dzie\u0144 w s\u0142o\u0144cu \u2013 dobry wyb\u00f3r zim\u0105. Na pewno tam wr\u00f3c\u0119.<\/p>\n<div id=\"attachment_4767\" style=\"width: 1034px\" class=\"wp-caption alignnone\"><img loading=\"lazy\" decoding=\"async\" aria-describedby=\"caption-attachment-4767\" class=\"wp-image-4767 size-large\" src=\"https:\/\/skalnik.pl\/blog\/wp-content\/uploads\/2018\/11\/IMG_20181023_185232-e1543494660764-1024x713.jpg\" alt=\"\" width=\"1024\" height=\"713\" srcset=\"https:\/\/www.skalnik.pl\/blog\/wp-content\/uploads\/2018\/11\/IMG_20181023_185232-e1543494660764-1024x713.jpg 1024w, https:\/\/www.skalnik.pl\/blog\/wp-content\/uploads\/2018\/11\/IMG_20181023_185232-e1543494660764-300x209.jpg 300w, https:\/\/www.skalnik.pl\/blog\/wp-content\/uploads\/2018\/11\/IMG_20181023_185232-e1543494660764-768x535.jpg 768w\" sizes=\"auto, (max-width: 1024px) 100vw, 1024px\" \/><p id=\"caption-attachment-4767\" class=\"wp-caption-text\">Zach\u00f3d s\u0142o\u0144ca w Olianie<\/p><\/div>\n<p>&nbsp;<\/p>\n<h2><span class=\"ez-toc-section\" id=\"Margalef\"><\/span>Margalef<span class=\"ez-toc-section-end\"><\/span><\/h2>\n<p>M\u00f3j ulubiony rejon w Hiszpanii. Najlepszy wyb\u00f3r dla os\u00f3b pocz\u0105tkuj\u0105cych i \u015bredniozaawansowanych. Dr\u00f3g o wycenie do 7a jest ogromna ilo\u015b\u0107. Co wa\u017cniejsze te drogi s\u0105 bardzo \u0142adne, dobrze obite, z chwytami absolutnie ka\u017cdego rodzaju. Tak \u0142adnych 6c i 6c+ jak w Margalefie nie widzia\u0142am nigdzie indziej. Pi\u0119kna pomara\u0144czowa ska\u0142a z dziurkami, kieszonkami, rysami \u2013 poezja wspinania. Oczywi\u015bcie znajd\u0105 si\u0119 bardziej lub mniej wy\u015blizgane drogi, ale nie na tyle, \u017ceby walczy\u0107 na nich o \u017cycie. Tutejsza ska\u0142a to zlepieniec \u2013 mn\u00f3stwo ma\u0142ych kamyczk\u00f3w po\u0142\u0105czonych ze sob\u0105 w lit\u0105 ca\u0142o\u015b\u0107 \u2013 kt\u00f3ry pozwala zoptymalizowa\u0107 sekwencj\u0119 ruch\u00f3w, dzi\u0119ki wybranym pod siebie stopniom. Tym bardziej, \u017ce <a href=\"https:\/\/skalnik.pl\/sprzet-wspinaczkowy\/wspinaczka\">wspinaczka<\/a> nale\u017cy tutaj do si\u0142owych. Oczywi\u015bcie je\u015bli kto\u015b si\u0119 uprze na szar\u0105 p\u0142yt\u0119, to te\u017c j\u0105 znajdzie. Sektor\u00f3w wci\u0105\u017c przybywa, dlatego warto si\u0119 zaopatrzy\u0107 w przewodnik. Nowa wersja ma ju\u017c pi\u0119kne zdj\u0119cia i dok\u0142adne oznaczenia, kiedy jest s\u0142o\u0144ce, jak d\u0142ugo idzie si\u0119 pod sektor itp. Popularno\u015b\u0107 Margalefu wp\u0142ywa niestety na ceny zakwaterowania \u2013 z roku na rok jest coraz dro\u017cej. Mimo wzrastaj\u0105cych cen, wspinaczy w tym regionie nie brakuje, dlatego polecam wcze\u015bniej zadba\u0107 o rezerwacj\u0119 noclegu. Nie potrafi\u0119 wskaza\u0107 konkretnych dr\u00f3g, kt\u00f3re bym szczeg\u00f3lnie poleci\u0142a, poniewa\u017c sektory w Margalefie s\u0105 tak rozleg\u0142e i oferuj\u0105 tak du\u017c\u0105 ilo\u015b\u0107 dr\u00f3g, \u017ce wspinania w danej cyfrze wystarczy na co najmniej kilka wyjazd\u00f3w. Po d\u0142u\u017cszej przerwie od tej cz\u0119\u015bci Hiszpanii, nie mog\u0119 si\u0119 doczeka\u0107 na powr\u00f3t i odkrywanie nowych dr\u00f3g i sektor\u00f3w.<\/p>\n<p>&nbsp;<\/p>\n<h2><span class=\"ez-toc-section\" id=\"Siurana\"><\/span>Siurana<span class=\"ez-toc-section-end\"><\/span><\/h2>\n<p>Kolejny klasyczny rejon ze s\u0142awnymi drogami np. La Rambla. W moim odczuciu jest bardziej wymagaj\u0105cy ni\u017c s\u0105siedni Margalef. Na drogach do 6c naprawd\u0119 trzeba si\u0119 nagimnastykowa\u0107 i pota\u0144czy\u0107 na nogach. Drogi si\u0119 pionuj\u0105, ska\u0142a robi bardziej szara i ostra \u2013 pojawiaj\u0105 si\u0119 tak zwane \u201ewampirki\u201d. Cz\u0119\u015bciej z\u0142apiesz kraw\u0105dk\u0119, ni\u017c zobaczysz dziurk\u0119. Jest sporo dr\u00f3g z rysami, dlatego w zgodzie z my\u015bl\u0105, \u017ce wspinacz powinien by\u0107 uniwersalny i wspina\u0107 si\u0119 w ka\u017cdej formacji, warto skorzysta\u0107 z tej mo\u017cliwo\u015bci. Mimo du\u017cej lekcji pokory i konieczno\u015bci zej\u015bcia z cyfry, Siurana absolutnie mnie urzek\u0142a. Zar\u00f3wno wspinanie, kt\u00f3re nie wybacza g\u0142upich b\u0142\u0119d\u00f3w i zmusza do kombinowania oraz technicznych ustawie\u0144, jak i otoczenie winnic, miasteczko z zamkiem. Por\u00f3wnuj\u0105c do surowego, pustynnego krajobrazu Margalefu, Siurana jest du\u017co bardziej zielona, malownicza i romantyczna. Kolejne miejsce na li\u015bcie, gdzie na pewno wr\u00f3c\u0119, poniewa\u017c czuj\u0119 niedosyt wymagaj\u0105cego wspinania w tej dolinie.<\/p>\n<div id=\"attachment_4778\" style=\"width: 1034px\" class=\"wp-caption alignnone\"><img loading=\"lazy\" decoding=\"async\" aria-describedby=\"caption-attachment-4778\" class=\"wp-image-4778 size-large\" src=\"https:\/\/skalnik.pl\/blog\/wp-content\/uploads\/2018\/11\/margalef-siurana-842-1024x683.jpg\" alt=\"\" width=\"1024\" height=\"683\" srcset=\"https:\/\/www.skalnik.pl\/blog\/wp-content\/uploads\/2018\/11\/margalef-siurana-842-1024x683.jpg 1024w, https:\/\/www.skalnik.pl\/blog\/wp-content\/uploads\/2018\/11\/margalef-siurana-842-300x200.jpg 300w, https:\/\/www.skalnik.pl\/blog\/wp-content\/uploads\/2018\/11\/margalef-siurana-842-768x512.jpg 768w, https:\/\/www.skalnik.pl\/blog\/wp-content\/uploads\/2018\/11\/margalef-siurana-842.jpg 1352w\" sizes=\"auto, (max-width: 1024px) 100vw, 1024px\" \/><p id=\"caption-attachment-4778\" class=\"wp-caption-text\">Widok na rejon Siurana<\/p><\/div>\n<h2><span class=\"ez-toc-section\" id=\"Chullila\"><\/span>Chullila<span class=\"ez-toc-section-end\"><\/span><\/h2>\n<p>Ostatni rejon, kt\u00f3ry powinien by\u0107 tzw. wisienka na torcie. W\u015br\u00f3d moich znajomych jest wielu mi\u0142o\u015bnik\u00f3w pi\u0119knego kanionu w Chullila \u2013 mnie on jednak w og\u00f3le nie urzek\u0142. Malownicze miasteczko, pi\u0119kne okolice z ruinami do zwiedzania, bliska odleg\u0142o\u015b\u0107 do fantastycznej Walencji \u2013 to wszystko by\u0142o du\u017c\u0105 zalet\u0105. Wspinanie natomiast by\u0142o dla mnie pora\u017ck\u0105. Z obserwacji i do\u015bwiadcze\u0144 znajomych wnioskuj\u0119, \u017ce jest to \u015bwietne miejsce dla os\u00f3b, kt\u00f3re wspinaj\u0105 si\u0119 na poziomie 8a\u20138a+. Jest w czym wybiera\u0107 w tym zakresie trudno\u015bci. Poszukiwania \u0142adnych, prostych dr\u00f3g na tzw. rozwspin sko\u0144czy\u0142o si\u0119 wybraniem poleconego 7a i wspinaniem si\u0119 od razu na projektach, pomijaj\u0105c etap ilo\u015bciowego wspinania po \u0142atwym. Nie znalaz\u0142am ciekawych dr\u00f3g o trudno\u015bciach 6a, 6b, 6c poza jedn\u0105, kt\u00f3r\u0105 zrobi\u0142am OS. Mo\u017cna j\u0105 podsumowa\u0107 nast\u0119puj\u0105co: 50 metr\u00f3w wspinania, podzielonego na etapy: techniczny pion, przewieszenie po dobrych, du\u017cych chwytach i naciekach oraz psychiczny po\u0142\u00f3g. Drog\u0119 robi\u0142am godzin\u0119 i ledwo by\u0142am w stanie wyci\u0105gn\u0105\u0107 50 metr\u00f3w liny, \u017ceby wpi\u0105\u0107 si\u0119 do \u0142a\u0144cucha, b\u0119d\u0105c r\u00f3wnocze\u015bnie przyklejon\u0105 twarz\u0105 do po\u0142ogiej \u015bciany. Ciekaw\u0105 6b+ robi\u0142am po gigantycznej 45-metrowej tufie \u2013 niestety spad\u0142am z flasha tu\u017c przed stanem. Olbrzymie nacieki robi\u0105 niesamowite wra\u017cenie. Poza tym nic ciekawego nie znalaz\u0142am. Z niekt\u00f3rych dr\u00f3g wr\u0119cz si\u0119 wycofa\u0142am.<\/p>\n<p>\u017beby zobrazowa\u0107 jak r\u00f3\u017cne s\u0105 drogi w Chullili, przytocz\u0119 przyk\u0142ad pewnej silnej dziewczyny, kt\u00f3ra jednego dnia zrobi\u0142a 8a, a nast\u0119pnego dnia nie mog\u0142a doj\u015b\u0107 do drugiej wpinki na 7b+. Staram si\u0119 nie zra\u017ca\u0107 po jednym wyje\u017adzie i mo\u017ce kiedy\u015b tam wr\u00f3c\u0119 \u2013 silniejsza, z wi\u0119kszym do\u015bwiadczeniem. Na pewno warto jecha\u0107 z kim\u015b, kto zna ten rejon i mo\u017ce poleci\u0107 \u0142adne drogi. Zaoszcz\u0119dzicie czas na poszukiwania i frustracj\u0119. Drogi Chullili s\u0105 bardzo d\u0142ugie. We\u017acie to pod uwag\u0119 wybieraj\u0105c lin\u0119 \u2013 80 metr\u00f3w to minimum. Drogi o wycenie 7a, kt\u00f3re robi\u0142am, mia\u0142y zasi\u0119gowe ruchy, dlatego naczeln\u0105 technik\u0105 by\u0142a \u201enoga do r\u0119ki\u201d. Je\u017celi nie wybierasz dr\u00f3g po tufach, to spotkasz tutaj g\u0142\u00f3wnie kraw\u0105dki.<\/p>\n<div id=\"attachment_4798\" style=\"width: 1034px\" class=\"wp-caption alignnone\"><img loading=\"lazy\" decoding=\"async\" aria-describedby=\"caption-attachment-4798\" class=\"wp-image-4798 size-large\" src=\"https:\/\/skalnik.pl\/blog\/wp-content\/uploads\/2018\/11\/chullila01-1-1024x673.jpg\" alt=\"\" width=\"1024\" height=\"673\" srcset=\"https:\/\/www.skalnik.pl\/blog\/wp-content\/uploads\/2018\/11\/chullila01-1-1024x673.jpg 1024w, https:\/\/www.skalnik.pl\/blog\/wp-content\/uploads\/2018\/11\/chullila01-1-300x197.jpg 300w, https:\/\/www.skalnik.pl\/blog\/wp-content\/uploads\/2018\/11\/chullila01-1-768x505.jpg 768w, https:\/\/www.skalnik.pl\/blog\/wp-content\/uploads\/2018\/11\/chullila01-1.jpg 1200w\" sizes=\"auto, (max-width: 1024px) 100vw, 1024px\" \/><p id=\"caption-attachment-4798\" class=\"wp-caption-text\">Widok na Kanion Chulilla<\/p><\/div>\n<p>&nbsp;<\/p>\n<h2><span class=\"ez-toc-section\" id=\"Dopoki_nie_sprobujesz_nie_dowiesz_sie\"><\/span>Dop\u00f3ki nie spr\u00f3bujesz, nie dowiesz si\u0119<span class=\"ez-toc-section-end\"><\/span><\/h2>\n<p>Na moim pierwszym wyje\u017adzie wspinaczkowym do Hiszpanii Piotrek zach\u0119ca\u0142 mnie, \u017cebym pr\u00f3bowa\u0142a drogi o r\u00f3\u017cnym charakterze. Im wi\u0119cej typ\u00f3w chwyt\u00f3w poznasz, im wi\u0119cej trudnych sekwencji ruch\u00f3w twoje cia\u0142o si\u0119 nauczy, tym szybciej b\u0119dziesz pokonywa\u0107 kolejne trudno\u015bci. Nie warto fiksowa\u0107 si\u0119 na jeden rejon albo przyk\u0142adowo tylko na przewieszone drogi. Przez to bardzo si\u0119 ograniczamy. Oczywi\u015bcie nie w ka\u017cdej formacji b\u0119dzie nam \u015bwietnie sz\u0142o, ale traktujemy to jako trening. Nauczona wyjazdami, kt\u00f3re by\u0142y pe\u0142ne frustracji, wszystkim radz\u0119, \u017ceby wspina\u0107 si\u0119 du\u017co i po r\u00f3\u017cnorodnych drogach. Jak b\u0119dziesz w rejonie, gdzie ewidentnie ci si\u0119 nie zgina, zejd\u017a z cyfry i wspinaj si\u0119 ilo\u015bciowo. Nie przywieziesz \u017cyci\u00f3wki, ale to zaprocentuje na nast\u0119pnym wyje\u017adzie.<\/p>\n","protected":false},"excerpt":{"rendered":"<p>Kr\u00f3tki przegl\u0105d hiszpa\u0144skich rejon\u00f3w wspinaczkowych dla pocz\u0105tkuj\u0105cych i \u015bredniozaawansowanych wspinaczy. Gdzie warto pojecha\u0107, czego si\u0119 spodziewa\u0107 i na jakie linie (lub towarzystwo) warto zwr\u00f3ci\u0107 uwag\u0119 &#8211; radzi Eiger Team.<\/p>\n","protected":false},"author":22,"featured_media":4820,"comment_status":"open","ping_status":"open","sticky":false,"template":"","format":"standard","meta":{"_acf_changed":false,"footnotes":""},"categories":[84],"tags":[92,20],"magento_category":[],"magento_product":[],"class_list":["post-4759","post","type-post","status-publish","format-standard","has-post-thumbnail","hentry","category-pasja","tag-styl-zycia","tag-wspinaczka"],"acf":[],"aioseo_notices":[],"aioseo_head":"\n\t\t<!-- All in One SEO 4.9.10 - aioseo.com -->\n\t<meta name=\"description\" content=\"Kr\u00f3tki przegl\u0105d hiszpa\u0144skich rejon\u00f3w wspinaczkowych dla pocz\u0105tkuj\u0105cych i \u015bredniozaawansowanych wspinaczy. Gdzie warto pojecha\u0107, czego si\u0119 spodziewa\u0107 i na jakie linie (lub towarzystwo) warto zwr\u00f3ci\u0107 uwag\u0119 - radzi Eiger Team.\" \/>\n\t<meta name=\"robots\" content=\"max-image-preview:large\" \/>\n\t<meta name=\"author\" content=\"Eiger Team\"\/>\n\t<link rel=\"canonical\" href=\"https:\/\/www.skalnik.pl\/blog\/wspinanie-w-hiszpanii-przeglad-sektorow-do-7a\/\" \/>\n\t<meta name=\"generator\" content=\"All in One SEO (AIOSEO) 4.9.10\" \/>\n\t\t<meta property=\"og:locale\" content=\"pl_PL\" \/>\n\t\t<meta property=\"og:site_name\" content=\"blog Skalnik - Blog, porady, artyku\u0142y - blog Skalnik\" \/>\n\t\t<meta property=\"og:type\" content=\"article\" \/>\n\t\t<meta property=\"og:title\" content=\"Wspinanie w Hiszpanii. Przegl\u0105d sektor\u00f3w do 7a - blog Skalnik\" \/>\n\t\t<meta property=\"og:description\" content=\"Kr\u00f3tki przegl\u0105d hiszpa\u0144skich rejon\u00f3w wspinaczkowych dla pocz\u0105tkuj\u0105cych i \u015bredniozaawansowanych wspinaczy. Gdzie warto pojecha\u0107, czego si\u0119 spodziewa\u0107 i na jakie linie (lub towarzystwo) warto zwr\u00f3ci\u0107 uwag\u0119 - radzi Eiger Team.\" \/>\n\t\t<meta property=\"og:url\" content=\"https:\/\/www.skalnik.pl\/blog\/wspinanie-w-hiszpanii-przeglad-sektorow-do-7a\/\" \/>\n\t\t<meta property=\"og:image\" content=\"https:\/\/skalnik.pl\/blog\/wp-content\/uploads\/2018\/11\/IMG_20181023_185232-e1543494660764-1024x713.jpg\" \/>\n\t\t<meta property=\"og:image:secure_url\" content=\"https:\/\/skalnik.pl\/blog\/wp-content\/uploads\/2018\/11\/IMG_20181023_185232-e1543494660764-1024x713.jpg\" \/>\n\t\t<meta property=\"article:tag\" content=\"pasja\" \/>\n\t\t<meta property=\"article:tag\" content=\"styl \u017cycia\" \/>\n\t\t<meta property=\"article:tag\" content=\"wspinaczka\" \/>\n\t\t<meta property=\"article:published_time\" content=\"2018-11-29T13:59:35+00:00\" \/>\n\t\t<meta property=\"article:modified_time\" content=\"2018-12-10T13:09:24+00:00\" \/>\n\t\t<meta name=\"twitter:card\" content=\"summary_large_image\" \/>\n\t\t<meta name=\"twitter:title\" content=\"Wspinanie w Hiszpanii. Przegl\u0105d sektor\u00f3w do 7a - blog Skalnik\" \/>\n\t\t<meta name=\"twitter:description\" content=\"Kr\u00f3tki przegl\u0105d hiszpa\u0144skich rejon\u00f3w wspinaczkowych dla pocz\u0105tkuj\u0105cych i \u015bredniozaawansowanych wspinaczy. Gdzie warto pojecha\u0107, czego si\u0119 spodziewa\u0107 i na jakie linie (lub towarzystwo) warto zwr\u00f3ci\u0107 uwag\u0119 - radzi Eiger Team.\" \/>\n\t\t<meta name=\"twitter:image\" content=\"https:\/\/skalnik.pl\/blog\/wp-content\/uploads\/2018\/11\/IMG_20181023_185232-e1543494660764-1024x713.jpg\" \/>\n\t\t<script type=\"application\/ld+json\" class=\"aioseo-schema\">\n\t\t\t{\"@context\":\"https:\\\/\\\/schema.org\",\"@graph\":[{\"@type\":\"BlogPosting\",\"@id\":\"https:\\\/\\\/www.skalnik.pl\\\/blog\\\/wspinanie-w-hiszpanii-przeglad-sektorow-do-7a\\\/#blogposting\",\"name\":\"Wspinanie w Hiszpanii. Przegl\\u0105d sektor\\u00f3w do 7a - blog Skalnik\",\"headline\":\"Wspinanie w Hiszpanii. Przegl\\u0105d sektor\\u00f3w do 7a\",\"author\":{\"@id\":\"https:\\\/\\\/www.skalnik.pl\\\/blog\\\/author\\\/eiger-team\\\/#author\"},\"publisher\":{\"@id\":\"https:\\\/\\\/www.skalnik.pl\\\/blog\\\/#organization\"},\"image\":{\"@type\":\"ImageObject\",\"url\":\"https:\\\/\\\/www.skalnik.pl\\\/blog\\\/wp-content\\\/uploads\\\/2018\\\/11\\\/margalef-siurana-ok\\u0142adka1.jpg\",\"width\":1920,\"height\":705},\"datePublished\":\"2018-11-29T14:59:35+02:00\",\"dateModified\":\"2018-12-10T14:09:24+02:00\",\"inLanguage\":\"pl-PL\",\"mainEntityOfPage\":{\"@id\":\"https:\\\/\\\/www.skalnik.pl\\\/blog\\\/wspinanie-w-hiszpanii-przeglad-sektorow-do-7a\\\/#webpage\"},\"isPartOf\":{\"@id\":\"https:\\\/\\\/www.skalnik.pl\\\/blog\\\/wspinanie-w-hiszpanii-przeglad-sektorow-do-7a\\\/#webpage\"},\"articleSection\":\"Pasja, styl \\u017cycia, wspinaczka\"},{\"@type\":\"BreadcrumbList\",\"@id\":\"https:\\\/\\\/www.skalnik.pl\\\/blog\\\/wspinanie-w-hiszpanii-przeglad-sektorow-do-7a\\\/#breadcrumblist\",\"itemListElement\":[{\"@type\":\"ListItem\",\"@id\":\"https:\\\/\\\/www.skalnik.pl\\\/blog#listItem\",\"position\":1,\"name\":\"Home\",\"item\":\"https:\\\/\\\/www.skalnik.pl\\\/blog\",\"nextItem\":{\"@type\":\"ListItem\",\"@id\":\"https:\\\/\\\/www.skalnik.pl\\\/blog\\\/.\\\/pasja\\\/#listItem\",\"name\":\"Pasja\"}},{\"@type\":\"ListItem\",\"@id\":\"https:\\\/\\\/www.skalnik.pl\\\/blog\\\/.\\\/pasja\\\/#listItem\",\"position\":2,\"name\":\"Pasja\",\"item\":\"https:\\\/\\\/www.skalnik.pl\\\/blog\\\/.\\\/pasja\\\/\",\"nextItem\":{\"@type\":\"ListItem\",\"@id\":\"https:\\\/\\\/www.skalnik.pl\\\/blog\\\/wspinanie-w-hiszpanii-przeglad-sektorow-do-7a\\\/#listItem\",\"name\":\"Wspinanie w Hiszpanii. Przegl\\u0105d sektor\\u00f3w do 7a\"},\"previousItem\":{\"@type\":\"ListItem\",\"@id\":\"https:\\\/\\\/www.skalnik.pl\\\/blog#listItem\",\"name\":\"Home\"}},{\"@type\":\"ListItem\",\"@id\":\"https:\\\/\\\/www.skalnik.pl\\\/blog\\\/wspinanie-w-hiszpanii-przeglad-sektorow-do-7a\\\/#listItem\",\"position\":3,\"name\":\"Wspinanie w Hiszpanii. Przegl\\u0105d sektor\\u00f3w do 7a\",\"previousItem\":{\"@type\":\"ListItem\",\"@id\":\"https:\\\/\\\/www.skalnik.pl\\\/blog\\\/.\\\/pasja\\\/#listItem\",\"name\":\"Pasja\"}}]},{\"@type\":\"Organization\",\"@id\":\"https:\\\/\\\/www.skalnik.pl\\\/blog\\\/#organization\",\"name\":\"blog Skalnik\",\"description\":\"Blog, porady, artyku\\u0142y - blog Skalnik\",\"url\":\"https:\\\/\\\/www.skalnik.pl\\\/blog\\\/\"},{\"@type\":\"Person\",\"@id\":\"https:\\\/\\\/www.skalnik.pl\\\/blog\\\/author\\\/eiger-team\\\/#author\",\"url\":\"https:\\\/\\\/www.skalnik.pl\\\/blog\\\/author\\\/eiger-team\\\/\",\"name\":\"Eiger Team\",\"image\":{\"@type\":\"ImageObject\",\"@id\":\"https:\\\/\\\/www.skalnik.pl\\\/blog\\\/wspinanie-w-hiszpanii-przeglad-sektorow-do-7a\\\/#authorImage\",\"url\":\"https:\\\/\\\/secure.gravatar.com\\\/avatar\\\/559eb6aa90a5a473d5758d01861268d0fc07b89082683e9f11c33e09706c515d?s=96&d=mm&r=g\",\"width\":96,\"height\":96,\"caption\":\"Eiger Team\"}},{\"@type\":\"WebPage\",\"@id\":\"https:\\\/\\\/www.skalnik.pl\\\/blog\\\/wspinanie-w-hiszpanii-przeglad-sektorow-do-7a\\\/#webpage\",\"url\":\"https:\\\/\\\/www.skalnik.pl\\\/blog\\\/wspinanie-w-hiszpanii-przeglad-sektorow-do-7a\\\/\",\"name\":\"Wspinanie w Hiszpanii. Przegl\\u0105d sektor\\u00f3w do 7a - blog Skalnik\",\"description\":\"Kr\\u00f3tki przegl\\u0105d hiszpa\\u0144skich rejon\\u00f3w wspinaczkowych dla pocz\\u0105tkuj\\u0105cych i \\u015bredniozaawansowanych wspinaczy. Gdzie warto pojecha\\u0107, czego si\\u0119 spodziewa\\u0107 i na jakie linie (lub towarzystwo) warto zwr\\u00f3ci\\u0107 uwag\\u0119 - radzi Eiger Team.\",\"inLanguage\":\"pl-PL\",\"isPartOf\":{\"@id\":\"https:\\\/\\\/www.skalnik.pl\\\/blog\\\/#website\"},\"breadcrumb\":{\"@id\":\"https:\\\/\\\/www.skalnik.pl\\\/blog\\\/wspinanie-w-hiszpanii-przeglad-sektorow-do-7a\\\/#breadcrumblist\"},\"author\":{\"@id\":\"https:\\\/\\\/www.skalnik.pl\\\/blog\\\/author\\\/eiger-team\\\/#author\"},\"creator\":{\"@id\":\"https:\\\/\\\/www.skalnik.pl\\\/blog\\\/author\\\/eiger-team\\\/#author\"},\"image\":{\"@type\":\"ImageObject\",\"url\":\"https:\\\/\\\/www.skalnik.pl\\\/blog\\\/wp-content\\\/uploads\\\/2018\\\/11\\\/margalef-siurana-ok\\u0142adka1.jpg\",\"@id\":\"https:\\\/\\\/www.skalnik.pl\\\/blog\\\/wspinanie-w-hiszpanii-przeglad-sektorow-do-7a\\\/#mainImage\",\"width\":1920,\"height\":705},\"primaryImageOfPage\":{\"@id\":\"https:\\\/\\\/www.skalnik.pl\\\/blog\\\/wspinanie-w-hiszpanii-przeglad-sektorow-do-7a\\\/#mainImage\"},\"datePublished\":\"2018-11-29T14:59:35+02:00\",\"dateModified\":\"2018-12-10T14:09:24+02:00\"},{\"@type\":\"WebSite\",\"@id\":\"https:\\\/\\\/www.skalnik.pl\\\/blog\\\/#website\",\"url\":\"https:\\\/\\\/www.skalnik.pl\\\/blog\\\/\",\"name\":\"blog Skalnik\",\"description\":\"Blog, porady, artyku\\u0142y - blog Skalnik\",\"inLanguage\":\"pl-PL\",\"publisher\":{\"@id\":\"https:\\\/\\\/www.skalnik.pl\\\/blog\\\/#organization\"}}]}\n\t\t<\/script>\n\t\t<!-- All in One SEO -->\n\n","aioseo_head_json":{"title":"Wspinanie w Hiszpanii. Przegl\u0105d sektor\u00f3w do 7a - blog Skalnik","description":"Kr\u00f3tki przegl\u0105d hiszpa\u0144skich rejon\u00f3w wspinaczkowych dla pocz\u0105tkuj\u0105cych i \u015bredniozaawansowanych wspinaczy. Gdzie warto pojecha\u0107, czego si\u0119 spodziewa\u0107 i na jakie linie (lub towarzystwo) warto zwr\u00f3ci\u0107 uwag\u0119 - radzi Eiger Team.","canonical_url":"https:\/\/www.skalnik.pl\/blog\/wspinanie-w-hiszpanii-przeglad-sektorow-do-7a\/","robots":"max-image-preview:large","keywords":"","webmasterTools":{"miscellaneous":""},"schema":{"@context":"https:\/\/schema.org","@graph":[{"@type":"BlogPosting","@id":"https:\/\/www.skalnik.pl\/blog\/wspinanie-w-hiszpanii-przeglad-sektorow-do-7a\/#blogposting","name":"Wspinanie w Hiszpanii. Przegl\u0105d sektor\u00f3w do 7a - blog Skalnik","headline":"Wspinanie w Hiszpanii. Przegl\u0105d sektor\u00f3w do 7a","author":{"@id":"https:\/\/www.skalnik.pl\/blog\/author\/eiger-team\/#author"},"publisher":{"@id":"https:\/\/www.skalnik.pl\/blog\/#organization"},"image":{"@type":"ImageObject","url":"https:\/\/www.skalnik.pl\/blog\/wp-content\/uploads\/2018\/11\/margalef-siurana-ok\u0142adka1.jpg","width":1920,"height":705},"datePublished":"2018-11-29T14:59:35+02:00","dateModified":"2018-12-10T14:09:24+02:00","inLanguage":"pl-PL","mainEntityOfPage":{"@id":"https:\/\/www.skalnik.pl\/blog\/wspinanie-w-hiszpanii-przeglad-sektorow-do-7a\/#webpage"},"isPartOf":{"@id":"https:\/\/www.skalnik.pl\/blog\/wspinanie-w-hiszpanii-przeglad-sektorow-do-7a\/#webpage"},"articleSection":"Pasja, styl \u017cycia, wspinaczka"},{"@type":"BreadcrumbList","@id":"https:\/\/www.skalnik.pl\/blog\/wspinanie-w-hiszpanii-przeglad-sektorow-do-7a\/#breadcrumblist","itemListElement":[{"@type":"ListItem","@id":"https:\/\/www.skalnik.pl\/blog#listItem","position":1,"name":"Home","item":"https:\/\/www.skalnik.pl\/blog","nextItem":{"@type":"ListItem","@id":"https:\/\/www.skalnik.pl\/blog\/.\/pasja\/#listItem","name":"Pasja"}},{"@type":"ListItem","@id":"https:\/\/www.skalnik.pl\/blog\/.\/pasja\/#listItem","position":2,"name":"Pasja","item":"https:\/\/www.skalnik.pl\/blog\/.\/pasja\/","nextItem":{"@type":"ListItem","@id":"https:\/\/www.skalnik.pl\/blog\/wspinanie-w-hiszpanii-przeglad-sektorow-do-7a\/#listItem","name":"Wspinanie w Hiszpanii. Przegl\u0105d sektor\u00f3w do 7a"},"previousItem":{"@type":"ListItem","@id":"https:\/\/www.skalnik.pl\/blog#listItem","name":"Home"}},{"@type":"ListItem","@id":"https:\/\/www.skalnik.pl\/blog\/wspinanie-w-hiszpanii-przeglad-sektorow-do-7a\/#listItem","position":3,"name":"Wspinanie w Hiszpanii. Przegl\u0105d sektor\u00f3w do 7a","previousItem":{"@type":"ListItem","@id":"https:\/\/www.skalnik.pl\/blog\/.\/pasja\/#listItem","name":"Pasja"}}]},{"@type":"Organization","@id":"https:\/\/www.skalnik.pl\/blog\/#organization","name":"blog Skalnik","description":"Blog, porady, artyku\u0142y - blog Skalnik","url":"https:\/\/www.skalnik.pl\/blog\/"},{"@type":"Person","@id":"https:\/\/www.skalnik.pl\/blog\/author\/eiger-team\/#author","url":"https:\/\/www.skalnik.pl\/blog\/author\/eiger-team\/","name":"Eiger Team","image":{"@type":"ImageObject","@id":"https:\/\/www.skalnik.pl\/blog\/wspinanie-w-hiszpanii-przeglad-sektorow-do-7a\/#authorImage","url":"https:\/\/secure.gravatar.com\/avatar\/559eb6aa90a5a473d5758d01861268d0fc07b89082683e9f11c33e09706c515d?s=96&d=mm&r=g","width":96,"height":96,"caption":"Eiger Team"}},{"@type":"WebPage","@id":"https:\/\/www.skalnik.pl\/blog\/wspinanie-w-hiszpanii-przeglad-sektorow-do-7a\/#webpage","url":"https:\/\/www.skalnik.pl\/blog\/wspinanie-w-hiszpanii-przeglad-sektorow-do-7a\/","name":"Wspinanie w Hiszpanii. Przegl\u0105d sektor\u00f3w do 7a - blog Skalnik","description":"Kr\u00f3tki przegl\u0105d hiszpa\u0144skich rejon\u00f3w wspinaczkowych dla pocz\u0105tkuj\u0105cych i \u015bredniozaawansowanych wspinaczy. Gdzie warto pojecha\u0107, czego si\u0119 spodziewa\u0107 i na jakie linie (lub towarzystwo) warto zwr\u00f3ci\u0107 uwag\u0119 - radzi Eiger Team.","inLanguage":"pl-PL","isPartOf":{"@id":"https:\/\/www.skalnik.pl\/blog\/#website"},"breadcrumb":{"@id":"https:\/\/www.skalnik.pl\/blog\/wspinanie-w-hiszpanii-przeglad-sektorow-do-7a\/#breadcrumblist"},"author":{"@id":"https:\/\/www.skalnik.pl\/blog\/author\/eiger-team\/#author"},"creator":{"@id":"https:\/\/www.skalnik.pl\/blog\/author\/eiger-team\/#author"},"image":{"@type":"ImageObject","url":"https:\/\/www.skalnik.pl\/blog\/wp-content\/uploads\/2018\/11\/margalef-siurana-ok\u0142adka1.jpg","@id":"https:\/\/www.skalnik.pl\/blog\/wspinanie-w-hiszpanii-przeglad-sektorow-do-7a\/#mainImage","width":1920,"height":705},"primaryImageOfPage":{"@id":"https:\/\/www.skalnik.pl\/blog\/wspinanie-w-hiszpanii-przeglad-sektorow-do-7a\/#mainImage"},"datePublished":"2018-11-29T14:59:35+02:00","dateModified":"2018-12-10T14:09:24+02:00"},{"@type":"WebSite","@id":"https:\/\/www.skalnik.pl\/blog\/#website","url":"https:\/\/www.skalnik.pl\/blog\/","name":"blog Skalnik","description":"Blog, porady, artyku\u0142y - blog Skalnik","inLanguage":"pl-PL","publisher":{"@id":"https:\/\/www.skalnik.pl\/blog\/#organization"}}]},"og:locale":"pl_PL","og:site_name":"blog Skalnik - Blog, porady, artyku\u0142y - blog Skalnik","og:type":"article","og:title":"Wspinanie w Hiszpanii. Przegl\u0105d sektor\u00f3w do 7a - blog Skalnik","og:description":"Kr\u00f3tki przegl\u0105d hiszpa\u0144skich rejon\u00f3w wspinaczkowych dla pocz\u0105tkuj\u0105cych i \u015bredniozaawansowanych wspinaczy. Gdzie warto pojecha\u0107, czego si\u0119 spodziewa\u0107 i na jakie linie (lub towarzystwo) warto zwr\u00f3ci\u0107 uwag\u0119 - radzi Eiger Team.","og:url":"https:\/\/www.skalnik.pl\/blog\/wspinanie-w-hiszpanii-przeglad-sektorow-do-7a\/","og:image":"https:\/\/skalnik.pl\/blog\/wp-content\/uploads\/2018\/11\/IMG_20181023_185232-e1543494660764-1024x713.jpg","og:image:secure_url":"https:\/\/skalnik.pl\/blog\/wp-content\/uploads\/2018\/11\/IMG_20181023_185232-e1543494660764-1024x713.jpg","article:tag":["pasja","styl \u017cycia","wspinaczka"],"article:published_time":"2018-11-29T13:59:35+00:00","article:modified_time":"2018-12-10T13:09:24+00:00","twitter:card":"summary_large_image","twitter:title":"Wspinanie w Hiszpanii. Przegl\u0105d sektor\u00f3w do 7a - blog Skalnik","twitter:description":"Kr\u00f3tki przegl\u0105d hiszpa\u0144skich rejon\u00f3w wspinaczkowych dla pocz\u0105tkuj\u0105cych i \u015bredniozaawansowanych wspinaczy. Gdzie warto pojecha\u0107, czego si\u0119 spodziewa\u0107 i na jakie linie (lub towarzystwo) warto zwr\u00f3ci\u0107 uwag\u0119 - radzi Eiger Team.","twitter:image":"https:\/\/skalnik.pl\/blog\/wp-content\/uploads\/2018\/11\/IMG_20181023_185232-e1543494660764-1024x713.jpg"},"aioseo_meta_data":{"post_id":"4759","title":null,"description":null,"keywords":null,"keyphrases":null,"primary_term":null,"canonical_url":null,"og_title":null,"og_description":null,"og_object_type":"default","og_image_type":"default","og_image_url":null,"og_image_width":null,"og_image_height":null,"og_image_custom_url":null,"og_image_custom_fields":null,"og_video":null,"og_custom_url":null,"og_article_section":null,"og_article_tags":null,"twitter_use_og":false,"twitter_card":"default","twitter_image_type":"default","twitter_image_url":null,"twitter_image_custom_url":null,"twitter_image_custom_fields":null,"twitter_title":null,"twitter_description":null,"schema":{"blockGraphs":[],"customGraphs":[],"default":{"data":{"Article":[],"Course":[],"Dataset":[],"FAQPage":[],"Movie":[],"Person":[],"Product":[],"ProductReview":[],"Car":[],"Recipe":[],"Service":[],"SoftwareApplication":[],"WebPage":[]},"graphName":"BlogPosting","isEnabled":true},"graphs":[]},"schema_type":"default","schema_type_options":null,"pillar_content":false,"robots_default":true,"robots_noindex":false,"robots_noarchive":false,"robots_nosnippet":false,"robots_nofollow":false,"robots_noimageindex":false,"robots_noodp":false,"robots_notranslate":false,"robots_max_snippet":null,"robots_max_videopreview":null,"robots_max_imagepreview":"large","priority":null,"frequency":null,"local_seo":null,"breadcrumb_settings":null,"limit_modified_date":false,"ai":null,"created":"2022-08-26 09:54:18","updated":"2026-02-17 21:27:27","seo_analyzer_scan_date":null},"aioseo_breadcrumb":"<div class=\"aioseo-breadcrumbs\"><span class=\"aioseo-breadcrumb\">\n\t\t\t<a href=\"https:\/\/www.skalnik.pl\/blog\" title=\"Home\">Home<\/a>\n\t\t<\/span><span class=\"aioseo-breadcrumb-separator\">&raquo;<\/span><span class=\"aioseo-breadcrumb\">\n\t\t\t<a href=\"https:\/\/www.skalnik.pl\/blog\/.\/pasja\/\" title=\"Pasja\">Pasja<\/a>\n\t\t<\/span><span class=\"aioseo-breadcrumb-separator\">&raquo;<\/span><span class=\"aioseo-breadcrumb\">\n\t\t\tWspinanie w Hiszpanii. Przegl\u0105d sektor\u00f3w do 7a\n\t\t<\/span><\/div>","aioseo_breadcrumb_json":[{"label":"Home","link":"https:\/\/www.skalnik.pl\/blog"},{"label":"Pasja","link":"https:\/\/www.skalnik.pl\/blog\/.\/pasja\/"},{"label":"Wspinanie w Hiszpanii. Przegl\u0105d sektor\u00f3w do 7a","link":"https:\/\/www.skalnik.pl\/blog\/wspinanie-w-hiszpanii-przeglad-sektorow-do-7a\/"}],"_links":{"self":[{"href":"https:\/\/www.skalnik.pl\/blog\/wp-json\/wp\/v2\/posts\/4759","targetHints":{"allow":["GET"]}}],"collection":[{"href":"https:\/\/www.skalnik.pl\/blog\/wp-json\/wp\/v2\/posts"}],"about":[{"href":"https:\/\/www.skalnik.pl\/blog\/wp-json\/wp\/v2\/types\/post"}],"author":[{"embeddable":true,"href":"https:\/\/www.skalnik.pl\/blog\/wp-json\/wp\/v2\/users\/22"}],"replies":[{"embeddable":true,"href":"https:\/\/www.skalnik.pl\/blog\/wp-json\/wp\/v2\/comments?post=4759"}],"version-history":[{"count":31,"href":"https:\/\/www.skalnik.pl\/blog\/wp-json\/wp\/v2\/posts\/4759\/revisions"}],"predecessor-version":[{"id":4978,"href":"https:\/\/www.skalnik.pl\/blog\/wp-json\/wp\/v2\/posts\/4759\/revisions\/4978"}],"wp:featuredmedia":[{"embeddable":true,"href":"https:\/\/www.skalnik.pl\/blog\/wp-json\/wp\/v2\/media\/4820"}],"wp:attachment":[{"href":"https:\/\/www.skalnik.pl\/blog\/wp-json\/wp\/v2\/media?parent=4759"}],"wp:term":[{"taxonomy":"category","embeddable":true,"href":"https:\/\/www.skalnik.pl\/blog\/wp-json\/wp\/v2\/categories?post=4759"},{"taxonomy":"post_tag","embeddable":true,"href":"https:\/\/www.skalnik.pl\/blog\/wp-json\/wp\/v2\/tags?post=4759"},{"taxonomy":"magento_category","embeddable":true,"href":"https:\/\/www.skalnik.pl\/blog\/wp-json\/wp\/v2\/magento_category?post=4759"},{"taxonomy":"magento_product","embeddable":true,"href":"https:\/\/www.skalnik.pl\/blog\/wp-json\/wp\/v2\/magento_product?post=4759"}],"curies":[{"name":"wp","href":"https:\/\/api.w.org\/{rel}","templated":true}]}}