{"id":476,"date":"2016-04-26T16:24:55","date_gmt":"2016-04-26T14:24:55","guid":{"rendered":"https:\/\/skalnik.pl\/blog\/?p=476"},"modified":"2019-09-30T07:16:04","modified_gmt":"2019-09-30T05:16:04","slug":"jak-wiazac-chuste-buff","status":"publish","type":"post","link":"https:\/\/www.skalnik.pl\/blog\/jak-wiazac-chuste-buff\/","title":{"rendered":"Jak wi\u0105za\u0107 chust\u0119 Buff"},"content":{"rendered":"<p><b>Z roku na rok wzrasta popularno\u015b\u0107 wielofunkcyjnych chust tabularnych Buff. Cho\u0107 marka pochodz\u0105ca z Hiszpanii na rynku jest od roku 1992 w ci\u0105gu tak nied\u0142ugiego czasu zyska\u0142a olbrzymi\u0105 popularno\u015b\u0107 w\u015br\u00f3d mi\u0142o\u015bnik\u00f3w sport\u00f3w outdoorowych i nie tylko. Jako, \u017ce cz\u0142owiek jest \u201epr\u00f3\u017cny\u201d\u00a0 i zawsze d\u0105\u017cy do zapewnienia sobie doskona\u0142ego komfortu, pozwoli\u0142o to na wprowadzenie na rynek nowego, niezwykle popularnego i przydatnego gad\u017cetu.<\/b><\/p>\n<div id=\"ez-toc-container\" class=\"ez-toc-v2_0_85 counter-hierarchy ez-toc-counter ez-toc-light-blue ez-toc-container-direction\">\n<div class=\"ez-toc-title-container\">\n<p class=\"ez-toc-title\" style=\"cursor:inherit\">SPIS TRE\u015aCI <\/p>\n<span class=\"ez-toc-title-toggle\"><a href=\"#\" class=\"ez-toc-pull-right ez-toc-btn ez-toc-btn-xs ez-toc-btn-default ez-toc-toggle\" aria-label=\"Prze\u0142\u0105cznik Spisu Tre\u015bci\"><span class=\"ez-toc-js-icon-con\"><span class=\"\"><span class=\"eztoc-hide\" style=\"display:none;\">Toggle<\/span><span class=\"ez-toc-icon-toggle-span\"><svg style=\"fill: #999;color:#999\" xmlns=\"http:\/\/www.w3.org\/2000\/svg\" class=\"list-377408\" width=\"20px\" height=\"20px\" viewBox=\"0 0 24 24\" fill=\"none\"><path d=\"M6 6H4v2h2V6zm14 0H8v2h12V6zM4 11h2v2H4v-2zm16 0H8v2h12v-2zM4 16h2v2H4v-2zm16 0H8v2h12v-2z\" fill=\"currentColor\"><\/path><\/svg><svg style=\"fill: #999;color:#999\" class=\"arrow-unsorted-368013\" xmlns=\"http:\/\/www.w3.org\/2000\/svg\" width=\"10px\" height=\"10px\" viewBox=\"0 0 24 24\" version=\"1.2\" baseProfile=\"tiny\"><path d=\"M18.2 9.3l-6.2-6.3-6.2 6.3c-.2.2-.3.4-.3.7s.1.5.3.7c.2.2.4.3.7.3h11c.3 0 .5-.1.7-.3.2-.2.3-.5.3-.7s-.1-.5-.3-.7zM5.8 14.7l6.2 6.3 6.2-6.3c.2-.2.3-.5.3-.7s-.1-.5-.3-.7c-.2-.2-.4-.3-.7-.3h-11c-.3 0-.5.1-.7.3-.2.2-.3.5-.3.7s.1.5.3.7z\"\/><\/svg><\/span><\/span><\/span><\/a><\/span><\/div>\n<nav><ul class='ez-toc-list ez-toc-list-level-1 ' ><li class='ez-toc-page-1 ez-toc-heading-level-2'><a class=\"ez-toc-link ez-toc-heading-1\" href=\"https:\/\/www.skalnik.pl\/blog\/jak-wiazac-chuste-buff\/#Kilka_slow_o_marce\" >Kilka s\u0142\u00f3w o marce<\/a><\/li><li class='ez-toc-page-1 ez-toc-heading-level-2'><a class=\"ez-toc-link ez-toc-heading-2\" href=\"https:\/\/www.skalnik.pl\/blog\/jak-wiazac-chuste-buff\/#Dlaczego_Buff_jest_taki_fajny\" >Dlaczego Buff jest taki fajny?<\/a><\/li><li class='ez-toc-page-1 ez-toc-heading-level-2'><a class=\"ez-toc-link ez-toc-heading-3\" href=\"https:\/\/www.skalnik.pl\/blog\/jak-wiazac-chuste-buff\/#Jak_nosic_Buffa\" >Jak nosi\u0107 Buffa?<\/a><\/li><\/ul><\/nav><\/div>\n<h2><span class=\"ez-toc-section\" id=\"Kilka_slow_o_marce\"><\/span>Kilka s\u0142\u00f3w o marce<span class=\"ez-toc-section-end\"><\/span><\/h2>\n<p><img loading=\"lazy\" decoding=\"async\" class=\"size-medium wp-image-1593 alignright\" src=\"https:\/\/skalnik.pl\/blog\/wp-content\/uploads\/2016\/04\/full_Buff-Logo-296x300.jpg\" alt=\"buff logo\" width=\"296\" height=\"300\" srcset=\"https:\/\/www.skalnik.pl\/blog\/wp-content\/uploads\/2016\/04\/full_Buff-Logo-296x300.jpg 296w, https:\/\/www.skalnik.pl\/blog\/wp-content\/uploads\/2016\/04\/full_Buff-Logo.jpg 592w\" sizes=\"auto, (max-width: 296px) 100vw, 296px\" \/>Tw\u00f3rc\u0105 marki\u00a0<a href=\"https:\/\/skalnik.pl\/buff\" target=\"_self\">Buff<\/a>\u00a0jest\u00a0 Joan Rojas, kt\u00f3ry jako pierwszy opracowa\u0142 tubularna chust\u0119 wielofunkcyjn\u0105. Jako zapalonemu mi\u0142o\u015bnikowi motosportu przeszkadza\u0142y niekorzystne warunki pogodowe, ch\u0142\u00f3d, wiatr, czy kurz. Wykorzystuj\u0105c sw\u0105 szerok\u0105 wiedz\u0119 dotycz\u0105c\u0105 tekstyli\u00f3w, kt\u00f3r\u0105 zdoby\u0142 w rodzinnej fabryce, stworzy\u0142 w\u00a0 wyniku wielu pr\u00f3b i test\u00f3w pierwsz\u0105 bezszwow\u0105 tabularn\u0105 chust\u0119, wykonan\u0105 z mikrofibry. Pocz\u0105tki popularno\u015bci marki nie by\u0142y \u0142atwe, cho\u0107 z biegiem czasu, rzesza entuzjast\u00f3w produktu powi\u0119kszy\u0142a si\u0119 do olbrzymich rozmiar\u00f3w. Pieszymi testerami produkt\u00f3w byli znajomi Joana oraz on sam. Wysokiej klasy materia\u0142, precyzja wykonania pozwoli\u0142a na pr\u0119\u017cny rozw\u00f3j marki. Marka Buff sta\u0142a si\u0119 niekwestionowanym liderem w produkcji chust multifunkcyjnych, jest wyznacznikiem trend\u00f3w i kreuje kierunki rozwoju tych\u00a0 wielozadaniowych nakry\u0107 g\u0142owy.\u00a0 Popularno\u015b\u0107 marki doprowadzi\u0142a do tego, \u017ce nazwa firmy\u00a0 Buff jest potocznie wykorzystywana do okre\u015blania chust wielofunkcyjnych. Produkty marki wykonywane s\u0105 niewielkiej rodzinnej fabryce, zlokalizowanej w okolicach Barcelony. Dzi\u015b moce produkcyjne marki to kilkadziesi\u0105t tysi\u0119cy sztuk dziennie. Popularno\u015b\u0107 marki Buff spowodowa\u0142a, \u017ce dzi\u015b na rynku outdoorowym obecnych jest wielu na\u015bladowc\u00f3w, kt\u00f3rzy oferuj\u0105 podobne ale jednak nie do ko\u0144ca takie same produktu. Jednak oryginalny Buff, dzi\u0119ki zastosowaniu niebywa\u0142ej jako\u015bci materia\u0142om, jest wzorem komfortu oraz trwa\u0142o\u015bci w\u015br\u00f3d podobnych produkt\u00f3w dost\u0119pnych w sprzeda\u017cy.<\/p>\n<h2><span class=\"ez-toc-section\" id=\"Dlaczego_Buff_jest_taki_fajny\"><\/span>Dlaczego Buff jest taki fajny?<span class=\"ez-toc-section-end\"><\/span><\/h2>\n<p>Chusty wielofunkcyjne maj\u0105 szerok\u0105 gam\u0119 zastosowa\u0144 podczas dzia\u0142a\u0144 i aktywno\u015bci sportowych i outdoorowych. Dzi\u0119ki swoim niecodziennym w\u0142a\u015bciwo\u015bciom, s\u0105 tak\u017ce ch\u0119tnie u\u017cywane w \u017cyciu codziennym przez ludzi poszukuj\u0105cych wygody, komfortu oraz ochrony przed niekorzystnymi zjawiskami pogodowymi. Dzi\u0119ki zastosowaniu mi\u0119kkiej , elastycznej i przyjemnej w dotyku mikrofibrze, produkty hiszpa\u0144skiego potentata doskonale ch\u0142on\u0105 pot, nie powoduj\u0105 otar\u0107 delikatnego nask\u00f3rka szyi. Chroni\u0105 przed niekorzystnymi warunkami takimi jak wiatr, delikatny opad deszczu lub \u015bniegu. Chroni\u0105 przed mrozem i pal\u0105cym s\u0142o\u0144cem. Chusty dost\u0119pne na rynku wykonywane s\u0105 z mikrofibry, s\u0105 \u0142\u0105czone z dzianin\u0105 Polartec\u00ae a w wersjach ekskluzywnych wykorzystuje si\u0119 we\u0142n\u0119 merynos\u00f3w, kaszmir, jedwab i ciep\u0142\u0105 we\u0142n\u0119 po\u0142udniowoameryka\u0144skiej\u00a0 Alpaki.<\/p>\n<p><iframe loading=\"lazy\" src=\"https:\/\/www.youtube.com\/embed\/wjXWmgWTusc\" width=\"560\" height=\"315\" frameborder=\"0\" allowfullscreen=\"allowfullscreen\"><\/iframe><\/p>\n<p>&nbsp;<\/p>\n<h2><span class=\"ez-toc-section\" id=\"Jak_nosic_Buffa\"><\/span>Jak nosi\u0107 Buffa?<span class=\"ez-toc-section-end\"><\/span><\/h2>\n<p>Chusty Buff to multifunkcyjno\u015b\u0107, dzi\u0119ki sprytnym rozwi\u0105zaniom, chust\u0119 tubularn\u0105 mo\u017cna wi\u0105za\u0107 na wiele sposob\u00f3w. Podstawow\u0105 opcj\u0105 jest funkcja komina ochraniaj\u0105cego szyj\u0119. Chust\u0119 mo\u017cemy u\u017cy\u0107 tak\u017ce jako mask\u0105 chroni\u0105c\u0105 drogi oddechowe przed py\u0142em i nieprzyjemnymi zapachami. Jednym ruchem mo\u017cemy zrobi\u0107 z niej kominiark\u0119, idealnie os\u0142aniaj\u0105c\u0105 g\u0142ow\u0119 w trakcie u\u017cywania kasku narciarskiego lub motorowego. Buff to tak\u017ce spos\u00f3b na ociekaj\u0105cy na oczy pot, kt\u00f3ry cz\u0119sto leje si\u0119 strumieniami z czo\u0142a, podczas wymagaj\u0105cego marszu w g\u00f3rach. Chusta w funkcji opaski, wch\u0142ania wilgo\u0107 i zapewnia komfort. Chust\u0119 mo\u017cemy tak\u017ce zak\u0142ada\u0107 na nadgarstek. W tej funkcji pe\u0142ni rol\u0119 popularnej \u201efrotki\u201d i pozwala ociera\u0107 z twarzy kurz i pot podczas akcji w terenie. Dzi\u0119ki wysokiej elastyczno\u015bci Buffy sprawdzaj\u0105 si\u0119 tak\u017ce jako \u201egumki\u201d do spinania w\u0142os\u00f3w a za\u0142o\u017cone bez zawi\u0105zywania na g\u0142owie, dzi\u0119ki swojej d\u0142ugo\u015bci \u015bwietnie chroni\u0105 kark przed pal\u0105cym s\u0142o\u0144cem.<\/p>\n<div id=\"attachment_1594\" style=\"width: 511px\" class=\"wp-caption aligncenter\"><img loading=\"lazy\" decoding=\"async\" aria-describedby=\"caption-attachment-1594\" class=\"wp-image-1594 size-full\" src=\"https:\/\/skalnik.pl\/blog\/wp-content\/uploads\/2016\/04\/04663012.jpg\" alt=\"jak nosi\u0107 buffa\" width=\"501\" height=\"412\" srcset=\"https:\/\/www.skalnik.pl\/blog\/wp-content\/uploads\/2016\/04\/04663012.jpg 501w, https:\/\/www.skalnik.pl\/blog\/wp-content\/uploads\/2016\/04\/04663012-300x247.jpg 300w\" sizes=\"auto, (max-width: 501px) 100vw, 501px\" \/><p id=\"caption-attachment-1594\" class=\"wp-caption-text\">Sposoby noszenia chusty Buff<\/p><\/div>\n<p>Niebywa\u0142\u0105 warto\u015bci\u0105 dodan\u0105 jest olbrzymia mo\u017cliwo\u015b\u0107 wyboru wzor\u00f3w, kolor\u00f3w oraz faktur materia\u0142u z kt\u00f3rego produkowane s\u0105 Buffy. Przer\u00f3\u017cne kolory pozwalaj\u0105 wyrazi\u0107 swoj\u0105 osobowo\u015b\u0107 poprzez ubranie.<\/p>\n<p>&nbsp;<\/p>\n<p>W ofercie Skalnika znajdziecie szerok\u0105 gam\u0119 produkt\u00f3w Buff. Chusty mo\u017cecie zam\u00f3wi\u0107 w sklepie internetowym Skalnik.pl lub osobi\u015bcie wybra\u0107 w sklepie stacjonarnym. Warto wspomnie\u0107 te\u017c o podobnych polskich produktach. Bardzo dobrej jako\u015bci chusty\u00a0<a href=\"https:\/\/skalnik.pl\/4-fun\" target=\"_self\">4Fun<\/a>\u00a0oferuje Krzysztof Wielicki.<\/p>\n","protected":false},"excerpt":{"rendered":"<p>Chusta Buff to chyba jedno z najbardziej funkcjonalnych akcesori\u00f3w outdoor. Zastan\u00f3w si\u0119, co jeszcze mo\u017cna wykorzysta\u0107 na tak wiele sposob\u00f3w? Zabieraj\u0105c jedn\u0105 tak\u0105 chust\u0119 masz pod r\u0119k\u0105 czapk\u0119, szalik, frotk\u0119, kominiark\u0119 i wiele, wiele innych drobiazg\u00f3w. Chusta tego typu przydaje si\u0119 we wszystkich strefach klimatycznych, od arktyki, gdzie chroni\u0107 mo\u017ce przed ch\u0142odem, po pustyni\u0119, gdzie przyda do ochrony przed piaskiem i s\u0142o\u0144cem. Oryginaln\u0105 chust\u0119 wielofunkcyjn\u0105 stworzy\u0142a jako pierwsza marka Buff. Je\u015bli wybierasz produkt tego producenta, masz pewno\u015b\u0107 jako\u015bci wykonania i rewelacyjnego designu.<\/p>\n","protected":false},"author":7,"featured_media":3158,"comment_status":"open","ping_status":"open","sticky":false,"template":"","format":"standard","meta":{"_acf_changed":false,"footnotes":""},"categories":[3],"tags":[148,107],"magento_category":[149],"magento_product":[],"class_list":["post-476","post","type-post","status-publish","format-standard","has-post-thumbnail","hentry","category-porady","tag-akcesoria-turystyczne","tag-lato"],"acf":[],"aioseo_notices":[],"aioseo_head":"\n\t\t<!-- All in One SEO 4.9.10 - aioseo.com -->\n\t<meta name=\"description\" content=\"Chusta Buff to chyba jedno z najbardziej funkcjonalnych akcesori\u00f3w outdoor. Zastan\u00f3w si\u0119, co jeszcze mo\u017cna wykorzysta\u0107 na tak wiele sposob\u00f3w? Zabieraj\u0105c jedn\u0105 tak\u0105 chust\u0119 masz pod r\u0119k\u0105 czapk\u0119, szalik, frotk\u0119, kominiark\u0119 i wiele, wiele innych drobiazg\u00f3w. Chusta tego typu przydaje si\u0119 we wszystkich strefach klimatycznych, od arktyki, gdzie chroni\u0107 mo\u017ce przed ch\u0142odem, po pustyni\u0119, gdzie przyda do ochrony przed piaskiem i s\u0142o\u0144cem. Oryginaln\u0105 chust\u0119 wielofunkcyjn\u0105 stworzy\u0142a jako pierwsza marka Buff. Je\u015bli wybierasz produkt tego producenta, masz pewno\u015b\u0107 jako\u015bci wykonania i rewelacyjnego designu.\" \/>\n\t<meta name=\"robots\" content=\"max-image-preview:large\" \/>\n\t<meta name=\"author\" content=\"Redakcja skalnik.pl\"\/>\n\t<link rel=\"canonical\" href=\"https:\/\/www.skalnik.pl\/blog\/jak-wiazac-chuste-buff\/\" \/>\n\t<meta name=\"generator\" content=\"All in One SEO (AIOSEO) 4.9.10\" \/>\n\t\t<meta property=\"og:locale\" content=\"pl_PL\" \/>\n\t\t<meta property=\"og:site_name\" content=\"blog Skalnik - Blog, porady, artyku\u0142y - blog Skalnik\" \/>\n\t\t<meta property=\"og:type\" content=\"article\" \/>\n\t\t<meta property=\"og:title\" content=\"Jak wi\u0105za\u0107 chust\u0119 Buff - blog Skalnik\" \/>\n\t\t<meta property=\"og:description\" content=\"Chusta Buff to chyba jedno z najbardziej funkcjonalnych akcesori\u00f3w outdoor. Zastan\u00f3w si\u0119, co jeszcze mo\u017cna wykorzysta\u0107 na tak wiele sposob\u00f3w? Zabieraj\u0105c jedn\u0105 tak\u0105 chust\u0119 masz pod r\u0119k\u0105 czapk\u0119, szalik, frotk\u0119, kominiark\u0119 i wiele, wiele innych drobiazg\u00f3w. Chusta tego typu przydaje si\u0119 we wszystkich strefach klimatycznych, od arktyki, gdzie chroni\u0107 mo\u017ce przed ch\u0142odem, po pustyni\u0119, gdzie przyda do ochrony przed piaskiem i s\u0142o\u0144cem. Oryginaln\u0105 chust\u0119 wielofunkcyjn\u0105 stworzy\u0142a jako pierwsza marka Buff. Je\u015bli wybierasz produkt tego producenta, masz pewno\u015b\u0107 jako\u015bci wykonania i rewelacyjnego designu.\" \/>\n\t\t<meta property=\"og:url\" content=\"https:\/\/www.skalnik.pl\/blog\/jak-wiazac-chuste-buff\/\" \/>\n\t\t<meta property=\"og:image\" content=\"https:\/\/skalnik.pl\/blog\/wp-content\/uploads\/2016\/04\/full_Buff-Logo-296x300.jpg\" \/>\n\t\t<meta property=\"og:image:secure_url\" content=\"https:\/\/skalnik.pl\/blog\/wp-content\/uploads\/2016\/04\/full_Buff-Logo-296x300.jpg\" \/>\n\t\t<meta property=\"article:tag\" content=\"porady\" \/>\n\t\t<meta property=\"article:tag\" content=\"akcesoria turystyczne\" \/>\n\t\t<meta property=\"article:tag\" content=\"lato\" \/>\n\t\t<meta property=\"article:published_time\" content=\"2016-04-26T14:24:55+00:00\" \/>\n\t\t<meta property=\"article:modified_time\" content=\"2019-09-30T05:16:04+00:00\" \/>\n\t\t<meta name=\"twitter:card\" content=\"summary_large_image\" \/>\n\t\t<meta name=\"twitter:title\" content=\"Jak wi\u0105za\u0107 chust\u0119 Buff - blog Skalnik\" \/>\n\t\t<meta name=\"twitter:description\" content=\"Chusta Buff to chyba jedno z najbardziej funkcjonalnych akcesori\u00f3w outdoor. Zastan\u00f3w si\u0119, co jeszcze mo\u017cna wykorzysta\u0107 na tak wiele sposob\u00f3w? Zabieraj\u0105c jedn\u0105 tak\u0105 chust\u0119 masz pod r\u0119k\u0105 czapk\u0119, szalik, frotk\u0119, kominiark\u0119 i wiele, wiele innych drobiazg\u00f3w. Chusta tego typu przydaje si\u0119 we wszystkich strefach klimatycznych, od arktyki, gdzie chroni\u0107 mo\u017ce przed ch\u0142odem, po pustyni\u0119, gdzie przyda do ochrony przed piaskiem i s\u0142o\u0144cem. Oryginaln\u0105 chust\u0119 wielofunkcyjn\u0105 stworzy\u0142a jako pierwsza marka Buff. Je\u015bli wybierasz produkt tego producenta, masz pewno\u015b\u0107 jako\u015bci wykonania i rewelacyjnego designu.\" \/>\n\t\t<meta name=\"twitter:image\" content=\"https:\/\/skalnik.pl\/blog\/wp-content\/uploads\/2016\/04\/full_Buff-Logo-296x300.jpg\" \/>\n\t\t<script type=\"application\/ld+json\" class=\"aioseo-schema\">\n\t\t\t{\"@context\":\"https:\\\/\\\/schema.org\",\"@graph\":[{\"@type\":\"BlogPosting\",\"@id\":\"https:\\\/\\\/www.skalnik.pl\\\/blog\\\/jak-wiazac-chuste-buff\\\/#blogposting\",\"name\":\"Jak wi\\u0105za\\u0107 chust\\u0119 Buff - blog Skalnik\",\"headline\":\"Jak wi\\u0105za\\u0107 chust\\u0119 Buff\",\"author\":{\"@id\":\"https:\\\/\\\/www.skalnik.pl\\\/blog\\\/author\\\/redakcja-skalnik-pl\\\/#author\"},\"publisher\":{\"@id\":\"https:\\\/\\\/www.skalnik.pl\\\/blog\\\/#organization\"},\"image\":{\"@type\":\"ImageObject\",\"url\":\"https:\\\/\\\/www.skalnik.pl\\\/blog\\\/wp-content\\\/uploads\\\/2016\\\/04\\\/BUFF_DUZA.jpg\",\"width\":1920,\"height\":705,\"caption\":\"chusty buff\"},\"datePublished\":\"2016-04-26T16:24:55+02:00\",\"dateModified\":\"2019-09-30T07:16:04+02:00\",\"inLanguage\":\"pl-PL\",\"mainEntityOfPage\":{\"@id\":\"https:\\\/\\\/www.skalnik.pl\\\/blog\\\/jak-wiazac-chuste-buff\\\/#webpage\"},\"isPartOf\":{\"@id\":\"https:\\\/\\\/www.skalnik.pl\\\/blog\\\/jak-wiazac-chuste-buff\\\/#webpage\"},\"articleSection\":\"Porady, akcesoria turystyczne, lato, 1126\"},{\"@type\":\"BreadcrumbList\",\"@id\":\"https:\\\/\\\/www.skalnik.pl\\\/blog\\\/jak-wiazac-chuste-buff\\\/#breadcrumblist\",\"itemListElement\":[{\"@type\":\"ListItem\",\"@id\":\"https:\\\/\\\/www.skalnik.pl\\\/blog#listItem\",\"position\":1,\"name\":\"Home\",\"item\":\"https:\\\/\\\/www.skalnik.pl\\\/blog\",\"nextItem\":{\"@type\":\"ListItem\",\"@id\":\"https:\\\/\\\/www.skalnik.pl\\\/blog\\\/.\\\/porady\\\/#listItem\",\"name\":\"Porady\"}},{\"@type\":\"ListItem\",\"@id\":\"https:\\\/\\\/www.skalnik.pl\\\/blog\\\/.\\\/porady\\\/#listItem\",\"position\":2,\"name\":\"Porady\",\"item\":\"https:\\\/\\\/www.skalnik.pl\\\/blog\\\/.\\\/porady\\\/\",\"nextItem\":{\"@type\":\"ListItem\",\"@id\":\"https:\\\/\\\/www.skalnik.pl\\\/blog\\\/jak-wiazac-chuste-buff\\\/#listItem\",\"name\":\"Jak wi\\u0105za\\u0107 chust\\u0119 Buff\"},\"previousItem\":{\"@type\":\"ListItem\",\"@id\":\"https:\\\/\\\/www.skalnik.pl\\\/blog#listItem\",\"name\":\"Home\"}},{\"@type\":\"ListItem\",\"@id\":\"https:\\\/\\\/www.skalnik.pl\\\/blog\\\/jak-wiazac-chuste-buff\\\/#listItem\",\"position\":3,\"name\":\"Jak wi\\u0105za\\u0107 chust\\u0119 Buff\",\"previousItem\":{\"@type\":\"ListItem\",\"@id\":\"https:\\\/\\\/www.skalnik.pl\\\/blog\\\/.\\\/porady\\\/#listItem\",\"name\":\"Porady\"}}]},{\"@type\":\"Organization\",\"@id\":\"https:\\\/\\\/www.skalnik.pl\\\/blog\\\/#organization\",\"name\":\"blog Skalnik\",\"description\":\"Blog, porady, artyku\\u0142y - blog Skalnik\",\"url\":\"https:\\\/\\\/www.skalnik.pl\\\/blog\\\/\"},{\"@type\":\"Person\",\"@id\":\"https:\\\/\\\/www.skalnik.pl\\\/blog\\\/author\\\/redakcja-skalnik-pl\\\/#author\",\"url\":\"https:\\\/\\\/www.skalnik.pl\\\/blog\\\/author\\\/redakcja-skalnik-pl\\\/\",\"name\":\"Redakcja skalnik.pl\",\"image\":{\"@type\":\"ImageObject\",\"@id\":\"https:\\\/\\\/www.skalnik.pl\\\/blog\\\/jak-wiazac-chuste-buff\\\/#authorImage\",\"url\":\"https:\\\/\\\/secure.gravatar.com\\\/avatar\\\/7eab29b048aaf0899cd9a145e9adb814e2130ced31e65b454b902500bea65f9e?s=96&d=mm&r=g\",\"width\":96,\"height\":96,\"caption\":\"Redakcja skalnik.pl\"}},{\"@type\":\"WebPage\",\"@id\":\"https:\\\/\\\/www.skalnik.pl\\\/blog\\\/jak-wiazac-chuste-buff\\\/#webpage\",\"url\":\"https:\\\/\\\/www.skalnik.pl\\\/blog\\\/jak-wiazac-chuste-buff\\\/\",\"name\":\"Jak wi\\u0105za\\u0107 chust\\u0119 Buff - blog Skalnik\",\"description\":\"Chusta Buff to chyba jedno z najbardziej funkcjonalnych akcesori\\u00f3w outdoor. Zastan\\u00f3w si\\u0119, co jeszcze mo\\u017cna wykorzysta\\u0107 na tak wiele sposob\\u00f3w? Zabieraj\\u0105c jedn\\u0105 tak\\u0105 chust\\u0119 masz pod r\\u0119k\\u0105 czapk\\u0119, szalik, frotk\\u0119, kominiark\\u0119 i wiele, wiele innych drobiazg\\u00f3w. Chusta tego typu przydaje si\\u0119 we wszystkich strefach klimatycznych, od arktyki, gdzie chroni\\u0107 mo\\u017ce przed ch\\u0142odem, po pustyni\\u0119, gdzie przyda do ochrony przed piaskiem i s\\u0142o\\u0144cem. Oryginaln\\u0105 chust\\u0119 wielofunkcyjn\\u0105 stworzy\\u0142a jako pierwsza marka Buff. Je\\u015bli wybierasz produkt tego producenta, masz pewno\\u015b\\u0107 jako\\u015bci wykonania i rewelacyjnego designu.\",\"inLanguage\":\"pl-PL\",\"isPartOf\":{\"@id\":\"https:\\\/\\\/www.skalnik.pl\\\/blog\\\/#website\"},\"breadcrumb\":{\"@id\":\"https:\\\/\\\/www.skalnik.pl\\\/blog\\\/jak-wiazac-chuste-buff\\\/#breadcrumblist\"},\"author\":{\"@id\":\"https:\\\/\\\/www.skalnik.pl\\\/blog\\\/author\\\/redakcja-skalnik-pl\\\/#author\"},\"creator\":{\"@id\":\"https:\\\/\\\/www.skalnik.pl\\\/blog\\\/author\\\/redakcja-skalnik-pl\\\/#author\"},\"image\":{\"@type\":\"ImageObject\",\"url\":\"https:\\\/\\\/www.skalnik.pl\\\/blog\\\/wp-content\\\/uploads\\\/2016\\\/04\\\/BUFF_DUZA.jpg\",\"@id\":\"https:\\\/\\\/www.skalnik.pl\\\/blog\\\/jak-wiazac-chuste-buff\\\/#mainImage\",\"width\":1920,\"height\":705,\"caption\":\"chusty buff\"},\"primaryImageOfPage\":{\"@id\":\"https:\\\/\\\/www.skalnik.pl\\\/blog\\\/jak-wiazac-chuste-buff\\\/#mainImage\"},\"datePublished\":\"2016-04-26T16:24:55+02:00\",\"dateModified\":\"2019-09-30T07:16:04+02:00\"},{\"@type\":\"WebSite\",\"@id\":\"https:\\\/\\\/www.skalnik.pl\\\/blog\\\/#website\",\"url\":\"https:\\\/\\\/www.skalnik.pl\\\/blog\\\/\",\"name\":\"blog Skalnik\",\"description\":\"Blog, porady, artyku\\u0142y - blog Skalnik\",\"inLanguage\":\"pl-PL\",\"publisher\":{\"@id\":\"https:\\\/\\\/www.skalnik.pl\\\/blog\\\/#organization\"}}]}\n\t\t<\/script>\n\t\t<!-- All in One SEO -->\n\n","aioseo_head_json":{"title":"Jak wi\u0105za\u0107 chust\u0119 Buff - blog Skalnik","description":"Chusta Buff to chyba jedno z najbardziej funkcjonalnych akcesori\u00f3w outdoor. Zastan\u00f3w si\u0119, co jeszcze mo\u017cna wykorzysta\u0107 na tak wiele sposob\u00f3w? Zabieraj\u0105c jedn\u0105 tak\u0105 chust\u0119 masz pod r\u0119k\u0105 czapk\u0119, szalik, frotk\u0119, kominiark\u0119 i wiele, wiele innych drobiazg\u00f3w. Chusta tego typu przydaje si\u0119 we wszystkich strefach klimatycznych, od arktyki, gdzie chroni\u0107 mo\u017ce przed ch\u0142odem, po pustyni\u0119, gdzie przyda do ochrony przed piaskiem i s\u0142o\u0144cem. Oryginaln\u0105 chust\u0119 wielofunkcyjn\u0105 stworzy\u0142a jako pierwsza marka Buff. Je\u015bli wybierasz produkt tego producenta, masz pewno\u015b\u0107 jako\u015bci wykonania i rewelacyjnego designu.","canonical_url":"https:\/\/www.skalnik.pl\/blog\/jak-wiazac-chuste-buff\/","robots":"max-image-preview:large","keywords":"","webmasterTools":{"miscellaneous":""},"schema":{"@context":"https:\/\/schema.org","@graph":[{"@type":"BlogPosting","@id":"https:\/\/www.skalnik.pl\/blog\/jak-wiazac-chuste-buff\/#blogposting","name":"Jak wi\u0105za\u0107 chust\u0119 Buff - blog Skalnik","headline":"Jak wi\u0105za\u0107 chust\u0119 Buff","author":{"@id":"https:\/\/www.skalnik.pl\/blog\/author\/redakcja-skalnik-pl\/#author"},"publisher":{"@id":"https:\/\/www.skalnik.pl\/blog\/#organization"},"image":{"@type":"ImageObject","url":"https:\/\/www.skalnik.pl\/blog\/wp-content\/uploads\/2016\/04\/BUFF_DUZA.jpg","width":1920,"height":705,"caption":"chusty buff"},"datePublished":"2016-04-26T16:24:55+02:00","dateModified":"2019-09-30T07:16:04+02:00","inLanguage":"pl-PL","mainEntityOfPage":{"@id":"https:\/\/www.skalnik.pl\/blog\/jak-wiazac-chuste-buff\/#webpage"},"isPartOf":{"@id":"https:\/\/www.skalnik.pl\/blog\/jak-wiazac-chuste-buff\/#webpage"},"articleSection":"Porady, akcesoria turystyczne, lato, 1126"},{"@type":"BreadcrumbList","@id":"https:\/\/www.skalnik.pl\/blog\/jak-wiazac-chuste-buff\/#breadcrumblist","itemListElement":[{"@type":"ListItem","@id":"https:\/\/www.skalnik.pl\/blog#listItem","position":1,"name":"Home","item":"https:\/\/www.skalnik.pl\/blog","nextItem":{"@type":"ListItem","@id":"https:\/\/www.skalnik.pl\/blog\/.\/porady\/#listItem","name":"Porady"}},{"@type":"ListItem","@id":"https:\/\/www.skalnik.pl\/blog\/.\/porady\/#listItem","position":2,"name":"Porady","item":"https:\/\/www.skalnik.pl\/blog\/.\/porady\/","nextItem":{"@type":"ListItem","@id":"https:\/\/www.skalnik.pl\/blog\/jak-wiazac-chuste-buff\/#listItem","name":"Jak wi\u0105za\u0107 chust\u0119 Buff"},"previousItem":{"@type":"ListItem","@id":"https:\/\/www.skalnik.pl\/blog#listItem","name":"Home"}},{"@type":"ListItem","@id":"https:\/\/www.skalnik.pl\/blog\/jak-wiazac-chuste-buff\/#listItem","position":3,"name":"Jak wi\u0105za\u0107 chust\u0119 Buff","previousItem":{"@type":"ListItem","@id":"https:\/\/www.skalnik.pl\/blog\/.\/porady\/#listItem","name":"Porady"}}]},{"@type":"Organization","@id":"https:\/\/www.skalnik.pl\/blog\/#organization","name":"blog Skalnik","description":"Blog, porady, artyku\u0142y - blog Skalnik","url":"https:\/\/www.skalnik.pl\/blog\/"},{"@type":"Person","@id":"https:\/\/www.skalnik.pl\/blog\/author\/redakcja-skalnik-pl\/#author","url":"https:\/\/www.skalnik.pl\/blog\/author\/redakcja-skalnik-pl\/","name":"Redakcja skalnik.pl","image":{"@type":"ImageObject","@id":"https:\/\/www.skalnik.pl\/blog\/jak-wiazac-chuste-buff\/#authorImage","url":"https:\/\/secure.gravatar.com\/avatar\/7eab29b048aaf0899cd9a145e9adb814e2130ced31e65b454b902500bea65f9e?s=96&d=mm&r=g","width":96,"height":96,"caption":"Redakcja skalnik.pl"}},{"@type":"WebPage","@id":"https:\/\/www.skalnik.pl\/blog\/jak-wiazac-chuste-buff\/#webpage","url":"https:\/\/www.skalnik.pl\/blog\/jak-wiazac-chuste-buff\/","name":"Jak wi\u0105za\u0107 chust\u0119 Buff - blog Skalnik","description":"Chusta Buff to chyba jedno z najbardziej funkcjonalnych akcesori\u00f3w outdoor. Zastan\u00f3w si\u0119, co jeszcze mo\u017cna wykorzysta\u0107 na tak wiele sposob\u00f3w? Zabieraj\u0105c jedn\u0105 tak\u0105 chust\u0119 masz pod r\u0119k\u0105 czapk\u0119, szalik, frotk\u0119, kominiark\u0119 i wiele, wiele innych drobiazg\u00f3w. Chusta tego typu przydaje si\u0119 we wszystkich strefach klimatycznych, od arktyki, gdzie chroni\u0107 mo\u017ce przed ch\u0142odem, po pustyni\u0119, gdzie przyda do ochrony przed piaskiem i s\u0142o\u0144cem. Oryginaln\u0105 chust\u0119 wielofunkcyjn\u0105 stworzy\u0142a jako pierwsza marka Buff. Je\u015bli wybierasz produkt tego producenta, masz pewno\u015b\u0107 jako\u015bci wykonania i rewelacyjnego designu.","inLanguage":"pl-PL","isPartOf":{"@id":"https:\/\/www.skalnik.pl\/blog\/#website"},"breadcrumb":{"@id":"https:\/\/www.skalnik.pl\/blog\/jak-wiazac-chuste-buff\/#breadcrumblist"},"author":{"@id":"https:\/\/www.skalnik.pl\/blog\/author\/redakcja-skalnik-pl\/#author"},"creator":{"@id":"https:\/\/www.skalnik.pl\/blog\/author\/redakcja-skalnik-pl\/#author"},"image":{"@type":"ImageObject","url":"https:\/\/www.skalnik.pl\/blog\/wp-content\/uploads\/2016\/04\/BUFF_DUZA.jpg","@id":"https:\/\/www.skalnik.pl\/blog\/jak-wiazac-chuste-buff\/#mainImage","width":1920,"height":705,"caption":"chusty buff"},"primaryImageOfPage":{"@id":"https:\/\/www.skalnik.pl\/blog\/jak-wiazac-chuste-buff\/#mainImage"},"datePublished":"2016-04-26T16:24:55+02:00","dateModified":"2019-09-30T07:16:04+02:00"},{"@type":"WebSite","@id":"https:\/\/www.skalnik.pl\/blog\/#website","url":"https:\/\/www.skalnik.pl\/blog\/","name":"blog Skalnik","description":"Blog, porady, artyku\u0142y - blog Skalnik","inLanguage":"pl-PL","publisher":{"@id":"https:\/\/www.skalnik.pl\/blog\/#organization"}}]},"og:locale":"pl_PL","og:site_name":"blog Skalnik - Blog, porady, artyku\u0142y - blog Skalnik","og:type":"article","og:title":"Jak wi\u0105za\u0107 chust\u0119 Buff - blog Skalnik","og:description":"Chusta Buff to chyba jedno z najbardziej funkcjonalnych akcesori\u00f3w outdoor. Zastan\u00f3w si\u0119, co jeszcze mo\u017cna wykorzysta\u0107 na tak wiele sposob\u00f3w? Zabieraj\u0105c jedn\u0105 tak\u0105 chust\u0119 masz pod r\u0119k\u0105 czapk\u0119, szalik, frotk\u0119, kominiark\u0119 i wiele, wiele innych drobiazg\u00f3w. Chusta tego typu przydaje si\u0119 we wszystkich strefach klimatycznych, od arktyki, gdzie chroni\u0107 mo\u017ce przed ch\u0142odem, po pustyni\u0119, gdzie przyda do ochrony przed piaskiem i s\u0142o\u0144cem. Oryginaln\u0105 chust\u0119 wielofunkcyjn\u0105 stworzy\u0142a jako pierwsza marka Buff. Je\u015bli wybierasz produkt tego producenta, masz pewno\u015b\u0107 jako\u015bci wykonania i rewelacyjnego designu.","og:url":"https:\/\/www.skalnik.pl\/blog\/jak-wiazac-chuste-buff\/","og:image":"https:\/\/skalnik.pl\/blog\/wp-content\/uploads\/2016\/04\/full_Buff-Logo-296x300.jpg","og:image:secure_url":"https:\/\/skalnik.pl\/blog\/wp-content\/uploads\/2016\/04\/full_Buff-Logo-296x300.jpg","article:tag":["porady","akcesoria turystyczne","lato"],"article:published_time":"2016-04-26T14:24:55+00:00","article:modified_time":"2019-09-30T05:16:04+00:00","twitter:card":"summary_large_image","twitter:title":"Jak wi\u0105za\u0107 chust\u0119 Buff - blog Skalnik","twitter:description":"Chusta Buff to chyba jedno z najbardziej funkcjonalnych akcesori\u00f3w outdoor. Zastan\u00f3w si\u0119, co jeszcze mo\u017cna wykorzysta\u0107 na tak wiele sposob\u00f3w? Zabieraj\u0105c jedn\u0105 tak\u0105 chust\u0119 masz pod r\u0119k\u0105 czapk\u0119, szalik, frotk\u0119, kominiark\u0119 i wiele, wiele innych drobiazg\u00f3w. Chusta tego typu przydaje si\u0119 we wszystkich strefach klimatycznych, od arktyki, gdzie chroni\u0107 mo\u017ce przed ch\u0142odem, po pustyni\u0119, gdzie przyda do ochrony przed piaskiem i s\u0142o\u0144cem. Oryginaln\u0105 chust\u0119 wielofunkcyjn\u0105 stworzy\u0142a jako pierwsza marka Buff. Je\u015bli wybierasz produkt tego producenta, masz pewno\u015b\u0107 jako\u015bci wykonania i rewelacyjnego designu.","twitter:image":"https:\/\/skalnik.pl\/blog\/wp-content\/uploads\/2016\/04\/full_Buff-Logo-296x300.jpg"},"aioseo_meta_data":{"post_id":"476","title":null,"description":null,"keywords":null,"keyphrases":null,"primary_term":null,"canonical_url":null,"og_title":null,"og_description":null,"og_object_type":"default","og_image_type":"default","og_image_url":null,"og_image_width":null,"og_image_height":null,"og_image_custom_url":null,"og_image_custom_fields":null,"og_video":null,"og_custom_url":null,"og_article_section":null,"og_article_tags":null,"twitter_use_og":false,"twitter_card":"default","twitter_image_type":"default","twitter_image_url":null,"twitter_image_custom_url":null,"twitter_image_custom_fields":null,"twitter_title":null,"twitter_description":null,"schema":{"blockGraphs":[],"customGraphs":[],"default":{"data":{"Article":[],"Course":[],"Dataset":[],"FAQPage":[],"Movie":[],"Person":[],"Product":[],"ProductReview":[],"Car":[],"Recipe":[],"Service":[],"SoftwareApplication":[],"WebPage":[]},"graphName":"BlogPosting","isEnabled":true},"graphs":[]},"schema_type":"default","schema_type_options":null,"pillar_content":false,"robots_default":true,"robots_noindex":false,"robots_noarchive":false,"robots_nosnippet":false,"robots_nofollow":false,"robots_noimageindex":false,"robots_noodp":false,"robots_notranslate":false,"robots_max_snippet":null,"robots_max_videopreview":null,"robots_max_imagepreview":"large","priority":null,"frequency":null,"local_seo":null,"breadcrumb_settings":null,"limit_modified_date":false,"ai":null,"created":"2022-08-26 09:39:52","updated":"2026-02-17 21:13:25","seo_analyzer_scan_date":null},"aioseo_breadcrumb":"<div class=\"aioseo-breadcrumbs\"><span class=\"aioseo-breadcrumb\">\n\t\t\t<a href=\"https:\/\/www.skalnik.pl\/blog\" title=\"Home\">Home<\/a>\n\t\t<\/span><span class=\"aioseo-breadcrumb-separator\">&raquo;<\/span><span class=\"aioseo-breadcrumb\">\n\t\t\t<a href=\"https:\/\/www.skalnik.pl\/blog\/.\/porady\/\" title=\"Porady\">Porady<\/a>\n\t\t<\/span><span class=\"aioseo-breadcrumb-separator\">&raquo;<\/span><span class=\"aioseo-breadcrumb\">\n\t\t\tJak wi\u0105za\u0107 chust\u0119 Buff\n\t\t<\/span><\/div>","aioseo_breadcrumb_json":[{"label":"Home","link":"https:\/\/www.skalnik.pl\/blog"},{"label":"Porady","link":"https:\/\/www.skalnik.pl\/blog\/.\/porady\/"},{"label":"Jak wi\u0105za\u0107 chust\u0119 Buff","link":"https:\/\/www.skalnik.pl\/blog\/jak-wiazac-chuste-buff\/"}],"_links":{"self":[{"href":"https:\/\/www.skalnik.pl\/blog\/wp-json\/wp\/v2\/posts\/476","targetHints":{"allow":["GET"]}}],"collection":[{"href":"https:\/\/www.skalnik.pl\/blog\/wp-json\/wp\/v2\/posts"}],"about":[{"href":"https:\/\/www.skalnik.pl\/blog\/wp-json\/wp\/v2\/types\/post"}],"author":[{"embeddable":true,"href":"https:\/\/www.skalnik.pl\/blog\/wp-json\/wp\/v2\/users\/7"}],"replies":[{"embeddable":true,"href":"https:\/\/www.skalnik.pl\/blog\/wp-json\/wp\/v2\/comments?post=476"}],"version-history":[{"count":7,"href":"https:\/\/www.skalnik.pl\/blog\/wp-json\/wp\/v2\/posts\/476\/revisions"}],"predecessor-version":[{"id":8978,"href":"https:\/\/www.skalnik.pl\/blog\/wp-json\/wp\/v2\/posts\/476\/revisions\/8978"}],"wp:featuredmedia":[{"embeddable":true,"href":"https:\/\/www.skalnik.pl\/blog\/wp-json\/wp\/v2\/media\/3158"}],"wp:attachment":[{"href":"https:\/\/www.skalnik.pl\/blog\/wp-json\/wp\/v2\/media?parent=476"}],"wp:term":[{"taxonomy":"category","embeddable":true,"href":"https:\/\/www.skalnik.pl\/blog\/wp-json\/wp\/v2\/categories?post=476"},{"taxonomy":"post_tag","embeddable":true,"href":"https:\/\/www.skalnik.pl\/blog\/wp-json\/wp\/v2\/tags?post=476"},{"taxonomy":"magento_category","embeddable":true,"href":"https:\/\/www.skalnik.pl\/blog\/wp-json\/wp\/v2\/magento_category?post=476"},{"taxonomy":"magento_product","embeddable":true,"href":"https:\/\/www.skalnik.pl\/blog\/wp-json\/wp\/v2\/magento_product?post=476"}],"curies":[{"name":"wp","href":"https:\/\/api.w.org\/{rel}","templated":true}]}}