{"id":4896,"date":"2018-12-07T11:03:32","date_gmt":"2018-12-07T10:03:32","guid":{"rendered":"https:\/\/skalnik.pl\/blog\/?p=4896"},"modified":"2022-02-21T07:48:58","modified_gmt":"2022-02-21T06:48:58","slug":"tatry-zima","status":"publish","type":"post","link":"https:\/\/www.skalnik.pl\/blog\/tatry-zima\/","title":{"rendered":"Tatry zim\u0105 &#8211; szlaki zimowe w Tatrach &#8211; 10 przykaza\u0144 dla pocz\u0105tkuj\u0105cych"},"content":{"rendered":"<p><b>Je\u015bli Tatry latem, jesieni\u0105 czy wiosn\u0105 zaw\u0142adn\u0119\u0142y twoim sercem, spr\u00f3buj odwiedzi\u0107 je tak\u017ce zim\u0105. Zobaczysz w\u00f3wczas ich jeszcze pi\u0119kniejsz\u0105 stron\u0119. Nie s\u0105 tak straszne, jak si\u0119 wydaj\u0105. O ile oczywi\u015bcie zachowasz zdrowy rozs\u0105dek i b\u0119dziesz pami\u0119ta\u0107 o kilku podstawowych zasadach. Wi\u0119kszo\u015b\u0107 z przedstawionych poni\u017cej \u201eprzykaza\u0144\u201d sprawdzi si\u0119 zreszt\u0105 nie tylko w Tatrach, ale ka\u017cdych polskich g\u00f3rach. Korzystajcie ze \u015bniegu i mrozu, bawcie si\u0119 dobrze, no i przede wszystkim bezpiecznie.<\/b><\/p>\n<div id=\"ez-toc-container\" class=\"ez-toc-v2_0_85 counter-hierarchy ez-toc-counter ez-toc-light-blue ez-toc-container-direction\">\n<div class=\"ez-toc-title-container\">\n<p class=\"ez-toc-title\" style=\"cursor:inherit\">SPIS TRE\u015aCI <\/p>\n<span class=\"ez-toc-title-toggle\"><a href=\"#\" class=\"ez-toc-pull-right ez-toc-btn ez-toc-btn-xs ez-toc-btn-default ez-toc-toggle\" aria-label=\"Prze\u0142\u0105cznik Spisu Tre\u015bci\"><span class=\"ez-toc-js-icon-con\"><span class=\"\"><span class=\"eztoc-hide\" style=\"display:none;\">Toggle<\/span><span class=\"ez-toc-icon-toggle-span\"><svg style=\"fill: #999;color:#999\" xmlns=\"http:\/\/www.w3.org\/2000\/svg\" class=\"list-377408\" width=\"20px\" height=\"20px\" viewBox=\"0 0 24 24\" fill=\"none\"><path d=\"M6 6H4v2h2V6zm14 0H8v2h12V6zM4 11h2v2H4v-2zm16 0H8v2h12v-2zM4 16h2v2H4v-2zm16 0H8v2h12v-2z\" fill=\"currentColor\"><\/path><\/svg><svg style=\"fill: #999;color:#999\" class=\"arrow-unsorted-368013\" xmlns=\"http:\/\/www.w3.org\/2000\/svg\" width=\"10px\" height=\"10px\" viewBox=\"0 0 24 24\" version=\"1.2\" baseProfile=\"tiny\"><path d=\"M18.2 9.3l-6.2-6.3-6.2 6.3c-.2.2-.3.4-.3.7s.1.5.3.7c.2.2.4.3.7.3h11c.3 0 .5-.1.7-.3.2-.2.3-.5.3-.7s-.1-.5-.3-.7zM5.8 14.7l6.2 6.3 6.2-6.3c.2-.2.3-.5.3-.7s-.1-.5-.3-.7c-.2-.2-.4-.3-.7-.3h-11c-.3 0-.5.1-.7.3-.2.2-.3.5-.3.7s.1.5.3.7z\"\/><\/svg><\/span><\/span><\/span><\/a><\/span><\/div>\n<nav><ul class='ez-toc-list ez-toc-list-level-1 ' ><li class='ez-toc-page-1 ez-toc-heading-level-2'><a class=\"ez-toc-link ez-toc-heading-1\" href=\"https:\/\/www.skalnik.pl\/blog\/tatry-zima\/#1_Sprawdzaj_pogode_przed_wyjazdem_i_w_jego_trakcie\" >1. Sprawdzaj pogod\u0119 przed wyjazdem i w jego trakcie<\/a><\/li><li class='ez-toc-page-1 ez-toc-heading-level-2'><a class=\"ez-toc-link ez-toc-heading-2\" href=\"https:\/\/www.skalnik.pl\/blog\/tatry-zima\/#2_Sprawdzaj_stopien_zagrozenia_lawinowego\" >2. Sprawdzaj stopie\u0144 zagro\u017cenia lawinowego<\/a><\/li><li class='ez-toc-page-1 ez-toc-heading-level-2'><a class=\"ez-toc-link ez-toc-heading-3\" href=\"https:\/\/www.skalnik.pl\/blog\/tatry-zima\/#3_Wybierz_cel_odpowiedni_do_pogody\" >3. Wybierz cel odpowiedni do pogody<\/a><\/li><li class='ez-toc-page-1 ez-toc-heading-level-2'><a class=\"ez-toc-link ez-toc-heading-4\" href=\"https:\/\/www.skalnik.pl\/blog\/tatry-zima\/#4_Zabezpiecz_sie_na_wypadek_sliskich_szlakow\" >4. Zabezpiecz si\u0119 na wypadek \u015bliskich szlak\u00f3w<\/a><\/li><li class='ez-toc-page-1 ez-toc-heading-level-2'><a class=\"ez-toc-link ez-toc-heading-5\" href=\"https:\/\/www.skalnik.pl\/blog\/tatry-zima\/#5_Ubierz_sie_warstwowo\" >5. Ubierz si\u0119 warstwowo<\/a><\/li><li class='ez-toc-page-1 ez-toc-heading-level-2'><a class=\"ez-toc-link ez-toc-heading-6\" href=\"https:\/\/www.skalnik.pl\/blog\/tatry-zima\/#_6_W_gory_obowiazkowo_z_czolowka\" >&nbsp;6. W g\u00f3ry obowi\u0105zkowo z czo\u0142\u00f3wk\u0105<\/a><\/li><li class='ez-toc-page-1 ez-toc-heading-level-2'><a class=\"ez-toc-link ez-toc-heading-7\" href=\"https:\/\/www.skalnik.pl\/blog\/tatry-zima\/#7_Co_musisz_miec_w_plecaku\" >7. Co musisz mie\u0107 w plecaku<\/a><\/li><li class='ez-toc-page-1 ez-toc-heading-level-2'><a class=\"ez-toc-link ez-toc-heading-8\" href=\"https:\/\/www.skalnik.pl\/blog\/tatry-zima\/#8_Uwazaj_na_przebieg_szlakow_zimowych\" >8. Uwa\u017caj na przebieg szlak\u00f3w zimowych<\/a><\/li><li class='ez-toc-page-1 ez-toc-heading-level-2'><a class=\"ez-toc-link ez-toc-heading-9\" href=\"https:\/\/www.skalnik.pl\/blog\/tatry-zima\/#9_Skus_sie_na_skitury\" >9. Sku\u015b si\u0119 na skitury<\/a><\/li><li class='ez-toc-page-1 ez-toc-heading-level-2'><a class=\"ez-toc-link ez-toc-heading-10\" href=\"https:\/\/www.skalnik.pl\/blog\/tatry-zima\/#10_Zabierz_lawinowe_ABC\" >10. Zabierz lawinowe ABC<\/a><\/li><li class='ez-toc-page-1 ez-toc-heading-level-2'><a class=\"ez-toc-link ez-toc-heading-11\" href=\"https:\/\/www.skalnik.pl\/blog\/tatry-zima\/#11_Odwiedz_centrum_treningowe_na_Kalatowkach\" >11. Odwied\u017a centrum treningowe na Kalat\u00f3wkach<\/a><\/li><\/ul><\/nav><\/div>\n<h2><span class=\"ez-toc-section\" id=\"1_Sprawdzaj_pogode_przed_wyjazdem_i_w_jego_trakcie\"><\/span>1. Sprawdzaj pogod\u0119 przed wyjazdem i w jego trakcie<span class=\"ez-toc-section-end\"><\/span><\/h2>\n<p>Pogoda podczas zimowych w\u0119dr\u00f3wek odgrywa rol\u0119 kluczow\u0105. Pami\u0119taj, \u017ce to ty musisz dopasowa\u0107 swoje g\u00f3rskie plany do warunk\u00f3w pogodowych. To nie czas na to, by za wszelk\u0105 cen\u0119 wej\u015b\u0107 na wymarzony szczyt. Zdanie \u201ejako\u015b to b\u0119dzie\u201d zim\u0105 w g\u00f3rach nie powinno w og\u00f3le pada\u0107.<\/p>\n<p>W Tatrach s\u0142u\u017cby \u2013 zar\u00f3wno parkowe (TPN), jak i ratownicze (TOPR) \u2013 na bie\u017c\u0105co monitoruj\u0105 nie tylko stan pogody, ale tak\u017ce szlak\u00f3w. Potraktuj ostrze\u017cenia powa\u017cnie i, co najwa\u017cniejsze, krytycznie podejd\u017a do w\u0142asnych umiej\u0119tno\u015bci. Je\u015bli latem jaki\u015b szlak sprawi\u0142 ci trudno\u015b\u0107, zim\u0105 mo\u017ce si\u0119 okaza\u0107 nie do pokonania, a na pewno jego przej\u015bcie zajmie o wiele wi\u0119cej czasu.<\/p>\n<p>Gdy ju\u017c dotrzesz pod tatrza\u0144skie wierchy, uwa\u017caj tak\u017ce na pi\u0119kn\u0105, s\u0142oneczn\u0105 pogod\u0119. Szczeg\u00f3lnie je\u015bli poprzedzi\u0142y j\u0105 du\u017ce opady \u015bniegu. To najbardziej zdradliwa zimowa pogoda w g\u00f3rach, kt\u00f3ra bezpo\u015brednio wi\u0105\u017ce si\u0119 z rosn\u0105cym zagro\u017ceniem lawinowym.<\/p>\n<div id=\"attachment_4914\" style=\"width: 1034px\" class=\"wp-caption alignnone\"><img loading=\"lazy\" decoding=\"async\" aria-describedby=\"caption-attachment-4914\" class=\"wp-image-4914 size-large\" title=\"Hala G\u0105sienicowa\" src=\"https:\/\/skalnik.pl\/blog\/wp-content\/uploads\/2018\/12\/szalasyHalaGasienicowa-1024x768.jpg\" alt=\"\" width=\"1024\" height=\"768\" srcset=\"https:\/\/www.skalnik.pl\/blog\/wp-content\/uploads\/2018\/12\/szalasyHalaGasienicowa-1024x768.jpg 1024w, https:\/\/www.skalnik.pl\/blog\/wp-content\/uploads\/2018\/12\/szalasyHalaGasienicowa-300x225.jpg 300w, https:\/\/www.skalnik.pl\/blog\/wp-content\/uploads\/2018\/12\/szalasyHalaGasienicowa-768x576.jpg 768w\" sizes=\"auto, (max-width: 1024px) 100vw, 1024px\" \/><p id=\"caption-attachment-4914\" class=\"wp-caption-text\">Sza\u0142asy na Hali G\u0105sienicowej. Obowi\u0105zywa\u0142 wtedy 3. stopie\u0144 zagro\u017cenia lawinowego.<\/p><\/div>\n<p>&nbsp;<\/p>\n<h2><span class=\"ez-toc-section\" id=\"2_Sprawdzaj_stopien_zagrozenia_lawinowego\"><\/span>2. Sprawdzaj stopie\u0144 zagro\u017cenia lawinowego<span class=\"ez-toc-section-end\"><\/span><\/h2>\n<p>Ten punkt nawi\u0105zuje do poprzedniego, poniewa\u017c sytuacja lawinowa zale\u017cy od pogody. W du\u017cym skr\u00f3cie \u2013 najbardziej niebezpieczny jest \u0142adny, s\u0142oneczny dzie\u0144, kt\u00f3ry nast\u0105pi\u0142 po obfitych opadach \u015bniegu. Im opad\u00f3w by\u0142o wi\u0119cej, tym poprawa pogody bardziej powinna nas zaalarmowa\u0107 i postawi\u0107 w stan ostro\u017cno\u015bci. Nie musisz sam bada\u0107 stopnia zagro\u017cenia lawinowego. Od pierwszych wi\u0119kszych opad\u00f3w \u015bniegu na stronach TPN i <a href=\"http:\/\/lawiny.topr.pl\/\" target=\"_blank\" rel=\"nofollow noopener noreferrer\">TOPR<\/a> pojawiaj\u0105 si\u0119 stosowne informacje. S\u0105 one dost\u0119pne tak\u017ce m.in. przy wej\u015bciu na teren Parku i na specjalnych ekranach w schroniskach, a ostatnio tak\u017ce w niekt\u00f3rych zakopia\u0144skich kwaterach.<\/p>\n<p>Skala, kt\u00f3r\u0105 przyj\u0119to do oznaczania <a href=\"http:\/\/www.gopr.pl\/zagrozenie-lawinowe\/baza-wiedzy\/skala-zagrozenia\" target=\"_blank\" rel=\"nofollow noopener noreferrer\">zagro\u017cenia lawinowego<\/a>, jest mi\u0119dzynarodowa i zaczyna si\u0119 od stopnia pierwszego. Im wy\u017cszy, tym zagro\u017cenie wi\u0119ksze, a schodzenie lawin jest mo\u017cliwe przy mniejszym obci\u0105\u017ceniu i na stokach o ni\u017cszym nachyleniu. Najwy\u017cszy to stopie\u0144 pi\u0105ty i oznacza on ekstremalne zagro\u017cenie oraz wi\u0105\u017ce si\u0119 z ca\u0142kowitym zakazem wyj\u015bcia w g\u00f3ry. Nie znaczy to jednak, \u017ce wszystko poni\u017cej \u201epi\u0105tki\u201d to ostrze\u017cenia na wyrost. Ostro\u017cno\u015b\u0107 nale\u017cy zachowa\u0107 ju\u017c od pierwszego stopnia, mimo \u017ce towarzyszy mu opis o dobrze zwi\u0105zanej pokrywie \u015bnie\u017cnej, a przy trzecim powa\u017cnie si\u0119 zastanowi\u0107 przed ka\u017cdym wyj\u015bciem w g\u00f3ry, dok\u0142adnie sprawdzi\u0107 przebieg szlaku i zwi\u0105zane z nim niebezpiecze\u0144stwa.<\/p>\n<div id=\"attachment_4920\" style=\"width: 1034px\" class=\"wp-caption alignnone\"><img loading=\"lazy\" decoding=\"async\" aria-describedby=\"caption-attachment-4920\" class=\"wp-image-4920 size-large\" title=\"piktogramy skali lawinowej\" src=\"https:\/\/skalnik.pl\/blog\/wp-content\/uploads\/2018\/12\/skala-lawinowa.-1024x213.jpg\" alt=\"\" width=\"1024\" height=\"213\" srcset=\"https:\/\/www.skalnik.pl\/blog\/wp-content\/uploads\/2018\/12\/skala-lawinowa.-1024x213.jpg 1024w, https:\/\/www.skalnik.pl\/blog\/wp-content\/uploads\/2018\/12\/skala-lawinowa.-300x63.jpg 300w, https:\/\/www.skalnik.pl\/blog\/wp-content\/uploads\/2018\/12\/skala-lawinowa.-768x160.jpg 768w, https:\/\/www.skalnik.pl\/blog\/wp-content\/uploads\/2018\/12\/skala-lawinowa..jpg 1200w\" sizes=\"auto, (max-width: 1024px) 100vw, 1024px\" \/><p id=\"caption-attachment-4920\" class=\"wp-caption-text\">Piktogramy oznaczaj\u0105ce stopnie zagro\u017cenia lawinowego<\/p><\/div>\n<p>&nbsp;<\/p>\n<h2><span class=\"ez-toc-section\" id=\"3_Wybierz_cel_odpowiedni_do_pogody\"><\/span>3. Wybierz cel odpowiedni do pogody<span class=\"ez-toc-section-end\"><\/span><\/h2>\n<p>Zaplanuj cel i elastycznie podejd\u017a do jego zmiany. Elastyczno\u015b\u0107 powinna by\u0107 twoim s\u0142owem-kluczem. Chodzi przecie\u017c o bezpieczne i pe\u0142ne pozytywnych wra\u017ce\u0144 sp\u0119dzenie wolnych dni w naszych najwy\u017cszych g\u00f3rach. Je\u015bli zatem synoptycy prognozuj\u0105 opady \u015bniegu, odpu\u015b\u0107 sobie w\u0119dr\u00f3wki szlakami ponad dolnym reglem. Gdy przewidywane s\u0105 mg\u0142y, nie wybieraj si\u0119 na zdradzieckie Czerwone Wierchy. Wybieraj szlaki przetarte, po kt\u00f3rych \u0142atwiej (i szybciej) si\u0119 w\u0119druje. Hala G\u0105sienicowa, Ko\u015bcielec, Kasprowy Wierch, Starorobocia\u0144ski Wierch, a tak\u017ce tatrza\u0144skie doliny s\u0105 zim\u0105 po prostu przepi\u0119kne.<\/p>\n<p>W wielu najbardziej popularnych miejscach stoj\u0105 schroniska, w kt\u00f3rych czeka\u0107 b\u0119dzie ciep\u0142a herbata i pyszna szarlotka \u2013 a to, opr\u00f3cz widok\u00f3w, najlepsza nagroda za zimow\u0105 w\u0119dr\u00f3wk\u0119. Nie warto te\u017c popada\u0107 w paranoj\u0119. Dobrze ubrany i wyposa\u017cony turysta poradzi sobie w Tatrach Zachodnich czy na \u0142atwiejszych szlakach Tatr Wysokich. Wszystko przede wszystkim warto robi\u0107 z g\u0142ow\u0105.<\/p>\n<div id=\"attachment_4915\" style=\"width: 1034px\" class=\"wp-caption alignnone\"><img loading=\"lazy\" decoding=\"async\" aria-describedby=\"caption-attachment-4915\" class=\"wp-image-4915 size-large\" title=\"Murowaniec\" src=\"https:\/\/skalnik.pl\/blog\/wp-content\/uploads\/2018\/12\/Murowaniec-1024x768.jpg\" alt=\"\" width=\"1024\" height=\"768\" srcset=\"https:\/\/www.skalnik.pl\/blog\/wp-content\/uploads\/2018\/12\/Murowaniec-1024x768.jpg 1024w, https:\/\/www.skalnik.pl\/blog\/wp-content\/uploads\/2018\/12\/Murowaniec-300x225.jpg 300w, https:\/\/www.skalnik.pl\/blog\/wp-content\/uploads\/2018\/12\/Murowaniec-768x576.jpg 768w\" sizes=\"auto, (max-width: 1024px) 100vw, 1024px\" \/><p id=\"caption-attachment-4915\" class=\"wp-caption-text\">Schronisko Murowaniec na Hali G\u0105sienicowej<\/p><\/div>\n<p>&nbsp;<\/p>\n<h2><span class=\"ez-toc-section\" id=\"4_Zabezpiecz_sie_na_wypadek_sliskich_szlakow\"><\/span>4. Zabezpiecz si\u0119 na wypadek \u015bliskich szlak\u00f3w<span class=\"ez-toc-section-end\"><\/span><\/h2>\n<p>Nawet szlaki biegn\u0105ce dolinami, czy to Ko\u015bcielisk\u0105, czy Chocho\u0142owsk\u0105 potrafi\u0105 by\u0107 przykryte cienk\u0105 i zdradzieck\u0105 warstw\u0105 lodu lub wy\u015blizganego \u015bniegu. \u017beby nie trafi\u0107 do kroniki TOPR oraz darowa\u0107 sobie odwiedziny zakopia\u0144skiego SOR-u warto na ka\u017cd\u0105 w\u0119dr\u00f3wk\u0119 zabra\u0107 <a href=\"https:\/\/skalnik.pl\/sprzet-zimowy\/turystyka-zimowa\/turystyka-zimowa-raki-raczki\" target=\"_blank\" rel=\"noopener noreferrer\">raczki czy raki<\/a>. Te pierwsze b\u0119d\u0105 idealne w dolinkach i dolinach (o ile, um\u00f3wmy si\u0119, nie jest to Dolina Pi\u0119ciu Staw\u00f3w Polskich). S\u0105 lekkie, zajmuj\u0105 niewiele miejsca w plecaku a ich za\u0142o\u017cenie jest nie tylko dziecinnie proste, ale i bardzo szybkie. Idealnie sprawdz\u0105 si\u0119 na p\u0142askich odcinkach, na zmro\u017conym \u015bniegu lub lodzie.<\/p>\n<p>Co innego w wy\u017cszych g\u00f3rach \u2013 tam raczej trzeba b\u0119dzie skorzysta\u0107 z rak\u00f3w. Pami\u0119taj o kilku najprostszych zasadach u\u017cywania rak\u00f3w, \u017ceby korzystanie z nich by\u0142o jak najwygodniejsze. Sprawd\u017a, jaki rodzaj rak\u00f3w (koszykowe, p\u00f3\u0142automatyczne, automatyczne) najlepiej pasuje do twoich but\u00f3w g\u00f3rskich. Raki koszykowe s\u0105 najbardziej uniwersalne, chocia\u017c ich za\u0142o\u017cenie zajmuje najwi\u0119cej czasu. Przed wyruszeniem w g\u00f3ry po\u015bwi\u0119\u0107 chwil\u0119 i wyreguluj w\u0142a\u015bciwy rozmiar rak\u00f3w, tak \u017ceby nie trzeba by\u0142o tego robi\u0107 na szlaku.<\/p>\n<p><iframe loading=\"lazy\" title=\"Jak zak\u0142ada\u0107 raki na buty - skalnik.pl\" width=\"500\" height=\"281\" src=\"https:\/\/www.youtube.com\/embed\/Nc5KvYR2ZSQ?feature=oembed\" frameborder=\"0\" allow=\"accelerometer; autoplay; clipboard-write; encrypted-media; gyroscope; picture-in-picture; web-share\" referrerpolicy=\"strict-origin-when-cross-origin\" allowfullscreen><\/iframe><\/p>\n<p>Po\u0107wicz poruszanie si\u0119 w rakach, nie jest to bardzo trudne, niemniej warto nauczy\u0107 si\u0119 tego \u201eszerszego kroku\u201d. Za\u0142\u00f3\u017c stuptuty, kt\u00f3re ochroni\u0105 ci\u0119 zar\u00f3wno przed wpadaj\u0105cym do but\u00f3w \u015bniegiem, jak i przed przypadkowym zahaczeniem rakami o nogawki spodni. I rzecz najwa\u017cniejsza, je\u015bli schodz\u0105c z g\u00f3r zamierzasz przyspieszy\u0107 zje\u017cd\u017caj\u0105c na czterech literach, zawsze, ale to zawsze zdejmuj raki. Zjazd na siedzeniu w Dolinie Ma\u0142ej \u0141\u0105ki sko\u0144czy\u0142 si\u0119 w przypadku mojej kole\u017canki skr\u0119ceniem stawu skokowego. Na szcz\u0119\u015bcie tylko skr\u0119ceniem, chocia\u017c o wyj\u015bciach w g\u00f3ry nie by\u0142o ju\u017c mowy.<\/p>\n<p>&nbsp;<\/p>\n<h2><span class=\"ez-toc-section\" id=\"5_Ubierz_sie_warstwowo\"><\/span>5. Ubierz si\u0119 warstwowo<span class=\"ez-toc-section-end\"><\/span><\/h2>\n<p>To, co kiedy\u015b nazywa\u0142o si\u0119 ubiorem na cebulk\u0119 dzi\u015b nazywamy ubiorem warstwowym. Podstawowa r\u00f3\u017cnica mi\u0119dzy nimi? W ubiorze warstwowym chodzi o funkcjonalny dob\u00f3r warstw. Ka\u017cda z nich ma do spe\u0142nienia okre\u015blon\u0105 funkcj\u0119 i dlatego jest zrobiona z konkretnych materia\u0142\u00f3w.<\/p>\n<p>Zadbaj o to, by ka\u017cda z warstw uzupe\u0142nia\u0142a ca\u0142o\u015b\u0107 ubioru. Pierwsza to oczywi\u015bcie <a href=\"https:\/\/skalnik.pl\/odziez\/odziez-meska\/odziez-meska-bielizna-termoaktywna\" target=\"_blank\" rel=\"noopener noreferrer\">bielizna termoaktywna<\/a>, kt\u00f3rej zadaniem jest odci\u0105ganie wilgoci z dala od sk\u00f3ry. Kolejna &#8211; warstwa docieplaj\u0105ca \u2013 powinna zapewni\u0107 najwy\u017cszy komfort termiczny. Zewn\u0119trzna \u2013 chroni\u0107 przed niesprzyjaj\u0105cymi warunkami, takimi jak wiatr, \u015bnieg czy marzn\u0105cy deszcz. Pami\u0119taj o wa\u017cnej zasadzie \u2013 dop\u00f3ki jeste\u015b w ruchu, tw\u00f3j organizm produkuje mas\u0119 ciep\u0142a. Twoje ubrania musz\u0105 je m\u0105drze wyprowadzi\u0107 na zewn\u0105trz, natomiast kiedy tylko stajesz, cho\u0107by na kr\u00f3tk\u0105 chwil\u0119, koniecznie zadbaj, by ciep\u0142o nie ucieka\u0142o, lecz kumulowa\u0142o si\u0119 blisko cia\u0142a. Z tego te\u017c wzgl\u0119du w\u0119dr\u00f3wka w puch\u00f3wce to s\u0142aby pomys\u0142, podobnie zreszt\u0105, jak i post\u00f3j bez okrycia si\u0119 puchem (naturalnym b\u0105d\u017a sztucznym).<\/p>\n<div class=\"column\">\n<div class=\"column_l\">\n<div id=\"attachment_4900\" style=\"width: 415px\" class=\"wp-caption alignnone\"><img loading=\"lazy\" decoding=\"async\" aria-describedby=\"caption-attachment-4900\" class=\"wp-image-4900\" title=\"warstwa podstawowa\" src=\"https:\/\/skalnik.pl\/blog\/wp-content\/uploads\/2018\/12\/ubior_warstwowy-300x225.jpg\" alt=\"\" width=\"405\" height=\"304\" srcset=\"https:\/\/www.skalnik.pl\/blog\/wp-content\/uploads\/2018\/12\/ubior_warstwowy-300x225.jpg 300w, https:\/\/www.skalnik.pl\/blog\/wp-content\/uploads\/2018\/12\/ubior_warstwowy-768x576.jpg 768w, https:\/\/www.skalnik.pl\/blog\/wp-content\/uploads\/2018\/12\/ubior_warstwowy-1024x768.jpg 1024w\" sizes=\"auto, (max-width: 405px) 100vw, 405px\" \/><p id=\"caption-attachment-4900\" class=\"wp-caption-text\">Warstwa podstawowa wystarcza podczas drogi w g\u00f3r\u0119<\/p><\/div>\n<\/div>\n<div class=\"column_r\">\n<div id=\"attachment_4899\" style=\"width: 415px\" class=\"wp-caption alignnone\"><img loading=\"lazy\" decoding=\"async\" aria-describedby=\"caption-attachment-4899\" class=\"wp-image-4899\" title=\"warstwa docieplaj\u0105ca\" src=\"https:\/\/skalnik.pl\/blog\/wp-content\/uploads\/2018\/12\/ubior_warstowy2-300x225.jpg\" alt=\"\" width=\"405\" height=\"304\" srcset=\"https:\/\/www.skalnik.pl\/blog\/wp-content\/uploads\/2018\/12\/ubior_warstowy2-300x225.jpg 300w, https:\/\/www.skalnik.pl\/blog\/wp-content\/uploads\/2018\/12\/ubior_warstowy2-768x576.jpg 768w, https:\/\/www.skalnik.pl\/blog\/wp-content\/uploads\/2018\/12\/ubior_warstowy2-1024x768.jpg 1024w\" sizes=\"auto, (max-width: 405px) 100vw, 405px\" \/><p id=\"caption-attachment-4899\" class=\"wp-caption-text\">W warstwie docieplaj\u0105cej podczas d\u0142u\u017cszego postoju na Twardej Kopie<\/p><\/div>\n<\/div>\n<\/div>\n<p>&nbsp;<\/p>\n<h2><span class=\"ez-toc-section\" id=\"_6_W_gory_obowiazkowo_z_czolowka\"><\/span>&nbsp;6. W g\u00f3ry obowi\u0105zkowo z czo\u0142\u00f3wk\u0105<span class=\"ez-toc-section-end\"><\/span><\/h2>\n<p>We\u017a poprawk\u0119 w swoich planach na szybko zapadaj\u0105cy zmrok a wraz z nim na spadaj\u0105c\u0105 temperatur\u0119. Opr\u00f3cz w\u0142a\u015bciwego ubioru koniecznie zabierz ze sob\u0105 w g\u00f3ry <a href=\"https:\/\/skalnik.pl\/sprzet-turystyczny\/oswietlenie\/oswietlenie-czolowki\" target=\"_blank\" rel=\"noopener noreferrer\">czo\u0142\u00f3wk\u0119<\/a> ewentualnie latark\u0119 r\u0119czn\u0105. Mrok zapada nawet ok. godz. 16.00. Nie b\u0105d\u017a jednym z tych turyst\u00f3w, kt\u00f3rzy nawet na najprostszych szlakach nie radz\u0105 sobie tylko dlatego, \u017ce jest ciemno. Od pocz\u0105tku grudnia do ko\u0144ca lutego nie obowi\u0105zuje zakaz poruszania si\u0119 po TPN po zmroku, ale jest on znoszony tylko ze wzgl\u0119du na wcze\u015bniejsze godziny zachodz\u0105cego s\u0142o\u0144ca. Planowanie nocnych wycieczek to nie jest dobry pomys\u0142. Noc to w Tatrach czas, kiedy zwierz\u0119ta mog\u0105 spokojnie doj\u015b\u0107 do wodopoju czy poszuka\u0107 innego miejsca z jedzeniem. Tury\u015bci to dla mieszka\u0144c\u00f3w lasu niepotrzebny stres, kt\u00f3rego mo\u017cemy im zaoszcz\u0119dzi\u0107 cho\u0107by przez te kilka(na\u015bcie) ciemnych godzin.<\/p>\n<p>&nbsp;<\/p>\n<h2><span class=\"ez-toc-section\" id=\"7_Co_musisz_miec_w_plecaku\"><\/span>7. Co musisz mie\u0107 w plecaku<span class=\"ez-toc-section-end\"><\/span><\/h2>\n<p>Koniecznie spakuj do plecaka kilka drobiazg\u00f3w, od kt\u00f3rych b\u0119dzie zale\u017ca\u0142 tw\u00f3j komfort i bezpiecze\u0144stwo podczas tatrza\u0144skiej w\u0119dr\u00f3wki w zimie. Nie zawsze si\u0119 przydadz\u0105, jednak to, \u017ce s\u0105 pod r\u0119k\u0105 wp\u0142ywa na bezpiecze\u0144stwo Twojego wyj\u015bcia.<\/p>\n<p>Koniecznie miej ze sob\u0105 map\u0119 \u2013 je\u015bli dysponujesz zimow\u0105 wersj\u0105 mapy tatrza\u0144skiej, zapoznaj si\u0119 z ni\u0105 i we\u017a j\u0105 ze sob\u0105. Na\u0142aduj telefon i zainstaluj w nim <a href=\"https:\/\/skalnik.pl\/blog\/aplikacja-turystyczne-co-warto-miec-ze-soba-w-telefonie\/\" target=\"_blank\" rel=\"noopener noreferrer\">aplikacj\u0119 Ratunek<\/a> oraz wpisz numery telefon\u00f3w do TOPR: <b>985<\/b> lub <b>600&nbsp;100 300<\/b>.<br \/>\nKoniecznie powiadom bliskich i\/lub gospodarza o planowanej trasie w\u0119dr\u00f3wki i przewidywanej godzinie powrotu. Godzin\u0119 t\u0119 potraktuj jako alarmow\u0105, ustal j\u0105 tak, \u017ceby realny by\u0142 powr\u00f3t do bazy lub chocia\u017c do cywilizacji, kt\u00f3ra pozwoli na szybki kontakt. O ile oczywi\u015bcie ci\u0105gle masz dzia\u0142aj\u0105cy telefon. \u017beby wyd\u0142u\u017cy\u0107 jego dzia\u0142anie mo\u017cesz zabra\u0107 tak\u017ce power bank. Dobrze te\u017c mie\u0107 ze sob\u0105 kompas i zapasowe baterie do czo\u0142\u00f3wki.<\/p>\n<p>Opr\u00f3cz elektroniki zdecydowanie warto mie\u0107 ze sob\u0105 apteczk\u0119 koniecznie wyposa\u017con\u0105 w foli\u0119 NRC (zwan\u0105 te\u017c kocem ratunkowym). Przyda si\u0119 oczywi\u015bcie termos z gor\u0105c\u0105 herbat\u0105 i troch\u0119 s\u0142odyczy. Na wszelki wypadek zapakuj zapasowe r\u0119kawiczki, czapk\u0119 i skarpetki. Opr\u00f3cz tego okulary przeciws\u0142oneczne, bo odbijaj\u0105ce si\u0119 od \u015bniegu promienie s\u0142o\u0144ca potrafi\u0105 naprawd\u0119 zrobi\u0107 krzywd\u0119 oczom. Je\u015bli szybko si\u0119 poruszasz, zapakuj do plecaka puch\u00f3wk\u0119 lub kurtk\u0119 ze sztucznym puchem, a na w\u0119dr\u00f3wk\u0119 na\u0142\u00f3\u017c bielizn\u0119 termoaktywn\u0105 i softshell.<\/p>\n<p>&nbsp;<\/p>\n<h2><span class=\"ez-toc-section\" id=\"8_Uwazaj_na_przebieg_szlakow_zimowych\"><\/span>8. Uwa\u017caj na przebieg szlak\u00f3w zimowych<span class=\"ez-toc-section-end\"><\/span><\/h2>\n<p>Nie ufaj swojej pami\u0119ci do szlak\u00f3w. Jest to tym zdradliwsze, \u017ce zim\u0105 wszystko wygl\u0105da inaczej. Przykryte warstw\u0105 \u015bniegu nikn\u0105 pod nim charakterystyczne g\u0142azy, pnie, a nawet podej\u015bcia. Poza tym niekt\u00f3re szlaki zim\u0105 s\u0105 zamykane, przede wszystkim ze wzgl\u0119du na ryzyko schodzenia lawin. Zerknij na stron\u0119 TPN i zapoznaj si\u0119 z komunikatami odno\u015bnie do zamkni\u0119tych szlak\u00f3w b\u0105d\u017a zmienionych ich przebieg\u00f3w. Nigdy nie chod\u017a \u201ena pami\u0119\u0107\u201d. Zimowe warianty poprowadzone s\u0105 bezpieczniej na t\u0119 por\u0119 roku i dla w\u0142asnego bezpiecze\u0144stwa trzeba si\u0119 do takiej zmiany zastosowa\u0107.<\/p>\n<p>Na okres zimowy (do 1 grudnia do 15 maja) co roku TPN zamyka nast\u0119puj\u0105ce szlaki:<\/p>\n<ul>\n<li>Prze\u0142\u0119cz w Grzybowcu &#8211; Wy\u017cnia Kondracka Prze\u0142\u0119cz<\/li>\n<li>Dolina Tomanowa &#8211; Chuda Prze\u0142\u0105czka<\/li>\n<li>Dolina Pi\u0119ciu Staw\u00f3w Polskich &#8211; \u015awist\u00f3wka Roztocka &#8211; Morskie Oko<\/li>\n<\/ul>\n<p>Natomiast po s\u0142owackiej stronie Tatr obowi\u0105zuje zakaz wychodzenia w szlaki powy\u017cej schronisk od 1 listopada do 15 czerwca.<\/p>\n<div id=\"attachment_4905\" style=\"width: 1034px\" class=\"wp-caption alignnone\"><img loading=\"lazy\" decoding=\"async\" aria-describedby=\"caption-attachment-4905\" class=\"wp-image-4905 size-large\" title=\"Drogowskaz na Kondrackiej Prze\u0142\u0119czy\" src=\"https:\/\/skalnik.pl\/blog\/wp-content\/uploads\/2018\/12\/przel_Kondracka-1024x576.jpg\" alt=\"\" width=\"1024\" height=\"576\" srcset=\"https:\/\/www.skalnik.pl\/blog\/wp-content\/uploads\/2018\/12\/przel_Kondracka-1024x576.jpg 1024w, https:\/\/www.skalnik.pl\/blog\/wp-content\/uploads\/2018\/12\/przel_Kondracka-300x169.jpg 300w, https:\/\/www.skalnik.pl\/blog\/wp-content\/uploads\/2018\/12\/przel_Kondracka-768x432.jpg 768w\" sizes=\"auto, (max-width: 1024px) 100vw, 1024px\" \/><p id=\"caption-attachment-4905\" class=\"wp-caption-text\">Kondracka Prze\u0142\u0119cz z niewielk\u0105, ale mocno przewian\u0105 warstw\u0105 \u015bniegu<\/p><\/div>\n<p>&nbsp;<\/p>\n<h2><span class=\"ez-toc-section\" id=\"9_Skus_sie_na_skitury\"><\/span>9. Sku\u015b si\u0119 na skitury<span class=\"ez-toc-section-end\"><\/span><\/h2>\n<p>Je\u015bli tylko je\u017adzisz na nartach, spr\u00f3buj wolno\u015bci, jak\u0105 daj\u0105 skitury. Dzi\u0119ki nim mo\u017cesz po\u0142\u0105czy\u0107 dwie pasje \u2013 w\u0119dr\u00f3wki i narciarstwo. Na pocz\u0105tek mo\u017cesz obra\u0107 \u0142atwy cel jakim jest Kasprowy Wierch \u2013 najlepiej przez Hal\u0119 G\u0105sienicow\u0105. Wycieczka jest bezpieczna i stosunkowo \u0142atwa. W zale\u017cno\u015bci od kondycji zajmie ci od kilku godzin po ca\u0142y dzie\u0144. Poza tym je\u015bli nie czujesz si\u0119 za dobrze w zjazdach poza trasami, zawsze mo\u017cesz zjecha\u0107 do Ku\u017anic tradycyjn\u0105 nartostrad\u0105.<\/p>\n<p>W Zakopanem znajdziesz sporo wypo\u017cyczalni, w kt\u00f3rych dost\u0119pny jest sprz\u0119t skiturowy. Jednak w okresie \u015bwi\u0105teczno-noworocznym lub podczas ferii lepiej zawczasu zarezerwowa\u0107 komplet, \u017ceby w ostatniej chwili nie musie\u0107 zmienia\u0107 plan\u00f3w.<\/p>\n<div id=\"attachment_4917\" style=\"width: 1034px\" class=\"wp-caption alignnone\"><img loading=\"lazy\" decoding=\"async\" aria-describedby=\"caption-attachment-4917\" class=\"wp-image-4917 size-large\" title=\"Skiturowiec na Hali G\u0105sienicowej\" src=\"https:\/\/skalnik.pl\/blog\/wp-content\/uploads\/2018\/12\/skitury-1024px-1024x768.jpg\" alt=\"\" width=\"1024\" height=\"768\" srcset=\"https:\/\/www.skalnik.pl\/blog\/wp-content\/uploads\/2018\/12\/skitury-1024px-1024x768.jpg 1024w, https:\/\/www.skalnik.pl\/blog\/wp-content\/uploads\/2018\/12\/skitury-1024px-300x225.jpg 300w, https:\/\/www.skalnik.pl\/blog\/wp-content\/uploads\/2018\/12\/skitury-1024px-768x576.jpg 768w\" sizes=\"auto, (max-width: 1024px) 100vw, 1024px\" \/><p id=\"caption-attachment-4917\" class=\"wp-caption-text\">Skiturowa wycieczka na Kasprowy Wierch przez Hal\u0119 G\u0105sienicow\u0105<\/p><\/div>\n<p>&nbsp;<\/p>\n<h2><span class=\"ez-toc-section\" id=\"10_Zabierz_lawinowe_ABC\"><\/span>10. Zabierz lawinowe ABC<span class=\"ez-toc-section-end\"><\/span><\/h2>\n<p>Wybierasz si\u0119 na wycieczk\u0119 skiturow\u0105 albo na trudniejszy szlak? Zawsze zabieraj ze sob\u0105 detektor lawinowy, sond\u0119 i \u0142opat\u0119, czyli <a href=\"https:\/\/skalnik.pl\/sprzet-zimowy\/bezpieczenstwo\" target=\"_blank\" rel=\"noopener noreferrer\">lawinowe ABC<\/a>. Naucz si\u0119 te\u017c sprawnie nimi pos\u0142ugiwa\u0107. Najlepiej co roku od\u015bwie\u017ca\u0107 wiedz\u0119 i umiej\u0119tno\u015bci pos\u0142ugiwania si\u0119 detektorem i sond\u0105. Skuteczna akcja ratunkowa jest mo\u017cliwa wtedy, gdy szybko mo\u017cna namierzy\u0107 ofiar\u0119 lawiny, a nic nie daje takiej gwarancji pr\u00f3cz detektora, sondy oraz prawid\u0142owego pos\u0142ugiwania si\u0119 nimi.<\/p>\n<p>Nie zapominaj, \u017ceby przy wej\u015bciu na szlak w\u0142\u0105czy\u0107 detektor i zrobi\u0107 test grupowy. Dzi\u0119ki niemu wszystkie osoby, z kt\u00f3rymi w\u0119drujesz, mog\u0105 sprawdzi\u0107 czy ich sprz\u0119t dzia\u0142a i jest wyszukiwany przez inne urz\u0105dzenia.<\/p>\n<p>&nbsp;<\/p>\n<p>W bonusie jest jeszcze punkt jedenasty.<\/p>\n<h2><span class=\"ez-toc-section\" id=\"11_Odwiedz_centrum_treningowe_na_Kalatowkach\"><\/span>11. Odwied\u017a centrum treningowe na Kalat\u00f3wkach<span class=\"ez-toc-section-end\"><\/span><\/h2>\n<p>To miejsce, w kt\u00f3rym mo\u017cesz po\u0107wiczy\u0107 pos\u0142ugiwanie si\u0119 detektorem i sond\u0105 lawinow\u0105. Nie zast\u0105pi oczywi\u015bcie \u0107wicze\u0144 w terenie, ale na pierwszy czy drugi kontakt z tymi urz\u0105dzeniami jest to bardzo ciekawe miejsce. Centrum dzia\u0142a zim\u0105, gdy tylko porz\u0105dna warstwa bia\u0142ego puchu przykryje polan\u0119. Przy hotelu g\u00f3rskim Kalat\u00f3wki wyznaczono miejsce, gdzie schowano kilka skrzynek z nadajnikami. Chodzi o by namierzy\u0107 detektorem sygna\u0142y z ukrytych na polanie skrzynek. W\u0142a\u015bciwe zaliczenie zadania odbywa si\u0119 poprzez wbicie sondy w skrzynk\u0119. Mo\u017cna wybra\u0107 kilka poziom\u00f3w trudno\u015bci i przechodzi\u0107 pomi\u0119dzy nimi. Na miejscu s\u0105 wolontariusze, kt\u00f3rzy wypo\u017cyczaj\u0105 sprz\u0119t i pokr\u00f3tce obja\u015bniaj\u0105 jego obs\u0142ug\u0119.<\/p>\n<div id=\"attachment_4907\" style=\"width: 1034px\" class=\"wp-caption alignnone\"><img loading=\"lazy\" decoding=\"async\" aria-describedby=\"caption-attachment-4907\" class=\"wp-image-4907 size-large\" title=\"Kalat\u00f3wki\" src=\"https:\/\/skalnik.pl\/blog\/wp-content\/uploads\/2018\/12\/kalatowki-1024x576.jpg\" alt=\"\" width=\"1024\" height=\"576\" srcset=\"https:\/\/www.skalnik.pl\/blog\/wp-content\/uploads\/2018\/12\/kalatowki-1024x576.jpg 1024w, https:\/\/www.skalnik.pl\/blog\/wp-content\/uploads\/2018\/12\/kalatowki-300x169.jpg 300w, https:\/\/www.skalnik.pl\/blog\/wp-content\/uploads\/2018\/12\/kalatowki-768x432.jpg 768w\" sizes=\"auto, (max-width: 1024px) 100vw, 1024px\" \/><p id=\"caption-attachment-4907\" class=\"wp-caption-text\">Automat treningowy na Polanie Kalat\u00f3wki<\/p><\/div>\n<p>Zdaj\u0119 sobie spraw\u0119, \u017ce to zaledwie &#8222;li\u017ani\u0119cie&#8221; tematu zimowej turystyki w Tatrach. Osobom, kt\u00f3re chcia\u0142by si\u0119 wybra\u0107 w wy\u017csze partie czy na bardziej zaawansowane szlaki, polecam kursy turystyki zimowej. To kilka dni solidnej wiedzy praktycznej, kt\u00f3ra jest przekazywana przez do\u015bwiadczonych instruktor\u00f3w w najpi\u0119kniejszych polskich g\u00f3rach.&nbsp; Daj si\u0119 nam\u00f3wi\u0107 na zimowy wypad w Tatry!<\/p>\n","protected":false},"excerpt":{"rendered":"<p>Tatry zim\u0105 wygl\u0105daj\u0105 bajkowo, ale s\u0105 te\u017c gro\u017ane. W dziesi\u0119ciu punktach przedstawiamy, o czym warto pami\u0119ta\u0107 wybieraj\u0105c si\u0119 zim\u0105 w najwy\u017csze polskie g\u00f3ry. Potraktuj te wskaz\u00f3wki jak praktyczn\u0105 \u015bci\u0105gawk\u0119 i podstaw\u0119 zimowego w\u0119drowania. <\/p>\n","protected":false},"author":9,"featured_media":4919,"comment_status":"open","ping_status":"open","sticky":false,"template":"","format":"standard","meta":{"_acf_changed":false,"footnotes":""},"categories":[84],"tags":[28,134,14,16],"magento_category":[],"magento_product":[],"class_list":["post-4896","post","type-post","status-publish","format-standard","has-post-thumbnail","hentry","category-pasja","tag-gory","tag-lawinowe-abc","tag-tatry","tag-zima"],"acf":[],"aioseo_notices":[],"aioseo_head":"\n\t\t<!-- All in One SEO 4.9.10 - aioseo.com -->\n\t<meta name=\"description\" content=\"Tatry zim\u0105 wygl\u0105daj\u0105 bajkowo, ale s\u0105 te\u017c gro\u017ane. W dziesi\u0119ciu punktach przedstawiamy, o czym warto pami\u0119ta\u0107 wybieraj\u0105c si\u0119 zim\u0105 w najwy\u017csze polskie g\u00f3ry. Potraktuj te wskaz\u00f3wki jak praktyczn\u0105 \u015bci\u0105gawk\u0119 i podstaw\u0119 zimowego w\u0119drowania.\" \/>\n\t<meta name=\"robots\" content=\"max-image-preview:large\" \/>\n\t<meta name=\"author\" content=\"Beata Nawrotkiewicz\"\/>\n\t<link rel=\"canonical\" href=\"https:\/\/www.skalnik.pl\/blog\/tatry-zima\/\" \/>\n\t<meta name=\"generator\" content=\"All in One SEO (AIOSEO) 4.9.10\" \/>\n\t\t<meta property=\"og:locale\" content=\"pl_PL\" \/>\n\t\t<meta property=\"og:site_name\" content=\"blog Skalnik - Blog, porady, artyku\u0142y - blog Skalnik\" \/>\n\t\t<meta property=\"og:type\" content=\"article\" \/>\n\t\t<meta property=\"og:title\" content=\"Tatry zim\u0105 \u2013 szlaki zimowe w Tatrach \u2013 10 przykaza\u0144 dla pocz\u0105tkuj\u0105cych - blog Skalnik\" \/>\n\t\t<meta property=\"og:description\" content=\"Tatry zim\u0105 wygl\u0105daj\u0105 bajkowo, ale s\u0105 te\u017c gro\u017ane. W dziesi\u0119ciu punktach przedstawiamy, o czym warto pami\u0119ta\u0107 wybieraj\u0105c si\u0119 zim\u0105 w najwy\u017csze polskie g\u00f3ry. Potraktuj te wskaz\u00f3wki jak praktyczn\u0105 \u015bci\u0105gawk\u0119 i podstaw\u0119 zimowego w\u0119drowania.\" \/>\n\t\t<meta property=\"og:url\" content=\"https:\/\/www.skalnik.pl\/blog\/tatry-zima\/\" \/>\n\t\t<meta property=\"og:image\" content=\"https:\/\/skalnik.pl\/blog\/wp-content\/uploads\/2018\/12\/szalasyHalaGasienicowa-1024x768.jpg\" \/>\n\t\t<meta property=\"og:image:secure_url\" content=\"https:\/\/skalnik.pl\/blog\/wp-content\/uploads\/2018\/12\/szalasyHalaGasienicowa-1024x768.jpg\" \/>\n\t\t<meta property=\"article:tag\" content=\"pasja\" \/>\n\t\t<meta property=\"article:tag\" content=\"g\u00f3ry\" \/>\n\t\t<meta property=\"article:tag\" content=\"lawinowe abc\" \/>\n\t\t<meta property=\"article:tag\" content=\"tatry\" \/>\n\t\t<meta property=\"article:tag\" content=\"zima\" \/>\n\t\t<meta property=\"article:published_time\" content=\"2018-12-07T10:03:32+00:00\" \/>\n\t\t<meta property=\"article:modified_time\" content=\"2022-02-21T06:48:58+00:00\" \/>\n\t\t<meta name=\"twitter:card\" content=\"summary_large_image\" \/>\n\t\t<meta name=\"twitter:title\" content=\"Tatry zim\u0105 \u2013 szlaki zimowe w Tatrach \u2013 10 przykaza\u0144 dla pocz\u0105tkuj\u0105cych - blog Skalnik\" \/>\n\t\t<meta name=\"twitter:description\" content=\"Tatry zim\u0105 wygl\u0105daj\u0105 bajkowo, ale s\u0105 te\u017c gro\u017ane. W dziesi\u0119ciu punktach przedstawiamy, o czym warto pami\u0119ta\u0107 wybieraj\u0105c si\u0119 zim\u0105 w najwy\u017csze polskie g\u00f3ry. Potraktuj te wskaz\u00f3wki jak praktyczn\u0105 \u015bci\u0105gawk\u0119 i podstaw\u0119 zimowego w\u0119drowania.\" \/>\n\t\t<meta name=\"twitter:image\" content=\"https:\/\/skalnik.pl\/blog\/wp-content\/uploads\/2018\/12\/szalasyHalaGasienicowa-1024x768.jpg\" \/>\n\t\t<script type=\"application\/ld+json\" class=\"aioseo-schema\">\n\t\t\t{\"@context\":\"https:\\\/\\\/schema.org\",\"@graph\":[{\"@type\":\"BlogPosting\",\"@id\":\"https:\\\/\\\/www.skalnik.pl\\\/blog\\\/tatry-zima\\\/#blogposting\",\"name\":\"Tatry zim\\u0105 \\u2013 szlaki zimowe w Tatrach \\u2013 10 przykaza\\u0144 dla pocz\\u0105tkuj\\u0105cych - blog Skalnik\",\"headline\":\"Tatry zim\\u0105 &#8211; szlaki zimowe w Tatrach &#8211; 10 przykaza\\u0144 dla pocz\\u0105tkuj\\u0105cych\",\"author\":{\"@id\":\"https:\\\/\\\/www.skalnik.pl\\\/blog\\\/author\\\/beata-nawrotkiewicz\\\/#author\"},\"publisher\":{\"@id\":\"https:\\\/\\\/www.skalnik.pl\\\/blog\\\/#organization\"},\"image\":{\"@type\":\"ImageObject\",\"url\":\"https:\\\/\\\/www.skalnik.pl\\\/blog\\\/wp-content\\\/uploads\\\/2018\\\/12\\\/Koscielec_Orla-ok\\u0142adka.jpg\",\"width\":1920,\"height\":705},\"datePublished\":\"2018-12-07T11:03:32+02:00\",\"dateModified\":\"2022-02-21T07:48:58+02:00\",\"inLanguage\":\"pl-PL\",\"mainEntityOfPage\":{\"@id\":\"https:\\\/\\\/www.skalnik.pl\\\/blog\\\/tatry-zima\\\/#webpage\"},\"isPartOf\":{\"@id\":\"https:\\\/\\\/www.skalnik.pl\\\/blog\\\/tatry-zima\\\/#webpage\"},\"articleSection\":\"Pasja, g\\u00f3ry, lawinowe ABC, tatry, zima\"},{\"@type\":\"BreadcrumbList\",\"@id\":\"https:\\\/\\\/www.skalnik.pl\\\/blog\\\/tatry-zima\\\/#breadcrumblist\",\"itemListElement\":[{\"@type\":\"ListItem\",\"@id\":\"https:\\\/\\\/www.skalnik.pl\\\/blog#listItem\",\"position\":1,\"name\":\"Home\",\"item\":\"https:\\\/\\\/www.skalnik.pl\\\/blog\",\"nextItem\":{\"@type\":\"ListItem\",\"@id\":\"https:\\\/\\\/www.skalnik.pl\\\/blog\\\/.\\\/pasja\\\/#listItem\",\"name\":\"Pasja\"}},{\"@type\":\"ListItem\",\"@id\":\"https:\\\/\\\/www.skalnik.pl\\\/blog\\\/.\\\/pasja\\\/#listItem\",\"position\":2,\"name\":\"Pasja\",\"item\":\"https:\\\/\\\/www.skalnik.pl\\\/blog\\\/.\\\/pasja\\\/\",\"nextItem\":{\"@type\":\"ListItem\",\"@id\":\"https:\\\/\\\/www.skalnik.pl\\\/blog\\\/tatry-zima\\\/#listItem\",\"name\":\"Tatry zim\\u0105 &#8211; szlaki zimowe w Tatrach &#8211; 10 przykaza\\u0144 dla pocz\\u0105tkuj\\u0105cych\"},\"previousItem\":{\"@type\":\"ListItem\",\"@id\":\"https:\\\/\\\/www.skalnik.pl\\\/blog#listItem\",\"name\":\"Home\"}},{\"@type\":\"ListItem\",\"@id\":\"https:\\\/\\\/www.skalnik.pl\\\/blog\\\/tatry-zima\\\/#listItem\",\"position\":3,\"name\":\"Tatry zim\\u0105 &#8211; szlaki zimowe w Tatrach &#8211; 10 przykaza\\u0144 dla pocz\\u0105tkuj\\u0105cych\",\"previousItem\":{\"@type\":\"ListItem\",\"@id\":\"https:\\\/\\\/www.skalnik.pl\\\/blog\\\/.\\\/pasja\\\/#listItem\",\"name\":\"Pasja\"}}]},{\"@type\":\"Organization\",\"@id\":\"https:\\\/\\\/www.skalnik.pl\\\/blog\\\/#organization\",\"name\":\"blog Skalnik\",\"description\":\"Blog, porady, artyku\\u0142y - blog Skalnik\",\"url\":\"https:\\\/\\\/www.skalnik.pl\\\/blog\\\/\"},{\"@type\":\"Person\",\"@id\":\"https:\\\/\\\/www.skalnik.pl\\\/blog\\\/author\\\/beata-nawrotkiewicz\\\/#author\",\"url\":\"https:\\\/\\\/www.skalnik.pl\\\/blog\\\/author\\\/beata-nawrotkiewicz\\\/\",\"name\":\"Beata Nawrotkiewicz\",\"image\":{\"@type\":\"ImageObject\",\"@id\":\"https:\\\/\\\/www.skalnik.pl\\\/blog\\\/tatry-zima\\\/#authorImage\",\"url\":\"https:\\\/\\\/secure.gravatar.com\\\/avatar\\\/53cf81cfcc3a81694535515925ffcf159be725e8bd1fb455eeb9e2cadcaa5684?s=96&d=mm&r=g\",\"width\":96,\"height\":96,\"caption\":\"Beata Nawrotkiewicz\"}},{\"@type\":\"WebPage\",\"@id\":\"https:\\\/\\\/www.skalnik.pl\\\/blog\\\/tatry-zima\\\/#webpage\",\"url\":\"https:\\\/\\\/www.skalnik.pl\\\/blog\\\/tatry-zima\\\/\",\"name\":\"Tatry zim\\u0105 \\u2013 szlaki zimowe w Tatrach \\u2013 10 przykaza\\u0144 dla pocz\\u0105tkuj\\u0105cych - blog Skalnik\",\"description\":\"Tatry zim\\u0105 wygl\\u0105daj\\u0105 bajkowo, ale s\\u0105 te\\u017c gro\\u017ane. W dziesi\\u0119ciu punktach przedstawiamy, o czym warto pami\\u0119ta\\u0107 wybieraj\\u0105c si\\u0119 zim\\u0105 w najwy\\u017csze polskie g\\u00f3ry. Potraktuj te wskaz\\u00f3wki jak praktyczn\\u0105 \\u015bci\\u0105gawk\\u0119 i podstaw\\u0119 zimowego w\\u0119drowania.\",\"inLanguage\":\"pl-PL\",\"isPartOf\":{\"@id\":\"https:\\\/\\\/www.skalnik.pl\\\/blog\\\/#website\"},\"breadcrumb\":{\"@id\":\"https:\\\/\\\/www.skalnik.pl\\\/blog\\\/tatry-zima\\\/#breadcrumblist\"},\"author\":{\"@id\":\"https:\\\/\\\/www.skalnik.pl\\\/blog\\\/author\\\/beata-nawrotkiewicz\\\/#author\"},\"creator\":{\"@id\":\"https:\\\/\\\/www.skalnik.pl\\\/blog\\\/author\\\/beata-nawrotkiewicz\\\/#author\"},\"image\":{\"@type\":\"ImageObject\",\"url\":\"https:\\\/\\\/www.skalnik.pl\\\/blog\\\/wp-content\\\/uploads\\\/2018\\\/12\\\/Koscielec_Orla-ok\\u0142adka.jpg\",\"@id\":\"https:\\\/\\\/www.skalnik.pl\\\/blog\\\/tatry-zima\\\/#mainImage\",\"width\":1920,\"height\":705},\"primaryImageOfPage\":{\"@id\":\"https:\\\/\\\/www.skalnik.pl\\\/blog\\\/tatry-zima\\\/#mainImage\"},\"datePublished\":\"2018-12-07T11:03:32+02:00\",\"dateModified\":\"2022-02-21T07:48:58+02:00\"},{\"@type\":\"WebSite\",\"@id\":\"https:\\\/\\\/www.skalnik.pl\\\/blog\\\/#website\",\"url\":\"https:\\\/\\\/www.skalnik.pl\\\/blog\\\/\",\"name\":\"blog Skalnik\",\"description\":\"Blog, porady, artyku\\u0142y - blog Skalnik\",\"inLanguage\":\"pl-PL\",\"publisher\":{\"@id\":\"https:\\\/\\\/www.skalnik.pl\\\/blog\\\/#organization\"}}]}\n\t\t<\/script>\n\t\t<!-- All in One SEO -->\n\n","aioseo_head_json":{"title":"Tatry zim\u0105 \u2013 szlaki zimowe w Tatrach \u2013 10 przykaza\u0144 dla pocz\u0105tkuj\u0105cych - blog Skalnik","description":"Tatry zim\u0105 wygl\u0105daj\u0105 bajkowo, ale s\u0105 te\u017c gro\u017ane. W dziesi\u0119ciu punktach przedstawiamy, o czym warto pami\u0119ta\u0107 wybieraj\u0105c si\u0119 zim\u0105 w najwy\u017csze polskie g\u00f3ry. Potraktuj te wskaz\u00f3wki jak praktyczn\u0105 \u015bci\u0105gawk\u0119 i podstaw\u0119 zimowego w\u0119drowania.","canonical_url":"https:\/\/www.skalnik.pl\/blog\/tatry-zima\/","robots":"max-image-preview:large","keywords":"","webmasterTools":{"miscellaneous":""},"schema":{"@context":"https:\/\/schema.org","@graph":[{"@type":"BlogPosting","@id":"https:\/\/www.skalnik.pl\/blog\/tatry-zima\/#blogposting","name":"Tatry zim\u0105 \u2013 szlaki zimowe w Tatrach \u2013 10 przykaza\u0144 dla pocz\u0105tkuj\u0105cych - blog Skalnik","headline":"Tatry zim\u0105 &#8211; szlaki zimowe w Tatrach &#8211; 10 przykaza\u0144 dla pocz\u0105tkuj\u0105cych","author":{"@id":"https:\/\/www.skalnik.pl\/blog\/author\/beata-nawrotkiewicz\/#author"},"publisher":{"@id":"https:\/\/www.skalnik.pl\/blog\/#organization"},"image":{"@type":"ImageObject","url":"https:\/\/www.skalnik.pl\/blog\/wp-content\/uploads\/2018\/12\/Koscielec_Orla-ok\u0142adka.jpg","width":1920,"height":705},"datePublished":"2018-12-07T11:03:32+02:00","dateModified":"2022-02-21T07:48:58+02:00","inLanguage":"pl-PL","mainEntityOfPage":{"@id":"https:\/\/www.skalnik.pl\/blog\/tatry-zima\/#webpage"},"isPartOf":{"@id":"https:\/\/www.skalnik.pl\/blog\/tatry-zima\/#webpage"},"articleSection":"Pasja, g\u00f3ry, lawinowe ABC, tatry, zima"},{"@type":"BreadcrumbList","@id":"https:\/\/www.skalnik.pl\/blog\/tatry-zima\/#breadcrumblist","itemListElement":[{"@type":"ListItem","@id":"https:\/\/www.skalnik.pl\/blog#listItem","position":1,"name":"Home","item":"https:\/\/www.skalnik.pl\/blog","nextItem":{"@type":"ListItem","@id":"https:\/\/www.skalnik.pl\/blog\/.\/pasja\/#listItem","name":"Pasja"}},{"@type":"ListItem","@id":"https:\/\/www.skalnik.pl\/blog\/.\/pasja\/#listItem","position":2,"name":"Pasja","item":"https:\/\/www.skalnik.pl\/blog\/.\/pasja\/","nextItem":{"@type":"ListItem","@id":"https:\/\/www.skalnik.pl\/blog\/tatry-zima\/#listItem","name":"Tatry zim\u0105 &#8211; szlaki zimowe w Tatrach &#8211; 10 przykaza\u0144 dla pocz\u0105tkuj\u0105cych"},"previousItem":{"@type":"ListItem","@id":"https:\/\/www.skalnik.pl\/blog#listItem","name":"Home"}},{"@type":"ListItem","@id":"https:\/\/www.skalnik.pl\/blog\/tatry-zima\/#listItem","position":3,"name":"Tatry zim\u0105 &#8211; szlaki zimowe w Tatrach &#8211; 10 przykaza\u0144 dla pocz\u0105tkuj\u0105cych","previousItem":{"@type":"ListItem","@id":"https:\/\/www.skalnik.pl\/blog\/.\/pasja\/#listItem","name":"Pasja"}}]},{"@type":"Organization","@id":"https:\/\/www.skalnik.pl\/blog\/#organization","name":"blog Skalnik","description":"Blog, porady, artyku\u0142y - blog Skalnik","url":"https:\/\/www.skalnik.pl\/blog\/"},{"@type":"Person","@id":"https:\/\/www.skalnik.pl\/blog\/author\/beata-nawrotkiewicz\/#author","url":"https:\/\/www.skalnik.pl\/blog\/author\/beata-nawrotkiewicz\/","name":"Beata Nawrotkiewicz","image":{"@type":"ImageObject","@id":"https:\/\/www.skalnik.pl\/blog\/tatry-zima\/#authorImage","url":"https:\/\/secure.gravatar.com\/avatar\/53cf81cfcc3a81694535515925ffcf159be725e8bd1fb455eeb9e2cadcaa5684?s=96&d=mm&r=g","width":96,"height":96,"caption":"Beata Nawrotkiewicz"}},{"@type":"WebPage","@id":"https:\/\/www.skalnik.pl\/blog\/tatry-zima\/#webpage","url":"https:\/\/www.skalnik.pl\/blog\/tatry-zima\/","name":"Tatry zim\u0105 \u2013 szlaki zimowe w Tatrach \u2013 10 przykaza\u0144 dla pocz\u0105tkuj\u0105cych - blog Skalnik","description":"Tatry zim\u0105 wygl\u0105daj\u0105 bajkowo, ale s\u0105 te\u017c gro\u017ane. W dziesi\u0119ciu punktach przedstawiamy, o czym warto pami\u0119ta\u0107 wybieraj\u0105c si\u0119 zim\u0105 w najwy\u017csze polskie g\u00f3ry. Potraktuj te wskaz\u00f3wki jak praktyczn\u0105 \u015bci\u0105gawk\u0119 i podstaw\u0119 zimowego w\u0119drowania.","inLanguage":"pl-PL","isPartOf":{"@id":"https:\/\/www.skalnik.pl\/blog\/#website"},"breadcrumb":{"@id":"https:\/\/www.skalnik.pl\/blog\/tatry-zima\/#breadcrumblist"},"author":{"@id":"https:\/\/www.skalnik.pl\/blog\/author\/beata-nawrotkiewicz\/#author"},"creator":{"@id":"https:\/\/www.skalnik.pl\/blog\/author\/beata-nawrotkiewicz\/#author"},"image":{"@type":"ImageObject","url":"https:\/\/www.skalnik.pl\/blog\/wp-content\/uploads\/2018\/12\/Koscielec_Orla-ok\u0142adka.jpg","@id":"https:\/\/www.skalnik.pl\/blog\/tatry-zima\/#mainImage","width":1920,"height":705},"primaryImageOfPage":{"@id":"https:\/\/www.skalnik.pl\/blog\/tatry-zima\/#mainImage"},"datePublished":"2018-12-07T11:03:32+02:00","dateModified":"2022-02-21T07:48:58+02:00"},{"@type":"WebSite","@id":"https:\/\/www.skalnik.pl\/blog\/#website","url":"https:\/\/www.skalnik.pl\/blog\/","name":"blog Skalnik","description":"Blog, porady, artyku\u0142y - blog Skalnik","inLanguage":"pl-PL","publisher":{"@id":"https:\/\/www.skalnik.pl\/blog\/#organization"}}]},"og:locale":"pl_PL","og:site_name":"blog Skalnik - Blog, porady, artyku\u0142y - blog Skalnik","og:type":"article","og:title":"Tatry zim\u0105 \u2013 szlaki zimowe w Tatrach \u2013 10 przykaza\u0144 dla pocz\u0105tkuj\u0105cych - blog Skalnik","og:description":"Tatry zim\u0105 wygl\u0105daj\u0105 bajkowo, ale s\u0105 te\u017c gro\u017ane. W dziesi\u0119ciu punktach przedstawiamy, o czym warto pami\u0119ta\u0107 wybieraj\u0105c si\u0119 zim\u0105 w najwy\u017csze polskie g\u00f3ry. Potraktuj te wskaz\u00f3wki jak praktyczn\u0105 \u015bci\u0105gawk\u0119 i podstaw\u0119 zimowego w\u0119drowania.","og:url":"https:\/\/www.skalnik.pl\/blog\/tatry-zima\/","og:image":"https:\/\/skalnik.pl\/blog\/wp-content\/uploads\/2018\/12\/szalasyHalaGasienicowa-1024x768.jpg","og:image:secure_url":"https:\/\/skalnik.pl\/blog\/wp-content\/uploads\/2018\/12\/szalasyHalaGasienicowa-1024x768.jpg","article:tag":["pasja","g\u00f3ry","lawinowe abc","tatry","zima"],"article:published_time":"2018-12-07T10:03:32+00:00","article:modified_time":"2022-02-21T06:48:58+00:00","twitter:card":"summary_large_image","twitter:title":"Tatry zim\u0105 \u2013 szlaki zimowe w Tatrach \u2013 10 przykaza\u0144 dla pocz\u0105tkuj\u0105cych - blog Skalnik","twitter:description":"Tatry zim\u0105 wygl\u0105daj\u0105 bajkowo, ale s\u0105 te\u017c gro\u017ane. W dziesi\u0119ciu punktach przedstawiamy, o czym warto pami\u0119ta\u0107 wybieraj\u0105c si\u0119 zim\u0105 w najwy\u017csze polskie g\u00f3ry. Potraktuj te wskaz\u00f3wki jak praktyczn\u0105 \u015bci\u0105gawk\u0119 i podstaw\u0119 zimowego w\u0119drowania.","twitter:image":"https:\/\/skalnik.pl\/blog\/wp-content\/uploads\/2018\/12\/szalasyHalaGasienicowa-1024x768.jpg"},"aioseo_meta_data":{"post_id":"4896","title":"","description":"","keywords":"","keyphrases":null,"primary_term":null,"canonical_url":"","og_title":null,"og_description":null,"og_object_type":"default","og_image_type":"default","og_image_url":null,"og_image_width":null,"og_image_height":null,"og_image_custom_url":null,"og_image_custom_fields":null,"og_video":null,"og_custom_url":null,"og_article_section":null,"og_article_tags":null,"twitter_use_og":false,"twitter_card":"default","twitter_image_type":"default","twitter_image_url":null,"twitter_image_custom_url":null,"twitter_image_custom_fields":null,"twitter_title":null,"twitter_description":null,"schema":{"blockGraphs":[],"customGraphs":[],"default":{"data":{"Article":[],"Course":[],"Dataset":[],"FAQPage":[],"Movie":[],"Person":[],"Product":[],"ProductReview":[],"Car":[],"Recipe":[],"Service":[],"SoftwareApplication":[],"WebPage":[]},"graphName":"BlogPosting","isEnabled":true},"graphs":[]},"schema_type":"default","schema_type_options":null,"pillar_content":false,"robots_default":true,"robots_noindex":false,"robots_noarchive":false,"robots_nosnippet":false,"robots_nofollow":false,"robots_noimageindex":false,"robots_noodp":false,"robots_notranslate":false,"robots_max_snippet":null,"robots_max_videopreview":null,"robots_max_imagepreview":"large","priority":null,"frequency":null,"local_seo":null,"breadcrumb_settings":null,"limit_modified_date":false,"ai":null,"created":"2022-08-26 09:54:18","updated":"2026-02-17 21:27:27","seo_analyzer_scan_date":null},"aioseo_breadcrumb":"<div class=\"aioseo-breadcrumbs\"><span class=\"aioseo-breadcrumb\">\n\t\t\t<a href=\"https:\/\/www.skalnik.pl\/blog\" title=\"Home\">Home<\/a>\n\t\t<\/span><span class=\"aioseo-breadcrumb-separator\">&raquo;<\/span><span class=\"aioseo-breadcrumb\">\n\t\t\t<a href=\"https:\/\/www.skalnik.pl\/blog\/.\/pasja\/\" title=\"Pasja\">Pasja<\/a>\n\t\t<\/span><span class=\"aioseo-breadcrumb-separator\">&raquo;<\/span><span class=\"aioseo-breadcrumb\">\n\t\t\tTatry zim\u0105 \u2013 szlaki zimowe w Tatrach \u2013 10 przykaza\u0144 dla pocz\u0105tkuj\u0105cych\n\t\t<\/span><\/div>","aioseo_breadcrumb_json":[{"label":"Home","link":"https:\/\/www.skalnik.pl\/blog"},{"label":"Pasja","link":"https:\/\/www.skalnik.pl\/blog\/.\/pasja\/"},{"label":"Tatry zim\u0105 &#8211; szlaki zimowe w Tatrach &#8211; 10 przykaza\u0144 dla pocz\u0105tkuj\u0105cych","link":"https:\/\/www.skalnik.pl\/blog\/tatry-zima\/"}],"_links":{"self":[{"href":"https:\/\/www.skalnik.pl\/blog\/wp-json\/wp\/v2\/posts\/4896","targetHints":{"allow":["GET"]}}],"collection":[{"href":"https:\/\/www.skalnik.pl\/blog\/wp-json\/wp\/v2\/posts"}],"about":[{"href":"https:\/\/www.skalnik.pl\/blog\/wp-json\/wp\/v2\/types\/post"}],"author":[{"embeddable":true,"href":"https:\/\/www.skalnik.pl\/blog\/wp-json\/wp\/v2\/users\/9"}],"replies":[{"embeddable":true,"href":"https:\/\/www.skalnik.pl\/blog\/wp-json\/wp\/v2\/comments?post=4896"}],"version-history":[{"count":22,"href":"https:\/\/www.skalnik.pl\/blog\/wp-json\/wp\/v2\/posts\/4896\/revisions"}],"predecessor-version":[{"id":16038,"href":"https:\/\/www.skalnik.pl\/blog\/wp-json\/wp\/v2\/posts\/4896\/revisions\/16038"}],"wp:featuredmedia":[{"embeddable":true,"href":"https:\/\/www.skalnik.pl\/blog\/wp-json\/wp\/v2\/media\/4919"}],"wp:attachment":[{"href":"https:\/\/www.skalnik.pl\/blog\/wp-json\/wp\/v2\/media?parent=4896"}],"wp:term":[{"taxonomy":"category","embeddable":true,"href":"https:\/\/www.skalnik.pl\/blog\/wp-json\/wp\/v2\/categories?post=4896"},{"taxonomy":"post_tag","embeddable":true,"href":"https:\/\/www.skalnik.pl\/blog\/wp-json\/wp\/v2\/tags?post=4896"},{"taxonomy":"magento_category","embeddable":true,"href":"https:\/\/www.skalnik.pl\/blog\/wp-json\/wp\/v2\/magento_category?post=4896"},{"taxonomy":"magento_product","embeddable":true,"href":"https:\/\/www.skalnik.pl\/blog\/wp-json\/wp\/v2\/magento_product?post=4896"}],"curies":[{"name":"wp","href":"https:\/\/api.w.org\/{rel}","templated":true}]}}