{"id":5080,"date":"2018-12-19T13:29:20","date_gmt":"2018-12-19T12:29:20","guid":{"rendered":"https:\/\/skalnik.pl\/blog\/?p=5080"},"modified":"2019-06-03T15:38:40","modified_gmt":"2019-06-03T13:38:40","slug":"co-zabrac-pod-namiot","status":"publish","type":"post","link":"https:\/\/www.skalnik.pl\/blog\/co-zabrac-pod-namiot\/","title":{"rendered":"Co zabra\u0107 pod namiot"},"content":{"rendered":"<p><b>Wybierasz si\u0119 na pierwszy wyjazd pod namiot i nie wiesz co ze sob\u0105 zabra\u0107? A mo\u017ce chcesz sprawdzi\u0107, czy wszystko co niezb\u0119dne zosta\u0142o spakowane? Zapraszam do przeczytania mini poradnika, kt\u00f3ry pomo\u017ce ci nie zapomnie\u0107 o najwa\u017cniejszych rzeczach oraz podpowie, co warto zabra\u0107 pod namiot, aby wyjazd by\u0142 jak najbardziej komfortowy i po prostu udany.<\/b><\/p>\n<p>Lista rzeczy niezb\u0119dnych pod namiotem jest zale\u017cna od tego, w jakich warunkach b\u0119dziemy spa\u0107. Jest oczywi\u015bcie kilka wsp\u00f3lnych element\u00f3w biwakowego wyposa\u017cenia, kt\u00f3re s\u0105 po prostu identyczne dla ka\u017cdego wyjazdu. Od nich w\u0142a\u015bnie zaczn\u0119 t\u0119 porad\u0119.<\/p>\n<div id=\"attachment_5083\" style=\"width: 1034px\" class=\"wp-caption alignnone\"><img loading=\"lazy\" decoding=\"async\" aria-describedby=\"caption-attachment-5083\" class=\"wp-image-5083 size-large\" src=\"https:\/\/skalnik.pl\/blog\/wp-content\/uploads\/2018\/12\/Zdj\u0119cie-2-1024x579.jpg\" alt=\"Picos de Europa tent\" width=\"1024\" height=\"579\" srcset=\"https:\/\/www.skalnik.pl\/blog\/wp-content\/uploads\/2018\/12\/Zdj\u0119cie-2-1024x579.jpg 1024w, https:\/\/www.skalnik.pl\/blog\/wp-content\/uploads\/2018\/12\/Zdj\u0119cie-2-300x170.jpg 300w, https:\/\/www.skalnik.pl\/blog\/wp-content\/uploads\/2018\/12\/Zdj\u0119cie-2-768x434.jpg 768w\" sizes=\"auto, (max-width: 1024px) 100vw, 1024px\" \/><p id=\"caption-attachment-5083\" class=\"wp-caption-text\">Namiot Storm marki V\u00f8lven w g\u00f3rach Picos de Europa<\/p><\/div>\n<p>&nbsp;<\/p>\n<div id=\"ez-toc-container\" class=\"ez-toc-v2_0_85 counter-hierarchy ez-toc-counter ez-toc-light-blue ez-toc-container-direction\">\n<div class=\"ez-toc-title-container\">\n<p class=\"ez-toc-title\" style=\"cursor:inherit\">SPIS TRE\u015aCI <\/p>\n<span class=\"ez-toc-title-toggle\"><a href=\"#\" class=\"ez-toc-pull-right ez-toc-btn ez-toc-btn-xs ez-toc-btn-default ez-toc-toggle\" aria-label=\"Prze\u0142\u0105cznik Spisu Tre\u015bci\"><span class=\"ez-toc-js-icon-con\"><span class=\"\"><span class=\"eztoc-hide\" style=\"display:none;\">Toggle<\/span><span class=\"ez-toc-icon-toggle-span\"><svg style=\"fill: #999;color:#999\" xmlns=\"http:\/\/www.w3.org\/2000\/svg\" class=\"list-377408\" width=\"20px\" height=\"20px\" viewBox=\"0 0 24 24\" fill=\"none\"><path d=\"M6 6H4v2h2V6zm14 0H8v2h12V6zM4 11h2v2H4v-2zm16 0H8v2h12v-2zM4 16h2v2H4v-2zm16 0H8v2h12v-2z\" fill=\"currentColor\"><\/path><\/svg><svg style=\"fill: #999;color:#999\" class=\"arrow-unsorted-368013\" xmlns=\"http:\/\/www.w3.org\/2000\/svg\" width=\"10px\" height=\"10px\" viewBox=\"0 0 24 24\" version=\"1.2\" baseProfile=\"tiny\"><path d=\"M18.2 9.3l-6.2-6.3-6.2 6.3c-.2.2-.3.4-.3.7s.1.5.3.7c.2.2.4.3.7.3h11c.3 0 .5-.1.7-.3.2-.2.3-.5.3-.7s-.1-.5-.3-.7zM5.8 14.7l6.2 6.3 6.2-6.3c.2-.2.3-.5.3-.7s-.1-.5-.3-.7c-.2-.2-.4-.3-.7-.3h-11c-.3 0-.5.1-.7.3-.2.2-.3.5-.3.7s.1.5.3.7z\"\/><\/svg><\/span><\/span><\/span><\/a><\/span><\/div>\n<nav><ul class='ez-toc-list ez-toc-list-level-1 ' ><li class='ez-toc-page-1 ez-toc-heading-level-2'><a class=\"ez-toc-link ez-toc-heading-1\" href=\"https:\/\/www.skalnik.pl\/blog\/co-zabrac-pod-namiot\/#Izolacja_to_podstawa\" >Izolacja to podstawa<\/a><\/li><li class='ez-toc-page-1 ez-toc-heading-level-2'><a class=\"ez-toc-link ez-toc-heading-2\" href=\"https:\/\/www.skalnik.pl\/blog\/co-zabrac-pod-namiot\/#Zywnosc_w_gorach\" >\u017bywno\u015b\u0107 w g\u00f3rach<\/a><\/li><li class='ez-toc-page-1 ez-toc-heading-level-2'><a class=\"ez-toc-link ez-toc-heading-3\" href=\"https:\/\/www.skalnik.pl\/blog\/co-zabrac-pod-namiot\/#Oswietlenie_kepmingowe\" >O\u015bwietlenie kepmingowe<\/a><\/li><li class='ez-toc-page-1 ez-toc-heading-level-2'><a class=\"ez-toc-link ez-toc-heading-4\" href=\"https:\/\/www.skalnik.pl\/blog\/co-zabrac-pod-namiot\/#Higiena\" >Higiena<\/a><\/li><\/ul><\/nav><\/div>\n<h2><span class=\"ez-toc-section\" id=\"Izolacja_to_podstawa\"><\/span>Izolacja to podstawa<span class=\"ez-toc-section-end\"><\/span><\/h2>\n<p>Je\u017celi wybierasz si\u0119 pod namiot, nie mo\u017cesz zapomnie\u0107 o zupe\u0142nie podstawowym ekwipunku czyli wyposa\u017ceniu, kt\u00f3re b\u0119dzie izolowa\u0107 twoje cia\u0142o od zimnego pod\u0142o\u017ca. Mo\u017cesz wybiera\u0107 spo\u015br\u00f3d trzech g\u0142\u00f3wnych grup produkt\u00f3w, kt\u00f3re stworzone s\u0105 do tego. Wyposa\u017ceniem, kt\u00f3re odizoluje cia\u0142o od pod\u0142o\u017ca mo\u017ce by\u0107:<\/p>\n<ul>\n<li>karimata lub mata piankowa<\/li>\n<li>mata samopompuj\u0105ca<\/li>\n<li>materac dmuchany.<\/li>\n<\/ul>\n<p>Je\u015bli nie wiesz na co si\u0119 zdecydowa\u0107, to przeczytaj inn\u0105 porad\u0119 na blogu Skalnika, kt\u00f3r\u0105 znajdziesz <a href=\"https:\/\/skalnik.pl\/blog\/karimata-materac-czy-mata-samopompujaca\/\" target=\"_blank\" rel=\"noopener\">tutaj<\/a>. S\u0105 przypadki, w kt\u00f3rych lepsze s\u0105 <a href=\"https:\/\/skalnik.pl\/sprzet-turystyczny\/spiwory-i-maty\/spiwory-i-maty-karimaty\" target=\"_blank\" rel=\"noopener\">karimaty<\/a> oraz te, gdy warto zabra\u0107 co\u015b bardziej zaawansowanego.<\/p>\n<p>&nbsp;<\/p>\n<p>Kolejnym wyposa\u017ceniem, kt\u00f3re izoluje od zimna jest \u015bpiw\u00f3r. Chroni on ju\u017c cia\u0142o nie tylko przed zimnym pod\u0142o\u017cem, ale te\u017c przed ch\u0142odnym powietrzem we wn\u0119trzu namiotu. Je\u015bli chodzi o \u015bpiwory, do wyboru masz szerok\u0105 gam\u0119 produkt\u00f3w, w zale\u017cno\u015bci od warunk\u00f3w, w jakich planujesz spa\u0107. Podstawowe pytanie brzmi oczywi\u015bcie: \u015bpiw\u00f3r puchowy czy \u015bpiw\u00f3r syntetyczny? Sprawd\u017a jak wybra\u0107 \u015bpiw\u00f3r dopasowany do potrzeb w <a href=\"https:\/\/skalnik.pl\/blog\/jaki-spiwor-wybrac\" target=\"_blank\" rel=\"noopener\">innej poradzie<\/a> na blogu.<\/p>\n<div id=\"attachment_5084\" style=\"width: 1034px\" class=\"wp-caption alignnone\"><img loading=\"lazy\" decoding=\"async\" aria-describedby=\"caption-attachment-5084\" class=\"wp-image-5084 size-large\" title=\"Podstawowy zestaw \u2013 karimata i \u015bpiw\u00f3r\" src=\"https:\/\/skalnik.pl\/blog\/wp-content\/uploads\/2018\/12\/zdj\u0119cie-4-e1545223303569-1024x632.jpg\" alt=\"Podstawowy zestaw \u2013 karimata i \u015bpiw\u00f3r\" width=\"1024\" height=\"632\" srcset=\"https:\/\/www.skalnik.pl\/blog\/wp-content\/uploads\/2018\/12\/zdj\u0119cie-4-e1545223303569-1024x632.jpg 1024w, https:\/\/www.skalnik.pl\/blog\/wp-content\/uploads\/2018\/12\/zdj\u0119cie-4-e1545223303569-300x185.jpg 300w, https:\/\/www.skalnik.pl\/blog\/wp-content\/uploads\/2018\/12\/zdj\u0119cie-4-e1545223303569-768x474.jpg 768w\" sizes=\"auto, (max-width: 1024px) 100vw, 1024px\" \/><p id=\"caption-attachment-5084\" class=\"wp-caption-text\">Karimata i \u015bpiw\u00f3r &#8211; minimum na biwak<\/p><\/div>\n<div class=\"mceTemp\"><\/div>\n<div>Dodatkowym elementem izoluj\u0105cym, kt\u00f3ry mo\u017ce przyda\u0107 ci si\u0119 podczas wyjazdu pod namiot jest wk\u0142adka do \u015bpiwora. Zwi\u0119ksza ona nie tylko komfort cieplny, ale r\u00f3wnie\u017c u\u0142atwia utrzyma\u0107 \u015bpiw\u00f3r w czysto\u015bci. Wk\u0142adk\u0119 do \u015bpiwora mo\u017cna \u0142atwiej wypra\u0107. Wk\u0142adki do \u015bpiwor\u00f3w u\u017cywane s\u0105 r\u00f3wnie\u017c samodzielnie, na przyk\u0142ad podczas ciep\u0142ych nocy, biwak\u00f3w w tropikach.<\/div>\n<p>&nbsp;<\/p>\n<div>Poduszka turystyczna to element cz\u0119sto zapomniany na biwakach. Popularnym sposobem jest podk\u0142adanie pod g\u0142ow\u0119 z\u0142o\u017conej odzie\u017cy lub uk\u0142adanie g\u0142owy tylko w kapturze \u015bpiwora. Mimo tych wszystkich patent\u00f3w poduszka to bardzo przydatny i zajmuj\u0105cy niewiele miejsca drobiazg. Nie do\u015b\u0107, \u017ce zwi\u0119ksza komfort cieplny izoluj\u0105c nasz\u0105 g\u0142ow\u0119 od pod\u0142o\u017ca, to jeszcze podnosi wygod\u0119 i jako\u015b\u0107 snu.<\/div>\n<div>\n<div id=\"attachment_5085\" style=\"width: 927px\" class=\"wp-caption alignnone\"><img loading=\"lazy\" decoding=\"async\" aria-describedby=\"caption-attachment-5085\" class=\"wp-image-5085 size-full\" src=\"https:\/\/skalnik.pl\/blog\/wp-content\/uploads\/2018\/12\/poduszki-naturehike.jpg\" alt=\"\" width=\"917\" height=\"205\" srcset=\"https:\/\/www.skalnik.pl\/blog\/wp-content\/uploads\/2018\/12\/poduszki-naturehike.jpg 917w, https:\/\/www.skalnik.pl\/blog\/wp-content\/uploads\/2018\/12\/poduszki-naturehike-300x67.jpg 300w, https:\/\/www.skalnik.pl\/blog\/wp-content\/uploads\/2018\/12\/poduszki-naturehike-768x172.jpg 768w\" sizes=\"auto, (max-width: 917px) 100vw, 917px\" \/><p id=\"caption-attachment-5085\" class=\"wp-caption-text\">Dodaj do biwaku koloru i wygody. Kolorowe poduszki turystyczne Naturehike<\/p><\/div>\n<\/div>\n<div>\n<div class=\"mceTemp\"><\/div>\n<\/div>\n<p>&nbsp;<\/p>\n<h2><span class=\"ez-toc-section\" id=\"Zywnosc_w_gorach\"><\/span>\u017bywno\u015b\u0107 w g\u00f3rach<span class=\"ez-toc-section-end\"><\/span><\/h2>\n<p>Jak zapewni\u0107 sobie jedzenie na biwaku? Za\u0142\u00f3\u017cmy, \u017ce jeste\u015bmy na biwaku w miejscu, w k\u00f3rym nie ma mo\u017cliwo\u015bci wyskoczenia do restauracji, lokalnej sto\u0142\u00f3wki\u2026 Co wtedy? W\u00f3wczas do wyboru s\u0105 dwa rozwi\u0105zania. Mo\u017cna gotowa\u0107 samodzielnie lub zaopatrzy\u0107 si\u0119 w gotowe dania liofilizowane.<\/p>\n<p>&nbsp;<\/p>\n<p>Do jednego i drugiego rozwi\u0105zania niezb\u0119dna b\u0119dzie nam kuchenka turystyczna oraz garnki turystyczne. Do samodzielnego gotowania potraw potrzebny jest du\u017co wi\u0119kszy zestaw. W sprzeda\u017cy s\u0105 zestawy garnk\u00f3w na r\u00f3\u017cn\u0105 liczb\u0119 os\u00f3b. Najwi\u0119ksze komplety garnk\u00f3w oferuj\u0105 naprawd\u0119 szeroki wachlarz mo\u017cliwo\u015bci, w\u0142\u0105cznie z desk\u0105 do krojenia i sitkiem w jednym.<\/p>\n<p>&nbsp;<\/p>\n<p>Popularne s\u0105 r\u00f3wnie\u017c sk\u0142adane naczynia i garnki turystyczne, kt\u00f3re zajmuj\u0105 niewiele miejsca podczas transportowania. Tego typu naczynia ze sk\u0142adanymi, silikonowymi \u015bciankami oferuje marka Sea To Summit.<\/p>\n<div id=\"attachment_5087\" style=\"width: 1034px\" class=\"wp-caption alignnone\"><img loading=\"lazy\" decoding=\"async\" aria-describedby=\"caption-attachment-5087\" class=\"wp-image-5087 size-large\" title=\"SeaToSummit naczynia sk\u0142adane\" src=\"https:\/\/skalnik.pl\/blog\/wp-content\/uploads\/2018\/12\/Zdj\u0119cie-1-1024x579.jpg\" alt=\"Sk\u0142adane naczynia SeaToSummit\" width=\"1024\" height=\"579\" srcset=\"https:\/\/www.skalnik.pl\/blog\/wp-content\/uploads\/2018\/12\/Zdj\u0119cie-1-1024x579.jpg 1024w, https:\/\/www.skalnik.pl\/blog\/wp-content\/uploads\/2018\/12\/Zdj\u0119cie-1-300x170.jpg 300w, https:\/\/www.skalnik.pl\/blog\/wp-content\/uploads\/2018\/12\/Zdj\u0119cie-1-768x434.jpg 768w\" sizes=\"auto, (max-width: 1024px) 100vw, 1024px\" \/><p id=\"caption-attachment-5087\" class=\"wp-caption-text\">Sk\u0142adane naczynia Sea To Summit to \u015bwietna opcja gdy masz ma\u0142o miejsca w swoim plecaku<\/p><\/div>\n<p>&nbsp;<\/p>\n<p>W przypadku liofilizat\u00f3w, czyli gotowych da\u0144 pozbawionych wody (kt\u00f3re trzeba tylko zala\u0107 wod\u0105 przed zjedzeniem) nie potrzeba organizowa\u0107 du\u017cej kuchni turystycznej. Wystarczy nam jeden garnek lub kuchenka typu Jetboil, czyli palnik i garnek w jednym. Jedn\u0105 z fajniejszych kuchenek tego typu jest kuchenka FMS-X2 marki <a href=\"https:\/\/skalnik.pl\/fire-maple\" target=\"_blank\" rel=\"noopener\">Fire-Maple,<\/a> z kt\u00f3r\u0105 szybko mo\u017cna zagotowa\u0107 wod\u0119 na liofilizat. Oczywi\u015bcie przy wykorzystaniu takich kuchenek trzeba r\u00f3wnie\u017c zabra\u0107 gaz turystyczny lub inne paliwo do kuchenki. No chyba, \u017ce wasz wyb\u00f3r to kuchenka na biopaliwo, kt\u00f3re znajdziesz ju\u017c na miejscu biwaku.<\/p>\n<div id=\"attachment_5088\" style=\"width: 1034px\" class=\"wp-caption alignnone\"><img loading=\"lazy\" decoding=\"async\" aria-describedby=\"caption-attachment-5088\" class=\"wp-image-5088 size-large\" src=\"https:\/\/skalnik.pl\/blog\/wp-content\/uploads\/2018\/12\/liofy40-1024x683.jpg\" alt=\"\" width=\"1024\" height=\"683\" srcset=\"https:\/\/www.skalnik.pl\/blog\/wp-content\/uploads\/2018\/12\/liofy40-1024x683.jpg 1024w, https:\/\/www.skalnik.pl\/blog\/wp-content\/uploads\/2018\/12\/liofy40-300x200.jpg 300w, https:\/\/www.skalnik.pl\/blog\/wp-content\/uploads\/2018\/12\/liofy40-768x512.jpg 768w, https:\/\/www.skalnik.pl\/blog\/wp-content\/uploads\/2018\/12\/liofy40.jpg 1728w\" sizes=\"auto, (max-width: 1024px) 100vw, 1024px\" \/><p id=\"caption-attachment-5088\" class=\"wp-caption-text\">Zestaw do gotowania Fire Maple i liofilizat Lyo &#8211; najszybszy spos\u00f3b na prawie domowy obiad<\/p><\/div>\n<div class=\"mceTemp\"><\/div>\n<p>&nbsp;<\/p>\n<p>Biwak to nie knajpa, nikt na nas krzywo nie popatrzy za jedzenie palcami. Je\u017celi jednak wolisz bardziej cywilizowany spos\u00f3b jedzenia, warto zaopatrzy\u0107 si\u0119 w sztu\u0107ce turystyczne. Najcz\u0119\u015bciej s\u0105 to sk\u0142adane widelco-\u0142y\u017cki lub sporki. Ich przewag\u0105 nad domowymi rozwi\u0105zaniami jest lekko\u015b\u0107 i pakowno\u015b\u0107. Przydatne mog\u0105 by\u0107 r\u00f3wnie\u017c no\u017ce lub multitoole, kt\u00f3re maj\u0105 zastosowanie nie tylko w campingowej kuchni.<\/p>\n<p>&nbsp;<\/p>\n<p>Na biwaku, szczeg\u00f3lnie w zimniejsze pory roku, przydaj\u0105 si\u0119 r\u00f3wnie\u017c termosy i kubki termiczne. Zabierz je ze sob\u0105 koniecznie je\u017celi cenisz sobie ciep\u0142e napoje. Herbatka w otwartym, nieizolowanym kubku w g\u00f3rach stygnie w zaskakuj\u0105co szybkim tempie.<\/p>\n<p>&nbsp;<\/p>\n<p>Na rynku jest r\u00f3wnie\u017c ca\u0142a masa przydatnych, aczkolwiek nie niezb\u0119dnych akcesori\u00f3w kuchennych. Warto pomy\u015ble\u0107, czy nie przyda nam si\u0119 <a href=\"https:\/\/skalnik.pl\/sprzet-turystyczny\/camping\/camping-menazki-i-naczynia\" target=\"_blank\" rel=\"noopener\">mena\u017cka<\/a>, pojemnik na przyprawy, turystyczna zapalniczka, krzesiwo, czy te\u017c moje najwi\u0119ksze outdoorowe zaskoczenie i jednocze\u015bnie odkrycie \u2013 szpic do pieczenia. Szukanie odpowiedniego kija i struganie go odesz\u0142o w niepami\u0119\u0107.<\/p>\n<p>&nbsp;<\/p>\n<h2><span class=\"ez-toc-section\" id=\"Oswietlenie_kepmingowe\"><\/span>O\u015bwietlenie kepmingowe<span class=\"ez-toc-section-end\"><\/span><\/h2>\n<p><img loading=\"lazy\" decoding=\"async\" class=\" wp-image-5094 alignright\" src=\"https:\/\/skalnik.pl\/blog\/wp-content\/uploads\/2018\/12\/img_14408-117x300.jpg\" alt=\"\" width=\"91\" height=\"233\" srcset=\"https:\/\/www.skalnik.pl\/blog\/wp-content\/uploads\/2018\/12\/img_14408-117x300.jpg 117w, https:\/\/www.skalnik.pl\/blog\/wp-content\/uploads\/2018\/12\/img_14408-768x1971.jpg 768w, https:\/\/www.skalnik.pl\/blog\/wp-content\/uploads\/2018\/12\/img_14408-399x1024.jpg 399w, https:\/\/www.skalnik.pl\/blog\/wp-content\/uploads\/2018\/12\/img_14408.jpg 1500w\" sizes=\"auto, (max-width: 91px) 100vw, 91px\" \/><\/p>\n<p>Prawdziwy outdoorowiec pami\u0119ta, \u017ce w nocy jest ciemno! Nie inaczej jest w namiocie, wi\u0119c na mrok potrzebna jest bro\u0144 w postaci latarki.<\/p>\n<p>Wybiera\u0107 mo\u017cemy w szerokim zakresie ciekawych produkt\u00f3w (<a href=\"https:\/\/skalnik.pl\/sprzet-turystyczny\/oswietlenie\" target=\"_blank\" rel=\"noopener\">zobacz<\/a>). Popularne s\u0105 latarki r\u0119czne, latarki czo\u0142owe oraz lampy biwakowe. Je\u015bli chodzi o mnie na wyjazdy pod namiot zabieram czo\u0142\u00f3wk\u0119 oraz lampk\u0119 do namiotu. Dlaczego? Lampk\u0119 wieszam na sta\u0142e w namiocie, nigdy nie musz\u0119 jej szuka\u0107, zawsze jest na swoim miejscu, a dodatkowo r\u00f3wnomiernie o\u015bwietla ca\u0142y namiot. Czo\u0142\u00f3wk\u0119 u\u017cywam poza namiotem \u2013 przy ognisku, przy gotowaniu, czy te\u017c w drodze na tzw. stron\u0119.<\/p>\n<p>&nbsp;<\/p>\n<h2><span class=\"ez-toc-section\" id=\"Higiena\"><\/span>Higiena<span class=\"ez-toc-section-end\"><\/span><\/h2>\n<p>Przy d\u0142u\u017cszym biwaku nie spos\u00f3b pomin\u0105\u0107 kwestii higieny. M\u00f3wi\u0105, \u017ce lekki smrodek jeszcze nikogo nie zabi\u0142, ale co kto lubi\u2026 \ud83d\ude42 Na biwaku mo\u017ce si\u0119 przyda\u0107 kosmetyczka turystyczna oraz r\u0119cznik szybkoschn\u0105cy. O ile kosmetyczk\u0119 mo\u017cna zast\u0105pi\u0107 innymi rozwi\u0105zaniami, o tyle r\u0119cznik jest dla mnie elementem niezb\u0119dnym. Tradycyjne r\u0119czniki zdaj\u0105 egzamin jedynie w bardzo ciep\u0142e dni. Turystyczny r\u0119cznik jest du\u017co l\u017cejszy (szczeg\u00f3lnie gdy jest mokry) i nawet w ch\u0142odniejsze dni bardzo szybko schnie.<\/p>\n<p>&nbsp;<\/p>\n<p>Je\u017celi na biwaku nie spodziewasz si\u0119 bie\u017c\u0105cej wody, a k\u0105piele w zimnych potokach to nie twoja bajka, mo\u017cesz skorzysta\u0107 z prysznica solarnego. Nape\u0142nij go rano wod\u0105, a popo\u0142udniu b\u0119dzie w nim ciep\u0142a woda do k\u0105pieli. Powodzenie tego patentu zale\u017cne jest oczywi\u015bcie od tego czy dzie\u0144 jest s\u0142oneczny, jednak na niekt\u00f3rych biwakach jest to jedyne rozwi\u0105zanie.<\/p>\n<p>&nbsp;<\/p>\n<div class=\"grey_block\">Czy to wszystko jest niezb\u0119dne? Oczywi\u015bcie, \u017ce nie! Bez wielu z tych rzeczy mo\u017cna si\u0119 oby\u0107. Wyb\u00f3r co wzi\u0105\u0107 pod namiot zawsze b\u0119dzie kompromisem mi\u0119dzy wag\u0105 a komfortem. Je\u017celi mo\u017cesz sobie pozwoli\u0107 na zabranie wi\u0119kszego baga\u017cu (np. jedziesz samochodem), nie zastanawiaj si\u0119! Je\u017celi jednak ogranicza ci\u0119 pojemno\u015b\u0107 i waga plecaka, szukaj produkt\u00f3w z serii ultralight lub ograniczaj baga\u017c o te rzeczy, kt\u00f3rych zabranie to outdoorowy luksus a nie konieczno\u015b\u0107. Mam nadziej\u0119, \u017ce pytanie \u201eco wzi\u0105\u0107 na biwak\u201d nie b\u0119dzie ju\u017c sp\u0119dza\u0107 ci snu z powiek. Pod tym wpisem przygotowali\u015bmy\u00a0jeszcze kr\u00f3tk\u0105 check-list\u0119, kt\u00f3r\u0105 mo\u017cesz wydrukowa\u0107. Lista u\u0142atwi ci si\u0119 spakowa\u0107 pod namiot i nie zapomnie\u0107 \u017cadnej z wa\u017cnych rzeczy.<\/div>\n<p><img loading=\"lazy\" decoding=\"async\" class=\"wp-image-5158 size-large\" title=\"check lista rzeczy pod namiot\" src=\"https:\/\/skalnik.pl\/blog\/wp-content\/uploads\/2018\/12\/Check-lista-pod-namiot-722x1024.jpg\" alt=\"chceck-lista pod namiot\" width=\"722\" height=\"1024\" srcset=\"https:\/\/www.skalnik.pl\/blog\/wp-content\/uploads\/2018\/12\/Check-lista-pod-namiot-722x1024.jpg 722w, https:\/\/www.skalnik.pl\/blog\/wp-content\/uploads\/2018\/12\/Check-lista-pod-namiot-212x300.jpg 212w, https:\/\/www.skalnik.pl\/blog\/wp-content\/uploads\/2018\/12\/Check-lista-pod-namiot-768x1089.jpg 768w, https:\/\/www.skalnik.pl\/blog\/wp-content\/uploads\/2018\/12\/Check-lista-pod-namiot.jpg 875w\" sizes=\"auto, (max-width: 722px) 100vw, 722px\" \/><\/p>\n<p>Lista w wersji PDF &#8211; <a href=\"https:\/\/skalnik.pl\/blog\/wp-content\/uploads\/2018\/12\/Check-lista-pod-namiot.pdf\" target=\"_blank\" rel=\"noopener\">kliknij<\/a><\/p>\n","protected":false},"excerpt":{"rendered":"<p>Zastanawiasz si\u0119 co trzeba zabra\u0107 na wyjazd z noclegiem pod namiotem? Przygotowali\u015bmy kr\u00f3tki wpis o tym, co absolutnie niezb\u0119dne pod namiotami.  Artyku\u0142 u\u0142atwi ci planowanie wypadu pod namiot i pozwoli nie zapomnie\u0107 o \u017cadnej z wa\u017cnych rzeczy podczas pakowania. Na ko\u0144cu wpisu znajduje si\u0119 check-lista. Wydrukuj j\u0105 sobie, spakuj si\u0119 wed\u0142ug niej i nocuj pod gwiazdami.<\/p>\n","protected":false},"author":27,"featured_media":5166,"comment_status":"open","ping_status":"open","sticky":false,"template":"","format":"standard","meta":{"_acf_changed":false,"footnotes":""},"categories":[3],"tags":[148,113,97,95],"magento_category":[205],"magento_product":[],"class_list":["post-5080","post","type-post","status-publish","format-standard","has-post-thumbnail","hentry","category-porady","tag-akcesoria-turystyczne","tag-namioty","tag-spiwory","tag-sprzet-turystyczny"],"acf":[],"aioseo_notices":[],"aioseo_head":"\n\t\t<!-- All in One SEO 4.9.10 - aioseo.com -->\n\t<meta name=\"description\" content=\"Zastanawiasz si\u0119 co trzeba zabra\u0107 na wyjazd z noclegiem pod namiotem? Przygotowali\u015bmy kr\u00f3tki wpis o tym, co absolutnie niezb\u0119dne pod namiotami. Artyku\u0142 u\u0142atwi ci planowanie wypadu pod namiot i pozwoli nie zapomnie\u0107 o \u017cadnej z wa\u017cnych rzeczy podczas pakowania. Na ko\u0144cu wpisu znajduje si\u0119 check-lista. Wydrukuj j\u0105 sobie, spakuj si\u0119 wed\u0142ug niej i nocuj pod gwiazdami.\" \/>\n\t<meta name=\"robots\" content=\"max-image-preview:large\" \/>\n\t<meta name=\"author\" content=\"Ola i Mariusz Robak\"\/>\n\t<link rel=\"canonical\" href=\"https:\/\/www.skalnik.pl\/blog\/co-zabrac-pod-namiot\/\" \/>\n\t<meta name=\"generator\" content=\"All in One SEO (AIOSEO) 4.9.10\" \/>\n\t\t<meta property=\"og:locale\" content=\"pl_PL\" \/>\n\t\t<meta property=\"og:site_name\" content=\"blog Skalnik - Blog, porady, artyku\u0142y - blog Skalnik\" \/>\n\t\t<meta property=\"og:type\" content=\"article\" \/>\n\t\t<meta property=\"og:title\" content=\"Co zabra\u0107 pod namiot - blog Skalnik\" \/>\n\t\t<meta property=\"og:description\" content=\"Zastanawiasz si\u0119 co trzeba zabra\u0107 na wyjazd z noclegiem pod namiotem? Przygotowali\u015bmy kr\u00f3tki wpis o tym, co absolutnie niezb\u0119dne pod namiotami. Artyku\u0142 u\u0142atwi ci planowanie wypadu pod namiot i pozwoli nie zapomnie\u0107 o \u017cadnej z wa\u017cnych rzeczy podczas pakowania. Na ko\u0144cu wpisu znajduje si\u0119 check-lista. Wydrukuj j\u0105 sobie, spakuj si\u0119 wed\u0142ug niej i nocuj pod gwiazdami.\" \/>\n\t\t<meta property=\"og:url\" content=\"https:\/\/www.skalnik.pl\/blog\/co-zabrac-pod-namiot\/\" \/>\n\t\t<meta property=\"og:image\" content=\"https:\/\/skalnik.pl\/blog\/wp-content\/uploads\/2018\/12\/Zdj\u0119cie-2-1024x579.jpg\" \/>\n\t\t<meta property=\"og:image:secure_url\" content=\"https:\/\/skalnik.pl\/blog\/wp-content\/uploads\/2018\/12\/Zdj\u0119cie-2-1024x579.jpg\" \/>\n\t\t<meta property=\"article:tag\" content=\"porady\" \/>\n\t\t<meta property=\"article:tag\" content=\"akcesoria turystyczne\" \/>\n\t\t<meta property=\"article:tag\" content=\"namioty\" \/>\n\t\t<meta property=\"article:tag\" content=\"\u015bpiwory\" \/>\n\t\t<meta property=\"article:tag\" content=\"sprz\u0119t turystyczny\" \/>\n\t\t<meta property=\"article:published_time\" content=\"2018-12-19T12:29:20+00:00\" \/>\n\t\t<meta property=\"article:modified_time\" content=\"2019-06-03T13:38:40+00:00\" \/>\n\t\t<meta name=\"twitter:card\" content=\"summary_large_image\" \/>\n\t\t<meta name=\"twitter:title\" content=\"Co zabra\u0107 pod namiot - blog Skalnik\" \/>\n\t\t<meta name=\"twitter:description\" content=\"Zastanawiasz si\u0119 co trzeba zabra\u0107 na wyjazd z noclegiem pod namiotem? Przygotowali\u015bmy kr\u00f3tki wpis o tym, co absolutnie niezb\u0119dne pod namiotami. Artyku\u0142 u\u0142atwi ci planowanie wypadu pod namiot i pozwoli nie zapomnie\u0107 o \u017cadnej z wa\u017cnych rzeczy podczas pakowania. Na ko\u0144cu wpisu znajduje si\u0119 check-lista. Wydrukuj j\u0105 sobie, spakuj si\u0119 wed\u0142ug niej i nocuj pod gwiazdami.\" \/>\n\t\t<meta name=\"twitter:image\" content=\"https:\/\/skalnik.pl\/blog\/wp-content\/uploads\/2018\/12\/Zdj\u0119cie-2-1024x579.jpg\" \/>\n\t\t<script type=\"application\/ld+json\" class=\"aioseo-schema\">\n\t\t\t{\"@context\":\"https:\\\/\\\/schema.org\",\"@graph\":[{\"@type\":\"BlogPosting\",\"@id\":\"https:\\\/\\\/www.skalnik.pl\\\/blog\\\/co-zabrac-pod-namiot\\\/#blogposting\",\"name\":\"Co zabra\\u0107 pod namiot - blog Skalnik\",\"headline\":\"Co zabra\\u0107 pod namiot\",\"author\":{\"@id\":\"https:\\\/\\\/www.skalnik.pl\\\/blog\\\/author\\\/olamariusz-robak\\\/#author\"},\"publisher\":{\"@id\":\"https:\\\/\\\/www.skalnik.pl\\\/blog\\\/#organization\"},\"image\":{\"@type\":\"ImageObject\",\"url\":\"https:\\\/\\\/www.skalnik.pl\\\/blog\\\/wp-content\\\/uploads\\\/2018\\\/12\\\/ok\\u0142adka-pod-namiot.jpg\",\"width\":1920,\"height\":705},\"datePublished\":\"2018-12-19T13:29:20+02:00\",\"dateModified\":\"2019-06-03T15:38:40+02:00\",\"inLanguage\":\"pl-PL\",\"mainEntityOfPage\":{\"@id\":\"https:\\\/\\\/www.skalnik.pl\\\/blog\\\/co-zabrac-pod-namiot\\\/#webpage\"},\"isPartOf\":{\"@id\":\"https:\\\/\\\/www.skalnik.pl\\\/blog\\\/co-zabrac-pod-namiot\\\/#webpage\"},\"articleSection\":\"Porady, akcesoria turystyczne, namioty, \\u015bpiwory, sprz\\u0119t turystyczny, 1232\"},{\"@type\":\"BreadcrumbList\",\"@id\":\"https:\\\/\\\/www.skalnik.pl\\\/blog\\\/co-zabrac-pod-namiot\\\/#breadcrumblist\",\"itemListElement\":[{\"@type\":\"ListItem\",\"@id\":\"https:\\\/\\\/www.skalnik.pl\\\/blog#listItem\",\"position\":1,\"name\":\"Home\",\"item\":\"https:\\\/\\\/www.skalnik.pl\\\/blog\",\"nextItem\":{\"@type\":\"ListItem\",\"@id\":\"https:\\\/\\\/www.skalnik.pl\\\/blog\\\/.\\\/porady\\\/#listItem\",\"name\":\"Porady\"}},{\"@type\":\"ListItem\",\"@id\":\"https:\\\/\\\/www.skalnik.pl\\\/blog\\\/.\\\/porady\\\/#listItem\",\"position\":2,\"name\":\"Porady\",\"item\":\"https:\\\/\\\/www.skalnik.pl\\\/blog\\\/.\\\/porady\\\/\",\"nextItem\":{\"@type\":\"ListItem\",\"@id\":\"https:\\\/\\\/www.skalnik.pl\\\/blog\\\/co-zabrac-pod-namiot\\\/#listItem\",\"name\":\"Co zabra\\u0107 pod namiot\"},\"previousItem\":{\"@type\":\"ListItem\",\"@id\":\"https:\\\/\\\/www.skalnik.pl\\\/blog#listItem\",\"name\":\"Home\"}},{\"@type\":\"ListItem\",\"@id\":\"https:\\\/\\\/www.skalnik.pl\\\/blog\\\/co-zabrac-pod-namiot\\\/#listItem\",\"position\":3,\"name\":\"Co zabra\\u0107 pod namiot\",\"previousItem\":{\"@type\":\"ListItem\",\"@id\":\"https:\\\/\\\/www.skalnik.pl\\\/blog\\\/.\\\/porady\\\/#listItem\",\"name\":\"Porady\"}}]},{\"@type\":\"Organization\",\"@id\":\"https:\\\/\\\/www.skalnik.pl\\\/blog\\\/#organization\",\"name\":\"blog Skalnik\",\"description\":\"Blog, porady, artyku\\u0142y - blog Skalnik\",\"url\":\"https:\\\/\\\/www.skalnik.pl\\\/blog\\\/\"},{\"@type\":\"Person\",\"@id\":\"https:\\\/\\\/www.skalnik.pl\\\/blog\\\/author\\\/olamariusz-robak\\\/#author\",\"url\":\"https:\\\/\\\/www.skalnik.pl\\\/blog\\\/author\\\/olamariusz-robak\\\/\",\"name\":\"Ola i Mariusz Robak\",\"image\":{\"@type\":\"ImageObject\",\"@id\":\"https:\\\/\\\/www.skalnik.pl\\\/blog\\\/co-zabrac-pod-namiot\\\/#authorImage\",\"url\":\"https:\\\/\\\/secure.gravatar.com\\\/avatar\\\/1bdfdd8d52a8a864114b9539958110649b274bdf789f5503a949f40004d3c50f?s=96&d=mm&r=g\",\"width\":96,\"height\":96,\"caption\":\"Ola i Mariusz Robak\"}},{\"@type\":\"WebPage\",\"@id\":\"https:\\\/\\\/www.skalnik.pl\\\/blog\\\/co-zabrac-pod-namiot\\\/#webpage\",\"url\":\"https:\\\/\\\/www.skalnik.pl\\\/blog\\\/co-zabrac-pod-namiot\\\/\",\"name\":\"Co zabra\\u0107 pod namiot - blog Skalnik\",\"description\":\"Zastanawiasz si\\u0119 co trzeba zabra\\u0107 na wyjazd z noclegiem pod namiotem? Przygotowali\\u015bmy kr\\u00f3tki wpis o tym, co absolutnie niezb\\u0119dne pod namiotami. Artyku\\u0142 u\\u0142atwi ci planowanie wypadu pod namiot i pozwoli nie zapomnie\\u0107 o \\u017cadnej z wa\\u017cnych rzeczy podczas pakowania. Na ko\\u0144cu wpisu znajduje si\\u0119 check-lista. Wydrukuj j\\u0105 sobie, spakuj si\\u0119 wed\\u0142ug niej i nocuj pod gwiazdami.\",\"inLanguage\":\"pl-PL\",\"isPartOf\":{\"@id\":\"https:\\\/\\\/www.skalnik.pl\\\/blog\\\/#website\"},\"breadcrumb\":{\"@id\":\"https:\\\/\\\/www.skalnik.pl\\\/blog\\\/co-zabrac-pod-namiot\\\/#breadcrumblist\"},\"author\":{\"@id\":\"https:\\\/\\\/www.skalnik.pl\\\/blog\\\/author\\\/olamariusz-robak\\\/#author\"},\"creator\":{\"@id\":\"https:\\\/\\\/www.skalnik.pl\\\/blog\\\/author\\\/olamariusz-robak\\\/#author\"},\"image\":{\"@type\":\"ImageObject\",\"url\":\"https:\\\/\\\/www.skalnik.pl\\\/blog\\\/wp-content\\\/uploads\\\/2018\\\/12\\\/ok\\u0142adka-pod-namiot.jpg\",\"@id\":\"https:\\\/\\\/www.skalnik.pl\\\/blog\\\/co-zabrac-pod-namiot\\\/#mainImage\",\"width\":1920,\"height\":705},\"primaryImageOfPage\":{\"@id\":\"https:\\\/\\\/www.skalnik.pl\\\/blog\\\/co-zabrac-pod-namiot\\\/#mainImage\"},\"datePublished\":\"2018-12-19T13:29:20+02:00\",\"dateModified\":\"2019-06-03T15:38:40+02:00\"},{\"@type\":\"WebSite\",\"@id\":\"https:\\\/\\\/www.skalnik.pl\\\/blog\\\/#website\",\"url\":\"https:\\\/\\\/www.skalnik.pl\\\/blog\\\/\",\"name\":\"blog Skalnik\",\"description\":\"Blog, porady, artyku\\u0142y - blog Skalnik\",\"inLanguage\":\"pl-PL\",\"publisher\":{\"@id\":\"https:\\\/\\\/www.skalnik.pl\\\/blog\\\/#organization\"}}]}\n\t\t<\/script>\n\t\t<!-- All in One SEO -->\n\n","aioseo_head_json":{"title":"Co zabra\u0107 pod namiot - blog Skalnik","description":"Zastanawiasz si\u0119 co trzeba zabra\u0107 na wyjazd z noclegiem pod namiotem? Przygotowali\u015bmy kr\u00f3tki wpis o tym, co absolutnie niezb\u0119dne pod namiotami. Artyku\u0142 u\u0142atwi ci planowanie wypadu pod namiot i pozwoli nie zapomnie\u0107 o \u017cadnej z wa\u017cnych rzeczy podczas pakowania. Na ko\u0144cu wpisu znajduje si\u0119 check-lista. Wydrukuj j\u0105 sobie, spakuj si\u0119 wed\u0142ug niej i nocuj pod gwiazdami.","canonical_url":"https:\/\/www.skalnik.pl\/blog\/co-zabrac-pod-namiot\/","robots":"max-image-preview:large","keywords":"","webmasterTools":{"miscellaneous":""},"schema":{"@context":"https:\/\/schema.org","@graph":[{"@type":"BlogPosting","@id":"https:\/\/www.skalnik.pl\/blog\/co-zabrac-pod-namiot\/#blogposting","name":"Co zabra\u0107 pod namiot - blog Skalnik","headline":"Co zabra\u0107 pod namiot","author":{"@id":"https:\/\/www.skalnik.pl\/blog\/author\/olamariusz-robak\/#author"},"publisher":{"@id":"https:\/\/www.skalnik.pl\/blog\/#organization"},"image":{"@type":"ImageObject","url":"https:\/\/www.skalnik.pl\/blog\/wp-content\/uploads\/2018\/12\/ok\u0142adka-pod-namiot.jpg","width":1920,"height":705},"datePublished":"2018-12-19T13:29:20+02:00","dateModified":"2019-06-03T15:38:40+02:00","inLanguage":"pl-PL","mainEntityOfPage":{"@id":"https:\/\/www.skalnik.pl\/blog\/co-zabrac-pod-namiot\/#webpage"},"isPartOf":{"@id":"https:\/\/www.skalnik.pl\/blog\/co-zabrac-pod-namiot\/#webpage"},"articleSection":"Porady, akcesoria turystyczne, namioty, \u015bpiwory, sprz\u0119t turystyczny, 1232"},{"@type":"BreadcrumbList","@id":"https:\/\/www.skalnik.pl\/blog\/co-zabrac-pod-namiot\/#breadcrumblist","itemListElement":[{"@type":"ListItem","@id":"https:\/\/www.skalnik.pl\/blog#listItem","position":1,"name":"Home","item":"https:\/\/www.skalnik.pl\/blog","nextItem":{"@type":"ListItem","@id":"https:\/\/www.skalnik.pl\/blog\/.\/porady\/#listItem","name":"Porady"}},{"@type":"ListItem","@id":"https:\/\/www.skalnik.pl\/blog\/.\/porady\/#listItem","position":2,"name":"Porady","item":"https:\/\/www.skalnik.pl\/blog\/.\/porady\/","nextItem":{"@type":"ListItem","@id":"https:\/\/www.skalnik.pl\/blog\/co-zabrac-pod-namiot\/#listItem","name":"Co zabra\u0107 pod namiot"},"previousItem":{"@type":"ListItem","@id":"https:\/\/www.skalnik.pl\/blog#listItem","name":"Home"}},{"@type":"ListItem","@id":"https:\/\/www.skalnik.pl\/blog\/co-zabrac-pod-namiot\/#listItem","position":3,"name":"Co zabra\u0107 pod namiot","previousItem":{"@type":"ListItem","@id":"https:\/\/www.skalnik.pl\/blog\/.\/porady\/#listItem","name":"Porady"}}]},{"@type":"Organization","@id":"https:\/\/www.skalnik.pl\/blog\/#organization","name":"blog Skalnik","description":"Blog, porady, artyku\u0142y - blog Skalnik","url":"https:\/\/www.skalnik.pl\/blog\/"},{"@type":"Person","@id":"https:\/\/www.skalnik.pl\/blog\/author\/olamariusz-robak\/#author","url":"https:\/\/www.skalnik.pl\/blog\/author\/olamariusz-robak\/","name":"Ola i Mariusz Robak","image":{"@type":"ImageObject","@id":"https:\/\/www.skalnik.pl\/blog\/co-zabrac-pod-namiot\/#authorImage","url":"https:\/\/secure.gravatar.com\/avatar\/1bdfdd8d52a8a864114b9539958110649b274bdf789f5503a949f40004d3c50f?s=96&d=mm&r=g","width":96,"height":96,"caption":"Ola i Mariusz Robak"}},{"@type":"WebPage","@id":"https:\/\/www.skalnik.pl\/blog\/co-zabrac-pod-namiot\/#webpage","url":"https:\/\/www.skalnik.pl\/blog\/co-zabrac-pod-namiot\/","name":"Co zabra\u0107 pod namiot - blog Skalnik","description":"Zastanawiasz si\u0119 co trzeba zabra\u0107 na wyjazd z noclegiem pod namiotem? Przygotowali\u015bmy kr\u00f3tki wpis o tym, co absolutnie niezb\u0119dne pod namiotami. Artyku\u0142 u\u0142atwi ci planowanie wypadu pod namiot i pozwoli nie zapomnie\u0107 o \u017cadnej z wa\u017cnych rzeczy podczas pakowania. Na ko\u0144cu wpisu znajduje si\u0119 check-lista. Wydrukuj j\u0105 sobie, spakuj si\u0119 wed\u0142ug niej i nocuj pod gwiazdami.","inLanguage":"pl-PL","isPartOf":{"@id":"https:\/\/www.skalnik.pl\/blog\/#website"},"breadcrumb":{"@id":"https:\/\/www.skalnik.pl\/blog\/co-zabrac-pod-namiot\/#breadcrumblist"},"author":{"@id":"https:\/\/www.skalnik.pl\/blog\/author\/olamariusz-robak\/#author"},"creator":{"@id":"https:\/\/www.skalnik.pl\/blog\/author\/olamariusz-robak\/#author"},"image":{"@type":"ImageObject","url":"https:\/\/www.skalnik.pl\/blog\/wp-content\/uploads\/2018\/12\/ok\u0142adka-pod-namiot.jpg","@id":"https:\/\/www.skalnik.pl\/blog\/co-zabrac-pod-namiot\/#mainImage","width":1920,"height":705},"primaryImageOfPage":{"@id":"https:\/\/www.skalnik.pl\/blog\/co-zabrac-pod-namiot\/#mainImage"},"datePublished":"2018-12-19T13:29:20+02:00","dateModified":"2019-06-03T15:38:40+02:00"},{"@type":"WebSite","@id":"https:\/\/www.skalnik.pl\/blog\/#website","url":"https:\/\/www.skalnik.pl\/blog\/","name":"blog Skalnik","description":"Blog, porady, artyku\u0142y - blog Skalnik","inLanguage":"pl-PL","publisher":{"@id":"https:\/\/www.skalnik.pl\/blog\/#organization"}}]},"og:locale":"pl_PL","og:site_name":"blog Skalnik - Blog, porady, artyku\u0142y - blog Skalnik","og:type":"article","og:title":"Co zabra\u0107 pod namiot - blog Skalnik","og:description":"Zastanawiasz si\u0119 co trzeba zabra\u0107 na wyjazd z noclegiem pod namiotem? Przygotowali\u015bmy kr\u00f3tki wpis o tym, co absolutnie niezb\u0119dne pod namiotami. Artyku\u0142 u\u0142atwi ci planowanie wypadu pod namiot i pozwoli nie zapomnie\u0107 o \u017cadnej z wa\u017cnych rzeczy podczas pakowania. Na ko\u0144cu wpisu znajduje si\u0119 check-lista. Wydrukuj j\u0105 sobie, spakuj si\u0119 wed\u0142ug niej i nocuj pod gwiazdami.","og:url":"https:\/\/www.skalnik.pl\/blog\/co-zabrac-pod-namiot\/","og:image":"https:\/\/skalnik.pl\/blog\/wp-content\/uploads\/2018\/12\/Zdj\u0119cie-2-1024x579.jpg","og:image:secure_url":"https:\/\/skalnik.pl\/blog\/wp-content\/uploads\/2018\/12\/Zdj\u0119cie-2-1024x579.jpg","article:tag":["porady","akcesoria turystyczne","namioty","\u015bpiwory","sprz\u0119t turystyczny"],"article:published_time":"2018-12-19T12:29:20+00:00","article:modified_time":"2019-06-03T13:38:40+00:00","twitter:card":"summary_large_image","twitter:title":"Co zabra\u0107 pod namiot - blog Skalnik","twitter:description":"Zastanawiasz si\u0119 co trzeba zabra\u0107 na wyjazd z noclegiem pod namiotem? Przygotowali\u015bmy kr\u00f3tki wpis o tym, co absolutnie niezb\u0119dne pod namiotami. Artyku\u0142 u\u0142atwi ci planowanie wypadu pod namiot i pozwoli nie zapomnie\u0107 o \u017cadnej z wa\u017cnych rzeczy podczas pakowania. Na ko\u0144cu wpisu znajduje si\u0119 check-lista. Wydrukuj j\u0105 sobie, spakuj si\u0119 wed\u0142ug niej i nocuj pod gwiazdami.","twitter:image":"https:\/\/skalnik.pl\/blog\/wp-content\/uploads\/2018\/12\/Zdj\u0119cie-2-1024x579.jpg"},"aioseo_meta_data":{"post_id":"5080","title":"","description":null,"keywords":null,"keyphrases":null,"primary_term":null,"canonical_url":null,"og_title":null,"og_description":null,"og_object_type":"default","og_image_type":"default","og_image_url":null,"og_image_width":null,"og_image_height":null,"og_image_custom_url":null,"og_image_custom_fields":null,"og_video":null,"og_custom_url":null,"og_article_section":null,"og_article_tags":null,"twitter_use_og":false,"twitter_card":"default","twitter_image_type":"default","twitter_image_url":null,"twitter_image_custom_url":null,"twitter_image_custom_fields":null,"twitter_title":null,"twitter_description":null,"schema":{"blockGraphs":[],"customGraphs":[],"default":{"data":{"Article":[],"Course":[],"Dataset":[],"FAQPage":[],"Movie":[],"Person":[],"Product":[],"ProductReview":[],"Car":[],"Recipe":[],"Service":[],"SoftwareApplication":[],"WebPage":[]},"graphName":"BlogPosting","isEnabled":true},"graphs":[]},"schema_type":"default","schema_type_options":null,"pillar_content":false,"robots_default":true,"robots_noindex":false,"robots_noarchive":false,"robots_nosnippet":false,"robots_nofollow":false,"robots_noimageindex":false,"robots_noodp":false,"robots_notranslate":false,"robots_max_snippet":null,"robots_max_videopreview":null,"robots_max_imagepreview":"large","priority":null,"frequency":null,"local_seo":null,"breadcrumb_settings":null,"limit_modified_date":false,"ai":null,"created":"2022-08-26 09:54:18","updated":"2026-02-17 21:28:24","seo_analyzer_scan_date":null},"aioseo_breadcrumb":"<div class=\"aioseo-breadcrumbs\"><span class=\"aioseo-breadcrumb\">\n\t\t\t<a href=\"https:\/\/www.skalnik.pl\/blog\" title=\"Home\">Home<\/a>\n\t\t<\/span><span class=\"aioseo-breadcrumb-separator\">&raquo;<\/span><span class=\"aioseo-breadcrumb\">\n\t\t\t<a href=\"https:\/\/www.skalnik.pl\/blog\/.\/porady\/\" title=\"Porady\">Porady<\/a>\n\t\t<\/span><span class=\"aioseo-breadcrumb-separator\">&raquo;<\/span><span class=\"aioseo-breadcrumb\">\n\t\t\tCo zabra\u0107 pod namiot\n\t\t<\/span><\/div>","aioseo_breadcrumb_json":[{"label":"Home","link":"https:\/\/www.skalnik.pl\/blog"},{"label":"Porady","link":"https:\/\/www.skalnik.pl\/blog\/.\/porady\/"},{"label":"Co zabra\u0107 pod namiot","link":"https:\/\/www.skalnik.pl\/blog\/co-zabrac-pod-namiot\/"}],"_links":{"self":[{"href":"https:\/\/www.skalnik.pl\/blog\/wp-json\/wp\/v2\/posts\/5080","targetHints":{"allow":["GET"]}}],"collection":[{"href":"https:\/\/www.skalnik.pl\/blog\/wp-json\/wp\/v2\/posts"}],"about":[{"href":"https:\/\/www.skalnik.pl\/blog\/wp-json\/wp\/v2\/types\/post"}],"author":[{"embeddable":true,"href":"https:\/\/www.skalnik.pl\/blog\/wp-json\/wp\/v2\/users\/27"}],"replies":[{"embeddable":true,"href":"https:\/\/www.skalnik.pl\/blog\/wp-json\/wp\/v2\/comments?post=5080"}],"version-history":[{"count":26,"href":"https:\/\/www.skalnik.pl\/blog\/wp-json\/wp\/v2\/posts\/5080\/revisions"}],"predecessor-version":[{"id":7268,"href":"https:\/\/www.skalnik.pl\/blog\/wp-json\/wp\/v2\/posts\/5080\/revisions\/7268"}],"wp:featuredmedia":[{"embeddable":true,"href":"https:\/\/www.skalnik.pl\/blog\/wp-json\/wp\/v2\/media\/5166"}],"wp:attachment":[{"href":"https:\/\/www.skalnik.pl\/blog\/wp-json\/wp\/v2\/media?parent=5080"}],"wp:term":[{"taxonomy":"category","embeddable":true,"href":"https:\/\/www.skalnik.pl\/blog\/wp-json\/wp\/v2\/categories?post=5080"},{"taxonomy":"post_tag","embeddable":true,"href":"https:\/\/www.skalnik.pl\/blog\/wp-json\/wp\/v2\/tags?post=5080"},{"taxonomy":"magento_category","embeddable":true,"href":"https:\/\/www.skalnik.pl\/blog\/wp-json\/wp\/v2\/magento_category?post=5080"},{"taxonomy":"magento_product","embeddable":true,"href":"https:\/\/www.skalnik.pl\/blog\/wp-json\/wp\/v2\/magento_product?post=5080"}],"curies":[{"name":"wp","href":"https:\/\/api.w.org\/{rel}","templated":true}]}}