{"id":5172,"date":"2018-12-31T12:42:35","date_gmt":"2018-12-31T11:42:35","guid":{"rendered":"https:\/\/skalnik.pl\/blog\/?p=5172"},"modified":"2019-01-14T12:06:10","modified_gmt":"2019-01-14T11:06:10","slug":"tour-du-mont-blanc-w-10-dni-dookola-dachu-europy","status":"publish","type":"post","link":"https:\/\/www.skalnik.pl\/blog\/tour-du-mont-blanc-w-10-dni-dookola-dachu-europy\/","title":{"rendered":"Tour du Mont Blanc &#8211; w 10 dni dooko\u0142a dachu Europy"},"content":{"rendered":"<p><b>Tour de Mont Blanc (TMB) to jeden z klasyk\u00f3w trekkingowych, kt\u00f3ry nie bez przypadku cz\u0119sto pojawia si\u0119 w zestawieniach i rankingach najpi\u0119kniejszych szlak\u00f3w Europy. Jest szlakiem pieszym biegn\u0105cym dooko\u0142a ca\u0142ego masywu Mont Blanc w Alpach Graickich. Co prawda nie prowadzi na szczyt najwy\u017cszej g\u00f3ry tej cz\u0119\u015bci Europy, ale pozwala na przebycie ponad 170 km mniej lub bardziej wymagaj\u0105cych szlak\u00f3w. To tak\u017ce mo\u017cliwo\u015b\u0107 prze\u017cycia g\u00f3rskiej przygody z widokiem na spektakularny masyw Mont Blanc<\/b>.<\/p>\n<div id=\"ez-toc-container\" class=\"ez-toc-v2_0_85 counter-hierarchy ez-toc-counter ez-toc-light-blue ez-toc-container-direction\">\n<div class=\"ez-toc-title-container\">\n<p class=\"ez-toc-title\" style=\"cursor:inherit\">SPIS TRE\u015aCI <\/p>\n<span class=\"ez-toc-title-toggle\"><a href=\"#\" class=\"ez-toc-pull-right ez-toc-btn ez-toc-btn-xs ez-toc-btn-default ez-toc-toggle\" aria-label=\"Prze\u0142\u0105cznik Spisu Tre\u015bci\"><span class=\"ez-toc-js-icon-con\"><span class=\"\"><span class=\"eztoc-hide\" style=\"display:none;\">Toggle<\/span><span class=\"ez-toc-icon-toggle-span\"><svg style=\"fill: #999;color:#999\" xmlns=\"http:\/\/www.w3.org\/2000\/svg\" class=\"list-377408\" width=\"20px\" height=\"20px\" viewBox=\"0 0 24 24\" fill=\"none\"><path d=\"M6 6H4v2h2V6zm14 0H8v2h12V6zM4 11h2v2H4v-2zm16 0H8v2h12v-2zM4 16h2v2H4v-2zm16 0H8v2h12v-2z\" fill=\"currentColor\"><\/path><\/svg><svg style=\"fill: #999;color:#999\" class=\"arrow-unsorted-368013\" xmlns=\"http:\/\/www.w3.org\/2000\/svg\" width=\"10px\" height=\"10px\" viewBox=\"0 0 24 24\" version=\"1.2\" baseProfile=\"tiny\"><path d=\"M18.2 9.3l-6.2-6.3-6.2 6.3c-.2.2-.3.4-.3.7s.1.5.3.7c.2.2.4.3.7.3h11c.3 0 .5-.1.7-.3.2-.2.3-.5.3-.7s-.1-.5-.3-.7zM5.8 14.7l6.2 6.3 6.2-6.3c.2-.2.3-.5.3-.7s-.1-.5-.3-.7c-.2-.2-.4-.3-.7-.3h-11c-.3 0-.5.1-.7.3-.2.2-.3.5-.3.7s.1.5.3.7z\"\/><\/svg><\/span><\/span><\/span><\/a><\/span><\/div>\n<nav><ul class='ez-toc-list ez-toc-list-level-1 ' ><li class='ez-toc-page-1 ez-toc-heading-level-2'><a class=\"ez-toc-link ez-toc-heading-1\" href=\"https:\/\/www.skalnik.pl\/blog\/tour-du-mont-blanc-w-10-dni-dookola-dachu-europy\/#Tour_de_Mont_Blanc_w_liczbach\" >Tour de Mont Blanc w liczbach<\/a><\/li><li class='ez-toc-page-1 ez-toc-heading-level-2'><a class=\"ez-toc-link ez-toc-heading-2\" href=\"https:\/\/www.skalnik.pl\/blog\/tour-du-mont-blanc-w-10-dni-dookola-dachu-europy\/#Poczatek_i_odcinki_Tour_de_Mont_Blanc\" >Pocz\u0105tek i odcinki Tour de Mont Blanc<\/a><\/li><li class='ez-toc-page-1 ez-toc-heading-level-2'><a class=\"ez-toc-link ez-toc-heading-3\" href=\"https:\/\/www.skalnik.pl\/blog\/tour-du-mont-blanc-w-10-dni-dookola-dachu-europy\/#Gdzie_spac_na_trasie_Tour_de_Mont_Blanc\" >Gdzie spa\u0107 na trasie Tour de Mont Blanc?<\/a><\/li><li class='ez-toc-page-1 ez-toc-heading-level-2'><a class=\"ez-toc-link ez-toc-heading-4\" href=\"https:\/\/www.skalnik.pl\/blog\/tour-du-mont-blanc-w-10-dni-dookola-dachu-europy\/#Jedzenie_i_woda_na_Tour_de_Mont_Blanc\" >Jedzenie i woda na Tour de Mont Blanc<\/a><\/li><li class='ez-toc-page-1 ez-toc-heading-level-2'><a class=\"ez-toc-link ez-toc-heading-5\" href=\"https:\/\/www.skalnik.pl\/blog\/tour-du-mont-blanc-w-10-dni-dookola-dachu-europy\/#Co_zabrac_na_TMB\" >Co zabra\u0107 na TMB<\/a><\/li><li class='ez-toc-page-1 ez-toc-heading-level-2'><a class=\"ez-toc-link ez-toc-heading-6\" href=\"https:\/\/www.skalnik.pl\/blog\/tour-du-mont-blanc-w-10-dni-dookola-dachu-europy\/#Ile_trwa_przejscie_TMB\" >Ile trwa przej\u015bcie TMB<\/a><\/li><li class='ez-toc-page-1 ez-toc-heading-level-2'><a class=\"ez-toc-link ez-toc-heading-7\" href=\"https:\/\/www.skalnik.pl\/blog\/tour-du-mont-blanc-w-10-dni-dookola-dachu-europy\/#Nawigacja\" >Nawigacja<\/a><\/li><\/ul><\/nav><\/div>\n<h2><span class=\"ez-toc-section\" id=\"Tour_de_Mont_Blanc_w_liczbach\"><\/span>Tour de Mont Blanc w liczbach<span class=\"ez-toc-section-end\"><\/span><\/h2>\n<p>Na pocz\u0105tek rzuc\u0119 kilka liczb:<\/p>\n<ul>\n<li>Przebyte kilometry: 170<\/li>\n<li>Pokonana r\u00f3\u017cnica wysoko\u015bci: 10 000 metr\u00f3w<\/li>\n<li>Odwiedzone kraje: 3<\/li>\n<li>Waga dobytku d\u017awiganego na plecach: 15 kilogram\u00f3w + woda<\/li>\n<li>Dni sp\u0119dzone na szlaku: 9<\/li>\n<li>Liczba os\u00f3b w zespole: 2<\/li>\n<li>Liczba wypitych kaw: 78<\/li>\n<\/ul>\n<h2><span class=\"ez-toc-section\" id=\"Poczatek_i_odcinki_Tour_de_Mont_Blanc\"><\/span>Pocz\u0105tek i odcinki Tour de Mont Blanc<span class=\"ez-toc-section-end\"><\/span><\/h2>\n<p>Oficjalnym pocz\u0105tkiem szlaku jest francuska miejscowo\u015b\u0107 Les Houches. Nic jednak nie stoi na przeszkodzie, aby wystartowa\u0107 w dowolnym innym miejscu na trasie. Koniec w\u0119dr\u00f3wki jest dok\u0142adnie tam, gdzie jej pocz\u0105tek, gdy\u017c TMB zatacza idealn\u0105 p\u0119tl\u0119. Podczas w\u0119dr\u00f3wki odwiedzimy Francj\u0119, Szwajcari\u0119 oraz W\u0142ochy&#8230; b\u0105d\u017a w odwrotnej kolejno\u015bci. Chocia\u017c z za\u0142o\u017cenia kierunek szlaku wiedzie przeciwnie do ruchu wskaz\u00f3wek zegara, mo\u017cna go sobie bez problemu odwr\u00f3ci\u0107. \u017badna z opcji nie jest \u0142atwiejsza ani trudniejsza: suma podej\u015b\u0107 i zej\u015b\u0107 jest wci\u0105\u017c ta sama, podobnie stopnie\u0144 trudno\u015bci, a tak\u017ce atrakcyjno\u015b\u0107 widok\u00f3w, kt\u00f3re raz mamy za plecami a raz przed nosem.<\/p>\n<div id=\"attachment_5185\" style=\"width: 1034px\" class=\"wp-caption alignnone\"><img loading=\"lazy\" decoding=\"async\" aria-describedby=\"caption-attachment-5185\" class=\"wp-image-5185 size-large\" title=\"Tablica informacyjna z map\u0105 TMB\" src=\"https:\/\/skalnik.pl\/blog\/wp-content\/uploads\/2018\/12\/11-1024x768.jpg\" alt=\"Schemat szlaku wok\u00f3\u0142 Mont Blanc\" width=\"1024\" height=\"768\" srcset=\"https:\/\/www.skalnik.pl\/blog\/wp-content\/uploads\/2018\/12\/11-1024x768.jpg 1024w, https:\/\/www.skalnik.pl\/blog\/wp-content\/uploads\/2018\/12\/11-300x225.jpg 300w, https:\/\/www.skalnik.pl\/blog\/wp-content\/uploads\/2018\/12\/11-768x576.jpg 768w, https:\/\/www.skalnik.pl\/blog\/wp-content\/uploads\/2018\/12\/11.jpg 1920w\" sizes=\"auto, (max-width: 1024px) 100vw, 1024px\" \/><p id=\"caption-attachment-5185\" class=\"wp-caption-text\">Mapa Tour du Mont Blanc<\/p><\/div>\n<p>Dowolno\u015b\u0107 mamy te\u017c w dzieleniu trasy na poszczeg\u00f3lne dni i odcinki. Najcz\u0119\u015bciej poleca si\u0119 roz\u0142o\u017cenie Tour du Mont Blanc na 7\u201310 dni, cho\u0107 papierowy przewodnik, jaki zakupili\u015bmy w Cormayeur, rozpisany by\u0142 na tych dni a\u017c 12. Je\u015bli zastanawiacie si\u0119, czy to du\u017co, czy ma\u0142o, pomy\u015blcie o uczestnikach UTMB (Ultra Trail du Mont Blanc), kultowego g\u00f3rskiego biegu, kt\u00f3rego trasa do\u015b\u0107 mocno pokrywa si\u0119 z TMB i kt\u00f3rym jego pokonanie zajmuje od 20 (rekord) do 46 godzin (limit).<\/p>\n<p>Logistyka na TMB to rzecz stosunkowo \u0142atwa i przyjemna. Alpy Graickie i ca\u0142e okolice masywu Blanca to teren bardzo dobrze zagospodarowany turystycznie i cywilizacyjnie. Jak wspomina\u0142em, rozpocz\u0105\u0107 szlak mo\u017cna z dowolnej miejscowo\u015bci, wi\u0119c w dowolnym miejscu mo\u017cna zostawi\u0107 samoch\u00f3d. Je\u015bli nie u\u017cywamy w\u0142asnego \u015brodka transportu, najwygodniejsze wydaj\u0105 si\u0119 dwie opcje: samolot do Mediolanu i stamt\u0105d autobus do Comayeur, b\u0105d\u017a samolot do Lyonu i stamt\u0105d autobus do Chamonix. Co kto lubi i gdzie akurat trafi\u0105 si\u0119 ta\u0144sze loty.<\/p>\n<p>&nbsp;<\/p>\n<h2><span class=\"ez-toc-section\" id=\"Gdzie_spac_na_trasie_Tour_de_Mont_Blanc\"><\/span>Gdzie spa\u0107 na trasie Tour de Mont Blanc?<span class=\"ez-toc-section-end\"><\/span><\/h2>\n<p>Spa\u0107 mo\u017cna w schroniskach, gdy\u017c na trasie jest ich naprawd\u0119 du\u017co. Je\u015bli jakim\u015b cudem nie b\u0119dzie pod koniec odcinka schroniska, to na pewno b\u0119dzie jaki\u015b pensjonat albo kwatera prywatna. Chc\u0105c jednak zasypia\u0107 w po\u015bcieli i mi\u0119kkim \u0142\u00f3\u017ceczku trzeba si\u0119 liczy\u0107 z kosztami, bo najta\u0144sze noclegi w g\u00f3rskim schronie to wydatek rz\u0119du 50\u201360 euro od osoby. Z kolei na wi\u0119kszo\u015bci camping\u00f3w we W\u0142oszech i Francji ceny za ma\u0142y namiot + 2 osoby wynosi\u0142y w granicach 15-20 euro, najdro\u017cej oczywi\u015bcie wypad\u0142a Szwajcaria. Nocleg na kampingu Les Rocailles w Champex-Lac kosztowa\u0142 32 euro i to by\u0142y najwi\u0119ksze pieni\u0105dze, jakie zap\u0142acili\u015bmy za spanie podczas ca\u0142ego TMB. Czyli raczej nikt nie zbankrutuje, a je\u015bli bankructwa si\u0119 obawia, zawsze mo\u017cna spa\u0107 na dziko.<\/p>\n<div class=\"page_gallery\">\n\n\t\t<style type=\"text\/css\">\n\t\t\t#gallery-1 {\n\t\t\t\tmargin: auto;\n\t\t\t}\n\t\t\t#gallery-1 .gallery-item {\n\t\t\t\tfloat: left;\n\t\t\t\tmargin-top: 10px;\n\t\t\t\ttext-align: center;\n\t\t\t\twidth: 33%;\n\t\t\t}\n\t\t\t#gallery-1 img {\n\t\t\t\tborder: 2px solid #cfcfcf;\n\t\t\t}\n\t\t\t#gallery-1 .gallery-caption {\n\t\t\t\tmargin-left: 0;\n\t\t\t}\n\t\t\t\/* see gallery_shortcode() in wp-includes\/media.php *\/\n\t\t<\/style>\n\t\t<div id='gallery-1' class='gallery galleryid-5172 gallery-columns-3 gallery-size-large'><dl class='gallery-item'>\n\t\t\t<dt class='gallery-icon landscape'>\n\t\t\t\t<img loading=\"lazy\" decoding=\"async\" width=\"1024\" height=\"768\" src=\"https:\/\/www.skalnik.pl\/blog\/wp-content\/uploads\/2018\/12\/10-1024x768.jpg\" class=\"attachment-large size-large\" alt=\"\" srcset=\"https:\/\/www.skalnik.pl\/blog\/wp-content\/uploads\/2018\/12\/10-1024x768.jpg 1024w, https:\/\/www.skalnik.pl\/blog\/wp-content\/uploads\/2018\/12\/10-300x225.jpg 300w, https:\/\/www.skalnik.pl\/blog\/wp-content\/uploads\/2018\/12\/10-768x576.jpg 768w, https:\/\/www.skalnik.pl\/blog\/wp-content\/uploads\/2018\/12\/10.jpg 1920w\" sizes=\"auto, (max-width: 1024px) 100vw, 1024px\" \/>\n\t\t\t<\/dt><\/dl><dl class='gallery-item'>\n\t\t\t<dt class='gallery-icon landscape'>\n\t\t\t\t<img loading=\"lazy\" decoding=\"async\" width=\"1024\" height=\"575\" src=\"https:\/\/www.skalnik.pl\/blog\/wp-content\/uploads\/2018\/12\/3-1024x575.jpg\" class=\"attachment-large size-large\" alt=\"\" srcset=\"https:\/\/www.skalnik.pl\/blog\/wp-content\/uploads\/2018\/12\/3-1024x575.jpg 1024w, https:\/\/www.skalnik.pl\/blog\/wp-content\/uploads\/2018\/12\/3-300x169.jpg 300w, https:\/\/www.skalnik.pl\/blog\/wp-content\/uploads\/2018\/12\/3-768x432.jpg 768w, https:\/\/www.skalnik.pl\/blog\/wp-content\/uploads\/2018\/12\/3.jpg 1920w\" sizes=\"auto, (max-width: 1024px) 100vw, 1024px\" \/>\n\t\t\t<\/dt><\/dl><dl class='gallery-item'>\n\t\t\t<dt class='gallery-icon landscape'>\n\t\t\t\t<img loading=\"lazy\" decoding=\"async\" width=\"1024\" height=\"575\" src=\"https:\/\/www.skalnik.pl\/blog\/wp-content\/uploads\/2018\/12\/6-1024x575.jpg\" class=\"attachment-large size-large\" alt=\"\" srcset=\"https:\/\/www.skalnik.pl\/blog\/wp-content\/uploads\/2018\/12\/6-1024x575.jpg 1024w, https:\/\/www.skalnik.pl\/blog\/wp-content\/uploads\/2018\/12\/6-300x169.jpg 300w, https:\/\/www.skalnik.pl\/blog\/wp-content\/uploads\/2018\/12\/6-768x432.jpg 768w, https:\/\/www.skalnik.pl\/blog\/wp-content\/uploads\/2018\/12\/6.jpg 1920w\" sizes=\"auto, (max-width: 1024px) 100vw, 1024px\" \/>\n\t\t\t<\/dt><\/dl><br style=\"clear: both\" \/>\n\t\t<\/div>\n\n<\/div>\n<p>Oficjalnie oczywi\u015bcie nikt wam na to nie pozwoli, tylko w niekt\u00f3rych miejscach obozowanie przy szlaku jest dozwolone, ale i tak w formie awaryjnego biwaku, na wysoko\u015bci przekraczaj\u0105cej 2000 m n.p.m. Jednak w dolnych fragmentach szlak\u00f3w, blisko wsi i schronisk, co i rusz wida\u0107 by\u0142o charakterystyczne &#8222;wyle\u017cane&#8221; miejsca w trawie, ewidentnie pozostawione przez namioty. Ostro\u017cny turysta, kt\u00f3ry si\u0119 przed zmrokiem i zwija majdan o \u015bwicie, a przede wszystkim wierny zasadzie &#8222;Leave No Trace&#8221; spokojnie da rad\u0119 przej\u015b\u0107 TMB biwakuj\u0105c &#8222;nieoficjalnie&#8221;.<\/p>\n<p>&nbsp;<\/p>\n<h2><span class=\"ez-toc-section\" id=\"Jedzenie_i_woda_na_Tour_de_Mont_Blanc\"><\/span>Jedzenie i woda na Tour de Mont Blanc<span class=\"ez-toc-section-end\"><\/span><\/h2>\n<p>Zapasu jedzenia wi\u0119kszego ni\u017c na 1\u20132 dni nie ma sensu targa\u0107 ze sob\u0105. Niemal ka\u017cdy dzie\u0144 w\u0119dr\u00f3wki mo\u017cna ko\u0144czy\u0107 w miejscowo\u015bci wyposa\u017conej w sklep. My co prawda nie\u015bli\u015bmy ze sob\u0105 zapas obiad\u00f3w i \u015bniada\u0144 (czyli sucha klasyka w postaci owsianek, makaron\u00f3w, kaszy kuskus i kolekcji sos\u00f3w), co pozwoli\u0142o w pewnym stopniu na niezale\u017cno\u015b\u0107 gastronomiczn\u0105. Uzupe\u0142niaj\u0105c te zapasy o \u015bwie\u017ce pieczywo, sery, szynki i s\u0142odycze kupowane w lokalnych supermarketach mo\u017cna prze\u017cy\u0107 na TMB napawd\u0119 niedu\u017cym kosztem. Nie popadaj\u0105c oczywi\u015bcie w skrajno\u015b\u0107, no bo jak tu w\u0119druj\u0105c przez Francj\u0119 czy W\u0142ochy nie skusi\u0107 si\u0119 od czasu do czasu na lokalne pyszno\u015bci, o winie nie wspominaj\u0105c.<\/p>\n<p>Co uwa\u017cniejsi mog\u0105 zapyta\u0107: &#8222;a co ze Szwajcari\u0105, kt\u00f3ra wszak nie jest cz\u0142onkiem UE?&#8221;. Mo\u017cna oczywi\u015bcie wzi\u0105\u0107 ze sob\u0105 nieco frank\u00f3w, jednak we wszystkich schroniskach, sklepach i campach po stronie szwajcarskiej nie by\u0142o absolutnie \u017cadnego problemu z zap\u0142at\u0105 w euro. Oczywi\u015bcie po nieoficjalnym przeliczniku, kt\u00f3ry na szcz\u0119\u015bcie nie jest zbyt zb\u00f3jecki.<\/p>\n<div id=\"attachment_5176\" style=\"width: 1034px\" class=\"wp-caption alignnone\"><img loading=\"lazy\" decoding=\"async\" aria-describedby=\"caption-attachment-5176\" class=\"wp-image-5176 size-large\" src=\"https:\/\/skalnik.pl\/blog\/wp-content\/uploads\/2018\/12\/2-1024x575.jpg\" alt=\"Miasteczko otoczone g\u00f3rami\" width=\"1024\" height=\"575\" srcset=\"https:\/\/www.skalnik.pl\/blog\/wp-content\/uploads\/2018\/12\/2-1024x575.jpg 1024w, https:\/\/www.skalnik.pl\/blog\/wp-content\/uploads\/2018\/12\/2-300x169.jpg 300w, https:\/\/www.skalnik.pl\/blog\/wp-content\/uploads\/2018\/12\/2-768x432.jpg 768w, https:\/\/www.skalnik.pl\/blog\/wp-content\/uploads\/2018\/12\/2.jpg 1920w\" sizes=\"auto, (max-width: 1024px) 100vw, 1024px\" \/><p id=\"caption-attachment-5176\" class=\"wp-caption-text\">Jedno z alpejskich miasteczek przy szlaku<\/p><\/div>\n<p>Dost\u0119pno\u015b\u0107 na szlaku wody r\u00f3wnie\u017c na pi\u0105tk\u0119 z plusem. Jedynie na odcinku Les Houches &#8211; La Fl\u00e9g\u00e8re odnotowali\u015bmy brak \u017ar\u00f3de\u0142 wody pitnej, ale poza tym nie by\u0142o potrzeby niesienia na grzbiecie wi\u0119kszej ilo\u015bci p\u0142yn\u00f3w ni\u017c wypijana na bie\u017c\u0105co. Na trasie co i rusz mo\u017cna wpa\u015b\u0107 na strumie\u0144, dodatkowo w wioskach, na prze\u0142\u0119czach i pod schroniskami cz\u0119sto i g\u0119sto umieszczone s\u0105 tryskaj\u0105ce uj\u0119cia wody, na przyk\u0142ad w postaci drewnianego lub blaszanego korytka z wystaj\u0105cym kranem. Zapas tabletek do oczyszczania wody przywie\u017ali\u015bmy z powrotem do domu w stanie prawie nienaruszonym.<\/p>\n<p>&nbsp;<\/p>\n<h2><span class=\"ez-toc-section\" id=\"Co_zabrac_na_TMB\"><\/span>Co zabra\u0107 na TMB<span class=\"ez-toc-section-end\"><\/span><\/h2>\n<p>Podczas przemierzania TMB nie napotkacie na \u017cadne techniczne trudno\u015bci wymagaj\u0105ce u\u017cycia specjalistycznego sprz\u0119tu. <a href=\"https:\/\/skalnik.pl\/sprzet-turystyczny\/akcesoria-turystyczne\/akcesoria-turystyczne-kije-trekkingowe\">Kijki trekkingowe<\/a> to oczywi\u015bcie podstawa przy wielodniowej w\u0119dr\u00f3wce. Spakowa\u0107 si\u0119 mo\u017cna spokojnie do plecaka o pojemno\u015bci 50 litr\u00f3w. Namiot, \u015bpiw\u00f3r, mata. Minimalna ilo\u015b\u0107 odzie\u017cy, bo szybkie pranie mo\u017cna przecie\u017c zrobi\u0107 na campingu. Warto zabra\u0107 ciep\u0142\u0105 czapk\u0119, r\u0119kawiczki i jaki\u015b docieplacz w postaci swetra z puchem lub Primaloftem. W okolicy Mont Blanc panuj\u0105 specyficzne warunki i norm\u0105 s\u0105 sytuacje, gdy po ca\u0142ym dniu w\u0119dr\u00f3wki w pal\u0105cym s\u0142o\u0144cu, kilka sekund po jego zachodzie temperatura spada do 10\u00b0C. Popo\u0142udniowe biesiady przy winie i poranne gotowanie na campingach cz\u0119sto sp\u0119dzali\u015bmy ubrani po uszy, gdy\u017c strasznie ci\u0105gnie ch\u0142odem od wszechobecnych lodowc\u00f3w. Masyw Blanca lubi tak\u017ce \u015bci\u0105gn\u0105\u0107 na siebie nag\u0142e za\u0142amanie pogody w postaci deszczu i burzy, trzeba wi\u0119c by\u0107 przygotowanym na zmian\u0119 warunk\u00f3w pogodowych nawet kilka razy dziennie.<\/p>\n<p>Mnogo\u015b\u0107 sklepik\u00f3w turystycznych na trasie sprawia, \u017ce nie ma problemu z zakupem kartuszy do kuchenki w najpopularniejszych standardach, czy brakuj\u0105cych (albo uszkodzonych \/ zaginionych) element\u00f3w wyposa\u017cenia.<\/p>\n<p>&nbsp;<\/p>\n<h2><span class=\"ez-toc-section\" id=\"Ile_trwa_przejscie_TMB\"><\/span>Ile trwa przej\u015bcie TMB<span class=\"ez-toc-section-end\"><\/span><\/h2>\n<p>Przej\u015bcie TMB zaj\u0119\u0142o nam dok\u0142adnie 9 dni + dzie\u0144 restu. Da\u0142oby si\u0119 oczywi\u015bcie szybciej, da\u0142oby si\u0119 te\u017c wolniej. Marszrut\u0119 mo\u017cna sobie dowolnie dostosowa\u0107 do swoich potrzeb i mo\u017cliwo\u015bci. Najwa\u017cniejsze jest jednak to, \u017ce TMB to szlak stosunkowo przyst\u0119pny i poradzi sobie na nim ka\u017cdy sprawny turysta, kt\u00f3remu nieobce s\u0105 kilkudniowe w\u0119dr\u00f3wki z namiotem. Turysta, kt\u00f3ry lizn\u0105\u0142 skalistych szlak\u00f3w tatrza\u0144skich i nie wpadnie w panik\u0119 na widok \u017celaznej drabinki czy kawa\u0142ka \u0142a\u0144cucha, bo takie ubezpieczone fragmenty r\u00f3wnie\u017c si\u0119 zdarzaj\u0105. Nie nale\u017cy si\u0119 ich obawia\u0107, to nie poziom Orlej Perci. Nie ma tu r\u00f3wnie\u017c \u015bcie\u017cek z przera\u017caj\u0105c\u0105 ekspozycj\u0105, na kt\u00f3rych strach postawi\u0107 stop\u0119 i spojrze\u0107 w d\u00f3\u0142.<\/p>\n<div class=\"page_gallery\">\n\n\t\t<style type=\"text\/css\">\n\t\t\t#gallery-2 {\n\t\t\t\tmargin: auto;\n\t\t\t}\n\t\t\t#gallery-2 .gallery-item {\n\t\t\t\tfloat: left;\n\t\t\t\tmargin-top: 10px;\n\t\t\t\ttext-align: center;\n\t\t\t\twidth: 33%;\n\t\t\t}\n\t\t\t#gallery-2 img {\n\t\t\t\tborder: 2px solid #cfcfcf;\n\t\t\t}\n\t\t\t#gallery-2 .gallery-caption {\n\t\t\t\tmargin-left: 0;\n\t\t\t}\n\t\t\t\/* see gallery_shortcode() in wp-includes\/media.php *\/\n\t\t<\/style>\n\t\t<div id='gallery-2' class='gallery galleryid-5172 gallery-columns-3 gallery-size-large'><dl class='gallery-item'>\n\t\t\t<dt class='gallery-icon landscape'>\n\t\t\t\t<img loading=\"lazy\" decoding=\"async\" width=\"1024\" height=\"575\" src=\"https:\/\/www.skalnik.pl\/blog\/wp-content\/uploads\/2018\/12\/5-1024x575.jpg\" class=\"attachment-large size-large\" alt=\"\" srcset=\"https:\/\/www.skalnik.pl\/blog\/wp-content\/uploads\/2018\/12\/5-1024x575.jpg 1024w, https:\/\/www.skalnik.pl\/blog\/wp-content\/uploads\/2018\/12\/5-300x169.jpg 300w, https:\/\/www.skalnik.pl\/blog\/wp-content\/uploads\/2018\/12\/5-768x432.jpg 768w, https:\/\/www.skalnik.pl\/blog\/wp-content\/uploads\/2018\/12\/5.jpg 1920w\" sizes=\"auto, (max-width: 1024px) 100vw, 1024px\" \/>\n\t\t\t<\/dt><\/dl><dl class='gallery-item'>\n\t\t\t<dt class='gallery-icon landscape'>\n\t\t\t\t<img loading=\"lazy\" decoding=\"async\" width=\"1024\" height=\"575\" src=\"https:\/\/www.skalnik.pl\/blog\/wp-content\/uploads\/2018\/12\/4-1024x575.jpg\" class=\"attachment-large size-large\" alt=\"\" srcset=\"https:\/\/www.skalnik.pl\/blog\/wp-content\/uploads\/2018\/12\/4-1024x575.jpg 1024w, https:\/\/www.skalnik.pl\/blog\/wp-content\/uploads\/2018\/12\/4-300x169.jpg 300w, https:\/\/www.skalnik.pl\/blog\/wp-content\/uploads\/2018\/12\/4-768x432.jpg 768w, https:\/\/www.skalnik.pl\/blog\/wp-content\/uploads\/2018\/12\/4.jpg 1920w\" sizes=\"auto, (max-width: 1024px) 100vw, 1024px\" \/>\n\t\t\t<\/dt><\/dl><dl class='gallery-item'>\n\t\t\t<dt class='gallery-icon landscape'>\n\t\t\t\t<img loading=\"lazy\" decoding=\"async\" width=\"1024\" height=\"575\" src=\"https:\/\/www.skalnik.pl\/blog\/wp-content\/uploads\/2018\/12\/8-1024x575.jpg\" class=\"attachment-large size-large\" alt=\"\" srcset=\"https:\/\/www.skalnik.pl\/blog\/wp-content\/uploads\/2018\/12\/8-1024x575.jpg 1024w, https:\/\/www.skalnik.pl\/blog\/wp-content\/uploads\/2018\/12\/8-300x169.jpg 300w, https:\/\/www.skalnik.pl\/blog\/wp-content\/uploads\/2018\/12\/8-768x432.jpg 768w, https:\/\/www.skalnik.pl\/blog\/wp-content\/uploads\/2018\/12\/8.jpg 1920w\" sizes=\"auto, (max-width: 1024px) 100vw, 1024px\" \/>\n\t\t\t<\/dt><\/dl><br style=\"clear: both\" \/><dl class='gallery-item'>\n\t\t\t<dt class='gallery-icon landscape'>\n\t\t\t\t<img loading=\"lazy\" decoding=\"async\" width=\"1024\" height=\"575\" src=\"https:\/\/www.skalnik.pl\/blog\/wp-content\/uploads\/2018\/12\/1-1024x575.jpg\" class=\"attachment-large size-large\" alt=\"\" srcset=\"https:\/\/www.skalnik.pl\/blog\/wp-content\/uploads\/2018\/12\/1-1024x575.jpg 1024w, https:\/\/www.skalnik.pl\/blog\/wp-content\/uploads\/2018\/12\/1-300x169.jpg 300w, https:\/\/www.skalnik.pl\/blog\/wp-content\/uploads\/2018\/12\/1-768x432.jpg 768w, https:\/\/www.skalnik.pl\/blog\/wp-content\/uploads\/2018\/12\/1.jpg 1920w\" sizes=\"auto, (max-width: 1024px) 100vw, 1024px\" \/>\n\t\t\t<\/dt><\/dl>\n\t\t\t<br style='clear: both' \/>\n\t\t<\/div>\n\n<\/div>\n<p>Czeka was jednak du\u017co podej\u015b\u0107 i zej\u015b\u0107, taka ju\u017c specyfika TMB. Wej\u015bcie, zej\u015bcie, wej\u015bcie, zej\u015bcie&#8230; Z doliny na grzbiet, potem zn\u00f3w w dolin\u0119. I tak do samego ko\u0144ca. Jako\u015b te 10 000 metr\u00f3w r\u00f3\u017cnicy wysoko\u015bci trzeba natrzaska\u0107, nie ma lekko. Z drugiej strony najwy\u017csze punkty na trasie to w wi\u0119kszo\u015bci prze\u0142\u0119cze, na palcach jednej r\u0119ki policzy\u0107 mo\u017cna szczyty, przez kt\u00f3re (b\u0105d\u017a zaraz obok) przebiega trasa TMB. Najwy\u017cej po\u0142o\u017cony punkt na trasie to prze\u0142\u0119cz Fenetre d&#8217;Arpette na odcinku szwajcarskim (2665 m n.p.m.).<\/p>\n<p>Blisko\u015b\u0107 cywilizacji sprawia, \u017ce szlak jest bardzo bezpieczny, nie b\u0119dzie Wam na nim grozi\u0107 g\u0142\u00f3d, pragnienie, ani zagro\u017cenie ze strony dzikich zwierz\u0105t. Przemierzaj\u0105c TMB czuli\u015bmy si\u0119 po prostu pewnie.<\/p>\n<p>&nbsp;<\/p>\n<h2><span class=\"ez-toc-section\" id=\"Nawigacja\"><\/span>Nawigacja<span class=\"ez-toc-section-end\"><\/span><\/h2>\n<p>Oznakowanie jest bardzo dobre, dzi\u0119ki czemu nie zdarzy\u0142y nam si\u0119 problemy nawigacyjne, a ca\u0142o\u015b\u0107 trasy obejmuje jeden arkusz mapy (cho\u0107 do wysokiej skali trzeba si\u0119 oczywi\u015bcie przyzwyczai\u0107, nauczy\u0107 odpowiednio czyta\u0107 i planowa\u0107 marszrut\u0119). W ka\u017cdej miejscowo\u015bci na trasie kupicie bez problemu kompletn\u0105 map\u0119 TMB i przydatne przewodniki. Trzeba si\u0119 jednak liczy\u0107 z tym, \u017ce spotkacie na swojej drodze wielu turyst\u00f3w. Szczeg\u00f3lnie odcinki francuskie w okolicy Chamonix miejscami bywaj\u0105 mocno zatloczone.<\/p>\n<p>Warto skorzysta\u0107 z tzw. &#8222;Karty Go\u015bcia&#8221;, kt\u00f3r\u0105 mo\u017cna za darmo otrzyma\u0107 na campingu w okolicy Chamonix. Umo\u017cliwia ona darmowe podr\u00f3\u017cowanie wzd\u0142u\u017c ca\u0142ej doliny Chamonix i rozrzuconych po niej turystycznych miejscowo\u015bci wygodnym szynobusem Mont Blanc Express linii SNCF.<\/p>\n<div id=\"attachment_5183\" style=\"width: 1034px\" class=\"wp-caption aligncenter\"><img loading=\"lazy\" decoding=\"async\" aria-describedby=\"caption-attachment-5183\" class=\"wp-image-5183 size-large\" title=\"Poci\u0105g turystyczny\" src=\"https:\/\/skalnik.pl\/blog\/wp-content\/uploads\/2018\/12\/9-1024x768.jpg\" alt=\"Niewielki poci\u0105g w dolinie Chamonix\" width=\"1024\" height=\"768\" srcset=\"https:\/\/www.skalnik.pl\/blog\/wp-content\/uploads\/2018\/12\/9-1024x768.jpg 1024w, https:\/\/www.skalnik.pl\/blog\/wp-content\/uploads\/2018\/12\/9-300x225.jpg 300w, https:\/\/www.skalnik.pl\/blog\/wp-content\/uploads\/2018\/12\/9-768x576.jpg 768w, https:\/\/www.skalnik.pl\/blog\/wp-content\/uploads\/2018\/12\/9.jpg 1920w\" sizes=\"auto, (max-width: 1024px) 100vw, 1024px\" \/><p id=\"caption-attachment-5183\" class=\"wp-caption-text\">Szynobus w dolinie Chamonix<\/p><\/div>\n<p>Z daleka jednak mo\u017cna rozpozna\u0107 backpacker\u00f3w &#8222;zaliczaj\u0105cych&#8221; TMB. Ob\u0142adowane plecaki, spalone s\u0142o\u0144cem twarze, w\u0119drowcy z najdalszych zak\u0105tk\u00f3w \u015bwiata jak USA, Australia czy Japonia. Magia Blanca przyci\u0105ga wielu i trudno im si\u0119 dziwi\u0107.<\/p>\n<p>Zza powy\u017cszej wyliczanki wy\u0142aniaj\u0105 si\u0119 jak wida\u0107 same superlatywy. Nie pozostaje mi nic innego jak zach\u0119ci\u0107 Was do wyjazdu. Zarezerwujcie sobie dwa tygodnie wolnego, we\u017acie dobrych kompan\u00f3w (albo i nie), spakujcie plecak i zr\u00f3bcie rundk\u0119 dooko\u0142a Mont Blanc. Po stokro\u0107 warto!<\/p>\n","protected":false},"excerpt":{"rendered":"<p>Tour de Mont Blanc (TMB) to jeden z klasyk\u00f3w trekkingowych, kt\u00f3ry nie bez przypadku cz\u0119sto pojawia si\u0119 w zestawieniach i rankingach najpi\u0119kniejszych szlak\u00f3w Europy. Jest szlakiem pieszym biegn\u0105cym dooko\u0142a ca\u0142ego masywu Mont Blanc w Alpach Graickich. Co prawda nie prowadzi na szczyt najwy\u017cszej g\u00f3ry tej cz\u0119\u015bci Europy, ale pozwala na przebycie ponad 170 km mniej [&hellip;]<\/p>\n","protected":false},"author":21,"featured_media":5181,"comment_status":"open","ping_status":"open","sticky":false,"template":"","format":"standard","meta":{"_acf_changed":false,"footnotes":""},"categories":[84],"tags":[96,28,91],"magento_category":[],"magento_product":[],"class_list":["post-5172","post","type-post","status-publish","format-standard","has-post-thumbnail","hentry","category-pasja","tag-alpy","tag-gory","tag-trekking"],"acf":[],"aioseo_notices":[],"aioseo_head":"\n\t\t<!-- All in One SEO 4.9.10 - aioseo.com -->\n\t<meta name=\"description\" content=\"Tour de Mont Blanc (TMB) to jeden z klasyk\u00f3w trekkingowych, kt\u00f3ry nie bez przypadku cz\u0119sto pojawia si\u0119 w zestawieniach i rankingach najpi\u0119kniejszych szlak\u00f3w Europy. Jest szlakiem pieszym biegn\u0105cym dooko\u0142a ca\u0142ego masywu Mont Blanc w Alpach Graickich. Co prawda nie prowadzi na szczyt najwy\u017cszej g\u00f3ry tej cz\u0119\u015bci Europy, ale pozwala na przebycie ponad 170 km mniej\" \/>\n\t<meta name=\"robots\" content=\"max-image-preview:large\" \/>\n\t<meta name=\"author\" content=\"Dominik Marzec\"\/>\n\t<link rel=\"canonical\" href=\"https:\/\/www.skalnik.pl\/blog\/tour-du-mont-blanc-w-10-dni-dookola-dachu-europy\/\" \/>\n\t<meta name=\"generator\" content=\"All in One SEO (AIOSEO) 4.9.10\" \/>\n\t\t<meta property=\"og:locale\" content=\"pl_PL\" \/>\n\t\t<meta property=\"og:site_name\" content=\"blog Skalnik - Blog, porady, artyku\u0142y - blog Skalnik\" \/>\n\t\t<meta property=\"og:type\" content=\"article\" \/>\n\t\t<meta property=\"og:title\" content=\"Tour du Mont Blanc \u2013 w 10 dni dooko\u0142a dachu Europy - blog Skalnik\" \/>\n\t\t<meta property=\"og:description\" content=\"Tour de Mont Blanc (TMB) to jeden z klasyk\u00f3w trekkingowych, kt\u00f3ry nie bez przypadku cz\u0119sto pojawia si\u0119 w zestawieniach i rankingach najpi\u0119kniejszych szlak\u00f3w Europy. Jest szlakiem pieszym biegn\u0105cym dooko\u0142a ca\u0142ego masywu Mont Blanc w Alpach Graickich. Co prawda nie prowadzi na szczyt najwy\u017cszej g\u00f3ry tej cz\u0119\u015bci Europy, ale pozwala na przebycie ponad 170 km mniej\" \/>\n\t\t<meta property=\"og:url\" content=\"https:\/\/www.skalnik.pl\/blog\/tour-du-mont-blanc-w-10-dni-dookola-dachu-europy\/\" \/>\n\t\t<meta property=\"og:image\" content=\"https:\/\/skalnik.pl\/blog\/wp-content\/uploads\/2018\/12\/11-1024x768.jpg\" \/>\n\t\t<meta property=\"og:image:secure_url\" content=\"https:\/\/skalnik.pl\/blog\/wp-content\/uploads\/2018\/12\/11-1024x768.jpg\" \/>\n\t\t<meta property=\"article:tag\" content=\"pasja\" \/>\n\t\t<meta property=\"article:tag\" content=\"alpy\" \/>\n\t\t<meta property=\"article:tag\" content=\"g\u00f3ry\" \/>\n\t\t<meta property=\"article:tag\" content=\"trekking\" \/>\n\t\t<meta property=\"article:published_time\" content=\"2018-12-31T11:42:35+00:00\" \/>\n\t\t<meta property=\"article:modified_time\" content=\"2019-01-14T11:06:10+00:00\" \/>\n\t\t<meta name=\"twitter:card\" content=\"summary_large_image\" \/>\n\t\t<meta name=\"twitter:title\" content=\"Tour du Mont Blanc \u2013 w 10 dni dooko\u0142a dachu Europy - blog Skalnik\" \/>\n\t\t<meta name=\"twitter:description\" content=\"Tour de Mont Blanc (TMB) to jeden z klasyk\u00f3w trekkingowych, kt\u00f3ry nie bez przypadku cz\u0119sto pojawia si\u0119 w zestawieniach i rankingach najpi\u0119kniejszych szlak\u00f3w Europy. Jest szlakiem pieszym biegn\u0105cym dooko\u0142a ca\u0142ego masywu Mont Blanc w Alpach Graickich. Co prawda nie prowadzi na szczyt najwy\u017cszej g\u00f3ry tej cz\u0119\u015bci Europy, ale pozwala na przebycie ponad 170 km mniej\" \/>\n\t\t<meta name=\"twitter:image\" content=\"https:\/\/skalnik.pl\/blog\/wp-content\/uploads\/2018\/12\/11-1024x768.jpg\" \/>\n\t\t<script type=\"application\/ld+json\" class=\"aioseo-schema\">\n\t\t\t{\"@context\":\"https:\\\/\\\/schema.org\",\"@graph\":[{\"@type\":\"BlogPosting\",\"@id\":\"https:\\\/\\\/www.skalnik.pl\\\/blog\\\/tour-du-mont-blanc-w-10-dni-dookola-dachu-europy\\\/#blogposting\",\"name\":\"Tour du Mont Blanc \\u2013 w 10 dni dooko\\u0142a dachu Europy - blog Skalnik\",\"headline\":\"Tour du Mont Blanc &#8211; w 10 dni dooko\\u0142a dachu Europy\",\"author\":{\"@id\":\"https:\\\/\\\/www.skalnik.pl\\\/blog\\\/author\\\/dominik-marzec\\\/#author\"},\"publisher\":{\"@id\":\"https:\\\/\\\/www.skalnik.pl\\\/blog\\\/#organization\"},\"image\":{\"@type\":\"ImageObject\",\"url\":\"https:\\\/\\\/www.skalnik.pl\\\/blog\\\/wp-content\\\/uploads\\\/2018\\\/12\\\/7-okladka.jpg\",\"width\":1920,\"height\":705},\"datePublished\":\"2018-12-31T12:42:35+02:00\",\"dateModified\":\"2019-01-14T12:06:10+02:00\",\"inLanguage\":\"pl-PL\",\"mainEntityOfPage\":{\"@id\":\"https:\\\/\\\/www.skalnik.pl\\\/blog\\\/tour-du-mont-blanc-w-10-dni-dookola-dachu-europy\\\/#webpage\"},\"isPartOf\":{\"@id\":\"https:\\\/\\\/www.skalnik.pl\\\/blog\\\/tour-du-mont-blanc-w-10-dni-dookola-dachu-europy\\\/#webpage\"},\"articleSection\":\"Pasja, alpy, g\\u00f3ry, trekking\"},{\"@type\":\"BreadcrumbList\",\"@id\":\"https:\\\/\\\/www.skalnik.pl\\\/blog\\\/tour-du-mont-blanc-w-10-dni-dookola-dachu-europy\\\/#breadcrumblist\",\"itemListElement\":[{\"@type\":\"ListItem\",\"@id\":\"https:\\\/\\\/www.skalnik.pl\\\/blog#listItem\",\"position\":1,\"name\":\"Home\",\"item\":\"https:\\\/\\\/www.skalnik.pl\\\/blog\",\"nextItem\":{\"@type\":\"ListItem\",\"@id\":\"https:\\\/\\\/www.skalnik.pl\\\/blog\\\/.\\\/pasja\\\/#listItem\",\"name\":\"Pasja\"}},{\"@type\":\"ListItem\",\"@id\":\"https:\\\/\\\/www.skalnik.pl\\\/blog\\\/.\\\/pasja\\\/#listItem\",\"position\":2,\"name\":\"Pasja\",\"item\":\"https:\\\/\\\/www.skalnik.pl\\\/blog\\\/.\\\/pasja\\\/\",\"nextItem\":{\"@type\":\"ListItem\",\"@id\":\"https:\\\/\\\/www.skalnik.pl\\\/blog\\\/tour-du-mont-blanc-w-10-dni-dookola-dachu-europy\\\/#listItem\",\"name\":\"Tour du Mont Blanc &#8211; w 10 dni dooko\\u0142a dachu Europy\"},\"previousItem\":{\"@type\":\"ListItem\",\"@id\":\"https:\\\/\\\/www.skalnik.pl\\\/blog#listItem\",\"name\":\"Home\"}},{\"@type\":\"ListItem\",\"@id\":\"https:\\\/\\\/www.skalnik.pl\\\/blog\\\/tour-du-mont-blanc-w-10-dni-dookola-dachu-europy\\\/#listItem\",\"position\":3,\"name\":\"Tour du Mont Blanc &#8211; w 10 dni dooko\\u0142a dachu Europy\",\"previousItem\":{\"@type\":\"ListItem\",\"@id\":\"https:\\\/\\\/www.skalnik.pl\\\/blog\\\/.\\\/pasja\\\/#listItem\",\"name\":\"Pasja\"}}]},{\"@type\":\"Organization\",\"@id\":\"https:\\\/\\\/www.skalnik.pl\\\/blog\\\/#organization\",\"name\":\"blog Skalnik\",\"description\":\"Blog, porady, artyku\\u0142y - blog Skalnik\",\"url\":\"https:\\\/\\\/www.skalnik.pl\\\/blog\\\/\"},{\"@type\":\"Person\",\"@id\":\"https:\\\/\\\/www.skalnik.pl\\\/blog\\\/author\\\/dominik-marzec\\\/#author\",\"url\":\"https:\\\/\\\/www.skalnik.pl\\\/blog\\\/author\\\/dominik-marzec\\\/\",\"name\":\"Dominik Marzec\",\"image\":{\"@type\":\"ImageObject\",\"@id\":\"https:\\\/\\\/www.skalnik.pl\\\/blog\\\/tour-du-mont-blanc-w-10-dni-dookola-dachu-europy\\\/#authorImage\",\"url\":\"https:\\\/\\\/secure.gravatar.com\\\/avatar\\\/3b5d5b73985d1015e6793369ac3b78362bc9b0fc6b0d982a1e6396714ef4fb75?s=96&d=mm&r=g\",\"width\":96,\"height\":96,\"caption\":\"Dominik Marzec\"}},{\"@type\":\"WebPage\",\"@id\":\"https:\\\/\\\/www.skalnik.pl\\\/blog\\\/tour-du-mont-blanc-w-10-dni-dookola-dachu-europy\\\/#webpage\",\"url\":\"https:\\\/\\\/www.skalnik.pl\\\/blog\\\/tour-du-mont-blanc-w-10-dni-dookola-dachu-europy\\\/\",\"name\":\"Tour du Mont Blanc \\u2013 w 10 dni dooko\\u0142a dachu Europy - blog Skalnik\",\"description\":\"Tour de Mont Blanc (TMB) to jeden z klasyk\\u00f3w trekkingowych, kt\\u00f3ry nie bez przypadku cz\\u0119sto pojawia si\\u0119 w zestawieniach i rankingach najpi\\u0119kniejszych szlak\\u00f3w Europy. Jest szlakiem pieszym biegn\\u0105cym dooko\\u0142a ca\\u0142ego masywu Mont Blanc w Alpach Graickich. Co prawda nie prowadzi na szczyt najwy\\u017cszej g\\u00f3ry tej cz\\u0119\\u015bci Europy, ale pozwala na przebycie ponad 170 km mniej\",\"inLanguage\":\"pl-PL\",\"isPartOf\":{\"@id\":\"https:\\\/\\\/www.skalnik.pl\\\/blog\\\/#website\"},\"breadcrumb\":{\"@id\":\"https:\\\/\\\/www.skalnik.pl\\\/blog\\\/tour-du-mont-blanc-w-10-dni-dookola-dachu-europy\\\/#breadcrumblist\"},\"author\":{\"@id\":\"https:\\\/\\\/www.skalnik.pl\\\/blog\\\/author\\\/dominik-marzec\\\/#author\"},\"creator\":{\"@id\":\"https:\\\/\\\/www.skalnik.pl\\\/blog\\\/author\\\/dominik-marzec\\\/#author\"},\"image\":{\"@type\":\"ImageObject\",\"url\":\"https:\\\/\\\/www.skalnik.pl\\\/blog\\\/wp-content\\\/uploads\\\/2018\\\/12\\\/7-okladka.jpg\",\"@id\":\"https:\\\/\\\/www.skalnik.pl\\\/blog\\\/tour-du-mont-blanc-w-10-dni-dookola-dachu-europy\\\/#mainImage\",\"width\":1920,\"height\":705},\"primaryImageOfPage\":{\"@id\":\"https:\\\/\\\/www.skalnik.pl\\\/blog\\\/tour-du-mont-blanc-w-10-dni-dookola-dachu-europy\\\/#mainImage\"},\"datePublished\":\"2018-12-31T12:42:35+02:00\",\"dateModified\":\"2019-01-14T12:06:10+02:00\"},{\"@type\":\"WebSite\",\"@id\":\"https:\\\/\\\/www.skalnik.pl\\\/blog\\\/#website\",\"url\":\"https:\\\/\\\/www.skalnik.pl\\\/blog\\\/\",\"name\":\"blog Skalnik\",\"description\":\"Blog, porady, artyku\\u0142y - blog Skalnik\",\"inLanguage\":\"pl-PL\",\"publisher\":{\"@id\":\"https:\\\/\\\/www.skalnik.pl\\\/blog\\\/#organization\"}}]}\n\t\t<\/script>\n\t\t<!-- All in One SEO -->\n\n","aioseo_head_json":{"title":"Tour du Mont Blanc \u2013 w 10 dni dooko\u0142a dachu Europy - blog Skalnik","description":"Tour de Mont Blanc (TMB) to jeden z klasyk\u00f3w trekkingowych, kt\u00f3ry nie bez przypadku cz\u0119sto pojawia si\u0119 w zestawieniach i rankingach najpi\u0119kniejszych szlak\u00f3w Europy. Jest szlakiem pieszym biegn\u0105cym dooko\u0142a ca\u0142ego masywu Mont Blanc w Alpach Graickich. Co prawda nie prowadzi na szczyt najwy\u017cszej g\u00f3ry tej cz\u0119\u015bci Europy, ale pozwala na przebycie ponad 170 km mniej","canonical_url":"https:\/\/www.skalnik.pl\/blog\/tour-du-mont-blanc-w-10-dni-dookola-dachu-europy\/","robots":"max-image-preview:large","keywords":"","webmasterTools":{"miscellaneous":""},"schema":{"@context":"https:\/\/schema.org","@graph":[{"@type":"BlogPosting","@id":"https:\/\/www.skalnik.pl\/blog\/tour-du-mont-blanc-w-10-dni-dookola-dachu-europy\/#blogposting","name":"Tour du Mont Blanc \u2013 w 10 dni dooko\u0142a dachu Europy - blog Skalnik","headline":"Tour du Mont Blanc &#8211; w 10 dni dooko\u0142a dachu Europy","author":{"@id":"https:\/\/www.skalnik.pl\/blog\/author\/dominik-marzec\/#author"},"publisher":{"@id":"https:\/\/www.skalnik.pl\/blog\/#organization"},"image":{"@type":"ImageObject","url":"https:\/\/www.skalnik.pl\/blog\/wp-content\/uploads\/2018\/12\/7-okladka.jpg","width":1920,"height":705},"datePublished":"2018-12-31T12:42:35+02:00","dateModified":"2019-01-14T12:06:10+02:00","inLanguage":"pl-PL","mainEntityOfPage":{"@id":"https:\/\/www.skalnik.pl\/blog\/tour-du-mont-blanc-w-10-dni-dookola-dachu-europy\/#webpage"},"isPartOf":{"@id":"https:\/\/www.skalnik.pl\/blog\/tour-du-mont-blanc-w-10-dni-dookola-dachu-europy\/#webpage"},"articleSection":"Pasja, alpy, g\u00f3ry, trekking"},{"@type":"BreadcrumbList","@id":"https:\/\/www.skalnik.pl\/blog\/tour-du-mont-blanc-w-10-dni-dookola-dachu-europy\/#breadcrumblist","itemListElement":[{"@type":"ListItem","@id":"https:\/\/www.skalnik.pl\/blog#listItem","position":1,"name":"Home","item":"https:\/\/www.skalnik.pl\/blog","nextItem":{"@type":"ListItem","@id":"https:\/\/www.skalnik.pl\/blog\/.\/pasja\/#listItem","name":"Pasja"}},{"@type":"ListItem","@id":"https:\/\/www.skalnik.pl\/blog\/.\/pasja\/#listItem","position":2,"name":"Pasja","item":"https:\/\/www.skalnik.pl\/blog\/.\/pasja\/","nextItem":{"@type":"ListItem","@id":"https:\/\/www.skalnik.pl\/blog\/tour-du-mont-blanc-w-10-dni-dookola-dachu-europy\/#listItem","name":"Tour du Mont Blanc &#8211; w 10 dni dooko\u0142a dachu Europy"},"previousItem":{"@type":"ListItem","@id":"https:\/\/www.skalnik.pl\/blog#listItem","name":"Home"}},{"@type":"ListItem","@id":"https:\/\/www.skalnik.pl\/blog\/tour-du-mont-blanc-w-10-dni-dookola-dachu-europy\/#listItem","position":3,"name":"Tour du Mont Blanc &#8211; w 10 dni dooko\u0142a dachu Europy","previousItem":{"@type":"ListItem","@id":"https:\/\/www.skalnik.pl\/blog\/.\/pasja\/#listItem","name":"Pasja"}}]},{"@type":"Organization","@id":"https:\/\/www.skalnik.pl\/blog\/#organization","name":"blog Skalnik","description":"Blog, porady, artyku\u0142y - blog Skalnik","url":"https:\/\/www.skalnik.pl\/blog\/"},{"@type":"Person","@id":"https:\/\/www.skalnik.pl\/blog\/author\/dominik-marzec\/#author","url":"https:\/\/www.skalnik.pl\/blog\/author\/dominik-marzec\/","name":"Dominik Marzec","image":{"@type":"ImageObject","@id":"https:\/\/www.skalnik.pl\/blog\/tour-du-mont-blanc-w-10-dni-dookola-dachu-europy\/#authorImage","url":"https:\/\/secure.gravatar.com\/avatar\/3b5d5b73985d1015e6793369ac3b78362bc9b0fc6b0d982a1e6396714ef4fb75?s=96&d=mm&r=g","width":96,"height":96,"caption":"Dominik Marzec"}},{"@type":"WebPage","@id":"https:\/\/www.skalnik.pl\/blog\/tour-du-mont-blanc-w-10-dni-dookola-dachu-europy\/#webpage","url":"https:\/\/www.skalnik.pl\/blog\/tour-du-mont-blanc-w-10-dni-dookola-dachu-europy\/","name":"Tour du Mont Blanc \u2013 w 10 dni dooko\u0142a dachu Europy - blog Skalnik","description":"Tour de Mont Blanc (TMB) to jeden z klasyk\u00f3w trekkingowych, kt\u00f3ry nie bez przypadku cz\u0119sto pojawia si\u0119 w zestawieniach i rankingach najpi\u0119kniejszych szlak\u00f3w Europy. Jest szlakiem pieszym biegn\u0105cym dooko\u0142a ca\u0142ego masywu Mont Blanc w Alpach Graickich. Co prawda nie prowadzi na szczyt najwy\u017cszej g\u00f3ry tej cz\u0119\u015bci Europy, ale pozwala na przebycie ponad 170 km mniej","inLanguage":"pl-PL","isPartOf":{"@id":"https:\/\/www.skalnik.pl\/blog\/#website"},"breadcrumb":{"@id":"https:\/\/www.skalnik.pl\/blog\/tour-du-mont-blanc-w-10-dni-dookola-dachu-europy\/#breadcrumblist"},"author":{"@id":"https:\/\/www.skalnik.pl\/blog\/author\/dominik-marzec\/#author"},"creator":{"@id":"https:\/\/www.skalnik.pl\/blog\/author\/dominik-marzec\/#author"},"image":{"@type":"ImageObject","url":"https:\/\/www.skalnik.pl\/blog\/wp-content\/uploads\/2018\/12\/7-okladka.jpg","@id":"https:\/\/www.skalnik.pl\/blog\/tour-du-mont-blanc-w-10-dni-dookola-dachu-europy\/#mainImage","width":1920,"height":705},"primaryImageOfPage":{"@id":"https:\/\/www.skalnik.pl\/blog\/tour-du-mont-blanc-w-10-dni-dookola-dachu-europy\/#mainImage"},"datePublished":"2018-12-31T12:42:35+02:00","dateModified":"2019-01-14T12:06:10+02:00"},{"@type":"WebSite","@id":"https:\/\/www.skalnik.pl\/blog\/#website","url":"https:\/\/www.skalnik.pl\/blog\/","name":"blog Skalnik","description":"Blog, porady, artyku\u0142y - blog Skalnik","inLanguage":"pl-PL","publisher":{"@id":"https:\/\/www.skalnik.pl\/blog\/#organization"}}]},"og:locale":"pl_PL","og:site_name":"blog Skalnik - Blog, porady, artyku\u0142y - blog Skalnik","og:type":"article","og:title":"Tour du Mont Blanc \u2013 w 10 dni dooko\u0142a dachu Europy - blog Skalnik","og:description":"Tour de Mont Blanc (TMB) to jeden z klasyk\u00f3w trekkingowych, kt\u00f3ry nie bez przypadku cz\u0119sto pojawia si\u0119 w zestawieniach i rankingach najpi\u0119kniejszych szlak\u00f3w Europy. Jest szlakiem pieszym biegn\u0105cym dooko\u0142a ca\u0142ego masywu Mont Blanc w Alpach Graickich. Co prawda nie prowadzi na szczyt najwy\u017cszej g\u00f3ry tej cz\u0119\u015bci Europy, ale pozwala na przebycie ponad 170 km mniej","og:url":"https:\/\/www.skalnik.pl\/blog\/tour-du-mont-blanc-w-10-dni-dookola-dachu-europy\/","og:image":"https:\/\/skalnik.pl\/blog\/wp-content\/uploads\/2018\/12\/11-1024x768.jpg","og:image:secure_url":"https:\/\/skalnik.pl\/blog\/wp-content\/uploads\/2018\/12\/11-1024x768.jpg","article:tag":["pasja","alpy","g\u00f3ry","trekking"],"article:published_time":"2018-12-31T11:42:35+00:00","article:modified_time":"2019-01-14T11:06:10+00:00","twitter:card":"summary_large_image","twitter:title":"Tour du Mont Blanc \u2013 w 10 dni dooko\u0142a dachu Europy - blog Skalnik","twitter:description":"Tour de Mont Blanc (TMB) to jeden z klasyk\u00f3w trekkingowych, kt\u00f3ry nie bez przypadku cz\u0119sto pojawia si\u0119 w zestawieniach i rankingach najpi\u0119kniejszych szlak\u00f3w Europy. Jest szlakiem pieszym biegn\u0105cym dooko\u0142a ca\u0142ego masywu Mont Blanc w Alpach Graickich. Co prawda nie prowadzi na szczyt najwy\u017cszej g\u00f3ry tej cz\u0119\u015bci Europy, ale pozwala na przebycie ponad 170 km mniej","twitter:image":"https:\/\/skalnik.pl\/blog\/wp-content\/uploads\/2018\/12\/11-1024x768.jpg"},"aioseo_meta_data":{"post_id":"5172","title":null,"description":null,"keywords":null,"keyphrases":null,"primary_term":null,"canonical_url":null,"og_title":null,"og_description":null,"og_object_type":"default","og_image_type":"default","og_image_url":null,"og_image_width":null,"og_image_height":null,"og_image_custom_url":null,"og_image_custom_fields":null,"og_video":null,"og_custom_url":null,"og_article_section":null,"og_article_tags":null,"twitter_use_og":false,"twitter_card":"default","twitter_image_type":"default","twitter_image_url":null,"twitter_image_custom_url":null,"twitter_image_custom_fields":null,"twitter_title":null,"twitter_description":null,"schema":{"blockGraphs":[],"customGraphs":[],"default":{"data":{"Article":[],"Course":[],"Dataset":[],"FAQPage":[],"Movie":[],"Person":[],"Product":[],"ProductReview":[],"Car":[],"Recipe":[],"Service":[],"SoftwareApplication":[],"WebPage":[]},"graphName":"BlogPosting","isEnabled":true},"graphs":[]},"schema_type":"default","schema_type_options":null,"pillar_content":false,"robots_default":true,"robots_noindex":false,"robots_noarchive":false,"robots_nosnippet":false,"robots_nofollow":false,"robots_noimageindex":false,"robots_noodp":false,"robots_notranslate":false,"robots_max_snippet":null,"robots_max_videopreview":null,"robots_max_imagepreview":"large","priority":null,"frequency":null,"local_seo":null,"breadcrumb_settings":null,"limit_modified_date":false,"ai":null,"created":"2022-08-26 09:32:27","updated":"2026-02-17 21:28:24","seo_analyzer_scan_date":null},"aioseo_breadcrumb":"<div class=\"aioseo-breadcrumbs\"><span class=\"aioseo-breadcrumb\">\n\t\t\t<a href=\"https:\/\/www.skalnik.pl\/blog\" title=\"Home\">Home<\/a>\n\t\t<\/span><span class=\"aioseo-breadcrumb-separator\">&raquo;<\/span><span class=\"aioseo-breadcrumb\">\n\t\t\t<a href=\"https:\/\/www.skalnik.pl\/blog\/.\/pasja\/\" title=\"Pasja\">Pasja<\/a>\n\t\t<\/span><span class=\"aioseo-breadcrumb-separator\">&raquo;<\/span><span class=\"aioseo-breadcrumb\">\n\t\t\tTour du Mont Blanc \u2013 w 10 dni dooko\u0142a dachu Europy\n\t\t<\/span><\/div>","aioseo_breadcrumb_json":[{"label":"Home","link":"https:\/\/www.skalnik.pl\/blog"},{"label":"Pasja","link":"https:\/\/www.skalnik.pl\/blog\/.\/pasja\/"},{"label":"Tour du Mont Blanc &#8211; w 10 dni dooko\u0142a dachu Europy","link":"https:\/\/www.skalnik.pl\/blog\/tour-du-mont-blanc-w-10-dni-dookola-dachu-europy\/"}],"_links":{"self":[{"href":"https:\/\/www.skalnik.pl\/blog\/wp-json\/wp\/v2\/posts\/5172","targetHints":{"allow":["GET"]}}],"collection":[{"href":"https:\/\/www.skalnik.pl\/blog\/wp-json\/wp\/v2\/posts"}],"about":[{"href":"https:\/\/www.skalnik.pl\/blog\/wp-json\/wp\/v2\/types\/post"}],"author":[{"embeddable":true,"href":"https:\/\/www.skalnik.pl\/blog\/wp-json\/wp\/v2\/users\/21"}],"replies":[{"embeddable":true,"href":"https:\/\/www.skalnik.pl\/blog\/wp-json\/wp\/v2\/comments?post=5172"}],"version-history":[{"count":10,"href":"https:\/\/www.skalnik.pl\/blog\/wp-json\/wp\/v2\/posts\/5172\/revisions"}],"predecessor-version":[{"id":5290,"href":"https:\/\/www.skalnik.pl\/blog\/wp-json\/wp\/v2\/posts\/5172\/revisions\/5290"}],"wp:featuredmedia":[{"embeddable":true,"href":"https:\/\/www.skalnik.pl\/blog\/wp-json\/wp\/v2\/media\/5181"}],"wp:attachment":[{"href":"https:\/\/www.skalnik.pl\/blog\/wp-json\/wp\/v2\/media?parent=5172"}],"wp:term":[{"taxonomy":"category","embeddable":true,"href":"https:\/\/www.skalnik.pl\/blog\/wp-json\/wp\/v2\/categories?post=5172"},{"taxonomy":"post_tag","embeddable":true,"href":"https:\/\/www.skalnik.pl\/blog\/wp-json\/wp\/v2\/tags?post=5172"},{"taxonomy":"magento_category","embeddable":true,"href":"https:\/\/www.skalnik.pl\/blog\/wp-json\/wp\/v2\/magento_category?post=5172"},{"taxonomy":"magento_product","embeddable":true,"href":"https:\/\/www.skalnik.pl\/blog\/wp-json\/wp\/v2\/magento_product?post=5172"}],"curies":[{"name":"wp","href":"https:\/\/api.w.org\/{rel}","templated":true}]}}