{"id":5189,"date":"2018-12-28T14:03:11","date_gmt":"2018-12-28T13:03:11","guid":{"rendered":"https:\/\/skalnik.pl\/blog\/?p=5189"},"modified":"2019-03-22T13:43:12","modified_gmt":"2019-03-22T12:43:12","slug":"polaczyc-prace-z-pasja-wywiad-z-anna-szczesna","status":"publish","type":"post","link":"https:\/\/www.skalnik.pl\/blog\/polaczyc-prace-z-pasja-wywiad-z-anna-szczesna\/","title":{"rendered":"Po\u0142\u0105czy\u0107 prac\u0119 z pasj\u0105 \u2013 wywiad z Ann\u0105 Szcz\u0119sn\u0105"},"content":{"rendered":"<p><b>W pa\u017adzierniku 2018 r. \u015bwi\u0119towali\u015bmy w Skalniku 25. rocznic\u0119 powstania firmy. Obecno\u015b\u0107 w bran\u017cy przez taki czas to dla naszej firmy pow\u00f3d do wielkiego zadowolenia, pretekst do odkurzenia kilku ciekawych historii z przesz\u0142o\u015bci oraz impuls, by pomy\u015ble\u0107 dok\u0105d zmierza firma. O pocz\u0105tkach, marzeniach i sposobie na outdoorowy biznes opowiada Anna Szcz\u0119sna, kt\u00f3ra w 1993 r. razem z m\u0119\u017cem za\u0142o\u017cy\u0142a wroc\u0142awski Skalnik.\u00a0<\/b><\/p>\n<p><b> \u00a0<\/b><br \/>\n<b>Pierwszy sklep stacjonarny zosta\u0142 otwarty na ul. Bogus\u0142awskiego i istnieje do dzi\u015b. Jak to si\u0119 sta\u0142o, \u017ce w takim miejscu powsta\u0142 sklep g\u00f3rski?<\/b><\/p>\n<p>Wyb\u00f3r miejsca by\u0142 przypadkowy. Lokal by\u0142 przede wszystkim tani. Znajdowa\u0142 si\u0119 pod estakad\u0105 kolejow\u0105. Wcze\u015bniej by\u0142y tutaj gara\u017ce dla autobus\u00f3w i PKP postanowi\u0142o wynaj\u0105\u0107 te lokale w takim stanie, w jakim one si\u0119 znajdowa\u0142y. Samodzielnie mogli\u015bmy zrobi\u0107 adaptacj\u0119 lokalu i otworzy\u0107 w nim sklep. Tak naprawd\u0119 wi\u0119c by\u0142 to jeden z lokali, na kt\u00f3ry by\u0142o nas wtedy po prostu sta\u0107.<\/p>\n<div id=\"attachment_5192\" style=\"width: 1034px\" class=\"wp-caption alignleft\"><img loading=\"lazy\" decoding=\"async\" aria-describedby=\"caption-attachment-5192\" class=\"wp-image-5192 size-large\" src=\"https:\/\/skalnik.pl\/blog\/wp-content\/uploads\/2018\/12\/F1170013-1024x686.jpg\" alt=\"\" width=\"1024\" height=\"686\" srcset=\"https:\/\/www.skalnik.pl\/blog\/wp-content\/uploads\/2018\/12\/F1170013-1024x686.jpg 1024w, https:\/\/www.skalnik.pl\/blog\/wp-content\/uploads\/2018\/12\/F1170013-300x201.jpg 300w, https:\/\/www.skalnik.pl\/blog\/wp-content\/uploads\/2018\/12\/F1170013-768x514.jpg 768w, https:\/\/www.skalnik.pl\/blog\/wp-content\/uploads\/2018\/12\/F1170013.jpg 1840w\" sizes=\"auto, (max-width: 1024px) 100vw, 1024px\" \/><p id=\"caption-attachment-5192\" class=\"wp-caption-text\">Czynny do dzi\u015b sklep na ul. Bogus\u0142awskiego. Lata &#8217;90.<\/p><\/div>\n<p><b>Nowa firma potrzebowa\u0142a nazwy. Dzi\u015b Skalnik to jeden z najwi\u0119kszych sklep\u00f3w outdoor, ale trzeba przyzna\u0107, \u017ce patronuje mu w zasadzie ca\u0142kiem niewielka g\u00f3ra. Jak to mo\u017cliwe?<\/b><\/p>\n<p>Tak. Ostatnio pyta\u0142 nawet o to jeden z naszych klient\u00f3w na Facebooku. Odpowied\u017a jest taka, \u017ce my\u015bmy uro\u015bli, a g\u00f3ra niestety nie (\u015bmiech). Pomys\u0142 na nazw\u0119 wzi\u0105\u0142 si\u0119 par\u0119 lat przed otwarciem sklepu, kiedy wszystko by\u0142o jeszcze w sferach plan\u00f3w. Za\u0142o\u017cenie by\u0142o takie, \u017ce nazwa ma by\u0107 polska. To by\u0142 czas, kiedy wskutek wybuchu przedsi\u0119biorczo\u015bci wszyscy nazywali swoje sklepy \u201eshopami\u201d albo jako\u015b podobnie, dlatego przyj\u0119li\u015bmy warunek, \u017ce ma by\u0107 to s\u0142owo polskie, zwi\u0105zane z g\u00f3rami, stosunkowo kr\u00f3tkie i wpadaj\u0105ce w ucho. Mia\u0142a by\u0107 to te\u017c nazwa, kt\u00f3r\u0105 b\u0119d\u0105 mogli wym\u00f3wi\u0107 cudzoziemcy. Propozycj\u0119 nazwy \u2013 kt\u00f3ra nam si\u0119 bardzo spodoba\u0142a \u2013 rzuci\u0142 jeden z naszych koleg\u00f3w ze Studenckiego Ko\u0142a Przewodnik\u00f3w Sudeckich i tak zosta\u0142o. Nazwa ma jeden minus. Czasem spotykamy si\u0119 z pytaniami czy Skalnik to sklep, w kt\u00f3rym mo\u017cna kupi\u0107 kwiatki do ogr\u00f3dka. Oczywi\u015bcie myl\u0105 s\u0142owo ze skalniakiem (\u015bmiech).<\/p>\n<div id=\"attachment_5217\" style=\"width: 692px\" class=\"wp-caption aligncenter\"><img loading=\"lazy\" decoding=\"async\" aria-describedby=\"caption-attachment-5217\" class=\"wp-image-5217 size-large\" src=\"https:\/\/skalnik.pl\/blog\/wp-content\/uploads\/2018\/12\/czpaka-z-wk\u0142adem-teflonowym-682x1024.jpg\" alt=\"\" width=\"682\" height=\"1024\" srcset=\"https:\/\/www.skalnik.pl\/blog\/wp-content\/uploads\/2018\/12\/czpaka-z-wk\u0142adem-teflonowym-682x1024.jpg 682w, https:\/\/www.skalnik.pl\/blog\/wp-content\/uploads\/2018\/12\/czpaka-z-wk\u0142adem-teflonowym-200x300.jpg 200w, https:\/\/www.skalnik.pl\/blog\/wp-content\/uploads\/2018\/12\/czpaka-z-wk\u0142adem-teflonowym-768x1153.jpg 768w, https:\/\/www.skalnik.pl\/blog\/wp-content\/uploads\/2018\/12\/czpaka-z-wk\u0142adem-teflonowym.jpg 1152w\" sizes=\"auto, (max-width: 682px) 100vw, 682px\" \/><p id=\"caption-attachment-5217\" class=\"wp-caption-text\">W 1993 r. w Skalniku za 300 ty\u015b. z\u0142. mo\u017cna by\u0142o kupi\u0107 &#8222;czapk\u0119 z wk\u0142adem teflonowym&#8221;<\/p><\/div>\n<p><b>Pocz\u0105tki pewnie by\u0142y zar\u00f3wno bardzo ciekawe, jak i pe\u0142ne trudno\u015bci. Kilka lat po otwarciu sklepu Wroc\u0142aw nawiedzi\u0142a ogromna pow\u00f3d\u017a i z tego co wiem, z powodzi\u0105 wi\u0105\u017ce si\u0119 bardzo ciekawa historia.<\/b><\/p>\n<p>W 1997 r. mieli\u015bmy ju\u017c dwa lokale &#8211; na ul. Bogus\u0142awskiego i ul. Polaka. Tu\u017c przed przyj\u015bciem wielkiej wody ewakuowali\u015bmy sklep na ul. Polaka. Byli\u015bmy przekonani, \u017ce tam w\u0142a\u015bnie woda si\u0119 wedrze, bo jest to miejsce po\u0142o\u017cone stosunkowo blisko Odry. Sklep na ul. Polaka jednak ocala\u0142, a zalany by\u0142 rejon sklepu na ul. Bogus\u0142awskiego, kt\u00f3ry nie zosta\u0142 ewakuowany. Jedyne co zd\u0105\u017cyli\u015bmy zrobi\u0107 w tym miejscu, to u\u0142o\u017cy\u0107 worki z piaskiem pod drzwiami i za\u015blepi\u0107 otw\u00f3r kanalizacyjny, by woda nie dosta\u0142a si\u0119 przez odp\u0142ywy. Mimo to sklepu nie zala\u0142a woda, bo chwil\u0119 przed przyj\u015bciem fali kulminacyjnej do Wroc\u0142awia, przed \u015bwie\u017co wyremontowanym Teatrem Polskim powsta\u0142a dosy\u0107 du\u017ca barykada z work\u00f3w z piaskiem. Trzy tygodnie p\u00f3\u017aniej przysz\u0142a natomiast druga fala powodziowa i wtedy Wroc\u0142aw walczy\u0142 z umocnieniem Jazu Szczytnickiego przy mo\u015bcie Zwierzynieckim. Mo\u017cna powiedzie\u0107, \u017ce brali\u015bmy w\u00f3wczas bezpo\u015bredni udzia\u0142 w walce z powodzi\u0105. Umacnianie jazu polega\u0142o na zrzucaniu ze \u015bmig\u0142owc\u00f3w tonowych work\u00f3w z kamieniami i te worki by\u0142y podwieszone do \u015bmig\u0142owc\u00f3w na linach dynamicznych, kt\u00f3re dostarcza\u0142 Skalnik.<\/p>\n<p>&nbsp;<\/p>\n<p><b>Czy kiedy sklep powstawa\u0142 mieli\u015bcie plany lub marzenia, kt\u00f3re uda\u0142o si\u0119 zrealizowa\u0107?<\/b><\/p>\n<p>Marzeniem by\u0142o to, \u017ceby po\u0142\u0105czy\u0107 prac\u0119 zawodow\u0105 z pasj\u0105. Przed otwarciem Skalnika m\u00f3j m\u0105\u017c pracowa\u0142 w firmie budowlanej, poniewa\u017c sko\u0144czy\u0142 studnia na Politechnice Wroc\u0142awskiej. Nasza przygoda z handlem zacz\u0119\u0142a si\u0119 od wsp\u00f3lnych wypraw w Himalaje. W tamtym okresie w\u0142a\u015bciwie nie by\u0142o mo\u017cliwo\u015bci, by wyjecha\u0107 w Himalaje za w\u0142asne, zarobione pieni\u0105dze. Sposobem na to by\u0142o zajmowanie si\u0119 handlem w jedn\u0105 i drug\u0105 stron\u0119. W ten spos\u00f3b W\u0142odek, zupe\u0142nie przez przypadek, odkry\u0142 w sobie \u017cy\u0142k\u0119 handlowca. Okaza\u0142o si\u0119, \u017ce \u015bwietnie sobie z tym radzi, szczeg\u00f3lnie na Wschodzie, gdzie kultura handlu jest \u2013 powiedzmy \u2013 specyficzna. Czasem udawa\u0142o si\u0119 pewne rzeczy przenie\u015b\u0107 z tej kultury tutaj (\u015bmiech).<br \/>\nNajwa\u017cniejsze jednak, \u017ce plan\u00f3w do zrealizowania, tych kt\u00f3re zwi\u0105zane s\u0105 z prowadzeniem firmy, nie zosta\u0142o wcale tak wiele. M\u00f3j m\u0105\u017c by\u0142 mistrzem w realizowaniu swoich marze\u0144. On po prostu co\u015b wymy\u015bla\u0142, a potem to robi\u0142. Tak by\u0142o nie tylko w przypadku sklepu.<\/p>\n<div class=\"page_gallery\">\n\n\t\t<style type=\"text\/css\">\n\t\t\t#gallery-1 {\n\t\t\t\tmargin: auto;\n\t\t\t}\n\t\t\t#gallery-1 .gallery-item {\n\t\t\t\tfloat: left;\n\t\t\t\tmargin-top: 10px;\n\t\t\t\ttext-align: center;\n\t\t\t\twidth: 33%;\n\t\t\t}\n\t\t\t#gallery-1 img {\n\t\t\t\tborder: 2px solid #cfcfcf;\n\t\t\t}\n\t\t\t#gallery-1 .gallery-caption {\n\t\t\t\tmargin-left: 0;\n\t\t\t}\n\t\t\t\/* see gallery_shortcode() in wp-includes\/media.php *\/\n\t\t<\/style>\n\t\t<div id='gallery-1' class='gallery galleryid-5189 gallery-columns-3 gallery-size-large'><dl class='gallery-item'>\n\t\t\t<dt class='gallery-icon landscape'>\n\t\t\t\t<img loading=\"lazy\" decoding=\"async\" width=\"1024\" height=\"686\" src=\"https:\/\/www.skalnik.pl\/blog\/wp-content\/uploads\/2018\/12\/F1080028-1024x686.jpg\" class=\"attachment-large size-large\" alt=\"\" aria-describedby=\"gallery-1-5220\" srcset=\"https:\/\/www.skalnik.pl\/blog\/wp-content\/uploads\/2018\/12\/F1080028-1024x686.jpg 1024w, https:\/\/www.skalnik.pl\/blog\/wp-content\/uploads\/2018\/12\/F1080028-300x201.jpg 300w, https:\/\/www.skalnik.pl\/blog\/wp-content\/uploads\/2018\/12\/F1080028-768x514.jpg 768w, https:\/\/www.skalnik.pl\/blog\/wp-content\/uploads\/2018\/12\/F1080028.jpg 1840w\" sizes=\"auto, (max-width: 1024px) 100vw, 1024px\" \/>\n\t\t\t<\/dt>\n\t\t\t\t<dd class='wp-caption-text gallery-caption' id='gallery-1-5220'>\n\t\t\t\tPrzygotowania przed otwarciem kolejnego sklepu\n\t\t\t\t<\/dd><\/dl><dl class='gallery-item'>\n\t\t\t<dt class='gallery-icon landscape'>\n\t\t\t\t<img loading=\"lazy\" decoding=\"async\" width=\"1024\" height=\"686\" src=\"https:\/\/www.skalnik.pl\/blog\/wp-content\/uploads\/2018\/12\/dawne-czasy-424-1024x686.jpg\" class=\"attachment-large size-large\" alt=\"\" aria-describedby=\"gallery-1-5219\" srcset=\"https:\/\/www.skalnik.pl\/blog\/wp-content\/uploads\/2018\/12\/dawne-czasy-424-1024x686.jpg 1024w, https:\/\/www.skalnik.pl\/blog\/wp-content\/uploads\/2018\/12\/dawne-czasy-424-300x201.jpg 300w, https:\/\/www.skalnik.pl\/blog\/wp-content\/uploads\/2018\/12\/dawne-czasy-424-768x514.jpg 768w, https:\/\/www.skalnik.pl\/blog\/wp-content\/uploads\/2018\/12\/dawne-czasy-424.jpg 1840w\" sizes=\"auto, (max-width: 1024px) 100vw, 1024px\" \/>\n\t\t\t<\/dt>\n\t\t\t\t<dd class='wp-caption-text gallery-caption' id='gallery-1-5219'>\n\t\t\t\tOtwarcie sklepu na ul. \u0141adnej \n\t\t\t\t<\/dd><\/dl><dl class='gallery-item'>\n\t\t\t<dt class='gallery-icon landscape'>\n\t\t\t\t<img loading=\"lazy\" decoding=\"async\" width=\"1024\" height=\"686\" src=\"https:\/\/www.skalnik.pl\/blog\/wp-content\/uploads\/2018\/12\/F1080033-1024x686.jpg\" class=\"attachment-large size-large\" alt=\"\" aria-describedby=\"gallery-1-5221\" srcset=\"https:\/\/www.skalnik.pl\/blog\/wp-content\/uploads\/2018\/12\/F1080033-1024x686.jpg 1024w, https:\/\/www.skalnik.pl\/blog\/wp-content\/uploads\/2018\/12\/F1080033-300x201.jpg 300w, https:\/\/www.skalnik.pl\/blog\/wp-content\/uploads\/2018\/12\/F1080033-768x514.jpg 768w, https:\/\/www.skalnik.pl\/blog\/wp-content\/uploads\/2018\/12\/F1080033.jpg 1840w\" sizes=\"auto, (max-width: 1024px) 100vw, 1024px\" \/>\n\t\t\t<\/dt>\n\t\t\t\t<dd class='wp-caption-text gallery-caption' id='gallery-1-5221'>\n\t\t\t\tWn\u0119trze sklepu na ul. \u0141adnej\n\t\t\t\t<\/dd><\/dl><br style=\"clear: both\" \/><dl class='gallery-item'>\n\t\t\t<dt class='gallery-icon landscape'>\n\t\t\t\t<img loading=\"lazy\" decoding=\"async\" width=\"1024\" height=\"686\" src=\"https:\/\/www.skalnik.pl\/blog\/wp-content\/uploads\/2018\/12\/F1030013-1024x686.jpg\" class=\"attachment-large size-large\" alt=\"\" aria-describedby=\"gallery-1-5239\" srcset=\"https:\/\/www.skalnik.pl\/blog\/wp-content\/uploads\/2018\/12\/F1030013-1024x686.jpg 1024w, https:\/\/www.skalnik.pl\/blog\/wp-content\/uploads\/2018\/12\/F1030013-300x201.jpg 300w, https:\/\/www.skalnik.pl\/blog\/wp-content\/uploads\/2018\/12\/F1030013-768x514.jpg 768w, https:\/\/www.skalnik.pl\/blog\/wp-content\/uploads\/2018\/12\/F1030013.jpg 1840w\" sizes=\"auto, (max-width: 1024px) 100vw, 1024px\" \/>\n\t\t\t<\/dt>\n\t\t\t\t<dd class='wp-caption-text gallery-caption' id='gallery-1-5239'>\n\t\t\t\tAndrzej Zawada i Ryszard Paw\u0142owski w Skalniku\n\t\t\t\t<\/dd><\/dl>\n\t\t\t<br style='clear: both' \/>\n\t\t<\/div>\n\n<\/div>\n<p><b>Naprawd\u0119 nie ma cho\u0107by drobiazgu, kt\u00f3rego nie uda\u0142o si\u0119 zrealizowa\u0107?<\/b><\/p>\n<p>Do niedawana by\u0142 taki drobiazg (\u015bmiech). Kiedy\u015b chcia\u0142am, \u017ceby Skalnik posiada\u0142 swoje wroc\u0142awskie krasnoludki, ale jeden z ich \u201eurodzi\u0142 si\u0119\u201d ju\u017c w tym roku, a nied\u0142ugo przyb\u0119dzie kolejny.<\/p>\n<p>&nbsp;<\/p>\n<p><b>W 2008 r. W\u0142odzimierz Szcz\u0119sny zgin\u0105\u0142 w g\u00f3rach Cordillera Darwin. Tamten dzie\u0144 by\u0142 prze\u0142omowy w \u017cyciu i w firmie. Jak uda\u0142o si\u0119 w tak trudnej chwili przezwyci\u0119\u017cy\u0107 wszystko i poprowadzi\u0107 sklepy dalej?<\/b><\/p>\n<p>To rzeczywi\u015bcie by\u0142 bardzo trudny czas, ale uda\u0142o si\u0119 go przetrwa\u0107 z dw\u00f3ch powod\u00f3w. Bardzo du\u017c\u0105 motywacj\u0105 dla mnie by\u0142y dzieci. Otrzyma\u0142am r\u00f3wnie\u017c olbrzymi\u0105 pomoc od przyjaci\u00f3\u0142 i od pracownik\u00f3w Skalnika. Przez ca\u0142y ten trudny czas, kt\u00f3ry trwa\u0142 bardzo d\u0142ugo (poniewa\u017c wi\u0105za\u0142 si\u0119 ze sprowadzeniem cia\u0142a m\u0119\u017ca do Polski, co trwa\u0142o powy\u017cej miesi\u0105ca), by\u0142am cz\u0119sto wy\u0142\u0105czona z jakiejkolwiek pracy, a firma mimo to funkcjonowa\u0142a. Wszyscy byli wtedy bardzo mocno zmotywowani i dzi\u0119ki tym wszystkim ludziom uda\u0142o si\u0119 wszystko przezwyci\u0119\u017cy\u0107.<\/p>\n<div class=\"page_gallery\">\n\n\t\t<style type=\"text\/css\">\n\t\t\t#gallery-2 {\n\t\t\t\tmargin: auto;\n\t\t\t}\n\t\t\t#gallery-2 .gallery-item {\n\t\t\t\tfloat: left;\n\t\t\t\tmargin-top: 10px;\n\t\t\t\ttext-align: center;\n\t\t\t\twidth: 33%;\n\t\t\t}\n\t\t\t#gallery-2 img {\n\t\t\t\tborder: 2px solid #cfcfcf;\n\t\t\t}\n\t\t\t#gallery-2 .gallery-caption {\n\t\t\t\tmargin-left: 0;\n\t\t\t}\n\t\t\t\/* see gallery_shortcode() in wp-includes\/media.php *\/\n\t\t<\/style>\n\t\t<div id='gallery-2' class='gallery galleryid-5189 gallery-columns-3 gallery-size-large'><dl class='gallery-item'>\n\t\t\t<dt class='gallery-icon landscape'>\n\t\t\t\t<img loading=\"lazy\" decoding=\"async\" width=\"1024\" height=\"660\" src=\"https:\/\/www.skalnik.pl\/blog\/wp-content\/uploads\/2018\/12\/plecaki-1024x660.jpg\" class=\"attachment-large size-large\" alt=\"\" aria-describedby=\"gallery-2-5235\" srcset=\"https:\/\/www.skalnik.pl\/blog\/wp-content\/uploads\/2018\/12\/plecaki-1024x660.jpg 1024w, https:\/\/www.skalnik.pl\/blog\/wp-content\/uploads\/2018\/12\/plecaki-300x193.jpg 300w, https:\/\/www.skalnik.pl\/blog\/wp-content\/uploads\/2018\/12\/plecaki-768x495.jpg 768w, https:\/\/www.skalnik.pl\/blog\/wp-content\/uploads\/2018\/12\/plecaki.jpg 1970w\" sizes=\"auto, (max-width: 1024px) 100vw, 1024px\" \/>\n\t\t\t<\/dt>\n\t\t\t\t<dd class='wp-caption-text gallery-caption' id='gallery-2-5235'>\n\t\t\t\tNajpierw by\u0142a pasja\n\t\t\t\t<\/dd><\/dl><dl class='gallery-item'>\n\t\t\t<dt class='gallery-icon landscape'>\n\t\t\t\t<img loading=\"lazy\" decoding=\"async\" width=\"1024\" height=\"686\" src=\"https:\/\/www.skalnik.pl\/blog\/wp-content\/uploads\/2018\/12\/dawne-czasy-408-1024x686.jpg\" class=\"attachment-large size-large\" alt=\"\" aria-describedby=\"gallery-2-5233\" srcset=\"https:\/\/www.skalnik.pl\/blog\/wp-content\/uploads\/2018\/12\/dawne-czasy-408-1024x686.jpg 1024w, https:\/\/www.skalnik.pl\/blog\/wp-content\/uploads\/2018\/12\/dawne-czasy-408-300x201.jpg 300w, https:\/\/www.skalnik.pl\/blog\/wp-content\/uploads\/2018\/12\/dawne-czasy-408-768x514.jpg 768w, https:\/\/www.skalnik.pl\/blog\/wp-content\/uploads\/2018\/12\/dawne-czasy-408.jpg 1840w\" sizes=\"auto, (max-width: 1024px) 100vw, 1024px\" \/>\n\t\t\t<\/dt>\n\t\t\t\t<dd class='wp-caption-text gallery-caption' id='gallery-2-5233'>\n\t\t\t\tW\u0142odzimierz Szcz\u0119sny i Skalnik na targach turystycznych \n\t\t\t\t<\/dd><\/dl><dl class='gallery-item'>\n\t\t\t<dt class='gallery-icon landscape'>\n\t\t\t\t<img loading=\"lazy\" decoding=\"async\" width=\"1024\" height=\"686\" src=\"https:\/\/www.skalnik.pl\/blog\/wp-content\/uploads\/2018\/12\/dawne-czasy-299-1024x686.jpg\" class=\"attachment-large size-large\" alt=\"\" aria-describedby=\"gallery-2-5234\" srcset=\"https:\/\/www.skalnik.pl\/blog\/wp-content\/uploads\/2018\/12\/dawne-czasy-299-1024x686.jpg 1024w, https:\/\/www.skalnik.pl\/blog\/wp-content\/uploads\/2018\/12\/dawne-czasy-299-300x201.jpg 300w, https:\/\/www.skalnik.pl\/blog\/wp-content\/uploads\/2018\/12\/dawne-czasy-299-768x514.jpg 768w, https:\/\/www.skalnik.pl\/blog\/wp-content\/uploads\/2018\/12\/dawne-czasy-299.jpg 1840w\" sizes=\"auto, (max-width: 1024px) 100vw, 1024px\" \/>\n\t\t\t<\/dt>\n\t\t\t\t<dd class='wp-caption-text gallery-caption' id='gallery-2-5234'>\n\t\t\t\tDwano temu na turystycznej wycieczce. Zarz\u0105d firmy prawie w komplecie\n\t\t\t\t<\/dd><\/dl><br style=\"clear: both\" \/><dl class='gallery-item'>\n\t\t\t<dt class='gallery-icon landscape'>\n\t\t\t\t<img loading=\"lazy\" decoding=\"async\" width=\"929\" height=\"618\" src=\"https:\/\/www.skalnik.pl\/blog\/wp-content\/uploads\/2018\/12\/w\u0142azimierz-1.jpg\" class=\"attachment-large size-large\" alt=\"\" aria-describedby=\"gallery-2-5228\" srcset=\"https:\/\/www.skalnik.pl\/blog\/wp-content\/uploads\/2018\/12\/w\u0142azimierz-1.jpg 929w, https:\/\/www.skalnik.pl\/blog\/wp-content\/uploads\/2018\/12\/w\u0142azimierz-1-300x200.jpg 300w, https:\/\/www.skalnik.pl\/blog\/wp-content\/uploads\/2018\/12\/w\u0142azimierz-1-768x511.jpg 768w\" sizes=\"auto, (max-width: 929px) 100vw, 929px\" \/>\n\t\t\t<\/dt>\n\t\t\t\t<dd class='wp-caption-text gallery-caption' id='gallery-2-5228'>\n\t\t\t\tKrasnal W\u0142azimierz &#8211; spe\u0142nione marzenie o skalnikowym krasnalu\n\t\t\t\t<\/dd><\/dl>\n\t\t\t<br style='clear: both' \/>\n\t\t<\/div>\n\n<\/div>\n<p><b>Po 25 latach Skalnik to firma jeszcze bardziej rodzinna, bo w firmie dzi\u015b pracuj\u0105 Pa\u0144stwa dzieci. \u0141atwo si\u0119 z nimi pracuje, czy to jest te\u017c wyzwanie?<\/b><\/p>\n<p>Jest to du\u017ce wyzwanie, ale jest to co\u015b, co uda\u0142o nam si\u0119 dobrze zorganizowa\u0107. Ka\u017cde z nich ma swoj\u0105 dzia\u0142k\u0119 w firmie i wyznaczone zadania. W 2008 r. dw\u00f3jka naszych dzieci by\u0142a jeszcze niepe\u0142noletnia, wi\u0119c ten proces musia\u0142 by\u0107 stopniowy. Pierwszy do firmy do\u0142\u0105czy\u0142 Bartek, p\u00f3\u017aniej Ola i Kasia. To w\u0142a\u015bnie dzi\u0119ki dzieciom firma posz\u0142a do przodu w ostatnich latach. S\u0105dz\u0119, \u017ce to przede wszystkim ich zas\u0142uga. Dzieci par\u0142y zdecydowanie w stron\u0119 rozwoju sprzeda\u017cy internetowej. Gdyby nie ich zapa\u0142 i pomys\u0142y, sama \u2013 jako osoba z okre\u015blonym peselem \u2013 nie zdoby\u0142abym si\u0119 na taki krok.<\/p>\n<p>&nbsp;<\/p>\n<p><b>A gdyby tak wybiec w przysz\u0142o\u015b\u0107 i pogdyba\u0107\u2026 Za kolejne 25 lat \u2013 jak wtedy mo\u017ce wygl\u0105da\u0107 Skalnik?<\/b><\/p>\n<p>Zawsze trzeba sobie wyznacza\u0107 jakie\u015b cele (\u015bmiech). Chyba mog\u0119 powiedzie\u0107, \u017ce by\u0142abym bardzo zadowolona, gdyby za kolejne \u0107wier\u0107 wieku Skalnik by\u0142 rozpoznawaln\u0105 mark\u0105 europejsk\u0105.<\/p>\n<p>&nbsp;<\/p>\n<p><b>Mo\u017cna spotka\u0107 si\u0119 z r\u00f3\u017cnymi opiniami co do wielko\u015bci tej firmy. Cz\u0119\u015b\u0107 os\u00f3b kojarzy j\u0105 jako ma\u0142\u0105 firm\u0119 rodzinn\u0105 z Wroc\u0142awia, ale s\u0105 klienci, kt\u00f3rzy na s\u0142owo Skalnik my\u015bl\u0105 og\u00f3lnopolska \u201esieci\u00f3wka\u201d. Gdzie le\u017cy prawda?<\/b><\/p>\n<p>Prawda jest, jak zwykle, po\u015brodku! Prawd\u0105 jest, \u017ce jeste\u015bmy firm\u0105 niedu\u017c\u0105, rodzinn\u0105, ale te\u017c prawd\u0105 jest to, \u017ce w tej chwili mamy zasi\u0119g og\u00f3lnopolski, a nawet wi\u0119kszy. Dzi\u0119ki sprzeda\u017cy internetowej nie ograniczamy si\u0119 do Wroc\u0142awia czy regionu, ale mamy bardzo wielu klient\u00f3w w ca\u0142ym kraju i za granic\u0105. Wystarczy powiedzie\u0107, \u017ce przy otwarciu zatrudniali\u015bmy jednego pracownika, w 2008 r. pracownik\u00f3w by\u0142o ok. 10-12, a teraz pracujemy w zespole prawie 50 os\u00f3b.<\/p>\n<div id=\"attachment_5238\" style=\"width: 1850px\" class=\"wp-caption alignnone\"><img loading=\"lazy\" decoding=\"async\" aria-describedby=\"caption-attachment-5238\" class=\"wp-image-5238 size-full\" src=\"https:\/\/skalnik.pl\/blog\/wp-content\/uploads\/2018\/12\/F1050015-e1545999544765.jpg\" alt=\"\" width=\"1840\" height=\"1039\" srcset=\"https:\/\/www.skalnik.pl\/blog\/wp-content\/uploads\/2018\/12\/F1050015-e1545999544765.jpg 1840w, https:\/\/www.skalnik.pl\/blog\/wp-content\/uploads\/2018\/12\/F1050015-e1545999544765-300x169.jpg 300w, https:\/\/www.skalnik.pl\/blog\/wp-content\/uploads\/2018\/12\/F1050015-e1545999544765-768x434.jpg 768w, https:\/\/www.skalnik.pl\/blog\/wp-content\/uploads\/2018\/12\/F1050015-e1545999544765-1024x578.jpg 1024w\" sizes=\"auto, (max-width: 1840px) 100vw, 1840px\" \/><p id=\"caption-attachment-5238\" class=\"wp-caption-text\">Pracownicy Skalnika. Od zawsze zgrany team<\/p><\/div>\n<p><b>A czy nie by\u0142o takich plan\u00f3w, \u017ceby otwiera\u0107 sklepy stacjonarne w innych miastach?<\/b><\/p>\n<p>By\u0142y takie plany. W 2005, mo\u017ce 2006 roku W\u0142odek doprowadzi\u0142 do stowarzyszenia si\u0119 sze\u015bciu najwa\u017cniejszych wtedy sklep\u00f3w g\u00f3rskich w Polsce. Mieli\u015bmy robi\u0107 wsp\u00f3lne zakupy hurtowe, ale trwa\u0142o to tylko przez chwil\u0119. Jak to bywa w polskich warunkach, z czasem coraz trudniej by\u0142o si\u0119 dogada\u0107 i ten ca\u0142y projekt si\u0119 rozpad\u0142.<\/p>\n<p>&nbsp;<\/p>\n<p><b>Wr\u00f3\u0107my jeszcze na chwil\u0119 do organizacji. Opr\u00f3cz tego, \u017ce z firm\u0105 pracuje najli\u017csza rodzina, to s\u0105 tu ludzie, kt\u00f3rzy pracuj\u0105 w Skalniku od kilkunastu, a nawet kilkudziesi\u0119ciu lat. Jaka jest recepta, \u017ceby ludzi zatrzyma\u0107 w firmie przez taki czas?<\/b><\/p>\n<p>W tej bran\u017cy trzeba stworzy\u0107 takie warunki, \u017ceby ludzie mogli wi\u0105za\u0107 prac\u0119 z pasj\u0105. Opieramy si\u0119 na osobach, kt\u00f3re w \u017cyciu robi\u0105 co\u015b wi\u0119cej ni\u017c tylko chodz\u0105 do pracy. To g\u0142\u00f3wna rzecz, kt\u00f3ra wi\u0105\u017ce nas z pracownikami na tak d\u0142ugo. Bardzo o ni\u0105 dbamy. Oczywi\u015bcie najwa\u017cniejszy jest szacunek dla ludzi. Nie tylko dla pracownik\u00f3w, ale te\u017c dla klient\u00f3w, kontrahent\u00f3w, partner\u00f3w, z kt\u00f3rymi wsp\u00f3\u0142pracujemy.<\/p>\n<p>&nbsp;<\/p>\n<p><b>No w\u0142a\u015bnie, sklep to przede wszystkim klienci. Pami\u0119ta Pani, co kupi\u0142 pierwszy klient?<\/b><\/p>\n<p>Oczywi\u015bcie, \u017ce pami\u0119tam! 25 lat temu, przed otwarciem sklepu, zgromadzili\u015bmy sporo towaru, kt\u00f3ry si\u0119 nie mie\u015bci\u0142 w lokalu i by\u0142 trzymany w domu. Musia\u0142o tak by\u0107, poniewa\u017c w latach dziewi\u0119\u0107dziesi\u0105tych problemem by\u0142o zaopatrzenie, zdobycie pewnych rzeczy. O ka\u017cdy towar trzeba by\u0142o w tamtym czasie walczy\u0107. Pierwszym klientem by\u0142 nasz kolega Andrzej, kt\u00f3ry wiedzia\u0142, \u017ce chcemy otworzy\u0107 sklep i wiedzia\u0142, \u017ce jaki\u015b towar do tego sklepu ju\u017c mamy. W dniu otwarcia pierwszego sklepu Andrzej kupi\u0142 kurtk\u0119 GORE-TEX\u00ae marki Mello\u2019s. Dosta\u0142 przy zakupie pierwsz\u0105 kart\u0119 sta\u0142ego klienta, kt\u00f3ra by\u0142a wystukana na maszynie do pisania i zalaminowana.<\/p>\n<div id=\"attachment_5223\" style=\"width: 1850px\" class=\"wp-caption alignnone\"><img loading=\"lazy\" decoding=\"async\" aria-describedby=\"caption-attachment-5223\" class=\"wp-image-5223 size-full\" src=\"https:\/\/skalnik.pl\/blog\/wp-content\/uploads\/2018\/12\/F1030008-1.jpg\" alt=\"\" width=\"1840\" height=\"1232\" srcset=\"https:\/\/www.skalnik.pl\/blog\/wp-content\/uploads\/2018\/12\/F1030008-1.jpg 1840w, https:\/\/www.skalnik.pl\/blog\/wp-content\/uploads\/2018\/12\/F1030008-1-300x201.jpg 300w, https:\/\/www.skalnik.pl\/blog\/wp-content\/uploads\/2018\/12\/F1030008-1-768x514.jpg 768w, https:\/\/www.skalnik.pl\/blog\/wp-content\/uploads\/2018\/12\/F1030008-1-1024x686.jpg 1024w\" sizes=\"auto, (max-width: 1840px) 100vw, 1840px\" \/><p id=\"caption-attachment-5223\" class=\"wp-caption-text\">Klient-VIP. Andrzej Zawada robi zakupy w Skalniku<\/p><\/div>\n<p><b>Ciekawi mnie jak zmieniali si\u0119 klienci. Mo\u017cna si\u0119 pokusi\u0107 o tak\u0105 kr\u00f3tk\u0105 charakterystyk\u0119: klient w 1993 r., klient w 2008 r. i klient dzi\u015b?<\/b><\/p>\n<p>Gdy otwierali\u015bmy sklep klient by\u0142 zdecydowanie mniej wymagaj\u0105cy. By\u0142 szcz\u0119\u015bliwy, jak uda\u0142o si\u0119 cokolwiek kupi\u0107. Podstawowym kryterium przed dziesi\u0119ciu, mo\u017ce nawet pi\u0119tnastu laty, by\u0142y natomiast finanse. W Polsce na wiele rzeczy nie by\u0142o nas po prostu wtedy sta\u0107. Pami\u0119tam takie historie, \u017ce warunkiem koniecznym zakupu kurtki zewn\u0119trznej by\u0142o to, \u017ceby kurtka goretex, czy inna, mia\u0142a tak\u0105 d\u0142ugo\u015b\u0107, \u017ce spod spodu nie wystawa\u0142 garnitur. Jak si\u0119 kupi\u0142o jedn\u0105 kurt\u0119, to nosi\u0142o si\u0119 j\u0105 wsz\u0119dzie: do teatru, do pracy i w g\u00f3ry. W tej chwili sta\u0107 nas, \u017ceby kupi\u0107 sobie wi\u0119cej. Klienci s\u0105 bardziej zamo\u017cni i bardziej \u015bwiadomi. Informacja o produktach i technologiach dost\u0119pna jest cho\u0107by w internecie, wi\u0119c klient do sklepu przychodzi \u015bwietnie przygotowany i zdarza si\u0119, \u017ce doskonale wie czego potrzebuje.<\/p>\n<p>&nbsp;<\/p>\n<p><b>No w\u0142a\u015bnie, czy klienci korzystaj\u0105 ch\u0119tnie ze sklep\u00f3w stacjonarnych? Czy w dobie internetu, darmowej wysy\u0142ki i darmowego zwrotu rynek outdoor nie przenosi si\u0119 do sieci? Mo\u017ce si\u0119 wydawa\u0107, \u017ce prowadzenie tradycyjnych sklep\u00f3w nie jest w tej chwili ani \u0142atwe, ani zyskowne.<\/b><\/p>\n<p>\u0141atwe nie jest, ale jest op\u0142acalne wtedy, gdy sklep posiada pewn\u0105 atmosfer\u0119. Przede wszystkim kiedy jest to miejsce, gdzie znajduj\u0105 si\u0119 ludzie, z kt\u00f3rymi mo\u017cna porozmawia\u0107 o sprz\u0119cie. W sklepie stacjonarnym mo\u017cna uzyska\u0107 fachowe doradztwo. Prowadzenie sprzeda\u017cy stacjonarnej ma jak najbardziej sens, poniewa\u017c wci\u0105\u017c jest wiele os\u00f3b, kt\u00f3re chc\u0105 dotkn\u0105\u0107, przymierzy\u0107 produkt zanim si\u0119 zdecyduj\u0105. Oczywi\u015bcie mo\u017cna to samo zrobi\u0107 otrzymuj\u0105c przesy\u0142k\u0119 do domu, nie mniej jednak kontakt z profesjonalistami, na miejscu, spotkanie z lud\u017ami, kt\u00f3rzy mog\u0105 doradzi\u0107, dobra\u0107 \u2013 moim zdaniem \u2013 jest wci\u0105\u017c bezcenny.<\/p>\n<p>&nbsp;<\/p>\n<p><b>Dzi\u0119kuj\u0119 za rozmow\u0119 i \u017cycz\u0119 kolejnych lat pe\u0142nych sukces\u00f3w.<\/b><\/p>\n","protected":false},"excerpt":{"rendered":"<p>Skalnik ma ju\u017c 25 lat! Z tej okazji rozmawiamy z nasz\u0105 szefow\u0105 i wsp\u00f3\u0142zalo\u017cycielk\u0105 Skalnika \u2013 Ann\u0105 Szcz\u0119sn\u0105. Dowiedz si\u0119 co kupi\u0142 w Skalniku pierwszy klient i odkryj czym jest czapka z wk\u0142adem teflonowym, kt\u00f3ra kosztuje 300 tysi\u0119cy z\u0142otych! <\/p>\n","protected":false},"author":8,"featured_media":5244,"comment_status":"open","ping_status":"open","sticky":false,"template":"","format":"standard","meta":{"_acf_changed":false,"footnotes":""},"categories":[220],"tags":[99,92,192],"magento_category":[166],"magento_product":[],"class_list":["post-5189","post","type-post","status-publish","format-standard","has-post-thumbnail","hentry","category-wywiady","tag-rynek-outdoor","tag-styl-zycia","tag-wywiad"],"acf":[],"aioseo_notices":[],"aioseo_head":"\n\t\t<!-- All in One SEO 4.9.10 - aioseo.com -->\n\t<meta name=\"description\" content=\"Skalnik ma ju\u017c 25 lat! Z tej okazji rozmawiamy z nasz\u0105 szefow\u0105 i wsp\u00f3\u0142zalo\u017cycielk\u0105 Skalnika \u2013 Ann\u0105 Szcz\u0119sn\u0105. Dowiedz si\u0119 co kupi\u0142 w Skalniku pierwszy klient i odkryj czym jest czapka z wk\u0142adem teflonowym, kt\u00f3ra kosztuje 300 tysi\u0119cy z\u0142otych!\" \/>\n\t<meta name=\"robots\" content=\"max-image-preview:large\" \/>\n\t<meta name=\"author\" content=\"S\u0142awek Nosal\"\/>\n\t<link rel=\"canonical\" href=\"https:\/\/www.skalnik.pl\/blog\/polaczyc-prace-z-pasja-wywiad-z-anna-szczesna\/\" \/>\n\t<meta name=\"generator\" content=\"All in One SEO (AIOSEO) 4.9.10\" \/>\n\t\t<meta property=\"og:locale\" content=\"pl_PL\" \/>\n\t\t<meta property=\"og:site_name\" content=\"blog Skalnik - Blog, porady, artyku\u0142y - blog Skalnik\" \/>\n\t\t<meta property=\"og:type\" content=\"article\" \/>\n\t\t<meta property=\"og:title\" content=\"Po\u0142\u0105czy\u0107 prac\u0119 z pasj\u0105 \u2013 wywiad z Ann\u0105 Szcz\u0119sn\u0105 - blog Skalnik\" \/>\n\t\t<meta property=\"og:description\" content=\"Skalnik ma ju\u017c 25 lat! Z tej okazji rozmawiamy z nasz\u0105 szefow\u0105 i wsp\u00f3\u0142zalo\u017cycielk\u0105 Skalnika \u2013 Ann\u0105 Szcz\u0119sn\u0105. Dowiedz si\u0119 co kupi\u0142 w Skalniku pierwszy klient i odkryj czym jest czapka z wk\u0142adem teflonowym, kt\u00f3ra kosztuje 300 tysi\u0119cy z\u0142otych!\" \/>\n\t\t<meta property=\"og:url\" content=\"https:\/\/www.skalnik.pl\/blog\/polaczyc-prace-z-pasja-wywiad-z-anna-szczesna\/\" \/>\n\t\t<meta property=\"og:image\" content=\"https:\/\/skalnik.pl\/blog\/wp-content\/uploads\/2018\/12\/F1170013-1024x686.jpg\" \/>\n\t\t<meta property=\"og:image:secure_url\" content=\"https:\/\/skalnik.pl\/blog\/wp-content\/uploads\/2018\/12\/F1170013-1024x686.jpg\" \/>\n\t\t<meta property=\"article:tag\" content=\"wywiady\" \/>\n\t\t<meta property=\"article:tag\" content=\"rynek outdoor\" \/>\n\t\t<meta property=\"article:tag\" content=\"styl \u017cycia\" \/>\n\t\t<meta property=\"article:tag\" content=\"wywiad\" \/>\n\t\t<meta property=\"article:published_time\" content=\"2018-12-28T13:03:11+00:00\" \/>\n\t\t<meta property=\"article:modified_time\" content=\"2019-03-22T12:43:12+00:00\" \/>\n\t\t<meta name=\"twitter:card\" content=\"summary_large_image\" \/>\n\t\t<meta name=\"twitter:title\" content=\"Po\u0142\u0105czy\u0107 prac\u0119 z pasj\u0105 \u2013 wywiad z Ann\u0105 Szcz\u0119sn\u0105 - blog Skalnik\" \/>\n\t\t<meta name=\"twitter:description\" content=\"Skalnik ma ju\u017c 25 lat! Z tej okazji rozmawiamy z nasz\u0105 szefow\u0105 i wsp\u00f3\u0142zalo\u017cycielk\u0105 Skalnika \u2013 Ann\u0105 Szcz\u0119sn\u0105. Dowiedz si\u0119 co kupi\u0142 w Skalniku pierwszy klient i odkryj czym jest czapka z wk\u0142adem teflonowym, kt\u00f3ra kosztuje 300 tysi\u0119cy z\u0142otych!\" \/>\n\t\t<meta name=\"twitter:image\" content=\"https:\/\/skalnik.pl\/blog\/wp-content\/uploads\/2018\/12\/F1170013-1024x686.jpg\" \/>\n\t\t<script type=\"application\/ld+json\" class=\"aioseo-schema\">\n\t\t\t{\"@context\":\"https:\\\/\\\/schema.org\",\"@graph\":[{\"@type\":\"BlogPosting\",\"@id\":\"https:\\\/\\\/www.skalnik.pl\\\/blog\\\/polaczyc-prace-z-pasja-wywiad-z-anna-szczesna\\\/#blogposting\",\"name\":\"Po\\u0142\\u0105czy\\u0107 prac\\u0119 z pasj\\u0105 \\u2013 wywiad z Ann\\u0105 Szcz\\u0119sn\\u0105 - blog Skalnik\",\"headline\":\"Po\\u0142\\u0105czy\\u0107 prac\\u0119 z pasj\\u0105 \\u2013 wywiad z Ann\\u0105 Szcz\\u0119sn\\u0105\",\"author\":{\"@id\":\"https:\\\/\\\/www.skalnik.pl\\\/blog\\\/author\\\/slawek-nosal\\\/#author\"},\"publisher\":{\"@id\":\"https:\\\/\\\/www.skalnik.pl\\\/blog\\\/#organization\"},\"image\":{\"@type\":\"ImageObject\",\"url\":\"https:\\\/\\\/www.skalnik.pl\\\/blog\\\/wp-content\\\/uploads\\\/2018\\\/12\\\/ok\\u0142adka-wywiad..jpg\",\"width\":1919,\"height\":705},\"datePublished\":\"2018-12-28T14:03:11+02:00\",\"dateModified\":\"2019-03-22T13:43:12+02:00\",\"inLanguage\":\"pl-PL\",\"mainEntityOfPage\":{\"@id\":\"https:\\\/\\\/www.skalnik.pl\\\/blog\\\/polaczyc-prace-z-pasja-wywiad-z-anna-szczesna\\\/#webpage\"},\"isPartOf\":{\"@id\":\"https:\\\/\\\/www.skalnik.pl\\\/blog\\\/polaczyc-prace-z-pasja-wywiad-z-anna-szczesna\\\/#webpage\"},\"articleSection\":\"Wywiady, rynek outdoor, styl \\u017cycia, wywiad, 1200\"},{\"@type\":\"BreadcrumbList\",\"@id\":\"https:\\\/\\\/www.skalnik.pl\\\/blog\\\/polaczyc-prace-z-pasja-wywiad-z-anna-szczesna\\\/#breadcrumblist\",\"itemListElement\":[{\"@type\":\"ListItem\",\"@id\":\"https:\\\/\\\/www.skalnik.pl\\\/blog#listItem\",\"position\":1,\"name\":\"Home\",\"item\":\"https:\\\/\\\/www.skalnik.pl\\\/blog\",\"nextItem\":{\"@type\":\"ListItem\",\"@id\":\"https:\\\/\\\/www.skalnik.pl\\\/blog\\\/.\\\/wywiady\\\/#listItem\",\"name\":\"Wywiady\"}},{\"@type\":\"ListItem\",\"@id\":\"https:\\\/\\\/www.skalnik.pl\\\/blog\\\/.\\\/wywiady\\\/#listItem\",\"position\":2,\"name\":\"Wywiady\",\"item\":\"https:\\\/\\\/www.skalnik.pl\\\/blog\\\/.\\\/wywiady\\\/\",\"nextItem\":{\"@type\":\"ListItem\",\"@id\":\"https:\\\/\\\/www.skalnik.pl\\\/blog\\\/polaczyc-prace-z-pasja-wywiad-z-anna-szczesna\\\/#listItem\",\"name\":\"Po\\u0142\\u0105czy\\u0107 prac\\u0119 z pasj\\u0105 \\u2013 wywiad z Ann\\u0105 Szcz\\u0119sn\\u0105\"},\"previousItem\":{\"@type\":\"ListItem\",\"@id\":\"https:\\\/\\\/www.skalnik.pl\\\/blog#listItem\",\"name\":\"Home\"}},{\"@type\":\"ListItem\",\"@id\":\"https:\\\/\\\/www.skalnik.pl\\\/blog\\\/polaczyc-prace-z-pasja-wywiad-z-anna-szczesna\\\/#listItem\",\"position\":3,\"name\":\"Po\\u0142\\u0105czy\\u0107 prac\\u0119 z pasj\\u0105 \\u2013 wywiad z Ann\\u0105 Szcz\\u0119sn\\u0105\",\"previousItem\":{\"@type\":\"ListItem\",\"@id\":\"https:\\\/\\\/www.skalnik.pl\\\/blog\\\/.\\\/wywiady\\\/#listItem\",\"name\":\"Wywiady\"}}]},{\"@type\":\"Organization\",\"@id\":\"https:\\\/\\\/www.skalnik.pl\\\/blog\\\/#organization\",\"name\":\"blog Skalnik\",\"description\":\"Blog, porady, artyku\\u0142y - blog Skalnik\",\"url\":\"https:\\\/\\\/www.skalnik.pl\\\/blog\\\/\"},{\"@type\":\"Person\",\"@id\":\"https:\\\/\\\/www.skalnik.pl\\\/blog\\\/author\\\/slawek-nosal\\\/#author\",\"url\":\"https:\\\/\\\/www.skalnik.pl\\\/blog\\\/author\\\/slawek-nosal\\\/\",\"name\":\"S\\u0142awek Nosal\",\"image\":{\"@type\":\"ImageObject\",\"@id\":\"https:\\\/\\\/www.skalnik.pl\\\/blog\\\/polaczyc-prace-z-pasja-wywiad-z-anna-szczesna\\\/#authorImage\",\"url\":\"https:\\\/\\\/secure.gravatar.com\\\/avatar\\\/376f39150afcfc713e809ef8313d42dee4210bb1425eaad8153efa8965009197?s=96&d=mm&r=g\",\"width\":96,\"height\":96,\"caption\":\"S\\u0142awek Nosal\"}},{\"@type\":\"WebPage\",\"@id\":\"https:\\\/\\\/www.skalnik.pl\\\/blog\\\/polaczyc-prace-z-pasja-wywiad-z-anna-szczesna\\\/#webpage\",\"url\":\"https:\\\/\\\/www.skalnik.pl\\\/blog\\\/polaczyc-prace-z-pasja-wywiad-z-anna-szczesna\\\/\",\"name\":\"Po\\u0142\\u0105czy\\u0107 prac\\u0119 z pasj\\u0105 \\u2013 wywiad z Ann\\u0105 Szcz\\u0119sn\\u0105 - blog Skalnik\",\"description\":\"Skalnik ma ju\\u017c 25 lat! Z tej okazji rozmawiamy z nasz\\u0105 szefow\\u0105 i wsp\\u00f3\\u0142zalo\\u017cycielk\\u0105 Skalnika \\u2013 Ann\\u0105 Szcz\\u0119sn\\u0105. Dowiedz si\\u0119 co kupi\\u0142 w Skalniku pierwszy klient i odkryj czym jest czapka z wk\\u0142adem teflonowym, kt\\u00f3ra kosztuje 300 tysi\\u0119cy z\\u0142otych!\",\"inLanguage\":\"pl-PL\",\"isPartOf\":{\"@id\":\"https:\\\/\\\/www.skalnik.pl\\\/blog\\\/#website\"},\"breadcrumb\":{\"@id\":\"https:\\\/\\\/www.skalnik.pl\\\/blog\\\/polaczyc-prace-z-pasja-wywiad-z-anna-szczesna\\\/#breadcrumblist\"},\"author\":{\"@id\":\"https:\\\/\\\/www.skalnik.pl\\\/blog\\\/author\\\/slawek-nosal\\\/#author\"},\"creator\":{\"@id\":\"https:\\\/\\\/www.skalnik.pl\\\/blog\\\/author\\\/slawek-nosal\\\/#author\"},\"image\":{\"@type\":\"ImageObject\",\"url\":\"https:\\\/\\\/www.skalnik.pl\\\/blog\\\/wp-content\\\/uploads\\\/2018\\\/12\\\/ok\\u0142adka-wywiad..jpg\",\"@id\":\"https:\\\/\\\/www.skalnik.pl\\\/blog\\\/polaczyc-prace-z-pasja-wywiad-z-anna-szczesna\\\/#mainImage\",\"width\":1919,\"height\":705},\"primaryImageOfPage\":{\"@id\":\"https:\\\/\\\/www.skalnik.pl\\\/blog\\\/polaczyc-prace-z-pasja-wywiad-z-anna-szczesna\\\/#mainImage\"},\"datePublished\":\"2018-12-28T14:03:11+02:00\",\"dateModified\":\"2019-03-22T13:43:12+02:00\"},{\"@type\":\"WebSite\",\"@id\":\"https:\\\/\\\/www.skalnik.pl\\\/blog\\\/#website\",\"url\":\"https:\\\/\\\/www.skalnik.pl\\\/blog\\\/\",\"name\":\"blog Skalnik\",\"description\":\"Blog, porady, artyku\\u0142y - blog Skalnik\",\"inLanguage\":\"pl-PL\",\"publisher\":{\"@id\":\"https:\\\/\\\/www.skalnik.pl\\\/blog\\\/#organization\"}}]}\n\t\t<\/script>\n\t\t<!-- All in One SEO -->\n\n","aioseo_head_json":{"title":"Po\u0142\u0105czy\u0107 prac\u0119 z pasj\u0105 \u2013 wywiad z Ann\u0105 Szcz\u0119sn\u0105 - blog Skalnik","description":"Skalnik ma ju\u017c 25 lat! Z tej okazji rozmawiamy z nasz\u0105 szefow\u0105 i wsp\u00f3\u0142zalo\u017cycielk\u0105 Skalnika \u2013 Ann\u0105 Szcz\u0119sn\u0105. Dowiedz si\u0119 co kupi\u0142 w Skalniku pierwszy klient i odkryj czym jest czapka z wk\u0142adem teflonowym, kt\u00f3ra kosztuje 300 tysi\u0119cy z\u0142otych!","canonical_url":"https:\/\/www.skalnik.pl\/blog\/polaczyc-prace-z-pasja-wywiad-z-anna-szczesna\/","robots":"max-image-preview:large","keywords":"","webmasterTools":{"miscellaneous":""},"schema":{"@context":"https:\/\/schema.org","@graph":[{"@type":"BlogPosting","@id":"https:\/\/www.skalnik.pl\/blog\/polaczyc-prace-z-pasja-wywiad-z-anna-szczesna\/#blogposting","name":"Po\u0142\u0105czy\u0107 prac\u0119 z pasj\u0105 \u2013 wywiad z Ann\u0105 Szcz\u0119sn\u0105 - blog Skalnik","headline":"Po\u0142\u0105czy\u0107 prac\u0119 z pasj\u0105 \u2013 wywiad z Ann\u0105 Szcz\u0119sn\u0105","author":{"@id":"https:\/\/www.skalnik.pl\/blog\/author\/slawek-nosal\/#author"},"publisher":{"@id":"https:\/\/www.skalnik.pl\/blog\/#organization"},"image":{"@type":"ImageObject","url":"https:\/\/www.skalnik.pl\/blog\/wp-content\/uploads\/2018\/12\/ok\u0142adka-wywiad..jpg","width":1919,"height":705},"datePublished":"2018-12-28T14:03:11+02:00","dateModified":"2019-03-22T13:43:12+02:00","inLanguage":"pl-PL","mainEntityOfPage":{"@id":"https:\/\/www.skalnik.pl\/blog\/polaczyc-prace-z-pasja-wywiad-z-anna-szczesna\/#webpage"},"isPartOf":{"@id":"https:\/\/www.skalnik.pl\/blog\/polaczyc-prace-z-pasja-wywiad-z-anna-szczesna\/#webpage"},"articleSection":"Wywiady, rynek outdoor, styl \u017cycia, wywiad, 1200"},{"@type":"BreadcrumbList","@id":"https:\/\/www.skalnik.pl\/blog\/polaczyc-prace-z-pasja-wywiad-z-anna-szczesna\/#breadcrumblist","itemListElement":[{"@type":"ListItem","@id":"https:\/\/www.skalnik.pl\/blog#listItem","position":1,"name":"Home","item":"https:\/\/www.skalnik.pl\/blog","nextItem":{"@type":"ListItem","@id":"https:\/\/www.skalnik.pl\/blog\/.\/wywiady\/#listItem","name":"Wywiady"}},{"@type":"ListItem","@id":"https:\/\/www.skalnik.pl\/blog\/.\/wywiady\/#listItem","position":2,"name":"Wywiady","item":"https:\/\/www.skalnik.pl\/blog\/.\/wywiady\/","nextItem":{"@type":"ListItem","@id":"https:\/\/www.skalnik.pl\/blog\/polaczyc-prace-z-pasja-wywiad-z-anna-szczesna\/#listItem","name":"Po\u0142\u0105czy\u0107 prac\u0119 z pasj\u0105 \u2013 wywiad z Ann\u0105 Szcz\u0119sn\u0105"},"previousItem":{"@type":"ListItem","@id":"https:\/\/www.skalnik.pl\/blog#listItem","name":"Home"}},{"@type":"ListItem","@id":"https:\/\/www.skalnik.pl\/blog\/polaczyc-prace-z-pasja-wywiad-z-anna-szczesna\/#listItem","position":3,"name":"Po\u0142\u0105czy\u0107 prac\u0119 z pasj\u0105 \u2013 wywiad z Ann\u0105 Szcz\u0119sn\u0105","previousItem":{"@type":"ListItem","@id":"https:\/\/www.skalnik.pl\/blog\/.\/wywiady\/#listItem","name":"Wywiady"}}]},{"@type":"Organization","@id":"https:\/\/www.skalnik.pl\/blog\/#organization","name":"blog Skalnik","description":"Blog, porady, artyku\u0142y - blog Skalnik","url":"https:\/\/www.skalnik.pl\/blog\/"},{"@type":"Person","@id":"https:\/\/www.skalnik.pl\/blog\/author\/slawek-nosal\/#author","url":"https:\/\/www.skalnik.pl\/blog\/author\/slawek-nosal\/","name":"S\u0142awek Nosal","image":{"@type":"ImageObject","@id":"https:\/\/www.skalnik.pl\/blog\/polaczyc-prace-z-pasja-wywiad-z-anna-szczesna\/#authorImage","url":"https:\/\/secure.gravatar.com\/avatar\/376f39150afcfc713e809ef8313d42dee4210bb1425eaad8153efa8965009197?s=96&d=mm&r=g","width":96,"height":96,"caption":"S\u0142awek Nosal"}},{"@type":"WebPage","@id":"https:\/\/www.skalnik.pl\/blog\/polaczyc-prace-z-pasja-wywiad-z-anna-szczesna\/#webpage","url":"https:\/\/www.skalnik.pl\/blog\/polaczyc-prace-z-pasja-wywiad-z-anna-szczesna\/","name":"Po\u0142\u0105czy\u0107 prac\u0119 z pasj\u0105 \u2013 wywiad z Ann\u0105 Szcz\u0119sn\u0105 - blog Skalnik","description":"Skalnik ma ju\u017c 25 lat! Z tej okazji rozmawiamy z nasz\u0105 szefow\u0105 i wsp\u00f3\u0142zalo\u017cycielk\u0105 Skalnika \u2013 Ann\u0105 Szcz\u0119sn\u0105. Dowiedz si\u0119 co kupi\u0142 w Skalniku pierwszy klient i odkryj czym jest czapka z wk\u0142adem teflonowym, kt\u00f3ra kosztuje 300 tysi\u0119cy z\u0142otych!","inLanguage":"pl-PL","isPartOf":{"@id":"https:\/\/www.skalnik.pl\/blog\/#website"},"breadcrumb":{"@id":"https:\/\/www.skalnik.pl\/blog\/polaczyc-prace-z-pasja-wywiad-z-anna-szczesna\/#breadcrumblist"},"author":{"@id":"https:\/\/www.skalnik.pl\/blog\/author\/slawek-nosal\/#author"},"creator":{"@id":"https:\/\/www.skalnik.pl\/blog\/author\/slawek-nosal\/#author"},"image":{"@type":"ImageObject","url":"https:\/\/www.skalnik.pl\/blog\/wp-content\/uploads\/2018\/12\/ok\u0142adka-wywiad..jpg","@id":"https:\/\/www.skalnik.pl\/blog\/polaczyc-prace-z-pasja-wywiad-z-anna-szczesna\/#mainImage","width":1919,"height":705},"primaryImageOfPage":{"@id":"https:\/\/www.skalnik.pl\/blog\/polaczyc-prace-z-pasja-wywiad-z-anna-szczesna\/#mainImage"},"datePublished":"2018-12-28T14:03:11+02:00","dateModified":"2019-03-22T13:43:12+02:00"},{"@type":"WebSite","@id":"https:\/\/www.skalnik.pl\/blog\/#website","url":"https:\/\/www.skalnik.pl\/blog\/","name":"blog Skalnik","description":"Blog, porady, artyku\u0142y - blog Skalnik","inLanguage":"pl-PL","publisher":{"@id":"https:\/\/www.skalnik.pl\/blog\/#organization"}}]},"og:locale":"pl_PL","og:site_name":"blog Skalnik - Blog, porady, artyku\u0142y - blog Skalnik","og:type":"article","og:title":"Po\u0142\u0105czy\u0107 prac\u0119 z pasj\u0105 \u2013 wywiad z Ann\u0105 Szcz\u0119sn\u0105 - blog Skalnik","og:description":"Skalnik ma ju\u017c 25 lat! Z tej okazji rozmawiamy z nasz\u0105 szefow\u0105 i wsp\u00f3\u0142zalo\u017cycielk\u0105 Skalnika \u2013 Ann\u0105 Szcz\u0119sn\u0105. Dowiedz si\u0119 co kupi\u0142 w Skalniku pierwszy klient i odkryj czym jest czapka z wk\u0142adem teflonowym, kt\u00f3ra kosztuje 300 tysi\u0119cy z\u0142otych!","og:url":"https:\/\/www.skalnik.pl\/blog\/polaczyc-prace-z-pasja-wywiad-z-anna-szczesna\/","og:image":"https:\/\/skalnik.pl\/blog\/wp-content\/uploads\/2018\/12\/F1170013-1024x686.jpg","og:image:secure_url":"https:\/\/skalnik.pl\/blog\/wp-content\/uploads\/2018\/12\/F1170013-1024x686.jpg","article:tag":["wywiady","rynek outdoor","styl \u017cycia","wywiad"],"article:published_time":"2018-12-28T13:03:11+00:00","article:modified_time":"2019-03-22T12:43:12+00:00","twitter:card":"summary_large_image","twitter:title":"Po\u0142\u0105czy\u0107 prac\u0119 z pasj\u0105 \u2013 wywiad z Ann\u0105 Szcz\u0119sn\u0105 - blog Skalnik","twitter:description":"Skalnik ma ju\u017c 25 lat! Z tej okazji rozmawiamy z nasz\u0105 szefow\u0105 i wsp\u00f3\u0142zalo\u017cycielk\u0105 Skalnika \u2013 Ann\u0105 Szcz\u0119sn\u0105. Dowiedz si\u0119 co kupi\u0142 w Skalniku pierwszy klient i odkryj czym jest czapka z wk\u0142adem teflonowym, kt\u00f3ra kosztuje 300 tysi\u0119cy z\u0142otych!","twitter:image":"https:\/\/skalnik.pl\/blog\/wp-content\/uploads\/2018\/12\/F1170013-1024x686.jpg"},"aioseo_meta_data":{"post_id":"5189","title":null,"description":null,"keywords":[{"label":"outdoor","value":"outdoor"},{"label":"skalnik","value":"skalnik"},{"label":"anna szcz\u0119sna","value":"anna szcz\u0119sna"},{"label":"sklep g\u00f3rski","value":"sklep g\u00f3rski"}],"keyphrases":null,"primary_term":null,"canonical_url":null,"og_title":null,"og_description":null,"og_object_type":"default","og_image_type":"default","og_image_url":null,"og_image_width":null,"og_image_height":null,"og_image_custom_url":null,"og_image_custom_fields":null,"og_video":null,"og_custom_url":null,"og_article_section":null,"og_article_tags":null,"twitter_use_og":false,"twitter_card":"default","twitter_image_type":"default","twitter_image_url":null,"twitter_image_custom_url":null,"twitter_image_custom_fields":null,"twitter_title":null,"twitter_description":null,"schema":{"blockGraphs":[],"customGraphs":[],"default":{"data":{"Article":[],"Course":[],"Dataset":[],"FAQPage":[],"Movie":[],"Person":[],"Product":[],"ProductReview":[],"Car":[],"Recipe":[],"Service":[],"SoftwareApplication":[],"WebPage":[]},"graphName":"BlogPosting","isEnabled":true},"graphs":[]},"schema_type":"default","schema_type_options":null,"pillar_content":false,"robots_default":true,"robots_noindex":false,"robots_noarchive":false,"robots_nosnippet":false,"robots_nofollow":false,"robots_noimageindex":false,"robots_noodp":false,"robots_notranslate":false,"robots_max_snippet":null,"robots_max_videopreview":null,"robots_max_imagepreview":"large","priority":null,"frequency":null,"local_seo":null,"breadcrumb_settings":null,"limit_modified_date":false,"ai":null,"created":"2022-08-26 09:54:18","updated":"2026-02-17 21:28:24","seo_analyzer_scan_date":null},"aioseo_breadcrumb":"<div class=\"aioseo-breadcrumbs\"><span class=\"aioseo-breadcrumb\">\n\t\t\t<a href=\"https:\/\/www.skalnik.pl\/blog\" title=\"Home\">Home<\/a>\n\t\t<\/span><span class=\"aioseo-breadcrumb-separator\">&raquo;<\/span><span class=\"aioseo-breadcrumb\">\n\t\t\t<a href=\"https:\/\/www.skalnik.pl\/blog\/.\/wywiady\/\" title=\"Wywiady\">Wywiady<\/a>\n\t\t<\/span><span class=\"aioseo-breadcrumb-separator\">&raquo;<\/span><span class=\"aioseo-breadcrumb\">\n\t\t\tPo\u0142\u0105czy\u0107 prac\u0119 z pasj\u0105 \u2013 wywiad z Ann\u0105 Szcz\u0119sn\u0105\n\t\t<\/span><\/div>","aioseo_breadcrumb_json":[{"label":"Home","link":"https:\/\/www.skalnik.pl\/blog"},{"label":"Wywiady","link":"https:\/\/www.skalnik.pl\/blog\/.\/wywiady\/"},{"label":"Po\u0142\u0105czy\u0107 prac\u0119 z pasj\u0105 \u2013 wywiad z Ann\u0105 Szcz\u0119sn\u0105","link":"https:\/\/www.skalnik.pl\/blog\/polaczyc-prace-z-pasja-wywiad-z-anna-szczesna\/"}],"_links":{"self":[{"href":"https:\/\/www.skalnik.pl\/blog\/wp-json\/wp\/v2\/posts\/5189","targetHints":{"allow":["GET"]}}],"collection":[{"href":"https:\/\/www.skalnik.pl\/blog\/wp-json\/wp\/v2\/posts"}],"about":[{"href":"https:\/\/www.skalnik.pl\/blog\/wp-json\/wp\/v2\/types\/post"}],"author":[{"embeddable":true,"href":"https:\/\/www.skalnik.pl\/blog\/wp-json\/wp\/v2\/users\/8"}],"replies":[{"embeddable":true,"href":"https:\/\/www.skalnik.pl\/blog\/wp-json\/wp\/v2\/comments?post=5189"}],"version-history":[{"count":15,"href":"https:\/\/www.skalnik.pl\/blog\/wp-json\/wp\/v2\/posts\/5189\/revisions"}],"predecessor-version":[{"id":5279,"href":"https:\/\/www.skalnik.pl\/blog\/wp-json\/wp\/v2\/posts\/5189\/revisions\/5279"}],"wp:featuredmedia":[{"embeddable":true,"href":"https:\/\/www.skalnik.pl\/blog\/wp-json\/wp\/v2\/media\/5244"}],"wp:attachment":[{"href":"https:\/\/www.skalnik.pl\/blog\/wp-json\/wp\/v2\/media?parent=5189"}],"wp:term":[{"taxonomy":"category","embeddable":true,"href":"https:\/\/www.skalnik.pl\/blog\/wp-json\/wp\/v2\/categories?post=5189"},{"taxonomy":"post_tag","embeddable":true,"href":"https:\/\/www.skalnik.pl\/blog\/wp-json\/wp\/v2\/tags?post=5189"},{"taxonomy":"magento_category","embeddable":true,"href":"https:\/\/www.skalnik.pl\/blog\/wp-json\/wp\/v2\/magento_category?post=5189"},{"taxonomy":"magento_product","embeddable":true,"href":"https:\/\/www.skalnik.pl\/blog\/wp-json\/wp\/v2\/magento_product?post=5189"}],"curies":[{"name":"wp","href":"https:\/\/api.w.org\/{rel}","templated":true}]}}