{"id":527,"date":"2023-01-18T17:21:00","date_gmt":"2023-01-18T16:21:00","guid":{"rendered":"https:\/\/skalnik.pl\/blog\/?p=527"},"modified":"2023-01-19T11:36:13","modified_gmt":"2023-01-19T10:36:13","slug":"edelrid-sprzet-wspinaczkowy-niemieckiej-jakosci","status":"publish","type":"post","link":"https:\/\/www.skalnik.pl\/blog\/edelrid-sprzet-wspinaczkowy-niemieckiej-jakosci\/","title":{"rendered":"Edelrid &#8211; sprz\u0119t wspinaczkowy niemieckiej jako\u015bci"},"content":{"rendered":"<p><b>Edelrid to marka z d\u0142ug\u0105 histori\u0105, bowiem jej pocz\u0105tki si\u0119gaj\u0105 roku\u2026 1863. Wtedy to wsp\u00f3ln\u0105 manufaktur\u0119 za\u0142o\u017cyli mi\u0142o\u015bnik wspinaczki i in\u017cynier maszyn, kt\u00f3rzy wsp\u00f3lnie postanowili produkowa\u0107 liny konopne. Od pierwszych liter ich nazwisk (Julius Edelmann i Carl Ridder) powsta\u0142a nazwa Edelrid.<\/b><\/p>\n<p>Od lat Edelrid nale\u017cy do grona najbardziej zaawansowanych technologicznie przedsi\u0119biorstw zajmuj\u0105cych si\u0119 sportami g\u00f3rskimi. W 1953 roku jako pierwsza firma na \u015bwiecie zastosowa\u0142a lin\u0119 sk\u0142adaj\u0105c\u0105 si\u0119 z rdzenia i oplotu. Obecnie liny Edelrid s\u0105 uznawane za produkt najwy\u017cszej jako\u015bci, spe\u0142niaj\u0105cy najwy\u017csze standardy. Dzi\u015b, po ponad 150 latach na rynku, firma ma w swoim portfolio setki produkt\u00f3w zwi\u0105zanych z wysoko\u015bci\u0105, zar\u00f3wno przeznaczonych do aktywno\u015bci sportowych, jak i zastosowa\u0144 profesjonalnych.<\/p>\n<p>Wspinacze, alpini\u015bci, mi\u0142o\u015bnicy ferrat i kanioningu, skiturowcy, wspinacze w lodzie \u2013 to dla nich powstaje najlepszy sprz\u0119t. Podobnie jak dla ratownik\u00f3w, arboryst\u00f3w, pracownik\u00f3w wysoko\u015bciowych i u\u017cytkownik\u00f3w park\u00f3w linowych. Dostosowany do wymaga\u0144 konkretnego sportu czy zawodu lub przeciwnie \u2013 bardzo uniwersalny, kt\u00f3ry sprawdzi si\u0119 przy wielu aktywno\u015bciach. Do tych ostatnich, opr\u00f3cz lin, zaliczy\u0107 mo\u017cna takie produkty jak: uprz\u0119\u017ce, karabinki czy kaski.<\/p>\n<div id=\"attachment_21905\" style=\"width: 1034px\" class=\"wp-caption alignnone\"><img loading=\"lazy\" decoding=\"async\" aria-describedby=\"caption-attachment-21905\" class=\"wp-image-21905 size-full\" src=\"https:\/\/www.skalnik.pl\/blog\/wp-content\/uploads\/2016\/10\/ed_sp_2021_canyoning_julianreischmann_2020_0003.jpeg\" alt=\"kanioning jedna osoba zje\u017cd\u017ca na linie wzd\u0142u\u017c wodospadu\" width=\"1024\" height=\"684\" srcset=\"https:\/\/www.skalnik.pl\/blog\/wp-content\/uploads\/2016\/10\/ed_sp_2021_canyoning_julianreischmann_2020_0003.jpeg 1024w, https:\/\/www.skalnik.pl\/blog\/wp-content\/uploads\/2016\/10\/ed_sp_2021_canyoning_julianreischmann_2020_0003-300x200.jpeg 300w, https:\/\/www.skalnik.pl\/blog\/wp-content\/uploads\/2016\/10\/ed_sp_2021_canyoning_julianreischmann_2020_0003-768x513.jpeg 768w\" sizes=\"auto, (max-width: 1024px) 100vw, 1024px\" \/><p id=\"caption-attachment-21905\" class=\"wp-caption-text\"><i>Sprz\u0119t do kanioningu &#8211; specjalistyczny i niezawodny (fot. Edelrid)<\/i><\/p><\/div>\n<div id=\"ez-toc-container\" class=\"ez-toc-v2_0_85 counter-hierarchy ez-toc-counter ez-toc-light-blue ez-toc-container-direction\">\n<div class=\"ez-toc-title-container\">\n<p class=\"ez-toc-title\" style=\"cursor:inherit\">SPIS TRE\u015aCI <\/p>\n<span class=\"ez-toc-title-toggle\"><a href=\"#\" class=\"ez-toc-pull-right ez-toc-btn ez-toc-btn-xs ez-toc-btn-default ez-toc-toggle\" aria-label=\"Prze\u0142\u0105cznik Spisu Tre\u015bci\"><span class=\"ez-toc-js-icon-con\"><span class=\"\"><span class=\"eztoc-hide\" style=\"display:none;\">Toggle<\/span><span class=\"ez-toc-icon-toggle-span\"><svg style=\"fill: #999;color:#999\" xmlns=\"http:\/\/www.w3.org\/2000\/svg\" class=\"list-377408\" width=\"20px\" height=\"20px\" viewBox=\"0 0 24 24\" fill=\"none\"><path d=\"M6 6H4v2h2V6zm14 0H8v2h12V6zM4 11h2v2H4v-2zm16 0H8v2h12v-2zM4 16h2v2H4v-2zm16 0H8v2h12v-2z\" fill=\"currentColor\"><\/path><\/svg><svg style=\"fill: #999;color:#999\" class=\"arrow-unsorted-368013\" xmlns=\"http:\/\/www.w3.org\/2000\/svg\" width=\"10px\" height=\"10px\" viewBox=\"0 0 24 24\" version=\"1.2\" baseProfile=\"tiny\"><path d=\"M18.2 9.3l-6.2-6.3-6.2 6.3c-.2.2-.3.4-.3.7s.1.5.3.7c.2.2.4.3.7.3h11c.3 0 .5-.1.7-.3.2-.2.3-.5.3-.7s-.1-.5-.3-.7zM5.8 14.7l6.2 6.3 6.2-6.3c.2-.2.3-.5.3-.7s-.1-.5-.3-.7c-.2-.2-.4-.3-.7-.3h-11c-.3 0-.5.1-.7.3-.2.2-.3.5-.3.7s.1.5.3.7z\"\/><\/svg><\/span><\/span><\/span><\/a><\/span><\/div>\n<nav><ul class='ez-toc-list ez-toc-list-level-1 ' ><li class='ez-toc-page-1 ez-toc-heading-level-2'><a class=\"ez-toc-link ez-toc-heading-1\" href=\"https:\/\/www.skalnik.pl\/blog\/edelrid-sprzet-wspinaczkowy-niemieckiej-jakosci\/#Liny_Edelrid\" >Liny Edelrid<\/a><\/li><li class='ez-toc-page-1 ez-toc-heading-level-2'><a class=\"ez-toc-link ez-toc-heading-2\" href=\"https:\/\/www.skalnik.pl\/blog\/edelrid-sprzet-wspinaczkowy-niemieckiej-jakosci\/#Uprzeze_Edelrid\" >Uprz\u0119\u017ce Edelrid<\/a><\/li><li class='ez-toc-page-1 ez-toc-heading-level-2'><a class=\"ez-toc-link ez-toc-heading-3\" href=\"https:\/\/www.skalnik.pl\/blog\/edelrid-sprzet-wspinaczkowy-niemieckiej-jakosci\/#Karabinki_Edelrid\" >Karabinki Edelrid<\/a><\/li><li class='ez-toc-page-1 ez-toc-heading-level-2'><a class=\"ez-toc-link ez-toc-heading-4\" href=\"https:\/\/www.skalnik.pl\/blog\/edelrid-sprzet-wspinaczkowy-niemieckiej-jakosci\/#Kaski_Edelrid\" >Kaski Edelrid<\/a><\/li><li class='ez-toc-page-1 ez-toc-heading-level-2'><a class=\"ez-toc-link ez-toc-heading-5\" href=\"https:\/\/www.skalnik.pl\/blog\/edelrid-sprzet-wspinaczkowy-niemieckiej-jakosci\/#Dodatkowe_wyposazenie\" >Dodatkowe wyposa\u017cenie<\/a><\/li><li class='ez-toc-page-1 ez-toc-heading-level-2'><a class=\"ez-toc-link ez-toc-heading-6\" href=\"https:\/\/www.skalnik.pl\/blog\/edelrid-sprzet-wspinaczkowy-niemieckiej-jakosci\/#Eko_rozwiazania\" >Eko rozwi\u0105zania<\/a><\/li><\/ul><\/nav><\/div>\n<h2><span class=\"ez-toc-section\" id=\"Liny_Edelrid\"><\/span>Liny Edelrid<span class=\"ez-toc-section-end\"><\/span><\/h2>\n<p>Historia firmy zacz\u0119\u0142a si\u0119 od lin konopnych, kt\u00f3re z czasem wyewoluowa\u0142y do dzisiejszej postaci z\u0142o\u017conej z rdzenia i oplotu. S\u0105 przer\u00f3\u017cne: pojedyncze, po\u0142\u00f3wkowe, bli\u017aniacze, a nawet spe\u0142niaj\u0105ce potr\u00f3jne normy sportowe (czyli jedna lina, kt\u00f3ra mo\u017ce by\u0107 u\u017cytkowana w ka\u017cdym z wariant\u00f3w) lub wyg\u00f3rowane normy przemys\u0142owe, statyczne, p\u0142ywaj\u0105ce \u2013 d\u0142ugo mo\u017cna by wymienia\u0107 skoro jest lina Edelrid wizyt\u00f3wk\u0105 i najwa\u017cniejszym produktem, wci\u0105\u017c udoskonalanym o technologie, kt\u00f3re wp\u0142ywaj\u0105 na komfort u\u017cytkowania. Wszystkie modele lin (od Apus Pro, przez popularn\u0105 w\u015br\u00f3d wspinaczy Boa Edelrid po arborystyczn\u0105 X-P*E) s\u0105 produkowane w centrali firmy, kt\u00f3ra mie\u015bci si\u0119 w Isny im Allg\u00e4u na po\u0142udniu Niemiec.<\/p>\n<p><span style=\"color: #3366ff;\">Kliknij w link i zobacz <a href=\"https:\/\/www.skalnik.pl\/sprzet-wspinaczkowy\/liny\/liny-dynamiczne\/marka:edelrid\" target=\"_blank\" rel=\"noopener noreferrer\"><b>liny Edelried<\/b><\/a>.<\/span><\/p>\n<h2><span class=\"ez-toc-section\" id=\"Uprzeze_Edelrid\"><\/span>Uprz\u0119\u017ce Edelrid<span class=\"ez-toc-section-end\"><\/span><\/h2>\n<p>Uprz\u0119\u017ce Edelrid ma w wielu wariantach konstrukcyjnych (biodrowe, piersiowe, pe\u0142ne), a tak\u017ce w wersjach dostosowanych dla r\u00f3\u017cnych odbiorc\u00f3w (damskie, uniwersalne, dzieci\u0119ce). Wyst\u0119puj\u0105 one w wielu r\u00f3\u017cnych modelach, by sprosta\u0107 oczekiwaniom i przyzwyczajeniom u\u017cytkownik\u00f3w. Znale\u017a\u0107 mo\u017cna konstrukcje regulowane na wiele sposob\u00f3w lub przeciwnie \u2013 dobrze dopasowane, kt\u00f3re staj\u0105 si\u0119 wyposa\u017ceniem bardzo osobistym. W uprz\u0119\u017cach wygoda i bezpiecze\u0144stwo cenione s\u0105 r\u00f3wnie wysoko. W modelach sportowych stosowane s\u0105 r\u00f3\u017cne rozwi\u0105zania konstrukcyjne i materia\u0142y \u2013 ostateczn\u0105 decyzj\u0119 podejmuje u\u017cytkownik dopasowuj\u0105c je do swoich preferencji.<\/p>\n<div id=\"attachment_21909\" style=\"width: 1034px\" class=\"wp-caption alignnone\"><img loading=\"lazy\" decoding=\"async\" aria-describedby=\"caption-attachment-21909\" class=\"wp-image-21909 size-full\" src=\"https:\/\/www.skalnik.pl\/blog\/wp-content\/uploads\/2016\/10\/ed_sp_2023_elbsandstein_martinpoetter_2022_0130.jpeg\" alt=\"osoba asekuruj\u0105ca\" width=\"1024\" height=\"683\" srcset=\"https:\/\/www.skalnik.pl\/blog\/wp-content\/uploads\/2016\/10\/ed_sp_2023_elbsandstein_martinpoetter_2022_0130.jpeg 1024w, https:\/\/www.skalnik.pl\/blog\/wp-content\/uploads\/2016\/10\/ed_sp_2023_elbsandstein_martinpoetter_2022_0130-300x200.jpeg 300w, https:\/\/www.skalnik.pl\/blog\/wp-content\/uploads\/2016\/10\/ed_sp_2023_elbsandstein_martinpoetter_2022_0130-768x512.jpeg 768w\" sizes=\"auto, (max-width: 1024px) 100vw, 1024px\" \/><p id=\"caption-attachment-21909\" class=\"wp-caption-text\"><i>Uprz\u0119\u017ce Edelrid &#8211; komfort, dopasowanie i pe\u0142na gama kolor\u00f3w (fot. Edelrid)<br \/><\/i><\/p><\/div>\n<p>Je\u015bli chodzi o sportowe zastosowanie ciekaw\u0105 opcj\u0105 jest uprz\u0105\u017c Edelrid zintegrowana z lon\u017c\u0105 na via ferrat\u0119, w kt\u00f3rej brak oddzielnego absorbera \u2013 jest on \u201eschowany\u201d w p\u0119tlach udowych uprz\u0119\u017cy.<\/p>\n<p>W uprz\u0119\u017cach do zastosowa\u0144 profesjonalnych o zastosowanych rozwi\u0105zaniach \u015bwiadczy po pierwsze przeznaczenie uprz\u0119\u017cy, a tak\u017ce certyfikaty bezpiecze\u0144stwa poszczeg\u00f3lnych element\u00f3w. Dlatego te\u017c modele dla ratownik\u00f3w, pracownik\u00f3w wysoko\u015bciowych czy arboryst\u00f3w maj\u0105 inn\u0105 budow\u0119, bo inne s\u0105 certyfikaty, a przede wszystkim oczekiwania u\u017cytkownik\u00f3w.<\/p>\n<p><span style=\"color: #3366ff;\">A oto link, kt\u00f3ry przeniesie Ci\u0119 do kategorii &#8211;&gt; <a href=\"https:\/\/www.skalnik.pl\/sprzet-wspinaczkowy\/wspinaczka\/wspinaczka-uprzeze\/marka:edelrid\" target=\"_blank\" rel=\"noopener noreferrer\"><b>uprz\u0119\u017ce Edelrid<\/b><\/a>.<\/span><\/p>\n<h2><span class=\"ez-toc-section\" id=\"Karabinki_Edelrid\"><\/span>Karabinki Edelrid<span class=\"ez-toc-section-end\"><\/span><\/h2>\n<p>Karabinki przydatne s\u0105 nie tylko we wszystkich sportach g\u00f3rskich, ale tak\u017ce w zastosowaniach profesjonalnych. R\u00f3\u017cne kszta\u0142ty, materia\u0142y, blokady. Tak\u017ce tu Edelrid pokazuje, jak bardzo innowacyjnie podchodzi do swoich produkt\u00f3w. Dobrym przyk\u0142adem jest technologia bulletproof. To dzi\u0119ki niej karabinki Edelrid \u0142\u0105cz\u0105 w sobie lekko\u015b\u0107 aluminium i wytrzyma\u0142o\u015b\u0107 stali. Jak to dzia\u0142a? W miejscach, gdzie tarcie liny jest najwi\u0119ksze zastosowano stalow\u0105 wk\u0142adk\u0119. Zdecydowanie przed\u0142u\u017ca ona \u017cywotno\u015b\u0107 karabinka, a tak\u017ce liny, bo zapobiega tworzeniu si\u0119 ostrych kraw\u0119dzi w wytartym aluminium.<\/p>\n<div id=\"attachment_21911\" style=\"width: 950px\" class=\"wp-caption aligncenter\"><img loading=\"lazy\" decoding=\"async\" aria-describedby=\"caption-attachment-21911\" class=\"wp-image-21911 size-full\" src=\"https:\/\/www.skalnik.pl\/blog\/wp-content\/uploads\/2016\/10\/karabinek.jpg\" alt=\"wspinacz zapinaj\u0105cy karabinek do uprz\u0119\u017cy liny i kubka\" width=\"940\" height=\"940\" srcset=\"https:\/\/www.skalnik.pl\/blog\/wp-content\/uploads\/2016\/10\/karabinek.jpg 940w, https:\/\/www.skalnik.pl\/blog\/wp-content\/uploads\/2016\/10\/karabinek-300x300.jpg 300w, https:\/\/www.skalnik.pl\/blog\/wp-content\/uploads\/2016\/10\/karabinek-768x768.jpg 768w\" sizes=\"auto, (max-width: 940px) 100vw, 940px\" \/><p id=\"caption-attachment-21911\" class=\"wp-caption-text\"><i>Stalowe wn\u0119trze g\u00f3rnej cz\u0119\u015bci karabinka przed\u0142u\u017ca \u017cywotno\u015b\u0107 sprz\u0119tu (fot. Edelrid)<\/i><\/p><\/div>\n<p>W\u015br\u00f3d karabink\u00f3w \u2013 podobnie jak i kask\u00f3w \u2013 wiele modeli jest przeznaczonych do u\u017cytkowania i do aktywno\u015bci sportowych, i zastosowa\u0144 profesjonalnych.<\/p>\n<p><span style=\"color: #3366ff;\">Karabinki Edelried to <a href=\"https:\/\/www.skalnik.pl\/sprzet-wspinaczkowy\/wspinaczka\/wspinaczka-karabinki\/marka:edelrid\" target=\"_blank\" rel=\"noopener noreferrer\"><b>tutaj &#8211; kliknij<\/b><\/a>.<\/span><\/p>\n<h2><span class=\"ez-toc-section\" id=\"Kaski_Edelrid\"><\/span>Kaski Edelrid<span class=\"ez-toc-section-end\"><\/span><\/h2>\n<p>W portfolio kask\u00f3w marki Edelrid znajdziemy wiele r\u00f3\u017cnych modeli. Wszystkie spe\u0142niaj\u0105 normy bezpiecze\u0144stwa, jednak w zale\u017cno\u015bci od modelu i przeznaczenia mog\u0105 to by\u0107 r\u00f3\u017cne standardy. Trzeba mie\u0107 to na uwadze wybieraj\u0105c dla siebie kask Edelrid. Konstrukcje kask\u00f3w marki mo\u017cna podzieli\u0107 na trzy grupy:<\/p>\n<ul>\n<li aria-level=\"1\">twarda skorupa \u2013 najbardziej popularne, klasyczne kaski,<\/li>\n<li aria-level=\"1\">in mold (softshell) \u2013 super lekkie i przewiewne,<\/li>\n<li aria-level=\"1\">hybrydowe \u2013 uniwersalne, \u0142\u0105cz\u0105 trwa\u0142o\u015b\u0107 i lekko\u015b\u0107.<\/li>\n<\/ul>\n<div id=\"attachment_21908\" style=\"width: 1034px\" class=\"wp-caption alignnone\"><img loading=\"lazy\" decoding=\"async\" aria-describedby=\"caption-attachment-21908\" class=\"wp-image-21908 size-full\" src=\"https:\/\/www.skalnik.pl\/blog\/wp-content\/uploads\/2016\/10\/ed_sp_2023_elbsandstein_martinpoetter_2022_0049.jpeg\" alt=\"m\u0119\u017cczyzna klaruj\u0105cy lin\u0119\" width=\"1024\" height=\"683\" srcset=\"https:\/\/www.skalnik.pl\/blog\/wp-content\/uploads\/2016\/10\/ed_sp_2023_elbsandstein_martinpoetter_2022_0049.jpeg 1024w, https:\/\/www.skalnik.pl\/blog\/wp-content\/uploads\/2016\/10\/ed_sp_2023_elbsandstein_martinpoetter_2022_0049-300x200.jpeg 300w, https:\/\/www.skalnik.pl\/blog\/wp-content\/uploads\/2016\/10\/ed_sp_2023_elbsandstein_martinpoetter_2022_0049-768x512.jpeg 768w\" sizes=\"auto, (max-width: 1024px) 100vw, 1024px\" \/><p id=\"caption-attachment-21908\" class=\"wp-caption-text\"><i>Pod ska\u0142ami &#8211; kask na g\u0142owie (fot. Edelrid)<\/i><\/p><\/div>\n<h2><span class=\"ez-toc-section\" id=\"Dodatkowe_wyposazenie\"><\/span>Dodatkowe wyposa\u017cenie<span class=\"ez-toc-section-end\"><\/span><\/h2>\n<p>Trudno om\u00f3wi\u0107 wszystkie lub cho\u0107by wi\u0119kszo\u015b\u0107 spo\u015br\u00f3d kilkuset produkt\u00f3w marki Edelrid. Jednak s\u0105 w\u015br\u00f3d nich tak znane i cz\u0119sto wybierane akcesoria, \u017ce warto o nich wspomnie\u0107 cho\u0107by w kilku zdaniach.<\/p>\n<div id=\"attachment_21916\" style=\"width: 1034px\" class=\"wp-caption alignnone\"><img loading=\"lazy\" decoding=\"async\" aria-describedby=\"caption-attachment-21916\" class=\"wp-image-21916 size-full\" src=\"https:\/\/www.skalnik.pl\/blog\/wp-content\/uploads\/2016\/10\/ohm.jpg\" alt=\"przyrz\u0105d OHM zamocowany do ringu \" width=\"1024\" height=\"683\" srcset=\"https:\/\/www.skalnik.pl\/blog\/wp-content\/uploads\/2016\/10\/ohm.jpg 1024w, https:\/\/www.skalnik.pl\/blog\/wp-content\/uploads\/2016\/10\/ohm-300x200.jpg 300w, https:\/\/www.skalnik.pl\/blog\/wp-content\/uploads\/2016\/10\/ohm-768x512.jpg 768w\" sizes=\"auto, (max-width: 1024px) 100vw, 1024px\" \/><p id=\"caption-attachment-21916\" class=\"wp-caption-text\"><i>OHM poprawia komfort wspinaczki, gdy w duecie jedna osoba jest du\u017co ci\u0119\u017csza od drugiej (fot. Edelrid)<\/i><\/p><\/div>\n<ul>\n<li><b>Edelrid OHM<\/b> jest doceniany przez pary wspinaczkowe o du\u017cej r\u00f3\u017cnicy wagi, dzi\u0119ki dodatkowemu tarciu liny podczas odpadni\u0119cia przyrz\u0105d zmniejsza si\u0142\u0119, kt\u00f3ra \u201cpodrywa\u201d l\u017cejsz\u0105 osob\u0119 asekuruj\u0105c\u0105.<\/li>\n<li><b>Mega Jul<\/b> to niewielki, ale wszechstronny asekuracyjny przyrz\u0105d Edelrid, kt\u00f3rego budowa automatycznie blokuje lin\u0119 podczas odpadni\u0119cia. Wa\u017cy ok. 65 gram\u00f3w, pozbawiony jest cz\u0119\u015bci mechanicznych, a jednocze\u015bnie umo\u017cliwia asekuracj\u0119 z r\u00f3\u017cnych stanowisk, na wielu rodzajach lin (pojedyncze, podw\u00f3jne, bli\u017aniacze).<\/li>\n<li><b>Lon\u017ca Edelrid<\/b> wyst\u0119puje w odmianach do zastosowa\u0144 profesjonalnych i hobbystycznych. Profesjonali\u015bci &#8211; w zale\u017cno\u015bci od rodzaju wykonywanych prac &#8211; mog\u0105 wybiera\u0107 spo\u015br\u00f3d klasycznych lon\u017c z liny dynamicznej do stabilizacji swojego po\u0142o\u017cenia lub asekuracyjnych lon\u017c z absorberem. Hobbystycznym produktem jest lon\u017ca via ferrata Edelrid, zawsze o dw\u00f3ch elastycznych ramionach i wyposa\u017cona w tekstylny absorber energii.<\/li>\n<\/ul>\n<div id=\"attachment_21907\" style=\"width: 1034px\" class=\"wp-caption alignnone\"><img loading=\"lazy\" decoding=\"async\" aria-describedby=\"caption-attachment-21907\" class=\"wp-image-21907 size-full\" src=\"https:\/\/www.skalnik.pl\/blog\/wp-content\/uploads\/2016\/10\/lon\u017ca-ferrata.jpg\" alt=\"kobieta pokonuje mostek linowy na via ferracie\" width=\"1024\" height=\"576\" srcset=\"https:\/\/www.skalnik.pl\/blog\/wp-content\/uploads\/2016\/10\/lon\u017ca-ferrata.jpg 1024w, https:\/\/www.skalnik.pl\/blog\/wp-content\/uploads\/2016\/10\/lon\u017ca-ferrata-300x169.jpg 300w, https:\/\/www.skalnik.pl\/blog\/wp-content\/uploads\/2016\/10\/lon\u017ca-ferrata-768x432.jpg 768w\" sizes=\"auto, (max-width: 1024px) 100vw, 1024px\" \/><p id=\"caption-attachment-21907\" class=\"wp-caption-text\"><i>Lon\u017ca Edelrid \u015bwietnie sprawdza si\u0119 na via ferratach<\/i><\/p><\/div>\n<h2><span class=\"ez-toc-section\" id=\"Eko_rozwiazania\"><\/span>Eko rozwi\u0105zania<span class=\"ez-toc-section-end\"><\/span><\/h2>\n<p>Edelrid przyk\u0142ada wag\u0119 nie tylko do bezpiecze\u0144stwa i komfortu, ale tak\u017ce do kwestii \u015brodowiskowych i spo\u0142ecznych. Produkty nale\u017c\u0105ce do kolekcji #ClimbGreen s\u0105 potwierdzeniem wsp\u00f3\u0142czesnych technologii, kt\u00f3re pozwalaj\u0105 tworzy\u0107 sprz\u0119t bezpieczny w u\u017cytkowaniu w spos\u00f3b zr\u00f3wnowa\u017cony dla \u015brodowiska. Has\u0142a kolekcji wskazuj\u0105 na redukcj\u0119, ponowne u\u017cycie i ponowne przetworzenie (reduce, reuse, recycle).<\/p>\n<p>Wszystkie liny i\u00a0 wi\u0119kszo\u015b\u0107 uprz\u0119\u017cy s\u0105 oznaczone certyfikatem bluesign\u00ae, kt\u00f3ry potwierdza, \u017ce produkt zosta\u0142 wyprodukowany z dba\u0142o\u015bci\u0105 o \u015brodowisko naturalne.<\/p>\n<p>W\u0142asne fabryki marki, znajduj\u0105ce si\u0119 w Wietnamie, to wi\u0119ksza kontrola nad kwestiami bezpiecze\u0144stwa oraz mo\u017cliwo\u015b\u0107 zatrudnienia pracownik\u00f3w na sprawiedliwych warunkach.<\/p>\n\n\n<p><span class=\"has-inline-color has-vivid-cyan-blue-color\">Zobacz wszystke produkty marki <strong><a href=\"https:\/\/www.skalnik.pl\/edelrid\" target=\"_blank\" rel=\"noreferrer noopener\">Edelrid<\/a><\/strong>, kt\u00f3re s\u0105 dost\u0119pne w Skalnik.pl<\/span><\/p>\n","protected":false},"excerpt":{"rendered":"<p>W tym przypadku \u201cniemiecka jako\u015b\u0107\u201d to \u017caden reklamowy slogan. Marka Edelrid w\u015br\u00f3d producent\u00f3w sprz\u0119tu wspinaczkowego to absolutnie pierwsza liga. Najznakomitsz\u0105 cech\u0105 marki jest innowacyjno\u015b\u0107 jej produkt\u00f3w. Edelrid tworzy szpej nowoczesny, coraz to bardziej funkcjonalny i bezpieczny. Drugim wyr\u00f3\u017cnikiem marki Edelrid jest znakomita jako\u015b\u0107. Firma zaczyna\u0142a od produkcji lin, nie tylko tych wspinaczkowych. Dzi\u015b produkuje pe\u0142n\u0105 gam\u0119 szpeju, kt\u00f3ry doceniaj\u0105 wspinacze na ca\u0142ym \u015bwiecie. Wprowadzamy t\u0119 mark\u0119 do naszej oferty, wi\u0119c mo\u017cesz \u201cniemieck\u0105 jako\u015b\u0107\u201d Edelrida wypr\u00f3bowa\u0107 tak\u017ce ty. <\/p>\n","protected":false},"author":9,"featured_media":21904,"comment_status":"open","ping_status":"open","sticky":false,"template":"","format":"standard","meta":{"_acf_changed":false,"footnotes":""},"categories":[5],"tags":[99,90,20],"magento_category":[49],"magento_product":[],"class_list":["post-527","post","type-post","status-publish","format-standard","has-post-thumbnail","hentry","category-branza","tag-rynek-outdoor","tag-sprzet-wspinaczkowy","tag-wspinaczka"],"acf":[],"aioseo_notices":[],"aioseo_head":"\n\t\t<!-- All in One SEO 4.9.10 - aioseo.com -->\n\t<meta name=\"description\" content=\"Niemiecka marka Edelrid to po\u0142\u0105czenie tradycji i nowoczesnego podej\u015bcia do projektowania szpeju. Edelrid produkuje niezawodny sprz\u0119t wspinaczkowy, wielokrotnie nagradzany za innowacyjno\u015b\u0107. Doceniane od lat, flagowe produkty firmy to liny wspinaczkowe! \u2022 Wejd\u017a i poznaj Edelrid lepiej!\" \/>\n\t<meta name=\"robots\" content=\"max-image-preview:large\" \/>\n\t<meta name=\"author\" content=\"Beata Nawrotkiewicz\"\/>\n\t<link rel=\"canonical\" href=\"https:\/\/www.skalnik.pl\/blog\/edelrid-sprzet-wspinaczkowy-niemieckiej-jakosci\/\" \/>\n\t<meta name=\"generator\" content=\"All in One SEO (AIOSEO) 4.9.10\" \/>\n\t\t<meta property=\"og:locale\" content=\"pl_PL\" \/>\n\t\t<meta property=\"og:site_name\" content=\"blog Skalnik - Blog, porady, artyku\u0142y - blog Skalnik\" \/>\n\t\t<meta property=\"og:type\" content=\"article\" \/>\n\t\t<meta property=\"og:title\" content=\"Edelrid \u2013 sprz\u0119t wspinaczkowy niemieckiej jako\u015bci - blog Skalnik\" \/>\n\t\t<meta property=\"og:description\" content=\"Niemiecka marka Edelrid to po\u0142\u0105czenie tradycji i nowoczesnego podej\u015bcia do projektowania szpeju. Edelrid produkuje niezawodny sprz\u0119t wspinaczkowy, wielokrotnie nagradzany za innowacyjno\u015b\u0107. Doceniane od lat, flagowe produkty firmy to liny wspinaczkowe! \u2022 Wejd\u017a i poznaj Edelrid lepiej!\" \/>\n\t\t<meta property=\"og:url\" content=\"https:\/\/www.skalnik.pl\/blog\/edelrid-sprzet-wspinaczkowy-niemieckiej-jakosci\/\" \/>\n\t\t<meta property=\"og:image\" content=\"https:\/\/www.skalnik.pl\/blog\/wp-content\/uploads\/2016\/10\/ed_sp_2021_canyoning_julianreischmann_2020_0003.jpeg\" \/>\n\t\t<meta property=\"og:image:secure_url\" content=\"https:\/\/www.skalnik.pl\/blog\/wp-content\/uploads\/2016\/10\/ed_sp_2021_canyoning_julianreischmann_2020_0003.jpeg\" \/>\n\t\t<meta property=\"og:image:width\" content=\"1024\" \/>\n\t\t<meta property=\"og:image:height\" content=\"684\" \/>\n\t\t<meta property=\"article:tag\" content=\"bran\u017ca\" \/>\n\t\t<meta property=\"article:tag\" content=\"rynek outdoor\" \/>\n\t\t<meta property=\"article:tag\" content=\"sprz\u0119t wspinaczkowy\" \/>\n\t\t<meta property=\"article:tag\" content=\"wspinaczka\" \/>\n\t\t<meta property=\"article:published_time\" content=\"2023-01-18T16:21:00+00:00\" \/>\n\t\t<meta property=\"article:modified_time\" content=\"2023-01-19T10:36:13+00:00\" \/>\n\t\t<meta name=\"twitter:card\" content=\"summary_large_image\" \/>\n\t\t<meta name=\"twitter:title\" content=\"Edelrid \u2013 sprz\u0119t wspinaczkowy niemieckiej jako\u015bci - blog Skalnik\" \/>\n\t\t<meta name=\"twitter:description\" content=\"Niemiecka marka Edelrid to po\u0142\u0105czenie tradycji i nowoczesnego podej\u015bcia do projektowania szpeju. Edelrid produkuje niezawodny sprz\u0119t wspinaczkowy, wielokrotnie nagradzany za innowacyjno\u015b\u0107. Doceniane od lat, flagowe produkty firmy to liny wspinaczkowe! \u2022 Wejd\u017a i poznaj Edelrid lepiej!\" \/>\n\t\t<meta name=\"twitter:image\" content=\"https:\/\/www.skalnik.pl\/blog\/wp-content\/uploads\/2016\/10\/ed_sp_2021_canyoning_julianreischmann_2020_0003.jpeg\" \/>\n\t\t<script type=\"application\/ld+json\" class=\"aioseo-schema\">\n\t\t\t{\"@context\":\"https:\\\/\\\/schema.org\",\"@graph\":[{\"@type\":\"BlogPosting\",\"@id\":\"https:\\\/\\\/www.skalnik.pl\\\/blog\\\/edelrid-sprzet-wspinaczkowy-niemieckiej-jakosci\\\/#blogposting\",\"name\":\"Edelrid \\u2013 sprz\\u0119t wspinaczkowy niemieckiej jako\\u015bci - blog Skalnik\",\"headline\":\"Edelrid &#8211; sprz\\u0119t wspinaczkowy niemieckiej jako\\u015bci\",\"author\":{\"@id\":\"https:\\\/\\\/www.skalnik.pl\\\/blog\\\/author\\\/beata-nawrotkiewicz\\\/#author\"},\"publisher\":{\"@id\":\"https:\\\/\\\/www.skalnik.pl\\\/blog\\\/#organization\"},\"image\":{\"@type\":\"ImageObject\",\"url\":\"https:\\\/\\\/www.skalnik.pl\\\/blog\\\/wp-content\\\/uploads\\\/2016\\\/10\\\/tytulowa.jpg\",\"width\":1920,\"height\":705,\"caption\":\"sze\\u015b\\u0107 os\\u00f3b idzie na plecach maj\\u0105 wory transportowe z linami\"},\"datePublished\":\"2023-01-18T17:21:00+02:00\",\"dateModified\":\"2023-01-19T11:36:13+02:00\",\"inLanguage\":\"pl-PL\",\"mainEntityOfPage\":{\"@id\":\"https:\\\/\\\/www.skalnik.pl\\\/blog\\\/edelrid-sprzet-wspinaczkowy-niemieckiej-jakosci\\\/#webpage\"},\"isPartOf\":{\"@id\":\"https:\\\/\\\/www.skalnik.pl\\\/blog\\\/edelrid-sprzet-wspinaczkowy-niemieckiej-jakosci\\\/#webpage\"},\"articleSection\":\"Bran\\u017ca, rynek outdoor, sprz\\u0119t wspinaczkowy, wspinaczka, 1187\"},{\"@type\":\"BreadcrumbList\",\"@id\":\"https:\\\/\\\/www.skalnik.pl\\\/blog\\\/edelrid-sprzet-wspinaczkowy-niemieckiej-jakosci\\\/#breadcrumblist\",\"itemListElement\":[{\"@type\":\"ListItem\",\"@id\":\"https:\\\/\\\/www.skalnik.pl\\\/blog#listItem\",\"position\":1,\"name\":\"Home\",\"item\":\"https:\\\/\\\/www.skalnik.pl\\\/blog\",\"nextItem\":{\"@type\":\"ListItem\",\"@id\":\"https:\\\/\\\/www.skalnik.pl\\\/blog\\\/.\\\/branza\\\/#listItem\",\"name\":\"Bran\\u017ca\"}},{\"@type\":\"ListItem\",\"@id\":\"https:\\\/\\\/www.skalnik.pl\\\/blog\\\/.\\\/branza\\\/#listItem\",\"position\":2,\"name\":\"Bran\\u017ca\",\"item\":\"https:\\\/\\\/www.skalnik.pl\\\/blog\\\/.\\\/branza\\\/\",\"nextItem\":{\"@type\":\"ListItem\",\"@id\":\"https:\\\/\\\/www.skalnik.pl\\\/blog\\\/edelrid-sprzet-wspinaczkowy-niemieckiej-jakosci\\\/#listItem\",\"name\":\"Edelrid &#8211; sprz\\u0119t wspinaczkowy niemieckiej jako\\u015bci\"},\"previousItem\":{\"@type\":\"ListItem\",\"@id\":\"https:\\\/\\\/www.skalnik.pl\\\/blog#listItem\",\"name\":\"Home\"}},{\"@type\":\"ListItem\",\"@id\":\"https:\\\/\\\/www.skalnik.pl\\\/blog\\\/edelrid-sprzet-wspinaczkowy-niemieckiej-jakosci\\\/#listItem\",\"position\":3,\"name\":\"Edelrid &#8211; sprz\\u0119t wspinaczkowy niemieckiej jako\\u015bci\",\"previousItem\":{\"@type\":\"ListItem\",\"@id\":\"https:\\\/\\\/www.skalnik.pl\\\/blog\\\/.\\\/branza\\\/#listItem\",\"name\":\"Bran\\u017ca\"}}]},{\"@type\":\"Organization\",\"@id\":\"https:\\\/\\\/www.skalnik.pl\\\/blog\\\/#organization\",\"name\":\"blog Skalnik\",\"description\":\"Blog, porady, artyku\\u0142y - blog Skalnik\",\"url\":\"https:\\\/\\\/www.skalnik.pl\\\/blog\\\/\"},{\"@type\":\"Person\",\"@id\":\"https:\\\/\\\/www.skalnik.pl\\\/blog\\\/author\\\/beata-nawrotkiewicz\\\/#author\",\"url\":\"https:\\\/\\\/www.skalnik.pl\\\/blog\\\/author\\\/beata-nawrotkiewicz\\\/\",\"name\":\"Beata Nawrotkiewicz\",\"image\":{\"@type\":\"ImageObject\",\"@id\":\"https:\\\/\\\/www.skalnik.pl\\\/blog\\\/edelrid-sprzet-wspinaczkowy-niemieckiej-jakosci\\\/#authorImage\",\"url\":\"https:\\\/\\\/secure.gravatar.com\\\/avatar\\\/53cf81cfcc3a81694535515925ffcf159be725e8bd1fb455eeb9e2cadcaa5684?s=96&d=mm&r=g\",\"width\":96,\"height\":96,\"caption\":\"Beata Nawrotkiewicz\"}},{\"@type\":\"WebPage\",\"@id\":\"https:\\\/\\\/www.skalnik.pl\\\/blog\\\/edelrid-sprzet-wspinaczkowy-niemieckiej-jakosci\\\/#webpage\",\"url\":\"https:\\\/\\\/www.skalnik.pl\\\/blog\\\/edelrid-sprzet-wspinaczkowy-niemieckiej-jakosci\\\/\",\"name\":\"Edelrid \\u2013 sprz\\u0119t wspinaczkowy niemieckiej jako\\u015bci - blog Skalnik\",\"description\":\"Niemiecka marka Edelrid to po\\u0142\\u0105czenie tradycji i nowoczesnego podej\\u015bcia do projektowania szpeju. Edelrid produkuje niezawodny sprz\\u0119t wspinaczkowy, wielokrotnie nagradzany za innowacyjno\\u015b\\u0107. Doceniane od lat, flagowe produkty firmy to liny wspinaczkowe! \\u2022 Wejd\\u017a i poznaj Edelrid lepiej!\",\"inLanguage\":\"pl-PL\",\"isPartOf\":{\"@id\":\"https:\\\/\\\/www.skalnik.pl\\\/blog\\\/#website\"},\"breadcrumb\":{\"@id\":\"https:\\\/\\\/www.skalnik.pl\\\/blog\\\/edelrid-sprzet-wspinaczkowy-niemieckiej-jakosci\\\/#breadcrumblist\"},\"author\":{\"@id\":\"https:\\\/\\\/www.skalnik.pl\\\/blog\\\/author\\\/beata-nawrotkiewicz\\\/#author\"},\"creator\":{\"@id\":\"https:\\\/\\\/www.skalnik.pl\\\/blog\\\/author\\\/beata-nawrotkiewicz\\\/#author\"},\"image\":{\"@type\":\"ImageObject\",\"url\":\"https:\\\/\\\/www.skalnik.pl\\\/blog\\\/wp-content\\\/uploads\\\/2016\\\/10\\\/tytulowa.jpg\",\"@id\":\"https:\\\/\\\/www.skalnik.pl\\\/blog\\\/edelrid-sprzet-wspinaczkowy-niemieckiej-jakosci\\\/#mainImage\",\"width\":1920,\"height\":705,\"caption\":\"sze\\u015b\\u0107 os\\u00f3b idzie na plecach maj\\u0105 wory transportowe z linami\"},\"primaryImageOfPage\":{\"@id\":\"https:\\\/\\\/www.skalnik.pl\\\/blog\\\/edelrid-sprzet-wspinaczkowy-niemieckiej-jakosci\\\/#mainImage\"},\"datePublished\":\"2023-01-18T17:21:00+02:00\",\"dateModified\":\"2023-01-19T11:36:13+02:00\"},{\"@type\":\"WebSite\",\"@id\":\"https:\\\/\\\/www.skalnik.pl\\\/blog\\\/#website\",\"url\":\"https:\\\/\\\/www.skalnik.pl\\\/blog\\\/\",\"name\":\"blog Skalnik\",\"description\":\"Blog, porady, artyku\\u0142y - blog Skalnik\",\"inLanguage\":\"pl-PL\",\"publisher\":{\"@id\":\"https:\\\/\\\/www.skalnik.pl\\\/blog\\\/#organization\"}}]}\n\t\t<\/script>\n\t\t<!-- All in One SEO -->\n\n","aioseo_head_json":{"title":"Edelrid \u2013 sprz\u0119t wspinaczkowy niemieckiej jako\u015bci - blog Skalnik","description":"Niemiecka marka Edelrid to po\u0142\u0105czenie tradycji i nowoczesnego podej\u015bcia do projektowania szpeju. Edelrid produkuje niezawodny sprz\u0119t wspinaczkowy, wielokrotnie nagradzany za innowacyjno\u015b\u0107. Doceniane od lat, flagowe produkty firmy to liny wspinaczkowe! \u2022 Wejd\u017a i poznaj Edelrid lepiej!","canonical_url":"https:\/\/www.skalnik.pl\/blog\/edelrid-sprzet-wspinaczkowy-niemieckiej-jakosci\/","robots":"max-image-preview:large","keywords":"","webmasterTools":{"miscellaneous":""},"schema":{"@context":"https:\/\/schema.org","@graph":[{"@type":"BlogPosting","@id":"https:\/\/www.skalnik.pl\/blog\/edelrid-sprzet-wspinaczkowy-niemieckiej-jakosci\/#blogposting","name":"Edelrid \u2013 sprz\u0119t wspinaczkowy niemieckiej jako\u015bci - blog Skalnik","headline":"Edelrid &#8211; sprz\u0119t wspinaczkowy niemieckiej jako\u015bci","author":{"@id":"https:\/\/www.skalnik.pl\/blog\/author\/beata-nawrotkiewicz\/#author"},"publisher":{"@id":"https:\/\/www.skalnik.pl\/blog\/#organization"},"image":{"@type":"ImageObject","url":"https:\/\/www.skalnik.pl\/blog\/wp-content\/uploads\/2016\/10\/tytulowa.jpg","width":1920,"height":705,"caption":"sze\u015b\u0107 os\u00f3b idzie na plecach maj\u0105 wory transportowe z linami"},"datePublished":"2023-01-18T17:21:00+02:00","dateModified":"2023-01-19T11:36:13+02:00","inLanguage":"pl-PL","mainEntityOfPage":{"@id":"https:\/\/www.skalnik.pl\/blog\/edelrid-sprzet-wspinaczkowy-niemieckiej-jakosci\/#webpage"},"isPartOf":{"@id":"https:\/\/www.skalnik.pl\/blog\/edelrid-sprzet-wspinaczkowy-niemieckiej-jakosci\/#webpage"},"articleSection":"Bran\u017ca, rynek outdoor, sprz\u0119t wspinaczkowy, wspinaczka, 1187"},{"@type":"BreadcrumbList","@id":"https:\/\/www.skalnik.pl\/blog\/edelrid-sprzet-wspinaczkowy-niemieckiej-jakosci\/#breadcrumblist","itemListElement":[{"@type":"ListItem","@id":"https:\/\/www.skalnik.pl\/blog#listItem","position":1,"name":"Home","item":"https:\/\/www.skalnik.pl\/blog","nextItem":{"@type":"ListItem","@id":"https:\/\/www.skalnik.pl\/blog\/.\/branza\/#listItem","name":"Bran\u017ca"}},{"@type":"ListItem","@id":"https:\/\/www.skalnik.pl\/blog\/.\/branza\/#listItem","position":2,"name":"Bran\u017ca","item":"https:\/\/www.skalnik.pl\/blog\/.\/branza\/","nextItem":{"@type":"ListItem","@id":"https:\/\/www.skalnik.pl\/blog\/edelrid-sprzet-wspinaczkowy-niemieckiej-jakosci\/#listItem","name":"Edelrid &#8211; sprz\u0119t wspinaczkowy niemieckiej jako\u015bci"},"previousItem":{"@type":"ListItem","@id":"https:\/\/www.skalnik.pl\/blog#listItem","name":"Home"}},{"@type":"ListItem","@id":"https:\/\/www.skalnik.pl\/blog\/edelrid-sprzet-wspinaczkowy-niemieckiej-jakosci\/#listItem","position":3,"name":"Edelrid &#8211; sprz\u0119t wspinaczkowy niemieckiej jako\u015bci","previousItem":{"@type":"ListItem","@id":"https:\/\/www.skalnik.pl\/blog\/.\/branza\/#listItem","name":"Bran\u017ca"}}]},{"@type":"Organization","@id":"https:\/\/www.skalnik.pl\/blog\/#organization","name":"blog Skalnik","description":"Blog, porady, artyku\u0142y - blog Skalnik","url":"https:\/\/www.skalnik.pl\/blog\/"},{"@type":"Person","@id":"https:\/\/www.skalnik.pl\/blog\/author\/beata-nawrotkiewicz\/#author","url":"https:\/\/www.skalnik.pl\/blog\/author\/beata-nawrotkiewicz\/","name":"Beata Nawrotkiewicz","image":{"@type":"ImageObject","@id":"https:\/\/www.skalnik.pl\/blog\/edelrid-sprzet-wspinaczkowy-niemieckiej-jakosci\/#authorImage","url":"https:\/\/secure.gravatar.com\/avatar\/53cf81cfcc3a81694535515925ffcf159be725e8bd1fb455eeb9e2cadcaa5684?s=96&d=mm&r=g","width":96,"height":96,"caption":"Beata Nawrotkiewicz"}},{"@type":"WebPage","@id":"https:\/\/www.skalnik.pl\/blog\/edelrid-sprzet-wspinaczkowy-niemieckiej-jakosci\/#webpage","url":"https:\/\/www.skalnik.pl\/blog\/edelrid-sprzet-wspinaczkowy-niemieckiej-jakosci\/","name":"Edelrid \u2013 sprz\u0119t wspinaczkowy niemieckiej jako\u015bci - blog Skalnik","description":"Niemiecka marka Edelrid to po\u0142\u0105czenie tradycji i nowoczesnego podej\u015bcia do projektowania szpeju. Edelrid produkuje niezawodny sprz\u0119t wspinaczkowy, wielokrotnie nagradzany za innowacyjno\u015b\u0107. Doceniane od lat, flagowe produkty firmy to liny wspinaczkowe! \u2022 Wejd\u017a i poznaj Edelrid lepiej!","inLanguage":"pl-PL","isPartOf":{"@id":"https:\/\/www.skalnik.pl\/blog\/#website"},"breadcrumb":{"@id":"https:\/\/www.skalnik.pl\/blog\/edelrid-sprzet-wspinaczkowy-niemieckiej-jakosci\/#breadcrumblist"},"author":{"@id":"https:\/\/www.skalnik.pl\/blog\/author\/beata-nawrotkiewicz\/#author"},"creator":{"@id":"https:\/\/www.skalnik.pl\/blog\/author\/beata-nawrotkiewicz\/#author"},"image":{"@type":"ImageObject","url":"https:\/\/www.skalnik.pl\/blog\/wp-content\/uploads\/2016\/10\/tytulowa.jpg","@id":"https:\/\/www.skalnik.pl\/blog\/edelrid-sprzet-wspinaczkowy-niemieckiej-jakosci\/#mainImage","width":1920,"height":705,"caption":"sze\u015b\u0107 os\u00f3b idzie na plecach maj\u0105 wory transportowe z linami"},"primaryImageOfPage":{"@id":"https:\/\/www.skalnik.pl\/blog\/edelrid-sprzet-wspinaczkowy-niemieckiej-jakosci\/#mainImage"},"datePublished":"2023-01-18T17:21:00+02:00","dateModified":"2023-01-19T11:36:13+02:00"},{"@type":"WebSite","@id":"https:\/\/www.skalnik.pl\/blog\/#website","url":"https:\/\/www.skalnik.pl\/blog\/","name":"blog Skalnik","description":"Blog, porady, artyku\u0142y - blog Skalnik","inLanguage":"pl-PL","publisher":{"@id":"https:\/\/www.skalnik.pl\/blog\/#organization"}}]},"og:locale":"pl_PL","og:site_name":"blog Skalnik - Blog, porady, artyku\u0142y - blog Skalnik","og:type":"article","og:title":"Edelrid \u2013 sprz\u0119t wspinaczkowy niemieckiej jako\u015bci - blog Skalnik","og:description":"Niemiecka marka Edelrid to po\u0142\u0105czenie tradycji i nowoczesnego podej\u015bcia do projektowania szpeju. Edelrid produkuje niezawodny sprz\u0119t wspinaczkowy, wielokrotnie nagradzany za innowacyjno\u015b\u0107. Doceniane od lat, flagowe produkty firmy to liny wspinaczkowe! \u2022 Wejd\u017a i poznaj Edelrid lepiej!","og:url":"https:\/\/www.skalnik.pl\/blog\/edelrid-sprzet-wspinaczkowy-niemieckiej-jakosci\/","og:image":"https:\/\/www.skalnik.pl\/blog\/wp-content\/uploads\/2016\/10\/ed_sp_2021_canyoning_julianreischmann_2020_0003.jpeg","og:image:secure_url":"https:\/\/www.skalnik.pl\/blog\/wp-content\/uploads\/2016\/10\/ed_sp_2021_canyoning_julianreischmann_2020_0003.jpeg","og:image:width":1024,"og:image:height":684,"article:tag":["bran\u017ca","rynek outdoor","sprz\u0119t wspinaczkowy","wspinaczka"],"article:published_time":"2023-01-18T16:21:00+00:00","article:modified_time":"2023-01-19T10:36:13+00:00","twitter:card":"summary_large_image","twitter:title":"Edelrid \u2013 sprz\u0119t wspinaczkowy niemieckiej jako\u015bci - blog Skalnik","twitter:description":"Niemiecka marka Edelrid to po\u0142\u0105czenie tradycji i nowoczesnego podej\u015bcia do projektowania szpeju. Edelrid produkuje niezawodny sprz\u0119t wspinaczkowy, wielokrotnie nagradzany za innowacyjno\u015b\u0107. Doceniane od lat, flagowe produkty firmy to liny wspinaczkowe! \u2022 Wejd\u017a i poznaj Edelrid lepiej!","twitter:image":"https:\/\/www.skalnik.pl\/blog\/wp-content\/uploads\/2016\/10\/ed_sp_2021_canyoning_julianreischmann_2020_0003.jpeg"},"aioseo_meta_data":{"post_id":"527","title":null,"description":"Niemiecka marka Edelrid to po\u0142\u0105czenie tradycji i nowoczesnego podej\u015bcia do projektowania szpeju. Edelrid produkuje niezawodny sprz\u0119t wspinaczkowy, wielokrotnie nagradzany\u00a0za innowacyjno\u015b\u0107. Doceniane od lat, flagowe produkty firmy to liny wspinaczkowe! \u2022 Wejd\u017a i poznaj Edelrid lepiej!","keywords":[{"label":"edelrid","value":"edelrid"},{"label":"sprz\u0119t wspinaczkowy","value":"sprz\u0119t wspinaczkowy"},{"label":"lina wspinaczkowa","value":"lina wspinaczkowa"}],"keyphrases":null,"primary_term":null,"canonical_url":null,"og_title":null,"og_description":null,"og_object_type":"default","og_image_type":"default","og_image_url":null,"og_image_width":null,"og_image_height":null,"og_image_custom_url":null,"og_image_custom_fields":null,"og_video":null,"og_custom_url":null,"og_article_section":null,"og_article_tags":null,"twitter_use_og":false,"twitter_card":"default","twitter_image_type":"default","twitter_image_url":null,"twitter_image_custom_url":null,"twitter_image_custom_fields":null,"twitter_title":null,"twitter_description":null,"schema":{"blockGraphs":[],"customGraphs":[],"default":{"data":{"Article":[],"Course":[],"Dataset":[],"FAQPage":[],"Movie":[],"Person":[],"Product":[],"ProductReview":[],"Car":[],"Recipe":[],"Service":[],"SoftwareApplication":[],"WebPage":[]},"graphName":"BlogPosting","isEnabled":true},"graphs":[]},"schema_type":"default","schema_type_options":null,"pillar_content":false,"robots_default":true,"robots_noindex":false,"robots_noarchive":false,"robots_nosnippet":false,"robots_nofollow":false,"robots_noimageindex":false,"robots_noodp":false,"robots_notranslate":false,"robots_max_snippet":null,"robots_max_videopreview":null,"robots_max_imagepreview":"large","priority":null,"frequency":null,"local_seo":null,"breadcrumb_settings":null,"limit_modified_date":false,"ai":null,"created":"2022-08-26 09:41:56","updated":"2026-02-17 22:32:28","seo_analyzer_scan_date":null},"aioseo_breadcrumb":"<div class=\"aioseo-breadcrumbs\"><span class=\"aioseo-breadcrumb\">\n\t\t\t<a href=\"https:\/\/www.skalnik.pl\/blog\" title=\"Home\">Home<\/a>\n\t\t<\/span><span class=\"aioseo-breadcrumb-separator\">&raquo;<\/span><span class=\"aioseo-breadcrumb\">\n\t\t\t<a href=\"https:\/\/www.skalnik.pl\/blog\/.\/branza\/\" title=\"Bran\u017ca\">Bran\u017ca<\/a>\n\t\t<\/span><span class=\"aioseo-breadcrumb-separator\">&raquo;<\/span><span class=\"aioseo-breadcrumb\">\n\t\t\tEdelrid \u2013 sprz\u0119t wspinaczkowy niemieckiej jako\u015bci\n\t\t<\/span><\/div>","aioseo_breadcrumb_json":[{"label":"Home","link":"https:\/\/www.skalnik.pl\/blog"},{"label":"Bran\u017ca","link":"https:\/\/www.skalnik.pl\/blog\/.\/branza\/"},{"label":"Edelrid &#8211; sprz\u0119t wspinaczkowy niemieckiej jako\u015bci","link":"https:\/\/www.skalnik.pl\/blog\/edelrid-sprzet-wspinaczkowy-niemieckiej-jakosci\/"}],"_links":{"self":[{"href":"https:\/\/www.skalnik.pl\/blog\/wp-json\/wp\/v2\/posts\/527","targetHints":{"allow":["GET"]}}],"collection":[{"href":"https:\/\/www.skalnik.pl\/blog\/wp-json\/wp\/v2\/posts"}],"about":[{"href":"https:\/\/www.skalnik.pl\/blog\/wp-json\/wp\/v2\/types\/post"}],"author":[{"embeddable":true,"href":"https:\/\/www.skalnik.pl\/blog\/wp-json\/wp\/v2\/users\/9"}],"replies":[{"embeddable":true,"href":"https:\/\/www.skalnik.pl\/blog\/wp-json\/wp\/v2\/comments?post=527"}],"version-history":[{"count":17,"href":"https:\/\/www.skalnik.pl\/blog\/wp-json\/wp\/v2\/posts\/527\/revisions"}],"predecessor-version":[{"id":21938,"href":"https:\/\/www.skalnik.pl\/blog\/wp-json\/wp\/v2\/posts\/527\/revisions\/21938"}],"wp:featuredmedia":[{"embeddable":true,"href":"https:\/\/www.skalnik.pl\/blog\/wp-json\/wp\/v2\/media\/21904"}],"wp:attachment":[{"href":"https:\/\/www.skalnik.pl\/blog\/wp-json\/wp\/v2\/media?parent=527"}],"wp:term":[{"taxonomy":"category","embeddable":true,"href":"https:\/\/www.skalnik.pl\/blog\/wp-json\/wp\/v2\/categories?post=527"},{"taxonomy":"post_tag","embeddable":true,"href":"https:\/\/www.skalnik.pl\/blog\/wp-json\/wp\/v2\/tags?post=527"},{"taxonomy":"magento_category","embeddable":true,"href":"https:\/\/www.skalnik.pl\/blog\/wp-json\/wp\/v2\/magento_category?post=527"},{"taxonomy":"magento_product","embeddable":true,"href":"https:\/\/www.skalnik.pl\/blog\/wp-json\/wp\/v2\/magento_product?post=527"}],"curies":[{"name":"wp","href":"https:\/\/api.w.org\/{rel}","templated":true}]}}