{"id":5303,"date":"2019-01-09T14:54:37","date_gmt":"2019-01-09T13:54:37","guid":{"rendered":"https:\/\/skalnik.pl\/blog\/?p=5303"},"modified":"2019-01-22T08:17:06","modified_gmt":"2019-01-22T07:17:06","slug":"bielizna-termoaktywna-dla-dzieci","status":"publish","type":"post","link":"https:\/\/www.skalnik.pl\/blog\/bielizna-termoaktywna-dla-dzieci\/","title":{"rendered":"Bielizna termoaktywna dla dzieci"},"content":{"rendered":"<p><b>Zbli\u017ca si\u0119 okres ferii zimowych i w naszych sklepach coraz cz\u0119\u015bciej pojawiaj\u0105 si\u0119 pytania: \u201ejak ubra\u0107 dziecko na zim\u0119\u201d, \u201ejak zapewni\u0107 mu komfort podczas zimowych aktywno\u015bci\u201d? Odpowied\u017a jest tylko jedna. Dziecku b\u0119dzie komfortowo i ciep\u0142o, gdy zadba si\u0119 o jego ubi\u00f3r zaczynaj\u0105c tu\u017c przy sk\u00f3rze. W tym wzgl\u0119dzie nieodzowna jest bielizna termoaktywna dla dzieci.<\/b><\/p>\n<p>Dzieci\u0119ca bielizna termoaktywna to produkt, kt\u00f3ry \u015bwietnie sprawdzi si\u0119 podczas zimowych aktywno\u015bci, takich jak narty, sanki, czy uwielbiane przez dzieci rzucanie si\u0119 \u015bnie\u017ckami. Bielizna termoaktywna nadaje si\u0119 r\u00f3wnie\u017c na w\u0119dr\u00f3wki w g\u00f3rach, jazd\u0119 na rowerze oraz wszelkie inne aktywno\u015bci na \u015bwie\u017cym powietrzu przy ni\u017cszej temperaturze, nie tylko w zimie. Je\u017celi masz aktywne dziecko i chcesz zadba\u0107 o jego komfort termiczny, <a href=\"https:\/\/skalnik.pl\/odziez\/odziez-dziecieca\/odziez-dziecieca-bielizna-termoaktywna\" target=\"_blank\" rel=\"noopener\">bielizna termoaktywna<\/a> b\u0119dzie strza\u0142em w dziesi\u0105tk\u0119!<\/p>\n<div class=\"page_gallery\">\n\n\t\t<style type=\"text\/css\">\n\t\t\t#gallery-1 {\n\t\t\t\tmargin: auto;\n\t\t\t}\n\t\t\t#gallery-1 .gallery-item {\n\t\t\t\tfloat: left;\n\t\t\t\tmargin-top: 10px;\n\t\t\t\ttext-align: center;\n\t\t\t\twidth: 33%;\n\t\t\t}\n\t\t\t#gallery-1 img {\n\t\t\t\tborder: 2px solid #cfcfcf;\n\t\t\t}\n\t\t\t#gallery-1 .gallery-caption {\n\t\t\t\tmargin-left: 0;\n\t\t\t}\n\t\t\t\/* see gallery_shortcode() in wp-includes\/media.php *\/\n\t\t<\/style>\n\t\t<div id='gallery-1' class='gallery galleryid-5303 gallery-columns-3 gallery-size-large'><dl class='gallery-item'>\n\t\t\t<dt class='gallery-icon portrait'>\n\t\t\t\t<img loading=\"lazy\" decoding=\"async\" width=\"684\" height=\"1024\" src=\"https:\/\/www.skalnik.pl\/blog\/wp-content\/uploads\/2019\/01\/022591-RASPBERRY-03-684x1024.jpg\" class=\"attachment-large size-large\" alt=\"\" srcset=\"https:\/\/www.skalnik.pl\/blog\/wp-content\/uploads\/2019\/01\/022591-RASPBERRY-03-684x1024.jpg 684w, https:\/\/www.skalnik.pl\/blog\/wp-content\/uploads\/2019\/01\/022591-RASPBERRY-03-200x300.jpg 200w, https:\/\/www.skalnik.pl\/blog\/wp-content\/uploads\/2019\/01\/022591-RASPBERRY-03-768x1151.jpg 768w, https:\/\/www.skalnik.pl\/blog\/wp-content\/uploads\/2019\/01\/022591-RASPBERRY-03.jpg 1602w\" sizes=\"auto, (max-width: 684px) 100vw, 684px\" \/>\n\t\t\t<\/dt><\/dl><dl class='gallery-item'>\n\t\t\t<dt class='gallery-icon portrait'>\n\t\t\t\t<img loading=\"lazy\" decoding=\"async\" width=\"684\" height=\"1024\" src=\"https:\/\/www.skalnik.pl\/blog\/wp-content\/uploads\/2019\/01\/022592-BLUE-03-684x1024.jpg\" class=\"attachment-large size-large\" alt=\"\" srcset=\"https:\/\/www.skalnik.pl\/blog\/wp-content\/uploads\/2019\/01\/022592-BLUE-03-684x1024.jpg 684w, https:\/\/www.skalnik.pl\/blog\/wp-content\/uploads\/2019\/01\/022592-BLUE-03-200x300.jpg 200w, https:\/\/www.skalnik.pl\/blog\/wp-content\/uploads\/2019\/01\/022592-BLUE-03-768x1151.jpg 768w, https:\/\/www.skalnik.pl\/blog\/wp-content\/uploads\/2019\/01\/022592-BLUE-03.jpg 1602w\" sizes=\"auto, (max-width: 684px) 100vw, 684px\" \/>\n\t\t\t<\/dt><\/dl><dl class='gallery-item'>\n\t\t\t<dt class='gallery-icon portrait'>\n\t\t\t\t<img loading=\"lazy\" decoding=\"async\" width=\"768\" height=\"1024\" src=\"https:\/\/www.skalnik.pl\/blog\/wp-content\/uploads\/2019\/01\/022591-COBALT-03-768x1024.jpg\" class=\"attachment-large size-large\" alt=\"\" srcset=\"https:\/\/www.skalnik.pl\/blog\/wp-content\/uploads\/2019\/01\/022591-COBALT-03-768x1024.jpg 768w, https:\/\/www.skalnik.pl\/blog\/wp-content\/uploads\/2019\/01\/022591-COBALT-03-225x300.jpg 225w, https:\/\/www.skalnik.pl\/blog\/wp-content\/uploads\/2019\/01\/022591-COBALT-03.jpg 1800w\" sizes=\"auto, (max-width: 768px) 100vw, 768px\" \/>\n\t\t\t<\/dt><\/dl><br style=\"clear: both\" \/>\n\t\t<\/div>\n\n<\/div>\n<p>Interesuje ci\u0119 czym charakteryzuje si\u0119 bielizna termoaktywna? Wyja\u015bni\u0119 to kr\u00f3tko na przyk\u0142adzie bielizny termoaktywnej <a href=\"https:\/\/skalnik.pl\/brubeck\" target=\"_blank\" rel=\"noopener\">Brubeck<\/a>. Jej w\u0142a\u015bciwo\u015bci mo\u017cna podzieli\u0107 na trzy g\u0142\u00f3wne grupy:<\/p>\n<ul>\n<li>termoregulacja,<\/li>\n<li>higiena,<\/li>\n<li>u\u017cyteczno\u015b\u0107.<\/li>\n<\/ul>\n<div id=\"attachment_5308\" style=\"width: 1034px\" class=\"wp-caption aligncenter\"><img loading=\"lazy\" decoding=\"async\" aria-describedby=\"caption-attachment-5308\" class=\"wp-image-5308 size-large\" title=\"w\u0142a\u015bciwo\u015bci bielizny technicznej\" src=\"https:\/\/skalnik.pl\/blog\/wp-content\/uploads\/2019\/01\/wlasciwosci-odziezy-termo-1024x678.jpg\" alt=\"jak dzia\u0142a bielizna termoaktywna\" width=\"1024\" height=\"678\" srcset=\"https:\/\/www.skalnik.pl\/blog\/wp-content\/uploads\/2019\/01\/wlasciwosci-odziezy-termo-1024x678.jpg 1024w, https:\/\/www.skalnik.pl\/blog\/wp-content\/uploads\/2019\/01\/wlasciwosci-odziezy-termo-300x199.jpg 300w, https:\/\/www.skalnik.pl\/blog\/wp-content\/uploads\/2019\/01\/wlasciwosci-odziezy-termo-768x509.jpg 768w, https:\/\/www.skalnik.pl\/blog\/wp-content\/uploads\/2019\/01\/wlasciwosci-odziezy-termo.jpg 1203w\" sizes=\"auto, (max-width: 1024px) 100vw, 1024px\" \/><p id=\"caption-attachment-5308\" class=\"wp-caption-text\">W\u0142a\u015bciwo\u015bci bielizny termoaktywnej (\u017ar\u00f3d\u0142o: Brubeck)<\/p><\/div>\n<p>&nbsp;<\/p>\n<div id=\"ez-toc-container\" class=\"ez-toc-v2_0_85 counter-hierarchy ez-toc-counter ez-toc-light-blue ez-toc-container-direction\">\n<div class=\"ez-toc-title-container\">\n<p class=\"ez-toc-title\" style=\"cursor:inherit\">SPIS TRE\u015aCI <\/p>\n<span class=\"ez-toc-title-toggle\"><a href=\"#\" class=\"ez-toc-pull-right ez-toc-btn ez-toc-btn-xs ez-toc-btn-default ez-toc-toggle\" aria-label=\"Prze\u0142\u0105cznik Spisu Tre\u015bci\"><span class=\"ez-toc-js-icon-con\"><span class=\"\"><span class=\"eztoc-hide\" style=\"display:none;\">Toggle<\/span><span class=\"ez-toc-icon-toggle-span\"><svg style=\"fill: #999;color:#999\" xmlns=\"http:\/\/www.w3.org\/2000\/svg\" class=\"list-377408\" width=\"20px\" height=\"20px\" viewBox=\"0 0 24 24\" fill=\"none\"><path d=\"M6 6H4v2h2V6zm14 0H8v2h12V6zM4 11h2v2H4v-2zm16 0H8v2h12v-2zM4 16h2v2H4v-2zm16 0H8v2h12v-2z\" fill=\"currentColor\"><\/path><\/svg><svg style=\"fill: #999;color:#999\" class=\"arrow-unsorted-368013\" xmlns=\"http:\/\/www.w3.org\/2000\/svg\" width=\"10px\" height=\"10px\" viewBox=\"0 0 24 24\" version=\"1.2\" baseProfile=\"tiny\"><path d=\"M18.2 9.3l-6.2-6.3-6.2 6.3c-.2.2-.3.4-.3.7s.1.5.3.7c.2.2.4.3.7.3h11c.3 0 .5-.1.7-.3.2-.2.3-.5.3-.7s-.1-.5-.3-.7zM5.8 14.7l6.2 6.3 6.2-6.3c.2-.2.3-.5.3-.7s-.1-.5-.3-.7c-.2-.2-.4-.3-.7-.3h-11c-.3 0-.5.1-.7.3-.2.2-.3.5-.3.7s.1.5.3.7z\"\/><\/svg><\/span><\/span><\/span><\/a><\/span><\/div>\n<nav><ul class='ez-toc-list ez-toc-list-level-1 ' ><li class='ez-toc-page-1 ez-toc-heading-level-2'><a class=\"ez-toc-link ez-toc-heading-1\" href=\"https:\/\/www.skalnik.pl\/blog\/bielizna-termoaktywna-dla-dzieci\/#Termoregulacja\" >Termoregulacja<\/a><\/li><li class='ez-toc-page-1 ez-toc-heading-level-2'><a class=\"ez-toc-link ez-toc-heading-2\" href=\"https:\/\/www.skalnik.pl\/blog\/bielizna-termoaktywna-dla-dzieci\/#Higiena\" >Higiena<\/a><\/li><li class='ez-toc-page-1 ez-toc-heading-level-2'><a class=\"ez-toc-link ez-toc-heading-3\" href=\"https:\/\/www.skalnik.pl\/blog\/bielizna-termoaktywna-dla-dzieci\/#Komfort_i_wygoda_uzytkowania\" >Komfort i wygoda u\u017cytkowania<\/a><\/li><li class='ez-toc-page-1 ez-toc-heading-level-2'><a class=\"ez-toc-link ez-toc-heading-4\" href=\"https:\/\/www.skalnik.pl\/blog\/bielizna-termoaktywna-dla-dzieci\/#Jak_dobrac_bielizne_termoaktywna_dziecku\" >Jak dobra\u0107 bielizn\u0119 termoaktywn\u0105 dziecku<\/a><\/li><\/ul><\/nav><\/div>\n<h2><span class=\"ez-toc-section\" id=\"Termoregulacja\"><\/span>Termoregulacja<span class=\"ez-toc-section-end\"><\/span><\/h2>\n<p>Najwa\u017cniejsz\u0105 z cech bielizny termicznej jest termoregulacja. Tego typu odzie\u017c przede wszystkim zapewnia efektywn\u0105 ochron\u0119 przed zimnem. Jednocze\u015bnie bielizna termoaktywna, dzi\u0119ki specjalnym materia\u0142om, jest oddychaj\u0105ca. Materia\u0142 odprowadza nadmiar ciep\u0142a oraz wilgoci podczas wysi\u0142ku, co zapewnia dziecku optymalny komfort termiczny i niweluje uczucie mokrego kompresu na ciele. Bielizna termoaktywna pozwala wi\u0119c chroni\u0107 organizm zar\u00f3wno przed przegrzaniem, jak i przed wych\u0142odzeniem. Dodatkowo, wi\u0119kszo\u015b\u0107 modeli zawiera specjalne strefy o zwi\u0119kszonej wentylacji. Znajduj\u0105 si\u0119 one w miejscach o wzmo\u017conej potliwo\u015bci i s\u0105 stosowane dla zapewnienia jeszcze wi\u0119kszego komfortu.<\/p>\n<div id=\"attachment_5309\" style=\"width: 1510px\" class=\"wp-caption aligncenter\"><img loading=\"lazy\" decoding=\"async\" aria-describedby=\"caption-attachment-5309\" class=\"wp-image-5309 size-full\" title=\"bielizna termoaktywna - dzia\u0142anie\" src=\"https:\/\/skalnik.pl\/blog\/wp-content\/uploads\/2019\/01\/dzia\u0142anie-odziezy-termo.jpg\" alt=\"dzia\u0142anie bielizny termo\" width=\"1500\" height=\"832\" srcset=\"https:\/\/www.skalnik.pl\/blog\/wp-content\/uploads\/2019\/01\/dzia\u0142anie-odziezy-termo.jpg 1500w, https:\/\/www.skalnik.pl\/blog\/wp-content\/uploads\/2019\/01\/dzia\u0142anie-odziezy-termo-300x166.jpg 300w, https:\/\/www.skalnik.pl\/blog\/wp-content\/uploads\/2019\/01\/dzia\u0142anie-odziezy-termo-768x426.jpg 768w, https:\/\/www.skalnik.pl\/blog\/wp-content\/uploads\/2019\/01\/dzia\u0142anie-odziezy-termo-1024x568.jpg 1024w\" sizes=\"auto, (max-width: 1500px) 100vw, 1500px\" \/><p id=\"caption-attachment-5309\" class=\"wp-caption-text\">Zobacz jak dzia\u0142a bielizna termoaktywna (\u017cr\u00f3d\u0142o: Brubeck)<\/p><\/div>\n<p>&nbsp;<\/p>\n<h2><span class=\"ez-toc-section\" id=\"Higiena\"><\/span>Higiena<span class=\"ez-toc-section-end\"><\/span><\/h2>\n<p>Kolejn\u0105 istotn\u0105 spraw\u0105 s\u0105 w\u0142a\u015bciwo\u015bci higieniczne bielizny termoaktywnej. Jej antybakteryjno\u015b\u0107 oraz antyalergiczno\u015b\u0107 ma wp\u0142yw na zdrowie i bezpiecze\u0144stwo najm\u0142odszych u\u017cytkownik\u00f3w tych produkt\u00f3w. Materia\u0142 u\u017cywany do jej wykonania ogranicza powstawanie nieprzyjemnych zapach\u00f3w, a tak\u017ce nie uczula, co w przypadku delikatnej sk\u00f3ry dzieci jest bardzo wa\u017cne.<\/p>\n<p>&nbsp;<\/p>\n<h2><span class=\"ez-toc-section\" id=\"Komfort_i_wygoda_uzytkowania\"><\/span>Komfort i wygoda u\u017cytkowania<span class=\"ez-toc-section-end\"><\/span><\/h2>\n<p>Ostatni\u0105 \u2013 r\u00f3wnie wa\u017cn\u0105 grup\u0105 w\u0142a\u015bciwo\u015bci \u2013 jest u\u017cyteczno\u015b\u0107 bielizny termoaktywnej. Tego typu bielizna jest wyj\u0105tkowo komfortowa i wygodna. Dopasowuje si\u0119 do cia\u0142a dzi\u0119ki niezwykle elastycznym w\u0142\u00f3knom, co pozwala dzieciom w pe\u0142ni odda\u0107 si\u0119 ulubionej aktywno\u015bci. Bielizna termo nie podwija si\u0119 i nie roluje, a elastyczne w\u0142\u00f3kna zapewniaj\u0105 pe\u0142n\u0105 swobod\u0119 ruch\u00f3w. Niew\u0105tpliw\u0105 zalet\u0105 bielizny termoaktywnej dla dzieci s\u0105 r\u00f3wnie\u017c p\u0142askie szwy lub ich zupe\u0142ny brak. Koszulki i leginsy termoaktywne mo\u017cna wykonywa\u0107 nawet w technologii bezszwowej, w kt\u00f3rej materia\u0142 nie ma zgrubie\u0144, bo brak jest po\u0142\u0105cze\u0144 mi\u0119dzy jego cz\u0119\u015bciami. Eliminuje to obtarcia czy \u201egryzienie\u201d. Moim zdaniem bielizna termoaktywna dla dzieci marki Brubeck (<a href=\"https:\/\/skalnik.pl\/odziez\/odziez-dziecieca\/odziez-dziecieca-bielizna-termoaktywna\/brubeck\" target=\"_blank\" rel=\"noopener\">poznaj j\u0105<\/a>) to zbawienie dla rodzic\u00f3w i opiekun\u00f3w, bo chyba ka\u017cdy z nich spotka\u0142 si\u0119 kiedy\u015b z irytacj\u0105 dziecka dotycz\u0105c\u0105 ubioru.<\/p>\n<div id=\"attachment_5310\" style=\"width: 1034px\" class=\"wp-caption alignnone\"><img loading=\"lazy\" decoding=\"async\" aria-describedby=\"caption-attachment-5310\" class=\"wp-image-5310 size-large\" title=\"bielizna brubeck dla dzieci\" src=\"https:\/\/skalnik.pl\/blog\/wp-content\/uploads\/2019\/01\/022592-GREEN-03-1024x684.jpg\" alt=\"komplet bielizny termoaktywnej brubeck\" width=\"1024\" height=\"684\" srcset=\"https:\/\/www.skalnik.pl\/blog\/wp-content\/uploads\/2019\/01\/022592-GREEN-03-1024x684.jpg 1024w, https:\/\/www.skalnik.pl\/blog\/wp-content\/uploads\/2019\/01\/022592-GREEN-03-300x200.jpg 300w, https:\/\/www.skalnik.pl\/blog\/wp-content\/uploads\/2019\/01\/022592-GREEN-03-768x513.jpg 768w\" sizes=\"auto, (max-width: 1024px) 100vw, 1024px\" \/><p id=\"caption-attachment-5310\" class=\"wp-caption-text\">Komplety bielizny termoaktywnej Brubeck sk\u0142adaj\u0105 si\u0119 z koszulki i legins\u00f3w<\/p><\/div>\n<p>&nbsp;<\/p>\n<h2><span class=\"ez-toc-section\" id=\"Jak_dobrac_bielizne_termoaktywna_dziecku\"><\/span>Jak dobra\u0107 bielizn\u0119 termoaktywn\u0105 dziecku<span class=\"ez-toc-section-end\"><\/span><\/h2>\n<p>W naszej ofercie bielizny termoaktywnej dla dzieci mamy koszulki, spodnie oraz komplety. Pami\u0119taj, aby przy wyborze nie kierowa\u0107 si\u0119 przekonaniem, \u017ce lekko za du\u017ce ubranie pos\u0142u\u017cy d\u0142u\u017cej. Bielizna termoaktywna powinna by\u0107 jak najlepiej dopasowana. Za du\u017ca nie b\u0119dzie w pe\u0142ni spe\u0142nia\u0107 swoich zada\u0144 oraz zmniejszy odczuwalny komfort termiczny. B\u0119dzie si\u0119 te\u017c marszczy\u0107 i zawija\u0107, przez co przysporzy ma\u0142ym sportowcom zmartwie\u0144 i nerw\u00f3w. Wybierz rozmiar, kt\u00f3ry najlepiej b\u0119dzie przylega\u0142 do cia\u0142a dziecka i jednocze\u015bnie nie b\u0119dzie kr\u0119powa\u0142 jego ruch\u00f3w. Bielizna termoaktywna dla dzieci marki Brubeck dost\u0119pna jest w rozmiarach od 92 do 158.<\/p>\n<div id=\"attachment_5311\" style=\"width: 1034px\" class=\"wp-caption aligncenter\"><img loading=\"lazy\" decoding=\"async\" aria-describedby=\"caption-attachment-5311\" class=\"wp-image-5311 size-large\" src=\"https:\/\/skalnik.pl\/blog\/wp-content\/uploads\/2019\/01\/img_36496-1024x647.png\" alt=\"\" width=\"1024\" height=\"647\" srcset=\"https:\/\/www.skalnik.pl\/blog\/wp-content\/uploads\/2019\/01\/img_36496-1024x647.png 1024w, https:\/\/www.skalnik.pl\/blog\/wp-content\/uploads\/2019\/01\/img_36496-300x190.png 300w, https:\/\/www.skalnik.pl\/blog\/wp-content\/uploads\/2019\/01\/img_36496-768x485.png 768w, https:\/\/www.skalnik.pl\/blog\/wp-content\/uploads\/2019\/01\/img_36496.png 1601w\" sizes=\"auto, (max-width: 1024px) 100vw, 1024px\" \/><p id=\"caption-attachment-5311\" class=\"wp-caption-text\">Bielizna termo z dodatkiem we\u0142ny merino<\/p><\/div>\n<div class=\"grey_block\">Dzieci praktycznie bez przerwy s\u0105 w ruchu, dlatego tak wa\u017cne jest zapewnienie im odpowiedniego ubioru. Bielizna termoaktywna dla dzieci Brubeck to wysokiej jako\u015bci odzie\u017c, kt\u00f3ra sprosta wyzwaniom, jakie stawia przed ni\u0105 aktywny dzieci\u0119cy \u015bwiat.<\/div>\n","protected":false},"excerpt":{"rendered":"<p>Aktywne dzieciaki potrzebuj\u0105 bielizny termicznej. Dobrze dobrane warstwy odzie\u017cy zapewniaj\u0105 dzieciom komfort i termiczne bezpiecze\u0144stwo. Dowiedz si\u0119 jak dzia\u0142a bielizna temiczna dla dzieci i czy warto kupi\u0107 wi\u0119kszy jej rozmiar. <\/p>\n","protected":false},"author":27,"featured_media":5316,"comment_status":"open","ping_status":"open","sticky":false,"template":"","format":"standard","meta":{"_acf_changed":false,"footnotes":""},"categories":[3],"tags":[101,143,173,15],"magento_category":[207],"magento_product":[],"class_list":["post-5303","post","type-post","status-publish","format-standard","has-post-thumbnail","hentry","category-porady","tag-bielizna-termiczna","tag-brubeck","tag-dziecko-w-gorach","tag-odziez"],"acf":[],"aioseo_notices":[],"aioseo_head":"\n\t\t<!-- All in One SEO 4.9.10 - aioseo.com -->\n\t<meta name=\"description\" content=\"Aktywne dzieciaki potrzebuj\u0105 bielizny termicznej. Dobrze dobrane warstwy odzie\u017cy zapewniaj\u0105 dzieciom komfort i termiczne bezpiecze\u0144stwo. Dowiedz si\u0119 jak dzia\u0142a bielizna temiczna dla dzieci i czy warto kupi\u0107 wi\u0119kszy jej rozmiar.\" \/>\n\t<meta name=\"robots\" content=\"max-image-preview:large\" \/>\n\t<meta name=\"author\" content=\"Ola i Mariusz Robak\"\/>\n\t<link rel=\"canonical\" href=\"https:\/\/www.skalnik.pl\/blog\/bielizna-termoaktywna-dla-dzieci\/\" \/>\n\t<meta name=\"generator\" content=\"All in One SEO (AIOSEO) 4.9.10\" \/>\n\t\t<meta property=\"og:locale\" content=\"pl_PL\" \/>\n\t\t<meta property=\"og:site_name\" content=\"blog Skalnik - Blog, porady, artyku\u0142y - blog Skalnik\" \/>\n\t\t<meta property=\"og:type\" content=\"article\" \/>\n\t\t<meta property=\"og:title\" content=\"Bielizna termoaktywna dla dzieci - blog Skalnik\" \/>\n\t\t<meta property=\"og:description\" content=\"Aktywne dzieciaki potrzebuj\u0105 bielizny termicznej. Dobrze dobrane warstwy odzie\u017cy zapewniaj\u0105 dzieciom komfort i termiczne bezpiecze\u0144stwo. Dowiedz si\u0119 jak dzia\u0142a bielizna temiczna dla dzieci i czy warto kupi\u0107 wi\u0119kszy jej rozmiar.\" \/>\n\t\t<meta property=\"og:url\" content=\"https:\/\/www.skalnik.pl\/blog\/bielizna-termoaktywna-dla-dzieci\/\" \/>\n\t\t<meta property=\"og:image\" content=\"https:\/\/skalnik.pl\/blog\/wp-content\/uploads\/2019\/01\/wlasciwosci-odziezy-termo-1024x678.jpg\" \/>\n\t\t<meta property=\"og:image:secure_url\" content=\"https:\/\/skalnik.pl\/blog\/wp-content\/uploads\/2019\/01\/wlasciwosci-odziezy-termo-1024x678.jpg\" \/>\n\t\t<meta property=\"article:tag\" content=\"porady\" \/>\n\t\t<meta property=\"article:tag\" content=\"bielizna termiczna\" \/>\n\t\t<meta property=\"article:tag\" content=\"brubeck\" \/>\n\t\t<meta property=\"article:tag\" content=\"dziecko w g\u00f3rach\" \/>\n\t\t<meta property=\"article:tag\" content=\"odzie\u017c\" \/>\n\t\t<meta property=\"article:published_time\" content=\"2019-01-09T13:54:37+00:00\" \/>\n\t\t<meta property=\"article:modified_time\" content=\"2019-01-22T07:17:06+00:00\" \/>\n\t\t<meta name=\"twitter:card\" content=\"summary_large_image\" \/>\n\t\t<meta name=\"twitter:title\" content=\"Bielizna termoaktywna dla dzieci - blog Skalnik\" \/>\n\t\t<meta name=\"twitter:description\" content=\"Aktywne dzieciaki potrzebuj\u0105 bielizny termicznej. Dobrze dobrane warstwy odzie\u017cy zapewniaj\u0105 dzieciom komfort i termiczne bezpiecze\u0144stwo. Dowiedz si\u0119 jak dzia\u0142a bielizna temiczna dla dzieci i czy warto kupi\u0107 wi\u0119kszy jej rozmiar.\" \/>\n\t\t<meta name=\"twitter:image\" content=\"https:\/\/skalnik.pl\/blog\/wp-content\/uploads\/2019\/01\/wlasciwosci-odziezy-termo-1024x678.jpg\" \/>\n\t\t<script type=\"application\/ld+json\" class=\"aioseo-schema\">\n\t\t\t{\"@context\":\"https:\\\/\\\/schema.org\",\"@graph\":[{\"@type\":\"BlogPosting\",\"@id\":\"https:\\\/\\\/www.skalnik.pl\\\/blog\\\/bielizna-termoaktywna-dla-dzieci\\\/#blogposting\",\"name\":\"Bielizna termoaktywna dla dzieci - blog Skalnik\",\"headline\":\"Bielizna termoaktywna dla dzieci\",\"author\":{\"@id\":\"https:\\\/\\\/www.skalnik.pl\\\/blog\\\/author\\\/olamariusz-robak\\\/#author\"},\"publisher\":{\"@id\":\"https:\\\/\\\/www.skalnik.pl\\\/blog\\\/#organization\"},\"image\":{\"@type\":\"ImageObject\",\"url\":\"https:\\\/\\\/www.skalnik.pl\\\/blog\\\/wp-content\\\/uploads\\\/2019\\\/01\\\/ok\\u0142adka-bielizna-thermo..jpg\",\"width\":1920,\"height\":705},\"datePublished\":\"2019-01-09T14:54:37+02:00\",\"dateModified\":\"2019-01-22T08:17:06+02:00\",\"inLanguage\":\"pl-PL\",\"mainEntityOfPage\":{\"@id\":\"https:\\\/\\\/www.skalnik.pl\\\/blog\\\/bielizna-termoaktywna-dla-dzieci\\\/#webpage\"},\"isPartOf\":{\"@id\":\"https:\\\/\\\/www.skalnik.pl\\\/blog\\\/bielizna-termoaktywna-dla-dzieci\\\/#webpage\"},\"articleSection\":\"Porady, bielizna termiczna, brubeck, dziecko w g\\u00f3rach, odzie\\u017c, 1115\"},{\"@type\":\"BreadcrumbList\",\"@id\":\"https:\\\/\\\/www.skalnik.pl\\\/blog\\\/bielizna-termoaktywna-dla-dzieci\\\/#breadcrumblist\",\"itemListElement\":[{\"@type\":\"ListItem\",\"@id\":\"https:\\\/\\\/www.skalnik.pl\\\/blog#listItem\",\"position\":1,\"name\":\"Home\",\"item\":\"https:\\\/\\\/www.skalnik.pl\\\/blog\",\"nextItem\":{\"@type\":\"ListItem\",\"@id\":\"https:\\\/\\\/www.skalnik.pl\\\/blog\\\/.\\\/porady\\\/#listItem\",\"name\":\"Porady\"}},{\"@type\":\"ListItem\",\"@id\":\"https:\\\/\\\/www.skalnik.pl\\\/blog\\\/.\\\/porady\\\/#listItem\",\"position\":2,\"name\":\"Porady\",\"item\":\"https:\\\/\\\/www.skalnik.pl\\\/blog\\\/.\\\/porady\\\/\",\"nextItem\":{\"@type\":\"ListItem\",\"@id\":\"https:\\\/\\\/www.skalnik.pl\\\/blog\\\/bielizna-termoaktywna-dla-dzieci\\\/#listItem\",\"name\":\"Bielizna termoaktywna dla dzieci\"},\"previousItem\":{\"@type\":\"ListItem\",\"@id\":\"https:\\\/\\\/www.skalnik.pl\\\/blog#listItem\",\"name\":\"Home\"}},{\"@type\":\"ListItem\",\"@id\":\"https:\\\/\\\/www.skalnik.pl\\\/blog\\\/bielizna-termoaktywna-dla-dzieci\\\/#listItem\",\"position\":3,\"name\":\"Bielizna termoaktywna dla dzieci\",\"previousItem\":{\"@type\":\"ListItem\",\"@id\":\"https:\\\/\\\/www.skalnik.pl\\\/blog\\\/.\\\/porady\\\/#listItem\",\"name\":\"Porady\"}}]},{\"@type\":\"Organization\",\"@id\":\"https:\\\/\\\/www.skalnik.pl\\\/blog\\\/#organization\",\"name\":\"blog Skalnik\",\"description\":\"Blog, porady, artyku\\u0142y - blog Skalnik\",\"url\":\"https:\\\/\\\/www.skalnik.pl\\\/blog\\\/\"},{\"@type\":\"Person\",\"@id\":\"https:\\\/\\\/www.skalnik.pl\\\/blog\\\/author\\\/olamariusz-robak\\\/#author\",\"url\":\"https:\\\/\\\/www.skalnik.pl\\\/blog\\\/author\\\/olamariusz-robak\\\/\",\"name\":\"Ola i Mariusz Robak\",\"image\":{\"@type\":\"ImageObject\",\"@id\":\"https:\\\/\\\/www.skalnik.pl\\\/blog\\\/bielizna-termoaktywna-dla-dzieci\\\/#authorImage\",\"url\":\"https:\\\/\\\/secure.gravatar.com\\\/avatar\\\/1bdfdd8d52a8a864114b9539958110649b274bdf789f5503a949f40004d3c50f?s=96&d=mm&r=g\",\"width\":96,\"height\":96,\"caption\":\"Ola i Mariusz Robak\"}},{\"@type\":\"WebPage\",\"@id\":\"https:\\\/\\\/www.skalnik.pl\\\/blog\\\/bielizna-termoaktywna-dla-dzieci\\\/#webpage\",\"url\":\"https:\\\/\\\/www.skalnik.pl\\\/blog\\\/bielizna-termoaktywna-dla-dzieci\\\/\",\"name\":\"Bielizna termoaktywna dla dzieci - blog Skalnik\",\"description\":\"Aktywne dzieciaki potrzebuj\\u0105 bielizny termicznej. Dobrze dobrane warstwy odzie\\u017cy zapewniaj\\u0105 dzieciom komfort i termiczne bezpiecze\\u0144stwo. Dowiedz si\\u0119 jak dzia\\u0142a bielizna temiczna dla dzieci i czy warto kupi\\u0107 wi\\u0119kszy jej rozmiar.\",\"inLanguage\":\"pl-PL\",\"isPartOf\":{\"@id\":\"https:\\\/\\\/www.skalnik.pl\\\/blog\\\/#website\"},\"breadcrumb\":{\"@id\":\"https:\\\/\\\/www.skalnik.pl\\\/blog\\\/bielizna-termoaktywna-dla-dzieci\\\/#breadcrumblist\"},\"author\":{\"@id\":\"https:\\\/\\\/www.skalnik.pl\\\/blog\\\/author\\\/olamariusz-robak\\\/#author\"},\"creator\":{\"@id\":\"https:\\\/\\\/www.skalnik.pl\\\/blog\\\/author\\\/olamariusz-robak\\\/#author\"},\"image\":{\"@type\":\"ImageObject\",\"url\":\"https:\\\/\\\/www.skalnik.pl\\\/blog\\\/wp-content\\\/uploads\\\/2019\\\/01\\\/ok\\u0142adka-bielizna-thermo..jpg\",\"@id\":\"https:\\\/\\\/www.skalnik.pl\\\/blog\\\/bielizna-termoaktywna-dla-dzieci\\\/#mainImage\",\"width\":1920,\"height\":705},\"primaryImageOfPage\":{\"@id\":\"https:\\\/\\\/www.skalnik.pl\\\/blog\\\/bielizna-termoaktywna-dla-dzieci\\\/#mainImage\"},\"datePublished\":\"2019-01-09T14:54:37+02:00\",\"dateModified\":\"2019-01-22T08:17:06+02:00\"},{\"@type\":\"WebSite\",\"@id\":\"https:\\\/\\\/www.skalnik.pl\\\/blog\\\/#website\",\"url\":\"https:\\\/\\\/www.skalnik.pl\\\/blog\\\/\",\"name\":\"blog Skalnik\",\"description\":\"Blog, porady, artyku\\u0142y - blog Skalnik\",\"inLanguage\":\"pl-PL\",\"publisher\":{\"@id\":\"https:\\\/\\\/www.skalnik.pl\\\/blog\\\/#organization\"}}]}\n\t\t<\/script>\n\t\t<!-- All in One SEO -->\n\n","aioseo_head_json":{"title":"Bielizna termoaktywna dla dzieci - blog Skalnik","description":"Aktywne dzieciaki potrzebuj\u0105 bielizny termicznej. Dobrze dobrane warstwy odzie\u017cy zapewniaj\u0105 dzieciom komfort i termiczne bezpiecze\u0144stwo. Dowiedz si\u0119 jak dzia\u0142a bielizna temiczna dla dzieci i czy warto kupi\u0107 wi\u0119kszy jej rozmiar.","canonical_url":"https:\/\/www.skalnik.pl\/blog\/bielizna-termoaktywna-dla-dzieci\/","robots":"max-image-preview:large","keywords":"","webmasterTools":{"miscellaneous":""},"schema":{"@context":"https:\/\/schema.org","@graph":[{"@type":"BlogPosting","@id":"https:\/\/www.skalnik.pl\/blog\/bielizna-termoaktywna-dla-dzieci\/#blogposting","name":"Bielizna termoaktywna dla dzieci - blog Skalnik","headline":"Bielizna termoaktywna dla dzieci","author":{"@id":"https:\/\/www.skalnik.pl\/blog\/author\/olamariusz-robak\/#author"},"publisher":{"@id":"https:\/\/www.skalnik.pl\/blog\/#organization"},"image":{"@type":"ImageObject","url":"https:\/\/www.skalnik.pl\/blog\/wp-content\/uploads\/2019\/01\/ok\u0142adka-bielizna-thermo..jpg","width":1920,"height":705},"datePublished":"2019-01-09T14:54:37+02:00","dateModified":"2019-01-22T08:17:06+02:00","inLanguage":"pl-PL","mainEntityOfPage":{"@id":"https:\/\/www.skalnik.pl\/blog\/bielizna-termoaktywna-dla-dzieci\/#webpage"},"isPartOf":{"@id":"https:\/\/www.skalnik.pl\/blog\/bielizna-termoaktywna-dla-dzieci\/#webpage"},"articleSection":"Porady, bielizna termiczna, brubeck, dziecko w g\u00f3rach, odzie\u017c, 1115"},{"@type":"BreadcrumbList","@id":"https:\/\/www.skalnik.pl\/blog\/bielizna-termoaktywna-dla-dzieci\/#breadcrumblist","itemListElement":[{"@type":"ListItem","@id":"https:\/\/www.skalnik.pl\/blog#listItem","position":1,"name":"Home","item":"https:\/\/www.skalnik.pl\/blog","nextItem":{"@type":"ListItem","@id":"https:\/\/www.skalnik.pl\/blog\/.\/porady\/#listItem","name":"Porady"}},{"@type":"ListItem","@id":"https:\/\/www.skalnik.pl\/blog\/.\/porady\/#listItem","position":2,"name":"Porady","item":"https:\/\/www.skalnik.pl\/blog\/.\/porady\/","nextItem":{"@type":"ListItem","@id":"https:\/\/www.skalnik.pl\/blog\/bielizna-termoaktywna-dla-dzieci\/#listItem","name":"Bielizna termoaktywna dla dzieci"},"previousItem":{"@type":"ListItem","@id":"https:\/\/www.skalnik.pl\/blog#listItem","name":"Home"}},{"@type":"ListItem","@id":"https:\/\/www.skalnik.pl\/blog\/bielizna-termoaktywna-dla-dzieci\/#listItem","position":3,"name":"Bielizna termoaktywna dla dzieci","previousItem":{"@type":"ListItem","@id":"https:\/\/www.skalnik.pl\/blog\/.\/porady\/#listItem","name":"Porady"}}]},{"@type":"Organization","@id":"https:\/\/www.skalnik.pl\/blog\/#organization","name":"blog Skalnik","description":"Blog, porady, artyku\u0142y - blog Skalnik","url":"https:\/\/www.skalnik.pl\/blog\/"},{"@type":"Person","@id":"https:\/\/www.skalnik.pl\/blog\/author\/olamariusz-robak\/#author","url":"https:\/\/www.skalnik.pl\/blog\/author\/olamariusz-robak\/","name":"Ola i Mariusz Robak","image":{"@type":"ImageObject","@id":"https:\/\/www.skalnik.pl\/blog\/bielizna-termoaktywna-dla-dzieci\/#authorImage","url":"https:\/\/secure.gravatar.com\/avatar\/1bdfdd8d52a8a864114b9539958110649b274bdf789f5503a949f40004d3c50f?s=96&d=mm&r=g","width":96,"height":96,"caption":"Ola i Mariusz Robak"}},{"@type":"WebPage","@id":"https:\/\/www.skalnik.pl\/blog\/bielizna-termoaktywna-dla-dzieci\/#webpage","url":"https:\/\/www.skalnik.pl\/blog\/bielizna-termoaktywna-dla-dzieci\/","name":"Bielizna termoaktywna dla dzieci - blog Skalnik","description":"Aktywne dzieciaki potrzebuj\u0105 bielizny termicznej. Dobrze dobrane warstwy odzie\u017cy zapewniaj\u0105 dzieciom komfort i termiczne bezpiecze\u0144stwo. Dowiedz si\u0119 jak dzia\u0142a bielizna temiczna dla dzieci i czy warto kupi\u0107 wi\u0119kszy jej rozmiar.","inLanguage":"pl-PL","isPartOf":{"@id":"https:\/\/www.skalnik.pl\/blog\/#website"},"breadcrumb":{"@id":"https:\/\/www.skalnik.pl\/blog\/bielizna-termoaktywna-dla-dzieci\/#breadcrumblist"},"author":{"@id":"https:\/\/www.skalnik.pl\/blog\/author\/olamariusz-robak\/#author"},"creator":{"@id":"https:\/\/www.skalnik.pl\/blog\/author\/olamariusz-robak\/#author"},"image":{"@type":"ImageObject","url":"https:\/\/www.skalnik.pl\/blog\/wp-content\/uploads\/2019\/01\/ok\u0142adka-bielizna-thermo..jpg","@id":"https:\/\/www.skalnik.pl\/blog\/bielizna-termoaktywna-dla-dzieci\/#mainImage","width":1920,"height":705},"primaryImageOfPage":{"@id":"https:\/\/www.skalnik.pl\/blog\/bielizna-termoaktywna-dla-dzieci\/#mainImage"},"datePublished":"2019-01-09T14:54:37+02:00","dateModified":"2019-01-22T08:17:06+02:00"},{"@type":"WebSite","@id":"https:\/\/www.skalnik.pl\/blog\/#website","url":"https:\/\/www.skalnik.pl\/blog\/","name":"blog Skalnik","description":"Blog, porady, artyku\u0142y - blog Skalnik","inLanguage":"pl-PL","publisher":{"@id":"https:\/\/www.skalnik.pl\/blog\/#organization"}}]},"og:locale":"pl_PL","og:site_name":"blog Skalnik - Blog, porady, artyku\u0142y - blog Skalnik","og:type":"article","og:title":"Bielizna termoaktywna dla dzieci - blog Skalnik","og:description":"Aktywne dzieciaki potrzebuj\u0105 bielizny termicznej. Dobrze dobrane warstwy odzie\u017cy zapewniaj\u0105 dzieciom komfort i termiczne bezpiecze\u0144stwo. Dowiedz si\u0119 jak dzia\u0142a bielizna temiczna dla dzieci i czy warto kupi\u0107 wi\u0119kszy jej rozmiar.","og:url":"https:\/\/www.skalnik.pl\/blog\/bielizna-termoaktywna-dla-dzieci\/","og:image":"https:\/\/skalnik.pl\/blog\/wp-content\/uploads\/2019\/01\/wlasciwosci-odziezy-termo-1024x678.jpg","og:image:secure_url":"https:\/\/skalnik.pl\/blog\/wp-content\/uploads\/2019\/01\/wlasciwosci-odziezy-termo-1024x678.jpg","article:tag":["porady","bielizna termiczna","brubeck","dziecko w g\u00f3rach","odzie\u017c"],"article:published_time":"2019-01-09T13:54:37+00:00","article:modified_time":"2019-01-22T07:17:06+00:00","twitter:card":"summary_large_image","twitter:title":"Bielizna termoaktywna dla dzieci - blog Skalnik","twitter:description":"Aktywne dzieciaki potrzebuj\u0105 bielizny termicznej. Dobrze dobrane warstwy odzie\u017cy zapewniaj\u0105 dzieciom komfort i termiczne bezpiecze\u0144stwo. Dowiedz si\u0119 jak dzia\u0142a bielizna temiczna dla dzieci i czy warto kupi\u0107 wi\u0119kszy jej rozmiar.","twitter:image":"https:\/\/skalnik.pl\/blog\/wp-content\/uploads\/2019\/01\/wlasciwosci-odziezy-termo-1024x678.jpg"},"aioseo_meta_data":{"post_id":"5303","title":null,"description":null,"keywords":null,"keyphrases":null,"primary_term":null,"canonical_url":null,"og_title":null,"og_description":null,"og_object_type":"default","og_image_type":"default","og_image_url":null,"og_image_width":null,"og_image_height":null,"og_image_custom_url":null,"og_image_custom_fields":null,"og_video":null,"og_custom_url":null,"og_article_section":null,"og_article_tags":null,"twitter_use_og":false,"twitter_card":"default","twitter_image_type":"default","twitter_image_url":null,"twitter_image_custom_url":null,"twitter_image_custom_fields":null,"twitter_title":null,"twitter_description":null,"schema":{"blockGraphs":[],"customGraphs":[],"default":{"data":{"Article":[],"Course":[],"Dataset":[],"FAQPage":[],"Movie":[],"Person":[],"Product":[],"ProductReview":[],"Car":[],"Recipe":[],"Service":[],"SoftwareApplication":[],"WebPage":[]},"graphName":"BlogPosting","isEnabled":true},"graphs":[]},"schema_type":"default","schema_type_options":null,"pillar_content":false,"robots_default":true,"robots_noindex":false,"robots_noarchive":false,"robots_nosnippet":false,"robots_nofollow":false,"robots_noimageindex":false,"robots_noodp":false,"robots_notranslate":false,"robots_max_snippet":null,"robots_max_videopreview":null,"robots_max_imagepreview":"large","priority":null,"frequency":null,"local_seo":null,"breadcrumb_settings":null,"limit_modified_date":false,"ai":null,"created":"2022-08-26 09:55:13","updated":"2026-02-17 21:28:25","seo_analyzer_scan_date":null},"aioseo_breadcrumb":"<div class=\"aioseo-breadcrumbs\"><span class=\"aioseo-breadcrumb\">\n\t\t\t<a href=\"https:\/\/www.skalnik.pl\/blog\" title=\"Home\">Home<\/a>\n\t\t<\/span><span class=\"aioseo-breadcrumb-separator\">&raquo;<\/span><span class=\"aioseo-breadcrumb\">\n\t\t\t<a href=\"https:\/\/www.skalnik.pl\/blog\/.\/porady\/\" title=\"Porady\">Porady<\/a>\n\t\t<\/span><span class=\"aioseo-breadcrumb-separator\">&raquo;<\/span><span class=\"aioseo-breadcrumb\">\n\t\t\tBielizna termoaktywna dla dzieci\n\t\t<\/span><\/div>","aioseo_breadcrumb_json":[{"label":"Home","link":"https:\/\/www.skalnik.pl\/blog"},{"label":"Porady","link":"https:\/\/www.skalnik.pl\/blog\/.\/porady\/"},{"label":"Bielizna termoaktywna dla dzieci","link":"https:\/\/www.skalnik.pl\/blog\/bielizna-termoaktywna-dla-dzieci\/"}],"_links":{"self":[{"href":"https:\/\/www.skalnik.pl\/blog\/wp-json\/wp\/v2\/posts\/5303","targetHints":{"allow":["GET"]}}],"collection":[{"href":"https:\/\/www.skalnik.pl\/blog\/wp-json\/wp\/v2\/posts"}],"about":[{"href":"https:\/\/www.skalnik.pl\/blog\/wp-json\/wp\/v2\/types\/post"}],"author":[{"embeddable":true,"href":"https:\/\/www.skalnik.pl\/blog\/wp-json\/wp\/v2\/users\/27"}],"replies":[{"embeddable":true,"href":"https:\/\/www.skalnik.pl\/blog\/wp-json\/wp\/v2\/comments?post=5303"}],"version-history":[{"count":5,"href":"https:\/\/www.skalnik.pl\/blog\/wp-json\/wp\/v2\/posts\/5303\/revisions"}],"predecessor-version":[{"id":5445,"href":"https:\/\/www.skalnik.pl\/blog\/wp-json\/wp\/v2\/posts\/5303\/revisions\/5445"}],"wp:featuredmedia":[{"embeddable":true,"href":"https:\/\/www.skalnik.pl\/blog\/wp-json\/wp\/v2\/media\/5316"}],"wp:attachment":[{"href":"https:\/\/www.skalnik.pl\/blog\/wp-json\/wp\/v2\/media?parent=5303"}],"wp:term":[{"taxonomy":"category","embeddable":true,"href":"https:\/\/www.skalnik.pl\/blog\/wp-json\/wp\/v2\/categories?post=5303"},{"taxonomy":"post_tag","embeddable":true,"href":"https:\/\/www.skalnik.pl\/blog\/wp-json\/wp\/v2\/tags?post=5303"},{"taxonomy":"magento_category","embeddable":true,"href":"https:\/\/www.skalnik.pl\/blog\/wp-json\/wp\/v2\/magento_category?post=5303"},{"taxonomy":"magento_product","embeddable":true,"href":"https:\/\/www.skalnik.pl\/blog\/wp-json\/wp\/v2\/magento_product?post=5303"}],"curies":[{"name":"wp","href":"https:\/\/api.w.org\/{rel}","templated":true}]}}