{"id":5319,"date":"2019-01-10T12:18:29","date_gmt":"2019-01-10T11:18:29","guid":{"rendered":"https:\/\/skalnik.pl\/blog\/?p=5319"},"modified":"2023-10-02T09:29:57","modified_gmt":"2023-10-02T07:29:57","slug":"raczki-turystyczne-vi-6-pro-traxion-lite-test","status":"publish","type":"post","link":"https:\/\/www.skalnik.pl\/blog\/raczki-turystyczne-vi-6-pro-traxion-lite-test\/","title":{"rendered":"Raczki turystyczne VI.6+ Pro Traxion Lite \u2013 test"},"content":{"rendered":"<p><b>Zima w mie\u015bcie cz\u0119sto lubi zaskakiwa\u0107 drogowc\u00f3w, jednak zima w g\u00f3rach nie powinna nigdy zaskoczy\u0107 mi\u0142o\u015bnika g\u00f3rskich w\u0119dr\u00f3wek. Musimy by\u0107 przygotowani na wiele niespodzianek, takich jak \u015bnie\u017cyca, zimny wiatr, mr\u00f3z, szybkie nadej\u015bcie zmroku, przedwcze\u015bnie opr\u00f3\u017cniony termos z herbat\u0105, d\u0142uga kolejka w schronisku po grzane wino i wiele, wiele innych. Z ka\u017cdym z tych problem\u00f3w najcz\u0119\u015bciej mo\u017cna sobie jako\u015b poradzi\u0107. Natomiast przeszkoda na szlaku w postaci kilku metr\u00f3w szklistego lodu, b\u0105d\u017a twardego jak ska\u0142a, zmro\u017conego \u015bniegu mo\u017ce by\u0107 ju\u017c niestety nie do przej\u015bcia.<\/b><\/p>\n<p>Stawi\u0107 czo\u0142a takim niespodziankom na szlaku mo\u017cna w \u0142atwy spos\u00f3b. Najlepiej wyposa\u017cy\u0107 si\u0119 w jedn\u0105 prost\u0105 rzecz, a w\u0142a\u015bciwie par\u0119 takich rzeczy. Mowa oczywi\u015bcie o parze raczk\u00f3w turystycznych, kt\u00f3re staj\u0105 si\u0119 coraz bardziej popularnym ekwipunkiem turyst\u00f3w. W wielu przypadkach jest to w\u0142a\u015bciwy wyb\u00f3r w polskie g\u00f3ry. Postanowi\u0142em przetestowa\u0107 <a href=\"https:\/\/skalnik.pl\/sprzet-zimowy\/turystyka-zimowa\/turystyka-zimowa-raki-raczki\/raczki-turystyczne\" target=\"_blank\" rel=\"noopener noreferrer\">raczki turystyczne<\/a> i sprawdzi\u0107, jak naprawd\u0119 radz\u0105 sobie one w terenie.<\/p>\n<p><\/p>\n<div id=\"ez-toc-container\" class=\"ez-toc-v2_0_85 counter-hierarchy ez-toc-counter ez-toc-light-blue ez-toc-container-direction\">\n<div class=\"ez-toc-title-container\">\n<p class=\"ez-toc-title\" style=\"cursor:inherit\">SPIS TRE\u015aCI <\/p>\n<span class=\"ez-toc-title-toggle\"><a href=\"#\" class=\"ez-toc-pull-right ez-toc-btn ez-toc-btn-xs ez-toc-btn-default ez-toc-toggle\" aria-label=\"Prze\u0142\u0105cznik Spisu Tre\u015bci\"><span class=\"ez-toc-js-icon-con\"><span class=\"\"><span class=\"eztoc-hide\" style=\"display:none;\">Toggle<\/span><span class=\"ez-toc-icon-toggle-span\"><svg style=\"fill: #999;color:#999\" xmlns=\"http:\/\/www.w3.org\/2000\/svg\" class=\"list-377408\" width=\"20px\" height=\"20px\" viewBox=\"0 0 24 24\" fill=\"none\"><path d=\"M6 6H4v2h2V6zm14 0H8v2h12V6zM4 11h2v2H4v-2zm16 0H8v2h12v-2zM4 16h2v2H4v-2zm16 0H8v2h12v-2z\" fill=\"currentColor\"><\/path><\/svg><svg style=\"fill: #999;color:#999\" class=\"arrow-unsorted-368013\" xmlns=\"http:\/\/www.w3.org\/2000\/svg\" width=\"10px\" height=\"10px\" viewBox=\"0 0 24 24\" version=\"1.2\" baseProfile=\"tiny\"><path d=\"M18.2 9.3l-6.2-6.3-6.2 6.3c-.2.2-.3.4-.3.7s.1.5.3.7c.2.2.4.3.7.3h11c.3 0 .5-.1.7-.3.2-.2.3-.5.3-.7s-.1-.5-.3-.7zM5.8 14.7l6.2 6.3 6.2-6.3c.2-.2.3-.5.3-.7s-.1-.5-.3-.7c-.2-.2-.4-.3-.7-.3h-11c-.3 0-.5.1-.7.3-.2.2-.3.5-.3.7s.1.5.3.7z\"\/><\/svg><\/span><\/span><\/span><\/a><\/span><\/div>\n<nav><ul class='ez-toc-list ez-toc-list-level-1 ' ><li class='ez-toc-page-1 ez-toc-heading-level-2'><a class=\"ez-toc-link ez-toc-heading-1\" href=\"https:\/\/www.skalnik.pl\/blog\/raczki-turystyczne-vi-6-pro-traxion-lite-test\/#Budowa_raczkow_Pro_Traxion_Lite\" >Budowa raczk\u00f3w Pro Traxion Lite<\/a><\/li><li class='ez-toc-page-1 ez-toc-heading-level-2'><a class=\"ez-toc-link ez-toc-heading-2\" href=\"https:\/\/www.skalnik.pl\/blog\/raczki-turystyczne-vi-6-pro-traxion-lite-test\/#Gdzie_raczki_zimuja\" >Gdzie raczki zimuj\u0105<\/a><\/li><li class='ez-toc-page-1 ez-toc-heading-level-2'><a class=\"ez-toc-link ez-toc-heading-3\" href=\"https:\/\/www.skalnik.pl\/blog\/raczki-turystyczne-vi-6-pro-traxion-lite-test\/#Jak_zaklada_sie_raczki_VI6\" >Jak zak\u0142ada si\u0119 raczki VI.6+<\/a><\/li><li class='ez-toc-page-1 ez-toc-heading-level-2'><a class=\"ez-toc-link ez-toc-heading-4\" href=\"https:\/\/www.skalnik.pl\/blog\/raczki-turystyczne-vi-6-pro-traxion-lite-test\/#Raczki_Pro_Traxion_Lite_w_akcji\" >Raczki Pro Traxion Lite w akcji<\/a><\/li><li class='ez-toc-page-1 ez-toc-heading-level-2'><a class=\"ez-toc-link ez-toc-heading-5\" href=\"https:\/\/www.skalnik.pl\/blog\/raczki-turystyczne-vi-6-pro-traxion-lite-test\/#Jak_nosi_sie_raczki_Pro_Traxion_Lite\" >Jak nosi si\u0119 raczki Pro Traxion Lite<\/a><\/li><\/ul><\/nav><\/div>\n<h2><span class=\"ez-toc-section\" id=\"Budowa_raczkow_Pro_Traxion_Lite\"><\/span>Budowa raczk\u00f3w Pro Traxion Lite<span class=\"ez-toc-section-end\"><\/span><\/h2>\n<p>Marka VI.6+ posiada w ofercie dwa modele raczk\u00f3w turystycznych. Na warsztat bior\u0119 te ze s\u0142owem &#8222;Lite&#8221; w nazwie. Jak sama nazwa sugeruje, s\u0105 nieco odchudzon\u0105 wersj\u0105 raczk\u00f3w, zbudowan\u0105 tak, \u017ceby uzyska\u0107 jak najni\u017csz\u0105 wag\u0119 przy zachowaniu wysokiej ich funkcjonalno\u015bci. Raczki Pro Traxion Lite sk\u0142adaj\u0105 si\u0119 z dw\u00f3ch g\u0142\u00f3wnych cz\u0119\u015bci:<\/p>\n<ol>\n<li>&nbsp;szeregu paneli z 13 z\u0119bami pogrupowanymi w mniejsze segmenty, po\u0142\u0105czonych ze sob\u0105 przy u\u017cyciu mocnego \u0142a\u0144cuszka. Zar\u00f3wno z\u0119by, jak i \u0142a\u0144cuch, wykonane s\u0105 ze stali nierdzewnej. Ma to niebagatelne znaczenie w przypadku sprz\u0119tu, kt\u00f3ry z za\u0142o\u017cenia non-stop b\u0119dzie mie\u0107 kontakt z wilgoci\u0105 pod postaci\u0105 \u015bniegu i lodu.<\/li>\n<li>&nbsp;G\u00f3rnej cz\u0119\u015bci w postaci obr\u0119czy, kt\u00f3ra odpowiada za przymocowanie z\u0119b\u00f3w do buta. Element ten zbudowany jest z elastycznego &#8222;gumowego&#8221; tworzywa sztucznego, odpornego na niskie temperatury. Mo\u017cna by\u0107 spokojnym, \u017ce nawet podczas solidnego mrozu element ten nie zesztywnieje ani nie pop\u0119ka.<\/li>\n<\/ol>\n<div id=\"attachment_5321\" style=\"width: 1034px\" class=\"wp-caption alignnone\"><img loading=\"lazy\" decoding=\"async\" aria-describedby=\"caption-attachment-5321\" class=\"wp-image-5321 size-large\" title=\"raczki VI.6+ pro traction light\" src=\"https:\/\/skalnik.pl\/blog\/wp-content\/uploads\/2019\/01\/04-1024x768.jpg\" alt=\"raczki pro traction light \" width=\"1024\" height=\"768\" srcset=\"https:\/\/www.skalnik.pl\/blog\/wp-content\/uploads\/2019\/01\/04-1024x768.jpg 1024w, https:\/\/www.skalnik.pl\/blog\/wp-content\/uploads\/2019\/01\/04-300x225.jpg 300w, https:\/\/www.skalnik.pl\/blog\/wp-content\/uploads\/2019\/01\/04-768x576.jpg 768w, https:\/\/www.skalnik.pl\/blog\/wp-content\/uploads\/2019\/01\/04.jpg 1920w\" sizes=\"auto, (max-width: 1024px) 100vw, 1024px\" \/><p id=\"caption-attachment-5321\" class=\"wp-caption-text\">Prosta konstrukcja sprawa, \u017ce raczki zak\u0142ada si\u0119 kr\u00f3tk\u0105 chwil\u0119<\/p><\/div>\n<p>Taka konstrukcja sprawia, \u017ce raczki VI.6+ Pro Traxion Lite s\u0105 bardzo wytrzyma\u0142e, a jednocze\u015bnie elastyczne i dobrze dopasowuj\u0105ce si\u0119 do buta. W przeciwie\u0144stwie do &#8222;doros\u0142ych&#8221; rak\u00f3w, raczki Pro Traxion Lite bez problemu mo\u017cna za\u0142o\u017cy\u0107 na lekkie buty trekkingowe bez sztywnej podeszwy, a nawet na niskie buty trekkingowe czy buty podej\u015bciowe.<\/p>\n<p>Raczki Pro Traxion Lite&nbsp;(<a href=\"https:\/\/skalnik.pl\/raczki-pro-traxion-lite-zielony-671342\" target=\"_blank\" rel=\"noopener noreferrer\">zobacz<\/a>) dost\u0119pne s\u0105 w kilku rozmiarach i warto pochyli\u0107 si\u0119 nad dok\u0142adnym i odpowiednim doborem rozmiaru. Gdy zaopatrzymy si\u0119 w raczki zbyt du\u017ce, istnieje zagro\u017cenie, \u017ce b\u0119d\u0105 one zsuwa\u0107 si\u0119 z buta. Gdy wybierzemy rozmiar zbyt ma\u0142y, wyst\u0105pi problem z naci\u0105gni\u0119ciem ich na obuwie. Co wi\u0119cej, przednie i tylne z\u0119by znajd\u0105 si\u0119 zbyt daleko od kaw\u0119dzi buta, przez co strac\u0105 wiele ze swojej skuteczno\u015bci na podej\u015bciach i zej\u015bciach.<\/p>\n<p><\/p>\n<h2><span class=\"ez-toc-section\" id=\"Gdzie_raczki_zimuja\"><\/span>Gdzie raczki zimuj\u0105<span class=\"ez-toc-section-end\"><\/span><\/h2>\n<p>Ma\u0142e gabaryty raczk\u00f3w Pro Traxion Lite od VI.6+ czyni\u0105 je idealnym kompanem do zimowych w\u0119dr\u00f3wek. Dzi\u0119ki prostej konstrukcji pozbawionej zb\u0119dnych dodatk\u00f3w, r\u00f3wnie\u017c waga modelu jest niewielka i wynosi nieco ponad 300 gram\u00f3w dla raczk\u00f3w w rozmiarze L. Do raczk\u00f3w do\u0142\u0105czono mi\u0142y dodatek, mianowicie kapitalne sztywne etui\/pokrowiec transportowy, zamykany na zamek b\u0142yskawiczny. Dzi\u0119ki pokrowcowi mo\u017cemy spokojnie przenosi\u0107 raczki w plecaku i nie obawia\u0107 si\u0119 o uszkodzenie pozosta\u0142ego ekwipunku czy odzie\u017cy.<\/p>\n<div id=\"attachment_5331\" style=\"width: 1034px\" class=\"wp-caption alignnone\"><img loading=\"lazy\" decoding=\"async\" aria-describedby=\"caption-attachment-5331\" class=\"wp-image-5331 size-large\" title=\"raczki pro traction light \" src=\"https:\/\/skalnik.pl\/blog\/wp-content\/uploads\/2019\/01\/08raczki-1024x709.jpg\" alt=\"raczki turystyczne VI.6+\" width=\"1024\" height=\"709\" srcset=\"https:\/\/www.skalnik.pl\/blog\/wp-content\/uploads\/2019\/01\/08raczki-1024x709.jpg 1024w, https:\/\/www.skalnik.pl\/blog\/wp-content\/uploads\/2019\/01\/08raczki-300x208.jpg 300w, https:\/\/www.skalnik.pl\/blog\/wp-content\/uploads\/2019\/01\/08raczki-768x531.jpg 768w, https:\/\/www.skalnik.pl\/blog\/wp-content\/uploads\/2019\/01\/08raczki.jpg 1919w\" sizes=\"auto, (max-width: 1024px) 100vw, 1024px\" \/><p id=\"caption-attachment-5331\" class=\"wp-caption-text\">System \u0142a\u0144cuszk\u00f3w i kolc\u00f3w, kt\u00f3re daj\u0105 bezpiecze\u0144stwo na \u015bliskim pod\u0142o\u017cu<\/p><\/div>\n<h2><span class=\"ez-toc-section\" id=\"Jak_zaklada_sie_raczki_VI6\"><\/span>Jak zak\u0142ada si\u0119 raczki VI.6+<span class=\"ez-toc-section-end\"><\/span><\/h2>\n<p>Zak\u0142adanie raczk\u00f3w Pro Traxion Lite jest banalnie proste. Raczki turystyczne VI.6+ mo\u017cna za\u0142o\u017cy\u0107 r\u00f3wnie\u017c w r\u0119kawicach. Dzi\u0119ki elastycznej, rozci\u0105gliwej obr\u0119czy wystarczy naci\u0105gn\u0105\u0107 je na but&#8230;. i tyle. W testowanym modelu nie ma \u017cadnych rzep\u00f3w, pask\u00f3w i tasiemek mocuj\u0105cych. Raczki posiadaj\u0105 oznaczenie &#8222;front&#8221;\/&#8221;back&#8221; aby \u0142atwo mo\u017cna by\u0142o je za\u0142o\u017cy\u0107 w odpowiedni\u0105 stron\u0119. Zdejmowanie raczk\u00f3w jest tak\u017ce bezproblemowe. Kiedy schodzi si\u0119 w dolin\u0119 i pod butami zaczyna ju\u017c chrupa\u0107 asfalt zamiast \u015bniegu, jednym ruchem r\u0119ki \u015bci\u0105ga si\u0119 raczki z buta i mo\u017cna p\u0119dzi\u0107 na autobus lub na parking.<\/p>\n<p>Wykonanie z tworzywa sztucznego i stali czyni te\u017c raczki Pro Traxion Lite \u0142atwymi w utrzymaniu. Nie ma w tym modelu ta\u015bm, kt\u00f3re mog\u0142yby nasi\u0105kn\u0105\u0107 wod\u0105 i wymaga\u0142yby wysuszenia. Po zdj\u0119ciu raczk\u00f3w wystarczy je otrzepa\u0107 ze \u015bniegu, pozwoli\u0107 na sp\u0142yni\u0119cie wody (ja zawsze przytraczam raczki do plecaka i w ko\u0144cowym etapie wycieczki pozwalam swobodnie si\u0119 przewietrzy\u0107). Potem mo\u017cna ju\u017c pakowa\u0107 je do pokrowca.<\/p>\n<p><\/p>\n<h2><span class=\"ez-toc-section\" id=\"Raczki_Pro_Traxion_Lite_w_akcji\"><\/span>Raczki Pro Traxion Lite w akcji<span class=\"ez-toc-section-end\"><\/span><\/h2>\n<p>Gdy jeste\u015bmy aktywni zim\u0105 w g\u00f3rach, dobrze jest mie\u0107 w szafie par\u0119 porz\u0105dnych rak\u00f3w. Pami\u0119tajmy jednak, \u017ce na praktycznie wszystkie szlaki Sudet\u00f3w, Beskid\u00f3w, a nawet cz\u0119\u015b\u0107 Tatr Zachodnich, spokojnie wystarcz\u0105 nam lekkie i kompaktowe turystyczne <a href=\"https:\/\/skalnik.pl\/sprzet-zimowy\/turystyka-zimowa\/turystyka-zimowa-raki-raczki\/raczki-turystyczne\" target=\"_blank\" rel=\"noopener noreferrer\">raczki<\/a>. Oczywi\u015bcie nawet podczas sobotniej wspinaczki na \u015al\u0119\u017c\u0119 mo\u017cemy uzbroi\u0107 si\u0119 w raki automatyczne i czekan, jednak \u2013jak mawia stare porzekad\u0142o \u2013 nie strzelajmy z armaty do wr\u00f3bli. Je\u015bli na naszym szlaku nie b\u0119dzie lodowych ocink\u00f3w o sporym nachyleniu (a takich trzeba si\u0119 szuka\u0107 nawet w Karkonoszach, gdy nie schodzi si\u0119 ze szlaku) uniwersalne raczki VI.6+ spokojnie dadz\u0105 sobie rad\u0119.<\/p>\n<p>Niska waga i ma\u0142e wymiary raczk\u00f3w Pro Traxion Lite zach\u0119caj\u0105 do wrzucenia ich do plecaka r\u00f3wnie\u017c &#8222;na wszelki wypadek&#8221;, tak\u017ce w przej\u015bciowym sezonie jesiennym i wiosennym. Nawet gdy w dolinach jest soczy\u015bcie zielono i mi\u0142o przygrzewa s\u0142o\u0144ce, w wy\u017cszych partiach g\u00f3r mo\u017cna si\u0119 czasem natkn\u0105\u0107 na pierwsze\/ostatnie zal\u0105\u017cki \u015bniegu i lodu. Wtedy o wypadek nietrudno.<\/p>\n<div id=\"attachment_5322\" style=\"width: 1034px\" class=\"wp-caption alignnone\"><img loading=\"lazy\" decoding=\"async\" aria-describedby=\"caption-attachment-5322\" class=\"wp-image-5322 size-large\" title=\"raczki Pro Traction Light na butach\" src=\"https:\/\/skalnik.pl\/blog\/wp-content\/uploads\/2019\/01\/01-1024x768.jpg\" alt=\"raczki VI.6+ na butach \" width=\"1024\" height=\"768\" srcset=\"https:\/\/www.skalnik.pl\/blog\/wp-content\/uploads\/2019\/01\/01-1024x768.jpg 1024w, https:\/\/www.skalnik.pl\/blog\/wp-content\/uploads\/2019\/01\/01-300x225.jpg 300w, https:\/\/www.skalnik.pl\/blog\/wp-content\/uploads\/2019\/01\/01-768x576.jpg 768w, https:\/\/www.skalnik.pl\/blog\/wp-content\/uploads\/2019\/01\/01.jpg 1920w\" sizes=\"auto, (max-width: 1024px) 100vw, 1024px\" \/><p id=\"caption-attachment-5322\" class=\"wp-caption-text\">\u015awietnie trzymaj\u0105 pod\u0142o\u017ca, s\u0105 lekkie i dobrze dopasowuj\u0105 si\u0119 do but\u00f3w<\/p><\/div>\n<p>Warto pami\u0119ta\u0107 te\u017c o zastosowaniu raczk\u00f3w turystycznych mo\u017ce i nieoczywistym, ale r\u00f3wnie praktycznym. Raczki przydaj\u0105 si\u0119 w miejskiej d\u017cugli! Nie raz, nie dwa, zdarzy\u0142 mi si\u0119 niekontrolowany po\u015blizg na chodniku podczas porannej drogi do pracy. Raczki turystyczne mo\u017cna za\u0142o\u017cy\u0107 nawet na codzienne, miejskie obuwie. Wtedy chodnikowa&#8221;szklanka&#8221; nie b\u0119dzie straszna, a by\u0107 mo\u017ce ich za\u0142o\u017cenie uchroni przed wizyt\u0105 na miejscowym oddziale ortopedii.<\/p>\n<p><\/p>\n<h2><span class=\"ez-toc-section\" id=\"Jak_nosi_sie_raczki_Pro_Traxion_Lite\"><\/span>Jak nosi si\u0119 raczki Pro Traxion Lite<span class=\"ez-toc-section-end\"><\/span><\/h2>\n<p>Ci\u0119\u017cko powiedzie\u0107 jak si\u0119 je nosi, poniewa\u017c praktycznie nie czu\u0107 ich na butach. Model Pro Traxion Lite to moje pierwsze raczki o konstrukcji &#8222;\u0142a\u0144cuchowej&#8221; i troch\u0119 niedorzecznie obawia\u0142em si\u0119, \u017ce podczas chodzenia te elementy b\u0119d\u0105 dzwoni\u0107 i ha\u0142asowa\u0107,. Nic takiego nie ma miejsca. Trzyna\u015bcie stalowych z\u0119b\u00f3w dobrze trzyma na podej\u015bciach i zej\u015bciach. Nie ma por\u00f3wnania do tanich raczk\u00f3w z marketu, gdzie zamiast pe\u0142noprawnych z\u0119b\u00f3w stosuje si\u0119 malutkie kolce o kszta\u0142cie pinezki. Tym bardziej, \u017ce takie pinezki potrafi\u0105 odpa\u015b\u0107 ju\u017c po przej\u015bciu kilkunastu krok\u00f3w.<\/p>\n<p>Raczk\u00f3w VI.6+ nie czu\u0107 na nogach do tego stopnia, \u017ce podczas szybszego pokonywania g\u00f3rek zdarza\u0142o mi si\u0119 zerka\u0107 w d\u00f3\u0142, aby skontrolowa\u0107 czy raczki wci\u0105\u017c s\u0105 na swoim miejscu, czy czasem nie pogubi\u0142y si\u0119 po drodze. Bez obaw, wszystko trzyma si\u0119 podeszwy i cholewki buta pewnie i solidnie.<\/p>\n<p><\/p>\n<div class=\"page_gallery\">\n\n\t\t<style type=\"text\/css\">\n\t\t\t#gallery-1 {\n\t\t\t\tmargin: auto;\n\t\t\t}\n\t\t\t#gallery-1 .gallery-item {\n\t\t\t\tfloat: left;\n\t\t\t\tmargin-top: 10px;\n\t\t\t\ttext-align: center;\n\t\t\t\twidth: 33%;\n\t\t\t}\n\t\t\t#gallery-1 img {\n\t\t\t\tborder: 2px solid #cfcfcf;\n\t\t\t}\n\t\t\t#gallery-1 .gallery-caption {\n\t\t\t\tmargin-left: 0;\n\t\t\t}\n\t\t\t\/* see gallery_shortcode() in wp-includes\/media.php *\/\n\t\t<\/style>\n\t\t<div id='gallery-1' class='gallery galleryid-5319 gallery-columns-3 gallery-size-large'><dl class='gallery-item'>\n\t\t\t<dt class='gallery-icon landscape'>\n\t\t\t\t<img loading=\"lazy\" decoding=\"async\" width=\"1024\" height=\"768\" src=\"https:\/\/www.skalnik.pl\/blog\/wp-content\/uploads\/2019\/01\/03-1024x768.jpg\" class=\"attachment-large size-large\" alt=\"\" aria-describedby=\"gallery-1-5323\" srcset=\"https:\/\/www.skalnik.pl\/blog\/wp-content\/uploads\/2019\/01\/03-1024x768.jpg 1024w, https:\/\/www.skalnik.pl\/blog\/wp-content\/uploads\/2019\/01\/03-300x225.jpg 300w, https:\/\/www.skalnik.pl\/blog\/wp-content\/uploads\/2019\/01\/03-768x576.jpg 768w, https:\/\/www.skalnik.pl\/blog\/wp-content\/uploads\/2019\/01\/03.jpg 1920w\" sizes=\"auto, (max-width: 1024px) 100vw, 1024px\" \/>\n\t\t\t<\/dt>\n\t\t\t\t<dd class='wp-caption-text gallery-caption' id='gallery-1-5323'>\n\t\t\t\tDobrze dopasuj rozmiar raczk\u00f3w do rozmiaru but\u00f3w\n\t\t\t\t<\/dd><\/dl><dl class='gallery-item'>\n\t\t\t<dt class='gallery-icon landscape'>\n\t\t\t\t<img loading=\"lazy\" decoding=\"async\" width=\"1024\" height=\"768\" src=\"https:\/\/www.skalnik.pl\/blog\/wp-content\/uploads\/2019\/01\/05-1024x768.jpg\" class=\"attachment-large size-large\" alt=\"\" aria-describedby=\"gallery-1-5324\" srcset=\"https:\/\/www.skalnik.pl\/blog\/wp-content\/uploads\/2019\/01\/05-1024x768.jpg 1024w, https:\/\/www.skalnik.pl\/blog\/wp-content\/uploads\/2019\/01\/05-300x225.jpg 300w, https:\/\/www.skalnik.pl\/blog\/wp-content\/uploads\/2019\/01\/05-768x576.jpg 768w, https:\/\/www.skalnik.pl\/blog\/wp-content\/uploads\/2019\/01\/05.jpg 1920w\" sizes=\"auto, (max-width: 1024px) 100vw, 1024px\" \/>\n\t\t\t<\/dt>\n\t\t\t\t<dd class='wp-caption-text gallery-caption' id='gallery-1-5324'>\n\t\t\t\tElastyczna obr\u0119cz dobrze dopasowuje si\u0119 do obuwia\n\t\t\t\t<\/dd><\/dl><dl class='gallery-item'>\n\t\t\t<dt class='gallery-icon landscape'>\n\t\t\t\t<img loading=\"lazy\" decoding=\"async\" width=\"1024\" height=\"768\" src=\"https:\/\/www.skalnik.pl\/blog\/wp-content\/uploads\/2019\/01\/07-1024x768.jpg\" class=\"attachment-large size-large\" alt=\"\" aria-describedby=\"gallery-1-5325\" srcset=\"https:\/\/www.skalnik.pl\/blog\/wp-content\/uploads\/2019\/01\/07-1024x768.jpg 1024w, https:\/\/www.skalnik.pl\/blog\/wp-content\/uploads\/2019\/01\/07-300x225.jpg 300w, https:\/\/www.skalnik.pl\/blog\/wp-content\/uploads\/2019\/01\/07-768x576.jpg 768w, https:\/\/www.skalnik.pl\/blog\/wp-content\/uploads\/2019\/01\/07.jpg 1920w\" sizes=\"auto, (max-width: 1024px) 100vw, 1024px\" \/>\n\t\t\t<\/dt>\n\t\t\t\t<dd class='wp-caption-text gallery-caption' id='gallery-1-5325'>\n\t\t\t\tKompaktowe i lekkie\n\t\t\t\t<\/dd><\/dl><br style=\"clear: both\" \/><dl class='gallery-item'>\n\t\t\t<dt class='gallery-icon portrait'>\n\t\t\t\t<img loading=\"lazy\" decoding=\"async\" width=\"768\" height=\"1024\" src=\"https:\/\/www.skalnik.pl\/blog\/wp-content\/uploads\/2019\/01\/08-768x1024.jpg\" class=\"attachment-large size-large\" alt=\"\" aria-describedby=\"gallery-1-5326\" srcset=\"https:\/\/www.skalnik.pl\/blog\/wp-content\/uploads\/2019\/01\/08-768x1024.jpg 768w, https:\/\/www.skalnik.pl\/blog\/wp-content\/uploads\/2019\/01\/08-225x300.jpg 225w, https:\/\/www.skalnik.pl\/blog\/wp-content\/uploads\/2019\/01\/08.jpg 1920w\" sizes=\"auto, (max-width: 768px) 100vw, 768px\" \/>\n\t\t\t<\/dt>\n\t\t\t\t<dd class='wp-caption-text gallery-caption' id='gallery-1-5326'>\n\t\t\t\tW drog\u0119! \n\t\t\t\t<\/dd><\/dl>\n\t\t\t<br style='clear: both' \/>\n\t\t<\/div>\n\n<\/div>\n<p>Raczki turystyczne Pro Traxion Lite marki VI.6+ sta\u0142y si\u0119 \u017celaznym punktem na mojej li\u015bcie zimowego sprz\u0119tu outdoorowego. S\u0105 niedzowne podczas zimowych wycieczek i spacer\u00f3w, zar\u00f3wno w mniej, jak i troch\u0119 bardziej wymagaj\u0105cym terenie. Gdy wybieram si\u0119 w wy\u017csze g\u00f3ry i mam miejsce w plecaku, lubi\u0119 je zabra\u0107 nawet obok rak\u00f3w, gdy szkoda du\u017cych z\u0119b\u00f3w na podej\u015bcie do schroniska zalodzon\u0105 dolin\u0105. W raczkach Pro Traxion Lite mo\u017cna poczu\u0107 pewny krok na \u015bliskim szlaku. A pewno\u015b\u0107 r\u00f3wna si\u0119 bezpiecze\u0144stwo, kt\u00f3re zim\u0105 w g\u00f3rach zawsze musi by\u0107 na pierwszym miejscu!<\/p>\n\n\n<iframe loading=\"lazy\" src=\"https:\/\/www.youtube.com\/embed\/NuflnOwn4qs\" allow=\"accelerometer; autoplay; encrypted-media; gyroscope; picture-in-picture\" allowfullscreen=\"\" width=\"800\" height=\"442\" frameborder=\"0\"><\/iframe>\n","protected":false},"excerpt":{"rendered":"<p>Na wielu polskich szlakach zim\u0105 wystarcz\u0105 ci raczki turystyczne. Prze\u015bwietlamy na blogu raczki VI.6+ Pro Traction Light. To jeden z najl\u017cejszych i najbardziej kompaktowych modeli. <\/p>\n","protected":false},"author":21,"featured_media":5329,"comment_status":"open","ping_status":"open","sticky":false,"template":"","format":"standard","meta":{"_acf_changed":false,"footnotes":""},"categories":[8],"tags":[148,138,16],"magento_category":[66],"magento_product":[781,782,783,784,789,785,786,787,788],"class_list":["post-5319","post","type-post","status-publish","format-standard","has-post-thumbnail","hentry","category-testy","tag-akcesoria-turystyczne","tag-vi-6","tag-zima"],"acf":[],"aioseo_notices":[],"aioseo_head":"\n\t\t<!-- All in One SEO 4.9.10 - aioseo.com -->\n\t<meta name=\"description\" content=\"Na wielu polskich szlakach zim\u0105 wystarcz\u0105 ci raczki turystyczne. Prze\u015bwietlamy na blogu raczki VI.6+ Pro Traction Light. To jeden z najl\u017cejszych i najbardziej kompaktowych modeli.\" \/>\n\t<meta name=\"robots\" content=\"max-image-preview:large\" \/>\n\t<meta name=\"author\" content=\"Dominik Marzec\"\/>\n\t<link rel=\"canonical\" href=\"https:\/\/www.skalnik.pl\/blog\/raczki-turystyczne-vi-6-pro-traxion-lite-test\/\" \/>\n\t<meta name=\"generator\" content=\"All in One SEO (AIOSEO) 4.9.10\" \/>\n\t\t<meta property=\"og:locale\" content=\"pl_PL\" \/>\n\t\t<meta property=\"og:site_name\" content=\"blog Skalnik - Blog, porady, artyku\u0142y - blog Skalnik\" \/>\n\t\t<meta property=\"og:type\" content=\"article\" \/>\n\t\t<meta property=\"og:title\" content=\"Raczki turystyczne VI.6+ Pro Traxion Lite \u2013 test - blog Skalnik\" \/>\n\t\t<meta property=\"og:description\" content=\"Na wielu polskich szlakach zim\u0105 wystarcz\u0105 ci raczki turystyczne. Prze\u015bwietlamy na blogu raczki VI.6+ Pro Traction Light. To jeden z najl\u017cejszych i najbardziej kompaktowych modeli.\" \/>\n\t\t<meta property=\"og:url\" content=\"https:\/\/www.skalnik.pl\/blog\/raczki-turystyczne-vi-6-pro-traxion-lite-test\/\" \/>\n\t\t<meta property=\"og:image\" content=\"https:\/\/skalnik.pl\/blog\/wp-content\/uploads\/2019\/01\/04-1024x768.jpg\" \/>\n\t\t<meta property=\"og:image:secure_url\" content=\"https:\/\/skalnik.pl\/blog\/wp-content\/uploads\/2019\/01\/04-1024x768.jpg\" \/>\n\t\t<meta property=\"article:tag\" content=\"testy\" \/>\n\t\t<meta property=\"article:tag\" content=\"akcesoria turystyczne\" \/>\n\t\t<meta property=\"article:tag\" content=\"vi.6+\" \/>\n\t\t<meta property=\"article:tag\" content=\"zima\" \/>\n\t\t<meta property=\"article:published_time\" content=\"2019-01-10T11:18:29+00:00\" \/>\n\t\t<meta property=\"article:modified_time\" content=\"2023-10-02T07:29:57+00:00\" \/>\n\t\t<meta name=\"twitter:card\" content=\"summary_large_image\" \/>\n\t\t<meta name=\"twitter:title\" content=\"Raczki turystyczne VI.6+ Pro Traxion Lite \u2013 test - blog Skalnik\" \/>\n\t\t<meta name=\"twitter:description\" content=\"Na wielu polskich szlakach zim\u0105 wystarcz\u0105 ci raczki turystyczne. Prze\u015bwietlamy na blogu raczki VI.6+ Pro Traction Light. To jeden z najl\u017cejszych i najbardziej kompaktowych modeli.\" \/>\n\t\t<meta name=\"twitter:image\" content=\"https:\/\/skalnik.pl\/blog\/wp-content\/uploads\/2019\/01\/04-1024x768.jpg\" \/>\n\t\t<script type=\"application\/ld+json\" class=\"aioseo-schema\">\n\t\t\t{\"@context\":\"https:\\\/\\\/schema.org\",\"@graph\":[{\"@type\":\"BlogPosting\",\"@id\":\"https:\\\/\\\/www.skalnik.pl\\\/blog\\\/raczki-turystyczne-vi-6-pro-traxion-lite-test\\\/#blogposting\",\"name\":\"Raczki turystyczne VI.6+ Pro Traxion Lite \\u2013 test - blog Skalnik\",\"headline\":\"Raczki turystyczne VI.6+ Pro Traxion Lite \\u2013 test\",\"author\":{\"@id\":\"https:\\\/\\\/www.skalnik.pl\\\/blog\\\/author\\\/dominik-marzec\\\/#author\"},\"publisher\":{\"@id\":\"https:\\\/\\\/www.skalnik.pl\\\/blog\\\/#organization\"},\"image\":{\"@type\":\"ImageObject\",\"url\":\"https:\\\/\\\/www.skalnik.pl\\\/blog\\\/wp-content\\\/uploads\\\/2019\\\/01\\\/ok\\u0142adka-raczki.jpg\",\"width\":1920,\"height\":705},\"datePublished\":\"2019-01-10T12:18:29+02:00\",\"dateModified\":\"2023-10-02T09:29:57+02:00\",\"inLanguage\":\"pl-PL\",\"mainEntityOfPage\":{\"@id\":\"https:\\\/\\\/www.skalnik.pl\\\/blog\\\/raczki-turystyczne-vi-6-pro-traxion-lite-test\\\/#webpage\"},\"isPartOf\":{\"@id\":\"https:\\\/\\\/www.skalnik.pl\\\/blog\\\/raczki-turystyczne-vi-6-pro-traxion-lite-test\\\/#webpage\"},\"articleSection\":\"Testy, akcesoria turystyczne, VI.6+, zima, 1285, 671338, 671340, 671342, 671344, 684986, 710763, 710765, 710767, 710769\"},{\"@type\":\"BreadcrumbList\",\"@id\":\"https:\\\/\\\/www.skalnik.pl\\\/blog\\\/raczki-turystyczne-vi-6-pro-traxion-lite-test\\\/#breadcrumblist\",\"itemListElement\":[{\"@type\":\"ListItem\",\"@id\":\"https:\\\/\\\/www.skalnik.pl\\\/blog#listItem\",\"position\":1,\"name\":\"Home\",\"item\":\"https:\\\/\\\/www.skalnik.pl\\\/blog\",\"nextItem\":{\"@type\":\"ListItem\",\"@id\":\"https:\\\/\\\/www.skalnik.pl\\\/blog\\\/.\\\/testy\\\/#listItem\",\"name\":\"Testy\"}},{\"@type\":\"ListItem\",\"@id\":\"https:\\\/\\\/www.skalnik.pl\\\/blog\\\/.\\\/testy\\\/#listItem\",\"position\":2,\"name\":\"Testy\",\"item\":\"https:\\\/\\\/www.skalnik.pl\\\/blog\\\/.\\\/testy\\\/\",\"nextItem\":{\"@type\":\"ListItem\",\"@id\":\"https:\\\/\\\/www.skalnik.pl\\\/blog\\\/raczki-turystyczne-vi-6-pro-traxion-lite-test\\\/#listItem\",\"name\":\"Raczki turystyczne VI.6+ Pro Traxion Lite \\u2013 test\"},\"previousItem\":{\"@type\":\"ListItem\",\"@id\":\"https:\\\/\\\/www.skalnik.pl\\\/blog#listItem\",\"name\":\"Home\"}},{\"@type\":\"ListItem\",\"@id\":\"https:\\\/\\\/www.skalnik.pl\\\/blog\\\/raczki-turystyczne-vi-6-pro-traxion-lite-test\\\/#listItem\",\"position\":3,\"name\":\"Raczki turystyczne VI.6+ Pro Traxion Lite \\u2013 test\",\"previousItem\":{\"@type\":\"ListItem\",\"@id\":\"https:\\\/\\\/www.skalnik.pl\\\/blog\\\/.\\\/testy\\\/#listItem\",\"name\":\"Testy\"}}]},{\"@type\":\"Organization\",\"@id\":\"https:\\\/\\\/www.skalnik.pl\\\/blog\\\/#organization\",\"name\":\"blog Skalnik\",\"description\":\"Blog, porady, artyku\\u0142y - blog Skalnik\",\"url\":\"https:\\\/\\\/www.skalnik.pl\\\/blog\\\/\"},{\"@type\":\"Person\",\"@id\":\"https:\\\/\\\/www.skalnik.pl\\\/blog\\\/author\\\/dominik-marzec\\\/#author\",\"url\":\"https:\\\/\\\/www.skalnik.pl\\\/blog\\\/author\\\/dominik-marzec\\\/\",\"name\":\"Dominik Marzec\",\"image\":{\"@type\":\"ImageObject\",\"@id\":\"https:\\\/\\\/www.skalnik.pl\\\/blog\\\/raczki-turystyczne-vi-6-pro-traxion-lite-test\\\/#authorImage\",\"url\":\"https:\\\/\\\/secure.gravatar.com\\\/avatar\\\/3b5d5b73985d1015e6793369ac3b78362bc9b0fc6b0d982a1e6396714ef4fb75?s=96&d=mm&r=g\",\"width\":96,\"height\":96,\"caption\":\"Dominik Marzec\"}},{\"@type\":\"WebPage\",\"@id\":\"https:\\\/\\\/www.skalnik.pl\\\/blog\\\/raczki-turystyczne-vi-6-pro-traxion-lite-test\\\/#webpage\",\"url\":\"https:\\\/\\\/www.skalnik.pl\\\/blog\\\/raczki-turystyczne-vi-6-pro-traxion-lite-test\\\/\",\"name\":\"Raczki turystyczne VI.6+ Pro Traxion Lite \\u2013 test - blog Skalnik\",\"description\":\"Na wielu polskich szlakach zim\\u0105 wystarcz\\u0105 ci raczki turystyczne. Prze\\u015bwietlamy na blogu raczki VI.6+ Pro Traction Light. To jeden z najl\\u017cejszych i najbardziej kompaktowych modeli.\",\"inLanguage\":\"pl-PL\",\"isPartOf\":{\"@id\":\"https:\\\/\\\/www.skalnik.pl\\\/blog\\\/#website\"},\"breadcrumb\":{\"@id\":\"https:\\\/\\\/www.skalnik.pl\\\/blog\\\/raczki-turystyczne-vi-6-pro-traxion-lite-test\\\/#breadcrumblist\"},\"author\":{\"@id\":\"https:\\\/\\\/www.skalnik.pl\\\/blog\\\/author\\\/dominik-marzec\\\/#author\"},\"creator\":{\"@id\":\"https:\\\/\\\/www.skalnik.pl\\\/blog\\\/author\\\/dominik-marzec\\\/#author\"},\"image\":{\"@type\":\"ImageObject\",\"url\":\"https:\\\/\\\/www.skalnik.pl\\\/blog\\\/wp-content\\\/uploads\\\/2019\\\/01\\\/ok\\u0142adka-raczki.jpg\",\"@id\":\"https:\\\/\\\/www.skalnik.pl\\\/blog\\\/raczki-turystyczne-vi-6-pro-traxion-lite-test\\\/#mainImage\",\"width\":1920,\"height\":705},\"primaryImageOfPage\":{\"@id\":\"https:\\\/\\\/www.skalnik.pl\\\/blog\\\/raczki-turystyczne-vi-6-pro-traxion-lite-test\\\/#mainImage\"},\"datePublished\":\"2019-01-10T12:18:29+02:00\",\"dateModified\":\"2023-10-02T09:29:57+02:00\"},{\"@type\":\"WebSite\",\"@id\":\"https:\\\/\\\/www.skalnik.pl\\\/blog\\\/#website\",\"url\":\"https:\\\/\\\/www.skalnik.pl\\\/blog\\\/\",\"name\":\"blog Skalnik\",\"description\":\"Blog, porady, artyku\\u0142y - blog Skalnik\",\"inLanguage\":\"pl-PL\",\"publisher\":{\"@id\":\"https:\\\/\\\/www.skalnik.pl\\\/blog\\\/#organization\"}}]}\n\t\t<\/script>\n\t\t<!-- All in One SEO -->\n\n","aioseo_head_json":{"title":"Raczki turystyczne VI.6+ Pro Traxion Lite \u2013 test - blog Skalnik","description":"Na wielu polskich szlakach zim\u0105 wystarcz\u0105 ci raczki turystyczne. Prze\u015bwietlamy na blogu raczki VI.6+ Pro Traction Light. To jeden z najl\u017cejszych i najbardziej kompaktowych modeli.","canonical_url":"https:\/\/www.skalnik.pl\/blog\/raczki-turystyczne-vi-6-pro-traxion-lite-test\/","robots":"max-image-preview:large","keywords":"","webmasterTools":{"miscellaneous":""},"schema":{"@context":"https:\/\/schema.org","@graph":[{"@type":"BlogPosting","@id":"https:\/\/www.skalnik.pl\/blog\/raczki-turystyczne-vi-6-pro-traxion-lite-test\/#blogposting","name":"Raczki turystyczne VI.6+ Pro Traxion Lite \u2013 test - blog Skalnik","headline":"Raczki turystyczne VI.6+ Pro Traxion Lite \u2013 test","author":{"@id":"https:\/\/www.skalnik.pl\/blog\/author\/dominik-marzec\/#author"},"publisher":{"@id":"https:\/\/www.skalnik.pl\/blog\/#organization"},"image":{"@type":"ImageObject","url":"https:\/\/www.skalnik.pl\/blog\/wp-content\/uploads\/2019\/01\/ok\u0142adka-raczki.jpg","width":1920,"height":705},"datePublished":"2019-01-10T12:18:29+02:00","dateModified":"2023-10-02T09:29:57+02:00","inLanguage":"pl-PL","mainEntityOfPage":{"@id":"https:\/\/www.skalnik.pl\/blog\/raczki-turystyczne-vi-6-pro-traxion-lite-test\/#webpage"},"isPartOf":{"@id":"https:\/\/www.skalnik.pl\/blog\/raczki-turystyczne-vi-6-pro-traxion-lite-test\/#webpage"},"articleSection":"Testy, akcesoria turystyczne, VI.6+, zima, 1285, 671338, 671340, 671342, 671344, 684986, 710763, 710765, 710767, 710769"},{"@type":"BreadcrumbList","@id":"https:\/\/www.skalnik.pl\/blog\/raczki-turystyczne-vi-6-pro-traxion-lite-test\/#breadcrumblist","itemListElement":[{"@type":"ListItem","@id":"https:\/\/www.skalnik.pl\/blog#listItem","position":1,"name":"Home","item":"https:\/\/www.skalnik.pl\/blog","nextItem":{"@type":"ListItem","@id":"https:\/\/www.skalnik.pl\/blog\/.\/testy\/#listItem","name":"Testy"}},{"@type":"ListItem","@id":"https:\/\/www.skalnik.pl\/blog\/.\/testy\/#listItem","position":2,"name":"Testy","item":"https:\/\/www.skalnik.pl\/blog\/.\/testy\/","nextItem":{"@type":"ListItem","@id":"https:\/\/www.skalnik.pl\/blog\/raczki-turystyczne-vi-6-pro-traxion-lite-test\/#listItem","name":"Raczki turystyczne VI.6+ Pro Traxion Lite \u2013 test"},"previousItem":{"@type":"ListItem","@id":"https:\/\/www.skalnik.pl\/blog#listItem","name":"Home"}},{"@type":"ListItem","@id":"https:\/\/www.skalnik.pl\/blog\/raczki-turystyczne-vi-6-pro-traxion-lite-test\/#listItem","position":3,"name":"Raczki turystyczne VI.6+ Pro Traxion Lite \u2013 test","previousItem":{"@type":"ListItem","@id":"https:\/\/www.skalnik.pl\/blog\/.\/testy\/#listItem","name":"Testy"}}]},{"@type":"Organization","@id":"https:\/\/www.skalnik.pl\/blog\/#organization","name":"blog Skalnik","description":"Blog, porady, artyku\u0142y - blog Skalnik","url":"https:\/\/www.skalnik.pl\/blog\/"},{"@type":"Person","@id":"https:\/\/www.skalnik.pl\/blog\/author\/dominik-marzec\/#author","url":"https:\/\/www.skalnik.pl\/blog\/author\/dominik-marzec\/","name":"Dominik Marzec","image":{"@type":"ImageObject","@id":"https:\/\/www.skalnik.pl\/blog\/raczki-turystyczne-vi-6-pro-traxion-lite-test\/#authorImage","url":"https:\/\/secure.gravatar.com\/avatar\/3b5d5b73985d1015e6793369ac3b78362bc9b0fc6b0d982a1e6396714ef4fb75?s=96&d=mm&r=g","width":96,"height":96,"caption":"Dominik Marzec"}},{"@type":"WebPage","@id":"https:\/\/www.skalnik.pl\/blog\/raczki-turystyczne-vi-6-pro-traxion-lite-test\/#webpage","url":"https:\/\/www.skalnik.pl\/blog\/raczki-turystyczne-vi-6-pro-traxion-lite-test\/","name":"Raczki turystyczne VI.6+ Pro Traxion Lite \u2013 test - blog Skalnik","description":"Na wielu polskich szlakach zim\u0105 wystarcz\u0105 ci raczki turystyczne. Prze\u015bwietlamy na blogu raczki VI.6+ Pro Traction Light. To jeden z najl\u017cejszych i najbardziej kompaktowych modeli.","inLanguage":"pl-PL","isPartOf":{"@id":"https:\/\/www.skalnik.pl\/blog\/#website"},"breadcrumb":{"@id":"https:\/\/www.skalnik.pl\/blog\/raczki-turystyczne-vi-6-pro-traxion-lite-test\/#breadcrumblist"},"author":{"@id":"https:\/\/www.skalnik.pl\/blog\/author\/dominik-marzec\/#author"},"creator":{"@id":"https:\/\/www.skalnik.pl\/blog\/author\/dominik-marzec\/#author"},"image":{"@type":"ImageObject","url":"https:\/\/www.skalnik.pl\/blog\/wp-content\/uploads\/2019\/01\/ok\u0142adka-raczki.jpg","@id":"https:\/\/www.skalnik.pl\/blog\/raczki-turystyczne-vi-6-pro-traxion-lite-test\/#mainImage","width":1920,"height":705},"primaryImageOfPage":{"@id":"https:\/\/www.skalnik.pl\/blog\/raczki-turystyczne-vi-6-pro-traxion-lite-test\/#mainImage"},"datePublished":"2019-01-10T12:18:29+02:00","dateModified":"2023-10-02T09:29:57+02:00"},{"@type":"WebSite","@id":"https:\/\/www.skalnik.pl\/blog\/#website","url":"https:\/\/www.skalnik.pl\/blog\/","name":"blog Skalnik","description":"Blog, porady, artyku\u0142y - blog Skalnik","inLanguage":"pl-PL","publisher":{"@id":"https:\/\/www.skalnik.pl\/blog\/#organization"}}]},"og:locale":"pl_PL","og:site_name":"blog Skalnik - Blog, porady, artyku\u0142y - blog Skalnik","og:type":"article","og:title":"Raczki turystyczne VI.6+ Pro Traxion Lite \u2013 test - blog Skalnik","og:description":"Na wielu polskich szlakach zim\u0105 wystarcz\u0105 ci raczki turystyczne. Prze\u015bwietlamy na blogu raczki VI.6+ Pro Traction Light. To jeden z najl\u017cejszych i najbardziej kompaktowych modeli.","og:url":"https:\/\/www.skalnik.pl\/blog\/raczki-turystyczne-vi-6-pro-traxion-lite-test\/","og:image":"https:\/\/skalnik.pl\/blog\/wp-content\/uploads\/2019\/01\/04-1024x768.jpg","og:image:secure_url":"https:\/\/skalnik.pl\/blog\/wp-content\/uploads\/2019\/01\/04-1024x768.jpg","article:tag":["testy","akcesoria turystyczne","vi.6+","zima"],"article:published_time":"2019-01-10T11:18:29+00:00","article:modified_time":"2023-10-02T07:29:57+00:00","twitter:card":"summary_large_image","twitter:title":"Raczki turystyczne VI.6+ Pro Traxion Lite \u2013 test - blog Skalnik","twitter:description":"Na wielu polskich szlakach zim\u0105 wystarcz\u0105 ci raczki turystyczne. Prze\u015bwietlamy na blogu raczki VI.6+ Pro Traction Light. To jeden z najl\u017cejszych i najbardziej kompaktowych modeli.","twitter:image":"https:\/\/skalnik.pl\/blog\/wp-content\/uploads\/2019\/01\/04-1024x768.jpg"},"aioseo_meta_data":{"post_id":"5319","title":null,"description":null,"keywords":[],"keyphrases":{"focus":{"keyphrase":"","score":0,"analysis":{"keyphraseInTitle":{"score":0,"maxScore":9,"error":1}}},"additional":[]},"primary_term":null,"canonical_url":null,"og_title":null,"og_description":null,"og_object_type":"default","og_image_type":"default","og_image_url":null,"og_image_width":null,"og_image_height":null,"og_image_custom_url":null,"og_image_custom_fields":null,"og_video":"","og_custom_url":null,"og_article_section":null,"og_article_tags":[],"twitter_use_og":false,"twitter_card":"default","twitter_image_type":"default","twitter_image_url":null,"twitter_image_custom_url":null,"twitter_image_custom_fields":null,"twitter_title":null,"twitter_description":null,"schema":{"blockGraphs":[],"customGraphs":[],"default":{"data":{"Article":[],"Course":[],"Dataset":[],"FAQPage":[],"Movie":[],"Person":[],"Product":[],"ProductReview":[],"Car":[],"Recipe":[],"Service":[],"SoftwareApplication":[],"WebPage":[]},"graphName":"","isEnabled":true},"graphs":[]},"schema_type":"default","schema_type_options":null,"pillar_content":false,"robots_default":true,"robots_noindex":false,"robots_noarchive":false,"robots_nosnippet":false,"robots_nofollow":false,"robots_noimageindex":false,"robots_noodp":false,"robots_notranslate":false,"robots_max_snippet":"-1","robots_max_videopreview":"-1","robots_max_imagepreview":"large","priority":null,"frequency":"default","local_seo":null,"breadcrumb_settings":null,"limit_modified_date":false,"ai":null,"created":"2022-08-26 09:55:13","updated":"2026-02-17 21:28:25","seo_analyzer_scan_date":null},"aioseo_breadcrumb":"<div class=\"aioseo-breadcrumbs\"><span class=\"aioseo-breadcrumb\">\n\t\t\t<a href=\"https:\/\/www.skalnik.pl\/blog\" title=\"Home\">Home<\/a>\n\t\t<\/span><span class=\"aioseo-breadcrumb-separator\">&raquo;<\/span><span class=\"aioseo-breadcrumb\">\n\t\t\t<a href=\"https:\/\/www.skalnik.pl\/blog\/.\/testy\/\" title=\"Testy\">Testy<\/a>\n\t\t<\/span><span class=\"aioseo-breadcrumb-separator\">&raquo;<\/span><span class=\"aioseo-breadcrumb\">\n\t\t\tRaczki turystyczne VI.6+ Pro Traxion Lite \u2013 test\n\t\t<\/span><\/div>","aioseo_breadcrumb_json":[{"label":"Home","link":"https:\/\/www.skalnik.pl\/blog"},{"label":"Testy","link":"https:\/\/www.skalnik.pl\/blog\/.\/testy\/"},{"label":"Raczki turystyczne VI.6+ Pro Traxion Lite \u2013 test","link":"https:\/\/www.skalnik.pl\/blog\/raczki-turystyczne-vi-6-pro-traxion-lite-test\/"}],"_links":{"self":[{"href":"https:\/\/www.skalnik.pl\/blog\/wp-json\/wp\/v2\/posts\/5319","targetHints":{"allow":["GET"]}}],"collection":[{"href":"https:\/\/www.skalnik.pl\/blog\/wp-json\/wp\/v2\/posts"}],"about":[{"href":"https:\/\/www.skalnik.pl\/blog\/wp-json\/wp\/v2\/types\/post"}],"author":[{"embeddable":true,"href":"https:\/\/www.skalnik.pl\/blog\/wp-json\/wp\/v2\/users\/21"}],"replies":[{"embeddable":true,"href":"https:\/\/www.skalnik.pl\/blog\/wp-json\/wp\/v2\/comments?post=5319"}],"version-history":[{"count":12,"href":"https:\/\/www.skalnik.pl\/blog\/wp-json\/wp\/v2\/posts\/5319\/revisions"}],"predecessor-version":[{"id":11752,"href":"https:\/\/www.skalnik.pl\/blog\/wp-json\/wp\/v2\/posts\/5319\/revisions\/11752"}],"wp:featuredmedia":[{"embeddable":true,"href":"https:\/\/www.skalnik.pl\/blog\/wp-json\/wp\/v2\/media\/5329"}],"wp:attachment":[{"href":"https:\/\/www.skalnik.pl\/blog\/wp-json\/wp\/v2\/media?parent=5319"}],"wp:term":[{"taxonomy":"category","embeddable":true,"href":"https:\/\/www.skalnik.pl\/blog\/wp-json\/wp\/v2\/categories?post=5319"},{"taxonomy":"post_tag","embeddable":true,"href":"https:\/\/www.skalnik.pl\/blog\/wp-json\/wp\/v2\/tags?post=5319"},{"taxonomy":"magento_category","embeddable":true,"href":"https:\/\/www.skalnik.pl\/blog\/wp-json\/wp\/v2\/magento_category?post=5319"},{"taxonomy":"magento_product","embeddable":true,"href":"https:\/\/www.skalnik.pl\/blog\/wp-json\/wp\/v2\/magento_product?post=5319"}],"curies":[{"name":"wp","href":"https:\/\/api.w.org\/{rel}","templated":true}]}}