{"id":5333,"date":"2019-01-11T12:10:06","date_gmt":"2019-01-11T11:10:06","guid":{"rendered":"https:\/\/skalnik.pl\/blog\/?p=5333"},"modified":"2019-04-05T12:40:32","modified_gmt":"2019-04-05T10:40:32","slug":"rowerami-na-krance-swiata","status":"publish","type":"post","link":"https:\/\/www.skalnik.pl\/blog\/rowerami-na-krance-swiata\/","title":{"rendered":"Rowerami na Kra\u0144ce \u015awiata"},"content":{"rendered":"<p><img loading=\"lazy\" decoding=\"async\" class=\"wp-image-5335 alignright\" src=\"https:\/\/skalnik.pl\/blog\/wp-content\/uploads\/2019\/01\/mateusz-walig\u00f3ra-300x258.jpg\" alt=\"\" width=\"381\" height=\"327\" srcset=\"https:\/\/www.skalnik.pl\/blog\/wp-content\/uploads\/2019\/01\/mateusz-walig\u00f3ra-300x258.jpg 300w, https:\/\/www.skalnik.pl\/blog\/wp-content\/uploads\/2019\/01\/mateusz-walig\u00f3ra.jpg 325w\" sizes=\"auto, (max-width: 381px) 100vw, 381px\" \/><\/p>\n<p><b>TEMAT:<\/b><\/p>\n<p>Rowerami na Kra\u0144ce \u015awiata<\/p>\n<p><b>PRELEGENT:<\/b><\/p>\n<p>Mateusz Walig\u00f3ra<\/p>\n<p><b>MIEJSCE:<\/b><\/p>\n<p>Wybrze\u017ce Wyspia\u0144skiego 27, Politechnika Wroc\u0142awska, budynek A1, sala 329<\/p>\n<p><b>DATA:<\/b><\/p>\n<p>22.01.2018, godz. 19:00<\/p>\n<div id=\"ez-toc-container\" class=\"ez-toc-v2_0_85 counter-hierarchy ez-toc-counter ez-toc-light-blue ez-toc-container-direction\">\n<div class=\"ez-toc-title-container\">\n<p class=\"ez-toc-title\" style=\"cursor:inherit\">SPIS TRE\u015aCI <\/p>\n<span class=\"ez-toc-title-toggle\"><a href=\"#\" class=\"ez-toc-pull-right ez-toc-btn ez-toc-btn-xs ez-toc-btn-default ez-toc-toggle\" aria-label=\"Prze\u0142\u0105cznik Spisu Tre\u015bci\"><span class=\"ez-toc-js-icon-con\"><span class=\"\"><span class=\"eztoc-hide\" style=\"display:none;\">Toggle<\/span><span class=\"ez-toc-icon-toggle-span\"><svg style=\"fill: #999;color:#999\" xmlns=\"http:\/\/www.w3.org\/2000\/svg\" class=\"list-377408\" width=\"20px\" height=\"20px\" viewBox=\"0 0 24 24\" fill=\"none\"><path d=\"M6 6H4v2h2V6zm14 0H8v2h12V6zM4 11h2v2H4v-2zm16 0H8v2h12v-2zM4 16h2v2H4v-2zm16 0H8v2h12v-2z\" fill=\"currentColor\"><\/path><\/svg><svg style=\"fill: #999;color:#999\" class=\"arrow-unsorted-368013\" xmlns=\"http:\/\/www.w3.org\/2000\/svg\" width=\"10px\" height=\"10px\" viewBox=\"0 0 24 24\" version=\"1.2\" baseProfile=\"tiny\"><path d=\"M18.2 9.3l-6.2-6.3-6.2 6.3c-.2.2-.3.4-.3.7s.1.5.3.7c.2.2.4.3.7.3h11c.3 0 .5-.1.7-.3.2-.2.3-.5.3-.7s-.1-.5-.3-.7zM5.8 14.7l6.2 6.3 6.2-6.3c.2-.2.3-.5.3-.7s-.1-.5-.3-.7c-.2-.2-.4-.3-.7-.3h-11c-.3 0-.5.1-.7.3-.2.2-.3.5-.3.7s.1.5.3.7z\"\/><\/svg><\/span><\/span><\/span><\/a><\/span><\/div>\n<nav><ul class='ez-toc-list ez-toc-list-level-1 ' ><li class='ez-toc-page-1 ez-toc-heading-level-2'><a class=\"ez-toc-link ez-toc-heading-1\" href=\"https:\/\/www.skalnik.pl\/blog\/rowerami-na-krance-swiata\/#O_prelekcji\" >O prelekcji:<\/a><\/li><li class='ez-toc-page-1 ez-toc-heading-level-2'><a class=\"ez-toc-link ez-toc-heading-2\" href=\"https:\/\/www.skalnik.pl\/blog\/rowerami-na-krance-swiata\/#Mateusz_Waligora\" >Mateusz Walig\u00f3ra<\/a><\/li><li class='ez-toc-page-1 ez-toc-heading-level-2'><a class=\"ez-toc-link ez-toc-heading-3\" href=\"https:\/\/www.skalnik.pl\/blog\/rowerami-na-krance-swiata\/#Sponsorzy\" >Sponsorzy<\/a><\/li><\/ul><\/nav><\/div>\n<h2><span class=\"ez-toc-section\" id=\"O_prelekcji\"><\/span>O prelekcji:<span class=\"ez-toc-section-end\"><\/span><\/h2>\n<p>\u201cRowerami na Kra\u0144ce \u015awiata\u201d \u2013 to temat najbli\u017cszych Spotka\u0144 z G\u00f3rami, kt\u00f3re odb\u0119d\u0105 si\u0119 ju\u017c 22 stycznia! Tym razem zar\u00f3wno co\u015b dla podr\u00f3\u017cnik\u00f3w, jak i dla zdeklarowanych g\u00f3ro\u0142az\u00f3w. O rowerowej podr\u00f3\u017cy we dwoje po Andach i Australii opowie Mateusz Walig\u00f3ra.<\/p>\n<p>Tak to wygl\u0105da w liczbach: 2 ludzi, 2 lata, 2 kontynenty, 16 000 km, 7 wysokich g\u00f3r. Ale liczby nie oddaj\u0105 dok\u0142adnie tego, do\u015bwiadczyli Aga i Mateusz. Podr\u00f3\u017cuj\u0105c na rowerach prze\u017cyli miliony przyg\u00f3d, o kt\u00f3rych teraz Mateusz opowie we Wroc\u0142awiu.<\/p>\n<p><img loading=\"lazy\" decoding=\"async\" class=\"alignnone wp-image-5339 size-full\" src=\"https:\/\/skalnik.pl\/blog\/wp-content\/uploads\/2019\/01\/Rowerami-na-Kra\u0144ce-\u015awiata-3.jpg\" alt=\"\" width=\"1000\" height=\"667\" srcset=\"https:\/\/www.skalnik.pl\/blog\/wp-content\/uploads\/2019\/01\/Rowerami-na-Kra\u0144ce-\u015awiata-3.jpg 1000w, https:\/\/www.skalnik.pl\/blog\/wp-content\/uploads\/2019\/01\/Rowerami-na-Kra\u0144ce-\u015awiata-3-300x200.jpg 300w, https:\/\/www.skalnik.pl\/blog\/wp-content\/uploads\/2019\/01\/Rowerami-na-Kra\u0144ce-\u015awiata-3-768x512.jpg 768w\" sizes=\"auto, (max-width: 1000px) 100vw, 1000px\" \/><\/p>\n<p>Podr\u00f3\u017c przez Ameryk\u0119 Po\u0142udniow\u0105 i Australi\u0119 by\u0142a spe\u0142nieniem ich marze\u0144. Wyruszyli z zamiarem podr\u00f3\u017cowania przez Andy, bo w g\u00f3rach wysokich czuj\u0105 si\u0119 najlepiej. W rowerowych sakwach mieli sprz\u0119t wspinaczkowy, dzi\u0119ki kt\u00f3remu uda\u0142o im si\u0119 zdoby\u0107 kilka pi\u0119knych i wysokich szczyt\u00f3w. W\u015br\u00f3d nich by\u0142a najwy\u017csza w Ameryce Po\u0142udniowej Aconcagua oraz jeden z najwy\u017cszych i wci\u0105\u017c czynnych wulkan\u00f3w Cotopaxi. Rowerowy trawers And\u00f3w to jednak nie tylko wej\u015bcia na wysokie szczyty, zagl\u0105danie pod s\u0142ynne skalne \u015bciany Fitz Roy czy Cerro Torre. To tak\u017ce masa do\u015bwiadcze\u0144 i niekonwencjonalnych rozwi\u0105za\u0144, o kt\u00f3rych warto us\u0142ysze\u0107. Na prelekcji mo\u017cesz dowiedzie\u0107 si\u0119 jak wyleczy\u0107 przezi\u0119bienie mikstur\u0105 z pancernik\u00f3w i jak przygotowa\u0107 si\u0119, by dojecha\u0107 na kra\u0144ce \u015bwiata na dw\u00f3ch k\u00f3\u0142kach. Po przejechaniu Ameryki Po\u0142udniowej, Aga i Mateusz wyruszyli w dalsz\u0105 podr\u00f3\u017c po Australii. By\u0142o to mo\u017cliwe, poniewa\u017c jako pierwsi Polacy zostali laureatami grantu eksploracyjnego Polartec Challenge. Dzi\u0119ki niemu mogli kontynuowa\u0107 sw\u0105 przygod\u0119, o kt\u00f3rej opowiedz\u0105 wkr\u00f3tce we Wroc\u0142awiu.<\/p>\n<p>Przyjd\u017a na prelekcj\u0119, zobacz prezentacj\u0119 i ws\u0142uchaj si\u0119 w opowie\u015bci. Czy wiesz, \u017ce na ekwadorskim pustkowiu mo\u017cna us\u0142ysze\u0107: \u201ekrzoszcz przmi w czinie\u201d, a w argenty\u0144skiej prowincji Misiones mo\u017cna szuka\u0107 \u015blad\u00f3w Polak\u00f3w? Znajd\u017a chwil\u0119 i przyjd\u017a. B\u0105d\u017a przez moment jak mieszka\u0144cy andyjskich wiosek, kt\u00f3rzy nie maj\u0105 zegark\u00f3w, ale zawsze maj\u0105 czas na wszystko!<\/p>\n<div class=\"page_gallery\">\n\n\t\t<style type=\"text\/css\">\n\t\t\t#gallery-1 {\n\t\t\t\tmargin: auto;\n\t\t\t}\n\t\t\t#gallery-1 .gallery-item {\n\t\t\t\tfloat: left;\n\t\t\t\tmargin-top: 10px;\n\t\t\t\ttext-align: center;\n\t\t\t\twidth: 33%;\n\t\t\t}\n\t\t\t#gallery-1 img {\n\t\t\t\tborder: 2px solid #cfcfcf;\n\t\t\t}\n\t\t\t#gallery-1 .gallery-caption {\n\t\t\t\tmargin-left: 0;\n\t\t\t}\n\t\t\t\/* see gallery_shortcode() in wp-includes\/media.php *\/\n\t\t<\/style>\n\t\t<div id='gallery-1' class='gallery galleryid-5333 gallery-columns-3 gallery-size-full'><dl class='gallery-item'>\n\t\t\t<dt class='gallery-icon landscape'>\n\t\t\t\t<img loading=\"lazy\" decoding=\"async\" width=\"1000\" height=\"667\" src=\"https:\/\/www.skalnik.pl\/blog\/wp-content\/uploads\/2019\/01\/Rowerami-na-Kra\u0144ce-\u015awiata-2.jpg\" class=\"attachment-full size-full\" alt=\"\" srcset=\"https:\/\/www.skalnik.pl\/blog\/wp-content\/uploads\/2019\/01\/Rowerami-na-Kra\u0144ce-\u015awiata-2.jpg 1000w, https:\/\/www.skalnik.pl\/blog\/wp-content\/uploads\/2019\/01\/Rowerami-na-Kra\u0144ce-\u015awiata-2-300x200.jpg 300w, https:\/\/www.skalnik.pl\/blog\/wp-content\/uploads\/2019\/01\/Rowerami-na-Kra\u0144ce-\u015awiata-2-768x512.jpg 768w\" sizes=\"auto, (max-width: 1000px) 100vw, 1000px\" \/>\n\t\t\t<\/dt><\/dl><dl class='gallery-item'>\n\t\t\t<dt class='gallery-icon landscape'>\n\t\t\t\t<img loading=\"lazy\" decoding=\"async\" width=\"1000\" height=\"667\" src=\"https:\/\/www.skalnik.pl\/blog\/wp-content\/uploads\/2019\/01\/Rowerami-na-Kra\u0144ce-\u015awiata-4.jpg\" class=\"attachment-full size-full\" alt=\"\" srcset=\"https:\/\/www.skalnik.pl\/blog\/wp-content\/uploads\/2019\/01\/Rowerami-na-Kra\u0144ce-\u015awiata-4.jpg 1000w, https:\/\/www.skalnik.pl\/blog\/wp-content\/uploads\/2019\/01\/Rowerami-na-Kra\u0144ce-\u015awiata-4-300x200.jpg 300w, https:\/\/www.skalnik.pl\/blog\/wp-content\/uploads\/2019\/01\/Rowerami-na-Kra\u0144ce-\u015awiata-4-768x512.jpg 768w\" sizes=\"auto, (max-width: 1000px) 100vw, 1000px\" \/>\n\t\t\t<\/dt><\/dl><dl class='gallery-item'>\n\t\t\t<dt class='gallery-icon landscape'>\n\t\t\t\t<img loading=\"lazy\" decoding=\"async\" width=\"1000\" height=\"667\" src=\"https:\/\/www.skalnik.pl\/blog\/wp-content\/uploads\/2019\/01\/Rowerami-na-Kra\u0144ce-\u015awiata-6.jpg\" class=\"attachment-full size-full\" alt=\"\" srcset=\"https:\/\/www.skalnik.pl\/blog\/wp-content\/uploads\/2019\/01\/Rowerami-na-Kra\u0144ce-\u015awiata-6.jpg 1000w, https:\/\/www.skalnik.pl\/blog\/wp-content\/uploads\/2019\/01\/Rowerami-na-Kra\u0144ce-\u015awiata-6-300x200.jpg 300w, https:\/\/www.skalnik.pl\/blog\/wp-content\/uploads\/2019\/01\/Rowerami-na-Kra\u0144ce-\u015awiata-6-768x512.jpg 768w\" sizes=\"auto, (max-width: 1000px) 100vw, 1000px\" \/>\n\t\t\t<\/dt><\/dl><br style=\"clear: both\" \/><dl class='gallery-item'>\n\t\t\t<dt class='gallery-icon landscape'>\n\t\t\t\t<img loading=\"lazy\" decoding=\"async\" width=\"1000\" height=\"667\" src=\"https:\/\/www.skalnik.pl\/blog\/wp-content\/uploads\/2019\/01\/Rowerami-na-Kra\u0144ce-\u015awiata-8.jpg\" class=\"attachment-full size-full\" alt=\"\" srcset=\"https:\/\/www.skalnik.pl\/blog\/wp-content\/uploads\/2019\/01\/Rowerami-na-Kra\u0144ce-\u015awiata-8.jpg 1000w, https:\/\/www.skalnik.pl\/blog\/wp-content\/uploads\/2019\/01\/Rowerami-na-Kra\u0144ce-\u015awiata-8-300x200.jpg 300w, https:\/\/www.skalnik.pl\/blog\/wp-content\/uploads\/2019\/01\/Rowerami-na-Kra\u0144ce-\u015awiata-8-768x512.jpg 768w\" sizes=\"auto, (max-width: 1000px) 100vw, 1000px\" \/>\n\t\t\t<\/dt><\/dl>\n\t\t\t<br style='clear: both' \/>\n\t\t<\/div>\n\n<\/div>\n<h2><span class=\"ez-toc-section\" id=\"Mateusz_Waligora\"><\/span>Mateusz Walig\u00f3ra<span class=\"ez-toc-section-end\"><\/span><\/h2>\n<p>jest podr\u00f3\u017cnikiem, fotografem i przewodnikiem, kt\u00f3ry od wielu lat podejmuje si\u0119 realizowania ambitnych wypraw w najbardziej odludne miejsca na \u015bwiecie. W takich wyprawach sta\u0142 si\u0119 specjalist\u0105. W ostatniej ze swych wypraw, jako pierwszy cz\u0142owiek przeszed\u0142 samotnie przez pustyni\u0119 Gobi. Przez 58 dni pokona\u0142 pieszo najwi\u0119ksz\u0105 pustyni\u0119 Azji ci\u0105gn\u0105c za sob\u0105 w\u00f3zek z ekwipunkiem, kt\u00f3ry wa\u017cy\u0142 przesz\u0142o 200 kg. To ostatni, ale nie jedyny z jego wyczyn\u00f3w.<\/p>\n<p>Na koncie ma rowerowy trawers And\u00f3w (o kt\u00f3rym opowie), samotny przejazd rowerem przez Canning Stock Route w Australii Zachodniej &#8211; drog\u0119, kt\u00f3ra uchodzi za najtrudniejsz\u0105 drog\u0119 do przebycia na \u015bwiecie, czy samotny trawers najwi\u0119kszej pustyni solnej \u015bwiata Salar de Uyuni w Boliwii.<\/p>\n<p>Mateusz zapraszany jest na najwa\u017cniejsze festiwale podr\u00f3\u017cnicze i g\u00f3rskie. Za realizacj\u0119 swych ambitnych projekt\u00f3w zosta\u0142 wyr\u00f3\u017cniony wieloma nagrodami i nominacjami. By\u0142 wsp\u00f3\u0142laureatem grantu Polartec Challenge, kilkukrotnie nominowano go i wyr\u00f3\u017cniano na festiwalu Kolosy w kategorii \u201cWyczyn Roku\u201d. W 2017 r. otrzyma\u0142 nagrod\u0119 \u201cKsi\u0105\u017cki G\u00f3rskiej Roku\u201d w kategorii \u201cPrzewodniki i poradniki g\u00f3rskie\u201d na Festiwalu G\u00f3rskim w L\u0105dku Zdroju za ksi\u0105\u017ck\u0119 \u201cTREK\u201d. Podr\u00f3\u017cowanie to dla niego r\u00f3wnie\u017c spotkania z lud\u017ami i ich problemami, a tak\u017ce poznawanie zwyczaj\u00f3w i kultury. Mo\u017ce o tym \u015bwiadczy\u0107 projekt, kt\u00f3ry wymy\u015bli\u0142 wraz z Micha\u0142em Dzikowskim. W ramach projektu \u201eBefeore It Is Gone\u201d podr\u00f3\u017cnicy odwiedzaj\u0105 miejsca miejsca, kt\u00f3re szybko zmieniaj\u0105 si\u0119 lub gin\u0105 na skutek degradacji \u015brodowiska i ekspansji cywilizacji. Mateusz jest ambasadorem marek <a href=\"https:\/\/skalnik.pl\/fjallraven\" target=\"_blank\" rel=\"noopener\">Fj\u00e4llr\u00e4ven<\/a> i <a href=\"https:\/\/skalnik.pl\/primus\" target=\"_blank\" rel=\"noopener\">Primus.<\/a><\/p>\n<p><iframe loading=\"lazy\" src=\"https:\/\/player.vimeo.com\/video\/83180411\" width=\"640\" height=\"360\" frameborder=\"0\" allowfullscreen=\"allowfullscreen\"><\/iframe><\/p>\n<p><iframe loading=\"lazy\" src=\"https:\/\/www.youtube.com\/embed\/HI3reDPl4mU\" width=\"560\" height=\"315\" frameborder=\"0\" allowfullscreen=\"allowfullscreen\"><\/iframe><\/p>\n<div class=\"sponsors\">\n<h2><span class=\"ez-toc-section\" id=\"Sponsorzy\"><\/span>Sponsorzy<span class=\"ez-toc-section-end\"><\/span><\/h2>\n\n\t\t<style type=\"text\/css\">\n\t\t\t#gallery-2 {\n\t\t\t\tmargin: auto;\n\t\t\t}\n\t\t\t#gallery-2 .gallery-item {\n\t\t\t\tfloat: left;\n\t\t\t\tmargin-top: 10px;\n\t\t\t\ttext-align: center;\n\t\t\t\twidth: 20%;\n\t\t\t}\n\t\t\t#gallery-2 img {\n\t\t\t\tborder: 2px solid #cfcfcf;\n\t\t\t}\n\t\t\t#gallery-2 .gallery-caption {\n\t\t\t\tmargin-left: 0;\n\t\t\t}\n\t\t\t\/* see gallery_shortcode() in wp-includes\/media.php *\/\n\t\t<\/style>\n\t\t<div id='gallery-2' class='gallery galleryid-5333 gallery-columns-5 gallery-size-thumbnail'><dl class='gallery-item'>\n\t\t\t<dt class='gallery-icon landscape'>\n\t\t\t\t<img loading=\"lazy\" decoding=\"async\" width=\"150\" height=\"150\" src=\"https:\/\/www.skalnik.pl\/blog\/wp-content\/uploads\/2016\/10\/74236798.jpg\" class=\"attachment-thumbnail size-thumbnail\" alt=\"skalnik logo\" \/>\n\t\t\t<\/dt><\/dl><dl class='gallery-item'>\n\t\t\t<dt class='gallery-icon landscape'>\n\t\t\t\t<img loading=\"lazy\" decoding=\"async\" width=\"150\" height=\"150\" src=\"https:\/\/www.skalnik.pl\/blog\/wp-content\/uploads\/2016\/10\/18654627.jpg\" class=\"attachment-thumbnail size-thumbnail\" alt=\"DKF logo\" \/>\n\t\t\t<\/dt><\/dl><dl class='gallery-item'>\n\t\t\t<dt class='gallery-icon landscape'>\n\t\t\t\t<img loading=\"lazy\" decoding=\"async\" width=\"150\" height=\"150\" src=\"https:\/\/www.skalnik.pl\/blog\/wp-content\/uploads\/2016\/10\/55774142.jpg\" class=\"attachment-thumbnail size-thumbnail\" alt=\"Politechnika logo\" \/>\n\t\t\t<\/dt><\/dl><dl class='gallery-item'>\n\t\t\t<dt class='gallery-icon landscape'>\n\t\t\t\t<img loading=\"lazy\" decoding=\"async\" width=\"150\" height=\"150\" src=\"https:\/\/www.skalnik.pl\/blog\/wp-content\/uploads\/2016\/10\/64382480.jpg\" class=\"attachment-thumbnail size-thumbnail\" alt=\"VI.6+ logo\" \/>\n\t\t\t<\/dt><\/dl><dl class='gallery-item'>\n\t\t\t<dt class='gallery-icon landscape'>\n\t\t\t\t<img loading=\"lazy\" decoding=\"async\" width=\"150\" height=\"150\" src=\"https:\/\/www.skalnik.pl\/blog\/wp-content\/uploads\/2016\/10\/25112021.jpg\" class=\"attachment-thumbnail size-thumbnail\" alt=\"volven logo\" \/>\n\t\t\t<\/dt><\/dl><br style=\"clear: both\" \/><dl class='gallery-item'>\n\t\t\t<dt class='gallery-icon landscape'>\n\t\t\t\t<img loading=\"lazy\" decoding=\"async\" width=\"150\" height=\"150\" src=\"https:\/\/www.skalnik.pl\/blog\/wp-content\/uploads\/2018\/07\/images.png\" class=\"attachment-thumbnail size-thumbnail\" alt=\"silver rock logo\" \/>\n\t\t\t<\/dt><\/dl><dl class='gallery-item'>\n\t\t\t<dt class='gallery-icon landscape'>\n\t\t\t\t<img loading=\"lazy\" decoding=\"async\" width=\"150\" height=\"150\" src=\"https:\/\/www.skalnik.pl\/blog\/wp-content\/uploads\/2018\/07\/23800164.jpg\" class=\"attachment-thumbnail size-thumbnail\" alt=\"Fjallraven logo\" \/>\n\t\t\t<\/dt><\/dl><dl class='gallery-item'>\n\t\t\t<dt class='gallery-icon landscape'>\n\t\t\t\t<img loading=\"lazy\" decoding=\"async\" width=\"150\" height=\"150\" src=\"https:\/\/www.skalnik.pl\/blog\/wp-content\/uploads\/2018\/07\/29435797.jpg\" class=\"attachment-thumbnail size-thumbnail\" alt=\"primus logo\" \/>\n\t\t\t<\/dt><\/dl>\n\t\t\t<br style='clear: both' \/>\n\t\t<\/div>\n\n<\/div>\n","protected":false},"excerpt":{"rendered":"<p>Agnieszka i Mateusz Walig\u00f3ra przemierzyli 16 000 km na rowerach przez Andy i Australi\u0119. Po drodze zdobywali wysokie szczyty  i przygl\u0105dali si\u0119 \u017cyciu miejscowej ludno\u015bci. O niesamowitej podr\u00f3\u017cy rowerowej przez dwa kontynenty Mateusz  opowie na styczniowych Spotkaniach z G\u00f3rami.<\/p>\n","protected":false},"author":10,"featured_media":5346,"comment_status":"open","ping_status":"open","sticky":false,"template":"","format":"standard","meta":{"_acf_changed":false,"footnotes":""},"categories":[9],"tags":[94,116,202,92],"magento_category":[],"magento_product":[],"class_list":["post-5333","post","type-post","status-publish","format-standard","has-post-thumbnail","hentry","category-spotkania-z-gorami","tag-inspiracje","tag-podroze","tag-spotkania-z-gorami","tag-styl-zycia"],"acf":[],"aioseo_notices":[],"aioseo_head":"\n\t\t<!-- All in One SEO 4.9.10 - aioseo.com -->\n\t<meta name=\"description\" content=\"Agnieszka i Mateusz Walig\u00f3ra przemierzyli 16 000 km na rowerach przez Andy i Australi\u0119. Po drodze zdobywali wysokie szczyty i przygl\u0105dali si\u0119 \u017cyciu miejscowej ludno\u015bci. O niesamowitej podr\u00f3\u017cy rowerowej przez dwa kontynenty Mateusz opowie na styczniowych Spotkaniach z G\u00f3rami.\" \/>\n\t<meta name=\"robots\" content=\"max-image-preview:large\" \/>\n\t<meta name=\"author\" content=\"Spotkania z G\u00f3rami\"\/>\n\t<link rel=\"canonical\" href=\"https:\/\/www.skalnik.pl\/blog\/rowerami-na-krance-swiata\/\" \/>\n\t<meta name=\"generator\" content=\"All in One SEO (AIOSEO) 4.9.10\" \/>\n\t\t<meta property=\"og:locale\" content=\"pl_PL\" \/>\n\t\t<meta property=\"og:site_name\" content=\"blog Skalnik - Blog, porady, artyku\u0142y - blog Skalnik\" \/>\n\t\t<meta property=\"og:type\" content=\"article\" \/>\n\t\t<meta property=\"og:title\" content=\"Rowerami na Kra\u0144ce \u015awiata - blog Skalnik\" \/>\n\t\t<meta property=\"og:description\" content=\"Agnieszka i Mateusz Walig\u00f3ra przemierzyli 16 000 km na rowerach przez Andy i Australi\u0119. Po drodze zdobywali wysokie szczyty i przygl\u0105dali si\u0119 \u017cyciu miejscowej ludno\u015bci. O niesamowitej podr\u00f3\u017cy rowerowej przez dwa kontynenty Mateusz opowie na styczniowych Spotkaniach z G\u00f3rami.\" \/>\n\t\t<meta property=\"og:url\" content=\"https:\/\/www.skalnik.pl\/blog\/rowerami-na-krance-swiata\/\" \/>\n\t\t<meta property=\"og:image\" content=\"https:\/\/skalnik.pl\/blog\/wp-content\/uploads\/2019\/01\/mateusz-walig\u00f3ra-300x258.jpg\" \/>\n\t\t<meta property=\"og:image:secure_url\" content=\"https:\/\/skalnik.pl\/blog\/wp-content\/uploads\/2019\/01\/mateusz-walig\u00f3ra-300x258.jpg\" \/>\n\t\t<meta property=\"article:tag\" content=\"spotkania z g\u00f3rami\" \/>\n\t\t<meta property=\"article:tag\" content=\"inspiracje\" \/>\n\t\t<meta property=\"article:tag\" content=\"podr\u00f3\u017ce\" \/>\n\t\t<meta property=\"article:tag\" content=\"styl \u017cycia\" \/>\n\t\t<meta property=\"article:published_time\" content=\"2019-01-11T11:10:06+00:00\" \/>\n\t\t<meta property=\"article:modified_time\" content=\"2019-04-05T10:40:32+00:00\" \/>\n\t\t<meta name=\"twitter:card\" content=\"summary_large_image\" \/>\n\t\t<meta name=\"twitter:title\" content=\"Rowerami na Kra\u0144ce \u015awiata - blog Skalnik\" \/>\n\t\t<meta name=\"twitter:description\" content=\"Agnieszka i Mateusz Walig\u00f3ra przemierzyli 16 000 km na rowerach przez Andy i Australi\u0119. Po drodze zdobywali wysokie szczyty i przygl\u0105dali si\u0119 \u017cyciu miejscowej ludno\u015bci. O niesamowitej podr\u00f3\u017cy rowerowej przez dwa kontynenty Mateusz opowie na styczniowych Spotkaniach z G\u00f3rami.\" \/>\n\t\t<meta name=\"twitter:image\" content=\"https:\/\/skalnik.pl\/blog\/wp-content\/uploads\/2019\/01\/mateusz-walig\u00f3ra-300x258.jpg\" \/>\n\t\t<script type=\"application\/ld+json\" class=\"aioseo-schema\">\n\t\t\t{\"@context\":\"https:\\\/\\\/schema.org\",\"@graph\":[{\"@type\":\"BlogPosting\",\"@id\":\"https:\\\/\\\/www.skalnik.pl\\\/blog\\\/rowerami-na-krance-swiata\\\/#blogposting\",\"name\":\"Rowerami na Kra\\u0144ce \\u015awiata - blog Skalnik\",\"headline\":\"Rowerami na Kra\\u0144ce \\u015awiata\",\"author\":{\"@id\":\"https:\\\/\\\/www.skalnik.pl\\\/blog\\\/author\\\/spotkania\\\/#author\"},\"publisher\":{\"@id\":\"https:\\\/\\\/www.skalnik.pl\\\/blog\\\/#organization\"},\"image\":{\"@type\":\"ImageObject\",\"url\":\"https:\\\/\\\/www.skalnik.pl\\\/blog\\\/wp-content\\\/uploads\\\/2019\\\/01\\\/Rowerami-na-Kra\\u0144ce-\\u015awiata-ok\\u0142adka.jpg\",\"width\":2165,\"height\":795},\"datePublished\":\"2019-01-11T12:10:06+02:00\",\"dateModified\":\"2019-04-05T12:40:32+02:00\",\"inLanguage\":\"pl-PL\",\"mainEntityOfPage\":{\"@id\":\"https:\\\/\\\/www.skalnik.pl\\\/blog\\\/rowerami-na-krance-swiata\\\/#webpage\"},\"isPartOf\":{\"@id\":\"https:\\\/\\\/www.skalnik.pl\\\/blog\\\/rowerami-na-krance-swiata\\\/#webpage\"},\"articleSection\":\"Spotkania z g\\u00f3rami, inspiracje, podr\\u00f3\\u017ce, spotkania z g\\u00f3rami, styl \\u017cycia\"},{\"@type\":\"BreadcrumbList\",\"@id\":\"https:\\\/\\\/www.skalnik.pl\\\/blog\\\/rowerami-na-krance-swiata\\\/#breadcrumblist\",\"itemListElement\":[{\"@type\":\"ListItem\",\"@id\":\"https:\\\/\\\/www.skalnik.pl\\\/blog#listItem\",\"position\":1,\"name\":\"Home\",\"item\":\"https:\\\/\\\/www.skalnik.pl\\\/blog\",\"nextItem\":{\"@type\":\"ListItem\",\"@id\":\"https:\\\/\\\/www.skalnik.pl\\\/blog\\\/.\\\/spotkania-z-gorami\\\/#listItem\",\"name\":\"Spotkania z g\\u00f3rami\"}},{\"@type\":\"ListItem\",\"@id\":\"https:\\\/\\\/www.skalnik.pl\\\/blog\\\/.\\\/spotkania-z-gorami\\\/#listItem\",\"position\":2,\"name\":\"Spotkania z g\\u00f3rami\",\"item\":\"https:\\\/\\\/www.skalnik.pl\\\/blog\\\/.\\\/spotkania-z-gorami\\\/\",\"nextItem\":{\"@type\":\"ListItem\",\"@id\":\"https:\\\/\\\/www.skalnik.pl\\\/blog\\\/rowerami-na-krance-swiata\\\/#listItem\",\"name\":\"Rowerami na Kra\\u0144ce \\u015awiata\"},\"previousItem\":{\"@type\":\"ListItem\",\"@id\":\"https:\\\/\\\/www.skalnik.pl\\\/blog#listItem\",\"name\":\"Home\"}},{\"@type\":\"ListItem\",\"@id\":\"https:\\\/\\\/www.skalnik.pl\\\/blog\\\/rowerami-na-krance-swiata\\\/#listItem\",\"position\":3,\"name\":\"Rowerami na Kra\\u0144ce \\u015awiata\",\"previousItem\":{\"@type\":\"ListItem\",\"@id\":\"https:\\\/\\\/www.skalnik.pl\\\/blog\\\/.\\\/spotkania-z-gorami\\\/#listItem\",\"name\":\"Spotkania z g\\u00f3rami\"}}]},{\"@type\":\"Organization\",\"@id\":\"https:\\\/\\\/www.skalnik.pl\\\/blog\\\/#organization\",\"name\":\"blog Skalnik\",\"description\":\"Blog, porady, artyku\\u0142y - blog Skalnik\",\"url\":\"https:\\\/\\\/www.skalnik.pl\\\/blog\\\/\"},{\"@type\":\"Person\",\"@id\":\"https:\\\/\\\/www.skalnik.pl\\\/blog\\\/author\\\/spotkania\\\/#author\",\"url\":\"https:\\\/\\\/www.skalnik.pl\\\/blog\\\/author\\\/spotkania\\\/\",\"name\":\"Spotkania z G\\u00f3rami\",\"image\":{\"@type\":\"ImageObject\",\"@id\":\"https:\\\/\\\/www.skalnik.pl\\\/blog\\\/rowerami-na-krance-swiata\\\/#authorImage\",\"url\":\"https:\\\/\\\/secure.gravatar.com\\\/avatar\\\/e09dd3aeee26ff64ebd6fda736cd0f273a292e33f7d42d8fbdff1ba323502b0b?s=96&d=mm&r=g\",\"width\":96,\"height\":96,\"caption\":\"Spotkania z G\\u00f3rami\"}},{\"@type\":\"WebPage\",\"@id\":\"https:\\\/\\\/www.skalnik.pl\\\/blog\\\/rowerami-na-krance-swiata\\\/#webpage\",\"url\":\"https:\\\/\\\/www.skalnik.pl\\\/blog\\\/rowerami-na-krance-swiata\\\/\",\"name\":\"Rowerami na Kra\\u0144ce \\u015awiata - blog Skalnik\",\"description\":\"Agnieszka i Mateusz Walig\\u00f3ra przemierzyli 16 000 km na rowerach przez Andy i Australi\\u0119. Po drodze zdobywali wysokie szczyty i przygl\\u0105dali si\\u0119 \\u017cyciu miejscowej ludno\\u015bci. O niesamowitej podr\\u00f3\\u017cy rowerowej przez dwa kontynenty Mateusz opowie na styczniowych Spotkaniach z G\\u00f3rami.\",\"inLanguage\":\"pl-PL\",\"isPartOf\":{\"@id\":\"https:\\\/\\\/www.skalnik.pl\\\/blog\\\/#website\"},\"breadcrumb\":{\"@id\":\"https:\\\/\\\/www.skalnik.pl\\\/blog\\\/rowerami-na-krance-swiata\\\/#breadcrumblist\"},\"author\":{\"@id\":\"https:\\\/\\\/www.skalnik.pl\\\/blog\\\/author\\\/spotkania\\\/#author\"},\"creator\":{\"@id\":\"https:\\\/\\\/www.skalnik.pl\\\/blog\\\/author\\\/spotkania\\\/#author\"},\"image\":{\"@type\":\"ImageObject\",\"url\":\"https:\\\/\\\/www.skalnik.pl\\\/blog\\\/wp-content\\\/uploads\\\/2019\\\/01\\\/Rowerami-na-Kra\\u0144ce-\\u015awiata-ok\\u0142adka.jpg\",\"@id\":\"https:\\\/\\\/www.skalnik.pl\\\/blog\\\/rowerami-na-krance-swiata\\\/#mainImage\",\"width\":2165,\"height\":795},\"primaryImageOfPage\":{\"@id\":\"https:\\\/\\\/www.skalnik.pl\\\/blog\\\/rowerami-na-krance-swiata\\\/#mainImage\"},\"datePublished\":\"2019-01-11T12:10:06+02:00\",\"dateModified\":\"2019-04-05T12:40:32+02:00\"},{\"@type\":\"WebSite\",\"@id\":\"https:\\\/\\\/www.skalnik.pl\\\/blog\\\/#website\",\"url\":\"https:\\\/\\\/www.skalnik.pl\\\/blog\\\/\",\"name\":\"blog Skalnik\",\"description\":\"Blog, porady, artyku\\u0142y - blog Skalnik\",\"inLanguage\":\"pl-PL\",\"publisher\":{\"@id\":\"https:\\\/\\\/www.skalnik.pl\\\/blog\\\/#organization\"}}]}\n\t\t<\/script>\n\t\t<!-- All in One SEO -->\n\n","aioseo_head_json":{"title":"Rowerami na Kra\u0144ce \u015awiata - blog Skalnik","description":"Agnieszka i Mateusz Walig\u00f3ra przemierzyli 16 000 km na rowerach przez Andy i Australi\u0119. Po drodze zdobywali wysokie szczyty i przygl\u0105dali si\u0119 \u017cyciu miejscowej ludno\u015bci. O niesamowitej podr\u00f3\u017cy rowerowej przez dwa kontynenty Mateusz opowie na styczniowych Spotkaniach z G\u00f3rami.","canonical_url":"https:\/\/www.skalnik.pl\/blog\/rowerami-na-krance-swiata\/","robots":"max-image-preview:large","keywords":"","webmasterTools":{"miscellaneous":""},"schema":{"@context":"https:\/\/schema.org","@graph":[{"@type":"BlogPosting","@id":"https:\/\/www.skalnik.pl\/blog\/rowerami-na-krance-swiata\/#blogposting","name":"Rowerami na Kra\u0144ce \u015awiata - blog Skalnik","headline":"Rowerami na Kra\u0144ce \u015awiata","author":{"@id":"https:\/\/www.skalnik.pl\/blog\/author\/spotkania\/#author"},"publisher":{"@id":"https:\/\/www.skalnik.pl\/blog\/#organization"},"image":{"@type":"ImageObject","url":"https:\/\/www.skalnik.pl\/blog\/wp-content\/uploads\/2019\/01\/Rowerami-na-Kra\u0144ce-\u015awiata-ok\u0142adka.jpg","width":2165,"height":795},"datePublished":"2019-01-11T12:10:06+02:00","dateModified":"2019-04-05T12:40:32+02:00","inLanguage":"pl-PL","mainEntityOfPage":{"@id":"https:\/\/www.skalnik.pl\/blog\/rowerami-na-krance-swiata\/#webpage"},"isPartOf":{"@id":"https:\/\/www.skalnik.pl\/blog\/rowerami-na-krance-swiata\/#webpage"},"articleSection":"Spotkania z g\u00f3rami, inspiracje, podr\u00f3\u017ce, spotkania z g\u00f3rami, styl \u017cycia"},{"@type":"BreadcrumbList","@id":"https:\/\/www.skalnik.pl\/blog\/rowerami-na-krance-swiata\/#breadcrumblist","itemListElement":[{"@type":"ListItem","@id":"https:\/\/www.skalnik.pl\/blog#listItem","position":1,"name":"Home","item":"https:\/\/www.skalnik.pl\/blog","nextItem":{"@type":"ListItem","@id":"https:\/\/www.skalnik.pl\/blog\/.\/spotkania-z-gorami\/#listItem","name":"Spotkania z g\u00f3rami"}},{"@type":"ListItem","@id":"https:\/\/www.skalnik.pl\/blog\/.\/spotkania-z-gorami\/#listItem","position":2,"name":"Spotkania z g\u00f3rami","item":"https:\/\/www.skalnik.pl\/blog\/.\/spotkania-z-gorami\/","nextItem":{"@type":"ListItem","@id":"https:\/\/www.skalnik.pl\/blog\/rowerami-na-krance-swiata\/#listItem","name":"Rowerami na Kra\u0144ce \u015awiata"},"previousItem":{"@type":"ListItem","@id":"https:\/\/www.skalnik.pl\/blog#listItem","name":"Home"}},{"@type":"ListItem","@id":"https:\/\/www.skalnik.pl\/blog\/rowerami-na-krance-swiata\/#listItem","position":3,"name":"Rowerami na Kra\u0144ce \u015awiata","previousItem":{"@type":"ListItem","@id":"https:\/\/www.skalnik.pl\/blog\/.\/spotkania-z-gorami\/#listItem","name":"Spotkania z g\u00f3rami"}}]},{"@type":"Organization","@id":"https:\/\/www.skalnik.pl\/blog\/#organization","name":"blog Skalnik","description":"Blog, porady, artyku\u0142y - blog Skalnik","url":"https:\/\/www.skalnik.pl\/blog\/"},{"@type":"Person","@id":"https:\/\/www.skalnik.pl\/blog\/author\/spotkania\/#author","url":"https:\/\/www.skalnik.pl\/blog\/author\/spotkania\/","name":"Spotkania z G\u00f3rami","image":{"@type":"ImageObject","@id":"https:\/\/www.skalnik.pl\/blog\/rowerami-na-krance-swiata\/#authorImage","url":"https:\/\/secure.gravatar.com\/avatar\/e09dd3aeee26ff64ebd6fda736cd0f273a292e33f7d42d8fbdff1ba323502b0b?s=96&d=mm&r=g","width":96,"height":96,"caption":"Spotkania z G\u00f3rami"}},{"@type":"WebPage","@id":"https:\/\/www.skalnik.pl\/blog\/rowerami-na-krance-swiata\/#webpage","url":"https:\/\/www.skalnik.pl\/blog\/rowerami-na-krance-swiata\/","name":"Rowerami na Kra\u0144ce \u015awiata - blog Skalnik","description":"Agnieszka i Mateusz Walig\u00f3ra przemierzyli 16 000 km na rowerach przez Andy i Australi\u0119. Po drodze zdobywali wysokie szczyty i przygl\u0105dali si\u0119 \u017cyciu miejscowej ludno\u015bci. O niesamowitej podr\u00f3\u017cy rowerowej przez dwa kontynenty Mateusz opowie na styczniowych Spotkaniach z G\u00f3rami.","inLanguage":"pl-PL","isPartOf":{"@id":"https:\/\/www.skalnik.pl\/blog\/#website"},"breadcrumb":{"@id":"https:\/\/www.skalnik.pl\/blog\/rowerami-na-krance-swiata\/#breadcrumblist"},"author":{"@id":"https:\/\/www.skalnik.pl\/blog\/author\/spotkania\/#author"},"creator":{"@id":"https:\/\/www.skalnik.pl\/blog\/author\/spotkania\/#author"},"image":{"@type":"ImageObject","url":"https:\/\/www.skalnik.pl\/blog\/wp-content\/uploads\/2019\/01\/Rowerami-na-Kra\u0144ce-\u015awiata-ok\u0142adka.jpg","@id":"https:\/\/www.skalnik.pl\/blog\/rowerami-na-krance-swiata\/#mainImage","width":2165,"height":795},"primaryImageOfPage":{"@id":"https:\/\/www.skalnik.pl\/blog\/rowerami-na-krance-swiata\/#mainImage"},"datePublished":"2019-01-11T12:10:06+02:00","dateModified":"2019-04-05T12:40:32+02:00"},{"@type":"WebSite","@id":"https:\/\/www.skalnik.pl\/blog\/#website","url":"https:\/\/www.skalnik.pl\/blog\/","name":"blog Skalnik","description":"Blog, porady, artyku\u0142y - blog Skalnik","inLanguage":"pl-PL","publisher":{"@id":"https:\/\/www.skalnik.pl\/blog\/#organization"}}]},"og:locale":"pl_PL","og:site_name":"blog Skalnik - Blog, porady, artyku\u0142y - blog Skalnik","og:type":"article","og:title":"Rowerami na Kra\u0144ce \u015awiata - blog Skalnik","og:description":"Agnieszka i Mateusz Walig\u00f3ra przemierzyli 16 000 km na rowerach przez Andy i Australi\u0119. Po drodze zdobywali wysokie szczyty i przygl\u0105dali si\u0119 \u017cyciu miejscowej ludno\u015bci. O niesamowitej podr\u00f3\u017cy rowerowej przez dwa kontynenty Mateusz opowie na styczniowych Spotkaniach z G\u00f3rami.","og:url":"https:\/\/www.skalnik.pl\/blog\/rowerami-na-krance-swiata\/","og:image":"https:\/\/skalnik.pl\/blog\/wp-content\/uploads\/2019\/01\/mateusz-walig\u00f3ra-300x258.jpg","og:image:secure_url":"https:\/\/skalnik.pl\/blog\/wp-content\/uploads\/2019\/01\/mateusz-walig\u00f3ra-300x258.jpg","article:tag":{"0":"spotkania z g\u00f3rami","1":"inspiracje","2":"podr\u00f3\u017ce","4":"styl \u017cycia"},"article:published_time":"2019-01-11T11:10:06+00:00","article:modified_time":"2019-04-05T10:40:32+00:00","twitter:card":"summary_large_image","twitter:title":"Rowerami na Kra\u0144ce \u015awiata - blog Skalnik","twitter:description":"Agnieszka i Mateusz Walig\u00f3ra przemierzyli 16 000 km na rowerach przez Andy i Australi\u0119. Po drodze zdobywali wysokie szczyty i przygl\u0105dali si\u0119 \u017cyciu miejscowej ludno\u015bci. O niesamowitej podr\u00f3\u017cy rowerowej przez dwa kontynenty Mateusz opowie na styczniowych Spotkaniach z G\u00f3rami.","twitter:image":"https:\/\/skalnik.pl\/blog\/wp-content\/uploads\/2019\/01\/mateusz-walig\u00f3ra-300x258.jpg"},"aioseo_meta_data":{"post_id":"5333","title":null,"description":null,"keywords":null,"keyphrases":null,"primary_term":null,"canonical_url":null,"og_title":null,"og_description":null,"og_object_type":"default","og_image_type":"default","og_image_url":null,"og_image_width":null,"og_image_height":null,"og_image_custom_url":null,"og_image_custom_fields":null,"og_video":null,"og_custom_url":null,"og_article_section":null,"og_article_tags":null,"twitter_use_og":false,"twitter_card":"default","twitter_image_type":"default","twitter_image_url":null,"twitter_image_custom_url":null,"twitter_image_custom_fields":null,"twitter_title":null,"twitter_description":null,"schema":{"blockGraphs":[],"customGraphs":[],"default":{"data":{"Article":[],"Course":[],"Dataset":[],"FAQPage":[],"Movie":[],"Person":[],"Product":[],"ProductReview":[],"Car":[],"Recipe":[],"Service":[],"SoftwareApplication":[],"WebPage":[]},"graphName":"BlogPosting","isEnabled":true},"graphs":[]},"schema_type":"default","schema_type_options":null,"pillar_content":false,"robots_default":true,"robots_noindex":false,"robots_noarchive":false,"robots_nosnippet":false,"robots_nofollow":false,"robots_noimageindex":false,"robots_noodp":false,"robots_notranslate":false,"robots_max_snippet":null,"robots_max_videopreview":null,"robots_max_imagepreview":"large","priority":null,"frequency":null,"local_seo":null,"breadcrumb_settings":null,"limit_modified_date":false,"ai":null,"created":"2022-08-26 09:55:13","updated":"2026-02-17 21:28:25","seo_analyzer_scan_date":null},"aioseo_breadcrumb":"<div class=\"aioseo-breadcrumbs\"><span class=\"aioseo-breadcrumb\">\n\t\t\t<a href=\"https:\/\/www.skalnik.pl\/blog\" title=\"Home\">Home<\/a>\n\t\t<\/span><span class=\"aioseo-breadcrumb-separator\">&raquo;<\/span><span class=\"aioseo-breadcrumb\">\n\t\t\t<a href=\"https:\/\/www.skalnik.pl\/blog\/.\/spotkania-z-gorami\/\" title=\"Spotkania z g\u00f3rami\">Spotkania z g\u00f3rami<\/a>\n\t\t<\/span><span class=\"aioseo-breadcrumb-separator\">&raquo;<\/span><span class=\"aioseo-breadcrumb\">\n\t\t\tRowerami na Kra\u0144ce \u015awiata\n\t\t<\/span><\/div>","aioseo_breadcrumb_json":[{"label":"Home","link":"https:\/\/www.skalnik.pl\/blog"},{"label":"Spotkania z g\u00f3rami","link":"https:\/\/www.skalnik.pl\/blog\/.\/spotkania-z-gorami\/"},{"label":"Rowerami na Kra\u0144ce \u015awiata","link":"https:\/\/www.skalnik.pl\/blog\/rowerami-na-krance-swiata\/"}],"_links":{"self":[{"href":"https:\/\/www.skalnik.pl\/blog\/wp-json\/wp\/v2\/posts\/5333","targetHints":{"allow":["GET"]}}],"collection":[{"href":"https:\/\/www.skalnik.pl\/blog\/wp-json\/wp\/v2\/posts"}],"about":[{"href":"https:\/\/www.skalnik.pl\/blog\/wp-json\/wp\/v2\/types\/post"}],"author":[{"embeddable":true,"href":"https:\/\/www.skalnik.pl\/blog\/wp-json\/wp\/v2\/users\/10"}],"replies":[{"embeddable":true,"href":"https:\/\/www.skalnik.pl\/blog\/wp-json\/wp\/v2\/comments?post=5333"}],"version-history":[{"count":17,"href":"https:\/\/www.skalnik.pl\/blog\/wp-json\/wp\/v2\/posts\/5333\/revisions"}],"predecessor-version":[{"id":6290,"href":"https:\/\/www.skalnik.pl\/blog\/wp-json\/wp\/v2\/posts\/5333\/revisions\/6290"}],"wp:featuredmedia":[{"embeddable":true,"href":"https:\/\/www.skalnik.pl\/blog\/wp-json\/wp\/v2\/media\/5346"}],"wp:attachment":[{"href":"https:\/\/www.skalnik.pl\/blog\/wp-json\/wp\/v2\/media?parent=5333"}],"wp:term":[{"taxonomy":"category","embeddable":true,"href":"https:\/\/www.skalnik.pl\/blog\/wp-json\/wp\/v2\/categories?post=5333"},{"taxonomy":"post_tag","embeddable":true,"href":"https:\/\/www.skalnik.pl\/blog\/wp-json\/wp\/v2\/tags?post=5333"},{"taxonomy":"magento_category","embeddable":true,"href":"https:\/\/www.skalnik.pl\/blog\/wp-json\/wp\/v2\/magento_category?post=5333"},{"taxonomy":"magento_product","embeddable":true,"href":"https:\/\/www.skalnik.pl\/blog\/wp-json\/wp\/v2\/magento_product?post=5333"}],"curies":[{"name":"wp","href":"https:\/\/api.w.org\/{rel}","templated":true}]}}