{"id":5448,"date":"2019-01-22T10:26:02","date_gmt":"2019-01-22T09:26:02","guid":{"rendered":"https:\/\/skalnik.pl\/blog\/?p=5448"},"modified":"2020-04-30T12:40:59","modified_gmt":"2020-04-30T10:40:59","slug":"joga-we-wspinaniu-aspekt-mentalny","status":"publish","type":"post","link":"https:\/\/www.skalnik.pl\/blog\/joga-we-wspinaniu-aspekt-mentalny\/","title":{"rendered":"Joga we wspinaniu \u2013 aspekt mentalny"},"content":{"rendered":"<p><b>Joga nie jest, wbrew powszechnemu przekonaniu, zestawem akrobatycznych pozycji. Nie jest te\u017c d\u0105\u017ceniem za wszelk\u0105 cen\u0119 do perfekcji w wykonywaniu asan, czyli pozycji jogi. Jest za to praktyk\u0105, czyli aktywno\u015bci\u0105 powtarzan\u0105 systematycznie. Praktyka pozycji jogi jest form\u0105 pracy z cia\u0142em, poprzez kt\u00f3r\u0105 pracuje si\u0119 z umys\u0142em i kszta\u0142tuje go. Osi\u0105gni\u0119cie stanu uwa\u017cno\u015bci i niezak\u0142\u00f3conej \u015bwiadomo\u015bci jest g\u0142\u00f3wnym celem jogi.<\/b><\/p>\n<p>Zastanawiasz si\u0119, co to oznacza w praktyce?&nbsp;Usi\u0105d\u017a wygodnie i spr\u00f3buj przez kwadrans skupi\u0107 si\u0119 na obserwacji swojego umys\u0142u, b\u0105d\u017a pro\u015bciej \u2013 na obserwacji swojego oddechu. Przez ca\u0142ych pi\u0119tna\u015bcie minut. Zobacz jak szybko zaczn\u0105 si\u0119 pojawia\u0107 w twojej g\u0142owie my\u015bli, jedna za drug\u0105. Jak zaczn\u0105 \u0142\u0105czy\u0107 si\u0119 w pozornie logiczne ci\u0105gi. Od my\u015bli o tym, \u017ce masz jeszcze do pozmywania naczynia przed wyj\u015bciem z domu, poprzez my\u015bli o tym, czy zd\u0105\u017cysz na czas do pracy, czy wyrobisz si\u0119 z prac\u0105 do 16:00 i b\u0119dziesz mie\u0107 wolne popo\u0142udnie, a je\u015bli nie i przyjdzie ci przynie\u015b\u0107 prac\u0119 do domu, do my\u015bli czy w tym tygodniu zd\u0105\u017cysz p\u00f3j\u015b\u0107 na trening na \u015bcian\u0119, a je\u015bli tak, to kto b\u0119dzie mia\u0142 wtedy czas, \u017ceby si\u0119 z tob\u0105 powspina\u0107. I na pewno nie mo\u017ce to by\u0107 pi\u0105tek, bo wtedy masz um\u00f3wion\u0105 wizyt\u0119 u dentysty, a wieczorem wychodzisz do kina. O! Rety, tysi\u0105c my\u015bli na minut\u0119! I wszystkie niby super wa\u017cne (ale nie w tym momencie).<\/p>\n<p>&nbsp;<\/p>\n<div id=\"ez-toc-container\" class=\"ez-toc-v2_0_85 counter-hierarchy ez-toc-counter ez-toc-light-blue ez-toc-container-direction\">\n<div class=\"ez-toc-title-container\">\n<p class=\"ez-toc-title\" style=\"cursor:inherit\">SPIS TRE\u015aCI <\/p>\n<span class=\"ez-toc-title-toggle\"><a href=\"#\" class=\"ez-toc-pull-right ez-toc-btn ez-toc-btn-xs ez-toc-btn-default ez-toc-toggle\" aria-label=\"Prze\u0142\u0105cznik Spisu Tre\u015bci\"><span class=\"ez-toc-js-icon-con\"><span class=\"\"><span class=\"eztoc-hide\" style=\"display:none;\">Toggle<\/span><span class=\"ez-toc-icon-toggle-span\"><svg style=\"fill: #999;color:#999\" xmlns=\"http:\/\/www.w3.org\/2000\/svg\" class=\"list-377408\" width=\"20px\" height=\"20px\" viewBox=\"0 0 24 24\" fill=\"none\"><path d=\"M6 6H4v2h2V6zm14 0H8v2h12V6zM4 11h2v2H4v-2zm16 0H8v2h12v-2zM4 16h2v2H4v-2zm16 0H8v2h12v-2z\" fill=\"currentColor\"><\/path><\/svg><svg style=\"fill: #999;color:#999\" class=\"arrow-unsorted-368013\" xmlns=\"http:\/\/www.w3.org\/2000\/svg\" width=\"10px\" height=\"10px\" viewBox=\"0 0 24 24\" version=\"1.2\" baseProfile=\"tiny\"><path d=\"M18.2 9.3l-6.2-6.3-6.2 6.3c-.2.2-.3.4-.3.7s.1.5.3.7c.2.2.4.3.7.3h11c.3 0 .5-.1.7-.3.2-.2.3-.5.3-.7s-.1-.5-.3-.7zM5.8 14.7l6.2 6.3 6.2-6.3c.2-.2.3-.5.3-.7s-.1-.5-.3-.7c-.2-.2-.4-.3-.7-.3h-11c-.3 0-.5.1-.7.3-.2.2-.3.5-.3.7s.1.5.3.7z\"\/><\/svg><\/span><\/span><\/span><\/a><\/span><\/div>\n<nav><ul class='ez-toc-list ez-toc-list-level-1 ' ><li class='ez-toc-page-1 ez-toc-heading-level-2'><a class=\"ez-toc-link ez-toc-heading-1\" href=\"https:\/\/www.skalnik.pl\/blog\/joga-we-wspinaniu-aspekt-mentalny\/#Jak_dziala_umysl\" >Jak dzia\u0142a umys\u0142<\/a><\/li><li class='ez-toc-page-1 ez-toc-heading-level-2'><a class=\"ez-toc-link ez-toc-heading-2\" href=\"https:\/\/www.skalnik.pl\/blog\/joga-we-wspinaniu-aspekt-mentalny\/#Joga\" >Joga<\/a><\/li><li class='ez-toc-page-1 ez-toc-heading-level-2'><a class=\"ez-toc-link ez-toc-heading-3\" href=\"https:\/\/www.skalnik.pl\/blog\/joga-we-wspinaniu-aspekt-mentalny\/#Praktyka\" >Praktyka<\/a><\/li><li class='ez-toc-page-1 ez-toc-heading-level-2'><a class=\"ez-toc-link ez-toc-heading-4\" href=\"https:\/\/www.skalnik.pl\/blog\/joga-we-wspinaniu-aspekt-mentalny\/#Relaks\" >Relaks<\/a><\/li><li class='ez-toc-page-1 ez-toc-heading-level-2'><a class=\"ez-toc-link ez-toc-heading-5\" href=\"https:\/\/www.skalnik.pl\/blog\/joga-we-wspinaniu-aspekt-mentalny\/#Jak_to_wszystko_ma_sie_do_wspinania\" >Jak to wszystko ma si\u0119 do wspinania<\/a><\/li><li class='ez-toc-page-1 ez-toc-heading-level-2'><a class=\"ez-toc-link ez-toc-heading-6\" href=\"https:\/\/www.skalnik.pl\/blog\/joga-we-wspinaniu-aspekt-mentalny\/#Uwaznosc\" >Uwa\u017cno\u015b\u0107<\/a><\/li><li class='ez-toc-page-1 ez-toc-heading-level-2'><a class=\"ez-toc-link ez-toc-heading-7\" href=\"https:\/\/www.skalnik.pl\/blog\/joga-we-wspinaniu-aspekt-mentalny\/#Kontrola_mysli\" >Kontrola my\u015bli<\/a><\/li><li class='ez-toc-page-1 ez-toc-heading-level-2'><a class=\"ez-toc-link ez-toc-heading-8\" href=\"https:\/\/www.skalnik.pl\/blog\/joga-we-wspinaniu-aspekt-mentalny\/#Czego_joga_uczy_wspinacza\" >Czego joga uczy wspinacza<\/a><\/li><\/ul><\/nav><\/div>\n<h2><span class=\"ez-toc-section\" id=\"Jak_dziala_umysl\"><\/span>Jak dzia\u0142a umys\u0142<span class=\"ez-toc-section-end\"><\/span><\/h2>\n<p>Zobacz jak dzia\u0142a umys\u0142, kiedy pozwolisz mu na kompletn\u0105 samowol\u0119 (cho\u0107 chcia\u0142e\u015b przez kwadrans my\u015ble\u0107 tylko o swoim oddechu). G\u0142owa przypomina raczej ma\u0142pi gaj, a w nim pe\u0142no wrzeszcz\u0105cych i skacz\u0105cych z ga\u0142\u0119zi na ga\u0142\u0105\u017a ma\u0142pek. Ma\u0142pki to twoje my\u015bli, a ty pr\u00f3bujesz goni\u0107 za tymi ma\u0142pkami, z\u0142apa\u0107 ka\u017cd\u0105 z nich. \u0141apiesz jedn\u0105 na chwil\u0119, ale ona ci si\u0119 wymyka, a w zasi\u0119gu twoich r\u0105k (uszu i oczu) pojawiaj\u0105 si\u0119 trzy nast\u0119pne. Ta bieganina my\u015bli i gonienie za nimi nie jest tym, czego chcesz. Owszem, fajnie jest czasem pobawi\u0107 si\u0119 z ma\u0142pkami, ale nie ca\u0142y czas! Je\u015bli postanowisz, \u017ce codziennie b\u0119dziesz pr\u00f3bowa\u0142 przez kwadrans obserwowa\u0107 sw\u00f3j oddech i my\u015bli i wytrwasz w tym postanowieniu, w ko\u0144cu uda ci si\u0119 przesta\u0107 za nimi goni\u0107. Pozwolisz im biega\u0107 i b\u0119dziesz je obserwowa\u0142. Zobaczysz, \u017ce z czasem przestan\u0105 one szale\u0107 i dokazywa\u0107 jak pijane zaj\u0105ce. Nie b\u0119d\u0105 mia\u0142y twojego zainteresowania i twojej energii i same zrezygnuj\u0105, uspokoj\u0105 si\u0119.<\/p>\n<p>&nbsp;<\/p>\n<h2><span class=\"ez-toc-section\" id=\"Joga\"><\/span>Joga<span class=\"ez-toc-section-end\"><\/span><\/h2>\n<p>Tak w\u0142a\u015bnie dzia\u0142a praktyka jogi. Rozwijasz swoj\u0105 mat\u0119 \u2013 codziennie \u2013 na przyk\u0142ad na 45 minut. Zostawiasz wszystkie sprawy i wszystkie my\u015bli wraz z ma\u0142pim gajem za drzwiami pomieszczenia, w kt\u00f3rym b\u0119dziesz \u0107wiczy\u0142. Uk\u0142adasz si\u0119 wygodnie na macie, by zacz\u0105\u0107 swoj\u0105 codzienn\u0105 praktyk\u0119 jogi kr\u00f3tkim relaksem. Podczas tego pi\u0119ciominutowego relaksu skupiasz si\u0119 tylko na oddechu, na tym jak si\u0119 czujesz, jak czuje si\u0119 twoje cia\u0142o \u2013 czy jest rozlu\u017anione, czy te\u017c s\u0105 w nim jakie\u015b napi\u0119cia. Pocz\u0105tkowe minuty, kt\u00f3re przeznaczasz na obserwacj\u0119 swojego oddechu, maj\u0105 pozwoli\u0107 ci na upewnienie si\u0119, \u017ce ma\u0142pi gaj rzeczywi\u015bcie pozosta\u0142 za drzwiami. A je\u015bli nie \u2013 to na wyproszeniu go z pomieszczenia na najbli\u017csze trzy kwadranse.<\/p>\n<div id=\"attachment_5449\" style=\"width: 1034px\" class=\"wp-caption alignnone\"><img loading=\"lazy\" decoding=\"async\" aria-describedby=\"caption-attachment-5449\" class=\"wp-image-5449 size-large\" src=\"https:\/\/skalnik.pl\/blog\/wp-content\/uploads\/2019\/01\/A7R05956-1024x683.jpg\" alt=\"\" width=\"1024\" height=\"683\" srcset=\"https:\/\/www.skalnik.pl\/blog\/wp-content\/uploads\/2019\/01\/A7R05956-1024x683.jpg 1024w, https:\/\/www.skalnik.pl\/blog\/wp-content\/uploads\/2019\/01\/A7R05956-300x200.jpg 300w, https:\/\/www.skalnik.pl\/blog\/wp-content\/uploads\/2019\/01\/A7R05956-768x512.jpg 768w\" sizes=\"auto, (max-width: 1024px) 100vw, 1024px\" \/><p id=\"caption-attachment-5449\" class=\"wp-caption-text\">Praktyka jogi to zar\u00f3wno praca z cia\u0142em, jak i praca z umys\u0142em (fot. Bart Bazior)<\/p><\/div>\n<h2><span class=\"ez-toc-section\" id=\"Praktyka\"><\/span>Praktyka<span class=\"ez-toc-section-end\"><\/span><\/h2>\n<p>Po relaksie przechodzisz do praktyki asan. Zaczynasz od \u0142atwiejszych, rozgrzewkowych pozycji i stopniowo przechodzisz do troch\u0119 bardziej wymagaj\u0105cych asan. W ka\u017cdej asanie pozostajesz przez kilka (8-10) oddech\u00f3w, czyli spokojnych wdech\u00f3w i wydech\u00f3w przez nos, bez wstrzymywania oddechu. Wszystko dzieje si\u0119 spokojnie, p\u0142ynnie. Obserwujesz sw\u00f3j oddech i cia\u0142o. Pracujesz aktywnie w asanie poprzez mobilizacj\u0119 odpowiednich grup mi\u0119\u015bni i intensywn\u0105 prac\u0119 odbywaj\u0105c\u0105 si\u0119 we wn\u0119trzu twojego cia\u0142a. Czasem m\u0119czysz si\u0119 w asanach, bo wymagaj\u0105 wi\u0119cej wysi\u0142ku i zaanga\u017cowanej pracy mi\u0119\u015bni. Czasem czujesz intensywne rozci\u0105ganie, kt\u00f3re nie jest bolesne, ale nie jest r\u00f3wnie\u017c przyjemne. Czasem cia\u0142o dr\u017cy z wysi\u0142ku. Sprawdzasz, czy oddech jest d\u0142ugi i spokojny, czy dr\u017cenie nie jest efektem kr\u00f3tkiego, szarpanego oddechu. Je\u015bli jest \u2013 uspokajasz i wyd\u0142u\u017casz oddech. Je\u015bli nie \u2013 trwasz w asanie i skupiasz si\u0119 na delikatnym rozlu\u017anianiu najintensywniej pracuj\u0105cych partii cia\u0142a.<\/p>\n<p>Ca\u0142y czas oddychasz, ca\u0142y czas pracujesz, ca\u0142y czas trwasz i obserwujesz co si\u0119 dzieje. Nic wi\u0119cej nie istnieje. Twoja uwaga jest kierowana dok\u0142adnie tam, gdzie chcesz, aby si\u0119 w danej chwili znajdowa\u0142a. Nie rozpraszasz si\u0119, jeste\u015b tu i teraz na swojej macie. Ty, tw\u00f3j oddech i twoje cia\u0142o.<\/p>\n<p>&nbsp;<\/p>\n<h2><span class=\"ez-toc-section\" id=\"Relaks\"><\/span>Relaks<span class=\"ez-toc-section-end\"><\/span><\/h2>\n<p>Po 30-minutowej praktyce i wykonaniu zaplanowanych asan przygotowujesz si\u0119 do relaksu. K\u0142adziesz si\u0119 wygodnie na macie. Rozlu\u017aniasz ca\u0142e cia\u0142o zaczynaj\u0105c od paluch\u00f3w st\u00f3p, a ko\u0144cz\u0105c na czubku g\u0142owy. \u015awiadomie oddychasz. D\u0142ugi, spokojny wdech i d\u0142ugi, spokojny wydech. Je\u015bli pojawi\u0105 si\u0119 jakie\u015b my\u015bli, nie zatrzymujesz ich, pozwalasz im przep\u0142yn\u0105\u0107 jak ob\u0142okom po niebie. Nie chwytasz ich ani nie analizujesz. Kiedy robisz wdech \u2013 my\u015blisz wdech, kiedy robisz wydech \u2013 my\u015blisz wydech. Ca\u0142y czas jeste\u015b obecny, jeste\u015b swoim oddechem.<br \/>\nP\u00f3\u017aniej powoli wychodzisz ze stanu g\u0142\u0119bokiego relaksu, wracasz do rzeczywisto\u015bci. Tyle \u017ce ze spokojnym, czystym i wypocz\u0119tym umys\u0142em. I z cia\u0142em, kt\u00f3re cho\u0107 intensywnie pracowa\u0142o, to nie jest zm\u0119czone, a pe\u0142ne energii. Tak dzia\u0142a joga.<\/p>\n<p>&nbsp;<\/p>\n<h2><span class=\"ez-toc-section\" id=\"Jak_to_wszystko_ma_sie_do_wspinania\"><\/span>Jak to wszystko ma si\u0119 do wspinania<span class=\"ez-toc-section-end\"><\/span><\/h2>\n<p>Mo\u017cesz si\u0119 zastanawia\u0107 jak to wszystko ma si\u0119 do wspinania. Ot\u00f3\u017c ju\u017c na pierwszy rzut oka mo\u017cesz zauwa\u017cy\u0107, \u017ce we wspinaniu \u2013 tak jak w jodze \u2013 nie zawsze jest super \u0142atwo, bez \u201ekrwi, potu i \u0142ez\u201d, ale poprzez powtarzanie okre\u015blonych ruch\u00f3w uczysz si\u0119 jak je zoptymalizowa\u0107. Poprzez trening wzmacniasz odpowiednie grupy mi\u0119\u015bni po to, aby\u015b by\u0142 w stanie wykona\u0107 za\u0142o\u017con\u0105 sekwencj\u0119 ruch\u00f3w w odpowiedni spos\u00f3b. Uczysz si\u0119 nie porzuca\u0107 tego, co robisz tylko dlatego, \u017ce nie przychodzi ci to \u0142atwo. Uczysz si\u0119 tego, w jaki spos\u00f3b przebiega sam proces uczenia: powtarzanie, powtarzanie, powtarzanie&#8230; Czyli wiesz jak to zrobi\u0107. Nie od razu, nie ju\u017c i nie jutro. Wiesz dok\u0105d idziesz, ale te\u017c wiesz, \u017ce potrzeba na to czasu i zajmujesz si\u0119 ka\u017cdego dnia dok\u0142adnie tym, co masz w tym czasie do zrobienia. Sto procent skupienia na tym co robisz, pe\u0142na uwa\u017cno\u015b\u0107 i zaanga\u017cowanie. Nie ma miejsca na ma\u0142pi gaj i zb\u0119dne my\u015bli.<\/p>\n<p>&nbsp;<\/p>\n<h2><span class=\"ez-toc-section\" id=\"Uwaznosc\"><\/span>Uwa\u017cno\u015b\u0107<span class=\"ez-toc-section-end\"><\/span><\/h2>\n<p>Wiesz ju\u017c jak si\u0119 uczy\u0107 i wiesz, \u017ce nauka jest procesem roz\u0142o\u017conym w czasie. Teraz mo\u017cesz w\u0142\u0105czy\u0107 dodatkow\u0105 uwa\u017cno\u015b\u0107, na przyk\u0142ad na to, z jak\u0105 si\u0142\u0105 zaciskasz palce na chwytach. Je\u015bli zauwa\u017cysz, \u017ce \u0142apiesz si\u0119 chwyt\u00f3w jak ton\u0105cy brzytwy, cho\u0107 nie jest to konieczne i tylko zu\u017cywa twoja energi\u0119 potrzebn\u0105 na p\u00f3\u017aniejsze trudne pasa\u017ce na drodze wspinaczkowej, mo\u017cesz \u015bwiadomie tego nie robi\u0107.<\/p>\n<p>Tak samo wygl\u0105da sytuacja z oddychaniem w wielu wspinaczkowych sytuacjach. Cz\u0119sto mo\u017cna zauwa\u017cy\u0107 na przyk\u0142ad facet\u00f3w przystawiaj\u0105cych si\u0119 do trudnego balda i w kluczowych trudno\u015bciach zamiast \u015bwiadomie oddycha\u0107, wstrzymuj\u0105cych oddech z wysi\u0142ku, czerwieniej\u0105cych jak dojrzewaj\u0105ce jab\u0142ko, po czym spadaj\u0105cych na materac. W chwili, w kt\u00f3rej potrzebowali najwi\u0119kszej ilo\u015bci tlenu, przestali oddycha\u0107! Zapomnieli o oddychaniu, czyli odci\u0119li si\u0119 od pr\u0105du.<\/p>\n<div id=\"attachment_5450\" style=\"width: 1034px\" class=\"wp-caption alignnone\"><img loading=\"lazy\" decoding=\"async\" aria-describedby=\"caption-attachment-5450\" class=\"wp-image-5450 size-large\" title=\"joga Marta Soko\u0142owska\" src=\"https:\/\/skalnik.pl\/blog\/wp-content\/uploads\/2019\/01\/A7R04778-1024x731.jpg\" alt=\"marta soko\u0142owska joga dla wspinaczy\" width=\"1024\" height=\"731\" srcset=\"https:\/\/www.skalnik.pl\/blog\/wp-content\/uploads\/2019\/01\/A7R04778-1024x731.jpg 1024w, https:\/\/www.skalnik.pl\/blog\/wp-content\/uploads\/2019\/01\/A7R04778-300x214.jpg 300w, https:\/\/www.skalnik.pl\/blog\/wp-content\/uploads\/2019\/01\/A7R04778-768x549.jpg 768w, https:\/\/www.skalnik.pl\/blog\/wp-content\/uploads\/2019\/01\/A7R04778.jpg 1400w\" sizes=\"auto, (max-width: 1024px) 100vw, 1024px\" \/><p id=\"caption-attachment-5450\" class=\"wp-caption-text\">&#8222;Rozwijasz swoj\u0105 mat\u0119&#8230; Zostawiasz wszystkie sprawy i wszystkie my\u015bli&#8221; (fot. Bart Bazior)<\/p><\/div>\n<h2><span class=\"ez-toc-section\" id=\"Kontrola_mysli\"><\/span>Kontrola my\u015bli<span class=\"ez-toc-section-end\"><\/span><\/h2>\n<p>Inna sytuacja ma miejsce, gdy w trudnym miejscu podczas wspinania zaczniemy si\u0119 ugania\u0107 za ma\u0142pkami w naszym ma\u0142pim gaju. Wyobra\u017a sobie tak\u0105 sytuacj\u0119. Jeste\u015b na do\u015b\u0107 d\u0142ugiej drodze, do\u015b\u0107 wysoko nad ziemi\u0105. Dochodzisz do trudno\u015bci i b\u0119d\u0105c jeszcze we wzgl\u0119dnie wygodnej pozycji widzisz, \u017ce za chwil\u0119 \u0142atwo nie b\u0119dzie. Ale nie poddasz si\u0119, idziesz, robisz dwa ruchy do g\u00f3ry i&#8230;zaczyna si\u0119! Ma\u0142py o\u017cy\u0142y! \u201eA co b\u0119dzie jak odpadniesz w tym miejscu? Ostatni przelot jest daleko. I kurde, jest to jaki\u015b szemrany spit, kt\u00f3ry wygl\u0105da\u0142 na przedpotopowy, wi\u0119c pewnie nie wytrzyma lotu. A czy na ko\u0144cu liny jest zawi\u0105zany w\u0119ze\u0142? Ja piernicz\u0119, ale tam jest p\u00f3\u0142a i jak polec\u0119, to bankowo w ni\u0105 przypierdziel\u0119! Na bank po\u0142ami\u0119 nogi!!\u201d Ma\u0142py szalej\u0105 w g\u0142owie, a ty pr\u00f3bujesz z\u0142apa\u0107 je wszystkie naraz, stoj\u0105c dwadzie\u015bcia metr\u00f3w nad ziemi\u0105 na ma\u0142ej kraw\u0105dce i kurczowo trzymaj\u0105c si\u0119 kawa\u0142ka ska\u0142y.<\/p>\n<p>A czas leci\u2026 a wraz z jego up\u0142ywem tw\u00f3j poziom energii spada, w nodze w\u0142\u0105cza si\u0119 efekt maszyny do szycia, a palce powoli zaczynaj\u0105 si\u0119 otwiera\u0107. Zamiast skupi\u0107 si\u0119 maksymalnie na wykonaniu ruch\u00f3w potrzebnych do przemkni\u0119cia przez cruxa, ty zacz\u0105\u0142e\u015b zabaw\u0119 z ma\u0142pkami. W takim momencie! Nie utrzyma\u0142e\u015b uwa\u017cno\u015bci i skupienia na zadaniu, kt\u00f3re masz do wykonania w tej chwili. I teraz, gdy prawdopodobnie rzeczywi\u015bcie polecisz (bo zmarnowa\u0142e\u015b czas i energi\u0119 na my\u015blowe gonitwy), to pewnie jeszcze powiesz, \u017ce to przewidzia\u0142e\u015b! A raczej ca\u0142a banda dokazuj\u0105cych my\u015bli przewidzia\u0142a za ciebie. Nawet je\u015bli do takiego wniosku dojdziesz, to nie koniecznie pokryje si\u0119 on z rzeczywisto\u015bci\u0105. Po prostu zmarnowa\u0142e\u015b czas na my\u015bli o kilkunastu mo\u017cliwych scenariuszach zdarze\u0144, zamiast na dzia\u0142anie, by ruszy\u0107 do g\u00f3ry.<\/p>\n<p>&nbsp;<\/p>\n<h2><span class=\"ez-toc-section\" id=\"Czego_joga_uczy_wspinacza\"><\/span>Czego joga uczy wspinacza<span class=\"ez-toc-section-end\"><\/span><\/h2>\n<p>Co zatem joga wnosi do mentalnego treningu wspinaczkowego? Na koniec kr\u00f3tkie podsumowanie. We wspinaczce jog\u0119 mo\u017cesz wykorzysta\u0107 jako:<\/p>\n<ul>\n<li>nauk\u0119 tego, jak przebiega proces uczenia si\u0119<\/li>\n<li>\u015bwiadomo\u015b\u0107 i optymalizacj\u0119 ruch\u00f3w<\/li>\n<li>\u015bwiadomo\u015b\u0107 oddechu i energi\u0119, kt\u00f3r\u0105 oddech daje<\/li>\n<li>kontrol\u0119 my\u015bli i mocniejsz\u0105 psych\u0119<\/li>\n<li>kierowanie uwagi na to, na czym chcesz j\u0105 skupi\u0107.<\/li>\n<\/ul>\n<p>W kolejnym artykule napisz\u0119, jak joga wp\u0142ywa na trening fizyczny wspinacza.<\/p>\n","protected":false},"excerpt":{"rendered":"<p>Je\u017celi zastanawiasz si\u0119 jak joga mo\u017ce wp\u0142yn\u0105\u0107 na twoje wspinanie, to ten tekst jest w\u0142a\u015bnie dla ciebie. Sprawd\u017a jak praktykowanie jogi mo\u017ce wp\u0142yn\u0105\u0107 na mentalny aspekt wspinania.  <\/p>\n","protected":false},"author":25,"featured_media":5462,"comment_status":"open","ping_status":"open","sticky":false,"template":"","format":"standard","meta":{"_acf_changed":false,"footnotes":""},"categories":[84],"tags":[94,196,92,203,20],"magento_category":[198],"magento_product":[],"class_list":["post-5448","post","type-post","status-publish","format-standard","has-post-thumbnail","hentry","category-pasja","tag-inspiracje","tag-joga","tag-styl-zycia","tag-trening","tag-wspinaczka"],"acf":[],"aioseo_notices":[],"aioseo_head":"\n\t\t<!-- All in One SEO 4.9.10 - aioseo.com -->\n\t<meta name=\"description\" content=\"Je\u017celi zastanawiasz si\u0119 jak joga mo\u017ce wp\u0142yn\u0105\u0107 na twoje wspinanie, to ten tekst jest w\u0142a\u015bnie dla ciebie. Sprawd\u017a jak praktykowanie jogi mo\u017ce wp\u0142yn\u0105\u0107 na mentalny aspekt wspinania.\" \/>\n\t<meta name=\"robots\" content=\"max-image-preview:large\" \/>\n\t<meta name=\"author\" content=\"Marta Soko\u0142owska\"\/>\n\t<link rel=\"canonical\" href=\"https:\/\/www.skalnik.pl\/blog\/joga-we-wspinaniu-aspekt-mentalny\/\" \/>\n\t<meta name=\"generator\" content=\"All in One SEO (AIOSEO) 4.9.10\" \/>\n\t\t<meta property=\"og:locale\" content=\"pl_PL\" \/>\n\t\t<meta property=\"og:site_name\" content=\"blog Skalnik - Blog, porady, artyku\u0142y - blog Skalnik\" \/>\n\t\t<meta property=\"og:type\" content=\"article\" \/>\n\t\t<meta property=\"og:title\" content=\"Joga we wspinaniu \u2013 aspekt mentalny - blog Skalnik\" \/>\n\t\t<meta property=\"og:description\" content=\"Je\u017celi zastanawiasz si\u0119 jak joga mo\u017ce wp\u0142yn\u0105\u0107 na twoje wspinanie, to ten tekst jest w\u0142a\u015bnie dla ciebie. Sprawd\u017a jak praktykowanie jogi mo\u017ce wp\u0142yn\u0105\u0107 na mentalny aspekt wspinania.\" \/>\n\t\t<meta property=\"og:url\" content=\"https:\/\/www.skalnik.pl\/blog\/joga-we-wspinaniu-aspekt-mentalny\/\" \/>\n\t\t<meta property=\"og:image\" content=\"https:\/\/skalnik.pl\/blog\/wp-content\/uploads\/2019\/01\/A7R05956-1024x683.jpg\" \/>\n\t\t<meta property=\"og:image:secure_url\" content=\"https:\/\/skalnik.pl\/blog\/wp-content\/uploads\/2019\/01\/A7R05956-1024x683.jpg\" \/>\n\t\t<meta property=\"article:tag\" content=\"pasja\" \/>\n\t\t<meta property=\"article:tag\" content=\"inspiracje\" \/>\n\t\t<meta property=\"article:tag\" content=\"joga\" \/>\n\t\t<meta property=\"article:tag\" content=\"styl \u017cycia\" \/>\n\t\t<meta property=\"article:tag\" content=\"trening\" \/>\n\t\t<meta property=\"article:tag\" content=\"wspinaczka\" \/>\n\t\t<meta property=\"article:published_time\" content=\"2019-01-22T09:26:02+00:00\" \/>\n\t\t<meta property=\"article:modified_time\" content=\"2020-04-30T10:40:59+00:00\" \/>\n\t\t<meta name=\"twitter:card\" content=\"summary_large_image\" \/>\n\t\t<meta name=\"twitter:title\" content=\"Joga we wspinaniu \u2013 aspekt mentalny - blog Skalnik\" \/>\n\t\t<meta name=\"twitter:description\" content=\"Je\u017celi zastanawiasz si\u0119 jak joga mo\u017ce wp\u0142yn\u0105\u0107 na twoje wspinanie, to ten tekst jest w\u0142a\u015bnie dla ciebie. Sprawd\u017a jak praktykowanie jogi mo\u017ce wp\u0142yn\u0105\u0107 na mentalny aspekt wspinania.\" \/>\n\t\t<meta name=\"twitter:image\" content=\"https:\/\/skalnik.pl\/blog\/wp-content\/uploads\/2019\/01\/A7R05956-1024x683.jpg\" \/>\n\t\t<script type=\"application\/ld+json\" class=\"aioseo-schema\">\n\t\t\t{\"@context\":\"https:\\\/\\\/schema.org\",\"@graph\":[{\"@type\":\"BlogPosting\",\"@id\":\"https:\\\/\\\/www.skalnik.pl\\\/blog\\\/joga-we-wspinaniu-aspekt-mentalny\\\/#blogposting\",\"name\":\"Joga we wspinaniu \\u2013 aspekt mentalny - blog Skalnik\",\"headline\":\"Joga we wspinaniu \\u2013 aspekt mentalny\",\"author\":{\"@id\":\"https:\\\/\\\/www.skalnik.pl\\\/blog\\\/author\\\/marta-sokolowska\\\/#author\"},\"publisher\":{\"@id\":\"https:\\\/\\\/www.skalnik.pl\\\/blog\\\/#organization\"},\"image\":{\"@type\":\"ImageObject\",\"url\":\"https:\\\/\\\/www.skalnik.pl\\\/blog\\\/wp-content\\\/uploads\\\/2019\\\/01\\\/ok\\u0142adka-joga-mentalny..jpg\",\"width\":1920,\"height\":705},\"datePublished\":\"2019-01-22T10:26:02+02:00\",\"dateModified\":\"2020-04-30T12:40:59+02:00\",\"inLanguage\":\"pl-PL\",\"mainEntityOfPage\":{\"@id\":\"https:\\\/\\\/www.skalnik.pl\\\/blog\\\/joga-we-wspinaniu-aspekt-mentalny\\\/#webpage\"},\"isPartOf\":{\"@id\":\"https:\\\/\\\/www.skalnik.pl\\\/blog\\\/joga-we-wspinaniu-aspekt-mentalny\\\/#webpage\"},\"articleSection\":\"Pasja, inspiracje, joga, styl \\u017cycia, trening, wspinaczka, 1159\"},{\"@type\":\"BreadcrumbList\",\"@id\":\"https:\\\/\\\/www.skalnik.pl\\\/blog\\\/joga-we-wspinaniu-aspekt-mentalny\\\/#breadcrumblist\",\"itemListElement\":[{\"@type\":\"ListItem\",\"@id\":\"https:\\\/\\\/www.skalnik.pl\\\/blog#listItem\",\"position\":1,\"name\":\"Home\",\"item\":\"https:\\\/\\\/www.skalnik.pl\\\/blog\",\"nextItem\":{\"@type\":\"ListItem\",\"@id\":\"https:\\\/\\\/www.skalnik.pl\\\/blog\\\/.\\\/pasja\\\/#listItem\",\"name\":\"Pasja\"}},{\"@type\":\"ListItem\",\"@id\":\"https:\\\/\\\/www.skalnik.pl\\\/blog\\\/.\\\/pasja\\\/#listItem\",\"position\":2,\"name\":\"Pasja\",\"item\":\"https:\\\/\\\/www.skalnik.pl\\\/blog\\\/.\\\/pasja\\\/\",\"nextItem\":{\"@type\":\"ListItem\",\"@id\":\"https:\\\/\\\/www.skalnik.pl\\\/blog\\\/joga-we-wspinaniu-aspekt-mentalny\\\/#listItem\",\"name\":\"Joga we wspinaniu \\u2013 aspekt mentalny\"},\"previousItem\":{\"@type\":\"ListItem\",\"@id\":\"https:\\\/\\\/www.skalnik.pl\\\/blog#listItem\",\"name\":\"Home\"}},{\"@type\":\"ListItem\",\"@id\":\"https:\\\/\\\/www.skalnik.pl\\\/blog\\\/joga-we-wspinaniu-aspekt-mentalny\\\/#listItem\",\"position\":3,\"name\":\"Joga we wspinaniu \\u2013 aspekt mentalny\",\"previousItem\":{\"@type\":\"ListItem\",\"@id\":\"https:\\\/\\\/www.skalnik.pl\\\/blog\\\/.\\\/pasja\\\/#listItem\",\"name\":\"Pasja\"}}]},{\"@type\":\"Organization\",\"@id\":\"https:\\\/\\\/www.skalnik.pl\\\/blog\\\/#organization\",\"name\":\"blog Skalnik\",\"description\":\"Blog, porady, artyku\\u0142y - blog Skalnik\",\"url\":\"https:\\\/\\\/www.skalnik.pl\\\/blog\\\/\"},{\"@type\":\"Person\",\"@id\":\"https:\\\/\\\/www.skalnik.pl\\\/blog\\\/author\\\/marta-sokolowska\\\/#author\",\"url\":\"https:\\\/\\\/www.skalnik.pl\\\/blog\\\/author\\\/marta-sokolowska\\\/\",\"name\":\"Marta Soko\\u0142owska\",\"image\":{\"@type\":\"ImageObject\",\"@id\":\"https:\\\/\\\/www.skalnik.pl\\\/blog\\\/joga-we-wspinaniu-aspekt-mentalny\\\/#authorImage\",\"url\":\"https:\\\/\\\/secure.gravatar.com\\\/avatar\\\/0e04a069f04d0a1476d6733ecbd93392e6d0867d90579d243eb1e783e66953a4?s=96&d=mm&r=g\",\"width\":96,\"height\":96,\"caption\":\"Marta Soko\\u0142owska\"}},{\"@type\":\"WebPage\",\"@id\":\"https:\\\/\\\/www.skalnik.pl\\\/blog\\\/joga-we-wspinaniu-aspekt-mentalny\\\/#webpage\",\"url\":\"https:\\\/\\\/www.skalnik.pl\\\/blog\\\/joga-we-wspinaniu-aspekt-mentalny\\\/\",\"name\":\"Joga we wspinaniu \\u2013 aspekt mentalny - blog Skalnik\",\"description\":\"Je\\u017celi zastanawiasz si\\u0119 jak joga mo\\u017ce wp\\u0142yn\\u0105\\u0107 na twoje wspinanie, to ten tekst jest w\\u0142a\\u015bnie dla ciebie. Sprawd\\u017a jak praktykowanie jogi mo\\u017ce wp\\u0142yn\\u0105\\u0107 na mentalny aspekt wspinania.\",\"inLanguage\":\"pl-PL\",\"isPartOf\":{\"@id\":\"https:\\\/\\\/www.skalnik.pl\\\/blog\\\/#website\"},\"breadcrumb\":{\"@id\":\"https:\\\/\\\/www.skalnik.pl\\\/blog\\\/joga-we-wspinaniu-aspekt-mentalny\\\/#breadcrumblist\"},\"author\":{\"@id\":\"https:\\\/\\\/www.skalnik.pl\\\/blog\\\/author\\\/marta-sokolowska\\\/#author\"},\"creator\":{\"@id\":\"https:\\\/\\\/www.skalnik.pl\\\/blog\\\/author\\\/marta-sokolowska\\\/#author\"},\"image\":{\"@type\":\"ImageObject\",\"url\":\"https:\\\/\\\/www.skalnik.pl\\\/blog\\\/wp-content\\\/uploads\\\/2019\\\/01\\\/ok\\u0142adka-joga-mentalny..jpg\",\"@id\":\"https:\\\/\\\/www.skalnik.pl\\\/blog\\\/joga-we-wspinaniu-aspekt-mentalny\\\/#mainImage\",\"width\":1920,\"height\":705},\"primaryImageOfPage\":{\"@id\":\"https:\\\/\\\/www.skalnik.pl\\\/blog\\\/joga-we-wspinaniu-aspekt-mentalny\\\/#mainImage\"},\"datePublished\":\"2019-01-22T10:26:02+02:00\",\"dateModified\":\"2020-04-30T12:40:59+02:00\"},{\"@type\":\"WebSite\",\"@id\":\"https:\\\/\\\/www.skalnik.pl\\\/blog\\\/#website\",\"url\":\"https:\\\/\\\/www.skalnik.pl\\\/blog\\\/\",\"name\":\"blog Skalnik\",\"description\":\"Blog, porady, artyku\\u0142y - blog Skalnik\",\"inLanguage\":\"pl-PL\",\"publisher\":{\"@id\":\"https:\\\/\\\/www.skalnik.pl\\\/blog\\\/#organization\"}}]}\n\t\t<\/script>\n\t\t<!-- All in One SEO -->\n\n","aioseo_head_json":{"title":"Joga we wspinaniu \u2013 aspekt mentalny - blog Skalnik","description":"Je\u017celi zastanawiasz si\u0119 jak joga mo\u017ce wp\u0142yn\u0105\u0107 na twoje wspinanie, to ten tekst jest w\u0142a\u015bnie dla ciebie. Sprawd\u017a jak praktykowanie jogi mo\u017ce wp\u0142yn\u0105\u0107 na mentalny aspekt wspinania.","canonical_url":"https:\/\/www.skalnik.pl\/blog\/joga-we-wspinaniu-aspekt-mentalny\/","robots":"max-image-preview:large","keywords":"","webmasterTools":{"miscellaneous":""},"schema":{"@context":"https:\/\/schema.org","@graph":[{"@type":"BlogPosting","@id":"https:\/\/www.skalnik.pl\/blog\/joga-we-wspinaniu-aspekt-mentalny\/#blogposting","name":"Joga we wspinaniu \u2013 aspekt mentalny - blog Skalnik","headline":"Joga we wspinaniu \u2013 aspekt mentalny","author":{"@id":"https:\/\/www.skalnik.pl\/blog\/author\/marta-sokolowska\/#author"},"publisher":{"@id":"https:\/\/www.skalnik.pl\/blog\/#organization"},"image":{"@type":"ImageObject","url":"https:\/\/www.skalnik.pl\/blog\/wp-content\/uploads\/2019\/01\/ok\u0142adka-joga-mentalny..jpg","width":1920,"height":705},"datePublished":"2019-01-22T10:26:02+02:00","dateModified":"2020-04-30T12:40:59+02:00","inLanguage":"pl-PL","mainEntityOfPage":{"@id":"https:\/\/www.skalnik.pl\/blog\/joga-we-wspinaniu-aspekt-mentalny\/#webpage"},"isPartOf":{"@id":"https:\/\/www.skalnik.pl\/blog\/joga-we-wspinaniu-aspekt-mentalny\/#webpage"},"articleSection":"Pasja, inspiracje, joga, styl \u017cycia, trening, wspinaczka, 1159"},{"@type":"BreadcrumbList","@id":"https:\/\/www.skalnik.pl\/blog\/joga-we-wspinaniu-aspekt-mentalny\/#breadcrumblist","itemListElement":[{"@type":"ListItem","@id":"https:\/\/www.skalnik.pl\/blog#listItem","position":1,"name":"Home","item":"https:\/\/www.skalnik.pl\/blog","nextItem":{"@type":"ListItem","@id":"https:\/\/www.skalnik.pl\/blog\/.\/pasja\/#listItem","name":"Pasja"}},{"@type":"ListItem","@id":"https:\/\/www.skalnik.pl\/blog\/.\/pasja\/#listItem","position":2,"name":"Pasja","item":"https:\/\/www.skalnik.pl\/blog\/.\/pasja\/","nextItem":{"@type":"ListItem","@id":"https:\/\/www.skalnik.pl\/blog\/joga-we-wspinaniu-aspekt-mentalny\/#listItem","name":"Joga we wspinaniu \u2013 aspekt mentalny"},"previousItem":{"@type":"ListItem","@id":"https:\/\/www.skalnik.pl\/blog#listItem","name":"Home"}},{"@type":"ListItem","@id":"https:\/\/www.skalnik.pl\/blog\/joga-we-wspinaniu-aspekt-mentalny\/#listItem","position":3,"name":"Joga we wspinaniu \u2013 aspekt mentalny","previousItem":{"@type":"ListItem","@id":"https:\/\/www.skalnik.pl\/blog\/.\/pasja\/#listItem","name":"Pasja"}}]},{"@type":"Organization","@id":"https:\/\/www.skalnik.pl\/blog\/#organization","name":"blog Skalnik","description":"Blog, porady, artyku\u0142y - blog Skalnik","url":"https:\/\/www.skalnik.pl\/blog\/"},{"@type":"Person","@id":"https:\/\/www.skalnik.pl\/blog\/author\/marta-sokolowska\/#author","url":"https:\/\/www.skalnik.pl\/blog\/author\/marta-sokolowska\/","name":"Marta Soko\u0142owska","image":{"@type":"ImageObject","@id":"https:\/\/www.skalnik.pl\/blog\/joga-we-wspinaniu-aspekt-mentalny\/#authorImage","url":"https:\/\/secure.gravatar.com\/avatar\/0e04a069f04d0a1476d6733ecbd93392e6d0867d90579d243eb1e783e66953a4?s=96&d=mm&r=g","width":96,"height":96,"caption":"Marta Soko\u0142owska"}},{"@type":"WebPage","@id":"https:\/\/www.skalnik.pl\/blog\/joga-we-wspinaniu-aspekt-mentalny\/#webpage","url":"https:\/\/www.skalnik.pl\/blog\/joga-we-wspinaniu-aspekt-mentalny\/","name":"Joga we wspinaniu \u2013 aspekt mentalny - blog Skalnik","description":"Je\u017celi zastanawiasz si\u0119 jak joga mo\u017ce wp\u0142yn\u0105\u0107 na twoje wspinanie, to ten tekst jest w\u0142a\u015bnie dla ciebie. Sprawd\u017a jak praktykowanie jogi mo\u017ce wp\u0142yn\u0105\u0107 na mentalny aspekt wspinania.","inLanguage":"pl-PL","isPartOf":{"@id":"https:\/\/www.skalnik.pl\/blog\/#website"},"breadcrumb":{"@id":"https:\/\/www.skalnik.pl\/blog\/joga-we-wspinaniu-aspekt-mentalny\/#breadcrumblist"},"author":{"@id":"https:\/\/www.skalnik.pl\/blog\/author\/marta-sokolowska\/#author"},"creator":{"@id":"https:\/\/www.skalnik.pl\/blog\/author\/marta-sokolowska\/#author"},"image":{"@type":"ImageObject","url":"https:\/\/www.skalnik.pl\/blog\/wp-content\/uploads\/2019\/01\/ok\u0142adka-joga-mentalny..jpg","@id":"https:\/\/www.skalnik.pl\/blog\/joga-we-wspinaniu-aspekt-mentalny\/#mainImage","width":1920,"height":705},"primaryImageOfPage":{"@id":"https:\/\/www.skalnik.pl\/blog\/joga-we-wspinaniu-aspekt-mentalny\/#mainImage"},"datePublished":"2019-01-22T10:26:02+02:00","dateModified":"2020-04-30T12:40:59+02:00"},{"@type":"WebSite","@id":"https:\/\/www.skalnik.pl\/blog\/#website","url":"https:\/\/www.skalnik.pl\/blog\/","name":"blog Skalnik","description":"Blog, porady, artyku\u0142y - blog Skalnik","inLanguage":"pl-PL","publisher":{"@id":"https:\/\/www.skalnik.pl\/blog\/#organization"}}]},"og:locale":"pl_PL","og:site_name":"blog Skalnik - Blog, porady, artyku\u0142y - blog Skalnik","og:type":"article","og:title":"Joga we wspinaniu \u2013 aspekt mentalny - blog Skalnik","og:description":"Je\u017celi zastanawiasz si\u0119 jak joga mo\u017ce wp\u0142yn\u0105\u0107 na twoje wspinanie, to ten tekst jest w\u0142a\u015bnie dla ciebie. Sprawd\u017a jak praktykowanie jogi mo\u017ce wp\u0142yn\u0105\u0107 na mentalny aspekt wspinania.","og:url":"https:\/\/www.skalnik.pl\/blog\/joga-we-wspinaniu-aspekt-mentalny\/","og:image":"https:\/\/skalnik.pl\/blog\/wp-content\/uploads\/2019\/01\/A7R05956-1024x683.jpg","og:image:secure_url":"https:\/\/skalnik.pl\/blog\/wp-content\/uploads\/2019\/01\/A7R05956-1024x683.jpg","article:tag":["pasja","inspiracje","joga","styl \u017cycia","trening","wspinaczka"],"article:published_time":"2019-01-22T09:26:02+00:00","article:modified_time":"2020-04-30T10:40:59+00:00","twitter:card":"summary_large_image","twitter:title":"Joga we wspinaniu \u2013 aspekt mentalny - blog Skalnik","twitter:description":"Je\u017celi zastanawiasz si\u0119 jak joga mo\u017ce wp\u0142yn\u0105\u0107 na twoje wspinanie, to ten tekst jest w\u0142a\u015bnie dla ciebie. Sprawd\u017a jak praktykowanie jogi mo\u017ce wp\u0142yn\u0105\u0107 na mentalny aspekt wspinania.","twitter:image":"https:\/\/skalnik.pl\/blog\/wp-content\/uploads\/2019\/01\/A7R05956-1024x683.jpg"},"aioseo_meta_data":{"post_id":"5448","title":null,"description":null,"keywords":null,"keyphrases":null,"primary_term":null,"canonical_url":null,"og_title":null,"og_description":null,"og_object_type":"default","og_image_type":"default","og_image_url":null,"og_image_width":null,"og_image_height":null,"og_image_custom_url":null,"og_image_custom_fields":null,"og_video":null,"og_custom_url":null,"og_article_section":null,"og_article_tags":null,"twitter_use_og":false,"twitter_card":"default","twitter_image_type":"default","twitter_image_url":null,"twitter_image_custom_url":null,"twitter_image_custom_fields":null,"twitter_title":null,"twitter_description":null,"schema":{"blockGraphs":[],"customGraphs":[],"default":{"data":{"Article":[],"Course":[],"Dataset":[],"FAQPage":[],"Movie":[],"Person":[],"Product":[],"ProductReview":[],"Car":[],"Recipe":[],"Service":[],"SoftwareApplication":[],"WebPage":[]},"graphName":"BlogPosting","isEnabled":true},"graphs":[]},"schema_type":"default","schema_type_options":null,"pillar_content":false,"robots_default":true,"robots_noindex":false,"robots_noarchive":false,"robots_nosnippet":false,"robots_nofollow":false,"robots_noimageindex":false,"robots_noodp":false,"robots_notranslate":false,"robots_max_snippet":null,"robots_max_videopreview":null,"robots_max_imagepreview":"large","priority":null,"frequency":null,"local_seo":null,"breadcrumb_settings":null,"limit_modified_date":false,"ai":null,"created":"2022-08-26 09:55:13","updated":"2026-02-17 21:29:19","seo_analyzer_scan_date":null},"aioseo_breadcrumb":"<div class=\"aioseo-breadcrumbs\"><span class=\"aioseo-breadcrumb\">\n\t\t\t<a href=\"https:\/\/www.skalnik.pl\/blog\" title=\"Home\">Home<\/a>\n\t\t<\/span><span class=\"aioseo-breadcrumb-separator\">&raquo;<\/span><span class=\"aioseo-breadcrumb\">\n\t\t\t<a href=\"https:\/\/www.skalnik.pl\/blog\/.\/pasja\/\" title=\"Pasja\">Pasja<\/a>\n\t\t<\/span><span class=\"aioseo-breadcrumb-separator\">&raquo;<\/span><span class=\"aioseo-breadcrumb\">\n\t\t\tJoga we wspinaniu \u2013 aspekt mentalny\n\t\t<\/span><\/div>","aioseo_breadcrumb_json":[{"label":"Home","link":"https:\/\/www.skalnik.pl\/blog"},{"label":"Pasja","link":"https:\/\/www.skalnik.pl\/blog\/.\/pasja\/"},{"label":"Joga we wspinaniu \u2013 aspekt mentalny","link":"https:\/\/www.skalnik.pl\/blog\/joga-we-wspinaniu-aspekt-mentalny\/"}],"_links":{"self":[{"href":"https:\/\/www.skalnik.pl\/blog\/wp-json\/wp\/v2\/posts\/5448","targetHints":{"allow":["GET"]}}],"collection":[{"href":"https:\/\/www.skalnik.pl\/blog\/wp-json\/wp\/v2\/posts"}],"about":[{"href":"https:\/\/www.skalnik.pl\/blog\/wp-json\/wp\/v2\/types\/post"}],"author":[{"embeddable":true,"href":"https:\/\/www.skalnik.pl\/blog\/wp-json\/wp\/v2\/users\/25"}],"replies":[{"embeddable":true,"href":"https:\/\/www.skalnik.pl\/blog\/wp-json\/wp\/v2\/comments?post=5448"}],"version-history":[{"count":8,"href":"https:\/\/www.skalnik.pl\/blog\/wp-json\/wp\/v2\/posts\/5448\/revisions"}],"predecessor-version":[{"id":12174,"href":"https:\/\/www.skalnik.pl\/blog\/wp-json\/wp\/v2\/posts\/5448\/revisions\/12174"}],"wp:featuredmedia":[{"embeddable":true,"href":"https:\/\/www.skalnik.pl\/blog\/wp-json\/wp\/v2\/media\/5462"}],"wp:attachment":[{"href":"https:\/\/www.skalnik.pl\/blog\/wp-json\/wp\/v2\/media?parent=5448"}],"wp:term":[{"taxonomy":"category","embeddable":true,"href":"https:\/\/www.skalnik.pl\/blog\/wp-json\/wp\/v2\/categories?post=5448"},{"taxonomy":"post_tag","embeddable":true,"href":"https:\/\/www.skalnik.pl\/blog\/wp-json\/wp\/v2\/tags?post=5448"},{"taxonomy":"magento_category","embeddable":true,"href":"https:\/\/www.skalnik.pl\/blog\/wp-json\/wp\/v2\/magento_category?post=5448"},{"taxonomy":"magento_product","embeddable":true,"href":"https:\/\/www.skalnik.pl\/blog\/wp-json\/wp\/v2\/magento_product?post=5448"}],"curies":[{"name":"wp","href":"https:\/\/api.w.org\/{rel}","templated":true}]}}