{"id":5593,"date":"2019-02-08T15:19:23","date_gmt":"2019-02-08T14:19:23","guid":{"rendered":"https:\/\/skalnik.pl\/blog\/?p=5593"},"modified":"2019-07-12T10:33:15","modified_gmt":"2019-07-12T08:33:15","slug":"osprey-deuter-czy-gregory-ktory-plecak-wybrac","status":"publish","type":"post","link":"https:\/\/www.skalnik.pl\/blog\/osprey-deuter-czy-gregory-ktory-plecak-wybrac\/","title":{"rendered":"Osprey, Deuter czy Gregory \u2013 kt\u00f3ry plecak wybra\u0107"},"content":{"rendered":"<p><b>Zdarza si\u0119, \u017ce odwiedzaj\u0105c swoich rodzic\u00f3w rozmawiam z nimi o tym, jak by\u0142o kiedy\u015b, w czasach PRL-u. Dzi\u0119ki tym rozmowom dowiedzia\u0142em si\u0119, \u017ce do policzenia modeli but\u00f3w, czy te\u017c plecak\u00f3w turystycznych wystarczy\u0142yby palce jednej d\u0142oni. I to d\u0142oni \u015brednio rozgarni\u0119tego operatora pi\u0142y tarczowej. Dzi\u015b mo\u017cliwo\u015bci przebierania w turystycznych precjozach s\u0105 niemal\u017ce nieograniczone. Ogromny wyb\u00f3r nie jest wcale takim u\u0142atwieniem. P\u00f3\u0142 biedy, gdy przed sob\u0105 masz wyb\u00f3r mena\u017cki czy kartusza gazowego. Ale co zaradzi\u0107 przy wyborze plecaka? Deuter, Gregory czy Osprey \u2013 kt\u00f3ry plecak w g\u00f3ry wybra\u0107? Oto jest pytanie!<\/b><\/p>\n<p>Klienci czasem pytaj\u0105 mnie w sklepie \u201ekt\u00f3ra z tych marek jest najlepsza\u201d. Niestety jest to pytanie, na kt\u00f3re nie ma jednoznacznej odpowiedzi. Odpowied\u017a b\u0119dzie uzale\u017cniona od tego, jak dany plecak b\u0119dzie le\u017ce\u0107 na twoich plecach. W tym wpisie postaram si\u0119 przedstawi\u0107 najwa\u017cniejsze r\u00f3\u017cnice, jakie zdradzaj\u0105 <a href=\"https:\/\/skalnik.pl\/deuter\" target=\"_blank\" rel=\"noopener\">plecaki Deuter<\/a>, plecaki Gregory i plecaki Osprey i u\u0142atwi\u0107 wyb\u00f3r idealnej dla ciebie marki.<\/p>\n<p>Dawniej przy zakupie plecaka istnia\u0142o jedno kryterium \u2013 wytrzyma\u0142o\u015b\u0107. Plecak kupowa\u0142o si\u0119 na lata. Z tego powodu swoistej legendy doczeka\u0142y si\u0119 plecaki Wisport. Legendarna niemal (i wci\u0105\u017c popularna w\u015br\u00f3d niekt\u00f3rych u\u017cytkownik\u00f3w) wroc\u0142awska marka produkuje plecaki nie do zdarcia. Modele s\u0105 ci\u0119\u017csze w konstrukcji, ale w ca\u0142o\u015bci wykonane z Cordury, dlatego \u015bwietnie sprawdzaj\u0105 si\u0119 do survivalu czy bushcraftu. Na turystycznych szlakach plecaki marki Wisport ust\u0119puj\u0105 ju\u017c dzi\u015b innym producentom. Je\u017celi jednak szukasz plecaka, kt\u00f3ry b\u0119dzie autentycznie \u201enie\u015bmiertelny\u201d i \u201enie do zajechania\u201d, to na pewno warto skupi\u0107 sw\u0105 uwag\u0119 w\u0142a\u015bnie na Wisporcie. Sam jestem posiadaczem dziesi\u0119cioletniego ju\u017c placaka Pear 24. Mimo up\u0142ywu lat jest w pe\u0142ni sprawny i nie zapowiada si\u0119 na to, \u017ceby co\u015b mia\u0142o zmieni\u0107 si\u0119 w tej materii.<\/p>\n<p>&nbsp;<\/p>\n<div id=\"ez-toc-container\" class=\"ez-toc-v2_0_85 counter-hierarchy ez-toc-counter ez-toc-light-blue ez-toc-container-direction\">\n<div class=\"ez-toc-title-container\">\n<p class=\"ez-toc-title\" style=\"cursor:inherit\">SPIS TRE\u015aCI <\/p>\n<span class=\"ez-toc-title-toggle\"><a href=\"#\" class=\"ez-toc-pull-right ez-toc-btn ez-toc-btn-xs ez-toc-btn-default ez-toc-toggle\" aria-label=\"Prze\u0142\u0105cznik Spisu Tre\u015bci\"><span class=\"ez-toc-js-icon-con\"><span class=\"\"><span class=\"eztoc-hide\" style=\"display:none;\">Toggle<\/span><span class=\"ez-toc-icon-toggle-span\"><svg style=\"fill: #999;color:#999\" xmlns=\"http:\/\/www.w3.org\/2000\/svg\" class=\"list-377408\" width=\"20px\" height=\"20px\" viewBox=\"0 0 24 24\" fill=\"none\"><path d=\"M6 6H4v2h2V6zm14 0H8v2h12V6zM4 11h2v2H4v-2zm16 0H8v2h12v-2zM4 16h2v2H4v-2zm16 0H8v2h12v-2z\" fill=\"currentColor\"><\/path><\/svg><svg style=\"fill: #999;color:#999\" class=\"arrow-unsorted-368013\" xmlns=\"http:\/\/www.w3.org\/2000\/svg\" width=\"10px\" height=\"10px\" viewBox=\"0 0 24 24\" version=\"1.2\" baseProfile=\"tiny\"><path d=\"M18.2 9.3l-6.2-6.3-6.2 6.3c-.2.2-.3.4-.3.7s.1.5.3.7c.2.2.4.3.7.3h11c.3 0 .5-.1.7-.3.2-.2.3-.5.3-.7s-.1-.5-.3-.7zM5.8 14.7l6.2 6.3 6.2-6.3c.2-.2.3-.5.3-.7s-.1-.5-.3-.7c-.2-.2-.4-.3-.7-.3h-11c-.3 0-.5.1-.7.3-.2.2-.3.5-.3.7s.1.5.3.7z\"\/><\/svg><\/span><\/span><\/span><\/a><\/span><\/div>\n<nav><ul class='ez-toc-list ez-toc-list-level-1 ' ><li class='ez-toc-page-1 ez-toc-heading-level-2'><a class=\"ez-toc-link ez-toc-heading-1\" href=\"https:\/\/www.skalnik.pl\/blog\/osprey-deuter-czy-gregory-ktory-plecak-wybrac\/#Plecaki_Deuter_%E2%80%93_120_lat_doswiadczenia\" >Plecaki Deuter \u2013 120 lat do\u015bwiadczenia<\/a><\/li><li class='ez-toc-page-1 ez-toc-heading-level-2'><a class=\"ez-toc-link ez-toc-heading-2\" href=\"https:\/\/www.skalnik.pl\/blog\/osprey-deuter-czy-gregory-ktory-plecak-wybrac\/#Plecaki_Gregory_%E2%80%93_zrodzone_z_pasji\" >Plecaki Gregory \u2013 zrodzone z pasji<\/a><\/li><li class='ez-toc-page-1 ez-toc-heading-level-2'><a class=\"ez-toc-link ez-toc-heading-3\" href=\"https:\/\/www.skalnik.pl\/blog\/osprey-deuter-czy-gregory-ktory-plecak-wybrac\/#Plecaki_Osprey_%E2%80%93_maszyna_i_glowa_pelna_pomyslow\" >Plecaki Osprey \u2013 maszyna i g\u0142owa pe\u0142na pomys\u0142\u00f3w<\/a><\/li><\/ul><\/nav><\/div>\n<h2><span class=\"ez-toc-section\" id=\"Plecaki_Deuter_%E2%80%93_120_lat_doswiadczenia\"><\/span>Plecaki Deuter \u2013 120 lat do\u015bwiadczenia<span class=\"ez-toc-section-end\"><\/span><\/h2>\n<p>Deuter to niemiecka marka, kt\u00f3ra swe pocz\u0105tki ma w ko\u0144cu XIX-go wieku. Pierwszymi produktami, kt\u00f3re nosi\u0142y logo Hansa Deutera by\u0142y wory transportowe dla niemieckiej poczty oraz akcesoria dla wojska. Z biegiem czasu portfolio Deutera uleg\u0142o zmianie. W 1966 roku, 68 lat od powstania marki, do produkcji plecaka turystycznego po raz pierwszy zosta\u0142 u\u017cyty nylon. Mia\u0142o to ogromny wp\u0142yw na dalszy rozw\u00f3j marki i linii plecak\u00f3w, kt\u00f3re zacz\u0119\u0142y cieszy\u0107 i do dzi\u015b ciesz\u0105 si\u0119 zaufaniem turyst\u00f3w oraz alpinist\u00f3w.<\/p>\n<div class=\"page_gallery\">\n\n\t\t<style type=\"text\/css\">\n\t\t\t#gallery-1 {\n\t\t\t\tmargin: auto;\n\t\t\t}\n\t\t\t#gallery-1 .gallery-item {\n\t\t\t\tfloat: left;\n\t\t\t\tmargin-top: 10px;\n\t\t\t\ttext-align: center;\n\t\t\t\twidth: 33%;\n\t\t\t}\n\t\t\t#gallery-1 img {\n\t\t\t\tborder: 2px solid #cfcfcf;\n\t\t\t}\n\t\t\t#gallery-1 .gallery-caption {\n\t\t\t\tmargin-left: 0;\n\t\t\t}\n\t\t\t\/* see gallery_shortcode() in wp-includes\/media.php *\/\n\t\t<\/style>\n\t\t<div id='gallery-1' class='gallery galleryid-5593 gallery-columns-3 gallery-size-large'><dl class='gallery-item'>\n\t\t\t<dt class='gallery-icon landscape'>\n\t\t\t\t<img loading=\"lazy\" decoding=\"async\" width=\"1024\" height=\"683\" src=\"https:\/\/www.skalnik.pl\/blog\/wp-content\/uploads\/2019\/02\/Hiking12_KlausFengler-1024x683.jpg\" class=\"attachment-large size-large\" alt=\"plecaki deuter\" aria-describedby=\"gallery-1-5598\" srcset=\"https:\/\/www.skalnik.pl\/blog\/wp-content\/uploads\/2019\/02\/Hiking12_KlausFengler-1024x683.jpg 1024w, https:\/\/www.skalnik.pl\/blog\/wp-content\/uploads\/2019\/02\/Hiking12_KlausFengler-300x200.jpg 300w, https:\/\/www.skalnik.pl\/blog\/wp-content\/uploads\/2019\/02\/Hiking12_KlausFengler-768x512.jpg 768w, https:\/\/www.skalnik.pl\/blog\/wp-content\/uploads\/2019\/02\/Hiking12_KlausFengler.jpg 1296w\" sizes=\"auto, (max-width: 1024px) 100vw, 1024px\" \/>\n\t\t\t<\/dt>\n\t\t\t\t<dd class='wp-caption-text gallery-caption' id='gallery-1-5598'>\n\t\t\t\tPlecaki Deuter w technicznym terenie (fot. Deuter) \n\t\t\t\t<\/dd><\/dl><dl class='gallery-item'>\n\t\t\t<dt class='gallery-icon landscape'>\n\t\t\t\t<img loading=\"lazy\" decoding=\"async\" width=\"1024\" height=\"768\" src=\"https:\/\/www.skalnik.pl\/blog\/wp-content\/uploads\/2019\/02\/Trekking_AirContact_SideShot_2_Lars-Schneider-1024x768.jpg\" class=\"attachment-large size-large\" alt=\"plecak deuter\" aria-describedby=\"gallery-1-5599\" srcset=\"https:\/\/www.skalnik.pl\/blog\/wp-content\/uploads\/2019\/02\/Trekking_AirContact_SideShot_2_Lars-Schneider-1024x768.jpg 1024w, https:\/\/www.skalnik.pl\/blog\/wp-content\/uploads\/2019\/02\/Trekking_AirContact_SideShot_2_Lars-Schneider-300x225.jpg 300w, https:\/\/www.skalnik.pl\/blog\/wp-content\/uploads\/2019\/02\/Trekking_AirContact_SideShot_2_Lars-Schneider-768x576.jpg 768w, https:\/\/www.skalnik.pl\/blog\/wp-content\/uploads\/2019\/02\/Trekking_AirContact_SideShot_2_Lars-Schneider.jpg 1667w\" sizes=\"auto, (max-width: 1024px) 100vw, 1024px\" \/>\n\t\t\t<\/dt>\n\t\t\t\t<dd class='wp-caption-text gallery-caption' id='gallery-1-5599'>\n\t\t\t\tAircontact &#8211; po prostu bardzo wygodny plecak trekkingowy (fot. Deuter)\n\t\t\t\t<\/dd><\/dl><dl class='gallery-item'>\n\t\t\t<dt class='gallery-icon landscape'>\n\t\t\t\t<img loading=\"lazy\" decoding=\"async\" width=\"750\" height=\"500\" src=\"https:\/\/www.skalnik.pl\/blog\/wp-content\/uploads\/2019\/02\/DayPack_GigaSL_SideShot_2_Manuel-Ferrigato.jpg\" class=\"attachment-large size-large\" alt=\"plecak miejski deuter\" aria-describedby=\"gallery-1-5597\" srcset=\"https:\/\/www.skalnik.pl\/blog\/wp-content\/uploads\/2019\/02\/DayPack_GigaSL_SideShot_2_Manuel-Ferrigato.jpg 750w, https:\/\/www.skalnik.pl\/blog\/wp-content\/uploads\/2019\/02\/DayPack_GigaSL_SideShot_2_Manuel-Ferrigato-300x200.jpg 300w\" sizes=\"auto, (max-width: 750px) 100vw, 750px\" \/>\n\t\t\t<\/dt>\n\t\t\t\t<dd class='wp-caption-text gallery-caption' id='gallery-1-5597'>\n\t\t\t\tDeuter to r\u00f3wnie\u017c wygoda na co dzie\u0144 i podczas podr\u00f3\u017cowania (fot. Deuter) \n\t\t\t\t<\/dd><\/dl><br style=\"clear: both\" \/>\n\t\t<\/div>\n\n<\/div>\n<p><b>Trwa\u0142o\u015b\u0107 i jako\u015b\u0107<\/b><br \/>\nDeuter korzysta z tkanin nylonowych, kt\u00f3re wykonane s\u0105 w technologii Ripstop. Oznacza to zwi\u0119kszon\u0105 wytrzyma\u0142o\u015b\u0107 na uszkodzenia mechaniczne. Dodatkowo ka\u017cde \u0142\u0105czenie mi\u0119dzy p\u0142atami materia\u0142\u00f3w obszyte jest lam\u00f3wk\u0105. Nie mniej istotnym elementem s\u0105 zamki i klamry. W tym przypadku Deuter stawia na sprawdzone rozwi\u0105zania, czyli niezawodne zamki b\u0142yskawiczne YKK i odporne na niskie temperatury klamry ITW-Nexus. Warto wspomnie\u0107 o serwisie pogwarancyjnym, dzi\u0119ki kt\u00f3remu pozb\u0119dziesz si\u0119 drobnych usterek, a plecak b\u0119dzie ci s\u0142u\u017cy\u0142 przez wiele lat.<\/p>\n<p>&nbsp;<\/p>\n<p><b>Niemiecka limuzyna<\/b><br \/>\nSystemy no\u015bne plecak\u00f3w Deutera to przemy\u015blane i dopracowane konstrukcje. G\u0142\u0119boki dystans w serii Futra, czy te\u017c w pe\u0142ni regulowany system AirContact to jedne z najwygodniejszych rozwi\u0105za\u0144 na rynku outdoorowym. Szerokie pasy biodrowe, rami\u0105czka wykonane z pianki, kt\u00f3ra mimo obci\u0105\u017cenia nie odkszta\u0142ca si\u0119 sprawiaj\u0105, \u017ce ci\u0119\u017car twojego ekwipunku nie zabiera rado\u015bci z trekkingu lub hikingu.<\/p>\n<div id=\"attachment_5596\" style=\"width: 1034px\" class=\"wp-caption alignnone\"><img loading=\"lazy\" decoding=\"async\" aria-describedby=\"caption-attachment-5596\" class=\"wp-image-5596 size-large\" title=\"deuter plecaki turystyczne\" src=\"https:\/\/skalnik.pl\/blog\/wp-content\/uploads\/2019\/02\/Hiking_FuturaPro_SideShot_3_Manuel-Ferrigato-1024x684.jpg\" alt=\"plecaki turystyczne deuter\" width=\"1024\" height=\"684\" srcset=\"https:\/\/www.skalnik.pl\/blog\/wp-content\/uploads\/2019\/02\/Hiking_FuturaPro_SideShot_3_Manuel-Ferrigato-1024x684.jpg 1024w, https:\/\/www.skalnik.pl\/blog\/wp-content\/uploads\/2019\/02\/Hiking_FuturaPro_SideShot_3_Manuel-Ferrigato-300x200.jpg 300w, https:\/\/www.skalnik.pl\/blog\/wp-content\/uploads\/2019\/02\/Hiking_FuturaPro_SideShot_3_Manuel-Ferrigato-768x513.jpg 768w, https:\/\/www.skalnik.pl\/blog\/wp-content\/uploads\/2019\/02\/Hiking_FuturaPro_SideShot_3_Manuel-Ferrigato.jpg 1050w\" sizes=\"auto, (max-width: 1024px) 100vw, 1024px\" \/><p id=\"caption-attachment-5596\" class=\"wp-caption-text\">Szerokie pasy i dopracowane systemy no\u015bne to znaki rozpoznawcze marki Deuter (fot. Deuter)<\/p><\/div>\n<p><b>Nic za darmo<\/b><br \/>\nKomfort i trwa\u0142o\u015b\u0107 to niew\u0105tpliwie najwi\u0119ksze zalety plecak\u00f3w Deutera. Rozbudowane systemy no\u015bne i mocne materia\u0142y wp\u0142ywaj\u0105 na wag\u0119 ca\u0142kowit\u0105 plecak\u00f3w, kt\u00f3ra w por\u00f3wnaniu do konkurencji jest zdecydowanie wi\u0119ksza. Por\u00f3wnuj\u0105c topowe modele takie jak Deuter AirContact Pro 70+15 (3500g), Osprey Aether 85 AG (2420g) i Gregory Baltoro 85 (2340g), to ponad kilogram r\u00f3\u017cnicy. Pami\u0119taj jednak, \u017ce wi\u0119ksz\u0105 wag\u0119 rekompensuje niebywa\u0142a wygoda i trwa\u0142o\u015b\u0107.<\/p>\n<p>&nbsp;<\/p>\n<h2><span class=\"ez-toc-section\" id=\"Plecaki_Gregory_%E2%80%93_zrodzone_z_pasji\"><\/span>Plecaki Gregory \u2013 zrodzone z pasji<span class=\"ez-toc-section-end\"><\/span><\/h2>\n<p>Wayne Gregory zaprojektowa\u0142 sw\u00f3j pierwszy plecak maj\u0105c zaledwie czterna\u015bcie lat. Projekt m\u0142odego Wayne&#8217;a zosta\u0142 zauwa\u017cony przez Andy&#8217;ego Drollingera, \u00f3wczesnego w\u0142a\u015bciciela California Adventure, kt\u00f3ry zaprosi\u0142 go do wsp\u00f3\u0142pracy. W 1970 r. Wayne otworzy\u0142 w\u0142asn\u0105 firm\u0119 Sunbird specjalizuj\u0105c\u0105 si\u0119 w produkcji stela\u017cy, ale ta nie dawa\u0142a mu satysfakcji i rozwi\u0105za\u0142 j\u0105 trzy lata p\u00f3\u017aniej. Wraz z rozwojem rynku materia\u0142\u00f3w technicznych wzmaga\u0142a si\u0119 jego t\u0119sknota do jego pierwotnej pasji \u2013 projektowania plecak\u00f3w. Tak w 1977 r. powsta\u0142a firma Gregory Products \u2013 jedna z najbardziej innowacyjnych firm trudni\u0105ca si\u0119 produkcj\u0105 plecak\u00f3w outdoorowych.<\/p>\n<p><iframe loading=\"lazy\" src=\"https:\/\/www.youtube.com\/embed\/RGJKrfshbs0\" width=\"560\" height=\"315\" frameborder=\"0\" allowfullscreen=\"allowfullscreen\"><\/iframe><\/p>\n<p><b>D\u0105\u017c\u0105c do idea\u0142u<\/b><br \/>\nWayne Gregory budowa\u0142 swoje plecaki na ty\u0142ach sklepu w San Diego. Uwielbia\u0142 rozmawia\u0107 na ich temat ze swoimi klientami. Dzi\u0119ki temu wiedzia\u0142, co powinien poprawi\u0107 w swoich konstrukcjach. Wiele rozwi\u0105za\u0144 takich jak regulowane pasy biodrowe, szwy o wzmocnionej wytrzyma\u0142o\u015bci i mniejsze stela\u017ce by\u0142y rozwi\u0105zaniami pionierskimi, kt\u00f3re znacz\u0105co wp\u0142yn\u0119\u0142y na spos\u00f3b projektowania i konstruowania plecak\u00f3w outdoorowych.<\/p>\n<p><a href=\"https:\/\/www.youtube.com\/watch?v=le-gu0zn4Nc\" target=\"_blank\" rel=\"noopener\"><i>Zobacz cho\u0107 jeden z naszych film\u00f3w i przekonaj si\u0119, jak dopracowane s\u0105 modele.\u00a0 <\/i><\/a><\/p>\n<p>&nbsp;<\/p>\n<p><b>Precyzyjne dopasowanie<\/b><br \/>\nGregory jako pierwsza marka opracowa\u0142a skal\u0119 do mierzenia tu\u0142owia, dzi\u0119ki czemu wyb\u00f3r odpowiedniego rozmiaru plecaka jest jeszcze prostszy i bardziej precyzyjny. \u201eZakrzywiony\u201d kszta\u0142t systemu no\u015bnego idealnie wpasowuje si\u0119 w d\u00f3\u0142 l\u0119d\u017awiowy i gwarantuje lepsze przyleganie do plec\u00f3w. Pasy biodrowe w wi\u0119kszo\u015bci serii (np. Baltoro\/Deva, Paragon\/Maven) s\u0105 w pe\u0142ni regulowane, co oznacza jeszcze lepsze dopasowanie do u\u017cytkownika i dok\u0142adniejsze rozdysponowanie obci\u0105\u017cenia.<\/p>\n<div class=\"page_gallery\">\n\n\t\t<style type=\"text\/css\">\n\t\t\t#gallery-2 {\n\t\t\t\tmargin: auto;\n\t\t\t}\n\t\t\t#gallery-2 .gallery-item {\n\t\t\t\tfloat: left;\n\t\t\t\tmargin-top: 10px;\n\t\t\t\ttext-align: center;\n\t\t\t\twidth: 33%;\n\t\t\t}\n\t\t\t#gallery-2 img {\n\t\t\t\tborder: 2px solid #cfcfcf;\n\t\t\t}\n\t\t\t#gallery-2 .gallery-caption {\n\t\t\t\tmargin-left: 0;\n\t\t\t}\n\t\t\t\/* see gallery_shortcode() in wp-includes\/media.php *\/\n\t\t<\/style>\n\t\t<div id='gallery-2' class='gallery galleryid-5593 gallery-columns-3 gallery-size-large'><dl class='gallery-item'>\n\t\t\t<dt class='gallery-icon landscape'>\n\t\t\t\t<img loading=\"lazy\" decoding=\"async\" width=\"1024\" height=\"683\" src=\"https:\/\/www.skalnik.pl\/blog\/wp-content\/uploads\/2019\/02\/GMP_S19_ZuluJade_AK_Lifestyle-6513-1024x683.jpg\" class=\"attachment-large size-large\" alt=\"plecaki gregory\" aria-describedby=\"gallery-2-5602\" srcset=\"https:\/\/www.skalnik.pl\/blog\/wp-content\/uploads\/2019\/02\/GMP_S19_ZuluJade_AK_Lifestyle-6513-1024x683.jpg 1024w, https:\/\/www.skalnik.pl\/blog\/wp-content\/uploads\/2019\/02\/GMP_S19_ZuluJade_AK_Lifestyle-6513-300x200.jpg 300w, https:\/\/www.skalnik.pl\/blog\/wp-content\/uploads\/2019\/02\/GMP_S19_ZuluJade_AK_Lifestyle-6513-768x512.jpg 768w, https:\/\/www.skalnik.pl\/blog\/wp-content\/uploads\/2019\/02\/GMP_S19_ZuluJade_AK_Lifestyle-6513.jpg 2016w\" sizes=\"auto, (max-width: 1024px) 100vw, 1024px\" \/>\n\t\t\t<\/dt>\n\t\t\t\t<dd class='wp-caption-text gallery-caption' id='gallery-2-5602'>\n\t\t\t\tZulu i Jade to bestsellerowe modele marki (fot. Gregory)\n\t\t\t\t<\/dd><\/dl><dl class='gallery-item'>\n\t\t\t<dt class='gallery-icon landscape'>\n\t\t\t\t<img loading=\"lazy\" decoding=\"async\" width=\"1024\" height=\"683\" src=\"https:\/\/www.skalnik.pl\/blog\/wp-content\/uploads\/2019\/02\/GMP_S19_MiwokMaya_Lifestyle-7232-1024x683.jpg\" class=\"attachment-large size-large\" alt=\"plecak gregory\" aria-describedby=\"gallery-2-5603\" srcset=\"https:\/\/www.skalnik.pl\/blog\/wp-content\/uploads\/2019\/02\/GMP_S19_MiwokMaya_Lifestyle-7232-1024x683.jpg 1024w, https:\/\/www.skalnik.pl\/blog\/wp-content\/uploads\/2019\/02\/GMP_S19_MiwokMaya_Lifestyle-7232-300x200.jpg 300w, https:\/\/www.skalnik.pl\/blog\/wp-content\/uploads\/2019\/02\/GMP_S19_MiwokMaya_Lifestyle-7232-768x512.jpg 768w, https:\/\/www.skalnik.pl\/blog\/wp-content\/uploads\/2019\/02\/GMP_S19_MiwokMaya_Lifestyle-7232.jpg 2016w\" sizes=\"auto, (max-width: 1024px) 100vw, 1024px\" \/>\n\t\t\t<\/dt>\n\t\t\t\t<dd class='wp-caption-text gallery-caption' id='gallery-2-5603'>\n\t\t\t\tWygoda, lekko\u015b\u0107, design (fot. Gregory) \n\t\t\t\t<\/dd><\/dl><dl class='gallery-item'>\n\t\t\t<dt class='gallery-icon landscape'>\n\t\t\t\t<img loading=\"lazy\" decoding=\"async\" width=\"1024\" height=\"683\" src=\"https:\/\/www.skalnik.pl\/blog\/wp-content\/uploads\/2019\/02\/GMP_S19_MiwokMaya_Lifestyle-6318-1024x683.jpg\" class=\"attachment-large size-large\" alt=\"plecak turystyczny gregory\" aria-describedby=\"gallery-2-5604\" srcset=\"https:\/\/www.skalnik.pl\/blog\/wp-content\/uploads\/2019\/02\/GMP_S19_MiwokMaya_Lifestyle-6318-1024x683.jpg 1024w, https:\/\/www.skalnik.pl\/blog\/wp-content\/uploads\/2019\/02\/GMP_S19_MiwokMaya_Lifestyle-6318-300x200.jpg 300w, https:\/\/www.skalnik.pl\/blog\/wp-content\/uploads\/2019\/02\/GMP_S19_MiwokMaya_Lifestyle-6318-768x512.jpg 768w, https:\/\/www.skalnik.pl\/blog\/wp-content\/uploads\/2019\/02\/GMP_S19_MiwokMaya_Lifestyle-6318.jpg 2016w\" sizes=\"auto, (max-width: 1024px) 100vw, 1024px\" \/>\n\t\t\t<\/dt>\n\t\t\t\t<dd class='wp-caption-text gallery-caption' id='gallery-2-5604'>\n\t\t\t\tGdy liczy si\u0119 dopasowanie i precyzja wykonania (fot. Gregory)\n\t\t\t\t<\/dd><\/dl><br style=\"clear: both\" \/>\n\t\t<\/div>\n\n<\/div>\n<p><b>Zawsze suche plecy<\/b><br \/>\nPraktycznie ka\u017cda z serii plecak\u00f3w Gregory (<a href=\"https:\/\/skalnik.pl\/gregory\" target=\"_blank\" rel=\"noopener\">skocz do produkt\u00f3w<\/a>) proponuje systemy no\u015bne, kt\u00f3re pr\u00f3cz dopasowania i wygody gwarantuj\u0105 bardzo dobr\u0105 wentylacj\u0119. Systemy Aerospan (Optic\/Octal), Aerolon (Paragon\/Maven), Response A3 (Baltoro\/Deva) czy CrossFlo DTS (Zulu\/Jade) zapewniaj\u0105 optymalny komfort termiczny plec\u00f3w i umo\u017cliwiaj\u0105 transport wilgoci z dala od cia\u0142a.<\/p>\n<p>&nbsp;<\/p>\n<p><b>Do idea\u0142u tak niewiele<\/b><br \/>\nPlecaki marki Gregory produkowane s\u0105 z nylonu i tak jak Deuter korzystaj\u0105 z komponent\u00f3w YKK i ITW-Nexus. Materia\u0142y s\u0105 zdecydowanie l\u017cejsze, co przek\u0142ada si\u0119 na relatywnie nisk\u0105 wag\u0119 plecak\u00f3w (Optic 55 &#8211; 1140g). Cen\u0105 niskiej wagi jest jednak trwa\u0142o\u015b\u0107. L\u017cejsze materia\u0142y s\u0105 zwyczajnie delikatniejsze mechanicznie. Nie oznacza to, \u017ce plecaki Gregory s\u0105 nietrwa\u0142e \u2013 producent jest przekonany o ich ponadprzeci\u0119tnej jako\u015bci i udziela do\u017cywotniej gwarancji na wady fabryczne i materia\u0142owe.<\/p>\n<p>&nbsp;<\/p>\n<h2><span class=\"ez-toc-section\" id=\"Plecaki_Osprey_%E2%80%93_maszyna_i_glowa_pelna_pomyslow\"><\/span><b>Plecaki Osprey \u2013 maszyna i g\u0142owa pe\u0142na pomys\u0142\u00f3w<\/b><span class=\"ez-toc-section-end\"><\/span><\/h2>\n<p>Osprey to dzie\u0142o jednego cz\u0142owieka, kt\u00f3rego nap\u0119dza\u0142a ch\u0119\u0107 stworzenia plecaka idealnego. Wszystko zacz\u0119\u0142o si\u0119 w roku 1974 w stanie California, w miejscowo\u015bci Santa Cruz, gdzie \u015bwie\u017co upieczony student Mike Pfotenhauer projektowa\u0142 i szy\u0142 plecaki na zam\u00f3wienie. Taki rodzaj pracy dawa\u0142 mu niezale\u017cno\u015b\u0107 czasow\u0105, a opowie\u015bci klient\u00f3w o tym, jak daleko stworzone przez niego plecaki zaw\u0119drowa\u0142y motywowa\u0142y go jeszcze bardziej. T\u0119 motywacj\u0119 wida\u0107 w plecakach Osprey r\u00f3wnie\u017c i dzi\u015b.<\/p>\n<div id=\"attachment_5608\" style=\"width: 1034px\" class=\"wp-caption alignnone\"><img loading=\"lazy\" decoding=\"async\" aria-describedby=\"caption-attachment-5608\" class=\"wp-image-5608 size-large\" title=\"osprey plecak wspinaczkowy\" src=\"https:\/\/skalnik.pl\/blog\/wp-content\/uploads\/2019\/02\/osprey2-1024x658.jpg\" alt=\"osprey mutant\" width=\"1024\" height=\"658\" srcset=\"https:\/\/www.skalnik.pl\/blog\/wp-content\/uploads\/2019\/02\/osprey2-1024x658.jpg 1024w, https:\/\/www.skalnik.pl\/blog\/wp-content\/uploads\/2019\/02\/osprey2-300x193.jpg 300w, https:\/\/www.skalnik.pl\/blog\/wp-content\/uploads\/2019\/02\/osprey2-768x494.jpg 768w\" sizes=\"auto, (max-width: 1024px) 100vw, 1024px\" \/><p id=\"caption-attachment-5608\" class=\"wp-caption-text\">Ambitne dzia\u0142ania i Mutant, czyli plecak Osprey do wspinaczki i alpinizmu (fot. Osprey)<\/p><\/div>\n<p><strong>Trzech wspania\u0142ych<br \/>\n<\/strong>Osprey w swoich plecakach znalaz\u0142 miejsce dla trzech system\u00f3w no\u015bnych. AirScape jest stosowany w mniejszych plecakach takich jak Talon i Tempest. Opiera si\u0119 na kana\u0142ach wentylacyjnych i utrzymuje obci\u0105\u017cenie blisko plec\u00f3w u\u017cytkownika, gwarantuj\u0105c optymaln\u0105 stabilno\u015b\u0107. AirSpeed to klasyczny \u201edystans\u201d zapewniaj\u0105cy maksymaln\u0105 wentylacj\u0119 w plecakach hikingowych Stratos i Sirrus. AntiGravity to absolutny majstersztyk wykorzystywany w seriach Atmos AG i Aura AG. Bardzo precyzyjne przeniesienie obci\u0105\u017cenia na pas biodrowy, pe\u0142na wentylacja plec\u00f3w, ramion i pasa biodrowego sprawiaj\u0105, \u017ce jest to idealne rozwi\u0105zanie dla tych, kt\u00f3rzy potrzebuj\u0105 plecaka na naprawd\u0119 d\u0142ugie trekkingi.<\/p>\n<div id=\"attachment_5606\" style=\"width: 1034px\" class=\"wp-caption alignnone\"><img loading=\"lazy\" decoding=\"async\" aria-describedby=\"caption-attachment-5606\" class=\"wp-image-5606 size-large\" title=\"osprey plecaki\" src=\"https:\/\/skalnik.pl\/blog\/wp-content\/uploads\/2019\/02\/ilustracja-osprey-1024x724.jpg\" alt=\"plecaki osprey\" width=\"1024\" height=\"724\" srcset=\"https:\/\/www.skalnik.pl\/blog\/wp-content\/uploads\/2019\/02\/ilustracja-osprey-1024x724.jpg 1024w, https:\/\/www.skalnik.pl\/blog\/wp-content\/uploads\/2019\/02\/ilustracja-osprey-300x212.jpg 300w, https:\/\/www.skalnik.pl\/blog\/wp-content\/uploads\/2019\/02\/ilustracja-osprey-768x543.jpg 768w, https:\/\/www.skalnik.pl\/blog\/wp-content\/uploads\/2019\/02\/ilustracja-osprey.jpg 1200w\" sizes=\"auto, (max-width: 1024px) 100vw, 1024px\" \/><p id=\"caption-attachment-5606\" class=\"wp-caption-text\">Modele na ka\u017cd\u0105 (nie tylko g\u00f3rsk\u0105) przygod\u0119!<\/p><\/div>\n<p><strong>Materia\u0142y i komponenty najwy\u017cszej jako\u015bci<br \/>\n<\/strong>Na pewno nie b\u0119dzie to dla ciebie zaskoczeniem, \u017ce plecaki Osprey produkowane s\u0105, a jak\u017ceby inaczej, z nylou w r\u00f3\u017cnych wariantach grubo\u015bci i typach ripstopu. Klamry s\u0105 wykonane z tworzywa ABS lub aluminium lotniczego, tak \u017ceby sprawdzi\u0142y si\u0119 i nie zawiod\u0142y nawet w najtrudniejszych warunkach. Ta\u015bmy trok\u00f3w i regulator\u00f3w wykonane s\u0105 najcz\u0119\u015bciej z nylonu i s\u0105 podw\u00f3jnie przeszywane na \u0142\u0105czeniach, tak aby zwi\u0119kszy\u0107 ich wytrzyma\u0142o\u015b\u0107.<\/p>\n<p>&nbsp;<\/p>\n<p><strong>Waga pi\u00f3rkowa<br \/>\n<\/strong><a href=\"https:\/\/skalnik.pl\/osprey\" target=\"_blank\" rel=\"noopener\">Plecaki Osprey<\/a> ciesz\u0105 si\u0119 opini\u0105 lekkich i wytrzyma\u0142ych. We\u017amy na przyk\u0142ad plecak Levity 60. Wydaje mi si\u0119, \u017ce wagowo nie b\u0119dzie mie\u0107 sobie r\u00f3wnych, bo kt\u00f3ry konkurent m\u00f3g\u0142by pobi\u0107 rekordowo nisk\u0105 wag\u0119 860 gram\u00f3w? Pomi\u0119dzy Levity 60, a plecakiem Gregory Optic 58 to 200 gram\u00f3w r\u00f3\u017cnicy, wobec kt\u00f3rej mi\u0142o\u015bnik Fast&amp;Light nie przejdzie oboj\u0119tnie. Warto wiedzie\u0107, \u017ce niska waga plecak\u00f3w zawsze okupiona b\u0119dzie mniejsz\u0105 wytrzyma\u0142o\u015bci\u0105 materia\u0142\u00f3w.<\/p>\n<p>&nbsp;<\/p>\n<p><strong>Naprawia\u0107 zamiast kupowa\u0107<br \/>\n<\/strong>Strategia \u201eAll Mighty Guarantee\u201d to przyk\u0142ad \u015bwiadomego i proekologicznego podej\u015bcia firmy. Osprey w pierwszej kolejno\u015bci stara si\u0119, za wszelk\u0105 cen\u0119 i je\u017celi to tylko mo\u017cliwe, naprawi\u0107 tw\u00f3j sprz\u0119t. Wymiana plecaka na \u201enowy\u201d jest ostateczno\u015bci\u0105. Istnieje te\u017c realna szansa zreperowania uszkodzonego plecaka za niewielk\u0105 op\u0142at\u0105.<\/p>\n<p><iframe loading=\"lazy\" src=\"https:\/\/www.youtube.com\/embed\/_EdHz_3eDmw\" width=\"560\" height=\"315\" frameborder=\"0\" allowfullscreen=\"allowfullscreen\"><\/iframe><\/p>\n<p>W\u015br\u00f3d plecak\u00f3w nie ma tej jednej, najlepszej marki. Ka\u017cdy z wymienionych producent\u00f3w ma do zaoferowania najwy\u017cszej jako\u015bci produkty, ale te\u017c ma w\u0142asn\u0105 wizj\u0119 idealnego plecaka. Jedni stawiaj\u0105 na trwa\u0142o\u015b\u0107, inni producenci wybior\u0105 konstrukcyjn\u0105 lekko\u015b\u0107. Niezale\u017cnie od tego, na kt\u00f3r\u0105 z tych trzech marek zdecydujesz si\u0119, nie powiniene\u015b poczu\u0107 si\u0119 rozczarowany. Najwa\u017cniejsze w doborze plecaka jest odpowiednie dopasowanie litra\u017cu do twoich potrzeb i okre\u015blenie, kt\u00f3ry rozmiar b\u0119dzie dla ciebie w\u0142a\u015bciwy. Je\u017celi b\u0119dziesz mie\u0107 tylko okazj\u0119 \u2013 staraj si\u0119 mierzy\u0107 plecak z obci\u0105\u017ceniem i popro\u015b specjalist\u0119, aby ten pom\u00f3g\u0142 odpowiednio wyregulowa\u0107 system no\u015bny. Sam przekona\u0142em si\u0119 o tym, \u017ce z plecakami jest tak jak z butami i \u017ce ka\u017cdy trzeba zmierzy\u0107. Mam nadziej\u0119, \u017ce m\u00f3j tekst pozwoli\u0142 ci dowiedzie\u0107 si\u0119 czym Gregory, Osprey czy Deuter r\u00f3\u017cni\u0105 si\u0119 od siebie i zbli\u017cy\u0142 Ci\u0119 do wyboru plecaka, kt\u00f3ry b\u0119dzie odpowiada\u0142 twoim pasjom. Do zobaczenia na szlaku.<\/p>\n","protected":false},"excerpt":{"rendered":"<p>Coraz trudniej wybra\u0107 plecak w g\u00f3ry, bo topowe marki prze\u015bcigaj\u0105 si\u0119 w d\u0105\u017ceniu do stworzenia idealnego plecaka. Je\u015bli zastanawiasz si\u0119, czym r\u00f3\u017cni\u0105 si\u0119 plecaki Osprey, Deuter i Gregory to ten tekst podszepnie ci odpowied\u017a. <\/p>\n","protected":false},"author":15,"featured_media":5600,"comment_status":"open","ping_status":"open","sticky":false,"template":"","format":"standard","meta":{"_acf_changed":false,"footnotes":""},"categories":[5,3],"tags":[250,23,99,91],"magento_category":[51],"magento_product":[],"class_list":["post-5593","post","type-post","status-publish","format-standard","has-post-thumbnail","hentry","category-branza","category-porady","tag-deuter","tag-plecaki","tag-rynek-outdoor","tag-trekking"],"acf":[],"aioseo_notices":[],"aioseo_head":"\n\t\t<!-- All in One SEO 4.9.10 - aioseo.com -->\n\t<meta name=\"description\" content=\"Coraz trudniej wybra\u0107 plecak w g\u00f3ry, bo topowe marki prze\u015bcigaj\u0105 si\u0119 w d\u0105\u017ceniu do stworzenia idealnego plecaka. Je\u015bli zastanawiasz si\u0119, czym r\u00f3\u017cni\u0105 si\u0119 plecaki Osprey, Deuter i Gregory to ten tekst podszepnie ci odpowied\u017a.\" \/>\n\t<meta name=\"robots\" content=\"max-image-preview:large\" \/>\n\t<meta name=\"author\" content=\"Marcin Nowak\"\/>\n\t<link rel=\"canonical\" href=\"https:\/\/www.skalnik.pl\/blog\/osprey-deuter-czy-gregory-ktory-plecak-wybrac\/\" \/>\n\t<meta name=\"generator\" content=\"All in One SEO (AIOSEO) 4.9.10\" \/>\n\t\t<meta property=\"og:locale\" content=\"pl_PL\" \/>\n\t\t<meta property=\"og:site_name\" content=\"blog Skalnik - Blog, porady, artyku\u0142y - blog Skalnik\" \/>\n\t\t<meta property=\"og:type\" content=\"article\" \/>\n\t\t<meta property=\"og:title\" content=\"Osprey, Deuter czy Gregory \u2013 kt\u00f3ry plecak wybra\u0107 - blog Skalnik\" \/>\n\t\t<meta property=\"og:description\" content=\"Coraz trudniej wybra\u0107 plecak w g\u00f3ry, bo topowe marki prze\u015bcigaj\u0105 si\u0119 w d\u0105\u017ceniu do stworzenia idealnego plecaka. Je\u015bli zastanawiasz si\u0119, czym r\u00f3\u017cni\u0105 si\u0119 plecaki Osprey, Deuter i Gregory to ten tekst podszepnie ci odpowied\u017a.\" \/>\n\t\t<meta property=\"og:url\" content=\"https:\/\/www.skalnik.pl\/blog\/osprey-deuter-czy-gregory-ktory-plecak-wybrac\/\" \/>\n\t\t<meta property=\"og:image\" content=\"https:\/\/skalnik.pl\/blog\/wp-content\/uploads\/2019\/02\/Hiking_FuturaPro_SideShot_3_Manuel-Ferrigato-1024x684.jpg\" \/>\n\t\t<meta property=\"og:image:secure_url\" content=\"https:\/\/skalnik.pl\/blog\/wp-content\/uploads\/2019\/02\/Hiking_FuturaPro_SideShot_3_Manuel-Ferrigato-1024x684.jpg\" \/>\n\t\t<meta property=\"article:tag\" content=\"bran\u017ca\" \/>\n\t\t<meta property=\"article:tag\" content=\"porady\" \/>\n\t\t<meta property=\"article:tag\" content=\"deuter\" \/>\n\t\t<meta property=\"article:tag\" content=\"plecaki\" \/>\n\t\t<meta property=\"article:tag\" content=\"rynek outdoor\" \/>\n\t\t<meta property=\"article:tag\" content=\"trekking\" \/>\n\t\t<meta property=\"article:published_time\" content=\"2019-02-08T14:19:23+00:00\" \/>\n\t\t<meta property=\"article:modified_time\" content=\"2019-07-12T08:33:15+00:00\" \/>\n\t\t<meta name=\"twitter:card\" content=\"summary_large_image\" \/>\n\t\t<meta name=\"twitter:title\" content=\"Osprey, Deuter czy Gregory \u2013 kt\u00f3ry plecak wybra\u0107 - blog Skalnik\" \/>\n\t\t<meta name=\"twitter:description\" content=\"Coraz trudniej wybra\u0107 plecak w g\u00f3ry, bo topowe marki prze\u015bcigaj\u0105 si\u0119 w d\u0105\u017ceniu do stworzenia idealnego plecaka. Je\u015bli zastanawiasz si\u0119, czym r\u00f3\u017cni\u0105 si\u0119 plecaki Osprey, Deuter i Gregory to ten tekst podszepnie ci odpowied\u017a.\" \/>\n\t\t<meta name=\"twitter:image\" content=\"https:\/\/skalnik.pl\/blog\/wp-content\/uploads\/2019\/02\/Hiking_FuturaPro_SideShot_3_Manuel-Ferrigato-1024x684.jpg\" \/>\n\t\t<script type=\"application\/ld+json\" class=\"aioseo-schema\">\n\t\t\t{\"@context\":\"https:\\\/\\\/schema.org\",\"@graph\":[{\"@type\":\"BlogPosting\",\"@id\":\"https:\\\/\\\/www.skalnik.pl\\\/blog\\\/osprey-deuter-czy-gregory-ktory-plecak-wybrac\\\/#blogposting\",\"name\":\"Osprey, Deuter czy Gregory \\u2013 kt\\u00f3ry plecak wybra\\u0107 - blog Skalnik\",\"headline\":\"Osprey, Deuter czy Gregory \\u2013 kt\\u00f3ry plecak wybra\\u0107\",\"author\":{\"@id\":\"https:\\\/\\\/www.skalnik.pl\\\/blog\\\/author\\\/marcin-nowak\\\/#author\"},\"publisher\":{\"@id\":\"https:\\\/\\\/www.skalnik.pl\\\/blog\\\/#organization\"},\"image\":{\"@type\":\"ImageObject\",\"url\":\"https:\\\/\\\/www.skalnik.pl\\\/blog\\\/wp-content\\\/uploads\\\/2019\\\/02\\\/Trekking_AircontactPro_3_LarsSchneider.jpg\",\"width\":1920,\"height\":705},\"datePublished\":\"2019-02-08T15:19:23+02:00\",\"dateModified\":\"2019-07-12T10:33:15+02:00\",\"inLanguage\":\"pl-PL\",\"commentCount\":1,\"mainEntityOfPage\":{\"@id\":\"https:\\\/\\\/www.skalnik.pl\\\/blog\\\/osprey-deuter-czy-gregory-ktory-plecak-wybrac\\\/#webpage\"},\"isPartOf\":{\"@id\":\"https:\\\/\\\/www.skalnik.pl\\\/blog\\\/osprey-deuter-czy-gregory-ktory-plecak-wybrac\\\/#webpage\"},\"articleSection\":\"Bran\\u017ca, Porady, deuter, plecaki, rynek outdoor, trekking, 1202\"},{\"@type\":\"BreadcrumbList\",\"@id\":\"https:\\\/\\\/www.skalnik.pl\\\/blog\\\/osprey-deuter-czy-gregory-ktory-plecak-wybrac\\\/#breadcrumblist\",\"itemListElement\":[{\"@type\":\"ListItem\",\"@id\":\"https:\\\/\\\/www.skalnik.pl\\\/blog#listItem\",\"position\":1,\"name\":\"Home\",\"item\":\"https:\\\/\\\/www.skalnik.pl\\\/blog\",\"nextItem\":{\"@type\":\"ListItem\",\"@id\":\"https:\\\/\\\/www.skalnik.pl\\\/blog\\\/.\\\/porady\\\/#listItem\",\"name\":\"Porady\"}},{\"@type\":\"ListItem\",\"@id\":\"https:\\\/\\\/www.skalnik.pl\\\/blog\\\/.\\\/porady\\\/#listItem\",\"position\":2,\"name\":\"Porady\",\"item\":\"https:\\\/\\\/www.skalnik.pl\\\/blog\\\/.\\\/porady\\\/\",\"nextItem\":{\"@type\":\"ListItem\",\"@id\":\"https:\\\/\\\/www.skalnik.pl\\\/blog\\\/osprey-deuter-czy-gregory-ktory-plecak-wybrac\\\/#listItem\",\"name\":\"Osprey, Deuter czy Gregory \\u2013 kt\\u00f3ry plecak wybra\\u0107\"},\"previousItem\":{\"@type\":\"ListItem\",\"@id\":\"https:\\\/\\\/www.skalnik.pl\\\/blog#listItem\",\"name\":\"Home\"}},{\"@type\":\"ListItem\",\"@id\":\"https:\\\/\\\/www.skalnik.pl\\\/blog\\\/osprey-deuter-czy-gregory-ktory-plecak-wybrac\\\/#listItem\",\"position\":3,\"name\":\"Osprey, Deuter czy Gregory \\u2013 kt\\u00f3ry plecak wybra\\u0107\",\"previousItem\":{\"@type\":\"ListItem\",\"@id\":\"https:\\\/\\\/www.skalnik.pl\\\/blog\\\/.\\\/porady\\\/#listItem\",\"name\":\"Porady\"}}]},{\"@type\":\"Organization\",\"@id\":\"https:\\\/\\\/www.skalnik.pl\\\/blog\\\/#organization\",\"name\":\"blog Skalnik\",\"description\":\"Blog, porady, artyku\\u0142y - blog Skalnik\",\"url\":\"https:\\\/\\\/www.skalnik.pl\\\/blog\\\/\"},{\"@type\":\"Person\",\"@id\":\"https:\\\/\\\/www.skalnik.pl\\\/blog\\\/author\\\/marcin-nowak\\\/#author\",\"url\":\"https:\\\/\\\/www.skalnik.pl\\\/blog\\\/author\\\/marcin-nowak\\\/\",\"name\":\"Marcin Nowak\",\"image\":{\"@type\":\"ImageObject\",\"@id\":\"https:\\\/\\\/www.skalnik.pl\\\/blog\\\/osprey-deuter-czy-gregory-ktory-plecak-wybrac\\\/#authorImage\",\"url\":\"https:\\\/\\\/secure.gravatar.com\\\/avatar\\\/f73628a26381dc449e848c17fc0bed5da595b192c42ec3df1b8c321ba4534014?s=96&d=mm&r=g\",\"width\":96,\"height\":96,\"caption\":\"Marcin Nowak\"}},{\"@type\":\"WebPage\",\"@id\":\"https:\\\/\\\/www.skalnik.pl\\\/blog\\\/osprey-deuter-czy-gregory-ktory-plecak-wybrac\\\/#webpage\",\"url\":\"https:\\\/\\\/www.skalnik.pl\\\/blog\\\/osprey-deuter-czy-gregory-ktory-plecak-wybrac\\\/\",\"name\":\"Osprey, Deuter czy Gregory \\u2013 kt\\u00f3ry plecak wybra\\u0107 - blog Skalnik\",\"description\":\"Coraz trudniej wybra\\u0107 plecak w g\\u00f3ry, bo topowe marki prze\\u015bcigaj\\u0105 si\\u0119 w d\\u0105\\u017ceniu do stworzenia idealnego plecaka. Je\\u015bli zastanawiasz si\\u0119, czym r\\u00f3\\u017cni\\u0105 si\\u0119 plecaki Osprey, Deuter i Gregory to ten tekst podszepnie ci odpowied\\u017a.\",\"inLanguage\":\"pl-PL\",\"isPartOf\":{\"@id\":\"https:\\\/\\\/www.skalnik.pl\\\/blog\\\/#website\"},\"breadcrumb\":{\"@id\":\"https:\\\/\\\/www.skalnik.pl\\\/blog\\\/osprey-deuter-czy-gregory-ktory-plecak-wybrac\\\/#breadcrumblist\"},\"author\":{\"@id\":\"https:\\\/\\\/www.skalnik.pl\\\/blog\\\/author\\\/marcin-nowak\\\/#author\"},\"creator\":{\"@id\":\"https:\\\/\\\/www.skalnik.pl\\\/blog\\\/author\\\/marcin-nowak\\\/#author\"},\"image\":{\"@type\":\"ImageObject\",\"url\":\"https:\\\/\\\/www.skalnik.pl\\\/blog\\\/wp-content\\\/uploads\\\/2019\\\/02\\\/Trekking_AircontactPro_3_LarsSchneider.jpg\",\"@id\":\"https:\\\/\\\/www.skalnik.pl\\\/blog\\\/osprey-deuter-czy-gregory-ktory-plecak-wybrac\\\/#mainImage\",\"width\":1920,\"height\":705},\"primaryImageOfPage\":{\"@id\":\"https:\\\/\\\/www.skalnik.pl\\\/blog\\\/osprey-deuter-czy-gregory-ktory-plecak-wybrac\\\/#mainImage\"},\"datePublished\":\"2019-02-08T15:19:23+02:00\",\"dateModified\":\"2019-07-12T10:33:15+02:00\"},{\"@type\":\"WebSite\",\"@id\":\"https:\\\/\\\/www.skalnik.pl\\\/blog\\\/#website\",\"url\":\"https:\\\/\\\/www.skalnik.pl\\\/blog\\\/\",\"name\":\"blog Skalnik\",\"description\":\"Blog, porady, artyku\\u0142y - blog Skalnik\",\"inLanguage\":\"pl-PL\",\"publisher\":{\"@id\":\"https:\\\/\\\/www.skalnik.pl\\\/blog\\\/#organization\"}}]}\n\t\t<\/script>\n\t\t<!-- All in One SEO -->\n\n","aioseo_head_json":{"title":"Osprey, Deuter czy Gregory \u2013 kt\u00f3ry plecak wybra\u0107 - blog Skalnik","description":"Coraz trudniej wybra\u0107 plecak w g\u00f3ry, bo topowe marki prze\u015bcigaj\u0105 si\u0119 w d\u0105\u017ceniu do stworzenia idealnego plecaka. Je\u015bli zastanawiasz si\u0119, czym r\u00f3\u017cni\u0105 si\u0119 plecaki Osprey, Deuter i Gregory to ten tekst podszepnie ci odpowied\u017a.","canonical_url":"https:\/\/www.skalnik.pl\/blog\/osprey-deuter-czy-gregory-ktory-plecak-wybrac\/","robots":"max-image-preview:large","keywords":"","webmasterTools":{"miscellaneous":""},"schema":{"@context":"https:\/\/schema.org","@graph":[{"@type":"BlogPosting","@id":"https:\/\/www.skalnik.pl\/blog\/osprey-deuter-czy-gregory-ktory-plecak-wybrac\/#blogposting","name":"Osprey, Deuter czy Gregory \u2013 kt\u00f3ry plecak wybra\u0107 - blog Skalnik","headline":"Osprey, Deuter czy Gregory \u2013 kt\u00f3ry plecak wybra\u0107","author":{"@id":"https:\/\/www.skalnik.pl\/blog\/author\/marcin-nowak\/#author"},"publisher":{"@id":"https:\/\/www.skalnik.pl\/blog\/#organization"},"image":{"@type":"ImageObject","url":"https:\/\/www.skalnik.pl\/blog\/wp-content\/uploads\/2019\/02\/Trekking_AircontactPro_3_LarsSchneider.jpg","width":1920,"height":705},"datePublished":"2019-02-08T15:19:23+02:00","dateModified":"2019-07-12T10:33:15+02:00","inLanguage":"pl-PL","commentCount":1,"mainEntityOfPage":{"@id":"https:\/\/www.skalnik.pl\/blog\/osprey-deuter-czy-gregory-ktory-plecak-wybrac\/#webpage"},"isPartOf":{"@id":"https:\/\/www.skalnik.pl\/blog\/osprey-deuter-czy-gregory-ktory-plecak-wybrac\/#webpage"},"articleSection":"Bran\u017ca, Porady, deuter, plecaki, rynek outdoor, trekking, 1202"},{"@type":"BreadcrumbList","@id":"https:\/\/www.skalnik.pl\/blog\/osprey-deuter-czy-gregory-ktory-plecak-wybrac\/#breadcrumblist","itemListElement":[{"@type":"ListItem","@id":"https:\/\/www.skalnik.pl\/blog#listItem","position":1,"name":"Home","item":"https:\/\/www.skalnik.pl\/blog","nextItem":{"@type":"ListItem","@id":"https:\/\/www.skalnik.pl\/blog\/.\/porady\/#listItem","name":"Porady"}},{"@type":"ListItem","@id":"https:\/\/www.skalnik.pl\/blog\/.\/porady\/#listItem","position":2,"name":"Porady","item":"https:\/\/www.skalnik.pl\/blog\/.\/porady\/","nextItem":{"@type":"ListItem","@id":"https:\/\/www.skalnik.pl\/blog\/osprey-deuter-czy-gregory-ktory-plecak-wybrac\/#listItem","name":"Osprey, Deuter czy Gregory \u2013 kt\u00f3ry plecak wybra\u0107"},"previousItem":{"@type":"ListItem","@id":"https:\/\/www.skalnik.pl\/blog#listItem","name":"Home"}},{"@type":"ListItem","@id":"https:\/\/www.skalnik.pl\/blog\/osprey-deuter-czy-gregory-ktory-plecak-wybrac\/#listItem","position":3,"name":"Osprey, Deuter czy Gregory \u2013 kt\u00f3ry plecak wybra\u0107","previousItem":{"@type":"ListItem","@id":"https:\/\/www.skalnik.pl\/blog\/.\/porady\/#listItem","name":"Porady"}}]},{"@type":"Organization","@id":"https:\/\/www.skalnik.pl\/blog\/#organization","name":"blog Skalnik","description":"Blog, porady, artyku\u0142y - blog Skalnik","url":"https:\/\/www.skalnik.pl\/blog\/"},{"@type":"Person","@id":"https:\/\/www.skalnik.pl\/blog\/author\/marcin-nowak\/#author","url":"https:\/\/www.skalnik.pl\/blog\/author\/marcin-nowak\/","name":"Marcin Nowak","image":{"@type":"ImageObject","@id":"https:\/\/www.skalnik.pl\/blog\/osprey-deuter-czy-gregory-ktory-plecak-wybrac\/#authorImage","url":"https:\/\/secure.gravatar.com\/avatar\/f73628a26381dc449e848c17fc0bed5da595b192c42ec3df1b8c321ba4534014?s=96&d=mm&r=g","width":96,"height":96,"caption":"Marcin Nowak"}},{"@type":"WebPage","@id":"https:\/\/www.skalnik.pl\/blog\/osprey-deuter-czy-gregory-ktory-plecak-wybrac\/#webpage","url":"https:\/\/www.skalnik.pl\/blog\/osprey-deuter-czy-gregory-ktory-plecak-wybrac\/","name":"Osprey, Deuter czy Gregory \u2013 kt\u00f3ry plecak wybra\u0107 - blog Skalnik","description":"Coraz trudniej wybra\u0107 plecak w g\u00f3ry, bo topowe marki prze\u015bcigaj\u0105 si\u0119 w d\u0105\u017ceniu do stworzenia idealnego plecaka. Je\u015bli zastanawiasz si\u0119, czym r\u00f3\u017cni\u0105 si\u0119 plecaki Osprey, Deuter i Gregory to ten tekst podszepnie ci odpowied\u017a.","inLanguage":"pl-PL","isPartOf":{"@id":"https:\/\/www.skalnik.pl\/blog\/#website"},"breadcrumb":{"@id":"https:\/\/www.skalnik.pl\/blog\/osprey-deuter-czy-gregory-ktory-plecak-wybrac\/#breadcrumblist"},"author":{"@id":"https:\/\/www.skalnik.pl\/blog\/author\/marcin-nowak\/#author"},"creator":{"@id":"https:\/\/www.skalnik.pl\/blog\/author\/marcin-nowak\/#author"},"image":{"@type":"ImageObject","url":"https:\/\/www.skalnik.pl\/blog\/wp-content\/uploads\/2019\/02\/Trekking_AircontactPro_3_LarsSchneider.jpg","@id":"https:\/\/www.skalnik.pl\/blog\/osprey-deuter-czy-gregory-ktory-plecak-wybrac\/#mainImage","width":1920,"height":705},"primaryImageOfPage":{"@id":"https:\/\/www.skalnik.pl\/blog\/osprey-deuter-czy-gregory-ktory-plecak-wybrac\/#mainImage"},"datePublished":"2019-02-08T15:19:23+02:00","dateModified":"2019-07-12T10:33:15+02:00"},{"@type":"WebSite","@id":"https:\/\/www.skalnik.pl\/blog\/#website","url":"https:\/\/www.skalnik.pl\/blog\/","name":"blog Skalnik","description":"Blog, porady, artyku\u0142y - blog Skalnik","inLanguage":"pl-PL","publisher":{"@id":"https:\/\/www.skalnik.pl\/blog\/#organization"}}]},"og:locale":"pl_PL","og:site_name":"blog Skalnik - Blog, porady, artyku\u0142y - blog Skalnik","og:type":"article","og:title":"Osprey, Deuter czy Gregory \u2013 kt\u00f3ry plecak wybra\u0107 - blog Skalnik","og:description":"Coraz trudniej wybra\u0107 plecak w g\u00f3ry, bo topowe marki prze\u015bcigaj\u0105 si\u0119 w d\u0105\u017ceniu do stworzenia idealnego plecaka. Je\u015bli zastanawiasz si\u0119, czym r\u00f3\u017cni\u0105 si\u0119 plecaki Osprey, Deuter i Gregory to ten tekst podszepnie ci odpowied\u017a.","og:url":"https:\/\/www.skalnik.pl\/blog\/osprey-deuter-czy-gregory-ktory-plecak-wybrac\/","og:image":"https:\/\/skalnik.pl\/blog\/wp-content\/uploads\/2019\/02\/Hiking_FuturaPro_SideShot_3_Manuel-Ferrigato-1024x684.jpg","og:image:secure_url":"https:\/\/skalnik.pl\/blog\/wp-content\/uploads\/2019\/02\/Hiking_FuturaPro_SideShot_3_Manuel-Ferrigato-1024x684.jpg","article:tag":["bran\u017ca","porady","deuter","plecaki","rynek outdoor","trekking"],"article:published_time":"2019-02-08T14:19:23+00:00","article:modified_time":"2019-07-12T08:33:15+00:00","twitter:card":"summary_large_image","twitter:title":"Osprey, Deuter czy Gregory \u2013 kt\u00f3ry plecak wybra\u0107 - blog Skalnik","twitter:description":"Coraz trudniej wybra\u0107 plecak w g\u00f3ry, bo topowe marki prze\u015bcigaj\u0105 si\u0119 w d\u0105\u017ceniu do stworzenia idealnego plecaka. Je\u015bli zastanawiasz si\u0119, czym r\u00f3\u017cni\u0105 si\u0119 plecaki Osprey, Deuter i Gregory to ten tekst podszepnie ci odpowied\u017a.","twitter:image":"https:\/\/skalnik.pl\/blog\/wp-content\/uploads\/2019\/02\/Hiking_FuturaPro_SideShot_3_Manuel-Ferrigato-1024x684.jpg"},"aioseo_meta_data":{"post_id":"5593","title":null,"description":null,"keywords":[{"label":"plecaki","value":"plecaki"},{"label":"deuter","value":"deuter"},{"label":"osprey","value":"osprey"},{"label":"gregory","value":"gregory"},{"label":"wisport","value":"wisport"},{"label":"plecak","value":"plecak"}],"keyphrases":null,"primary_term":null,"canonical_url":null,"og_title":null,"og_description":null,"og_object_type":"default","og_image_type":"default","og_image_url":null,"og_image_width":null,"og_image_height":null,"og_image_custom_url":null,"og_image_custom_fields":null,"og_video":null,"og_custom_url":null,"og_article_section":null,"og_article_tags":null,"twitter_use_og":false,"twitter_card":"default","twitter_image_type":"default","twitter_image_url":null,"twitter_image_custom_url":null,"twitter_image_custom_fields":null,"twitter_title":null,"twitter_description":null,"schema":{"blockGraphs":[],"customGraphs":[],"default":{"data":{"Article":[],"Course":[],"Dataset":[],"FAQPage":[],"Movie":[],"Person":[],"Product":[],"ProductReview":[],"Car":[],"Recipe":[],"Service":[],"SoftwareApplication":[],"WebPage":[]},"graphName":"BlogPosting","isEnabled":true},"graphs":[]},"schema_type":"default","schema_type_options":null,"pillar_content":false,"robots_default":true,"robots_noindex":false,"robots_noarchive":false,"robots_nosnippet":false,"robots_nofollow":false,"robots_noimageindex":false,"robots_noodp":false,"robots_notranslate":false,"robots_max_snippet":null,"robots_max_videopreview":null,"robots_max_imagepreview":"large","priority":null,"frequency":null,"local_seo":null,"breadcrumb_settings":null,"limit_modified_date":false,"ai":null,"created":"2022-08-26 09:54:48","updated":"2026-02-17 21:29:19","seo_analyzer_scan_date":null},"aioseo_breadcrumb":"<div class=\"aioseo-breadcrumbs\"><span class=\"aioseo-breadcrumb\">\n\t\t\t<a href=\"https:\/\/www.skalnik.pl\/blog\" title=\"Home\">Home<\/a>\n\t\t<\/span><span class=\"aioseo-breadcrumb-separator\">&raquo;<\/span><span class=\"aioseo-breadcrumb\">\n\t\t\t<a href=\"https:\/\/www.skalnik.pl\/blog\/.\/porady\/\" title=\"Porady\">Porady<\/a>\n\t\t<\/span><span class=\"aioseo-breadcrumb-separator\">&raquo;<\/span><span class=\"aioseo-breadcrumb\">\n\t\t\tOsprey, Deuter czy Gregory \u2013 kt\u00f3ry plecak wybra\u0107\n\t\t<\/span><\/div>","aioseo_breadcrumb_json":[{"label":"Home","link":"https:\/\/www.skalnik.pl\/blog"},{"label":"Porady","link":"https:\/\/www.skalnik.pl\/blog\/.\/porady\/"},{"label":"Osprey, Deuter czy Gregory \u2013 kt\u00f3ry plecak wybra\u0107","link":"https:\/\/www.skalnik.pl\/blog\/osprey-deuter-czy-gregory-ktory-plecak-wybrac\/"}],"_links":{"self":[{"href":"https:\/\/www.skalnik.pl\/blog\/wp-json\/wp\/v2\/posts\/5593","targetHints":{"allow":["GET"]}}],"collection":[{"href":"https:\/\/www.skalnik.pl\/blog\/wp-json\/wp\/v2\/posts"}],"about":[{"href":"https:\/\/www.skalnik.pl\/blog\/wp-json\/wp\/v2\/types\/post"}],"author":[{"embeddable":true,"href":"https:\/\/www.skalnik.pl\/blog\/wp-json\/wp\/v2\/users\/15"}],"replies":[{"embeddable":true,"href":"https:\/\/www.skalnik.pl\/blog\/wp-json\/wp\/v2\/comments?post=5593"}],"version-history":[{"count":15,"href":"https:\/\/www.skalnik.pl\/blog\/wp-json\/wp\/v2\/posts\/5593\/revisions"}],"predecessor-version":[{"id":5790,"href":"https:\/\/www.skalnik.pl\/blog\/wp-json\/wp\/v2\/posts\/5593\/revisions\/5790"}],"wp:featuredmedia":[{"embeddable":true,"href":"https:\/\/www.skalnik.pl\/blog\/wp-json\/wp\/v2\/media\/5600"}],"wp:attachment":[{"href":"https:\/\/www.skalnik.pl\/blog\/wp-json\/wp\/v2\/media?parent=5593"}],"wp:term":[{"taxonomy":"category","embeddable":true,"href":"https:\/\/www.skalnik.pl\/blog\/wp-json\/wp\/v2\/categories?post=5593"},{"taxonomy":"post_tag","embeddable":true,"href":"https:\/\/www.skalnik.pl\/blog\/wp-json\/wp\/v2\/tags?post=5593"},{"taxonomy":"magento_category","embeddable":true,"href":"https:\/\/www.skalnik.pl\/blog\/wp-json\/wp\/v2\/magento_category?post=5593"},{"taxonomy":"magento_product","embeddable":true,"href":"https:\/\/www.skalnik.pl\/blog\/wp-json\/wp\/v2\/magento_product?post=5593"}],"curies":[{"name":"wp","href":"https:\/\/api.w.org\/{rel}","templated":true}]}}