{"id":5618,"date":"2019-02-18T15:04:38","date_gmt":"2019-02-18T14:04:38","guid":{"rendered":"https:\/\/skalnik.pl\/blog\/?p=5618"},"modified":"2019-06-03T15:05:53","modified_gmt":"2019-06-03T13:05:53","slug":"kanken-plecak-miejski-dla-kazdego","status":"publish","type":"post","link":"https:\/\/www.skalnik.pl\/blog\/kanken-plecak-miejski-dla-kazdego\/","title":{"rendered":"Kanken plecak miejski dla ka\u017cdego"},"content":{"rendered":"<p><b>Zr\u00f3b ma\u0142y eksperyment. Przypomnij sobie, jaki miejski plecak widzisz najcz\u0119\u015bciej w\u015br\u00f3d wsp\u00f3\u0142pasa\u017cer\u00f3w komunikacji miejskiej, na plecach student\u00f3w, uczni\u00f3w, czy te\u017c zwyk\u0142ych przechodni\u00f3w. Co\u015b \u015bwita? Nawet je\u015bli nie, po przeczytaniu tego tekstu zapewne nagle zobaczysz, \u017ce codziennie mijasz co najmniej kilka, mo\u017ce kilkana\u015bcie os\u00f3b, kt\u00f3re maj\u0105 plecak z liskiem.<\/b><\/p>\n<p>Wyobra\u017a sobie, \u017ce 40 lat temu (czyli pod koniec lat 70. XX wieku) wi\u0119kszo\u015b\u0107 uczni\u00f3w podr\u0119czniki i zeszyty szkolne nosi\u0142a w torbach przewieszonych przez jedno rami\u0119. Tak by\u0142o modnie, bo na wygod\u0119 m\u0142odzi ludzie nie zwracaj\u0105 uwagi. A jeszcze mniejsz\u0105 wag\u0119 przyk\u0142adaj\u0105 do tego, czy co\u015b jest zdrowe. Na efekty nie trzeba by\u0142o d\u0142ugo czeka\u0107. Wykrzywione dzieci\u0119ce kr\u0119gos\u0142upy i bol\u0105ce plecy sta\u0142y si\u0119 powa\u017cnym problemem szwedzkiego spo\u0142ecze\u0144stwa.<\/p>\n<p>Narodziny najs\u0142ynniejszego plecaka miejskiego to rok 1978. Wtedy to \u00c5ke Nordin wymy\u015bli\u0142 plecak <a href=\"https:\/\/skalnik.pl\/specjalne\/plecak-kanken\">Kanken<\/a>. Prosty w budowie, a jednocze\u015bnie bardzo praktyczny. Bez problemu mie\u015bci\u0142 zeszyty i ksi\u0105\u017cki formatu A4, mia\u0142 wygodne szelki i d\u0142ugie uszy, by m\u00f3c nosi\u0107 go r\u00f3wnie\u017c w r\u0119ce. Kanken na dobre zago\u015bci\u0142 na plecach szwedzkich dzieci. Dzi\u0119ki niemu skrzywienia kr\u0119gos\u0142upa zdarza\u0142y si\u0119 coraz rzadziej. Prosty, a jednocze\u015bnie funkcjonalny wygl\u0105d oraz trwa\u0142y materia\u0142 zdecydowa\u0142y o popularno\u015bci modelu Kanken nie tylko w\u015br\u00f3d dzieci, i nie tylko w Szwecji. Kanken sta\u0142 si\u0119 najpopularniejszym produktem marki Fjallraven zdobywaj\u0105c uznanie na ca\u0142ym \u015bwiecie. Jest tak popularny, \u017ce niekt\u00f3rzy nawet nie wiedz\u0105, \u017ce Kanken to \u201etylko\u201d marka, a nie nazwa producenta.<\/p>\n<div id=\"attachment_5619\" style=\"width: 1034px\" class=\"wp-caption aligncenter\"><img loading=\"lazy\" decoding=\"async\" aria-describedby=\"caption-attachment-5619\" class=\"wp-image-5619 size-large\" title=\"pierwsze modele Kanken\" src=\"https:\/\/skalnik.pl\/blog\/wp-content\/uploads\/2019\/02\/poczatki-kanken-1024x694.jpg\" alt=\"dzieci i plecaki Kanken\" width=\"1024\" height=\"694\" srcset=\"https:\/\/www.skalnik.pl\/blog\/wp-content\/uploads\/2019\/02\/poczatki-kanken-1024x694.jpg 1024w, https:\/\/www.skalnik.pl\/blog\/wp-content\/uploads\/2019\/02\/poczatki-kanken-300x203.jpg 300w, https:\/\/www.skalnik.pl\/blog\/wp-content\/uploads\/2019\/02\/poczatki-kanken-768x520.jpg 768w, https:\/\/www.skalnik.pl\/blog\/wp-content\/uploads\/2019\/02\/poczatki-kanken.jpg 1200w\" sizes=\"auto, (max-width: 1024px) 100vw, 1024px\" \/><p id=\"caption-attachment-5619\" class=\"wp-caption-text\">Przez 40 lat Kanken niezbyt wiele si\u0119 zmieni\u0142. Fot. materia\u0142y Fjallraven.<\/p><\/div>\n<p>&nbsp;<\/p>\n<div id=\"ez-toc-container\" class=\"ez-toc-v2_0_85 counter-hierarchy ez-toc-counter ez-toc-light-blue ez-toc-container-direction\">\n<div class=\"ez-toc-title-container\">\n<p class=\"ez-toc-title\" style=\"cursor:inherit\">SPIS TRE\u015aCI <\/p>\n<span class=\"ez-toc-title-toggle\"><a href=\"#\" class=\"ez-toc-pull-right ez-toc-btn ez-toc-btn-xs ez-toc-btn-default ez-toc-toggle\" aria-label=\"Prze\u0142\u0105cznik Spisu Tre\u015bci\"><span class=\"ez-toc-js-icon-con\"><span class=\"\"><span class=\"eztoc-hide\" style=\"display:none;\">Toggle<\/span><span class=\"ez-toc-icon-toggle-span\"><svg style=\"fill: #999;color:#999\" xmlns=\"http:\/\/www.w3.org\/2000\/svg\" class=\"list-377408\" width=\"20px\" height=\"20px\" viewBox=\"0 0 24 24\" fill=\"none\"><path d=\"M6 6H4v2h2V6zm14 0H8v2h12V6zM4 11h2v2H4v-2zm16 0H8v2h12v-2zM4 16h2v2H4v-2zm16 0H8v2h12v-2z\" fill=\"currentColor\"><\/path><\/svg><svg style=\"fill: #999;color:#999\" class=\"arrow-unsorted-368013\" xmlns=\"http:\/\/www.w3.org\/2000\/svg\" width=\"10px\" height=\"10px\" viewBox=\"0 0 24 24\" version=\"1.2\" baseProfile=\"tiny\"><path d=\"M18.2 9.3l-6.2-6.3-6.2 6.3c-.2.2-.3.4-.3.7s.1.5.3.7c.2.2.4.3.7.3h11c.3 0 .5-.1.7-.3.2-.2.3-.5.3-.7s-.1-.5-.3-.7zM5.8 14.7l6.2 6.3 6.2-6.3c.2-.2.3-.5.3-.7s-.1-.5-.3-.7c-.2-.2-.4-.3-.7-.3h-11c-.3 0-.5.1-.7.3-.2.2-.3.5-.3.7s.1.5.3.7z\"\/><\/svg><\/span><\/span><\/span><\/a><\/span><\/div>\n<nav><ul class='ez-toc-list ez-toc-list-level-1 ' ><li class='ez-toc-page-1 ez-toc-heading-level-2'><a class=\"ez-toc-link ez-toc-heading-1\" href=\"https:\/\/www.skalnik.pl\/blog\/kanken-plecak-miejski-dla-kazdego\/#Jak_zmienial_sie_plecak_Kanken\" >Jak zmienia\u0142 si\u0119 plecak Kanken<\/a><\/li><li class='ez-toc-page-1 ez-toc-heading-level-2'><a class=\"ez-toc-link ez-toc-heading-2\" href=\"https:\/\/www.skalnik.pl\/blog\/kanken-plecak-miejski-dla-kazdego\/#Kanken_Kankenowi_nierowny\" >Kanken Kankenowi nier\u00f3wny<\/a><\/li><li class='ez-toc-page-1 ez-toc-heading-level-2'><a class=\"ez-toc-link ez-toc-heading-3\" href=\"https:\/\/www.skalnik.pl\/blog\/kanken-plecak-miejski-dla-kazdego\/#Z_czego_zrobiono_Kankena\" >Z czego zrobiono Kankena<\/a><\/li><li class='ez-toc-page-1 ez-toc-heading-level-2'><a class=\"ez-toc-link ez-toc-heading-4\" href=\"https:\/\/www.skalnik.pl\/blog\/kanken-plecak-miejski-dla-kazdego\/#Kanken_plecak_najpopularniejszy_w_sieci\" >Kanken plecak najpopularniejszy w sieci<\/a><\/li><\/ul><\/nav><\/div>\n<h2><span class=\"ez-toc-section\" id=\"Jak_zmienial_sie_plecak_Kanken\"><\/span>Jak zmienia\u0142 si\u0119 plecak Kanken<span class=\"ez-toc-section-end\"><\/span><\/h2>\n<p>Dzisiaj trudno uwierzy\u0107, \u017ce Kankena trzeba by\u0142o wymy\u015bli\u0107, bo go kiedy\u015b nie by\u0142o. Budowa plecaka jest prosta i praktyczna. Jest kwintesencj\u0105 skandynawskiego dizajnu \u2013 minimalistyczny, wygodny i ponadczasowy. \u017beby si\u0119 o tym przekona\u0107 warto zestawi\u0107 zdj\u0119cia Kankena z lat 70. XX wieku i tego samego modelu 40 lat p\u00f3\u017aniej. Brawo za spostrzegawczo\u015b\u0107 dla wszystkich, kt\u00f3rzy wypatrz\u0105 wi\u0119cej ni\u017c kilka kosmetycznych r\u00f3\u017cnic.<\/p>\n<p>Obecnie plecak Kanken nadal jest prostok\u0105tny, a do g\u0142\u00f3wnej komory \u0142atwo si\u0119 dosta\u0107 za spraw\u0105 suwaka, kt\u00f3ry ods\u0142ania znaczn\u0105 jej cz\u0119\u015b\u0107. Bez problemu chowasz wi\u0119c do \u015brodka podr\u0119czniki, zeszyty i drugie \u015bniadanie. Ma\u0142a kieszonka z przodu i dwie elastyczne po bokach doskonale uzupe\u0142niaj\u0105 miejsca, gdzie wygodnie mo\u017cesz przechowywa\u0107, to co lubisz mie\u0107 pod r\u0119k\u0105. Kanken przydaje si\u0119 nie tylko w mie\u015bcie, z powodzeniem sprawdzi si\u0119 w roli plecaka na jednodniowe wypady za miasto. Zmie\u015bcisz w nim dodatkow\u0105 warstw\u0119 odzie\u017cy, termos lub butelk\u0119 z wod\u0105 i co\u015b na przegryzk\u0119.<\/p>\n<div id=\"attachment_5686\" style=\"width: 1034px\" class=\"wp-caption aligncenter\"><img loading=\"lazy\" decoding=\"async\" aria-describedby=\"caption-attachment-5686\" class=\"wp-image-5686 size-large\" title=\"zawarto\u015b\u0107 plecaka Kanken\" src=\"https:\/\/skalnik.pl\/blog\/wp-content\/uploads\/2019\/02\/zawartosc-kanken-1024x759.jpg\" alt=\"co zmie\u015bci si\u0119 w plecaku Kanken\" width=\"1024\" height=\"759\" srcset=\"https:\/\/www.skalnik.pl\/blog\/wp-content\/uploads\/2019\/02\/zawartosc-kanken-1024x759.jpg 1024w, https:\/\/www.skalnik.pl\/blog\/wp-content\/uploads\/2019\/02\/zawartosc-kanken-300x223.jpg 300w, https:\/\/www.skalnik.pl\/blog\/wp-content\/uploads\/2019\/02\/zawartosc-kanken-768x570.jpg 768w, https:\/\/www.skalnik.pl\/blog\/wp-content\/uploads\/2019\/02\/zawartosc-kanken.jpg 1200w\" sizes=\"auto, (max-width: 1024px) 100vw, 1024px\" \/><p id=\"caption-attachment-5686\" class=\"wp-caption-text\">Kanken jest ca\u0142kiem pojemny. Fot. materia\u0142y Fjallraven<\/p><\/div>\n<p>Skoro ju\u017c o aktywno\u015bciach pozamiejskich mowa \u2013 w Kankenie mo\u017cna znale\u017a\u0107 praktyczne siedzisko, najcz\u0119\u015bciej wykonane z pianki. Na co dzie\u0144 jest to po prostu usztywnienie plec\u00f3w, ale gdy tego potrzebujesz \u0142atwo je wyci\u0105gniesz i u\u017cyjesz jako podk\u0142adki. Przyda si\u0119, gdy chcesz sobie usi\u0105\u015b\u0107 po drodze, ale niekoniecznie na mokrym kamieniu czy brudnej k\u0142odzie.<\/p>\n<p>&nbsp;<\/p>\n<h2><span class=\"ez-toc-section\" id=\"Kanken_Kankenowi_nierowny\"><\/span>Kanken Kankenowi nier\u00f3wny<span class=\"ez-toc-section-end\"><\/span><\/h2>\n<p>Rodzina plecak\u00f3w Kanken przez lata si\u0119 powi\u0119ksza\u0142a. Wszystkie bazuj\u0105 na tym samym pierwowzorze, a r\u00f3\u017cnice mi\u0119dzy plecakowymi kuzynami bywaj\u0105 niekiedy i\u015bcie koneserskie. Jednak to nie widzimisi\u0119 marki Fjallraven, za ka\u017cdym z \u201epodmodeli\u201d stoi cel, kt\u00f3ry plecak ma spe\u0142nia\u0107. Przyjrzyjmy si\u0119 zatem niekt\u00f3rym z nich.<\/p>\n<ul>\n<li><a href=\"https:\/\/skalnik.pl\/plecak-kanken-325-deep-red-fjallraven-619574\">Klasyczny Kanken<\/a> wci\u0105\u017c przyci\u0105ga uwag\u0119. Prostok\u0105tny kszta\u0142t jest idealny na codzienn\u0105 bieganin\u0119 po mie\u015bcie, a tak\u017ce kr\u00f3tkie wypady w teren. Charakterystyczne wyd\u0142u\u017cone uchwyty na g\u00f3rze plecaka u\u0142atwiaj\u0105 noszenie go w r\u0119ce. Minimalistyczne szelki maj\u0105 regulacj\u0119, zatem pasuj\u0105 i na zimow\u0105 puch\u00f3wk\u0119, i na letni\u0105 koszulk\u0119. Uwag\u0119 przykuwa oczywi\u015bcie znaczek z polarnym liskiem, kt\u00f3ry nawet na plakietce wci\u0105\u017c zachowuje czujno\u015b\u0107 i \u0142ypie jednym okiem na okolic\u0119.<\/li>\n<li>Plecak Kanken Mini to wersja dla dzieci. Siedmiolitrowy plecaczek b\u0119dzie pasowa\u0142 na plecy kilkulatka i pomie\u015bci przytulank\u0119 lub ma\u0142e co nieco. Czy to w drodze do przedszkola, czy na rodzinnym wypadzie za miasto b\u0119dzie towarzyszy\u0142 maluchowi w ka\u017cdej przygodzie. Dzi\u0119ki d\u0142ugim, regulowanym szelkom sprawdzi si\u0119 tak\u017ce jako mini-plecak dla doros\u0142ych. Idealny na imprezk\u0119, gdy potrzebujesz gdzie\u015b wrzuci\u0107 kom\u00f3rk\u0119, chusteczki i portfel.<\/li>\n<\/ul>\n<div id=\"attachment_5623\" style=\"width: 1034px\" class=\"wp-caption aligncenter\"><img loading=\"lazy\" decoding=\"async\" aria-describedby=\"caption-attachment-5623\" class=\"wp-image-5623 size-large\" title=\"r\u00f3\u017cowy Kanken Mini\" src=\"https:\/\/skalnik.pl\/blog\/wp-content\/uploads\/2019\/02\/kanken-mini-1024x669.jpg\" alt=\"dziewczynka z Kankenem\" width=\"1024\" height=\"669\" srcset=\"https:\/\/www.skalnik.pl\/blog\/wp-content\/uploads\/2019\/02\/kanken-mini-1024x669.jpg 1024w, https:\/\/www.skalnik.pl\/blog\/wp-content\/uploads\/2019\/02\/kanken-mini-300x196.jpg 300w, https:\/\/www.skalnik.pl\/blog\/wp-content\/uploads\/2019\/02\/kanken-mini-768x502.jpg 768w, https:\/\/www.skalnik.pl\/blog\/wp-content\/uploads\/2019\/02\/kanken-mini.jpg 1200w\" sizes=\"auto, (max-width: 1024px) 100vw, 1024px\" \/><p id=\"caption-attachment-5623\" class=\"wp-caption-text\">Kanken dla ma\u0142ych. Fot. materia\u0142y Fjallraven.<\/p><\/div>\n<ul>\n<li>Skoro dzi\u015b laptop staje si\u0119 nieodzownym narz\u0119dziem nauki, stworzono specjalne wersje Kankena u\u0142atwiaj\u0105ce transport przeno\u015bnych komputer\u00f3w. Kanken Laptop ma dodatkowo wzmocnion\u0105 kiesze\u0144 dopasowan\u0105 do rozmiar\u00f3w notebooka (13 lub <a href=\"https:\/\/skalnik.pl\/plecak-kanken-laptop-15-550-black-fjallraven-626255\">15 cali<\/a>), kt\u00f3ra zapobiega obijaniu si\u0119 komputera po wn\u0119trzu plecaka. Nie musisz ba\u0107 si\u0119 o przestrze\u0144 w plecaku jest jej tyle, \u017ce poza komputerem zmie\u015bcisz tam te\u017c podr\u0119czniki.<\/li>\n<\/ul>\n<p>S\u0105 jeszcze dwa modele, kt\u00f3re kszta\u0142tem nawi\u0105zuj\u0105 do klasycznego Kankena, ale wyr\u00f3\u017cnia je materia\u0142, z kt\u00f3rego powsta\u0142y &#8211; zatem przedstawi\u0119 je bli\u017cej w kolejnym akapicie. W przypadku tego plecaka r\u00f3wnie wa\u017cny jak kszta\u0142t jest tak\u017ce fakt&#8230;<\/p>\n<p>&nbsp;<\/p>\n<h2><span class=\"ez-toc-section\" id=\"Z_czego_zrobiono_Kankena\"><\/span>Z czego zrobiono Kankena<span class=\"ez-toc-section-end\"><\/span><\/h2>\n<p>Pierwszy model Kankena wykonano z materia\u0142u Vinylon-F. Klasyczny Kanken wci\u0105\u017c z niego powstaje. Jest to syntetyczny materia\u0142, kt\u00f3ry cechuje trwa\u0142o\u015b\u0107 i \u0142atwo\u015b\u0107 piel\u0119gnacji. Lekki a zarazem mocny materia\u0142 to jeden z sekret\u00f3w plecaka Kanken. Dzi\u0119ki niemu mimo intensywnego i d\u0142ugiego u\u017cytkowania plecaka, Kanken wci\u0105\u017c mo\u017ce wygl\u0105da\u0107 jak nowy. Wystarczy o niego delikatnie zadba\u0107. Plecak Kanken nie powinien by\u0107 co prawda prany w pralce, ale za to z \u0142atwo\u015bci\u0105 mo\u017cna go wyczy\u015bci\u0107 r\u0119cznie.<\/p>\n<p><iframe loading=\"lazy\" title=\"How to wash your K\u00e5nken | Care and repair | Fj\u00e4llr\u00e4ven\" width=\"500\" height=\"281\" src=\"https:\/\/www.youtube.com\/embed\/5c7UzYnVw4A?feature=oembed\" frameborder=\"0\" allow=\"accelerometer; autoplay; clipboard-write; encrypted-media; gyroscope; picture-in-picture; web-share\" referrerpolicy=\"strict-origin-when-cross-origin\" allowfullscreen><\/iframe><\/p>\n<p>Mo\u017cesz poczu\u0107 delikatny zawr\u00f3t g\u0142owy, gdy u\u015bwiadomisz sobie, \u017ce tylko wersja klasyczna ma ponad 30 odmian kolorystycznych. A\u017c chce si\u0119 powiedzie\u0107: do wyboru, do koloru! Spokojnie mi\u0142o\u015bnicy jedynego s\u0142usznego koloru \u2013 czarnego \u2013 te\u017c b\u0119d\u0105 zachwyceni. Specjalnie z my\u015bl\u0105 o nich powsta\u0142 Kanken no. 2 Black. Wszystko w tym plecaku jest czarne \u2013 materia\u0142, szelki i uszy, a nawet to, co stanowi ikon\u0119 tego plecaka \u2013 logo z liskiem.<\/p>\n<ul>\n<li><a href=\"https:\/\/skalnik.pl\/plecak-re-kanken-041-slate-fjallraven-647429\">Re-Kanken<\/a> to propozycja dla wszystkich, kt\u00f3rym nieobca jest troska o planet\u0119. Materia\u0142, z kt\u00f3rego uszyty zosta\u0142 Re-Kanken, to poliester, kt\u00f3ry pochodzi z przetworzonych butelek PET. Jedena\u015bcie plastikowych butelek pos\u0142u\u017cy\u0142o jako surowiec do tkaniny. z kt\u00f3rej go stworzono. Boisz si\u0119, \u017ce musisz wybiera\u0107 mi\u0119dzy ekologi\u0105 a stylowym wygl\u0105dem? Nie martw si\u0119 Re-Kanken wygl\u0105da tak samo atrakcyjnie, jak jego starszy brat Classic i mo\u017cesz wybiera\u0107 spo\u015br\u00f3d dziewi\u0119ciu wersji kolorystycznych. Zastosowana technologia SpinDye pozwala na bardziej ekologiczn\u0105 i ekonomiczn\u0105 produkcj\u0119 oszcz\u0119dzaj\u0105c\u0105 wod\u0119, energi\u0119 i chemikalia.<\/li>\n<li>Dla fan\u00f3w kultowego materia\u0142u G-1000 HeavyDuty Eco, kt\u00f3ry \u0142\u0105czy w sobie trwa\u0142o\u015b\u0107 i wodoodporno\u015b\u0107 powsta\u0142 model <a href=\"https:\/\/skalnik.pl\/plecak-kanken-greenland-042-906-dusk-greenla-fjallraven-664108\">Greenland<\/a>. Ten materia\u0142 to mistrz outdooru, uniwersalny podczas ka\u017cdej przygody. Stanowi mieszank\u0119 organicznej bawe\u0142ny i recyklingowanego poliestru. Co wi\u0119cej materia\u0142 jest wst\u0119pnie nawoskowany, a zatem zaimpregnowany. Kiedy impregnacja si\u0119 zu\u017cyje, mo\u017cesz zadba\u0107 o kolejn\u0105 warstw\u0119, by Greenland s\u0142u\u017cy\u0142 ci bez wzgl\u0119du na pogod\u0119.<\/li>\n<\/ul>\n<div id=\"attachment_5622\" style=\"width: 1034px\" class=\"wp-caption aligncenter\"><img loading=\"lazy\" decoding=\"async\" aria-describedby=\"caption-attachment-5622\" class=\"wp-image-5622 size-large\" title=\"Plecak Kanken w lesie\" src=\"https:\/\/skalnik.pl\/blog\/wp-content\/uploads\/2019\/02\/kanken-outdoor-1024x672.jpg\" alt=\"kanken w lesie\" width=\"1024\" height=\"672\" srcset=\"https:\/\/www.skalnik.pl\/blog\/wp-content\/uploads\/2019\/02\/kanken-outdoor-1024x672.jpg 1024w, https:\/\/www.skalnik.pl\/blog\/wp-content\/uploads\/2019\/02\/kanken-outdoor-300x197.jpg 300w, https:\/\/www.skalnik.pl\/blog\/wp-content\/uploads\/2019\/02\/kanken-outdoor-768x504.jpg 768w, https:\/\/www.skalnik.pl\/blog\/wp-content\/uploads\/2019\/02\/kanken-outdoor.jpg 1200w\" sizes=\"auto, (max-width: 1024px) 100vw, 1024px\" \/><p id=\"caption-attachment-5622\" class=\"wp-caption-text\">Kanken przydaje si\u0119 nie tylko w mie\u015bcie. Fot. materia\u0142y Fjallraven<\/p><\/div>\n<p>&nbsp;<\/p>\n<h2><span class=\"ez-toc-section\" id=\"Kanken_plecak_najpopularniejszy_w_sieci\"><\/span>Kanken plecak najpopularniejszy w sieci<span class=\"ez-toc-section-end\"><\/span><\/h2>\n<p>Zr\u00f3b jeszcze jeden eksperyment. W wyszukiwarce hasztag\u00f3w na Instagramie wpisz #Kanken. Zobaczysz osza\u0142amiaj\u0105cy wynik 662000 post\u00f3w*. Co ciekawe firma, kt\u00f3ra stworzy\u0142a Kankena, czyli <a href=\"https:\/\/skalnik.pl\/fjallraven\">Fjallraven<\/a> ma \u201ezaledwie\u201d 358000 hasztag\u00f3w.<\/p>\n<p>Zdj\u0119cia z Kankenem s\u0105 kolorowe i pochodz\u0105 z ca\u0142ego \u015bwiata. Pokazuj\u0105 nie tylko najpopularniejszy plecak miejski, ale tak\u017ce sytuacje, w kt\u00f3rych jest u\u017cywany. Morze, g\u00f3ry, miasta, muzea, wie\u017ce, podr\u00f3\u017ce, spacery, wycieczki, urlopy, miejsca bardzo dobrze znane i te wa\u017cne tylko dla autora. Masz Kankena? Koniecznie do\u0142\u0105cz do tej kolorowej i pe\u0142nej energii spo\u0142eczno\u015bci.<\/p>\n<p>* sprawdzone 9 lutego 2019 r. \u2013 z tygodnia na tydzie\u0144 ta liczba ro\u015bnie!<\/p>\n","protected":false},"excerpt":{"rendered":"<p>Kanken to bez w\u0105tpienia jeden z najpopularniejszych plecak\u00f3w miejskich na \u015bwiecie. By\u0107 mo\u017ce nawet najbardziej popularny. Ludzie kochaj\u0105 go za ponadczasowy design, kt\u00f3ry \u0142\u0105czy w sobie szwedzk\u0105 prostot\u0119 i funkcjonalno\u015b\u0107. Dzi\u0119ki temu sprawdza si\u0119 nie tylko w miejskiej d\u017cungli.<\/p>\n","protected":false},"author":9,"featured_media":5684,"comment_status":"open","ping_status":"open","sticky":false,"template":"","format":"standard","meta":{"_acf_changed":false,"footnotes":""},"categories":[5],"tags":[23,99,92],"magento_category":[],"magento_product":[],"class_list":["post-5618","post","type-post","status-publish","format-standard","has-post-thumbnail","hentry","category-branza","tag-plecaki","tag-rynek-outdoor","tag-styl-zycia"],"acf":[],"aioseo_notices":[],"aioseo_head":"\n\t\t<!-- All in One SEO 4.9.10 - aioseo.com -->\n\t<meta name=\"description\" content=\"Kanken to bez w\u0105tpienia jeden z najpopularniejszych plecak\u00f3w miejskich na \u015bwiecie. By\u0107 mo\u017ce nawet najbardziej popularny. Ludzie kochaj\u0105 go za ponadczasowy design, kt\u00f3ry \u0142\u0105czy w sobie szwedzk\u0105 prostot\u0119 i funkcjonalno\u015b\u0107. Dzi\u0119ki temu sprawdza si\u0119 nie tylko w miejskiej d\u017cungli.\" \/>\n\t<meta name=\"robots\" content=\"max-image-preview:large\" \/>\n\t<meta name=\"author\" content=\"Beata Nawrotkiewicz\"\/>\n\t<link rel=\"canonical\" href=\"https:\/\/www.skalnik.pl\/blog\/kanken-plecak-miejski-dla-kazdego\/\" \/>\n\t<meta name=\"generator\" content=\"All in One SEO (AIOSEO) 4.9.10\" \/>\n\t\t<meta property=\"og:locale\" content=\"pl_PL\" \/>\n\t\t<meta property=\"og:site_name\" content=\"blog Skalnik - Blog, porady, artyku\u0142y - blog Skalnik\" \/>\n\t\t<meta property=\"og:type\" content=\"article\" \/>\n\t\t<meta property=\"og:title\" content=\"Kanken plecak miejski dla ka\u017cdego - blog Skalnik\" \/>\n\t\t<meta property=\"og:description\" content=\"Kanken to bez w\u0105tpienia jeden z najpopularniejszych plecak\u00f3w miejskich na \u015bwiecie. By\u0107 mo\u017ce nawet najbardziej popularny. Ludzie kochaj\u0105 go za ponadczasowy design, kt\u00f3ry \u0142\u0105czy w sobie szwedzk\u0105 prostot\u0119 i funkcjonalno\u015b\u0107. Dzi\u0119ki temu sprawdza si\u0119 nie tylko w miejskiej d\u017cungli.\" \/>\n\t\t<meta property=\"og:url\" content=\"https:\/\/www.skalnik.pl\/blog\/kanken-plecak-miejski-dla-kazdego\/\" \/>\n\t\t<meta property=\"og:image\" content=\"https:\/\/skalnik.pl\/blog\/wp-content\/uploads\/2019\/02\/poczatki-kanken-1024x694.jpg\" \/>\n\t\t<meta property=\"og:image:secure_url\" content=\"https:\/\/skalnik.pl\/blog\/wp-content\/uploads\/2019\/02\/poczatki-kanken-1024x694.jpg\" \/>\n\t\t<meta property=\"article:tag\" content=\"bran\u017ca\" \/>\n\t\t<meta property=\"article:tag\" content=\"plecaki\" \/>\n\t\t<meta property=\"article:tag\" content=\"rynek outdoor\" \/>\n\t\t<meta property=\"article:tag\" content=\"styl \u017cycia\" \/>\n\t\t<meta property=\"article:published_time\" content=\"2019-02-18T14:04:38+00:00\" \/>\n\t\t<meta property=\"article:modified_time\" content=\"2019-06-03T13:05:53+00:00\" \/>\n\t\t<meta name=\"twitter:card\" content=\"summary_large_image\" \/>\n\t\t<meta name=\"twitter:title\" content=\"Kanken plecak miejski dla ka\u017cdego - blog Skalnik\" \/>\n\t\t<meta name=\"twitter:description\" content=\"Kanken to bez w\u0105tpienia jeden z najpopularniejszych plecak\u00f3w miejskich na \u015bwiecie. By\u0107 mo\u017ce nawet najbardziej popularny. Ludzie kochaj\u0105 go za ponadczasowy design, kt\u00f3ry \u0142\u0105czy w sobie szwedzk\u0105 prostot\u0119 i funkcjonalno\u015b\u0107. Dzi\u0119ki temu sprawdza si\u0119 nie tylko w miejskiej d\u017cungli.\" \/>\n\t\t<meta name=\"twitter:image\" content=\"https:\/\/skalnik.pl\/blog\/wp-content\/uploads\/2019\/02\/poczatki-kanken-1024x694.jpg\" \/>\n\t\t<script type=\"application\/ld+json\" class=\"aioseo-schema\">\n\t\t\t{\"@context\":\"https:\\\/\\\/schema.org\",\"@graph\":[{\"@type\":\"BlogPosting\",\"@id\":\"https:\\\/\\\/www.skalnik.pl\\\/blog\\\/kanken-plecak-miejski-dla-kazdego\\\/#blogposting\",\"name\":\"Kanken plecak miejski dla ka\\u017cdego - blog Skalnik\",\"headline\":\"Kanken plecak miejski dla ka\\u017cdego\",\"author\":{\"@id\":\"https:\\\/\\\/www.skalnik.pl\\\/blog\\\/author\\\/beata-nawrotkiewicz\\\/#author\"},\"publisher\":{\"@id\":\"https:\\\/\\\/www.skalnik.pl\\\/blog\\\/#organization\"},\"image\":{\"@type\":\"ImageObject\",\"url\":\"https:\\\/\\\/www.skalnik.pl\\\/blog\\\/wp-content\\\/uploads\\\/2019\\\/02\\\/w_tle-ok.jpg\",\"width\":1920,\"height\":705},\"datePublished\":\"2019-02-18T15:04:38+02:00\",\"dateModified\":\"2019-06-03T15:05:53+02:00\",\"inLanguage\":\"pl-PL\",\"mainEntityOfPage\":{\"@id\":\"https:\\\/\\\/www.skalnik.pl\\\/blog\\\/kanken-plecak-miejski-dla-kazdego\\\/#webpage\"},\"isPartOf\":{\"@id\":\"https:\\\/\\\/www.skalnik.pl\\\/blog\\\/kanken-plecak-miejski-dla-kazdego\\\/#webpage\"},\"articleSection\":\"Bran\\u017ca, plecaki, rynek outdoor, styl \\u017cycia\"},{\"@type\":\"BreadcrumbList\",\"@id\":\"https:\\\/\\\/www.skalnik.pl\\\/blog\\\/kanken-plecak-miejski-dla-kazdego\\\/#breadcrumblist\",\"itemListElement\":[{\"@type\":\"ListItem\",\"@id\":\"https:\\\/\\\/www.skalnik.pl\\\/blog#listItem\",\"position\":1,\"name\":\"Home\",\"item\":\"https:\\\/\\\/www.skalnik.pl\\\/blog\",\"nextItem\":{\"@type\":\"ListItem\",\"@id\":\"https:\\\/\\\/www.skalnik.pl\\\/blog\\\/.\\\/branza\\\/#listItem\",\"name\":\"Bran\\u017ca\"}},{\"@type\":\"ListItem\",\"@id\":\"https:\\\/\\\/www.skalnik.pl\\\/blog\\\/.\\\/branza\\\/#listItem\",\"position\":2,\"name\":\"Bran\\u017ca\",\"item\":\"https:\\\/\\\/www.skalnik.pl\\\/blog\\\/.\\\/branza\\\/\",\"nextItem\":{\"@type\":\"ListItem\",\"@id\":\"https:\\\/\\\/www.skalnik.pl\\\/blog\\\/kanken-plecak-miejski-dla-kazdego\\\/#listItem\",\"name\":\"Kanken plecak miejski dla ka\\u017cdego\"},\"previousItem\":{\"@type\":\"ListItem\",\"@id\":\"https:\\\/\\\/www.skalnik.pl\\\/blog#listItem\",\"name\":\"Home\"}},{\"@type\":\"ListItem\",\"@id\":\"https:\\\/\\\/www.skalnik.pl\\\/blog\\\/kanken-plecak-miejski-dla-kazdego\\\/#listItem\",\"position\":3,\"name\":\"Kanken plecak miejski dla ka\\u017cdego\",\"previousItem\":{\"@type\":\"ListItem\",\"@id\":\"https:\\\/\\\/www.skalnik.pl\\\/blog\\\/.\\\/branza\\\/#listItem\",\"name\":\"Bran\\u017ca\"}}]},{\"@type\":\"Organization\",\"@id\":\"https:\\\/\\\/www.skalnik.pl\\\/blog\\\/#organization\",\"name\":\"blog Skalnik\",\"description\":\"Blog, porady, artyku\\u0142y - blog Skalnik\",\"url\":\"https:\\\/\\\/www.skalnik.pl\\\/blog\\\/\"},{\"@type\":\"Person\",\"@id\":\"https:\\\/\\\/www.skalnik.pl\\\/blog\\\/author\\\/beata-nawrotkiewicz\\\/#author\",\"url\":\"https:\\\/\\\/www.skalnik.pl\\\/blog\\\/author\\\/beata-nawrotkiewicz\\\/\",\"name\":\"Beata Nawrotkiewicz\",\"image\":{\"@type\":\"ImageObject\",\"@id\":\"https:\\\/\\\/www.skalnik.pl\\\/blog\\\/kanken-plecak-miejski-dla-kazdego\\\/#authorImage\",\"url\":\"https:\\\/\\\/secure.gravatar.com\\\/avatar\\\/53cf81cfcc3a81694535515925ffcf159be725e8bd1fb455eeb9e2cadcaa5684?s=96&d=mm&r=g\",\"width\":96,\"height\":96,\"caption\":\"Beata Nawrotkiewicz\"}},{\"@type\":\"WebPage\",\"@id\":\"https:\\\/\\\/www.skalnik.pl\\\/blog\\\/kanken-plecak-miejski-dla-kazdego\\\/#webpage\",\"url\":\"https:\\\/\\\/www.skalnik.pl\\\/blog\\\/kanken-plecak-miejski-dla-kazdego\\\/\",\"name\":\"Kanken plecak miejski dla ka\\u017cdego - blog Skalnik\",\"description\":\"Kanken to bez w\\u0105tpienia jeden z najpopularniejszych plecak\\u00f3w miejskich na \\u015bwiecie. By\\u0107 mo\\u017ce nawet najbardziej popularny. Ludzie kochaj\\u0105 go za ponadczasowy design, kt\\u00f3ry \\u0142\\u0105czy w sobie szwedzk\\u0105 prostot\\u0119 i funkcjonalno\\u015b\\u0107. Dzi\\u0119ki temu sprawdza si\\u0119 nie tylko w miejskiej d\\u017cungli.\",\"inLanguage\":\"pl-PL\",\"isPartOf\":{\"@id\":\"https:\\\/\\\/www.skalnik.pl\\\/blog\\\/#website\"},\"breadcrumb\":{\"@id\":\"https:\\\/\\\/www.skalnik.pl\\\/blog\\\/kanken-plecak-miejski-dla-kazdego\\\/#breadcrumblist\"},\"author\":{\"@id\":\"https:\\\/\\\/www.skalnik.pl\\\/blog\\\/author\\\/beata-nawrotkiewicz\\\/#author\"},\"creator\":{\"@id\":\"https:\\\/\\\/www.skalnik.pl\\\/blog\\\/author\\\/beata-nawrotkiewicz\\\/#author\"},\"image\":{\"@type\":\"ImageObject\",\"url\":\"https:\\\/\\\/www.skalnik.pl\\\/blog\\\/wp-content\\\/uploads\\\/2019\\\/02\\\/w_tle-ok.jpg\",\"@id\":\"https:\\\/\\\/www.skalnik.pl\\\/blog\\\/kanken-plecak-miejski-dla-kazdego\\\/#mainImage\",\"width\":1920,\"height\":705},\"primaryImageOfPage\":{\"@id\":\"https:\\\/\\\/www.skalnik.pl\\\/blog\\\/kanken-plecak-miejski-dla-kazdego\\\/#mainImage\"},\"datePublished\":\"2019-02-18T15:04:38+02:00\",\"dateModified\":\"2019-06-03T15:05:53+02:00\"},{\"@type\":\"WebSite\",\"@id\":\"https:\\\/\\\/www.skalnik.pl\\\/blog\\\/#website\",\"url\":\"https:\\\/\\\/www.skalnik.pl\\\/blog\\\/\",\"name\":\"blog Skalnik\",\"description\":\"Blog, porady, artyku\\u0142y - blog Skalnik\",\"inLanguage\":\"pl-PL\",\"publisher\":{\"@id\":\"https:\\\/\\\/www.skalnik.pl\\\/blog\\\/#organization\"}}]}\n\t\t<\/script>\n\t\t<!-- All in One SEO -->\n\n","aioseo_head_json":{"title":"Kanken plecak miejski dla ka\u017cdego - blog Skalnik","description":"Kanken to bez w\u0105tpienia jeden z najpopularniejszych plecak\u00f3w miejskich na \u015bwiecie. By\u0107 mo\u017ce nawet najbardziej popularny. Ludzie kochaj\u0105 go za ponadczasowy design, kt\u00f3ry \u0142\u0105czy w sobie szwedzk\u0105 prostot\u0119 i funkcjonalno\u015b\u0107. Dzi\u0119ki temu sprawdza si\u0119 nie tylko w miejskiej d\u017cungli.","canonical_url":"https:\/\/www.skalnik.pl\/blog\/kanken-plecak-miejski-dla-kazdego\/","robots":"max-image-preview:large","keywords":"","webmasterTools":{"miscellaneous":""},"schema":{"@context":"https:\/\/schema.org","@graph":[{"@type":"BlogPosting","@id":"https:\/\/www.skalnik.pl\/blog\/kanken-plecak-miejski-dla-kazdego\/#blogposting","name":"Kanken plecak miejski dla ka\u017cdego - blog Skalnik","headline":"Kanken plecak miejski dla ka\u017cdego","author":{"@id":"https:\/\/www.skalnik.pl\/blog\/author\/beata-nawrotkiewicz\/#author"},"publisher":{"@id":"https:\/\/www.skalnik.pl\/blog\/#organization"},"image":{"@type":"ImageObject","url":"https:\/\/www.skalnik.pl\/blog\/wp-content\/uploads\/2019\/02\/w_tle-ok.jpg","width":1920,"height":705},"datePublished":"2019-02-18T15:04:38+02:00","dateModified":"2019-06-03T15:05:53+02:00","inLanguage":"pl-PL","mainEntityOfPage":{"@id":"https:\/\/www.skalnik.pl\/blog\/kanken-plecak-miejski-dla-kazdego\/#webpage"},"isPartOf":{"@id":"https:\/\/www.skalnik.pl\/blog\/kanken-plecak-miejski-dla-kazdego\/#webpage"},"articleSection":"Bran\u017ca, plecaki, rynek outdoor, styl \u017cycia"},{"@type":"BreadcrumbList","@id":"https:\/\/www.skalnik.pl\/blog\/kanken-plecak-miejski-dla-kazdego\/#breadcrumblist","itemListElement":[{"@type":"ListItem","@id":"https:\/\/www.skalnik.pl\/blog#listItem","position":1,"name":"Home","item":"https:\/\/www.skalnik.pl\/blog","nextItem":{"@type":"ListItem","@id":"https:\/\/www.skalnik.pl\/blog\/.\/branza\/#listItem","name":"Bran\u017ca"}},{"@type":"ListItem","@id":"https:\/\/www.skalnik.pl\/blog\/.\/branza\/#listItem","position":2,"name":"Bran\u017ca","item":"https:\/\/www.skalnik.pl\/blog\/.\/branza\/","nextItem":{"@type":"ListItem","@id":"https:\/\/www.skalnik.pl\/blog\/kanken-plecak-miejski-dla-kazdego\/#listItem","name":"Kanken plecak miejski dla ka\u017cdego"},"previousItem":{"@type":"ListItem","@id":"https:\/\/www.skalnik.pl\/blog#listItem","name":"Home"}},{"@type":"ListItem","@id":"https:\/\/www.skalnik.pl\/blog\/kanken-plecak-miejski-dla-kazdego\/#listItem","position":3,"name":"Kanken plecak miejski dla ka\u017cdego","previousItem":{"@type":"ListItem","@id":"https:\/\/www.skalnik.pl\/blog\/.\/branza\/#listItem","name":"Bran\u017ca"}}]},{"@type":"Organization","@id":"https:\/\/www.skalnik.pl\/blog\/#organization","name":"blog Skalnik","description":"Blog, porady, artyku\u0142y - blog Skalnik","url":"https:\/\/www.skalnik.pl\/blog\/"},{"@type":"Person","@id":"https:\/\/www.skalnik.pl\/blog\/author\/beata-nawrotkiewicz\/#author","url":"https:\/\/www.skalnik.pl\/blog\/author\/beata-nawrotkiewicz\/","name":"Beata Nawrotkiewicz","image":{"@type":"ImageObject","@id":"https:\/\/www.skalnik.pl\/blog\/kanken-plecak-miejski-dla-kazdego\/#authorImage","url":"https:\/\/secure.gravatar.com\/avatar\/53cf81cfcc3a81694535515925ffcf159be725e8bd1fb455eeb9e2cadcaa5684?s=96&d=mm&r=g","width":96,"height":96,"caption":"Beata Nawrotkiewicz"}},{"@type":"WebPage","@id":"https:\/\/www.skalnik.pl\/blog\/kanken-plecak-miejski-dla-kazdego\/#webpage","url":"https:\/\/www.skalnik.pl\/blog\/kanken-plecak-miejski-dla-kazdego\/","name":"Kanken plecak miejski dla ka\u017cdego - blog Skalnik","description":"Kanken to bez w\u0105tpienia jeden z najpopularniejszych plecak\u00f3w miejskich na \u015bwiecie. By\u0107 mo\u017ce nawet najbardziej popularny. Ludzie kochaj\u0105 go za ponadczasowy design, kt\u00f3ry \u0142\u0105czy w sobie szwedzk\u0105 prostot\u0119 i funkcjonalno\u015b\u0107. Dzi\u0119ki temu sprawdza si\u0119 nie tylko w miejskiej d\u017cungli.","inLanguage":"pl-PL","isPartOf":{"@id":"https:\/\/www.skalnik.pl\/blog\/#website"},"breadcrumb":{"@id":"https:\/\/www.skalnik.pl\/blog\/kanken-plecak-miejski-dla-kazdego\/#breadcrumblist"},"author":{"@id":"https:\/\/www.skalnik.pl\/blog\/author\/beata-nawrotkiewicz\/#author"},"creator":{"@id":"https:\/\/www.skalnik.pl\/blog\/author\/beata-nawrotkiewicz\/#author"},"image":{"@type":"ImageObject","url":"https:\/\/www.skalnik.pl\/blog\/wp-content\/uploads\/2019\/02\/w_tle-ok.jpg","@id":"https:\/\/www.skalnik.pl\/blog\/kanken-plecak-miejski-dla-kazdego\/#mainImage","width":1920,"height":705},"primaryImageOfPage":{"@id":"https:\/\/www.skalnik.pl\/blog\/kanken-plecak-miejski-dla-kazdego\/#mainImage"},"datePublished":"2019-02-18T15:04:38+02:00","dateModified":"2019-06-03T15:05:53+02:00"},{"@type":"WebSite","@id":"https:\/\/www.skalnik.pl\/blog\/#website","url":"https:\/\/www.skalnik.pl\/blog\/","name":"blog Skalnik","description":"Blog, porady, artyku\u0142y - blog Skalnik","inLanguage":"pl-PL","publisher":{"@id":"https:\/\/www.skalnik.pl\/blog\/#organization"}}]},"og:locale":"pl_PL","og:site_name":"blog Skalnik - Blog, porady, artyku\u0142y - blog Skalnik","og:type":"article","og:title":"Kanken plecak miejski dla ka\u017cdego - blog Skalnik","og:description":"Kanken to bez w\u0105tpienia jeden z najpopularniejszych plecak\u00f3w miejskich na \u015bwiecie. By\u0107 mo\u017ce nawet najbardziej popularny. Ludzie kochaj\u0105 go za ponadczasowy design, kt\u00f3ry \u0142\u0105czy w sobie szwedzk\u0105 prostot\u0119 i funkcjonalno\u015b\u0107. Dzi\u0119ki temu sprawdza si\u0119 nie tylko w miejskiej d\u017cungli.","og:url":"https:\/\/www.skalnik.pl\/blog\/kanken-plecak-miejski-dla-kazdego\/","og:image":"https:\/\/skalnik.pl\/blog\/wp-content\/uploads\/2019\/02\/poczatki-kanken-1024x694.jpg","og:image:secure_url":"https:\/\/skalnik.pl\/blog\/wp-content\/uploads\/2019\/02\/poczatki-kanken-1024x694.jpg","article:tag":["bran\u017ca","plecaki","rynek outdoor","styl \u017cycia"],"article:published_time":"2019-02-18T14:04:38+00:00","article:modified_time":"2019-06-03T13:05:53+00:00","twitter:card":"summary_large_image","twitter:title":"Kanken plecak miejski dla ka\u017cdego - blog Skalnik","twitter:description":"Kanken to bez w\u0105tpienia jeden z najpopularniejszych plecak\u00f3w miejskich na \u015bwiecie. By\u0107 mo\u017ce nawet najbardziej popularny. Ludzie kochaj\u0105 go za ponadczasowy design, kt\u00f3ry \u0142\u0105czy w sobie szwedzk\u0105 prostot\u0119 i funkcjonalno\u015b\u0107. Dzi\u0119ki temu sprawdza si\u0119 nie tylko w miejskiej d\u017cungli.","twitter:image":"https:\/\/skalnik.pl\/blog\/wp-content\/uploads\/2019\/02\/poczatki-kanken-1024x694.jpg"},"aioseo_meta_data":{"post_id":"5618","title":"","description":null,"keywords":null,"keyphrases":null,"primary_term":null,"canonical_url":null,"og_title":null,"og_description":null,"og_object_type":"default","og_image_type":"default","og_image_url":null,"og_image_width":null,"og_image_height":null,"og_image_custom_url":null,"og_image_custom_fields":null,"og_video":null,"og_custom_url":null,"og_article_section":null,"og_article_tags":null,"twitter_use_og":false,"twitter_card":"default","twitter_image_type":"default","twitter_image_url":null,"twitter_image_custom_url":null,"twitter_image_custom_fields":null,"twitter_title":null,"twitter_description":null,"schema":{"blockGraphs":[],"customGraphs":[],"default":{"data":{"Article":[],"Course":[],"Dataset":[],"FAQPage":[],"Movie":[],"Person":[],"Product":[],"ProductReview":[],"Car":[],"Recipe":[],"Service":[],"SoftwareApplication":[],"WebPage":[]},"graphName":"BlogPosting","isEnabled":true},"graphs":[]},"schema_type":"default","schema_type_options":null,"pillar_content":false,"robots_default":true,"robots_noindex":false,"robots_noarchive":false,"robots_nosnippet":false,"robots_nofollow":false,"robots_noimageindex":false,"robots_noodp":false,"robots_notranslate":false,"robots_max_snippet":null,"robots_max_videopreview":null,"robots_max_imagepreview":"large","priority":null,"frequency":null,"local_seo":null,"breadcrumb_settings":null,"limit_modified_date":false,"ai":null,"created":"2022-08-26 09:55:56","updated":"2026-02-17 21:29:19","seo_analyzer_scan_date":null},"aioseo_breadcrumb":"<div class=\"aioseo-breadcrumbs\"><span class=\"aioseo-breadcrumb\">\n\t\t\t<a href=\"https:\/\/www.skalnik.pl\/blog\" title=\"Home\">Home<\/a>\n\t\t<\/span><span class=\"aioseo-breadcrumb-separator\">&raquo;<\/span><span class=\"aioseo-breadcrumb\">\n\t\t\t<a href=\"https:\/\/www.skalnik.pl\/blog\/.\/branza\/\" title=\"Bran\u017ca\">Bran\u017ca<\/a>\n\t\t<\/span><span class=\"aioseo-breadcrumb-separator\">&raquo;<\/span><span class=\"aioseo-breadcrumb\">\n\t\t\tKanken plecak miejski dla ka\u017cdego\n\t\t<\/span><\/div>","aioseo_breadcrumb_json":[{"label":"Home","link":"https:\/\/www.skalnik.pl\/blog"},{"label":"Bran\u017ca","link":"https:\/\/www.skalnik.pl\/blog\/.\/branza\/"},{"label":"Kanken plecak miejski dla ka\u017cdego","link":"https:\/\/www.skalnik.pl\/blog\/kanken-plecak-miejski-dla-kazdego\/"}],"_links":{"self":[{"href":"https:\/\/www.skalnik.pl\/blog\/wp-json\/wp\/v2\/posts\/5618","targetHints":{"allow":["GET"]}}],"collection":[{"href":"https:\/\/www.skalnik.pl\/blog\/wp-json\/wp\/v2\/posts"}],"about":[{"href":"https:\/\/www.skalnik.pl\/blog\/wp-json\/wp\/v2\/types\/post"}],"author":[{"embeddable":true,"href":"https:\/\/www.skalnik.pl\/blog\/wp-json\/wp\/v2\/users\/9"}],"replies":[{"embeddable":true,"href":"https:\/\/www.skalnik.pl\/blog\/wp-json\/wp\/v2\/comments?post=5618"}],"version-history":[{"count":18,"href":"https:\/\/www.skalnik.pl\/blog\/wp-json\/wp\/v2\/posts\/5618\/revisions"}],"predecessor-version":[{"id":7265,"href":"https:\/\/www.skalnik.pl\/blog\/wp-json\/wp\/v2\/posts\/5618\/revisions\/7265"}],"wp:featuredmedia":[{"embeddable":true,"href":"https:\/\/www.skalnik.pl\/blog\/wp-json\/wp\/v2\/media\/5684"}],"wp:attachment":[{"href":"https:\/\/www.skalnik.pl\/blog\/wp-json\/wp\/v2\/media?parent=5618"}],"wp:term":[{"taxonomy":"category","embeddable":true,"href":"https:\/\/www.skalnik.pl\/blog\/wp-json\/wp\/v2\/categories?post=5618"},{"taxonomy":"post_tag","embeddable":true,"href":"https:\/\/www.skalnik.pl\/blog\/wp-json\/wp\/v2\/tags?post=5618"},{"taxonomy":"magento_category","embeddable":true,"href":"https:\/\/www.skalnik.pl\/blog\/wp-json\/wp\/v2\/magento_category?post=5618"},{"taxonomy":"magento_product","embeddable":true,"href":"https:\/\/www.skalnik.pl\/blog\/wp-json\/wp\/v2\/magento_product?post=5618"}],"curies":[{"name":"wp","href":"https:\/\/api.w.org\/{rel}","templated":true}]}}