{"id":5630,"date":"2019-02-13T09:20:04","date_gmt":"2019-02-13T08:20:04","guid":{"rendered":"https:\/\/skalnik.pl\/blog\/?p=5630"},"modified":"2020-07-08T10:49:58","modified_gmt":"2020-07-08T08:49:58","slug":"czym-jest-tirolwool-celliant","status":"publish","type":"post","link":"https:\/\/www.skalnik.pl\/blog\/czym-jest-tirolwool-celliant\/","title":{"rendered":"Czym jest TirolWool\u00ae Celliant\u00ae"},"content":{"rendered":"<p><b>Przed nisk\u0105 temperatur\u0105 w g\u00f3rach mo\u017cna chroni\u0107 si\u0119 na r\u00f3\u017cne sposoby. Puch\u00f3wki, primalofty i polary to doskonale znane sposoby na ch\u0142ody. W\u015br\u00f3d ocieplin swoisty renesans prze\u017cywa w ostatnim czasie tak\u017ce we\u0142na. Opr\u00f3cz znanego ocieplenia MerinoLoft na bazie we\u0142ny merino, istniej tak\u017ce ocieplenie o intryguj\u0105co brzmi\u0105cej nazwie. Po\u015bwi\u0119\u0107 chwilk\u0119 hybrydowej ocieplinie TirolWool\u00ae Celiant\u00ae i poznaj wszystkie jej sekrety.<\/b><\/p>\n<p>Oklapni\u0119te uszka, w\u0105ska g\u0142owa, g\u0119ste runo bia\u0142ego koloru i w\u0105skie raciczki, kt\u00f3re dzia\u0142aj\u0105 jak wspinaczkowa baletka. Tak wygl\u0105da tyrolska owca, kt\u00f3ra ca\u0142y rok sp\u0119dza w g\u00f3rach, \u017cyj\u0105c powy\u017cej 2000 m n.p.m. Niejeden g\u00f3ro\u0142az powinien pozazdro\u015bci\u0107 jej \u017cycia na takich wysoko\u015bciach, tak samo jak tego, \u017ce owca z Tyrolu kapitalnie radzi sobie z ch\u0142odem, a i latem nie cierpi z powodu wysokich temperatur.<\/p>\n<p>&nbsp;<\/p>\n<div id=\"ez-toc-container\" class=\"ez-toc-v2_0_85 counter-hierarchy ez-toc-counter ez-toc-light-blue ez-toc-container-direction\">\n<div class=\"ez-toc-title-container\">\n<p class=\"ez-toc-title\" style=\"cursor:inherit\">SPIS TRE\u015aCI <\/p>\n<span class=\"ez-toc-title-toggle\"><a href=\"#\" class=\"ez-toc-pull-right ez-toc-btn ez-toc-btn-xs ez-toc-btn-default ez-toc-toggle\" aria-label=\"Prze\u0142\u0105cznik Spisu Tre\u015bci\"><span class=\"ez-toc-js-icon-con\"><span class=\"\"><span class=\"eztoc-hide\" style=\"display:none;\">Toggle<\/span><span class=\"ez-toc-icon-toggle-span\"><svg style=\"fill: #999;color:#999\" xmlns=\"http:\/\/www.w3.org\/2000\/svg\" class=\"list-377408\" width=\"20px\" height=\"20px\" viewBox=\"0 0 24 24\" fill=\"none\"><path d=\"M6 6H4v2h2V6zm14 0H8v2h12V6zM4 11h2v2H4v-2zm16 0H8v2h12v-2zM4 16h2v2H4v-2zm16 0H8v2h12v-2z\" fill=\"currentColor\"><\/path><\/svg><svg style=\"fill: #999;color:#999\" class=\"arrow-unsorted-368013\" xmlns=\"http:\/\/www.w3.org\/2000\/svg\" width=\"10px\" height=\"10px\" viewBox=\"0 0 24 24\" version=\"1.2\" baseProfile=\"tiny\"><path d=\"M18.2 9.3l-6.2-6.3-6.2 6.3c-.2.2-.3.4-.3.7s.1.5.3.7c.2.2.4.3.7.3h11c.3 0 .5-.1.7-.3.2-.2.3-.5.3-.7s-.1-.5-.3-.7zM5.8 14.7l6.2 6.3 6.2-6.3c.2-.2.3-.5.3-.7s-.1-.5-.3-.7c-.2-.2-.4-.3-.7-.3h-11c-.3 0-.5.1-.7.3-.2.2-.3.5-.3.7s.1.5.3.7z\"\/><\/svg><\/span><\/span><\/span><\/a><\/span><\/div>\n<nav><ul class='ez-toc-list ez-toc-list-level-1 ' ><li class='ez-toc-page-1 ez-toc-heading-level-2'><a class=\"ez-toc-link ez-toc-heading-1\" href=\"https:\/\/www.skalnik.pl\/blog\/czym-jest-tirolwool-celliant\/#Co_to_jest_TirolWool\" >Co to jest TirolWool<\/a><\/li><li class='ez-toc-page-1 ez-toc-heading-level-2'><a class=\"ez-toc-link ez-toc-heading-2\" href=\"https:\/\/www.skalnik.pl\/blog\/czym-jest-tirolwool-celliant\/#Co_to_jest_Celliant\" >Co to jest Celliant<\/a><\/li><li class='ez-toc-page-1 ez-toc-heading-level-2'><a class=\"ez-toc-link ez-toc-heading-3\" href=\"https:\/\/www.skalnik.pl\/blog\/czym-jest-tirolwool-celliant\/#Jakie_sa_korzysci_z_ociepliny_Salewa\" >Jakie s\u0105 korzy\u015bci z ociepliny Salewa<\/a><\/li><li class='ez-toc-page-1 ez-toc-heading-level-2'><a class=\"ez-toc-link ez-toc-heading-4\" href=\"https:\/\/www.skalnik.pl\/blog\/czym-jest-tirolwool-celliant\/#TirolWool%C2%AE_Celliant%C2%AE_jest_eko\" >TirolWool\u00ae Celliant\u00ae jest eko<\/a><\/li><li class='ez-toc-page-1 ez-toc-heading-level-2'><a class=\"ez-toc-link ez-toc-heading-5\" href=\"https:\/\/www.skalnik.pl\/blog\/czym-jest-tirolwool-celliant\/#Czy_to_dziala%E2%80%A6\" >Czy to dzia\u0142a\u2026<\/a><\/li><\/ul><\/nav><\/div>\n<h2><span class=\"ez-toc-section\" id=\"Co_to_jest_TirolWool\"><\/span>Co to jest TirolWool<span class=\"ez-toc-section-end\"><\/span><\/h2>\n<p>TirolWoll to we\u0142na pozyskiwana z owiec \u017cyj\u0105cych w Tyrolu. Owce g\u00f3rskie, dzi\u0119ki znakomitym w\u0142a\u015bciwo\u015bciom termoizolacyjnym swego runa, sp\u0119dzaj\u0105 okr\u0105g\u0142y rok wysoko w g\u00f3rach. Wy\u017csza zawarto\u015b\u0107 lanoliny w runie owiec tyrolskich sprawia, \u017ce ich we\u0142n\u0119 cechuj\u0105 kapitalne w\u0142a\u015bciwo\u015bci cieplne. We\u0142na ta ma zdolno\u015bci do izolowania od zimna i upa\u0142u, jest oddychaj\u0105ca i dzia\u0142a w podobny spos\u00f3b zar\u00f3wno gdy jest sucha, jak i wtedy, gdy staje si\u0119 kompletnie przemoczona.<\/p>\n<p>To w\u0142a\u015bnie pierwszy sekret ocieplenia hybrydowego Salewa TirolWool Celliant, z kt\u00f3rego postanowili skorzysta\u0107 ludzie od pokole\u0144 \u017cyj\u0105cy w Alpach. Ocieplenie hybrydowe TirolWool\u00ae Celliant\u00ae jest dzie\u0142em ratownik\u00f3w Tyrolskiego G\u00f3rskiego Pogotowia Ratunkowego (Tirol Bergrettung) i projektant\u00f3w marki <a href=\"https:\/\/skalnik.pl\/salewa\" target=\"_blank\" rel=\"noopener noreferrer\">Salewa<\/a>. Ci pierwsi potrzebowali czego\u015b, co b\u0119dzie dzia\u0142a\u0107 w zr\u00f3\u017cnicowanych warunkach i przy wysokim poziomie wysi\u0142ku. Ci drudzy, chcieli stworzy\u0107 produkt, kt\u00f3ry w pe\u0142ni zadowoli ludzi, kt\u00f3rzy z nara\u017ceniem \u017cycia nios\u0105 w g\u00f3rach pomoc. Jedni i drudzy wiedzieli doskonale, \u017ce dawne pokolenia u\u017cywa\u0142y we\u0142ny do walki z ch\u0142odem, wi\u0119c postanowili z niej skorzysta\u0107 raz jeszcze.<\/p>\n<div class=\"page_gallery\">\n\n\t\t<style type=\"text\/css\">\n\t\t\t#gallery-1 {\n\t\t\t\tmargin: auto;\n\t\t\t}\n\t\t\t#gallery-1 .gallery-item {\n\t\t\t\tfloat: left;\n\t\t\t\tmargin-top: 10px;\n\t\t\t\ttext-align: center;\n\t\t\t\twidth: 33%;\n\t\t\t}\n\t\t\t#gallery-1 img {\n\t\t\t\tborder: 2px solid #cfcfcf;\n\t\t\t}\n\t\t\t#gallery-1 .gallery-caption {\n\t\t\t\tmargin-left: 0;\n\t\t\t}\n\t\t\t\/* see gallery_shortcode() in wp-includes\/media.php *\/\n\t\t<\/style>\n\t\t<div id='gallery-1' class='gallery galleryid-5630 gallery-columns-3 gallery-size-large'><dl class='gallery-item'>\n\t\t\t<dt class='gallery-icon landscape'>\n\t\t\t\t<img loading=\"lazy\" decoding=\"async\" width=\"1024\" height=\"683\" src=\"https:\/\/www.skalnik.pl\/blog\/wp-content\/uploads\/2019\/02\/Alpine-trekking_26_W17-18_AP0Q2170-1024x683.jpg\" class=\"attachment-large size-large\" alt=\"trekking alpejski salewa\" aria-describedby=\"gallery-1-5661\" srcset=\"https:\/\/www.skalnik.pl\/blog\/wp-content\/uploads\/2019\/02\/Alpine-trekking_26_W17-18_AP0Q2170-1024x683.jpg 1024w, https:\/\/www.skalnik.pl\/blog\/wp-content\/uploads\/2019\/02\/Alpine-trekking_26_W17-18_AP0Q2170-300x200.jpg 300w, https:\/\/www.skalnik.pl\/blog\/wp-content\/uploads\/2019\/02\/Alpine-trekking_26_W17-18_AP0Q2170-768x512.jpg 768w\" sizes=\"auto, (max-width: 1024px) 100vw, 1024px\" \/>\n\t\t\t<\/dt>\n\t\t\t\t<dd class='wp-caption-text gallery-caption' id='gallery-1-5661'>\n\t\t\t\tAlpejski trekking w kurtkach z innowacyjnym ociepleniem Salewa (fot. Salewa)\n\t\t\t\t<\/dd><\/dl><dl class='gallery-item'>\n\t\t\t<dt class='gallery-icon landscape'>\n\t\t\t\t<img loading=\"lazy\" decoding=\"async\" width=\"1024\" height=\"683\" src=\"https:\/\/www.skalnik.pl\/blog\/wp-content\/uploads\/2019\/02\/Alpine-trekking_25_W17-18_AP0Q2181-1024x683.jpg\" class=\"attachment-large size-large\" alt=\"Tirol Wool\" aria-describedby=\"gallery-1-5662\" srcset=\"https:\/\/www.skalnik.pl\/blog\/wp-content\/uploads\/2019\/02\/Alpine-trekking_25_W17-18_AP0Q2181-1024x683.jpg 1024w, https:\/\/www.skalnik.pl\/blog\/wp-content\/uploads\/2019\/02\/Alpine-trekking_25_W17-18_AP0Q2181-300x200.jpg 300w, https:\/\/www.skalnik.pl\/blog\/wp-content\/uploads\/2019\/02\/Alpine-trekking_25_W17-18_AP0Q2181-768x512.jpg 768w\" sizes=\"auto, (max-width: 1024px) 100vw, 1024px\" \/>\n\t\t\t<\/dt>\n\t\t\t\t<dd class='wp-caption-text gallery-caption' id='gallery-1-5662'>\n\t\t\t\tTw\u00f3rcy TirolWool\u00ae Celliant ceni\u0105 sobie, \u017ce ocieplina bazuje na regionalnym surowcu (fot. Salewa)\n\t\t\t\t<\/dd><\/dl><dl class='gallery-item'>\n\t\t\t<dt class='gallery-icon landscape'>\n\t\t\t\t<img loading=\"lazy\" decoding=\"async\" width=\"1024\" height=\"683\" src=\"https:\/\/www.skalnik.pl\/blog\/wp-content\/uploads\/2019\/02\/Alpine-trekking_30_W17-18_V8A2571-1024x683.jpg\" class=\"attachment-large size-large\" alt=\"\" aria-describedby=\"gallery-1-5663\" srcset=\"https:\/\/www.skalnik.pl\/blog\/wp-content\/uploads\/2019\/02\/Alpine-trekking_30_W17-18_V8A2571-1024x683.jpg 1024w, https:\/\/www.skalnik.pl\/blog\/wp-content\/uploads\/2019\/02\/Alpine-trekking_30_W17-18_V8A2571-300x200.jpg 300w, https:\/\/www.skalnik.pl\/blog\/wp-content\/uploads\/2019\/02\/Alpine-trekking_30_W17-18_V8A2571-768x512.jpg 768w\" sizes=\"auto, (max-width: 1024px) 100vw, 1024px\" \/>\n\t\t\t<\/dt>\n\t\t\t\t<dd class='wp-caption-text gallery-caption' id='gallery-1-5663'>\n\t\t\t\tJe\u015bli szukasz kurtek z tym ociepleniem, szukaj oznacze\u0144 TW CLT w nazwach produkt\u00f3w (fot. Salewa)\n\t\t\t\t<\/dd><\/dl><br style=\"clear: both\" \/>\n\t\t<\/div>\n\n<\/div>\n<p>&nbsp;<\/p>\n<h2><span class=\"ez-toc-section\" id=\"Co_to_jest_Celliant\"><\/span>Co to jest Celliant<span class=\"ez-toc-section-end\"><\/span><\/h2>\n<p>Natura kryje w sobie pierwszy sekret ociepliny. Drugi to ju\u017c dzie\u0142o zaawansowanych technologii. By zrozumie\u0107 wyj\u0105tkowo\u015b\u0107 innowacyjnej ociepliny Salewa trzeba wyja\u015bni\u0107 czym jest Celliant\u00ae.<\/p>\n<p>Celliant\u00ae to formu\u0142a rodem z Kalifornii. Dok\u0142adnie w Santa Maria, w firmie Hologenix, powsta\u0142a mieszanka trzynastu termoaktywnych minera\u0142\u00f3w, kt\u00f3re potrafi\u0105 przekszta\u0142ci\u0107 ciep\u0142o pochodz\u0105ce z cia\u0142\u0105 w promieniowanie podczerwone. Minera\u0142y Celliant\u00ae wtapiane s\u0105 w \u017cywic\u0119, kt\u00f3ra stanowi rdze\u0144 przetworzonych poliestrowych w\u0142\u00f3kien. Takie w\u0142\u00f3kna miesza si\u0119 z we\u0142n\u0105 TirolWool. W ten spos\u00f3b ocieplenie TirolWool\u00ae Celliant\u00ae korzysta z izolacyjno\u015bci we\u0142ny i syntetycznych w\u0142\u00f3kien, kt\u00f3re odbijaj\u0105c promieniowanie IR pobudzaj\u0105 mikrokr\u0105\u017cenie krwi. To sprawia, \u017ce cia\u0142o staje si\u0119 odizolowane od ch\u0142odu, ogrzane i mo\u017ce by\u0107 w gotowo\u015bci do wysi\u0142ku.<\/p>\n<p><iframe loading=\"lazy\" src=\"https:\/\/www.youtube.com\/embed\/oy8vo4EGmK4\" allowfullscreen=\"allowfullscreen\" width=\"800\" height=\"442\" frameborder=\"0\"><\/iframe><\/p>\n<h2><span class=\"ez-toc-section\" id=\"Jakie_sa_korzysci_z_ociepliny_Salewa\"><\/span>Jakie s\u0105 korzy\u015bci z ociepliny Salewa<span class=\"ez-toc-section-end\"><\/span><\/h2>\n<p>Zalety TirolWool\u00ae Celliant\u00ae&nbsp; r\u00f3\u017cnorakie. Hybrydowy materia\u0142 o naturalno-syntetycznym pochodzeniu ocieplaj\u0105cy <a href=\"https:\/\/skalnik.pl\/odziez\/odziez-meska\/odziez-meska-kurtki-zimowe\/salewa\" target=\"_blank\" rel=\"noopener noreferrer\">kurtki Salewa<\/a> zatrzymuje ciep\u0142o cia\u0142a na d\u0142u\u017cej. Dzi\u0119ki w\u0142a\u015bciwo\u015bciom we\u0142ny bogatej w lanolin\u0119 i hydrofobowemu charakterowi poliestrowych w\u0142\u00f3kien, to nowoczesne ocieplenie nie traci zdolno\u015bci do izolowania pod wp\u0142ywem wilgoci. To nie tylko atut w czasie, gdy g\u00f3rska aura zmienia si\u0119 w przys\u0142owiow\u0105 \u201cdup\u00f3w\u0119\u201d. To tak\u017ce plus, gdy potrzebujesz ciep\u0142a i gdy kontynuujesz wysi\u0142ek, a twoje cia\u0142o wytwarza mas\u0119 wilgoci. To jednak nie wszystko. Korzystanie z we\u0142ny tyrolskich owiec na swoj\u0105 \u201cdrug\u0105 stron\u0119 medalu\u201d.<\/p>\n<div id=\"attachment_5635\" style=\"width: 1352px\" class=\"wp-caption alignnone\"><img loading=\"lazy\" decoding=\"async\" aria-describedby=\"caption-attachment-5635\" class=\"wp-image-5635 size-full\" src=\"https:\/\/skalnik.pl\/blog\/wp-content\/uploads\/2019\/02\/tirolwool-celiant-proces.jpg\" alt=\"\" width=\"1342\" height=\"325\" srcset=\"https:\/\/www.skalnik.pl\/blog\/wp-content\/uploads\/2019\/02\/tirolwool-celiant-proces.jpg 1342w, https:\/\/www.skalnik.pl\/blog\/wp-content\/uploads\/2019\/02\/tirolwool-celiant-proces-300x73.jpg 300w, https:\/\/www.skalnik.pl\/blog\/wp-content\/uploads\/2019\/02\/tirolwool-celiant-proces-768x186.jpg 768w, https:\/\/www.skalnik.pl\/blog\/wp-content\/uploads\/2019\/02\/tirolwool-celiant-proces-1024x248.jpg 1024w\" sizes=\"auto, (max-width: 1342px) 100vw, 1342px\" \/><p id=\"caption-attachment-5635\" class=\"wp-caption-text\">TirolWool\u00ae Celliant\u00ae powsta\u0142 we wsp\u00f3\u0142pracy z ratownikami z Tyrolu. Ocieplenie bazuje na we\u0142nie tyrolskich owiec, kt\u00f3ra jest produktem naturalnym, lokalnym, a proces rafinowania prz\u0119dzy jest przyjazny dla \u015brodowiska. W\u0119\u0142n\u0119 miesza si\u0119 z w\u0142\u00f3knami poliestrowymi, kt\u00f3re wzbogacone s\u0105 o termoaktywne minera\u0142y. W ten spos\u00f3b powstaje ocieplenie, kt\u00f3re pozwala zachowa\u0107 ciep\u0142o blisko cia\u0142a i dzia\u0142a\u0107 aktywnie przy zmiennych warunkach (\u017ar\u00f3d\u0142o: Salewa)<\/p><\/div>\n<p>&nbsp;<\/p>\n<h2><span class=\"ez-toc-section\" id=\"TirolWool%C2%AE_Celliant%C2%AE_jest_eko\"><\/span>TirolWool\u00ae Celliant\u00ae jest eko<span class=\"ez-toc-section-end\"><\/span><\/h2>\n<p>Bran\u017ca odzie\u017cowa to biznes odpowiedzialny za przyrost odpad\u00f3w, pomna\u017canie zanieczyszcze\u0144, emisj\u0119 gaz\u00f3w cieplarnianych i ogromne zu\u017cycie wody. Salewa tworz\u0105c TirolWool\u00ae Celiant\u00ae stara\u0142a si\u0119 ograniczy\u0107 negatywny wp\u0142yw na \u015brodowisko. Gdy tworzy si\u0119 ubrania nie mo\u017cna wyeliminowa\u0107 wszystkich szkodliwych czynnik\u00f3w. W\u0142a\u015bnie dlatego wa\u017cny jest ka\u017cdy krok, kt\u00f3ry zbli\u017ca do ograniczania szkodliwo\u015bci bran\u017cy tekstylnej.<\/p>\n<p>TirolWool\u00ae to produkt regionalny. Dzi\u0119ki niemu w\u0142oska marka minimalizuje negatywny wp\u0142yw transportu. Sam proces przygotowania runa owiec r\u00f3wnie\u017c poddany jest surowym regu\u0142om. W nieodleg\u0142ej od Dolomit\u00f3w Cittadelli firma Imbotex przygotowuje runo TirolWool\u00ae. We\u0142n\u0119 czy\u015bci si\u0119 w procesie zwanym Oxy Wash. Opatentowany proces technologiczny bazuje na wykorzystaniu tlenu i kompletnej rezygnacji ze szkodliwego chloru. Proces wzmacnia oddychalno\u015b\u0107 we\u0142ny i chroni j\u0105 przed wch\u0142anianiem nieprzyjemnych zapach\u00f3w.<\/p>\n<p>Proekologicznie idee zna\u0107 te\u017c w produkcji komponentu syntetycznego. Celliant\u00ae w 70% powstaje z poliestru pochodz\u0105cego z recyklingu. Dzi\u0119ki temu poliestrowe odpady jeszcze raz staj\u0105 si\u0119 u\u017cytecznym i w pe\u0142ni sprawnym surowcem, kt\u00f3ry nie trafia na wysypiska.<\/p>\n<p>Kr\u00f3tkie trasy transportu komponent\u00f3w, korzystanie z proces\u00f3w recyklingu, wspieranie lokalnych hodowc\u00f3w i d\u0105\u017cenie, by biznes by\u0142 bardziej zakorzeniony w regionie sprawiaj\u0105, \u017ce Salewa idzie w\u0142a\u015bciw\u0105 drog\u0105, na kt\u00f3rej ma\u0142e kroki maj\u0105 znaczenie dla ca\u0142ej planety.<\/p>\n<p>&nbsp;<\/p>\n<h2><span class=\"ez-toc-section\" id=\"Czy_to_dziala%E2%80%A6\"><\/span>Czy to dzia\u0142a\u2026<span class=\"ez-toc-section-end\"><\/span><\/h2>\n<p>Wiem, wiem. Brzmi to troch\u0119 jak czary-mary. Kiedy przed rokiem Salewa wprowadza\u0142a swoj\u0105 now\u0105 ocieplin\u0119 zastanawia\u0142em si\u0119, czy kto\u015b nie chce sprzeda\u0107 mi bajeczki o sile natury i m\u0105dro\u015bci technologii. Powiedzia\u0142em sprawdzam, kupi\u0142em kurtk\u0119 Fanes TW CLT Hood. Okaza\u0142o si\u0119, \u017ce pierwszy raz skorzysta\u0142em z kurtki Salewa z ko\u0144cem wrze\u015bnia, by zdj\u0105\u0107 j\u0105 dopiero, jak stopnia\u0142y w g\u00f3rach \u015bniegi. Kurtk\u0119 testowa\u0142em przez ca\u0142y zimowy sezon ubieraj\u0105c j\u0105 na co dzie\u0144, zabieraj\u0105c na w\u0119dr\u00f3wki g\u00f3rskie jesieni\u0105 i zim\u0105 oraz na narciarskie wypady na nartach skiturowych.<\/p>\n<p>TirolWool\u00ae Celliant\u00ae nie grzeje jak puch, ale nie przegrzewa, gdy chcesz porusza\u0107 si\u0119 w kurtce z ocieplin\u0105. Naprawd\u0119 sprawna oddychalno\u015b\u0107 ocieplenia jest du\u017cym jej atutem. Zdarzy\u0142o mi si\u0119 w kurtce lekko marzn\u0105\u0107 w mie\u015bcie na przystanku. Za\u0142o\u017cony na kurk\u0119 awaryjny hardshell i zastosowanie jej jako warstwy po\u015bredniej zupe\u0142nie zdawa\u0142o egzamin. Co ciekawe nie zdarzy\u0142o mi si\u0119 w niej zmarzn\u0105\u0107 ani razu w g\u00f3rach podczas zesz\u0142orocznej zimy. Zdaje si\u0119, \u017ce wcale nie zale\u017ca\u0142o to nawet od modelu mojego dzia\u0142ania. Nawet gdy po ca\u0142ym dniu skiturowego wysi\u0142ku wychodzi\u0142em karkonosk\u0105 noc\u0105 przed schronisko i w niesko\u0144czono\u015b\u0107 na\u015bwietli\u0142em matryc\u0119 w cyfrowym aparacie, by\u0142o mi ca\u0142kiem komfortowo.<\/p>\n<div class=\"page_gallery\">\n\n\t\t<style type=\"text\/css\">\n\t\t\t#gallery-2 {\n\t\t\t\tmargin: auto;\n\t\t\t}\n\t\t\t#gallery-2 .gallery-item {\n\t\t\t\tfloat: left;\n\t\t\t\tmargin-top: 10px;\n\t\t\t\ttext-align: center;\n\t\t\t\twidth: 33%;\n\t\t\t}\n\t\t\t#gallery-2 img {\n\t\t\t\tborder: 2px solid #cfcfcf;\n\t\t\t}\n\t\t\t#gallery-2 .gallery-caption {\n\t\t\t\tmargin-left: 0;\n\t\t\t}\n\t\t\t\/* see gallery_shortcode() in wp-includes\/media.php *\/\n\t\t<\/style>\n\t\t<div id='gallery-2' class='gallery galleryid-5630 gallery-columns-3 gallery-size-large'><dl class='gallery-item'>\n\t\t\t<dt class='gallery-icon landscape'>\n\t\t\t\t<img loading=\"lazy\" decoding=\"async\" width=\"1024\" height=\"663\" src=\"https:\/\/www.skalnik.pl\/blog\/wp-content\/uploads\/2019\/02\/stolowe-1024x663.jpg\" class=\"attachment-large size-large\" alt=\"g\u00f3ry sto\u0142owe\" aria-describedby=\"gallery-2-5664\" srcset=\"https:\/\/www.skalnik.pl\/blog\/wp-content\/uploads\/2019\/02\/stolowe-1024x663.jpg 1024w, https:\/\/www.skalnik.pl\/blog\/wp-content\/uploads\/2019\/02\/stolowe-300x194.jpg 300w, https:\/\/www.skalnik.pl\/blog\/wp-content\/uploads\/2019\/02\/stolowe-768x497.jpg 768w\" sizes=\"auto, (max-width: 1024px) 100vw, 1024px\" \/>\n\t\t\t<\/dt>\n\t\t\t\t<dd class='wp-caption-text gallery-caption' id='gallery-2-5664'>\n\t\t\t\tCiep\u0142o, komfortowo i lekko. W G\u00f3rach Sto\u0142owych (grudzie\u0144 2017) \n\t\t\t\t<\/dd><\/dl><dl class='gallery-item'>\n\t\t\t<dt class='gallery-icon landscape'>\n\t\t\t\t<img loading=\"lazy\" decoding=\"async\" width=\"1024\" height=\"644\" src=\"https:\/\/www.skalnik.pl\/blog\/wp-content\/uploads\/2019\/02\/krkn-1024x644.jpg\" class=\"attachment-large size-large\" alt=\"\u015bnie\u017cne kot\u0142y\" aria-describedby=\"gallery-2-5665\" srcset=\"https:\/\/www.skalnik.pl\/blog\/wp-content\/uploads\/2019\/02\/krkn-1024x644.jpg 1024w, https:\/\/www.skalnik.pl\/blog\/wp-content\/uploads\/2019\/02\/krkn-300x189.jpg 300w, https:\/\/www.skalnik.pl\/blog\/wp-content\/uploads\/2019\/02\/krkn-768x483.jpg 768w\" sizes=\"auto, (max-width: 1024px) 100vw, 1024px\" \/>\n\t\t\t<\/dt>\n\t\t\t\t<dd class='wp-caption-text gallery-caption' id='gallery-2-5665'>\n\t\t\t\tZa\u0142o\u017cona na t-shirt kurtka Fanes TW CLT Hood. Idealna na wietrzn\u0105 jesie\u0144 w Karkonoszach (listopad 2017)\n\t\t\t\t<\/dd><\/dl><dl class='gallery-item'>\n\t\t\t<dt class='gallery-icon landscape'>\n\t\t\t\t<img loading=\"lazy\" decoding=\"async\" width=\"765\" height=\"480\" src=\"https:\/\/www.skalnik.pl\/blog\/wp-content\/uploads\/2019\/02\/odrodzenie-noc.jpg\" class=\"attachment-large size-large\" alt=\"schronsko odrodzenie\" aria-describedby=\"gallery-2-5666\" srcset=\"https:\/\/www.skalnik.pl\/blog\/wp-content\/uploads\/2019\/02\/odrodzenie-noc.jpg 765w, https:\/\/www.skalnik.pl\/blog\/wp-content\/uploads\/2019\/02\/odrodzenie-noc-300x188.jpg 300w\" sizes=\"auto, (max-width: 765px) 100vw, 765px\" \/>\n\t\t\t<\/dt>\n\t\t\t\t<dd class='wp-caption-text gallery-caption' id='gallery-2-5666'>\n\t\t\t\tSpacery wok\u00f3\u0142 Odrodzenia. Kurtka Salewa za\u0142o\u017cona na koszulk\u0119 i bluz\u0119 stretch (luty 2018)\n\t\t\t\t<\/dd><\/dl><br style=\"clear: both\" \/>\n\t\t<\/div>\n\n<\/div>\n<p>&nbsp;<\/p>\n<p>W\u015br\u00f3d r\u00f3\u017cnych ocieple\u0144 stosowanych w kurtkach TirolWool\u00ae Celliant\u00ae jawi si\u0119 jako produkt naprawd\u0119 wart uwagi. Po\u0142\u0105czenie tradycji i nowoczesnych technologii daje dobre rezultaty, kt\u00f3re sprawdzaj\u0105 si\u0119 podczas profesjonalnych dzia\u0142a\u0144 ambasador\u00f3w marki i ratownik\u00f3w g\u00f3rskich. Jak twierdzi Peter Veider (dyrektor Tirol Bergrettung):<\/p>\n<blockquote><p>TirolWool\u00ae Celliant\u00ae to doskona\u0142e rozwi\u0105zanie na warunki ekstremalnych waha\u0144 temperatury i d\u0142ugie godziny pracy w terenie wysokog\u00f3rskim.<\/p><\/blockquote>\n<p><iframe loading=\"lazy\" src=\"https:\/\/www.youtube.com\/embed\/097pu-8ec6g\" allowfullscreen=\"allowfullscreen\" width=\"800\" height=\"442\" frameborder=\"0\"><\/iframe><\/p>\n","protected":false},"excerpt":{"rendered":"<p>Puch, syntetyk, a mo\u017ce we\u0142na? Ten tekst wyja\u015bnia, czym jest hybrydowe ocieplenie stosowane przez mark\u0119 Salewa. Poznaj opinie o TirolWool Celliant i dowiedz si\u0119 jak ona dzia\u0142a. <\/p>\n","protected":false},"author":8,"featured_media":5660,"comment_status":"open","ping_status":"open","sticky":false,"template":"","format":"standard","meta":{"_acf_changed":false,"footnotes":""},"categories":[5],"tags":[15,126,16],"magento_category":[168],"magento_product":[],"class_list":["post-5630","post","type-post","status-publish","format-standard","has-post-thumbnail","hentry","category-branza","tag-odziez","tag-salewa","tag-zima"],"acf":[],"aioseo_notices":[],"aioseo_head":"\n\t\t<!-- All in One SEO 4.9.10 - aioseo.com -->\n\t<meta name=\"description\" content=\"Puch, syntetyk, a mo\u017ce we\u0142na? Ten tekst wyja\u015bnia, czym jest hybrydowe ocieplenie stosowane przez mark\u0119 Salewa. Poznaj opinie o TirolWool Celliant i dowiedz si\u0119 jak ona dzia\u0142a.\" \/>\n\t<meta name=\"robots\" content=\"max-image-preview:large\" \/>\n\t<meta name=\"author\" content=\"S\u0142awek Nosal\"\/>\n\t<link rel=\"canonical\" href=\"https:\/\/www.skalnik.pl\/blog\/czym-jest-tirolwool-celliant\/\" \/>\n\t<meta name=\"generator\" content=\"All in One SEO (AIOSEO) 4.9.10\" \/>\n\t\t<meta property=\"og:locale\" content=\"pl_PL\" \/>\n\t\t<meta property=\"og:site_name\" content=\"blog Skalnik - Blog, porady, artyku\u0142y - blog Skalnik\" \/>\n\t\t<meta property=\"og:type\" content=\"article\" \/>\n\t\t<meta property=\"og:title\" content=\"Czym jest TirolWool\u00ae Celliant\u00ae - blog Skalnik\" \/>\n\t\t<meta property=\"og:description\" content=\"Puch, syntetyk, a mo\u017ce we\u0142na? Ten tekst wyja\u015bnia, czym jest hybrydowe ocieplenie stosowane przez mark\u0119 Salewa. Poznaj opinie o TirolWool Celliant i dowiedz si\u0119 jak ona dzia\u0142a.\" \/>\n\t\t<meta property=\"og:url\" content=\"https:\/\/www.skalnik.pl\/blog\/czym-jest-tirolwool-celliant\/\" \/>\n\t\t<meta property=\"og:image\" content=\"https:\/\/skalnik.pl\/blog\/wp-content\/uploads\/2019\/02\/tirolwool-celiant-proces.jpg\" \/>\n\t\t<meta property=\"og:image:secure_url\" content=\"https:\/\/skalnik.pl\/blog\/wp-content\/uploads\/2019\/02\/tirolwool-celiant-proces.jpg\" \/>\n\t\t<meta property=\"article:tag\" content=\"bran\u017ca\" \/>\n\t\t<meta property=\"article:tag\" content=\"odzie\u017c\" \/>\n\t\t<meta property=\"article:tag\" content=\"salewa\" \/>\n\t\t<meta property=\"article:tag\" content=\"zima\" \/>\n\t\t<meta property=\"article:published_time\" content=\"2019-02-13T08:20:04+00:00\" \/>\n\t\t<meta property=\"article:modified_time\" content=\"2020-07-08T08:49:58+00:00\" \/>\n\t\t<meta name=\"twitter:card\" content=\"summary_large_image\" \/>\n\t\t<meta name=\"twitter:title\" content=\"Czym jest TirolWool\u00ae Celliant\u00ae - blog Skalnik\" \/>\n\t\t<meta name=\"twitter:description\" content=\"Puch, syntetyk, a mo\u017ce we\u0142na? Ten tekst wyja\u015bnia, czym jest hybrydowe ocieplenie stosowane przez mark\u0119 Salewa. Poznaj opinie o TirolWool Celliant i dowiedz si\u0119 jak ona dzia\u0142a.\" \/>\n\t\t<meta name=\"twitter:image\" content=\"https:\/\/skalnik.pl\/blog\/wp-content\/uploads\/2019\/02\/tirolwool-celiant-proces.jpg\" \/>\n\t\t<script type=\"application\/ld+json\" class=\"aioseo-schema\">\n\t\t\t{\"@context\":\"https:\\\/\\\/schema.org\",\"@graph\":[{\"@type\":\"BlogPosting\",\"@id\":\"https:\\\/\\\/www.skalnik.pl\\\/blog\\\/czym-jest-tirolwool-celliant\\\/#blogposting\",\"name\":\"Czym jest TirolWool\\u00ae Celliant\\u00ae - blog Skalnik\",\"headline\":\"Czym jest TirolWool\\u00ae Celliant\\u00ae\",\"author\":{\"@id\":\"https:\\\/\\\/www.skalnik.pl\\\/blog\\\/author\\\/slawek-nosal\\\/#author\"},\"publisher\":{\"@id\":\"https:\\\/\\\/www.skalnik.pl\\\/blog\\\/#organization\"},\"image\":{\"@type\":\"ImageObject\",\"url\":\"https:\\\/\\\/www.skalnik.pl\\\/blog\\\/wp-content\\\/uploads\\\/2019\\\/02\\\/ok\\u0142adka-salewa-tirolwooll.jpg\",\"width\":1920,\"height\":705},\"datePublished\":\"2019-02-13T09:20:04+02:00\",\"dateModified\":\"2020-07-08T10:49:58+02:00\",\"inLanguage\":\"pl-PL\",\"mainEntityOfPage\":{\"@id\":\"https:\\\/\\\/www.skalnik.pl\\\/blog\\\/czym-jest-tirolwool-celliant\\\/#webpage\"},\"isPartOf\":{\"@id\":\"https:\\\/\\\/www.skalnik.pl\\\/blog\\\/czym-jest-tirolwool-celliant\\\/#webpage\"},\"articleSection\":\"Bran\\u017ca, odzie\\u017c, salewa, zima, 1091\"},{\"@type\":\"BreadcrumbList\",\"@id\":\"https:\\\/\\\/www.skalnik.pl\\\/blog\\\/czym-jest-tirolwool-celliant\\\/#breadcrumblist\",\"itemListElement\":[{\"@type\":\"ListItem\",\"@id\":\"https:\\\/\\\/www.skalnik.pl\\\/blog#listItem\",\"position\":1,\"name\":\"Home\",\"item\":\"https:\\\/\\\/www.skalnik.pl\\\/blog\",\"nextItem\":{\"@type\":\"ListItem\",\"@id\":\"https:\\\/\\\/www.skalnik.pl\\\/blog\\\/.\\\/branza\\\/#listItem\",\"name\":\"Bran\\u017ca\"}},{\"@type\":\"ListItem\",\"@id\":\"https:\\\/\\\/www.skalnik.pl\\\/blog\\\/.\\\/branza\\\/#listItem\",\"position\":2,\"name\":\"Bran\\u017ca\",\"item\":\"https:\\\/\\\/www.skalnik.pl\\\/blog\\\/.\\\/branza\\\/\",\"nextItem\":{\"@type\":\"ListItem\",\"@id\":\"https:\\\/\\\/www.skalnik.pl\\\/blog\\\/czym-jest-tirolwool-celliant\\\/#listItem\",\"name\":\"Czym jest TirolWool\\u00ae Celliant\\u00ae\"},\"previousItem\":{\"@type\":\"ListItem\",\"@id\":\"https:\\\/\\\/www.skalnik.pl\\\/blog#listItem\",\"name\":\"Home\"}},{\"@type\":\"ListItem\",\"@id\":\"https:\\\/\\\/www.skalnik.pl\\\/blog\\\/czym-jest-tirolwool-celliant\\\/#listItem\",\"position\":3,\"name\":\"Czym jest TirolWool\\u00ae Celliant\\u00ae\",\"previousItem\":{\"@type\":\"ListItem\",\"@id\":\"https:\\\/\\\/www.skalnik.pl\\\/blog\\\/.\\\/branza\\\/#listItem\",\"name\":\"Bran\\u017ca\"}}]},{\"@type\":\"Organization\",\"@id\":\"https:\\\/\\\/www.skalnik.pl\\\/blog\\\/#organization\",\"name\":\"blog Skalnik\",\"description\":\"Blog, porady, artyku\\u0142y - blog Skalnik\",\"url\":\"https:\\\/\\\/www.skalnik.pl\\\/blog\\\/\"},{\"@type\":\"Person\",\"@id\":\"https:\\\/\\\/www.skalnik.pl\\\/blog\\\/author\\\/slawek-nosal\\\/#author\",\"url\":\"https:\\\/\\\/www.skalnik.pl\\\/blog\\\/author\\\/slawek-nosal\\\/\",\"name\":\"S\\u0142awek Nosal\",\"image\":{\"@type\":\"ImageObject\",\"@id\":\"https:\\\/\\\/www.skalnik.pl\\\/blog\\\/czym-jest-tirolwool-celliant\\\/#authorImage\",\"url\":\"https:\\\/\\\/secure.gravatar.com\\\/avatar\\\/376f39150afcfc713e809ef8313d42dee4210bb1425eaad8153efa8965009197?s=96&d=mm&r=g\",\"width\":96,\"height\":96,\"caption\":\"S\\u0142awek Nosal\"}},{\"@type\":\"WebPage\",\"@id\":\"https:\\\/\\\/www.skalnik.pl\\\/blog\\\/czym-jest-tirolwool-celliant\\\/#webpage\",\"url\":\"https:\\\/\\\/www.skalnik.pl\\\/blog\\\/czym-jest-tirolwool-celliant\\\/\",\"name\":\"Czym jest TirolWool\\u00ae Celliant\\u00ae - blog Skalnik\",\"description\":\"Puch, syntetyk, a mo\\u017ce we\\u0142na? Ten tekst wyja\\u015bnia, czym jest hybrydowe ocieplenie stosowane przez mark\\u0119 Salewa. Poznaj opinie o TirolWool Celliant i dowiedz si\\u0119 jak ona dzia\\u0142a.\",\"inLanguage\":\"pl-PL\",\"isPartOf\":{\"@id\":\"https:\\\/\\\/www.skalnik.pl\\\/blog\\\/#website\"},\"breadcrumb\":{\"@id\":\"https:\\\/\\\/www.skalnik.pl\\\/blog\\\/czym-jest-tirolwool-celliant\\\/#breadcrumblist\"},\"author\":{\"@id\":\"https:\\\/\\\/www.skalnik.pl\\\/blog\\\/author\\\/slawek-nosal\\\/#author\"},\"creator\":{\"@id\":\"https:\\\/\\\/www.skalnik.pl\\\/blog\\\/author\\\/slawek-nosal\\\/#author\"},\"image\":{\"@type\":\"ImageObject\",\"url\":\"https:\\\/\\\/www.skalnik.pl\\\/blog\\\/wp-content\\\/uploads\\\/2019\\\/02\\\/ok\\u0142adka-salewa-tirolwooll.jpg\",\"@id\":\"https:\\\/\\\/www.skalnik.pl\\\/blog\\\/czym-jest-tirolwool-celliant\\\/#mainImage\",\"width\":1920,\"height\":705},\"primaryImageOfPage\":{\"@id\":\"https:\\\/\\\/www.skalnik.pl\\\/blog\\\/czym-jest-tirolwool-celliant\\\/#mainImage\"},\"datePublished\":\"2019-02-13T09:20:04+02:00\",\"dateModified\":\"2020-07-08T10:49:58+02:00\"},{\"@type\":\"WebSite\",\"@id\":\"https:\\\/\\\/www.skalnik.pl\\\/blog\\\/#website\",\"url\":\"https:\\\/\\\/www.skalnik.pl\\\/blog\\\/\",\"name\":\"blog Skalnik\",\"description\":\"Blog, porady, artyku\\u0142y - blog Skalnik\",\"inLanguage\":\"pl-PL\",\"publisher\":{\"@id\":\"https:\\\/\\\/www.skalnik.pl\\\/blog\\\/#organization\"}}]}\n\t\t<\/script>\n\t\t<!-- All in One SEO -->\n\n","aioseo_head_json":{"title":"Czym jest TirolWool\u00ae Celliant\u00ae - blog Skalnik","description":"Puch, syntetyk, a mo\u017ce we\u0142na? Ten tekst wyja\u015bnia, czym jest hybrydowe ocieplenie stosowane przez mark\u0119 Salewa. Poznaj opinie o TirolWool Celliant i dowiedz si\u0119 jak ona dzia\u0142a.","canonical_url":"https:\/\/www.skalnik.pl\/blog\/czym-jest-tirolwool-celliant\/","robots":"max-image-preview:large","keywords":"","webmasterTools":{"miscellaneous":""},"schema":{"@context":"https:\/\/schema.org","@graph":[{"@type":"BlogPosting","@id":"https:\/\/www.skalnik.pl\/blog\/czym-jest-tirolwool-celliant\/#blogposting","name":"Czym jest TirolWool\u00ae Celliant\u00ae - blog Skalnik","headline":"Czym jest TirolWool\u00ae Celliant\u00ae","author":{"@id":"https:\/\/www.skalnik.pl\/blog\/author\/slawek-nosal\/#author"},"publisher":{"@id":"https:\/\/www.skalnik.pl\/blog\/#organization"},"image":{"@type":"ImageObject","url":"https:\/\/www.skalnik.pl\/blog\/wp-content\/uploads\/2019\/02\/ok\u0142adka-salewa-tirolwooll.jpg","width":1920,"height":705},"datePublished":"2019-02-13T09:20:04+02:00","dateModified":"2020-07-08T10:49:58+02:00","inLanguage":"pl-PL","mainEntityOfPage":{"@id":"https:\/\/www.skalnik.pl\/blog\/czym-jest-tirolwool-celliant\/#webpage"},"isPartOf":{"@id":"https:\/\/www.skalnik.pl\/blog\/czym-jest-tirolwool-celliant\/#webpage"},"articleSection":"Bran\u017ca, odzie\u017c, salewa, zima, 1091"},{"@type":"BreadcrumbList","@id":"https:\/\/www.skalnik.pl\/blog\/czym-jest-tirolwool-celliant\/#breadcrumblist","itemListElement":[{"@type":"ListItem","@id":"https:\/\/www.skalnik.pl\/blog#listItem","position":1,"name":"Home","item":"https:\/\/www.skalnik.pl\/blog","nextItem":{"@type":"ListItem","@id":"https:\/\/www.skalnik.pl\/blog\/.\/branza\/#listItem","name":"Bran\u017ca"}},{"@type":"ListItem","@id":"https:\/\/www.skalnik.pl\/blog\/.\/branza\/#listItem","position":2,"name":"Bran\u017ca","item":"https:\/\/www.skalnik.pl\/blog\/.\/branza\/","nextItem":{"@type":"ListItem","@id":"https:\/\/www.skalnik.pl\/blog\/czym-jest-tirolwool-celliant\/#listItem","name":"Czym jest TirolWool\u00ae Celliant\u00ae"},"previousItem":{"@type":"ListItem","@id":"https:\/\/www.skalnik.pl\/blog#listItem","name":"Home"}},{"@type":"ListItem","@id":"https:\/\/www.skalnik.pl\/blog\/czym-jest-tirolwool-celliant\/#listItem","position":3,"name":"Czym jest TirolWool\u00ae Celliant\u00ae","previousItem":{"@type":"ListItem","@id":"https:\/\/www.skalnik.pl\/blog\/.\/branza\/#listItem","name":"Bran\u017ca"}}]},{"@type":"Organization","@id":"https:\/\/www.skalnik.pl\/blog\/#organization","name":"blog Skalnik","description":"Blog, porady, artyku\u0142y - blog Skalnik","url":"https:\/\/www.skalnik.pl\/blog\/"},{"@type":"Person","@id":"https:\/\/www.skalnik.pl\/blog\/author\/slawek-nosal\/#author","url":"https:\/\/www.skalnik.pl\/blog\/author\/slawek-nosal\/","name":"S\u0142awek Nosal","image":{"@type":"ImageObject","@id":"https:\/\/www.skalnik.pl\/blog\/czym-jest-tirolwool-celliant\/#authorImage","url":"https:\/\/secure.gravatar.com\/avatar\/376f39150afcfc713e809ef8313d42dee4210bb1425eaad8153efa8965009197?s=96&d=mm&r=g","width":96,"height":96,"caption":"S\u0142awek Nosal"}},{"@type":"WebPage","@id":"https:\/\/www.skalnik.pl\/blog\/czym-jest-tirolwool-celliant\/#webpage","url":"https:\/\/www.skalnik.pl\/blog\/czym-jest-tirolwool-celliant\/","name":"Czym jest TirolWool\u00ae Celliant\u00ae - blog Skalnik","description":"Puch, syntetyk, a mo\u017ce we\u0142na? Ten tekst wyja\u015bnia, czym jest hybrydowe ocieplenie stosowane przez mark\u0119 Salewa. Poznaj opinie o TirolWool Celliant i dowiedz si\u0119 jak ona dzia\u0142a.","inLanguage":"pl-PL","isPartOf":{"@id":"https:\/\/www.skalnik.pl\/blog\/#website"},"breadcrumb":{"@id":"https:\/\/www.skalnik.pl\/blog\/czym-jest-tirolwool-celliant\/#breadcrumblist"},"author":{"@id":"https:\/\/www.skalnik.pl\/blog\/author\/slawek-nosal\/#author"},"creator":{"@id":"https:\/\/www.skalnik.pl\/blog\/author\/slawek-nosal\/#author"},"image":{"@type":"ImageObject","url":"https:\/\/www.skalnik.pl\/blog\/wp-content\/uploads\/2019\/02\/ok\u0142adka-salewa-tirolwooll.jpg","@id":"https:\/\/www.skalnik.pl\/blog\/czym-jest-tirolwool-celliant\/#mainImage","width":1920,"height":705},"primaryImageOfPage":{"@id":"https:\/\/www.skalnik.pl\/blog\/czym-jest-tirolwool-celliant\/#mainImage"},"datePublished":"2019-02-13T09:20:04+02:00","dateModified":"2020-07-08T10:49:58+02:00"},{"@type":"WebSite","@id":"https:\/\/www.skalnik.pl\/blog\/#website","url":"https:\/\/www.skalnik.pl\/blog\/","name":"blog Skalnik","description":"Blog, porady, artyku\u0142y - blog Skalnik","inLanguage":"pl-PL","publisher":{"@id":"https:\/\/www.skalnik.pl\/blog\/#organization"}}]},"og:locale":"pl_PL","og:site_name":"blog Skalnik - Blog, porady, artyku\u0142y - blog Skalnik","og:type":"article","og:title":"Czym jest TirolWool\u00ae Celliant\u00ae - blog Skalnik","og:description":"Puch, syntetyk, a mo\u017ce we\u0142na? Ten tekst wyja\u015bnia, czym jest hybrydowe ocieplenie stosowane przez mark\u0119 Salewa. Poznaj opinie o TirolWool Celliant i dowiedz si\u0119 jak ona dzia\u0142a.","og:url":"https:\/\/www.skalnik.pl\/blog\/czym-jest-tirolwool-celliant\/","og:image":"https:\/\/skalnik.pl\/blog\/wp-content\/uploads\/2019\/02\/tirolwool-celiant-proces.jpg","og:image:secure_url":"https:\/\/skalnik.pl\/blog\/wp-content\/uploads\/2019\/02\/tirolwool-celiant-proces.jpg","article:tag":["bran\u017ca","odzie\u017c","salewa","zima"],"article:published_time":"2019-02-13T08:20:04+00:00","article:modified_time":"2020-07-08T08:49:58+00:00","twitter:card":"summary_large_image","twitter:title":"Czym jest TirolWool\u00ae Celliant\u00ae - blog Skalnik","twitter:description":"Puch, syntetyk, a mo\u017ce we\u0142na? Ten tekst wyja\u015bnia, czym jest hybrydowe ocieplenie stosowane przez mark\u0119 Salewa. Poznaj opinie o TirolWool Celliant i dowiedz si\u0119 jak ona dzia\u0142a.","twitter:image":"https:\/\/skalnik.pl\/blog\/wp-content\/uploads\/2019\/02\/tirolwool-celiant-proces.jpg"},"aioseo_meta_data":{"post_id":"5630","title":null,"description":null,"keywords":[{"label":"tirolwool","value":"tirolwool"},{"label":"celliant","value":"celliant"},{"label":"salewa","value":"salewa"},{"label":"kurtki ocieplane","value":"kurtki ocieplane"},{"label":"we\u0142na","value":"we\u0142na"}],"keyphrases":null,"primary_term":null,"canonical_url":null,"og_title":null,"og_description":null,"og_object_type":"default","og_image_type":"default","og_image_url":null,"og_image_width":null,"og_image_height":null,"og_image_custom_url":null,"og_image_custom_fields":null,"og_video":null,"og_custom_url":null,"og_article_section":null,"og_article_tags":null,"twitter_use_og":false,"twitter_card":"default","twitter_image_type":"default","twitter_image_url":null,"twitter_image_custom_url":null,"twitter_image_custom_fields":null,"twitter_title":null,"twitter_description":null,"schema":{"blockGraphs":[],"customGraphs":[],"default":{"data":{"Article":[],"Course":[],"Dataset":[],"FAQPage":[],"Movie":[],"Person":[],"Product":[],"ProductReview":[],"Car":[],"Recipe":[],"Service":[],"SoftwareApplication":[],"WebPage":[]},"graphName":"BlogPosting","isEnabled":true},"graphs":[]},"schema_type":"default","schema_type_options":null,"pillar_content":false,"robots_default":true,"robots_noindex":false,"robots_noarchive":false,"robots_nosnippet":false,"robots_nofollow":false,"robots_noimageindex":false,"robots_noodp":false,"robots_notranslate":false,"robots_max_snippet":null,"robots_max_videopreview":null,"robots_max_imagepreview":"large","priority":null,"frequency":null,"local_seo":null,"breadcrumb_settings":null,"limit_modified_date":false,"ai":null,"created":"2022-08-26 09:55:56","updated":"2026-02-17 21:29:19","seo_analyzer_scan_date":null},"aioseo_breadcrumb":"<div class=\"aioseo-breadcrumbs\"><span class=\"aioseo-breadcrumb\">\n\t\t\t<a href=\"https:\/\/www.skalnik.pl\/blog\" title=\"Home\">Home<\/a>\n\t\t<\/span><span class=\"aioseo-breadcrumb-separator\">&raquo;<\/span><span class=\"aioseo-breadcrumb\">\n\t\t\t<a href=\"https:\/\/www.skalnik.pl\/blog\/.\/branza\/\" title=\"Bran\u017ca\">Bran\u017ca<\/a>\n\t\t<\/span><span class=\"aioseo-breadcrumb-separator\">&raquo;<\/span><span class=\"aioseo-breadcrumb\">\n\t\t\tCzym jest TirolWool\u00ae Celliant\u00ae\n\t\t<\/span><\/div>","aioseo_breadcrumb_json":[{"label":"Home","link":"https:\/\/www.skalnik.pl\/blog"},{"label":"Bran\u017ca","link":"https:\/\/www.skalnik.pl\/blog\/.\/branza\/"},{"label":"Czym jest TirolWool\u00ae Celliant\u00ae","link":"https:\/\/www.skalnik.pl\/blog\/czym-jest-tirolwool-celliant\/"}],"_links":{"self":[{"href":"https:\/\/www.skalnik.pl\/blog\/wp-json\/wp\/v2\/posts\/5630","targetHints":{"allow":["GET"]}}],"collection":[{"href":"https:\/\/www.skalnik.pl\/blog\/wp-json\/wp\/v2\/posts"}],"about":[{"href":"https:\/\/www.skalnik.pl\/blog\/wp-json\/wp\/v2\/types\/post"}],"author":[{"embeddable":true,"href":"https:\/\/www.skalnik.pl\/blog\/wp-json\/wp\/v2\/users\/8"}],"replies":[{"embeddable":true,"href":"https:\/\/www.skalnik.pl\/blog\/wp-json\/wp\/v2\/comments?post=5630"}],"version-history":[{"count":16,"href":"https:\/\/www.skalnik.pl\/blog\/wp-json\/wp\/v2\/posts\/5630\/revisions"}],"predecessor-version":[{"id":15414,"href":"https:\/\/www.skalnik.pl\/blog\/wp-json\/wp\/v2\/posts\/5630\/revisions\/15414"}],"wp:featuredmedia":[{"embeddable":true,"href":"https:\/\/www.skalnik.pl\/blog\/wp-json\/wp\/v2\/media\/5660"}],"wp:attachment":[{"href":"https:\/\/www.skalnik.pl\/blog\/wp-json\/wp\/v2\/media?parent=5630"}],"wp:term":[{"taxonomy":"category","embeddable":true,"href":"https:\/\/www.skalnik.pl\/blog\/wp-json\/wp\/v2\/categories?post=5630"},{"taxonomy":"post_tag","embeddable":true,"href":"https:\/\/www.skalnik.pl\/blog\/wp-json\/wp\/v2\/tags?post=5630"},{"taxonomy":"magento_category","embeddable":true,"href":"https:\/\/www.skalnik.pl\/blog\/wp-json\/wp\/v2\/magento_category?post=5630"},{"taxonomy":"magento_product","embeddable":true,"href":"https:\/\/www.skalnik.pl\/blog\/wp-json\/wp\/v2\/magento_product?post=5630"}],"curies":[{"name":"wp","href":"https:\/\/api.w.org\/{rel}","templated":true}]}}