{"id":565,"date":"2016-12-01T15:55:04","date_gmt":"2016-12-01T14:55:04","guid":{"rendered":"https:\/\/skalnik.pl\/blog\/?p=565"},"modified":"2019-08-01T17:48:04","modified_gmt":"2019-08-01T15:48:04","slug":"jak-wybrac-kurtke-na-zime","status":"publish","type":"post","link":"https:\/\/www.skalnik.pl\/blog\/jak-wybrac-kurtke-na-zime\/","title":{"rendered":"Jak wybra\u0107 kurtk\u0119 na zim\u0119"},"content":{"rendered":"<p><b>Zastanawiasz si\u0119 jak wybra\u0107 kurt\u0119 na zim\u0119? Wyb\u00f3r na pewno zale\u017cy od kilku czynnik\u00f3w. Nie chodzi tylko o preferencje i gusta. Kurtk\u0119 nale\u017cy dobra\u0107 zgodnie z potrzebami. Na samym pocz\u0105tku zastan\u00f3w si\u0119 czy potrzebujesz kurtki do miasta, czy te\u017c outdoorowego modelu, kt\u00f3ry sprawdzi si\u0119 w mie\u015bcie, ale te\u017c bezkompromisowo stawi czo\u0142a g\u00f3rskiej aurze. Dzi\u015b czeka nas podr\u00f3\u017c po bogactwie fason\u00f3w, r\u00f3\u017cnorodno\u015bci materia\u0142\u00f3w i niezliczonej liczbie marek outdoorowych, z kt\u00f3rych ka\u017cda ma swoich zwolennik\u00f3w i przeciwnik\u00f3w. W poradzie znajdziesz nowoczesne produkty, kt\u00f3re b\u0119d\u0105 reprezentowa\u0107 cechy, jakie powinna mie\u0107 dobra turystyczna kurtka zimowa.<\/b><\/p>\n<div id=\"ez-toc-container\" class=\"ez-toc-v2_0_85 counter-hierarchy ez-toc-counter ez-toc-light-blue ez-toc-container-direction\">\n<div class=\"ez-toc-title-container\">\n<p class=\"ez-toc-title\" style=\"cursor:inherit\">SPIS TRE\u015aCI <\/p>\n<span class=\"ez-toc-title-toggle\"><a href=\"#\" class=\"ez-toc-pull-right ez-toc-btn ez-toc-btn-xs ez-toc-btn-default ez-toc-toggle\" aria-label=\"Prze\u0142\u0105cznik Spisu Tre\u015bci\"><span class=\"ez-toc-js-icon-con\"><span class=\"\"><span class=\"eztoc-hide\" style=\"display:none;\">Toggle<\/span><span class=\"ez-toc-icon-toggle-span\"><svg style=\"fill: #999;color:#999\" xmlns=\"http:\/\/www.w3.org\/2000\/svg\" class=\"list-377408\" width=\"20px\" height=\"20px\" viewBox=\"0 0 24 24\" fill=\"none\"><path d=\"M6 6H4v2h2V6zm14 0H8v2h12V6zM4 11h2v2H4v-2zm16 0H8v2h12v-2zM4 16h2v2H4v-2zm16 0H8v2h12v-2z\" fill=\"currentColor\"><\/path><\/svg><svg style=\"fill: #999;color:#999\" class=\"arrow-unsorted-368013\" xmlns=\"http:\/\/www.w3.org\/2000\/svg\" width=\"10px\" height=\"10px\" viewBox=\"0 0 24 24\" version=\"1.2\" baseProfile=\"tiny\"><path d=\"M18.2 9.3l-6.2-6.3-6.2 6.3c-.2.2-.3.4-.3.7s.1.5.3.7c.2.2.4.3.7.3h11c.3 0 .5-.1.7-.3.2-.2.3-.5.3-.7s-.1-.5-.3-.7zM5.8 14.7l6.2 6.3 6.2-6.3c.2-.2.3-.5.3-.7s-.1-.5-.3-.7c-.2-.2-.4-.3-.7-.3h-11c-.3 0-.5.1-.7.3-.2.2-.3.5-.3.7s.1.5.3.7z\"\/><\/svg><\/span><\/span><\/span><\/a><\/span><\/div>\n<nav><ul class='ez-toc-list ez-toc-list-level-1 ' ><li class='ez-toc-page-1 ez-toc-heading-level-2'><a class=\"ez-toc-link ez-toc-heading-1\" href=\"https:\/\/www.skalnik.pl\/blog\/jak-wybrac-kurtke-na-zime\/#Typy_kurtek_zimowych\" >Typy kurtek zimowych<\/a><ul class='ez-toc-list-level-3' ><li class='ez-toc-heading-level-3'><a class=\"ez-toc-link ez-toc-heading-2\" href=\"https:\/\/www.skalnik.pl\/blog\/jak-wybrac-kurtke-na-zime\/#Puch_Najcieplejszy_i_najlzejszy\" >Puch. Najcieplejszy i najl\u017cejszy<\/a><\/li><li class='ez-toc-page-1 ez-toc-heading-level-3'><a class=\"ez-toc-link ez-toc-heading-3\" href=\"https:\/\/www.skalnik.pl\/blog\/jak-wybrac-kurtke-na-zime\/#Kurtki_z_podpinka\" >Kurtki z podpink\u0105<\/a><\/li><li class='ez-toc-page-1 ez-toc-heading-level-3'><a class=\"ez-toc-link ez-toc-heading-4\" href=\"https:\/\/www.skalnik.pl\/blog\/jak-wybrac-kurtke-na-zime\/#Kurtki_ocieplane_i_parki\" >Kurtki ocieplane i parki<\/a><\/li><li class='ez-toc-page-1 ez-toc-heading-level-3'><a class=\"ez-toc-link ez-toc-heading-5\" href=\"https:\/\/www.skalnik.pl\/blog\/jak-wybrac-kurtke-na-zime\/#Primaloft%C2%AE\" >Primaloft\u00ae<\/a><\/li><\/ul><\/li><\/ul><\/nav><\/div>\n<h2><span class=\"ez-toc-section\" id=\"Typy_kurtek_zimowych\"><\/span>Typy kurtek zimowych<span class=\"ez-toc-section-end\"><\/span><\/h2>\n<p>Kurtki zimowe opr\u00f3cz na <a href=\"https:\/\/skalnik.pl\/odziez\/odziez-damska\/odziez-damska-kurtki-zimowe\" target=\"_blank\" rel=\"noopener\">damskie <\/a>i <a href=\"https:\/\/skalnik.pl\/odziez\/odziez-meska\/odziez-meska-kurtki-zimowe\" target=\"_blank\" rel=\"noopener\">m\u0119skie <\/a>dzielimy na dwie podstawowe grupy. Pierwsz\u0105 z nich b\u0119d\u0105 kurtki z ocieplin\u0105. Wa\u017cn\u0105 spraw\u0105 jest rodzaj ociepliny, kt\u00f3ra mo\u017ce by\u0107 syntetyczna lub naturalna (puch kaczy lub g\u0119si). Sztuczne ociepliny s\u0105 substytutem naturalnych wype\u0142nie\u0144 puchowych i na\u015bladuj\u0105 ich w\u0142a\u015bciwo\u015bci. Przewaga syntetyk\u00f3w polega jednak na tym, \u017ce nie trac\u0105 one tak szybko swych w\u0142a\u015bciwo\u015bci pod wp\u0142ywem wilgoci. Doskona\u0142ym przyk\u0142adem syntetycznej ociepliny o wysokich w\u0142a\u015bciwo\u015bciach izolacyjnych jest PrimaLoft\u00ae. Musisz wiedzie\u0107, \u017ce ociepliny nie tyle grzej\u0105, co w\u0142a\u015bnie izoluj\u0105 zatrzymuj\u0105c wok\u00f3\u0142 siebie nagrzane powietrze. Drug\u0105 grup\u0119 kurtek zimowych stanowi\u0105 model z tkanin membranowych. Takie kurtki s\u0105 najcz\u0119\u015bciej docieplane polarem lub specjalnymi podpinkami z izolacj\u0105 syntetyczn\u0105 lub puchow\u0105.<\/p>\n<h3><span class=\"ez-toc-section\" id=\"Puch_Najcieplejszy_i_najlzejszy\"><\/span>Puch. Najcieplejszy i najl\u017cejszy<span class=\"ez-toc-section-end\"><\/span><\/h3>\n<p>Najlepsze <a href=\"https:\/\/skalnik.pl\/odziez\/kurtki-puchowe\">kurtki puchowe<\/a> wype\u0142nione s\u0105 starannie wyselekcjonowanym puchem g\u0119sim. Warto wiedzie\u0107, \u017ce polski puch jest jednym z najlepszych wype\u0142nie\u0144, Cz\u0119sto stosuj\u0105 go renomowane marki outdoorowe z ca\u0142ego \u015bwiata. Puch naturalny, kt\u00f3ry stosuje si\u0119 do wype\u0142nienia kurtek zimowych, charakteryzowany jest przez warto\u015b\u0107 CUIN czyli stopie\u0144 jego rozpr\u0119\u017calno\u015bci. Im parametr ten jest wy\u017cszy, tym jako\u015b\u0107 izolacji termicznej jest lepsza, a do wype\u0142nienia kurtki mo\u017cna zastosowa\u0144 mniejsz\u0105 ilo\u015b\u0107 puchu. Kurtki puchowe posiadaj\u0105 rozmait\u0105 wag\u0119 wype\u0142nienia. Kurtka do codziennego u\u017cytku, a tak\u017ce puch\u00f3wka b\u0119d\u0105ca ociepleniem zak\u0142adanym pod hardshell, powinna by\u0107 lekka. Doskona\u0142ym modelem takiej kurtki jest <a href=\"https:\/\/skalnik.pl\/kurtka-microlight-alpine-beluga-dijon-669693\" target=\"_blank\" rel=\"noopener\">Microlight Alpine<\/a> brytyjskiej marki RAB. W modelu zastosowano wype\u0142nienie o masie 140 gram, a ca\u0142kowita masa kurtki nie przekracza 450 gram. Tak niska waga w po\u0142\u0105czeniu z du\u017cymi mo\u017cliwo\u015bciami kompresyjnymi kurtki zapewniaj\u0105 komfort w warunkach zimowych. Oczywi\u015bcie je\u015bli zamierzasz biwakowa\u0107 w bardzo niskich temperaturach, d\u0142ugotrwale zdobywa\u0107 o\u015bnie\u017cone i wysokie szczyty albo sta\u0107 na d\u0142ugo na stanowisku asekuruj\u0105c partnera, to musisz wyposa\u017cy\u0107 si\u0119 w cieplejsz\u0105 kurtk\u0119 puchow\u0105. Jedn\u0105 z najcieplejszych kurtek puchowych, kt\u00f3ra dost\u0119pna jest teraz w Skalniku, jest model L6 marki The North Face z technicznej i kultowej ju\u017c linii Summit Series. Waga kurtki oscyluje w granicach 1100 gram. W kurtce zastosowano najlepszy puch g\u0119si 800 cuin i nowoczesn\u0105 konstrukcj\u0119, w kt\u00f3rej cz\u0119\u015b\u0107 szw\u00f3w zosta\u0142a wyeliminowana i zast\u0105piona przez laserowe ci\u0119cie i technik\u0119 klejenia. L6 to puchowa odzie\u017c zapewniaj\u0105ca doskona\u0142\u0105 izolacj\u0119 termiczn\u0105 nawet w najci\u0119\u017cszych zimowych warunkach. Dost\u0119pna jest w wersji dla pan\u00f3w jak i dla pa\u0144.<\/p>\n<div id=\"attachment_3235\" style=\"width: 930px\" class=\"wp-caption aligncenter\"><img loading=\"lazy\" decoding=\"async\" aria-describedby=\"caption-attachment-3235\" class=\"wp-image-3235 size-full\" src=\"https:\/\/skalnik.pl\/blog\/wp-content\/uploads\/2016\/12\/kurtki_puchowe.jpg\" alt=\"kurtki puchowe\" width=\"920\" height=\"390\" srcset=\"https:\/\/www.skalnik.pl\/blog\/wp-content\/uploads\/2016\/12\/kurtki_puchowe.jpg 920w, https:\/\/www.skalnik.pl\/blog\/wp-content\/uploads\/2016\/12\/kurtki_puchowe-300x127.jpg 300w, https:\/\/www.skalnik.pl\/blog\/wp-content\/uploads\/2016\/12\/kurtki_puchowe-768x326.jpg 768w\" sizes=\"auto, (max-width: 920px) 100vw, 920px\" \/><p id=\"caption-attachment-3235\" class=\"wp-caption-text\">Kurtki puchowe w trzech ods\u0142onach: Dynafit, Berghaus i Rab<\/p><\/div>\n<p>&nbsp;<\/p>\n<h3><span class=\"ez-toc-section\" id=\"Kurtki_z_podpinka\"><\/span>Kurtki z podpink\u0105<span class=\"ez-toc-section-end\"><\/span><\/h3>\n<p>Podczas aktywnej turystyki zimowej najlepszym rozwi\u0105zaniem jest stosowanie kurtek 2w1. Taki modele \u0142\u0105cz\u0105 nieprzemakaln\u0105, oddychaj\u0105c\u0105 i nieprzewiewn\u0105 kurtk\u0119 z warstw\u0105 ocieplaj\u0105c\u0105. Ich zalet\u0105 jest oddychalno\u015b\u0107, kt\u00f3ra pozwala transportowa\u0107 do zewn\u0119trznych warstw wilgo\u0107 powstaj\u0105c\u0105 w trakcie ruchu. Takie kurtki najcz\u0119\u015bciej ociepla si\u0119 kurtkami polarowymi. Mo\u017ce to by\u0107 dowolny materia\u0142 typu fleece, jednak najbardziej godnymi polecenia s\u0105 dzianiny Polartec\u00ae. Materia\u0142 oznaczony tym logo \u015bwietnie transportuje wilgo\u0107 i idealnie wsp\u00f3\u0142pracuje z materia\u0142ami membranowymi zewn\u0119trznych kurtek hardshell.<\/p>\n<div id=\"attachment_3245\" style=\"width: 930px\" class=\"wp-caption aligncenter\"><img loading=\"lazy\" decoding=\"async\" aria-describedby=\"caption-attachment-3245\" class=\"wp-image-3245 size-full\" src=\"https:\/\/skalnik.pl\/blog\/wp-content\/uploads\/2016\/12\/kurtki_z_podpink\u0105.jpg\" alt=\"kurtki_z_podpink\u0105\" width=\"920\" height=\"390\" srcset=\"https:\/\/www.skalnik.pl\/blog\/wp-content\/uploads\/2016\/12\/kurtki_z_podpink\u0105.jpg 920w, https:\/\/www.skalnik.pl\/blog\/wp-content\/uploads\/2016\/12\/kurtki_z_podpink\u0105-300x127.jpg 300w, https:\/\/www.skalnik.pl\/blog\/wp-content\/uploads\/2016\/12\/kurtki_z_podpink\u0105-768x326.jpg 768w\" sizes=\"auto, (max-width: 920px) 100vw, 920px\" \/><p id=\"caption-attachment-3245\" class=\"wp-caption-text\">Kurtka Zenith Triclimate i Evolve II Triclimate Women (The North Face)<\/p><\/div>\n<h3><span class=\"ez-toc-section\" id=\"Kurtki_ocieplane_i_parki\"><\/span>Kurtki ocieplane i parki<span class=\"ez-toc-section-end\"><\/span><\/h3>\n<p>W gamie produkt\u00f3w na zimowe dzia\u0142ania znajdziesz tak\u017ce kurtki ze sta\u0142ym ociepleniem. W tej grupie wyr\u00f3\u017cniaj\u0105 si\u0119 modele kultowej szwedzkiej marki Fj\u00e4llr\u00e4ven. Kurtka Barents Parka to produkt dla u\u017cytkownik\u00f3w poszukuj\u0105cych nieprzeci\u0119tnej wytrzyma\u0142o\u015bci produktu, doskona\u0142ej izolacji termicznej oraz wyj\u0105tkowego skandynawskiego designu. Ta perfekcyjnie uszyta i niezawodna kurtka, doskonale ochroni ci\u0119 przed zmokni\u0119ciem i utrat\u0105 po\u017c\u0105danego komfortu cieplnego na wszelkich wypadach w plener. Wykonana jest z wodo- i wiatroodpornej tkaniny G-1000\u00ae Original ze specjalnym, poliuretanowym wyko\u0144czeniem Hydratic, kt\u00f3re pozwala odzie\u017cy skutecznie odprowadzi\u0107 nagromadzon\u0105 wilgo\u0107. W miejscach szczeg\u00f3lnie nara\u017conych na uszkodzenia zastosowano ultra-wytrzyma\u0142y materia\u0142 G-1000\u00ae HeavyDuty. Model ten jest wype\u0142niony przez syntetyczn\u0105 ocieplin\u0119 Supreme Microloft. Poziom izolacyjno\u015bci ociepliny dopasowany jest do umiarkowanie niskich temperatur. D\u0142ugi, dopasowany do sylwetki kr\u00f3j urozmaica obszyty sztucznym futerkiem kaptur oraz ca\u0142y szereg niezwykle pojemnych kieszeni, w kt\u00f3rych ogrzejesz r\u0119ce i rozlokujesz wszystkie niezb\u0119dne w terenie akcesoria. W ofercie Skalnika znajdziesz r\u00f3wnie\u017c inne modele tego typu. Kurtka zimowa typu parka to dobry wyb\u00f3r na outdoorowy wypad i do miasta.<\/p>\n<div id=\"attachment_3251\" style=\"width: 930px\" class=\"wp-caption aligncenter\"><img loading=\"lazy\" decoding=\"async\" aria-describedby=\"caption-attachment-3251\" class=\"wp-image-3251 size-full\" src=\"https:\/\/skalnik.pl\/blog\/wp-content\/uploads\/2016\/12\/parki.jpg\" alt=\"parki fjallraven\" width=\"920\" height=\"390\" srcset=\"https:\/\/www.skalnik.pl\/blog\/wp-content\/uploads\/2016\/12\/parki.jpg 920w, https:\/\/www.skalnik.pl\/blog\/wp-content\/uploads\/2016\/12\/parki-300x127.jpg 300w, https:\/\/www.skalnik.pl\/blog\/wp-content\/uploads\/2016\/12\/parki-768x326.jpg 768w\" sizes=\"auto, (max-width: 920px) 100vw, 920px\" \/><p id=\"caption-attachment-3251\" class=\"wp-caption-text\">Parki Fljallraven<\/p><\/div>\n<h3><span class=\"ez-toc-section\" id=\"Primaloft%C2%AE\"><\/span>Primaloft\u00ae<span class=\"ez-toc-section-end\"><\/span><\/h3>\n<p>Od wielu sezon\u00f3w niebywa\u0142\u0105 popularno\u015bci ciesz\u0105 si\u0119 kurtki z izolacj\u0105 termiczn\u0105 typu Primaloft\u00ae. W\u0142\u00f3kna Primaloft\u00ae to syntetyczne wype\u0142nienie b\u0119d\u0105ce doskona\u0142ym zamiennikiem puchu. Jego niekwestionowan\u0105 przewag\u0105 nad naturalnym wype\u0142nieniem puchowym jest odporno\u015b\u0107 na wod\u0119. Przepocona, czy nawet przemoczona, kurtka z wype\u0142nieniem Primaloft\u00ae nie straci swoich w\u0142a\u015bciwo\u015bci izolacyjnych. Kurtki izolowane Primaloftem posiadaj\u0105 r\u00f3\u017cn\u0105 wag\u0119 wype\u0142nienia. Oczywi\u015bcie im waga wype\u0142nienia jest wi\u0119ksza, tym sama kurtka b\u0119dzie cieplejsza. Kurtki typu \u201eprimaloft\u201d to doskona\u0142y zamiennik lekkich kurek puchowych oraz polar\u00f3w. Idealnie wsp\u00f3\u0142pracuj\u0105 z kurtkami membranowymi Gore-tex\u00ae. Zestaw \u201ehardshell\u201d plus \u201eprimaloft\u201d jest niebywale lekki, zapewnia nieocenion\u0105 ochron\u0119 przed warunkami pogodowymi oraz oferuje doskona\u0142\u0105 termoizolacj\u0119 ca\u0142ego zestawu.<\/p>\n<div id=\"attachment_3253\" style=\"width: 930px\" class=\"wp-caption aligncenter\"><img loading=\"lazy\" decoding=\"async\" aria-describedby=\"caption-attachment-3253\" class=\"wp-image-3253 size-full\" src=\"https:\/\/skalnik.pl\/blog\/wp-content\/uploads\/2016\/12\/kurtki_primaloft.jpg\" alt=\"kurtki primaloft\" width=\"920\" height=\"390\" srcset=\"https:\/\/www.skalnik.pl\/blog\/wp-content\/uploads\/2016\/12\/kurtki_primaloft.jpg 920w, https:\/\/www.skalnik.pl\/blog\/wp-content\/uploads\/2016\/12\/kurtki_primaloft-300x127.jpg 300w, https:\/\/www.skalnik.pl\/blog\/wp-content\/uploads\/2016\/12\/kurtki_primaloft-768x326.jpg 768w\" sizes=\"auto, (max-width: 920px) 100vw, 920px\" \/><p id=\"caption-attachment-3253\" class=\"wp-caption-text\">Kurtki z wype\u0142nieniem Primaloft (Dynafit)<\/p><\/div>\n<p>Zaprezentowane modele kurtek, a tak\u017ce wiele innych propozycji kurtek zimowych znajdziesz w sklepach stacjonarnych Skalnik i w sklepie internetowym Skalnik.pl. Je\u015bli nadal masz w\u0105tpliwo\u015bci i problem z wyborem dobrej kurtki na zim\u0119, to zapraszam ci\u0119 do kontaktu z naszymi pracownikami. Profesjonalna za\u0142oga sklep\u00f3w turystycznych Skalnik pomo\u017ce ci wybra\u0107 optymalny produkt, dopasowany do Twoich wymaga\u0144 i ulubionych aktywno\u015bci w \u015bnie\u017cnej porze roku.<\/p>\n","protected":false},"excerpt":{"rendered":"<p>Zima, mr\u00f3z, a ty nie ustajesz w aktywno\u015bciach na \u015bwie\u017cym powietrzu. Warto zaopatrzy\u0107 si\u0119 na t\u0119 nieprzyjazn\u0105 por\u0119 roku w porz\u0105dn\u0105 kurtk\u0119 zimow\u0105, kt\u00f3ra dobrze ochroni przed nisk\u0105 temperatur\u0105, \u015bniegiem i wiatrem. Pokr\u00f3tce przedstawiamy jakie rozwi\u0105zania w kurtkach na zim\u0119 stosuj\u0105 producenci. Radzimy na co zwraca\u0107 w kurtkach wype\u0142nionych naturalnym puchem. Opisujemy, czym s\u0105 kurtki 2 w 1, czyli po co w kurtkach podpinka. Przedstawiamy tak\u017ce kurtki ze sta\u0142ym ociepleniem. Wreszcie skupiamy si\u0119 d\u0142u\u017cej nad kurtkami ze sztuczn\u0105 ocieplin\u0105, kt\u00f3ra zast\u0119puje puch. Czy skutecznie &#8211; dowiesz si\u0119 z poradnika o wyborze kurtki zimowej. <\/p>\n","protected":false},"author":7,"featured_media":1094,"comment_status":"open","ping_status":"open","sticky":false,"template":"","format":"standard","meta":{"_acf_changed":false,"footnotes":""},"categories":[3],"tags":[139,167,132,16],"magento_category":[168],"magento_product":[],"class_list":["post-565","post","type-post","status-publish","format-standard","has-post-thumbnail","hentry","category-porady","tag-fjallraven","tag-kurtki-primaloft","tag-kurtki-puchowe","tag-zima"],"acf":[],"aioseo_notices":[],"aioseo_head":"\n\t\t<!-- All in One SEO 4.9.10 - aioseo.com -->\n\t<meta name=\"description\" content=\"Kurtk\u0119 turystyczn\u0105 na zim\u0119 nale\u017cy dopasowa\u0107 do swoich potrzeb. Najpierw wi\u0119c zastan\u00f3w si\u0119 w jakich okoliczno\u015bciach b\u0119dziesz jej u\u017cywa\u0107. Przeczytaj nasz artyku\u0142 i dowiedz si\u0119 jakie s\u0105 typy kurtek zimowych i czym si\u0119 charakteryzuj\u0105 \u2022 Wybierz wymarzon\u0105 kurtk\u0119 na zim\u0119 wraz ze Skalnik.pl!\" \/>\n\t<meta name=\"robots\" content=\"max-image-preview:large\" \/>\n\t<meta name=\"author\" content=\"Redakcja skalnik.pl\"\/>\n\t<link rel=\"canonical\" href=\"https:\/\/www.skalnik.pl\/blog\/jak-wybrac-kurtke-na-zime\/\" \/>\n\t<meta name=\"generator\" content=\"All in One SEO (AIOSEO) 4.9.10\" \/>\n\t\t<meta property=\"og:locale\" content=\"pl_PL\" \/>\n\t\t<meta property=\"og:site_name\" content=\"blog Skalnik - Blog, porady, artyku\u0142y - blog Skalnik\" \/>\n\t\t<meta property=\"og:type\" content=\"article\" \/>\n\t\t<meta property=\"og:title\" content=\"Jak wybra\u0107 kurtk\u0119 na zim\u0119 - blog Skalnik\" \/>\n\t\t<meta property=\"og:description\" content=\"Kurtk\u0119 turystyczn\u0105 na zim\u0119 nale\u017cy dopasowa\u0107 do swoich potrzeb. Najpierw wi\u0119c zastan\u00f3w si\u0119 w jakich okoliczno\u015bciach b\u0119dziesz jej u\u017cywa\u0107. Przeczytaj nasz artyku\u0142 i dowiedz si\u0119 jakie s\u0105 typy kurtek zimowych i czym si\u0119 charakteryzuj\u0105 \u2022 Wybierz wymarzon\u0105 kurtk\u0119 na zim\u0119 wraz ze Skalnik.pl!\" \/>\n\t\t<meta property=\"og:url\" content=\"https:\/\/www.skalnik.pl\/blog\/jak-wybrac-kurtke-na-zime\/\" \/>\n\t\t<meta property=\"og:image\" content=\"https:\/\/skalnik.pl\/blog\/wp-content\/uploads\/2016\/12\/kurtki_puchowe.jpg\" \/>\n\t\t<meta property=\"og:image:secure_url\" content=\"https:\/\/skalnik.pl\/blog\/wp-content\/uploads\/2016\/12\/kurtki_puchowe.jpg\" \/>\n\t\t<meta property=\"article:tag\" content=\"porady\" \/>\n\t\t<meta property=\"article:tag\" content=\"fjallraven\" \/>\n\t\t<meta property=\"article:tag\" content=\"kurtki primaloft\" \/>\n\t\t<meta property=\"article:tag\" content=\"kurtki puchowe\" \/>\n\t\t<meta property=\"article:tag\" content=\"zima\" \/>\n\t\t<meta property=\"article:published_time\" content=\"2016-12-01T14:55:04+00:00\" \/>\n\t\t<meta property=\"article:modified_time\" content=\"2019-08-01T15:48:04+00:00\" \/>\n\t\t<meta name=\"twitter:card\" content=\"summary_large_image\" \/>\n\t\t<meta name=\"twitter:title\" content=\"Jak wybra\u0107 kurtk\u0119 na zim\u0119 - blog Skalnik\" \/>\n\t\t<meta name=\"twitter:description\" content=\"Kurtk\u0119 turystyczn\u0105 na zim\u0119 nale\u017cy dopasowa\u0107 do swoich potrzeb. Najpierw wi\u0119c zastan\u00f3w si\u0119 w jakich okoliczno\u015bciach b\u0119dziesz jej u\u017cywa\u0107. Przeczytaj nasz artyku\u0142 i dowiedz si\u0119 jakie s\u0105 typy kurtek zimowych i czym si\u0119 charakteryzuj\u0105 \u2022 Wybierz wymarzon\u0105 kurtk\u0119 na zim\u0119 wraz ze Skalnik.pl!\" \/>\n\t\t<meta name=\"twitter:image\" content=\"https:\/\/skalnik.pl\/blog\/wp-content\/uploads\/2016\/12\/kurtki_puchowe.jpg\" \/>\n\t\t<script type=\"application\/ld+json\" class=\"aioseo-schema\">\n\t\t\t{\"@context\":\"https:\\\/\\\/schema.org\",\"@graph\":[{\"@type\":\"BlogPosting\",\"@id\":\"https:\\\/\\\/www.skalnik.pl\\\/blog\\\/jak-wybrac-kurtke-na-zime\\\/#blogposting\",\"name\":\"Jak wybra\\u0107 kurtk\\u0119 na zim\\u0119 - blog Skalnik\",\"headline\":\"Jak wybra\\u0107 kurtk\\u0119 na zim\\u0119\",\"author\":{\"@id\":\"https:\\\/\\\/www.skalnik.pl\\\/blog\\\/author\\\/redakcja-skalnik-pl\\\/#author\"},\"publisher\":{\"@id\":\"https:\\\/\\\/www.skalnik.pl\\\/blog\\\/#organization\"},\"image\":{\"@type\":\"ImageObject\",\"url\":\"https:\\\/\\\/www.skalnik.pl\\\/blog\\\/wp-content\\\/uploads\\\/2016\\\/12\\\/2016-12-01_kurtka_na_zim\\u0119.jpg\",\"width\":1920,\"height\":705,\"caption\":\"kurtka na zim\\u0119\"},\"datePublished\":\"2016-12-01T15:55:04+02:00\",\"dateModified\":\"2019-08-01T17:48:04+02:00\",\"inLanguage\":\"pl-PL\",\"mainEntityOfPage\":{\"@id\":\"https:\\\/\\\/www.skalnik.pl\\\/blog\\\/jak-wybrac-kurtke-na-zime\\\/#webpage\"},\"isPartOf\":{\"@id\":\"https:\\\/\\\/www.skalnik.pl\\\/blog\\\/jak-wybrac-kurtke-na-zime\\\/#webpage\"},\"articleSection\":\"Porady, fjallraven, kurtki primaloft, kurtki puchowe, zima, 1091\"},{\"@type\":\"BreadcrumbList\",\"@id\":\"https:\\\/\\\/www.skalnik.pl\\\/blog\\\/jak-wybrac-kurtke-na-zime\\\/#breadcrumblist\",\"itemListElement\":[{\"@type\":\"ListItem\",\"@id\":\"https:\\\/\\\/www.skalnik.pl\\\/blog#listItem\",\"position\":1,\"name\":\"Home\",\"item\":\"https:\\\/\\\/www.skalnik.pl\\\/blog\",\"nextItem\":{\"@type\":\"ListItem\",\"@id\":\"https:\\\/\\\/www.skalnik.pl\\\/blog\\\/.\\\/porady\\\/#listItem\",\"name\":\"Porady\"}},{\"@type\":\"ListItem\",\"@id\":\"https:\\\/\\\/www.skalnik.pl\\\/blog\\\/.\\\/porady\\\/#listItem\",\"position\":2,\"name\":\"Porady\",\"item\":\"https:\\\/\\\/www.skalnik.pl\\\/blog\\\/.\\\/porady\\\/\",\"nextItem\":{\"@type\":\"ListItem\",\"@id\":\"https:\\\/\\\/www.skalnik.pl\\\/blog\\\/jak-wybrac-kurtke-na-zime\\\/#listItem\",\"name\":\"Jak wybra\\u0107 kurtk\\u0119 na zim\\u0119\"},\"previousItem\":{\"@type\":\"ListItem\",\"@id\":\"https:\\\/\\\/www.skalnik.pl\\\/blog#listItem\",\"name\":\"Home\"}},{\"@type\":\"ListItem\",\"@id\":\"https:\\\/\\\/www.skalnik.pl\\\/blog\\\/jak-wybrac-kurtke-na-zime\\\/#listItem\",\"position\":3,\"name\":\"Jak wybra\\u0107 kurtk\\u0119 na zim\\u0119\",\"previousItem\":{\"@type\":\"ListItem\",\"@id\":\"https:\\\/\\\/www.skalnik.pl\\\/blog\\\/.\\\/porady\\\/#listItem\",\"name\":\"Porady\"}}]},{\"@type\":\"Organization\",\"@id\":\"https:\\\/\\\/www.skalnik.pl\\\/blog\\\/#organization\",\"name\":\"blog Skalnik\",\"description\":\"Blog, porady, artyku\\u0142y - blog Skalnik\",\"url\":\"https:\\\/\\\/www.skalnik.pl\\\/blog\\\/\"},{\"@type\":\"Person\",\"@id\":\"https:\\\/\\\/www.skalnik.pl\\\/blog\\\/author\\\/redakcja-skalnik-pl\\\/#author\",\"url\":\"https:\\\/\\\/www.skalnik.pl\\\/blog\\\/author\\\/redakcja-skalnik-pl\\\/\",\"name\":\"Redakcja skalnik.pl\",\"image\":{\"@type\":\"ImageObject\",\"@id\":\"https:\\\/\\\/www.skalnik.pl\\\/blog\\\/jak-wybrac-kurtke-na-zime\\\/#authorImage\",\"url\":\"https:\\\/\\\/secure.gravatar.com\\\/avatar\\\/7eab29b048aaf0899cd9a145e9adb814e2130ced31e65b454b902500bea65f9e?s=96&d=mm&r=g\",\"width\":96,\"height\":96,\"caption\":\"Redakcja skalnik.pl\"}},{\"@type\":\"WebPage\",\"@id\":\"https:\\\/\\\/www.skalnik.pl\\\/blog\\\/jak-wybrac-kurtke-na-zime\\\/#webpage\",\"url\":\"https:\\\/\\\/www.skalnik.pl\\\/blog\\\/jak-wybrac-kurtke-na-zime\\\/\",\"name\":\"Jak wybra\\u0107 kurtk\\u0119 na zim\\u0119 - blog Skalnik\",\"description\":\"Kurtk\\u0119 turystyczn\\u0105 na zim\\u0119 nale\\u017cy dopasowa\\u0107 do swoich potrzeb. Najpierw wi\\u0119c zastan\\u00f3w si\\u0119 w jakich okoliczno\\u015bciach b\\u0119dziesz jej u\\u017cywa\\u0107. Przeczytaj nasz artyku\\u0142 i dowiedz si\\u0119 jakie s\\u0105 typy kurtek zimowych i czym si\\u0119 charakteryzuj\\u0105 \\u2022 Wybierz wymarzon\\u0105 kurtk\\u0119 na zim\\u0119 wraz ze Skalnik.pl!\",\"inLanguage\":\"pl-PL\",\"isPartOf\":{\"@id\":\"https:\\\/\\\/www.skalnik.pl\\\/blog\\\/#website\"},\"breadcrumb\":{\"@id\":\"https:\\\/\\\/www.skalnik.pl\\\/blog\\\/jak-wybrac-kurtke-na-zime\\\/#breadcrumblist\"},\"author\":{\"@id\":\"https:\\\/\\\/www.skalnik.pl\\\/blog\\\/author\\\/redakcja-skalnik-pl\\\/#author\"},\"creator\":{\"@id\":\"https:\\\/\\\/www.skalnik.pl\\\/blog\\\/author\\\/redakcja-skalnik-pl\\\/#author\"},\"image\":{\"@type\":\"ImageObject\",\"url\":\"https:\\\/\\\/www.skalnik.pl\\\/blog\\\/wp-content\\\/uploads\\\/2016\\\/12\\\/2016-12-01_kurtka_na_zim\\u0119.jpg\",\"@id\":\"https:\\\/\\\/www.skalnik.pl\\\/blog\\\/jak-wybrac-kurtke-na-zime\\\/#mainImage\",\"width\":1920,\"height\":705,\"caption\":\"kurtka na zim\\u0119\"},\"primaryImageOfPage\":{\"@id\":\"https:\\\/\\\/www.skalnik.pl\\\/blog\\\/jak-wybrac-kurtke-na-zime\\\/#mainImage\"},\"datePublished\":\"2016-12-01T15:55:04+02:00\",\"dateModified\":\"2019-08-01T17:48:04+02:00\"},{\"@type\":\"WebSite\",\"@id\":\"https:\\\/\\\/www.skalnik.pl\\\/blog\\\/#website\",\"url\":\"https:\\\/\\\/www.skalnik.pl\\\/blog\\\/\",\"name\":\"blog Skalnik\",\"description\":\"Blog, porady, artyku\\u0142y - blog Skalnik\",\"inLanguage\":\"pl-PL\",\"publisher\":{\"@id\":\"https:\\\/\\\/www.skalnik.pl\\\/blog\\\/#organization\"}}]}\n\t\t<\/script>\n\t\t<!-- All in One SEO -->\n\n","aioseo_head_json":{"title":"Jak wybra\u0107 kurtk\u0119 na zim\u0119 - blog Skalnik","description":"Kurtk\u0119 turystyczn\u0105 na zim\u0119 nale\u017cy dopasowa\u0107 do swoich potrzeb. Najpierw wi\u0119c zastan\u00f3w si\u0119 w jakich okoliczno\u015bciach b\u0119dziesz jej u\u017cywa\u0107. Przeczytaj nasz artyku\u0142 i dowiedz si\u0119 jakie s\u0105 typy kurtek zimowych i czym si\u0119 charakteryzuj\u0105 \u2022 Wybierz wymarzon\u0105 kurtk\u0119 na zim\u0119 wraz ze Skalnik.pl!","canonical_url":"https:\/\/www.skalnik.pl\/blog\/jak-wybrac-kurtke-na-zime\/","robots":"max-image-preview:large","keywords":"","webmasterTools":{"miscellaneous":""},"schema":{"@context":"https:\/\/schema.org","@graph":[{"@type":"BlogPosting","@id":"https:\/\/www.skalnik.pl\/blog\/jak-wybrac-kurtke-na-zime\/#blogposting","name":"Jak wybra\u0107 kurtk\u0119 na zim\u0119 - blog Skalnik","headline":"Jak wybra\u0107 kurtk\u0119 na zim\u0119","author":{"@id":"https:\/\/www.skalnik.pl\/blog\/author\/redakcja-skalnik-pl\/#author"},"publisher":{"@id":"https:\/\/www.skalnik.pl\/blog\/#organization"},"image":{"@type":"ImageObject","url":"https:\/\/www.skalnik.pl\/blog\/wp-content\/uploads\/2016\/12\/2016-12-01_kurtka_na_zim\u0119.jpg","width":1920,"height":705,"caption":"kurtka na zim\u0119"},"datePublished":"2016-12-01T15:55:04+02:00","dateModified":"2019-08-01T17:48:04+02:00","inLanguage":"pl-PL","mainEntityOfPage":{"@id":"https:\/\/www.skalnik.pl\/blog\/jak-wybrac-kurtke-na-zime\/#webpage"},"isPartOf":{"@id":"https:\/\/www.skalnik.pl\/blog\/jak-wybrac-kurtke-na-zime\/#webpage"},"articleSection":"Porady, fjallraven, kurtki primaloft, kurtki puchowe, zima, 1091"},{"@type":"BreadcrumbList","@id":"https:\/\/www.skalnik.pl\/blog\/jak-wybrac-kurtke-na-zime\/#breadcrumblist","itemListElement":[{"@type":"ListItem","@id":"https:\/\/www.skalnik.pl\/blog#listItem","position":1,"name":"Home","item":"https:\/\/www.skalnik.pl\/blog","nextItem":{"@type":"ListItem","@id":"https:\/\/www.skalnik.pl\/blog\/.\/porady\/#listItem","name":"Porady"}},{"@type":"ListItem","@id":"https:\/\/www.skalnik.pl\/blog\/.\/porady\/#listItem","position":2,"name":"Porady","item":"https:\/\/www.skalnik.pl\/blog\/.\/porady\/","nextItem":{"@type":"ListItem","@id":"https:\/\/www.skalnik.pl\/blog\/jak-wybrac-kurtke-na-zime\/#listItem","name":"Jak wybra\u0107 kurtk\u0119 na zim\u0119"},"previousItem":{"@type":"ListItem","@id":"https:\/\/www.skalnik.pl\/blog#listItem","name":"Home"}},{"@type":"ListItem","@id":"https:\/\/www.skalnik.pl\/blog\/jak-wybrac-kurtke-na-zime\/#listItem","position":3,"name":"Jak wybra\u0107 kurtk\u0119 na zim\u0119","previousItem":{"@type":"ListItem","@id":"https:\/\/www.skalnik.pl\/blog\/.\/porady\/#listItem","name":"Porady"}}]},{"@type":"Organization","@id":"https:\/\/www.skalnik.pl\/blog\/#organization","name":"blog Skalnik","description":"Blog, porady, artyku\u0142y - blog Skalnik","url":"https:\/\/www.skalnik.pl\/blog\/"},{"@type":"Person","@id":"https:\/\/www.skalnik.pl\/blog\/author\/redakcja-skalnik-pl\/#author","url":"https:\/\/www.skalnik.pl\/blog\/author\/redakcja-skalnik-pl\/","name":"Redakcja skalnik.pl","image":{"@type":"ImageObject","@id":"https:\/\/www.skalnik.pl\/blog\/jak-wybrac-kurtke-na-zime\/#authorImage","url":"https:\/\/secure.gravatar.com\/avatar\/7eab29b048aaf0899cd9a145e9adb814e2130ced31e65b454b902500bea65f9e?s=96&d=mm&r=g","width":96,"height":96,"caption":"Redakcja skalnik.pl"}},{"@type":"WebPage","@id":"https:\/\/www.skalnik.pl\/blog\/jak-wybrac-kurtke-na-zime\/#webpage","url":"https:\/\/www.skalnik.pl\/blog\/jak-wybrac-kurtke-na-zime\/","name":"Jak wybra\u0107 kurtk\u0119 na zim\u0119 - blog Skalnik","description":"Kurtk\u0119 turystyczn\u0105 na zim\u0119 nale\u017cy dopasowa\u0107 do swoich potrzeb. Najpierw wi\u0119c zastan\u00f3w si\u0119 w jakich okoliczno\u015bciach b\u0119dziesz jej u\u017cywa\u0107. Przeczytaj nasz artyku\u0142 i dowiedz si\u0119 jakie s\u0105 typy kurtek zimowych i czym si\u0119 charakteryzuj\u0105 \u2022 Wybierz wymarzon\u0105 kurtk\u0119 na zim\u0119 wraz ze Skalnik.pl!","inLanguage":"pl-PL","isPartOf":{"@id":"https:\/\/www.skalnik.pl\/blog\/#website"},"breadcrumb":{"@id":"https:\/\/www.skalnik.pl\/blog\/jak-wybrac-kurtke-na-zime\/#breadcrumblist"},"author":{"@id":"https:\/\/www.skalnik.pl\/blog\/author\/redakcja-skalnik-pl\/#author"},"creator":{"@id":"https:\/\/www.skalnik.pl\/blog\/author\/redakcja-skalnik-pl\/#author"},"image":{"@type":"ImageObject","url":"https:\/\/www.skalnik.pl\/blog\/wp-content\/uploads\/2016\/12\/2016-12-01_kurtka_na_zim\u0119.jpg","@id":"https:\/\/www.skalnik.pl\/blog\/jak-wybrac-kurtke-na-zime\/#mainImage","width":1920,"height":705,"caption":"kurtka na zim\u0119"},"primaryImageOfPage":{"@id":"https:\/\/www.skalnik.pl\/blog\/jak-wybrac-kurtke-na-zime\/#mainImage"},"datePublished":"2016-12-01T15:55:04+02:00","dateModified":"2019-08-01T17:48:04+02:00"},{"@type":"WebSite","@id":"https:\/\/www.skalnik.pl\/blog\/#website","url":"https:\/\/www.skalnik.pl\/blog\/","name":"blog Skalnik","description":"Blog, porady, artyku\u0142y - blog Skalnik","inLanguage":"pl-PL","publisher":{"@id":"https:\/\/www.skalnik.pl\/blog\/#organization"}}]},"og:locale":"pl_PL","og:site_name":"blog Skalnik - Blog, porady, artyku\u0142y - blog Skalnik","og:type":"article","og:title":"Jak wybra\u0107 kurtk\u0119 na zim\u0119 - blog Skalnik","og:description":"Kurtk\u0119 turystyczn\u0105 na zim\u0119 nale\u017cy dopasowa\u0107 do swoich potrzeb. Najpierw wi\u0119c zastan\u00f3w si\u0119 w jakich okoliczno\u015bciach b\u0119dziesz jej u\u017cywa\u0107. Przeczytaj nasz artyku\u0142 i dowiedz si\u0119 jakie s\u0105 typy kurtek zimowych i czym si\u0119 charakteryzuj\u0105 \u2022 Wybierz wymarzon\u0105 kurtk\u0119 na zim\u0119 wraz ze Skalnik.pl!","og:url":"https:\/\/www.skalnik.pl\/blog\/jak-wybrac-kurtke-na-zime\/","og:image":"https:\/\/skalnik.pl\/blog\/wp-content\/uploads\/2016\/12\/kurtki_puchowe.jpg","og:image:secure_url":"https:\/\/skalnik.pl\/blog\/wp-content\/uploads\/2016\/12\/kurtki_puchowe.jpg","article:tag":["porady","fjallraven","kurtki primaloft","kurtki puchowe","zima"],"article:published_time":"2016-12-01T14:55:04+00:00","article:modified_time":"2019-08-01T15:48:04+00:00","twitter:card":"summary_large_image","twitter:title":"Jak wybra\u0107 kurtk\u0119 na zim\u0119 - blog Skalnik","twitter:description":"Kurtk\u0119 turystyczn\u0105 na zim\u0119 nale\u017cy dopasowa\u0107 do swoich potrzeb. Najpierw wi\u0119c zastan\u00f3w si\u0119 w jakich okoliczno\u015bciach b\u0119dziesz jej u\u017cywa\u0107. Przeczytaj nasz artyku\u0142 i dowiedz si\u0119 jakie s\u0105 typy kurtek zimowych i czym si\u0119 charakteryzuj\u0105 \u2022 Wybierz wymarzon\u0105 kurtk\u0119 na zim\u0119 wraz ze Skalnik.pl!","twitter:image":"https:\/\/skalnik.pl\/blog\/wp-content\/uploads\/2016\/12\/kurtki_puchowe.jpg"},"aioseo_meta_data":{"post_id":"565","title":null,"description":"Kurtk\u0119 turystyczn\u0105 na zim\u0119 nale\u017cy dopasowa\u0107 do swoich potrzeb. Najpierw wi\u0119c zastan\u00f3w si\u0119 w jakich okoliczno\u015bciach b\u0119dziesz jej u\u017cywa\u0107. Przeczytaj nasz artyku\u0142 i dowiedz si\u0119 jakie s\u0105 typy kurtek zimowych i czym si\u0119 charakteryzuj\u0105 \u2022 Wybierz wymarzon\u0105 kurtk\u0119 na zim\u0119 wraz ze Skalnik.pl!","keywords":[{"label":"kurtki primaloft","value":"kurtki primaloft"},{"label":"kurtki puchowe","value":"kurtki puchowe"},{"label":"kurtka na zim\u0119","value":"kurtka na zim\u0119"},{"label":"kurtka turystyczna zimowa","value":"kurtka turystyczna zimowa"}],"keyphrases":null,"primary_term":null,"canonical_url":null,"og_title":null,"og_description":null,"og_object_type":"default","og_image_type":"default","og_image_url":null,"og_image_width":null,"og_image_height":null,"og_image_custom_url":null,"og_image_custom_fields":null,"og_video":null,"og_custom_url":null,"og_article_section":null,"og_article_tags":null,"twitter_use_og":false,"twitter_card":"default","twitter_image_type":"default","twitter_image_url":null,"twitter_image_custom_url":null,"twitter_image_custom_fields":null,"twitter_title":null,"twitter_description":null,"schema":{"blockGraphs":[],"customGraphs":[],"default":{"data":{"Article":[],"Course":[],"Dataset":[],"FAQPage":[],"Movie":[],"Person":[],"Product":[],"ProductReview":[],"Car":[],"Recipe":[],"Service":[],"SoftwareApplication":[],"WebPage":[]},"graphName":"BlogPosting","isEnabled":true},"graphs":[]},"schema_type":"default","schema_type_options":null,"pillar_content":false,"robots_default":true,"robots_noindex":false,"robots_noarchive":false,"robots_nosnippet":false,"robots_nofollow":false,"robots_noimageindex":false,"robots_noodp":false,"robots_notranslate":false,"robots_max_snippet":null,"robots_max_videopreview":null,"robots_max_imagepreview":"large","priority":null,"frequency":null,"local_seo":null,"breadcrumb_settings":null,"limit_modified_date":false,"ai":null,"created":"2022-08-26 09:43:17","updated":"2026-02-17 21:16:23","seo_analyzer_scan_date":null},"aioseo_breadcrumb":"<div class=\"aioseo-breadcrumbs\"><span class=\"aioseo-breadcrumb\">\n\t\t\t<a href=\"https:\/\/www.skalnik.pl\/blog\" title=\"Home\">Home<\/a>\n\t\t<\/span><span class=\"aioseo-breadcrumb-separator\">&raquo;<\/span><span class=\"aioseo-breadcrumb\">\n\t\t\t<a href=\"https:\/\/www.skalnik.pl\/blog\/.\/porady\/\" title=\"Porady\">Porady<\/a>\n\t\t<\/span><span class=\"aioseo-breadcrumb-separator\">&raquo;<\/span><span class=\"aioseo-breadcrumb\">\n\t\t\tJak wybra\u0107 kurtk\u0119 na zim\u0119\n\t\t<\/span><\/div>","aioseo_breadcrumb_json":[{"label":"Home","link":"https:\/\/www.skalnik.pl\/blog"},{"label":"Porady","link":"https:\/\/www.skalnik.pl\/blog\/.\/porady\/"},{"label":"Jak wybra\u0107 kurtk\u0119 na zim\u0119","link":"https:\/\/www.skalnik.pl\/blog\/jak-wybrac-kurtke-na-zime\/"}],"_links":{"self":[{"href":"https:\/\/www.skalnik.pl\/blog\/wp-json\/wp\/v2\/posts\/565","targetHints":{"allow":["GET"]}}],"collection":[{"href":"https:\/\/www.skalnik.pl\/blog\/wp-json\/wp\/v2\/posts"}],"about":[{"href":"https:\/\/www.skalnik.pl\/blog\/wp-json\/wp\/v2\/types\/post"}],"author":[{"embeddable":true,"href":"https:\/\/www.skalnik.pl\/blog\/wp-json\/wp\/v2\/users\/7"}],"replies":[{"embeddable":true,"href":"https:\/\/www.skalnik.pl\/blog\/wp-json\/wp\/v2\/comments?post=565"}],"version-history":[{"count":15,"href":"https:\/\/www.skalnik.pl\/blog\/wp-json\/wp\/v2\/posts\/565\/revisions"}],"predecessor-version":[{"id":8212,"href":"https:\/\/www.skalnik.pl\/blog\/wp-json\/wp\/v2\/posts\/565\/revisions\/8212"}],"wp:featuredmedia":[{"embeddable":true,"href":"https:\/\/www.skalnik.pl\/blog\/wp-json\/wp\/v2\/media\/1094"}],"wp:attachment":[{"href":"https:\/\/www.skalnik.pl\/blog\/wp-json\/wp\/v2\/media?parent=565"}],"wp:term":[{"taxonomy":"category","embeddable":true,"href":"https:\/\/www.skalnik.pl\/blog\/wp-json\/wp\/v2\/categories?post=565"},{"taxonomy":"post_tag","embeddable":true,"href":"https:\/\/www.skalnik.pl\/blog\/wp-json\/wp\/v2\/tags?post=565"},{"taxonomy":"magento_category","embeddable":true,"href":"https:\/\/www.skalnik.pl\/blog\/wp-json\/wp\/v2\/magento_category?post=565"},{"taxonomy":"magento_product","embeddable":true,"href":"https:\/\/www.skalnik.pl\/blog\/wp-json\/wp\/v2\/magento_product?post=565"}],"curies":[{"name":"wp","href":"https:\/\/api.w.org\/{rel}","templated":true}]}}