{"id":5709,"date":"2019-02-25T11:25:45","date_gmt":"2019-02-25T10:25:45","guid":{"rendered":"https:\/\/skalnik.pl\/blog\/?p=5709"},"modified":"2022-02-07T13:53:21","modified_gmt":"2022-02-07T12:53:21","slug":"karkonosze-zima-5-szlakow-w-polskich-karkonoszach","status":"publish","type":"post","link":"https:\/\/www.skalnik.pl\/blog\/karkonosze-zima-5-szlakow-w-polskich-karkonoszach\/","title":{"rendered":"Karkonosze zim\u0105 &#8211; szlaki zimowe w Karkonoszach"},"content":{"rendered":"\n<p><strong>Postanowi\u0142em podzieli\u0107 si\u0119 z wami moj\u0105 pi\u0105tk\u0105 ulubionych zimowych tras w Karkonoszach. Karkonosze zimow\u0105 por\u0105 s\u0105 niezwykle pi\u0119kne, potrafi\u0105 jednak by\u0107 tak\u017ce niezwykle trudne.<\/strong><\/p>\n\n\n\n<p>Panuj\u0105cy w Karkonoszach specyficzny mikroklimat sprawia, i\u017c z godziny na godzin\u0119 pogoda mo\u017ce zaskoczy\u0107 i poskromi\u0107 ka\u017cdego \u015bmia\u0142ka, nawet weterana w\u0119dr\u00f3wek po du\u017co wy\u017cszych g\u00f3rach. Gdy jednak prognozy dadz\u0105 cho\u0107 cie\u0144 szansy na dobr\u0105 pogod\u0119, dobierzecie odpowiedni ubi\u00f3r i sprz\u0119t, po czym zdecydujecie si\u0119 wyruszy\u0107 w g\u00f3ry, zima w Karkonoszach odwdzi\u0119czy wam si\u0119 widokiem bezkresnych, \u015bnie\u017cnych przestrzeni, fantazyjnych nawis\u00f3w w kot\u0142ach polodowcowych i zamarzni\u0119tych na lodowe szk\u0142o wodospad\u00f3w. Idziecie?<\/p>\n\n\n\n<figure class=\"wp-block-image\"><img loading=\"lazy\" decoding=\"async\" width=\"1024\" height=\"699\" src=\"https:\/\/skalnik.pl\/blog\/wp-content\/uploads\/2019\/02\/07-e1550875476854-1024x699.jpg\" alt=\"karkonosze mapa\" class=\"wp-image-5717\" srcset=\"https:\/\/www.skalnik.pl\/blog\/wp-content\/uploads\/2019\/02\/07-e1550875476854-1024x699.jpg 1024w, https:\/\/www.skalnik.pl\/blog\/wp-content\/uploads\/2019\/02\/07-e1550875476854-300x205.jpg 300w, https:\/\/www.skalnik.pl\/blog\/wp-content\/uploads\/2019\/02\/07-e1550875476854-768x524.jpg 768w, https:\/\/www.skalnik.pl\/blog\/wp-content\/uploads\/2019\/02\/07-e1550875476854.jpg 1080w\" sizes=\"auto, (max-width: 1024px) 100vw, 1024px\" \/><\/figure>\n\n\n\n<div id=\"ez-toc-container\" class=\"ez-toc-v2_0_85 counter-hierarchy ez-toc-counter ez-toc-light-blue ez-toc-container-direction\">\n<div class=\"ez-toc-title-container\">\n<p class=\"ez-toc-title\" style=\"cursor:inherit\">SPIS TRE\u015aCI <\/p>\n<span class=\"ez-toc-title-toggle\"><a href=\"#\" class=\"ez-toc-pull-right ez-toc-btn ez-toc-btn-xs ez-toc-btn-default ez-toc-toggle\" aria-label=\"Prze\u0142\u0105cznik Spisu Tre\u015bci\"><span class=\"ez-toc-js-icon-con\"><span class=\"\"><span class=\"eztoc-hide\" style=\"display:none;\">Toggle<\/span><span class=\"ez-toc-icon-toggle-span\"><svg style=\"fill: #999;color:#999\" xmlns=\"http:\/\/www.w3.org\/2000\/svg\" class=\"list-377408\" width=\"20px\" height=\"20px\" viewBox=\"0 0 24 24\" fill=\"none\"><path d=\"M6 6H4v2h2V6zm14 0H8v2h12V6zM4 11h2v2H4v-2zm16 0H8v2h12v-2zM4 16h2v2H4v-2zm16 0H8v2h12v-2z\" fill=\"currentColor\"><\/path><\/svg><svg style=\"fill: #999;color:#999\" class=\"arrow-unsorted-368013\" xmlns=\"http:\/\/www.w3.org\/2000\/svg\" width=\"10px\" height=\"10px\" viewBox=\"0 0 24 24\" version=\"1.2\" baseProfile=\"tiny\"><path d=\"M18.2 9.3l-6.2-6.3-6.2 6.3c-.2.2-.3.4-.3.7s.1.5.3.7c.2.2.4.3.7.3h11c.3 0 .5-.1.7-.3.2-.2.3-.5.3-.7s-.1-.5-.3-.7zM5.8 14.7l6.2 6.3 6.2-6.3c.2-.2.3-.5.3-.7s-.1-.5-.3-.7c-.2-.2-.4-.3-.7-.3h-11c-.3 0-.5.1-.7.3-.2.2-.3.5-.3.7s.1.5.3.7z\"\/><\/svg><\/span><\/span><\/span><\/a><\/span><\/div>\n<nav><ul class='ez-toc-list ez-toc-list-level-1 ' ><li class='ez-toc-page-1 ez-toc-heading-level-2'><a class=\"ez-toc-link ez-toc-heading-1\" href=\"https:\/\/www.skalnik.pl\/blog\/karkonosze-zima-5-szlakow-w-polskich-karkonoszach\/#Co_zabrac_w_Karkonosze_zima\" >Co zabra\u0107 w Karkonosze zim\u0105<\/a><\/li><li class='ez-toc-page-1 ez-toc-heading-level-2'><a class=\"ez-toc-link ez-toc-heading-2\" href=\"https:\/\/www.skalnik.pl\/blog\/karkonosze-zima-5-szlakow-w-polskich-karkonoszach\/#Karkonosze_szlaki_%E2%80%93_5_tras_na_zime\" >Karkonosze szlaki &#8211; 5 tras na zim\u0119<\/a><ul class='ez-toc-list-level-3' ><li class='ez-toc-heading-level-3'><a class=\"ez-toc-link ez-toc-heading-3\" href=\"https:\/\/www.skalnik.pl\/blog\/karkonosze-zima-5-szlakow-w-polskich-karkonoszach\/#Sniezka_z_Karpacza_przez_Samotnie\" >\u015anie\u017cka z Karpacza przez Samotni\u0119<\/a><\/li><li class='ez-toc-page-1 ez-toc-heading-level-3'><a class=\"ez-toc-link ez-toc-heading-4\" href=\"https:\/\/www.skalnik.pl\/blog\/karkonosze-zima-5-szlakow-w-polskich-karkonoszach\/#Weekendowy_klasyk_grzbietem_Karkonoszy\" >Weekendowy klasyk grzbietem Karkonoszy<\/a><\/li><li class='ez-toc-page-1 ez-toc-heading-level-3'><a class=\"ez-toc-link ez-toc-heading-5\" href=\"https:\/\/www.skalnik.pl\/blog\/karkonosze-zima-5-szlakow-w-polskich-karkonoszach\/#Przez_Budniki_na_Skalny_Stol\" >Przez Budniki na Skalny St\u00f3\u0142<\/a><\/li><li class='ez-toc-page-1 ez-toc-heading-level-3'><a class=\"ez-toc-link ez-toc-heading-6\" href=\"https:\/\/www.skalnik.pl\/blog\/karkonosze-zima-5-szlakow-w-polskich-karkonoszach\/#Ze_Szklarskiej_Poreby_na_Szrenice\" >Ze Szklarskiej Por\u0119by na Szrenic\u0119<\/a><\/li><li class='ez-toc-page-1 ez-toc-heading-level-3'><a class=\"ez-toc-link ez-toc-heading-7\" href=\"https:\/\/www.skalnik.pl\/blog\/karkonosze-zima-5-szlakow-w-polskich-karkonoszach\/#Z_Jagniatkowa_pod_Czarny_Kociol\" >Z Jagni\u0105tkowa pod Czarny Kocio\u0142<\/a><\/li><\/ul><\/li><\/ul><\/nav><\/div>\n<h2 class=\"wp-block-heading\"><span class=\"ez-toc-section\" id=\"Co_zabrac_w_Karkonosze_zima\"><\/span>Co zabra\u0107 w Karkonosze zim\u0105<span class=\"ez-toc-section-end\"><\/span><\/h2>\n\n\n\n<p>Je\u015bli chodzi o warunki poruszania si\u0119 po zimowych Karkonoszach, najwi\u0119kszymi przeszkodami b\u0119dzie tu miejscami bardzo silny wiatr (na grzbiecie mog\u0105cy wr\u0119cz uniemo\u017cliwia\u0107 w\u0119dr\u00f3wk\u0119), ograniczona widoczno\u015b\u0107 oraz zasypane, nieprzetarte szlaki po wi\u0119kszych opadach \u015bniegu, ale jedynie w mniej ucz\u0119szczanych rejonach. Mniejszym problemem (co nie znaczy, \u017ce nie wyst\u0119puj\u0105cym!) jest tu zagro\u017cenie lawinowe, poniewa\u017c najbardziej wystawione na dzia\u0142anie lawin odcinki szlak\u00f3w s\u0105 po prostu zamkni\u0119te (czyli zupe\u0142nie inaczej ni\u017c np. w Tatrach).<\/p>\n\n\n\n<p><span class=\"has-inline-color has-vivid-cyan-blue-color\">O karkonoskich lawinach mo\u017cesz przeczyta\u0107 w innym tek\u015bcie na blogu. <a href=\"https:\/\/skalnik.pl\/blog\/lawiny-w-karkonoszach\/\" target=\"_blank\" rel=\"noreferrer noopener\"><strong>Zajrzyj tutaj<\/strong>!<\/a><\/span><\/p>\n\n\n\n<p>Na grzbiecie Karkonoszy, gdy tradycyjne malowane znaki b\u0119d\u0105 przysypane \u015bniegiem, b\u0119dziemy wyszukiwa\u0107 wysokich, drewnianych tyczek, kt\u00f3re wyznacz\u0105 nam drog\u0119. Co ciekawe, zimowe warianty szlak\u00f3w nierzadko potrafi\u0105 by\u0107 kr\u00f3tsze ni\u017c letnie, gdy\u017c poprowadzone s\u0105 prostsz\u0105 tras\u0105 zamiast kluczy\u0107 zakosami po\u015br\u00f3d ska\u0142 i kosodrzewiny. Co ze sob\u0105 zabra\u0107 na w\u0119dr\u00f3wk\u0119? Przygotowa\u0142em list\u0119 niezb\u0119dnego wyposa\u017cenia:<\/p>\n\n\n\n<ul class=\"wp-block-list\"><li>kurtka z kapturem i porz\u0105dn\u0105 os\u0142on\u0105 okolic twarzy (z uwagi na wspomniany wiatr), czyli hardhshell\/softshell z wysok\u0105 gard\u0105<\/li><li>chusta wielofunkcyjna, Buff \u2013 idealnie sprawdza si\u0119 taki z we\u0142ny merino, b\u0105d\u017a ze wstawkami z windstoppera<\/li><li>okulary lub gogle &#8211; przy mocnym wietrze chroni\u0105ce oczy przed uderzeniami \u015bnie\u017cnych drobinek, przy tzw. &#8222;lampie&#8221; chroni\u0105ce od silnych promieni s\u0142o\u0144ca odbitych od \u015bniegu<\/li><li>kije trekkingowe z zimowymi talerzykami na g\u0142\u0119boki \u015bnieg<\/li><li>raczki turystyczne\/raki<\/li><li>rakiety? Bardziej na wspomniane mniej ucz\u0119szczane, nieprzetarte rejony czyli wsch\u00f3d (Kowarski Grzbiet) i zach\u00f3d (Przedzia\u0142)<\/li><li>buty z membran\u0105 (np. Gore-Tex)<\/li><li>stuptuty, kt\u00f3re zapobiegn\u0105 wsypywaniu si\u0119 \u015bniegu do wn\u0119trza buta.<\/li><li>czo\u0142\u00f3wka \u2013 z uwagi na szybko zapadaj\u0105cy zim\u0105 zmrok, warto zabra\u0107 nawet na kr\u00f3tkie trasy.<\/li><li>telefon kom\u00f3rkowy z wgran\u0105 aplikacj\u0105 &#8222;Ratunek&#8221; \u2013 turysta przezorny, to turysta zawsze ubezpieczony \u2013 w Karkonoszach zasi\u0119g telefonii polskiej albo czeskiej pokrywa na szcz\u0119\u015bcie du\u017c\u0105 cz\u0119\u015b\u0107 szlak\u00f3w<\/li><\/ul>\n\n\n\n<p><span class=\"has-inline-color has-vivid-cyan-blue-color\">Brakuje Ci czego\u015b w ekwipunku? Pod tym linkiem znajdziesz <a href=\"https:\/\/skalnik.pl\/sprzet-zimowy\/turystyka-zimowa\/turystyka-zimowa-raki-raczki\/raczki-turystyczne\" target=\"_blank\" rel=\"noreferrer noopener\"><strong>raczki turystyczne<\/strong><\/a>, a tutaj markowe <a href=\"https:\/\/skalnik.pl\/odziez\/akcesoria\/akcesoria-ochraniacze-stuptuty\" target=\"_blank\" rel=\"noreferrer noopener\"><strong>stuptuty<\/strong><\/a>.<\/span><\/p>\n\n\n\n<p>Du\u017ca liczba schronisk turystycznych w Karkonoszach raczej nie pozwoli nam umrze\u0107 z g\u0142odu lub pragnienia, niemniej zawsze dobrze wrzuci\u0107 do plecaka termos\/kubek termiczny z gor\u0105c\u0105 herbat\u0105 i energetyczn\u0105 przek\u0105sk\u0119\/czekolad\u0119.<\/p>\n\n\n\n<h2 class=\"wp-block-heading\"><span class=\"ez-toc-section\" id=\"Karkonosze_szlaki_%E2%80%93_5_tras_na_zime\"><\/span>Karkonosze szlaki &#8211; 5 tras na zim\u0119<span class=\"ez-toc-section-end\"><\/span><\/h2>\n\n\n\n<p>Plecak spakowany? No to ruszamy. Przestawiam 5 moich ulubionych tras na zimow\u0105 w\u0119dr\u00f3wk\u0119 w Karkonoszach. Kolejno\u015b\u0107 poni\u017cszych tras zupe\u0142nie przypadkowa. W szlaki turystyczne Karkonosze wr\u0119cz obfituj\u0105 &#8211; zestawienie jest wi\u0119c subiektywne. Wedle uznania trasy mo\u017cna zmodyfikowa\u0107 do w\u0142asnych potrzeb.<\/p>\n\n\n\n<h3 class=\"wp-block-heading\"><span class=\"ez-toc-section\" id=\"Sniezka_z_Karpacza_przez_Samotnie\"><\/span>\u015anie\u017cka z Karpacza przez Samotni\u0119<span class=\"ez-toc-section-end\"><\/span><\/h3>\n\n\n\n<p>Przebieg trasy: Karpacz Bia\u0142y Jar &gt; Polana &gt; Samotnia &gt; Spalona Stra\u017cnica &gt; Dom \u015al\u0105ski &gt; \u015anie\u017cka &gt; Dom \u015al\u0105ski &gt; Kopa &gt; Karpacz Bia\u0142y Jar<br><em><strong>Szlaki:<\/strong> zielony, niebieski, czerwony, czarny<br><strong>Dystans:<\/strong> ~17 km (+1022 m\/- 1015 m)<\/em><img loading=\"lazy\" decoding=\"async\" src=\"https:\/\/skalnik.pl\/blog\/wp-content\/uploads\/2019\/02\/04-1024x576.jpg\" alt=\"\" width=\"1024\" height=\"576\"><em>Kaplica na szczycie \u015anie\u017cki.<\/em><\/p>\n\n\n\n<p>Zestawienie otwiera wycieczka pozwalaj\u0105ca odwiedzi\u0107 dwa spo\u015br\u00f3d najpi\u0119kniejszych i najbardziej rozpoznawalnych miejsc w Karkonoszach. Tras\u0119 rozpoczynamy w Bia\u0142ym Jarze w Karpaczu, sk\u0105d powoli, ale konsekwentnie pniemy si\u0119 w g\u00f3r\u0119 przez Polan\u0119 do schroniska Samotnia, kt\u00f3re bezapelacyjnie zas\u0142uguje na tytu\u0142 najpi\u0119kniej po\u0142o\u017conego schroniska w ca\u0142ych Karkonoszach, w ca\u0142ych Sudetach&#8230; a mo\u017ce i w ca\u0142ej Polsce? To dobre miejsce na kr\u00f3tk\u0105 przerw\u0119 przy gor\u0105cej herbacie z widokiem na spektakularne \u015bciany Kot\u0142a Ma\u0142ego Stawu.<img loading=\"lazy\" decoding=\"async\" src=\"https:\/\/skalnik.pl\/blog\/wp-content\/uploads\/2019\/02\/P1150579-1024x575.jpg\" alt=\"Schronisko Samotnia\" width=\"1024\" height=\"575\"><em>Samotnia po\u0142o\u017cona nad Ma\u0142ym Stawem to schronisko przez wielu uwa\u017cane za najpi\u0119kniejsze w polskich g\u00f3rach.<\/em><\/p>\n\n\n\n<p>Kontynuuj\u0105c podej\u015bcie, miniemy schronisko Strzecha Akademicka, nast\u0119pnie osi\u0105gniemy grzbiet Karkonoszy w miejscu zwanym Spalon\u0105 Stra\u017cnic\u0105. Dalej czeka nas spacer po szerokim grzbiecie Karkonoszy do Domu \u015al\u0105skiego. Gwar panuje tu zwykle nieziemski, schronisko pe\u0142ne jest w\u0119drowc\u00f3w szykuj\u0105cych si\u0119 przy misce \u017curku do zdobycia najwy\u017cszego szczytu Karkonoszy, kt\u00f3ry wydaje si\u0119 st\u0105d by\u0107 na wyci\u0105gni\u0119cie r\u0119ki. Niech was jednak ta blisko\u015b\u0107 nie zwiedzie. Droga na szczyt to oko\u0142o 40 minut wspinaczki i cho\u0107 tras\u0119 t\u0119 w popularne weekendy pokonuj\u0105 setki i tysi\u0105ce turyst\u00f3w, jest to jeden z najtrudniejszych odcink\u00f3w w ca\u0142ych Karkonoszach! Bardzo cz\u0119sto \u015bcie\u017cka, tzw. &#8222;zakosami&#8221;, na \u015anie\u017ck\u0119 skuta jest lodem i posiadanie raczk\u00f3w turystycznych, a je\u015bli posiadacie to i pe\u0142nowymiarowych rak\u00f3w, b\u0119dzie tutaj absolutnie obowi\u0105zkowe.<img loading=\"lazy\" decoding=\"async\" src=\"https:\/\/skalnik.pl\/blog\/wp-content\/uploads\/2019\/02\/03-1024x502.jpg\" alt=\"Szlak zimowy na \u015anie\u017ck\u0119\" width=\"1024\" height=\"502\"><em>Zim\u0105 z Domu \u015al\u0105skiego na \u015anie\u017ck\u0119 chodzi si\u0119 tylko zakosami. Droga Jubileuszowa w tym czasie jest szlakiem zamkni\u0119tym.<\/em><\/p>\n\n\n\n<p>Je\u015bli pogoda dopisze, wszelkie trudy podej\u015bcia zostan\u0105 wam na szczycie wynagrodzone przez rozpo\u015bcieraj\u0105cy si\u0119 na cztery strony \u015bwiata niesamowity widok na polskie i czeskie pasma g\u00f3rskie, widoczne a\u017c po horyzont. Warianty na powr\u00f3t do Karpacza mamy dwa (po zej\u015bciu zn\u00f3w do Domu \u015al\u0105skiego). Pierwszy, szybszy i \u0142atwiejszy to zjazd kolejk\u0105 krzese\u0142kow\u0105 z Kopy wprost do Karpacza. Drugi to zej\u015bcie na w\u0142asnych nogach, najlepiej czarnym szlakiem przez Kop\u0119 i Bia\u0142y Jar.<\/p>\n\n\n\n<h3 class=\"wp-block-heading\"><span class=\"ez-toc-section\" id=\"Weekendowy_klasyk_grzbietem_Karkonoszy\"><\/span>Weekendowy klasyk grzbietem Karkonoszy<span class=\"ez-toc-section-end\"><\/span><\/h3>\n\n\n\n<p>Przebieg trasy: Szklarska Por\u0119ba &gt; Wodospad Kamie\u0144czyka &gt; Szrenica &gt; \u015anie\u017cne Kot\u0142y &gt; Schronisko Odrodzenie (nocleg) &gt; Dom \u015al\u0105ski &gt; \u015anie\u017cka &gt; Karpacz<br><em><strong>Szlaki:<\/strong> czerwony, czarny<\/em><br><em><strong>Dystans:<\/strong> ~35,5 km (+1626 m\/-1620 m)<\/em><\/p>\n\n\n\n<p>Pi\u0119kna, d\u0142uga trasa, kt\u00f3r\u0105 zar\u00f3wno latem jak i zim\u0105 gor\u0105co polecam ka\u017cdemu kto ma do dyspozycji dwa dni i ma ochot\u0119 zobaczy\u0107 Karkonosze &#8222;w pigu\u0142ce&#8221;. Start w Szklarskiej Por\u0119bie, meta w Karpaczu (b\u0105d\u017a w odwrotnym kierunku). Grzbietowy szlak czerwony najcz\u0119\u015bciej jest dobrze przedeptany na ca\u0142ej d\u0142ugo\u015bci, wi\u0119c w\u0119dr\u00f3wka nie powinna sprawi\u0107 wi\u0119kszych trudno\u015bci. Z uwagi na d\u0142ugo\u015b\u0107 szlaku oraz mnogo\u015b\u0107 atrakcji po drodze, warto zaplanowa\u0107 sobie nocleg na trasie. Zupe\u0142nie przypadkiem w po\u0142owie g\u0142\u00f3wnego grzbietu Karkonoszy, kt\u00f3ry b\u0119dziemy pokonywa\u0107, znajduje si\u0119 Prze\u0142\u0119cz Karkonoska ze schroniskiem g\u00f3rskim Odrodzenie, kt\u00f3re jest do tego idealnym miejscem.<img loading=\"lazy\" decoding=\"async\" src=\"https:\/\/skalnik.pl\/blog\/wp-content\/uploads\/2019\/02\/P1080739-1024x768.jpg\" alt=\"zimowe karkonosze\" width=\"1024\" height=\"768\"><em>Podczas w\u0119dr\u00f3wki mo\u017cna zachwyca\u0107 si\u0119 co chwil\u0119. Oczywi\u015bcie warunkiem jest dobra pogoda, a nie s\u0142ynna karkonoska mg\u0142a. Cho\u0107 i wtedy w g\u00f3rach jest zjawiskowo.<\/em><\/p>\n\n\n\n<p>Praktycznie ca\u0142y czas poruszamy si\u0119 czerwonym szlakiem, kt\u00f3ry wij\u0105c si\u0119 w g\u00f3r\u0119 i w d\u00f3\u0142 prowadzi nas wspomnianym grzbietem Karkonoszy, mijaj\u0105c po drodze wiele obowi\u0105zkowych do zobaczenia w tym rejonie miejsc, takich jak: wodospad Kamie\u0144czyka, Szrenica, \u015anie\u017cne Kot\u0142y (uwaga na zalecany zimowy wariant, kt\u00f3ry nie prowadzi &#8211; jak latem kraw\u0119dzi\u0105 kot\u0142a &#8211; ale wiedzie turyst\u00f3w w pewnym oddaleniu, by nast\u0119pnie trawersowa\u0107 od po\u0142udnia szczyt Wielkiego Szyszaka), S\u0142onecznik czy \u015anie\u017ck\u0119. Wracaj\u0105c do koloru szlaku, warto wspomnie\u0107, \u017ce chocia\u017c latem faktycznie mo\u017cemy trzyma\u0107 si\u0119 ca\u0142e dwa dni znak\u00f3w malowanych czerwon\u0105 farb\u0105, tak zim\u0105 odcinek prowadz\u0105cy Kot\u0142em \u0141omniczki jest zamkni\u0119ty i musimy zej\u015b\u0107 do Karpacza, korzystaj\u0105c z jednego z zako\u0144cze\u0144 poprzedniej trasy (Bia\u0142y Jar\/kolejka z Kopy), b\u0105d\u017a po zdobyciu \u015anie\u017cki kontynuowa\u0107 w\u0119dr\u00f3wk\u0119 a\u017c do Sowiej Prze\u0142\u0119czy i dopiero tam odbi\u0107 do Karpacza czarnym szlakiem przez urokliw\u0105 Sowi\u0105 Dolin\u0119.<\/p>\n\n\n\n<h3 class=\"wp-block-heading\"><span class=\"ez-toc-section\" id=\"Przez_Budniki_na_Skalny_Stol\"><\/span>Przez Budniki na Skalny St\u00f3\u0142<span class=\"ez-toc-section-end\"><\/span><\/h3>\n\n\n\n<p><em><strong>Przebieg trasy:<\/strong> Kowary &gt; Budniki &gt; Skalny St\u00f3\u0142 &gt; Sowia Prze\u0142\u0119cz &gt; Sowia Dolina &gt; Karpacz<\/em><br><em><strong>Szlaki:<\/strong> \u017c\u00f3\u0142ty, czarny, zielony<\/em><br><em><strong>Dystans:<\/strong> 13,9 km (+871 m\/-785 m)<\/em><\/p>\n\n\n\n<p>Bardzo, bardzo lubi\u0119 t\u0119 cz\u0119\u015b\u0107 Karkonoszy, poniewa\u017c szlaki od Kowar nie s\u0105 tak zadeptane jak te od strony Karpacza czy Szklarskiej. Wyruszaj\u0105c wcze\u015bnie rano z centrum Kowar, mo\u017cemy zazna\u0107 niespotykanej ciszy, przerywanej tylko chrupaniem \u015bniegu pod butami.<img loading=\"lazy\" decoding=\"async\" src=\"https:\/\/skalnik.pl\/blog\/wp-content\/uploads\/2019\/02\/P1110342-1024x768.jpg\" alt=\"skalny st\u00f3\u0142 zim\u0105\" width=\"1024\" height=\"768\"><em>Widok ze Skalnego Sto\u0142u to jedna z najpi\u0119kniejszych karkonoskich panoram.<\/em><\/p>\n\n\n\n<p>\u017b\u00f3\u0142ty szlak wyprowadza nas z Kowar do Budnik. To tajemnicze miejsce, b\u0119d\u0105ce pozosta\u0142o\u015bci\u0105 po nieistnej\u0105cej ju\u017c osadzie, kt\u00f3ra s\u0142yn\u0119\u0142a z niebywale trudnych warunk\u00f3w klimatycznych &#8211; rekordowa pokywa \u015bnie\u017cna oraz kompletny brak s\u0142o\u0144ca przez ca\u0142e 113 dni w roku czyni\u0142 \u017cycie w Budnikach wyj\u0105tkowo ci\u0119\u017ckim. Do dzi\u015b przetrwa\u0142y tu jedynie fragmenty fundament\u00f3w, ale wizyta w tym miejscu dzia\u0142a na wyobra\u017ani\u0119 nie tylko mi\u0142o\u015bnikom sudeckiej historii. Dalej czeka nas do\u015b\u0107 forsowna wspinaczka na g\u00f3r\u0119 Kowarskiego Grzbietu, szlak cz\u0119sto bywa tu nieprzetarty, wi\u0119c liczcie si\u0119 z konieczno\u015bci\u0105 torowania, miejscami i do kolan. Warto si\u0119 natrudzi\u0107, gdy\u017c osi\u0105gaj\u0105c szczyt Skalnego Sto\u0142u, mamy okazj\u0119 st\u0105d podziwia\u0107 jeden z najpi\u0119kniejszych widok\u00f3w w ca\u0142ych Karkonoszach! Je\u015bli mamy szcz\u0119\u015bcie i wyst\u0105pi dodatkowo inwersja, czyli warstwa chmur zakryje podn\u00f3\u017ce Karkonoszy, jedyne co mo\u017cna tu zrobi\u0107, poza przerw\u0105 na \u0142yk kawy z termosu, to zebranie szcz\u0119ki z ziemi.<\/p>\n\n\n\n<p>W zale\u017cno\u015bci od pory dnia oraz naszej formy, mo\u017cemy ze Skalnego Sto\u0142u zej\u015b\u0107 w d\u00f3\u0142 w kierunku czeskiego schroniska Jelenka, po czym odbi\u0107 przez Sowi\u0105 Dolin\u0119 do Karpacza lub z powrotem do Kowar. Natomiast je\u015bli mamy zapas si\u0142 i czasu, warto kontynuowa\u0107 w\u0119dr\u00f3wk\u0119 przez Czarn\u0105 Kop\u0119, sk\u0105d po \u0142agodnym, acz do\u015b\u0107 m\u0119cz\u0105cym podej\u015bciu mo\u017cna zdoby\u0107 szczyt \u015anie\u017cki od nieoczywistej dla wielu turyst\u00f3w, wschodniej strony. Ze \u015anie\u017cki ju\u017c wiadomo \u2013 na \u0142eb na szyj\u0119 do Karpacza, b\u0105d\u017a zjazd kolejk\u0105 z Kopy.<\/p>\n\n\n\n<h3 class=\"wp-block-heading\"><span class=\"ez-toc-section\" id=\"Ze_Szklarskiej_Poreby_na_Szrenice\"><\/span>Ze Szklarskiej Por\u0119by na Szrenic\u0119<span class=\"ez-toc-section-end\"><\/span><\/h3>\n\n\n\n<p><em><strong>Przebieg trasy:<\/strong> Szklarska Por\u0119ba &gt; Szrenica (wjazd kolejk\u0105) &gt; Schronisko Pod \u0141abskim Szczytem &gt; Wodospad Szklarki &gt; Kochan\u00f3wka &gt; Szklarska Por\u0119ba<\/em><br><em><strong>Szlaki:<\/strong> czerwony, \u017c\u00f3\u0142ty, niebieski, zielony<\/em><br><em><strong>Dystans:<\/strong> 13 km (+394 m\/- 1098 m)<\/em><\/p>\n\n\n\n<p class=\"has-text-align-left\">Bardzo przyjemna trasa, idealna na rodzinny wypad do Szklarskiej. Aby uczyni\u0107 wycieczk\u0119 jeszcze atrakcyjniejsz\u0105, np. dla dzieciak\u00f3w, warto zacz\u0105\u0107 od wjazdu kolejk\u0105 krzese\u0142kow\u0105 na szczyt Szrenicy. Uraczywszy si\u0119 w odremontowanym niedawno schronisku czym\u015b gor\u0105cym, idziemy grzbietowym szlakiem czerwonym w kierunku Czeskiej Budki. Je\u015bli pogoda sprzyja, mo\u017cna st\u0105d podej\u015b\u0107 do \u015anie\u017cnych Kot\u0142\u00f3w, aby zazna\u0107 przestrzeni i widok\u00f3w, je\u015bli widoczno\u015b\u0107 nie jest zbyt dobra (co jest tu niestety cz\u0119ste) skr\u0119camy zimowym wariantem (duuu\u017co szybszy ni\u017c letni, szkoda, \u017ce po sezonie zimowym wygodniccy tury\u015bci i tak czasem z niego korzystaj\u0105, przeskakuj\u0105c przez drewniany szlaban) do klimatycznego Schroniska Pod \u0141abskiem Szczytem. Obok Samotni to zdecydowanie moje ulubione schronisko w Karkonoszach, warte odwiedzenia za ka\u017cdym razem, gdy jeste\u015bmy w pobli\u017cu.<em><img loading=\"lazy\" decoding=\"async\" src=\"https:\/\/skalnik.pl\/blog\/wp-content\/uploads\/2019\/02\/P1080733-1024x768.jpg\" alt=\"wodospad szklarki w zimie\" width=\"1024\" height=\"768\">Wodospad Szklarki zim\u0105 te\u017c wygl\u0105da bardzo atrakcyjnie.<\/em><\/p>\n\n\n\n<p>St\u0105d \u017c\u00f3\u0142tym szlakiem mo\u017cna szybko i \u0142atwo zej\u015b\u0107 z powrotem do Szklarskiej, polecam jednak obra\u0107 szlak niebieski i korzystaj\u0105c z okazji odwiedzi\u0107 jeszcze pi\u0119kny wodospad Szklarki i po\u0142o\u017cone nieopodal schronisko Kochan\u00f3wka. Stamt\u0105d do centrum Szklarskiej czeka nas ju\u017c p\u0142aska i wygodna, wr\u0119cz spacerowa droga wzd\u0142u\u017c rzeki Kamienna.<\/p>\n\n\n\n<h3 class=\"wp-block-heading\"><span class=\"ez-toc-section\" id=\"Z_Jagniatkowa_pod_Czarny_Kociol\"><\/span>Z Jagni\u0105tkowa pod Czarny Kocio\u0142<span class=\"ez-toc-section-end\"><\/span><\/h3>\n\n\n\n<p><em><strong>Przebieg trasy:<\/strong> Jagni\u0105tk\u00f3w &gt; Czarny Kocio\u0142 Jagni\u0105tkowski &gt; Czarna Prze\u0142\u0119cz &gt; Hutniczy Grzbiet &gt; Jagni\u0105tk\u00f3w<\/em><br><em><strong>Szlaki:<\/strong> niebieski, czerwony, czarny<\/em><br><em><strong>Dystans:<\/strong> 14,6 km (+989 m\/-898 m)<\/em><\/p>\n\n\n\n<p class=\"has-text-align-left\">Taka ju\u017c specyfika Karkonoszy, \u017ce sporo tu miejsc\u00f3wek, kt\u00f3re zapewniaj\u0105 lepsze doznania widokowe z do\u0142u ni\u017c z g\u00f3ry. Obok popularnego, zielonego szlaku przez \u015anie\u017cne Stawki, kt\u00f3ry oferuje niesamowity widok w g\u00f3r\u0119 \u015anie\u017cnych Kot\u0142\u00f3w, moim ulubionym \u2013 bez dw\u00f3ch zda\u0144 \u2013 jest Czarny Kocio\u0142 Jagni\u0105tkowski.<img loading=\"lazy\" decoding=\"async\" src=\"https:\/\/skalnik.pl\/blog\/wp-content\/uploads\/2019\/02\/P1130960-1024x768.jpg\" alt=\"\" width=\"1024\" height=\"768\"><em>Czarny Kocio\u0142 to miejsce nie tak popularne, a jak\u017ce urokliwe!<\/em><\/p>\n\n\n\n<p>Troch\u0119 niedoceniany, ale warto specjalnie przyjecha\u0107 do Jagni\u0105tkowa, \u017ceby zrobi\u0107 sobie p\u0119tl\u0119 u jego st\u00f3p. Id\u0105c z Jagni\u0105tkowa niebieskim szlakiem, to w\u0142a\u015bnie po drodze na Czarn\u0105 Prze\u0142\u0119cz b\u0119dziemy mija\u0107 przepi\u0119kne punkty widokowe na Czarny Kocio\u0142. Spod podn\u00f3\u017ca kot\u0142a idziemy dalej do g\u00f3ry wdrapuj\u0105c si\u0119 na grzbiet Karkonoszy, gdzie na Czarnej Prze\u0142\u0119czy, nieopodal \u015amielca, mo\u017cna zrobi\u0107 sobie przerw\u0119 na odpoczynek w drewnianej wiacie. St\u0105d przez Czeskie Kamienie i Petrow\u0105 Bud\u0119 mo\u017cemy zatoczy\u0107 idealn\u0105 p\u0119tl\u0119 i czarnym szlakiem zej\u015b\u0107 z powrotem do Jagni\u0105tkowa.<\/p>\n\n\n\n<p>&nbsp;<\/p>\n\n\n\n<p>Dotarli\u015bmy do ko\u0144ca, a ja wci\u0105\u017c czuj\u0119 niedosyt. G\u0119sto\u015b\u0107 szlak\u00f3w turystycznych w Karkonoszach sprawia, \u017ce nie da si\u0119 tu nudzi\u0107 i ka\u017cdy kolejny wyjazd pozwala odkry\u0107 co\u015b nowego, cho\u0107by by\u0142 to jaki\u015b kr\u00f3tki odcinek nieznany nam wcze\u015bniej. Zacz\u0105\u0142em te\u017c od polskiej strony, a pami\u0119tajmy, \u017ce czeska cz\u0119\u015b\u0107 Karkonoszy to temat na zupe\u0142nie inn\u0105 histori\u0119. A jakie s\u0105 wasze ulubione trasy po zimowych Karkonoszach?<\/p>\n\n\n\n<p><span class=\"has-inline-color has-vivid-cyan-blue-color\">Planuj\u0105c zimowe w\u0119dr\u00f3wki pami\u0119taj, by bezwzgl\u0119dnie sprawdza\u0107 pogod\u0119 i  dowiedzie\u0107 si\u0119, jakie warunki panuj\u0105 w g\u00f3rach. Zajrzyj do artyku\u0142u, w kt\u00f3rym zdradzamy, <a href=\"https:\/\/skalnik.pl\/blog\/pogoda-w-gorach-gdzie-sprawdzac-prognozy\/\" target=\"_blank\" rel=\"noreferrer noopener\">gdzie sprawdza\u0107 prognozy pogody w g\u00f3ry<\/a>. <\/span><\/p>\n","protected":false},"excerpt":{"rendered":"<p>Zastanawiasz si\u0119, gdzie p\u00f3j\u015b\u0107 zim\u0105 w Karkonoszach? 5 tras zimowych w najwy\u017cszym pa\u015bmie Sudet\u00f3w czeka \u017ceby je sprawdzi\u0107. Wyrusz w drog\u0119!<\/p>\n","protected":false},"author":21,"featured_media":11512,"comment_status":"open","ping_status":"open","sticky":false,"template":"","format":"standard","meta":{"_acf_changed":false,"footnotes":""},"categories":[84],"tags":[148,94,162,91,16],"magento_category":[189],"magento_product":[],"class_list":["post-5709","post","type-post","status-publish","format-standard","has-post-thumbnail","hentry","category-pasja","tag-akcesoria-turystyczne","tag-inspiracje","tag-sudety","tag-trekking","tag-zima"],"acf":[],"aioseo_notices":[],"aioseo_head":"\n\t\t<!-- All in One SEO 4.9.10 - aioseo.com -->\n\t<meta name=\"description\" content=\"Zastanawiasz si\u0119, gdzie p\u00f3j\u015b\u0107 zim\u0105 w Karkonoszach? 5 tras zimowych w najwy\u017cszym pa\u015bmie Sudet\u00f3w czeka \u017ceby je sprawdzi\u0107. Wyrusz w drog\u0119!\" \/>\n\t<meta name=\"robots\" content=\"max-image-preview:large\" \/>\n\t<meta name=\"author\" content=\"Dominik Marzec\"\/>\n\t<link rel=\"canonical\" href=\"https:\/\/www.skalnik.pl\/blog\/karkonosze-zima-5-szlakow-w-polskich-karkonoszach\/\" \/>\n\t<meta name=\"generator\" content=\"All in One SEO (AIOSEO) 4.9.10\" \/>\n\t\t<meta property=\"og:locale\" content=\"pl_PL\" \/>\n\t\t<meta property=\"og:site_name\" content=\"blog Skalnik - Blog, porady, artyku\u0142y - blog Skalnik\" \/>\n\t\t<meta property=\"og:type\" content=\"article\" \/>\n\t\t<meta property=\"og:title\" content=\"Karkonosze zim\u0105 \u2013 szlaki zimowe w Karkonoszach - blog Skalnik\" \/>\n\t\t<meta property=\"og:description\" content=\"Zastanawiasz si\u0119, gdzie p\u00f3j\u015b\u0107 zim\u0105 w Karkonoszach? 5 tras zimowych w najwy\u017cszym pa\u015bmie Sudet\u00f3w czeka \u017ceby je sprawdzi\u0107. Wyrusz w drog\u0119!\" \/>\n\t\t<meta property=\"og:url\" content=\"https:\/\/www.skalnik.pl\/blog\/karkonosze-zima-5-szlakow-w-polskich-karkonoszach\/\" \/>\n\t\t<meta property=\"og:image\" content=\"https:\/\/skalnik.pl\/blog\/wp-content\/uploads\/2019\/02\/07-e1550875476854-1024x699.jpg\" \/>\n\t\t<meta property=\"og:image:secure_url\" content=\"https:\/\/skalnik.pl\/blog\/wp-content\/uploads\/2019\/02\/07-e1550875476854-1024x699.jpg\" \/>\n\t\t<meta property=\"article:tag\" content=\"pasja\" \/>\n\t\t<meta property=\"article:tag\" content=\"akcesoria turystyczne\" \/>\n\t\t<meta property=\"article:tag\" content=\"inspiracje\" \/>\n\t\t<meta property=\"article:tag\" content=\"sudety\" \/>\n\t\t<meta property=\"article:tag\" content=\"trekking\" \/>\n\t\t<meta property=\"article:tag\" content=\"zima\" \/>\n\t\t<meta property=\"article:published_time\" content=\"2019-02-25T10:25:45+00:00\" \/>\n\t\t<meta property=\"article:modified_time\" content=\"2022-02-07T12:53:21+00:00\" \/>\n\t\t<meta name=\"twitter:card\" content=\"summary_large_image\" \/>\n\t\t<meta name=\"twitter:title\" content=\"Karkonosze zim\u0105 \u2013 szlaki zimowe w Karkonoszach - blog Skalnik\" \/>\n\t\t<meta name=\"twitter:description\" content=\"Zastanawiasz si\u0119, gdzie p\u00f3j\u015b\u0107 zim\u0105 w Karkonoszach? 5 tras zimowych w najwy\u017cszym pa\u015bmie Sudet\u00f3w czeka \u017ceby je sprawdzi\u0107. Wyrusz w drog\u0119!\" \/>\n\t\t<meta name=\"twitter:image\" content=\"https:\/\/skalnik.pl\/blog\/wp-content\/uploads\/2019\/02\/07-e1550875476854-1024x699.jpg\" \/>\n\t\t<script type=\"application\/ld+json\" class=\"aioseo-schema\">\n\t\t\t{\"@context\":\"https:\\\/\\\/schema.org\",\"@graph\":[{\"@type\":\"BlogPosting\",\"@id\":\"https:\\\/\\\/www.skalnik.pl\\\/blog\\\/karkonosze-zima-5-szlakow-w-polskich-karkonoszach\\\/#blogposting\",\"name\":\"Karkonosze zim\\u0105 \\u2013 szlaki zimowe w Karkonoszach - blog Skalnik\",\"headline\":\"Karkonosze zim\\u0105 &#8211; szlaki zimowe w Karkonoszach\",\"author\":{\"@id\":\"https:\\\/\\\/www.skalnik.pl\\\/blog\\\/author\\\/dominik-marzec\\\/#author\"},\"publisher\":{\"@id\":\"https:\\\/\\\/www.skalnik.pl\\\/blog\\\/#organization\"},\"image\":{\"@type\":\"ImageObject\",\"url\":\"https:\\\/\\\/www.skalnik.pl\\\/blog\\\/wp-content\\\/uploads\\\/2019\\\/02\\\/mountains-3713266_1920.jpg\",\"width\":1920,\"height\":705},\"datePublished\":\"2019-02-25T11:25:45+02:00\",\"dateModified\":\"2022-02-07T13:53:21+02:00\",\"inLanguage\":\"pl-PL\",\"mainEntityOfPage\":{\"@id\":\"https:\\\/\\\/www.skalnik.pl\\\/blog\\\/karkonosze-zima-5-szlakow-w-polskich-karkonoszach\\\/#webpage\"},\"isPartOf\":{\"@id\":\"https:\\\/\\\/www.skalnik.pl\\\/blog\\\/karkonosze-zima-5-szlakow-w-polskich-karkonoszach\\\/#webpage\"},\"articleSection\":\"Pasja, akcesoria turystyczne, inspiracje, sudety, trekking, zima, 1129\"},{\"@type\":\"BreadcrumbList\",\"@id\":\"https:\\\/\\\/www.skalnik.pl\\\/blog\\\/karkonosze-zima-5-szlakow-w-polskich-karkonoszach\\\/#breadcrumblist\",\"itemListElement\":[{\"@type\":\"ListItem\",\"@id\":\"https:\\\/\\\/www.skalnik.pl\\\/blog#listItem\",\"position\":1,\"name\":\"Home\",\"item\":\"https:\\\/\\\/www.skalnik.pl\\\/blog\",\"nextItem\":{\"@type\":\"ListItem\",\"@id\":\"https:\\\/\\\/www.skalnik.pl\\\/blog\\\/.\\\/pasja\\\/#listItem\",\"name\":\"Pasja\"}},{\"@type\":\"ListItem\",\"@id\":\"https:\\\/\\\/www.skalnik.pl\\\/blog\\\/.\\\/pasja\\\/#listItem\",\"position\":2,\"name\":\"Pasja\",\"item\":\"https:\\\/\\\/www.skalnik.pl\\\/blog\\\/.\\\/pasja\\\/\",\"nextItem\":{\"@type\":\"ListItem\",\"@id\":\"https:\\\/\\\/www.skalnik.pl\\\/blog\\\/karkonosze-zima-5-szlakow-w-polskich-karkonoszach\\\/#listItem\",\"name\":\"Karkonosze zim\\u0105 &#8211; szlaki zimowe w Karkonoszach\"},\"previousItem\":{\"@type\":\"ListItem\",\"@id\":\"https:\\\/\\\/www.skalnik.pl\\\/blog#listItem\",\"name\":\"Home\"}},{\"@type\":\"ListItem\",\"@id\":\"https:\\\/\\\/www.skalnik.pl\\\/blog\\\/karkonosze-zima-5-szlakow-w-polskich-karkonoszach\\\/#listItem\",\"position\":3,\"name\":\"Karkonosze zim\\u0105 &#8211; szlaki zimowe w Karkonoszach\",\"previousItem\":{\"@type\":\"ListItem\",\"@id\":\"https:\\\/\\\/www.skalnik.pl\\\/blog\\\/.\\\/pasja\\\/#listItem\",\"name\":\"Pasja\"}}]},{\"@type\":\"Organization\",\"@id\":\"https:\\\/\\\/www.skalnik.pl\\\/blog\\\/#organization\",\"name\":\"blog Skalnik\",\"description\":\"Blog, porady, artyku\\u0142y - blog Skalnik\",\"url\":\"https:\\\/\\\/www.skalnik.pl\\\/blog\\\/\"},{\"@type\":\"Person\",\"@id\":\"https:\\\/\\\/www.skalnik.pl\\\/blog\\\/author\\\/dominik-marzec\\\/#author\",\"url\":\"https:\\\/\\\/www.skalnik.pl\\\/blog\\\/author\\\/dominik-marzec\\\/\",\"name\":\"Dominik Marzec\",\"image\":{\"@type\":\"ImageObject\",\"@id\":\"https:\\\/\\\/www.skalnik.pl\\\/blog\\\/karkonosze-zima-5-szlakow-w-polskich-karkonoszach\\\/#authorImage\",\"url\":\"https:\\\/\\\/secure.gravatar.com\\\/avatar\\\/3b5d5b73985d1015e6793369ac3b78362bc9b0fc6b0d982a1e6396714ef4fb75?s=96&d=mm&r=g\",\"width\":96,\"height\":96,\"caption\":\"Dominik Marzec\"}},{\"@type\":\"WebPage\",\"@id\":\"https:\\\/\\\/www.skalnik.pl\\\/blog\\\/karkonosze-zima-5-szlakow-w-polskich-karkonoszach\\\/#webpage\",\"url\":\"https:\\\/\\\/www.skalnik.pl\\\/blog\\\/karkonosze-zima-5-szlakow-w-polskich-karkonoszach\\\/\",\"name\":\"Karkonosze zim\\u0105 \\u2013 szlaki zimowe w Karkonoszach - blog Skalnik\",\"description\":\"Zastanawiasz si\\u0119, gdzie p\\u00f3j\\u015b\\u0107 zim\\u0105 w Karkonoszach? 5 tras zimowych w najwy\\u017cszym pa\\u015bmie Sudet\\u00f3w czeka \\u017ceby je sprawdzi\\u0107. Wyrusz w drog\\u0119!\",\"inLanguage\":\"pl-PL\",\"isPartOf\":{\"@id\":\"https:\\\/\\\/www.skalnik.pl\\\/blog\\\/#website\"},\"breadcrumb\":{\"@id\":\"https:\\\/\\\/www.skalnik.pl\\\/blog\\\/karkonosze-zima-5-szlakow-w-polskich-karkonoszach\\\/#breadcrumblist\"},\"author\":{\"@id\":\"https:\\\/\\\/www.skalnik.pl\\\/blog\\\/author\\\/dominik-marzec\\\/#author\"},\"creator\":{\"@id\":\"https:\\\/\\\/www.skalnik.pl\\\/blog\\\/author\\\/dominik-marzec\\\/#author\"},\"image\":{\"@type\":\"ImageObject\",\"url\":\"https:\\\/\\\/www.skalnik.pl\\\/blog\\\/wp-content\\\/uploads\\\/2019\\\/02\\\/mountains-3713266_1920.jpg\",\"@id\":\"https:\\\/\\\/www.skalnik.pl\\\/blog\\\/karkonosze-zima-5-szlakow-w-polskich-karkonoszach\\\/#mainImage\",\"width\":1920,\"height\":705},\"primaryImageOfPage\":{\"@id\":\"https:\\\/\\\/www.skalnik.pl\\\/blog\\\/karkonosze-zima-5-szlakow-w-polskich-karkonoszach\\\/#mainImage\"},\"datePublished\":\"2019-02-25T11:25:45+02:00\",\"dateModified\":\"2022-02-07T13:53:21+02:00\"},{\"@type\":\"WebSite\",\"@id\":\"https:\\\/\\\/www.skalnik.pl\\\/blog\\\/#website\",\"url\":\"https:\\\/\\\/www.skalnik.pl\\\/blog\\\/\",\"name\":\"blog Skalnik\",\"description\":\"Blog, porady, artyku\\u0142y - blog Skalnik\",\"inLanguage\":\"pl-PL\",\"publisher\":{\"@id\":\"https:\\\/\\\/www.skalnik.pl\\\/blog\\\/#organization\"}}]}\n\t\t<\/script>\n\t\t<!-- All in One SEO -->\n\n","aioseo_head_json":{"title":"Karkonosze zim\u0105 \u2013 szlaki zimowe w Karkonoszach - blog Skalnik","description":"Zastanawiasz si\u0119, gdzie p\u00f3j\u015b\u0107 zim\u0105 w Karkonoszach? 5 tras zimowych w najwy\u017cszym pa\u015bmie Sudet\u00f3w czeka \u017ceby je sprawdzi\u0107. Wyrusz w drog\u0119!","canonical_url":"https:\/\/www.skalnik.pl\/blog\/karkonosze-zima-5-szlakow-w-polskich-karkonoszach\/","robots":"max-image-preview:large","keywords":"","webmasterTools":{"miscellaneous":""},"schema":{"@context":"https:\/\/schema.org","@graph":[{"@type":"BlogPosting","@id":"https:\/\/www.skalnik.pl\/blog\/karkonosze-zima-5-szlakow-w-polskich-karkonoszach\/#blogposting","name":"Karkonosze zim\u0105 \u2013 szlaki zimowe w Karkonoszach - blog Skalnik","headline":"Karkonosze zim\u0105 &#8211; szlaki zimowe w Karkonoszach","author":{"@id":"https:\/\/www.skalnik.pl\/blog\/author\/dominik-marzec\/#author"},"publisher":{"@id":"https:\/\/www.skalnik.pl\/blog\/#organization"},"image":{"@type":"ImageObject","url":"https:\/\/www.skalnik.pl\/blog\/wp-content\/uploads\/2019\/02\/mountains-3713266_1920.jpg","width":1920,"height":705},"datePublished":"2019-02-25T11:25:45+02:00","dateModified":"2022-02-07T13:53:21+02:00","inLanguage":"pl-PL","mainEntityOfPage":{"@id":"https:\/\/www.skalnik.pl\/blog\/karkonosze-zima-5-szlakow-w-polskich-karkonoszach\/#webpage"},"isPartOf":{"@id":"https:\/\/www.skalnik.pl\/blog\/karkonosze-zima-5-szlakow-w-polskich-karkonoszach\/#webpage"},"articleSection":"Pasja, akcesoria turystyczne, inspiracje, sudety, trekking, zima, 1129"},{"@type":"BreadcrumbList","@id":"https:\/\/www.skalnik.pl\/blog\/karkonosze-zima-5-szlakow-w-polskich-karkonoszach\/#breadcrumblist","itemListElement":[{"@type":"ListItem","@id":"https:\/\/www.skalnik.pl\/blog#listItem","position":1,"name":"Home","item":"https:\/\/www.skalnik.pl\/blog","nextItem":{"@type":"ListItem","@id":"https:\/\/www.skalnik.pl\/blog\/.\/pasja\/#listItem","name":"Pasja"}},{"@type":"ListItem","@id":"https:\/\/www.skalnik.pl\/blog\/.\/pasja\/#listItem","position":2,"name":"Pasja","item":"https:\/\/www.skalnik.pl\/blog\/.\/pasja\/","nextItem":{"@type":"ListItem","@id":"https:\/\/www.skalnik.pl\/blog\/karkonosze-zima-5-szlakow-w-polskich-karkonoszach\/#listItem","name":"Karkonosze zim\u0105 &#8211; szlaki zimowe w Karkonoszach"},"previousItem":{"@type":"ListItem","@id":"https:\/\/www.skalnik.pl\/blog#listItem","name":"Home"}},{"@type":"ListItem","@id":"https:\/\/www.skalnik.pl\/blog\/karkonosze-zima-5-szlakow-w-polskich-karkonoszach\/#listItem","position":3,"name":"Karkonosze zim\u0105 &#8211; szlaki zimowe w Karkonoszach","previousItem":{"@type":"ListItem","@id":"https:\/\/www.skalnik.pl\/blog\/.\/pasja\/#listItem","name":"Pasja"}}]},{"@type":"Organization","@id":"https:\/\/www.skalnik.pl\/blog\/#organization","name":"blog Skalnik","description":"Blog, porady, artyku\u0142y - blog Skalnik","url":"https:\/\/www.skalnik.pl\/blog\/"},{"@type":"Person","@id":"https:\/\/www.skalnik.pl\/blog\/author\/dominik-marzec\/#author","url":"https:\/\/www.skalnik.pl\/blog\/author\/dominik-marzec\/","name":"Dominik Marzec","image":{"@type":"ImageObject","@id":"https:\/\/www.skalnik.pl\/blog\/karkonosze-zima-5-szlakow-w-polskich-karkonoszach\/#authorImage","url":"https:\/\/secure.gravatar.com\/avatar\/3b5d5b73985d1015e6793369ac3b78362bc9b0fc6b0d982a1e6396714ef4fb75?s=96&d=mm&r=g","width":96,"height":96,"caption":"Dominik Marzec"}},{"@type":"WebPage","@id":"https:\/\/www.skalnik.pl\/blog\/karkonosze-zima-5-szlakow-w-polskich-karkonoszach\/#webpage","url":"https:\/\/www.skalnik.pl\/blog\/karkonosze-zima-5-szlakow-w-polskich-karkonoszach\/","name":"Karkonosze zim\u0105 \u2013 szlaki zimowe w Karkonoszach - blog Skalnik","description":"Zastanawiasz si\u0119, gdzie p\u00f3j\u015b\u0107 zim\u0105 w Karkonoszach? 5 tras zimowych w najwy\u017cszym pa\u015bmie Sudet\u00f3w czeka \u017ceby je sprawdzi\u0107. Wyrusz w drog\u0119!","inLanguage":"pl-PL","isPartOf":{"@id":"https:\/\/www.skalnik.pl\/blog\/#website"},"breadcrumb":{"@id":"https:\/\/www.skalnik.pl\/blog\/karkonosze-zima-5-szlakow-w-polskich-karkonoszach\/#breadcrumblist"},"author":{"@id":"https:\/\/www.skalnik.pl\/blog\/author\/dominik-marzec\/#author"},"creator":{"@id":"https:\/\/www.skalnik.pl\/blog\/author\/dominik-marzec\/#author"},"image":{"@type":"ImageObject","url":"https:\/\/www.skalnik.pl\/blog\/wp-content\/uploads\/2019\/02\/mountains-3713266_1920.jpg","@id":"https:\/\/www.skalnik.pl\/blog\/karkonosze-zima-5-szlakow-w-polskich-karkonoszach\/#mainImage","width":1920,"height":705},"primaryImageOfPage":{"@id":"https:\/\/www.skalnik.pl\/blog\/karkonosze-zima-5-szlakow-w-polskich-karkonoszach\/#mainImage"},"datePublished":"2019-02-25T11:25:45+02:00","dateModified":"2022-02-07T13:53:21+02:00"},{"@type":"WebSite","@id":"https:\/\/www.skalnik.pl\/blog\/#website","url":"https:\/\/www.skalnik.pl\/blog\/","name":"blog Skalnik","description":"Blog, porady, artyku\u0142y - blog Skalnik","inLanguage":"pl-PL","publisher":{"@id":"https:\/\/www.skalnik.pl\/blog\/#organization"}}]},"og:locale":"pl_PL","og:site_name":"blog Skalnik - Blog, porady, artyku\u0142y - blog Skalnik","og:type":"article","og:title":"Karkonosze zim\u0105 \u2013 szlaki zimowe w Karkonoszach - blog Skalnik","og:description":"Zastanawiasz si\u0119, gdzie p\u00f3j\u015b\u0107 zim\u0105 w Karkonoszach? 5 tras zimowych w najwy\u017cszym pa\u015bmie Sudet\u00f3w czeka \u017ceby je sprawdzi\u0107. Wyrusz w drog\u0119!","og:url":"https:\/\/www.skalnik.pl\/blog\/karkonosze-zima-5-szlakow-w-polskich-karkonoszach\/","og:image":"https:\/\/skalnik.pl\/blog\/wp-content\/uploads\/2019\/02\/07-e1550875476854-1024x699.jpg","og:image:secure_url":"https:\/\/skalnik.pl\/blog\/wp-content\/uploads\/2019\/02\/07-e1550875476854-1024x699.jpg","article:tag":["pasja","akcesoria turystyczne","inspiracje","sudety","trekking","zima"],"article:published_time":"2019-02-25T10:25:45+00:00","article:modified_time":"2022-02-07T12:53:21+00:00","twitter:card":"summary_large_image","twitter:title":"Karkonosze zim\u0105 \u2013 szlaki zimowe w Karkonoszach - blog Skalnik","twitter:description":"Zastanawiasz si\u0119, gdzie p\u00f3j\u015b\u0107 zim\u0105 w Karkonoszach? 5 tras zimowych w najwy\u017cszym pa\u015bmie Sudet\u00f3w czeka \u017ceby je sprawdzi\u0107. Wyrusz w drog\u0119!","twitter:image":"https:\/\/skalnik.pl\/blog\/wp-content\/uploads\/2019\/02\/07-e1550875476854-1024x699.jpg"},"aioseo_meta_data":{"post_id":"5709","title":"","description":"","keywords":[{"label":"karkonosze","value":"karkonosze"},{"label":"zima","value":"zima"},{"label":"\u015bnie\u017cka","value":"\u015bnie\u017cka"},{"label":"samotnia","value":"samotnia"}],"keyphrases":null,"primary_term":null,"canonical_url":"","og_title":null,"og_description":null,"og_object_type":"default","og_image_type":"default","og_image_url":null,"og_image_width":null,"og_image_height":null,"og_image_custom_url":null,"og_image_custom_fields":null,"og_video":null,"og_custom_url":null,"og_article_section":null,"og_article_tags":null,"twitter_use_og":false,"twitter_card":"default","twitter_image_type":"default","twitter_image_url":null,"twitter_image_custom_url":null,"twitter_image_custom_fields":null,"twitter_title":null,"twitter_description":null,"schema":{"blockGraphs":[],"customGraphs":[],"default":{"data":{"Article":[],"Course":[],"Dataset":[],"FAQPage":[],"Movie":[],"Person":[],"Product":[],"ProductReview":[],"Car":[],"Recipe":[],"Service":[],"SoftwareApplication":[],"WebPage":[]},"graphName":"BlogPosting","isEnabled":true},"graphs":[]},"schema_type":"default","schema_type_options":null,"pillar_content":false,"robots_default":true,"robots_noindex":false,"robots_noarchive":false,"robots_nosnippet":false,"robots_nofollow":false,"robots_noimageindex":false,"robots_noodp":false,"robots_notranslate":false,"robots_max_snippet":null,"robots_max_videopreview":null,"robots_max_imagepreview":"large","priority":null,"frequency":null,"local_seo":null,"breadcrumb_settings":null,"limit_modified_date":false,"ai":null,"created":"2022-08-26 09:55:56","updated":"2026-02-17 21:29:58","seo_analyzer_scan_date":null},"aioseo_breadcrumb":"<div class=\"aioseo-breadcrumbs\"><span class=\"aioseo-breadcrumb\">\n\t\t\t<a href=\"https:\/\/www.skalnik.pl\/blog\" title=\"Home\">Home<\/a>\n\t\t<\/span><span class=\"aioseo-breadcrumb-separator\">&raquo;<\/span><span class=\"aioseo-breadcrumb\">\n\t\t\t<a href=\"https:\/\/www.skalnik.pl\/blog\/.\/pasja\/\" title=\"Pasja\">Pasja<\/a>\n\t\t<\/span><span class=\"aioseo-breadcrumb-separator\">&raquo;<\/span><span class=\"aioseo-breadcrumb\">\n\t\t\tKarkonosze zim\u0105 \u2013 szlaki zimowe w Karkonoszach\n\t\t<\/span><\/div>","aioseo_breadcrumb_json":[{"label":"Home","link":"https:\/\/www.skalnik.pl\/blog"},{"label":"Pasja","link":"https:\/\/www.skalnik.pl\/blog\/.\/pasja\/"},{"label":"Karkonosze zim\u0105 &#8211; szlaki zimowe w Karkonoszach","link":"https:\/\/www.skalnik.pl\/blog\/karkonosze-zima-5-szlakow-w-polskich-karkonoszach\/"}],"_links":{"self":[{"href":"https:\/\/www.skalnik.pl\/blog\/wp-json\/wp\/v2\/posts\/5709","targetHints":{"allow":["GET"]}}],"collection":[{"href":"https:\/\/www.skalnik.pl\/blog\/wp-json\/wp\/v2\/posts"}],"about":[{"href":"https:\/\/www.skalnik.pl\/blog\/wp-json\/wp\/v2\/types\/post"}],"author":[{"embeddable":true,"href":"https:\/\/www.skalnik.pl\/blog\/wp-json\/wp\/v2\/users\/21"}],"replies":[{"embeddable":true,"href":"https:\/\/www.skalnik.pl\/blog\/wp-json\/wp\/v2\/comments?post=5709"}],"version-history":[{"count":35,"href":"https:\/\/www.skalnik.pl\/blog\/wp-json\/wp\/v2\/posts\/5709\/revisions"}],"predecessor-version":[{"id":19197,"href":"https:\/\/www.skalnik.pl\/blog\/wp-json\/wp\/v2\/posts\/5709\/revisions\/19197"}],"wp:featuredmedia":[{"embeddable":true,"href":"https:\/\/www.skalnik.pl\/blog\/wp-json\/wp\/v2\/media\/11512"}],"wp:attachment":[{"href":"https:\/\/www.skalnik.pl\/blog\/wp-json\/wp\/v2\/media?parent=5709"}],"wp:term":[{"taxonomy":"category","embeddable":true,"href":"https:\/\/www.skalnik.pl\/blog\/wp-json\/wp\/v2\/categories?post=5709"},{"taxonomy":"post_tag","embeddable":true,"href":"https:\/\/www.skalnik.pl\/blog\/wp-json\/wp\/v2\/tags?post=5709"},{"taxonomy":"magento_category","embeddable":true,"href":"https:\/\/www.skalnik.pl\/blog\/wp-json\/wp\/v2\/magento_category?post=5709"},{"taxonomy":"magento_product","embeddable":true,"href":"https:\/\/www.skalnik.pl\/blog\/wp-json\/wp\/v2\/magento_product?post=5709"}],"curies":[{"name":"wp","href":"https:\/\/api.w.org\/{rel}","templated":true}]}}