{"id":580,"date":"2017-01-04T16:42:41","date_gmt":"2017-01-04T15:42:41","guid":{"rendered":"https:\/\/skalnik.pl\/blog\/?p=580"},"modified":"2018-12-20T13:09:51","modified_gmt":"2018-12-20T12:09:51","slug":"jak-spakowac-harcerza-na-oboz","status":"publish","type":"post","link":"https:\/\/www.skalnik.pl\/blog\/jak-spakowac-harcerza-na-oboz\/","title":{"rendered":"Jak spakowa\u0107 harcerza na ob\u00f3z?"},"content":{"rendered":"<p><b>Okres zbli\u017caj\u0105cych si\u0119 ferii zimowych czy letnich wakacji to czas harcerskich oboz\u00f3w, cz\u0119sto organizowanych w atrakcyjnych turystycznie rejonach Polski. Harcerze w zale\u017cno\u015bci od pory roku, a tak\u017ce rodzaju obozu s\u0105 zakwaterowani w r\u00f3\u017cnych warunkach. Latem najcz\u0119\u015bciej klasycznie pod namiotami, a zim\u0105 w schroniskach lub innych obiektach zaadaptowanych do tego celu. Jednym z wa\u017cniejszych dylemat\u00f3w z jakimi cz\u0119sto borykaj\u0105 si\u0119 rodzice najm\u0142odszych zuch\u00f3w czy te\u017c niedo\u015bwiadczeni m\u0142odsi harcerze, zwi\u0105zany jest z optymalnym wyborem odzie\u017cy, sprz\u0119tu i akcesori\u00f3w oraz sprawnym i bezproblemowym spakowaniem wszystkiego. Na rynku outdoorowym dost\u0119pna jest szeroka gama zr\u00f3\u017cnicowanej odzie\u017cy, sprz\u0119tu i akcesori\u00f3w turystycznych. W dzisiejszej poradzie chcemy podpowiedzie\u0107 Ci co zabra\u0107 na ob\u00f3z. Jaki sprz\u0119t b\u0119dzie podstawowym wyposa\u017ceniem oraz kt\u00f3re produkty z naszej oferty charakteryzuj\u0105 si\u0119 idealnym po\u0142\u0105czeniem jako\u015bci wykonania, walor\u00f3w u\u017cytkowych i ceny.<\/b><\/p>\n<div id=\"ez-toc-container\" class=\"ez-toc-v2_0_85 counter-hierarchy ez-toc-counter ez-toc-light-blue ez-toc-container-direction\">\n<div class=\"ez-toc-title-container\">\n<p class=\"ez-toc-title\" style=\"cursor:inherit\">SPIS TRE\u015aCI <\/p>\n<span class=\"ez-toc-title-toggle\"><a href=\"#\" class=\"ez-toc-pull-right ez-toc-btn ez-toc-btn-xs ez-toc-btn-default ez-toc-toggle\" aria-label=\"Prze\u0142\u0105cznik Spisu Tre\u015bci\"><span class=\"ez-toc-js-icon-con\"><span class=\"\"><span class=\"eztoc-hide\" style=\"display:none;\">Toggle<\/span><span class=\"ez-toc-icon-toggle-span\"><svg style=\"fill: #999;color:#999\" xmlns=\"http:\/\/www.w3.org\/2000\/svg\" class=\"list-377408\" width=\"20px\" height=\"20px\" viewBox=\"0 0 24 24\" fill=\"none\"><path d=\"M6 6H4v2h2V6zm14 0H8v2h12V6zM4 11h2v2H4v-2zm16 0H8v2h12v-2zM4 16h2v2H4v-2zm16 0H8v2h12v-2z\" fill=\"currentColor\"><\/path><\/svg><svg style=\"fill: #999;color:#999\" class=\"arrow-unsorted-368013\" xmlns=\"http:\/\/www.w3.org\/2000\/svg\" width=\"10px\" height=\"10px\" viewBox=\"0 0 24 24\" version=\"1.2\" baseProfile=\"tiny\"><path d=\"M18.2 9.3l-6.2-6.3-6.2 6.3c-.2.2-.3.4-.3.7s.1.5.3.7c.2.2.4.3.7.3h11c.3 0 .5-.1.7-.3.2-.2.3-.5.3-.7s-.1-.5-.3-.7zM5.8 14.7l6.2 6.3 6.2-6.3c.2-.2.3-.5.3-.7s-.1-.5-.3-.7c-.2-.2-.4-.3-.7-.3h-11c-.3 0-.5.1-.7.3-.2.2-.3.5-.3.7s.1.5.3.7z\"\/><\/svg><\/span><\/span><\/span><\/a><\/span><\/div>\n<nav><ul class='ez-toc-list ez-toc-list-level-1 ' ><li class='ez-toc-page-1 ez-toc-heading-level-2'><a class=\"ez-toc-link ez-toc-heading-1\" href=\"https:\/\/www.skalnik.pl\/blog\/jak-spakowac-harcerza-na-oboz\/#W_co_sie_spakowac\" >W co si\u0119 spakowa\u0107?<\/a><\/li><li class='ez-toc-page-1 ez-toc-heading-level-2'><a class=\"ez-toc-link ez-toc-heading-2\" href=\"https:\/\/www.skalnik.pl\/blog\/jak-spakowac-harcerza-na-oboz\/#Jak_sie_wyspac\" >Jak si\u0119 wyspa\u0107?<\/a><\/li><li class='ez-toc-page-1 ez-toc-heading-level-2'><a class=\"ez-toc-link ez-toc-heading-3\" href=\"https:\/\/www.skalnik.pl\/blog\/jak-spakowac-harcerza-na-oboz\/#W_czym_przygotowac_posilek\" >W czym przygotowa\u0107 posi\u0142ek?<\/a><\/li><li class='ez-toc-page-1 ez-toc-heading-level-2'><a class=\"ez-toc-link ez-toc-heading-4\" href=\"https:\/\/www.skalnik.pl\/blog\/jak-spakowac-harcerza-na-oboz\/#Nieodlaczne_i_przydatne_elementy_harcerskiego_ekwipunku\" >Nieod\u0142\u0105czne i przydatne elementy harcerskiego ekwipunku<\/a><\/li><li class='ez-toc-page-1 ez-toc-heading-level-2'><a class=\"ez-toc-link ez-toc-heading-5\" href=\"https:\/\/www.skalnik.pl\/blog\/jak-spakowac-harcerza-na-oboz\/#Kolejne_wazne_elementy\" >Kolejne wa\u017cne elementy<\/a><\/li><li class='ez-toc-page-1 ez-toc-heading-level-2'><a class=\"ez-toc-link ez-toc-heading-6\" href=\"https:\/\/www.skalnik.pl\/blog\/jak-spakowac-harcerza-na-oboz\/#Gdzie_spac\" >Gdzie spa\u0107?<\/a><\/li><\/ul><\/nav><\/div>\n<h2><span class=\"ez-toc-section\" id=\"W_co_sie_spakowac\"><\/span>W co si\u0119 spakowa\u0107?<span class=\"ez-toc-section-end\"><\/span><\/h2>\n<p><img loading=\"lazy\" decoding=\"async\" class=\"size-medium wp-image-1983 alignright\" src=\"https:\/\/skalnik.pl\/blog\/wp-content\/uploads\/2017\/01\/full_full_img_29755-300x300.jpg\" alt=\"plecak denali 40 volven\" width=\"300\" height=\"300\" srcset=\"https:\/\/www.skalnik.pl\/blog\/wp-content\/uploads\/2017\/01\/full_full_img_29755-300x300.jpg 300w, https:\/\/www.skalnik.pl\/blog\/wp-content\/uploads\/2017\/01\/full_full_img_29755.jpg 600w\" sizes=\"auto, (max-width: 300px) 100vw, 300px\" \/>Do najwa\u017cniejszych element\u00f3w harcerskiego wyposa\u017cenia nale\u017cy dobrze dopasowany i wygodny plecak. W zale\u017cno\u015bci od d\u0142ugo\u015bci trwania obozu, ilo\u015b\u0107 potrzebnego miejsca na spakowanie wszystkich najpotrzebniejszych element\u00f3w ekwipunku harcerskiego waha si\u0119 pomi\u0119dzy 40 a 60 litr\u00f3w. Koncentruj\u0105c si\u0119 na opcji kr\u00f3tszego tygodniowego wyjazdu, b\u0119dziesz potrzebowa\u0142 t\u0105 mniejsz\u0105 wielko\u015b\u0107. Plecakiem \u0142\u0105cz\u0105cym w sobie najlepsze cechy zwi\u0105zane z wygod\u0105 u\u017cytkowania, jako\u015bci\u0105 materia\u0142\u00f3w konstrukcyjnych, rozwi\u0105zaniami technicznymi oraz wykonaniem jest <a href=\"https:\/\/skalnik.pl\/plecak-denali-40-szary-666688\" target=\"_blank\" rel=\"noopener\">Denali 40<\/a> marki Volven. To uniwersalny 40 litrowy plecak, dopasowany rozmaitymi rozwi\u0105zaniami technicznymi do zr\u00f3\u017cnicowanych aktywno\u015bci turystycznych i g\u00f3rskich. Jego pojemna komora g\u0142\u00f3wna oraz szereg podr\u0119cznych kieszonek pomie\u015bci niezb\u0119dn\u0105 odzie\u017c oraz sprz\u0119t na kr\u00f3tki weekendowy lub d\u0142u\u017cszy kilkudniowy wyjazd. Model Denali 40 wyposa\u017cony jest w wygodny system no\u015bny o szerokim zakresie zastosowania. Bez problemu dopasujesz go dla juniora jak i doros\u0142ego u\u017cytkownika. Dla Twojej wygody projektanci zastosowali dodatkowe rozwi\u0105zania zwi\u0119kszaj\u0105ce pojemno\u015b\u0107 plecaka, w postaci siateczkowych kieszeni bocznych typu mesh oraz podnoszonej klapy g\u00f3rnej z wysokim i pojemnym kominem. Denali 40 jest kompatybilny z systemami hydracyjnymi, a ca\u0142o\u015b\u0107 zwie\u0144czona jest wodoodpornym pokrowcem, chroni\u0105cym plecak i jego zawarto\u015b\u0107 w trakcie trudnych warunk\u00f3w pogodowych, zwi\u0105zanych z opadem atmosferycznym.<\/p>\n<h2><span class=\"ez-toc-section\" id=\"Jak_sie_wyspac\"><\/span><img loading=\"lazy\" decoding=\"async\" class=\"size-medium wp-image-1984 alignleft\" src=\"https:\/\/skalnik.pl\/blog\/wp-content\/uploads\/2017\/01\/full_full_img_29404-300x300.jpg\" alt=\"\u015bpiw\u00f3r volven\" width=\"300\" height=\"300\" srcset=\"https:\/\/www.skalnik.pl\/blog\/wp-content\/uploads\/2017\/01\/full_full_img_29404-300x300.jpg 300w, https:\/\/www.skalnik.pl\/blog\/wp-content\/uploads\/2017\/01\/full_full_img_29404.jpg 600w\" sizes=\"auto, (max-width: 300px) 100vw, 300px\" \/>Jak si\u0119 wyspa\u0107?<span class=\"ez-toc-section-end\"><\/span><\/h2>\n<p>Najlepszym rozwi\u0105zaniem pozwalaj\u0105cym na optymalny wypoczynek w nocy jest dobrej jako\u015bci \u015bpiw\u00f3r. Szeroki asortyment wyrob\u00f3w dost\u0119pnych w sprzeda\u017cy mo\u017ce przyprawi\u0107 Ci\u0119 o zawr\u00f3t g\u0142owy. By nie wywa\u017ca\u0107 otwartych drzwi proponujemy dwa modele oferuj\u0105ce dobre parametry izolacji termicznej w stosunku do wagi produktu. Tak jak ju\u017c wcze\u015bniej zauwa\u017cy\u0142e\u015b w trakcie oboz\u00f3w zimowych harcerze zakwaterowani s\u0105 w schroniskach lub innych przystosowanych obiektach. Nierzadko s\u0105 to pomieszczenia o zmniejszonym standardzie s\u0142abo dogrzewane. W tych warunkach fajnie sprawdzi si\u0119 \u015bpiw\u00f3r <a href=\"https:\/\/skalnik.pl\/spiwor-traveller-czarny-volven-595796\" target=\"_blank\" rel=\"noopener\">Traveller Volven<\/a>. To \u015brednio ci\u0119\u017cki model o masie ca\u0142kowitej 1250 g. Posiada prost\u0105 konstrukcj\u0119 i skuteczne wype\u0142nienie, kt\u00f3re zapewnia dobr\u0105 termik\u0119. Model ten oferuje parametry izolacji dla temperatury komfortowej na poziomie +5\u00b0C. Ten poziom temperatury komfortowej zapewni optymalny komfort w trakcie spania nawet w skrajnie niedogrzanych pomieszczeniach. W okresach od wiosny do p\u00f3\u017anej jesieni, harcerze najcz\u0119\u015bciej nocuj\u0105 klasycznie, czyli pod namiotem. W tym przypadku fajnie jest, gdy \u015bpiw\u00f3r jest nieco cieplejszy, a przy okazji jego waga jest ni\u017csza. Procentuje to w trakcie oboz\u00f3w w\u0119drownych, gdy ca\u0142o\u015b\u0107 ekwipunku nosisz ca\u0142y czas ze sob\u0105. I tu dobrze sprawi si\u0119 kolejny z gamy produkt\u00f3w Volvena czyli \u015bpiw\u00f3r Comfort II. Wype\u0142niony lekkim i spr\u0119\u017cystym materia\u0142em Eulinfibra, zapewnia u\u017cytkownikowi temperatur\u0119 komfortow\u0105 na poziomie +3 stopni Celsjusza przy masie ca\u0142kowitej oko\u0142o 1150 g. \u015apiw\u00f3r to nie wszystko. Uzupe\u0142nieniem pe\u0142nego kompletu sprz\u0119tu do spania jest dobrej jako\u015bci karimata lub mata samopompuj\u0105ca. Je\u015bli nie dysponujesz wi\u0119ksz\u0105 got\u00f3wk\u0105 wybierz karimat\u0119 2 warstwow\u0105 z dodatkow\u0105 warstw\u0105 aluminium. Produkt o takich parametrach spokojnie sprawdzi si\u0119 w trakcie wyjazdu harcerskiego. Dla os\u00f3b ceni\u0105cych sobie komfort oraz niepor\u00f3wnywalna wygod\u0119 zwi\u0105zan\u0105 z odpoczynkiem, polecam mat\u0119 samo pompuj\u0105c\u0105 Ultralight Volven. Mata zapewnia \u015bwietne parametry izolacyjne, a jej grubo\u015b\u0107 po rozpr\u0119\u017ceniu to 3,8 cm. W ofercie specjalistycznych sklep\u00f3w Skalnik dost\u0119pna jest tak\u017ce wersja XL dla os\u00f3b wy\u017cszych.<\/p>\n<h2><span class=\"ez-toc-section\" id=\"W_czym_przygotowac_posilek\"><\/span>W czym przygotowa\u0107 posi\u0142ek?<span class=\"ez-toc-section-end\"><\/span><\/h2>\n<p><img loading=\"lazy\" decoding=\"async\" class=\"size-medium wp-image-1985 alignright\" src=\"https:\/\/skalnik.pl\/blog\/wp-content\/uploads\/2017\/01\/full_full_img_32710-300x215.jpg\" alt=\"zestaw garnk\u00f3w k7 fire maple\" width=\"300\" height=\"215\" srcset=\"https:\/\/www.skalnik.pl\/blog\/wp-content\/uploads\/2017\/01\/full_full_img_32710-300x215.jpg 300w, https:\/\/www.skalnik.pl\/blog\/wp-content\/uploads\/2017\/01\/full_full_img_32710.jpg 463w\" sizes=\"auto, (max-width: 300px) 100vw, 300px\" \/>Obozy harcerskie nieod\u0142\u0105cznie zwi\u0105zane s\u0105 z obozowa kuchni\u0105. Przepyszna groch\u00f3wka z kot\u0142a to jest co\u015b ;-). Przewa\u017cnie posi\u0142ki gotowane s\u0105 zbiorczo wi\u0119c przygotowywanie porcji indywidualnych zdarza si\u0119 nader rzadko. Ale prawdziwy harcerz nie mo\u017ce si\u0119 oby\u0107 bez porz\u0105dnej mena\u017cki lub zestawu garnk\u00f3w. Oczywi\u015bcie w sprzeda\u017cy dost\u0119pne s\u0105 standardowe mena\u017cki aluminiowe, ale w dobie nowoczesno\u015bci i za niewiele wi\u0119ksz\u0105 got\u00f3wk\u0119 lepiej sprawi\u0107 sobie zestaw garnk\u00f3w K7 marki Fire Maple. Po pierwsze aluminium, z kt\u00f3rego zosta\u0142y wykonane posiada anodyzowan\u0105 warstw\u0119 izoluj\u0105c\u0105 aluminium od ich zawarto\u015bci. Szkodliwe substancje nie przenikaj\u0105 do posi\u0142k\u00f3w. Naczynia s\u0105 lekkie, a za\u0142\u0105czone w zestawie patelnie pokryte s\u0105 warstw\u0105 eliminuj\u0105c\u0105 przywieranie potraw. Zestaw sk\u0142ada si\u0119 z dw\u00f3ch garnk\u00f3w z patelniami, 4 miseczek i chochelki z tworzywa. Co prawda jest to wi\u0119kszy zestaw dla 3 do 5 os\u00f3b, ale mo\u017cna ze sob\u0105 wozi\u0107 np.: mniejszy z garnk\u00f3w. To rozwi\u0105zanie pozwoli ograniczy\u0107 wag\u0119 zestawu i miejsce jakie zajmuje. W trakcie przygotowywania posi\u0142k\u00f3w, ale i w innych sytuacjach nieod\u0142\u0105cznym partnerem ka\u017cdego harcerza jest dobry <a href=\"https:\/\/skalnik.pl\/sprzet-turystyczny\/sprzet-turystyczny-dla-dzieci\/sprzet-turystyczny-dla-dzieci-noze-scyzoryki\" target=\"_blank\" rel=\"noopener\">n\u00f3\u017c<\/a>. Najlepiej klasyczny scyzoryk z do\u015b\u0107 d\u0142ugim ostrzem. Ja polecam kultowy Opinel inox no 8. Wykonany r\u0119cznie we francuskiej fabryce z ponad 100-letni\u0105 tradycj\u0105, daje u\u017cytkownikowi satysfakcj\u0119 w trakcie u\u017cytkowania. Jest prosty w konstrukcji, posiada blokad\u0119 nierdzewnego ostrza. A najwa\u017cniejsz\u0105 jego zalet\u0105 jest cena oscyluj\u0105ca na poziomie kilkudziesi\u0119ciu z\u0142otych, za klasyczny sk\u0142adany n\u00f3\u017c, bij\u0105cy na g\u0142ow\u0119 tanie dalekowschodnie wyroby. Do kompletu brakuje jeszcze <a href=\"https:\/\/skalnik.pl\/sprzet-turystyczny\/camping\/camping-sztucce-niezbedniki\" target=\"_blank\" rel=\"noopener\">sztu\u0107c\u00f3w<\/a>. Dzi\u015b najpopularniejszy jest plastikowy Spork. To prosty \u0142y\u017cko widelec. Dost\u0119pny w niezliczonej ilo\u015bci kolor\u00f3w i rozmiar\u00f3w. Jest ekstremalnie lekki, skuteczny i tani.<\/p>\n<h2><span class=\"ez-toc-section\" id=\"Nieodlaczne_i_przydatne_elementy_harcerskiego_ekwipunku\"><\/span>Nieod\u0142\u0105czne i przydatne elementy harcerskiego ekwipunku<span class=\"ez-toc-section-end\"><\/span><\/h2>\n<p>W\u015br\u00f3d element\u00f3w wyposa\u017cenia niezb\u0119dnego w trakcie wyjazd\u00f3w obozowych, nie mo\u017ce zabrakn\u0105\u0107 kilku wa\u017cnych rzeczy. Bez wzgl\u0119du na por\u0119 roku istotnym elementem ubioru jest <a href=\"https:\/\/skalnik.pl\/odziez\/odziez-dziecieca\/odziez-dziecieca-bielizna-termoaktywna\" target=\"_blank\" rel=\"noopener\">bielizna termiczna<\/a>. Zim\u0105 dogrzewaj\u0105ca, latem odprowadzaj\u0105ca nadmiar potu. W ofercie sklep\u00f3w turystycznych znajdziesz jej dwa podstawowe rodzaje. Pierwszym s\u0105 produkty wykonane z w\u0142\u00f3kien syntetycznych, najcz\u0119\u015bciej poliestrowych. Drugim s\u0105 wersje produkowane z naturalnej i ekologicznej we\u0142ny merynos\u00f3w. To drugie rozwi\u0105zanie jest zdecydowanie dro\u017csze, ale gdy we\u017amiesz pod uwag\u0119, wi\u0119ksz\u0105 trwa\u0142o\u015b\u0107, ma\u0142\u0105 podatno\u015b\u0107 na gromadzenie nieprzyjemnych zapach\u00f3w oraz parametry zwi\u0105zane z izolacj\u0105 termiczn\u0105 i komfortem u\u017cytkowania, to zainwestowane \u015brodki na pewno zwr\u00f3c\u0105 si\u0119 w przysz\u0142o\u015bci. Nocne warty czy nauka poruszania si\u0119 z kompasem i map\u0105 w terenie to podstawa i codzienno\u015b\u0107 obozowego \u017cycia. W tym przypadku potrzebujesz dobr\u0105 i ekonomiczn\u0105 czo\u0142\u00f3wk\u0119 oraz sprawdzony kompas. W przepastnych magazynach sklep\u00f3w outdoorowych znajdziesz du\u017cy wyb\u00f3r czo\u0142\u00f3wek. Ja polecam Ci dwa rozwi\u0105zania. Pierwszym jest klasyczny i ulubiony przez turyst\u00f3w model <a href=\"https:\/\/skalnik.pl\/czolowka-tikka-blue-petzl-623543\" target=\"_blank\" rel=\"noopener\">Tikka Petzl<\/a>. To jedna z l\u017cejszych propozycji na rynku. Wyposa\u017cona w diody LED o \u015bwiat\u0142o\u015bci 100 lumen\u00f3w zapewnia d\u0142ugi czas \u015bwiecenia, jest odporna na deszcz. \u015awietnie sprawdzi si\u0119 jako \u015bwiat\u0142o podr\u0119czne w namiocie jak i w trakcie akcji w terenie. Dla mi\u0142o\u015bnik\u00f3w sprz\u0119tu wojskowego i harcerzy z grup paramilitarnych, najsensowniejszym wyborem jest Tactikka Plus Petzl. To rozbudowany model. Ja go nazywam Tikka na sterydach;-). Producent u\u017cy\u0142 w nim super diody o jasno\u015bci 160 lumen\u00f3w oraz uk\u0142adu stabilizuj\u0105cego napi\u0119cie dla zapewnienia jednolitego poziomu \u015bwiecenia w trakcie u\u017cytkowania czo\u0142\u00f3wki. Produkt dost\u0119pny jest w kolorystyce kamufla\u017c. Do nawigowania w terenie niezb\u0119dny opr\u00f3cz dok\u0142adnej mapy jest kompas. Klasycznym i sprawdzonym modelem jest Ranger SL Silva. Nie mo\u017ce zabrakn\u0105\u0107 go w Twoim plecaku. Ranger SL to busola w klasycznej pude\u0142kowej formie. W klapce umieszczone jest lusterko, do sprawnego wyznaczania azymut\u00f3w, a ruchomy limbus i skalowanie w stopniach pozwala na precyzyjny i szybki odczyt. Silva dodatkowo wyposa\u017cy\u0142a ten model we fluorescencyjne elementy u\u0142atwiaj\u0105ce nawigacj\u0119 w nocy. W\u015br\u00f3d pozycji b\u0119d\u0105cych na li\u015bcie harcerskiego wyposa\u017cenia znajduj\u0105 si\u0119 jeszcze dwa drobiazgi, mo\u017cna by powiedzie\u0107, \u017ce niezb\u0119dniki. To saszetka na dokumenty i drobne akcesoria oraz p\u0142yn na komary. Skupi\u0119 si\u0119 na tym drugim elemencie, kt\u00f3ry u\u0142atwi obozowe \u017cycie oraz zapewni ulg\u0119 przed uporczywymi owadami. Repelenty owadob\u00f3jcze dost\u0119pne w specjalistycznych sklepach, s\u0105 zdecydowanie skuteczniejsze od podobnych rozwi\u0105za\u0144 dost\u0119pnych w og\u00f3lnej sprzeda\u017cy. Jednym z najlepszych jest p\u0142yn na komary <a href=\"https:\/\/skalnik.pl\/mugga\" target=\"_blank\" rel=\"noopener\">Mugga<\/a>. Wyst\u0119puje w wersjach z atomizerem i roll-on (w kulce).<\/p>\n<h2><span class=\"ez-toc-section\" id=\"Kolejne_wazne_elementy\"><\/span>Kolejne wa\u017cne elementy<span class=\"ez-toc-section-end\"><\/span><\/h2>\n<p>Opr\u00f3cz du\u017cego plecaka transportowego, w trakcie obozowych wyjazd\u00f3w, niezb\u0119dny jest mniejszy ma\u0142y plecak, kt\u00f3ry wykorzystasz w trakcie ca\u0142odniowych aktywno\u015bci w terenie. Plecak o pojemno\u015bci oko\u0142o 20-25 litr\u00f3w b\u0119dzie ca\u0142kowicie wystarczaj\u0105cy. Zmie\u015bcisz w nim drobne elementy wyposa\u017cenia oraz butelk\u0119 z wod\u0105.<\/p>\n<p>Do wa\u017cniejszych element\u00f3w zwi\u0105zanych z harcerskim ubiorem nale\u017c\u0105 <a href=\"https:\/\/skalnik.pl\/buty\/buty-dzieciece\" target=\"_blank\" rel=\"noopener\">buty<\/a>. Najlepsze to te wykonane z dobrej pe\u0142nej sk\u00f3ry nubukowej lub licowej. To rozwi\u0105zanie zapewnia im trwa\u0142o\u015b\u0107 o minimalna ilo\u015b\u0107 szw\u00f3w podnosi naturaln\u0105 wodoodporno\u015b\u0107 cholewki. Dobre buty turystyczne wyposa\u017cone s\u0105 w trwa\u0142a i stabiln\u0105 podeszw\u0119 gumowo-kauczukow\u0105, stabilizuj\u0105c\u0105 stop\u0119 u\u017cytkownika w trakcie poruszania si\u0119 w trudnym le\u015bnym lub g\u00f3rskim terenie. Fajnie, gdy w butach zamontowana jest wk\u0142adka klimatyczna tak zwana membrana, kt\u00f3ra zapewnia wodoodporno\u015b\u0107 oraz umo\u017cliwia transport wilgoci na zewn\u0105trz obuwia. Elementem uzupe\u0142niaj\u0105cym oraz u\u0142atwiaj\u0105cym poruszanie si\u0119 w terenie s\u0105 kijki trekkingowe. Odci\u0105\u017caj\u0105 one kr\u0119gos\u0142up oraz kolana w trakcie stromych podej\u015b\u0107 i zej\u015b\u0107 w g\u00f3rach, zwi\u0119kszaj\u0105 pr\u0119dko\u015b\u0107 marszu w terenie, a tak\u017ce stabilizuj\u0105 pozycj\u0119 turysty w trakcie poruszania si\u0119 eksponowanymi g\u00f3rskimi \u015bcie\u017ckami. W harcerskim plecaku musi znale\u017a\u0107 si\u0119 tak\u017ce lekki, mi\u0142y i ciep\u0142y polar. To ukochany przez turyst\u00f3w i nie tylko rodzaj odzie\u017cy, \u015bwietnie sprawdza si\u0119 w trakcie ca\u0142orocznych aktywno\u015bci terenowych. Dla ochrony przed ch\u0142odem, wiatrem s\u0142o\u0144cem i nie tylko \u015bwietnie sprawdzi si\u0119 buff. To uniwersalna<a href=\"https:\/\/skalnik.pl\/odziez\/odziez-dziecieca\/odziez-dziecieca-chusty-dla-dzieci\" target=\"_blank\" rel=\"noopener\"> chusta <\/a>wykonana z dzianiny mikrofibra, doskonale wch\u0142ania pot, jest lekka i mi\u0142a w dotyku. Ze wzgl\u0119du na swoj\u0105 uniwersalno\u015b\u0107 mo\u017ce by\u0107 u\u017cywana na co najmniej 8 sposob\u00f3w, o kt\u00f3rych pisa\u0142em w poprzednich publikacjach. Molom ksi\u0105\u017ckowym oraz osobom chc\u0105cym poszerzy\u0107 swoje umiej\u0119tno\u015bci zwi\u0105zane z bezpiecze\u0144stwem poruszania si\u0119 w terenie oraz sposobami przetrwania, polecam r\u00f3\u017cne poradniki dost\u0119pne w skalnikowej ksi\u0119garni. Pami\u0119taj, by w\u015br\u00f3d rzeczy spakowanych na ob\u00f3z znalaz\u0142y si\u0119 skarpetki. Stanowi\u0105 one ochron\u0119 st\u00f3p w trakcie wielogodzinnych wycieczek terenowych. Najlepsze b\u0119d\u0105 z dodatkiem we\u0142ny merino, kt\u00f3ra zapewni d\u0142ugotrwa\u0142\u0105 \u015bwie\u017co\u015b\u0107 i optymalna termoregulacj\u0119 wewn\u0105trz obuwia.<\/p>\n<h2><span class=\"ez-toc-section\" id=\"Gdzie_spac\"><\/span><img loading=\"lazy\" decoding=\"async\" class=\"size-medium wp-image-1986 alignright\" src=\"https:\/\/skalnik.pl\/blog\/wp-content\/uploads\/2017\/01\/full_full_img_29939-300x300.jpg\" alt=\"namiot volven\" width=\"300\" height=\"300\" srcset=\"https:\/\/www.skalnik.pl\/blog\/wp-content\/uploads\/2017\/01\/full_full_img_29939-300x300.jpg 300w, https:\/\/www.skalnik.pl\/blog\/wp-content\/uploads\/2017\/01\/full_full_img_29939.jpg 600w\" sizes=\"auto, (max-width: 300px) 100vw, 300px\" \/>Gdzie spa\u0107?<span class=\"ez-toc-section-end\"><\/span><\/h2>\n<p>Letni ob\u00f3z nierozerwalnie wi\u0105\u017ce si\u0119 z biwakiem pod namiotem. Najcz\u0119\u015bciej obozy stacjonarne wyposa\u017cone s\u0105 w du\u017ce zbiorowe namioty typu wojskowego. W trakcie wypraw w\u0119drownych skuteczniejsze i l\u017cejsze s\u0105 mniejsze namioty 2\u20133-osobowe. W ofercie marki Volven dost\u0119pne s\u0105 dwie konstrukcje jednowej\u015bciowy Monsun oraz sprawdzony Passat. Oba namioty wyposa\u017cono w syntetyczne sypialnie oraz trwa\u0142e tropiki poliestrowe, o odporno\u015bci na przemakanie na poziomie 2500 mm s\u0142upa wody.<\/p>\n<p>&nbsp;<\/p>\n<p>Podstawowy ekwipunek ka\u017cdego harcerza oczywi\u015bcie mo\u017ce si\u0119 r\u00f3\u017cni\u0107 od propozycji przedstawionych powy\u017cej. Mam nadziej\u0119, i\u017c ten poradnik pomo\u017ce Ci optymalnie spakowa\u0107 si\u0119 na zbli\u017caj\u0105cy si\u0119 harcerski ob\u00f3z. Je\u015bli masz dodatkowe pytania lub potrzebujesz bardziej szczeg\u00f3\u0142owej porady, zapraszam do stacjonarnych sklep\u00f3w turystycznych Skalnik oraz do sklepu Skalnik.pl, gdzie profesjonalna ekipa rozwieje twoje w\u0105tpliwo\u015bci oraz pomo\u017ce dobra\u0107 najlepszy sprz\u0119t, idealnie dopasowany do Twoich potrzeb.<\/p>\n","protected":false},"excerpt":{"rendered":"<p>Harcerskie wyjazdy &#8211; obozy, zimowiska czy biwaki &#8211; wymagaj\u0105 pewnych zakup\u00f3w. Wybrali\u015bmy te, kt\u00f3re nie zrujnuj\u0105 domowego bud\u017cetu, a b\u0119d\u0105 dobrze sprawdza\u0142y si\u0119 na wyjazdach w teren. Na szcz\u0119\u015bcie przedmioty s\u0105 na tyle uniwersalne, \u017ce z powodzeniem sprawdz\u0105 si\u0119 tak\u017ce na rodzinnych wypadach za miasto. W poradzie znajdziesz ca\u0142y przekr\u00f3j przydatnych w harcerskim \u017cyciu przedmiot\u00f3w od plecaka, namiotu i \u015bpiwora po niemniej przydatne drobiazgi takie jak kompas, naczynia czy scyzoryk. Dzi\u0119ki nim \u017cycie na obozie b\u0119dzie przyjemniejsze, no i jest szansa, \u017ce harcerz wyro\u015bnie na prawdziwego entuzjast\u0119 outdoorowych przyg\u00f3d.<\/p>\n","protected":false},"author":7,"featured_media":1000,"comment_status":"open","ping_status":"open","sticky":false,"template":"","format":"standard","meta":{"_acf_changed":false,"footnotes":""},"categories":[3],"tags":[148,87,173,88,154],"magento_category":[174],"magento_product":[],"class_list":["post-580","post","type-post","status-publish","format-standard","has-post-thumbnail","hentry","category-porady","tag-akcesoria-turystyczne","tag-biwak","tag-dziecko-w-gorach","tag-kemping","tag-volven"],"acf":[],"aioseo_notices":[],"aioseo_head":"\n\t\t<!-- All in One SEO 4.9.10 - aioseo.com -->\n\t<meta name=\"description\" content=\"Nie wiesz jak spakowa\u0107 harcerza na ob\u00f3z? Przedstawiamy podstawowy sprz\u0119t turystyczny, kt\u00f3ry warto zabra\u0107 na ob\u00f3z harcerski. Zobacz r\u00f3wnie\u017c produkty z naszej oferty, kt\u00f3re charakteryzuj\u0105 si\u0119 dobrym stosunkiem jako\u015bci do ceny, dzi\u0119ki czemu idealnie nadaj\u0105 si\u0119 na pierwszy sprz\u0119t m\u0142odego harcerza!\" \/>\n\t<meta name=\"robots\" content=\"max-image-preview:large\" \/>\n\t<meta name=\"author\" content=\"Redakcja skalnik.pl\"\/>\n\t<link rel=\"canonical\" href=\"https:\/\/www.skalnik.pl\/blog\/jak-spakowac-harcerza-na-oboz\/\" \/>\n\t<meta name=\"generator\" content=\"All in One SEO (AIOSEO) 4.9.10\" \/>\n\t\t<meta property=\"og:locale\" content=\"pl_PL\" \/>\n\t\t<meta property=\"og:site_name\" content=\"blog Skalnik - Blog, porady, artyku\u0142y - blog Skalnik\" \/>\n\t\t<meta property=\"og:type\" content=\"article\" \/>\n\t\t<meta property=\"og:title\" content=\"Jak spakowa\u0107 harcerza na ob\u00f3z? - blog Skalnik\" \/>\n\t\t<meta property=\"og:description\" content=\"Nie wiesz jak spakowa\u0107 harcerza na ob\u00f3z? Przedstawiamy podstawowy sprz\u0119t turystyczny, kt\u00f3ry warto zabra\u0107 na ob\u00f3z harcerski. Zobacz r\u00f3wnie\u017c produkty z naszej oferty, kt\u00f3re charakteryzuj\u0105 si\u0119 dobrym stosunkiem jako\u015bci do ceny, dzi\u0119ki czemu idealnie nadaj\u0105 si\u0119 na pierwszy sprz\u0119t m\u0142odego harcerza!\" \/>\n\t\t<meta property=\"og:url\" content=\"https:\/\/www.skalnik.pl\/blog\/jak-spakowac-harcerza-na-oboz\/\" \/>\n\t\t<meta property=\"og:image\" content=\"https:\/\/skalnik.pl\/blog\/wp-content\/uploads\/2017\/01\/full_full_img_29755-300x300.jpg\" \/>\n\t\t<meta property=\"og:image:secure_url\" content=\"https:\/\/skalnik.pl\/blog\/wp-content\/uploads\/2017\/01\/full_full_img_29755-300x300.jpg\" \/>\n\t\t<meta property=\"article:tag\" content=\"porady\" \/>\n\t\t<meta property=\"article:tag\" content=\"akcesoria turystyczne\" \/>\n\t\t<meta property=\"article:tag\" content=\"biwak\" \/>\n\t\t<meta property=\"article:tag\" content=\"dziecko w g\u00f3rach\" \/>\n\t\t<meta property=\"article:tag\" content=\"kemping\" \/>\n\t\t<meta property=\"article:tag\" content=\"volven\" \/>\n\t\t<meta property=\"article:published_time\" content=\"2017-01-04T15:42:41+00:00\" \/>\n\t\t<meta property=\"article:modified_time\" content=\"2018-12-20T12:09:51+00:00\" \/>\n\t\t<meta name=\"twitter:card\" content=\"summary_large_image\" \/>\n\t\t<meta name=\"twitter:title\" content=\"Jak spakowa\u0107 harcerza na ob\u00f3z? - blog Skalnik\" \/>\n\t\t<meta name=\"twitter:description\" content=\"Nie wiesz jak spakowa\u0107 harcerza na ob\u00f3z? Przedstawiamy podstawowy sprz\u0119t turystyczny, kt\u00f3ry warto zabra\u0107 na ob\u00f3z harcerski. Zobacz r\u00f3wnie\u017c produkty z naszej oferty, kt\u00f3re charakteryzuj\u0105 si\u0119 dobrym stosunkiem jako\u015bci do ceny, dzi\u0119ki czemu idealnie nadaj\u0105 si\u0119 na pierwszy sprz\u0119t m\u0142odego harcerza!\" \/>\n\t\t<meta name=\"twitter:image\" content=\"https:\/\/skalnik.pl\/blog\/wp-content\/uploads\/2017\/01\/full_full_img_29755-300x300.jpg\" \/>\n\t\t<script type=\"application\/ld+json\" class=\"aioseo-schema\">\n\t\t\t{\"@context\":\"https:\\\/\\\/schema.org\",\"@graph\":[{\"@type\":\"BlogPosting\",\"@id\":\"https:\\\/\\\/www.skalnik.pl\\\/blog\\\/jak-spakowac-harcerza-na-oboz\\\/#blogposting\",\"name\":\"Jak spakowa\\u0107 harcerza na ob\\u00f3z? - blog Skalnik\",\"headline\":\"Jak spakowa\\u0107 harcerza na ob\\u00f3z?\",\"author\":{\"@id\":\"https:\\\/\\\/www.skalnik.pl\\\/blog\\\/author\\\/redakcja-skalnik-pl\\\/#author\"},\"publisher\":{\"@id\":\"https:\\\/\\\/www.skalnik.pl\\\/blog\\\/#organization\"},\"image\":{\"@type\":\"ImageObject\",\"url\":\"https:\\\/\\\/www.skalnik.pl\\\/blog\\\/wp-content\\\/uploads\\\/2017\\\/01\\\/2017-01-04_harcerz.jpg\",\"width\":1920,\"height\":705,\"caption\":\"harcerze\"},\"datePublished\":\"2017-01-04T16:42:41+02:00\",\"dateModified\":\"2018-12-20T13:09:51+02:00\",\"inLanguage\":\"pl-PL\",\"mainEntityOfPage\":{\"@id\":\"https:\\\/\\\/www.skalnik.pl\\\/blog\\\/jak-spakowac-harcerza-na-oboz\\\/#webpage\"},\"isPartOf\":{\"@id\":\"https:\\\/\\\/www.skalnik.pl\\\/blog\\\/jak-spakowac-harcerza-na-oboz\\\/#webpage\"},\"articleSection\":\"Porady, akcesoria turystyczne, biwak, dziecko w g\\u00f3rach, kemping, volven, 1260\"},{\"@type\":\"BreadcrumbList\",\"@id\":\"https:\\\/\\\/www.skalnik.pl\\\/blog\\\/jak-spakowac-harcerza-na-oboz\\\/#breadcrumblist\",\"itemListElement\":[{\"@type\":\"ListItem\",\"@id\":\"https:\\\/\\\/www.skalnik.pl\\\/blog#listItem\",\"position\":1,\"name\":\"Home\",\"item\":\"https:\\\/\\\/www.skalnik.pl\\\/blog\",\"nextItem\":{\"@type\":\"ListItem\",\"@id\":\"https:\\\/\\\/www.skalnik.pl\\\/blog\\\/.\\\/porady\\\/#listItem\",\"name\":\"Porady\"}},{\"@type\":\"ListItem\",\"@id\":\"https:\\\/\\\/www.skalnik.pl\\\/blog\\\/.\\\/porady\\\/#listItem\",\"position\":2,\"name\":\"Porady\",\"item\":\"https:\\\/\\\/www.skalnik.pl\\\/blog\\\/.\\\/porady\\\/\",\"nextItem\":{\"@type\":\"ListItem\",\"@id\":\"https:\\\/\\\/www.skalnik.pl\\\/blog\\\/jak-spakowac-harcerza-na-oboz\\\/#listItem\",\"name\":\"Jak spakowa\\u0107 harcerza na ob\\u00f3z?\"},\"previousItem\":{\"@type\":\"ListItem\",\"@id\":\"https:\\\/\\\/www.skalnik.pl\\\/blog#listItem\",\"name\":\"Home\"}},{\"@type\":\"ListItem\",\"@id\":\"https:\\\/\\\/www.skalnik.pl\\\/blog\\\/jak-spakowac-harcerza-na-oboz\\\/#listItem\",\"position\":3,\"name\":\"Jak spakowa\\u0107 harcerza na ob\\u00f3z?\",\"previousItem\":{\"@type\":\"ListItem\",\"@id\":\"https:\\\/\\\/www.skalnik.pl\\\/blog\\\/.\\\/porady\\\/#listItem\",\"name\":\"Porady\"}}]},{\"@type\":\"Organization\",\"@id\":\"https:\\\/\\\/www.skalnik.pl\\\/blog\\\/#organization\",\"name\":\"blog Skalnik\",\"description\":\"Blog, porady, artyku\\u0142y - blog Skalnik\",\"url\":\"https:\\\/\\\/www.skalnik.pl\\\/blog\\\/\"},{\"@type\":\"Person\",\"@id\":\"https:\\\/\\\/www.skalnik.pl\\\/blog\\\/author\\\/redakcja-skalnik-pl\\\/#author\",\"url\":\"https:\\\/\\\/www.skalnik.pl\\\/blog\\\/author\\\/redakcja-skalnik-pl\\\/\",\"name\":\"Redakcja skalnik.pl\",\"image\":{\"@type\":\"ImageObject\",\"@id\":\"https:\\\/\\\/www.skalnik.pl\\\/blog\\\/jak-spakowac-harcerza-na-oboz\\\/#authorImage\",\"url\":\"https:\\\/\\\/secure.gravatar.com\\\/avatar\\\/7eab29b048aaf0899cd9a145e9adb814e2130ced31e65b454b902500bea65f9e?s=96&d=mm&r=g\",\"width\":96,\"height\":96,\"caption\":\"Redakcja skalnik.pl\"}},{\"@type\":\"WebPage\",\"@id\":\"https:\\\/\\\/www.skalnik.pl\\\/blog\\\/jak-spakowac-harcerza-na-oboz\\\/#webpage\",\"url\":\"https:\\\/\\\/www.skalnik.pl\\\/blog\\\/jak-spakowac-harcerza-na-oboz\\\/\",\"name\":\"Jak spakowa\\u0107 harcerza na ob\\u00f3z? - blog Skalnik\",\"description\":\"Nie wiesz jak spakowa\\u0107 harcerza na ob\\u00f3z? Przedstawiamy podstawowy sprz\\u0119t turystyczny, kt\\u00f3ry warto zabra\\u0107 na ob\\u00f3z harcerski. Zobacz r\\u00f3wnie\\u017c produkty z naszej oferty, kt\\u00f3re charakteryzuj\\u0105 si\\u0119 dobrym stosunkiem jako\\u015bci do ceny, dzi\\u0119ki czemu idealnie nadaj\\u0105 si\\u0119 na pierwszy sprz\\u0119t m\\u0142odego harcerza!\",\"inLanguage\":\"pl-PL\",\"isPartOf\":{\"@id\":\"https:\\\/\\\/www.skalnik.pl\\\/blog\\\/#website\"},\"breadcrumb\":{\"@id\":\"https:\\\/\\\/www.skalnik.pl\\\/blog\\\/jak-spakowac-harcerza-na-oboz\\\/#breadcrumblist\"},\"author\":{\"@id\":\"https:\\\/\\\/www.skalnik.pl\\\/blog\\\/author\\\/redakcja-skalnik-pl\\\/#author\"},\"creator\":{\"@id\":\"https:\\\/\\\/www.skalnik.pl\\\/blog\\\/author\\\/redakcja-skalnik-pl\\\/#author\"},\"image\":{\"@type\":\"ImageObject\",\"url\":\"https:\\\/\\\/www.skalnik.pl\\\/blog\\\/wp-content\\\/uploads\\\/2017\\\/01\\\/2017-01-04_harcerz.jpg\",\"@id\":\"https:\\\/\\\/www.skalnik.pl\\\/blog\\\/jak-spakowac-harcerza-na-oboz\\\/#mainImage\",\"width\":1920,\"height\":705,\"caption\":\"harcerze\"},\"primaryImageOfPage\":{\"@id\":\"https:\\\/\\\/www.skalnik.pl\\\/blog\\\/jak-spakowac-harcerza-na-oboz\\\/#mainImage\"},\"datePublished\":\"2017-01-04T16:42:41+02:00\",\"dateModified\":\"2018-12-20T13:09:51+02:00\"},{\"@type\":\"WebSite\",\"@id\":\"https:\\\/\\\/www.skalnik.pl\\\/blog\\\/#website\",\"url\":\"https:\\\/\\\/www.skalnik.pl\\\/blog\\\/\",\"name\":\"blog Skalnik\",\"description\":\"Blog, porady, artyku\\u0142y - blog Skalnik\",\"inLanguage\":\"pl-PL\",\"publisher\":{\"@id\":\"https:\\\/\\\/www.skalnik.pl\\\/blog\\\/#organization\"}}]}\n\t\t<\/script>\n\t\t<!-- All in One SEO -->\n\n","aioseo_head_json":{"title":"Jak spakowa\u0107 harcerza na ob\u00f3z? - blog Skalnik","description":"Nie wiesz jak spakowa\u0107 harcerza na ob\u00f3z? Przedstawiamy podstawowy sprz\u0119t turystyczny, kt\u00f3ry warto zabra\u0107 na ob\u00f3z harcerski. Zobacz r\u00f3wnie\u017c produkty z naszej oferty, kt\u00f3re charakteryzuj\u0105 si\u0119 dobrym stosunkiem jako\u015bci do ceny, dzi\u0119ki czemu idealnie nadaj\u0105 si\u0119 na pierwszy sprz\u0119t m\u0142odego harcerza!","canonical_url":"https:\/\/www.skalnik.pl\/blog\/jak-spakowac-harcerza-na-oboz\/","robots":"max-image-preview:large","keywords":"","webmasterTools":{"miscellaneous":""},"schema":{"@context":"https:\/\/schema.org","@graph":[{"@type":"BlogPosting","@id":"https:\/\/www.skalnik.pl\/blog\/jak-spakowac-harcerza-na-oboz\/#blogposting","name":"Jak spakowa\u0107 harcerza na ob\u00f3z? - blog Skalnik","headline":"Jak spakowa\u0107 harcerza na ob\u00f3z?","author":{"@id":"https:\/\/www.skalnik.pl\/blog\/author\/redakcja-skalnik-pl\/#author"},"publisher":{"@id":"https:\/\/www.skalnik.pl\/blog\/#organization"},"image":{"@type":"ImageObject","url":"https:\/\/www.skalnik.pl\/blog\/wp-content\/uploads\/2017\/01\/2017-01-04_harcerz.jpg","width":1920,"height":705,"caption":"harcerze"},"datePublished":"2017-01-04T16:42:41+02:00","dateModified":"2018-12-20T13:09:51+02:00","inLanguage":"pl-PL","mainEntityOfPage":{"@id":"https:\/\/www.skalnik.pl\/blog\/jak-spakowac-harcerza-na-oboz\/#webpage"},"isPartOf":{"@id":"https:\/\/www.skalnik.pl\/blog\/jak-spakowac-harcerza-na-oboz\/#webpage"},"articleSection":"Porady, akcesoria turystyczne, biwak, dziecko w g\u00f3rach, kemping, volven, 1260"},{"@type":"BreadcrumbList","@id":"https:\/\/www.skalnik.pl\/blog\/jak-spakowac-harcerza-na-oboz\/#breadcrumblist","itemListElement":[{"@type":"ListItem","@id":"https:\/\/www.skalnik.pl\/blog#listItem","position":1,"name":"Home","item":"https:\/\/www.skalnik.pl\/blog","nextItem":{"@type":"ListItem","@id":"https:\/\/www.skalnik.pl\/blog\/.\/porady\/#listItem","name":"Porady"}},{"@type":"ListItem","@id":"https:\/\/www.skalnik.pl\/blog\/.\/porady\/#listItem","position":2,"name":"Porady","item":"https:\/\/www.skalnik.pl\/blog\/.\/porady\/","nextItem":{"@type":"ListItem","@id":"https:\/\/www.skalnik.pl\/blog\/jak-spakowac-harcerza-na-oboz\/#listItem","name":"Jak spakowa\u0107 harcerza na ob\u00f3z?"},"previousItem":{"@type":"ListItem","@id":"https:\/\/www.skalnik.pl\/blog#listItem","name":"Home"}},{"@type":"ListItem","@id":"https:\/\/www.skalnik.pl\/blog\/jak-spakowac-harcerza-na-oboz\/#listItem","position":3,"name":"Jak spakowa\u0107 harcerza na ob\u00f3z?","previousItem":{"@type":"ListItem","@id":"https:\/\/www.skalnik.pl\/blog\/.\/porady\/#listItem","name":"Porady"}}]},{"@type":"Organization","@id":"https:\/\/www.skalnik.pl\/blog\/#organization","name":"blog Skalnik","description":"Blog, porady, artyku\u0142y - blog Skalnik","url":"https:\/\/www.skalnik.pl\/blog\/"},{"@type":"Person","@id":"https:\/\/www.skalnik.pl\/blog\/author\/redakcja-skalnik-pl\/#author","url":"https:\/\/www.skalnik.pl\/blog\/author\/redakcja-skalnik-pl\/","name":"Redakcja skalnik.pl","image":{"@type":"ImageObject","@id":"https:\/\/www.skalnik.pl\/blog\/jak-spakowac-harcerza-na-oboz\/#authorImage","url":"https:\/\/secure.gravatar.com\/avatar\/7eab29b048aaf0899cd9a145e9adb814e2130ced31e65b454b902500bea65f9e?s=96&d=mm&r=g","width":96,"height":96,"caption":"Redakcja skalnik.pl"}},{"@type":"WebPage","@id":"https:\/\/www.skalnik.pl\/blog\/jak-spakowac-harcerza-na-oboz\/#webpage","url":"https:\/\/www.skalnik.pl\/blog\/jak-spakowac-harcerza-na-oboz\/","name":"Jak spakowa\u0107 harcerza na ob\u00f3z? - blog Skalnik","description":"Nie wiesz jak spakowa\u0107 harcerza na ob\u00f3z? Przedstawiamy podstawowy sprz\u0119t turystyczny, kt\u00f3ry warto zabra\u0107 na ob\u00f3z harcerski. Zobacz r\u00f3wnie\u017c produkty z naszej oferty, kt\u00f3re charakteryzuj\u0105 si\u0119 dobrym stosunkiem jako\u015bci do ceny, dzi\u0119ki czemu idealnie nadaj\u0105 si\u0119 na pierwszy sprz\u0119t m\u0142odego harcerza!","inLanguage":"pl-PL","isPartOf":{"@id":"https:\/\/www.skalnik.pl\/blog\/#website"},"breadcrumb":{"@id":"https:\/\/www.skalnik.pl\/blog\/jak-spakowac-harcerza-na-oboz\/#breadcrumblist"},"author":{"@id":"https:\/\/www.skalnik.pl\/blog\/author\/redakcja-skalnik-pl\/#author"},"creator":{"@id":"https:\/\/www.skalnik.pl\/blog\/author\/redakcja-skalnik-pl\/#author"},"image":{"@type":"ImageObject","url":"https:\/\/www.skalnik.pl\/blog\/wp-content\/uploads\/2017\/01\/2017-01-04_harcerz.jpg","@id":"https:\/\/www.skalnik.pl\/blog\/jak-spakowac-harcerza-na-oboz\/#mainImage","width":1920,"height":705,"caption":"harcerze"},"primaryImageOfPage":{"@id":"https:\/\/www.skalnik.pl\/blog\/jak-spakowac-harcerza-na-oboz\/#mainImage"},"datePublished":"2017-01-04T16:42:41+02:00","dateModified":"2018-12-20T13:09:51+02:00"},{"@type":"WebSite","@id":"https:\/\/www.skalnik.pl\/blog\/#website","url":"https:\/\/www.skalnik.pl\/blog\/","name":"blog Skalnik","description":"Blog, porady, artyku\u0142y - blog Skalnik","inLanguage":"pl-PL","publisher":{"@id":"https:\/\/www.skalnik.pl\/blog\/#organization"}}]},"og:locale":"pl_PL","og:site_name":"blog Skalnik - Blog, porady, artyku\u0142y - blog Skalnik","og:type":"article","og:title":"Jak spakowa\u0107 harcerza na ob\u00f3z? - blog Skalnik","og:description":"Nie wiesz jak spakowa\u0107 harcerza na ob\u00f3z? Przedstawiamy podstawowy sprz\u0119t turystyczny, kt\u00f3ry warto zabra\u0107 na ob\u00f3z harcerski. Zobacz r\u00f3wnie\u017c produkty z naszej oferty, kt\u00f3re charakteryzuj\u0105 si\u0119 dobrym stosunkiem jako\u015bci do ceny, dzi\u0119ki czemu idealnie nadaj\u0105 si\u0119 na pierwszy sprz\u0119t m\u0142odego harcerza!","og:url":"https:\/\/www.skalnik.pl\/blog\/jak-spakowac-harcerza-na-oboz\/","og:image":"https:\/\/skalnik.pl\/blog\/wp-content\/uploads\/2017\/01\/full_full_img_29755-300x300.jpg","og:image:secure_url":"https:\/\/skalnik.pl\/blog\/wp-content\/uploads\/2017\/01\/full_full_img_29755-300x300.jpg","article:tag":["porady","akcesoria turystyczne","biwak","dziecko w g\u00f3rach","kemping","volven"],"article:published_time":"2017-01-04T15:42:41+00:00","article:modified_time":"2018-12-20T12:09:51+00:00","twitter:card":"summary_large_image","twitter:title":"Jak spakowa\u0107 harcerza na ob\u00f3z? - blog Skalnik","twitter:description":"Nie wiesz jak spakowa\u0107 harcerza na ob\u00f3z? Przedstawiamy podstawowy sprz\u0119t turystyczny, kt\u00f3ry warto zabra\u0107 na ob\u00f3z harcerski. Zobacz r\u00f3wnie\u017c produkty z naszej oferty, kt\u00f3re charakteryzuj\u0105 si\u0119 dobrym stosunkiem jako\u015bci do ceny, dzi\u0119ki czemu idealnie nadaj\u0105 si\u0119 na pierwszy sprz\u0119t m\u0142odego harcerza!","twitter:image":"https:\/\/skalnik.pl\/blog\/wp-content\/uploads\/2017\/01\/full_full_img_29755-300x300.jpg"},"aioseo_meta_data":{"post_id":"580","title":null,"description":"Nie wiesz jak spakowa\u0107 harcerza na ob\u00f3z? Przedstawiamy podstawowy sprz\u0119t turystyczny, kt\u00f3ry warto zabra\u0107 na ob\u00f3z harcerski. Zobacz r\u00f3wnie\u017c produkty z naszej oferty, kt\u00f3re charakteryzuj\u0105 si\u0119 dobrym stosunkiem jako\u015bci do ceny, dzi\u0119ki czemu idealnie nadaj\u0105 si\u0119 na pierwszy sprz\u0119t m\u0142odego harcerza!","keywords":[{"label":"ob\u00f3z harcerski","value":"ob\u00f3z harcerski"},{"label":"ekwipunek harcerza","value":"ekwipunek harcerza"},{"label":"\u015bpiw\u00f3r na ob\u00f3z","value":"\u015bpiw\u00f3r na ob\u00f3z"},{"label":"sprz\u0119t na ob\u00f3z harcerski","value":"sprz\u0119t na ob\u00f3z harcerski"}],"keyphrases":null,"primary_term":null,"canonical_url":null,"og_title":null,"og_description":null,"og_object_type":"default","og_image_type":"default","og_image_url":null,"og_image_width":null,"og_image_height":null,"og_image_custom_url":null,"og_image_custom_fields":null,"og_video":null,"og_custom_url":null,"og_article_section":null,"og_article_tags":null,"twitter_use_og":false,"twitter_card":"default","twitter_image_type":"default","twitter_image_url":null,"twitter_image_custom_url":null,"twitter_image_custom_fields":null,"twitter_title":null,"twitter_description":null,"schema":{"blockGraphs":[],"customGraphs":[],"default":{"data":{"Article":[],"Course":[],"Dataset":[],"FAQPage":[],"Movie":[],"Person":[],"Product":[],"ProductReview":[],"Car":[],"Recipe":[],"Service":[],"SoftwareApplication":[],"WebPage":[]},"graphName":"BlogPosting","isEnabled":true},"graphs":[]},"schema_type":"default","schema_type_options":null,"pillar_content":false,"robots_default":true,"robots_noindex":false,"robots_noarchive":false,"robots_nosnippet":false,"robots_nofollow":false,"robots_noimageindex":false,"robots_noodp":false,"robots_notranslate":false,"robots_max_snippet":null,"robots_max_videopreview":null,"robots_max_imagepreview":"large","priority":null,"frequency":null,"local_seo":null,"breadcrumb_settings":null,"limit_modified_date":false,"ai":null,"created":"2022-08-26 09:43:54","updated":"2026-02-17 21:16:23","seo_analyzer_scan_date":null},"aioseo_breadcrumb":"<div class=\"aioseo-breadcrumbs\"><span class=\"aioseo-breadcrumb\">\n\t\t\t<a href=\"https:\/\/www.skalnik.pl\/blog\" title=\"Home\">Home<\/a>\n\t\t<\/span><span class=\"aioseo-breadcrumb-separator\">&raquo;<\/span><span class=\"aioseo-breadcrumb\">\n\t\t\t<a href=\"https:\/\/www.skalnik.pl\/blog\/.\/porady\/\" title=\"Porady\">Porady<\/a>\n\t\t<\/span><span class=\"aioseo-breadcrumb-separator\">&raquo;<\/span><span class=\"aioseo-breadcrumb\">\n\t\t\tJak spakowa\u0107 harcerza na ob\u00f3z?\n\t\t<\/span><\/div>","aioseo_breadcrumb_json":[{"label":"Home","link":"https:\/\/www.skalnik.pl\/blog"},{"label":"Porady","link":"https:\/\/www.skalnik.pl\/blog\/.\/porady\/"},{"label":"Jak spakowa\u0107 harcerza na ob\u00f3z?","link":"https:\/\/www.skalnik.pl\/blog\/jak-spakowac-harcerza-na-oboz\/"}],"_links":{"self":[{"href":"https:\/\/www.skalnik.pl\/blog\/wp-json\/wp\/v2\/posts\/580","targetHints":{"allow":["GET"]}}],"collection":[{"href":"https:\/\/www.skalnik.pl\/blog\/wp-json\/wp\/v2\/posts"}],"about":[{"href":"https:\/\/www.skalnik.pl\/blog\/wp-json\/wp\/v2\/types\/post"}],"author":[{"embeddable":true,"href":"https:\/\/www.skalnik.pl\/blog\/wp-json\/wp\/v2\/users\/7"}],"replies":[{"embeddable":true,"href":"https:\/\/www.skalnik.pl\/blog\/wp-json\/wp\/v2\/comments?post=580"}],"version-history":[{"count":10,"href":"https:\/\/www.skalnik.pl\/blog\/wp-json\/wp\/v2\/posts\/580\/revisions"}],"predecessor-version":[{"id":5146,"href":"https:\/\/www.skalnik.pl\/blog\/wp-json\/wp\/v2\/posts\/580\/revisions\/5146"}],"wp:featuredmedia":[{"embeddable":true,"href":"https:\/\/www.skalnik.pl\/blog\/wp-json\/wp\/v2\/media\/1000"}],"wp:attachment":[{"href":"https:\/\/www.skalnik.pl\/blog\/wp-json\/wp\/v2\/media?parent=580"}],"wp:term":[{"taxonomy":"category","embeddable":true,"href":"https:\/\/www.skalnik.pl\/blog\/wp-json\/wp\/v2\/categories?post=580"},{"taxonomy":"post_tag","embeddable":true,"href":"https:\/\/www.skalnik.pl\/blog\/wp-json\/wp\/v2\/tags?post=580"},{"taxonomy":"magento_category","embeddable":true,"href":"https:\/\/www.skalnik.pl\/blog\/wp-json\/wp\/v2\/magento_category?post=580"},{"taxonomy":"magento_product","embeddable":true,"href":"https:\/\/www.skalnik.pl\/blog\/wp-json\/wp\/v2\/magento_product?post=580"}],"curies":[{"name":"wp","href":"https:\/\/api.w.org\/{rel}","templated":true}]}}