{"id":5802,"date":"2019-02-26T13:08:42","date_gmt":"2019-02-26T12:08:42","guid":{"rendered":"https:\/\/skalnik.pl\/blog\/?p=5802"},"modified":"2019-04-05T12:43:37","modified_gmt":"2019-04-05T10:43:37","slug":"luk-karpat-zima","status":"publish","type":"post","link":"https:\/\/www.skalnik.pl\/blog\/luk-karpat-zima\/","title":{"rendered":"\u0141UK KARPAT ZIMA"},"content":{"rendered":"<p><b>TEMAT:<img loading=\"lazy\" decoding=\"async\" class=\" wp-image-5804 alignright\" src=\"https:\/\/skalnik.pl\/blog\/wp-content\/uploads\/2019\/02\/logo-t\u0142o-300x275.jpg\" alt=\"\" width=\"347\" height=\"318\" srcset=\"https:\/\/www.skalnik.pl\/blog\/wp-content\/uploads\/2019\/02\/logo-t\u0142o-300x275.jpg 300w, https:\/\/www.skalnik.pl\/blog\/wp-content\/uploads\/2019\/02\/logo-t\u0142o-768x705.jpg 768w, https:\/\/www.skalnik.pl\/blog\/wp-content\/uploads\/2019\/02\/logo-t\u0142o.jpg 782w\" sizes=\"auto, (max-width: 347px) 100vw, 347px\" \/><\/b><\/p>\n<p>\u0141uk Karpat Zima<\/p>\n<p><b>PRELEGENCI:<\/b><\/p>\n<p>Weronika \u0141ukaszewska i S\u0142awomir Sanocki<\/p>\n<p><b>MIEJSCE:<\/b><\/p>\n<p>Wybrze\u017ce Wyspia\u0144skiego 27, Politechnika Wroc\u0142awska, budynek A1, sala 329<\/p>\n<p><b>DATA:<\/b><\/p>\n<p>19.03.2019, godz. 19:00<\/p>\n<p>&nbsp;<\/p>\n<div id=\"ez-toc-container\" class=\"ez-toc-v2_0_85 counter-hierarchy ez-toc-counter ez-toc-light-blue ez-toc-container-direction\">\n<div class=\"ez-toc-title-container\">\n<p class=\"ez-toc-title\" style=\"cursor:inherit\">SPIS TRE\u015aCI <\/p>\n<span class=\"ez-toc-title-toggle\"><a href=\"#\" class=\"ez-toc-pull-right ez-toc-btn ez-toc-btn-xs ez-toc-btn-default ez-toc-toggle\" aria-label=\"Prze\u0142\u0105cznik Spisu Tre\u015bci\"><span class=\"ez-toc-js-icon-con\"><span class=\"\"><span class=\"eztoc-hide\" style=\"display:none;\">Toggle<\/span><span class=\"ez-toc-icon-toggle-span\"><svg style=\"fill: #999;color:#999\" xmlns=\"http:\/\/www.w3.org\/2000\/svg\" class=\"list-377408\" width=\"20px\" height=\"20px\" viewBox=\"0 0 24 24\" fill=\"none\"><path d=\"M6 6H4v2h2V6zm14 0H8v2h12V6zM4 11h2v2H4v-2zm16 0H8v2h12v-2zM4 16h2v2H4v-2zm16 0H8v2h12v-2z\" fill=\"currentColor\"><\/path><\/svg><svg style=\"fill: #999;color:#999\" class=\"arrow-unsorted-368013\" xmlns=\"http:\/\/www.w3.org\/2000\/svg\" width=\"10px\" height=\"10px\" viewBox=\"0 0 24 24\" version=\"1.2\" baseProfile=\"tiny\"><path d=\"M18.2 9.3l-6.2-6.3-6.2 6.3c-.2.2-.3.4-.3.7s.1.5.3.7c.2.2.4.3.7.3h11c.3 0 .5-.1.7-.3.2-.2.3-.5.3-.7s-.1-.5-.3-.7zM5.8 14.7l6.2 6.3 6.2-6.3c.2-.2.3-.5.3-.7s-.1-.5-.3-.7c-.2-.2-.4-.3-.7-.3h-11c-.3 0-.5.1-.7.3-.2.2-.3.5-.3.7s.1.5.3.7z\"\/><\/svg><\/span><\/span><\/span><\/a><\/span><\/div>\n<nav><ul class='ez-toc-list ez-toc-list-level-1 ' ><li class='ez-toc-page-1 ez-toc-heading-level-2'><a class=\"ez-toc-link ez-toc-heading-1\" href=\"https:\/\/www.skalnik.pl\/blog\/luk-karpat-zima\/#O_prelekcji\" >O prelekcji:<\/a><\/li><li class='ez-toc-page-1 ez-toc-heading-level-2'><a class=\"ez-toc-link ez-toc-heading-2\" href=\"https:\/\/www.skalnik.pl\/blog\/luk-karpat-zima\/#O_prelegentach\" >O prelegentach:<\/a><\/li><li class='ez-toc-page-1 ez-toc-heading-level-2'><a class=\"ez-toc-link ez-toc-heading-3\" href=\"https:\/\/www.skalnik.pl\/blog\/luk-karpat-zima\/#Sponsorzy\" >Sponsorzy<\/a><\/li><\/ul><\/nav><\/div>\n<h2><span class=\"ez-toc-section\" id=\"O_prelekcji\"><\/span>O prelekcji:<span class=\"ez-toc-section-end\"><\/span><\/h2>\n<p>W marcu zapraszamy na d\u0142ugodystansow\u0105, zimow\u0105 w\u0119dr\u00f3wk\u0119 przez ca\u0142e Karpaty. Kolejne Spotkania z G\u00f3rami odb\u0119d\u0105 si\u0119 19 marca. Tym razem go\u015b\u0107mi b\u0119d\u0105 Weronika \u0141ukaszewska i S\u0142awomir Sanocki, kt\u00f3rzy jako pierwsi w historii przemierzyli \u0141uk Karpat zim\u0105.<\/p>\n<p>\u0141uk Karpat to oko\u0142o 2200 km w\u0119dr\u00f3wki, kt\u00f3r\u0105 zazwyczaj rozpoczyna si\u0119 w Ma\u0142ych Karpatach, nieopodal Bratys\u0142awy, a ko\u0144czy w miejscowo\u015bci Orsova na granicy rumu\u0144sko-serbskiej. Pomys\u0142 na przej\u015bcie ca\u0142ych Karpat zrodzi\u0142 si\u0119 w latach 60 XX w. w kr\u0119gach polskich przewodnik\u00f3w beskidzkich, ale pierwsze udane przej\u015bcie \u201cnon stop\u201d mia\u0142o miejsce dopiero w roku 1980. Do 2018 r. \u0141uk Karpat pokona\u0142o niespe\u0142na dwadzie\u015bcia wypraw. Od razu trzeba doda\u0107, \u017ce tylko jedno z tych przej\u015b\u0107 by\u0142o przej\u015bciem zimowym!<\/p>\n<p>&nbsp;<\/p>\n<p><img loading=\"lazy\" decoding=\"async\" class=\"alignnone wp-image-5808 size-large\" title=\"\u0142uk karpat przerwa\" src=\"https:\/\/skalnik.pl\/blog\/wp-content\/uploads\/2019\/02\/DSC00582-1024x683.jpg\" alt=\"\u0142uk karpat zima\" width=\"1024\" height=\"683\" srcset=\"https:\/\/www.skalnik.pl\/blog\/wp-content\/uploads\/2019\/02\/DSC00582-1024x683.jpg 1024w, https:\/\/www.skalnik.pl\/blog\/wp-content\/uploads\/2019\/02\/DSC00582-300x200.jpg 300w, https:\/\/www.skalnik.pl\/blog\/wp-content\/uploads\/2019\/02\/DSC00582-768x512.jpg 768w, https:\/\/www.skalnik.pl\/blog\/wp-content\/uploads\/2019\/02\/DSC00582.jpg 1800w\" sizes=\"auto, (max-width: 1024px) 100vw, 1024px\" \/><\/p>\n<p>&nbsp;<\/p>\n<p>Weronika \u0141ukaszewska i S\u0142awek Sanocki jako pierwsze osoby w historii przesz\u0142y ca\u0142e Karpaty zim\u0105. Przez trzy miesi\u0105ce realizowali karpack\u0105 przygod\u0119, zmagaj\u0105c si\u0119 z nisk\u0105 temperatur\u0105 i zm\u0119czeniem. Nocowali g\u0142\u00f3wnie w namiocie (czasem przy temperaturze dochodz\u0105cej do -30\u00b0C). Od czasu do czasu szukali schronienia w opuszczonych sza\u0142asach pasterskich. Dzie\u0144 po dniu szli przez Karpaty, znajduj\u0105c na swej drodze niemal tylko tropy dzikich zwierz\u0105t. Najbli\u017csze Spotkania z G\u00f3rami to mo\u017cliwo\u015b\u0107, by wys\u0142ucha\u0107 ciekawych opowie\u015bci o tej w\u0119dr\u00f3wce oraz szansa, by zachwyci\u0107 si\u0119 fotografiami pogr\u0105\u017conych w zimie i bezludnych (w wi\u0119kszo\u015bci) g\u00f3r.<\/p>\n<div class=\"page_gallery\">\n\n\t\t<style type=\"text\/css\">\n\t\t\t#gallery-1 {\n\t\t\t\tmargin: auto;\n\t\t\t}\n\t\t\t#gallery-1 .gallery-item {\n\t\t\t\tfloat: left;\n\t\t\t\tmargin-top: 10px;\n\t\t\t\ttext-align: center;\n\t\t\t\twidth: 33%;\n\t\t\t}\n\t\t\t#gallery-1 img {\n\t\t\t\tborder: 2px solid #cfcfcf;\n\t\t\t}\n\t\t\t#gallery-1 .gallery-caption {\n\t\t\t\tmargin-left: 0;\n\t\t\t}\n\t\t\t\/* see gallery_shortcode() in wp-includes\/media.php *\/\n\t\t<\/style>\n\t\t<div id='gallery-1' class='gallery galleryid-5802 gallery-columns-3 gallery-size-full'><dl class='gallery-item'>\n\t\t\t<dt class='gallery-icon landscape'>\n\t\t\t\t<img loading=\"lazy\" decoding=\"async\" width=\"1800\" height=\"1200\" src=\"https:\/\/www.skalnik.pl\/blog\/wp-content\/uploads\/2019\/02\/DSC01385.jpg\" class=\"attachment-full size-full\" alt=\"\u0142uk karpat zima\" srcset=\"https:\/\/www.skalnik.pl\/blog\/wp-content\/uploads\/2019\/02\/DSC01385.jpg 1800w, https:\/\/www.skalnik.pl\/blog\/wp-content\/uploads\/2019\/02\/DSC01385-300x200.jpg 300w, https:\/\/www.skalnik.pl\/blog\/wp-content\/uploads\/2019\/02\/DSC01385-768x512.jpg 768w, https:\/\/www.skalnik.pl\/blog\/wp-content\/uploads\/2019\/02\/DSC01385-1024x683.jpg 1024w\" sizes=\"auto, (max-width: 1800px) 100vw, 1800px\" \/>\n\t\t\t<\/dt><\/dl><dl class='gallery-item'>\n\t\t\t<dt class='gallery-icon landscape'>\n\t\t\t\t<img loading=\"lazy\" decoding=\"async\" width=\"1800\" height=\"1200\" src=\"https:\/\/www.skalnik.pl\/blog\/wp-content\/uploads\/2019\/02\/056.jpg\" class=\"attachment-full size-full\" alt=\"\u0142uk karpat zima\" srcset=\"https:\/\/www.skalnik.pl\/blog\/wp-content\/uploads\/2019\/02\/056.jpg 1800w, https:\/\/www.skalnik.pl\/blog\/wp-content\/uploads\/2019\/02\/056-300x200.jpg 300w, https:\/\/www.skalnik.pl\/blog\/wp-content\/uploads\/2019\/02\/056-768x512.jpg 768w, https:\/\/www.skalnik.pl\/blog\/wp-content\/uploads\/2019\/02\/056-1024x683.jpg 1024w\" sizes=\"auto, (max-width: 1800px) 100vw, 1800px\" \/>\n\t\t\t<\/dt><\/dl><dl class='gallery-item'>\n\t\t\t<dt class='gallery-icon landscape'>\n\t\t\t\t<img loading=\"lazy\" decoding=\"async\" width=\"1800\" height=\"1200\" src=\"https:\/\/www.skalnik.pl\/blog\/wp-content\/uploads\/2019\/02\/072.jpg\" class=\"attachment-full size-full\" alt=\"\u0142uk karpat zima\" srcset=\"https:\/\/www.skalnik.pl\/blog\/wp-content\/uploads\/2019\/02\/072.jpg 1800w, https:\/\/www.skalnik.pl\/blog\/wp-content\/uploads\/2019\/02\/072-300x200.jpg 300w, https:\/\/www.skalnik.pl\/blog\/wp-content\/uploads\/2019\/02\/072-768x512.jpg 768w, https:\/\/www.skalnik.pl\/blog\/wp-content\/uploads\/2019\/02\/072-1024x683.jpg 1024w\" sizes=\"auto, (max-width: 1800px) 100vw, 1800px\" \/>\n\t\t\t<\/dt><\/dl><br style=\"clear: both\" \/><dl class='gallery-item'>\n\t\t\t<dt class='gallery-icon landscape'>\n\t\t\t\t<img loading=\"lazy\" decoding=\"async\" width=\"1800\" height=\"1200\" src=\"https:\/\/www.skalnik.pl\/blog\/wp-content\/uploads\/2019\/02\/084.jpg\" class=\"attachment-full size-full\" alt=\"\u0142uk karpat zima\" srcset=\"https:\/\/www.skalnik.pl\/blog\/wp-content\/uploads\/2019\/02\/084.jpg 1800w, https:\/\/www.skalnik.pl\/blog\/wp-content\/uploads\/2019\/02\/084-300x200.jpg 300w, https:\/\/www.skalnik.pl\/blog\/wp-content\/uploads\/2019\/02\/084-768x512.jpg 768w, https:\/\/www.skalnik.pl\/blog\/wp-content\/uploads\/2019\/02\/084-1024x683.jpg 1024w\" sizes=\"auto, (max-width: 1800px) 100vw, 1800px\" \/>\n\t\t\t<\/dt><\/dl><dl class='gallery-item'>\n\t\t\t<dt class='gallery-icon landscape'>\n\t\t\t\t<img loading=\"lazy\" decoding=\"async\" width=\"1800\" height=\"1200\" src=\"https:\/\/www.skalnik.pl\/blog\/wp-content\/uploads\/2019\/02\/DSC01140.jpg\" class=\"attachment-full size-full\" alt=\"\u0142uk karpat zima\" srcset=\"https:\/\/www.skalnik.pl\/blog\/wp-content\/uploads\/2019\/02\/DSC01140.jpg 1800w, https:\/\/www.skalnik.pl\/blog\/wp-content\/uploads\/2019\/02\/DSC01140-300x200.jpg 300w, https:\/\/www.skalnik.pl\/blog\/wp-content\/uploads\/2019\/02\/DSC01140-768x512.jpg 768w, https:\/\/www.skalnik.pl\/blog\/wp-content\/uploads\/2019\/02\/DSC01140-1024x683.jpg 1024w\" sizes=\"auto, (max-width: 1800px) 100vw, 1800px\" \/>\n\t\t\t<\/dt><\/dl><dl class='gallery-item'>\n\t\t\t<dt class='gallery-icon landscape'>\n\t\t\t\t<img loading=\"lazy\" decoding=\"async\" width=\"1800\" height=\"1200\" src=\"https:\/\/www.skalnik.pl\/blog\/wp-content\/uploads\/2019\/02\/DSC01207.jpg\" class=\"attachment-full size-full\" alt=\"\u0142uk karpat zima\" srcset=\"https:\/\/www.skalnik.pl\/blog\/wp-content\/uploads\/2019\/02\/DSC01207.jpg 1800w, https:\/\/www.skalnik.pl\/blog\/wp-content\/uploads\/2019\/02\/DSC01207-300x200.jpg 300w, https:\/\/www.skalnik.pl\/blog\/wp-content\/uploads\/2019\/02\/DSC01207-768x512.jpg 768w, https:\/\/www.skalnik.pl\/blog\/wp-content\/uploads\/2019\/02\/DSC01207-1024x683.jpg 1024w\" sizes=\"auto, (max-width: 1800px) 100vw, 1800px\" \/>\n\t\t\t<\/dt><\/dl><br style=\"clear: both\" \/><dl class='gallery-item'>\n\t\t\t<dt class='gallery-icon landscape'>\n\t\t\t\t<img loading=\"lazy\" decoding=\"async\" width=\"1800\" height=\"1200\" src=\"https:\/\/www.skalnik.pl\/blog\/wp-content\/uploads\/2019\/02\/DSC01246.jpg\" class=\"attachment-full size-full\" alt=\"\u0142uk karpat zima\" srcset=\"https:\/\/www.skalnik.pl\/blog\/wp-content\/uploads\/2019\/02\/DSC01246.jpg 1800w, https:\/\/www.skalnik.pl\/blog\/wp-content\/uploads\/2019\/02\/DSC01246-300x200.jpg 300w, https:\/\/www.skalnik.pl\/blog\/wp-content\/uploads\/2019\/02\/DSC01246-768x512.jpg 768w, https:\/\/www.skalnik.pl\/blog\/wp-content\/uploads\/2019\/02\/DSC01246-1024x683.jpg 1024w\" sizes=\"auto, (max-width: 1800px) 100vw, 1800px\" \/>\n\t\t\t<\/dt><\/dl><dl class='gallery-item'>\n\t\t\t<dt class='gallery-icon landscape'>\n\t\t\t\t<img loading=\"lazy\" decoding=\"async\" width=\"1800\" height=\"1200\" src=\"https:\/\/www.skalnik.pl\/blog\/wp-content\/uploads\/2019\/02\/DSC01422.jpg\" class=\"attachment-full size-full\" alt=\"\u0142uk karpat zima\" srcset=\"https:\/\/www.skalnik.pl\/blog\/wp-content\/uploads\/2019\/02\/DSC01422.jpg 1800w, https:\/\/www.skalnik.pl\/blog\/wp-content\/uploads\/2019\/02\/DSC01422-300x200.jpg 300w, https:\/\/www.skalnik.pl\/blog\/wp-content\/uploads\/2019\/02\/DSC01422-768x512.jpg 768w, https:\/\/www.skalnik.pl\/blog\/wp-content\/uploads\/2019\/02\/DSC01422-1024x683.jpg 1024w\" sizes=\"auto, (max-width: 1800px) 100vw, 1800px\" \/>\n\t\t\t<\/dt><\/dl><dl class='gallery-item'>\n\t\t\t<dt class='gallery-icon landscape'>\n\t\t\t\t<img loading=\"lazy\" decoding=\"async\" width=\"1800\" height=\"1200\" src=\"https:\/\/www.skalnik.pl\/blog\/wp-content\/uploads\/2019\/02\/DSC01815.jpg\" class=\"attachment-full size-full\" alt=\"\u0142uk karpat zima\" srcset=\"https:\/\/www.skalnik.pl\/blog\/wp-content\/uploads\/2019\/02\/DSC01815.jpg 1800w, https:\/\/www.skalnik.pl\/blog\/wp-content\/uploads\/2019\/02\/DSC01815-300x200.jpg 300w, https:\/\/www.skalnik.pl\/blog\/wp-content\/uploads\/2019\/02\/DSC01815-768x512.jpg 768w, https:\/\/www.skalnik.pl\/blog\/wp-content\/uploads\/2019\/02\/DSC01815-1024x683.jpg 1024w\" sizes=\"auto, (max-width: 1800px) 100vw, 1800px\" \/>\n\t\t\t<\/dt><\/dl><br style=\"clear: both\" \/><dl class='gallery-item'>\n\t\t\t<dt class='gallery-icon landscape'>\n\t\t\t\t<img loading=\"lazy\" decoding=\"async\" width=\"1053\" height=\"702\" src=\"https:\/\/www.skalnik.pl\/blog\/wp-content\/uploads\/2019\/02\/DSC02234.jpg\" class=\"attachment-full size-full\" alt=\"\u0142uk karpat zima\" srcset=\"https:\/\/www.skalnik.pl\/blog\/wp-content\/uploads\/2019\/02\/DSC02234.jpg 1053w, https:\/\/www.skalnik.pl\/blog\/wp-content\/uploads\/2019\/02\/DSC02234-300x200.jpg 300w, https:\/\/www.skalnik.pl\/blog\/wp-content\/uploads\/2019\/02\/DSC02234-768x512.jpg 768w, https:\/\/www.skalnik.pl\/blog\/wp-content\/uploads\/2019\/02\/DSC02234-1024x683.jpg 1024w\" sizes=\"auto, (max-width: 1053px) 100vw, 1053px\" \/>\n\t\t\t<\/dt><\/dl>\n\t\t\t<br style='clear: both' \/>\n\t\t<\/div>\n\n<\/div>\n<p>&nbsp;<\/p>\n<h2><span class=\"ez-toc-section\" id=\"O_prelegentach\"><\/span>O prelegentach:<span class=\"ez-toc-section-end\"><\/span><\/h2>\n<p>Weronika \u0141ukaszewska i S\u0142awomir Sanocki poznali si\u0119 w Beskidzie S\u0105deckim. Podczas pierwszego ich spotkania szybko okaza\u0142o si\u0119, \u017ce maj\u0105 to samo marzenie. Oboje pragn\u0119li przej\u015b\u0107 ca\u0142y G\u0142\u00f3wny Szlak Beskidzki, wi\u0119c spr\u00f3bowali zrealizowa\u0107 ten cel razem. Ju\u017c drugiego dnia w\u0119dr\u00f3wki na GSB S\u0142awek rzuci\u0142 \u2013 niby \u017cartem \u2013 has\u0142o, by przej\u015b\u0107 ca\u0142e Karpaty. By\u0142 rok 2014, a ju\u017c w kolejnym roku \u015bwi\u0119towali razem letnie przej\u015bcie \u0141uku Karpat, kt\u00f3re zaj\u0119\u0142o im 116 dni. Nast\u0119pnym \u015bmia\u0142ym pomys\u0142em mi\u0142o\u015bnik\u00f3w d\u0142ugodystansowych trekking\u00f3w by\u0142o zrealizowanie tego celu zim\u0105. Przej\u015bcie zimowe okaza\u0142o si\u0119 nawet wypraw\u0105 szybsz\u0105 od w\u0119dr\u00f3wki latem. Zimowy \u0141uk Karpat zaj\u0105\u0142 im 88 dni!<\/p>\n<p><img loading=\"lazy\" decoding=\"async\" class=\"alignnone wp-image-5807 size-large\" src=\"https:\/\/skalnik.pl\/blog\/wp-content\/uploads\/2019\/02\/Weronika-i-S\u0142awek-\u0141uk-Karpat-Zima-1024x683.jpg\" alt=\"\" width=\"1024\" height=\"683\" srcset=\"https:\/\/www.skalnik.pl\/blog\/wp-content\/uploads\/2019\/02\/Weronika-i-S\u0142awek-\u0141uk-Karpat-Zima-1024x683.jpg 1024w, https:\/\/www.skalnik.pl\/blog\/wp-content\/uploads\/2019\/02\/Weronika-i-S\u0142awek-\u0141uk-Karpat-Zima-300x200.jpg 300w, https:\/\/www.skalnik.pl\/blog\/wp-content\/uploads\/2019\/02\/Weronika-i-S\u0142awek-\u0141uk-Karpat-Zima-768x512.jpg 768w\" sizes=\"auto, (max-width: 1024px) 100vw, 1024px\" \/><\/p>\n<div class=\"sponsors\">\n<h2><span class=\"ez-toc-section\" id=\"Sponsorzy\"><\/span>Sponsorzy<span class=\"ez-toc-section-end\"><\/span><\/h2>\n\n\t\t<style type=\"text\/css\">\n\t\t\t#gallery-2 {\n\t\t\t\tmargin: auto;\n\t\t\t}\n\t\t\t#gallery-2 .gallery-item {\n\t\t\t\tfloat: left;\n\t\t\t\tmargin-top: 10px;\n\t\t\t\ttext-align: center;\n\t\t\t\twidth: 20%;\n\t\t\t}\n\t\t\t#gallery-2 img {\n\t\t\t\tborder: 2px solid #cfcfcf;\n\t\t\t}\n\t\t\t#gallery-2 .gallery-caption {\n\t\t\t\tmargin-left: 0;\n\t\t\t}\n\t\t\t\/* see gallery_shortcode() in wp-includes\/media.php *\/\n\t\t<\/style>\n\t\t<div id='gallery-2' class='gallery galleryid-5802 gallery-columns-5 gallery-size-thumbnail'><dl class='gallery-item'>\n\t\t\t<dt class='gallery-icon landscape'>\n\t\t\t\t<img loading=\"lazy\" decoding=\"async\" width=\"150\" height=\"150\" src=\"https:\/\/www.skalnik.pl\/blog\/wp-content\/uploads\/2016\/10\/74236798.jpg\" class=\"attachment-thumbnail size-thumbnail\" alt=\"skalnik logo\" \/>\n\t\t\t<\/dt><\/dl><dl class='gallery-item'>\n\t\t\t<dt class='gallery-icon landscape'>\n\t\t\t\t<img loading=\"lazy\" decoding=\"async\" width=\"150\" height=\"150\" src=\"https:\/\/www.skalnik.pl\/blog\/wp-content\/uploads\/2016\/10\/18654627.jpg\" class=\"attachment-thumbnail size-thumbnail\" alt=\"DKF logo\" \/>\n\t\t\t<\/dt><\/dl><dl class='gallery-item'>\n\t\t\t<dt class='gallery-icon landscape'>\n\t\t\t\t<img loading=\"lazy\" decoding=\"async\" width=\"150\" height=\"150\" src=\"https:\/\/www.skalnik.pl\/blog\/wp-content\/uploads\/2016\/10\/55774142.jpg\" class=\"attachment-thumbnail size-thumbnail\" alt=\"Politechnika logo\" \/>\n\t\t\t<\/dt><\/dl><dl class='gallery-item'>\n\t\t\t<dt class='gallery-icon landscape'>\n\t\t\t\t<img loading=\"lazy\" decoding=\"async\" width=\"150\" height=\"150\" src=\"https:\/\/www.skalnik.pl\/blog\/wp-content\/uploads\/2016\/10\/64382480.jpg\" class=\"attachment-thumbnail size-thumbnail\" alt=\"VI.6+ logo\" \/>\n\t\t\t<\/dt><\/dl><dl class='gallery-item'>\n\t\t\t<dt class='gallery-icon landscape'>\n\t\t\t\t<img loading=\"lazy\" decoding=\"async\" width=\"150\" height=\"150\" src=\"https:\/\/www.skalnik.pl\/blog\/wp-content\/uploads\/2016\/10\/25112021.jpg\" class=\"attachment-thumbnail size-thumbnail\" alt=\"volven logo\" \/>\n\t\t\t<\/dt><\/dl><br style=\"clear: both\" \/><dl class='gallery-item'>\n\t\t\t<dt class='gallery-icon landscape'>\n\t\t\t\t<img loading=\"lazy\" decoding=\"async\" width=\"150\" height=\"150\" src=\"https:\/\/www.skalnik.pl\/blog\/wp-content\/uploads\/2018\/07\/images.png\" class=\"attachment-thumbnail size-thumbnail\" alt=\"silver rock logo\" \/>\n\t\t\t<\/dt><\/dl><dl class='gallery-item'>\n\t\t\t<dt class='gallery-icon landscape'>\n\t\t\t\t<img loading=\"lazy\" decoding=\"async\" width=\"150\" height=\"150\" src=\"https:\/\/www.skalnik.pl\/blog\/wp-content\/uploads\/2019\/03\/zerwa-logo-150px.jpg\" class=\"attachment-thumbnail size-thumbnail\" alt=\"\" \/>\n\t\t\t<\/dt><\/dl>\n\t\t\t<br style='clear: both' \/>\n\t\t<\/div>\n\n<\/div>\n<p><iframe loading=\"lazy\" src=\"https:\/\/www.youtube.com\/embed\/2Td2X7RJaIw\" width=\"560\" height=\"315\" frameborder=\"0\" allowfullscreen=\"allowfullscreen\"><\/iframe><\/p>\n<p><iframe loading=\"lazy\" src=\"https:\/\/www.youtube.com\/embed\/hcdoaIZTFlI\" width=\"560\" height=\"315\" frameborder=\"0\" allowfullscreen=\"allowfullscreen\"><\/iframe><\/p>\n","protected":false},"excerpt":{"rendered":"<p>W marcu na Spotkaniach z G\u00f3rami go\u015bcimy wypraw\u0119 \u0141uk Karpat Zima. Spotkaj si\u0119 z Weronik\u0105 i S\u0142awkiem, kt\u00f3rzy jako pierwsi w historii przeszli zim\u0105 ca\u0142e Karpaty. Gotowi na 2200 km mro\u017anej przygody? <\/p>\n","protected":false},"author":10,"featured_media":5803,"comment_status":"open","ping_status":"open","sticky":false,"template":"","format":"standard","meta":{"_acf_changed":false,"footnotes":""},"categories":[9],"tags":[213,202],"magento_category":[],"magento_product":[],"class_list":["post-5802","post","type-post","status-publish","format-standard","has-post-thumbnail","hentry","category-spotkania-z-gorami","tag-luk-karpat","tag-spotkania-z-gorami"],"acf":[],"aioseo_notices":[],"aioseo_head":"\n\t\t<!-- All in One SEO 4.9.10 - aioseo.com -->\n\t<meta name=\"description\" content=\"W marcu na Spotkaniach z G\u00f3rami go\u015bcimy wypraw\u0119 \u0141uk Karpat Zima. Spotkaj si\u0119 z Weronik\u0105 i S\u0142awkiem, kt\u00f3rzy jako pierwsi w historii przeszli zim\u0105 ca\u0142e Karpaty. Gotowi na 2200 km mro\u017anej przygody?\" \/>\n\t<meta name=\"robots\" content=\"max-image-preview:large\" \/>\n\t<meta name=\"author\" content=\"Spotkania z G\u00f3rami\"\/>\n\t<link rel=\"canonical\" href=\"https:\/\/www.skalnik.pl\/blog\/luk-karpat-zima\/\" \/>\n\t<meta name=\"generator\" content=\"All in One SEO (AIOSEO) 4.9.10\" \/>\n\t\t<meta property=\"og:locale\" content=\"pl_PL\" \/>\n\t\t<meta property=\"og:site_name\" content=\"blog Skalnik - Blog, porady, artyku\u0142y - blog Skalnik\" \/>\n\t\t<meta property=\"og:type\" content=\"article\" \/>\n\t\t<meta property=\"og:title\" content=\"\u0141UK KARPAT ZIMA - blog Skalnik\" \/>\n\t\t<meta property=\"og:description\" content=\"W marcu na Spotkaniach z G\u00f3rami go\u015bcimy wypraw\u0119 \u0141uk Karpat Zima. Spotkaj si\u0119 z Weronik\u0105 i S\u0142awkiem, kt\u00f3rzy jako pierwsi w historii przeszli zim\u0105 ca\u0142e Karpaty. Gotowi na 2200 km mro\u017anej przygody?\" \/>\n\t\t<meta property=\"og:url\" content=\"https:\/\/www.skalnik.pl\/blog\/luk-karpat-zima\/\" \/>\n\t\t<meta property=\"og:image\" content=\"https:\/\/skalnik.pl\/blog\/wp-content\/uploads\/2019\/02\/logo-t\u0142o-300x275.jpg\" \/>\n\t\t<meta property=\"og:image:secure_url\" content=\"https:\/\/skalnik.pl\/blog\/wp-content\/uploads\/2019\/02\/logo-t\u0142o-300x275.jpg\" \/>\n\t\t<meta property=\"article:tag\" content=\"spotkania z g\u00f3rami\" \/>\n\t\t<meta property=\"article:tag\" content=\"\u0142uk karpat\" \/>\n\t\t<meta property=\"article:published_time\" content=\"2019-02-26T12:08:42+00:00\" \/>\n\t\t<meta property=\"article:modified_time\" content=\"2019-04-05T10:43:37+00:00\" \/>\n\t\t<meta name=\"twitter:card\" content=\"summary_large_image\" \/>\n\t\t<meta name=\"twitter:title\" content=\"\u0141UK KARPAT ZIMA - blog Skalnik\" \/>\n\t\t<meta name=\"twitter:description\" content=\"W marcu na Spotkaniach z G\u00f3rami go\u015bcimy wypraw\u0119 \u0141uk Karpat Zima. Spotkaj si\u0119 z Weronik\u0105 i S\u0142awkiem, kt\u00f3rzy jako pierwsi w historii przeszli zim\u0105 ca\u0142e Karpaty. Gotowi na 2200 km mro\u017anej przygody?\" \/>\n\t\t<meta name=\"twitter:image\" content=\"https:\/\/skalnik.pl\/blog\/wp-content\/uploads\/2019\/02\/logo-t\u0142o-300x275.jpg\" \/>\n\t\t<script type=\"application\/ld+json\" class=\"aioseo-schema\">\n\t\t\t{\"@context\":\"https:\\\/\\\/schema.org\",\"@graph\":[{\"@type\":\"BlogPosting\",\"@id\":\"https:\\\/\\\/www.skalnik.pl\\\/blog\\\/luk-karpat-zima\\\/#blogposting\",\"name\":\"\\u0141UK KARPAT ZIMA - blog Skalnik\",\"headline\":\"\\u0141UK KARPAT ZIMA\",\"author\":{\"@id\":\"https:\\\/\\\/www.skalnik.pl\\\/blog\\\/author\\\/spotkania\\\/#author\"},\"publisher\":{\"@id\":\"https:\\\/\\\/www.skalnik.pl\\\/blog\\\/#organization\"},\"image\":{\"@type\":\"ImageObject\",\"url\":\"https:\\\/\\\/www.skalnik.pl\\\/blog\\\/wp-content\\\/uploads\\\/2019\\\/02\\\/ok\\u0142adka-\\u0142uk-karpat-zima..jpg\",\"width\":1920,\"height\":705},\"datePublished\":\"2019-02-26T13:08:42+02:00\",\"dateModified\":\"2019-04-05T12:43:37+02:00\",\"inLanguage\":\"pl-PL\",\"mainEntityOfPage\":{\"@id\":\"https:\\\/\\\/www.skalnik.pl\\\/blog\\\/luk-karpat-zima\\\/#webpage\"},\"isPartOf\":{\"@id\":\"https:\\\/\\\/www.skalnik.pl\\\/blog\\\/luk-karpat-zima\\\/#webpage\"},\"articleSection\":\"Spotkania z g\\u00f3rami, \\u0142uk karpat, spotkania z g\\u00f3rami\"},{\"@type\":\"BreadcrumbList\",\"@id\":\"https:\\\/\\\/www.skalnik.pl\\\/blog\\\/luk-karpat-zima\\\/#breadcrumblist\",\"itemListElement\":[{\"@type\":\"ListItem\",\"@id\":\"https:\\\/\\\/www.skalnik.pl\\\/blog#listItem\",\"position\":1,\"name\":\"Home\",\"item\":\"https:\\\/\\\/www.skalnik.pl\\\/blog\",\"nextItem\":{\"@type\":\"ListItem\",\"@id\":\"https:\\\/\\\/www.skalnik.pl\\\/blog\\\/.\\\/spotkania-z-gorami\\\/#listItem\",\"name\":\"Spotkania z g\\u00f3rami\"}},{\"@type\":\"ListItem\",\"@id\":\"https:\\\/\\\/www.skalnik.pl\\\/blog\\\/.\\\/spotkania-z-gorami\\\/#listItem\",\"position\":2,\"name\":\"Spotkania z g\\u00f3rami\",\"item\":\"https:\\\/\\\/www.skalnik.pl\\\/blog\\\/.\\\/spotkania-z-gorami\\\/\",\"nextItem\":{\"@type\":\"ListItem\",\"@id\":\"https:\\\/\\\/www.skalnik.pl\\\/blog\\\/luk-karpat-zima\\\/#listItem\",\"name\":\"\\u0141UK KARPAT ZIMA\"},\"previousItem\":{\"@type\":\"ListItem\",\"@id\":\"https:\\\/\\\/www.skalnik.pl\\\/blog#listItem\",\"name\":\"Home\"}},{\"@type\":\"ListItem\",\"@id\":\"https:\\\/\\\/www.skalnik.pl\\\/blog\\\/luk-karpat-zima\\\/#listItem\",\"position\":3,\"name\":\"\\u0141UK KARPAT ZIMA\",\"previousItem\":{\"@type\":\"ListItem\",\"@id\":\"https:\\\/\\\/www.skalnik.pl\\\/blog\\\/.\\\/spotkania-z-gorami\\\/#listItem\",\"name\":\"Spotkania z g\\u00f3rami\"}}]},{\"@type\":\"Organization\",\"@id\":\"https:\\\/\\\/www.skalnik.pl\\\/blog\\\/#organization\",\"name\":\"blog Skalnik\",\"description\":\"Blog, porady, artyku\\u0142y - blog Skalnik\",\"url\":\"https:\\\/\\\/www.skalnik.pl\\\/blog\\\/\"},{\"@type\":\"Person\",\"@id\":\"https:\\\/\\\/www.skalnik.pl\\\/blog\\\/author\\\/spotkania\\\/#author\",\"url\":\"https:\\\/\\\/www.skalnik.pl\\\/blog\\\/author\\\/spotkania\\\/\",\"name\":\"Spotkania z G\\u00f3rami\",\"image\":{\"@type\":\"ImageObject\",\"@id\":\"https:\\\/\\\/www.skalnik.pl\\\/blog\\\/luk-karpat-zima\\\/#authorImage\",\"url\":\"https:\\\/\\\/secure.gravatar.com\\\/avatar\\\/e09dd3aeee26ff64ebd6fda736cd0f273a292e33f7d42d8fbdff1ba323502b0b?s=96&d=mm&r=g\",\"width\":96,\"height\":96,\"caption\":\"Spotkania z G\\u00f3rami\"}},{\"@type\":\"WebPage\",\"@id\":\"https:\\\/\\\/www.skalnik.pl\\\/blog\\\/luk-karpat-zima\\\/#webpage\",\"url\":\"https:\\\/\\\/www.skalnik.pl\\\/blog\\\/luk-karpat-zima\\\/\",\"name\":\"\\u0141UK KARPAT ZIMA - blog Skalnik\",\"description\":\"W marcu na Spotkaniach z G\\u00f3rami go\\u015bcimy wypraw\\u0119 \\u0141uk Karpat Zima. Spotkaj si\\u0119 z Weronik\\u0105 i S\\u0142awkiem, kt\\u00f3rzy jako pierwsi w historii przeszli zim\\u0105 ca\\u0142e Karpaty. Gotowi na 2200 km mro\\u017anej przygody?\",\"inLanguage\":\"pl-PL\",\"isPartOf\":{\"@id\":\"https:\\\/\\\/www.skalnik.pl\\\/blog\\\/#website\"},\"breadcrumb\":{\"@id\":\"https:\\\/\\\/www.skalnik.pl\\\/blog\\\/luk-karpat-zima\\\/#breadcrumblist\"},\"author\":{\"@id\":\"https:\\\/\\\/www.skalnik.pl\\\/blog\\\/author\\\/spotkania\\\/#author\"},\"creator\":{\"@id\":\"https:\\\/\\\/www.skalnik.pl\\\/blog\\\/author\\\/spotkania\\\/#author\"},\"image\":{\"@type\":\"ImageObject\",\"url\":\"https:\\\/\\\/www.skalnik.pl\\\/blog\\\/wp-content\\\/uploads\\\/2019\\\/02\\\/ok\\u0142adka-\\u0142uk-karpat-zima..jpg\",\"@id\":\"https:\\\/\\\/www.skalnik.pl\\\/blog\\\/luk-karpat-zima\\\/#mainImage\",\"width\":1920,\"height\":705},\"primaryImageOfPage\":{\"@id\":\"https:\\\/\\\/www.skalnik.pl\\\/blog\\\/luk-karpat-zima\\\/#mainImage\"},\"datePublished\":\"2019-02-26T13:08:42+02:00\",\"dateModified\":\"2019-04-05T12:43:37+02:00\"},{\"@type\":\"WebSite\",\"@id\":\"https:\\\/\\\/www.skalnik.pl\\\/blog\\\/#website\",\"url\":\"https:\\\/\\\/www.skalnik.pl\\\/blog\\\/\",\"name\":\"blog Skalnik\",\"description\":\"Blog, porady, artyku\\u0142y - blog Skalnik\",\"inLanguage\":\"pl-PL\",\"publisher\":{\"@id\":\"https:\\\/\\\/www.skalnik.pl\\\/blog\\\/#organization\"}}]}\n\t\t<\/script>\n\t\t<!-- All in One SEO -->\n\n","aioseo_head_json":{"title":"\u0141UK KARPAT ZIMA - blog Skalnik","description":"W marcu na Spotkaniach z G\u00f3rami go\u015bcimy wypraw\u0119 \u0141uk Karpat Zima. Spotkaj si\u0119 z Weronik\u0105 i S\u0142awkiem, kt\u00f3rzy jako pierwsi w historii przeszli zim\u0105 ca\u0142e Karpaty. Gotowi na 2200 km mro\u017anej przygody?","canonical_url":"https:\/\/www.skalnik.pl\/blog\/luk-karpat-zima\/","robots":"max-image-preview:large","keywords":"","webmasterTools":{"miscellaneous":""},"schema":{"@context":"https:\/\/schema.org","@graph":[{"@type":"BlogPosting","@id":"https:\/\/www.skalnik.pl\/blog\/luk-karpat-zima\/#blogposting","name":"\u0141UK KARPAT ZIMA - blog Skalnik","headline":"\u0141UK KARPAT ZIMA","author":{"@id":"https:\/\/www.skalnik.pl\/blog\/author\/spotkania\/#author"},"publisher":{"@id":"https:\/\/www.skalnik.pl\/blog\/#organization"},"image":{"@type":"ImageObject","url":"https:\/\/www.skalnik.pl\/blog\/wp-content\/uploads\/2019\/02\/ok\u0142adka-\u0142uk-karpat-zima..jpg","width":1920,"height":705},"datePublished":"2019-02-26T13:08:42+02:00","dateModified":"2019-04-05T12:43:37+02:00","inLanguage":"pl-PL","mainEntityOfPage":{"@id":"https:\/\/www.skalnik.pl\/blog\/luk-karpat-zima\/#webpage"},"isPartOf":{"@id":"https:\/\/www.skalnik.pl\/blog\/luk-karpat-zima\/#webpage"},"articleSection":"Spotkania z g\u00f3rami, \u0142uk karpat, spotkania z g\u00f3rami"},{"@type":"BreadcrumbList","@id":"https:\/\/www.skalnik.pl\/blog\/luk-karpat-zima\/#breadcrumblist","itemListElement":[{"@type":"ListItem","@id":"https:\/\/www.skalnik.pl\/blog#listItem","position":1,"name":"Home","item":"https:\/\/www.skalnik.pl\/blog","nextItem":{"@type":"ListItem","@id":"https:\/\/www.skalnik.pl\/blog\/.\/spotkania-z-gorami\/#listItem","name":"Spotkania z g\u00f3rami"}},{"@type":"ListItem","@id":"https:\/\/www.skalnik.pl\/blog\/.\/spotkania-z-gorami\/#listItem","position":2,"name":"Spotkania z g\u00f3rami","item":"https:\/\/www.skalnik.pl\/blog\/.\/spotkania-z-gorami\/","nextItem":{"@type":"ListItem","@id":"https:\/\/www.skalnik.pl\/blog\/luk-karpat-zima\/#listItem","name":"\u0141UK KARPAT ZIMA"},"previousItem":{"@type":"ListItem","@id":"https:\/\/www.skalnik.pl\/blog#listItem","name":"Home"}},{"@type":"ListItem","@id":"https:\/\/www.skalnik.pl\/blog\/luk-karpat-zima\/#listItem","position":3,"name":"\u0141UK KARPAT ZIMA","previousItem":{"@type":"ListItem","@id":"https:\/\/www.skalnik.pl\/blog\/.\/spotkania-z-gorami\/#listItem","name":"Spotkania z g\u00f3rami"}}]},{"@type":"Organization","@id":"https:\/\/www.skalnik.pl\/blog\/#organization","name":"blog Skalnik","description":"Blog, porady, artyku\u0142y - blog Skalnik","url":"https:\/\/www.skalnik.pl\/blog\/"},{"@type":"Person","@id":"https:\/\/www.skalnik.pl\/blog\/author\/spotkania\/#author","url":"https:\/\/www.skalnik.pl\/blog\/author\/spotkania\/","name":"Spotkania z G\u00f3rami","image":{"@type":"ImageObject","@id":"https:\/\/www.skalnik.pl\/blog\/luk-karpat-zima\/#authorImage","url":"https:\/\/secure.gravatar.com\/avatar\/e09dd3aeee26ff64ebd6fda736cd0f273a292e33f7d42d8fbdff1ba323502b0b?s=96&d=mm&r=g","width":96,"height":96,"caption":"Spotkania z G\u00f3rami"}},{"@type":"WebPage","@id":"https:\/\/www.skalnik.pl\/blog\/luk-karpat-zima\/#webpage","url":"https:\/\/www.skalnik.pl\/blog\/luk-karpat-zima\/","name":"\u0141UK KARPAT ZIMA - blog Skalnik","description":"W marcu na Spotkaniach z G\u00f3rami go\u015bcimy wypraw\u0119 \u0141uk Karpat Zima. Spotkaj si\u0119 z Weronik\u0105 i S\u0142awkiem, kt\u00f3rzy jako pierwsi w historii przeszli zim\u0105 ca\u0142e Karpaty. Gotowi na 2200 km mro\u017anej przygody?","inLanguage":"pl-PL","isPartOf":{"@id":"https:\/\/www.skalnik.pl\/blog\/#website"},"breadcrumb":{"@id":"https:\/\/www.skalnik.pl\/blog\/luk-karpat-zima\/#breadcrumblist"},"author":{"@id":"https:\/\/www.skalnik.pl\/blog\/author\/spotkania\/#author"},"creator":{"@id":"https:\/\/www.skalnik.pl\/blog\/author\/spotkania\/#author"},"image":{"@type":"ImageObject","url":"https:\/\/www.skalnik.pl\/blog\/wp-content\/uploads\/2019\/02\/ok\u0142adka-\u0142uk-karpat-zima..jpg","@id":"https:\/\/www.skalnik.pl\/blog\/luk-karpat-zima\/#mainImage","width":1920,"height":705},"primaryImageOfPage":{"@id":"https:\/\/www.skalnik.pl\/blog\/luk-karpat-zima\/#mainImage"},"datePublished":"2019-02-26T13:08:42+02:00","dateModified":"2019-04-05T12:43:37+02:00"},{"@type":"WebSite","@id":"https:\/\/www.skalnik.pl\/blog\/#website","url":"https:\/\/www.skalnik.pl\/blog\/","name":"blog Skalnik","description":"Blog, porady, artyku\u0142y - blog Skalnik","inLanguage":"pl-PL","publisher":{"@id":"https:\/\/www.skalnik.pl\/blog\/#organization"}}]},"og:locale":"pl_PL","og:site_name":"blog Skalnik - Blog, porady, artyku\u0142y - blog Skalnik","og:type":"article","og:title":"\u0141UK KARPAT ZIMA - blog Skalnik","og:description":"W marcu na Spotkaniach z G\u00f3rami go\u015bcimy wypraw\u0119 \u0141uk Karpat Zima. Spotkaj si\u0119 z Weronik\u0105 i S\u0142awkiem, kt\u00f3rzy jako pierwsi w historii przeszli zim\u0105 ca\u0142e Karpaty. Gotowi na 2200 km mro\u017anej przygody?","og:url":"https:\/\/www.skalnik.pl\/blog\/luk-karpat-zima\/","og:image":"https:\/\/skalnik.pl\/blog\/wp-content\/uploads\/2019\/02\/logo-t\u0142o-300x275.jpg","og:image:secure_url":"https:\/\/skalnik.pl\/blog\/wp-content\/uploads\/2019\/02\/logo-t\u0142o-300x275.jpg","article:tag":["spotkania z g\u00f3rami","\u0142uk karpat"],"article:published_time":"2019-02-26T12:08:42+00:00","article:modified_time":"2019-04-05T10:43:37+00:00","twitter:card":"summary_large_image","twitter:title":"\u0141UK KARPAT ZIMA - blog Skalnik","twitter:description":"W marcu na Spotkaniach z G\u00f3rami go\u015bcimy wypraw\u0119 \u0141uk Karpat Zima. Spotkaj si\u0119 z Weronik\u0105 i S\u0142awkiem, kt\u00f3rzy jako pierwsi w historii przeszli zim\u0105 ca\u0142e Karpaty. Gotowi na 2200 km mro\u017anej przygody?","twitter:image":"https:\/\/skalnik.pl\/blog\/wp-content\/uploads\/2019\/02\/logo-t\u0142o-300x275.jpg"},"aioseo_meta_data":{"post_id":"5802","title":null,"description":null,"keywords":null,"keyphrases":null,"primary_term":null,"canonical_url":null,"og_title":null,"og_description":null,"og_object_type":"default","og_image_type":"default","og_image_url":null,"og_image_width":null,"og_image_height":null,"og_image_custom_url":null,"og_image_custom_fields":null,"og_video":null,"og_custom_url":null,"og_article_section":null,"og_article_tags":null,"twitter_use_og":false,"twitter_card":"default","twitter_image_type":"default","twitter_image_url":null,"twitter_image_custom_url":null,"twitter_image_custom_fields":null,"twitter_title":null,"twitter_description":null,"schema":{"blockGraphs":[],"customGraphs":[],"default":{"data":{"Article":[],"Course":[],"Dataset":[],"FAQPage":[],"Movie":[],"Person":[],"Product":[],"ProductReview":[],"Car":[],"Recipe":[],"Service":[],"SoftwareApplication":[],"WebPage":[]},"graphName":"BlogPosting","isEnabled":true},"graphs":[]},"schema_type":"default","schema_type_options":null,"pillar_content":false,"robots_default":true,"robots_noindex":false,"robots_noarchive":false,"robots_nosnippet":false,"robots_nofollow":false,"robots_noimageindex":false,"robots_noodp":false,"robots_notranslate":false,"robots_max_snippet":null,"robots_max_videopreview":null,"robots_max_imagepreview":"large","priority":null,"frequency":null,"local_seo":null,"breadcrumb_settings":null,"limit_modified_date":false,"ai":null,"created":"2022-08-26 09:55:56","updated":"2026-02-17 21:29:58","seo_analyzer_scan_date":null},"aioseo_breadcrumb":"<div class=\"aioseo-breadcrumbs\"><span class=\"aioseo-breadcrumb\">\n\t\t\t<a href=\"https:\/\/www.skalnik.pl\/blog\" title=\"Home\">Home<\/a>\n\t\t<\/span><span class=\"aioseo-breadcrumb-separator\">&raquo;<\/span><span class=\"aioseo-breadcrumb\">\n\t\t\t<a href=\"https:\/\/www.skalnik.pl\/blog\/.\/spotkania-z-gorami\/\" title=\"Spotkania z g\u00f3rami\">Spotkania z g\u00f3rami<\/a>\n\t\t<\/span><span class=\"aioseo-breadcrumb-separator\">&raquo;<\/span><span class=\"aioseo-breadcrumb\">\n\t\t\t\u0141UK KARPAT ZIMA\n\t\t<\/span><\/div>","aioseo_breadcrumb_json":[{"label":"Home","link":"https:\/\/www.skalnik.pl\/blog"},{"label":"Spotkania z g\u00f3rami","link":"https:\/\/www.skalnik.pl\/blog\/.\/spotkania-z-gorami\/"},{"label":"\u0141UK KARPAT ZIMA","link":"https:\/\/www.skalnik.pl\/blog\/luk-karpat-zima\/"}],"_links":{"self":[{"href":"https:\/\/www.skalnik.pl\/blog\/wp-json\/wp\/v2\/posts\/5802","targetHints":{"allow":["GET"]}}],"collection":[{"href":"https:\/\/www.skalnik.pl\/blog\/wp-json\/wp\/v2\/posts"}],"about":[{"href":"https:\/\/www.skalnik.pl\/blog\/wp-json\/wp\/v2\/types\/post"}],"author":[{"embeddable":true,"href":"https:\/\/www.skalnik.pl\/blog\/wp-json\/wp\/v2\/users\/10"}],"replies":[{"embeddable":true,"href":"https:\/\/www.skalnik.pl\/blog\/wp-json\/wp\/v2\/comments?post=5802"}],"version-history":[{"count":18,"href":"https:\/\/www.skalnik.pl\/blog\/wp-json\/wp\/v2\/posts\/5802\/revisions"}],"predecessor-version":[{"id":6292,"href":"https:\/\/www.skalnik.pl\/blog\/wp-json\/wp\/v2\/posts\/5802\/revisions\/6292"}],"wp:featuredmedia":[{"embeddable":true,"href":"https:\/\/www.skalnik.pl\/blog\/wp-json\/wp\/v2\/media\/5803"}],"wp:attachment":[{"href":"https:\/\/www.skalnik.pl\/blog\/wp-json\/wp\/v2\/media?parent=5802"}],"wp:term":[{"taxonomy":"category","embeddable":true,"href":"https:\/\/www.skalnik.pl\/blog\/wp-json\/wp\/v2\/categories?post=5802"},{"taxonomy":"post_tag","embeddable":true,"href":"https:\/\/www.skalnik.pl\/blog\/wp-json\/wp\/v2\/tags?post=5802"},{"taxonomy":"magento_category","embeddable":true,"href":"https:\/\/www.skalnik.pl\/blog\/wp-json\/wp\/v2\/magento_category?post=5802"},{"taxonomy":"magento_product","embeddable":true,"href":"https:\/\/www.skalnik.pl\/blog\/wp-json\/wp\/v2\/magento_product?post=5802"}],"curies":[{"name":"wp","href":"https:\/\/api.w.org\/{rel}","templated":true}]}}