{"id":586,"date":"2022-10-27T15:45:00","date_gmt":"2022-10-27T13:45:00","guid":{"rendered":"https:\/\/skalnik.pl\/blog\/?p=586"},"modified":"2022-10-26T11:47:25","modified_gmt":"2022-10-26T09:47:25","slug":"jak-dobrac-rozmiar-plecaka","status":"publish","type":"post","link":"https:\/\/www.skalnik.pl\/blog\/jak-dobrac-rozmiar-plecaka\/","title":{"rendered":"Jak dobra\u0107 rozmiar plecaka?"},"content":{"rendered":"\n<p><strong>Czasy wszechobecnych stela\u017cy zewn\u0119trznych s\u0142usznie min\u0119\u0142y. Teraz plecaki maj\u0105 skomplikowane, d\u0142ugo projektowane i dok\u0142adnie wymierzone systemy no\u015bne. I bardzo dobrze! Technologia u\u0142atwia \u017cycie r\u00f3wnie\u017c turystom. U\u0142atwia, je\u015bli wybior\u0105 odpowiedni\u0105 do swoich zastosowa\u0144. W kolejnym poradnikowym tek\u015bcie om\u00f3wimy rozmiary plecak\u00f3w turystycznych. Jaki wybra\u0107 system no\u015bny, \u017ceby nam pomaga\u0142 <\/strong><strong>w w\u0119dr\u00f3wce<\/strong><strong>, a nie niszczy\u0142 <\/strong><strong>naszego <\/strong><strong>kr\u0119gos\u0142up<\/strong><strong>a<\/strong><strong>? Wszystko wyja\u015bnimy poni\u017cej.<\/strong><\/p>\n\n\n\n<div id=\"ez-toc-container\" class=\"ez-toc-v2_0_85 counter-hierarchy ez-toc-counter ez-toc-light-blue ez-toc-container-direction\">\n<div class=\"ez-toc-title-container\">\n<p class=\"ez-toc-title\" style=\"cursor:inherit\">SPIS TRE\u015aCI <\/p>\n<span class=\"ez-toc-title-toggle\"><a href=\"#\" class=\"ez-toc-pull-right ez-toc-btn ez-toc-btn-xs ez-toc-btn-default ez-toc-toggle\" aria-label=\"Prze\u0142\u0105cznik Spisu Tre\u015bci\"><span class=\"ez-toc-js-icon-con\"><span class=\"\"><span class=\"eztoc-hide\" style=\"display:none;\">Toggle<\/span><span class=\"ez-toc-icon-toggle-span\"><svg style=\"fill: #999;color:#999\" xmlns=\"http:\/\/www.w3.org\/2000\/svg\" class=\"list-377408\" width=\"20px\" height=\"20px\" viewBox=\"0 0 24 24\" fill=\"none\"><path d=\"M6 6H4v2h2V6zm14 0H8v2h12V6zM4 11h2v2H4v-2zm16 0H8v2h12v-2zM4 16h2v2H4v-2zm16 0H8v2h12v-2z\" fill=\"currentColor\"><\/path><\/svg><svg style=\"fill: #999;color:#999\" class=\"arrow-unsorted-368013\" xmlns=\"http:\/\/www.w3.org\/2000\/svg\" width=\"10px\" height=\"10px\" viewBox=\"0 0 24 24\" version=\"1.2\" baseProfile=\"tiny\"><path d=\"M18.2 9.3l-6.2-6.3-6.2 6.3c-.2.2-.3.4-.3.7s.1.5.3.7c.2.2.4.3.7.3h11c.3 0 .5-.1.7-.3.2-.2.3-.5.3-.7s-.1-.5-.3-.7zM5.8 14.7l6.2 6.3 6.2-6.3c.2-.2.3-.5.3-.7s-.1-.5-.3-.7c-.2-.2-.4-.3-.7-.3h-11c-.3 0-.5.1-.7.3-.2.2-.3.5-.3.7s.1.5.3.7z\"\/><\/svg><\/span><\/span><\/span><\/a><\/span><\/div>\n<nav><ul class='ez-toc-list ez-toc-list-level-1 ' ><li class='ez-toc-page-1 ez-toc-heading-level-2'><a class=\"ez-toc-link ez-toc-heading-1\" href=\"https:\/\/www.skalnik.pl\/blog\/jak-dobrac-rozmiar-plecaka\/#Plecaki_turystyczne_maja_rozmiar_czy_pojemnosc\" >Plecaki turystyczne maj\u0105 rozmiar, czy pojemno\u015b\u0107?<\/a><\/li><li class='ez-toc-page-1 ez-toc-heading-level-2'><a class=\"ez-toc-link ez-toc-heading-2\" href=\"https:\/\/www.skalnik.pl\/blog\/jak-dobrac-rozmiar-plecaka\/#Czym_sie_rozni_plecak_damski_od_plecaka_meskiego\" >Czym si\u0119 r\u00f3\u017cni plecak damski od plecaka m\u0119skiego?<\/a><\/li><li class='ez-toc-page-1 ez-toc-heading-level-2'><a class=\"ez-toc-link ez-toc-heading-3\" href=\"https:\/\/www.skalnik.pl\/blog\/jak-dobrac-rozmiar-plecaka\/#Czy_kobieta_musi_nosic_damski_plecak\" >Czy kobieta musi nosi\u0107 damski plecak?<\/a><\/li><li class='ez-toc-page-1 ez-toc-heading-level-2'><a class=\"ez-toc-link ez-toc-heading-4\" href=\"https:\/\/www.skalnik.pl\/blog\/jak-dobrac-rozmiar-plecaka\/#Plecak_Osprey_%E2%80%93_daj_sie_zmierzyc_aplikacji\" >Plecak Osprey \u2013 daj si\u0119 zmierzy\u0107 aplikacji<\/a><\/li><li class='ez-toc-page-1 ez-toc-heading-level-2'><a class=\"ez-toc-link ez-toc-heading-5\" href=\"https:\/\/www.skalnik.pl\/blog\/jak-dobrac-rozmiar-plecaka\/#Regulowany_system_nosny_%E2%80%93_wady_i_zalety\" >Regulowany system no\u015bny \u2013 wady i zalety<\/a><\/li><\/ul><\/nav><\/div>\n<h2 class=\"wp-block-heading\"><span class=\"ez-toc-section\" id=\"Plecaki_turystyczne_maja_rozmiar_czy_pojemnosc\"><\/span>Plecaki turystyczne maj\u0105 rozmiar, czy pojemno\u015b\u0107?<span class=\"ez-toc-section-end\"><\/span><\/h2>\n\n\n\n<p>Pojemno\u015b\u0107, czy \u201elitra\u017c\u201d jak niekt\u00f3rzy wo\u0142aj\u0105, a rozmiar to dwa osobne parametry. Mimo, \u017ce m\u00f3wi\u0105 o wielko\u015bci cz\u0119\u015bci plecaka, to s\u0105 od siebie niemal niezale\u017cne.<\/p>\n\n\n\n<p>Pojemno\u015b\u0107 okre\u015bla wielko\u015b\u0107 cz\u0119\u015bci, do kt\u00f3rej \u0142adujemy rzeczy. \u201eW\u00f3r\u201d plecaka jest wyra\u017cany w litrach. Rozmiar to tak naprawd\u0119 skr\u00f3t my\u015blowy od \u201erozmiar systemu no\u015bnego\u201d \u2013 okre\u015bla d\u0142ugo\u015b\u0107, szeroko\u015b\u0107 i spos\u00f3b rozmieszczenia element\u00f3w, kt\u00f3re maj\u0105 styczno\u015b\u0107 z plecami.<\/p>\n\n\n\n<p>Skoro s\u0105 to dwie tak r\u00f3\u017cne cechy, to dlaczego mia\u0142yby by\u0107 od siebie zale\u017cne? Generalnie mo\u017cemy wybiera\u0107 ma\u0142e plecaki z du\u017cym systemem no\u015bnym oraz te du\u017ce z ma\u0142ymi systemami. Wyj\u0105tkiem s\u0105 skrajne warto\u015bci, wynikaj\u0105ce z fizycznych ogranicze\u0144. Nie da si\u0119 zrobi\u0107 funkcjonalnego plecaka o pojemno\u015bci 20 litr\u00f3w i jednocze\u015bnie przygotowa\u0107 go dla u\u017cytkownika o wzro\u015bcie 200 cm. Wybieraj\u0105c plecaki \u015brednie i du\u017ce problem znika. Do du\u017cego worka mo\u017cna zastosowa\u0107 ma\u0142e systemy no\u015bne \u2013 cz\u0119sto jest to widoczne w plecakach damskich.<\/p>\n\n\n\n<p><span class=\"has-inline-color has-vivid-cyan-blue-color\">Kliknij w link i zobacz nasze <strong><a href=\"https:\/\/www.skalnik.pl\/sprzet-turystyczny\/plecaki\/plecaki-turystyczne\" target=\"_blank\" rel=\"noreferrer noopener\">plecaki turystyczne<\/a><\/strong>. <\/span><\/p>\n\n\n\n<h2 class=\"wp-block-heading\"><span class=\"ez-toc-section\" id=\"Czym_sie_rozni_plecak_damski_od_plecaka_meskiego\"><\/span><strong>Czym si\u0119 r\u00f3\u017cni plecak damski od plecaka m\u0119skiego?<\/strong><span class=\"ez-toc-section-end\"><\/span><\/h2>\n\n\n\n<p>Producenci ju\u017c jaki\u015b czas temu zauwa\u017cyli potrzeb\u0119 na rynku i zlecili swoim specjalistom dostosowanie projekt\u00f3w do anatomii kobiecej sylwetki. Dzi\u0119ki temu mo\u017cemy cieszy\u0107 si\u0119 naprawd\u0119 szerok\u0105 ofert\u0105 wiod\u0105cych producent\u00f3w przeznaczon\u0105 dla os\u00f3b o drobnej posturze.<\/p>\n\n\n\n<div class=\"wp-block-image\"><figure class=\"aligncenter size-large\"><img loading=\"lazy\" decoding=\"async\" width=\"1024\" height=\"683\" src=\"https:\/\/www.skalnik.pl\/blog\/wp-content\/uploads\/2022\/10\/Hiking_Trail_SideShot_5_Stefan-Neuhauser-plecaki-doamskie-i-m\u0119skie-r\u00f3\u017cnice.jpg\" alt=\"\" class=\"wp-image-21005\" srcset=\"https:\/\/www.skalnik.pl\/blog\/wp-content\/uploads\/2022\/10\/Hiking_Trail_SideShot_5_Stefan-Neuhauser-plecaki-doamskie-i-m\u0119skie-r\u00f3\u017cnice.jpg 1024w, https:\/\/www.skalnik.pl\/blog\/wp-content\/uploads\/2022\/10\/Hiking_Trail_SideShot_5_Stefan-Neuhauser-plecaki-doamskie-i-m\u0119skie-r\u00f3\u017cnice-300x200.jpg 300w, https:\/\/www.skalnik.pl\/blog\/wp-content\/uploads\/2022\/10\/Hiking_Trail_SideShot_5_Stefan-Neuhauser-plecaki-doamskie-i-m\u0119skie-r\u00f3\u017cnice-768x512.jpg 768w\" sizes=\"auto, (max-width: 1024px) 100vw, 1024px\" \/><figcaption><em>Plecaki dla kobiet i dla m\u0119\u017cczyzn r\u00f3\u017cni\u0105 si\u0119 swoj\u0105 budow\u0105, by oferowa\u0107 najlepsze dopasowanie. (fot. Deuter)<\/em><\/figcaption><\/figure><\/div>\n\n\n\n<p>Plecak turystyczny damski zazwyczaj ma nieco kr\u00f3tszy system no\u015bny ni\u017c m\u0119skie wersje. Oczywi\u015bcie jest to spowodowane r\u00f3\u017cnic\u0105 wzrostu mi\u0119dzy kobietami a m\u0119\u017cczyznami. Jednak warto zauwa\u017cy\u0107, \u017ce nie tylko wzrost, ale proporcje w budowie cia\u0142a s\u0105 decyduj\u0105ce. Kobiety cz\u0119sto maj\u0105 d\u0142u\u017csze nogi wzgl\u0119dem m\u0119\u017cczyzny o tym samym wzro\u015bcie. To oznacza, \u017ce potrzebuj\u0105 jeszcze kr\u00f3tszego systemu no\u015bnego, bo ich tu\u0142\u00f3w jest mniejszy.<br><br>Producenci opr\u00f3cz d\u0142ugo\u015bci dostosowuj\u0105 te\u017c pozosta\u0142e parametry. Plecaki dla kobiet s\u0105 w\u0119\u017csze, ale szelki i pas piersiowy jest dostosowany do wsp\u00f3\u0142pracy z biustem. W m\u0119skich plecakach turystycznych jest mniejszy zakres regulacji \u2013 panie mog\u0105 przesuwa\u0107 pasek wy\u017cej lub ni\u017cej. Pas biodrowy zosta\u0142 przystosowany do pracy z szerszymi biodrami w wersjach dla kobiet. Zdarza si\u0119 r\u00f3wnie\u017c, \u017ce plecaki damskie maj\u0105 wi\u0119cej amrotyzacji w kluczowych miejscach, aby zapewni\u0107 maksymalny komfort. Przez r\u00f3\u017cnice w budowie plecaki damskie mog\u0105 by\u0107 troszk\u0119 l\u017cejsze.<\/p>\n\n\n\n<p>Cz\u0119sto te\u017c plecaki dla kobiet maj\u0105 ciekawsze kolory. Niestety, my \u2013 faceci dalej poruszamy si\u0119 w zielono-br\u0105zowo-burych klimatach, ale to si\u0119 zmienia.<\/p>\n\n\n\n<p><span class=\"has-inline-color has-vivid-cyan-blue-color\">Jeden klik i znasz wszystkie <strong><a href=\"https:\/\/www.skalnik.pl\/sprzet-turystyczny\/plecaki\/plecaki-turystyczne\/plec:kobieta\" target=\"_blank\" rel=\"noreferrer noopener\">damskie plecaki turystyczne<\/a><\/strong> z naszej oferty. <\/span><\/p>\n\n\n\n<h2 class=\"wp-block-heading\"><span class=\"ez-toc-section\" id=\"Czy_kobieta_musi_nosic_damski_plecak\"><\/span>Czy kobieta musi nosi\u0107 damski plecak?<span class=\"ez-toc-section-end\"><\/span><\/h2>\n\n\n\n<p>Nie. Tak samo jak m\u0119\u017cczyzna mo\u017ce nosi\u0107 damski plecak. Okre\u015blenia zwi\u0105zane z p\u0142ci\u0105 w\u0142a\u015bciwie mo\u017cna zamieni\u0107 na okre\u015blenie \u201edla os\u00f3b o drobnej budowie\u201d i \u201edla ludzi o postawnej posturze\u201d. Dobierajcie sprz\u0119t do sylwetki, niezale\u017cnie od tego czy nazywa si\u0119 plecakiem damskim czy m\u0119skim.<\/p>\n\n\n\n<h2 class=\"wp-block-heading\"><span class=\"ez-toc-section\" id=\"Plecak_Osprey_%E2%80%93_daj_sie_zmierzyc_aplikacji\"><\/span><strong>Plecak Ospr<\/strong><strong>e<\/strong><strong>y \u2013 <\/strong><strong>daj si\u0119 zmierzy\u0107 aplikacji<\/strong><span class=\"ez-toc-section-end\"><\/span><\/h2>\n\n\n\n<p>Jeden z czo\u0142owych producent\u00f3w postanowi\u0142 u\u0142atwi\u0107 zadanie klientom i wyda\u0142 aplikacj\u0119, kt\u00f3ra pomaga dobra\u0107 idealny rozmiar plecaka w g\u00f3ry. Wystarczy pobra\u0107 aplikacj\u0119 PackSizer\u2122 2.0 by Osprey, wrzuci\u0107 zdj\u0119cie i zaznaczy\u0107 odpowiednie (wskazane w poleceniu) obszary. Mi\u0119dzy innymi ca\u0142\u0105 sylwetk\u0119, d\u0142ugo\u015b\u0107 od bioder do ramion. Aplikacja wskazuje polecany rozmiar plecaka z oferty producenta. Pomys\u0142 jest \u015bwietny, bo bardzo u\u0142atwia przymiarki. Po takich wirtualnych przymiarkach rozmiar jest za\u0142atwiony, wi\u0119c pozostaje tylko kwestia doboru odpowiedniego modelu.<\/p>\n\n\n\n<iframe loading=\"lazy\" width=\"800\" height=\"442\" src=\"https:\/\/www.youtube.com\/embed\/08T7QaQLRGQ\" title=\"YouTube video player\" frameborder=\"0\" allow=\"accelerometer; autoplay; clipboard-write; encrypted-media; gyroscope; picture-in-picture\" allowfullscreen><\/iframe>\n\n\n\n<h2 class=\"wp-block-heading\"><span class=\"ez-toc-section\" id=\"Regulowany_system_nosny_%E2%80%93_wady_i_zalety\"><\/span>Regulowany system no\u015bny \u2013 wady i zalety<span class=\"ez-toc-section-end\"><\/span><\/h2>\n\n\n\n<p>Na rynku znajdziemy szereg rozwi\u0105za\u0144 uniwersalnych. Niestety mo\u017cliwo\u015b\u0107 dopasowania nie znaczy, \u017ce dany model plecaka idealny dla wszystkich. Plecaki Deuter, czy inne modele topowych producent\u00f3w, cz\u0119sto posiadaj\u0105 regulacj\u0119 tylko w ma\u0142ym zakresie \u2013 rozmiar S\/M czy M\/L. Rzadko wyst\u0119puj\u0105 rozmiary od S do XL w tym samym systemie no\u015bnym. Takie rozwi\u0105zania kr\u00f3lowa\u0142y w rewolucyjnych czasach pierwszego Woodpeckera od marki Alpinus. Tego typu regulacja polega na zmiennej d\u0142ugo\u015bci plec\u00f3w i szelek. Mi\u0119dzy plecakami dla mniejszych os\u00f3b, a tymi dla najwi\u0119kszych jest wi\u0119cej r\u00f3\u017cnic \u2013 szersze plecy, inne pasy biodrowe i ca\u0142a reszta parametr\u00f3w om\u00f3wiona wy\u017cej. Dlatego zakres rozmiar\u00f3w od S do XL b\u0119dzie kompromisem, kt\u00f3ry i tak odbije si\u0119 albo na wygodzie, albo na wadze plecaka.<\/p>\n\n\n\n<div class=\"wp-block-image\"><figure class=\"aligncenter size-large\"><img loading=\"lazy\" decoding=\"async\" width=\"1024\" height=\"683\" src=\"https:\/\/www.skalnik.pl\/blog\/wp-content\/uploads\/2022\/10\/regulacja_BaltoroDeva_F.jpg\" alt=\"\" class=\"wp-image-21006\" srcset=\"https:\/\/www.skalnik.pl\/blog\/wp-content\/uploads\/2022\/10\/regulacja_BaltoroDeva_F.jpg 1024w, https:\/\/www.skalnik.pl\/blog\/wp-content\/uploads\/2022\/10\/regulacja_BaltoroDeva_F-300x200.jpg 300w, https:\/\/www.skalnik.pl\/blog\/wp-content\/uploads\/2022\/10\/regulacja_BaltoroDeva_F-768x512.jpg 768w\" sizes=\"auto, (max-width: 1024px) 100vw, 1024px\" \/><figcaption><em>Jeden z system\u00f3w regulacyjnych. Plecak Gregory Deva. (fot. Gregory)<\/em><\/figcaption><\/figure><\/div>\n\n\n\n<p>Uniwersalnych rozmiar\u00f3w nie znajdziemy te\u017c przy mocno wentylowanych designach. Na przyk\u0142ad plecaki Gregory \u2013 model Focal 48 \u2013 ma stela\u017c, kt\u00f3ry ogranicza mo\u017cliwo\u015b\u0107 regulacji, a jednocze\u015bnie napina siatk\u0119 odpowiadaj\u0105c\u0105 za zwi\u0119kszony przep\u0142yw powietrza. Cz\u0119\u015b\u0107 modeli z siatk\u0105 dystansow\u0105 jednak pozwala na regulacj\u0119, wi\u0119c to nie jest zasada. Warto jednak pami\u0119ta\u0107, \u017ce je\u015bli szukanie plecaka w g\u00f3ry z du\u017cym zakresem regulacji oznacza znaczne ograniczenie wyboru modelu.<\/p>\n\n\n\n<p>Niepodwa\u017caln\u0105 zalet\u0105 jest mo\u017cliwo\u015b\u0107 dopasowania plecaka turystycznego idealnie do swojej budowy. P\u0142ynna regulacja pozwala ustawi\u0107 co do milimetra wybran\u0105 d\u0142ugo\u015b\u0107 systemu no\u015bnego. To r\u00f3wnie\u017c wp\u0142ynie na wygod\u0119 noszenia. Jednocze\u015bnie zwi\u0119kszy komfort szukania samego plecaka. Jest wi\u0119ksza szansa, \u017ce trafimy na plecak turystyczny jakby szyty idealnie dla nas, kiedy regulacja jest wi\u0119ksza. To spodoba si\u0119 szczeg\u00f3lnie fanom zakup\u00f3w przez internet \u2013 mo\u017cna oszcz\u0119dzi\u0107 sporo czasu, bo nie trzeba odsy\u0142a\u0107 du\u017co paczek.<\/p>\n\n\n\n<hr class=\"wp-block-separator is-style-dots\"\/>\n\n\n\n<p>\u017beby mie\u0107 stuprocentow\u0105 pewno\u015b\u0107, jaki rozmiar plecaka w g\u00f3ry jest odpowiedni, musimy go przymierzy\u0107. Aplikacje, czy dok\u0142adne pomiary pomagaj\u0105, ale czynnik\u00f3w jest tak du\u017co, \u017ce nie tylko d\u0142ugo\u015b\u0107 i szeroko\u015b\u0107 jest wa\u017cna. Najlepiej jest za\u0142o\u017cy\u0107 plecak, w\u0142o\u017cy\u0107 do \u015brodka co\u015b ci\u0119\u017ckiego i du\u017cego, aby zasymulowa\u0107 obci\u0105\u017cenie pakunkiem i przespacerowa\u0107 si\u0119 po sklepie kilkana\u015bcie minut. Mo\u017cna w tym czasie poogl\u0105da\u0107 reszt\u0119 oferty i zobaczy\u0107 co si\u0119 do tego plecaka zmie\u015bci. Plecak turystyczny to zakup na lata, wi\u0119c warto by\u0107 pewnym swojego wyboru.<\/p>\n\n\n\n<p><span class=\"has-inline-color has-vivid-cyan-blue-color\">Wyb\u00f3r rozmiaru plecaka to nie wszystko. Kolejne pytanie to kwestia to jego pojemno\u015b\u0107. Kliknij i sprawd\u017a <strong><a href=\"https:\/\/www.skalnik.pl\/blog\/plecak-turystyczny-jak-dobrac-litraz\/\" target=\"_blank\" rel=\"noreferrer noopener\">jak dobra\u0107 litra\u017c plecaka turystycznego<\/a><\/strong>. <\/span><\/p>\n","protected":false},"excerpt":{"rendered":"<p>Dobrze dobrany rozmiar plecaka to recepta na udane w\u0119dr\u00f3wki.<\/p>\n","protected":false},"author":36,"featured_media":21004,"comment_status":"open","ping_status":"open","sticky":false,"template":"","format":"standard","meta":{"_acf_changed":false,"footnotes":""},"categories":[3],"tags":[23,95,91],"magento_category":[51],"magento_product":[],"class_list":["post-586","post","type-post","status-publish","format-standard","has-post-thumbnail","hentry","category-porady","tag-plecaki","tag-sprzet-turystyczny","tag-trekking"],"acf":[],"aioseo_notices":[],"aioseo_head":"\n\t\t<!-- All in One SEO 4.9.10 - aioseo.com -->\n\t<meta name=\"description\" content=\"Podpowiadamy jak dobra\u0107 rozmiar plecaka, w zale\u017cno\u015bci od d\u0142ugo\u015bci wyjazdu, pory roku i aktywno\u015bci. Dowiedz si\u0119 jak du\u017ce plecaki potrzebne s\u0105 na kr\u00f3tkie wyj\u015bcia w g\u00f3ry, kilkudniowe wyjazdy trekkingowe, czy wyprawy w odleg\u0142e rejony.\" \/>\n\t<meta name=\"robots\" content=\"max-image-preview:large\" \/>\n\t<meta name=\"author\" content=\"Krzysztof Ostry\u017cniuk\"\/>\n\t<link rel=\"canonical\" href=\"https:\/\/www.skalnik.pl\/blog\/jak-dobrac-rozmiar-plecaka\/\" \/>\n\t<meta name=\"generator\" content=\"All in One SEO (AIOSEO) 4.9.10\" \/>\n\t\t<meta property=\"og:locale\" content=\"pl_PL\" \/>\n\t\t<meta property=\"og:site_name\" content=\"blog Skalnik - Blog, porady, artyku\u0142y - blog Skalnik\" \/>\n\t\t<meta property=\"og:type\" content=\"article\" \/>\n\t\t<meta property=\"og:title\" content=\"Jak dobra\u0107 rozmiar plecaka? - blog Skalnik\" \/>\n\t\t<meta property=\"og:description\" content=\"Podpowiadamy jak dobra\u0107 rozmiar plecaka, w zale\u017cno\u015bci od d\u0142ugo\u015bci wyjazdu, pory roku i aktywno\u015bci. Dowiedz si\u0119 jak du\u017ce plecaki potrzebne s\u0105 na kr\u00f3tkie wyj\u015bcia w g\u00f3ry, kilkudniowe wyjazdy trekkingowe, czy wyprawy w odleg\u0142e rejony.\" \/>\n\t\t<meta property=\"og:url\" content=\"https:\/\/www.skalnik.pl\/blog\/jak-dobrac-rozmiar-plecaka\/\" \/>\n\t\t<meta property=\"og:image\" content=\"https:\/\/www.skalnik.pl\/blog\/wp-content\/uploads\/2022\/10\/Hiking_Trail_SideShot_5_Stefan-Neuhauser-plecaki-doamskie-i-m\u0119skie-r\u00f3\u017cnice.jpg\" \/>\n\t\t<meta property=\"og:image:secure_url\" content=\"https:\/\/www.skalnik.pl\/blog\/wp-content\/uploads\/2022\/10\/Hiking_Trail_SideShot_5_Stefan-Neuhauser-plecaki-doamskie-i-m\u0119skie-r\u00f3\u017cnice.jpg\" \/>\n\t\t<meta property=\"og:image:width\" content=\"1024\" \/>\n\t\t<meta property=\"og:image:height\" content=\"683\" \/>\n\t\t<meta property=\"article:tag\" content=\"porady\" \/>\n\t\t<meta property=\"article:tag\" content=\"plecaki\" \/>\n\t\t<meta property=\"article:tag\" content=\"sprz\u0119t turystyczny\" \/>\n\t\t<meta property=\"article:tag\" content=\"trekking\" \/>\n\t\t<meta property=\"article:published_time\" content=\"2022-10-27T13:45:00+00:00\" \/>\n\t\t<meta property=\"article:modified_time\" content=\"2022-10-26T09:47:25+00:00\" \/>\n\t\t<meta name=\"twitter:card\" content=\"summary_large_image\" \/>\n\t\t<meta name=\"twitter:title\" content=\"Jak dobra\u0107 rozmiar plecaka? - blog Skalnik\" \/>\n\t\t<meta name=\"twitter:description\" content=\"Podpowiadamy jak dobra\u0107 rozmiar plecaka, w zale\u017cno\u015bci od d\u0142ugo\u015bci wyjazdu, pory roku i aktywno\u015bci. Dowiedz si\u0119 jak du\u017ce plecaki potrzebne s\u0105 na kr\u00f3tkie wyj\u015bcia w g\u00f3ry, kilkudniowe wyjazdy trekkingowe, czy wyprawy w odleg\u0142e rejony.\" \/>\n\t\t<meta name=\"twitter:image\" content=\"https:\/\/www.skalnik.pl\/blog\/wp-content\/uploads\/2022\/10\/Hiking_Trail_SideShot_5_Stefan-Neuhauser-plecaki-doamskie-i-m\u0119skie-r\u00f3\u017cnice.jpg\" \/>\n\t\t<script type=\"application\/ld+json\" class=\"aioseo-schema\">\n\t\t\t{\"@context\":\"https:\\\/\\\/schema.org\",\"@graph\":[{\"@type\":\"BlogPosting\",\"@id\":\"https:\\\/\\\/www.skalnik.pl\\\/blog\\\/jak-dobrac-rozmiar-plecaka\\\/#blogposting\",\"name\":\"Jak dobra\\u0107 rozmiar plecaka? - blog Skalnik\",\"headline\":\"Jak dobra\\u0107 rozmiar plecaka?\",\"author\":{\"@id\":\"https:\\\/\\\/www.skalnik.pl\\\/blog\\\/author\\\/krzysztof-ostryzniuk\\\/#author\"},\"publisher\":{\"@id\":\"https:\\\/\\\/www.skalnik.pl\\\/blog\\\/#organization\"},\"image\":{\"@type\":\"ImageObject\",\"url\":\"https:\\\/\\\/www.skalnik.pl\\\/blog\\\/wp-content\\\/uploads\\\/2017\\\/01\\\/Atmos_Aura_Holz_NewHampshire-jak-dobra\\u0107-rozmiar-plecaka.jpg\",\"width\":1920,\"height\":706},\"datePublished\":\"2022-10-27T15:45:00+02:00\",\"dateModified\":\"2022-10-26T11:47:25+02:00\",\"inLanguage\":\"pl-PL\",\"mainEntityOfPage\":{\"@id\":\"https:\\\/\\\/www.skalnik.pl\\\/blog\\\/jak-dobrac-rozmiar-plecaka\\\/#webpage\"},\"isPartOf\":{\"@id\":\"https:\\\/\\\/www.skalnik.pl\\\/blog\\\/jak-dobrac-rozmiar-plecaka\\\/#webpage\"},\"articleSection\":\"Porady, plecaki, sprz\\u0119t turystyczny, trekking, 1202\"},{\"@type\":\"BreadcrumbList\",\"@id\":\"https:\\\/\\\/www.skalnik.pl\\\/blog\\\/jak-dobrac-rozmiar-plecaka\\\/#breadcrumblist\",\"itemListElement\":[{\"@type\":\"ListItem\",\"@id\":\"https:\\\/\\\/www.skalnik.pl\\\/blog#listItem\",\"position\":1,\"name\":\"Home\",\"item\":\"https:\\\/\\\/www.skalnik.pl\\\/blog\",\"nextItem\":{\"@type\":\"ListItem\",\"@id\":\"https:\\\/\\\/www.skalnik.pl\\\/blog\\\/.\\\/porady\\\/#listItem\",\"name\":\"Porady\"}},{\"@type\":\"ListItem\",\"@id\":\"https:\\\/\\\/www.skalnik.pl\\\/blog\\\/.\\\/porady\\\/#listItem\",\"position\":2,\"name\":\"Porady\",\"item\":\"https:\\\/\\\/www.skalnik.pl\\\/blog\\\/.\\\/porady\\\/\",\"nextItem\":{\"@type\":\"ListItem\",\"@id\":\"https:\\\/\\\/www.skalnik.pl\\\/blog\\\/jak-dobrac-rozmiar-plecaka\\\/#listItem\",\"name\":\"Jak dobra\\u0107 rozmiar plecaka?\"},\"previousItem\":{\"@type\":\"ListItem\",\"@id\":\"https:\\\/\\\/www.skalnik.pl\\\/blog#listItem\",\"name\":\"Home\"}},{\"@type\":\"ListItem\",\"@id\":\"https:\\\/\\\/www.skalnik.pl\\\/blog\\\/jak-dobrac-rozmiar-plecaka\\\/#listItem\",\"position\":3,\"name\":\"Jak dobra\\u0107 rozmiar plecaka?\",\"previousItem\":{\"@type\":\"ListItem\",\"@id\":\"https:\\\/\\\/www.skalnik.pl\\\/blog\\\/.\\\/porady\\\/#listItem\",\"name\":\"Porady\"}}]},{\"@type\":\"Organization\",\"@id\":\"https:\\\/\\\/www.skalnik.pl\\\/blog\\\/#organization\",\"name\":\"blog Skalnik\",\"description\":\"Blog, porady, artyku\\u0142y - blog Skalnik\",\"url\":\"https:\\\/\\\/www.skalnik.pl\\\/blog\\\/\"},{\"@type\":\"Person\",\"@id\":\"https:\\\/\\\/www.skalnik.pl\\\/blog\\\/author\\\/krzysztof-ostryzniuk\\\/#author\",\"url\":\"https:\\\/\\\/www.skalnik.pl\\\/blog\\\/author\\\/krzysztof-ostryzniuk\\\/\",\"name\":\"Krzysztof Ostry\\u017cniuk\",\"image\":{\"@type\":\"ImageObject\",\"@id\":\"https:\\\/\\\/www.skalnik.pl\\\/blog\\\/jak-dobrac-rozmiar-plecaka\\\/#authorImage\",\"url\":\"https:\\\/\\\/secure.gravatar.com\\\/avatar\\\/4600ff58a0243a08913d57bbc4055c2d277233f33a85f841ecb639e269a6697a?s=96&d=mm&r=g\",\"width\":96,\"height\":96,\"caption\":\"Krzysztof Ostry\\u017cniuk\"}},{\"@type\":\"WebPage\",\"@id\":\"https:\\\/\\\/www.skalnik.pl\\\/blog\\\/jak-dobrac-rozmiar-plecaka\\\/#webpage\",\"url\":\"https:\\\/\\\/www.skalnik.pl\\\/blog\\\/jak-dobrac-rozmiar-plecaka\\\/\",\"name\":\"Jak dobra\\u0107 rozmiar plecaka? - blog Skalnik\",\"description\":\"Podpowiadamy jak dobra\\u0107 rozmiar plecaka, w zale\\u017cno\\u015bci od d\\u0142ugo\\u015bci wyjazdu, pory roku i aktywno\\u015bci. Dowiedz si\\u0119 jak du\\u017ce plecaki potrzebne s\\u0105 na kr\\u00f3tkie wyj\\u015bcia w g\\u00f3ry, kilkudniowe wyjazdy trekkingowe, czy wyprawy w odleg\\u0142e rejony.\",\"inLanguage\":\"pl-PL\",\"isPartOf\":{\"@id\":\"https:\\\/\\\/www.skalnik.pl\\\/blog\\\/#website\"},\"breadcrumb\":{\"@id\":\"https:\\\/\\\/www.skalnik.pl\\\/blog\\\/jak-dobrac-rozmiar-plecaka\\\/#breadcrumblist\"},\"author\":{\"@id\":\"https:\\\/\\\/www.skalnik.pl\\\/blog\\\/author\\\/krzysztof-ostryzniuk\\\/#author\"},\"creator\":{\"@id\":\"https:\\\/\\\/www.skalnik.pl\\\/blog\\\/author\\\/krzysztof-ostryzniuk\\\/#author\"},\"image\":{\"@type\":\"ImageObject\",\"url\":\"https:\\\/\\\/www.skalnik.pl\\\/blog\\\/wp-content\\\/uploads\\\/2017\\\/01\\\/Atmos_Aura_Holz_NewHampshire-jak-dobra\\u0107-rozmiar-plecaka.jpg\",\"@id\":\"https:\\\/\\\/www.skalnik.pl\\\/blog\\\/jak-dobrac-rozmiar-plecaka\\\/#mainImage\",\"width\":1920,\"height\":706},\"primaryImageOfPage\":{\"@id\":\"https:\\\/\\\/www.skalnik.pl\\\/blog\\\/jak-dobrac-rozmiar-plecaka\\\/#mainImage\"},\"datePublished\":\"2022-10-27T15:45:00+02:00\",\"dateModified\":\"2022-10-26T11:47:25+02:00\"},{\"@type\":\"WebSite\",\"@id\":\"https:\\\/\\\/www.skalnik.pl\\\/blog\\\/#website\",\"url\":\"https:\\\/\\\/www.skalnik.pl\\\/blog\\\/\",\"name\":\"blog Skalnik\",\"description\":\"Blog, porady, artyku\\u0142y - blog Skalnik\",\"inLanguage\":\"pl-PL\",\"publisher\":{\"@id\":\"https:\\\/\\\/www.skalnik.pl\\\/blog\\\/#organization\"}}]}\n\t\t<\/script>\n\t\t<!-- All in One SEO -->\n\n","aioseo_head_json":{"title":"Jak dobra\u0107 rozmiar plecaka? - blog Skalnik","description":"Podpowiadamy jak dobra\u0107 rozmiar plecaka, w zale\u017cno\u015bci od d\u0142ugo\u015bci wyjazdu, pory roku i aktywno\u015bci. Dowiedz si\u0119 jak du\u017ce plecaki potrzebne s\u0105 na kr\u00f3tkie wyj\u015bcia w g\u00f3ry, kilkudniowe wyjazdy trekkingowe, czy wyprawy w odleg\u0142e rejony.","canonical_url":"https:\/\/www.skalnik.pl\/blog\/jak-dobrac-rozmiar-plecaka\/","robots":"max-image-preview:large","keywords":"","webmasterTools":{"miscellaneous":""},"schema":{"@context":"https:\/\/schema.org","@graph":[{"@type":"BlogPosting","@id":"https:\/\/www.skalnik.pl\/blog\/jak-dobrac-rozmiar-plecaka\/#blogposting","name":"Jak dobra\u0107 rozmiar plecaka? - blog Skalnik","headline":"Jak dobra\u0107 rozmiar plecaka?","author":{"@id":"https:\/\/www.skalnik.pl\/blog\/author\/krzysztof-ostryzniuk\/#author"},"publisher":{"@id":"https:\/\/www.skalnik.pl\/blog\/#organization"},"image":{"@type":"ImageObject","url":"https:\/\/www.skalnik.pl\/blog\/wp-content\/uploads\/2017\/01\/Atmos_Aura_Holz_NewHampshire-jak-dobra\u0107-rozmiar-plecaka.jpg","width":1920,"height":706},"datePublished":"2022-10-27T15:45:00+02:00","dateModified":"2022-10-26T11:47:25+02:00","inLanguage":"pl-PL","mainEntityOfPage":{"@id":"https:\/\/www.skalnik.pl\/blog\/jak-dobrac-rozmiar-plecaka\/#webpage"},"isPartOf":{"@id":"https:\/\/www.skalnik.pl\/blog\/jak-dobrac-rozmiar-plecaka\/#webpage"},"articleSection":"Porady, plecaki, sprz\u0119t turystyczny, trekking, 1202"},{"@type":"BreadcrumbList","@id":"https:\/\/www.skalnik.pl\/blog\/jak-dobrac-rozmiar-plecaka\/#breadcrumblist","itemListElement":[{"@type":"ListItem","@id":"https:\/\/www.skalnik.pl\/blog#listItem","position":1,"name":"Home","item":"https:\/\/www.skalnik.pl\/blog","nextItem":{"@type":"ListItem","@id":"https:\/\/www.skalnik.pl\/blog\/.\/porady\/#listItem","name":"Porady"}},{"@type":"ListItem","@id":"https:\/\/www.skalnik.pl\/blog\/.\/porady\/#listItem","position":2,"name":"Porady","item":"https:\/\/www.skalnik.pl\/blog\/.\/porady\/","nextItem":{"@type":"ListItem","@id":"https:\/\/www.skalnik.pl\/blog\/jak-dobrac-rozmiar-plecaka\/#listItem","name":"Jak dobra\u0107 rozmiar plecaka?"},"previousItem":{"@type":"ListItem","@id":"https:\/\/www.skalnik.pl\/blog#listItem","name":"Home"}},{"@type":"ListItem","@id":"https:\/\/www.skalnik.pl\/blog\/jak-dobrac-rozmiar-plecaka\/#listItem","position":3,"name":"Jak dobra\u0107 rozmiar plecaka?","previousItem":{"@type":"ListItem","@id":"https:\/\/www.skalnik.pl\/blog\/.\/porady\/#listItem","name":"Porady"}}]},{"@type":"Organization","@id":"https:\/\/www.skalnik.pl\/blog\/#organization","name":"blog Skalnik","description":"Blog, porady, artyku\u0142y - blog Skalnik","url":"https:\/\/www.skalnik.pl\/blog\/"},{"@type":"Person","@id":"https:\/\/www.skalnik.pl\/blog\/author\/krzysztof-ostryzniuk\/#author","url":"https:\/\/www.skalnik.pl\/blog\/author\/krzysztof-ostryzniuk\/","name":"Krzysztof Ostry\u017cniuk","image":{"@type":"ImageObject","@id":"https:\/\/www.skalnik.pl\/blog\/jak-dobrac-rozmiar-plecaka\/#authorImage","url":"https:\/\/secure.gravatar.com\/avatar\/4600ff58a0243a08913d57bbc4055c2d277233f33a85f841ecb639e269a6697a?s=96&d=mm&r=g","width":96,"height":96,"caption":"Krzysztof Ostry\u017cniuk"}},{"@type":"WebPage","@id":"https:\/\/www.skalnik.pl\/blog\/jak-dobrac-rozmiar-plecaka\/#webpage","url":"https:\/\/www.skalnik.pl\/blog\/jak-dobrac-rozmiar-plecaka\/","name":"Jak dobra\u0107 rozmiar plecaka? - blog Skalnik","description":"Podpowiadamy jak dobra\u0107 rozmiar plecaka, w zale\u017cno\u015bci od d\u0142ugo\u015bci wyjazdu, pory roku i aktywno\u015bci. Dowiedz si\u0119 jak du\u017ce plecaki potrzebne s\u0105 na kr\u00f3tkie wyj\u015bcia w g\u00f3ry, kilkudniowe wyjazdy trekkingowe, czy wyprawy w odleg\u0142e rejony.","inLanguage":"pl-PL","isPartOf":{"@id":"https:\/\/www.skalnik.pl\/blog\/#website"},"breadcrumb":{"@id":"https:\/\/www.skalnik.pl\/blog\/jak-dobrac-rozmiar-plecaka\/#breadcrumblist"},"author":{"@id":"https:\/\/www.skalnik.pl\/blog\/author\/krzysztof-ostryzniuk\/#author"},"creator":{"@id":"https:\/\/www.skalnik.pl\/blog\/author\/krzysztof-ostryzniuk\/#author"},"image":{"@type":"ImageObject","url":"https:\/\/www.skalnik.pl\/blog\/wp-content\/uploads\/2017\/01\/Atmos_Aura_Holz_NewHampshire-jak-dobra\u0107-rozmiar-plecaka.jpg","@id":"https:\/\/www.skalnik.pl\/blog\/jak-dobrac-rozmiar-plecaka\/#mainImage","width":1920,"height":706},"primaryImageOfPage":{"@id":"https:\/\/www.skalnik.pl\/blog\/jak-dobrac-rozmiar-plecaka\/#mainImage"},"datePublished":"2022-10-27T15:45:00+02:00","dateModified":"2022-10-26T11:47:25+02:00"},{"@type":"WebSite","@id":"https:\/\/www.skalnik.pl\/blog\/#website","url":"https:\/\/www.skalnik.pl\/blog\/","name":"blog Skalnik","description":"Blog, porady, artyku\u0142y - blog Skalnik","inLanguage":"pl-PL","publisher":{"@id":"https:\/\/www.skalnik.pl\/blog\/#organization"}}]},"og:locale":"pl_PL","og:site_name":"blog Skalnik - Blog, porady, artyku\u0142y - blog Skalnik","og:type":"article","og:title":"Jak dobra\u0107 rozmiar plecaka? - blog Skalnik","og:description":"Podpowiadamy jak dobra\u0107 rozmiar plecaka, w zale\u017cno\u015bci od d\u0142ugo\u015bci wyjazdu, pory roku i aktywno\u015bci. Dowiedz si\u0119 jak du\u017ce plecaki potrzebne s\u0105 na kr\u00f3tkie wyj\u015bcia w g\u00f3ry, kilkudniowe wyjazdy trekkingowe, czy wyprawy w odleg\u0142e rejony.","og:url":"https:\/\/www.skalnik.pl\/blog\/jak-dobrac-rozmiar-plecaka\/","og:image":"https:\/\/www.skalnik.pl\/blog\/wp-content\/uploads\/2022\/10\/Hiking_Trail_SideShot_5_Stefan-Neuhauser-plecaki-doamskie-i-m\u0119skie-r\u00f3\u017cnice.jpg","og:image:secure_url":"https:\/\/www.skalnik.pl\/blog\/wp-content\/uploads\/2022\/10\/Hiking_Trail_SideShot_5_Stefan-Neuhauser-plecaki-doamskie-i-m\u0119skie-r\u00f3\u017cnice.jpg","og:image:width":1024,"og:image:height":683,"article:tag":["porady","plecaki","sprz\u0119t turystyczny","trekking"],"article:published_time":"2022-10-27T13:45:00+00:00","article:modified_time":"2022-10-26T09:47:25+00:00","twitter:card":"summary_large_image","twitter:title":"Jak dobra\u0107 rozmiar plecaka? - blog Skalnik","twitter:description":"Podpowiadamy jak dobra\u0107 rozmiar plecaka, w zale\u017cno\u015bci od d\u0142ugo\u015bci wyjazdu, pory roku i aktywno\u015bci. Dowiedz si\u0119 jak du\u017ce plecaki potrzebne s\u0105 na kr\u00f3tkie wyj\u015bcia w g\u00f3ry, kilkudniowe wyjazdy trekkingowe, czy wyprawy w odleg\u0142e rejony.","twitter:image":"https:\/\/www.skalnik.pl\/blog\/wp-content\/uploads\/2022\/10\/Hiking_Trail_SideShot_5_Stefan-Neuhauser-plecaki-doamskie-i-m\u0119skie-r\u00f3\u017cnice.jpg"},"aioseo_meta_data":{"post_id":"586","title":null,"description":"Podpowiadamy jak dobra\u0107 rozmiar plecaka, w zale\u017cno\u015bci od d\u0142ugo\u015bci wyjazdu, pory roku i aktywno\u015bci. Dowiedz si\u0119 jak du\u017ce plecaki potrzebne s\u0105 na kr\u00f3tkie wyj\u015bcia w g\u00f3ry, kilkudniowe wyjazdy trekkingowe, czy wyprawy w odleg\u0142e rejony.","keywords":[{"label":"plecaki turystyczne","value":"plecaki turystyczne"},{"label":"plecak","value":"plecak"},{"label":"plecaki trekkingowe","value":"plecaki trekkingowe"},{"label":"rozmiar plecaka","value":"rozmiar plecaka"}],"keyphrases":null,"primary_term":null,"canonical_url":null,"og_title":null,"og_description":null,"og_object_type":"default","og_image_type":"default","og_image_url":null,"og_image_width":null,"og_image_height":null,"og_image_custom_url":null,"og_image_custom_fields":null,"og_video":null,"og_custom_url":null,"og_article_section":null,"og_article_tags":null,"twitter_use_og":false,"twitter_card":"default","twitter_image_type":"default","twitter_image_url":null,"twitter_image_custom_url":null,"twitter_image_custom_fields":null,"twitter_title":null,"twitter_description":null,"schema":{"blockGraphs":[],"customGraphs":[],"default":{"data":{"Article":[],"Course":[],"Dataset":[],"FAQPage":[],"Movie":[],"Person":[],"Product":[],"ProductReview":[],"Car":[],"Recipe":[],"Service":[],"SoftwareApplication":[],"WebPage":[]},"graphName":"BlogPosting","isEnabled":true},"graphs":[]},"schema_type":"default","schema_type_options":null,"pillar_content":false,"robots_default":true,"robots_noindex":false,"robots_noarchive":false,"robots_nosnippet":false,"robots_nofollow":false,"robots_noimageindex":false,"robots_noodp":false,"robots_notranslate":false,"robots_max_snippet":null,"robots_max_videopreview":null,"robots_max_imagepreview":"large","priority":null,"frequency":null,"local_seo":null,"breadcrumb_settings":null,"limit_modified_date":false,"ai":null,"created":"2022-08-26 09:43:54","updated":"2026-02-17 22:27:21","seo_analyzer_scan_date":null},"aioseo_breadcrumb":"<div class=\"aioseo-breadcrumbs\"><span class=\"aioseo-breadcrumb\">\n\t\t\t<a href=\"https:\/\/www.skalnik.pl\/blog\" title=\"Home\">Home<\/a>\n\t\t<\/span><span class=\"aioseo-breadcrumb-separator\">&raquo;<\/span><span class=\"aioseo-breadcrumb\">\n\t\t\t<a href=\"https:\/\/www.skalnik.pl\/blog\/.\/porady\/\" title=\"Porady\">Porady<\/a>\n\t\t<\/span><span class=\"aioseo-breadcrumb-separator\">&raquo;<\/span><span class=\"aioseo-breadcrumb\">\n\t\t\tJak dobra\u0107 rozmiar plecaka?\n\t\t<\/span><\/div>","aioseo_breadcrumb_json":[{"label":"Home","link":"https:\/\/www.skalnik.pl\/blog"},{"label":"Porady","link":"https:\/\/www.skalnik.pl\/blog\/.\/porady\/"},{"label":"Jak dobra\u0107 rozmiar plecaka?","link":"https:\/\/www.skalnik.pl\/blog\/jak-dobrac-rozmiar-plecaka\/"}],"_links":{"self":[{"href":"https:\/\/www.skalnik.pl\/blog\/wp-json\/wp\/v2\/posts\/586","targetHints":{"allow":["GET"]}}],"collection":[{"href":"https:\/\/www.skalnik.pl\/blog\/wp-json\/wp\/v2\/posts"}],"about":[{"href":"https:\/\/www.skalnik.pl\/blog\/wp-json\/wp\/v2\/types\/post"}],"author":[{"embeddable":true,"href":"https:\/\/www.skalnik.pl\/blog\/wp-json\/wp\/v2\/users\/36"}],"replies":[{"embeddable":true,"href":"https:\/\/www.skalnik.pl\/blog\/wp-json\/wp\/v2\/comments?post=586"}],"version-history":[{"count":6,"href":"https:\/\/www.skalnik.pl\/blog\/wp-json\/wp\/v2\/posts\/586\/revisions"}],"predecessor-version":[{"id":21011,"href":"https:\/\/www.skalnik.pl\/blog\/wp-json\/wp\/v2\/posts\/586\/revisions\/21011"}],"wp:featuredmedia":[{"embeddable":true,"href":"https:\/\/www.skalnik.pl\/blog\/wp-json\/wp\/v2\/media\/21004"}],"wp:attachment":[{"href":"https:\/\/www.skalnik.pl\/blog\/wp-json\/wp\/v2\/media?parent=586"}],"wp:term":[{"taxonomy":"category","embeddable":true,"href":"https:\/\/www.skalnik.pl\/blog\/wp-json\/wp\/v2\/categories?post=586"},{"taxonomy":"post_tag","embeddable":true,"href":"https:\/\/www.skalnik.pl\/blog\/wp-json\/wp\/v2\/tags?post=586"},{"taxonomy":"magento_category","embeddable":true,"href":"https:\/\/www.skalnik.pl\/blog\/wp-json\/wp\/v2\/magento_category?post=586"},{"taxonomy":"magento_product","embeddable":true,"href":"https:\/\/www.skalnik.pl\/blog\/wp-json\/wp\/v2\/magento_product?post=586"}],"curies":[{"name":"wp","href":"https:\/\/api.w.org\/{rel}","templated":true}]}}