{"id":618,"date":"2017-04-07T16:46:23","date_gmt":"2017-04-07T14:46:23","guid":{"rendered":"https:\/\/skalnik.pl\/blog\/?p=618"},"modified":"2018-12-20T12:19:19","modified_gmt":"2018-12-20T11:19:19","slug":"welna-na-wiosne-i-lato","status":"publish","type":"post","link":"https:\/\/www.skalnik.pl\/blog\/welna-na-wiosne-i-lato\/","title":{"rendered":"We\u0142na na wiosn\u0119 i lato?"},"content":{"rendered":"<p><b>Kiedy s\u0142yszysz o we\u0142nie, przed oczami pewnie masz \u2013 w najgorszym wypadku \u2013 gryz\u0105cy sweter z dzieci\u0144stwa \u2013 w najlepszym \u2013 babci\u0119 staruszk\u0119 z drutami w d\u0142oni. Na szcz\u0119\u015bcie s\u0105 to tylko pierwsze skojarzenia. Drapi\u0105ce swetry z g\u00f3rskiej mody wysz\u0142y ju\u017c dawno i dzi\u015b maj\u0105 tyle wsp\u00f3lnego z outdoorem, co bujany fotel, w kt\u00f3rym ciep\u0142e skarpety zwyk\u0142a dzierga\u0107 babcia. Wiele os\u00f3b na pewno wie, \u017ce skoro na naszym blogu piszemy o we\u0142nie, to raczej tematem b\u0119dzie we\u0142na merino. Jest doskona\u0142a okazja, by o tej szlachetnej prz\u0119dzy napisa\u0107 kilka s\u0142\u00f3w. W Skalniku mo\u017cesz kupi\u0107 ju\u017c odzie\u017c szyt\u0105 z we\u0142ny meino w najnowszych wzorach kolekcji wiosna-lato 2017.<\/b><\/p>\n<div id=\"ez-toc-container\" class=\"ez-toc-v2_0_85 counter-hierarchy ez-toc-counter ez-toc-light-blue ez-toc-container-direction\">\n<div class=\"ez-toc-title-container\">\n<p class=\"ez-toc-title\" style=\"cursor:inherit\">SPIS TRE\u015aCI <\/p>\n<span class=\"ez-toc-title-toggle\"><a href=\"#\" class=\"ez-toc-pull-right ez-toc-btn ez-toc-btn-xs ez-toc-btn-default ez-toc-toggle\" aria-label=\"Prze\u0142\u0105cznik Spisu Tre\u015bci\"><span class=\"ez-toc-js-icon-con\"><span class=\"\"><span class=\"eztoc-hide\" style=\"display:none;\">Toggle<\/span><span class=\"ez-toc-icon-toggle-span\"><svg style=\"fill: #999;color:#999\" xmlns=\"http:\/\/www.w3.org\/2000\/svg\" class=\"list-377408\" width=\"20px\" height=\"20px\" viewBox=\"0 0 24 24\" fill=\"none\"><path d=\"M6 6H4v2h2V6zm14 0H8v2h12V6zM4 11h2v2H4v-2zm16 0H8v2h12v-2zM4 16h2v2H4v-2zm16 0H8v2h12v-2z\" fill=\"currentColor\"><\/path><\/svg><svg style=\"fill: #999;color:#999\" class=\"arrow-unsorted-368013\" xmlns=\"http:\/\/www.w3.org\/2000\/svg\" width=\"10px\" height=\"10px\" viewBox=\"0 0 24 24\" version=\"1.2\" baseProfile=\"tiny\"><path d=\"M18.2 9.3l-6.2-6.3-6.2 6.3c-.2.2-.3.4-.3.7s.1.5.3.7c.2.2.4.3.7.3h11c.3 0 .5-.1.7-.3.2-.2.3-.5.3-.7s-.1-.5-.3-.7zM5.8 14.7l6.2 6.3 6.2-6.3c.2-.2.3-.5.3-.7s-.1-.5-.3-.7c-.2-.2-.4-.3-.7-.3h-11c-.3 0-.5.1-.7.3-.2.2-.3.5-.3.7s.1.5.3.7z\"\/><\/svg><\/span><\/span><\/span><\/a><\/span><\/div>\n<nav><ul class='ez-toc-list ez-toc-list-level-1 ' ><li class='ez-toc-page-1 ez-toc-heading-level-2'><a class=\"ez-toc-link ez-toc-heading-1\" href=\"https:\/\/www.skalnik.pl\/blog\/welna-na-wiosne-i-lato\/#Merino_w_odziezy_gorskiej\" >Merino w odzie\u017cy g\u00f3rskiej<\/a><\/li><li class='ez-toc-page-1 ez-toc-heading-level-2'><a class=\"ez-toc-link ez-toc-heading-2\" href=\"https:\/\/www.skalnik.pl\/blog\/welna-na-wiosne-i-lato\/#Dlaczego_merino_jest_wyjatkowe_Jak_to_dziala\" >Dlaczego merino jest wyj\u0105tkowe? Jak to dzia\u0142a?<\/a><\/li><li class='ez-toc-page-1 ez-toc-heading-level-2'><a class=\"ez-toc-link ez-toc-heading-3\" href=\"https:\/\/www.skalnik.pl\/blog\/welna-na-wiosne-i-lato\/#Czy_merino_nadaje_sie_do_noszenia_latem\" >Czy merino nadaje si\u0119 do noszenia latem?<\/a><\/li><li class='ez-toc-page-1 ez-toc-heading-level-2'><a class=\"ez-toc-link ez-toc-heading-4\" href=\"https:\/\/www.skalnik.pl\/blog\/welna-na-wiosne-i-lato\/#Performance_Active_i_OutdoorTravel\" >Performance, Active i Outdoor\/Travel<\/a><\/li><li class='ez-toc-page-1 ez-toc-heading-level-2'><a class=\"ez-toc-link ez-toc-heading-5\" href=\"https:\/\/www.skalnik.pl\/blog\/welna-na-wiosne-i-lato\/#Trendy_kolekcji_Icebreaker_dla_kobiet\" >Trendy kolekcji Icebreaker dla kobiet<\/a><\/li><li class='ez-toc-page-1 ez-toc-heading-level-2'><a class=\"ez-toc-link ez-toc-heading-6\" href=\"https:\/\/www.skalnik.pl\/blog\/welna-na-wiosne-i-lato\/#Nowosc_%E2%80%93_sukienki_turystyczne\" >Nowo\u015b\u0107 &#8211; sukienki turystyczne<\/a><\/li><li class='ez-toc-page-1 ez-toc-heading-level-2'><a class=\"ez-toc-link ez-toc-heading-7\" href=\"https:\/\/www.skalnik.pl\/blog\/welna-na-wiosne-i-lato\/#Trendy_kolekcji_Icebreaker_dla_mezczyzn\" >Trendy kolekcji Icebreaker dla m\u0119\u017cczyzn<\/a><\/li><\/ul><\/nav><\/div>\n<h2><span class=\"ez-toc-section\" id=\"Merino_w_odziezy_gorskiej\"><\/span><img loading=\"lazy\" decoding=\"async\" class=\"size-medium wp-image-2112 alignright\" src=\"https:\/\/skalnik.pl\/blog\/wp-content\/uploads\/2017\/04\/full_Fotolia_101843848_Subscription_Monthly_M-300x300.jpg\" alt=\"we\u0142na merino\" width=\"300\" height=\"300\" srcset=\"https:\/\/www.skalnik.pl\/blog\/wp-content\/uploads\/2017\/04\/full_Fotolia_101843848_Subscription_Monthly_M-300x300.jpg 300w, https:\/\/www.skalnik.pl\/blog\/wp-content\/uploads\/2017\/04\/full_Fotolia_101843848_Subscription_Monthly_M.jpg 600w\" sizes=\"auto, (max-width: 300px) 100vw, 300px\" \/>Merino w odzie\u017cy g\u00f3rskiej<span class=\"ez-toc-section-end\"><\/span><\/h2>\n<p>Merino nie od dzi\u015b wykorzystywane jest przez producent\u00f3w odzie\u017cy outdoorowej. Stosowane jest obecnie zar\u00f3wno do produkcji ciep\u0142ych bluz, jak i do wykonywania oddychaj\u0105cej bielizny i koszulek. Icebreaker od pocz\u0105tku istnienia wykorzystywa\u0142 materia\u0142 z runa merynos\u00f3w, by dostarcza\u0107 ciep\u0142ej i funkcjonalnej odzie\u017cy dla aktywnych os\u00f3b. Co wi\u0119cej, to w\u0142a\u015bnie ta marka jako pierwsza zacz\u0119\u0142a tworzy\u0107 odzie\u017c w 100% wykonan\u0105 z we\u0142ny owiec merynosowych i proponowa\u0107 j\u0105 jako doskona\u0142\u0105 do uprawiania outdoorowych aktywno\u015bci. Merino zacz\u0119\u0142o towarzyszy\u0107 wielu wyprawom w g\u00f3ry. Szybko okaza\u0142o si\u0119, \u017ce jest to materia\u0142 bardzo lekki, a do tego posiadaj\u0105cy \u015bwietne w\u0142a\u015bciwo\u015bci termoizolacyjne. W niskich temperaturach w\u0142\u00f3kna chroni\u0142y cia\u0142a podr\u00f3\u017cnik\u00f3w, wspinaczy i alpinist\u00f3w, dla kt\u00f3rych zachowanie ciep\u0142ej sk\u00f3ry by\u0142o spraw\u0105 priorytetow\u0105, jaka mog\u0142a zawa\u017cy\u0107 na sukcesie ich przedsi\u0119wzi\u0119cia, a nawet decydowa\u0107 o zdrowiu i \u017cyciu.<\/p>\n<h2><span class=\"ez-toc-section\" id=\"Dlaczego_merino_jest_wyjatkowe_Jak_to_dziala\"><\/span>Dlaczego merino jest wyj\u0105tkowe? Jak to dzia\u0142a?<span class=\"ez-toc-section-end\"><\/span><\/h2>\n<p>Cho\u0107 mo\u017cna us\u0142ysze\u0107 r\u00f3wnie\u017c g\u0142osy przeciw, ubrania z we\u0142ny merino uznaje si\u0119 za odzie\u017c termoaktywn\u0105. W\u0142\u00f3kna tej we\u0142ny posiadaj\u0105 szereg fantastycznych w\u0142a\u015bciwo\u015bci, kt\u00f3re odwa\u017cni producenci potrafili wykorzysta\u0107, forsuj\u0105c przy tym ide\u0119 technicznej odzie\u017cy z w\u0142\u00f3kien naturalnych. Ten rodzaj we\u0142ny cechuje si\u0119 przede wszystkim mi\u0119kko\u015bci\u0105 w\u0142\u00f3kien. We\u0142na ta nie gryzie i nie drapie, poniewa\u017c jej w\u0142\u00f3kna s\u0105 bardzo cienkie. Pojedyncze w\u0142\u00f3kna zamiast podra\u017cnia\u0107 sk\u00f3r\u0119 i mieszki w\u0142osowe, ulegaj\u0105 zgi\u0119ciu i powoduj\u0105 mi\u0142e odczucia, jakich zazwyczaj do\u015bwiadczasz przy noszeniu bawe\u0142nianej odzie\u017cy. Runo owiec merynos\u00f3w ma rewelacyjn\u0105 budow\u0119. Ka\u017cde z w\u0142\u00f3kien zdolne jest do absorbowania wilgoci jeszcze w fazie pary wodnej, wi\u0119c ka\u017cde z nich dzia\u0142a na rzecz komfortu. Wn\u0119trze pojedynczego w\u0142\u00f3kna jest hydrofilowe. Dzi\u0119ki temu mo\u017ce odprowadza\u0107 od sk\u00f3ry wilgo\u0107. Zewn\u0119trzna \u0142uska w\u0142\u00f3kien jest za\u015b hydrofobowa, nie pozwala na magazynowanie wilgoci i przyjmowanie jej z otoczenia. Dzi\u0119ki temu merino mo\u017ce skutecznie \u201eoddycha\u0107\u201d w ciep\u0142e dni i podczas aktywno\u015bci. Kolejn\u0105 kapitaln\u0105 w\u0142a\u015bciwo\u015bci\u0105 jest zdolno\u015b\u0107 do izolowania przed zimnem. G\u0119sty splot w\u0142\u00f3kien oraz mikro kanaliki wewn\u0105trz w\u0142\u00f3kien wype\u0142nione s\u0105 powietrzem, kt\u00f3re mo\u017ce zosta\u0107 szybko ogrzane i stanowi\u0107 barier\u0119 dla zimna. Wymieniaj\u0105c plusy nie mo\u017cna jeszcze zapomnie\u0107 o tym, \u017ce merino wool posiada naturalne w\u0142a\u015bciwo\u015bci antybakteryjne, kt\u00f3re dbaj\u0105 o to, by odzie\u017c nie ch\u0142on\u0119\u0142a nieprzyjemnych zapach\u00f3w. Nie warto nikogo namawia\u0107, ale najwi\u0119kszy \u015bmia\u0142ek mia\u0142 pono\u0107 przez ponad 100 dni na sobie t\u0119 sam\u0105 bielizn\u0119 z merino. Wie\u015b\u0107 niesie, \u017ce zachowa\u0142 komfort.<\/p>\n<h2><span class=\"ez-toc-section\" id=\"Czy_merino_nadaje_sie_do_noszenia_latem\"><\/span>Czy merino nadaje si\u0119 do noszenia latem?<span class=\"ez-toc-section-end\"><\/span><\/h2>\n<p>Warto odpowiedzie\u0107 od razu. We\u0142na merino nadaje si\u0119 do noszenia o ka\u017cdej porze roku, a ca\u0142y szkopu\u0142 polega nie na rodzaju materia\u0142u, a na jego gramaturze. Najcz\u0119\u015bciej spotka\u0107 mo\u017cna trzy warto\u015bci, kt\u00f3re charakteryzuj\u0105 odzie\u017c merino. Z materia\u0142u o gramaturze 150 g\/m2 wykonana mo\u017ce by\u0107 koszulka z we\u0142ny merino lub bielizna merino. Tego rodzaju koszulki merino nadaj\u0105 si\u0119 do stosowania jako pojedyncza warstwa ubioru, kt\u00f3r\u0105 za\u0142o\u017cysz w ciep\u0142y dzie\u0144. Gramatura na poziomie 200 g\/m2 cechuje ju\u017c ubrania, kt\u00f3re mo\u017cna nosi\u0107 jako pojedyncz\u0105 warstw\u0119 podczas ch\u0142odniejszej aury lub jako pierwsz\u0105 warstw\u0119 zak\u0142adan\u0105 przy zimnej pogodzie. Na naprawd\u0119 du\u017ce zimno i aktywno\u015bci w niskiej temperaturze w\u0142a\u015bciwe s\u0105 ubrania z merino o gramaturze 250 g\/m2.<\/p>\n<h2><span class=\"ez-toc-section\" id=\"Performance_Active_i_OutdoorTravel\"><\/span><img loading=\"lazy\" decoding=\"async\" class=\"size-medium wp-image-2113 alignleft\" src=\"https:\/\/skalnik.pl\/blog\/wp-content\/uploads\/2017\/04\/full_full_img_38066-300x300.jpg\" alt=\"odzie\u017c icebreaker\" width=\"300\" height=\"300\" srcset=\"https:\/\/www.skalnik.pl\/blog\/wp-content\/uploads\/2017\/04\/full_full_img_38066-300x300.jpg 300w, https:\/\/www.skalnik.pl\/blog\/wp-content\/uploads\/2017\/04\/full_full_img_38066.jpg 600w\" sizes=\"auto, (max-width: 300px) 100vw, 300px\" \/>Performance, Active i Outdoor\/Travel<span class=\"ez-toc-section-end\"><\/span><\/h2>\n<p>Warto wiedzie\u0107, \u017ce Icebreaker dzieli swoje kolekcje na trzy segmenty. Pierwsz\u0105 grup\u0119 produkt\u00f3w stanowi odzie\u017c serii Performance. Jest to najbardziej techniczna odzie\u017c, w kt\u00f3rej wykorzystuje si\u0119 we\u0142n\u0119 merino jako jeden z element\u00f3w. Mo\u017ce ona stanowi\u0107 cz\u0119\u015b\u0107 ubra\u0144 o hybrydowej konstrukcji. Dobrym przyk\u0142adem jest ocieplenie w postaci w\u0142\u00f3kien MerinoLOFT\u2122. Odzie\u017c z kolekcji Active to najcz\u0119\u015bciej koszulki, leginsy, topy, nawet sportowe biustonosze, w kt\u00f3rych merino wsp\u00f3\u0142pracuje z innymi tkaninami. Materia\u0142 w technologii Cool-Lite\u2122 pos\u0142u\u017cy\u0107 mo\u017ce za wz\u00f3r. Jest to tkanina zdolna szybko odprowadza\u0107 wilgo\u0107 i powodowa\u0107 uczucie sch\u0142odzonej sk\u00f3ry. Koszulki Icebreaker z tego materia\u0142u poleci\u0107 mo\u017cna do aktywnych dzia\u0142a\u0144 nawet latem. Trzeci\u0105 grup\u0119 produkt\u00f3w stanowi odzie\u017c z segmentu Outdoor\/Travel, kt\u00f3rej charakter jest bardziej casualowy i lifestylowy. T\u0119 ostatni\u0105 grup\u0119 reprezentuj\u0105 koszulki merino Icebreaker ozdobione ciekawymi wzorami.<\/p>\n<h2><span class=\"ez-toc-section\" id=\"Trendy_kolekcji_Icebreaker_dla_kobiet\"><\/span>Trendy kolekcji Icebreaker dla kobiet<span class=\"ez-toc-section-end\"><\/span><\/h2>\n<p><img loading=\"lazy\" decoding=\"async\" class=\"size-medium wp-image-2114 alignright\" src=\"https:\/\/skalnik.pl\/blog\/wp-content\/uploads\/2017\/04\/full_full_img_37774-300x300.jpg\" alt=\"odzie\u017c icebreaker\" width=\"300\" height=\"300\" srcset=\"https:\/\/www.skalnik.pl\/blog\/wp-content\/uploads\/2017\/04\/full_full_img_37774-300x300.jpg 300w, https:\/\/www.skalnik.pl\/blog\/wp-content\/uploads\/2017\/04\/full_full_img_37774.jpg 600w\" sizes=\"auto, (max-width: 300px) 100vw, 300px\" \/>W najnowszej <a href=\"https:\/\/skalnik.pl\/odziez\/odziez-damska\/icebreaker\/\" target=\"_blank\" rel=\"noopener\">kolekcji wiosenno-letniej dla Pa\u0144<\/a> znale\u017a\u0107 mo\u017cna bestsellerowe produkty i ca\u0142kiem nowe wzory. Wyra\u017anie wida\u0107, \u017ce projektanci Icebreakera staraj\u0105 si\u0119, \u017ceby outdoorowe kobiety tak\u017ce mia\u0142y szans\u0119 nad\u0105\u017ca\u0107 za trendami. Mo\u017cna zauwa\u017cy\u0107, \u017ce nowa kolekcja Icebreaker obfituje w nowe odcienie, kt\u00f3rym najbli\u017cej do fioletu i b\u0142\u0119kitu. Nie brakuje oczywi\u015bcie innych kolor\u00f3w, kt\u00f3re w poprzednich sezonach cieszy\u0142y si\u0119 du\u017cym zainteresowaniem pa\u0144. Charakterystyczn\u0105 cech\u0105 najnowszych produkt\u00f3w s\u0105 r\u00f3wnie\u017c atrakcyjne grafiki zdobi\u0105ce koszulki. Szczeg\u00f3lnie dobrze wida\u0107 to po casualowej serii Graphic Collection z odzie\u017cy segmentu Outdoor\/Travel. Koszulka Icebreaker Tech Lite Lets Get Lost czy koszulka Tech Lite Caravan mog\u0105 s\u0142u\u017cy\u0107 za doskona\u0142e przyk\u0142ady modnych w tym sezonie koszulek z kr\u00f3tkim r\u0119kawem. Warto zwr\u00f3ci\u0107 uwag\u0119 na bogactwo wzor\u00f3w, kt\u00f3re dla marki zaprojektowali uzdolnieni arty\u015bci wsp\u00f3\u0142pracuj\u0105cy z brandem. R\u00f3wnie\u017c koszulki Spheria z bardziej wykrojonym, kobiecym dekoltem ozdobione s\u0105 przez ciekawe grafiki lub interesuj\u0105cy dese\u0144. W koszulkach tych zastosowano wspomniany wcze\u015bniej materia\u0142 Cool-Lite\u2122, kt\u00f3ry jest idealnym wyborem na najcieplejsze dni. Warto rozejrze\u0107 si\u0119 po atrakcyjnych koszulkach Icebreaker, ale to nie wszystko, co producent przygotowa\u0142 w tym sezonie.<\/p>\n<h2><span class=\"ez-toc-section\" id=\"Nowosc_%E2%80%93_sukienki_turystyczne\"><\/span><img loading=\"lazy\" decoding=\"async\" class=\"size-medium wp-image-2115 alignleft\" src=\"https:\/\/skalnik.pl\/blog\/wp-content\/uploads\/2017\/04\/full_full_img_37767-300x300.jpg\" alt=\"sukienka turystyczna\" width=\"300\" height=\"300\" srcset=\"https:\/\/www.skalnik.pl\/blog\/wp-content\/uploads\/2017\/04\/full_full_img_37767-300x300.jpg 300w, https:\/\/www.skalnik.pl\/blog\/wp-content\/uploads\/2017\/04\/full_full_img_37767.jpg 600w\" sizes=\"auto, (max-width: 300px) 100vw, 300px\" \/>Nowo\u015b\u0107 &#8211; sukienki turystyczne<span class=\"ez-toc-section-end\"><\/span><\/h2>\n<p>W tym sezonie, nie tylko w kolekcji marki Icebreaker, uwag\u0119 zwracaj\u0105 <a href=\"https:\/\/skalnik.pl\/odziez\/odziez-damska\/odziez-damska-sukienki-spodniczki\" target=\"_blank\" rel=\"noopener\">sukienki outdoorowe<\/a>. Projektanci najwidoczniej zacz\u0119li wi\u0119cej uwagi po\u015bcia\u0107 kobiecej cz\u0119\u015bci outdooru i zrozumieli, \u017ce wygod\u0119 w dni restowe oraz podczas podr\u00f3\u017cowania zapewni\u0107 mo\u017ce kobiet\u0105 tego typu ubi\u00f3r. Sukienki Icebreaker Yanni uszyte s\u0105 z materia\u0142u Cool-Lite\u2122. W upalne dni zapewnia on odpowiedni\u0105 termik\u0119 dzi\u0119ki po\u0142\u0105czeniu merino, w\u0142\u00f3kienTENCEL\u00ae i nylonu. Trzy wersje tej \u015bwietnej sukienki Icebreaker pozwalaj\u0105 kobietom wybra\u0107 najbardziej odpowiedni dla siebie model. Sukienka outdoorowa Yanni wyst\u0119puje w wersji na rami\u0105czkach i w wersji z pe\u0142nymi ramionami. T\u0119 ostatni\u0105 skrojono ponadto w odmianach z kapturem lub z dekoltem o g\u0142\u0119bszym wykroju.<\/p>\n<h2><span class=\"ez-toc-section\" id=\"Trendy_kolekcji_Icebreaker_dla_mezczyzn\"><\/span>Trendy kolekcji Icebreaker dla m\u0119\u017cczyzn<span class=\"ez-toc-section-end\"><\/span><\/h2>\n<p><img loading=\"lazy\" decoding=\"async\" class=\"size-medium wp-image-2116 alignright\" src=\"https:\/\/skalnik.pl\/blog\/wp-content\/uploads\/2017\/04\/full_full_img_37941-300x300.jpg\" alt=\"odzie\u017c icebreaker\" width=\"300\" height=\"300\" srcset=\"https:\/\/www.skalnik.pl\/blog\/wp-content\/uploads\/2017\/04\/full_full_img_37941-300x300.jpg 300w, https:\/\/www.skalnik.pl\/blog\/wp-content\/uploads\/2017\/04\/full_full_img_37941.jpg 600w\" sizes=\"auto, (max-width: 300px) 100vw, 300px\" \/>W letniej kolekcji <a href=\"https:\/\/skalnik.pl\/odziez\/odziez-meska\/icebreaker\/\" target=\"_blank\" rel=\"noopener\">Icebreakaer dla pan\u00f3w<\/a> nie wida\u0107 wyra\u017anej dominanty kolorystycznej, ale zami\u0142owanie do atrakcyjnych wzor\u00f3w jest nie do podwa\u017cenia. Icebreaker rozszerzy\u0142 wersj\u0119 kolorystyczn\u0105 najlepszych swoich modeli oraz zaproponowa\u0142 r\u00f3wnie\u017c m\u0119\u017cczyznom bogat\u0105 linie produkt\u00f3w Graphic Collection. Uszyte z wytrzyma\u0142ej prz\u0119dzy rdzeniowej (Corespun) koszulki Icebreaker zdobi\u0105 motywy graficzne zwi\u0105zane z natur\u0105 i outdoorowymi pasjami. Koszulki Tech Lite Van Life i Ramble z grafikami w stylu vanlife zdradzi\u0107 mog\u0105, \u017ce nosz\u0105ca je osoba wprost zakochana jest w caravaningu, a koszulka merino Finding The Way daje do zrozumienia, \u017ce ten kto j\u0105 nosi uwielbia podr\u00f3\u017ce. Wspomniane koszulki wykonane s\u0105 z oddychaj\u0105cej prz\u0119dzy, kt\u00f3ra jest w stanie zapewni\u0107 du\u017cy komfort i w\u0142a\u015bciw\u0105 termoregulacj\u0119 w trakcie podr\u00f3\u017cowania. Dla aktywnych m\u0119\u017cczyzn przygotowano techniczne koszulki Icebreaker Aero o zapewniaj\u0105cej oddychalno\u015b\u0107 gramaturze 120 g\/m2 i unowocze\u015bnionym z nowym sezonem designie. Kolekcj\u0119 m\u0119sk\u0105 uzupe\u0142nia doskona\u0142ej jako\u015bci bielizna, kt\u00f3ra w outdoorowych sytuacjach pozwoli zachowa\u0107 \u015bwie\u017co\u015b\u0107 i b\u0119dzie funkcjonalnie wsp\u00f3\u0142pracowa\u0107 z innymi warstwami ubrania. Doskonale skrojone bokserki z merino zadbaj\u0105 o doskona\u0142e dopasowanie dzi\u0119ki dodatkom w postaci w\u0142\u00f3kien LYCRA\u00ae.<\/p>\n<p>&nbsp;<\/p>\n<p>Jak widzisz we\u0142na merino to nie tylko kwestia ciep\u0142a i komfortu podczas zimy. Doskonale zaprojektowana odzie\u017c, kt\u00f3r\u0105 wykonuje si\u0119 z prz\u0119dzy o mniejszej gramaturze, mo\u017ce s\u0142u\u017cy\u0107 ci doskonale latem. Odzie\u017c Icebreaker z we\u0142ny merino wykorzystuje funkcjonalno\u015b\u0107 owczego runa, kt\u00f3r\u0105 podarowa\u0142a nam sama natura. Nowozelandzkie merynosy \u017cyj\u0105 w warunkach, w kt\u00f3rych nara\u017cone s\u0105 zar\u00f3wno na niskie, jak i wysokie temperatury. Dzi\u0119ki temu prz\u0119dza z nich pozyskiwana mo\u017ce tak dobrze s\u0142u\u017cy\u0107 do produkcji wysokiej jako\u015bci ubra\u0144 i przynie\u015b\u0107 ci komfort, jaki do tej pory nie by\u0142 ci znany. Wystarczy, \u017ce odwiedzisz nasz sklep, a potem ubierzesz si\u0119 w naturaln\u0105 odzie\u017c i wyruszysz na spotkanie z kolejn\u0105 przygod\u0105.<\/p>\n","protected":false},"excerpt":{"rendered":"<p>Zerwij ze stereotypowymi skojarzeniami. We\u0142na nie powinna ci si\u0119 kojarzy\u0107 z gryz\u0105cym swetrem i staruszk\u0105 dziergaj\u0105c\u0105 na drutach. Grube swetry we\u0142niane dawno wysz\u0142y z turystycznego outfitu. Teraz we\u0142n\u0119 w outdoorze reprezentuje merino. Na przyk\u0142adzie marki Icebreaker i jej produkt\u00f3w, piszemy dlaczego koszulki merino to \u015bwietny pomys\u0142 na gor\u0105c\u0105 cz\u0119\u015b\u0107 sezonu i aktywne dzia\u0142ania w g\u00f3rach. W poradzie mo\u017cesz przeczyta\u0107 o tym jak dawniej i dzi\u015b wykorzystywano w g\u00f3rach we\u0142n\u0119 merynos\u00f3w, jak dzia\u0142aj\u0105 jej delikatne w\u0142\u00f3kna i w czym lepsze s\u0105 od sztucznych w\u0142\u00f3kien i bawe\u0142ny. Poznasz te\u017c najnowsze trendy z nowozelandzkiej marki Icebreaker. Przyjmij zaproszenie do lektury! <\/p>\n","protected":false},"author":7,"featured_media":975,"comment_status":"open","ping_status":"open","sticky":false,"template":"","format":"standard","meta":{"_acf_changed":false,"footnotes":""},"categories":[5],"tags":[101,169,15],"magento_category":[179],"magento_product":[],"class_list":["post-618","post","type-post","status-publish","format-standard","has-post-thumbnail","hentry","category-branza","tag-bielizna-termiczna","tag-merino","tag-odziez"],"acf":[],"aioseo_notices":[],"aioseo_head":"\n\t\t<!-- All in One SEO 4.9.10 - aioseo.com -->\n\t<meta name=\"description\" content=\"We\u0142na merino to idealne rozwi\u0105zanie na wiosn\u0119 i lato! Jej oddychalno\u015b\u0107, lekko\u015b\u0107 i w\u0142a\u015bciwo\u015bci antybakteryjne pozwol\u0105 Ci zachowa\u0107 komfort w ciep\u0142e dni. Sprawd\u017a nowo\u015bci w \u015bwiecie odzie\u017cy merino i zobacz kolekc\u0119 Icebreaker wiosna-lato 2017!\" \/>\n\t<meta name=\"robots\" content=\"max-image-preview:large\" \/>\n\t<meta name=\"author\" content=\"Redakcja skalnik.pl\"\/>\n\t<link rel=\"canonical\" href=\"https:\/\/www.skalnik.pl\/blog\/welna-na-wiosne-i-lato\/\" \/>\n\t<meta name=\"generator\" content=\"All in One SEO (AIOSEO) 4.9.10\" \/>\n\t\t<meta property=\"og:locale\" content=\"pl_PL\" \/>\n\t\t<meta property=\"og:site_name\" content=\"blog Skalnik - Blog, porady, artyku\u0142y - blog Skalnik\" \/>\n\t\t<meta property=\"og:type\" content=\"article\" \/>\n\t\t<meta property=\"og:title\" content=\"We\u0142na na wiosn\u0119 i lato? - blog Skalnik\" \/>\n\t\t<meta property=\"og:description\" content=\"We\u0142na merino to idealne rozwi\u0105zanie na wiosn\u0119 i lato! Jej oddychalno\u015b\u0107, lekko\u015b\u0107 i w\u0142a\u015bciwo\u015bci antybakteryjne pozwol\u0105 Ci zachowa\u0107 komfort w ciep\u0142e dni. Sprawd\u017a nowo\u015bci w \u015bwiecie odzie\u017cy merino i zobacz kolekc\u0119 Icebreaker wiosna-lato 2017!\" \/>\n\t\t<meta property=\"og:url\" content=\"https:\/\/www.skalnik.pl\/blog\/welna-na-wiosne-i-lato\/\" \/>\n\t\t<meta property=\"og:image\" content=\"https:\/\/skalnik.pl\/blog\/wp-content\/uploads\/2017\/04\/full_Fotolia_101843848_Subscription_Monthly_M-300x300.jpg\" \/>\n\t\t<meta property=\"og:image:secure_url\" content=\"https:\/\/skalnik.pl\/blog\/wp-content\/uploads\/2017\/04\/full_Fotolia_101843848_Subscription_Monthly_M-300x300.jpg\" \/>\n\t\t<meta property=\"article:tag\" content=\"bran\u017ca\" \/>\n\t\t<meta property=\"article:tag\" content=\"bielizna termiczna\" \/>\n\t\t<meta property=\"article:tag\" content=\"merino\" \/>\n\t\t<meta property=\"article:tag\" content=\"odzie\u017c\" \/>\n\t\t<meta property=\"article:published_time\" content=\"2017-04-07T14:46:23+00:00\" \/>\n\t\t<meta property=\"article:modified_time\" content=\"2018-12-20T11:19:19+00:00\" \/>\n\t\t<meta name=\"twitter:card\" content=\"summary_large_image\" \/>\n\t\t<meta name=\"twitter:title\" content=\"We\u0142na na wiosn\u0119 i lato? - blog Skalnik\" \/>\n\t\t<meta name=\"twitter:description\" content=\"We\u0142na merino to idealne rozwi\u0105zanie na wiosn\u0119 i lato! Jej oddychalno\u015b\u0107, lekko\u015b\u0107 i w\u0142a\u015bciwo\u015bci antybakteryjne pozwol\u0105 Ci zachowa\u0107 komfort w ciep\u0142e dni. Sprawd\u017a nowo\u015bci w \u015bwiecie odzie\u017cy merino i zobacz kolekc\u0119 Icebreaker wiosna-lato 2017!\" \/>\n\t\t<meta name=\"twitter:image\" content=\"https:\/\/skalnik.pl\/blog\/wp-content\/uploads\/2017\/04\/full_Fotolia_101843848_Subscription_Monthly_M-300x300.jpg\" \/>\n\t\t<script type=\"application\/ld+json\" class=\"aioseo-schema\">\n\t\t\t{\"@context\":\"https:\\\/\\\/schema.org\",\"@graph\":[{\"@type\":\"BlogPosting\",\"@id\":\"https:\\\/\\\/www.skalnik.pl\\\/blog\\\/welna-na-wiosne-i-lato\\\/#blogposting\",\"name\":\"We\\u0142na na wiosn\\u0119 i lato? - blog Skalnik\",\"headline\":\"We\\u0142na na wiosn\\u0119 i lato?\",\"author\":{\"@id\":\"https:\\\/\\\/www.skalnik.pl\\\/blog\\\/author\\\/redakcja-skalnik-pl\\\/#author\"},\"publisher\":{\"@id\":\"https:\\\/\\\/www.skalnik.pl\\\/blog\\\/#organization\"},\"image\":{\"@type\":\"ImageObject\",\"url\":\"https:\\\/\\\/www.skalnik.pl\\\/blog\\\/wp-content\\\/uploads\\\/2017\\\/04\\\/2017-04-07_icebreaker.jpg\",\"width\":1920,\"height\":705,\"caption\":\"icebreaker\"},\"datePublished\":\"2017-04-07T16:46:23+02:00\",\"dateModified\":\"2018-12-20T12:19:19+02:00\",\"inLanguage\":\"pl-PL\",\"mainEntityOfPage\":{\"@id\":\"https:\\\/\\\/www.skalnik.pl\\\/blog\\\/welna-na-wiosne-i-lato\\\/#webpage\"},\"isPartOf\":{\"@id\":\"https:\\\/\\\/www.skalnik.pl\\\/blog\\\/welna-na-wiosne-i-lato\\\/#webpage\"},\"articleSection\":\"Bran\\u017ca, bielizna termiczna, merino, odzie\\u017c, 1094\"},{\"@type\":\"BreadcrumbList\",\"@id\":\"https:\\\/\\\/www.skalnik.pl\\\/blog\\\/welna-na-wiosne-i-lato\\\/#breadcrumblist\",\"itemListElement\":[{\"@type\":\"ListItem\",\"@id\":\"https:\\\/\\\/www.skalnik.pl\\\/blog#listItem\",\"position\":1,\"name\":\"Home\",\"item\":\"https:\\\/\\\/www.skalnik.pl\\\/blog\",\"nextItem\":{\"@type\":\"ListItem\",\"@id\":\"https:\\\/\\\/www.skalnik.pl\\\/blog\\\/.\\\/branza\\\/#listItem\",\"name\":\"Bran\\u017ca\"}},{\"@type\":\"ListItem\",\"@id\":\"https:\\\/\\\/www.skalnik.pl\\\/blog\\\/.\\\/branza\\\/#listItem\",\"position\":2,\"name\":\"Bran\\u017ca\",\"item\":\"https:\\\/\\\/www.skalnik.pl\\\/blog\\\/.\\\/branza\\\/\",\"nextItem\":{\"@type\":\"ListItem\",\"@id\":\"https:\\\/\\\/www.skalnik.pl\\\/blog\\\/welna-na-wiosne-i-lato\\\/#listItem\",\"name\":\"We\\u0142na na wiosn\\u0119 i lato?\"},\"previousItem\":{\"@type\":\"ListItem\",\"@id\":\"https:\\\/\\\/www.skalnik.pl\\\/blog#listItem\",\"name\":\"Home\"}},{\"@type\":\"ListItem\",\"@id\":\"https:\\\/\\\/www.skalnik.pl\\\/blog\\\/welna-na-wiosne-i-lato\\\/#listItem\",\"position\":3,\"name\":\"We\\u0142na na wiosn\\u0119 i lato?\",\"previousItem\":{\"@type\":\"ListItem\",\"@id\":\"https:\\\/\\\/www.skalnik.pl\\\/blog\\\/.\\\/branza\\\/#listItem\",\"name\":\"Bran\\u017ca\"}}]},{\"@type\":\"Organization\",\"@id\":\"https:\\\/\\\/www.skalnik.pl\\\/blog\\\/#organization\",\"name\":\"blog Skalnik\",\"description\":\"Blog, porady, artyku\\u0142y - blog Skalnik\",\"url\":\"https:\\\/\\\/www.skalnik.pl\\\/blog\\\/\"},{\"@type\":\"Person\",\"@id\":\"https:\\\/\\\/www.skalnik.pl\\\/blog\\\/author\\\/redakcja-skalnik-pl\\\/#author\",\"url\":\"https:\\\/\\\/www.skalnik.pl\\\/blog\\\/author\\\/redakcja-skalnik-pl\\\/\",\"name\":\"Redakcja skalnik.pl\",\"image\":{\"@type\":\"ImageObject\",\"@id\":\"https:\\\/\\\/www.skalnik.pl\\\/blog\\\/welna-na-wiosne-i-lato\\\/#authorImage\",\"url\":\"https:\\\/\\\/secure.gravatar.com\\\/avatar\\\/7eab29b048aaf0899cd9a145e9adb814e2130ced31e65b454b902500bea65f9e?s=96&d=mm&r=g\",\"width\":96,\"height\":96,\"caption\":\"Redakcja skalnik.pl\"}},{\"@type\":\"WebPage\",\"@id\":\"https:\\\/\\\/www.skalnik.pl\\\/blog\\\/welna-na-wiosne-i-lato\\\/#webpage\",\"url\":\"https:\\\/\\\/www.skalnik.pl\\\/blog\\\/welna-na-wiosne-i-lato\\\/\",\"name\":\"We\\u0142na na wiosn\\u0119 i lato? - blog Skalnik\",\"description\":\"We\\u0142na merino to idealne rozwi\\u0105zanie na wiosn\\u0119 i lato! Jej oddychalno\\u015b\\u0107, lekko\\u015b\\u0107 i w\\u0142a\\u015bciwo\\u015bci antybakteryjne pozwol\\u0105 Ci zachowa\\u0107 komfort w ciep\\u0142e dni. Sprawd\\u017a nowo\\u015bci w \\u015bwiecie odzie\\u017cy merino i zobacz kolekc\\u0119 Icebreaker wiosna-lato 2017!\",\"inLanguage\":\"pl-PL\",\"isPartOf\":{\"@id\":\"https:\\\/\\\/www.skalnik.pl\\\/blog\\\/#website\"},\"breadcrumb\":{\"@id\":\"https:\\\/\\\/www.skalnik.pl\\\/blog\\\/welna-na-wiosne-i-lato\\\/#breadcrumblist\"},\"author\":{\"@id\":\"https:\\\/\\\/www.skalnik.pl\\\/blog\\\/author\\\/redakcja-skalnik-pl\\\/#author\"},\"creator\":{\"@id\":\"https:\\\/\\\/www.skalnik.pl\\\/blog\\\/author\\\/redakcja-skalnik-pl\\\/#author\"},\"image\":{\"@type\":\"ImageObject\",\"url\":\"https:\\\/\\\/www.skalnik.pl\\\/blog\\\/wp-content\\\/uploads\\\/2017\\\/04\\\/2017-04-07_icebreaker.jpg\",\"@id\":\"https:\\\/\\\/www.skalnik.pl\\\/blog\\\/welna-na-wiosne-i-lato\\\/#mainImage\",\"width\":1920,\"height\":705,\"caption\":\"icebreaker\"},\"primaryImageOfPage\":{\"@id\":\"https:\\\/\\\/www.skalnik.pl\\\/blog\\\/welna-na-wiosne-i-lato\\\/#mainImage\"},\"datePublished\":\"2017-04-07T16:46:23+02:00\",\"dateModified\":\"2018-12-20T12:19:19+02:00\"},{\"@type\":\"WebSite\",\"@id\":\"https:\\\/\\\/www.skalnik.pl\\\/blog\\\/#website\",\"url\":\"https:\\\/\\\/www.skalnik.pl\\\/blog\\\/\",\"name\":\"blog Skalnik\",\"description\":\"Blog, porady, artyku\\u0142y - blog Skalnik\",\"inLanguage\":\"pl-PL\",\"publisher\":{\"@id\":\"https:\\\/\\\/www.skalnik.pl\\\/blog\\\/#organization\"}}]}\n\t\t<\/script>\n\t\t<!-- All in One SEO -->\n\n","aioseo_head_json":{"title":"We\u0142na na wiosn\u0119 i lato? - blog Skalnik","description":"We\u0142na merino to idealne rozwi\u0105zanie na wiosn\u0119 i lato! Jej oddychalno\u015b\u0107, lekko\u015b\u0107 i w\u0142a\u015bciwo\u015bci antybakteryjne pozwol\u0105 Ci zachowa\u0107 komfort w ciep\u0142e dni. Sprawd\u017a nowo\u015bci w \u015bwiecie odzie\u017cy merino i zobacz kolekc\u0119 Icebreaker wiosna-lato 2017!","canonical_url":"https:\/\/www.skalnik.pl\/blog\/welna-na-wiosne-i-lato\/","robots":"max-image-preview:large","keywords":"","webmasterTools":{"miscellaneous":""},"schema":{"@context":"https:\/\/schema.org","@graph":[{"@type":"BlogPosting","@id":"https:\/\/www.skalnik.pl\/blog\/welna-na-wiosne-i-lato\/#blogposting","name":"We\u0142na na wiosn\u0119 i lato? - blog Skalnik","headline":"We\u0142na na wiosn\u0119 i lato?","author":{"@id":"https:\/\/www.skalnik.pl\/blog\/author\/redakcja-skalnik-pl\/#author"},"publisher":{"@id":"https:\/\/www.skalnik.pl\/blog\/#organization"},"image":{"@type":"ImageObject","url":"https:\/\/www.skalnik.pl\/blog\/wp-content\/uploads\/2017\/04\/2017-04-07_icebreaker.jpg","width":1920,"height":705,"caption":"icebreaker"},"datePublished":"2017-04-07T16:46:23+02:00","dateModified":"2018-12-20T12:19:19+02:00","inLanguage":"pl-PL","mainEntityOfPage":{"@id":"https:\/\/www.skalnik.pl\/blog\/welna-na-wiosne-i-lato\/#webpage"},"isPartOf":{"@id":"https:\/\/www.skalnik.pl\/blog\/welna-na-wiosne-i-lato\/#webpage"},"articleSection":"Bran\u017ca, bielizna termiczna, merino, odzie\u017c, 1094"},{"@type":"BreadcrumbList","@id":"https:\/\/www.skalnik.pl\/blog\/welna-na-wiosne-i-lato\/#breadcrumblist","itemListElement":[{"@type":"ListItem","@id":"https:\/\/www.skalnik.pl\/blog#listItem","position":1,"name":"Home","item":"https:\/\/www.skalnik.pl\/blog","nextItem":{"@type":"ListItem","@id":"https:\/\/www.skalnik.pl\/blog\/.\/branza\/#listItem","name":"Bran\u017ca"}},{"@type":"ListItem","@id":"https:\/\/www.skalnik.pl\/blog\/.\/branza\/#listItem","position":2,"name":"Bran\u017ca","item":"https:\/\/www.skalnik.pl\/blog\/.\/branza\/","nextItem":{"@type":"ListItem","@id":"https:\/\/www.skalnik.pl\/blog\/welna-na-wiosne-i-lato\/#listItem","name":"We\u0142na na wiosn\u0119 i lato?"},"previousItem":{"@type":"ListItem","@id":"https:\/\/www.skalnik.pl\/blog#listItem","name":"Home"}},{"@type":"ListItem","@id":"https:\/\/www.skalnik.pl\/blog\/welna-na-wiosne-i-lato\/#listItem","position":3,"name":"We\u0142na na wiosn\u0119 i lato?","previousItem":{"@type":"ListItem","@id":"https:\/\/www.skalnik.pl\/blog\/.\/branza\/#listItem","name":"Bran\u017ca"}}]},{"@type":"Organization","@id":"https:\/\/www.skalnik.pl\/blog\/#organization","name":"blog Skalnik","description":"Blog, porady, artyku\u0142y - blog Skalnik","url":"https:\/\/www.skalnik.pl\/blog\/"},{"@type":"Person","@id":"https:\/\/www.skalnik.pl\/blog\/author\/redakcja-skalnik-pl\/#author","url":"https:\/\/www.skalnik.pl\/blog\/author\/redakcja-skalnik-pl\/","name":"Redakcja skalnik.pl","image":{"@type":"ImageObject","@id":"https:\/\/www.skalnik.pl\/blog\/welna-na-wiosne-i-lato\/#authorImage","url":"https:\/\/secure.gravatar.com\/avatar\/7eab29b048aaf0899cd9a145e9adb814e2130ced31e65b454b902500bea65f9e?s=96&d=mm&r=g","width":96,"height":96,"caption":"Redakcja skalnik.pl"}},{"@type":"WebPage","@id":"https:\/\/www.skalnik.pl\/blog\/welna-na-wiosne-i-lato\/#webpage","url":"https:\/\/www.skalnik.pl\/blog\/welna-na-wiosne-i-lato\/","name":"We\u0142na na wiosn\u0119 i lato? - blog Skalnik","description":"We\u0142na merino to idealne rozwi\u0105zanie na wiosn\u0119 i lato! Jej oddychalno\u015b\u0107, lekko\u015b\u0107 i w\u0142a\u015bciwo\u015bci antybakteryjne pozwol\u0105 Ci zachowa\u0107 komfort w ciep\u0142e dni. Sprawd\u017a nowo\u015bci w \u015bwiecie odzie\u017cy merino i zobacz kolekc\u0119 Icebreaker wiosna-lato 2017!","inLanguage":"pl-PL","isPartOf":{"@id":"https:\/\/www.skalnik.pl\/blog\/#website"},"breadcrumb":{"@id":"https:\/\/www.skalnik.pl\/blog\/welna-na-wiosne-i-lato\/#breadcrumblist"},"author":{"@id":"https:\/\/www.skalnik.pl\/blog\/author\/redakcja-skalnik-pl\/#author"},"creator":{"@id":"https:\/\/www.skalnik.pl\/blog\/author\/redakcja-skalnik-pl\/#author"},"image":{"@type":"ImageObject","url":"https:\/\/www.skalnik.pl\/blog\/wp-content\/uploads\/2017\/04\/2017-04-07_icebreaker.jpg","@id":"https:\/\/www.skalnik.pl\/blog\/welna-na-wiosne-i-lato\/#mainImage","width":1920,"height":705,"caption":"icebreaker"},"primaryImageOfPage":{"@id":"https:\/\/www.skalnik.pl\/blog\/welna-na-wiosne-i-lato\/#mainImage"},"datePublished":"2017-04-07T16:46:23+02:00","dateModified":"2018-12-20T12:19:19+02:00"},{"@type":"WebSite","@id":"https:\/\/www.skalnik.pl\/blog\/#website","url":"https:\/\/www.skalnik.pl\/blog\/","name":"blog Skalnik","description":"Blog, porady, artyku\u0142y - blog Skalnik","inLanguage":"pl-PL","publisher":{"@id":"https:\/\/www.skalnik.pl\/blog\/#organization"}}]},"og:locale":"pl_PL","og:site_name":"blog Skalnik - Blog, porady, artyku\u0142y - blog Skalnik","og:type":"article","og:title":"We\u0142na na wiosn\u0119 i lato? - blog Skalnik","og:description":"We\u0142na merino to idealne rozwi\u0105zanie na wiosn\u0119 i lato! Jej oddychalno\u015b\u0107, lekko\u015b\u0107 i w\u0142a\u015bciwo\u015bci antybakteryjne pozwol\u0105 Ci zachowa\u0107 komfort w ciep\u0142e dni. Sprawd\u017a nowo\u015bci w \u015bwiecie odzie\u017cy merino i zobacz kolekc\u0119 Icebreaker wiosna-lato 2017!","og:url":"https:\/\/www.skalnik.pl\/blog\/welna-na-wiosne-i-lato\/","og:image":"https:\/\/skalnik.pl\/blog\/wp-content\/uploads\/2017\/04\/full_Fotolia_101843848_Subscription_Monthly_M-300x300.jpg","og:image:secure_url":"https:\/\/skalnik.pl\/blog\/wp-content\/uploads\/2017\/04\/full_Fotolia_101843848_Subscription_Monthly_M-300x300.jpg","article:tag":["bran\u017ca","bielizna termiczna","merino","odzie\u017c"],"article:published_time":"2017-04-07T14:46:23+00:00","article:modified_time":"2018-12-20T11:19:19+00:00","twitter:card":"summary_large_image","twitter:title":"We\u0142na na wiosn\u0119 i lato? - blog Skalnik","twitter:description":"We\u0142na merino to idealne rozwi\u0105zanie na wiosn\u0119 i lato! Jej oddychalno\u015b\u0107, lekko\u015b\u0107 i w\u0142a\u015bciwo\u015bci antybakteryjne pozwol\u0105 Ci zachowa\u0107 komfort w ciep\u0142e dni. Sprawd\u017a nowo\u015bci w \u015bwiecie odzie\u017cy merino i zobacz kolekc\u0119 Icebreaker wiosna-lato 2017!","twitter:image":"https:\/\/skalnik.pl\/blog\/wp-content\/uploads\/2017\/04\/full_Fotolia_101843848_Subscription_Monthly_M-300x300.jpg"},"aioseo_meta_data":{"post_id":"618","title":null,"description":"We\u0142na merino to idealne rozwi\u0105zanie na wiosn\u0119 i lato! Jej oddychalno\u015b\u0107, lekko\u015b\u0107 i w\u0142a\u015bciwo\u015bci antybakteryjne pozwol\u0105 Ci zachowa\u0107 komfort w ciep\u0142e dni. Sprawd\u017a nowo\u015bci w \u015bwiecie odzie\u017cy merino i zobacz kolekc\u0119 Icebreaker wiosna-lato 2017!","keywords":[{"label":"merino","value":"merino"},{"label":"we\u0142na merynos","value":"we\u0142na merynos"},{"label":"merino na lato","value":"merino na lato"},{"label":"koszulki z merino","value":"koszulki z merino"}],"keyphrases":null,"primary_term":null,"canonical_url":null,"og_title":null,"og_description":null,"og_object_type":"default","og_image_type":"default","og_image_url":null,"og_image_width":null,"og_image_height":null,"og_image_custom_url":null,"og_image_custom_fields":null,"og_video":null,"og_custom_url":null,"og_article_section":null,"og_article_tags":null,"twitter_use_og":false,"twitter_card":"default","twitter_image_type":"default","twitter_image_url":null,"twitter_image_custom_url":null,"twitter_image_custom_fields":null,"twitter_title":null,"twitter_description":null,"schema":{"blockGraphs":[],"customGraphs":[],"default":{"data":{"Article":[],"Course":[],"Dataset":[],"FAQPage":[],"Movie":[],"Person":[],"Product":[],"ProductReview":[],"Car":[],"Recipe":[],"Service":[],"SoftwareApplication":[],"WebPage":[]},"graphName":"BlogPosting","isEnabled":true},"graphs":[]},"schema_type":"default","schema_type_options":null,"pillar_content":false,"robots_default":true,"robots_noindex":false,"robots_noarchive":false,"robots_nosnippet":false,"robots_nofollow":false,"robots_noimageindex":false,"robots_noodp":false,"robots_notranslate":false,"robots_max_snippet":null,"robots_max_videopreview":null,"robots_max_imagepreview":"large","priority":null,"frequency":null,"local_seo":null,"breadcrumb_settings":null,"limit_modified_date":false,"ai":null,"created":"2022-08-26 09:46:00","updated":"2026-02-17 21:19:23","seo_analyzer_scan_date":null},"aioseo_breadcrumb":"<div class=\"aioseo-breadcrumbs\"><span class=\"aioseo-breadcrumb\">\n\t\t\t<a href=\"https:\/\/www.skalnik.pl\/blog\" title=\"Home\">Home<\/a>\n\t\t<\/span><span class=\"aioseo-breadcrumb-separator\">&raquo;<\/span><span class=\"aioseo-breadcrumb\">\n\t\t\t<a href=\"https:\/\/www.skalnik.pl\/blog\/.\/branza\/\" title=\"Bran\u017ca\">Bran\u017ca<\/a>\n\t\t<\/span><span class=\"aioseo-breadcrumb-separator\">&raquo;<\/span><span class=\"aioseo-breadcrumb\">\n\t\t\tWe\u0142na na wiosn\u0119 i lato?\n\t\t<\/span><\/div>","aioseo_breadcrumb_json":[{"label":"Home","link":"https:\/\/www.skalnik.pl\/blog"},{"label":"Bran\u017ca","link":"https:\/\/www.skalnik.pl\/blog\/.\/branza\/"},{"label":"We\u0142na na wiosn\u0119 i lato?","link":"https:\/\/www.skalnik.pl\/blog\/welna-na-wiosne-i-lato\/"}],"_links":{"self":[{"href":"https:\/\/www.skalnik.pl\/blog\/wp-json\/wp\/v2\/posts\/618","targetHints":{"allow":["GET"]}}],"collection":[{"href":"https:\/\/www.skalnik.pl\/blog\/wp-json\/wp\/v2\/posts"}],"about":[{"href":"https:\/\/www.skalnik.pl\/blog\/wp-json\/wp\/v2\/types\/post"}],"author":[{"embeddable":true,"href":"https:\/\/www.skalnik.pl\/blog\/wp-json\/wp\/v2\/users\/7"}],"replies":[{"embeddable":true,"href":"https:\/\/www.skalnik.pl\/blog\/wp-json\/wp\/v2\/comments?post=618"}],"version-history":[{"count":9,"href":"https:\/\/www.skalnik.pl\/blog\/wp-json\/wp\/v2\/posts\/618\/revisions"}],"predecessor-version":[{"id":5130,"href":"https:\/\/www.skalnik.pl\/blog\/wp-json\/wp\/v2\/posts\/618\/revisions\/5130"}],"wp:featuredmedia":[{"embeddable":true,"href":"https:\/\/www.skalnik.pl\/blog\/wp-json\/wp\/v2\/media\/975"}],"wp:attachment":[{"href":"https:\/\/www.skalnik.pl\/blog\/wp-json\/wp\/v2\/media?parent=618"}],"wp:term":[{"taxonomy":"category","embeddable":true,"href":"https:\/\/www.skalnik.pl\/blog\/wp-json\/wp\/v2\/categories?post=618"},{"taxonomy":"post_tag","embeddable":true,"href":"https:\/\/www.skalnik.pl\/blog\/wp-json\/wp\/v2\/tags?post=618"},{"taxonomy":"magento_category","embeddable":true,"href":"https:\/\/www.skalnik.pl\/blog\/wp-json\/wp\/v2\/magento_category?post=618"},{"taxonomy":"magento_product","embeddable":true,"href":"https:\/\/www.skalnik.pl\/blog\/wp-json\/wp\/v2\/magento_product?post=618"}],"curies":[{"name":"wp","href":"https:\/\/api.w.org\/{rel}","templated":true}]}}