{"id":6196,"date":"2019-04-03T18:11:18","date_gmt":"2019-04-03T16:11:18","guid":{"rendered":"https:\/\/skalnik.pl\/blog\/?p=6196"},"modified":"2019-07-22T12:03:08","modified_gmt":"2019-07-22T10:03:08","slug":"w-dolomitach-jest-co-robic","status":"publish","type":"post","link":"https:\/\/www.skalnik.pl\/blog\/w-dolomitach-jest-co-robic\/","title":{"rendered":"W Dolomitach jest co robi\u0107"},"content":{"rendered":"<p align=\"justify\"><b>Dolomity stanowi\u0105 grup\u0119 Alp Po\u0142udniowych, le\u017c\u0105c\u0105 w ca\u0142o\u015bci we W\u0142oszech. Nie tworz\u0105 one jednego, wyra\u017anego pasma, za to w ich sk\u0142ad wchodzi wiele pomniejszych grup oddzielonych od siebie wysokimi prze\u0142\u0119czami. R\u00f3\u017cnorodno\u015b\u0107 form i kszta\u0142t\u00f3w tych wapienno-dolomitowych g\u00f3r jest ogromna: od strzelistych, smuk\u0142ych turni, po ogromne, ponad 1000-metrowe \u015bciany wznosz\u0105ce si\u0119 ponad zielonymi dolinami.<\/b><\/p>\n<p align=\"justify\">Tym, co charakteryzuje rze\u017ab\u0119 Dolomit\u00f3w, s\u0105 widoczne, poziome warstwy ska\u0142y widoczne jako poprzeczne linie przecinaj\u0105ce te g\u00f3ry. Ich struktura przywodzi na my\u015bl struktur\u0119 cha\u0142wy. Zar\u00f3wno barwa ska\u0142y \u2013 od szarej przez srebrzyst\u0105 po pomara\u0144czow\u0105 na przewieszonych \u015bcianach \u2013 jak i ostre kszta\u0142ty sprawiaj\u0105, \u017ce krajobraz tych g\u00f3r m\u00f3g\u0142by r\u00f3wnie dobrze by\u0107 krajobrazem g\u00f3r ksi\u0119\u017cycowych. Dla mnie s\u0105 to g\u00f3ry magiczne i jedyne w swoim rodzaju. W tych g\u00f3rach zar\u00f3wno mi\u0142o\u015bnicy g\u00f3rskiej przyrody, tury\u015bci g\u00f3rscy, wielbiciele via ferrat, wspinacze, czy fotografowie i narciarze znajd\u0105 co\u015b dla siebie.<\/p>\n<p>&nbsp;<\/p>\n<div id=\"ez-toc-container\" class=\"ez-toc-v2_0_85 counter-hierarchy ez-toc-counter ez-toc-light-blue ez-toc-container-direction\">\n<div class=\"ez-toc-title-container\">\n<p class=\"ez-toc-title\" style=\"cursor:inherit\">SPIS TRE\u015aCI <\/p>\n<span class=\"ez-toc-title-toggle\"><a href=\"#\" class=\"ez-toc-pull-right ez-toc-btn ez-toc-btn-xs ez-toc-btn-default ez-toc-toggle\" aria-label=\"Prze\u0142\u0105cznik Spisu Tre\u015bci\"><span class=\"ez-toc-js-icon-con\"><span class=\"\"><span class=\"eztoc-hide\" style=\"display:none;\">Toggle<\/span><span class=\"ez-toc-icon-toggle-span\"><svg style=\"fill: #999;color:#999\" xmlns=\"http:\/\/www.w3.org\/2000\/svg\" class=\"list-377408\" width=\"20px\" height=\"20px\" viewBox=\"0 0 24 24\" fill=\"none\"><path d=\"M6 6H4v2h2V6zm14 0H8v2h12V6zM4 11h2v2H4v-2zm16 0H8v2h12v-2zM4 16h2v2H4v-2zm16 0H8v2h12v-2z\" fill=\"currentColor\"><\/path><\/svg><svg style=\"fill: #999;color:#999\" class=\"arrow-unsorted-368013\" xmlns=\"http:\/\/www.w3.org\/2000\/svg\" width=\"10px\" height=\"10px\" viewBox=\"0 0 24 24\" version=\"1.2\" baseProfile=\"tiny\"><path d=\"M18.2 9.3l-6.2-6.3-6.2 6.3c-.2.2-.3.4-.3.7s.1.5.3.7c.2.2.4.3.7.3h11c.3 0 .5-.1.7-.3.2-.2.3-.5.3-.7s-.1-.5-.3-.7zM5.8 14.7l6.2 6.3 6.2-6.3c.2-.2.3-.5.3-.7s-.1-.5-.3-.7c-.2-.2-.4-.3-.7-.3h-11c-.3 0-.5.1-.7.3-.2.2-.3.5-.3.7s.1.5.3.7z\"\/><\/svg><\/span><\/span><\/span><\/a><\/span><\/div>\n<nav><ul class='ez-toc-list ez-toc-list-level-1 ' ><li class='ez-toc-page-1 ez-toc-heading-level-2'><a class=\"ez-toc-link ez-toc-heading-1\" href=\"https:\/\/www.skalnik.pl\/blog\/w-dolomitach-jest-co-robic\/#Dla_turystow_i_gorskich_entuzjastow\" >Dla turyst\u00f3w i g\u00f3rskich entuzjast\u00f3w<\/a><\/li><li class='ez-toc-page-1 ez-toc-heading-level-2'><a class=\"ez-toc-link ez-toc-heading-2\" href=\"https:\/\/www.skalnik.pl\/blog\/w-dolomitach-jest-co-robic\/#Dla_wielbicieli_via_ferrat\" >Dla wielbicieli via ferrat<\/a><\/li><li class='ez-toc-page-1 ez-toc-heading-level-2'><a class=\"ez-toc-link ez-toc-heading-3\" href=\"https:\/\/www.skalnik.pl\/blog\/w-dolomitach-jest-co-robic\/#Dla_wspinaczy\" >Dla wspinaczy<\/a><\/li><li class='ez-toc-page-1 ez-toc-heading-level-2'><a class=\"ez-toc-link ez-toc-heading-4\" href=\"https:\/\/www.skalnik.pl\/blog\/w-dolomitach-jest-co-robic\/#Dla_fotografow\" >Dla fotograf\u00f3w<\/a><\/li><li class='ez-toc-page-1 ez-toc-heading-level-2'><a class=\"ez-toc-link ez-toc-heading-5\" href=\"https:\/\/www.skalnik.pl\/blog\/w-dolomitach-jest-co-robic\/#Dla_narciarzy\" >Dla narciarzy<\/a><\/li><\/ul><\/nav><\/div>\n<h2><span class=\"ez-toc-section\" id=\"Dla_turystow_i_gorskich_entuzjastow\"><\/span><b>Dla turyst\u00f3w i g\u00f3rskich entuzjast\u00f3w<\/b><span class=\"ez-toc-section-end\"><\/span><\/h2>\n<p align=\"justify\">Tury\u015bci g\u00f3rscy znajd\u0105 w Dolomitach wiele znakowanych szlak\u00f3w pieszych, o r\u00f3\u017cnym stopniu trudno\u015bci oraz r\u00f3\u017cnym dystansie i przewy\u017cszeniu do pokonania. Od niezbyt m\u0119cz\u0105cych wycieczek po d\u0142ugie, ca\u0142odzienne w\u0119dr\u00f3wki wymagaj\u0105ce dobrej kondycji fizycznej, orientacji w terenie g\u00f3rskim i odpowiedniego wyposa\u017cenia sprz\u0119towego.<\/p>\n<p align=\"justify\">Poza plecakiem, kt\u00f3ry pomie\u015bci prowiant i wod\u0119 na ca\u0142odzienn\u0105 w\u0119dr\u00f3wk\u0119, przydadz\u0105 si\u0119 r\u00f3wnie\u017c wygodne buty z dobrym bie\u017cnikiem. Mapa terenu jest niezb\u0119dna, a i <a href=\"https:\/\/skalnik.pl\/odziez\/odziez-meska\/odziez-meska-kurtki\/przeciwdeszczowa\">kurtka przeciwdeszczowa<\/a> mo\u017ce si\u0119 przyda\u0107. Gwa\u0142towne za\u0142amania pogody z burzami i ulewnym deszczem nie nale\u017c\u0105 do rzadko\u015bci w g\u00f3rach, a w Dolomitach wyst\u0119puj\u0105 zw\u0142aszcza popo\u0142udniami w ci\u0105gu ciep\u0142ych dni w letnich miesi\u0105cach.<\/p>\n<p align=\"justify\">Pasjonaci kolarstwa g\u00f3rskiego b\u0119d\u0105 wniebowzi\u0119ci mkn\u0105c serpentynami dr\u00f3g wij\u0105cych si\u0119 mi\u0119dzy poszczeg\u00f3lnymi grupami g\u00f3rskimi. Musz\u0105 by\u0107 jednak przygotowani na bardzo du\u017cy, wr\u0119cz morderczy wysi\u0142ek, gdy\u017c r\u00f3\u017cnice wysoko\u015bci, jakie b\u0119d\u0105 pokonywa\u0107, s\u0105 ogromne.<\/p>\n<div id=\"attachment_6252\" style=\"width: 1034px\" class=\"wp-caption aligncenter\"><img loading=\"lazy\" decoding=\"async\" aria-describedby=\"caption-attachment-6252\" class=\"wp-image-6252\" title=\"trekking w dolomitach\" src=\"https:\/\/skalnik.pl\/blog\/wp-content\/uploads\/2019\/04\/hiking-m-min-e1554307405374.jpg\" alt=\"dolomity turystyka\" width=\"1024\" height=\"575\" \/><p id=\"caption-attachment-6252\" class=\"wp-caption-text\">Zielone \u0142\u0105ki i skalne \u015bciany. Szlaki w Dolomitach zachwyc\u0105 najbardziej wymagaj\u0105cych w\u0119drowc\u00f3w.<\/p><\/div>\n<p>&nbsp;<\/p>\n<h2><span class=\"ez-toc-section\" id=\"Dla_wielbicieli_via_ferrat\"><\/span><b>Dla wielbicieli via ferrat<\/b><span class=\"ez-toc-section-end\"><\/span><\/h2>\n<p align=\"justify\">Mi\u0142o\u015bnik\u00f3w \u017celaznych perci wci\u0105\u017c przybywa, a w Dolomitach via ferrat nie brakuje. Via ferraty s\u0105 ciekaw\u0105 propozycj\u0105 dla os\u00f3b, kt\u00f3re poza dobr\u0105 kondycj\u0105 fizyczn\u0105 i og\u00f3ln\u0105 sprawno\u015bci\u0105 g\u00f3rskiego \u0142azika, maj\u0105 praktyczne umiej\u0119tno\u015bci autoasekuracji i poruszania si\u0119 po via ferratach. Osoby, kt\u00f3re dot\u0105d w\u0119drowa\u0142y po g\u00f3rach i dopiero co zacz\u0119\u0142y si\u0119 wspina\u0107 (np. przesz\u0142y kurs wspinaczki skalnej), r\u00f3wnie\u017c znajd\u0105 dla siebie co\u015b interesuj\u0105cego w\u015br\u00f3d du\u017cego wyboru ubezpieczonych, g\u00f3rskich dr\u00f3g. Pozwol\u0105 one do\u015bwiadczy\u0107 uczucia powietrza pod stopami b\u0119d\u0105c setki metr\u00f3w ponad ziemi\u0105 oraz dostarcz\u0105 niesamowitych prze\u017cy\u0107.<\/p>\n<p align=\"justify\">Via ferraty r\u00f3\u017cni\u0105 si\u0119 mi\u0119dzy sob\u0105 czasami podej\u015bcia pod ich pocz\u0105tek, d\u0142ugo\u015bci\u0105 i stopniem trudno\u015bci technicznych, kt\u00f3re spotkasz na drodze oraz charakterem. Inaczej jest bowiem na <a href=\"https:\/\/skalnik.pl\/sprzet-wspinaczkowy\/inne\/inne-via-ferraty\">via ferracie<\/a> biegn\u0105cej grani\u0105 na wysoko\u015bci ponad 3000 m n.p.m., inaczej na wyt\u0119\u017caj\u0105cej, si\u0142owej drodze biegn\u0105cej na do\u015b\u0107 d\u0142ugich odcinkach w przewieszonej skale, kt\u00f3ra nie daje odpoczynku mi\u0119\u015bniom r\u0105k, a inaczej na \u0142atwych i nied\u0142ugich ferratach o umiarkowanych trudno\u015bciach. Niekt\u00f3re ferraty najlepiej przechodzi\u0107 tylko w jednym kierunku, zw\u0142aszcza te wyt\u0119\u017caj\u0105ce. Po pierwsze, ze wzgl\u0119du na trudno\u015bci, po drugie, ze wzgl\u0119du na dodatkowe trudno\u015bci przy ewentualnym wymijaniu os\u00f3b id\u0105cych w przeciwnym kierunku. Tak czy inaczej, ka\u017cdy znajdzie co\u015b dla siebie. Po przej\u015bciu za\u015b jednej z wielu pi\u0119knych ferrat b\u0119dzie wiedzia\u0142, \u017ce by\u0142o warto.<\/p>\n<div id=\"attachment_6202\" style=\"width: 424px\" class=\"wp-caption aligncenter\"><img loading=\"lazy\" decoding=\"async\" aria-describedby=\"caption-attachment-6202\" class=\"wp-image-6202 \" src=\"https:\/\/skalnik.pl\/blog\/wp-content\/uploads\/2019\/03\/Raj-dla-mi\u0142o\u015bnik\u00f3w-via-ferrat.-Fot.-Bart-Bazior-min-683x1024.jpg\" alt=\"Raj dla mi\u0142o\u015bnik\u00f3w via ferrat (Fot. Bart Bazior)\" width=\"414\" height=\"621\" srcset=\"https:\/\/www.skalnik.pl\/blog\/wp-content\/uploads\/2019\/03\/Raj-dla-mi\u0142o\u015bnik\u00f3w-via-ferrat.-Fot.-Bart-Bazior-min-683x1024.jpg 683w, https:\/\/www.skalnik.pl\/blog\/wp-content\/uploads\/2019\/03\/Raj-dla-mi\u0142o\u015bnik\u00f3w-via-ferrat.-Fot.-Bart-Bazior-min-200x300.jpg 200w, https:\/\/www.skalnik.pl\/blog\/wp-content\/uploads\/2019\/03\/Raj-dla-mi\u0142o\u015bnik\u00f3w-via-ferrat.-Fot.-Bart-Bazior-min-768x1152.jpg 768w, https:\/\/www.skalnik.pl\/blog\/wp-content\/uploads\/2019\/03\/Raj-dla-mi\u0142o\u015bnik\u00f3w-via-ferrat.-Fot.-Bart-Bazior-min.jpg 1400w\" sizes=\"auto, (max-width: 414px) 100vw, 414px\" \/><p id=\"caption-attachment-6202\" class=\"wp-caption-text\">Raj dla mi\u0142o\u015bnik\u00f3w via ferrat (Fot. Bart Bazior)<\/p><\/div>\n<p>&nbsp;<\/p>\n<h2><span class=\"ez-toc-section\" id=\"Dla_wspinaczy\"><\/span><b>Dla wspinaczy<\/b><span class=\"ez-toc-section-end\"><\/span><\/h2>\n<p align=\"justify\">Wspinaczka w Dolomitach jest specyficzna i dla os\u00f3b przyzwyczajonych do tatrza\u0144skiego wspinania zupe\u0142nie inna od tego, co znaj\u0105 z Tatr. \u015aciany s\u0105 g\u0142\u00f3wnie pionowe, a wiele z nich przewiesza si\u0119 na znacznych odcinkach. Nawet \u0142atwe drogi biegn\u0105 bardzo eksponowanym terenem. Charakter wspinania jest r\u00f3\u017cnorodny, podyktowany rze\u017ab\u0105 dolomitowej ska\u0142y. Trudno\u015bci na wyci\u0105gach maj\u0105 cz\u0119sto charakter ci\u0105gowy, zatem je\u015bli wyczytasz w opisie drogi, \u017ce wiele jej wyci\u0105g\u00f3w b\u0119dzie wyt\u0119\u017caj\u0105cych i wytrzyma\u0142o\u015bciowych, to z pewno\u015bci\u0105 tak b\u0119dzie. Z jako\u015bci\u0105 ska\u0142y w Dolomitach bywa r\u00f3\u017cnie \u2013 w zale\u017cno\u015bci od g\u00f3ry, wystawy \u015bciany i drogi. Trzeba si\u0119 zawsze liczy\u0107 z ewentualn\u0105 kruszyzn\u0105.<\/p>\n<p align=\"justify\">Asekuracja w dolomitowej skale wymaga wprawy. Poza ko\u015b\u0107mi, camalotami, p\u0119tlami i kevlarkami cz\u0119sto przydaj\u0105 si\u0119 tricamy, kt\u00f3re fajnie siadaj\u0105 w skalnych dziupelkach. Na niekt\u00f3rych drogach bez hak\u00f3w mo\u017ce by\u0107 ci\u0119\u017cko za\u0142o\u017cy\u0107 solidne stanowisko asekuracyjne, a czasem nawet dobre przeloty. Tam, gdzie ska\u0142a jest mocno kompaktowa, a rysy bardzo p\u0142ytkie, ko\u015bci mechaniczne za bardzo si\u0119 nie przydadz\u0105. Haki s\u0105 wtedy w zasadzie niezast\u0105pione.<\/p>\n<p align=\"justify\">Wyb\u00f3r dr\u00f3g w Dolomitach jest ogromny \u2013 zar\u00f3wno pod wzgl\u0119dem trudno\u015bci technicznych, trudno\u015bci\/\u0142atwo\u015bci za\u0142o\u017cenia punkt\u00f3w asekuracyjnych, jak i d\u0142ugo\u015bci dr\u00f3g. Od dr\u00f3g stosunkowo \u0142atwych po hardcore&#8217;owe wspinaczki klasyczne i drogi hakowe. Od kr\u00f3tkich 150-200 metrowych dr\u00f3g na \u201ema\u0142ych, dolomitowych kamieniach\u201d, takich jak Cinque Torri, po ogromne, alpejskie urwiska si\u0119gaj\u0105ce 1000 i wi\u0119cej metr\u00f3w n.p.m. Wielkimi \u015bcianami Dolomit\u00f3w poprowadzone zosta\u0142y z rozmachem najpi\u0119kniejsze klasyki i wielkie, powa\u017cne drogi, takie jak na przyk\u0142ad <i>Solleder-Lattenbauer<\/i> na p\u00f3\u0142nocno-zachodniej \u015bcianie Civetty czy <i>Il Pesce<\/i> na po\u0142udniowej \u015bcianie Marmolady.<\/p>\n<div id=\"attachment_6207\" style=\"width: 456px\" class=\"wp-caption aligncenter\"><img loading=\"lazy\" decoding=\"async\" aria-describedby=\"caption-attachment-6207\" class=\"wp-image-6207 \" src=\"https:\/\/skalnik.pl\/blog\/wp-content\/uploads\/2019\/03\/W-\u015bcianie.-Fot.-z-archiwum-Marty-Soko\u0142owska-768x1024.jpg\" alt=\"W \u015bcianie (Fot. z archiwum Marty Soko\u0142owska)\" width=\"446\" height=\"595\" srcset=\"https:\/\/www.skalnik.pl\/blog\/wp-content\/uploads\/2019\/03\/W-\u015bcianie.-Fot.-z-archiwum-Marty-Soko\u0142owska-768x1024.jpg 768w, https:\/\/www.skalnik.pl\/blog\/wp-content\/uploads\/2019\/03\/W-\u015bcianie.-Fot.-z-archiwum-Marty-Soko\u0142owska-225x300.jpg 225w, https:\/\/www.skalnik.pl\/blog\/wp-content\/uploads\/2019\/03\/W-\u015bcianie.-Fot.-z-archiwum-Marty-Soko\u0142owska.jpg 1920w\" sizes=\"auto, (max-width: 446px) 100vw, 446px\" \/><p id=\"caption-attachment-6207\" class=\"wp-caption-text\">W \u015bcianie (fot. achiwum autorki)<\/p><\/div>\n<p>&nbsp;<\/p>\n<h2><span class=\"ez-toc-section\" id=\"Dla_fotografow\"><\/span><b>Dla fotograf\u00f3w<\/b><span class=\"ez-toc-section-end\"><\/span><\/h2>\n<p align=\"justify\">Tak. Dolomity s\u0105 bardzo wdzi\u0119cznym tematem fotograficznym. Co roku, zw\u0142aszcza jesieni\u0105, odbywa si\u0119 w nich do\u015b\u0107 du\u017co profesjonalnych warsztat\u00f3w fotograficznych. Dlaczego jesieni\u0105? Poniewa\u017c w\u0142a\u015bnie w tym czasie pojawiaj\u0105 si\u0119 w Dolomitach niesamowite, poranne mg\u0142y. Barwy zielonych latem hal teraz s\u0105 jesienne i kolorowe. S\u0142o\u0144ce jest ni\u017cej i daje inny, cieplejszy odcie\u0144 \u015bwiat\u0142a. Znana fotografom i wyczekiwana przez nich tak zwana \u201ez\u0142ota godzina\u201d trwa d\u0142u\u017cej ni\u017c w innych porach roku. To wszystko razem pozwala na tworzenie fotograficznych arcydzie\u0142.<\/p>\n<p align=\"justify\">Jesienne poranki w g\u00f3rach s\u0105 zimne, z temperaturami odczuwalnymi zwykle poni\u017cej zera. Zw\u0142aszcza przed wschodem s\u0142o\u0144ca i do czasu, zanim wzniesie si\u0119 ono na odpowiedni\u0105 wysoko\u015b\u0107 i zacznie ogrzewa\u0107 swoim ciep\u0142em. Bez <a href=\"https:\/\/skalnik.pl\/odziez\/odziez-meska\/odziez-meska-kurtki-zimowe\">ciep\u0142ej kurtki<\/a> i warstwy wiatroodpornej ci\u0119\u017cko mo\u017ce by\u0107 znie\u015b\u0107 niskie poranne temperatury, zw\u0142aszcza kiedy wychodzisz na dw\u00f3r przed s\u0142o\u0144cem, ustawiasz sprz\u0119t fotograficzny, stoisz d\u0142ugo we wzgl\u0119dnym bezruchu czekaj\u0105c, a\u017c aparat sko\u0144czy wykonywa\u0107 timelapse&#8217;a.<\/p>\n<p>&nbsp;<\/p>\n<h2><span class=\"ez-toc-section\" id=\"Dla_narciarzy\"><\/span><b>Dla narciarzy<\/b><span class=\"ez-toc-section-end\"><\/span><\/h2>\n<p align=\"justify\">Mi\u0142o\u015bnicy skitouringu, narciarstwa zjazdowego, czy te\u017c narciarstwa biegowego znajd\u0105 tu wiele \u015bwietnych miejsc pozwalaj\u0105cych im na uprawianie ich narciarskiej aktywno\u015bci. Zimy w Dolomitach s\u0105 zwykle \u015bnie\u017cne, wi\u0119c o brak \u015bniegu nie ma si\u0119 co martwi\u0107. S\u0142o\u0144ca zimow\u0105 por\u0105 nie brakuje r\u00f3wnie\u017c. O\u015brodk\u00f3w narciarskich jest tu bardzo du\u017co, wystarczy wspomnie\u0107 cho\u0107by s\u0142ynn\u0105 Madonn\u0119 di Campiglio czy San Martino di Castrozza. Narciarze znajd\u0105 tu setki bardzo dobrze utrzymanych stok\u00f3w narciarskich i tras przygotowanych dla narciarzy biegowych. A po aktywnym dniu na stoku czas na wy\u015bmienite w\u0142oskie bombardino i pizz\u0119. Jednym s\u0142owem \u2013 narciarski zimowy raj.<\/p>\n<div id=\"attachment_6250\" style=\"width: 1034px\" class=\"wp-caption aligncenter\"><img loading=\"lazy\" decoding=\"async\" aria-describedby=\"caption-attachment-6250\" class=\"wp-image-6250 size-large\" title=\"Narty w Dolomitach\" src=\"https:\/\/skalnik.pl\/blog\/wp-content\/uploads\/2019\/04\/Narty-w-Dolomitach-1024x682.jpg\" alt=\"Narty w Dolomitach\" width=\"1024\" height=\"682\" srcset=\"https:\/\/www.skalnik.pl\/blog\/wp-content\/uploads\/2019\/04\/Narty-w-Dolomitach-1024x682.jpg 1024w, https:\/\/www.skalnik.pl\/blog\/wp-content\/uploads\/2019\/04\/Narty-w-Dolomitach-300x200.jpg 300w, https:\/\/www.skalnik.pl\/blog\/wp-content\/uploads\/2019\/04\/Narty-w-Dolomitach-768x512.jpg 768w, https:\/\/www.skalnik.pl\/blog\/wp-content\/uploads\/2019\/04\/Narty-w-Dolomitach.jpg 1688w\" sizes=\"auto, (max-width: 1024px) 100vw, 1024px\" \/><p id=\"caption-attachment-6250\" class=\"wp-caption-text\">Nartostrady w Dolomitach przyci\u0105gaj\u0105 jak magnes amator\u00f3w bia\u0142ego szale\u0144stwa.<\/p><\/div>\n<p>&nbsp;<\/p>\n<p align=\"justify\">Tu jest co robi\u0107! Niezale\u017cnie od pory roku czy ukochanej aktywno\u015bci, Dolomity mog\u0105 by\u0107 dla ciebie tym miejscem, w kt\u00f3rym b\u0119dziesz si\u0119 realizowa\u0107. Nikogo to nie powinno dziwi\u0107, \u017ce wiele os\u00f3b przyje\u017cd\u017ca tu i szybko wraca po coraz to wi\u0119cej i wi\u0119cej pasji oraz wra\u017ce\u0144.<\/p>\n<p align=\"justify\">\n","protected":false},"excerpt":{"rendered":"<p>Zastanawiasz si\u0119 czy wyjazd w Dolomity jest dla Ciebie? Podpowiadamy jak sp\u0119dzi\u0107 czas o r\u00f3\u017cnych porach roku.<\/p>\n","protected":false},"author":25,"featured_media":6198,"comment_status":"open","ping_status":"open","sticky":false,"template":"","format":"standard","meta":{"_acf_changed":false,"footnotes":""},"categories":[84],"tags":[28,94,116],"magento_category":[221],"magento_product":[],"class_list":["post-6196","post","type-post","status-publish","format-standard","has-post-thumbnail","hentry","category-pasja","tag-gory","tag-inspiracje","tag-podroze"],"acf":[],"aioseo_notices":[],"aioseo_head":"\n\t\t<!-- All in One SEO 4.9.10 - aioseo.com -->\n\t<meta name=\"description\" content=\"Dolomity to jedno z pi\u0119kniejszych miejsc w Alpach. Sprawd\u017a co, o r\u00f3\u017cnych porach roku, oferuj\u0105 te wspania\u0142e g\u00f3ry. Ka\u017cdy znajdzie co\u015b dla siebie!\" \/>\n\t<meta name=\"robots\" content=\"max-image-preview:large\" \/>\n\t<meta name=\"author\" content=\"Marta Soko\u0142owska\"\/>\n\t<link rel=\"canonical\" href=\"https:\/\/www.skalnik.pl\/blog\/w-dolomitach-jest-co-robic\/\" \/>\n\t<meta name=\"generator\" content=\"All in One SEO (AIOSEO) 4.9.10\" \/>\n\t\t<meta property=\"og:locale\" content=\"pl_PL\" \/>\n\t\t<meta property=\"og:site_name\" content=\"blog Skalnik - Blog, porady, artyku\u0142y - blog Skalnik\" \/>\n\t\t<meta property=\"og:type\" content=\"article\" \/>\n\t\t<meta property=\"og:title\" content=\"W Dolomitach jest co robi\u0107 - blog Skalnik\" \/>\n\t\t<meta property=\"og:description\" content=\"Dolomity to jedno z pi\u0119kniejszych miejsc w Alpach. Sprawd\u017a co, o r\u00f3\u017cnych porach roku, oferuj\u0105 te wspania\u0142e g\u00f3ry. Ka\u017cdy znajdzie co\u015b dla siebie!\" \/>\n\t\t<meta property=\"og:url\" content=\"https:\/\/www.skalnik.pl\/blog\/w-dolomitach-jest-co-robic\/\" \/>\n\t\t<meta property=\"og:image\" content=\"https:\/\/skalnik.pl\/blog\/wp-content\/uploads\/2019\/04\/hiking-m-min-e1554307405374.jpg\" \/>\n\t\t<meta property=\"og:image:secure_url\" content=\"https:\/\/skalnik.pl\/blog\/wp-content\/uploads\/2019\/04\/hiking-m-min-e1554307405374.jpg\" \/>\n\t\t<meta property=\"article:tag\" content=\"pasja\" \/>\n\t\t<meta property=\"article:tag\" content=\"g\u00f3ry\" \/>\n\t\t<meta property=\"article:tag\" content=\"inspiracje\" \/>\n\t\t<meta property=\"article:tag\" content=\"podr\u00f3\u017ce\" \/>\n\t\t<meta property=\"article:published_time\" content=\"2019-04-03T16:11:18+00:00\" \/>\n\t\t<meta property=\"article:modified_time\" content=\"2019-07-22T10:03:08+00:00\" \/>\n\t\t<meta name=\"twitter:card\" content=\"summary_large_image\" \/>\n\t\t<meta name=\"twitter:title\" content=\"W Dolomitach jest co robi\u0107 - blog Skalnik\" \/>\n\t\t<meta name=\"twitter:description\" content=\"Dolomity to jedno z pi\u0119kniejszych miejsc w Alpach. Sprawd\u017a co, o r\u00f3\u017cnych porach roku, oferuj\u0105 te wspania\u0142e g\u00f3ry. Ka\u017cdy znajdzie co\u015b dla siebie!\" \/>\n\t\t<meta name=\"twitter:image\" content=\"https:\/\/skalnik.pl\/blog\/wp-content\/uploads\/2019\/04\/hiking-m-min-e1554307405374.jpg\" \/>\n\t\t<script type=\"application\/ld+json\" class=\"aioseo-schema\">\n\t\t\t{\"@context\":\"https:\\\/\\\/schema.org\",\"@graph\":[{\"@type\":\"BlogPosting\",\"@id\":\"https:\\\/\\\/www.skalnik.pl\\\/blog\\\/w-dolomitach-jest-co-robic\\\/#blogposting\",\"name\":\"W Dolomitach jest co robi\\u0107 - blog Skalnik\",\"headline\":\"W Dolomitach jest co robi\\u0107\",\"author\":{\"@id\":\"https:\\\/\\\/www.skalnik.pl\\\/blog\\\/author\\\/marta-sokolowska\\\/#author\"},\"publisher\":{\"@id\":\"https:\\\/\\\/www.skalnik.pl\\\/blog\\\/#organization\"},\"image\":{\"@type\":\"ImageObject\",\"url\":\"https:\\\/\\\/www.skalnik.pl\\\/blog\\\/wp-content\\\/uploads\\\/2019\\\/03\\\/DJI_0048-2-HDR-e1553703297713.jpg\",\"width\":1920,\"height\":705,\"caption\":\"Dolomity\"},\"datePublished\":\"2019-04-03T18:11:18+02:00\",\"dateModified\":\"2019-07-22T12:03:08+02:00\",\"inLanguage\":\"pl-PL\",\"mainEntityOfPage\":{\"@id\":\"https:\\\/\\\/www.skalnik.pl\\\/blog\\\/w-dolomitach-jest-co-robic\\\/#webpage\"},\"isPartOf\":{\"@id\":\"https:\\\/\\\/www.skalnik.pl\\\/blog\\\/w-dolomitach-jest-co-robic\\\/#webpage\"},\"articleSection\":\"Pasja, g\\u00f3ry, inspiracje, podr\\u00f3\\u017ce, 1166\"},{\"@type\":\"BreadcrumbList\",\"@id\":\"https:\\\/\\\/www.skalnik.pl\\\/blog\\\/w-dolomitach-jest-co-robic\\\/#breadcrumblist\",\"itemListElement\":[{\"@type\":\"ListItem\",\"@id\":\"https:\\\/\\\/www.skalnik.pl\\\/blog#listItem\",\"position\":1,\"name\":\"Home\",\"item\":\"https:\\\/\\\/www.skalnik.pl\\\/blog\",\"nextItem\":{\"@type\":\"ListItem\",\"@id\":\"https:\\\/\\\/www.skalnik.pl\\\/blog\\\/.\\\/pasja\\\/#listItem\",\"name\":\"Pasja\"}},{\"@type\":\"ListItem\",\"@id\":\"https:\\\/\\\/www.skalnik.pl\\\/blog\\\/.\\\/pasja\\\/#listItem\",\"position\":2,\"name\":\"Pasja\",\"item\":\"https:\\\/\\\/www.skalnik.pl\\\/blog\\\/.\\\/pasja\\\/\",\"nextItem\":{\"@type\":\"ListItem\",\"@id\":\"https:\\\/\\\/www.skalnik.pl\\\/blog\\\/w-dolomitach-jest-co-robic\\\/#listItem\",\"name\":\"W Dolomitach jest co robi\\u0107\"},\"previousItem\":{\"@type\":\"ListItem\",\"@id\":\"https:\\\/\\\/www.skalnik.pl\\\/blog#listItem\",\"name\":\"Home\"}},{\"@type\":\"ListItem\",\"@id\":\"https:\\\/\\\/www.skalnik.pl\\\/blog\\\/w-dolomitach-jest-co-robic\\\/#listItem\",\"position\":3,\"name\":\"W Dolomitach jest co robi\\u0107\",\"previousItem\":{\"@type\":\"ListItem\",\"@id\":\"https:\\\/\\\/www.skalnik.pl\\\/blog\\\/.\\\/pasja\\\/#listItem\",\"name\":\"Pasja\"}}]},{\"@type\":\"Organization\",\"@id\":\"https:\\\/\\\/www.skalnik.pl\\\/blog\\\/#organization\",\"name\":\"blog Skalnik\",\"description\":\"Blog, porady, artyku\\u0142y - blog Skalnik\",\"url\":\"https:\\\/\\\/www.skalnik.pl\\\/blog\\\/\"},{\"@type\":\"Person\",\"@id\":\"https:\\\/\\\/www.skalnik.pl\\\/blog\\\/author\\\/marta-sokolowska\\\/#author\",\"url\":\"https:\\\/\\\/www.skalnik.pl\\\/blog\\\/author\\\/marta-sokolowska\\\/\",\"name\":\"Marta Soko\\u0142owska\",\"image\":{\"@type\":\"ImageObject\",\"@id\":\"https:\\\/\\\/www.skalnik.pl\\\/blog\\\/w-dolomitach-jest-co-robic\\\/#authorImage\",\"url\":\"https:\\\/\\\/secure.gravatar.com\\\/avatar\\\/0e04a069f04d0a1476d6733ecbd93392e6d0867d90579d243eb1e783e66953a4?s=96&d=mm&r=g\",\"width\":96,\"height\":96,\"caption\":\"Marta Soko\\u0142owska\"}},{\"@type\":\"WebPage\",\"@id\":\"https:\\\/\\\/www.skalnik.pl\\\/blog\\\/w-dolomitach-jest-co-robic\\\/#webpage\",\"url\":\"https:\\\/\\\/www.skalnik.pl\\\/blog\\\/w-dolomitach-jest-co-robic\\\/\",\"name\":\"W Dolomitach jest co robi\\u0107 - blog Skalnik\",\"description\":\"Dolomity to jedno z pi\\u0119kniejszych miejsc w Alpach. Sprawd\\u017a co, o r\\u00f3\\u017cnych porach roku, oferuj\\u0105 te wspania\\u0142e g\\u00f3ry. Ka\\u017cdy znajdzie co\\u015b dla siebie!\",\"inLanguage\":\"pl-PL\",\"isPartOf\":{\"@id\":\"https:\\\/\\\/www.skalnik.pl\\\/blog\\\/#website\"},\"breadcrumb\":{\"@id\":\"https:\\\/\\\/www.skalnik.pl\\\/blog\\\/w-dolomitach-jest-co-robic\\\/#breadcrumblist\"},\"author\":{\"@id\":\"https:\\\/\\\/www.skalnik.pl\\\/blog\\\/author\\\/marta-sokolowska\\\/#author\"},\"creator\":{\"@id\":\"https:\\\/\\\/www.skalnik.pl\\\/blog\\\/author\\\/marta-sokolowska\\\/#author\"},\"image\":{\"@type\":\"ImageObject\",\"url\":\"https:\\\/\\\/www.skalnik.pl\\\/blog\\\/wp-content\\\/uploads\\\/2019\\\/03\\\/DJI_0048-2-HDR-e1553703297713.jpg\",\"@id\":\"https:\\\/\\\/www.skalnik.pl\\\/blog\\\/w-dolomitach-jest-co-robic\\\/#mainImage\",\"width\":1920,\"height\":705,\"caption\":\"Dolomity\"},\"primaryImageOfPage\":{\"@id\":\"https:\\\/\\\/www.skalnik.pl\\\/blog\\\/w-dolomitach-jest-co-robic\\\/#mainImage\"},\"datePublished\":\"2019-04-03T18:11:18+02:00\",\"dateModified\":\"2019-07-22T12:03:08+02:00\"},{\"@type\":\"WebSite\",\"@id\":\"https:\\\/\\\/www.skalnik.pl\\\/blog\\\/#website\",\"url\":\"https:\\\/\\\/www.skalnik.pl\\\/blog\\\/\",\"name\":\"blog Skalnik\",\"description\":\"Blog, porady, artyku\\u0142y - blog Skalnik\",\"inLanguage\":\"pl-PL\",\"publisher\":{\"@id\":\"https:\\\/\\\/www.skalnik.pl\\\/blog\\\/#organization\"}}]}\n\t\t<\/script>\n\t\t<!-- All in One SEO -->\n\n","aioseo_head_json":{"title":"W Dolomitach jest co robi\u0107 - blog Skalnik","description":"Dolomity to jedno z pi\u0119kniejszych miejsc w Alpach. Sprawd\u017a co, o r\u00f3\u017cnych porach roku, oferuj\u0105 te wspania\u0142e g\u00f3ry. Ka\u017cdy znajdzie co\u015b dla siebie!","canonical_url":"https:\/\/www.skalnik.pl\/blog\/w-dolomitach-jest-co-robic\/","robots":"max-image-preview:large","keywords":"","webmasterTools":{"miscellaneous":""},"schema":{"@context":"https:\/\/schema.org","@graph":[{"@type":"BlogPosting","@id":"https:\/\/www.skalnik.pl\/blog\/w-dolomitach-jest-co-robic\/#blogposting","name":"W Dolomitach jest co robi\u0107 - blog Skalnik","headline":"W Dolomitach jest co robi\u0107","author":{"@id":"https:\/\/www.skalnik.pl\/blog\/author\/marta-sokolowska\/#author"},"publisher":{"@id":"https:\/\/www.skalnik.pl\/blog\/#organization"},"image":{"@type":"ImageObject","url":"https:\/\/www.skalnik.pl\/blog\/wp-content\/uploads\/2019\/03\/DJI_0048-2-HDR-e1553703297713.jpg","width":1920,"height":705,"caption":"Dolomity"},"datePublished":"2019-04-03T18:11:18+02:00","dateModified":"2019-07-22T12:03:08+02:00","inLanguage":"pl-PL","mainEntityOfPage":{"@id":"https:\/\/www.skalnik.pl\/blog\/w-dolomitach-jest-co-robic\/#webpage"},"isPartOf":{"@id":"https:\/\/www.skalnik.pl\/blog\/w-dolomitach-jest-co-robic\/#webpage"},"articleSection":"Pasja, g\u00f3ry, inspiracje, podr\u00f3\u017ce, 1166"},{"@type":"BreadcrumbList","@id":"https:\/\/www.skalnik.pl\/blog\/w-dolomitach-jest-co-robic\/#breadcrumblist","itemListElement":[{"@type":"ListItem","@id":"https:\/\/www.skalnik.pl\/blog#listItem","position":1,"name":"Home","item":"https:\/\/www.skalnik.pl\/blog","nextItem":{"@type":"ListItem","@id":"https:\/\/www.skalnik.pl\/blog\/.\/pasja\/#listItem","name":"Pasja"}},{"@type":"ListItem","@id":"https:\/\/www.skalnik.pl\/blog\/.\/pasja\/#listItem","position":2,"name":"Pasja","item":"https:\/\/www.skalnik.pl\/blog\/.\/pasja\/","nextItem":{"@type":"ListItem","@id":"https:\/\/www.skalnik.pl\/blog\/w-dolomitach-jest-co-robic\/#listItem","name":"W Dolomitach jest co robi\u0107"},"previousItem":{"@type":"ListItem","@id":"https:\/\/www.skalnik.pl\/blog#listItem","name":"Home"}},{"@type":"ListItem","@id":"https:\/\/www.skalnik.pl\/blog\/w-dolomitach-jest-co-robic\/#listItem","position":3,"name":"W Dolomitach jest co robi\u0107","previousItem":{"@type":"ListItem","@id":"https:\/\/www.skalnik.pl\/blog\/.\/pasja\/#listItem","name":"Pasja"}}]},{"@type":"Organization","@id":"https:\/\/www.skalnik.pl\/blog\/#organization","name":"blog Skalnik","description":"Blog, porady, artyku\u0142y - blog Skalnik","url":"https:\/\/www.skalnik.pl\/blog\/"},{"@type":"Person","@id":"https:\/\/www.skalnik.pl\/blog\/author\/marta-sokolowska\/#author","url":"https:\/\/www.skalnik.pl\/blog\/author\/marta-sokolowska\/","name":"Marta Soko\u0142owska","image":{"@type":"ImageObject","@id":"https:\/\/www.skalnik.pl\/blog\/w-dolomitach-jest-co-robic\/#authorImage","url":"https:\/\/secure.gravatar.com\/avatar\/0e04a069f04d0a1476d6733ecbd93392e6d0867d90579d243eb1e783e66953a4?s=96&d=mm&r=g","width":96,"height":96,"caption":"Marta Soko\u0142owska"}},{"@type":"WebPage","@id":"https:\/\/www.skalnik.pl\/blog\/w-dolomitach-jest-co-robic\/#webpage","url":"https:\/\/www.skalnik.pl\/blog\/w-dolomitach-jest-co-robic\/","name":"W Dolomitach jest co robi\u0107 - blog Skalnik","description":"Dolomity to jedno z pi\u0119kniejszych miejsc w Alpach. Sprawd\u017a co, o r\u00f3\u017cnych porach roku, oferuj\u0105 te wspania\u0142e g\u00f3ry. Ka\u017cdy znajdzie co\u015b dla siebie!","inLanguage":"pl-PL","isPartOf":{"@id":"https:\/\/www.skalnik.pl\/blog\/#website"},"breadcrumb":{"@id":"https:\/\/www.skalnik.pl\/blog\/w-dolomitach-jest-co-robic\/#breadcrumblist"},"author":{"@id":"https:\/\/www.skalnik.pl\/blog\/author\/marta-sokolowska\/#author"},"creator":{"@id":"https:\/\/www.skalnik.pl\/blog\/author\/marta-sokolowska\/#author"},"image":{"@type":"ImageObject","url":"https:\/\/www.skalnik.pl\/blog\/wp-content\/uploads\/2019\/03\/DJI_0048-2-HDR-e1553703297713.jpg","@id":"https:\/\/www.skalnik.pl\/blog\/w-dolomitach-jest-co-robic\/#mainImage","width":1920,"height":705,"caption":"Dolomity"},"primaryImageOfPage":{"@id":"https:\/\/www.skalnik.pl\/blog\/w-dolomitach-jest-co-robic\/#mainImage"},"datePublished":"2019-04-03T18:11:18+02:00","dateModified":"2019-07-22T12:03:08+02:00"},{"@type":"WebSite","@id":"https:\/\/www.skalnik.pl\/blog\/#website","url":"https:\/\/www.skalnik.pl\/blog\/","name":"blog Skalnik","description":"Blog, porady, artyku\u0142y - blog Skalnik","inLanguage":"pl-PL","publisher":{"@id":"https:\/\/www.skalnik.pl\/blog\/#organization"}}]},"og:locale":"pl_PL","og:site_name":"blog Skalnik - Blog, porady, artyku\u0142y - blog Skalnik","og:type":"article","og:title":"W Dolomitach jest co robi\u0107 - blog Skalnik","og:description":"Dolomity to jedno z pi\u0119kniejszych miejsc w Alpach. Sprawd\u017a co, o r\u00f3\u017cnych porach roku, oferuj\u0105 te wspania\u0142e g\u00f3ry. Ka\u017cdy znajdzie co\u015b dla siebie!","og:url":"https:\/\/www.skalnik.pl\/blog\/w-dolomitach-jest-co-robic\/","og:image":"https:\/\/skalnik.pl\/blog\/wp-content\/uploads\/2019\/04\/hiking-m-min-e1554307405374.jpg","og:image:secure_url":"https:\/\/skalnik.pl\/blog\/wp-content\/uploads\/2019\/04\/hiking-m-min-e1554307405374.jpg","article:tag":["pasja","g\u00f3ry","inspiracje","podr\u00f3\u017ce"],"article:published_time":"2019-04-03T16:11:18+00:00","article:modified_time":"2019-07-22T10:03:08+00:00","twitter:card":"summary_large_image","twitter:title":"W Dolomitach jest co robi\u0107 - blog Skalnik","twitter:description":"Dolomity to jedno z pi\u0119kniejszych miejsc w Alpach. Sprawd\u017a co, o r\u00f3\u017cnych porach roku, oferuj\u0105 te wspania\u0142e g\u00f3ry. Ka\u017cdy znajdzie co\u015b dla siebie!","twitter:image":"https:\/\/skalnik.pl\/blog\/wp-content\/uploads\/2019\/04\/hiking-m-min-e1554307405374.jpg"},"aioseo_meta_data":{"post_id":"6196","title":"","description":"Dolomity to jedno z pi\u0119kniejszych miejsc w Alpach. Sprawd\u017a co,  o r\u00f3\u017cnych porach roku, oferuj\u0105 te wspania\u0142e g\u00f3ry. Ka\u017cdy znajdzie co\u015b dla siebie!","keywords":[{"label":"dolomity","value":"dolomity"},{"label":"wspinaczka w dolomitach","value":"wspinaczka w dolomitach"},{"label":"via ferraty dolomity","value":"via ferraty dolomity"},{"label":"wyjazd w dolomity","value":"wyjazd w dolomity"}],"keyphrases":null,"primary_term":null,"canonical_url":null,"og_title":null,"og_description":null,"og_object_type":"default","og_image_type":"default","og_image_url":null,"og_image_width":null,"og_image_height":null,"og_image_custom_url":null,"og_image_custom_fields":null,"og_video":null,"og_custom_url":null,"og_article_section":null,"og_article_tags":null,"twitter_use_og":false,"twitter_card":"default","twitter_image_type":"default","twitter_image_url":null,"twitter_image_custom_url":null,"twitter_image_custom_fields":null,"twitter_title":null,"twitter_description":null,"schema":{"blockGraphs":[],"customGraphs":[],"default":{"data":{"Article":[],"Course":[],"Dataset":[],"FAQPage":[],"Movie":[],"Person":[],"Product":[],"ProductReview":[],"Car":[],"Recipe":[],"Service":[],"SoftwareApplication":[],"WebPage":[]},"graphName":"BlogPosting","isEnabled":true},"graphs":[]},"schema_type":"default","schema_type_options":null,"pillar_content":false,"robots_default":true,"robots_noindex":false,"robots_noarchive":false,"robots_nosnippet":false,"robots_nofollow":false,"robots_noimageindex":false,"robots_noodp":false,"robots_notranslate":false,"robots_max_snippet":null,"robots_max_videopreview":null,"robots_max_imagepreview":"large","priority":null,"frequency":null,"local_seo":null,"breadcrumb_settings":null,"limit_modified_date":false,"ai":null,"created":"2022-08-26 09:57:46","updated":"2026-02-17 21:31:24","seo_analyzer_scan_date":null},"aioseo_breadcrumb":"<div class=\"aioseo-breadcrumbs\"><span class=\"aioseo-breadcrumb\">\n\t\t\t<a href=\"https:\/\/www.skalnik.pl\/blog\" title=\"Home\">Home<\/a>\n\t\t<\/span><span class=\"aioseo-breadcrumb-separator\">&raquo;<\/span><span class=\"aioseo-breadcrumb\">\n\t\t\t<a href=\"https:\/\/www.skalnik.pl\/blog\/.\/pasja\/\" title=\"Pasja\">Pasja<\/a>\n\t\t<\/span><span class=\"aioseo-breadcrumb-separator\">&raquo;<\/span><span class=\"aioseo-breadcrumb\">\n\t\t\tW Dolomitach jest co robi\u0107\n\t\t<\/span><\/div>","aioseo_breadcrumb_json":[{"label":"Home","link":"https:\/\/www.skalnik.pl\/blog"},{"label":"Pasja","link":"https:\/\/www.skalnik.pl\/blog\/.\/pasja\/"},{"label":"W Dolomitach jest co robi\u0107","link":"https:\/\/www.skalnik.pl\/blog\/w-dolomitach-jest-co-robic\/"}],"_links":{"self":[{"href":"https:\/\/www.skalnik.pl\/blog\/wp-json\/wp\/v2\/posts\/6196","targetHints":{"allow":["GET"]}}],"collection":[{"href":"https:\/\/www.skalnik.pl\/blog\/wp-json\/wp\/v2\/posts"}],"about":[{"href":"https:\/\/www.skalnik.pl\/blog\/wp-json\/wp\/v2\/types\/post"}],"author":[{"embeddable":true,"href":"https:\/\/www.skalnik.pl\/blog\/wp-json\/wp\/v2\/users\/25"}],"replies":[{"embeddable":true,"href":"https:\/\/www.skalnik.pl\/blog\/wp-json\/wp\/v2\/comments?post=6196"}],"version-history":[{"count":22,"href":"https:\/\/www.skalnik.pl\/blog\/wp-json\/wp\/v2\/posts\/6196\/revisions"}],"predecessor-version":[{"id":6286,"href":"https:\/\/www.skalnik.pl\/blog\/wp-json\/wp\/v2\/posts\/6196\/revisions\/6286"}],"wp:featuredmedia":[{"embeddable":true,"href":"https:\/\/www.skalnik.pl\/blog\/wp-json\/wp\/v2\/media\/6198"}],"wp:attachment":[{"href":"https:\/\/www.skalnik.pl\/blog\/wp-json\/wp\/v2\/media?parent=6196"}],"wp:term":[{"taxonomy":"category","embeddable":true,"href":"https:\/\/www.skalnik.pl\/blog\/wp-json\/wp\/v2\/categories?post=6196"},{"taxonomy":"post_tag","embeddable":true,"href":"https:\/\/www.skalnik.pl\/blog\/wp-json\/wp\/v2\/tags?post=6196"},{"taxonomy":"magento_category","embeddable":true,"href":"https:\/\/www.skalnik.pl\/blog\/wp-json\/wp\/v2\/magento_category?post=6196"},{"taxonomy":"magento_product","embeddable":true,"href":"https:\/\/www.skalnik.pl\/blog\/wp-json\/wp\/v2\/magento_product?post=6196"}],"curies":[{"name":"wp","href":"https:\/\/api.w.org\/{rel}","templated":true}]}}