{"id":6222,"date":"2019-04-04T08:06:26","date_gmt":"2019-04-04T06:06:26","guid":{"rendered":"https:\/\/skalnik.pl\/blog\/?p=6222"},"modified":"2020-06-18T09:25:52","modified_gmt":"2020-06-18T07:25:52","slug":"skarpety-trekkingowe-na-lato","status":"publish","type":"post","link":"https:\/\/www.skalnik.pl\/blog\/skarpety-trekkingowe-na-lato\/","title":{"rendered":"Skarpety trekkingowe na lato"},"content":{"rendered":"<p><b>Planujesz letni wypad w g\u00f3ry, dobierasz ka\u017cdy element ubioru, by jak najbardziej pasowa\u0142 do zmiennej pogody, kt\u00f3ra mo\u017ce spotka\u0107 ci\u0119 na szlaku. Membrany, oddychaj\u0105ce, techniczne materia\u0142y zar\u00f3wno w odzie\u017cy, jak i obuwiu. Jednak przyznaj si\u0119 szczerze, jak d\u0142ugo wybierasz skarpety trekkingowe? I czy przypadkiem nie jest to wyb\u00f3r mocno przypadkowy i, niezale\u017cnie od pory roku, ci\u0105gle taki sam.<\/b><\/p>\n<p>Skarpety s\u0105 cz\u0119sto traktowane przez wiele os\u00f3b po macoszemu. Takie ma\u0142o znacz\u0105ce co\u015b. Ani to odzie\u017c, ani obuwie. To buty maj\u0105 mie\u0107 (lub nie) membran\u0119, porz\u0105dn\u0105 podeszw\u0119, dobr\u0105 cholewk\u0119. Od nich zale\u017cy komfort w\u0119dr\u00f3wki. Opowiem wam pewn\u0105 historyjk\u0119, a jej puent\u0119 znajdziecie na ko\u0144cu tego artyku\u0142u. Niech b\u0119dzie dobr\u0105 tez\u0105, \u017ce wyb\u00f3r skarpet w g\u00f3ry ma znaczenie.<\/p>\n<p class=\"quote\">Kilkana\u015bcie lat temu na obozie w\u0119drownym w Bieszczadach urz\u0105dzili\u015bmy sobie konkurs stoj\u0105cych skarpetek. By\u0107 mo\u017ce nie uwierzycie, ale one rzeczywi\u015bcie sta\u0142y! Szczeg\u00f3lnie, gdy w\u0142a\u015bciciel nie zmienia\u0142 ich od trzech dni, a szlaki przemierza\u0142 w wojskowych butach. Opr\u00f3cz przypad\u0142o\u015bci w postaci sztywnienia skarpetek, mo\u017cna te\u017c by\u0142o zaobserwowa\u0107 zdarte do krwi pi\u0119ty i palce st\u00f3p, kt\u00f3re niekiedy wy\u0142\u0105cza\u0142y delikwenta z kolejnego dnia w\u0119dr\u00f3wki. Byli\u015bmy m\u0142odzi i twardzi, zatem by\u0142 to tylko maksymalnie jeden dzie\u0144.<\/p>\n<p>Dzisiaj dziel\u0119 si\u0119 tym wspomnieniem z kpiarskim u\u015bmiechem, bo wiem, jak wa\u017cny jest wyb\u00f3r w\u0142a\u015bciwych skarpet w g\u00f3ry. Co prawda konkurs mo\u017cna by przegra\u0107 z kretesem, ale za to do wygrania s\u0105 nogi bez odcisk\u00f3w gotowe do codziennych zmaga\u0144 z g\u00f3rskimi szlakami. <a href=\"https:\/\/skalnik.pl\/blog\/skarpety-w-gory-czyli-skarpety-smartwool\/\" target=\"_blank\" rel=\"noopener noreferrer\">Marcin opisa\u0142<\/a> sw\u00f3j eksperyment ze skarpetami Smartwool, dowodz\u0105c, \u017ce nie tylko nie sztywniej\u0105 po wielodniowym u\u017cytkowaniu, ale nawet nie \u015bmierdz\u0105.<\/p>\n<div id=\"ez-toc-container\" class=\"ez-toc-v2_0_85 counter-hierarchy ez-toc-counter ez-toc-light-blue ez-toc-container-direction\">\n<div class=\"ez-toc-title-container\">\n<p class=\"ez-toc-title\" style=\"cursor:inherit\">SPIS TRE\u015aCI <\/p>\n<span class=\"ez-toc-title-toggle\"><a href=\"#\" class=\"ez-toc-pull-right ez-toc-btn ez-toc-btn-xs ez-toc-btn-default ez-toc-toggle\" aria-label=\"Prze\u0142\u0105cznik Spisu Tre\u015bci\"><span class=\"ez-toc-js-icon-con\"><span class=\"\"><span class=\"eztoc-hide\" style=\"display:none;\">Toggle<\/span><span class=\"ez-toc-icon-toggle-span\"><svg style=\"fill: #999;color:#999\" xmlns=\"http:\/\/www.w3.org\/2000\/svg\" class=\"list-377408\" width=\"20px\" height=\"20px\" viewBox=\"0 0 24 24\" fill=\"none\"><path d=\"M6 6H4v2h2V6zm14 0H8v2h12V6zM4 11h2v2H4v-2zm16 0H8v2h12v-2zM4 16h2v2H4v-2zm16 0H8v2h12v-2z\" fill=\"currentColor\"><\/path><\/svg><svg style=\"fill: #999;color:#999\" class=\"arrow-unsorted-368013\" xmlns=\"http:\/\/www.w3.org\/2000\/svg\" width=\"10px\" height=\"10px\" viewBox=\"0 0 24 24\" version=\"1.2\" baseProfile=\"tiny\"><path d=\"M18.2 9.3l-6.2-6.3-6.2 6.3c-.2.2-.3.4-.3.7s.1.5.3.7c.2.2.4.3.7.3h11c.3 0 .5-.1.7-.3.2-.2.3-.5.3-.7s-.1-.5-.3-.7zM5.8 14.7l6.2 6.3 6.2-6.3c.2-.2.3-.5.3-.7s-.1-.5-.3-.7c-.2-.2-.4-.3-.7-.3h-11c-.3 0-.5.1-.7.3-.2.2-.3.5-.3.7s.1.5.3.7z\"\/><\/svg><\/span><\/span><\/span><\/a><\/span><\/div>\n<nav><ul class='ez-toc-list ez-toc-list-level-1 ' ><li class='ez-toc-page-1 ez-toc-heading-level-2'><a class=\"ez-toc-link ez-toc-heading-1\" href=\"https:\/\/www.skalnik.pl\/blog\/skarpety-trekkingowe-na-lato\/#Jakie_skarpety_sportowe_wybrac_na_lato\" >Jakie skarpety sportowe wybra\u0107 na lato<\/a><\/li><li class='ez-toc-page-1 ez-toc-heading-level-2'><a class=\"ez-toc-link ez-toc-heading-2\" href=\"https:\/\/www.skalnik.pl\/blog\/skarpety-trekkingowe-na-lato\/#Dlugosc_skarpet_trekkingowych_dobierz_do_butow\" >D\u0142ugo\u015b\u0107 skarpet trekkingowych dobierz do but\u00f3w<\/a><\/li><li class='ez-toc-page-1 ez-toc-heading-level-2'><a class=\"ez-toc-link ez-toc-heading-3\" href=\"https:\/\/www.skalnik.pl\/blog\/skarpety-trekkingowe-na-lato\/#Rozwiazania_konstrukcyjne_skarpet_Smartwool\" >Rozwi\u0105zania konstrukcyjne skarpet Smartwool<\/a><\/li><\/ul><\/nav><\/div>\n<h2><span class=\"ez-toc-section\" id=\"Jakie_skarpety_sportowe_wybrac_na_lato\"><\/span>Jakie skarpety sportowe wybra\u0107 na lato<span class=\"ez-toc-section-end\"><\/span><\/h2>\n<p>Du\u017cy wyb\u00f3r skarpet turystycznych to z jednej strony b\u0142ogos\u0142awie\u0144stwo (dla st\u00f3p), z drugiej przekle\u0144stwo wyboru. Jak zatem szuka\u0107, by znale\u017a\u0107 w\u0142a\u015bciwe? I czy istniej\u0105 skarpety uniwersalne? Od razu zepsuj\u0119 ca\u0142\u0105 zabaw\u0119 i powiem, \u017ce nie ma czego\u015b takiego jak skarpety, kt\u00f3re sprawdz\u0105 si\u0119 zawsze i wsz\u0119dzie. Wyb\u00f3r powinien zale\u017ce\u0107 od pory roku, rodzaju aktywno\u015bci, obuwia oraz specyficznych predyspozycji jak marzn\u0105ce lub przeciwnie, nadmiernie poc\u0105ce si\u0119 stopy.<\/p>\n<p>Wiosna nadesz\u0142a na dobre, zatem skupi\u0119 si\u0119 na skarpetkach przeznaczonych na\u00a0 cieplejsze pory roku. S\u0105 one cie\u0144sze ni\u017c modele zimowe, ale \u2013 co mo\u017ce niekt\u00f3rych zadziwi\u0107 \u2013 cz\u0119sto maj\u0105 podobny sk\u0142ad materia\u0142\u00f3w, z kt\u00f3rych je wykonano. Mi\u0142o\u015bnicy merino nie musz\u0105 wcale rezygnowa\u0107 z tej fantastycznej we\u0142ny. W\u015br\u00f3d <a href=\"https:\/\/skalnik.pl\/odziez\/odziez-meska\/odziez-meska-skarpety\/smartwool\" target=\"_blank\" rel=\"noopener noreferrer\">skarpet Smartwool<\/a> znajdziesz modele wiosenno-letnie,\u00a0 w kt\u00f3rych wykorzystano w\u0142\u00f3kna merynosowe. Nie musisz si\u0119 obawia\u0107, \u017ce b\u0119d\u0105 zbyt ciep\u0142e. Merino jest w\u0142\u00f3knem aktywnym, co oznacza, \u017ce \u015bwietnie chroni przed r\u00f3\u017cnymi warunkami \u2013 zim\u0105 grzeje, latem nie pozwala na przegrzanie. Ponadto warto mie\u0107 na uwadze antybakteryjno\u015b\u0107 tej we\u0142ny, kt\u00f3ra przek\u0142ada si\u0119 na ich d\u0142u\u017csz\u0105 \u015bwie\u017co\u015b\u0107. Skarpety z merino s\u0105 tak\u017ce mi\u0119kkie i delikatne dla st\u00f3p, co z pewno\u015bci\u0105 docenisz podczas wielogodzinnego u\u017cytkowania. Pami\u0119tasz konkurs, o kt\u00f3rym pisa\u0142am wcze\u015bniej \u2013 z merino nie ma co liczy\u0107 na zwyci\u0119stwo, ale na komfort zdecydowanie tak.<\/p>\n<div id=\"attachment_6224\" style=\"width: 750px\" class=\"wp-caption aligncenter\"><img loading=\"lazy\" decoding=\"async\" aria-describedby=\"caption-attachment-6224\" class=\"wp-image-6224 size-full\" title=\"Dopasowane skarpety dla wspinacza\" src=\"https:\/\/skalnik.pl\/blog\/wp-content\/uploads\/2019\/04\/skarpety2.png\" alt=\"\" width=\"740\" height=\"580\" srcset=\"https:\/\/www.skalnik.pl\/blog\/wp-content\/uploads\/2019\/04\/skarpety2.png 740w, https:\/\/www.skalnik.pl\/blog\/wp-content\/uploads\/2019\/04\/skarpety2-300x235.png 300w\" sizes=\"auto, (max-width: 740px) 100vw, 740px\" \/><p id=\"caption-attachment-6224\" class=\"wp-caption-text\">Skarpety sportowe po wspinaczce<\/p><\/div>\n<p>Innymi w\u0142\u00f3knami, z kt\u00f3rymi mo\u017cesz zetkn\u0105\u0107 si\u0119 w letnich modelach skarpet turystycznych s\u0105 poliestrowe w\u0142\u00f3kna Coolmax. Ich budowa sprawia, \u017ce b\u0142yskawicznie odprowadzaj\u0105 wilgo\u0107. Dzi\u0119ki temu po pierwsze ryzyko spada ryzyko zapocenia but\u00f3w, a co za tym idzie powstawania uraz\u00f3w. Po drugie za\u015b \u2013 masz uczucie ch\u0142odniejszych, a wi\u0119c mniej zm\u0119czonych st\u00f3p.<\/p>\n<p>Cz\u0119stym b\u0142\u0119dem, kt\u00f3ry sama tak\u017ce pope\u0142nia\u0142am, jest za\u0142o\u017cenie, \u017ce skarpety trekkingowe, to skarpety grube. Nawet na upalne lato. C\u00f3\u017c za nieporozumienie. Po o\u015bmiu godzinach w\u0119dr\u00f3wki po w\u0142oskich ferratach mia\u0142am ochot\u0119 ciep\u0142e skarpety wyrzuci\u0107 jak najdalej i chc\u0105c nie chc\u0105c w turystycznych sklepach w Arco ogl\u0105da\u0142am na wystawie\u2026 skarpety.<\/p>\n<h2><span class=\"ez-toc-section\" id=\"Dlugosc_skarpet_trekkingowych_dobierz_do_butow\"><\/span>D\u0142ugo\u015b\u0107 skarpet trekkingowych dobierz do but\u00f3w<span class=\"ez-toc-section-end\"><\/span><\/h2>\n<p>Dobierz d\u0142ugo\u015b\u0107 skarpetek do wysoko\u015bci cholewki buta. Rada niby trywialna, a cz\u0119sto \u2013 szczeg\u00f3lnie w\u015br\u00f3d m\u0119skiej cz\u0119\u015bci populacji \u2013 mo\u017cna dostrzec, \u017ce ta prawda traktowana jest z niedowierzaniem. Do lekkich but\u00f3w biegowych spokojnie wystarcz\u0105 skarpetki nale\u017c\u0105ce do grupy micro lub mini. Maj\u0105 one t\u0119 zalet\u0119, \u017ce zakrywaj\u0105 tylko tyle stopy, ile trzeba, by chroni\u0107 j\u0105 przed \u00a0urazami mechanicznymi w butach (otarciami, odciskami), a jednocze\u015bnie pozwalaj\u0105 na swobodn\u0105 wymian\u0119 ciep\u0142a. To wa\u017cne przy biegach terenowych lub d\u0142ugodystansowych, by pozwoli\u0107 sk\u00f3rze n\u00f3g na swobodne oddychanie, a co za tym idzie, regulowanie temperatury.<\/p>\n<p>\u015aredniej d\u0142ugo\u015bci skarpety tu\u017c nad kostk\u0119 dobierz do but\u00f3w podej\u015bciowych, natomiast te do po\u0142owy \u0142ydki \u2013 do wysokich but\u00f3w trekkingowych. W ten spos\u00f3b po\u0142\u0105czysz wygod\u0119 i bezpiecze\u0144stwo podczas trekking\u00f3w.<\/p>\n<p>Spraw\u0119 skarpet zak\u0142adanych do sanda\u0142\u00f3w wola\u0142abym przemilcze\u0107. Je\u015bli jednak z jakiego\u015b wzgl\u0119du (oby tylko nie estetycznego!) musisz je za\u0142o\u017cy\u0107 &#8211; zr\u00f3b z tego performance. Niech ci\u0119 zauwa\u017c\u0105 i doceni\u0105, zamiast wy\u015bmia\u0107.<\/p>\n<div class=\"page_gallery\">\n\n\t\t<style type=\"text\/css\">\n\t\t\t#gallery-1 {\n\t\t\t\tmargin: auto;\n\t\t\t}\n\t\t\t#gallery-1 .gallery-item {\n\t\t\t\tfloat: left;\n\t\t\t\tmargin-top: 10px;\n\t\t\t\ttext-align: center;\n\t\t\t\twidth: 33%;\n\t\t\t}\n\t\t\t#gallery-1 img {\n\t\t\t\tborder: 2px solid #cfcfcf;\n\t\t\t}\n\t\t\t#gallery-1 .gallery-caption {\n\t\t\t\tmargin-left: 0;\n\t\t\t}\n\t\t\t\/* see gallery_shortcode() in wp-includes\/media.php *\/\n\t\t<\/style>\n\t\t<div id='gallery-1' class='gallery galleryid-6222 gallery-columns-3 gallery-size-large'><dl class='gallery-item'>\n\t\t\t<dt class='gallery-icon landscape'>\n\t\t\t\t<img loading=\"lazy\" decoding=\"async\" width=\"1024\" height=\"829\" src=\"https:\/\/www.skalnik.pl\/blog\/wp-content\/uploads\/2019\/04\/S18_PhDSocks_PublicWorks_6195_RGB-1024x829.jpg\" class=\"attachment-large size-large\" alt=\"\" aria-describedby=\"gallery-1-6226\" srcset=\"https:\/\/www.skalnik.pl\/blog\/wp-content\/uploads\/2019\/04\/S18_PhDSocks_PublicWorks_6195_RGB-1024x829.jpg 1024w, https:\/\/www.skalnik.pl\/blog\/wp-content\/uploads\/2019\/04\/S18_PhDSocks_PublicWorks_6195_RGB-300x243.jpg 300w, https:\/\/www.skalnik.pl\/blog\/wp-content\/uploads\/2019\/04\/S18_PhDSocks_PublicWorks_6195_RGB-768x621.jpg 768w, https:\/\/www.skalnik.pl\/blog\/wp-content\/uploads\/2019\/04\/S18_PhDSocks_PublicWorks_6195_RGB.jpg 1085w\" sizes=\"auto, (max-width: 1024px) 100vw, 1024px\" \/>\n\t\t\t<\/dt>\n\t\t\t\t<dd class='wp-caption-text gallery-caption' id='gallery-1-6226'>\n\t\t\t\tKr\u00f3tkie skarpetki dla biegaczy\n\t\t\t\t<\/dd><\/dl><dl class='gallery-item'>\n\t\t\t<dt class='gallery-icon landscape'>\n\t\t\t\t<img loading=\"lazy\" decoding=\"async\" width=\"1024\" height=\"829\" src=\"https:\/\/www.skalnik.pl\/blog\/wp-content\/uploads\/2019\/04\/S18_PhDSocks_PublicWorksIF_5493_RGB-1024x829.jpg\" class=\"attachment-large size-large\" alt=\"\" aria-describedby=\"gallery-1-6234\" srcset=\"https:\/\/www.skalnik.pl\/blog\/wp-content\/uploads\/2019\/04\/S18_PhDSocks_PublicWorksIF_5493_RGB-1024x829.jpg 1024w, https:\/\/www.skalnik.pl\/blog\/wp-content\/uploads\/2019\/04\/S18_PhDSocks_PublicWorksIF_5493_RGB-300x243.jpg 300w, https:\/\/www.skalnik.pl\/blog\/wp-content\/uploads\/2019\/04\/S18_PhDSocks_PublicWorksIF_5493_RGB-768x621.jpg 768w, https:\/\/www.skalnik.pl\/blog\/wp-content\/uploads\/2019\/04\/S18_PhDSocks_PublicWorksIF_5493_RGB.jpg 1085w\" sizes=\"auto, (max-width: 1024px) 100vw, 1024px\" \/>\n\t\t\t<\/dt>\n\t\t\t\t<dd class='wp-caption-text gallery-caption' id='gallery-1-6234'>\n\t\t\t\tSkarpetki idealne do bieg\u00f3w g\u00f3rskich\n\t\t\t\t<\/dd><\/dl><dl class='gallery-item'>\n\t\t\t<dt class='gallery-icon landscape'>\n\t\t\t\t<img loading=\"lazy\" decoding=\"async\" width=\"1024\" height=\"829\" src=\"https:\/\/www.skalnik.pl\/blog\/wp-content\/uploads\/2019\/04\/S18_Curated_Davies_14_RGB-1024x829.jpg\" class=\"attachment-large size-large\" alt=\"\" aria-describedby=\"gallery-1-6223\" srcset=\"https:\/\/www.skalnik.pl\/blog\/wp-content\/uploads\/2019\/04\/S18_Curated_Davies_14_RGB-1024x829.jpg 1024w, https:\/\/www.skalnik.pl\/blog\/wp-content\/uploads\/2019\/04\/S18_Curated_Davies_14_RGB-300x243.jpg 300w, https:\/\/www.skalnik.pl\/blog\/wp-content\/uploads\/2019\/04\/S18_Curated_Davies_14_RGB-768x621.jpg 768w, https:\/\/www.skalnik.pl\/blog\/wp-content\/uploads\/2019\/04\/S18_Curated_Davies_14_RGB.jpg 1085w\" sizes=\"auto, (max-width: 1024px) 100vw, 1024px\" \/>\n\t\t\t<\/dt>\n\t\t\t\t<dd class='wp-caption-text gallery-caption' id='gallery-1-6223'>\n\t\t\t\tSkarpety i sanda\u0142y. Czemu nie je\u015bli w takich kolorach!\n\t\t\t\t<\/dd><\/dl><br style=\"clear: both\" \/><dl class='gallery-item'>\n\t\t\t<dt class='gallery-icon landscape'>\n\t\t\t\t<img loading=\"lazy\" decoding=\"async\" width=\"1024\" height=\"829\" src=\"https:\/\/www.skalnik.pl\/blog\/wp-content\/uploads\/2019\/04\/S18_NoShows_Davies_9_RGB-1024x829.jpg\" class=\"attachment-large size-large\" alt=\"\" aria-describedby=\"gallery-1-6232\" srcset=\"https:\/\/www.skalnik.pl\/blog\/wp-content\/uploads\/2019\/04\/S18_NoShows_Davies_9_RGB-1024x829.jpg 1024w, https:\/\/www.skalnik.pl\/blog\/wp-content\/uploads\/2019\/04\/S18_NoShows_Davies_9_RGB-300x243.jpg 300w, https:\/\/www.skalnik.pl\/blog\/wp-content\/uploads\/2019\/04\/S18_NoShows_Davies_9_RGB-768x621.jpg 768w, https:\/\/www.skalnik.pl\/blog\/wp-content\/uploads\/2019\/04\/S18_NoShows_Davies_9_RGB.jpg 1085w\" sizes=\"auto, (max-width: 1024px) 100vw, 1024px\" \/>\n\t\t\t<\/dt>\n\t\t\t\t<dd class='wp-caption-text gallery-caption' id='gallery-1-6232'>\n\t\t\t\tKr\u00f3tkie skarpety na si\u0142owni\u0119\n\t\t\t\t<\/dd><\/dl><dl class='gallery-item'>\n\t\t\t<dt class='gallery-icon landscape'>\n\t\t\t\t<img loading=\"lazy\" decoding=\"async\" width=\"1024\" height=\"829\" src=\"https:\/\/www.skalnik.pl\/blog\/wp-content\/uploads\/2019\/04\/S18_PhDSocks_PublicWorksDL_0692_RGB-1024x829.jpg\" class=\"attachment-large size-large\" alt=\"\" aria-describedby=\"gallery-1-6233\" srcset=\"https:\/\/www.skalnik.pl\/blog\/wp-content\/uploads\/2019\/04\/S18_PhDSocks_PublicWorksDL_0692_RGB-1024x829.jpg 1024w, https:\/\/www.skalnik.pl\/blog\/wp-content\/uploads\/2019\/04\/S18_PhDSocks_PublicWorksDL_0692_RGB-300x243.jpg 300w, https:\/\/www.skalnik.pl\/blog\/wp-content\/uploads\/2019\/04\/S18_PhDSocks_PublicWorksDL_0692_RGB-768x621.jpg 768w, https:\/\/www.skalnik.pl\/blog\/wp-content\/uploads\/2019\/04\/S18_PhDSocks_PublicWorksDL_0692_RGB.jpg 1085w\" sizes=\"auto, (max-width: 1024px) 100vw, 1024px\" \/>\n\t\t\t<\/dt>\n\t\t\t\t<dd class='wp-caption-text gallery-caption' id='gallery-1-6233'>\n\t\t\t\tSkarpetki za kostk\u0119 do wy\u017cszych but\u00f3w\n\t\t\t\t<\/dd><\/dl>\n\t\t\t<br style='clear: both' \/>\n\t\t<\/div>\n\n<\/div>\n<h2><span class=\"ez-toc-section\" id=\"Rozwiazania_konstrukcyjne_skarpet_Smartwool\"><\/span>Rozwi\u0105zania konstrukcyjne skarpet Smartwool<span class=\"ez-toc-section-end\"><\/span><\/h2>\n<p>Znani producenci odzie\u017cy outdoorowej, w tym tak\u017ce skarpet, prze\u015bcigaj\u0105 si\u0119 w rozwi\u0105zaniach, kt\u00f3re zapewni\u0105 u\u017cytkownikom najwy\u017cszy komfort. Proponuj\u0105 np. damskie skarpety trekkingowe, kt\u00f3re charakteryzuj\u0105 si\u0119 w\u0119\u017csz\u0105 budow\u0105, lepiej dopasowan\u0105 do drobniejszych st\u00f3p, a tak\u017ce inn\u0105 kolorystyk\u0105. Powszechnie bowiem wiadomo, \u017ce tam, gdzie m\u0119\u017cczy\u017ani widz\u0105 tylko kolor niebieski, panie u\u017cyj\u0105 kilkunastu nazw, dla ka\u017cdego z odcieni osobnej. Przekonaj si\u0119 i zobacz damskie skarpety Smartwool w r\u00f3\u017cnych kolorach.<\/p>\n<div id=\"attachment_6227\" style=\"width: 750px\" class=\"wp-caption aligncenter\"><img loading=\"lazy\" decoding=\"async\" aria-describedby=\"caption-attachment-6227\" class=\"wp-image-6227 size-full\" title=\"Kolorowe skarpetki do biegania\" src=\"https:\/\/skalnik.pl\/blog\/wp-content\/uploads\/2019\/04\/indeks.png\" alt=\"\" width=\"740\" height=\"580\" srcset=\"https:\/\/www.skalnik.pl\/blog\/wp-content\/uploads\/2019\/04\/indeks.png 740w, https:\/\/www.skalnik.pl\/blog\/wp-content\/uploads\/2019\/04\/indeks-300x235.png 300w\" sizes=\"auto, (max-width: 740px) 100vw, 740px\" \/><p id=\"caption-attachment-6227\" class=\"wp-caption-text\">Wzorzyste skarpety sportowe<\/p><\/div>\n<p>Niemal wszystkie modele skarpet maj\u0105 w okolicy palc\u00f3w p\u0142askie szwy, kt\u00f3re nie powoduj\u0105 odcisk\u00f3w podczas w\u0119dr\u00f3wek. Standardem s\u0105 tak\u017ce wentylowane strefy w wierzchniej cz\u0119\u015bci skarpetki. Stosowany tam lu\u017aniejszy splot typu mesh u\u0142atwia wentylacj\u0119. Strefa ta pokrywa si\u0119 w umiejscowieniem j\u0119zyka, dzi\u0119ki czemu nadmiar ciep\u0142a jest naprawd\u0119 skutecznie odprowadzany.<\/p>\n<p>Smartwool dla modeli swoich skarpet podaje zawsze poziom amortyzacji, jaki one oferuj\u0105. Jest to jednocze\u015bnie jedna z informacji przydatnych przy wyborze skarpet ze wzgl\u0119du na teren, typu w\u0119dr\u00f3wki i pogod\u0119.<\/p>\n<div id=\"attachment_6229\" style=\"width: 1034px\" class=\"wp-caption aligncenter\"><img loading=\"lazy\" decoding=\"async\" aria-describedby=\"caption-attachment-6229\" class=\"wp-image-6229 size-large\" title=\"Amortyzacja w skarpetach Smartwool\" src=\"https:\/\/skalnik.pl\/blog\/wp-content\/uploads\/2019\/04\/activity_hike_sock_cushioning_desktop_new-1024x267.jpg\" alt=\"\" width=\"1024\" height=\"267\" srcset=\"https:\/\/www.skalnik.pl\/blog\/wp-content\/uploads\/2019\/04\/activity_hike_sock_cushioning_desktop_new-1024x267.jpg 1024w, https:\/\/www.skalnik.pl\/blog\/wp-content\/uploads\/2019\/04\/activity_hike_sock_cushioning_desktop_new-300x78.jpg 300w, https:\/\/www.skalnik.pl\/blog\/wp-content\/uploads\/2019\/04\/activity_hike_sock_cushioning_desktop_new-768x200.jpg 768w, https:\/\/www.skalnik.pl\/blog\/wp-content\/uploads\/2019\/04\/activity_hike_sock_cushioning_desktop_new.jpg 1108w\" sizes=\"auto, (max-width: 1024px) 100vw, 1024px\" \/><p id=\"caption-attachment-6229\" class=\"wp-caption-text\">Por\u00f3wnanie stopnia amortyzacji oraz przeznaczenia skarpet (rys. Smartwool)<\/p><\/div>\n<p>System 4 Degree odpowiada za idealne, ale bezuciskowe dopasowanie skarpetki. System \u0142\u0105czy w sobie strefy wentylacyjne i amortyzacyjne. Taka budowa odpowiada zatem z jednej strony za szybkie odprowadzanie ciep\u0142a, z drugiej dba o wygod\u0119 przede wszystkim pi\u0119t i palc\u00f3w, a zatem tych miejsc, kt\u00f3re s\u0105 najbardziej nara\u017cone na \u00a0powstawanie odcisk\u00f3w. Specjalne \u015bci\u0105gacze rozmieszczone pod \u0142ukiem stopy, na jej wierzchu i w okolicy kostek zapewnia w\u0142a\u015bciwe u\u0142o\u017cenie skarpety przez ca\u0142\u0105 w\u0119dr\u00f3wk\u0119 oraz wzmacniaj\u0105 ochron\u0119 przed kontuzjami. Dzi\u0119ki nim mo\u017cesz zapomnie\u0107 o denerwuj\u0105cym ze\u015blizgiwaniu i rolowaniu si\u0119 skarpetek.<\/p>\n<p>Wr\u00f3\u0107my do opowie\u015bci sprzed lat. Wsp\u00f3\u0142czesne skarpety, kt\u00f3re powsta\u0142y z najnowocze\u015bniejszych prz\u0119dz raczej nie wygra\u0142yby naszego bieszczadzkiego konkursu. Nic jednak straconego. Chocia\u017c zwyci\u0119zca przez ca\u0142y dzie\u0144 p\u0142awi\u0142 si\u0119 w sukcesie, dziwnym trafem, gdy przyszed\u0142 wiecz\u00f3r mia\u0142 problem, w kt\u00f3rym namiocie b\u0119dzie spa\u0107. Wtedy \u00f3w zaszczytny tytu\u0142 sta\u0142 si\u0119 przeszkod\u0105. W <a href=\"https:\/\/skalnik.pl\/odziez\/odziez-meska\/odziez-meska-skarpety\/welna-merino\">skarpetach z we\u0142ny merino<\/a> mo\u017cesz zapomnie\u0107 o nieprzyjemnych zapachach po w\u0119dr\u00f3wce. W tych, w kt\u00f3re maj\u0105 coolmax, b\u0119dzie ci przyjemnie ch\u0142odno w stopy. Nowoczesna konstrukcja zadba o bezpiecze\u0144stwo i wygod\u0119 podczas w\u0119dr\u00f3wki. Dzi\u0119ki nim w trakcie zdobywania po\u0142onin, szczyt\u00f3w czy grani ciesz si\u0119 w\u0119dr\u00f3wk\u0105 i\u2026 zapomnij o skarpetach.<\/p>\n","protected":false},"excerpt":{"rendered":"<p>Nowoczesne skarpety trekkingowe dobieraj do celu w\u0119dr\u00f3wki, pogody i obuwia, kt\u00f3re masz na nogach. Twoje stopy b\u0119d\u0105 ci wdzi\u0119czne, a ty b\u0119dziesz czerpa\u0107 jeszcze wi\u0119ksz\u0105 rado\u015b\u0107 z w\u0119dr\u00f3wki, biegania czy podr\u00f3\u017cowania. <\/p>\n","protected":false},"author":9,"featured_media":6231,"comment_status":"open","ping_status":"open","sticky":false,"template":"","format":"standard","meta":{"_acf_changed":false,"footnotes":""},"categories":[3],"tags":[107,169,222],"magento_category":[52],"magento_product":[],"class_list":["post-6222","post","type-post","status-publish","format-standard","has-post-thumbnail","hentry","category-porady","tag-lato","tag-merino","tag-skarpety"],"acf":[],"aioseo_notices":[],"aioseo_head":"\n\t\t<!-- All in One SEO 4.9.10 - aioseo.com -->\n\t<meta name=\"description\" content=\"Nowoczesne skarpety trekkingowe dobieraj do celu w\u0119dr\u00f3wki, pogody i obuwia, kt\u00f3re masz na nogach. Twoje stopy b\u0119d\u0105 ci wdzi\u0119czne, a ty b\u0119dziesz czerpa\u0107 jeszcze wi\u0119ksz\u0105 rado\u015b\u0107 z w\u0119dr\u00f3wki, biegania czy podr\u00f3\u017cowania.\" \/>\n\t<meta name=\"robots\" content=\"max-image-preview:large\" \/>\n\t<meta name=\"author\" content=\"Beata Nawrotkiewicz\"\/>\n\t<link rel=\"canonical\" href=\"https:\/\/www.skalnik.pl\/blog\/skarpety-trekkingowe-na-lato\/\" \/>\n\t<meta name=\"generator\" content=\"All in One SEO (AIOSEO) 4.9.10\" \/>\n\t\t<meta property=\"og:locale\" content=\"pl_PL\" \/>\n\t\t<meta property=\"og:site_name\" content=\"blog Skalnik - Blog, porady, artyku\u0142y - blog Skalnik\" \/>\n\t\t<meta property=\"og:type\" content=\"article\" \/>\n\t\t<meta property=\"og:title\" content=\"Skarpety trekkingowe na lato - blog Skalnik\" \/>\n\t\t<meta property=\"og:description\" content=\"Nowoczesne skarpety trekkingowe dobieraj do celu w\u0119dr\u00f3wki, pogody i obuwia, kt\u00f3re masz na nogach. Twoje stopy b\u0119d\u0105 ci wdzi\u0119czne, a ty b\u0119dziesz czerpa\u0107 jeszcze wi\u0119ksz\u0105 rado\u015b\u0107 z w\u0119dr\u00f3wki, biegania czy podr\u00f3\u017cowania.\" \/>\n\t\t<meta property=\"og:url\" content=\"https:\/\/www.skalnik.pl\/blog\/skarpety-trekkingowe-na-lato\/\" \/>\n\t\t<meta property=\"og:image\" content=\"https:\/\/skalnik.pl\/blog\/wp-content\/uploads\/2019\/04\/skarpety2.png\" \/>\n\t\t<meta property=\"og:image:secure_url\" content=\"https:\/\/skalnik.pl\/blog\/wp-content\/uploads\/2019\/04\/skarpety2.png\" \/>\n\t\t<meta property=\"article:tag\" content=\"porady\" \/>\n\t\t<meta property=\"article:tag\" content=\"lato\" \/>\n\t\t<meta property=\"article:tag\" content=\"merino\" \/>\n\t\t<meta property=\"article:tag\" content=\"skarpety\" \/>\n\t\t<meta property=\"article:published_time\" content=\"2019-04-04T06:06:26+00:00\" \/>\n\t\t<meta property=\"article:modified_time\" content=\"2020-06-18T07:25:52+00:00\" \/>\n\t\t<meta name=\"twitter:card\" content=\"summary_large_image\" \/>\n\t\t<meta name=\"twitter:title\" content=\"Skarpety trekkingowe na lato - blog Skalnik\" \/>\n\t\t<meta name=\"twitter:description\" content=\"Nowoczesne skarpety trekkingowe dobieraj do celu w\u0119dr\u00f3wki, pogody i obuwia, kt\u00f3re masz na nogach. Twoje stopy b\u0119d\u0105 ci wdzi\u0119czne, a ty b\u0119dziesz czerpa\u0107 jeszcze wi\u0119ksz\u0105 rado\u015b\u0107 z w\u0119dr\u00f3wki, biegania czy podr\u00f3\u017cowania.\" \/>\n\t\t<meta name=\"twitter:image\" content=\"https:\/\/skalnik.pl\/blog\/wp-content\/uploads\/2019\/04\/skarpety2.png\" \/>\n\t\t<script type=\"application\/ld+json\" class=\"aioseo-schema\">\n\t\t\t{\"@context\":\"https:\\\/\\\/schema.org\",\"@graph\":[{\"@type\":\"BlogPosting\",\"@id\":\"https:\\\/\\\/www.skalnik.pl\\\/blog\\\/skarpety-trekkingowe-na-lato\\\/#blogposting\",\"name\":\"Skarpety trekkingowe na lato - blog Skalnik\",\"headline\":\"Skarpety trekkingowe na lato\",\"author\":{\"@id\":\"https:\\\/\\\/www.skalnik.pl\\\/blog\\\/author\\\/beata-nawrotkiewicz\\\/#author\"},\"publisher\":{\"@id\":\"https:\\\/\\\/www.skalnik.pl\\\/blog\\\/#organization\"},\"image\":{\"@type\":\"ImageObject\",\"url\":\"https:\\\/\\\/www.skalnik.pl\\\/blog\\\/wp-content\\\/uploads\\\/2019\\\/04\\\/glowne.jpg\",\"width\":1920,\"height\":705},\"datePublished\":\"2019-04-04T08:06:26+02:00\",\"dateModified\":\"2020-06-18T09:25:52+02:00\",\"inLanguage\":\"pl-PL\",\"mainEntityOfPage\":{\"@id\":\"https:\\\/\\\/www.skalnik.pl\\\/blog\\\/skarpety-trekkingowe-na-lato\\\/#webpage\"},\"isPartOf\":{\"@id\":\"https:\\\/\\\/www.skalnik.pl\\\/blog\\\/skarpety-trekkingowe-na-lato\\\/#webpage\"},\"articleSection\":\"Porady, lato, merino, skarpety, 1109\"},{\"@type\":\"BreadcrumbList\",\"@id\":\"https:\\\/\\\/www.skalnik.pl\\\/blog\\\/skarpety-trekkingowe-na-lato\\\/#breadcrumblist\",\"itemListElement\":[{\"@type\":\"ListItem\",\"@id\":\"https:\\\/\\\/www.skalnik.pl\\\/blog#listItem\",\"position\":1,\"name\":\"Home\",\"item\":\"https:\\\/\\\/www.skalnik.pl\\\/blog\",\"nextItem\":{\"@type\":\"ListItem\",\"@id\":\"https:\\\/\\\/www.skalnik.pl\\\/blog\\\/.\\\/porady\\\/#listItem\",\"name\":\"Porady\"}},{\"@type\":\"ListItem\",\"@id\":\"https:\\\/\\\/www.skalnik.pl\\\/blog\\\/.\\\/porady\\\/#listItem\",\"position\":2,\"name\":\"Porady\",\"item\":\"https:\\\/\\\/www.skalnik.pl\\\/blog\\\/.\\\/porady\\\/\",\"nextItem\":{\"@type\":\"ListItem\",\"@id\":\"https:\\\/\\\/www.skalnik.pl\\\/blog\\\/skarpety-trekkingowe-na-lato\\\/#listItem\",\"name\":\"Skarpety trekkingowe na lato\"},\"previousItem\":{\"@type\":\"ListItem\",\"@id\":\"https:\\\/\\\/www.skalnik.pl\\\/blog#listItem\",\"name\":\"Home\"}},{\"@type\":\"ListItem\",\"@id\":\"https:\\\/\\\/www.skalnik.pl\\\/blog\\\/skarpety-trekkingowe-na-lato\\\/#listItem\",\"position\":3,\"name\":\"Skarpety trekkingowe na lato\",\"previousItem\":{\"@type\":\"ListItem\",\"@id\":\"https:\\\/\\\/www.skalnik.pl\\\/blog\\\/.\\\/porady\\\/#listItem\",\"name\":\"Porady\"}}]},{\"@type\":\"Organization\",\"@id\":\"https:\\\/\\\/www.skalnik.pl\\\/blog\\\/#organization\",\"name\":\"blog Skalnik\",\"description\":\"Blog, porady, artyku\\u0142y - blog Skalnik\",\"url\":\"https:\\\/\\\/www.skalnik.pl\\\/blog\\\/\"},{\"@type\":\"Person\",\"@id\":\"https:\\\/\\\/www.skalnik.pl\\\/blog\\\/author\\\/beata-nawrotkiewicz\\\/#author\",\"url\":\"https:\\\/\\\/www.skalnik.pl\\\/blog\\\/author\\\/beata-nawrotkiewicz\\\/\",\"name\":\"Beata Nawrotkiewicz\",\"image\":{\"@type\":\"ImageObject\",\"@id\":\"https:\\\/\\\/www.skalnik.pl\\\/blog\\\/skarpety-trekkingowe-na-lato\\\/#authorImage\",\"url\":\"https:\\\/\\\/secure.gravatar.com\\\/avatar\\\/53cf81cfcc3a81694535515925ffcf159be725e8bd1fb455eeb9e2cadcaa5684?s=96&d=mm&r=g\",\"width\":96,\"height\":96,\"caption\":\"Beata Nawrotkiewicz\"}},{\"@type\":\"WebPage\",\"@id\":\"https:\\\/\\\/www.skalnik.pl\\\/blog\\\/skarpety-trekkingowe-na-lato\\\/#webpage\",\"url\":\"https:\\\/\\\/www.skalnik.pl\\\/blog\\\/skarpety-trekkingowe-na-lato\\\/\",\"name\":\"Skarpety trekkingowe na lato - blog Skalnik\",\"description\":\"Nowoczesne skarpety trekkingowe dobieraj do celu w\\u0119dr\\u00f3wki, pogody i obuwia, kt\\u00f3re masz na nogach. Twoje stopy b\\u0119d\\u0105 ci wdzi\\u0119czne, a ty b\\u0119dziesz czerpa\\u0107 jeszcze wi\\u0119ksz\\u0105 rado\\u015b\\u0107 z w\\u0119dr\\u00f3wki, biegania czy podr\\u00f3\\u017cowania.\",\"inLanguage\":\"pl-PL\",\"isPartOf\":{\"@id\":\"https:\\\/\\\/www.skalnik.pl\\\/blog\\\/#website\"},\"breadcrumb\":{\"@id\":\"https:\\\/\\\/www.skalnik.pl\\\/blog\\\/skarpety-trekkingowe-na-lato\\\/#breadcrumblist\"},\"author\":{\"@id\":\"https:\\\/\\\/www.skalnik.pl\\\/blog\\\/author\\\/beata-nawrotkiewicz\\\/#author\"},\"creator\":{\"@id\":\"https:\\\/\\\/www.skalnik.pl\\\/blog\\\/author\\\/beata-nawrotkiewicz\\\/#author\"},\"image\":{\"@type\":\"ImageObject\",\"url\":\"https:\\\/\\\/www.skalnik.pl\\\/blog\\\/wp-content\\\/uploads\\\/2019\\\/04\\\/glowne.jpg\",\"@id\":\"https:\\\/\\\/www.skalnik.pl\\\/blog\\\/skarpety-trekkingowe-na-lato\\\/#mainImage\",\"width\":1920,\"height\":705},\"primaryImageOfPage\":{\"@id\":\"https:\\\/\\\/www.skalnik.pl\\\/blog\\\/skarpety-trekkingowe-na-lato\\\/#mainImage\"},\"datePublished\":\"2019-04-04T08:06:26+02:00\",\"dateModified\":\"2020-06-18T09:25:52+02:00\"},{\"@type\":\"WebSite\",\"@id\":\"https:\\\/\\\/www.skalnik.pl\\\/blog\\\/#website\",\"url\":\"https:\\\/\\\/www.skalnik.pl\\\/blog\\\/\",\"name\":\"blog Skalnik\",\"description\":\"Blog, porady, artyku\\u0142y - blog Skalnik\",\"inLanguage\":\"pl-PL\",\"publisher\":{\"@id\":\"https:\\\/\\\/www.skalnik.pl\\\/blog\\\/#organization\"}}]}\n\t\t<\/script>\n\t\t<!-- All in One SEO -->\n\n","aioseo_head_json":{"title":"Skarpety trekkingowe na lato - blog Skalnik","description":"Nowoczesne skarpety trekkingowe dobieraj do celu w\u0119dr\u00f3wki, pogody i obuwia, kt\u00f3re masz na nogach. Twoje stopy b\u0119d\u0105 ci wdzi\u0119czne, a ty b\u0119dziesz czerpa\u0107 jeszcze wi\u0119ksz\u0105 rado\u015b\u0107 z w\u0119dr\u00f3wki, biegania czy podr\u00f3\u017cowania.","canonical_url":"https:\/\/www.skalnik.pl\/blog\/skarpety-trekkingowe-na-lato\/","robots":"max-image-preview:large","keywords":"","webmasterTools":{"miscellaneous":""},"schema":{"@context":"https:\/\/schema.org","@graph":[{"@type":"BlogPosting","@id":"https:\/\/www.skalnik.pl\/blog\/skarpety-trekkingowe-na-lato\/#blogposting","name":"Skarpety trekkingowe na lato - blog Skalnik","headline":"Skarpety trekkingowe na lato","author":{"@id":"https:\/\/www.skalnik.pl\/blog\/author\/beata-nawrotkiewicz\/#author"},"publisher":{"@id":"https:\/\/www.skalnik.pl\/blog\/#organization"},"image":{"@type":"ImageObject","url":"https:\/\/www.skalnik.pl\/blog\/wp-content\/uploads\/2019\/04\/glowne.jpg","width":1920,"height":705},"datePublished":"2019-04-04T08:06:26+02:00","dateModified":"2020-06-18T09:25:52+02:00","inLanguage":"pl-PL","mainEntityOfPage":{"@id":"https:\/\/www.skalnik.pl\/blog\/skarpety-trekkingowe-na-lato\/#webpage"},"isPartOf":{"@id":"https:\/\/www.skalnik.pl\/blog\/skarpety-trekkingowe-na-lato\/#webpage"},"articleSection":"Porady, lato, merino, skarpety, 1109"},{"@type":"BreadcrumbList","@id":"https:\/\/www.skalnik.pl\/blog\/skarpety-trekkingowe-na-lato\/#breadcrumblist","itemListElement":[{"@type":"ListItem","@id":"https:\/\/www.skalnik.pl\/blog#listItem","position":1,"name":"Home","item":"https:\/\/www.skalnik.pl\/blog","nextItem":{"@type":"ListItem","@id":"https:\/\/www.skalnik.pl\/blog\/.\/porady\/#listItem","name":"Porady"}},{"@type":"ListItem","@id":"https:\/\/www.skalnik.pl\/blog\/.\/porady\/#listItem","position":2,"name":"Porady","item":"https:\/\/www.skalnik.pl\/blog\/.\/porady\/","nextItem":{"@type":"ListItem","@id":"https:\/\/www.skalnik.pl\/blog\/skarpety-trekkingowe-na-lato\/#listItem","name":"Skarpety trekkingowe na lato"},"previousItem":{"@type":"ListItem","@id":"https:\/\/www.skalnik.pl\/blog#listItem","name":"Home"}},{"@type":"ListItem","@id":"https:\/\/www.skalnik.pl\/blog\/skarpety-trekkingowe-na-lato\/#listItem","position":3,"name":"Skarpety trekkingowe na lato","previousItem":{"@type":"ListItem","@id":"https:\/\/www.skalnik.pl\/blog\/.\/porady\/#listItem","name":"Porady"}}]},{"@type":"Organization","@id":"https:\/\/www.skalnik.pl\/blog\/#organization","name":"blog Skalnik","description":"Blog, porady, artyku\u0142y - blog Skalnik","url":"https:\/\/www.skalnik.pl\/blog\/"},{"@type":"Person","@id":"https:\/\/www.skalnik.pl\/blog\/author\/beata-nawrotkiewicz\/#author","url":"https:\/\/www.skalnik.pl\/blog\/author\/beata-nawrotkiewicz\/","name":"Beata Nawrotkiewicz","image":{"@type":"ImageObject","@id":"https:\/\/www.skalnik.pl\/blog\/skarpety-trekkingowe-na-lato\/#authorImage","url":"https:\/\/secure.gravatar.com\/avatar\/53cf81cfcc3a81694535515925ffcf159be725e8bd1fb455eeb9e2cadcaa5684?s=96&d=mm&r=g","width":96,"height":96,"caption":"Beata Nawrotkiewicz"}},{"@type":"WebPage","@id":"https:\/\/www.skalnik.pl\/blog\/skarpety-trekkingowe-na-lato\/#webpage","url":"https:\/\/www.skalnik.pl\/blog\/skarpety-trekkingowe-na-lato\/","name":"Skarpety trekkingowe na lato - blog Skalnik","description":"Nowoczesne skarpety trekkingowe dobieraj do celu w\u0119dr\u00f3wki, pogody i obuwia, kt\u00f3re masz na nogach. Twoje stopy b\u0119d\u0105 ci wdzi\u0119czne, a ty b\u0119dziesz czerpa\u0107 jeszcze wi\u0119ksz\u0105 rado\u015b\u0107 z w\u0119dr\u00f3wki, biegania czy podr\u00f3\u017cowania.","inLanguage":"pl-PL","isPartOf":{"@id":"https:\/\/www.skalnik.pl\/blog\/#website"},"breadcrumb":{"@id":"https:\/\/www.skalnik.pl\/blog\/skarpety-trekkingowe-na-lato\/#breadcrumblist"},"author":{"@id":"https:\/\/www.skalnik.pl\/blog\/author\/beata-nawrotkiewicz\/#author"},"creator":{"@id":"https:\/\/www.skalnik.pl\/blog\/author\/beata-nawrotkiewicz\/#author"},"image":{"@type":"ImageObject","url":"https:\/\/www.skalnik.pl\/blog\/wp-content\/uploads\/2019\/04\/glowne.jpg","@id":"https:\/\/www.skalnik.pl\/blog\/skarpety-trekkingowe-na-lato\/#mainImage","width":1920,"height":705},"primaryImageOfPage":{"@id":"https:\/\/www.skalnik.pl\/blog\/skarpety-trekkingowe-na-lato\/#mainImage"},"datePublished":"2019-04-04T08:06:26+02:00","dateModified":"2020-06-18T09:25:52+02:00"},{"@type":"WebSite","@id":"https:\/\/www.skalnik.pl\/blog\/#website","url":"https:\/\/www.skalnik.pl\/blog\/","name":"blog Skalnik","description":"Blog, porady, artyku\u0142y - blog Skalnik","inLanguage":"pl-PL","publisher":{"@id":"https:\/\/www.skalnik.pl\/blog\/#organization"}}]},"og:locale":"pl_PL","og:site_name":"blog Skalnik - Blog, porady, artyku\u0142y - blog Skalnik","og:type":"article","og:title":"Skarpety trekkingowe na lato - blog Skalnik","og:description":"Nowoczesne skarpety trekkingowe dobieraj do celu w\u0119dr\u00f3wki, pogody i obuwia, kt\u00f3re masz na nogach. Twoje stopy b\u0119d\u0105 ci wdzi\u0119czne, a ty b\u0119dziesz czerpa\u0107 jeszcze wi\u0119ksz\u0105 rado\u015b\u0107 z w\u0119dr\u00f3wki, biegania czy podr\u00f3\u017cowania.","og:url":"https:\/\/www.skalnik.pl\/blog\/skarpety-trekkingowe-na-lato\/","og:image":"https:\/\/skalnik.pl\/blog\/wp-content\/uploads\/2019\/04\/skarpety2.png","og:image:secure_url":"https:\/\/skalnik.pl\/blog\/wp-content\/uploads\/2019\/04\/skarpety2.png","article:tag":["porady","lato","merino","skarpety"],"article:published_time":"2019-04-04T06:06:26+00:00","article:modified_time":"2020-06-18T07:25:52+00:00","twitter:card":"summary_large_image","twitter:title":"Skarpety trekkingowe na lato - blog Skalnik","twitter:description":"Nowoczesne skarpety trekkingowe dobieraj do celu w\u0119dr\u00f3wki, pogody i obuwia, kt\u00f3re masz na nogach. Twoje stopy b\u0119d\u0105 ci wdzi\u0119czne, a ty b\u0119dziesz czerpa\u0107 jeszcze wi\u0119ksz\u0105 rado\u015b\u0107 z w\u0119dr\u00f3wki, biegania czy podr\u00f3\u017cowania.","twitter:image":"https:\/\/skalnik.pl\/blog\/wp-content\/uploads\/2019\/04\/skarpety2.png"},"aioseo_meta_data":{"post_id":"6222","title":null,"description":null,"keywords":null,"keyphrases":null,"primary_term":null,"canonical_url":null,"og_title":null,"og_description":null,"og_object_type":"default","og_image_type":"default","og_image_url":null,"og_image_width":null,"og_image_height":null,"og_image_custom_url":null,"og_image_custom_fields":null,"og_video":null,"og_custom_url":null,"og_article_section":null,"og_article_tags":null,"twitter_use_og":false,"twitter_card":"default","twitter_image_type":"default","twitter_image_url":null,"twitter_image_custom_url":null,"twitter_image_custom_fields":null,"twitter_title":null,"twitter_description":null,"schema":{"blockGraphs":[],"customGraphs":[],"default":{"data":{"Article":[],"Course":[],"Dataset":[],"FAQPage":[],"Movie":[],"Person":[],"Product":[],"ProductReview":[],"Car":[],"Recipe":[],"Service":[],"SoftwareApplication":[],"WebPage":[]},"graphName":"BlogPosting","isEnabled":true},"graphs":[]},"schema_type":"default","schema_type_options":null,"pillar_content":false,"robots_default":true,"robots_noindex":false,"robots_noarchive":false,"robots_nosnippet":false,"robots_nofollow":false,"robots_noimageindex":false,"robots_noodp":false,"robots_notranslate":false,"robots_max_snippet":null,"robots_max_videopreview":null,"robots_max_imagepreview":"large","priority":null,"frequency":null,"local_seo":null,"breadcrumb_settings":null,"limit_modified_date":false,"ai":null,"created":"2022-08-26 09:57:46","updated":"2026-02-17 21:31:25","seo_analyzer_scan_date":null},"aioseo_breadcrumb":"<div class=\"aioseo-breadcrumbs\"><span class=\"aioseo-breadcrumb\">\n\t\t\t<a href=\"https:\/\/www.skalnik.pl\/blog\" title=\"Home\">Home<\/a>\n\t\t<\/span><span class=\"aioseo-breadcrumb-separator\">&raquo;<\/span><span class=\"aioseo-breadcrumb\">\n\t\t\t<a href=\"https:\/\/www.skalnik.pl\/blog\/.\/porady\/\" title=\"Porady\">Porady<\/a>\n\t\t<\/span><span class=\"aioseo-breadcrumb-separator\">&raquo;<\/span><span class=\"aioseo-breadcrumb\">\n\t\t\tSkarpety trekkingowe na lato\n\t\t<\/span><\/div>","aioseo_breadcrumb_json":[{"label":"Home","link":"https:\/\/www.skalnik.pl\/blog"},{"label":"Porady","link":"https:\/\/www.skalnik.pl\/blog\/.\/porady\/"},{"label":"Skarpety trekkingowe na lato","link":"https:\/\/www.skalnik.pl\/blog\/skarpety-trekkingowe-na-lato\/"}],"_links":{"self":[{"href":"https:\/\/www.skalnik.pl\/blog\/wp-json\/wp\/v2\/posts\/6222","targetHints":{"allow":["GET"]}}],"collection":[{"href":"https:\/\/www.skalnik.pl\/blog\/wp-json\/wp\/v2\/posts"}],"about":[{"href":"https:\/\/www.skalnik.pl\/blog\/wp-json\/wp\/v2\/types\/post"}],"author":[{"embeddable":true,"href":"https:\/\/www.skalnik.pl\/blog\/wp-json\/wp\/v2\/users\/9"}],"replies":[{"embeddable":true,"href":"https:\/\/www.skalnik.pl\/blog\/wp-json\/wp\/v2\/comments?post=6222"}],"version-history":[{"count":14,"href":"https:\/\/www.skalnik.pl\/blog\/wp-json\/wp\/v2\/posts\/6222\/revisions"}],"predecessor-version":[{"id":12692,"href":"https:\/\/www.skalnik.pl\/blog\/wp-json\/wp\/v2\/posts\/6222\/revisions\/12692"}],"wp:featuredmedia":[{"embeddable":true,"href":"https:\/\/www.skalnik.pl\/blog\/wp-json\/wp\/v2\/media\/6231"}],"wp:attachment":[{"href":"https:\/\/www.skalnik.pl\/blog\/wp-json\/wp\/v2\/media?parent=6222"}],"wp:term":[{"taxonomy":"category","embeddable":true,"href":"https:\/\/www.skalnik.pl\/blog\/wp-json\/wp\/v2\/categories?post=6222"},{"taxonomy":"post_tag","embeddable":true,"href":"https:\/\/www.skalnik.pl\/blog\/wp-json\/wp\/v2\/tags?post=6222"},{"taxonomy":"magento_category","embeddable":true,"href":"https:\/\/www.skalnik.pl\/blog\/wp-json\/wp\/v2\/magento_category?post=6222"},{"taxonomy":"magento_product","embeddable":true,"href":"https:\/\/www.skalnik.pl\/blog\/wp-json\/wp\/v2\/magento_product?post=6222"}],"curies":[{"name":"wp","href":"https:\/\/api.w.org\/{rel}","templated":true}]}}