{"id":6287,"date":"2019-04-08T09:23:11","date_gmt":"2019-04-08T07:23:11","guid":{"rendered":"https:\/\/skalnik.pl\/blog\/?p=6287"},"modified":"2019-04-17T10:50:43","modified_gmt":"2019-04-17T08:50:43","slug":"zrobic-to-co-chce-sie-zrobic-wywiad-z-uczestnikami-wyprawy-luk-karpat-zima","status":"publish","type":"post","link":"https:\/\/www.skalnik.pl\/blog\/zrobic-to-co-chce-sie-zrobic-wywiad-z-uczestnikami-wyprawy-luk-karpat-zima\/","title":{"rendered":"Zrobi\u0107 to, co chce si\u0119 zrobi\u0107 &#8211; wywiad z uczestnikami wyprawy \u0141uk Karpat Zima"},"content":{"rendered":"<p><b>Pod nazw\u0105 \u0141uk Karpat kryj\u0105 si\u0119 projekty trekkingowe, w k\u00f3rych celem jest d\u0142ugodystansowe przej\u015bcie przez ca\u0142e Karpaty. Takie przedsi\u0119wzi\u0119cie jest trudne do zrealizowania ze wzgl\u0119du na dystans i czas, jaki trzeba mu po\u015bwi\u0119cic. Nie ma zbyt wielu takich przej\u015b\u0107, a do 2018 roku nie by\u0142o tego typu przej\u015bcia zim\u0105. O tym trudnym projekcie rozmawiamy z Weronik\u0105 \u0141ukaszewsk\u0105 (W) i S\u0142awomirem Sanockim (S) \u2013 lud\u017ami, kt\u00f3rzy \u0141uk pokonali dwukrotnie. Najpierw latem, a nast\u0119pnie \u2013 jako pierwsi \u2013 zim\u0105.\u00a0<\/b><\/p>\n<p>&nbsp;<\/p>\n<p><b>Wiele os\u00f3b chce rzuci\u0107 wszystko i wyjecha\u0107 w g\u00f3ry. Wy tak zrobili\u015bcie. Jak to si\u0119 robi, \u017ce zostawia si\u0119 wszystkie obowi\u0105zki i na trzy miesi\u0105ce znika w Karpatach? Trudno oderwa\u0107 si\u0119 od zwyk\u0142ego \u017cycia i wyj\u015b\u0107 na d\u0142ugodystansowy szlak?<\/b><\/p>\n<p><b>S:<\/b> Mo\u017ce zaczn\u0119 od tego, \u017ce poznali\u015bmy si\u0119 na szlaku w Beskidzie S\u0105deckim. Okaza\u0142o si\u0119, \u017ce mamy wsp\u00f3lny cel \u2013 przej\u015bcie G\u0142\u00f3wnego Szlaku Beskidzkiego. Postanowili\u015bmy wtedy przej\u015b\u0107 go razem. W czasie przej\u015bcia GSB powsta\u0142 pomys\u0142 przej\u015bcia letniego \u0141uku Karpat. Wtedy akurat mieli\u015bmy oboje tak\u0105 sytuacj\u0119, \u017ce mieli\u015bmy okienko zawodowe. Mnie sko\u0144czy\u0142a si\u0119 umowa, Weronice te\u017c, wi\u0119c to by\u0142 idealny moment, \u017ceby podj\u0105\u0107 tak\u0105 decyzj\u0119 i ruszy\u0107 na te trzy, cztery miesi\u0105ce w Karpaty. Po tej wyprawie wr\u00f3cili\u015bmy do normalnego \u017cycia zawodowego i pracy na etat. W g\u0142owie mieli\u015bmy jednak my\u015bl, by wyruszy\u0107 w Karpaty zim\u0105. Nawet gdy odpycha\u0142em od siebie my\u015bli, wszystko zaraz wraca\u0142o. Co chwil\u0119 zaczyna\u0142em wi\u0119c szuka\u0107 rozwi\u0105za\u0144 na przej\u015bcie Karpat zim\u0105 w tak kr\u00f3tkim czasie. Na pocz\u0105tku pomys\u0142 wydawa\u0142 si\u0119 nierealny, ale z czasem wpadali\u015bmy na pomys\u0142y roz\u0142o\u017cenia depozyt\u00f3w, zabrania sanek. Powsta\u0142 te\u017c plan trasy, bo trzeba by\u0142o zastanowi\u0107 si\u0119, kt\u00f3re pasma nale\u017cy wybra\u0107. Przez ca\u0142e Karpaty nie wiedzie jeden wytyczony szlak, sami konstruujemy sobie tras\u0119. Wszystko to by\u0142 pewien proces, czas, w kt\u00f3rym ta my\u015bl dojrzewa\u0142a.<\/p>\n<p><b>W:<\/b> Wa\u017cne jest pouk\u0142ada\u0107 sobie wszystko tak, by zrobi\u0107 to, co chce si\u0119 zrobi\u0107. Niezale\u017cnie od tego czy mamy rodzin\u0119, pracujemy\u2026 S\u0105 ludzie, kt\u00f3rzy spe\u0142niaj\u0105 swoje marzenia, nawet te wydawa\u0142oby si\u0119 nierealne i niemo\u017cliwe. Postanowili\u015bmy, \u017ce chcemy funkcjonowa\u0107 tak, a nie inaczej. Nie jest to oczywi\u015bcie \u0142atwe do zrobienia, \u017ceby wyj\u015b\u0107 ze schematu praca-dom-praca-dom.<\/p>\n<p><img loading=\"lazy\" decoding=\"async\" class=\"alignnone size-large wp-image-5809\" src=\"https:\/\/skalnik.pl\/blog\/wp-content\/uploads\/2019\/02\/DSC01385-1024x683.jpg\" alt=\"\u0142uk karpat zima\" width=\"1024\" height=\"683\" srcset=\"https:\/\/www.skalnik.pl\/blog\/wp-content\/uploads\/2019\/02\/DSC01385-1024x683.jpg 1024w, https:\/\/www.skalnik.pl\/blog\/wp-content\/uploads\/2019\/02\/DSC01385-300x200.jpg 300w, https:\/\/www.skalnik.pl\/blog\/wp-content\/uploads\/2019\/02\/DSC01385-768x512.jpg 768w, https:\/\/www.skalnik.pl\/blog\/wp-content\/uploads\/2019\/02\/DSC01385.jpg 1800w\" sizes=\"auto, (max-width: 1024px) 100vw, 1024px\" \/><\/p>\n<p>&nbsp;<\/p>\n<p><b>No w\u0142a\u015bnie. Przeszli\u015bcie \u0141uk Karpat dwa razy. Te przej\u015bcia mia\u0142y inne trasy?<\/b><\/p>\n<p><b>W:<\/b> Przej\u015bcie zimowe bazowa\u0142o na letnim, ale musieli\u015bmy zmieni\u0107 tras\u0119 z r\u00f3\u017cnych wzgl\u0119d\u00f3w \u2013 raz z uwagi na kr\u00f3tki czas trwania zimy, dwa, \u017ceby unikn\u0105\u0107 zagro\u017ce\u0144 lawinowych. Nie wsz\u0119dzie da si\u0119 przej\u015b\u0107 trekkingowo zim\u0105, bez odpowiedniego sprz\u0119tu. Przy takim zimowym przej\u015bciu nie ma te\u017c czasu, \u017ceby czeka\u0107 na odpowiednie warunki.<\/p>\n<p>&nbsp;<\/p>\n<p><b>Trudniej wi\u0119c jest przej\u015b\u0107 \u0141uk Karpat za pierwszym razem, czy powt\u00f3rzy\u0107 t\u0119 sztuk\u0119 w zimowych warunkach?<\/b><\/p>\n<p><b>S:<\/b> Te wyprawy by\u0142y zdecydowanie inne. Zim\u0105 by\u0142o bardziej \u201esurowo\u201d&#8230; Latem mamy w wi\u0119kszo\u015bci przyjemno\u015b\u0107 z w\u0119dr\u00f3wki. Zim\u0105 walka jest ka\u017cdego dnia.<\/p>\n<p><iframe loading=\"lazy\" src=\"https:\/\/www.youtube.com\/embed\/2Td2X7RJaIw\" width=\"560\" height=\"315\" frameborder=\"0\" allowfullscreen=\"allowfullscreen\"><\/iframe><\/p>\n<p>&nbsp;<\/p>\n<p><b>Ale zim\u0105 wiedzieli\u015bcie \u2013 mniej wi\u0119cej \u2013 czego si\u0119 spodziewa\u0107.<\/b><\/p>\n<p><b>W:<\/b> Dzi\u0119ki do\u015bwiadczeniu z wyprawy latem wiedzieli\u015bmy jakie jest ukszta\u0142towanie terenu, baza turystyczna &#8211; a raczej jej brak &#8211; i \u017ce nie zapewnimy sobie odpowiedniej ilo\u015bci kalorii, zaopatruj\u0105c si\u0119 w \u017cywno\u015b\u0107 w sklepach. Nie wiedzieli\u015bmy jak nasze organizmy poradz\u0105 sobie z takim wysi\u0142kiem w czasie zimy, dzie\u0144 w dzie\u0144. I jak psychika b\u0119dzie reagowa\u0107 na kombinacj\u0119 wysi\u0142ku i ekstremalnych warunk\u00f3w.<\/p>\n<p>&nbsp;<\/p>\n<p><b>Inaczej trzeba przygotowa\u0107 si\u0119 do letniej i zimowej wyprawy, ale co jest t\u0105 najwi\u0119ksz\u0105 r\u00f3\u017cnic\u0105?<\/b><\/p>\n<p><b>W:<\/b> \u015anieg <i>(\u015bmiech)<\/i>.<\/p>\n<p><b>S:<\/b> Trasa. Najwi\u0119ksza r\u00f3\u017cnica to opracowanie trasy, kt\u00f3ra omija te najwy\u017csze pasma, ze wzgl\u0119du na zagro\u017cenia lawinowe. Nasza wyprawa by\u0142a trekkingiem, a nie \u017cadn\u0105 wypraw\u0105 alpinistyczn\u0105, wspinaczkow\u0105. Nie brali\u015bmy sprz\u0119tu do asekuracji.<\/p>\n<p><b>W:<\/b> Nie zabrali\u015bmy nawet lawinowego ABC, to oznacza\u0142o, \u017ce czasem jechali\u015bmy po bandzie ze sprz\u0119tem.<\/p>\n<p>&nbsp;<\/p>\n<p><img loading=\"lazy\" decoding=\"async\" class=\"alignnone size-large wp-image-5814\" src=\"https:\/\/skalnik.pl\/blog\/wp-content\/uploads\/2019\/02\/DSC01207-1024x683.jpg\" alt=\"\u0142uk karpat zima\" width=\"1024\" height=\"683\" srcset=\"https:\/\/www.skalnik.pl\/blog\/wp-content\/uploads\/2019\/02\/DSC01207-1024x683.jpg 1024w, https:\/\/www.skalnik.pl\/blog\/wp-content\/uploads\/2019\/02\/DSC01207-300x200.jpg 300w, https:\/\/www.skalnik.pl\/blog\/wp-content\/uploads\/2019\/02\/DSC01207-768x512.jpg 768w, https:\/\/www.skalnik.pl\/blog\/wp-content\/uploads\/2019\/02\/DSC01207.jpg 1800w\" sizes=\"auto, (max-width: 1024px) 100vw, 1024px\" \/><\/p>\n<p>&nbsp;<\/p>\n<p><b>Jak rozwi\u0105zali\u015bcie problem jedzenia na trasie? Zim\u0105 potrzebowali\u015bcie o wiele wi\u0119cej energii.<\/b><\/p>\n<p><b>S:<\/b> Id\u0105c latem przez Karpaty schodzili\u015bmy do wiosek i tam kupowali\u015bmy prowiant na kolejne kilometry. Zim\u0105 rozmie\u015bcili\u015bmy dziesi\u0119\u0107 depozyt\u00f3w z \u017cywno\u015bci\u0105 liofilizowan\u0105.<\/p>\n<p>&nbsp;<\/p>\n<p><b>Jak cz\u0119sto wi\u0119c zagl\u0105dali\u015bcie do cywilizacji zim\u0105?<\/b><\/p>\n<p><b>S:<\/b> Stosunkowo cz\u0119sto. Po ka\u017cdym pa\u015bmie schodzi si\u0119 do wioski. Najd\u0142u\u017cej poza cywilizacj\u0105 byli\u015bmy oko\u0142o tygodnia.<\/p>\n<p>&nbsp;<\/p>\n<p><b>W Karpatach spotyka si\u0119 zim\u0105 ludzi, kt\u00f3rzy pracuj\u0105 lub \u017cyj\u0105 wy\u017cej, ju\u017c w samych g\u00f3rach? Mo\u017ce kto\u015b by\u0142 tak szalony jak Wy i te\u017c w\u0119drowa\u0142 szlakiem?<\/b><\/p>\n<p><b>W:<\/b> Takich ludzi w\u0119druj\u0105cych jest bardzo ma\u0142o. Spotkali\u015bmy dwa razy turyst\u00f3w \u2013 raz to by\u0142a Wielka Jaworzyna na granicy s\u0142owacko-czeskiej i to by\u0142y okolice \u015bwi\u0105t i weekendu. To jednak taki spacerowy teren, gdzie mo\u017cna nawet wjecha\u0107 samochodem. Drugi raz na Po\u0142oninie Bor\u017cawie. Tam z kolei jest wyci\u0105g narciarski, wi\u0119c spotkali\u015bmy grupk\u0119 narciarzy i trzech turyst\u00f3w, kt\u00f3rzy tym wyci\u0105giem wjechali i chcieli zej\u015b\u0107 w innym miejscu, wi\u0119c szli przez Po\u0142onin\u0119. Raz spotkali\u015bmy te\u017c przetorowany odcinek szlaku w Rumunii, jakie\u015b 4 km, w okresie ferii zimowych dla dzieci.<\/p>\n<p><b>S:<\/b> Poza tym w g\u00f3rach, zw\u0142aszcza w Rumunii spotyka si\u0119 ludzi, bo ci ludzie s\u0105 cz\u0119\u015bci\u0105 szlaku. \u017byj\u0105 w g\u00f3rach, trudni\u0105 si\u0119 wypasem owiec\u2026<\/p>\n<p>&nbsp;<\/p>\n<p><b>Jednak zim\u0105 ich nie wypasaj\u0105.<\/b><\/p>\n<p><b>S:<\/b> Tak. Ale ich domy s\u0105 po\u0142o\u017cone wysoko, dlatego zdarza\u0142o nam si\u0119 odwiedzi\u0107 takie gospodarstwa, na przyk\u0142ad ze stadem 300 owiec.<\/p>\n<p>&nbsp;<\/p>\n<p><b>Wasze pojawienie si\u0119 w takim miejscu wzbudza\u0142o entuzjazm?<\/b><\/p>\n<p><b>W:<\/b> Zawsze wzbudza\u0142o zaskoczenie i ciekawo\u015b\u0107. Ludzie pytali co my tu robimy, bo turystycznie zim\u0105 po g\u00f3rach ma\u0142o kto chodzi. Musieli\u015bmy nauczy\u0107 si\u0119 paru zda\u0144 po rumu\u0144sku, \u017ceby powiedzie\u0107 sk\u0105d si\u0119 wzi\u0119li\u015bmy. Spotkali\u015bmy w g\u00f3rach te\u017c jaki\u015b drwali, pilarzy. Rumuni ch\u0119tnie cz\u0119stuj\u0105 tym co maj\u0105, t\u0142umacz\u0105 drog\u0119. Raz wydawa\u0142o nam si\u0119, \u017ce zrozumieli\u015bmy wskaz\u00f3wki co do dalszej w\u0119dr\u00f3wki, ale potem okaza\u0142o si\u0119, \u017ce jednak by\u0142o inaczej i pob\u0142\u0105dzili\u015bmy (\u015bmiech).<\/p>\n<p><img loading=\"lazy\" decoding=\"async\" class=\"alignnone size-large wp-image-5811\" src=\"https:\/\/skalnik.pl\/blog\/wp-content\/uploads\/2019\/02\/072-1024x683.jpg\" alt=\"\u0142uk karpat zima\" width=\"1024\" height=\"683\" srcset=\"https:\/\/www.skalnik.pl\/blog\/wp-content\/uploads\/2019\/02\/072-1024x683.jpg 1024w, https:\/\/www.skalnik.pl\/blog\/wp-content\/uploads\/2019\/02\/072-300x200.jpg 300w, https:\/\/www.skalnik.pl\/blog\/wp-content\/uploads\/2019\/02\/072-768x512.jpg 768w, https:\/\/www.skalnik.pl\/blog\/wp-content\/uploads\/2019\/02\/072.jpg 1800w\" sizes=\"auto, (max-width: 1024px) 100vw, 1024px\" \/><\/p>\n<p>&nbsp;<\/p>\n<p><b>Brzmi to bardzo przygodowo. Mam jednak seri\u0119 troch\u0119 bardziej w\u015bcibskich pyta\u0144\u2026 S\u0142uchajcie, poszli\u015bcie na \u0141uk Karpat zim\u0105, bo chcieli\u015bcie by\u0107 pierwsi, czy by\u0142a jaka\u015b inna motywacja?<\/b><\/p>\n<p><b>W:<\/b> Na letnim \u0141uku Karpat pojawi\u0142 si\u0119 pomys\u0142 z zim\u0105. Wtedy te\u017c uzmys\u0142owili\u015bmy sobie, \u017ce przecie\u017c nikt jeszcze tego nie dokona\u0142.<\/p>\n<p><b>S:<\/b> Zima to by\u0142a konsekwencja poprzednich wypraw. G\u0142\u00f3wny Szlak Beskidzki jako cz\u0119\u015b\u0107 Karpat. P\u00f3\u017aniej ca\u0142e Karpaty latem\u2026 Otwarcie m\u00f3wimy, \u017ce zdawali\u015bmy sobie spraw\u0119, \u017ce je\u015bli si\u0119 uda, b\u0119dzie to co\u015b pionierskiego. By\u0142o to dodatkowym bod\u017acem, dawk\u0105 adrenaliny, \u017ceby to zrobi\u0107.<\/p>\n<p>&nbsp;<\/p>\n<p><b>\u0141ukasz Supergan \u2013 kt\u00f3ry jest chyba jedynym Polakiem z dwukrotnym przej\u015bciem \u0141uku Karpat na koncie \u2013 napisa\u0142 na swoim blogu, \u017ce wykorzystali\u015bcie dogodne warunki do zrealizowania zimowego przej\u015bcia. Czy takiej zimy jak ta, zimy bardziej \u015bnie\u017cnej, by\u0142oby to trudniejsze do zrealizowania?<\/b><\/p>\n<p><b>W:<\/b> Na S\u0142owacji by\u0142o ma\u0142o \u015bniegu, w Polsce by\u0142, ale przele\u017cany, wi\u0119c dobrze si\u0119 po nim sz\u0142o. To by\u0142 du\u017cy plus i da\u0142 nam kilka dni zapasu, kt\u00f3re dobrze wykorzystali\u015bmy. Je\u015bli chodzi o tak \u015bnie\u017cn\u0105 zim\u0119 jak teraz tym roku, to na Ukrainie i w Rumunii mieli\u015bmy takie warunki praktycznie ca\u0142y czas. Faktycznie, gdyby\u015bmy na S\u0142owacji i w Polsce musieli brn\u0105\u0107 przez g\u0142\u0119bokie \u015bniegi, to mo\u017ce mieliby\u015bmy problem z przej\u015bciem i zmieszczeniem si\u0119 w czasie trwania zimy.<\/p>\n<p><b>S:<\/b> Faktycznie, wykorzystali\u015bmy \u201cokienko sezonowe\u201d. Przy takim przedsi\u0119wzi\u0119ciu trzeba mie\u0107 troch\u0119 farta. Trekking na trasie ponad 2000 kilometr\u00f3w stanowi dystans, kt\u00f3rego pokonanie w tak kr\u00f3tkim czasie zim\u0105 jest niew\u0105tpliwie trudnym zadaniem. Trzeba liczy\u0107 na dobre warunki.<\/p>\n<p><img loading=\"lazy\" decoding=\"async\" class=\"alignnone size-large wp-image-5816\" src=\"https:\/\/skalnik.pl\/blog\/wp-content\/uploads\/2019\/02\/DSC01422-1024x683.jpg\" alt=\"\u0142uk karpat zima\" width=\"1024\" height=\"683\" srcset=\"https:\/\/www.skalnik.pl\/blog\/wp-content\/uploads\/2019\/02\/DSC01422-1024x683.jpg 1024w, https:\/\/www.skalnik.pl\/blog\/wp-content\/uploads\/2019\/02\/DSC01422-300x200.jpg 300w, https:\/\/www.skalnik.pl\/blog\/wp-content\/uploads\/2019\/02\/DSC01422-768x512.jpg 768w, https:\/\/www.skalnik.pl\/blog\/wp-content\/uploads\/2019\/02\/DSC01422.jpg 1800w\" sizes=\"auto, (max-width: 1024px) 100vw, 1024px\" \/><\/p>\n<p>&nbsp;<\/p>\n<p><b>Kilka razy spali\u015bcie w schroniskach i m\u00f3wicie o tym otwarcie. Zastanawiam si\u0119 czy w takich d\u0142ugodystansowych w\u0119dr\u00f3wkach jest co\u015b takiego jak czysto\u015b\u0107 stylu. My\u015blicie, \u017ce kto\u015b wymy\u015bli teraz przej\u015bcie typu \u201c\u0141uk Karpat bez zawijania do schronu\u201d albo \u201c\u0141uk Karpat bez depozyt\u00f3w z \u017cywno\u015bci\u0105 po drodze\u201d.<\/b><\/p>\n<p><b>S:<\/b> Wszystko jest mo\u017cliwe. Ka\u017cda wyprawa przez \u0141uk Karpat si\u0119 r\u00f3\u017cni\u0142a. Nie by\u0142o dw\u00f3ch takich samych przej\u015b\u0107, dlatego ci\u0119\u017cko m\u00f3wi\u0107 tu o stylu przej\u015bcia. Nie wiadomo jak to zdefiniowa\u0107. R\u00f3wnie dobrze mo\u017cna si\u0119 zastanawia\u0107 nad wyborem trasy, ale do tej pory nikt nawet nie podj\u0105\u0142 si\u0119 pr\u00f3by przej\u015bcia \u0141uku Karpat zim\u0105. Je\u015bli chodzi o nas to staramy si\u0119 zach\u0119ca\u0107 ludzi do tego, \u017ceby spr\u00f3bowali. Powt\u00f3rzenie b\u0119dzie sprawdzianem tak\u017ce dla naszej wyprawy. Na pewno b\u0119dziemy tak\u0105 wypraw\u0119 obserwowa\u0107. Wspominamy otwarcie o schroniskach, ale oczywi\u015bcie jest mo\u017cliwe, \u017ceby przej\u015b\u0107 Karpaty bez noclegu pod dachem. W naszym przypadku by\u0142y to tylko schroniska w Polsce i na S\u0142owacji. Ludzie wiedz\u0105c, \u017ce idziemy \u0141ukiem Karpat zapraszali nas i my korzystali\u015bmy z tej sposobno\u015bci.<\/p>\n<p><b>W:<\/b> Na Ukrainie czy w Rumunii schronisk jest niewiele. Mo\u017cna korzysta\u0107 z agroturystyk, ale poza sezonem to \u015brednio funkcjonuje. Brak jednego, wytyczonego szlaku, powoduje, \u017ce ka\u017cdy musi \u017conglowa\u0107 przez kt\u00f3re pasma p\u00f3jdzie. Z kolei w czasie letniego \u0141uku raz musieli\u015bmy spa\u0107 pod dachem i by\u0142 to najgorszy nocleg. Szli\u015bmy wtedy przez Tatry i przechodzili\u015bmy na Rysach na stron\u0119 s\u0142owack\u0105, wi\u0119c spali\u015bmy w Morskim Oku i bardzo si\u0119 nie wyspali\u015bmy tej nocy. Upa\u0142, ma\u0142y pok\u00f3j wype\u0142niony dwudziestoma osobami&#8230;by\u0142o ci\u0119\u017cko. Cz\u0142owiek przyzwyczajony do \u015bwie\u017cego powietrza odzwyczaja si\u0119 od spania pod dachem i walczenia o tlen.<\/p>\n<p>&nbsp;<\/p>\n<p><b>Mo\u017cna pomy\u015ble\u0107, \u017ce \u0141uk Karpat to nie Himalaje i \u017ce koszty s\u0105 ma\u0142e. Zdradzicie jaki jest bud\u017cet takiej wyprawy?<\/b><\/p>\n<p><b>S:<\/b> Bud\u017cet jest zdecydowanie mniejszy, ale te\u017c zaskakuj\u0105co wysoki, jak na wypraw\u0119 trekkingow\u0105. W naszym przypadku by\u0142 to koszt oko\u0142o 60 000 z\u0142otych.<\/p>\n<p><b>W:<\/b> Tak naprawd\u0119 ca\u0142y sprz\u0119t na \u0141uk Karpat zim\u0105 musieli\u015bmy kupi\u0107 od zera. Wyposa\u017cenie na takiej wyprawie niszczy si\u0119 szybko. Po wyprawie sprz\u0119t wygl\u0105da\u0142 tak, jak u\u017cywany przez okres dziesi\u0119ciu lat na normalnych wycieczkach w g\u00f3ry. Nie mogli\u015bmy pozwoli\u0107 sobie, \u017ceby by\u0142 to sprz\u0119t ju\u017c zu\u017cyty. Nie bierzemy te\u017c nic na zapas. Mamy jeden i tak za ci\u0119\u017cki plecak. Drug\u0105 spraw\u0105 jest jedzenie liofilizowane &#8211; nie zdecydowali\u015bmy si\u0119 na inn\u0105 \u017cywno\u015b\u0107. By\u0142oby to mo\u017ce i mo\u017cliwe, ale na pewno bardziej wycie\u0144czaj\u0105ce. Trzeba sobie zapewni\u0107 odpowiedni\u0105 ilo\u015b\u0107 kalorii ka\u017cdego dnia, a \u017cywno\u015b\u0107 liofilizowana jest tu najlepszym sposobem.<\/p>\n<p><b>S:<\/b> Samych da\u0144 liofilizowanych mieli\u015bmy za oko\u0142o 10 000 z\u0142otych. Tylko to pokazuje, sk\u0105d taki koszt wyprawy.<\/p>\n<p><img loading=\"lazy\" decoding=\"async\" class=\"alignnone size-large wp-image-5808\" src=\"https:\/\/skalnik.pl\/blog\/wp-content\/uploads\/2019\/02\/DSC00582-1024x683.jpg\" alt=\"\" width=\"1024\" height=\"683\" srcset=\"https:\/\/www.skalnik.pl\/blog\/wp-content\/uploads\/2019\/02\/DSC00582-1024x683.jpg 1024w, https:\/\/www.skalnik.pl\/blog\/wp-content\/uploads\/2019\/02\/DSC00582-300x200.jpg 300w, https:\/\/www.skalnik.pl\/blog\/wp-content\/uploads\/2019\/02\/DSC00582-768x512.jpg 768w, https:\/\/www.skalnik.pl\/blog\/wp-content\/uploads\/2019\/02\/DSC00582.jpg 1800w\" sizes=\"auto, (max-width: 1024px) 100vw, 1024px\" \/><\/p>\n<p>&nbsp;<\/p>\n<p><b>No dobrze. Na koniec jeszcze tylko jedno z trudnych pyta\u0144. Macie ju\u017c kolejny plan w g\u0142owie? Uk\u0142ada\u0107 w my\u015blach ju\u017c kolejn\u0105 d\u0142ugodystansow\u0105 w\u0119dr\u00f3wk\u0119? <\/b><\/p>\n<p><b>W:<\/b> Mamy ju\u017c kilka <i>(\u015bmiech)<\/i>, ale nie mo\u017cemy zdradzi\u0107! Na ka\u017cdej wyprawie rodz\u0105 si\u0119 kolejne plany. Mo\u017cemy powiedzie\u0107, \u017ce kierunek bardziej na wsch\u00f3d, w dzikie, odludne rejony.<\/p>\n<p><b>S:<\/b> Jeste\u015bmy na etapie za\u0142atwiania wizy na tak d\u0142ug\u0105 w\u0119dr\u00f3wk\u0119. Dlatego te\u017c niech\u0119tnie o tym rozmawiamy, bo otrzymanie wizy determinuje czy b\u0119dzie to ten, czy inny kierunek.<\/p>\n<p>&nbsp;<\/p>\n<p><b>Ale b\u0119dzie to ju\u017c w Azji, czy jeszcze w Europie?<\/b><\/p>\n<p><b>S:<\/b> Powiedzmy, \u017ce na pograniczu <i>(\u015bmiech)<\/i>.<\/p>\n<p>&nbsp;<\/p>\n<p><b>Rozumiem, \u017ce to nam musi wystarczy\u0107. Dzi\u0119kuj\u0119 za mi\u0142\u0105 rozmow\u0119. Powodzenia.<\/b><\/p>\n<p>&nbsp;<\/p>\n<p><i>Uczestnikom wyprawy \u0141uk Karpat Zima zadali\u015bmy jeszcze klika pyta\u0144 w filmowym wywiadzie.\u00a0<\/i><\/p>\n<p><iframe loading=\"lazy\" src=\"https:\/\/www.youtube.com\/embed\/hcdoaIZTFlI\" width=\"560\" height=\"315\" frameborder=\"0\" allowfullscreen=\"allowfullscreen\"><\/iframe><\/p>\n","protected":false},"excerpt":{"rendered":"<p>Ponad 2000 kilometr\u00f3w, siarczysty mr\u00f3z, \u015bnieg i wilgo\u0107. Przeczytaj rozmow\u0119 z Weronik\u0105 \u0141ukaszewsk\u0105 i S\u0142awomiren Sanockim, kt\u00f3rzy jako pierwsi przeszli \u0141uk Karpat Zim\u0105. <\/p>\n","protected":false},"author":8,"featured_media":6325,"comment_status":"open","ping_status":"open","sticky":false,"template":"","format":"standard","meta":{"_acf_changed":false,"footnotes":""},"categories":[220],"tags":[225,213,92,91],"magento_category":[226],"magento_product":[],"class_list":["post-6287","post","type-post","status-publish","format-standard","has-post-thumbnail","hentry","category-wywiady","tag-karpaty","tag-luk-karpat","tag-styl-zycia","tag-trekking"],"acf":[],"aioseo_notices":[],"aioseo_head":"\n\t\t<!-- All in One SEO 4.9.10 - aioseo.com -->\n\t<meta name=\"description\" content=\"Ponad 2000 kilometr\u00f3w, siarczysty mr\u00f3z, \u015bnieg i wilgo\u0107. Przeczytaj rozmow\u0119 z Weronik\u0105 \u0141ukaszewsk\u0105 i S\u0142awomiren Sanockim, kt\u00f3rzy jako pierwsi przeszli \u0141uk Karpat Zim\u0105.\" \/>\n\t<meta name=\"robots\" content=\"max-image-preview:large\" \/>\n\t<meta name=\"author\" content=\"S\u0142awek Nosal\"\/>\n\t<link rel=\"canonical\" href=\"https:\/\/www.skalnik.pl\/blog\/zrobic-to-co-chce-sie-zrobic-wywiad-z-uczestnikami-wyprawy-luk-karpat-zima\/\" \/>\n\t<meta name=\"generator\" content=\"All in One SEO (AIOSEO) 4.9.10\" \/>\n\t\t<meta property=\"og:locale\" content=\"pl_PL\" \/>\n\t\t<meta property=\"og:site_name\" content=\"blog Skalnik - Blog, porady, artyku\u0142y - blog Skalnik\" \/>\n\t\t<meta property=\"og:type\" content=\"article\" \/>\n\t\t<meta property=\"og:title\" content=\"Zrobi\u0107 to, co chce si\u0119 zrobi\u0107 \u2013 wywiad z uczestnikami wyprawy \u0141uk Karpat Zima - blog Skalnik\" \/>\n\t\t<meta property=\"og:description\" content=\"Ponad 2000 kilometr\u00f3w, siarczysty mr\u00f3z, \u015bnieg i wilgo\u0107. Przeczytaj rozmow\u0119 z Weronik\u0105 \u0141ukaszewsk\u0105 i S\u0142awomiren Sanockim, kt\u00f3rzy jako pierwsi przeszli \u0141uk Karpat Zim\u0105.\" \/>\n\t\t<meta property=\"og:url\" content=\"https:\/\/www.skalnik.pl\/blog\/zrobic-to-co-chce-sie-zrobic-wywiad-z-uczestnikami-wyprawy-luk-karpat-zima\/\" \/>\n\t\t<meta property=\"og:image\" content=\"https:\/\/skalnik.pl\/blog\/wp-content\/uploads\/2019\/02\/DSC01385-1024x683.jpg\" \/>\n\t\t<meta property=\"og:image:secure_url\" content=\"https:\/\/skalnik.pl\/blog\/wp-content\/uploads\/2019\/02\/DSC01385-1024x683.jpg\" \/>\n\t\t<meta property=\"article:tag\" content=\"wywiady\" \/>\n\t\t<meta property=\"article:tag\" content=\"karpaty\" \/>\n\t\t<meta property=\"article:tag\" content=\"\u0142uk karpat\" \/>\n\t\t<meta property=\"article:tag\" content=\"styl \u017cycia\" \/>\n\t\t<meta property=\"article:tag\" content=\"trekking\" \/>\n\t\t<meta property=\"article:published_time\" content=\"2019-04-08T07:23:11+00:00\" \/>\n\t\t<meta property=\"article:modified_time\" content=\"2019-04-17T08:50:43+00:00\" \/>\n\t\t<meta name=\"twitter:card\" content=\"summary_large_image\" \/>\n\t\t<meta name=\"twitter:title\" content=\"Zrobi\u0107 to, co chce si\u0119 zrobi\u0107 \u2013 wywiad z uczestnikami wyprawy \u0141uk Karpat Zima - blog Skalnik\" \/>\n\t\t<meta name=\"twitter:description\" content=\"Ponad 2000 kilometr\u00f3w, siarczysty mr\u00f3z, \u015bnieg i wilgo\u0107. Przeczytaj rozmow\u0119 z Weronik\u0105 \u0141ukaszewsk\u0105 i S\u0142awomiren Sanockim, kt\u00f3rzy jako pierwsi przeszli \u0141uk Karpat Zim\u0105.\" \/>\n\t\t<meta name=\"twitter:image\" content=\"https:\/\/skalnik.pl\/blog\/wp-content\/uploads\/2019\/02\/DSC01385-1024x683.jpg\" \/>\n\t\t<script type=\"application\/ld+json\" class=\"aioseo-schema\">\n\t\t\t{\"@context\":\"https:\\\/\\\/schema.org\",\"@graph\":[{\"@type\":\"BlogPosting\",\"@id\":\"https:\\\/\\\/www.skalnik.pl\\\/blog\\\/zrobic-to-co-chce-sie-zrobic-wywiad-z-uczestnikami-wyprawy-luk-karpat-zima\\\/#blogposting\",\"name\":\"Zrobi\\u0107 to, co chce si\\u0119 zrobi\\u0107 \\u2013 wywiad z uczestnikami wyprawy \\u0141uk Karpat Zima - blog Skalnik\",\"headline\":\"Zrobi\\u0107 to, co chce si\\u0119 zrobi\\u0107 &#8211; wywiad z uczestnikami wyprawy \\u0141uk Karpat Zima\",\"author\":{\"@id\":\"https:\\\/\\\/www.skalnik.pl\\\/blog\\\/author\\\/slawek-nosal\\\/#author\"},\"publisher\":{\"@id\":\"https:\\\/\\\/www.skalnik.pl\\\/blog\\\/#organization\"},\"image\":{\"@type\":\"ImageObject\",\"url\":\"https:\\\/\\\/www.skalnik.pl\\\/blog\\\/wp-content\\\/uploads\\\/2019\\\/04\\\/oklladka-dwa-min.jpg\",\"width\":1920,\"height\":705,\"caption\":\"\\u0142uk karpat zima\"},\"datePublished\":\"2019-04-08T09:23:11+02:00\",\"dateModified\":\"2019-04-17T10:50:43+02:00\",\"inLanguage\":\"pl-PL\",\"mainEntityOfPage\":{\"@id\":\"https:\\\/\\\/www.skalnik.pl\\\/blog\\\/zrobic-to-co-chce-sie-zrobic-wywiad-z-uczestnikami-wyprawy-luk-karpat-zima\\\/#webpage\"},\"isPartOf\":{\"@id\":\"https:\\\/\\\/www.skalnik.pl\\\/blog\\\/zrobic-to-co-chce-sie-zrobic-wywiad-z-uczestnikami-wyprawy-luk-karpat-zima\\\/#webpage\"},\"articleSection\":\"Wywiady, karpaty, \\u0142uk karpat, styl \\u017cycia, trekking, 1125\"},{\"@type\":\"BreadcrumbList\",\"@id\":\"https:\\\/\\\/www.skalnik.pl\\\/blog\\\/zrobic-to-co-chce-sie-zrobic-wywiad-z-uczestnikami-wyprawy-luk-karpat-zima\\\/#breadcrumblist\",\"itemListElement\":[{\"@type\":\"ListItem\",\"@id\":\"https:\\\/\\\/www.skalnik.pl\\\/blog#listItem\",\"position\":1,\"name\":\"Home\",\"item\":\"https:\\\/\\\/www.skalnik.pl\\\/blog\",\"nextItem\":{\"@type\":\"ListItem\",\"@id\":\"https:\\\/\\\/www.skalnik.pl\\\/blog\\\/.\\\/wywiady\\\/#listItem\",\"name\":\"Wywiady\"}},{\"@type\":\"ListItem\",\"@id\":\"https:\\\/\\\/www.skalnik.pl\\\/blog\\\/.\\\/wywiady\\\/#listItem\",\"position\":2,\"name\":\"Wywiady\",\"item\":\"https:\\\/\\\/www.skalnik.pl\\\/blog\\\/.\\\/wywiady\\\/\",\"nextItem\":{\"@type\":\"ListItem\",\"@id\":\"https:\\\/\\\/www.skalnik.pl\\\/blog\\\/zrobic-to-co-chce-sie-zrobic-wywiad-z-uczestnikami-wyprawy-luk-karpat-zima\\\/#listItem\",\"name\":\"Zrobi\\u0107 to, co chce si\\u0119 zrobi\\u0107 &#8211; wywiad z uczestnikami wyprawy \\u0141uk Karpat Zima\"},\"previousItem\":{\"@type\":\"ListItem\",\"@id\":\"https:\\\/\\\/www.skalnik.pl\\\/blog#listItem\",\"name\":\"Home\"}},{\"@type\":\"ListItem\",\"@id\":\"https:\\\/\\\/www.skalnik.pl\\\/blog\\\/zrobic-to-co-chce-sie-zrobic-wywiad-z-uczestnikami-wyprawy-luk-karpat-zima\\\/#listItem\",\"position\":3,\"name\":\"Zrobi\\u0107 to, co chce si\\u0119 zrobi\\u0107 &#8211; wywiad z uczestnikami wyprawy \\u0141uk Karpat Zima\",\"previousItem\":{\"@type\":\"ListItem\",\"@id\":\"https:\\\/\\\/www.skalnik.pl\\\/blog\\\/.\\\/wywiady\\\/#listItem\",\"name\":\"Wywiady\"}}]},{\"@type\":\"Organization\",\"@id\":\"https:\\\/\\\/www.skalnik.pl\\\/blog\\\/#organization\",\"name\":\"blog Skalnik\",\"description\":\"Blog, porady, artyku\\u0142y - blog Skalnik\",\"url\":\"https:\\\/\\\/www.skalnik.pl\\\/blog\\\/\"},{\"@type\":\"Person\",\"@id\":\"https:\\\/\\\/www.skalnik.pl\\\/blog\\\/author\\\/slawek-nosal\\\/#author\",\"url\":\"https:\\\/\\\/www.skalnik.pl\\\/blog\\\/author\\\/slawek-nosal\\\/\",\"name\":\"S\\u0142awek Nosal\",\"image\":{\"@type\":\"ImageObject\",\"@id\":\"https:\\\/\\\/www.skalnik.pl\\\/blog\\\/zrobic-to-co-chce-sie-zrobic-wywiad-z-uczestnikami-wyprawy-luk-karpat-zima\\\/#authorImage\",\"url\":\"https:\\\/\\\/secure.gravatar.com\\\/avatar\\\/376f39150afcfc713e809ef8313d42dee4210bb1425eaad8153efa8965009197?s=96&d=mm&r=g\",\"width\":96,\"height\":96,\"caption\":\"S\\u0142awek Nosal\"}},{\"@type\":\"WebPage\",\"@id\":\"https:\\\/\\\/www.skalnik.pl\\\/blog\\\/zrobic-to-co-chce-sie-zrobic-wywiad-z-uczestnikami-wyprawy-luk-karpat-zima\\\/#webpage\",\"url\":\"https:\\\/\\\/www.skalnik.pl\\\/blog\\\/zrobic-to-co-chce-sie-zrobic-wywiad-z-uczestnikami-wyprawy-luk-karpat-zima\\\/\",\"name\":\"Zrobi\\u0107 to, co chce si\\u0119 zrobi\\u0107 \\u2013 wywiad z uczestnikami wyprawy \\u0141uk Karpat Zima - blog Skalnik\",\"description\":\"Ponad 2000 kilometr\\u00f3w, siarczysty mr\\u00f3z, \\u015bnieg i wilgo\\u0107. Przeczytaj rozmow\\u0119 z Weronik\\u0105 \\u0141ukaszewsk\\u0105 i S\\u0142awomiren Sanockim, kt\\u00f3rzy jako pierwsi przeszli \\u0141uk Karpat Zim\\u0105.\",\"inLanguage\":\"pl-PL\",\"isPartOf\":{\"@id\":\"https:\\\/\\\/www.skalnik.pl\\\/blog\\\/#website\"},\"breadcrumb\":{\"@id\":\"https:\\\/\\\/www.skalnik.pl\\\/blog\\\/zrobic-to-co-chce-sie-zrobic-wywiad-z-uczestnikami-wyprawy-luk-karpat-zima\\\/#breadcrumblist\"},\"author\":{\"@id\":\"https:\\\/\\\/www.skalnik.pl\\\/blog\\\/author\\\/slawek-nosal\\\/#author\"},\"creator\":{\"@id\":\"https:\\\/\\\/www.skalnik.pl\\\/blog\\\/author\\\/slawek-nosal\\\/#author\"},\"image\":{\"@type\":\"ImageObject\",\"url\":\"https:\\\/\\\/www.skalnik.pl\\\/blog\\\/wp-content\\\/uploads\\\/2019\\\/04\\\/oklladka-dwa-min.jpg\",\"@id\":\"https:\\\/\\\/www.skalnik.pl\\\/blog\\\/zrobic-to-co-chce-sie-zrobic-wywiad-z-uczestnikami-wyprawy-luk-karpat-zima\\\/#mainImage\",\"width\":1920,\"height\":705,\"caption\":\"\\u0142uk karpat zima\"},\"primaryImageOfPage\":{\"@id\":\"https:\\\/\\\/www.skalnik.pl\\\/blog\\\/zrobic-to-co-chce-sie-zrobic-wywiad-z-uczestnikami-wyprawy-luk-karpat-zima\\\/#mainImage\"},\"datePublished\":\"2019-04-08T09:23:11+02:00\",\"dateModified\":\"2019-04-17T10:50:43+02:00\"},{\"@type\":\"WebSite\",\"@id\":\"https:\\\/\\\/www.skalnik.pl\\\/blog\\\/#website\",\"url\":\"https:\\\/\\\/www.skalnik.pl\\\/blog\\\/\",\"name\":\"blog Skalnik\",\"description\":\"Blog, porady, artyku\\u0142y - blog Skalnik\",\"inLanguage\":\"pl-PL\",\"publisher\":{\"@id\":\"https:\\\/\\\/www.skalnik.pl\\\/blog\\\/#organization\"}}]}\n\t\t<\/script>\n\t\t<!-- All in One SEO -->\n\n","aioseo_head_json":{"title":"Zrobi\u0107 to, co chce si\u0119 zrobi\u0107 \u2013 wywiad z uczestnikami wyprawy \u0141uk Karpat Zima - blog Skalnik","description":"Ponad 2000 kilometr\u00f3w, siarczysty mr\u00f3z, \u015bnieg i wilgo\u0107. Przeczytaj rozmow\u0119 z Weronik\u0105 \u0141ukaszewsk\u0105 i S\u0142awomiren Sanockim, kt\u00f3rzy jako pierwsi przeszli \u0141uk Karpat Zim\u0105.","canonical_url":"https:\/\/www.skalnik.pl\/blog\/zrobic-to-co-chce-sie-zrobic-wywiad-z-uczestnikami-wyprawy-luk-karpat-zima\/","robots":"max-image-preview:large","keywords":"","webmasterTools":{"miscellaneous":""},"schema":{"@context":"https:\/\/schema.org","@graph":[{"@type":"BlogPosting","@id":"https:\/\/www.skalnik.pl\/blog\/zrobic-to-co-chce-sie-zrobic-wywiad-z-uczestnikami-wyprawy-luk-karpat-zima\/#blogposting","name":"Zrobi\u0107 to, co chce si\u0119 zrobi\u0107 \u2013 wywiad z uczestnikami wyprawy \u0141uk Karpat Zima - blog Skalnik","headline":"Zrobi\u0107 to, co chce si\u0119 zrobi\u0107 &#8211; wywiad z uczestnikami wyprawy \u0141uk Karpat Zima","author":{"@id":"https:\/\/www.skalnik.pl\/blog\/author\/slawek-nosal\/#author"},"publisher":{"@id":"https:\/\/www.skalnik.pl\/blog\/#organization"},"image":{"@type":"ImageObject","url":"https:\/\/www.skalnik.pl\/blog\/wp-content\/uploads\/2019\/04\/oklladka-dwa-min.jpg","width":1920,"height":705,"caption":"\u0142uk karpat zima"},"datePublished":"2019-04-08T09:23:11+02:00","dateModified":"2019-04-17T10:50:43+02:00","inLanguage":"pl-PL","mainEntityOfPage":{"@id":"https:\/\/www.skalnik.pl\/blog\/zrobic-to-co-chce-sie-zrobic-wywiad-z-uczestnikami-wyprawy-luk-karpat-zima\/#webpage"},"isPartOf":{"@id":"https:\/\/www.skalnik.pl\/blog\/zrobic-to-co-chce-sie-zrobic-wywiad-z-uczestnikami-wyprawy-luk-karpat-zima\/#webpage"},"articleSection":"Wywiady, karpaty, \u0142uk karpat, styl \u017cycia, trekking, 1125"},{"@type":"BreadcrumbList","@id":"https:\/\/www.skalnik.pl\/blog\/zrobic-to-co-chce-sie-zrobic-wywiad-z-uczestnikami-wyprawy-luk-karpat-zima\/#breadcrumblist","itemListElement":[{"@type":"ListItem","@id":"https:\/\/www.skalnik.pl\/blog#listItem","position":1,"name":"Home","item":"https:\/\/www.skalnik.pl\/blog","nextItem":{"@type":"ListItem","@id":"https:\/\/www.skalnik.pl\/blog\/.\/wywiady\/#listItem","name":"Wywiady"}},{"@type":"ListItem","@id":"https:\/\/www.skalnik.pl\/blog\/.\/wywiady\/#listItem","position":2,"name":"Wywiady","item":"https:\/\/www.skalnik.pl\/blog\/.\/wywiady\/","nextItem":{"@type":"ListItem","@id":"https:\/\/www.skalnik.pl\/blog\/zrobic-to-co-chce-sie-zrobic-wywiad-z-uczestnikami-wyprawy-luk-karpat-zima\/#listItem","name":"Zrobi\u0107 to, co chce si\u0119 zrobi\u0107 &#8211; wywiad z uczestnikami wyprawy \u0141uk Karpat Zima"},"previousItem":{"@type":"ListItem","@id":"https:\/\/www.skalnik.pl\/blog#listItem","name":"Home"}},{"@type":"ListItem","@id":"https:\/\/www.skalnik.pl\/blog\/zrobic-to-co-chce-sie-zrobic-wywiad-z-uczestnikami-wyprawy-luk-karpat-zima\/#listItem","position":3,"name":"Zrobi\u0107 to, co chce si\u0119 zrobi\u0107 &#8211; wywiad z uczestnikami wyprawy \u0141uk Karpat Zima","previousItem":{"@type":"ListItem","@id":"https:\/\/www.skalnik.pl\/blog\/.\/wywiady\/#listItem","name":"Wywiady"}}]},{"@type":"Organization","@id":"https:\/\/www.skalnik.pl\/blog\/#organization","name":"blog Skalnik","description":"Blog, porady, artyku\u0142y - blog Skalnik","url":"https:\/\/www.skalnik.pl\/blog\/"},{"@type":"Person","@id":"https:\/\/www.skalnik.pl\/blog\/author\/slawek-nosal\/#author","url":"https:\/\/www.skalnik.pl\/blog\/author\/slawek-nosal\/","name":"S\u0142awek Nosal","image":{"@type":"ImageObject","@id":"https:\/\/www.skalnik.pl\/blog\/zrobic-to-co-chce-sie-zrobic-wywiad-z-uczestnikami-wyprawy-luk-karpat-zima\/#authorImage","url":"https:\/\/secure.gravatar.com\/avatar\/376f39150afcfc713e809ef8313d42dee4210bb1425eaad8153efa8965009197?s=96&d=mm&r=g","width":96,"height":96,"caption":"S\u0142awek Nosal"}},{"@type":"WebPage","@id":"https:\/\/www.skalnik.pl\/blog\/zrobic-to-co-chce-sie-zrobic-wywiad-z-uczestnikami-wyprawy-luk-karpat-zima\/#webpage","url":"https:\/\/www.skalnik.pl\/blog\/zrobic-to-co-chce-sie-zrobic-wywiad-z-uczestnikami-wyprawy-luk-karpat-zima\/","name":"Zrobi\u0107 to, co chce si\u0119 zrobi\u0107 \u2013 wywiad z uczestnikami wyprawy \u0141uk Karpat Zima - blog Skalnik","description":"Ponad 2000 kilometr\u00f3w, siarczysty mr\u00f3z, \u015bnieg i wilgo\u0107. Przeczytaj rozmow\u0119 z Weronik\u0105 \u0141ukaszewsk\u0105 i S\u0142awomiren Sanockim, kt\u00f3rzy jako pierwsi przeszli \u0141uk Karpat Zim\u0105.","inLanguage":"pl-PL","isPartOf":{"@id":"https:\/\/www.skalnik.pl\/blog\/#website"},"breadcrumb":{"@id":"https:\/\/www.skalnik.pl\/blog\/zrobic-to-co-chce-sie-zrobic-wywiad-z-uczestnikami-wyprawy-luk-karpat-zima\/#breadcrumblist"},"author":{"@id":"https:\/\/www.skalnik.pl\/blog\/author\/slawek-nosal\/#author"},"creator":{"@id":"https:\/\/www.skalnik.pl\/blog\/author\/slawek-nosal\/#author"},"image":{"@type":"ImageObject","url":"https:\/\/www.skalnik.pl\/blog\/wp-content\/uploads\/2019\/04\/oklladka-dwa-min.jpg","@id":"https:\/\/www.skalnik.pl\/blog\/zrobic-to-co-chce-sie-zrobic-wywiad-z-uczestnikami-wyprawy-luk-karpat-zima\/#mainImage","width":1920,"height":705,"caption":"\u0142uk karpat zima"},"primaryImageOfPage":{"@id":"https:\/\/www.skalnik.pl\/blog\/zrobic-to-co-chce-sie-zrobic-wywiad-z-uczestnikami-wyprawy-luk-karpat-zima\/#mainImage"},"datePublished":"2019-04-08T09:23:11+02:00","dateModified":"2019-04-17T10:50:43+02:00"},{"@type":"WebSite","@id":"https:\/\/www.skalnik.pl\/blog\/#website","url":"https:\/\/www.skalnik.pl\/blog\/","name":"blog Skalnik","description":"Blog, porady, artyku\u0142y - blog Skalnik","inLanguage":"pl-PL","publisher":{"@id":"https:\/\/www.skalnik.pl\/blog\/#organization"}}]},"og:locale":"pl_PL","og:site_name":"blog Skalnik - Blog, porady, artyku\u0142y - blog Skalnik","og:type":"article","og:title":"Zrobi\u0107 to, co chce si\u0119 zrobi\u0107 \u2013 wywiad z uczestnikami wyprawy \u0141uk Karpat Zima - blog Skalnik","og:description":"Ponad 2000 kilometr\u00f3w, siarczysty mr\u00f3z, \u015bnieg i wilgo\u0107. Przeczytaj rozmow\u0119 z Weronik\u0105 \u0141ukaszewsk\u0105 i S\u0142awomiren Sanockim, kt\u00f3rzy jako pierwsi przeszli \u0141uk Karpat Zim\u0105.","og:url":"https:\/\/www.skalnik.pl\/blog\/zrobic-to-co-chce-sie-zrobic-wywiad-z-uczestnikami-wyprawy-luk-karpat-zima\/","og:image":"https:\/\/skalnik.pl\/blog\/wp-content\/uploads\/2019\/02\/DSC01385-1024x683.jpg","og:image:secure_url":"https:\/\/skalnik.pl\/blog\/wp-content\/uploads\/2019\/02\/DSC01385-1024x683.jpg","article:tag":["wywiady","karpaty","\u0142uk karpat","styl \u017cycia","trekking"],"article:published_time":"2019-04-08T07:23:11+00:00","article:modified_time":"2019-04-17T08:50:43+00:00","twitter:card":"summary_large_image","twitter:title":"Zrobi\u0107 to, co chce si\u0119 zrobi\u0107 \u2013 wywiad z uczestnikami wyprawy \u0141uk Karpat Zima - blog Skalnik","twitter:description":"Ponad 2000 kilometr\u00f3w, siarczysty mr\u00f3z, \u015bnieg i wilgo\u0107. Przeczytaj rozmow\u0119 z Weronik\u0105 \u0141ukaszewsk\u0105 i S\u0142awomiren Sanockim, kt\u00f3rzy jako pierwsi przeszli \u0141uk Karpat Zim\u0105.","twitter:image":"https:\/\/skalnik.pl\/blog\/wp-content\/uploads\/2019\/02\/DSC01385-1024x683.jpg"},"aioseo_meta_data":{"post_id":"6287","title":null,"description":null,"keywords":null,"keyphrases":null,"primary_term":null,"canonical_url":null,"og_title":null,"og_description":null,"og_object_type":"default","og_image_type":"default","og_image_url":null,"og_image_width":null,"og_image_height":null,"og_image_custom_url":null,"og_image_custom_fields":null,"og_video":null,"og_custom_url":null,"og_article_section":null,"og_article_tags":null,"twitter_use_og":false,"twitter_card":"default","twitter_image_type":"default","twitter_image_url":null,"twitter_image_custom_url":null,"twitter_image_custom_fields":null,"twitter_title":null,"twitter_description":null,"schema":{"blockGraphs":[],"customGraphs":[],"default":{"data":{"Article":[],"Course":[],"Dataset":[],"FAQPage":[],"Movie":[],"Person":[],"Product":[],"ProductReview":[],"Car":[],"Recipe":[],"Service":[],"SoftwareApplication":[],"WebPage":[]},"graphName":"BlogPosting","isEnabled":true},"graphs":[]},"schema_type":"default","schema_type_options":null,"pillar_content":false,"robots_default":true,"robots_noindex":false,"robots_noarchive":false,"robots_nosnippet":false,"robots_nofollow":false,"robots_noimageindex":false,"robots_noodp":false,"robots_notranslate":false,"robots_max_snippet":null,"robots_max_videopreview":null,"robots_max_imagepreview":"large","priority":null,"frequency":null,"local_seo":null,"breadcrumb_settings":null,"limit_modified_date":false,"ai":null,"created":"2022-08-26 09:57:46","updated":"2026-02-17 21:31:25","seo_analyzer_scan_date":null},"aioseo_breadcrumb":"<div class=\"aioseo-breadcrumbs\"><span class=\"aioseo-breadcrumb\">\n\t\t\t<a href=\"https:\/\/www.skalnik.pl\/blog\" title=\"Home\">Home<\/a>\n\t\t<\/span><span class=\"aioseo-breadcrumb-separator\">&raquo;<\/span><span class=\"aioseo-breadcrumb\">\n\t\t\t<a href=\"https:\/\/www.skalnik.pl\/blog\/.\/wywiady\/\" title=\"Wywiady\">Wywiady<\/a>\n\t\t<\/span><span class=\"aioseo-breadcrumb-separator\">&raquo;<\/span><span class=\"aioseo-breadcrumb\">\n\t\t\tZrobi\u0107 to, co chce si\u0119 zrobi\u0107 \u2013 wywiad z uczestnikami wyprawy \u0141uk Karpat Zima\n\t\t<\/span><\/div>","aioseo_breadcrumb_json":[{"label":"Home","link":"https:\/\/www.skalnik.pl\/blog"},{"label":"Wywiady","link":"https:\/\/www.skalnik.pl\/blog\/.\/wywiady\/"},{"label":"Zrobi\u0107 to, co chce si\u0119 zrobi\u0107 &#8211; wywiad z uczestnikami wyprawy \u0141uk Karpat Zima","link":"https:\/\/www.skalnik.pl\/blog\/zrobic-to-co-chce-sie-zrobic-wywiad-z-uczestnikami-wyprawy-luk-karpat-zima\/"}],"_links":{"self":[{"href":"https:\/\/www.skalnik.pl\/blog\/wp-json\/wp\/v2\/posts\/6287","targetHints":{"allow":["GET"]}}],"collection":[{"href":"https:\/\/www.skalnik.pl\/blog\/wp-json\/wp\/v2\/posts"}],"about":[{"href":"https:\/\/www.skalnik.pl\/blog\/wp-json\/wp\/v2\/types\/post"}],"author":[{"embeddable":true,"href":"https:\/\/www.skalnik.pl\/blog\/wp-json\/wp\/v2\/users\/8"}],"replies":[{"embeddable":true,"href":"https:\/\/www.skalnik.pl\/blog\/wp-json\/wp\/v2\/comments?post=6287"}],"version-history":[{"count":15,"href":"https:\/\/www.skalnik.pl\/blog\/wp-json\/wp\/v2\/posts\/6287\/revisions"}],"predecessor-version":[{"id":6326,"href":"https:\/\/www.skalnik.pl\/blog\/wp-json\/wp\/v2\/posts\/6287\/revisions\/6326"}],"wp:featuredmedia":[{"embeddable":true,"href":"https:\/\/www.skalnik.pl\/blog\/wp-json\/wp\/v2\/media\/6325"}],"wp:attachment":[{"href":"https:\/\/www.skalnik.pl\/blog\/wp-json\/wp\/v2\/media?parent=6287"}],"wp:term":[{"taxonomy":"category","embeddable":true,"href":"https:\/\/www.skalnik.pl\/blog\/wp-json\/wp\/v2\/categories?post=6287"},{"taxonomy":"post_tag","embeddable":true,"href":"https:\/\/www.skalnik.pl\/blog\/wp-json\/wp\/v2\/tags?post=6287"},{"taxonomy":"magento_category","embeddable":true,"href":"https:\/\/www.skalnik.pl\/blog\/wp-json\/wp\/v2\/magento_category?post=6287"},{"taxonomy":"magento_product","embeddable":true,"href":"https:\/\/www.skalnik.pl\/blog\/wp-json\/wp\/v2\/magento_product?post=6287"}],"curies":[{"name":"wp","href":"https:\/\/api.w.org\/{rel}","templated":true}]}}