{"id":6366,"date":"2019-04-12T07:49:46","date_gmt":"2019-04-12T05:49:46","guid":{"rendered":"https:\/\/skalnik.pl\/blog\/?p=6366"},"modified":"2019-05-15T07:49:58","modified_gmt":"2019-05-15T05:49:58","slug":"pasja-niesie-mnie-przez-swiat","status":"publish","type":"post","link":"https:\/\/www.skalnik.pl\/blog\/pasja-niesie-mnie-przez-swiat\/","title":{"rendered":"Pasja niesie mnie przez \u015bwiat"},"content":{"rendered":"<p><b>Gdyby nie wspinanie, zapewne nie zobaczy\u0142abym wielu niesamowitych miejsc po\u0142o\u017conych w r\u00f3\u017cnych g\u00f3rach Europy. Nie dotar\u0142abym w oddalone, g\u00f3rskie zak\u0105tki ani do ma\u0142ych, poutykanych gdzie\u015b na ko\u0144cu \u015blepych, kr\u0119tych i wyboistych dr\u00f3g ma\u0142ych osad ludzkich. Miejsc takich, jak to, o kt\u00f3rym dzisiaj napisz\u0119.<\/b><\/p>\n<p>&nbsp;<\/p>\n<div id=\"ez-toc-container\" class=\"ez-toc-v2_0_85 counter-hierarchy ez-toc-counter ez-toc-light-blue ez-toc-container-direction\">\n<div class=\"ez-toc-title-container\">\n<p class=\"ez-toc-title\" style=\"cursor:inherit\">SPIS TRE\u015aCI <\/p>\n<span class=\"ez-toc-title-toggle\"><a href=\"#\" class=\"ez-toc-pull-right ez-toc-btn ez-toc-btn-xs ez-toc-btn-default ez-toc-toggle\" aria-label=\"Prze\u0142\u0105cznik Spisu Tre\u015bci\"><span class=\"ez-toc-js-icon-con\"><span class=\"\"><span class=\"eztoc-hide\" style=\"display:none;\">Toggle<\/span><span class=\"ez-toc-icon-toggle-span\"><svg style=\"fill: #999;color:#999\" xmlns=\"http:\/\/www.w3.org\/2000\/svg\" class=\"list-377408\" width=\"20px\" height=\"20px\" viewBox=\"0 0 24 24\" fill=\"none\"><path d=\"M6 6H4v2h2V6zm14 0H8v2h12V6zM4 11h2v2H4v-2zm16 0H8v2h12v-2zM4 16h2v2H4v-2zm16 0H8v2h12v-2z\" fill=\"currentColor\"><\/path><\/svg><svg style=\"fill: #999;color:#999\" class=\"arrow-unsorted-368013\" xmlns=\"http:\/\/www.w3.org\/2000\/svg\" width=\"10px\" height=\"10px\" viewBox=\"0 0 24 24\" version=\"1.2\" baseProfile=\"tiny\"><path d=\"M18.2 9.3l-6.2-6.3-6.2 6.3c-.2.2-.3.4-.3.7s.1.5.3.7c.2.2.4.3.7.3h11c.3 0 .5-.1.7-.3.2-.2.3-.5.3-.7s-.1-.5-.3-.7zM5.8 14.7l6.2 6.3 6.2-6.3c.2-.2.3-.5.3-.7s-.1-.5-.3-.7c-.2-.2-.4-.3-.7-.3h-11c-.3 0-.5.1-.7.3-.2.2-.3.5-.3.7s.1.5.3.7z\"\/><\/svg><\/span><\/span><\/span><\/a><\/span><\/div>\n<nav><ul class='ez-toc-list ez-toc-list-level-1 ' ><li class='ez-toc-page-1 ez-toc-heading-level-2'><a class=\"ez-toc-link ez-toc-heading-1\" href=\"https:\/\/www.skalnik.pl\/blog\/pasja-niesie-mnie-przez-swiat\/#W_sercu_Alp_Delfinatu\" >W sercu Alp Delfinatu<\/a><\/li><li class='ez-toc-page-1 ez-toc-heading-level-2'><a class=\"ez-toc-link ez-toc-heading-2\" href=\"https:\/\/www.skalnik.pl\/blog\/pasja-niesie-mnie-przez-swiat\/#Oboz_Klubowy\" >Ob\u00f3z Klubowy<\/a><\/li><li class='ez-toc-page-1 ez-toc-heading-level-2'><a class=\"ez-toc-link ez-toc-heading-3\" href=\"https:\/\/www.skalnik.pl\/blog\/pasja-niesie-mnie-przez-swiat\/#La_Berarde\" >La Berarde<\/a><\/li><li class='ez-toc-page-1 ez-toc-heading-level-2'><a class=\"ez-toc-link ez-toc-heading-4\" href=\"https:\/\/www.skalnik.pl\/blog\/pasja-niesie-mnie-przez-swiat\/#Aiquille_Dibona\" >Aiquille Dibona<\/a><\/li><li class='ez-toc-page-1 ez-toc-heading-level-2'><a class=\"ez-toc-link ez-toc-heading-5\" href=\"https:\/\/www.skalnik.pl\/blog\/pasja-niesie-mnie-przez-swiat\/#Mission_accomplished\" >Mission accomplished<\/a><\/li><li class='ez-toc-page-1 ez-toc-heading-level-2'><a class=\"ez-toc-link ez-toc-heading-6\" href=\"https:\/\/www.skalnik.pl\/blog\/pasja-niesie-mnie-przez-swiat\/#Wspinaczka\" >Wspinaczka<\/a><\/li><li class='ez-toc-page-1 ez-toc-heading-level-2'><a class=\"ez-toc-link ez-toc-heading-7\" href=\"https:\/\/www.skalnik.pl\/blog\/pasja-niesie-mnie-przez-swiat\/#Pasja\" >Pasja<\/a><\/li><\/ul><\/nav><\/div>\n<h2><span class=\"ez-toc-section\" id=\"W_sercu_Alp_Delfinatu\"><\/span>W sercu Alp Delfinatu<span class=\"ez-toc-section-end\"><\/span><\/h2>\n<p>La Berarde jest ma\u0142\u0105 wiosk\u0105 po\u0142o\u017con\u0105 wysoko, w samym sercu francuskich Alp Delfinatu. Prowadzi do niej w\u0105ska, kr\u0119ta droga biegn\u0105ca zboczami opadaj\u0105cymi do doliny Veneon. Powy\u017cej La Berarde nie ma ju\u017c \u017cadnych innych miejsc zamieszkanych przez ludzi \u2013 poza alpejskimi schroniskami, kt\u00f3re s\u0105 otwarte dla turyst\u00f3w i wspinaczy w czasie kr\u00f3tkiego, alpejskiego lata. Jest to ostatnia miejscowo\u015b\u0107, powy\u017cej kt\u00f3rej ze wszystkich stron rozpo\u015bcieraj\u0105 si\u0119 wysokie, alpejskie szczyty si\u0119gaj\u0105ce ponad 4000 m n.p.m. oraz schodz\u0105ce nisko j\u0119zory lodowc\u00f3w.<\/p>\n<div id=\"attachment_6378\" style=\"width: 1034px\" class=\"wp-caption alignnone\"><img loading=\"lazy\" decoding=\"async\" aria-describedby=\"caption-attachment-6378\" class=\"size-large wp-image-6378\" src=\"https:\/\/skalnik.pl\/blog\/wp-content\/uploads\/2019\/04\/P8120107-1-1024x768.jpg\" alt=\"\" width=\"1024\" height=\"768\" srcset=\"https:\/\/www.skalnik.pl\/blog\/wp-content\/uploads\/2019\/04\/P8120107-1-1024x768.jpg 1024w, https:\/\/www.skalnik.pl\/blog\/wp-content\/uploads\/2019\/04\/P8120107-1-300x225.jpg 300w, https:\/\/www.skalnik.pl\/blog\/wp-content\/uploads\/2019\/04\/P8120107-1-768x576.jpg 768w, https:\/\/www.skalnik.pl\/blog\/wp-content\/uploads\/2019\/04\/P8120107-1.jpg 2000w\" sizes=\"auto, (max-width: 1024px) 100vw, 1024px\" \/><p id=\"caption-attachment-6378\" class=\"wp-caption-text\">Wspinaczka pozwala odkry\u0107 miejsca ukryte na ko\u0144cu \u015bwiata (arch. autorki).<\/p><\/div>\n<p>&nbsp;<\/p>\n<h2><span class=\"ez-toc-section\" id=\"Oboz_Klubowy\"><\/span>Ob\u00f3z Klubowy<span class=\"ez-toc-section-end\"><\/span><\/h2>\n<p>Dziewi\u0119\u0107 lat temu, po czternastu dnich sp\u0119dzonych na wspinaczce w Dolomitach, ruszy\u0142am w drog\u0119 do Francji. M\u00f3j partner wspinaczkowy, z kt\u00f3rym wspina\u0142am si\u0119 przez minione dwa tygodnie, zosta\u0142 we W\u0142oszech. Ja natomiast wsiad\u0142am do samochodu i przejecha\u0142am sama przez ca\u0142e p\u00f3\u0142nocne W\u0142ochy, ze wschodu na zach\u00f3d, aby pod koniec dnia dotrze\u0107 do francuskiego La Berarde. Sama ta podr\u00f3\u017c by\u0142a o tyle ciekawa, \u017ce jeszcze nigdy dot\u0105d nie jecha\u0142am tras\u0105 z W\u0142och do Francji, w dodatku sama. W tamtym czasie nawigacja GPS czy Google Maps nie by\u0142y czym\u015b powszechnym. Jedyne, co mia\u0142am, to atlas samochodowy Europy i tyle. Wiedzia\u0142am dok\u0105d chc\u0119 dojecha\u0107.<\/p>\n<p>Na miejscu w La Berarde byli ju\u017c moi znajomi z Klubu Wysokog\u00f3rskiego Gliwice, do kt\u00f3rego nale\u017ca\u0142am (i wci\u0105\u017c nale\u017c\u0119). Tam w\u0142a\u015bnie usytuowana by\u0142a baza letniego obozu klubowego.<\/p>\n<p>&nbsp;<\/p>\n<h2><span class=\"ez-toc-section\" id=\"La_Berarde\"><\/span>La Berarde<span class=\"ez-toc-section-end\"><\/span><\/h2>\n<p>W La Berarde by\u0142o wszystko, czego potrzebowali\u015bmy. Morze granitowej ska\u0142y i \u015bciany do wspinania, fajne towarzystwo oraz wzgl\u0119dnie dobra pogoda. Kemping, na kt\u00f3rym obozowali\u015bmy, po\u0142o\u017cony by\u0142 nad hucz\u0105cym, lodowatym potokiem sp\u0142ywaj\u0105cym z wytapiaj\u0105cego si\u0119 lodowca. Po drugiej stronie potoku znajdowa\u0142 si\u0119 ma\u0142y sklepik, w kt\u00f3rym mo\u017cna by\u0142o naby\u0107 strategiczne towary w postaci przewodnika wspinaczkowego, pomidor\u00f3w, lokalnego sera I \u015bwie\u017cych bagietek, po kt\u00f3re chodzili\u015bmy codziennie rano. Niczego nam nie brakowa\u0142o.<\/p>\n<p>Gdy zachodzi\u0142o s\u0142o\u0144ce, znika\u0142o ono wcze\u015bnie za wysokimi szczytami. Zmrok zapada\u0142 szybko w tej g\u0142\u0119bokiej dolinie. Rano za\u015b s\u0142o\u0144ce wschodzi\u0142o zza g\u00f3r bardzo niespiesznie. Za to kolory, kt\u00f3re pojawia\u0142y si\u0119 zar\u00f3wno o zmierzchu, jak i o \u015bwicie, by\u0142y bajeczne. Z prawdziw\u0105 przyjemno\u015bci\u0105 wstawa\u0142am przed \u015bwitem, by z kubkiem gor\u0105cej kawy w r\u0119kach czeka\u0107 na wsch\u00f3d s\u0142o\u0144ca przed namiotem.<\/p>\n<div id=\"attachment_6379\" style=\"width: 1034px\" class=\"wp-caption aligncenter\"><img loading=\"lazy\" decoding=\"async\" aria-describedby=\"caption-attachment-6379\" class=\"wp-image-6379 size-large\" title=\"Alpy Delfinatu owieczki\" src=\"https:\/\/skalnik.pl\/blog\/wp-content\/uploads\/2019\/04\/P8090077-min-1024x768.jpg\" alt=\"Alpy Delfinatu owce\" width=\"1024\" height=\"768\" srcset=\"https:\/\/www.skalnik.pl\/blog\/wp-content\/uploads\/2019\/04\/P8090077-min-1024x768.jpg 1024w, https:\/\/www.skalnik.pl\/blog\/wp-content\/uploads\/2019\/04\/P8090077-min-300x225.jpg 300w, https:\/\/www.skalnik.pl\/blog\/wp-content\/uploads\/2019\/04\/P8090077-min-768x576.jpg 768w\" sizes=\"auto, (max-width: 1024px) 100vw, 1024px\" \/><p id=\"caption-attachment-6379\" class=\"wp-caption-text\">Sielskie obrazki w Aplach Delfinatu (arch. autorki)<\/p><\/div>\n<p>&nbsp;<\/p>\n<h2><span class=\"ez-toc-section\" id=\"Aiquille_Dibona\"><\/span>Aiquille Dibona<span class=\"ez-toc-section-end\"><\/span><\/h2>\n<p>Po rozwspinaniu na drogach biegn\u0105cych \u015bcianami le\u017c\u0105cymi najbli\u017cej naszego obozowiska, kilka zespo\u0142\u00f3w ruszy\u0142o do g\u00f3ry. Naszym celem by\u0142a wyj\u0105tkowo pi\u0119kna, strzelista iglica o niesamowitym kszta\u0142cie \u2013 Aiguille Dibona, wznosz\u0105ca si\u0119 na ponad 3000 m n.p.m. Podej\u015bcie pod ni\u0105 \u2013 z ci\u0119\u017ckimi od sprz\u0119tu wspinaczkowego i prowiantu worami na plecach \u2013 zaj\u0119\u0142o nam kilka godzin. Po po\u0142udniu zrobili\u015bmy ma\u0142y rekonesans, znale\u017ali\u015bmy starty interesuj\u0105cych nas dr\u00f3g oraz powspinalismy si\u0119 jeszcze na mniejszych, przyschroniskowych \u015bcianach. Nast\u0119pnego dnia wczesnym rankiem, podzieleni na zespo\u0142y, wbili\u015bmy si\u0119 w stoj\u0105c\u0105 d\u0119ba \u015bcian\u0119 Aiguille Dibona. Wi\u0119kszo\u015b\u0107 w drogi biegn\u0105ce jej po\u0142udniow\u0105, monolityczn\u0105 \u015bcian\u0105. Nasza tr\u00f3jka wybra\u0142\u0105 si\u0119 na zachodni\u0105 \u015bcian\u0119 iglicy i biegn\u0105c\u0105 ni\u0105 drog\u0119 Voie des Marseillais.<\/p>\n<p>&nbsp;<\/p>\n<h2><span class=\"ez-toc-section\" id=\"Mission_accomplished\"><\/span>Mission accomplished<span class=\"ez-toc-section-end\"><\/span><\/h2>\n<p>Wspinanie by\u0142o pi\u0119kne i sowite. Zar\u00f3wno po\u0142udniowa, jak i nieco ni\u017csza, zachodnia \u015bciana Aiquille Dibona, s\u0105 imponuj\u0105ce. Autorami drogi Voie des Marseillais s\u0105 Gilles Guiot i Lucien Joulia, a zosta\u0142a ona otwarta przez nich w 1957 roku. Droga nie jest d\u0142uga. Jest to pi\u0119\u0107 wyci\u0105g\u00f3w (150 m) ciekawego wspinania, g\u0142\u00f3wnie po eksponowanej, \u017c\u00f3\u0142tej p\u0142ycie le\u017c\u0105cej na prawo od du\u017cego, czarnego zacieku. Trudno\u015bci drogi przewodnikowo wycenione s\u0105 na D+ V+ A1, natomiast przek\u0142adaj\u0105c j\u0119zyk przewodnika francuskiego na nasz wygl\u0105da to tak: V+ z jednym miejscem VII- b\u0105d\u017a VI(A0).<\/p>\n<p>Kluczowe trudno\u015bci znajduj\u0105 si\u0119 na czwartym, przedostatnim wyci\u0105gu drogi. Na szczycie jest niewiele miejsca \u2013 zmieszcz\u0105 si\u0119 tam dwa, w porywach mo\u017ce trzy zespo\u0142y jednocze\u015bnie. Po kr\u00f3tkim odpoczynku nasz zesp\u00f3\u0142 rozpocza\u0142 seri\u0119 zjazd\u00f3w, po kt\u00f3rym kontynuowali\u015bmy zej\u015bcie do schroniska, znajduj\u0105cego sie pod samiusie\u0144k\u0105 po\u0142udniow\u0105 \u015bcian\u0105 iglicy. Kolejnego dnia schodzilismy ju\u017c do naszej bazy w dolinie. Spaleni s\u0142o\u0144cem, zm\u0119czeni, zadowoleni.<\/p>\n<div id=\"attachment_6380\" style=\"width: 1034px\" class=\"wp-caption alignnone\"><img loading=\"lazy\" decoding=\"async\" aria-describedby=\"caption-attachment-6380\" class=\"wp-image-6380 size-large\" title=\"Aiquille Dibona\" src=\"https:\/\/skalnik.pl\/blog\/wp-content\/uploads\/2019\/04\/kopia-min-1024x857.jpg\" alt=\"Aiquille Dibona\" width=\"1024\" height=\"857\" srcset=\"https:\/\/www.skalnik.pl\/blog\/wp-content\/uploads\/2019\/04\/kopia-min-1024x857.jpg 1024w, https:\/\/www.skalnik.pl\/blog\/wp-content\/uploads\/2019\/04\/kopia-min-300x251.jpg 300w, https:\/\/www.skalnik.pl\/blog\/wp-content\/uploads\/2019\/04\/kopia-min-768x643.jpg 768w, https:\/\/www.skalnik.pl\/blog\/wp-content\/uploads\/2019\/04\/kopia-min.jpg 1574w\" sizes=\"auto, (max-width: 1024px) 100vw, 1024px\" \/><p id=\"caption-attachment-6380\" class=\"wp-caption-text\">W stron\u0119 Aiquille Dibona (arch. autorki).<\/p><\/div>\n<p>&nbsp;<\/p>\n<h2><span class=\"ez-toc-section\" id=\"Wspinaczka\"><\/span>Wspinaczka<span class=\"ez-toc-section-end\"><\/span><\/h2>\n<p>To jest tylko jedno z miejsc, jedna z przyg\u00f3d, jedna z g\u00f3r \u2013 w kt\u00f3re dotar\u0142am, kt\u00f3r\u0105 prze\u017cy\u0142am, na kt\u00f3rej wierzcho\u0142ku stan\u0119\u0142am po godzinach sp\u0119dzonych w \u015bcianie. Wszystko dzi\u0119ki temu, \u017ce kiedy\u015b, dawno, dawno temu zobaczy\u0142am g\u00f3ry i zapragn\u0119\u0142\u0105m si\u0119 w nich wspina\u0107, \u017ce poruszy\u0142y one jak\u0105\u015b strun\u0119 we mnie, zafascynowa\u0142y, stanowi\u0142y wyzwanie. Za ich spraw\u0105 by\u0142am w Alpach Delfinatu i wielu innych g\u00f3rach.<\/p>\n<p>Dzi\u0119ki wspinaniu, kt\u00f3re dawa\u0142o (i wci\u0105\u017c daje) mi frajd\u0119, mog\u0142am pozna\u0107 i wci\u0105\u017c poznaj\u0119 \u015bwietnych ludzi i ich historie oraz magiczne miejsca po\u015br\u00f3d g\u00f3r. Wspinanie sta\u0142o si\u0119 cz\u0119\u015bci\u0105 mojego \u017cycia, bardzo wa\u017cn\u0105 cz\u0119\u015bci\u0105. Wci\u0105\u017c fascynuj\u0105 mnie pewne drogi, kt\u00f3re chcia\u0142abym przej\u015b\u0107. Lubi\u0119 sam proces przygotowania \u2013 wspinanie w ska\u0142ach i na kr\u00f3tkich wielowyci\u0105gach, pr\u00f3by robienia dr\u00f3g przekraczaj\u0105cych moje tymczasowe mo\u017cliwo\u015bci. To wszystko jest niesamowicie fascynuj\u0105ce i poch\u0142aniaj\u0105ce.<\/p>\n<p>Wspinanie wiele mnie nauczy\u0142o i wci\u0105\u017c uczy. Wynios\u0142am z niego wiele lekcji: o sobie, o ludziach, o g\u00f3rach i o przetrwaniu w nich. O tym, co dla mnie jest wa\u017cne, a co troch\u0119 mniej.<\/p>\n<p>Sam fakt, \u017ce jest tyle g\u00f3r, tyle miejsc, tyle dr\u00f3g do przewspinania, jest dla mnie osobi\u015bcie cudem \u015bwiata. To, \u017ce do ko\u0144ca \u017cycia z pewno\u015bci\u0105 b\u0119d\u0119 mia\u0142a co robi\u0107 i w czym wybiera\u0107. I wci\u0105\u017c b\u0119d\u0105 przede mn\u0105 nowe wyzwania, je\u015bli tylko zechc\u0119. Ta perspektywa jest cudowna!<\/p>\n<div id=\"attachment_6381\" style=\"width: 1034px\" class=\"wp-caption alignnone\"><img loading=\"lazy\" decoding=\"async\" aria-describedby=\"caption-attachment-6381\" class=\"wp-image-6381 size-large\" title=\"Wspinaczka w Alpach Delfinatu\" src=\"https:\/\/skalnik.pl\/blog\/wp-content\/uploads\/2019\/04\/P8100087-min-1024x768.jpg\" alt=\"w Alpach Delfinatu\" width=\"1024\" height=\"768\" srcset=\"https:\/\/www.skalnik.pl\/blog\/wp-content\/uploads\/2019\/04\/P8100087-min-1024x768.jpg 1024w, https:\/\/www.skalnik.pl\/blog\/wp-content\/uploads\/2019\/04\/P8100087-min-300x225.jpg 300w, https:\/\/www.skalnik.pl\/blog\/wp-content\/uploads\/2019\/04\/P8100087-min-768x576.jpg 768w\" sizes=\"auto, (max-width: 1024px) 100vw, 1024px\" \/><p id=\"caption-attachment-6381\" class=\"wp-caption-text\">&#8222;Wspinanie sta\u0142o si\u0119 cz\u0119\u015bci\u0105 mojego \u017cycia, bardzo wa\u017cn\u0105 cz\u0119\u015bci\u0105&#8221; (arch. autorki).<\/p><\/div>\n<p>&nbsp;<\/p>\n<h2><span class=\"ez-toc-section\" id=\"Pasja\"><\/span>Pasja<span class=\"ez-toc-section-end\"><\/span><\/h2>\n<p>Z dotychczasowych do\u015bwiadcze\u0144 zaobserwowa\u0142am i nauczy\u0142am si\u0119, \u017ce wszystko, co mnie jako cz\u0142owieka w jaki\u015b spos\u00f3b porusza, ciekawi, stanowi wyzwanie i motywuje do dzia\u0142ania, jest warte, aby za tym p\u00f3j\u015b\u0107. Je\u015bli idziesz za swoim zaciekawieniem, zaprowadzi ci\u0119 ono w niesamowite miejsca. Nie wa\u017cne, czy dalekie, czy bliskie.<\/p>\n<p>&nbsp;<\/p>\n<p>Przede wszystkim b\u0119dziesz \u017cy\u0142 swoim \u017cyciem \u2013 jedynym, niepowtarzalnym i satysfakcjonuj\u0105cym. Nuc\u0105c melodi\u0119, kt\u00f3ra w twoim sercu gra. Znajdziesz w sobie zapa\u0142 i si\u0142\u0119. Wy\u0107wiczysz to, czego jeszcze nie umiesz, a co jest ci potrzebne aby zrobi\u0107 kolejny krok naprz\u00f3d. B\u0119dziesz \u017cy\u0142 po swojemu, co nie oznacza \u0142atwo i na wygodnej kanapie w pluszowych papciach. Ale to, czego si\u0119 nauczysz, czego do\u015bwiadczysz, co zobaczysz \u2013 b\u0119dzie warte napotkanych po drodze niedogodno\u015bci czy trudno\u015bci. I b\u0119dzie to naprawd\u0119 twoje!<\/p>\n","protected":false},"excerpt":{"rendered":"<p>Wiele os\u00f3b m\u00f3wi, \u017ce wspinaczka to nie sport, a styl \u017cycia. Dzi\u0119ki niej mo\u017cna odkry\u0107 niesamowite miejsca, zajrze\u0107 w g\u0142\u0105b siebie i pozna\u0107 ciekwaych ludzi. Przekonaj si\u0119! <\/p>\n","protected":false},"author":25,"featured_media":6386,"comment_status":"open","ping_status":"open","sticky":false,"template":"","format":"standard","meta":{"_acf_changed":false,"footnotes":""},"categories":[84],"tags":[94,116,92,20],"magento_category":[198],"magento_product":[],"class_list":["post-6366","post","type-post","status-publish","format-standard","has-post-thumbnail","hentry","category-pasja","tag-inspiracje","tag-podroze","tag-styl-zycia","tag-wspinaczka"],"acf":[],"aioseo_notices":[],"aioseo_head":"\n\t\t<!-- All in One SEO 4.9.10 - aioseo.com -->\n\t<meta name=\"description\" content=\"Wiele os\u00f3b m\u00f3wi, \u017ce wspinaczka to nie sport, a styl \u017cycia. Dzi\u0119ki niej mo\u017cna odkry\u0107 niesamowite miejsca, zajrze\u0107 w g\u0142\u0105b siebie i pozna\u0107 ciekwaych ludzi. Przekonaj si\u0119!\" \/>\n\t<meta name=\"robots\" content=\"max-image-preview:large\" \/>\n\t<meta name=\"author\" content=\"Marta Soko\u0142owska\"\/>\n\t<link rel=\"canonical\" href=\"https:\/\/www.skalnik.pl\/blog\/pasja-niesie-mnie-przez-swiat\/\" \/>\n\t<meta name=\"generator\" content=\"All in One SEO (AIOSEO) 4.9.10\" \/>\n\t\t<meta property=\"og:locale\" content=\"pl_PL\" \/>\n\t\t<meta property=\"og:site_name\" content=\"blog Skalnik - Blog, porady, artyku\u0142y - blog Skalnik\" \/>\n\t\t<meta property=\"og:type\" content=\"article\" \/>\n\t\t<meta property=\"og:title\" content=\"Pasja niesie mnie przez \u015bwiat - blog Skalnik\" \/>\n\t\t<meta property=\"og:description\" content=\"Wiele os\u00f3b m\u00f3wi, \u017ce wspinaczka to nie sport, a styl \u017cycia. Dzi\u0119ki niej mo\u017cna odkry\u0107 niesamowite miejsca, zajrze\u0107 w g\u0142\u0105b siebie i pozna\u0107 ciekwaych ludzi. Przekonaj si\u0119!\" \/>\n\t\t<meta property=\"og:url\" content=\"https:\/\/www.skalnik.pl\/blog\/pasja-niesie-mnie-przez-swiat\/\" \/>\n\t\t<meta property=\"og:image\" content=\"https:\/\/skalnik.pl\/blog\/wp-content\/uploads\/2019\/04\/P8120107-1-1024x768.jpg\" \/>\n\t\t<meta property=\"og:image:secure_url\" content=\"https:\/\/skalnik.pl\/blog\/wp-content\/uploads\/2019\/04\/P8120107-1-1024x768.jpg\" \/>\n\t\t<meta property=\"article:tag\" content=\"pasja\" \/>\n\t\t<meta property=\"article:tag\" content=\"inspiracje\" \/>\n\t\t<meta property=\"article:tag\" content=\"podr\u00f3\u017ce\" \/>\n\t\t<meta property=\"article:tag\" content=\"styl \u017cycia\" \/>\n\t\t<meta property=\"article:tag\" content=\"wspinaczka\" \/>\n\t\t<meta property=\"article:published_time\" content=\"2019-04-12T05:49:46+00:00\" \/>\n\t\t<meta property=\"article:modified_time\" content=\"2019-05-15T05:49:58+00:00\" \/>\n\t\t<meta name=\"twitter:card\" content=\"summary_large_image\" \/>\n\t\t<meta name=\"twitter:title\" content=\"Pasja niesie mnie przez \u015bwiat - blog Skalnik\" \/>\n\t\t<meta name=\"twitter:description\" content=\"Wiele os\u00f3b m\u00f3wi, \u017ce wspinaczka to nie sport, a styl \u017cycia. Dzi\u0119ki niej mo\u017cna odkry\u0107 niesamowite miejsca, zajrze\u0107 w g\u0142\u0105b siebie i pozna\u0107 ciekwaych ludzi. Przekonaj si\u0119!\" \/>\n\t\t<meta name=\"twitter:image\" content=\"https:\/\/skalnik.pl\/blog\/wp-content\/uploads\/2019\/04\/P8120107-1-1024x768.jpg\" \/>\n\t\t<script type=\"application\/ld+json\" class=\"aioseo-schema\">\n\t\t\t{\"@context\":\"https:\\\/\\\/schema.org\",\"@graph\":[{\"@type\":\"BlogPosting\",\"@id\":\"https:\\\/\\\/www.skalnik.pl\\\/blog\\\/pasja-niesie-mnie-przez-swiat\\\/#blogposting\",\"name\":\"Pasja niesie mnie przez \\u015bwiat - blog Skalnik\",\"headline\":\"Pasja niesie mnie przez \\u015bwiat\",\"author\":{\"@id\":\"https:\\\/\\\/www.skalnik.pl\\\/blog\\\/author\\\/marta-sokolowska\\\/#author\"},\"publisher\":{\"@id\":\"https:\\\/\\\/www.skalnik.pl\\\/blog\\\/#organization\"},\"image\":{\"@type\":\"ImageObject\",\"url\":\"https:\\\/\\\/www.skalnik.pl\\\/blog\\\/wp-content\\\/uploads\\\/2019\\\/04\\\/okladka_ms.jpg\",\"width\":1920,\"height\":705},\"datePublished\":\"2019-04-12T07:49:46+02:00\",\"dateModified\":\"2019-05-15T07:49:58+02:00\",\"inLanguage\":\"pl-PL\",\"mainEntityOfPage\":{\"@id\":\"https:\\\/\\\/www.skalnik.pl\\\/blog\\\/pasja-niesie-mnie-przez-swiat\\\/#webpage\"},\"isPartOf\":{\"@id\":\"https:\\\/\\\/www.skalnik.pl\\\/blog\\\/pasja-niesie-mnie-przez-swiat\\\/#webpage\"},\"articleSection\":\"Pasja, inspiracje, podr\\u00f3\\u017ce, styl \\u017cycia, wspinaczka, 1159\"},{\"@type\":\"BreadcrumbList\",\"@id\":\"https:\\\/\\\/www.skalnik.pl\\\/blog\\\/pasja-niesie-mnie-przez-swiat\\\/#breadcrumblist\",\"itemListElement\":[{\"@type\":\"ListItem\",\"@id\":\"https:\\\/\\\/www.skalnik.pl\\\/blog#listItem\",\"position\":1,\"name\":\"Home\",\"item\":\"https:\\\/\\\/www.skalnik.pl\\\/blog\",\"nextItem\":{\"@type\":\"ListItem\",\"@id\":\"https:\\\/\\\/www.skalnik.pl\\\/blog\\\/.\\\/pasja\\\/#listItem\",\"name\":\"Pasja\"}},{\"@type\":\"ListItem\",\"@id\":\"https:\\\/\\\/www.skalnik.pl\\\/blog\\\/.\\\/pasja\\\/#listItem\",\"position\":2,\"name\":\"Pasja\",\"item\":\"https:\\\/\\\/www.skalnik.pl\\\/blog\\\/.\\\/pasja\\\/\",\"nextItem\":{\"@type\":\"ListItem\",\"@id\":\"https:\\\/\\\/www.skalnik.pl\\\/blog\\\/pasja-niesie-mnie-przez-swiat\\\/#listItem\",\"name\":\"Pasja niesie mnie przez \\u015bwiat\"},\"previousItem\":{\"@type\":\"ListItem\",\"@id\":\"https:\\\/\\\/www.skalnik.pl\\\/blog#listItem\",\"name\":\"Home\"}},{\"@type\":\"ListItem\",\"@id\":\"https:\\\/\\\/www.skalnik.pl\\\/blog\\\/pasja-niesie-mnie-przez-swiat\\\/#listItem\",\"position\":3,\"name\":\"Pasja niesie mnie przez \\u015bwiat\",\"previousItem\":{\"@type\":\"ListItem\",\"@id\":\"https:\\\/\\\/www.skalnik.pl\\\/blog\\\/.\\\/pasja\\\/#listItem\",\"name\":\"Pasja\"}}]},{\"@type\":\"Organization\",\"@id\":\"https:\\\/\\\/www.skalnik.pl\\\/blog\\\/#organization\",\"name\":\"blog Skalnik\",\"description\":\"Blog, porady, artyku\\u0142y - blog Skalnik\",\"url\":\"https:\\\/\\\/www.skalnik.pl\\\/blog\\\/\"},{\"@type\":\"Person\",\"@id\":\"https:\\\/\\\/www.skalnik.pl\\\/blog\\\/author\\\/marta-sokolowska\\\/#author\",\"url\":\"https:\\\/\\\/www.skalnik.pl\\\/blog\\\/author\\\/marta-sokolowska\\\/\",\"name\":\"Marta Soko\\u0142owska\",\"image\":{\"@type\":\"ImageObject\",\"@id\":\"https:\\\/\\\/www.skalnik.pl\\\/blog\\\/pasja-niesie-mnie-przez-swiat\\\/#authorImage\",\"url\":\"https:\\\/\\\/secure.gravatar.com\\\/avatar\\\/0e04a069f04d0a1476d6733ecbd93392e6d0867d90579d243eb1e783e66953a4?s=96&d=mm&r=g\",\"width\":96,\"height\":96,\"caption\":\"Marta Soko\\u0142owska\"}},{\"@type\":\"WebPage\",\"@id\":\"https:\\\/\\\/www.skalnik.pl\\\/blog\\\/pasja-niesie-mnie-przez-swiat\\\/#webpage\",\"url\":\"https:\\\/\\\/www.skalnik.pl\\\/blog\\\/pasja-niesie-mnie-przez-swiat\\\/\",\"name\":\"Pasja niesie mnie przez \\u015bwiat - blog Skalnik\",\"description\":\"Wiele os\\u00f3b m\\u00f3wi, \\u017ce wspinaczka to nie sport, a styl \\u017cycia. Dzi\\u0119ki niej mo\\u017cna odkry\\u0107 niesamowite miejsca, zajrze\\u0107 w g\\u0142\\u0105b siebie i pozna\\u0107 ciekwaych ludzi. Przekonaj si\\u0119!\",\"inLanguage\":\"pl-PL\",\"isPartOf\":{\"@id\":\"https:\\\/\\\/www.skalnik.pl\\\/blog\\\/#website\"},\"breadcrumb\":{\"@id\":\"https:\\\/\\\/www.skalnik.pl\\\/blog\\\/pasja-niesie-mnie-przez-swiat\\\/#breadcrumblist\"},\"author\":{\"@id\":\"https:\\\/\\\/www.skalnik.pl\\\/blog\\\/author\\\/marta-sokolowska\\\/#author\"},\"creator\":{\"@id\":\"https:\\\/\\\/www.skalnik.pl\\\/blog\\\/author\\\/marta-sokolowska\\\/#author\"},\"image\":{\"@type\":\"ImageObject\",\"url\":\"https:\\\/\\\/www.skalnik.pl\\\/blog\\\/wp-content\\\/uploads\\\/2019\\\/04\\\/okladka_ms.jpg\",\"@id\":\"https:\\\/\\\/www.skalnik.pl\\\/blog\\\/pasja-niesie-mnie-przez-swiat\\\/#mainImage\",\"width\":1920,\"height\":705},\"primaryImageOfPage\":{\"@id\":\"https:\\\/\\\/www.skalnik.pl\\\/blog\\\/pasja-niesie-mnie-przez-swiat\\\/#mainImage\"},\"datePublished\":\"2019-04-12T07:49:46+02:00\",\"dateModified\":\"2019-05-15T07:49:58+02:00\"},{\"@type\":\"WebSite\",\"@id\":\"https:\\\/\\\/www.skalnik.pl\\\/blog\\\/#website\",\"url\":\"https:\\\/\\\/www.skalnik.pl\\\/blog\\\/\",\"name\":\"blog Skalnik\",\"description\":\"Blog, porady, artyku\\u0142y - blog Skalnik\",\"inLanguage\":\"pl-PL\",\"publisher\":{\"@id\":\"https:\\\/\\\/www.skalnik.pl\\\/blog\\\/#organization\"}}]}\n\t\t<\/script>\n\t\t<!-- All in One SEO -->\n\n","aioseo_head_json":{"title":"Pasja niesie mnie przez \u015bwiat - blog Skalnik","description":"Wiele os\u00f3b m\u00f3wi, \u017ce wspinaczka to nie sport, a styl \u017cycia. Dzi\u0119ki niej mo\u017cna odkry\u0107 niesamowite miejsca, zajrze\u0107 w g\u0142\u0105b siebie i pozna\u0107 ciekwaych ludzi. Przekonaj si\u0119!","canonical_url":"https:\/\/www.skalnik.pl\/blog\/pasja-niesie-mnie-przez-swiat\/","robots":"max-image-preview:large","keywords":"","webmasterTools":{"miscellaneous":""},"schema":{"@context":"https:\/\/schema.org","@graph":[{"@type":"BlogPosting","@id":"https:\/\/www.skalnik.pl\/blog\/pasja-niesie-mnie-przez-swiat\/#blogposting","name":"Pasja niesie mnie przez \u015bwiat - blog Skalnik","headline":"Pasja niesie mnie przez \u015bwiat","author":{"@id":"https:\/\/www.skalnik.pl\/blog\/author\/marta-sokolowska\/#author"},"publisher":{"@id":"https:\/\/www.skalnik.pl\/blog\/#organization"},"image":{"@type":"ImageObject","url":"https:\/\/www.skalnik.pl\/blog\/wp-content\/uploads\/2019\/04\/okladka_ms.jpg","width":1920,"height":705},"datePublished":"2019-04-12T07:49:46+02:00","dateModified":"2019-05-15T07:49:58+02:00","inLanguage":"pl-PL","mainEntityOfPage":{"@id":"https:\/\/www.skalnik.pl\/blog\/pasja-niesie-mnie-przez-swiat\/#webpage"},"isPartOf":{"@id":"https:\/\/www.skalnik.pl\/blog\/pasja-niesie-mnie-przez-swiat\/#webpage"},"articleSection":"Pasja, inspiracje, podr\u00f3\u017ce, styl \u017cycia, wspinaczka, 1159"},{"@type":"BreadcrumbList","@id":"https:\/\/www.skalnik.pl\/blog\/pasja-niesie-mnie-przez-swiat\/#breadcrumblist","itemListElement":[{"@type":"ListItem","@id":"https:\/\/www.skalnik.pl\/blog#listItem","position":1,"name":"Home","item":"https:\/\/www.skalnik.pl\/blog","nextItem":{"@type":"ListItem","@id":"https:\/\/www.skalnik.pl\/blog\/.\/pasja\/#listItem","name":"Pasja"}},{"@type":"ListItem","@id":"https:\/\/www.skalnik.pl\/blog\/.\/pasja\/#listItem","position":2,"name":"Pasja","item":"https:\/\/www.skalnik.pl\/blog\/.\/pasja\/","nextItem":{"@type":"ListItem","@id":"https:\/\/www.skalnik.pl\/blog\/pasja-niesie-mnie-przez-swiat\/#listItem","name":"Pasja niesie mnie przez \u015bwiat"},"previousItem":{"@type":"ListItem","@id":"https:\/\/www.skalnik.pl\/blog#listItem","name":"Home"}},{"@type":"ListItem","@id":"https:\/\/www.skalnik.pl\/blog\/pasja-niesie-mnie-przez-swiat\/#listItem","position":3,"name":"Pasja niesie mnie przez \u015bwiat","previousItem":{"@type":"ListItem","@id":"https:\/\/www.skalnik.pl\/blog\/.\/pasja\/#listItem","name":"Pasja"}}]},{"@type":"Organization","@id":"https:\/\/www.skalnik.pl\/blog\/#organization","name":"blog Skalnik","description":"Blog, porady, artyku\u0142y - blog Skalnik","url":"https:\/\/www.skalnik.pl\/blog\/"},{"@type":"Person","@id":"https:\/\/www.skalnik.pl\/blog\/author\/marta-sokolowska\/#author","url":"https:\/\/www.skalnik.pl\/blog\/author\/marta-sokolowska\/","name":"Marta Soko\u0142owska","image":{"@type":"ImageObject","@id":"https:\/\/www.skalnik.pl\/blog\/pasja-niesie-mnie-przez-swiat\/#authorImage","url":"https:\/\/secure.gravatar.com\/avatar\/0e04a069f04d0a1476d6733ecbd93392e6d0867d90579d243eb1e783e66953a4?s=96&d=mm&r=g","width":96,"height":96,"caption":"Marta Soko\u0142owska"}},{"@type":"WebPage","@id":"https:\/\/www.skalnik.pl\/blog\/pasja-niesie-mnie-przez-swiat\/#webpage","url":"https:\/\/www.skalnik.pl\/blog\/pasja-niesie-mnie-przez-swiat\/","name":"Pasja niesie mnie przez \u015bwiat - blog Skalnik","description":"Wiele os\u00f3b m\u00f3wi, \u017ce wspinaczka to nie sport, a styl \u017cycia. Dzi\u0119ki niej mo\u017cna odkry\u0107 niesamowite miejsca, zajrze\u0107 w g\u0142\u0105b siebie i pozna\u0107 ciekwaych ludzi. Przekonaj si\u0119!","inLanguage":"pl-PL","isPartOf":{"@id":"https:\/\/www.skalnik.pl\/blog\/#website"},"breadcrumb":{"@id":"https:\/\/www.skalnik.pl\/blog\/pasja-niesie-mnie-przez-swiat\/#breadcrumblist"},"author":{"@id":"https:\/\/www.skalnik.pl\/blog\/author\/marta-sokolowska\/#author"},"creator":{"@id":"https:\/\/www.skalnik.pl\/blog\/author\/marta-sokolowska\/#author"},"image":{"@type":"ImageObject","url":"https:\/\/www.skalnik.pl\/blog\/wp-content\/uploads\/2019\/04\/okladka_ms.jpg","@id":"https:\/\/www.skalnik.pl\/blog\/pasja-niesie-mnie-przez-swiat\/#mainImage","width":1920,"height":705},"primaryImageOfPage":{"@id":"https:\/\/www.skalnik.pl\/blog\/pasja-niesie-mnie-przez-swiat\/#mainImage"},"datePublished":"2019-04-12T07:49:46+02:00","dateModified":"2019-05-15T07:49:58+02:00"},{"@type":"WebSite","@id":"https:\/\/www.skalnik.pl\/blog\/#website","url":"https:\/\/www.skalnik.pl\/blog\/","name":"blog Skalnik","description":"Blog, porady, artyku\u0142y - blog Skalnik","inLanguage":"pl-PL","publisher":{"@id":"https:\/\/www.skalnik.pl\/blog\/#organization"}}]},"og:locale":"pl_PL","og:site_name":"blog Skalnik - Blog, porady, artyku\u0142y - blog Skalnik","og:type":"article","og:title":"Pasja niesie mnie przez \u015bwiat - blog Skalnik","og:description":"Wiele os\u00f3b m\u00f3wi, \u017ce wspinaczka to nie sport, a styl \u017cycia. Dzi\u0119ki niej mo\u017cna odkry\u0107 niesamowite miejsca, zajrze\u0107 w g\u0142\u0105b siebie i pozna\u0107 ciekwaych ludzi. Przekonaj si\u0119!","og:url":"https:\/\/www.skalnik.pl\/blog\/pasja-niesie-mnie-przez-swiat\/","og:image":"https:\/\/skalnik.pl\/blog\/wp-content\/uploads\/2019\/04\/P8120107-1-1024x768.jpg","og:image:secure_url":"https:\/\/skalnik.pl\/blog\/wp-content\/uploads\/2019\/04\/P8120107-1-1024x768.jpg","article:tag":["pasja","inspiracje","podr\u00f3\u017ce","styl \u017cycia","wspinaczka"],"article:published_time":"2019-04-12T05:49:46+00:00","article:modified_time":"2019-05-15T05:49:58+00:00","twitter:card":"summary_large_image","twitter:title":"Pasja niesie mnie przez \u015bwiat - blog Skalnik","twitter:description":"Wiele os\u00f3b m\u00f3wi, \u017ce wspinaczka to nie sport, a styl \u017cycia. Dzi\u0119ki niej mo\u017cna odkry\u0107 niesamowite miejsca, zajrze\u0107 w g\u0142\u0105b siebie i pozna\u0107 ciekwaych ludzi. Przekonaj si\u0119!","twitter:image":"https:\/\/skalnik.pl\/blog\/wp-content\/uploads\/2019\/04\/P8120107-1-1024x768.jpg"},"aioseo_meta_data":{"post_id":"6366","title":null,"description":null,"keywords":null,"keyphrases":null,"primary_term":null,"canonical_url":null,"og_title":null,"og_description":null,"og_object_type":"default","og_image_type":"default","og_image_url":null,"og_image_width":null,"og_image_height":null,"og_image_custom_url":null,"og_image_custom_fields":null,"og_video":null,"og_custom_url":null,"og_article_section":null,"og_article_tags":null,"twitter_use_og":false,"twitter_card":"default","twitter_image_type":"default","twitter_image_url":null,"twitter_image_custom_url":null,"twitter_image_custom_fields":null,"twitter_title":null,"twitter_description":null,"schema":{"blockGraphs":[],"customGraphs":[],"default":{"data":{"Article":[],"Course":[],"Dataset":[],"FAQPage":[],"Movie":[],"Person":[],"Product":[],"ProductReview":[],"Car":[],"Recipe":[],"Service":[],"SoftwareApplication":[],"WebPage":[]},"graphName":"BlogPosting","isEnabled":true},"graphs":[]},"schema_type":"default","schema_type_options":null,"pillar_content":false,"robots_default":true,"robots_noindex":false,"robots_noarchive":false,"robots_nosnippet":false,"robots_nofollow":false,"robots_noimageindex":false,"robots_noodp":false,"robots_notranslate":false,"robots_max_snippet":null,"robots_max_videopreview":null,"robots_max_imagepreview":"large","priority":null,"frequency":null,"local_seo":null,"breadcrumb_settings":null,"limit_modified_date":false,"ai":null,"created":"2022-08-26 09:57:46","updated":"2026-02-17 21:32:35","seo_analyzer_scan_date":null},"aioseo_breadcrumb":"<div class=\"aioseo-breadcrumbs\"><span class=\"aioseo-breadcrumb\">\n\t\t\t<a href=\"https:\/\/www.skalnik.pl\/blog\" title=\"Home\">Home<\/a>\n\t\t<\/span><span class=\"aioseo-breadcrumb-separator\">&raquo;<\/span><span class=\"aioseo-breadcrumb\">\n\t\t\t<a href=\"https:\/\/www.skalnik.pl\/blog\/.\/pasja\/\" title=\"Pasja\">Pasja<\/a>\n\t\t<\/span><span class=\"aioseo-breadcrumb-separator\">&raquo;<\/span><span class=\"aioseo-breadcrumb\">\n\t\t\tPasja niesie mnie przez \u015bwiat\n\t\t<\/span><\/div>","aioseo_breadcrumb_json":[{"label":"Home","link":"https:\/\/www.skalnik.pl\/blog"},{"label":"Pasja","link":"https:\/\/www.skalnik.pl\/blog\/.\/pasja\/"},{"label":"Pasja niesie mnie przez \u015bwiat","link":"https:\/\/www.skalnik.pl\/blog\/pasja-niesie-mnie-przez-swiat\/"}],"_links":{"self":[{"href":"https:\/\/www.skalnik.pl\/blog\/wp-json\/wp\/v2\/posts\/6366","targetHints":{"allow":["GET"]}}],"collection":[{"href":"https:\/\/www.skalnik.pl\/blog\/wp-json\/wp\/v2\/posts"}],"about":[{"href":"https:\/\/www.skalnik.pl\/blog\/wp-json\/wp\/v2\/types\/post"}],"author":[{"embeddable":true,"href":"https:\/\/www.skalnik.pl\/blog\/wp-json\/wp\/v2\/users\/25"}],"replies":[{"embeddable":true,"href":"https:\/\/www.skalnik.pl\/blog\/wp-json\/wp\/v2\/comments?post=6366"}],"version-history":[{"count":11,"href":"https:\/\/www.skalnik.pl\/blog\/wp-json\/wp\/v2\/posts\/6366\/revisions"}],"predecessor-version":[{"id":6390,"href":"https:\/\/www.skalnik.pl\/blog\/wp-json\/wp\/v2\/posts\/6366\/revisions\/6390"}],"wp:featuredmedia":[{"embeddable":true,"href":"https:\/\/www.skalnik.pl\/blog\/wp-json\/wp\/v2\/media\/6386"}],"wp:attachment":[{"href":"https:\/\/www.skalnik.pl\/blog\/wp-json\/wp\/v2\/media?parent=6366"}],"wp:term":[{"taxonomy":"category","embeddable":true,"href":"https:\/\/www.skalnik.pl\/blog\/wp-json\/wp\/v2\/categories?post=6366"},{"taxonomy":"post_tag","embeddable":true,"href":"https:\/\/www.skalnik.pl\/blog\/wp-json\/wp\/v2\/tags?post=6366"},{"taxonomy":"magento_category","embeddable":true,"href":"https:\/\/www.skalnik.pl\/blog\/wp-json\/wp\/v2\/magento_category?post=6366"},{"taxonomy":"magento_product","embeddable":true,"href":"https:\/\/www.skalnik.pl\/blog\/wp-json\/wp\/v2\/magento_product?post=6366"}],"curies":[{"name":"wp","href":"https:\/\/api.w.org\/{rel}","templated":true}]}}