{"id":643,"date":"2017-07-18T08:28:52","date_gmt":"2017-07-18T06:28:52","guid":{"rendered":"https:\/\/skalnik.pl\/blog\/?p=643"},"modified":"2024-05-21T08:54:05","modified_gmt":"2024-05-21T06:54:05","slug":"wiecej-niz-podstawowe-trio-czyli-co-jeszcze-zabrac-na-via-ferraty-2","status":"publish","type":"post","link":"https:\/\/www.skalnik.pl\/blog\/wiecej-niz-podstawowe-trio-czyli-co-jeszcze-zabrac-na-via-ferraty-2\/","title":{"rendered":"Via ferrata &#8211; co zabra\u0107 na via ferraty"},"content":{"rendered":"<p><b>Popularno\u015b\u0107 chodzenia po via ferratach ro\u015bnie z roku na rok. Nic w tym dziwnego. Pi\u0119kne widoki, eksponowany teren powoduj\u0105cy emocje wi\u0119ksze ni\u017c na zwyk\u0142ym trekkingu, specjalistyczny sprz\u0119t, kt\u00f3ry elektryzuje niekt\u00f3rych mi\u0142o\u015bnik\u00f3w outdooru. Rosn\u0105ca popularno\u015b\u0107 przechodzenia \u017celaznych perci sprawia te\u017c, \u017ce coraz wi\u0119cej os\u00f3b szuka na via ferratach coraz to powa\u017cniejszych wyzwa\u0144.<\/b><\/p>\n<div id=\"ez-toc-container\" class=\"ez-toc-v2_0_85 counter-hierarchy ez-toc-counter ez-toc-light-blue ez-toc-container-direction\">\n<div class=\"ez-toc-title-container\">\n<p class=\"ez-toc-title\" style=\"cursor:inherit\">SPIS TRE\u015aCI <\/p>\n<span class=\"ez-toc-title-toggle\"><a href=\"#\" class=\"ez-toc-pull-right ez-toc-btn ez-toc-btn-xs ez-toc-btn-default ez-toc-toggle\" aria-label=\"Prze\u0142\u0105cznik Spisu Tre\u015bci\"><span class=\"ez-toc-js-icon-con\"><span class=\"\"><span class=\"eztoc-hide\" style=\"display:none;\">Toggle<\/span><span class=\"ez-toc-icon-toggle-span\"><svg style=\"fill: #999;color:#999\" xmlns=\"http:\/\/www.w3.org\/2000\/svg\" class=\"list-377408\" width=\"20px\" height=\"20px\" viewBox=\"0 0 24 24\" fill=\"none\"><path d=\"M6 6H4v2h2V6zm14 0H8v2h12V6zM4 11h2v2H4v-2zm16 0H8v2h12v-2zM4 16h2v2H4v-2zm16 0H8v2h12v-2z\" fill=\"currentColor\"><\/path><\/svg><svg style=\"fill: #999;color:#999\" class=\"arrow-unsorted-368013\" xmlns=\"http:\/\/www.w3.org\/2000\/svg\" width=\"10px\" height=\"10px\" viewBox=\"0 0 24 24\" version=\"1.2\" baseProfile=\"tiny\"><path d=\"M18.2 9.3l-6.2-6.3-6.2 6.3c-.2.2-.3.4-.3.7s.1.5.3.7c.2.2.4.3.7.3h11c.3 0 .5-.1.7-.3.2-.2.3-.5.3-.7s-.1-.5-.3-.7zM5.8 14.7l6.2 6.3 6.2-6.3c.2-.2.3-.5.3-.7s-.1-.5-.3-.7c-.2-.2-.4-.3-.7-.3h-11c-.3 0-.5.1-.7.3-.2.2-.3.5-.3.7s.1.5.3.7z\"\/><\/svg><\/span><\/span><\/span><\/a><\/span><\/div>\n<nav><ul class='ez-toc-list ez-toc-list-level-1 ' ><li class='ez-toc-page-1 ez-toc-heading-level-2'><a class=\"ez-toc-link ez-toc-heading-1\" href=\"https:\/\/www.skalnik.pl\/blog\/wiecej-niz-podstawowe-trio-czyli-co-jeszcze-zabrac-na-via-ferraty-2\/#Podstawowe_trio_kask_uprzaz_i_lonza\" >Podstawowe trio: kask, uprz\u0105\u017c i lon\u017ca<\/a><\/li><li class='ez-toc-page-1 ez-toc-heading-level-2'><a class=\"ez-toc-link ez-toc-heading-2\" href=\"https:\/\/www.skalnik.pl\/blog\/wiecej-niz-podstawowe-trio-czyli-co-jeszcze-zabrac-na-via-ferraty-2\/#Via_ferrata_%E2%80%93_kiedy_potrzeba_wiecej_sprzetu\" >Via ferrata \u2013 kiedy potrzeba wi\u0119cej sprz\u0119tu?<\/a><\/li><li class='ez-toc-page-1 ez-toc-heading-level-2'><a class=\"ez-toc-link ez-toc-heading-3\" href=\"https:\/\/www.skalnik.pl\/blog\/wiecej-niz-podstawowe-trio-czyli-co-jeszcze-zabrac-na-via-ferraty-2\/#Czego_uzywam_zawsze_na_ferratach\" >Czego u\u017cywam zawsze na ferratach<\/a><\/li><li class='ez-toc-page-1 ez-toc-heading-level-2'><a class=\"ez-toc-link ez-toc-heading-4\" href=\"https:\/\/www.skalnik.pl\/blog\/wiecej-niz-podstawowe-trio-czyli-co-jeszcze-zabrac-na-via-ferraty-2\/#Petla_i_karabinek\" >P\u0119tla i karabinek<\/a><\/li><li class='ez-toc-page-1 ez-toc-heading-level-2'><a class=\"ez-toc-link ez-toc-heading-5\" href=\"https:\/\/www.skalnik.pl\/blog\/wiecej-niz-podstawowe-trio-czyli-co-jeszcze-zabrac-na-via-ferraty-2\/#Lina_wspinaczkowa_na_ferrate\" >Lina wspinaczkowa na ferrat\u0119<\/a><ul class='ez-toc-list-level-3' ><li class='ez-toc-heading-level-3'><a class=\"ez-toc-link ez-toc-heading-6\" href=\"https:\/\/www.skalnik.pl\/blog\/wiecej-niz-podstawowe-trio-czyli-co-jeszcze-zabrac-na-via-ferraty-2\/#Odpowiednia_dlugosc_liny_na_ferraty\" >Odpowiednia d\u0142ugo\u015b\u0107 liny na ferraty<\/a><\/li><\/ul><\/li><li class='ez-toc-page-1 ez-toc-heading-level-2'><a class=\"ez-toc-link ez-toc-heading-7\" href=\"https:\/\/www.skalnik.pl\/blog\/wiecej-niz-podstawowe-trio-czyli-co-jeszcze-zabrac-na-via-ferraty-2\/#Dluga_petla_zamiast_liny\" >D\u0142uga p\u0119tla zamiast liny<\/a><\/li><li class='ez-toc-page-1 ez-toc-heading-level-2'><a class=\"ez-toc-link ez-toc-heading-8\" href=\"https:\/\/www.skalnik.pl\/blog\/wiecej-niz-podstawowe-trio-czyli-co-jeszcze-zabrac-na-via-ferraty-2\/#Ferrata_%E2%80%93_czekan_i_raki%E2%80%A6\" >Ferrata \u2013 czekan i raki&#8230;<\/a><\/li><li class='ez-toc-page-1 ez-toc-heading-level-2'><a class=\"ez-toc-link ez-toc-heading-9\" href=\"https:\/\/www.skalnik.pl\/blog\/wiecej-niz-podstawowe-trio-czyli-co-jeszcze-zabrac-na-via-ferraty-2\/#Via_ferraty_%E2%80%93_czy_zabrac_buty_wspinaczkowe\" >Via ferraty \u2013 czy zabra\u0107 buty wspinaczkowe?<\/a><\/li><\/ul><\/nav><\/div>\n<h2><span class=\"ez-toc-section\" id=\"Podstawowe_trio_kask_uprzaz_i_lonza\"><\/span>Podstawowe trio: kask, uprz\u0105\u017c i lon\u017ca<span class=\"ez-toc-section-end\"><\/span><\/h2>\n<p><img loading=\"lazy\" decoding=\"async\" class=\"size-medium wp-image-2201 alignright\" src=\"https:\/\/skalnik.pl\/blog\/wp-content\/uploads\/2017\/07\/full_via-ferrata-300x300.jpg\" alt=\"kask uprz\u0105\u017c lon\u017ca\" width=\"300\" height=\"300\" srcset=\"https:\/\/www.skalnik.pl\/blog\/wp-content\/uploads\/2017\/07\/full_via-ferrata-300x300.jpg 300w, https:\/\/www.skalnik.pl\/blog\/wp-content\/uploads\/2017\/07\/full_via-ferrata.jpg 600w\" sizes=\"auto, (max-width: 300px) 100vw, 300px\" \/>Niezb\u0119dne <a href=\"https:\/\/skalnik.pl\/sprzet-wspinaczkowy\/inne\/inne-via-ferraty\" target=\"_blank\" rel=\"noopener noreferrer\">wyposa\u017cenie na via ferraty<\/a> to kask wspinaczkowy, uprz\u0105\u017c i lon\u017ca. Bez takiego zestawu w zasadzie nie powinni\u015bmy nawet my\u015ble\u0107 o wyruszeniu w skaln\u0105 \u015bcian\u0119.<\/p>\n<p>KASK. Atestowany kask wspinaczkowy jest konieczny poniewa\u017c chroni g\u0142ow\u0119 przed spadaj\u0105cymi od\u0142amkami skalnymi i os\u0142ania j\u0105 przy odpadni\u0119ciu. Spadaj\u0105ce ma\u0142e fragmenty ska\u0142 i kamienie nie nale\u017c\u0105 do rzadko\u015bci. Lec\u0105cy z g\u00f3ry kamie\u0144 mo\u017ce przydarzy\u0107 si\u0119 szczeg\u00f3lnie na popularnych ferratach, kt\u00f3re przechodzi wi\u0119ksza liczba os\u00f3b.<\/p>\n<p>UPRZ\u0104\u017b. Uprz\u0105\u017c chroni przed upadkiem z wysoko\u015bci. Niezb\u0119dnym jest, \u017ceby uprz\u0105\u017c by\u0142a atestowana, przeznaczona do wspinaczki lub by\u0142a to specjalna uprz\u0105\u017c na via ferraty. Warto wiedzie\u0107, \u017ce na rynku dost\u0119pne s\u0105 uprz\u0119\u017ce dedykowane do via ferrat, ale ka\u017cda wspinaczkowa uprz\u0105\u017c mo\u017ce by\u0107 r\u00f3wnie skutecznie wykorzystywana na \u017celaznych perciach.<\/p>\n<p>LON\u017bA. W przypadku lon\u017cy kompromis\u00f3w ju\u017c \u017cadnych by\u0107 nie mo\u017ce. Kiedy idziesz na via ferrat\u0119, w twoim wyposa\u017ceniu musi znale\u017a\u0107 si\u0119 lon\u017ca z absorberem. Ka\u017cda lon\u017ca na via ferraty wyposa\u017cona jest w dwa ramiona z karabinkami (najcz\u0119\u015bciej posiadaj\u0105cymi automatyczn\u0105 blokad\u0119) oraz absorber poch\u0142aniaj\u0105cy energi\u0119 ewentualnego upadku.<\/p>\n<p>Takie trio to na ferratach absolutne must have. Cho\u0107 na wielu drogach ze sztucznymi u\u0142atwieniami przyda\u0107 si\u0119 mo\u017ce dodatkowe wyposa\u017cenie.<\/p>\n<div id=\"attachment_3259\" style=\"width: 1034px\" class=\"wp-caption aligncenter\"><img loading=\"lazy\" decoding=\"async\" aria-describedby=\"caption-attachment-3259\" class=\"wp-image-3259 size-large\" src=\"https:\/\/skalnik.pl\/blog\/wp-content\/uploads\/2017\/07\/via_lonza-1024x686.jpg\" alt=\"\" width=\"1024\" height=\"686\" srcset=\"https:\/\/www.skalnik.pl\/blog\/wp-content\/uploads\/2017\/07\/via_lonza-1024x686.jpg 1024w, https:\/\/www.skalnik.pl\/blog\/wp-content\/uploads\/2017\/07\/via_lonza-300x201.jpg 300w, https:\/\/www.skalnik.pl\/blog\/wp-content\/uploads\/2017\/07\/via_lonza-768x514.jpg 768w, https:\/\/www.skalnik.pl\/blog\/wp-content\/uploads\/2017\/07\/via_lonza.jpg 1549w\" sizes=\"auto, (max-width: 1024px) 100vw, 1024px\" \/><p id=\"caption-attachment-3259\" class=\"wp-caption-text\">Lon\u017ca Ocun Taja w swoim \u017cywiole. Dolomity.<\/p><\/div>\n<h2><span class=\"ez-toc-section\" id=\"Via_ferrata_%E2%80%93_kiedy_potrzeba_wiecej_sprzetu\"><\/span>Via ferrata \u2013 kiedy potrzeba wi\u0119cej sprz\u0119tu?<span class=\"ez-toc-section-end\"><\/span><\/h2>\n<p>Nie warto zak\u0142ada\u0107 zawsze, \u017ce podstawowy zestaw na via ferraty pozwoli przej\u015b\u0107 ka\u017cd\u0105 drog\u0119. Drogi wspinaczkowe z u\u0142atwieniami w postaci stalowych lin asekuracyjnych, klamr, kotew, stopni i mostk\u00f3w maj\u0105 zr\u00f3\u017cnicowan\u0105 trudno\u015b\u0107. Planuj\u0105c przej\u015bcie via ferraty nale\u017cy wzi\u0105\u0107 to pod uwag\u0119 i zastanowi\u0107 si\u0119, czy na danej drodze nie b\u0119dzie potrzebna dodatkowa asekuracja. Potrzeba stosowania dodatkowej asekuracji mo\u017ce wyst\u0105pi\u0107 r\u00f3wnie\u017c niezale\u017cnie od trudno\u015bci ferraty podanej w przewodniku. Zawsze warto wkalkulowa\u0107 zmienn\u0105 pogod\u0119. Deszcz przecie\u017c mo\u017ce b\u0142yskawicznie zwi\u0119kszy\u0107 trudno\u015b\u0107 przej\u015bcia danej ferraty. Ale czynniki atmosferyczne to tylko jeden z aspekt\u00f3w. Ferraty najcz\u0119\u015bciej pokonuje si\u0119 w zespo\u0142ach, a nie w pojedynk\u0119.<\/p>\n<p>Przed zespo\u0142owym wyruszeniem na ferrat\u0119 warto oceni\u0107 do\u015bwiadczenie i predyspozycje swoich partner\u00f3w. Czasem mo\u017ce okaza\u0107 si\u0119, \u017ce kto\u015b z twoich towarzyszy b\u0119dzie potrzebowa\u0107 pomocy na najtrudniejszych odcinkach drogi. Znaczenie mo\u017ce mie\u0107 nie tylko g\u00f3rskie do\u015bwiadczenie. Czasem nawet chwilowa niedyspozycja \u2013 na kt\u00f3r\u0105 wp\u0142ywa cho\u0107by zm\u0119czenie \u2013 mo\u017ce zablokowa\u0107 kogo\u015b skaln\u0105 trudno\u015bci\u0105. Bywa, \u017ce takie miejsce jest dla danej osoby nie do przej\u015bcia przy asekuracji z samej lon\u017cy via ferrata z absorberem.<\/p>\n<div id=\"attachment_2202\" style=\"width: 680px\" class=\"wp-caption aligncenter\"><img loading=\"lazy\" decoding=\"async\" aria-describedby=\"caption-attachment-2202\" class=\"wp-image-2202 size-full\" src=\"https:\/\/skalnik.pl\/blog\/wp-content\/uploads\/2017\/07\/09354650.jpg\" alt=\"via ferraty\" width=\"670\" height=\"446\" srcset=\"https:\/\/www.skalnik.pl\/blog\/wp-content\/uploads\/2017\/07\/09354650.jpg 670w, https:\/\/www.skalnik.pl\/blog\/wp-content\/uploads\/2017\/07\/09354650-300x200.jpg 300w\" sizes=\"auto, (max-width: 670px) 100vw, 670px\" \/><p id=\"caption-attachment-2202\" class=\"wp-caption-text\">Nale\u017cy zastanowi\u0107 si\u0119, czy na danej drodze nie b\u0119dzie potrzebna dodatkowa asekuracja<\/p><\/div>\n<p><img loading=\"lazy\" decoding=\"async\" class=\"size-medium wp-image-2203 alignright\" src=\"https:\/\/skalnik.pl\/blog\/wp-content\/uploads\/2017\/07\/full_full_img_31749-300x300.jpg\" alt=\"r\u0119kawiczki na via ferraty\" width=\"300\" height=\"300\" srcset=\"https:\/\/www.skalnik.pl\/blog\/wp-content\/uploads\/2017\/07\/full_full_img_31749-300x300.jpg 300w, https:\/\/www.skalnik.pl\/blog\/wp-content\/uploads\/2017\/07\/full_full_img_31749.jpg 600w\" sizes=\"auto, (max-width: 300px) 100vw, 300px\" \/><\/p>\n<h2><span class=\"ez-toc-section\" id=\"Czego_uzywam_zawsze_na_ferratach\"><\/span>Czego u\u017cywam zawsze na ferratach<span class=\"ez-toc-section-end\"><\/span><\/h2>\n<p>Sk\u0142ama\u0142bym m\u00f3wi\u0105c, \u017ce na ferratach nie u\u017cywam tylko podstawowego wyposa\u017cenia. Na ka\u017cd\u0105 ferrat\u0119 zabieram r\u0119kawiczki. R\u0119kawiczki na via ferraty mog\u0105 by\u0107 pe\u0142ne lub bez palc\u00f3w. Pozwalaj\u0105 one chroni\u0107 sk\u00f3r\u0119 d\u0142oni. Ma to znaczenie szczeg\u00f3lnie na d\u0142ugich ferratach, a tak\u017ce latem. Cz\u0119ste przepinki, manewry sprz\u0119towe i wilgo\u0107 lubi\u0105 uszkadza\u0107 sk\u00f3r\u0119 d\u0142oni. R\u0119kawiczki chroni\u0105 d\u0142onie i znacznie u\u0142atwiaj\u0105 chwytanie stalowych klamer, czy stalowej liny asekuracyjnej. Czasem przeszkadzaj\u0105 w chwytaniu ska\u0142y, kt\u00f3r\u0105 najpewniej \u0142apie si\u0119 go\u0142\u0105 d\u0142oni\u0105. Zazwyczaj skalne trudno\u015bci nie s\u0105 jednak tak du\u017ce. R\u0119kawiczki w razie potrzeby mo\u017cna zawsze zawiesi\u0107 przy uprz\u0119\u017cy. Oczywi\u015bcie pod warunkiem, \u017ce jest na czym.<\/p>\n<p>Zawsze przydaj\u0105 si\u0119 do tego celu dodatkowe karabinki. Karabinki sprz\u0119towe lub ekspresowe mog\u0105 s\u0142u\u017cy\u0107 do noszenia ekwipunku. Na odpoczynku mo\u017cna na nich przymocowa\u0107 plecak. Do tego celu czasem nosz\u0119 jeden ekspres wspinaczkowy lub p\u0119tl\u0119 i karabinek.<\/p>\n<h2><span class=\"ez-toc-section\" id=\"Petla_i_karabinek\"><\/span><img loading=\"lazy\" decoding=\"async\" class=\"size-medium wp-image-2204 alignleft\" src=\"https:\/\/skalnik.pl\/blog\/wp-content\/uploads\/2017\/07\/full_kr\u00f3tka-300x300.jpg\" alt=\"p\u0119tla i karabinek\" width=\"300\" height=\"300\" srcset=\"https:\/\/www.skalnik.pl\/blog\/wp-content\/uploads\/2017\/07\/full_kr\u00f3tka-300x300.jpg 300w, https:\/\/www.skalnik.pl\/blog\/wp-content\/uploads\/2017\/07\/full_kr\u00f3tka.jpg 600w\" sizes=\"auto, (max-width: 300px) 100vw, 300px\" \/>P\u0119tla i karabinek<span class=\"ez-toc-section-end\"><\/span><\/h2>\n<p>Nie rozstaj\u0119 si\u0119 r\u00f3wnie\u017c z przynajmniej jednym karabinkiem zakr\u0119canym typu HMS i przynajmniej jedn\u0105 zszywana p\u0119tl\u0105 wspinaczkow\u0105.<\/p>\n<p>Nie wszystkie lon\u017ce via ferrata pozwalaj\u0105 zawisn\u0105\u0107 w uprz\u0119\u017cy do odpoczynku. W takich wypadkach <a href=\"https:\/\/skalnik.pl\/sprzet-wspinaczkowy\/wspinaczka\/wspinaczka-petle\">p\u0119tla wspinaczkowa<\/a> i karabinek s\u0105 niezast\u0105pione. Do odpoczynku, stabilizacji na stanowisku \u015bwietnie sprawdza si\u0119 p\u0119tla o d\u0142ugo\u015bci 60 cm i zakr\u0119cany karabinek. P\u0119tla powinna by\u0107 wykonana z poliamidu (nylonu), a nie dyneemy. Do uprz\u0119\u017cy wystarczy zamocowa\u0107 j\u0105 za pomoc\u0105 w\u0119z\u0142a zwanego \u201cg\u0142\u00f3wka skowronka\u201d. Je\u015bli chodzi za\u015b o karabinek, wybieram zawsze wi\u0119kszy zakr\u0119cany HMS, kt\u00f3ry oferuje du\u017cy prze\u015bwit otwartego zamka. Spotka\u0107 mo\u017cna na rynku karabinki na via ferraty z automatyczn\u0105 blokad\u0105. To r\u00f3wnie\u017c dobre rozwi\u0105zanie. Karabinek taki jak Vertigo z Petzla czy Via Ferrata marki Fixe, maj\u0105 por\u0119czny kszta\u0142t, samoczynn\u0105 blokad\u0119 i wi\u0119ksze rozmiary (w tym prze\u015bwit). Zdarza\u0142o mi si\u0119 u\u017cywa\u0107 nawet 30-centymetrowej p\u0119tli z modelem Via Ferrata marki Fixe i by\u0142o to ca\u0142kiem sprawny zestaw do autoasekuracji w czasie postoju.<\/p>\n<p>Warto wspomnie\u0107 o male\u0144kim detalu, kt\u00f3ry usprawnia dzia\u0142anie tego typu lon\u017cy. Do zestawu przydaje si\u0119 gumowy string stabilizuj\u0105cy pozycj\u0119 karabinka na ta\u015bmie. Taki element dodany do sztywnej lon\u017cy pozwoli ci szybciej wpina\u0107 i wypina\u0107 lon\u017c\u0119 i utrzyma karabinek zawsze w tym samym miejscu na ta\u015bmie.<\/p>\n<p><img loading=\"lazy\" decoding=\"async\" class=\"size-medium wp-image-2205 alignright\" src=\"https:\/\/skalnik.pl\/blog\/wp-content\/uploads\/2017\/07\/full_full_img_40873-300x300.jpg\" alt=\"lina wspinaczkowa\" width=\"300\" height=\"300\" srcset=\"https:\/\/www.skalnik.pl\/blog\/wp-content\/uploads\/2017\/07\/full_full_img_40873-300x300.jpg 300w, https:\/\/www.skalnik.pl\/blog\/wp-content\/uploads\/2017\/07\/full_full_img_40873.jpg 600w\" sizes=\"auto, (max-width: 300px) 100vw, 300px\" \/><\/p>\n<h2><span class=\"ez-toc-section\" id=\"Lina_wspinaczkowa_na_ferrate\"><\/span>Lina wspinaczkowa na ferrat\u0119<span class=\"ez-toc-section-end\"><\/span><\/h2>\n<p>Czasem przyda si\u0119 wi\u0119cej zakr\u0119canych karabink\u00f3w. Szczeg\u00f3lnie wtedy, gdy do twojego zestawu na \u017celazn\u0105 per\u0107 dojdzie lina. Lin\u0119 stosowa\u0107 mo\u017cna w kilku sytuacjach, na przyk\u0142ad:<\/p>\n<ul>\n<li>w miejscach pozbawionych stalowej liny asekuracyjnej,<\/li>\n<li>w miejscach trudnych do przej\u015bcia, gdzie istnieje wi\u0119ksze ryzyko odpadni\u0119cia,<\/li>\n<li>w miejscach, w kt\u00f3rych kotwy s\u0105 bardzo oddalone,<\/li>\n<li>do asekurowania mniej do\u015bwiadczonych os\u00f3b,<\/li>\n<li>do podej\u015b\u0107 na via ferraty przez lodowiec lub zbocza z polami \u015bnie\u017cno-lodowymi.<\/li>\n<\/ul>\n<p>Lin\u0119 powinna nosi\u0107 osoba najbardziej do\u015bwiadczona i znaj\u0105ca techniki asekurowania w g\u00f3rach. Podczas przechodzenia ferrat, lin\u0105 mo\u017cna asekurowa\u0107 z g\u00f3rnego stanowiska. Wystarczy wykona\u0107 na kotwie lub drabince stanowisko i skorzysta\u0107 z przyrz\u0105du asekuracyjnego do wspinaczki (oczywi\u015bcie takiego, kt\u00f3ry pozwala asekurowa\u0107 z g\u00f3ry). Do\u015bwiadczone osoby, kt\u00f3re nie zabra\u0142y przyrz\u0105du, mog\u0105 ewentualnie u\u017cy\u0107 w takim przypadku HMS-a i p\u00f3\u0142wyblinki.<\/p>\n<h3><span class=\"ez-toc-section\" id=\"Odpowiednia_dlugosc_liny_na_ferraty\"><\/span>Odpowiednia d\u0142ugo\u015b\u0107 liny na ferraty<span class=\"ez-toc-section-end\"><\/span><\/h3>\n<p>Wa\u017cna jest kwestia tego, jak d\u0142uga powinna by\u0107 lina na via ferraty. Do przej\u015bcia trudnych ferrat wystarczy lina 30-40 metrowa. Mo\u017ce to by\u0107 jedna z lin przeznaczona do wysokog\u00f3rskiej turystyki lub grani\u00f3wek. Sam u\u017cywam 30-metrowej liny Roca Trek o \u015brednicy 7,8 mm, atestowanej jako pojedyncza \u017cy\u0142a liny bli\u017aniaczej. Wspinaczkowe liny bli\u017aniacze lub po\u0142\u00f3wkowe \u2013 cho\u0107by lina Black Diamond 7,8 \u2013 pozwalaj\u0105 bezpiecznie asekurowa\u0107 si\u0119 na ferratach i przy przej\u015bciach lodowc\u00f3w.<\/p>\n<h2><span class=\"ez-toc-section\" id=\"Dluga_petla_zamiast_liny\"><\/span>D\u0142uga p\u0119tla zamiast liny<span class=\"ez-toc-section-end\"><\/span><\/h2>\n<p>Do bezpiecznego i szybkiego przemieszczania si\u0119 w miejscach z gorsz\u0105 asekuracj\u0105 mo\u017cna u\u017cy\u0107 r\u00f3wnie\u017c innego patentu. Na d\u0142ugiej p\u0119tli wspinaczkowej z poliamidu (200-300 cm) mo\u017cna zawi\u0105za\u0107 kilka w\u0119z\u0142\u00f3w, co kilkadziesi\u0105t centymetr\u00f3w. Tworzy si\u0119 w ten spos\u00f3b sie\u0107 oczek, kt\u00f3ra przypomina troch\u0119 ta\u015bm\u0119 daisy chain. Ta\u015bm\u0119 instaluje si\u0119 na kotwie. Mniej wprawiona w przechodzeniu ferrat osoba, mo\u017ce stosowa\u0107 oczka na p\u0119tli do wpinania jednego z ramion lon\u017cy. Nale\u017cy pami\u0119ta\u0107 przy tym, \u017ceby drugie rami\u0119 by\u0142o z a w s z e wpi\u0119te w stalow\u0105 lin\u0119! Dzi\u0119ki temu wyeliminowa\u0107 mo\u017cna ryzyko d\u0142ugiego lotu na fragmentach, gdzie kotwy s\u0105 bardzo oddalone od siebie, a tak\u017ce skutecznie doda\u0107 odwagi komu\u015b, kto przy pokonywaniu technicznego terenu ma wi\u0119ksze trudno\u015bci.<\/p>\n<h2><span class=\"ez-toc-section\" id=\"Ferrata_%E2%80%93_czekan_i_raki%E2%80%A6\"><\/span>Ferrata \u2013 czekan i raki&#8230;<span class=\"ez-toc-section-end\"><\/span><\/h2>\n<p>To nie \u017cart. Raki i czekan na via ferraty to czasem niezb\u0119dny ekwipunek. Warto pami\u0119ta\u0107, \u017ce wiele dzisiejszych ferrat to klasyczne drogi prowadz\u0105ce na alpejskie szczyty. Ferraty prowadz\u0105ce na najwy\u017csze g\u00f3ry mog\u0105 wymaga\u0107 podej\u015b\u0107 przez lodowce lub pola \u015bnie\u017cne. Sytuacja dotyczy nawet s\u0142ynnych Dolomit\u00f3w w gor\u0105cej Italii. W Dolomitach Brenta, a tak\u017ce na Marmoladzie, kt\u00f3ra jako najwy\u017cszy masyw Dolomit\u00f3w nieustannie elektryzuje turyst\u00f3w, raki i czekan potrzebne s\u0105 nawet w pe\u0142ni lata. Gwarantuj\u0119, \u017ce w sierpniu na ferracie Hanns-Seiffert-Weg prowadz\u0105cej na najwy\u017cszy wierzcho\u0142ek Marmolady, raki by\u0142y potrzebne. Nie tylko dlatego, \u017ce w d\u00f3\u0142 schodzili\u015bmy lodowcem, ale dlatego, \u017ce dwie noce wcze\u015bniej spad\u0142 \u015bnieg, a ska\u0142a w wielu fragmentach by\u0142a oblodzona.<\/p>\n<div class=\"page_gallery\">\n\n\t\t<style type=\"text\/css\">\n\t\t\t#gallery-1 {\n\t\t\t\tmargin: auto;\n\t\t\t}\n\t\t\t#gallery-1 .gallery-item {\n\t\t\t\tfloat: left;\n\t\t\t\tmargin-top: 10px;\n\t\t\t\ttext-align: center;\n\t\t\t\twidth: 33%;\n\t\t\t}\n\t\t\t#gallery-1 img {\n\t\t\t\tborder: 2px solid #cfcfcf;\n\t\t\t}\n\t\t\t#gallery-1 .gallery-caption {\n\t\t\t\tmargin-left: 0;\n\t\t\t}\n\t\t\t\/* see gallery_shortcode() in wp-includes\/media.php *\/\n\t\t<\/style>\n\t\t<div id='gallery-1' class='gallery galleryid-643 gallery-columns-3 gallery-size-large'><dl class='gallery-item'>\n\t\t\t<dt class='gallery-icon landscape'>\n\t\t\t\t<img loading=\"lazy\" decoding=\"async\" width=\"1024\" height=\"685\" src=\"https:\/\/www.skalnik.pl\/blog\/wp-content\/uploads\/2017\/07\/via_polelodowe-1024x685.jpg\" class=\"attachment-large size-large\" alt=\"\" aria-describedby=\"gallery-1-3276\" srcset=\"https:\/\/www.skalnik.pl\/blog\/wp-content\/uploads\/2017\/07\/via_polelodowe-1024x685.jpg 1024w, https:\/\/www.skalnik.pl\/blog\/wp-content\/uploads\/2017\/07\/via_polelodowe-300x201.jpg 300w, https:\/\/www.skalnik.pl\/blog\/wp-content\/uploads\/2017\/07\/via_polelodowe-768x514.jpg 768w, https:\/\/www.skalnik.pl\/blog\/wp-content\/uploads\/2017\/07\/via_polelodowe.jpg 1409w\" sizes=\"auto, (max-width: 1024px) 100vw, 1024px\" \/>\n\t\t\t<\/dt>\n\t\t\t\t<dd class='wp-caption-text gallery-caption' id='gallery-1-3276'>\n\t\t\t\tNa pocz\u0105tek ferraty podchodzi si\u0119 przez pole \u015bniegu i lodu. \n\t\t\t\t<\/dd><\/dl><dl class='gallery-item'>\n\t\t\t<dt class='gallery-icon landscape'>\n\t\t\t\t<img loading=\"lazy\" decoding=\"async\" width=\"1024\" height=\"685\" src=\"https:\/\/www.skalnik.pl\/blog\/wp-content\/uploads\/2017\/07\/via_hansseiffertweg-1024x685.jpg\" class=\"attachment-large size-large\" alt=\"\" aria-describedby=\"gallery-1-3277\" srcset=\"https:\/\/www.skalnik.pl\/blog\/wp-content\/uploads\/2017\/07\/via_hansseiffertweg-1024x685.jpg 1024w, https:\/\/www.skalnik.pl\/blog\/wp-content\/uploads\/2017\/07\/via_hansseiffertweg-300x201.jpg 300w, https:\/\/www.skalnik.pl\/blog\/wp-content\/uploads\/2017\/07\/via_hansseiffertweg-768x514.jpg 768w, https:\/\/www.skalnik.pl\/blog\/wp-content\/uploads\/2017\/07\/via_hansseiffertweg.jpg 1170w\" sizes=\"auto, (max-width: 1024px) 100vw, 1024px\" \/>\n\t\t\t<\/dt>\n\t\t\t\t<dd class='wp-caption-text gallery-caption' id='gallery-1-3277'>\n\t\t\t\tSierpie\u0144 w pe\u0142ni. L\u00f3d i \u015bnieg na ferracie Hanns-Seiffert-Weg.\n\t\t\t\t<\/dd><\/dl><dl class='gallery-item'>\n\t\t\t<dt class='gallery-icon landscape'>\n\t\t\t\t<img loading=\"lazy\" decoding=\"async\" width=\"1024\" height=\"709\" src=\"https:\/\/www.skalnik.pl\/blog\/wp-content\/uploads\/2017\/07\/via_puntapenia-1024x709.jpg\" class=\"attachment-large size-large\" alt=\"\" aria-describedby=\"gallery-1-3278\" srcset=\"https:\/\/www.skalnik.pl\/blog\/wp-content\/uploads\/2017\/07\/via_puntapenia-1024x709.jpg 1024w, https:\/\/www.skalnik.pl\/blog\/wp-content\/uploads\/2017\/07\/via_puntapenia-300x208.jpg 300w, https:\/\/www.skalnik.pl\/blog\/wp-content\/uploads\/2017\/07\/via_puntapenia-768x532.jpg 768w, https:\/\/www.skalnik.pl\/blog\/wp-content\/uploads\/2017\/07\/via_puntapenia.jpg 1645w\" sizes=\"auto, (max-width: 1024px) 100vw, 1024px\" \/>\n\t\t\t<\/dt>\n\t\t\t\t<dd class='wp-caption-text gallery-caption' id='gallery-1-3278'>\n\t\t\t\tZej\u015bcie z Punta Penia przez lodowiec wymaga posiadania liny, rak\u00f3w i czekana. \n\t\t\t\t<\/dd><\/dl><br style=\"clear: both\" \/>\n\t\t<\/div>\n\n<\/div>\n<h2><span class=\"ez-toc-section\" id=\"Via_ferraty_%E2%80%93_czy_zabrac_buty_wspinaczkowe\"><\/span>Via ferraty \u2013 czy zabra\u0107 buty wspinaczkowe?<span class=\"ez-toc-section-end\"><\/span><\/h2>\n<p>Na ferraty zak\u0142ada si\u0119 najcz\u0119\u015bciej <a href=\"https:\/\/www.skalnik.pl\/buty\/buty-meskie\">buty trekkingowe<\/a>. Mog\u0105 to by\u0107 buty wysokie lub niskie. Ferraty wygodnie pokonuje si\u0119 w niskich butach trekkingowych, nazywanych te\u017c butami podej\u015bciowymi. W obuwiu tym mo\u017cna precyzyjnie stawia\u0107 stopy. Via ferraty z powodzeniem mo\u017cna pokonywa\u0107 r\u00f3wnie\u017c w wysokich butach trekkingowych lub butach o \u015brednim profilu. Wy\u017csze buty s\u0105 zreszt\u0105 wygodniejsze na podej\u015bciach prowadz\u0105cych piargami. Tych nie brakuje cho\u0107by w Dolomitach. Na najtrudniejszych ferratach mog\u0105 przyda\u0107 si\u0119 tak\u017ce buty wspinaczkowe. To jednak wyb\u00f3r dla os\u00f3b wyruszaj\u0105cych na najtrudniejsze \u017celazne percie, kt\u00f3re poprowadzone s\u0105 na przyk\u0142ad po drogach pierwszych zdobywc\u00f3w danej turni. Buty wspinaczkowe przydadz\u0105 si\u0119 tam, gdzie nogi pracowa\u0107 b\u0119d\u0105 metod\u0105 \u201cna tarcie\u201d. Najpopularniejsze ferraty nie wymagaj\u0105 jednak stosowania obuwia wspinaczkowego.<\/p>\n<p>\u00a0<\/p>\n<p>Przygoda z via ferratami jest bardzo ekscytuj\u0105ca i na pewno dostarcza wi\u0119cej wra\u017ce\u0144 ni\u017c turystyka po zwyk\u0142ym szlaku. Trzeba jednak pami\u0119ta\u0107, \u017ce nie ka\u017cda ferrata jest dost\u0119pna z marszu zwyk\u0142emu tury\u015bcie. Na niekt\u00f3re percie trzeba si\u0119 dobrze przygotowa\u0107, nawet nauczy\u0107 technik asekuracji, b\u0105d\u017a wspinaczkowych sposob\u00f3w pokonywania skalnego terenu. Do ka\u017cdej takie przygody musisz przygotowa\u0107 si\u0119 te\u017c czytaj\u0105c o regionie i konkretnych ferratach, na kt\u00f3re si\u0119 wybierasz. Przyk\u0142adowo, jad\u0105c w Dolomity nie zapomnij zajrze\u0107 do przewodnik\u00f3w <i><a href=\"https:\/\/dolomitynaferratach-przewodnik.pl\/sklep\/\" rel=\"nofollow \">Dolomity na ferratach<\/a>.<\/i><\/p>\n\n\n<p><\/p>\n","protected":false},"excerpt":{"rendered":"<p>Via ferraty staj\u0105 si\u0119 coraz popularniejsze. Ju\u017c nie tylko s\u0142ynne Dolomity oferuj\u0105 \u201clufiaste\u201d w\u0119dr\u00f3wki, podczas kt\u00f3rych konieczne jest u\u017cywanie specjalistycznego sprz\u0119tu. Lon\u017ca, kask i uprz\u0105\u017c to podstawa. Ale nie zawsze taki zestaw jest wystarczaj\u0105cy do pokonania via ferraty. Wszystko zale\u017cy od obranych cel\u00f3w, pogody i kondycji fizycznej i psychicznej. Prosta ferrata mo\u017ce sta\u0107 si\u0119 skrajnie trudn\u0105 po opadach deszczu, a trudno\u015bci wydawa\u0107 si\u0119 nie do przej\u015bcia przy zm\u0119czeniu po wielogodzinnej w\u0119dr\u00f3wce z elementami wspinaczki. Sprawd\u017a, co jeszcze mo\u017ce przyda\u0107 si\u0119 na ferratach. Opr\u00f3cz podstawowego sprz\u0119tu i r\u0119kawiczek, czasem warto zabra\u0107 lin\u0119, kilka zakr\u0119canych karabink\u00f3w, przyrz\u0105d asekuracyjny, a w wy\u017cszych g\u00f3rach nawet czekan i raki.<\/p>\n","protected":false},"author":8,"featured_media":927,"comment_status":"open","ping_status":"open","sticky":false,"template":"","format":"standard","meta":{"_acf_changed":false,"footnotes":""},"categories":[3],"tags":[90,112,20],"magento_category":[80],"magento_product":[],"class_list":["post-643","post","type-post","status-publish","format-standard","has-post-thumbnail","hentry","category-porady","tag-sprzet-wspinaczkowy","tag-via-ferrata","tag-wspinaczka"],"acf":[],"aioseo_notices":[],"aioseo_head":"\n\t\t<!-- All in One SEO 4.9.10 - aioseo.com -->\n\t<meta name=\"description\" content=\"Wybierasz si\u0119 na via ferraty i nie wiesz jaki sprz\u0119t ze sob\u0105 zabra\u0107? W tej poradzie radzimy co mo\u017ce okaza\u0107 si\u0119 przydatne opr\u00f3cz podstawowego trio, czyli kasku, uprz\u0119\u017cy i lon\u017cy \u2022 Wejd\u017a i dowiedz si\u0119 wi\u0119cej o wyposa\u017ceniu na via ferraty.\" \/>\n\t<meta name=\"robots\" content=\"max-image-preview:large\" \/>\n\t<meta name=\"author\" content=\"S\u0142awek Nosal\"\/>\n\t<link rel=\"canonical\" href=\"https:\/\/www.skalnik.pl\/blog\/wiecej-niz-podstawowe-trio-czyli-co-jeszcze-zabrac-na-via-ferraty-2\/\" \/>\n\t<meta name=\"generator\" content=\"All in One SEO (AIOSEO) 4.9.10\" \/>\n\t\t<meta property=\"og:locale\" content=\"pl_PL\" \/>\n\t\t<meta property=\"og:site_name\" content=\"blog Skalnik - Blog, porady, artyku\u0142y - blog Skalnik\" \/>\n\t\t<meta property=\"og:type\" content=\"article\" \/>\n\t\t<meta property=\"og:title\" content=\"Via ferrata \u2013 co zabra\u0107 na via ferraty - blog Skalnik\" \/>\n\t\t<meta property=\"og:description\" content=\"Wybierasz si\u0119 na via ferraty i nie wiesz jaki sprz\u0119t ze sob\u0105 zabra\u0107? W tej poradzie radzimy co mo\u017ce okaza\u0107 si\u0119 przydatne opr\u00f3cz podstawowego trio, czyli kasku, uprz\u0119\u017cy i lon\u017cy \u2022 Wejd\u017a i dowiedz si\u0119 wi\u0119cej o wyposa\u017ceniu na via ferraty.\" \/>\n\t\t<meta property=\"og:url\" content=\"https:\/\/www.skalnik.pl\/blog\/wiecej-niz-podstawowe-trio-czyli-co-jeszcze-zabrac-na-via-ferraty-2\/\" \/>\n\t\t<meta property=\"og:image\" content=\"https:\/\/skalnik.pl\/blog\/wp-content\/uploads\/2017\/07\/full_via-ferrata-300x300.jpg\" \/>\n\t\t<meta property=\"og:image:secure_url\" content=\"https:\/\/skalnik.pl\/blog\/wp-content\/uploads\/2017\/07\/full_via-ferrata-300x300.jpg\" \/>\n\t\t<meta property=\"article:tag\" content=\"porady\" \/>\n\t\t<meta property=\"article:tag\" content=\"sprz\u0119t wspinaczkowy\" \/>\n\t\t<meta property=\"article:tag\" content=\"via ferrata\" \/>\n\t\t<meta property=\"article:tag\" content=\"wspinaczka\" \/>\n\t\t<meta property=\"article:published_time\" content=\"2017-07-18T06:28:52+00:00\" \/>\n\t\t<meta property=\"article:modified_time\" content=\"2024-05-21T06:54:05+00:00\" \/>\n\t\t<meta name=\"twitter:card\" content=\"summary_large_image\" \/>\n\t\t<meta name=\"twitter:title\" content=\"Via ferrata \u2013 co zabra\u0107 na via ferraty - blog Skalnik\" \/>\n\t\t<meta name=\"twitter:description\" content=\"Wybierasz si\u0119 na via ferraty i nie wiesz jaki sprz\u0119t ze sob\u0105 zabra\u0107? W tej poradzie radzimy co mo\u017ce okaza\u0107 si\u0119 przydatne opr\u00f3cz podstawowego trio, czyli kasku, uprz\u0119\u017cy i lon\u017cy \u2022 Wejd\u017a i dowiedz si\u0119 wi\u0119cej o wyposa\u017ceniu na via ferraty.\" \/>\n\t\t<meta name=\"twitter:image\" content=\"https:\/\/skalnik.pl\/blog\/wp-content\/uploads\/2017\/07\/full_via-ferrata-300x300.jpg\" \/>\n\t\t<script type=\"application\/ld+json\" class=\"aioseo-schema\">\n\t\t\t{\"@context\":\"https:\\\/\\\/schema.org\",\"@graph\":[{\"@type\":\"BlogPosting\",\"@id\":\"https:\\\/\\\/www.skalnik.pl\\\/blog\\\/wiecej-niz-podstawowe-trio-czyli-co-jeszcze-zabrac-na-via-ferraty-2\\\/#blogposting\",\"name\":\"Via ferrata \\u2013 co zabra\\u0107 na via ferraty - blog Skalnik\",\"headline\":\"Via ferrata &#8211; co zabra\\u0107 na via ferraty\",\"author\":{\"@id\":\"https:\\\/\\\/www.skalnik.pl\\\/blog\\\/author\\\/slawek-nosal\\\/#author\"},\"publisher\":{\"@id\":\"https:\\\/\\\/www.skalnik.pl\\\/blog\\\/#organization\"},\"image\":{\"@type\":\"ImageObject\",\"url\":\"https:\\\/\\\/www.skalnik.pl\\\/blog\\\/wp-content\\\/uploads\\\/2017\\\/07\\\/2017-07-18_via_ferraty.jpg\",\"width\":1920,\"height\":705,\"caption\":\"via ferraty\"},\"datePublished\":\"2017-07-18T08:28:52+02:00\",\"dateModified\":\"2024-05-21T08:54:05+02:00\",\"inLanguage\":\"pl-PL\",\"mainEntityOfPage\":{\"@id\":\"https:\\\/\\\/www.skalnik.pl\\\/blog\\\/wiecej-niz-podstawowe-trio-czyli-co-jeszcze-zabrac-na-via-ferraty-2\\\/#webpage\"},\"isPartOf\":{\"@id\":\"https:\\\/\\\/www.skalnik.pl\\\/blog\\\/wiecej-niz-podstawowe-trio-czyli-co-jeszcze-zabrac-na-via-ferraty-2\\\/#webpage\"},\"articleSection\":\"Porady, sprz\\u0119t wspinaczkowy, via ferrata, wspinaczka, 1191\"},{\"@type\":\"BreadcrumbList\",\"@id\":\"https:\\\/\\\/www.skalnik.pl\\\/blog\\\/wiecej-niz-podstawowe-trio-czyli-co-jeszcze-zabrac-na-via-ferraty-2\\\/#breadcrumblist\",\"itemListElement\":[{\"@type\":\"ListItem\",\"@id\":\"https:\\\/\\\/www.skalnik.pl\\\/blog#listItem\",\"position\":1,\"name\":\"Home\",\"item\":\"https:\\\/\\\/www.skalnik.pl\\\/blog\",\"nextItem\":{\"@type\":\"ListItem\",\"@id\":\"https:\\\/\\\/www.skalnik.pl\\\/blog\\\/.\\\/porady\\\/#listItem\",\"name\":\"Porady\"}},{\"@type\":\"ListItem\",\"@id\":\"https:\\\/\\\/www.skalnik.pl\\\/blog\\\/.\\\/porady\\\/#listItem\",\"position\":2,\"name\":\"Porady\",\"item\":\"https:\\\/\\\/www.skalnik.pl\\\/blog\\\/.\\\/porady\\\/\",\"nextItem\":{\"@type\":\"ListItem\",\"@id\":\"https:\\\/\\\/www.skalnik.pl\\\/blog\\\/wiecej-niz-podstawowe-trio-czyli-co-jeszcze-zabrac-na-via-ferraty-2\\\/#listItem\",\"name\":\"Via ferrata &#8211; co zabra\\u0107 na via ferraty\"},\"previousItem\":{\"@type\":\"ListItem\",\"@id\":\"https:\\\/\\\/www.skalnik.pl\\\/blog#listItem\",\"name\":\"Home\"}},{\"@type\":\"ListItem\",\"@id\":\"https:\\\/\\\/www.skalnik.pl\\\/blog\\\/wiecej-niz-podstawowe-trio-czyli-co-jeszcze-zabrac-na-via-ferraty-2\\\/#listItem\",\"position\":3,\"name\":\"Via ferrata &#8211; co zabra\\u0107 na via ferraty\",\"previousItem\":{\"@type\":\"ListItem\",\"@id\":\"https:\\\/\\\/www.skalnik.pl\\\/blog\\\/.\\\/porady\\\/#listItem\",\"name\":\"Porady\"}}]},{\"@type\":\"Organization\",\"@id\":\"https:\\\/\\\/www.skalnik.pl\\\/blog\\\/#organization\",\"name\":\"blog Skalnik\",\"description\":\"Blog, porady, artyku\\u0142y - blog Skalnik\",\"url\":\"https:\\\/\\\/www.skalnik.pl\\\/blog\\\/\"},{\"@type\":\"Person\",\"@id\":\"https:\\\/\\\/www.skalnik.pl\\\/blog\\\/author\\\/slawek-nosal\\\/#author\",\"url\":\"https:\\\/\\\/www.skalnik.pl\\\/blog\\\/author\\\/slawek-nosal\\\/\",\"name\":\"S\\u0142awek Nosal\",\"image\":{\"@type\":\"ImageObject\",\"@id\":\"https:\\\/\\\/www.skalnik.pl\\\/blog\\\/wiecej-niz-podstawowe-trio-czyli-co-jeszcze-zabrac-na-via-ferraty-2\\\/#authorImage\",\"url\":\"https:\\\/\\\/secure.gravatar.com\\\/avatar\\\/376f39150afcfc713e809ef8313d42dee4210bb1425eaad8153efa8965009197?s=96&d=mm&r=g\",\"width\":96,\"height\":96,\"caption\":\"S\\u0142awek Nosal\"}},{\"@type\":\"WebPage\",\"@id\":\"https:\\\/\\\/www.skalnik.pl\\\/blog\\\/wiecej-niz-podstawowe-trio-czyli-co-jeszcze-zabrac-na-via-ferraty-2\\\/#webpage\",\"url\":\"https:\\\/\\\/www.skalnik.pl\\\/blog\\\/wiecej-niz-podstawowe-trio-czyli-co-jeszcze-zabrac-na-via-ferraty-2\\\/\",\"name\":\"Via ferrata \\u2013 co zabra\\u0107 na via ferraty - blog Skalnik\",\"description\":\"Wybierasz si\\u0119 na via ferraty i nie wiesz jaki sprz\\u0119t ze sob\\u0105 zabra\\u0107? W tej poradzie radzimy co mo\\u017ce okaza\\u0107 si\\u0119 przydatne opr\\u00f3cz podstawowego trio, czyli kasku, uprz\\u0119\\u017cy i lon\\u017cy \\u2022 Wejd\\u017a i dowiedz si\\u0119 wi\\u0119cej o wyposa\\u017ceniu na via ferraty.\",\"inLanguage\":\"pl-PL\",\"isPartOf\":{\"@id\":\"https:\\\/\\\/www.skalnik.pl\\\/blog\\\/#website\"},\"breadcrumb\":{\"@id\":\"https:\\\/\\\/www.skalnik.pl\\\/blog\\\/wiecej-niz-podstawowe-trio-czyli-co-jeszcze-zabrac-na-via-ferraty-2\\\/#breadcrumblist\"},\"author\":{\"@id\":\"https:\\\/\\\/www.skalnik.pl\\\/blog\\\/author\\\/slawek-nosal\\\/#author\"},\"creator\":{\"@id\":\"https:\\\/\\\/www.skalnik.pl\\\/blog\\\/author\\\/slawek-nosal\\\/#author\"},\"image\":{\"@type\":\"ImageObject\",\"url\":\"https:\\\/\\\/www.skalnik.pl\\\/blog\\\/wp-content\\\/uploads\\\/2017\\\/07\\\/2017-07-18_via_ferraty.jpg\",\"@id\":\"https:\\\/\\\/www.skalnik.pl\\\/blog\\\/wiecej-niz-podstawowe-trio-czyli-co-jeszcze-zabrac-na-via-ferraty-2\\\/#mainImage\",\"width\":1920,\"height\":705,\"caption\":\"via ferraty\"},\"primaryImageOfPage\":{\"@id\":\"https:\\\/\\\/www.skalnik.pl\\\/blog\\\/wiecej-niz-podstawowe-trio-czyli-co-jeszcze-zabrac-na-via-ferraty-2\\\/#mainImage\"},\"datePublished\":\"2017-07-18T08:28:52+02:00\",\"dateModified\":\"2024-05-21T08:54:05+02:00\"},{\"@type\":\"WebSite\",\"@id\":\"https:\\\/\\\/www.skalnik.pl\\\/blog\\\/#website\",\"url\":\"https:\\\/\\\/www.skalnik.pl\\\/blog\\\/\",\"name\":\"blog Skalnik\",\"description\":\"Blog, porady, artyku\\u0142y - blog Skalnik\",\"inLanguage\":\"pl-PL\",\"publisher\":{\"@id\":\"https:\\\/\\\/www.skalnik.pl\\\/blog\\\/#organization\"}}]}\n\t\t<\/script>\n\t\t<!-- All in One SEO -->\n\n","aioseo_head_json":{"title":"Via ferrata \u2013 co zabra\u0107 na via ferraty - blog Skalnik","description":"Wybierasz si\u0119 na via ferraty i nie wiesz jaki sprz\u0119t ze sob\u0105 zabra\u0107? W tej poradzie radzimy co mo\u017ce okaza\u0107 si\u0119 przydatne opr\u00f3cz podstawowego trio, czyli kasku, uprz\u0119\u017cy i lon\u017cy \u2022 Wejd\u017a i dowiedz si\u0119 wi\u0119cej o wyposa\u017ceniu na via ferraty.","canonical_url":"https:\/\/www.skalnik.pl\/blog\/wiecej-niz-podstawowe-trio-czyli-co-jeszcze-zabrac-na-via-ferraty-2\/","robots":"max-image-preview:large","keywords":"","webmasterTools":{"miscellaneous":""},"schema":{"@context":"https:\/\/schema.org","@graph":[{"@type":"BlogPosting","@id":"https:\/\/www.skalnik.pl\/blog\/wiecej-niz-podstawowe-trio-czyli-co-jeszcze-zabrac-na-via-ferraty-2\/#blogposting","name":"Via ferrata \u2013 co zabra\u0107 na via ferraty - blog Skalnik","headline":"Via ferrata &#8211; co zabra\u0107 na via ferraty","author":{"@id":"https:\/\/www.skalnik.pl\/blog\/author\/slawek-nosal\/#author"},"publisher":{"@id":"https:\/\/www.skalnik.pl\/blog\/#organization"},"image":{"@type":"ImageObject","url":"https:\/\/www.skalnik.pl\/blog\/wp-content\/uploads\/2017\/07\/2017-07-18_via_ferraty.jpg","width":1920,"height":705,"caption":"via ferraty"},"datePublished":"2017-07-18T08:28:52+02:00","dateModified":"2024-05-21T08:54:05+02:00","inLanguage":"pl-PL","mainEntityOfPage":{"@id":"https:\/\/www.skalnik.pl\/blog\/wiecej-niz-podstawowe-trio-czyli-co-jeszcze-zabrac-na-via-ferraty-2\/#webpage"},"isPartOf":{"@id":"https:\/\/www.skalnik.pl\/blog\/wiecej-niz-podstawowe-trio-czyli-co-jeszcze-zabrac-na-via-ferraty-2\/#webpage"},"articleSection":"Porady, sprz\u0119t wspinaczkowy, via ferrata, wspinaczka, 1191"},{"@type":"BreadcrumbList","@id":"https:\/\/www.skalnik.pl\/blog\/wiecej-niz-podstawowe-trio-czyli-co-jeszcze-zabrac-na-via-ferraty-2\/#breadcrumblist","itemListElement":[{"@type":"ListItem","@id":"https:\/\/www.skalnik.pl\/blog#listItem","position":1,"name":"Home","item":"https:\/\/www.skalnik.pl\/blog","nextItem":{"@type":"ListItem","@id":"https:\/\/www.skalnik.pl\/blog\/.\/porady\/#listItem","name":"Porady"}},{"@type":"ListItem","@id":"https:\/\/www.skalnik.pl\/blog\/.\/porady\/#listItem","position":2,"name":"Porady","item":"https:\/\/www.skalnik.pl\/blog\/.\/porady\/","nextItem":{"@type":"ListItem","@id":"https:\/\/www.skalnik.pl\/blog\/wiecej-niz-podstawowe-trio-czyli-co-jeszcze-zabrac-na-via-ferraty-2\/#listItem","name":"Via ferrata &#8211; co zabra\u0107 na via ferraty"},"previousItem":{"@type":"ListItem","@id":"https:\/\/www.skalnik.pl\/blog#listItem","name":"Home"}},{"@type":"ListItem","@id":"https:\/\/www.skalnik.pl\/blog\/wiecej-niz-podstawowe-trio-czyli-co-jeszcze-zabrac-na-via-ferraty-2\/#listItem","position":3,"name":"Via ferrata &#8211; co zabra\u0107 na via ferraty","previousItem":{"@type":"ListItem","@id":"https:\/\/www.skalnik.pl\/blog\/.\/porady\/#listItem","name":"Porady"}}]},{"@type":"Organization","@id":"https:\/\/www.skalnik.pl\/blog\/#organization","name":"blog Skalnik","description":"Blog, porady, artyku\u0142y - blog Skalnik","url":"https:\/\/www.skalnik.pl\/blog\/"},{"@type":"Person","@id":"https:\/\/www.skalnik.pl\/blog\/author\/slawek-nosal\/#author","url":"https:\/\/www.skalnik.pl\/blog\/author\/slawek-nosal\/","name":"S\u0142awek Nosal","image":{"@type":"ImageObject","@id":"https:\/\/www.skalnik.pl\/blog\/wiecej-niz-podstawowe-trio-czyli-co-jeszcze-zabrac-na-via-ferraty-2\/#authorImage","url":"https:\/\/secure.gravatar.com\/avatar\/376f39150afcfc713e809ef8313d42dee4210bb1425eaad8153efa8965009197?s=96&d=mm&r=g","width":96,"height":96,"caption":"S\u0142awek Nosal"}},{"@type":"WebPage","@id":"https:\/\/www.skalnik.pl\/blog\/wiecej-niz-podstawowe-trio-czyli-co-jeszcze-zabrac-na-via-ferraty-2\/#webpage","url":"https:\/\/www.skalnik.pl\/blog\/wiecej-niz-podstawowe-trio-czyli-co-jeszcze-zabrac-na-via-ferraty-2\/","name":"Via ferrata \u2013 co zabra\u0107 na via ferraty - blog Skalnik","description":"Wybierasz si\u0119 na via ferraty i nie wiesz jaki sprz\u0119t ze sob\u0105 zabra\u0107? W tej poradzie radzimy co mo\u017ce okaza\u0107 si\u0119 przydatne opr\u00f3cz podstawowego trio, czyli kasku, uprz\u0119\u017cy i lon\u017cy \u2022 Wejd\u017a i dowiedz si\u0119 wi\u0119cej o wyposa\u017ceniu na via ferraty.","inLanguage":"pl-PL","isPartOf":{"@id":"https:\/\/www.skalnik.pl\/blog\/#website"},"breadcrumb":{"@id":"https:\/\/www.skalnik.pl\/blog\/wiecej-niz-podstawowe-trio-czyli-co-jeszcze-zabrac-na-via-ferraty-2\/#breadcrumblist"},"author":{"@id":"https:\/\/www.skalnik.pl\/blog\/author\/slawek-nosal\/#author"},"creator":{"@id":"https:\/\/www.skalnik.pl\/blog\/author\/slawek-nosal\/#author"},"image":{"@type":"ImageObject","url":"https:\/\/www.skalnik.pl\/blog\/wp-content\/uploads\/2017\/07\/2017-07-18_via_ferraty.jpg","@id":"https:\/\/www.skalnik.pl\/blog\/wiecej-niz-podstawowe-trio-czyli-co-jeszcze-zabrac-na-via-ferraty-2\/#mainImage","width":1920,"height":705,"caption":"via ferraty"},"primaryImageOfPage":{"@id":"https:\/\/www.skalnik.pl\/blog\/wiecej-niz-podstawowe-trio-czyli-co-jeszcze-zabrac-na-via-ferraty-2\/#mainImage"},"datePublished":"2017-07-18T08:28:52+02:00","dateModified":"2024-05-21T08:54:05+02:00"},{"@type":"WebSite","@id":"https:\/\/www.skalnik.pl\/blog\/#website","url":"https:\/\/www.skalnik.pl\/blog\/","name":"blog Skalnik","description":"Blog, porady, artyku\u0142y - blog Skalnik","inLanguage":"pl-PL","publisher":{"@id":"https:\/\/www.skalnik.pl\/blog\/#organization"}}]},"og:locale":"pl_PL","og:site_name":"blog Skalnik - Blog, porady, artyku\u0142y - blog Skalnik","og:type":"article","og:title":"Via ferrata \u2013 co zabra\u0107 na via ferraty - blog Skalnik","og:description":"Wybierasz si\u0119 na via ferraty i nie wiesz jaki sprz\u0119t ze sob\u0105 zabra\u0107? W tej poradzie radzimy co mo\u017ce okaza\u0107 si\u0119 przydatne opr\u00f3cz podstawowego trio, czyli kasku, uprz\u0119\u017cy i lon\u017cy \u2022 Wejd\u017a i dowiedz si\u0119 wi\u0119cej o wyposa\u017ceniu na via ferraty.","og:url":"https:\/\/www.skalnik.pl\/blog\/wiecej-niz-podstawowe-trio-czyli-co-jeszcze-zabrac-na-via-ferraty-2\/","og:image":"https:\/\/skalnik.pl\/blog\/wp-content\/uploads\/2017\/07\/full_via-ferrata-300x300.jpg","og:image:secure_url":"https:\/\/skalnik.pl\/blog\/wp-content\/uploads\/2017\/07\/full_via-ferrata-300x300.jpg","article:tag":["porady","sprz\u0119t wspinaczkowy","via ferrata","wspinaczka"],"article:published_time":"2017-07-18T06:28:52+00:00","article:modified_time":"2024-05-21T06:54:05+00:00","twitter:card":"summary_large_image","twitter:title":"Via ferrata \u2013 co zabra\u0107 na via ferraty - blog Skalnik","twitter:description":"Wybierasz si\u0119 na via ferraty i nie wiesz jaki sprz\u0119t ze sob\u0105 zabra\u0107? W tej poradzie radzimy co mo\u017ce okaza\u0107 si\u0119 przydatne opr\u00f3cz podstawowego trio, czyli kasku, uprz\u0119\u017cy i lon\u017cy \u2022 Wejd\u017a i dowiedz si\u0119 wi\u0119cej o wyposa\u017ceniu na via ferraty.","twitter:image":"https:\/\/skalnik.pl\/blog\/wp-content\/uploads\/2017\/07\/full_via-ferrata-300x300.jpg"},"aioseo_meta_data":{"post_id":"643","title":null,"description":"Wybierasz si\u0119 na via ferraty i nie wiesz jaki sprz\u0119t ze sob\u0105 zabra\u0107? W tej poradzie radzimy co mo\u017ce okaza\u0107 si\u0119 przydatne opr\u00f3cz podstawowego trio, czyli kasku, uprz\u0119\u017cy i lon\u017cy \u2022 Wejd\u017a i dowiedz si\u0119 wi\u0119cej o wyposa\u017ceniu na via ferraty.","keywords":[{"label":"via ferrata","value":"via ferrata"},{"label":"sprz\u0119t wspinaczkowy","value":"sprz\u0119t wspinaczkowy"}],"keyphrases":{"focus":{"keyphrase":"","score":0,"analysis":{"keyphraseInTitle":{"score":0,"maxScore":9,"error":1}}},"additional":[]},"primary_term":null,"canonical_url":null,"og_title":null,"og_description":null,"og_object_type":"default","og_image_type":"default","og_image_url":null,"og_image_width":null,"og_image_height":null,"og_image_custom_url":null,"og_image_custom_fields":null,"og_video":"","og_custom_url":null,"og_article_section":null,"og_article_tags":[],"twitter_use_og":false,"twitter_card":"default","twitter_image_type":"default","twitter_image_url":null,"twitter_image_custom_url":null,"twitter_image_custom_fields":null,"twitter_title":null,"twitter_description":null,"schema":{"blockGraphs":[],"customGraphs":[],"default":{"data":{"Article":[],"Course":[],"Dataset":[],"FAQPage":[],"Movie":[],"Person":[],"Product":[],"ProductReview":[],"Car":[],"Recipe":[],"Service":[],"SoftwareApplication":[],"WebPage":[]},"graphName":"","isEnabled":true},"graphs":[]},"schema_type":"default","schema_type_options":null,"pillar_content":false,"robots_default":true,"robots_noindex":false,"robots_noarchive":false,"robots_nosnippet":false,"robots_nofollow":false,"robots_noimageindex":false,"robots_noodp":false,"robots_notranslate":false,"robots_max_snippet":"-1","robots_max_videopreview":"-1","robots_max_imagepreview":"large","priority":null,"frequency":"default","local_seo":null,"breadcrumb_settings":null,"limit_modified_date":false,"ai":null,"created":"2022-08-26 09:47:59","updated":"2026-02-17 21:20:24","seo_analyzer_scan_date":null},"aioseo_breadcrumb":"<div class=\"aioseo-breadcrumbs\"><span class=\"aioseo-breadcrumb\">\n\t\t\t<a href=\"https:\/\/www.skalnik.pl\/blog\" title=\"Home\">Home<\/a>\n\t\t<\/span><span class=\"aioseo-breadcrumb-separator\">&raquo;<\/span><span class=\"aioseo-breadcrumb\">\n\t\t\t<a href=\"https:\/\/www.skalnik.pl\/blog\/.\/porady\/\" title=\"Porady\">Porady<\/a>\n\t\t<\/span><span class=\"aioseo-breadcrumb-separator\">&raquo;<\/span><span class=\"aioseo-breadcrumb\">\n\t\t\tVia ferrata \u2013 co zabra\u0107 na via ferraty\n\t\t<\/span><\/div>","aioseo_breadcrumb_json":[{"label":"Home","link":"https:\/\/www.skalnik.pl\/blog"},{"label":"Porady","link":"https:\/\/www.skalnik.pl\/blog\/.\/porady\/"},{"label":"Via ferrata &#8211; co zabra\u0107 na via ferraty","link":"https:\/\/www.skalnik.pl\/blog\/wiecej-niz-podstawowe-trio-czyli-co-jeszcze-zabrac-na-via-ferraty-2\/"}],"_links":{"self":[{"href":"https:\/\/www.skalnik.pl\/blog\/wp-json\/wp\/v2\/posts\/643","targetHints":{"allow":["GET"]}}],"collection":[{"href":"https:\/\/www.skalnik.pl\/blog\/wp-json\/wp\/v2\/posts"}],"about":[{"href":"https:\/\/www.skalnik.pl\/blog\/wp-json\/wp\/v2\/types\/post"}],"author":[{"embeddable":true,"href":"https:\/\/www.skalnik.pl\/blog\/wp-json\/wp\/v2\/users\/8"}],"replies":[{"embeddable":true,"href":"https:\/\/www.skalnik.pl\/blog\/wp-json\/wp\/v2\/comments?post=643"}],"version-history":[{"count":24,"href":"https:\/\/www.skalnik.pl\/blog\/wp-json\/wp\/v2\/posts\/643\/revisions"}],"predecessor-version":[{"id":26370,"href":"https:\/\/www.skalnik.pl\/blog\/wp-json\/wp\/v2\/posts\/643\/revisions\/26370"}],"wp:featuredmedia":[{"embeddable":true,"href":"https:\/\/www.skalnik.pl\/blog\/wp-json\/wp\/v2\/media\/927"}],"wp:attachment":[{"href":"https:\/\/www.skalnik.pl\/blog\/wp-json\/wp\/v2\/media?parent=643"}],"wp:term":[{"taxonomy":"category","embeddable":true,"href":"https:\/\/www.skalnik.pl\/blog\/wp-json\/wp\/v2\/categories?post=643"},{"taxonomy":"post_tag","embeddable":true,"href":"https:\/\/www.skalnik.pl\/blog\/wp-json\/wp\/v2\/tags?post=643"},{"taxonomy":"magento_category","embeddable":true,"href":"https:\/\/www.skalnik.pl\/blog\/wp-json\/wp\/v2\/magento_category?post=643"},{"taxonomy":"magento_product","embeddable":true,"href":"https:\/\/www.skalnik.pl\/blog\/wp-json\/wp\/v2\/magento_product?post=643"}],"curies":[{"name":"wp","href":"https:\/\/api.w.org\/{rel}","templated":true}]}}