{"id":6446,"date":"2019-04-16T12:29:04","date_gmt":"2019-04-16T10:29:04","guid":{"rendered":"https:\/\/skalnik.pl\/blog\/?p=6446"},"modified":"2022-07-08T13:20:15","modified_gmt":"2022-07-08T11:20:15","slug":"precip-eco-plus-test-lekkiej-kurtki-hardshell","status":"publish","type":"post","link":"https:\/\/www.skalnik.pl\/blog\/precip-eco-plus-test-lekkiej-kurtki-hardshell\/","title":{"rendered":"PreCip Eco Plus \u2013 test lekkiej kurtki hardshell"},"content":{"rendered":"<p><b>Przyznam si\u0119 od razu. Nie jestem fanem kurtek hardshell. Mimo tego, \u017ce lubi\u0119 mie\u0107 w plecaku jak najmniej, to zazwyczaj zabieram w g\u00f3ry dwie kurtki \u2013 oddychaj\u0105cy i chroni\u0105cy przed wiatrem softshell oraz hardshell, kt\u00f3ry najcz\u0119\u015bciej l\u0105duje jednak w baga\u017cu i pojawia si\u0119 dopiero, gdy zachodzi taka potrzeba.<\/b><\/p>\n<p>Do kurtek hardshell mam typowo interwencyjne podej\u015bcie. Nigdy tego nie kry\u0142em. Kto wie, mo\u017ce w\u0142a\u015bnie to sta\u0142o si\u0119 powodem, \u017ce to mnie przypad\u0142 do test\u00f3w pewien lekki hardshell Marmot. Chc\u0105c nie chc\u0105c ja i kurtka przeciwdeszczowa musieli\u015bmy si\u0119 na kilka d\u0142ugich tygodni zaprzyja\u017ani\u0107. Mo\u017ce wsp\u00f3\u0142pracownicy z firmy chcieli mi wyci\u0105\u0107 psikusa tak\u0105 przyja\u017ani\u0105, a mo\u017ce liczyli, \u017ce m\u00f3j sceptycyzm b\u0119dzie szans\u0105 na bardziej wywa\u017con\u0105 ocen\u0119. Dzi\u015b raport z tej znajomo\u015bci, czyli test kurtki <a href=\"https:\/\/skalnik.pl\/kurtka-precip-eco-plus-denim-678368\" target=\"_blank\" rel=\"noopener noreferrer\">Precip Eco Plus Jacket<\/a>.<\/p>\n<div id=\"ez-toc-container\" class=\"ez-toc-v2_0_85 counter-hierarchy ez-toc-counter ez-toc-light-blue ez-toc-container-direction\">\n<div class=\"ez-toc-title-container\">\n<p class=\"ez-toc-title\" style=\"cursor:inherit\">SPIS TRE\u015aCI <\/p>\n<span class=\"ez-toc-title-toggle\"><a href=\"#\" class=\"ez-toc-pull-right ez-toc-btn ez-toc-btn-xs ez-toc-btn-default ez-toc-toggle\" aria-label=\"Prze\u0142\u0105cznik Spisu Tre\u015bci\"><span class=\"ez-toc-js-icon-con\"><span class=\"\"><span class=\"eztoc-hide\" style=\"display:none;\">Toggle<\/span><span class=\"ez-toc-icon-toggle-span\"><svg style=\"fill: #999;color:#999\" xmlns=\"http:\/\/www.w3.org\/2000\/svg\" class=\"list-377408\" width=\"20px\" height=\"20px\" viewBox=\"0 0 24 24\" fill=\"none\"><path d=\"M6 6H4v2h2V6zm14 0H8v2h12V6zM4 11h2v2H4v-2zm16 0H8v2h12v-2zM4 16h2v2H4v-2zm16 0H8v2h12v-2z\" fill=\"currentColor\"><\/path><\/svg><svg style=\"fill: #999;color:#999\" class=\"arrow-unsorted-368013\" xmlns=\"http:\/\/www.w3.org\/2000\/svg\" width=\"10px\" height=\"10px\" viewBox=\"0 0 24 24\" version=\"1.2\" baseProfile=\"tiny\"><path d=\"M18.2 9.3l-6.2-6.3-6.2 6.3c-.2.2-.3.4-.3.7s.1.5.3.7c.2.2.4.3.7.3h11c.3 0 .5-.1.7-.3.2-.2.3-.5.3-.7s-.1-.5-.3-.7zM5.8 14.7l6.2 6.3 6.2-6.3c.2-.2.3-.5.3-.7s-.1-.5-.3-.7c-.2-.2-.4-.3-.7-.3h-11c-.3 0-.5.1-.7.3-.2.2-.3.5-.3.7s.1.5.3.7z\"\/><\/svg><\/span><\/span><\/span><\/a><\/span><\/div>\n<nav><ul class='ez-toc-list ez-toc-list-level-1 ' ><li class='ez-toc-page-1 ez-toc-heading-level-2'><a class=\"ez-toc-link ez-toc-heading-1\" href=\"https:\/\/www.skalnik.pl\/blog\/precip-eco-plus-test-lekkiej-kurtki-hardshell\/#Kurtki_Marmot_PreCip\" >Kurtki Marmot PreCip<\/a><\/li><li class='ez-toc-page-1 ez-toc-heading-level-2'><a class=\"ez-toc-link ez-toc-heading-2\" href=\"https:\/\/www.skalnik.pl\/blog\/precip-eco-plus-test-lekkiej-kurtki-hardshell\/#Uniwersalna_kurtka_przeciwdeszczowa\" >Uniwersalna kurtka przeciwdeszczowa<\/a><\/li><li class='ez-toc-page-1 ez-toc-heading-level-2'><a class=\"ez-toc-link ez-toc-heading-3\" href=\"https:\/\/www.skalnik.pl\/blog\/precip-eco-plus-test-lekkiej-kurtki-hardshell\/#Eco_Story_%E2%80%93_dlaczego_kurtka_PreCip_jest_eko\" >Eco Story \u2013 dlaczego kurtka PreCip jest eko<\/a><\/li><li class='ez-toc-page-1 ez-toc-heading-level-2'><a class=\"ez-toc-link ez-toc-heading-4\" href=\"https:\/\/www.skalnik.pl\/blog\/precip-eco-plus-test-lekkiej-kurtki-hardshell\/#Co_nowego_maja_kurtki_Marmot\" >Co nowego maj\u0105 kurtki Marmot<\/a><\/li><li class='ez-toc-page-1 ez-toc-heading-level-2'><a class=\"ez-toc-link ez-toc-heading-5\" href=\"https:\/\/www.skalnik.pl\/blog\/precip-eco-plus-test-lekkiej-kurtki-hardshell\/#Oko_w_oko_z_kurtka_Precip_Eco_Plus_%E2%80%93_test\" >Oko w oko z kurtk\u0105 Precip Eco Plus \u2013 test<\/a><\/li><li class='ez-toc-page-1 ez-toc-heading-level-2'><a class=\"ez-toc-link ez-toc-heading-6\" href=\"https:\/\/www.skalnik.pl\/blog\/precip-eco-plus-test-lekkiej-kurtki-hardshell\/#Pierwsze_wrazenie\" >Pierwsze wra\u017cenie<\/a><\/li><li class='ez-toc-page-1 ez-toc-heading-level-2'><a class=\"ez-toc-link ez-toc-heading-7\" href=\"https:\/\/www.skalnik.pl\/blog\/precip-eco-plus-test-lekkiej-kurtki-hardshell\/#Najwiekszy_atut\" >Najwi\u0119kszy atut<\/a><\/li><li class='ez-toc-page-1 ez-toc-heading-level-2'><a class=\"ez-toc-link ez-toc-heading-8\" href=\"https:\/\/www.skalnik.pl\/blog\/precip-eco-plus-test-lekkiej-kurtki-hardshell\/#To_co_najwazniejsze_%E2%80%93_wodoodpornosc_i_oddychalnosc\" >To co najwa\u017cniejsze \u2013 wodoodporno\u015b\u0107 i oddychalno\u015b\u0107<\/a><\/li><li class='ez-toc-page-1 ez-toc-heading-level-2'><a class=\"ez-toc-link ez-toc-heading-9\" href=\"https:\/\/www.skalnik.pl\/blog\/precip-eco-plus-test-lekkiej-kurtki-hardshell\/#Za_co_polubilem_kurtke_PreCip_Eco_Plus\" >Za co polubi\u0142em kurtk\u0119 PreCip Eco Plus<\/a><\/li><li class='ez-toc-page-1 ez-toc-heading-level-2'><a class=\"ez-toc-link ez-toc-heading-10\" href=\"https:\/\/www.skalnik.pl\/blog\/precip-eco-plus-test-lekkiej-kurtki-hardshell\/#Wygraj_kurtke_PreCip_Marmot\" >Wygraj kurtk\u0119 PreCip Marmot<\/a><\/li><\/ul><\/nav><\/div>\n<h2><span class=\"ez-toc-section\" id=\"Kurtki_Marmot_PreCip\"><\/span>Kurtki Marmot PreCip<span class=\"ez-toc-section-end\"><\/span><\/h2>\n<p>Mam takie podej\u015bcie \u2013 outdoor to nasze historie, nasze opowie\u015bci o dniach sp\u0119dzonych w g\u00f3rach. S\u0105 to oczywi\u015bcie te\u017c opowiadania o sprz\u0119cie. W przypadku produktu takiego jak kurtka PreCip tych opowie\u015bci jest bez liku. Kurtka ta pojawi\u0142a si\u0119 ponad 20 lat temu. Przez ten czas mia\u0142a okazj\u0119 si\u0119 sprawdzi\u0107 b\u0105d\u017a nie. Wszystko wskazuje na to, \u017ce mamy do czynienia z t\u0105 pierwsz\u0105 opcj\u0105.<\/p>\n<div id=\"attachment_6449\" style=\"width: 1034px\" class=\"wp-caption aligncenter\"><img loading=\"lazy\" decoding=\"async\" aria-describedby=\"caption-attachment-6449\" class=\"wp-image-6449 size-large\" src=\"https:\/\/skalnik.pl\/blog\/wp-content\/uploads\/2019\/04\/IMG_20190403_064518_705-1024x680.jpg\" alt=\"\" width=\"1024\" height=\"680\" srcset=\"https:\/\/www.skalnik.pl\/blog\/wp-content\/uploads\/2019\/04\/IMG_20190403_064518_705-1024x680.jpg 1024w, https:\/\/www.skalnik.pl\/blog\/wp-content\/uploads\/2019\/04\/IMG_20190403_064518_705-300x199.jpg 300w, https:\/\/www.skalnik.pl\/blog\/wp-content\/uploads\/2019\/04\/IMG_20190403_064518_705-768x510.jpg 768w, https:\/\/www.skalnik.pl\/blog\/wp-content\/uploads\/2019\/04\/IMG_20190403_064518_705.jpg 1080w\" sizes=\"auto, (max-width: 1024px) 100vw, 1024px\" \/><p id=\"caption-attachment-6449\" class=\"wp-caption-text\">Jeden z pierwszych wypad\u00f3w z testowan\u0105 kurtk\u0105. Na pocz\u0105tek Karkonosze.<\/p><\/div>\n<p>Nie produkuje si\u0119 przecie\u017c tak d\u0142ugo produkt\u00f3w, kt\u00f3re nie potrafi\u0105 si\u0119 broni\u0107. Przez ten czas producenci ulepszali i wprowadzali w kurtce pewne poprawki. Wydaje si\u0119, \u017ce proces ten szed\u0142 w dobr\u0105 stron\u0119, bo po dw\u00f3ch dekadach ta kurtka z membran\u0105 NanoPro\u2122 jest bestsellerem ameryka\u0144skiej marki i osi\u0105ga popularno\u015b\u0107 r\u00f3wn\u0105 kurtce Minimalist, kt\u00f3ra wykorzystuje przecie\u017c najs\u0142ynniejsz\u0105 membran\u0119 \u015bwiata.<\/p>\n<p>Fenomen kurtki PreCip trwa, a w tym roku produkt dopisuje kolejne karty swojej historii. Dlaczego? Przynajmniej z kilku powod\u00f3w. PreCip staje si\u0119 produktem bardziej ekologicznym, bardziej dopracowanym, a do rodziny tych kurtek do\u0142\u0105cza wersja PreCip Eco Plus, czyli model o bardziej technicznym wygl\u0105dzie.<\/p>\n<h2><span class=\"ez-toc-section\" id=\"Uniwersalna_kurtka_przeciwdeszczowa\"><\/span>Uniwersalna kurtka przeciwdeszczowa<span class=\"ez-toc-section-end\"><\/span><\/h2>\n<p>Marmot PreCip to kurtka uniwersalna. Podstawow\u0105 wersj\u0119 z kapturem chowanym w ko\u0142nierzu i patk\u0105 na zamku u\u017cytkownicy nosz\u0105 ch\u0119tnie zar\u00f3wno w g\u00f3rach, jak i w mie\u015bcie. Dla produktu takiego jak kurtka turystyczna to du\u017cy atut. Je\u015bli nie wierzysz &#8211; sprawd\u017a, w czym chodzi w deszczow\u0105 pogod\u0119 cho\u0107by obecny prezydent USA. Cho\u0107 ma on czasem z ekologi\u0105 na bakier, wszystko wskazuje na to, \u017ce nosi ca\u0142kiem ekologiczny produkt.<\/p>\n<h2><span class=\"ez-toc-section\" id=\"Eco_Story_%E2%80%93_dlaczego_kurtka_PreCip_jest_eko\"><\/span>Eco Story \u2013 dlaczego kurtka PreCip jest eko<span class=\"ez-toc-section-end\"><\/span><\/h2>\n<p>Nie da si\u0119 ju\u017c dzi\u015b ignorowa\u0107 negatywnego wp\u0142ywu przemys\u0142u \u2013 w tym przemys\u0142u odzie\u017cowego \u2013 na \u015brodowisko naturalne. Zar\u00f3wno u\u017cytkownicy odzie\u017cy g\u00f3rskiej, jak i jej producenci powinni podejmowa\u0107 wysi\u0142ki, by chroni\u0107 \u015brodowisko. To przecie\u017c natura jest miejscem, kt\u00f3re niezbywalnie \u0142\u0105czy si\u0119 z outdoorow\u0105 pasj\u0105.<\/p>\n<p>Materia\u0142 na kurtki PreCip Eco powstaje z recyklingowanego nylonu. Jest to spos\u00f3b marki na przetwarzanie odpad\u00f3w i jej strategia, w kt\u00f3rej d\u0105\u017cy ona do ograniczenia przyrostu \u015bmieci na naszej planecie. Nylonowy materia\u0142 zewn\u0119trzny w 100% wykonany jest z surowc\u00f3w wt\u00f3rnych. Kolejn\u0105 \u201czielon\u0105\u201d ide\u0105 marki <a href=\"https:\/\/skalnik.pl\/marmot\" target=\"_blank\" rel=\"noopener noreferrer\">Marmot<\/a>, kt\u00f3r\u0105 stosuje si\u0119 w tych kurtkach, jest rezygnacja ze szkodliwych zwi\u0105zk\u00f3w w hydrofobowych pow\u0142okach DWR. Na kurtkach PreCip Eco nie znajdziesz fluorokarbon\u00f3w (PFC), kt\u00f3re z deszczem sp\u0142ywaj\u0105 po materiale do gruntu i zatruwaj\u0105 go. Tak w\u0142a\u015bnie kurtka przeciwdeszczowa PreCip pisze swoje Eco Story.<\/p>\n<div id=\"attachment_6450\" style=\"width: 1034px\" class=\"wp-caption alignnone\"><img loading=\"lazy\" decoding=\"async\" aria-describedby=\"caption-attachment-6450\" class=\"wp-image-6450 size-large\" src=\"https:\/\/skalnik.pl\/blog\/wp-content\/uploads\/2019\/04\/IMG_20190411_061722_158-1024x685.jpg\" alt=\"\" width=\"1024\" height=\"685\" srcset=\"https:\/\/www.skalnik.pl\/blog\/wp-content\/uploads\/2019\/04\/IMG_20190411_061722_158-1024x685.jpg 1024w, https:\/\/www.skalnik.pl\/blog\/wp-content\/uploads\/2019\/04\/IMG_20190411_061722_158-300x201.jpg 300w, https:\/\/www.skalnik.pl\/blog\/wp-content\/uploads\/2019\/04\/IMG_20190411_061722_158-768x513.jpg 768w, https:\/\/www.skalnik.pl\/blog\/wp-content\/uploads\/2019\/04\/IMG_20190411_061722_158.jpg 1080w\" sizes=\"auto, (max-width: 1024px) 100vw, 1024px\" \/><p id=\"caption-attachment-6450\" class=\"wp-caption-text\">Prze\u0142om rzeki Pe\u0142cznicy. Rezerwat, w kt\u00f3rym niestety wida\u0107 jak potrzebna jest nam ekologiczna zmiana.<\/p><\/div>\n<h2><span class=\"ez-toc-section\" id=\"Co_nowego_maja_kurtki_Marmot\"><\/span>Co nowego maj\u0105 kurtki Marmot<span class=\"ez-toc-section-end\"><\/span><\/h2>\n<p>Producent deklaruje, \u017ce nowa linia kurtki PreCip to nie tylko od\u015bwie\u017cona kolorystyka i nowe warianty, lecz tak\u017ce ca\u0142kiem nowe technologie. Marmot we wsp\u00f3\u0142pracy z firm\u0105 Toray zrewolucjonizowa\u0142 proces wytwarzania swojej wodoodpornej membrany, w kt\u00f3rej mikroporowata membrana zyska\u0142a jednolit\u0105 i wytrzyma\u0142\u0105 struktur\u0119 polimer\u00f3w. W ten spos\u00f3b membrana NanoPro\u2122, w po\u0142\u0105czeniu z wyko\u0144czeniem Dry Touch, kt\u00f3re zast\u0119puje podszewk\u0119, ma sta\u0107 si\u0119 bardziej wytrzyma\u0142a. Tak to wygl\u0105da w teorii, a jak spisuje si\u0119 w praktyce?<\/p>\n<h2><span class=\"ez-toc-section\" id=\"Oko_w_oko_z_kurtka_Precip_Eco_Plus_%E2%80%93_test\"><\/span>Oko w oko z kurtk\u0105 Precip Eco Plus \u2013 test<span class=\"ez-toc-section-end\"><\/span><\/h2>\n<p>Z pewno\u015bci\u0105 to subiektywne odczucie, ale przyznam, \u017ce wersja PreCip Eco Plus przypad\u0142a mi do gustu bardziej ni\u017c podstawowy model. Mam ku temu swoje powody, cho\u0107 nie ka\u017cdy musi si\u0119 z nimi zgodzi\u0107.<\/p>\n<p>Kurtka w wersji z plusem wci\u0105\u017c pozostaje lekkim i ekstremalnie pakownym hardshellem idealnym do turystycznych zastosowa\u0144. Nie spos\u00f3b pomin\u0105\u0107 jednak kilku detali, kt\u00f3re zbli\u017caj\u0105 j\u0105 do kurtek bardziej technicznych w kroju. Inna konstrukcja g\u00f3rnej cz\u0119\u015bci, wymuszona pojawieniem si\u0119 gardy, czy zamek pozbawiony patki, to elementy, kt\u00f3re rzucaj\u0105 si\u0119 w oczy od razu. Mia\u0142em na szcz\u0119\u015bcie jednak troch\u0119 wi\u0119cej czasu, by sprawdzi\u0107 i doceni\u0107 lub nie ten model.<\/p>\n<p>Kurtk\u0119 testowa\u0142em na przestrzeni kilku ostatnich tygodni, wyruszaj\u0105c z ni\u0105 na turystyczne wycieczki w Sudety. Podczas wycieczek panowa\u0142y bardzo r\u00f3\u017cne warunki, od s\u0142o\u0144ca, po kwietniowe opady deszczu ze \u015bniegiem. Czasem porusza\u0142em si\u0119 w kurtce te\u017c po mie\u015bcie, by poznawa\u0107 j\u0105 przez jak najwi\u0119kszy przedzia\u0142 czasu.<\/p>\n<h2><span class=\"ez-toc-section\" id=\"Pierwsze_wrazenie\"><\/span>Pierwsze wra\u017cenie<span class=\"ez-toc-section-end\"><\/span><\/h2>\n<p>W nowych znajomo\u015bciach wa\u017cne jest pierwsze wra\u017cenie. Testowany model pozytywnie zaskoczy\u0142 ju\u017c na wst\u0119pie. R\u00f3wniute\u0144ko wykonane szwy, g\u0119sty ripstop na materiale zewn\u0119trznym, pi\u00f3rkowa waga da\u0142y si\u0119 pozna\u0107 z dobrej strony jeszcze zanim przymierzy\u0142em kurtk\u0119. P\u00f3\u017aniej przyszed\u0142 czas na detale. W tych Marmot te\u017c nie punktowa\u0142 ujemnie. Marka nie oszcz\u0119dzi\u0142a cho\u0107by na zamkach korzystaj\u0105c tylko z \u201czipper\u00f3w\u201d renomowanej firmy YKK\u00ae. W tym miejscu od razu mog\u0119 powiedzie\u0107, \u017ce dob\u00f3r suwak\u00f3w nie utrudnia\u0142 dzia\u0142a\u0144 w terenie. Nic nie zacina\u0142o si\u0119, z \u017cadnym suwakiem nie musia\u0142em szarpa\u0107 si\u0119 ani razu.<\/p>\n<h2><span class=\"ez-toc-section\" id=\"Najwiekszy_atut\"><\/span>Najwi\u0119kszy atut<span class=\"ez-toc-section-end\"><\/span><\/h2>\n<p>Waga, kt\u00f3rej si\u0119 nie czuje i pakowno\u015b\u0107, dzi\u0119ki kt\u00f3rej przeciwdeszczowa kurtka hardshell niemal gubi si\u0119 mi\u0119dzy innymi rzeczami w plecaku. Tak mo\u017cna kr\u00f3tko scharakteryzowa\u0107 jeden z najwi\u0119kszych atut\u00f3w modelu PreCip Eco Plus. Je\u015bli kto\u015b \u2013 moim wzorem \u2013 kurtk\u0119 na deszcz nosi mimo wszystko najcz\u0119\u015bciej w plecaku, nie musi koniecznie poszukiwa\u0107 ci\u0119\u017cszego i du\u017co dro\u017cszego modelu. T\u0119 kurtk\u0119 mo\u017cna spakowa\u0107 w najmniejszy cho\u0107by plecak, by mie\u0107 pod r\u0119k\u0105 w\u0142a\u015bciwy poziom ochrony na wypadek kaprys\u00f3w pogodowej aury. Dzi\u0119ki tym w\u0142a\u015bciwo\u015bciom przez okres test\u00f3w, praktycznie nie rozstawa\u0142em si\u0119 z kurtk\u0105. Mia\u0142em j\u0105 zawsze w pogotowiu i zupe\u0142nie nie czu\u0142em jej wagi i obj\u0119to\u015bci, gdy l\u0105dowa\u0142a w dwudziestolitrowym plecaku i czeka\u0142a w nim na odpowiedni moment.<\/p>\n<div class=\"page_gallery\">\n\n\t\t<style type=\"text\/css\">\n\t\t\t#gallery-1 {\n\t\t\t\tmargin: auto;\n\t\t\t}\n\t\t\t#gallery-1 .gallery-item {\n\t\t\t\tfloat: left;\n\t\t\t\tmargin-top: 10px;\n\t\t\t\ttext-align: center;\n\t\t\t\twidth: 33%;\n\t\t\t}\n\t\t\t#gallery-1 img {\n\t\t\t\tborder: 2px solid #cfcfcf;\n\t\t\t}\n\t\t\t#gallery-1 .gallery-caption {\n\t\t\t\tmargin-left: 0;\n\t\t\t}\n\t\t\t\/* see gallery_shortcode() in wp-includes\/media.php *\/\n\t\t<\/style>\n\t\t<div id='gallery-1' class='gallery galleryid-6446 gallery-columns-3 gallery-size-large'><dl class='gallery-item'>\n\t\t\t<dt class='gallery-icon landscape'>\n\t\t\t\t<img loading=\"lazy\" decoding=\"async\" width=\"703\" height=\"399\" src=\"https:\/\/www.skalnik.pl\/blog\/wp-content\/uploads\/2019\/04\/rzep-min.jpg\" class=\"attachment-large size-large\" alt=\"\" aria-describedby=\"gallery-1-6453\" srcset=\"https:\/\/www.skalnik.pl\/blog\/wp-content\/uploads\/2019\/04\/rzep-min.jpg 703w, https:\/\/www.skalnik.pl\/blog\/wp-content\/uploads\/2019\/04\/rzep-min-300x170.jpg 300w\" sizes=\"auto, (max-width: 703px) 100vw, 703px\" \/>\n\t\t\t<\/dt>\n\t\t\t\t<dd class='wp-caption-text gallery-caption' id='gallery-1-6453'>\n\t\t\t\tStarannie wykonane detale\n\t\t\t\t<\/dd><\/dl><dl class='gallery-item'>\n\t\t\t<dt class='gallery-icon landscape'>\n\t\t\t\t<img loading=\"lazy\" decoding=\"async\" width=\"900\" height=\"600\" src=\"https:\/\/www.skalnik.pl\/blog\/wp-content\/uploads\/2019\/04\/zamki-min.jpg\" class=\"attachment-large size-large\" alt=\"\" aria-describedby=\"gallery-1-6454\" srcset=\"https:\/\/www.skalnik.pl\/blog\/wp-content\/uploads\/2019\/04\/zamki-min.jpg 900w, https:\/\/www.skalnik.pl\/blog\/wp-content\/uploads\/2019\/04\/zamki-min-300x200.jpg 300w, https:\/\/www.skalnik.pl\/blog\/wp-content\/uploads\/2019\/04\/zamki-min-768x512.jpg 768w\" sizes=\"auto, (max-width: 900px) 100vw, 900px\" \/>\n\t\t\t<\/dt>\n\t\t\t\t<dd class='wp-caption-text gallery-caption' id='gallery-1-6454'>\n\t\t\t\tSprawne suwaki\n\t\t\t\t<\/dd><\/dl><dl class='gallery-item'>\n\t\t\t<dt class='gallery-icon landscape'>\n\t\t\t\t<img loading=\"lazy\" decoding=\"async\" width=\"900\" height=\"600\" src=\"https:\/\/www.skalnik.pl\/blog\/wp-content\/uploads\/2019\/04\/pakowanie-min.jpg\" class=\"attachment-large size-large\" alt=\"\" aria-describedby=\"gallery-1-6455\" srcset=\"https:\/\/www.skalnik.pl\/blog\/wp-content\/uploads\/2019\/04\/pakowanie-min.jpg 900w, https:\/\/www.skalnik.pl\/blog\/wp-content\/uploads\/2019\/04\/pakowanie-min-300x200.jpg 300w, https:\/\/www.skalnik.pl\/blog\/wp-content\/uploads\/2019\/04\/pakowanie-min-768x512.jpg 768w\" sizes=\"auto, (max-width: 900px) 100vw, 900px\" \/>\n\t\t\t<\/dt>\n\t\t\t\t<dd class='wp-caption-text gallery-caption' id='gallery-1-6455'>\n\t\t\t\tMinimum obj\u0119to\u015bci i minimum wagi\n\t\t\t\t<\/dd><\/dl><br style=\"clear: both\" \/>\n\t\t<\/div>\n\n<\/div>\n<h2><span class=\"ez-toc-section\" id=\"To_co_najwazniejsze_%E2%80%93_wodoodpornosc_i_oddychalnosc\"><\/span>To co najwa\u017cniejsze \u2013 wodoodporno\u015b\u0107 i oddychalno\u015b\u0107<span class=\"ez-toc-section-end\"><\/span><\/h2>\n<p>Ostatnie tygodnie nie nale\u017ca\u0142y mo\u017ce do ulewnych, ale mimo tego uda\u0142o mi si\u0119 sprawdzi\u0107, \u017ce kurtka nie zawodzi, kiedy jest potrzebna. Szczelna membrana NanoPro\u2122 poradzi\u0142a sobie z opadem deszczu i \u015bniegu z deszczem, na jaki uda\u0142o mi si\u0119 natkn\u0105\u0107 w\u015br\u00f3d ska\u0142 Rudaw Janowickich. Sprosta\u0142a te\u017c podmuchom wyzi\u0119biaj\u0105cego wiatru. Drugi weekend kwietnia w G\u00f3rach Wa\u0142brzyskich nie nale\u017ca\u0142 wcale do wiosennych. Aura zafundowa\u0142a troch\u0119 \u015bniegu, a wyj\u015bcie na now\u0105 wie\u017c\u0119 widokow\u0105 na Tr\u00f3jgarbie wi\u0105za\u0142o si\u0119 z konieczno\u015bci\u0105 za\u0142o\u017cenia kaptura i szczelnego dopasowania wszystkich brzeg\u00f3w materia\u0142u. Tylko tak mo\u017cna by\u0142o unikn\u0105\u0107 przewiania.<\/p>\n<p>Pozostaje pytanie, jak membrana NanoPro\u2122 i kurtka PreCip radzi sobie z oddychalno\u015bci\u0105? Tu nale\u017cy si\u0119 kilka s\u0142\u00f3w d\u0142u\u017cszej historii.<\/p>\n<p>Jako \u201chardshellowy sceptyk\u201d za\u0142o\u017cy\u0142em, \u017ce kurtka nie sprosta wymaganiom. Mimo cieplejszych porank\u00f3w kilka razy pokusi\u0142em si\u0119 o szybszy marsz do pracy w tej kurtce. Cho\u0107 wiedzia\u0142em, \u017ce warunki nie s\u0105 wcale odpowiednie na zak\u0142adanie kurtki przeciwdeszczowej, doszed\u0142em do wniosku, \u017ce kurtka nie radzi sobie sprawnie z oddawaniem wewn\u0119trznej wilgoci. S\u0105dzi\u0142em, \u017ce w g\u00f3rach b\u0119dzie podobnie.<\/p>\n<div id=\"attachment_6456\" style=\"width: 1034px\" class=\"wp-caption aligncenter\"><img loading=\"lazy\" decoding=\"async\" aria-describedby=\"caption-attachment-6456\" class=\"wp-image-6456\" src=\"https:\/\/skalnik.pl\/blog\/wp-content\/uploads\/2019\/04\/rudawy-min.jpg\" alt=\"\" width=\"1024\" height=\"576\" srcset=\"https:\/\/www.skalnik.pl\/blog\/wp-content\/uploads\/2019\/04\/rudawy-min.jpg 900w, https:\/\/www.skalnik.pl\/blog\/wp-content\/uploads\/2019\/04\/rudawy-min-300x169.jpg 300w, https:\/\/www.skalnik.pl\/blog\/wp-content\/uploads\/2019\/04\/rudawy-min-768x432.jpg 768w\" sizes=\"auto, (max-width: 1024px) 100vw, 1024px\" \/><p id=\"caption-attachment-6456\" class=\"wp-caption-text\">Deszczowo i zimno w Rudawach Janowickich.<\/p><\/div>\n<p>Ju\u017c w kolejny weekend przysz\u0142o mi jednak zweryfikowa\u0107 te spostrze\u017cenia. Z pe\u0142n\u0105 premedytacj\u0105 postanowi\u0142em, \u017ce ca\u0142y weekend sp\u0119dzam na szlaku w hardshellu i o dziwo ani razu nie przysz\u0142o mi narzeka\u0107 na zbyt du\u017c\u0105 temperatur\u0119 i poczucie przegrzania. Okaza\u0142o si\u0119, \u017ce przy temperaturach poni\u017cej 10\u00b0C, czyli w warunkach, gdy nawet przy braku opad\u00f3w hardshell mo\u017ce si\u0119 przyda\u0107 i s\u0142u\u017cy\u0107 do termicznej ochrony, kurtka przesz\u0142a test na pi\u0105tk\u0119! Za\u0142o\u017cona na koszulk\u0119 merino i bluz\u0119 stretch pozwala\u0142a komfortowo, bez forsownego tempa, przez ca\u0142e dwa dni maszerowa\u0107 i nie odczuwa\u0107 dyskomfortu. Z pewno\u015bci\u0105 mia\u0142y na to wp\u0142yw r\u00f3wnie\u017c detale.<\/p>\n<h2><span class=\"ez-toc-section\" id=\"Za_co_polubilem_kurtke_PreCip_Eco_Plus\"><\/span>Za co polubi\u0142em kurtk\u0119 PreCip Eco Plus<span class=\"ez-toc-section-end\"><\/span><\/h2>\n<p>Funkcjonalne drobiazgi wp\u0142ywaj\u0105 bardzo korzystnie na ocen\u0119 kurtki i warto naprawd\u0119 je wyr\u00f3\u017cni\u0107. Testuj\u0105c kurtk\u0119 wnikliwie przygl\u0105da\u0142em si\u0119 szczeg\u00f3\u0142om, by ocenia\u0107 ich przydatno\u015b\u0107. Kurtka PreCip Eco posiada wywietrzniki PitZips pod pachami, co pozwala skutecznie odprowadza\u0107 wilgo\u0107 powstaj\u0105c\u0105 od aktywno\u015bci. Genialnym ruchem projektant\u00f3w by\u0142o jednak zastosowanie przewiewnej siateczki mesh w kieszeniach. W istocie kieszenie mog\u0105 s\u0142u\u017cy\u0107 za kolejne otwory wentylacyjne. Jestem przekonany, \u017ce ten element r\u00f3wnie\u017c sprawi\u0142, \u017ce w adekwatnych dla stosowania takiej kurtki warunkach, nie uda\u0142o mi si\u0119 zgrza\u0107 w niej nawet na podej\u015bciach.<\/p>\n<p>Doceni\u0142bym model r\u00f3wnie\u017c za konstrukcj\u0119 kaptura i gardy. Kaptur regulowany jest minimalistycznym systemem z jednym \u015bci\u0105gaczem. Zaci\u0105ganie \u015bci\u0105gacza zlokalizowanego z ty\u0142u kaptura pozwala dopasowa\u0107 zar\u00f3wno brzegi materia\u0142u, jak i jego g\u0142\u0119boko\u015b\u0107. Garda tej kurtki jest te\u017c dobrze wyprofilowana. Odpowiednio chroni szyj\u0119 i posiada patk\u0119 z szybkoschn\u0105cego materia\u0142u przy zamku, dzi\u0119ki czemu kostkowy i laminowany zamek VISLON YKK\u00ae nie podra\u017cnia okolic podbr\u00f3dka.<\/p>\n<div id=\"attachment_6457\" style=\"width: 1034px\" class=\"wp-caption aligncenter\"><img loading=\"lazy\" decoding=\"async\" aria-describedby=\"caption-attachment-6457\" class=\"wp-image-6457\" src=\"https:\/\/skalnik.pl\/blog\/wp-content\/uploads\/2019\/04\/trojgarb-min.jpg\" alt=\"\" width=\"1024\" height=\"684\" srcset=\"https:\/\/www.skalnik.pl\/blog\/wp-content\/uploads\/2019\/04\/trojgarb-min.jpg 735w, https:\/\/www.skalnik.pl\/blog\/wp-content\/uploads\/2019\/04\/trojgarb-min-300x200.jpg 300w\" sizes=\"auto, (max-width: 1024px) 100vw, 1024px\" \/><p id=\"caption-attachment-6457\" class=\"wp-caption-text\">Kaptur i garda, kt\u00f3re chroni\u0105 \u015bwietnie przed wiatrem i opadami. Tr\u00f3jgarb w G\u00f3rach Wa\u0142brzyskich.<\/p><\/div>\n<p>O kapturze i gardzie mo\u017cna powiedzie\u0107 jeszcze wi\u0119cej. Cho\u0107 kaptur nie jest projektowany pod kaski wspinaczkowe, to mo\u017cna za\u0142o\u017cy\u0107 go na skorup\u0119 kasku i nawet zapi\u0105\u0107 zamek w gardzie a\u017c po sam\u0105 g\u00f3r\u0119. Profil gardy jest za w\u0105ski, by utrzyma\u0107 pe\u0142n\u0105 swobod\u0119 w poruszaniu g\u0142ow\u0105 na boki, ale ambitni tury\u015bci \u2013 na przyk\u0142ad wybieraj\u0105cy si\u0119 na ferraty \u2013 mog\u0105 to doceni\u0107, gdy zaskoczy ich ulewny deszcz. W takiej sytuacji nie trzeba na pewno rezygnowa\u0107 z ochrony g\u0142owy przed kamieniami lub decydowa\u0107 si\u0119, \u017ce napada nam za ko\u0142nierz. Du\u017ce zaskoczenie i du\u017cy plus, \u017ce przeciwdeszczowa kurtka turystyczna ma tak skrojone elementy.<\/p>\n<p>Doceni\u0107 mo\u017cna nawet taki szczeg\u00f3\u0142, jak kr\u00f3tkie rzepy w regulacji mankiet\u00f3w. Projektanci nie dodali na rzepach zb\u0119dnych milimetr\u00f3w, kt\u00f3re niepotrzebnie zwi\u0119kszy\u0142yby wag\u0119 kurtki.<\/p>\n<p>Kilkutygodniowy okres testowania pozwala mi zauwa\u017cy\u0107 dwie rzeczy, kt\u00f3re m\u00f3g\u0142bym zrzuci\u0107 na karb niedoskona\u0142o\u015bci. Brak wieszaczka mo\u017ce by\u0107 utrudnieniem. W schronisku, w kt\u00f3rym wszyscy skryli si\u0119 przed deszczem mo\u017ce by\u0107 ci\u0119\u017cko o wi\u0119cej miejsca na wysuszenie kurtki, ni\u017c wieszak lub \u0142epek wystaj\u0105cego gdzie\u015b gwo\u017adzia. Delikatnie poprawi\u0142 bym te\u017c kr\u00f3j r\u0119kaw\u00f3w, cho\u0107 w tym przypadku nie wiem, czy to nie tylko kwestia odpowiedniego dopasowania. Tak naprawd\u0119 dla mnie producenci powinni zrobi\u0107 po\u015bredni rozmiar mi\u0119dzy S a M. Og\u00f3lny kr\u00f3j kurtki zas\u0142uguje na pochwa\u0142\u0119. O dziwo kurtka nie wygl\u0105da na obszern\u0105, a od biedy mie\u015bci nawet pod sob\u0105 puchow\u0105 kurtk\u0119.<\/p>\n<div id=\"attachment_6458\" style=\"width: 1034px\" class=\"wp-caption aligncenter\"><img loading=\"lazy\" decoding=\"async\" aria-describedby=\"caption-attachment-6458\" class=\"wp-image-6458\" title=\"PreCip Eco Plus\" src=\"https:\/\/skalnik.pl\/blog\/wp-content\/uploads\/2019\/04\/DSC00209-min.jpg\" alt=\"PreCip Eco Plus\" width=\"1024\" height=\"680\" srcset=\"https:\/\/www.skalnik.pl\/blog\/wp-content\/uploads\/2019\/04\/DSC00209-min.jpg 865w, https:\/\/www.skalnik.pl\/blog\/wp-content\/uploads\/2019\/04\/DSC00209-min-300x199.jpg 300w, https:\/\/www.skalnik.pl\/blog\/wp-content\/uploads\/2019\/04\/DSC00209-min-768x510.jpg 768w\" sizes=\"auto, (max-width: 1024px) 100vw, 1024px\" \/><p id=\"caption-attachment-6458\" class=\"wp-caption-text\">Kolorowe Jeziorka w ch\u0142odny dzie\u0144, kt\u00f3ry sko\u0144czy\u0142 si\u0119 opadami \u015bniegu.<\/p><\/div>\n<h2><span class=\"ez-toc-section\" id=\"Wygraj_kurtke_PreCip_Marmot\"><\/span>Wygraj kurtk\u0119 PreCip Marmot<span class=\"ez-toc-section-end\"><\/span><\/h2>\n<p>Zamiast zako\u0144czenia zaproszenie do zabawy. Mo\u017cesz wzi\u0105\u0107 udzia\u0142 w konkursie i wygra\u0107 jedn\u0105 z trzech kurtek Marmot! Test przygotowali\u015bmy z my\u015bl\u0105 o tym, by\u015bcie sami mieli szans\u0119 sprawdzi\u0107 kurtki Marmot w terenie. Ekologiczna i przeciwdeszczowa kurtka Marmot mo\u017ce by\u0107 twoja, gdy odpowiesz na konkursowe pytanie:<\/p>\n<p style=\"text-align: center;\"><b>\u201cZ czego by\u015b zrezygnowa\u0142\/a podczas podr\u00f3\u017cy lub wyprawy, by by\u0107 bardziej eko?\u201d<\/b><\/p>\n<p>Na odpowiedzi czekamy na fanpage\u2019u Skalnika w po\u015bcie konkursowym \u2013 <a href=\"https:\/\/www.facebook.com\/skalnikpl\/photos\/a.134512099929208\/2147714991942232\/?type=3&amp;theater\" target=\"_blank\" rel=\"noopener noreferrer\">kliknij<\/a>. Zabawa trwa do 24 kwietnia.<\/p>\n","protected":false},"excerpt":{"rendered":"<p>Bestsellerowe kurtki przeciwdeszczowe Marmot, czyli modele PreCip, to teraz produkty eko. Materia\u0142 wykonany jest nich w 100% z recyklingowanych w\u0142\u00f3kien, a DWR wolny od PFC. Testujemy model PreCip Eco Plus, czyli now\u0105 kurtk\u0119 w rodzinie lekkikich kurtek hardshell. <\/p>\n","protected":false},"author":8,"featured_media":6447,"comment_status":"open","ping_status":"open","sticky":false,"template":"","format":"standard","meta":{"_acf_changed":false,"footnotes":""},"categories":[8],"tags":[195,230,15,228,99,229,91],"magento_category":[40],"magento_product":[],"class_list":["post-6446","post","type-post","status-publish","format-standard","has-post-thumbnail","hentry","category-testy","tag-hardshell","tag-marmot","tag-odziez","tag-opinie","tag-rynek-outdoor","tag-testy","tag-trekking"],"acf":[],"aioseo_notices":[],"aioseo_head":"\n\t\t<!-- All in One SEO 4.9.10 - aioseo.com -->\n\t<meta name=\"description\" content=\"Bestsellerowe kurtki przeciwdeszczowe Marmot, czyli modele PreCip, to teraz produkty eko. Materia\u0142 wykonany jest nich w 100% z recyklingowanych w\u0142\u00f3kien, a DWR wolny od PFC. Testujemy model PreCip Eco Plus, czyli now\u0105 kurtk\u0119 w rodzinie lekkikich kurtek hardshell.\" \/>\n\t<meta name=\"robots\" content=\"max-image-preview:large\" \/>\n\t<meta name=\"author\" content=\"S\u0142awek Nosal\"\/>\n\t<link rel=\"canonical\" href=\"https:\/\/www.skalnik.pl\/blog\/precip-eco-plus-test-lekkiej-kurtki-hardshell\/\" \/>\n\t<meta name=\"generator\" content=\"All in One SEO (AIOSEO) 4.9.10\" \/>\n\t\t<meta property=\"og:locale\" content=\"pl_PL\" \/>\n\t\t<meta property=\"og:site_name\" content=\"blog Skalnik - Blog, porady, artyku\u0142y - blog Skalnik\" \/>\n\t\t<meta property=\"og:type\" content=\"article\" \/>\n\t\t<meta property=\"og:title\" content=\"PreCip Eco Plus \u2013 test lekkiej kurtki hardshell - blog Skalnik\" \/>\n\t\t<meta property=\"og:description\" content=\"Bestsellerowe kurtki przeciwdeszczowe Marmot, czyli modele PreCip, to teraz produkty eko. Materia\u0142 wykonany jest nich w 100% z recyklingowanych w\u0142\u00f3kien, a DWR wolny od PFC. Testujemy model PreCip Eco Plus, czyli now\u0105 kurtk\u0119 w rodzinie lekkikich kurtek hardshell.\" \/>\n\t\t<meta property=\"og:url\" content=\"https:\/\/www.skalnik.pl\/blog\/precip-eco-plus-test-lekkiej-kurtki-hardshell\/\" \/>\n\t\t<meta property=\"og:image\" content=\"https:\/\/skalnik.pl\/blog\/wp-content\/uploads\/2019\/04\/IMG_20190403_064518_705-1024x680.jpg\" \/>\n\t\t<meta property=\"og:image:secure_url\" content=\"https:\/\/skalnik.pl\/blog\/wp-content\/uploads\/2019\/04\/IMG_20190403_064518_705-1024x680.jpg\" \/>\n\t\t<meta property=\"article:tag\" content=\"testy\" \/>\n\t\t<meta property=\"article:tag\" content=\"hardshell\" \/>\n\t\t<meta property=\"article:tag\" content=\"marmot\" \/>\n\t\t<meta property=\"article:tag\" content=\"odzie\u017c\" \/>\n\t\t<meta property=\"article:tag\" content=\"opinie\" \/>\n\t\t<meta property=\"article:tag\" content=\"rynek outdoor\" \/>\n\t\t<meta property=\"article:tag\" content=\"trekking\" \/>\n\t\t<meta property=\"article:published_time\" content=\"2019-04-16T10:29:04+00:00\" \/>\n\t\t<meta property=\"article:modified_time\" content=\"2022-07-08T11:20:15+00:00\" \/>\n\t\t<meta name=\"twitter:card\" content=\"summary_large_image\" \/>\n\t\t<meta name=\"twitter:title\" content=\"PreCip Eco Plus \u2013 test lekkiej kurtki hardshell - blog Skalnik\" \/>\n\t\t<meta name=\"twitter:description\" content=\"Bestsellerowe kurtki przeciwdeszczowe Marmot, czyli modele PreCip, to teraz produkty eko. Materia\u0142 wykonany jest nich w 100% z recyklingowanych w\u0142\u00f3kien, a DWR wolny od PFC. Testujemy model PreCip Eco Plus, czyli now\u0105 kurtk\u0119 w rodzinie lekkikich kurtek hardshell.\" \/>\n\t\t<meta name=\"twitter:image\" content=\"https:\/\/skalnik.pl\/blog\/wp-content\/uploads\/2019\/04\/IMG_20190403_064518_705-1024x680.jpg\" \/>\n\t\t<script type=\"application\/ld+json\" class=\"aioseo-schema\">\n\t\t\t{\"@context\":\"https:\\\/\\\/schema.org\",\"@graph\":[{\"@type\":\"BlogPosting\",\"@id\":\"https:\\\/\\\/www.skalnik.pl\\\/blog\\\/precip-eco-plus-test-lekkiej-kurtki-hardshell\\\/#blogposting\",\"name\":\"PreCip Eco Plus \\u2013 test lekkiej kurtki hardshell - blog Skalnik\",\"headline\":\"PreCip Eco Plus \\u2013 test lekkiej kurtki hardshell\",\"author\":{\"@id\":\"https:\\\/\\\/www.skalnik.pl\\\/blog\\\/author\\\/slawek-nosal\\\/#author\"},\"publisher\":{\"@id\":\"https:\\\/\\\/www.skalnik.pl\\\/blog\\\/#organization\"},\"image\":{\"@type\":\"ImageObject\",\"url\":\"https:\\\/\\\/www.skalnik.pl\\\/blog\\\/wp-content\\\/uploads\\\/2019\\\/04\\\/okladka2.jpg\",\"width\":1903,\"height\":705},\"datePublished\":\"2019-04-16T12:29:04+02:00\",\"dateModified\":\"2022-07-08T13:20:15+02:00\",\"inLanguage\":\"pl-PL\",\"mainEntityOfPage\":{\"@id\":\"https:\\\/\\\/www.skalnik.pl\\\/blog\\\/precip-eco-plus-test-lekkiej-kurtki-hardshell\\\/#webpage\"},\"isPartOf\":{\"@id\":\"https:\\\/\\\/www.skalnik.pl\\\/blog\\\/precip-eco-plus-test-lekkiej-kurtki-hardshell\\\/#webpage\"},\"articleSection\":\"Testy, hardshell, marmot, odzie\\u017c, opinie, rynek outdoor, testy, trekking, 1090\"},{\"@type\":\"BreadcrumbList\",\"@id\":\"https:\\\/\\\/www.skalnik.pl\\\/blog\\\/precip-eco-plus-test-lekkiej-kurtki-hardshell\\\/#breadcrumblist\",\"itemListElement\":[{\"@type\":\"ListItem\",\"@id\":\"https:\\\/\\\/www.skalnik.pl\\\/blog#listItem\",\"position\":1,\"name\":\"Home\",\"item\":\"https:\\\/\\\/www.skalnik.pl\\\/blog\",\"nextItem\":{\"@type\":\"ListItem\",\"@id\":\"https:\\\/\\\/www.skalnik.pl\\\/blog\\\/.\\\/testy\\\/#listItem\",\"name\":\"Testy\"}},{\"@type\":\"ListItem\",\"@id\":\"https:\\\/\\\/www.skalnik.pl\\\/blog\\\/.\\\/testy\\\/#listItem\",\"position\":2,\"name\":\"Testy\",\"item\":\"https:\\\/\\\/www.skalnik.pl\\\/blog\\\/.\\\/testy\\\/\",\"nextItem\":{\"@type\":\"ListItem\",\"@id\":\"https:\\\/\\\/www.skalnik.pl\\\/blog\\\/precip-eco-plus-test-lekkiej-kurtki-hardshell\\\/#listItem\",\"name\":\"PreCip Eco Plus \\u2013 test lekkiej kurtki hardshell\"},\"previousItem\":{\"@type\":\"ListItem\",\"@id\":\"https:\\\/\\\/www.skalnik.pl\\\/blog#listItem\",\"name\":\"Home\"}},{\"@type\":\"ListItem\",\"@id\":\"https:\\\/\\\/www.skalnik.pl\\\/blog\\\/precip-eco-plus-test-lekkiej-kurtki-hardshell\\\/#listItem\",\"position\":3,\"name\":\"PreCip Eco Plus \\u2013 test lekkiej kurtki hardshell\",\"previousItem\":{\"@type\":\"ListItem\",\"@id\":\"https:\\\/\\\/www.skalnik.pl\\\/blog\\\/.\\\/testy\\\/#listItem\",\"name\":\"Testy\"}}]},{\"@type\":\"Organization\",\"@id\":\"https:\\\/\\\/www.skalnik.pl\\\/blog\\\/#organization\",\"name\":\"blog Skalnik\",\"description\":\"Blog, porady, artyku\\u0142y - blog Skalnik\",\"url\":\"https:\\\/\\\/www.skalnik.pl\\\/blog\\\/\"},{\"@type\":\"Person\",\"@id\":\"https:\\\/\\\/www.skalnik.pl\\\/blog\\\/author\\\/slawek-nosal\\\/#author\",\"url\":\"https:\\\/\\\/www.skalnik.pl\\\/blog\\\/author\\\/slawek-nosal\\\/\",\"name\":\"S\\u0142awek Nosal\",\"image\":{\"@type\":\"ImageObject\",\"@id\":\"https:\\\/\\\/www.skalnik.pl\\\/blog\\\/precip-eco-plus-test-lekkiej-kurtki-hardshell\\\/#authorImage\",\"url\":\"https:\\\/\\\/secure.gravatar.com\\\/avatar\\\/376f39150afcfc713e809ef8313d42dee4210bb1425eaad8153efa8965009197?s=96&d=mm&r=g\",\"width\":96,\"height\":96,\"caption\":\"S\\u0142awek Nosal\"}},{\"@type\":\"WebPage\",\"@id\":\"https:\\\/\\\/www.skalnik.pl\\\/blog\\\/precip-eco-plus-test-lekkiej-kurtki-hardshell\\\/#webpage\",\"url\":\"https:\\\/\\\/www.skalnik.pl\\\/blog\\\/precip-eco-plus-test-lekkiej-kurtki-hardshell\\\/\",\"name\":\"PreCip Eco Plus \\u2013 test lekkiej kurtki hardshell - blog Skalnik\",\"description\":\"Bestsellerowe kurtki przeciwdeszczowe Marmot, czyli modele PreCip, to teraz produkty eko. Materia\\u0142 wykonany jest nich w 100% z recyklingowanych w\\u0142\\u00f3kien, a DWR wolny od PFC. Testujemy model PreCip Eco Plus, czyli now\\u0105 kurtk\\u0119 w rodzinie lekkikich kurtek hardshell.\",\"inLanguage\":\"pl-PL\",\"isPartOf\":{\"@id\":\"https:\\\/\\\/www.skalnik.pl\\\/blog\\\/#website\"},\"breadcrumb\":{\"@id\":\"https:\\\/\\\/www.skalnik.pl\\\/blog\\\/precip-eco-plus-test-lekkiej-kurtki-hardshell\\\/#breadcrumblist\"},\"author\":{\"@id\":\"https:\\\/\\\/www.skalnik.pl\\\/blog\\\/author\\\/slawek-nosal\\\/#author\"},\"creator\":{\"@id\":\"https:\\\/\\\/www.skalnik.pl\\\/blog\\\/author\\\/slawek-nosal\\\/#author\"},\"image\":{\"@type\":\"ImageObject\",\"url\":\"https:\\\/\\\/www.skalnik.pl\\\/blog\\\/wp-content\\\/uploads\\\/2019\\\/04\\\/okladka2.jpg\",\"@id\":\"https:\\\/\\\/www.skalnik.pl\\\/blog\\\/precip-eco-plus-test-lekkiej-kurtki-hardshell\\\/#mainImage\",\"width\":1903,\"height\":705},\"primaryImageOfPage\":{\"@id\":\"https:\\\/\\\/www.skalnik.pl\\\/blog\\\/precip-eco-plus-test-lekkiej-kurtki-hardshell\\\/#mainImage\"},\"datePublished\":\"2019-04-16T12:29:04+02:00\",\"dateModified\":\"2022-07-08T13:20:15+02:00\"},{\"@type\":\"WebSite\",\"@id\":\"https:\\\/\\\/www.skalnik.pl\\\/blog\\\/#website\",\"url\":\"https:\\\/\\\/www.skalnik.pl\\\/blog\\\/\",\"name\":\"blog Skalnik\",\"description\":\"Blog, porady, artyku\\u0142y - blog Skalnik\",\"inLanguage\":\"pl-PL\",\"publisher\":{\"@id\":\"https:\\\/\\\/www.skalnik.pl\\\/blog\\\/#organization\"}}]}\n\t\t<\/script>\n\t\t<!-- All in One SEO -->\n\n","aioseo_head_json":{"title":"PreCip Eco Plus \u2013 test lekkiej kurtki hardshell - blog Skalnik","description":"Bestsellerowe kurtki przeciwdeszczowe Marmot, czyli modele PreCip, to teraz produkty eko. Materia\u0142 wykonany jest nich w 100% z recyklingowanych w\u0142\u00f3kien, a DWR wolny od PFC. Testujemy model PreCip Eco Plus, czyli now\u0105 kurtk\u0119 w rodzinie lekkikich kurtek hardshell.","canonical_url":"https:\/\/www.skalnik.pl\/blog\/precip-eco-plus-test-lekkiej-kurtki-hardshell\/","robots":"max-image-preview:large","keywords":"","webmasterTools":{"miscellaneous":""},"schema":{"@context":"https:\/\/schema.org","@graph":[{"@type":"BlogPosting","@id":"https:\/\/www.skalnik.pl\/blog\/precip-eco-plus-test-lekkiej-kurtki-hardshell\/#blogposting","name":"PreCip Eco Plus \u2013 test lekkiej kurtki hardshell - blog Skalnik","headline":"PreCip Eco Plus \u2013 test lekkiej kurtki hardshell","author":{"@id":"https:\/\/www.skalnik.pl\/blog\/author\/slawek-nosal\/#author"},"publisher":{"@id":"https:\/\/www.skalnik.pl\/blog\/#organization"},"image":{"@type":"ImageObject","url":"https:\/\/www.skalnik.pl\/blog\/wp-content\/uploads\/2019\/04\/okladka2.jpg","width":1903,"height":705},"datePublished":"2019-04-16T12:29:04+02:00","dateModified":"2022-07-08T13:20:15+02:00","inLanguage":"pl-PL","mainEntityOfPage":{"@id":"https:\/\/www.skalnik.pl\/blog\/precip-eco-plus-test-lekkiej-kurtki-hardshell\/#webpage"},"isPartOf":{"@id":"https:\/\/www.skalnik.pl\/blog\/precip-eco-plus-test-lekkiej-kurtki-hardshell\/#webpage"},"articleSection":"Testy, hardshell, marmot, odzie\u017c, opinie, rynek outdoor, testy, trekking, 1090"},{"@type":"BreadcrumbList","@id":"https:\/\/www.skalnik.pl\/blog\/precip-eco-plus-test-lekkiej-kurtki-hardshell\/#breadcrumblist","itemListElement":[{"@type":"ListItem","@id":"https:\/\/www.skalnik.pl\/blog#listItem","position":1,"name":"Home","item":"https:\/\/www.skalnik.pl\/blog","nextItem":{"@type":"ListItem","@id":"https:\/\/www.skalnik.pl\/blog\/.\/testy\/#listItem","name":"Testy"}},{"@type":"ListItem","@id":"https:\/\/www.skalnik.pl\/blog\/.\/testy\/#listItem","position":2,"name":"Testy","item":"https:\/\/www.skalnik.pl\/blog\/.\/testy\/","nextItem":{"@type":"ListItem","@id":"https:\/\/www.skalnik.pl\/blog\/precip-eco-plus-test-lekkiej-kurtki-hardshell\/#listItem","name":"PreCip Eco Plus \u2013 test lekkiej kurtki hardshell"},"previousItem":{"@type":"ListItem","@id":"https:\/\/www.skalnik.pl\/blog#listItem","name":"Home"}},{"@type":"ListItem","@id":"https:\/\/www.skalnik.pl\/blog\/precip-eco-plus-test-lekkiej-kurtki-hardshell\/#listItem","position":3,"name":"PreCip Eco Plus \u2013 test lekkiej kurtki hardshell","previousItem":{"@type":"ListItem","@id":"https:\/\/www.skalnik.pl\/blog\/.\/testy\/#listItem","name":"Testy"}}]},{"@type":"Organization","@id":"https:\/\/www.skalnik.pl\/blog\/#organization","name":"blog Skalnik","description":"Blog, porady, artyku\u0142y - blog Skalnik","url":"https:\/\/www.skalnik.pl\/blog\/"},{"@type":"Person","@id":"https:\/\/www.skalnik.pl\/blog\/author\/slawek-nosal\/#author","url":"https:\/\/www.skalnik.pl\/blog\/author\/slawek-nosal\/","name":"S\u0142awek Nosal","image":{"@type":"ImageObject","@id":"https:\/\/www.skalnik.pl\/blog\/precip-eco-plus-test-lekkiej-kurtki-hardshell\/#authorImage","url":"https:\/\/secure.gravatar.com\/avatar\/376f39150afcfc713e809ef8313d42dee4210bb1425eaad8153efa8965009197?s=96&d=mm&r=g","width":96,"height":96,"caption":"S\u0142awek Nosal"}},{"@type":"WebPage","@id":"https:\/\/www.skalnik.pl\/blog\/precip-eco-plus-test-lekkiej-kurtki-hardshell\/#webpage","url":"https:\/\/www.skalnik.pl\/blog\/precip-eco-plus-test-lekkiej-kurtki-hardshell\/","name":"PreCip Eco Plus \u2013 test lekkiej kurtki hardshell - blog Skalnik","description":"Bestsellerowe kurtki przeciwdeszczowe Marmot, czyli modele PreCip, to teraz produkty eko. Materia\u0142 wykonany jest nich w 100% z recyklingowanych w\u0142\u00f3kien, a DWR wolny od PFC. Testujemy model PreCip Eco Plus, czyli now\u0105 kurtk\u0119 w rodzinie lekkikich kurtek hardshell.","inLanguage":"pl-PL","isPartOf":{"@id":"https:\/\/www.skalnik.pl\/blog\/#website"},"breadcrumb":{"@id":"https:\/\/www.skalnik.pl\/blog\/precip-eco-plus-test-lekkiej-kurtki-hardshell\/#breadcrumblist"},"author":{"@id":"https:\/\/www.skalnik.pl\/blog\/author\/slawek-nosal\/#author"},"creator":{"@id":"https:\/\/www.skalnik.pl\/blog\/author\/slawek-nosal\/#author"},"image":{"@type":"ImageObject","url":"https:\/\/www.skalnik.pl\/blog\/wp-content\/uploads\/2019\/04\/okladka2.jpg","@id":"https:\/\/www.skalnik.pl\/blog\/precip-eco-plus-test-lekkiej-kurtki-hardshell\/#mainImage","width":1903,"height":705},"primaryImageOfPage":{"@id":"https:\/\/www.skalnik.pl\/blog\/precip-eco-plus-test-lekkiej-kurtki-hardshell\/#mainImage"},"datePublished":"2019-04-16T12:29:04+02:00","dateModified":"2022-07-08T13:20:15+02:00"},{"@type":"WebSite","@id":"https:\/\/www.skalnik.pl\/blog\/#website","url":"https:\/\/www.skalnik.pl\/blog\/","name":"blog Skalnik","description":"Blog, porady, artyku\u0142y - blog Skalnik","inLanguage":"pl-PL","publisher":{"@id":"https:\/\/www.skalnik.pl\/blog\/#organization"}}]},"og:locale":"pl_PL","og:site_name":"blog Skalnik - Blog, porady, artyku\u0142y - blog Skalnik","og:type":"article","og:title":"PreCip Eco Plus \u2013 test lekkiej kurtki hardshell - blog Skalnik","og:description":"Bestsellerowe kurtki przeciwdeszczowe Marmot, czyli modele PreCip, to teraz produkty eko. Materia\u0142 wykonany jest nich w 100% z recyklingowanych w\u0142\u00f3kien, a DWR wolny od PFC. Testujemy model PreCip Eco Plus, czyli now\u0105 kurtk\u0119 w rodzinie lekkikich kurtek hardshell.","og:url":"https:\/\/www.skalnik.pl\/blog\/precip-eco-plus-test-lekkiej-kurtki-hardshell\/","og:image":"https:\/\/skalnik.pl\/blog\/wp-content\/uploads\/2019\/04\/IMG_20190403_064518_705-1024x680.jpg","og:image:secure_url":"https:\/\/skalnik.pl\/blog\/wp-content\/uploads\/2019\/04\/IMG_20190403_064518_705-1024x680.jpg","article:tag":{"0":"testy","1":"hardshell","2":"marmot","3":"odzie\u017c","4":"opinie","5":"rynek outdoor","7":"trekking"},"article:published_time":"2019-04-16T10:29:04+00:00","article:modified_time":"2022-07-08T11:20:15+00:00","twitter:card":"summary_large_image","twitter:title":"PreCip Eco Plus \u2013 test lekkiej kurtki hardshell - blog Skalnik","twitter:description":"Bestsellerowe kurtki przeciwdeszczowe Marmot, czyli modele PreCip, to teraz produkty eko. Materia\u0142 wykonany jest nich w 100% z recyklingowanych w\u0142\u00f3kien, a DWR wolny od PFC. Testujemy model PreCip Eco Plus, czyli now\u0105 kurtk\u0119 w rodzinie lekkikich kurtek hardshell.","twitter:image":"https:\/\/skalnik.pl\/blog\/wp-content\/uploads\/2019\/04\/IMG_20190403_064518_705-1024x680.jpg"},"aioseo_meta_data":{"post_id":"6446","title":null,"description":"","keywords":"","keyphrases":null,"primary_term":null,"canonical_url":"","og_title":null,"og_description":null,"og_object_type":"default","og_image_type":"default","og_image_url":null,"og_image_width":null,"og_image_height":null,"og_image_custom_url":null,"og_image_custom_fields":null,"og_video":null,"og_custom_url":null,"og_article_section":null,"og_article_tags":null,"twitter_use_og":false,"twitter_card":"default","twitter_image_type":"default","twitter_image_url":null,"twitter_image_custom_url":null,"twitter_image_custom_fields":null,"twitter_title":null,"twitter_description":null,"schema":{"blockGraphs":[],"customGraphs":[],"default":{"data":{"Article":[],"Course":[],"Dataset":[],"FAQPage":[],"Movie":[],"Person":[],"Product":[],"ProductReview":[],"Car":[],"Recipe":[],"Service":[],"SoftwareApplication":[],"WebPage":[]},"graphName":"BlogPosting","isEnabled":true},"graphs":[]},"schema_type":"default","schema_type_options":null,"pillar_content":false,"robots_default":true,"robots_noindex":false,"robots_noarchive":false,"robots_nosnippet":false,"robots_nofollow":false,"robots_noimageindex":false,"robots_noodp":false,"robots_notranslate":false,"robots_max_snippet":null,"robots_max_videopreview":null,"robots_max_imagepreview":"large","priority":null,"frequency":null,"local_seo":null,"breadcrumb_settings":null,"limit_modified_date":false,"ai":null,"created":"2022-08-26 09:57:46","updated":"2026-02-17 21:32:35","seo_analyzer_scan_date":null},"aioseo_breadcrumb":"<div class=\"aioseo-breadcrumbs\"><span class=\"aioseo-breadcrumb\">\n\t\t\t<a href=\"https:\/\/www.skalnik.pl\/blog\" title=\"Home\">Home<\/a>\n\t\t<\/span><span class=\"aioseo-breadcrumb-separator\">&raquo;<\/span><span class=\"aioseo-breadcrumb\">\n\t\t\t<a href=\"https:\/\/www.skalnik.pl\/blog\/.\/testy\/\" title=\"Testy\">Testy<\/a>\n\t\t<\/span><span class=\"aioseo-breadcrumb-separator\">&raquo;<\/span><span class=\"aioseo-breadcrumb\">\n\t\t\tPreCip Eco Plus \u2013 test lekkiej kurtki hardshell\n\t\t<\/span><\/div>","aioseo_breadcrumb_json":[{"label":"Home","link":"https:\/\/www.skalnik.pl\/blog"},{"label":"Testy","link":"https:\/\/www.skalnik.pl\/blog\/.\/testy\/"},{"label":"PreCip Eco Plus \u2013 test lekkiej kurtki hardshell","link":"https:\/\/www.skalnik.pl\/blog\/precip-eco-plus-test-lekkiej-kurtki-hardshell\/"}],"_links":{"self":[{"href":"https:\/\/www.skalnik.pl\/blog\/wp-json\/wp\/v2\/posts\/6446","targetHints":{"allow":["GET"]}}],"collection":[{"href":"https:\/\/www.skalnik.pl\/blog\/wp-json\/wp\/v2\/posts"}],"about":[{"href":"https:\/\/www.skalnik.pl\/blog\/wp-json\/wp\/v2\/types\/post"}],"author":[{"embeddable":true,"href":"https:\/\/www.skalnik.pl\/blog\/wp-json\/wp\/v2\/users\/8"}],"replies":[{"embeddable":true,"href":"https:\/\/www.skalnik.pl\/blog\/wp-json\/wp\/v2\/comments?post=6446"}],"version-history":[{"count":15,"href":"https:\/\/www.skalnik.pl\/blog\/wp-json\/wp\/v2\/posts\/6446\/revisions"}],"predecessor-version":[{"id":20262,"href":"https:\/\/www.skalnik.pl\/blog\/wp-json\/wp\/v2\/posts\/6446\/revisions\/20262"}],"wp:featuredmedia":[{"embeddable":true,"href":"https:\/\/www.skalnik.pl\/blog\/wp-json\/wp\/v2\/media\/6447"}],"wp:attachment":[{"href":"https:\/\/www.skalnik.pl\/blog\/wp-json\/wp\/v2\/media?parent=6446"}],"wp:term":[{"taxonomy":"category","embeddable":true,"href":"https:\/\/www.skalnik.pl\/blog\/wp-json\/wp\/v2\/categories?post=6446"},{"taxonomy":"post_tag","embeddable":true,"href":"https:\/\/www.skalnik.pl\/blog\/wp-json\/wp\/v2\/tags?post=6446"},{"taxonomy":"magento_category","embeddable":true,"href":"https:\/\/www.skalnik.pl\/blog\/wp-json\/wp\/v2\/magento_category?post=6446"},{"taxonomy":"magento_product","embeddable":true,"href":"https:\/\/www.skalnik.pl\/blog\/wp-json\/wp\/v2\/magento_product?post=6446"}],"curies":[{"name":"wp","href":"https:\/\/api.w.org\/{rel}","templated":true}]}}