{"id":655,"date":"2017-10-23T08:52:36","date_gmt":"2017-10-23T06:52:36","guid":{"rendered":"https:\/\/skalnik.pl\/blog\/?p=655"},"modified":"2020-06-02T17:43:39","modified_gmt":"2020-06-02T15:43:39","slug":"kurtki-ocieplane-puch-czy-syntetyk","status":"publish","type":"post","link":"https:\/\/www.skalnik.pl\/blog\/kurtki-ocieplane-puch-czy-syntetyk\/","title":{"rendered":"Kurtki ocieplane &#8211; puch czy syntetyk"},"content":{"rendered":"<p><b>Synoptycy zapowiadaj\u0105 zim\u0119 stulecia. Przyjdzie czy nie, to si\u0119 jeszcze oka\u017ce. Jedno jest jednak pewne. Nawet rekordowo niskie temperatury nie zmusz\u0105 wszystkich, \u017ceby zrezygnowali z w\u0119dr\u00f3wek na o\u015bnie\u017cone szczyty, lodowego wspinu i skitourowych przyg\u00f3d. Istnieje zatem tylko jedna opcja \u2013 by\u0107 gotowym na niskie temperatury z ocieplan\u0105 kurtk\u0105. Je\u015bli jednak puch\u00f3wka lub syntetyk nie czekaj\u0105 na ciebie w szafie, masz pewnie g\u0142ow\u0119 pe\u0142n\u0105 pyta\u0144, kt\u00f3rych wsp\u00f3lny mianownik to kwestia: kurtka puchowa czy syntetyczna? O plusach i minusach jednych i drugich w\u0142a\u015bnie podyskutujemy.<\/b><\/p>\n<div id=\"ez-toc-container\" class=\"ez-toc-v2_0_85 counter-hierarchy ez-toc-counter ez-toc-light-blue ez-toc-container-direction\">\n<div class=\"ez-toc-title-container\">\n<p class=\"ez-toc-title\" style=\"cursor:inherit\">SPIS TRE\u015aCI <\/p>\n<span class=\"ez-toc-title-toggle\"><a href=\"#\" class=\"ez-toc-pull-right ez-toc-btn ez-toc-btn-xs ez-toc-btn-default ez-toc-toggle\" aria-label=\"Prze\u0142\u0105cznik Spisu Tre\u015bci\"><span class=\"ez-toc-js-icon-con\"><span class=\"\"><span class=\"eztoc-hide\" style=\"display:none;\">Toggle<\/span><span class=\"ez-toc-icon-toggle-span\"><svg style=\"fill: #999;color:#999\" xmlns=\"http:\/\/www.w3.org\/2000\/svg\" class=\"list-377408\" width=\"20px\" height=\"20px\" viewBox=\"0 0 24 24\" fill=\"none\"><path d=\"M6 6H4v2h2V6zm14 0H8v2h12V6zM4 11h2v2H4v-2zm16 0H8v2h12v-2zM4 16h2v2H4v-2zm16 0H8v2h12v-2z\" fill=\"currentColor\"><\/path><\/svg><svg style=\"fill: #999;color:#999\" class=\"arrow-unsorted-368013\" xmlns=\"http:\/\/www.w3.org\/2000\/svg\" width=\"10px\" height=\"10px\" viewBox=\"0 0 24 24\" version=\"1.2\" baseProfile=\"tiny\"><path d=\"M18.2 9.3l-6.2-6.3-6.2 6.3c-.2.2-.3.4-.3.7s.1.5.3.7c.2.2.4.3.7.3h11c.3 0 .5-.1.7-.3.2-.2.3-.5.3-.7s-.1-.5-.3-.7zM5.8 14.7l6.2 6.3 6.2-6.3c.2-.2.3-.5.3-.7s-.1-.5-.3-.7c-.2-.2-.4-.3-.7-.3h-11c-.3 0-.5.1-.7.3-.2.2-.3.5-.3.7s.1.5.3.7z\"\/><\/svg><\/span><\/span><\/span><\/a><\/span><\/div>\n<nav><ul class='ez-toc-list ez-toc-list-level-1 ' ><li class='ez-toc-page-1 ez-toc-heading-level-2'><a class=\"ez-toc-link ez-toc-heading-1\" href=\"https:\/\/www.skalnik.pl\/blog\/kurtki-ocieplane-puch-czy-syntetyk\/#Puch_czy_PrimaLoft\" >Puch czy PrimaLoft<\/a><\/li><li class='ez-toc-page-1 ez-toc-heading-level-2'><a class=\"ez-toc-link ez-toc-heading-2\" href=\"https:\/\/www.skalnik.pl\/blog\/kurtki-ocieplane-puch-czy-syntetyk\/#Kurtka_puchowa_PrimaLoft_czy_polar\" >Kurtka puchowa, PrimaLoft czy polar<\/a><\/li><li class='ez-toc-page-1 ez-toc-heading-level-2'><a class=\"ez-toc-link ez-toc-heading-3\" href=\"https:\/\/www.skalnik.pl\/blog\/kurtki-ocieplane-puch-czy-syntetyk\/#Cieplo_%E2%80%93_najwazniejsza_sprawa\" >Ciep\u0142o &#8211; najwa\u017cniejsza sprawa<\/a><\/li><li class='ez-toc-page-1 ez-toc-heading-level-2'><a class=\"ez-toc-link ez-toc-heading-4\" href=\"https:\/\/www.skalnik.pl\/blog\/kurtki-ocieplane-puch-czy-syntetyk\/#Puch_gesi_a_puch_kaczy\" >Puch g\u0119si a puch kaczy<\/a><\/li><li class='ez-toc-page-1 ez-toc-heading-level-2'><a class=\"ez-toc-link ez-toc-heading-5\" href=\"https:\/\/www.skalnik.pl\/blog\/kurtki-ocieplane-puch-czy-syntetyk\/#Wilgoc_%E2%80%93_puch_kocha_ja_odrobine_za_bardzo\" >Wilgo\u0107 &#8211; puch kocha j\u0105 odrobin\u0119 za bardzo<\/a><\/li><li class='ez-toc-page-1 ez-toc-heading-level-2'><a class=\"ez-toc-link ez-toc-heading-6\" href=\"https:\/\/www.skalnik.pl\/blog\/kurtki-ocieplane-puch-czy-syntetyk\/#Aktywnosc_%E2%80%93_dla_aktywnych_i_dla_aktywnych_bardziej\" >Aktywno\u015b\u0107 \u2013 dla aktywnych i dla aktywnych bardziej<\/a><\/li><li class='ez-toc-page-1 ez-toc-heading-level-2'><a class=\"ez-toc-link ez-toc-heading-7\" href=\"https:\/\/www.skalnik.pl\/blog\/kurtki-ocieplane-puch-czy-syntetyk\/#Waga_%E2%80%93_nie_tyle_piorkowa_co_puchowa\" >Waga \u2013 nie tyle pi\u00f3rkowa, co puchowa<\/a><\/li><li class='ez-toc-page-1 ez-toc-heading-level-2'><a class=\"ez-toc-link ez-toc-heading-8\" href=\"https:\/\/www.skalnik.pl\/blog\/kurtki-ocieplane-puch-czy-syntetyk\/#Pielegnacja_%E2%80%93_co_laczy_puch_i_tenis\" >Piel\u0119gnacja \u2013 co \u0142\u0105czy puch i tenis?<\/a><\/li><li class='ez-toc-page-1 ez-toc-heading-level-2'><a class=\"ez-toc-link ez-toc-heading-9\" href=\"https:\/\/www.skalnik.pl\/blog\/kurtki-ocieplane-puch-czy-syntetyk\/#Trwalosc_%E2%80%93_jak_dlugo_grzeje_puch_i_syntetyk\" >Trwa\u0142o\u015b\u0107 &#8211; jak d\u0142ugo grzeje puch i syntetyk<\/a><\/li><li class='ez-toc-page-1 ez-toc-heading-level-2'><a class=\"ez-toc-link ez-toc-heading-10\" href=\"https:\/\/www.skalnik.pl\/blog\/kurtki-ocieplane-puch-czy-syntetyk\/#Odpowiedzialnosc_%E2%80%93_wybor_ma_znaczenie\" >Odpowiedzialno\u015b\u0107 &#8211; wyb\u00f3r ma znaczenie<\/a><\/li><\/ul><\/nav><\/div>\n<h2><span class=\"ez-toc-section\" id=\"Puch_czy_PrimaLoft\"><\/span>Puch czy PrimaLoft<span class=\"ez-toc-section-end\"><\/span><\/h2>\n<p><img loading=\"lazy\" decoding=\"async\" class=\"alignright wp-image-2336 size-medium\" src=\"https:\/\/skalnik.pl\/blog\/wp-content\/uploads\/2017\/10\/full_full_img_45281-300x300.jpg\" alt=\"kurtka zimowa\" width=\"300\" height=\"300\" srcset=\"https:\/\/www.skalnik.pl\/blog\/wp-content\/uploads\/2017\/10\/full_full_img_45281-300x300.jpg 300w, https:\/\/www.skalnik.pl\/blog\/wp-content\/uploads\/2017\/10\/full_full_img_45281.jpg 600w\" sizes=\"auto, (max-width: 300px) 100vw, 300px\" \/>Im bli\u017cej zimy, tym cz\u0119\u015bciej pojawia si\u0119 pytanie co wybra\u0107: PrimaLoft czy puch. Ta kwestia bije rekordy popularno\u015bci na stronach outdoorowych for\u00f3w i w\u015br\u00f3d pyta\u0144 klient\u00f3w sklep\u00f3w g\u00f3rskich. Nie warto specjalnie si\u0119 temu dziwi\u0107, bo os\u00f3b wybieraj\u0105cych kurtki puchowe jest pewnie por\u00f3wnywalna liczba, co os\u00f3b decyduj\u0105cych si\u0119 na kurtki syntetyczne, a jedni i drudzy broni\u0105 z przekonaniem w\u0142asnego wyboru. W tym miejscu \u201cPrimaLoft\u201d nale\u017cy traktowa\u0107 jako s\u0142owo wytrych, kt\u00f3re okre\u015bla ca\u0142\u0105 rodzin\u0119 w\u0142\u00f3kien okre\u015blanych cz\u0119sto mianem sztucznego puchu. Kiedy postanowisz, \u017ce potrzebujesz czego\u015b nowego i zaczniesz przegl\u0105da\u0107 r\u00f3\u017cne <a href=\"https:\/\/skalnik.pl\/odziez\/odziez-meska\/odziez-meska-kurtki-zimowe\">kurtki zimowe<\/a> do zastosowa\u0144 outdoorowych zrozumiesz, \u017ce sprawy tej nie da si\u0119 rozwik\u0142a\u0107 jednostronnie. Zn\u00f3w jak mantra powraca zasada, \u017ce dobre jest to, co w\u0142a\u015bciwe do danych warunk\u00f3w i uprawianej aktywno\u015bci. Zanim usi\u0105dziesz przed komputerem i przeczytasz o pot\u0119dze natury, kt\u00f3ra stworzy\u0142a prawie doskona\u0142y puch i innowacyjnych w\u0142\u00f3knach b\u0119d\u0105cych dzie\u0142em genialnych in\u017cynier\u00f3w, najlepiej z ciep\u0142ym kubkiem herbaty i w wygodnym fotelu, zastan\u00f3w si\u0119 kiedy i gdzie chcesz odczuwa\u0107 przyjemne ciep\u0142o a nie przeszywaj\u0105cy cia\u0142o mr\u00f3z.<\/p>\n<h2><span class=\"ez-toc-section\" id=\"Kurtka_puchowa_PrimaLoft_czy_polar\"><\/span><img loading=\"lazy\" decoding=\"async\" class=\"alignleft wp-image-2337 size-medium\" src=\"https:\/\/skalnik.pl\/blog\/wp-content\/uploads\/2017\/10\/full_full_img_47818-300x300.jpg\" alt=\"kurtka zimowa\" width=\"300\" height=\"300\" srcset=\"https:\/\/www.skalnik.pl\/blog\/wp-content\/uploads\/2017\/10\/full_full_img_47818-300x300.jpg 300w, https:\/\/www.skalnik.pl\/blog\/wp-content\/uploads\/2017\/10\/full_full_img_47818.jpg 600w\" sizes=\"auto, (max-width: 300px) 100vw, 300px\" \/>Kurtka puchowa, PrimaLoft czy polar<span class=\"ez-toc-section-end\"><\/span><\/h2>\n<p>Warto wspomnie\u0107, \u017ce kurtka puchowa to nie tylko odzie\u017c na srog\u0105 zim\u0119. Jest wiele powod\u00f3w, dla kt\u00f3rych kurtka ocieplana mo\u017ce by\u0107 noszona w nawet latem. Zwr\u00f3cisz na pewno uwag\u0119, \u017ce w\u015br\u00f3d kurtek ocieplanych znajduj\u0105 si\u0119 dopasowane modele, w kt\u00f3rych nie wype\u0142nia przesadna ilo\u015b\u0107 puchu lub syntetyka. Cie\u0144sza kurtka puchowa (okre\u015blana czasem nawet jako sweter puchowy) lub kurtka syntetyczna to cz\u0119sto l\u017cejsza, bardziej pakowna i cieplejsza odzie\u017c ni\u017c polar. Bywa tak, \u017ce jeden polar w g\u00f3ry wype\u0142nia tyle miejsca w plecaku, co zaj\u0105\u0107 mog\u0105 dwie, nawet czasem trzy, kurteczki puchowe lub outdoorowy waciak.<\/p>\n<h2><\/h2>\n<h2><span class=\"ez-toc-section\" id=\"Cieplo_%E2%80%93_najwazniejsza_sprawa\"><\/span>Ciep\u0142o &#8211; najwa\u017cniejsza sprawa<span class=\"ez-toc-section-end\"><\/span><\/h2>\n<p>Za i przeciw w temacie puchu naturalnego i syntetycznego warto zacz\u0105\u0107 od kluczowej sprawy. Czy to <a href=\"https:\/\/skalnik.pl\/odziez\/kurtki-puchowe\" target=\"_blank\" rel=\"noopener noreferrer\">kurtka puchowa<\/a> czy kurtka syntetyczna, zak\u0142adana jest po to, \u017ceby by\u0142o ciep\u0142o. Izolowanie w warunkach niskich temperatur to podstawowe zadanie tego typu kurtek. Kurtka sama z siebie nie grzeje. To struktura w\u0142\u00f3kien, kt\u00f3rymi jest kurtka ocieplona, pozwala zatrzyma\u0107 kurtce ogrzane powietrze. W\u0142a\u015bnie ono jest barier\u0105 pomi\u0119dzy twoim cia\u0142em a ch\u0142odem pochodz\u0105cym z otoczenia.<\/p>\n<p>\u017badna \u2013 cho\u0107by najnowocze\u015bniejsza \u2013 ocieplina syntetyczna, nie jest lepsza w zapewnianiu ciep\u0142a ni\u017c naturalny puch. Wiadomo to nie od dzi\u015b. Historia alpinizmu i himalaizmu nie by\u0142aby tak bogata, gdyby nie w\u0142a\u015bciwo\u015bci puchu. Puch wykorzystywany by\u0142 jako izolator ju\u017c w czasach, w kt\u00f3rych nikt nie zd\u0105\u017cy\u0142 pomy\u015ble\u0107 o syntetycznych ociepleniach. W kurtkach wykorzystuje si\u0119 najcz\u0119\u015bciej puch g\u0119si lub kaczy. Musisz jednak wiedzie\u0107, \u017ce puch puchowi nier\u00f3wny i zdolno\u015b\u0107 do \u201cogrzewania\u201d zale\u017cy od tego, jaki ten puch ma parametry i ile puchu jest w ociepleniu, a ile pierza. Ten ostatni parametr podaje si\u0119 np. zapisem 90\/10 \u2013 90% puch, 10% pierze. Im mniej pierza, tym kurtka l\u017cejsza i cieplejsza.<\/p>\n<h2><span class=\"ez-toc-section\" id=\"Puch_gesi_a_puch_kaczy\"><\/span>Puch g\u0119si a puch kaczy<span class=\"ez-toc-section-end\"><\/span><\/h2>\n<p>Nie tyle gatunek ptaka, co same w\u0142a\u015bciwo\u015bci puchu decyduj\u0105 o tym, kt\u00f3ry rodzaj ocieplenia jest lepszy. Puch zatrzymuje ciep\u0142o dzi\u0119ki swojej spr\u0119\u017cysto\u015bci. Im jest ona wi\u0119ksza, tym puch jest bardziej ekspansywny, a w jego strukturze lepiej utrzymuje si\u0119 powietrze. Spr\u0119\u017cysto\u015b\u0107 puchu mierzy si\u0119 w jednostkach CUIN\/CUI. Warto\u015b\u0107 ta oznacza, w jaki spos\u00f3b standardowa pr\u00f3bka puchu o wadze jednej uncji rozpr\u0119\u017ca si\u0119 na danej pojemno\u015bci mierzonej w calach sze\u015bciennych. Puch dobrej jako\u015bci to taki, w kt\u00f3rym parametr ten osi\u0105ga ok. 600-650 cuin. Oczywi\u015bcie im warto\u015b\u0107 ta jest wy\u017csza, tym lepiej dla ciep\u0142a twojego cia\u0142a. I tu dotykamy sedna w sprawie kaczek i g\u0119si. Najlepszy puch kaczy jest zdolny rozpr\u0119\u017ca\u0107 si\u0119 jedynie do 650-700 cuin, co oznacza, \u017ce jest to dobry puch, cho\u0107 na \u015bwiecie istnieje jeszcze lepszy. Jest on jednak r\u00f3wnie\u017c o wiele, wiele dro\u017cszy.<\/p>\n<p>W kwestii ciep\u0142a puch nie ma sobie r\u00f3wnych. Warto doda\u0107, \u017ce jest to izolator, kt\u00f3ry cechuje tzw. znikoma pojemno\u015b\u0107 cieplna. M\u00f3wi\u0105c pro\u015bciej puch naturalny w odr\u00f3\u017cnieniu od innych wype\u0142nie\u0144 grzeje od razu, bo sam nie musi by\u0107 prawie wcale ogrzewany. Je\u015bli chcesz tego do\u015bwiadczy\u0107 to spr\u00f3buj za\u0142o\u017cy\u0107 kurtk\u0119 puchow\u0105 w pomieszczeniu. Id\u0119 o zak\u0142ad, \u017ce pr\u0119dko pojawi si\u0119 w twojej g\u0142owie my\u015bl \u017ceby zdj\u0105\u0107 kurtk\u0119 puchow\u0105.<\/p>\n<p>W zasadzie mo\u017cna zaryzykowa\u0107 stwierdzenie, \u017ce puch o spr\u0119\u017cysto\u015bci 600 cuin przewy\u017csza poziomem izolacji ka\u017cdego syntetyka, kt\u00f3rym wype\u0142niona jest kurtka podobnej klasy. Warto pami\u0119ta\u0107 przy tym, \u017ce znaczenie ma ilo\u015b\u0107 puchu wyra\u017cona wag\u0105 w kurtkach puchowych albo gramatura w\u0142\u00f3kien w kurtkach ze sztucznym ociepleniem. Badania laboratoryjne potwierdzaj\u0105, \u017ce kurtki z ociepleniem syntetycznym zapewniaj\u0105 cia\u0142u taki poziom ciep\u0142a, jak \u015bredniej jako\u015bci puch o parametrach 500-600 cuin.<\/p>\n<p>Wr\u00f3\u0107my do sytuacji z herbatk\u0105 i wygodnym fotelem. Je\u015bli ciep\u0142o jest dla ciebie najwa\u017cniejsze, wi\u0119cej znajdziesz go w kurtce puchowej ni\u017c syntetycznej.<\/p>\n<h2><span class=\"ez-toc-section\" id=\"Wilgoc_%E2%80%93_puch_kocha_ja_odrobine_za_bardzo\"><\/span>Wilgo\u0107 &#8211; puch kocha j\u0105 odrobin\u0119 za bardzo<span class=\"ez-toc-section-end\"><\/span><\/h2>\n<p>Problem w tym, \u017ce ciep\u0142o z puchu stawia jeden warunek \u2013 musi by\u0107 sucho. Puch troch\u0119 za bardzo lubi wilgo\u0107 i to jest pow\u00f3d, dla kt\u00f3rego powsta\u0142y ociepliny syntetyczne. Poliestrowe w\u0142\u00f3kna takie jak Thinsulate, Coreloft czy PrimaLoft zosta\u0142y wymy\u015blone, \u017ceby kurtki i \u015bpiwory nie przestawa\u0142y izolowa\u0107 w trudnych warunkach i powietrzu przesyconym wilgoci\u0105. Wystarczy wspomnie\u0107 cho\u0107by o historii najs\u0142ynniejszego puchu syntetycznego. PrimaLoft to w\u0142\u00f3kno wymy\u015blone dla ameryka\u0144skich komandos\u00f3w, kt\u00f3rzy potrzebowali ochrony termicznej w ka\u017cdych warunkach. Na polu walki nikt nie odwo\u0142uje przecie\u017c dzia\u0142a\u0144 z powodu gorszej prognozy.<\/p>\n<p>Mokry puch nie ogrzeje ci\u0119 wcale. W stanie mokrym zbija si\u0119 tak skutecznie, \u017ce jego w\u0142a\u015bciwo\u015bci spadaj\u0105 do warto\u015bci zerowych. Co wi\u0119cej, przemoczony schnie bardzo, bardzo d\u0142ugo a\u017c zn\u00f3w odzyska pe\u0142n\u0105 sprawno\u015b\u0107 do izolowania. W\u0142a\u015bnie z tego powodu puch w kurtkach outdoor cz\u0119sto poddaje si\u0119 procesom, kt\u00f3re zmniejszaj\u0105 zdolno\u015b\u0107 puchu do absorbowania wilgoci. W\u00f3wczas m\u00f3wi si\u0119 o tzw. puchu hydrofobowym.<\/p>\n<p>Inaczej jest w kurtkach z syntetycznym ociepleniem. Izolacyjno\u015b\u0107 w\u0142\u00f3kien syntetycznych w stanie mokrym, w najgorszym wypadku, spada o 50%. Najlepsze w\u0142\u00f3kna syntetyczne (te kt\u00f3re w budowie najmocniej przypominaj\u0105 puch) trac\u0105 jednak tylko kilkana\u015bcie procent z poziomu izolacji. I to nawet je\u015bli s\u0105 zupe\u0142nie przemoczone. Zdecydowanie szybciej r\u00f3wnie\u017c schn\u0105, a dzi\u0119ki w\u0142a\u015bciwo\u015bciom antyseptycznym nie s\u0105 \u015brodowiskiem dla grzyb\u00f3w i bakterii.<\/p>\n<p>Teraz zastan\u00f3w si\u0119, kt\u00f3rych dni w g\u00f3rach miewasz wi\u0119cej: \u201clampy\u201d czy \u201cdup\u00f3wy\u201d. Je\u015bli zdarza ci si\u0119 dzia\u0142a\u0107 niezale\u017cnie od pogody, raczej lepszym wyborem b\u0119dzie sztuczny puszek.<\/p>\n<h2><span class=\"ez-toc-section\" id=\"Aktywnosc_%E2%80%93_dla_aktywnych_i_dla_aktywnych_bardziej\"><\/span>Aktywno\u015b\u0107 \u2013 dla aktywnych i dla aktywnych bardziej<span class=\"ez-toc-section-end\"><\/span><\/h2>\n<p>Wilgo\u0107 to nie tylko problem pogody. Wyb\u00f3r kurtki syntetycznej lub puchowej warto r\u00f3wnie\u017c rozwa\u017cy\u0107 pod k\u0105tem najcz\u0119\u015bciej uprawianych aktywno\u015bci. To prawda, \u017ce mo\u017cesz ochroni\u0107 kurtk\u0119 puchow\u0105 przed deszczem lub mokrym \u015bniegiem, zak\u0142adaj\u0105c na ni\u0105 hardshell. Musisz jednak pami\u0119ta\u0107, \u017ce wilgo\u0107 powstaje r\u00f3wnie\u017c od pracuj\u0105cego na wysokich obrotach cia\u0142a. Speed hiking, szybki skitouring i alpinizm fast and light to dzia\u0142ania wymagaj\u0105ce intensywnego wysi\u0142ku. Spogl\u0105daj\u0105c na spraw\u0119 pod tym k\u0105tem, kurtka syntetyczna mo\u017ce mie\u0107 nieco wi\u0119cej atut\u00f3w ni\u017c puch\u00f3wka. Tym bardziej, \u017ce kiedy poruszasz si\u0119 szybko, najwy\u017cszy poziom izolowania staje si\u0119 zb\u0119dny. No chyba, \u017ce zak\u0142adasz tak szybko przebiera\u0107 nogami, \u017ce ocieplana kurtka to opcja tylko na post\u00f3j.<\/p>\n<h2><span class=\"ez-toc-section\" id=\"Waga_%E2%80%93_nie_tyle_piorkowa_co_puchowa\"><\/span>Waga \u2013 nie tyle pi\u00f3rkowa, co puchowa<span class=\"ez-toc-section-end\"><\/span><\/h2>\n<p>W tej kwestii nie ma w\u0105tpliwo\u015bci. Nie ma tak lekkiego izolatora jak puch. <a href=\"https:\/\/skalnik.pl\/odziez\/odziez-meska\/odziez-meska-kurtki-zimowe\/kurtki-puchowe\">Kurtki puchowe m\u0119skie<\/a> jak i damskie, cho\u0107 s\u0105 po prostu wagi pi\u00f3rkowej, bij\u0105 w tym wzgl\u0119dzie syntetyki przez nokaut techniczny. Je\u015bli por\u00f3wna\u0107 dwie kurtki ocieplane w g\u00f3ry \u2013 syntetyczn\u0105 i puchow\u0105 \u2013 o podobnych w\u0142a\u015bciwo\u015bciach ochrony przed zimnem, oka\u017ce si\u0119, \u017ce kurtka puchowa jest zazwyczaj dwukrotnie l\u017cejsza. Mo\u017ce na co dzie\u0144 nie ma to tak wielkiego znaczenia, ale je\u015bli zechcesz transportowa\u0107 kurtk\u0119 w plecaku pe\u0142nym tak\u017ce innego ekwipunku, to na pewno r\u00f3\u017cnic\u0119 poczujesz, a tak\u017ce zauwa\u017cysz. Dzi\u0119ki lepszej zdolno\u015bci do kompresji, puchowa kurtka wype\u0142ni plecak w mniejszym stopniu. Mo\u017ce to by\u0107 r\u00f3\u017cnica nawet o 1\/3 obj\u0119to\u015bci.<\/p>\n<p>W parametrach wagi i mo\u017cliwo\u015bciach kompresji puch\u00f3wki nie maj\u0105 po prostu sobie r\u00f3wnych.<\/p>\n<p>Je\u015bli do plecaka niemal zawsze pakujesz ocieplan\u0105 kurtk\u0119 i lubisz jak plecak jest ma\u0142y i lekki, to werdykt jest jeden i nie ko\u0144czy si\u0119 wskazaniem. Puchowa kurtka w tym wzgl\u0119dzie rzuci syntetyk na deski.<\/p>\n<div id=\"attachment_2338\" style=\"width: 576px\" class=\"wp-caption aligncenter\"><img loading=\"lazy\" decoding=\"async\" aria-describedby=\"caption-attachment-2338\" class=\"wp-image-2338 size-full\" src=\"https:\/\/skalnik.pl\/blog\/wp-content\/uploads\/2017\/10\/26642981.jpg\" alt=\"kurtka puchowa\" width=\"566\" height=\"381\" srcset=\"https:\/\/www.skalnik.pl\/blog\/wp-content\/uploads\/2017\/10\/26642981.jpg 566w, https:\/\/www.skalnik.pl\/blog\/wp-content\/uploads\/2017\/10\/26642981-300x202.jpg 300w\" sizes=\"auto, (max-width: 566px) 100vw, 566px\" \/><p id=\"caption-attachment-2338\" class=\"wp-caption-text\">Dzi\u0119ki lepszej zdolno\u015bci do kompresji, puchowa kurtka wype\u0142ni plecak w mniejszym stopniu.<\/p><\/div>\n<h2><span class=\"ez-toc-section\" id=\"Pielegnacja_%E2%80%93_co_laczy_puch_i_tenis\"><\/span>Piel\u0119gnacja \u2013 co \u0142\u0105czy puch i tenis?<span class=\"ez-toc-section-end\"><\/span><\/h2>\n<p>Kolejna kwestia w sprawie puch vs syntetyk to problem piel\u0119gnacji odzie\u017cy puchowej i syntetycznej. \u017beby kurtka pozostawa\u0142a ciep\u0142a, jej ocieplina nie mo\u017ce straci\u0107 spr\u0119\u017cysto\u015bci. Zar\u00f3wno w\u0142\u00f3knom syntetycznym jak i puchowi szkodz\u0105 zabrudzenia. T\u0142uszcz czy sole zanieczyszczaj\u0105ce ocieplin\u0119 powoduj\u0105 utrat\u0119 jej \u201cpuszysto\u015bci\u201d. Drugim czynnikiem zagra\u017caj\u0105cym s\u0105 mechaniczne uszkodzenia. Puch i w\u0142\u00f3kna syntetyczne poddawane s\u0105 uciskowi i za\u0142amaniom. Im jest ich mniej, tym lepiej dla ich \u017cywotno\u015bci. Kurtki tego typu mo\u017cna kompresowa\u0107, ale nie powinno robi\u0107 si\u0119 tego zawsze w ten sam spos\u00f3b i utrzymywa\u0107 ich w kompresji zbyt d\u0142ugo. Nie chodzi tu o sytuacj\u0119 kilkudniowej wycieczki, ale o tak\u0105, w kt\u00f3rej ocieplan\u0105 kurtk\u0119 chcemy trzyma\u0107 skompresowan\u0105 do nast\u0119pnej zimy.<\/p>\n<p>Kurtka syntetyczna i puchowa powinny wskakiwa\u0107 do work\u00f3w kompresyjnych niedbale, za ka\u017cdym razem troch\u0119 inaczej. Nie wolno ich rolowa\u0107, poniewa\u017c w\u00f3wczas miejsca zginania i napr\u0119\u017ce\u0144 wypadn\u0105 w tych samych partiach odzie\u017cy.<\/p>\n<p>Kolejn\u0105 kwesti\u0105 jest pranie kurtek puchowych i kurtek z wype\u0142nieniem syntetycznym. Kurtka puchowa wymaga wi\u0119cej uwagi i po prostu nale\u017cy wiedzie\u0107 jak pra\u0107 kurtk\u0119 puchow\u0105. Przy jej praniu i suszeniu trzeba dba\u0107, \u017ceby puch nie zbija\u0142 si\u0119 w komorach. Specjalny schemat wirowania, dorzucanie do b\u0119bna pi\u0142eczek tenisowych, czy oklepywanie kurtki podczas suszenia, to sposoby znane posiadaczom puch\u00f3wek. Kurtki syntetyczne wymagaj\u0105 mniej skomplikowanych zabieg\u00f3w, a ich pranie zasadniczo polega na przestrzeganiu zalece\u0144 z metki.<\/p>\n<p>Tym razem wyb\u00f3r jednej lub drugiej kurtki ocieplonej mo\u017cna sprowadzi\u0107 do tego, jak wiele uwagi jeste\u015b w stanie po\u015bwi\u0119ca\u0107 jej przy praniu i przechowywaniu. Syntetyk jest bardziej bezobs\u0142ugowy, cho\u0107 z puchem, oczywi\u015bcie przy pewnej dozie dobrych ch\u0119ci, mo\u017cna sobie r\u00f3wnie\u017c poradzi\u0107.<\/p>\n<div id=\"attachment_9169\" style=\"width: 2237px\" class=\"wp-caption aligncenter\"><img loading=\"lazy\" decoding=\"async\" aria-describedby=\"caption-attachment-9169\" class=\"wp-image-9169 size-full\" title=\"rab microlight kurtka puchowa\" src=\"https:\/\/skalnik.pl\/blog\/wp-content\/uploads\/2017\/10\/AW18_Rab_microlight_campaign_06047_Summit_jacket-min.jpg\" alt=\"kurtki puchowe Rab\" width=\"2227\" height=\"1485\" srcset=\"https:\/\/www.skalnik.pl\/blog\/wp-content\/uploads\/2017\/10\/AW18_Rab_microlight_campaign_06047_Summit_jacket-min.jpg 2227w, https:\/\/www.skalnik.pl\/blog\/wp-content\/uploads\/2017\/10\/AW18_Rab_microlight_campaign_06047_Summit_jacket-min-300x200.jpg 300w, https:\/\/www.skalnik.pl\/blog\/wp-content\/uploads\/2017\/10\/AW18_Rab_microlight_campaign_06047_Summit_jacket-min-768x512.jpg 768w, https:\/\/www.skalnik.pl\/blog\/wp-content\/uploads\/2017\/10\/AW18_Rab_microlight_campaign_06047_Summit_jacket-min-1024x683.jpg 1024w\" sizes=\"auto, (max-width: 2227px) 100vw, 2227px\" \/><p id=\"caption-attachment-9169\" class=\"wp-caption-text\">Kurtki puchowe Rab to przyk\u0142ad modeli o doskona\u0142ej jako\u015bci, \u015bwietnej izolacji i rozs\u0105dnej ceny. (fot. Rab)<\/p><\/div>\n<h2><span class=\"ez-toc-section\" id=\"Trwalosc_%E2%80%93_jak_dlugo_grzeje_puch_i_syntetyk\"><\/span>Trwa\u0142o\u015b\u0107 &#8211; jak d\u0142ugo grzeje puch i syntetyk<span class=\"ez-toc-section-end\"><\/span><\/h2>\n<p>Oczywi\u015bcie wszystko zale\u017cy od tego, jak u\u017cywasz i jak dbasz kurtk\u0119. Warto nadmieni\u0107, \u017ce kurtka u\u017cywana w g\u00f3rach i w mie\u015bcie nara\u017cona jest na wiele czynnik\u00f3w. Je\u015bli kurtk\u0119 nosisz tak\u017ce na co dzie\u0144 to wiedz, \u017ce materia\u0142 zewn\u0119trzny i ocieplina na pewno szybciej zaczn\u0105 si\u0119 starze\u0107. Kluczowa dla kurtek ocieplanych jest tzw. utrata loftu, czyli zanikanie spr\u0119\u017cysto\u015bci w\u0142\u00f3kien. Przyjmuje si\u0119, \u017ce puch jest ocieplin\u0105, kt\u00f3ra d\u0142u\u017cej zachowuje swoje naturalne w\u0142a\u015bciwo\u015bci. Uwa\u017ca si\u0119, \u017ce puch zdolny jest pozostawa\u0107 spr\u0119\u017cysty przez okres 5 lat, ocieplina syntetyczna za\u015b przez oko\u0142o 3 lata. Okresy te mo\u017cna znacznie wyd\u0142u\u017cy\u0107, mog\u0105 one trwa\u0107 dwu-, a nawet dwuip\u00f3\u0142krotnie d\u0142u\u017cej, je\u015bli o swoj\u0105 kurtk\u0119 nale\u017cycie dba si\u0119 przez ca\u0142y ten okres jej u\u017cytkowania.<\/p>\n<p>Przy tej okazji warto wspomnie\u0107 o cenach kurtek puchowych i syntetycznych. <a href=\"https:\/\/skalnik.pl\/odziez\/odziez-damska\/odziez-damska-kurtki-zimowe\/kurtki-puchowe\">Kurtki puchowe damskie<\/a> oraz m\u0119skie zazwyczaj s\u0105 dro\u017csze, ale jak widzisz s\u0105 one bardziej trwa\u0142e. Kurtki z ociepleniem syntetycznym s\u0105 najcz\u0119\u015bciej nieco ta\u0144sze, a czas ich zu\u017cywania raczej na tyle d\u0142ugi, by w tym czasie zapragn\u0105\u0107 kupna nowego modelu.<\/p>\n<h2><span class=\"ez-toc-section\" id=\"Odpowiedzialnosc_%E2%80%93_wybor_ma_znaczenie\"><\/span>Odpowiedzialno\u015b\u0107 &#8211; wyb\u00f3r ma znaczenie<span class=\"ez-toc-section-end\"><\/span><\/h2>\n<p>Przy wyborze kurtki ocieplanej warto zastanowi\u0107 si\u0119 nad kwesti\u0105 odpowiedzialno\u015bci za \u015brodowisko naturalne. Bran\u017ca outdoor i natura to pola, kt\u00f3rych zwyczajnie nie da si\u0119 oddzieli\u0107. Produkcja kurtek puchowych powi\u0105zana jest z hodowl\u0105 g\u0119si i kaczek. \u017beby zminimalizowa\u0107 negatywny wp\u0142yw i wprowadzi\u0107 wysokie standardy hodowli drobiu, stworzony zosta\u0142 certyfikat RDS (Responsible Down Standard). Warto wybiera\u0107 kurtki wype\u0142niane puchem z tym znakiem. W\u00f3wczas wyra\u017casz poparcie dla odpowiedzialnych metod pozyskiwania puchu i odpowiedzialnej hodowli, kt\u00f3ra nie przysparza zwierz\u0119tom cierpienia. Wiod\u0105ce marki outdoorowe u\u017cywaj\u0105 puchu z certyfikatem RDS (Responsible Down Standard) od 2014 r.<\/p>\n<p>W tym wypadku wyb\u00f3r kurtki ze sztucznym ociepleniem to wyb\u00f3r ekologiczny. Nie wp\u0142ywa na potrzeb\u0119 zwi\u0119kszania hodowli, a tak\u017ce cz\u0119sto wi\u0105\u017ce si\u0119 z wykorzystaniem w\u0142\u00f3kien pochodz\u0105cych z recyklingu. Niekt\u00f3re marki odzie\u017cy outdoor staraj\u0105 si\u0119 poszerza\u0107 kolekcj\u0119 kurtek z ociepleniami takimi jak PrimaLoft\u00ae, Coreloft\u2122, Thinsulate\u2122, Polartec\u00ae Alpha\u00ae, a tak\u017ce poszukuj\u0105 rozwi\u0105za\u0144 wykorzystuj\u0105cych hybrydowe ocieplenia, na przyk\u0142ad z we\u0142ny i syntetycznych w\u0142\u00f3kien.<\/p>\n<div id=\"attachment_5664\" style=\"width: 1034px\" class=\"wp-caption alignnone\"><img loading=\"lazy\" decoding=\"async\" aria-describedby=\"caption-attachment-5664\" class=\"wp-image-5664 size-large\" src=\"https:\/\/skalnik.pl\/blog\/wp-content\/uploads\/2019\/02\/stolowe-1024x663.jpg\" alt=\"g\u00f3ry sto\u0142owe\" width=\"1024\" height=\"663\" srcset=\"https:\/\/www.skalnik.pl\/blog\/wp-content\/uploads\/2019\/02\/stolowe-1024x663.jpg 1024w, https:\/\/www.skalnik.pl\/blog\/wp-content\/uploads\/2019\/02\/stolowe-300x194.jpg 300w, https:\/\/www.skalnik.pl\/blog\/wp-content\/uploads\/2019\/02\/stolowe-768x497.jpg 768w\" sizes=\"auto, (max-width: 1024px) 100vw, 1024px\" \/><p id=\"caption-attachment-5664\" class=\"wp-caption-text\">Autor w kurtce\u00a0Fanes TW\u00a0CLT Hood z hybrydow\u0105 ocieplin\u0105 TirolWool\u00ae Celiant\u00ae.<\/p><\/div>\n<p>Ciekawe, czy po lekturze tego wpisu jest ci \u0142atwiej wybra\u0107 kurtk\u0119 ocieplan\u0105, czy masz jeszcze wi\u0119kszy m\u0119tlik w g\u0142owie. Jak widzisz, w zale\u017cno\u015bci od tego, co we\u017amie si\u0119 pod uwag\u0119, puch lub syntetyk sprawdza si\u0119 lepiej. Mo\u017ce spr\u00f3buj sporz\u0105dzi\u0107 piramid\u0119 swoich priorytet\u00f3w. Je\u015bli maksimum ciep\u0142a, waga odzie\u017cy i pakowno\u015b\u0107 b\u0119d\u0105 najistotniejsze, wyb\u00f3r powinien pa\u015b\u0107 na puch. Je\u015bli za\u015b szukasz kurtki, kt\u00f3ra nie zawodzi przy za\u0142amaniu pogody i w trakcie intensywnych dzia\u0142a\u0144 oraz dostarcza ca\u0142kiem sporo ciep\u0142a, to sztuczny puszek b\u0119dzie dla ciebie lepszy.<\/p>\n","protected":false},"excerpt":{"rendered":"<p>Co lepsze \u2013 PrimaLoft czy puch? Co wybra\u0107? Wszystko zale\u017cy od tego, jak dzia\u0142asz, kiedy si\u0119gasz po kurtk\u0119 ocieplan\u0105 i temperatury, na jak\u0105 chcesz si\u0119 przygotowa\u0107. Na blogu przygl\u0105damy si\u0119 ocieplonym kurtkom dla aktywnych os\u00f3b. Kliknij po wi\u0119cej informacji, kt\u00f3re u\u0142atwiaj\u0105 porusza\u0107 si\u0119 w\u015br\u00f3d modeli z naturalnym i sztucznym puchem. <\/p>\n","protected":false},"author":8,"featured_media":4615,"comment_status":"open","ping_status":"open","sticky":false,"template":"","format":"standard","meta":{"_acf_changed":false,"footnotes":""},"categories":[3],"tags":[22,167,132],"magento_category":[168],"magento_product":[],"class_list":["post-655","post","type-post","status-publish","format-standard","has-post-thumbnail","hentry","category-porady","tag-impregnacja","tag-kurtki-primaloft","tag-kurtki-puchowe"],"acf":[],"aioseo_notices":[],"aioseo_head":"\n\t\t<!-- All in One SEO 4.9.10 - aioseo.com -->\n\t<meta name=\"description\" content=\"W artkule tym znajdziesz informacje o plusach i minusach kurtek puchowych i primaloft. Nie mo\u017cna jednoznacznie wskaza\u0107 co jest lepsze - puch czy syntetyk. Wyb\u00f3r kurtki ocieplanej powinien zale\u017ce\u0107 od przeznaczenia i rodzaju wykonywanej aktywno\u015bci fizycznej. Sprawd\u017a porady Skalnik.pl!\" \/>\n\t<meta name=\"robots\" content=\"max-image-preview:large\" \/>\n\t<meta name=\"author\" content=\"S\u0142awek Nosal\"\/>\n\t<link rel=\"canonical\" href=\"https:\/\/www.skalnik.pl\/blog\/kurtki-ocieplane-puch-czy-syntetyk\/\" \/>\n\t<meta name=\"generator\" content=\"All in One SEO (AIOSEO) 4.9.10\" \/>\n\t\t<meta property=\"og:locale\" content=\"pl_PL\" \/>\n\t\t<meta property=\"og:site_name\" content=\"blog Skalnik - Blog, porady, artyku\u0142y - blog Skalnik\" \/>\n\t\t<meta property=\"og:type\" content=\"article\" \/>\n\t\t<meta property=\"og:title\" content=\"Kurtki ocieplane \u2013 puch czy syntetyk - blog Skalnik\" \/>\n\t\t<meta property=\"og:description\" content=\"W artkule tym znajdziesz informacje o plusach i minusach kurtek puchowych i primaloft. Nie mo\u017cna jednoznacznie wskaza\u0107 co jest lepsze - puch czy syntetyk. Wyb\u00f3r kurtki ocieplanej powinien zale\u017ce\u0107 od przeznaczenia i rodzaju wykonywanej aktywno\u015bci fizycznej. Sprawd\u017a porady Skalnik.pl!\" \/>\n\t\t<meta property=\"og:url\" content=\"https:\/\/www.skalnik.pl\/blog\/kurtki-ocieplane-puch-czy-syntetyk\/\" \/>\n\t\t<meta property=\"og:image\" content=\"https:\/\/skalnik.pl\/blog\/wp-content\/uploads\/2017\/10\/full_full_img_45281-300x300.jpg\" \/>\n\t\t<meta property=\"og:image:secure_url\" content=\"https:\/\/skalnik.pl\/blog\/wp-content\/uploads\/2017\/10\/full_full_img_45281-300x300.jpg\" \/>\n\t\t<meta property=\"article:tag\" content=\"porady\" \/>\n\t\t<meta property=\"article:tag\" content=\"impregnacja\" \/>\n\t\t<meta property=\"article:tag\" content=\"kurtki primaloft\" \/>\n\t\t<meta property=\"article:tag\" content=\"kurtki puchowe\" \/>\n\t\t<meta property=\"article:published_time\" content=\"2017-10-23T06:52:36+00:00\" \/>\n\t\t<meta property=\"article:modified_time\" content=\"2020-06-02T15:43:39+00:00\" \/>\n\t\t<meta name=\"twitter:card\" content=\"summary_large_image\" \/>\n\t\t<meta name=\"twitter:title\" content=\"Kurtki ocieplane \u2013 puch czy syntetyk - blog Skalnik\" \/>\n\t\t<meta name=\"twitter:description\" content=\"W artkule tym znajdziesz informacje o plusach i minusach kurtek puchowych i primaloft. Nie mo\u017cna jednoznacznie wskaza\u0107 co jest lepsze - puch czy syntetyk. Wyb\u00f3r kurtki ocieplanej powinien zale\u017ce\u0107 od przeznaczenia i rodzaju wykonywanej aktywno\u015bci fizycznej. Sprawd\u017a porady Skalnik.pl!\" \/>\n\t\t<meta name=\"twitter:image\" content=\"https:\/\/skalnik.pl\/blog\/wp-content\/uploads\/2017\/10\/full_full_img_45281-300x300.jpg\" \/>\n\t\t<script type=\"application\/ld+json\" class=\"aioseo-schema\">\n\t\t\t{\"@context\":\"https:\\\/\\\/schema.org\",\"@graph\":[{\"@type\":\"BlogPosting\",\"@id\":\"https:\\\/\\\/www.skalnik.pl\\\/blog\\\/kurtki-ocieplane-puch-czy-syntetyk\\\/#blogposting\",\"name\":\"Kurtki ocieplane \\u2013 puch czy syntetyk - blog Skalnik\",\"headline\":\"Kurtki ocieplane &#8211; puch czy syntetyk\",\"author\":{\"@id\":\"https:\\\/\\\/www.skalnik.pl\\\/blog\\\/author\\\/slawek-nosal\\\/#author\"},\"publisher\":{\"@id\":\"https:\\\/\\\/www.skalnik.pl\\\/blog\\\/#organization\"},\"image\":{\"@type\":\"ImageObject\",\"url\":\"https:\\\/\\\/www.skalnik.pl\\\/blog\\\/wp-content\\\/uploads\\\/2017\\\/10\\\/2017-10-23_kurtki_ocieplane_ciemna..jpg\",\"width\":1920,\"height\":705},\"datePublished\":\"2017-10-23T08:52:36+02:00\",\"dateModified\":\"2020-06-02T17:43:39+02:00\",\"inLanguage\":\"pl-PL\",\"commentCount\":1,\"mainEntityOfPage\":{\"@id\":\"https:\\\/\\\/www.skalnik.pl\\\/blog\\\/kurtki-ocieplane-puch-czy-syntetyk\\\/#webpage\"},\"isPartOf\":{\"@id\":\"https:\\\/\\\/www.skalnik.pl\\\/blog\\\/kurtki-ocieplane-puch-czy-syntetyk\\\/#webpage\"},\"articleSection\":\"Porady, impregnacja, kurtki primaloft, kurtki puchowe, 1091\"},{\"@type\":\"BreadcrumbList\",\"@id\":\"https:\\\/\\\/www.skalnik.pl\\\/blog\\\/kurtki-ocieplane-puch-czy-syntetyk\\\/#breadcrumblist\",\"itemListElement\":[{\"@type\":\"ListItem\",\"@id\":\"https:\\\/\\\/www.skalnik.pl\\\/blog#listItem\",\"position\":1,\"name\":\"Home\",\"item\":\"https:\\\/\\\/www.skalnik.pl\\\/blog\",\"nextItem\":{\"@type\":\"ListItem\",\"@id\":\"https:\\\/\\\/www.skalnik.pl\\\/blog\\\/.\\\/porady\\\/#listItem\",\"name\":\"Porady\"}},{\"@type\":\"ListItem\",\"@id\":\"https:\\\/\\\/www.skalnik.pl\\\/blog\\\/.\\\/porady\\\/#listItem\",\"position\":2,\"name\":\"Porady\",\"item\":\"https:\\\/\\\/www.skalnik.pl\\\/blog\\\/.\\\/porady\\\/\",\"nextItem\":{\"@type\":\"ListItem\",\"@id\":\"https:\\\/\\\/www.skalnik.pl\\\/blog\\\/kurtki-ocieplane-puch-czy-syntetyk\\\/#listItem\",\"name\":\"Kurtki ocieplane &#8211; puch czy syntetyk\"},\"previousItem\":{\"@type\":\"ListItem\",\"@id\":\"https:\\\/\\\/www.skalnik.pl\\\/blog#listItem\",\"name\":\"Home\"}},{\"@type\":\"ListItem\",\"@id\":\"https:\\\/\\\/www.skalnik.pl\\\/blog\\\/kurtki-ocieplane-puch-czy-syntetyk\\\/#listItem\",\"position\":3,\"name\":\"Kurtki ocieplane &#8211; puch czy syntetyk\",\"previousItem\":{\"@type\":\"ListItem\",\"@id\":\"https:\\\/\\\/www.skalnik.pl\\\/blog\\\/.\\\/porady\\\/#listItem\",\"name\":\"Porady\"}}]},{\"@type\":\"Organization\",\"@id\":\"https:\\\/\\\/www.skalnik.pl\\\/blog\\\/#organization\",\"name\":\"blog Skalnik\",\"description\":\"Blog, porady, artyku\\u0142y - blog Skalnik\",\"url\":\"https:\\\/\\\/www.skalnik.pl\\\/blog\\\/\"},{\"@type\":\"Person\",\"@id\":\"https:\\\/\\\/www.skalnik.pl\\\/blog\\\/author\\\/slawek-nosal\\\/#author\",\"url\":\"https:\\\/\\\/www.skalnik.pl\\\/blog\\\/author\\\/slawek-nosal\\\/\",\"name\":\"S\\u0142awek Nosal\",\"image\":{\"@type\":\"ImageObject\",\"@id\":\"https:\\\/\\\/www.skalnik.pl\\\/blog\\\/kurtki-ocieplane-puch-czy-syntetyk\\\/#authorImage\",\"url\":\"https:\\\/\\\/secure.gravatar.com\\\/avatar\\\/376f39150afcfc713e809ef8313d42dee4210bb1425eaad8153efa8965009197?s=96&d=mm&r=g\",\"width\":96,\"height\":96,\"caption\":\"S\\u0142awek Nosal\"}},{\"@type\":\"WebPage\",\"@id\":\"https:\\\/\\\/www.skalnik.pl\\\/blog\\\/kurtki-ocieplane-puch-czy-syntetyk\\\/#webpage\",\"url\":\"https:\\\/\\\/www.skalnik.pl\\\/blog\\\/kurtki-ocieplane-puch-czy-syntetyk\\\/\",\"name\":\"Kurtki ocieplane \\u2013 puch czy syntetyk - blog Skalnik\",\"description\":\"W artkule tym znajdziesz informacje o plusach i minusach kurtek puchowych i primaloft. Nie mo\\u017cna jednoznacznie wskaza\\u0107 co jest lepsze - puch czy syntetyk. Wyb\\u00f3r kurtki ocieplanej powinien zale\\u017ce\\u0107 od przeznaczenia i rodzaju wykonywanej aktywno\\u015bci fizycznej. Sprawd\\u017a porady Skalnik.pl!\",\"inLanguage\":\"pl-PL\",\"isPartOf\":{\"@id\":\"https:\\\/\\\/www.skalnik.pl\\\/blog\\\/#website\"},\"breadcrumb\":{\"@id\":\"https:\\\/\\\/www.skalnik.pl\\\/blog\\\/kurtki-ocieplane-puch-czy-syntetyk\\\/#breadcrumblist\"},\"author\":{\"@id\":\"https:\\\/\\\/www.skalnik.pl\\\/blog\\\/author\\\/slawek-nosal\\\/#author\"},\"creator\":{\"@id\":\"https:\\\/\\\/www.skalnik.pl\\\/blog\\\/author\\\/slawek-nosal\\\/#author\"},\"image\":{\"@type\":\"ImageObject\",\"url\":\"https:\\\/\\\/www.skalnik.pl\\\/blog\\\/wp-content\\\/uploads\\\/2017\\\/10\\\/2017-10-23_kurtki_ocieplane_ciemna..jpg\",\"@id\":\"https:\\\/\\\/www.skalnik.pl\\\/blog\\\/kurtki-ocieplane-puch-czy-syntetyk\\\/#mainImage\",\"width\":1920,\"height\":705},\"primaryImageOfPage\":{\"@id\":\"https:\\\/\\\/www.skalnik.pl\\\/blog\\\/kurtki-ocieplane-puch-czy-syntetyk\\\/#mainImage\"},\"datePublished\":\"2017-10-23T08:52:36+02:00\",\"dateModified\":\"2020-06-02T17:43:39+02:00\"},{\"@type\":\"WebSite\",\"@id\":\"https:\\\/\\\/www.skalnik.pl\\\/blog\\\/#website\",\"url\":\"https:\\\/\\\/www.skalnik.pl\\\/blog\\\/\",\"name\":\"blog Skalnik\",\"description\":\"Blog, porady, artyku\\u0142y - blog Skalnik\",\"inLanguage\":\"pl-PL\",\"publisher\":{\"@id\":\"https:\\\/\\\/www.skalnik.pl\\\/blog\\\/#organization\"}}]}\n\t\t<\/script>\n\t\t<!-- All in One SEO -->\n\n","aioseo_head_json":{"title":"Kurtki ocieplane \u2013 puch czy syntetyk - blog Skalnik","description":"W artkule tym znajdziesz informacje o plusach i minusach kurtek puchowych i primaloft. Nie mo\u017cna jednoznacznie wskaza\u0107 co jest lepsze - puch czy syntetyk. Wyb\u00f3r kurtki ocieplanej powinien zale\u017ce\u0107 od przeznaczenia i rodzaju wykonywanej aktywno\u015bci fizycznej. Sprawd\u017a porady Skalnik.pl!","canonical_url":"https:\/\/www.skalnik.pl\/blog\/kurtki-ocieplane-puch-czy-syntetyk\/","robots":"max-image-preview:large","keywords":"","webmasterTools":{"miscellaneous":""},"schema":{"@context":"https:\/\/schema.org","@graph":[{"@type":"BlogPosting","@id":"https:\/\/www.skalnik.pl\/blog\/kurtki-ocieplane-puch-czy-syntetyk\/#blogposting","name":"Kurtki ocieplane \u2013 puch czy syntetyk - blog Skalnik","headline":"Kurtki ocieplane &#8211; puch czy syntetyk","author":{"@id":"https:\/\/www.skalnik.pl\/blog\/author\/slawek-nosal\/#author"},"publisher":{"@id":"https:\/\/www.skalnik.pl\/blog\/#organization"},"image":{"@type":"ImageObject","url":"https:\/\/www.skalnik.pl\/blog\/wp-content\/uploads\/2017\/10\/2017-10-23_kurtki_ocieplane_ciemna..jpg","width":1920,"height":705},"datePublished":"2017-10-23T08:52:36+02:00","dateModified":"2020-06-02T17:43:39+02:00","inLanguage":"pl-PL","commentCount":1,"mainEntityOfPage":{"@id":"https:\/\/www.skalnik.pl\/blog\/kurtki-ocieplane-puch-czy-syntetyk\/#webpage"},"isPartOf":{"@id":"https:\/\/www.skalnik.pl\/blog\/kurtki-ocieplane-puch-czy-syntetyk\/#webpage"},"articleSection":"Porady, impregnacja, kurtki primaloft, kurtki puchowe, 1091"},{"@type":"BreadcrumbList","@id":"https:\/\/www.skalnik.pl\/blog\/kurtki-ocieplane-puch-czy-syntetyk\/#breadcrumblist","itemListElement":[{"@type":"ListItem","@id":"https:\/\/www.skalnik.pl\/blog#listItem","position":1,"name":"Home","item":"https:\/\/www.skalnik.pl\/blog","nextItem":{"@type":"ListItem","@id":"https:\/\/www.skalnik.pl\/blog\/.\/porady\/#listItem","name":"Porady"}},{"@type":"ListItem","@id":"https:\/\/www.skalnik.pl\/blog\/.\/porady\/#listItem","position":2,"name":"Porady","item":"https:\/\/www.skalnik.pl\/blog\/.\/porady\/","nextItem":{"@type":"ListItem","@id":"https:\/\/www.skalnik.pl\/blog\/kurtki-ocieplane-puch-czy-syntetyk\/#listItem","name":"Kurtki ocieplane &#8211; puch czy syntetyk"},"previousItem":{"@type":"ListItem","@id":"https:\/\/www.skalnik.pl\/blog#listItem","name":"Home"}},{"@type":"ListItem","@id":"https:\/\/www.skalnik.pl\/blog\/kurtki-ocieplane-puch-czy-syntetyk\/#listItem","position":3,"name":"Kurtki ocieplane &#8211; puch czy syntetyk","previousItem":{"@type":"ListItem","@id":"https:\/\/www.skalnik.pl\/blog\/.\/porady\/#listItem","name":"Porady"}}]},{"@type":"Organization","@id":"https:\/\/www.skalnik.pl\/blog\/#organization","name":"blog Skalnik","description":"Blog, porady, artyku\u0142y - blog Skalnik","url":"https:\/\/www.skalnik.pl\/blog\/"},{"@type":"Person","@id":"https:\/\/www.skalnik.pl\/blog\/author\/slawek-nosal\/#author","url":"https:\/\/www.skalnik.pl\/blog\/author\/slawek-nosal\/","name":"S\u0142awek Nosal","image":{"@type":"ImageObject","@id":"https:\/\/www.skalnik.pl\/blog\/kurtki-ocieplane-puch-czy-syntetyk\/#authorImage","url":"https:\/\/secure.gravatar.com\/avatar\/376f39150afcfc713e809ef8313d42dee4210bb1425eaad8153efa8965009197?s=96&d=mm&r=g","width":96,"height":96,"caption":"S\u0142awek Nosal"}},{"@type":"WebPage","@id":"https:\/\/www.skalnik.pl\/blog\/kurtki-ocieplane-puch-czy-syntetyk\/#webpage","url":"https:\/\/www.skalnik.pl\/blog\/kurtki-ocieplane-puch-czy-syntetyk\/","name":"Kurtki ocieplane \u2013 puch czy syntetyk - blog Skalnik","description":"W artkule tym znajdziesz informacje o plusach i minusach kurtek puchowych i primaloft. Nie mo\u017cna jednoznacznie wskaza\u0107 co jest lepsze - puch czy syntetyk. Wyb\u00f3r kurtki ocieplanej powinien zale\u017ce\u0107 od przeznaczenia i rodzaju wykonywanej aktywno\u015bci fizycznej. Sprawd\u017a porady Skalnik.pl!","inLanguage":"pl-PL","isPartOf":{"@id":"https:\/\/www.skalnik.pl\/blog\/#website"},"breadcrumb":{"@id":"https:\/\/www.skalnik.pl\/blog\/kurtki-ocieplane-puch-czy-syntetyk\/#breadcrumblist"},"author":{"@id":"https:\/\/www.skalnik.pl\/blog\/author\/slawek-nosal\/#author"},"creator":{"@id":"https:\/\/www.skalnik.pl\/blog\/author\/slawek-nosal\/#author"},"image":{"@type":"ImageObject","url":"https:\/\/www.skalnik.pl\/blog\/wp-content\/uploads\/2017\/10\/2017-10-23_kurtki_ocieplane_ciemna..jpg","@id":"https:\/\/www.skalnik.pl\/blog\/kurtki-ocieplane-puch-czy-syntetyk\/#mainImage","width":1920,"height":705},"primaryImageOfPage":{"@id":"https:\/\/www.skalnik.pl\/blog\/kurtki-ocieplane-puch-czy-syntetyk\/#mainImage"},"datePublished":"2017-10-23T08:52:36+02:00","dateModified":"2020-06-02T17:43:39+02:00"},{"@type":"WebSite","@id":"https:\/\/www.skalnik.pl\/blog\/#website","url":"https:\/\/www.skalnik.pl\/blog\/","name":"blog Skalnik","description":"Blog, porady, artyku\u0142y - blog Skalnik","inLanguage":"pl-PL","publisher":{"@id":"https:\/\/www.skalnik.pl\/blog\/#organization"}}]},"og:locale":"pl_PL","og:site_name":"blog Skalnik - Blog, porady, artyku\u0142y - blog Skalnik","og:type":"article","og:title":"Kurtki ocieplane \u2013 puch czy syntetyk - blog Skalnik","og:description":"W artkule tym znajdziesz informacje o plusach i minusach kurtek puchowych i primaloft. Nie mo\u017cna jednoznacznie wskaza\u0107 co jest lepsze - puch czy syntetyk. Wyb\u00f3r kurtki ocieplanej powinien zale\u017ce\u0107 od przeznaczenia i rodzaju wykonywanej aktywno\u015bci fizycznej. Sprawd\u017a porady Skalnik.pl!","og:url":"https:\/\/www.skalnik.pl\/blog\/kurtki-ocieplane-puch-czy-syntetyk\/","og:image":"https:\/\/skalnik.pl\/blog\/wp-content\/uploads\/2017\/10\/full_full_img_45281-300x300.jpg","og:image:secure_url":"https:\/\/skalnik.pl\/blog\/wp-content\/uploads\/2017\/10\/full_full_img_45281-300x300.jpg","article:tag":["porady","impregnacja","kurtki primaloft","kurtki puchowe"],"article:published_time":"2017-10-23T06:52:36+00:00","article:modified_time":"2020-06-02T15:43:39+00:00","twitter:card":"summary_large_image","twitter:title":"Kurtki ocieplane \u2013 puch czy syntetyk - blog Skalnik","twitter:description":"W artkule tym znajdziesz informacje o plusach i minusach kurtek puchowych i primaloft. Nie mo\u017cna jednoznacznie wskaza\u0107 co jest lepsze - puch czy syntetyk. Wyb\u00f3r kurtki ocieplanej powinien zale\u017ce\u0107 od przeznaczenia i rodzaju wykonywanej aktywno\u015bci fizycznej. Sprawd\u017a porady Skalnik.pl!","twitter:image":"https:\/\/skalnik.pl\/blog\/wp-content\/uploads\/2017\/10\/full_full_img_45281-300x300.jpg"},"aioseo_meta_data":{"post_id":"655","title":null,"description":"W artkule tym znajdziesz informacje o plusach i minusach kurtek puchowych i primaloft. Nie mo\u017cna jednoznacznie wskaza\u0107 co jest lepsze - puch czy syntetyk. Wyb\u00f3r kurtki ocieplanej powinien zale\u017ce\u0107 od przeznaczenia i rodzaju wykonywanej aktywno\u015bci fizycznej. Sprawd\u017a porady Skalnik.pl!","keywords":[{"label":"kurtki zimowe","value":"kurtki zimowe"},{"label":"kurtka puchowa","value":"kurtka puchowa"},{"label":"primaloft","value":"primaloft"},{"label":"kurtka ocieplana","value":"kurtka ocieplana"},{"label":"puch\u00f3wka","value":"puch\u00f3wka"}],"keyphrases":null,"primary_term":null,"canonical_url":null,"og_title":null,"og_description":null,"og_object_type":"default","og_image_type":"default","og_image_url":null,"og_image_width":null,"og_image_height":null,"og_image_custom_url":null,"og_image_custom_fields":null,"og_video":null,"og_custom_url":null,"og_article_section":null,"og_article_tags":null,"twitter_use_og":false,"twitter_card":"default","twitter_image_type":"default","twitter_image_url":null,"twitter_image_custom_url":null,"twitter_image_custom_fields":null,"twitter_title":null,"twitter_description":null,"schema":{"blockGraphs":[],"customGraphs":[],"default":{"data":{"Article":[],"Course":[],"Dataset":[],"FAQPage":[],"Movie":[],"Person":[],"Product":[],"ProductReview":[],"Car":[],"Recipe":[],"Service":[],"SoftwareApplication":[],"WebPage":[]},"graphName":"BlogPosting","isEnabled":true},"graphs":[]},"schema_type":"default","schema_type_options":null,"pillar_content":false,"robots_default":true,"robots_noindex":false,"robots_noarchive":false,"robots_nosnippet":false,"robots_nofollow":false,"robots_noimageindex":false,"robots_noodp":false,"robots_notranslate":false,"robots_max_snippet":null,"robots_max_videopreview":null,"robots_max_imagepreview":"large","priority":null,"frequency":null,"local_seo":null,"breadcrumb_settings":null,"limit_modified_date":false,"ai":null,"created":"2022-08-26 09:49:02","updated":"2026-02-17 21:21:24","seo_analyzer_scan_date":null},"aioseo_breadcrumb":"<div class=\"aioseo-breadcrumbs\"><span class=\"aioseo-breadcrumb\">\n\t\t\t<a href=\"https:\/\/www.skalnik.pl\/blog\" title=\"Home\">Home<\/a>\n\t\t<\/span><span class=\"aioseo-breadcrumb-separator\">&raquo;<\/span><span class=\"aioseo-breadcrumb\">\n\t\t\t<a href=\"https:\/\/www.skalnik.pl\/blog\/.\/porady\/\" title=\"Porady\">Porady<\/a>\n\t\t<\/span><span class=\"aioseo-breadcrumb-separator\">&raquo;<\/span><span class=\"aioseo-breadcrumb\">\n\t\t\tKurtki ocieplane \u2013 puch czy syntetyk\n\t\t<\/span><\/div>","aioseo_breadcrumb_json":[{"label":"Home","link":"https:\/\/www.skalnik.pl\/blog"},{"label":"Porady","link":"https:\/\/www.skalnik.pl\/blog\/.\/porady\/"},{"label":"Kurtki ocieplane &#8211; puch czy syntetyk","link":"https:\/\/www.skalnik.pl\/blog\/kurtki-ocieplane-puch-czy-syntetyk\/"}],"_links":{"self":[{"href":"https:\/\/www.skalnik.pl\/blog\/wp-json\/wp\/v2\/posts\/655","targetHints":{"allow":["GET"]}}],"collection":[{"href":"https:\/\/www.skalnik.pl\/blog\/wp-json\/wp\/v2\/posts"}],"about":[{"href":"https:\/\/www.skalnik.pl\/blog\/wp-json\/wp\/v2\/types\/post"}],"author":[{"embeddable":true,"href":"https:\/\/www.skalnik.pl\/blog\/wp-json\/wp\/v2\/users\/8"}],"replies":[{"embeddable":true,"href":"https:\/\/www.skalnik.pl\/blog\/wp-json\/wp\/v2\/comments?post=655"}],"version-history":[{"count":25,"href":"https:\/\/www.skalnik.pl\/blog\/wp-json\/wp\/v2\/posts\/655\/revisions"}],"predecessor-version":[{"id":22133,"href":"https:\/\/www.skalnik.pl\/blog\/wp-json\/wp\/v2\/posts\/655\/revisions\/22133"}],"wp:featuredmedia":[{"embeddable":true,"href":"https:\/\/www.skalnik.pl\/blog\/wp-json\/wp\/v2\/media\/4615"}],"wp:attachment":[{"href":"https:\/\/www.skalnik.pl\/blog\/wp-json\/wp\/v2\/media?parent=655"}],"wp:term":[{"taxonomy":"category","embeddable":true,"href":"https:\/\/www.skalnik.pl\/blog\/wp-json\/wp\/v2\/categories?post=655"},{"taxonomy":"post_tag","embeddable":true,"href":"https:\/\/www.skalnik.pl\/blog\/wp-json\/wp\/v2\/tags?post=655"},{"taxonomy":"magento_category","embeddable":true,"href":"https:\/\/www.skalnik.pl\/blog\/wp-json\/wp\/v2\/magento_category?post=655"},{"taxonomy":"magento_product","embeddable":true,"href":"https:\/\/www.skalnik.pl\/blog\/wp-json\/wp\/v2\/magento_product?post=655"}],"curies":[{"name":"wp","href":"https:\/\/api.w.org\/{rel}","templated":true}]}}