{"id":6569,"date":"2019-04-24T11:41:43","date_gmt":"2019-04-24T09:41:43","guid":{"rendered":"https:\/\/skalnik.pl\/blog\/?p=6569"},"modified":"2019-08-21T17:39:59","modified_gmt":"2019-08-21T15:39:59","slug":"dlaczego-outdoorowiec-powinien-miec-sandaly","status":"publish","type":"post","link":"https:\/\/www.skalnik.pl\/blog\/dlaczego-outdoorowiec-powinien-miec-sandaly\/","title":{"rendered":"Dlaczego outdoorowiec powinien mie\u0107 sanda\u0142y"},"content":{"rendered":"<p><b>Wiosna, lato, jesie\u0144, zima \u2013 na ka\u017cd\u0105 por\u0119 dobierasz odpowiedni str\u00f3j i dodatki w swoim g\u00f3rskim czy po prostu outdoorowym wyposa\u017ceniu. Zwracasz uwag\u0119 na termik\u0119 i oddychalno\u015b\u0107 odzie\u017cy, by by\u0142a jak najbardziej funkcjonalna i zapewni\u0142a ci jak najwi\u0119kszy komfort u\u017cytkowania. Czy jednak zawsze wybierasz te optymalne rozwi\u0105zania, kt\u00f3re dadz\u0105 ci 100% satysfakcji i wygody?<\/b><\/p>\n<p>Czasem w naszych planach plenerowych nie uwzgl\u0119dniamy takich akcesori\u00f3w, do kt\u00f3rych przylgn\u0119\u0142a \u0142atka \u201cmiejsko\u015bci\u201d lub (co gorsza) jeste\u015bmy do nich w jaki\u015b spos\u00f3b uprzedzeni bez wi\u0119kszego powodu. I to jest ogromny b\u0142\u0105d, przez kt\u00f3ry sami siebie skazujemy na niepotrzebny dyskomfort, a takie mity trzeba po prostu odczarowywa\u0107, zatem\u2026 bierzemy si\u0119 za jeden z nich.<\/p>\n<p>&nbsp;<\/p>\n<div id=\"ez-toc-container\" class=\"ez-toc-v2_0_85 counter-hierarchy ez-toc-counter ez-toc-light-blue ez-toc-container-direction\">\n<div class=\"ez-toc-title-container\">\n<p class=\"ez-toc-title\" style=\"cursor:inherit\">SPIS TRE\u015aCI <\/p>\n<span class=\"ez-toc-title-toggle\"><a href=\"#\" class=\"ez-toc-pull-right ez-toc-btn ez-toc-btn-xs ez-toc-btn-default ez-toc-toggle\" aria-label=\"Prze\u0142\u0105cznik Spisu Tre\u015bci\"><span class=\"ez-toc-js-icon-con\"><span class=\"\"><span class=\"eztoc-hide\" style=\"display:none;\">Toggle<\/span><span class=\"ez-toc-icon-toggle-span\"><svg style=\"fill: #999;color:#999\" xmlns=\"http:\/\/www.w3.org\/2000\/svg\" class=\"list-377408\" width=\"20px\" height=\"20px\" viewBox=\"0 0 24 24\" fill=\"none\"><path d=\"M6 6H4v2h2V6zm14 0H8v2h12V6zM4 11h2v2H4v-2zm16 0H8v2h12v-2zM4 16h2v2H4v-2zm16 0H8v2h12v-2z\" fill=\"currentColor\"><\/path><\/svg><svg style=\"fill: #999;color:#999\" class=\"arrow-unsorted-368013\" xmlns=\"http:\/\/www.w3.org\/2000\/svg\" width=\"10px\" height=\"10px\" viewBox=\"0 0 24 24\" version=\"1.2\" baseProfile=\"tiny\"><path d=\"M18.2 9.3l-6.2-6.3-6.2 6.3c-.2.2-.3.4-.3.7s.1.5.3.7c.2.2.4.3.7.3h11c.3 0 .5-.1.7-.3.2-.2.3-.5.3-.7s-.1-.5-.3-.7zM5.8 14.7l6.2 6.3 6.2-6.3c.2-.2.3-.5.3-.7s-.1-.5-.3-.7c-.2-.2-.4-.3-.7-.3h-11c-.3 0-.5.1-.7.3-.2.2-.3.5-.3.7s.1.5.3.7z\"\/><\/svg><\/span><\/span><\/span><\/a><\/span><\/div>\n<nav><ul class='ez-toc-list ez-toc-list-level-1 ' ><li class='ez-toc-page-1 ez-toc-heading-level-2'><a class=\"ez-toc-link ez-toc-heading-1\" href=\"https:\/\/www.skalnik.pl\/blog\/dlaczego-outdoorowiec-powinien-miec-sandaly\/#Wygodne_obuwie_na_lato_Wybierz_sportowe_sandaly\" >Wygodne obuwie na lato? Wybierz sportowe sanda\u0142y<\/a><\/li><li class='ez-toc-page-1 ez-toc-heading-level-2'><a class=\"ez-toc-link ez-toc-heading-2\" href=\"https:\/\/www.skalnik.pl\/blog\/dlaczego-outdoorowiec-powinien-miec-sandaly\/#Cieplo_ucieka_od_stop\" >Ciep\u0142o ucieka od st\u00f3p<\/a><\/li><li class='ez-toc-page-1 ez-toc-heading-level-2'><a class=\"ez-toc-link ez-toc-heading-3\" href=\"https:\/\/www.skalnik.pl\/blog\/dlaczego-outdoorowiec-powinien-miec-sandaly\/#Konstrukcja_sandalow_turystycznych_zapewnia_wygode_przez_caly_dzien\" >Konstrukcja sanda\u0142\u00f3w turystycznych zapewnia wygod\u0119 przez ca\u0142y dzie\u0144<\/a><\/li><li class='ez-toc-page-1 ez-toc-heading-level-2'><a class=\"ez-toc-link ez-toc-heading-4\" href=\"https:\/\/www.skalnik.pl\/blog\/dlaczego-outdoorowiec-powinien-miec-sandaly\/#Co_moga_ci_zaoferowac_sandaly_trekkingowe\" >Co mog\u0105 ci zaoferowa\u0107 sanda\u0142y trekkingowe?<\/a><\/li><li class='ez-toc-page-1 ez-toc-heading-level-2'><a class=\"ez-toc-link ez-toc-heading-5\" href=\"https:\/\/www.skalnik.pl\/blog\/dlaczego-outdoorowiec-powinien-miec-sandaly\/#Tylko_podeszwa_czy_az_podeszwa\" >Tylko podeszwa czy a\u017c podeszwa<\/a><\/li><li class='ez-toc-page-1 ez-toc-heading-level-2'><a class=\"ez-toc-link ez-toc-heading-6\" href=\"https:\/\/www.skalnik.pl\/blog\/dlaczego-outdoorowiec-powinien-miec-sandaly\/#Wiadomo_ze_chodzi_o%E2%80%A6_detale\" >Wiadomo, \u017ce chodzi o\u2026 detale<\/a><\/li><li class='ez-toc-page-1 ez-toc-heading-level-2'><a class=\"ez-toc-link ez-toc-heading-7\" href=\"https:\/\/www.skalnik.pl\/blog\/dlaczego-outdoorowiec-powinien-miec-sandaly\/#Dla_kazdego_cos_dobrego_%E2%80%93_sandaly_meskie_damskie_i_dzieciece\" >Dla ka\u017cdego co\u015b dobrego \u2013 sanda\u0142y m\u0119skie, damskie i dzieci\u0119ce<\/a><\/li><\/ul><\/nav><\/div>\n<h2><span class=\"ez-toc-section\" id=\"Wygodne_obuwie_na_lato_Wybierz_sportowe_sandaly\"><\/span>Wygodne obuwie na lato? Wybierz sportowe sanda\u0142y<span class=\"ez-toc-section-end\"><\/span><\/h2>\n<p>My\u015bl\u0105c o letnich i wiosennych wypadach za miasto niekt\u00f3rzy odruchowo si\u0119gn\u0105 do szafy po mniej lub bardziej zaawansowane obuwie sportowe. Mam tu na my\u015bli wszelkiego rodzaju niskie buty trekkingowe, wygodne podej\u015bci\u00f3wki i inne modele o zabudowanej konstrukcji. A czy przypominasz sobie takie dni, gdy mimo lekkiego odzienia, jednym z Twoich marze\u0144 by\u0142o to, by \u015bci\u0105gn\u0105\u0107 z n\u00f3g buty i m\u00f3c wyci\u0105gn\u0105\u0107 nogi na nieograniczone niczym dzia\u0142anie przyjemnego ch\u0142odz\u0105cego wiatru, kt\u00f3ry troch\u0119 ukoi ich zm\u0119czenie i przywr\u00f3ci b\u0142ogi stan rozlu\u017anienia? Je\u015bli tak, to w\u0142a\u015bnie poda\u0142am ci pierwszy argument, dlaczego w Twojej szafie powinny znale\u017a\u0107 si\u0119 <a href=\"https:\/\/skalnik.pl\/buty\/buty-damskie\/buty-damskie-sandaly-sportowe\">sanda\u0142y turystyczne<\/a>.<\/p>\n<div id=\"attachment_6596\" style=\"width: 884px\" class=\"wp-caption alignnone\"><img loading=\"lazy\" decoding=\"async\" aria-describedby=\"caption-attachment-6596\" class=\"wp-image-6596 \" title=\"Sanda\u0142y trekkingowe\" src=\"https:\/\/skalnik.pl\/blog\/wp-content\/uploads\/2019\/04\/Teva-S19_M_1019234_HurricaneXLT2_BLK_W_1003986_OriginalSandal_GBRN-4329-SH-1-1024x683.jpg\" alt=\"Sanda\u0142y trekkingowe\" width=\"874\" height=\"583\" srcset=\"https:\/\/www.skalnik.pl\/blog\/wp-content\/uploads\/2019\/04\/Teva-S19_M_1019234_HurricaneXLT2_BLK_W_1003986_OriginalSandal_GBRN-4329-SH-1-1024x683.jpg 1024w, https:\/\/www.skalnik.pl\/blog\/wp-content\/uploads\/2019\/04\/Teva-S19_M_1019234_HurricaneXLT2_BLK_W_1003986_OriginalSandal_GBRN-4329-SH-1-300x200.jpg 300w, https:\/\/www.skalnik.pl\/blog\/wp-content\/uploads\/2019\/04\/Teva-S19_M_1019234_HurricaneXLT2_BLK_W_1003986_OriginalSandal_GBRN-4329-SH-1-768x512.jpg 768w, https:\/\/www.skalnik.pl\/blog\/wp-content\/uploads\/2019\/04\/Teva-S19_M_1019234_HurricaneXLT2_BLK_W_1003986_OriginalSandal_GBRN-4329-SH-1.jpg 2019w\" sizes=\"auto, (max-width: 874px) 100vw, 874px\" \/><p id=\"caption-attachment-6596\" class=\"wp-caption-text\">Sanda\u0142y trekkingowe sprawdzaj\u0105 si\u0119 tak\u017ce na festiwalach muzycznych (fot. Teva).<\/p><\/div>\n<p>&nbsp;<\/p>\n<h2><span class=\"ez-toc-section\" id=\"Cieplo_ucieka_od_stop\"><\/span>Ciep\u0142o ucieka od st\u00f3p<span class=\"ez-toc-section-end\"><\/span><\/h2>\n<p>Ta zasada jest r\u00f3wnie wa\u017cna latem, jak i zim\u0105. I o ile zim\u0105 raczej nie musz\u0119 t\u0142umaczy\u0107, dlaczego warto mie\u0107 obuwie ciep\u0142e i nie nara\u017ca\u0107 st\u00f3p na zmarzni\u0119cie, o tyle latem stwierdzenie dzia\u0142a ca\u0142kiem odwrotnie, poniewa\u017c twoje ciep\u0142o tak\u017ce ucieka przez stopy. Dzi\u0119ki sanda\u0142om \u0142atwo pozb\u0119dziesz si\u0119 jego nadmiaru w gor\u0105ce dni. To prawda, \u017ce sanda\u0142\u00f3w nie ubierzesz w wysokie partie g\u00f3r i na trekking z du\u017cym, ci\u0119\u017ckim plecakiem, ale dzisiejsze rozwi\u0105zania pozwol\u0105 ci ju\u017c ca\u0142kiem swobodnie przemierza\u0107 niskie wzniesienia, rozleg\u0142e doliny i tym bardziej \u2013 zwiedza\u0107 miejskie atrakcje w tych bardziej i mniej odleg\u0142ych zak\u0105tkach \u015bwiata. Musisz pami\u0119ta\u0107 \u017ce to, co wyr\u00f3\u017cnia sanda\u0142y outdoorowe od miejskich kolekcji fashion, to przede wszystkim dba\u0142o\u015b\u0107 o twoje bezpiecze\u0144stwo i wygod\u0119 poruszania si\u0119 po zr\u00f3\u017cnicowanym terenie.<\/p>\n<p>&nbsp;<\/p>\n<h2><span class=\"ez-toc-section\" id=\"Konstrukcja_sandalow_turystycznych_zapewnia_wygode_przez_caly_dzien\"><\/span>Konstrukcja sanda\u0142\u00f3w turystycznych zapewnia wygod\u0119 przez ca\u0142y dzie\u0144<span class=\"ez-toc-section-end\"><\/span><\/h2>\n<p>Nie tylko komfort termiczny dzia\u0142a na korzy\u015b\u0107 wdzi\u0119cznego letniego obuwia. Du\u017cym plusem jest tak\u017ce jego konstrukcja. Sanda\u0142 sk\u0142ada si\u0119 z podeszwy, kt\u00f3ra trzyma si\u0119 na nodze dzi\u0119ki systemowi dopracowanych pask\u00f3w. Je\u015bli masz problem z dopasowaniem kszta\u0142tu buta do swojej stopy, to warto zwr\u00f3ci\u0107 uwag\u0119 na rozwi\u0105zanie, jakie w swoich modelach proponuje Teva. Ich sanda\u0142y sportowe posiadaj\u0105 3 punkty regulacji ta\u015bm, kt\u00f3re z \u0142atwo\u015bci\u0105 odpowiednio dopasujesz do swojej nogi. Ta\u015bmy zapinane s\u0105 wytrzyma\u0142ymi rzepami Velcro, wi\u0119c nie musisz si\u0119 martwi\u0107, \u017ce niepostrze\u017cenie co\u015b si\u0119 nagle obluzuje. <a href=\"https:\/\/skalnik.pl\/teva\">Sanda\u0142y Teva<\/a> wykonane s\u0105 z lekkich materia\u0142\u00f3w syntetycznych. To kolejny atut, kt\u00f3ry daje przewag\u0119 nad pe\u0142nymi butami latem \u2013 s\u0105 szybkoschn\u0105ce i mo\u017cesz w nich brodzi\u0107 w le\u015bnych potokach. A po wszystkim nic ci nie b\u0119dzie chlupa\u0107 i si\u0119 \u015blizga\u0107. Znasz jeszcze jaki\u015b rodzaj buta, kt\u00f3ry mo\u017ce ci to zaoferowa\u0107?<\/p>\n<div id=\"attachment_6584\" style=\"width: 576px\" class=\"wp-caption aligncenter\"><img loading=\"lazy\" decoding=\"async\" aria-describedby=\"caption-attachment-6584\" class=\"wp-image-6584 \" title=\"Sanda\u0142y sportowe\" src=\"https:\/\/skalnik.pl\/blog\/wp-content\/uploads\/2019\/04\/Teva-S19_M_1019234_HurricaneXLT2_GBRN_W_1019235_HurricaneXLT2_GBRN-332-SH-1-963x1024.jpg\" alt=\"Sanda\u0142y sportowe\" width=\"566\" height=\"602\" srcset=\"https:\/\/www.skalnik.pl\/blog\/wp-content\/uploads\/2019\/04\/Teva-S19_M_1019234_HurricaneXLT2_GBRN_W_1019235_HurricaneXLT2_GBRN-332-SH-1-963x1024.jpg 963w, https:\/\/www.skalnik.pl\/blog\/wp-content\/uploads\/2019\/04\/Teva-S19_M_1019234_HurricaneXLT2_GBRN_W_1019235_HurricaneXLT2_GBRN-332-SH-1-282x300.jpg 282w, https:\/\/www.skalnik.pl\/blog\/wp-content\/uploads\/2019\/04\/Teva-S19_M_1019234_HurricaneXLT2_GBRN_W_1019235_HurricaneXLT2_GBRN-332-SH-1-768x816.jpg 768w\" sizes=\"auto, (max-width: 566px) 100vw, 566px\" \/><p id=\"caption-attachment-6584\" class=\"wp-caption-text\">Sanda\u0142y sportowe dadz\u0105 ci komfort i uczucie lekkiego kroku na ca\u0142y dzie\u0144 (fot. Teva).<\/p><\/div>\n<p>Jedna z cz\u0119\u015bci podstawowego zestawu, kt\u00f3ry od dziecka uczono nas pakowa\u0107 ze sob\u0105 na wyjazd, to przecie\u017c klapki. Dlaczego by ich nie zast\u0105pi\u0107 sanda\u0142ami &#8211; skoro i tak bierzemy dodatkowe obuwie? Na takim rozwi\u0105zaniu skorzystasz du\u017co bardziej, poniewa\u017c sanda\u0142y maj\u0105 zdecydowanie wi\u0119cej zastosowa\u0144.<\/p>\n<p>&nbsp;<\/p>\n<h2><span class=\"ez-toc-section\" id=\"Co_moga_ci_zaoferowac_sandaly_trekkingowe\"><\/span>Co mog\u0105 ci zaoferowa\u0107 sanda\u0142y trekkingowe?<span class=\"ez-toc-section-end\"><\/span><\/h2>\n<p>Ano wiele! Je\u015bli wybierzesz te wodoodporne, to pod prysznicem z powodzeniem zast\u0105pi\u0105 Ci wspomniane klapki, a ponadto mog\u0105 pos\u0142u\u017cy\u0107 jako wygodne kapcie w schronisku. Takie buty to te\u017c swoboda podczas biwaku i brak ogranicze\u0144 w trakcie sp\u0142yw\u00f3w kajakowych i relaksacyjnych wypad\u00f3w nad wod\u0119. Mo\u017ce zdarza ci si\u0119 sp\u0119dza\u0107 jakie\u015b dni w roku na \u0142\u00f3dce? Osobi\u015bcie nie wyobra\u017cam sobie chodzi\u0107 w zabudowanych butach podczas np. \u017ceglowania. A kto by chcia\u0142 m\u0119czy\u0107 stopy w ci\u0119\u017ckich buciorach na asfaltowym odcinku zaplanowanej trasy, gdy mo\u017cna z plecaka wyci\u0105gn\u0105\u0107\u2026 ju\u017c dobrze wiesz co ;). Wspomniane wy\u017cej w\u0119dr\u00f3wki po dolinach i niewymagaj\u0105cych szlakach to ewidentnie wi\u0119ksza przyjemno\u015b\u0107 z przewietrzon\u0105 stop\u0105. W dodatku sanda\u0142y s\u0105 nieocenionym kompanem w podr\u00f3\u017cy &#8211; zw\u0142aszcza tej w ciep\u0142e zak\u0105tki \u015bwiata. Zwiedzanie zabytk\u00f3w, szw\u0119danie si\u0119 po miastach i miasteczkach nie musi przecie\u017c odbywa\u0107 si\u0119 wed\u0142ug zasad g\u00f3rskiego ekwipunku. To samo dotyczy dnia restowego, szkoda m\u0119czy\u0107 stopy, kt\u00f3re sk\u0105din\u0105d w reszt\u0119 dni b\u0119dziesz przykurcza\u0107 w butach wspinaczkowych. A gdy wracasz? Lub przemieszczasz si\u0119 poci\u0105giem, autobusem, samolotem, to w czym Ci najwygodniej b\u0119dzie siedzie\u0107? My\u015bl\u0119, \u017ce wybierzesz t\u0119 sam\u0105 odpowied\u017a, co po zej\u015bciu z letniej wyrypy do auta&#8230;<\/p>\n<p>&nbsp;<\/p>\n<h2><span class=\"ez-toc-section\" id=\"Tylko_podeszwa_czy_az_podeszwa\"><\/span>Tylko podeszwa czy a\u017c podeszwa<span class=\"ez-toc-section-end\"><\/span><\/h2>\n<p>Na pierwszy rzut oka sanda\u0142 mo\u017ce wydawa\u0107 si\u0119 tylko trzymaj\u0105c\u0105 si\u0119 nogi podeszw\u0105. Ale czy rzeczywi\u015bcie \u2013 tylko? Sanda\u0142y outdoorowe, mimo \u017ce proste w budowie, mog\u0105 skrywa\u0107 w sobie wiele nowoczesnych technologii, kt\u00f3rych nawet wprawione oko zagorza\u0142ego piechura zwyczajnie nie dostrze\u017ce. To mo\u017ce poczu\u0107 tylko stopa. Co zatem znajdziemy w podeszwie? Na pocz\u0105tek amortyzuj\u0105ca wstrz\u0105sy pianka Eva zapewni ci \u201emi\u0119kki\u201d krok na twardym pod\u0142o\u017cu tak jak w modelu Original Universal. Dla nieco bardziej wymagaj\u0105cych wycieczek powstaj\u0105 takie rozwi\u0105zania, kt\u00f3re dbaj\u0105 o odpowiednie roz\u0142o\u017cenie ci\u0119\u017caru i \u015bwietn\u0105 przyczepno\u015b\u0107 do pod\u0142o\u017ca. Shock Pad\u2122 to konstrukcja pi\u0119ty w podeszwie, dzi\u0119ki kt\u00f3rej nie odczujesz wstrz\u0105s\u00f3w podczas dynamicznego marszu. Natomiast system Durabrasion\u2122 zapewni ci niezmienn\u0105 stabilno\u015b\u0107 na mokrym i suchym szlaku, podnosz\u0105c przy tym wytrzyma\u0142o\u015b\u0107 buta, gdy b\u0119dziesz intensywnie korzysta\u0107 z urok\u00f3w swojej podr\u00f3\u017cy. Oba udogodnienia mo\u017cna znale\u017a\u0107 w sanda\u0142ach Hurricane XLT.<\/p>\n<div id=\"attachment_6590\" style=\"width: 696px\" class=\"wp-caption aligncenter\"><img loading=\"lazy\" decoding=\"async\" aria-describedby=\"caption-attachment-6590\" class=\"wp-image-6590\" title=\"Sanda\u0142y m\u0119skie i damskie Teva\" src=\"https:\/\/skalnik.pl\/blog\/wp-content\/uploads\/2019\/04\/Teva-S19_M_1004006_OriginalUniversal_GBRN_W_1003987_OriginalUniversal_GBRN-2495-SH-1-1024x683.jpg\" alt=\"Sanda\u0142y m\u0119skie i damskie Teva\" width=\"686\" height=\"457\" srcset=\"https:\/\/www.skalnik.pl\/blog\/wp-content\/uploads\/2019\/04\/Teva-S19_M_1004006_OriginalUniversal_GBRN_W_1003987_OriginalUniversal_GBRN-2495-SH-1-1024x683.jpg 1024w, https:\/\/www.skalnik.pl\/blog\/wp-content\/uploads\/2019\/04\/Teva-S19_M_1004006_OriginalUniversal_GBRN_W_1003987_OriginalUniversal_GBRN-2495-SH-1-300x200.jpg 300w, https:\/\/www.skalnik.pl\/blog\/wp-content\/uploads\/2019\/04\/Teva-S19_M_1004006_OriginalUniversal_GBRN_W_1003987_OriginalUniversal_GBRN-2495-SH-1-768x512.jpg 768w, https:\/\/www.skalnik.pl\/blog\/wp-content\/uploads\/2019\/04\/Teva-S19_M_1004006_OriginalUniversal_GBRN_W_1003987_OriginalUniversal_GBRN-2495-SH-1.jpg 1821w\" sizes=\"auto, (max-width: 686px) 100vw, 686px\" \/><p id=\"caption-attachment-6590\" class=\"wp-caption-text\">Gdy podr\u00f3\u017cujesz, gdy odpoczywasz (fot. Teva).<\/p><\/div>\n<p>&nbsp;<\/p>\n<h2><span class=\"ez-toc-section\" id=\"Wiadomo_ze_chodzi_o%E2%80%A6_detale\"><\/span>Wiadomo, \u017ce chodzi o\u2026 detale<span class=\"ez-toc-section-end\"><\/span><\/h2>\n<p>Diabe\u0142 tkwi w szczeg\u00f3\u0142ach, to m\u0105dro\u015b\u0107 znana nie od dzi\u015b. Zatem czas najwy\u017cszy wspomnie\u0107 o mi\u0119kkim wyko\u0144czeniu paska, kt\u00f3ry b\u0119dzie opiera\u0142 si\u0119 o \u015bci\u0119gno Achillesa i tym samym niwelowa\u0142 ryzyko powstawania bol\u0105cych i nieprzyjemnych otar\u0107. Znajdziesz go mi\u0119dzy innymi w wygodnych Terra Fi Lite. W dodatku w sanda\u0142ach turystycznych Teva zastosowano sprawdzony system mocowania pask\u00f3w USS (Universal Strapping System), kt\u00f3ry opiera si\u0119 na 4 punktach zaczepienia i bocznej ta\u015bmie. Pozwala to uzyska\u0107 nieograniczony komfort ruchu bez dra\u017cni\u0105cego ucho efektu \u201ek\u0142apania\u201d. To mi\u0142e uczucie, gdy but wsp\u00f3\u0142pracuje z ka\u017cdym twoim ruchem, na sta\u0142e wpisze si\u0119 w pakiet dozna\u0144, jakie przywozisz ze sob\u0105 z niezapomnianych podr\u00f3\u017cy.<\/p>\n<p>Na koniec tych wylicze\u0144 jeszcze co\u015b specjalnego. Co\u015b, co rozwieje ostatecznie w\u0105tpliwo\u015bci, \u017ce sanda\u0142y mog\u0105 wiele w sobie skrywa\u0107, czyli Microban\u00ae Zinc. To \u015brodek, w kt\u00f3ry zosta\u0142y wyposa\u017cone wszystkie podeszwy sanda\u0142\u00f3w Teva. Jego zadanie to rozprawienie si\u0119 z bakteriami, kt\u00f3re s\u0105 przyczyn\u0105 powstawania nieprzyjemnych zapach\u00f3w. To pozwoli ci na zachowanie nienagannej higieny w naprawd\u0119 upalne dni i podczas podr\u00f3\u017cy do kraj\u00f3w, w kt\u00f3rych lato trwa ca\u0142y rok. Wtedy takie sanda\u0142y jak np. Winsted zawsze znajd\u0105 miejsce w twoim plecaku.<\/p>\n<p>&nbsp;<\/p>\n<h2><span class=\"ez-toc-section\" id=\"Dla_kazdego_cos_dobrego_%E2%80%93_sandaly_meskie_damskie_i_dzieciece\"><\/span>Dla ka\u017cdego co\u015b dobrego \u2013 sanda\u0142y m\u0119skie, damskie i dzieci\u0119ce<span class=\"ez-toc-section-end\"><\/span><\/h2>\n<p><a href=\"https:\/\/skalnik.pl\/buty\/buty-meskie\/buty-meskie-sandaly-sportowe\">Sanda\u0142y sportowe<\/a> to nie tylko liczne rozwi\u0105zania podnosz\u0105ce twoj\u0105 wygod\u0119 latem. To tak\u017ce ciekawy design i weso\u0142a kolorystyka, nawi\u0105zuj\u0105ca do tej barwnej pory roku. M\u0119\u017cczy\u017ani pewnie ch\u0119tniej si\u0119gn\u0105 po stonowane wzory jak w Winsted Solid. Z kolei dla kobiet nie brakuje tak\u017ce codziennych casualowych fason\u00f3w, kt\u00f3re ch\u0119tnie za\u0142o\u017cysz do miejskiej stylizacji, zachowuj\u0105c przy tym ca\u0142y komfort korzystania z dobrodziejstw outdoorowej mody. W naszej ofercie znajdziesz tak\u017ce modele dla dzieci.<\/p>\n<div id=\"attachment_6578\" style=\"width: 545px\" class=\"wp-caption aligncenter\"><img loading=\"lazy\" decoding=\"async\" aria-describedby=\"caption-attachment-6578\" class=\"wp-image-6578 \" title=\"Sanda\u0142y Teva dla ka\u017cdego\" src=\"https:\/\/skalnik.pl\/blog\/wp-content\/uploads\/2019\/04\/Teva-S19_W_1019234_HurricaneXLT2_BLK_M_1004006_OriginalUniversal_GBRN_W_1003986_OriginalSandal_GBRN-4647-SH-1.jpg\" alt=\"Sanda\u0142y Teva dla ka\u017cdego\" width=\"535\" height=\"620\" \/><p id=\"caption-attachment-6578\" class=\"wp-caption-text\">Sanda\u0142y Teva &#8211; ka\u017cdy znajdzie model dla siebie (fot. Teva).<\/p><\/div>\n<p>Przemierzanie kilometr\u00f3w, zwiedzanie i podr\u00f3\u017cowanie latem mo\u017ce by\u0107 du\u017co l\u017cejsze, gdy wyposa\u017cysz si\u0119 w sanda\u0142y trekkingowe. I to nie znaczy wcale, \u017ce musisz wybiera\u0107 pomi\u0119dzy idealn\u0105 wentylacj\u0105, a ochron\u0105 st\u00f3p i ich komfortem przy d\u0142ugotrwa\u0142ym \u0142azikowaniu. To wszystko mo\u017cesz mie\u0107 w jednym \u2013 teraz wyb\u00f3r nale\u017cy tylko do ciebie.<\/p>\n<div class=\"do_like_post\"><\/div>\n","protected":false},"excerpt":{"rendered":"<p>Uwa\u017casz sanda\u0142y trekkingowe za obciach? Obalamy ten mit i wyja\u015bniamy dlaczego powiniene\u015b posiada\u0107 sportowe sanda\u0142y. Pokazujemy, \u017ce sanda\u0142 turystyczny to nie tylko funkcjonalno\u015b\u0107, ale i dobry styl.<\/p>\n","protected":false},"author":28,"featured_media":6601,"comment_status":"open","ping_status":"open","sticky":false,"template":"","format":"standard","meta":{"_acf_changed":false,"footnotes":""},"categories":[3],"tags":[104,107,24,145],"magento_category":[61],"magento_product":[],"class_list":["post-6569","post","type-post","status-publish","format-standard","has-post-thumbnail","hentry","category-porady","tag-buty","tag-lato","tag-sandaly","tag-teva"],"acf":[],"aioseo_notices":[],"aioseo_head":"\n\t\t<!-- All in One SEO 4.9.10 - aioseo.com -->\n\t<meta name=\"description\" content=\"Zastanawiasz si\u0119 jakie buty na lato wybra\u0107? Wyja\u015bniamy dlaczego w Twojej szafie powinny znale\u017a\u0107 si\u0119 sportowe sanda\u0142y.\" \/>\n\t<meta name=\"robots\" content=\"max-image-preview:large\" \/>\n\t<meta name=\"author\" content=\"Angela Semczuk\"\/>\n\t<link rel=\"canonical\" href=\"https:\/\/www.skalnik.pl\/blog\/dlaczego-outdoorowiec-powinien-miec-sandaly\/\" \/>\n\t<meta name=\"generator\" content=\"All in One SEO (AIOSEO) 4.9.10\" \/>\n\t\t<meta property=\"og:locale\" content=\"pl_PL\" \/>\n\t\t<meta property=\"og:site_name\" content=\"blog Skalnik - Blog, porady, artyku\u0142y - blog Skalnik\" \/>\n\t\t<meta property=\"og:type\" content=\"article\" \/>\n\t\t<meta property=\"og:title\" content=\"Dlaczego outdoorowiec powinien mie\u0107 sanda\u0142y - blog Skalnik\" \/>\n\t\t<meta property=\"og:description\" content=\"Zastanawiasz si\u0119 jakie buty na lato wybra\u0107? Wyja\u015bniamy dlaczego w Twojej szafie powinny znale\u017a\u0107 si\u0119 sportowe sanda\u0142y.\" \/>\n\t\t<meta property=\"og:url\" content=\"https:\/\/www.skalnik.pl\/blog\/dlaczego-outdoorowiec-powinien-miec-sandaly\/\" \/>\n\t\t<meta property=\"og:image\" content=\"https:\/\/skalnik.pl\/blog\/wp-content\/uploads\/2019\/04\/Teva-S19_M_1019234_HurricaneXLT2_BLK_W_1003986_OriginalSandal_GBRN-4329-SH-1-1024x683.jpg\" \/>\n\t\t<meta property=\"og:image:secure_url\" content=\"https:\/\/skalnik.pl\/blog\/wp-content\/uploads\/2019\/04\/Teva-S19_M_1019234_HurricaneXLT2_BLK_W_1003986_OriginalSandal_GBRN-4329-SH-1-1024x683.jpg\" \/>\n\t\t<meta property=\"article:tag\" content=\"porady\" \/>\n\t\t<meta property=\"article:tag\" content=\"buty\" \/>\n\t\t<meta property=\"article:tag\" content=\"lato\" \/>\n\t\t<meta property=\"article:tag\" content=\"sanda\u0142y\" \/>\n\t\t<meta property=\"article:tag\" content=\"teva\" \/>\n\t\t<meta property=\"article:published_time\" content=\"2019-04-24T09:41:43+00:00\" \/>\n\t\t<meta property=\"article:modified_time\" content=\"2019-08-21T15:39:59+00:00\" \/>\n\t\t<meta name=\"twitter:card\" content=\"summary_large_image\" \/>\n\t\t<meta name=\"twitter:title\" content=\"Dlaczego outdoorowiec powinien mie\u0107 sanda\u0142y - blog Skalnik\" \/>\n\t\t<meta name=\"twitter:description\" content=\"Zastanawiasz si\u0119 jakie buty na lato wybra\u0107? Wyja\u015bniamy dlaczego w Twojej szafie powinny znale\u017a\u0107 si\u0119 sportowe sanda\u0142y.\" \/>\n\t\t<meta name=\"twitter:image\" content=\"https:\/\/skalnik.pl\/blog\/wp-content\/uploads\/2019\/04\/Teva-S19_M_1019234_HurricaneXLT2_BLK_W_1003986_OriginalSandal_GBRN-4329-SH-1-1024x683.jpg\" \/>\n\t\t<script type=\"application\/ld+json\" class=\"aioseo-schema\">\n\t\t\t{\"@context\":\"https:\\\/\\\/schema.org\",\"@graph\":[{\"@type\":\"BlogPosting\",\"@id\":\"https:\\\/\\\/www.skalnik.pl\\\/blog\\\/dlaczego-outdoorowiec-powinien-miec-sandaly\\\/#blogposting\",\"name\":\"Dlaczego outdoorowiec powinien mie\\u0107 sanda\\u0142y - blog Skalnik\",\"headline\":\"Dlaczego outdoorowiec powinien mie\\u0107 sanda\\u0142y\",\"author\":{\"@id\":\"https:\\\/\\\/www.skalnik.pl\\\/blog\\\/author\\\/angela-semczuk\\\/#author\"},\"publisher\":{\"@id\":\"https:\\\/\\\/www.skalnik.pl\\\/blog\\\/#organization\"},\"image\":{\"@type\":\"ImageObject\",\"url\":\"https:\\\/\\\/www.skalnik.pl\\\/blog\\\/wp-content\\\/uploads\\\/2019\\\/04\\\/okladka_teva2.jpg\",\"width\":1920,\"height\":705},\"datePublished\":\"2019-04-24T11:41:43+02:00\",\"dateModified\":\"2019-08-21T17:39:59+02:00\",\"inLanguage\":\"pl-PL\",\"mainEntityOfPage\":{\"@id\":\"https:\\\/\\\/www.skalnik.pl\\\/blog\\\/dlaczego-outdoorowiec-powinien-miec-sandaly\\\/#webpage\"},\"isPartOf\":{\"@id\":\"https:\\\/\\\/www.skalnik.pl\\\/blog\\\/dlaczego-outdoorowiec-powinien-miec-sandaly\\\/#webpage\"},\"articleSection\":\"Porady, buty, lato, sanda\\u0142y, teva, 1139\"},{\"@type\":\"BreadcrumbList\",\"@id\":\"https:\\\/\\\/www.skalnik.pl\\\/blog\\\/dlaczego-outdoorowiec-powinien-miec-sandaly\\\/#breadcrumblist\",\"itemListElement\":[{\"@type\":\"ListItem\",\"@id\":\"https:\\\/\\\/www.skalnik.pl\\\/blog#listItem\",\"position\":1,\"name\":\"Home\",\"item\":\"https:\\\/\\\/www.skalnik.pl\\\/blog\",\"nextItem\":{\"@type\":\"ListItem\",\"@id\":\"https:\\\/\\\/www.skalnik.pl\\\/blog\\\/.\\\/porady\\\/#listItem\",\"name\":\"Porady\"}},{\"@type\":\"ListItem\",\"@id\":\"https:\\\/\\\/www.skalnik.pl\\\/blog\\\/.\\\/porady\\\/#listItem\",\"position\":2,\"name\":\"Porady\",\"item\":\"https:\\\/\\\/www.skalnik.pl\\\/blog\\\/.\\\/porady\\\/\",\"nextItem\":{\"@type\":\"ListItem\",\"@id\":\"https:\\\/\\\/www.skalnik.pl\\\/blog\\\/dlaczego-outdoorowiec-powinien-miec-sandaly\\\/#listItem\",\"name\":\"Dlaczego outdoorowiec powinien mie\\u0107 sanda\\u0142y\"},\"previousItem\":{\"@type\":\"ListItem\",\"@id\":\"https:\\\/\\\/www.skalnik.pl\\\/blog#listItem\",\"name\":\"Home\"}},{\"@type\":\"ListItem\",\"@id\":\"https:\\\/\\\/www.skalnik.pl\\\/blog\\\/dlaczego-outdoorowiec-powinien-miec-sandaly\\\/#listItem\",\"position\":3,\"name\":\"Dlaczego outdoorowiec powinien mie\\u0107 sanda\\u0142y\",\"previousItem\":{\"@type\":\"ListItem\",\"@id\":\"https:\\\/\\\/www.skalnik.pl\\\/blog\\\/.\\\/porady\\\/#listItem\",\"name\":\"Porady\"}}]},{\"@type\":\"Organization\",\"@id\":\"https:\\\/\\\/www.skalnik.pl\\\/blog\\\/#organization\",\"name\":\"blog Skalnik\",\"description\":\"Blog, porady, artyku\\u0142y - blog Skalnik\",\"url\":\"https:\\\/\\\/www.skalnik.pl\\\/blog\\\/\"},{\"@type\":\"Person\",\"@id\":\"https:\\\/\\\/www.skalnik.pl\\\/blog\\\/author\\\/angela-semczuk\\\/#author\",\"url\":\"https:\\\/\\\/www.skalnik.pl\\\/blog\\\/author\\\/angela-semczuk\\\/\",\"name\":\"Angela Semczuk\",\"image\":{\"@type\":\"ImageObject\",\"@id\":\"https:\\\/\\\/www.skalnik.pl\\\/blog\\\/dlaczego-outdoorowiec-powinien-miec-sandaly\\\/#authorImage\",\"url\":\"https:\\\/\\\/secure.gravatar.com\\\/avatar\\\/2e35895ed566f66486e308460c0caf9f9fa2f4bd643a42453eb55d7aa3584457?s=96&d=mm&r=g\",\"width\":96,\"height\":96,\"caption\":\"Angela Semczuk\"}},{\"@type\":\"WebPage\",\"@id\":\"https:\\\/\\\/www.skalnik.pl\\\/blog\\\/dlaczego-outdoorowiec-powinien-miec-sandaly\\\/#webpage\",\"url\":\"https:\\\/\\\/www.skalnik.pl\\\/blog\\\/dlaczego-outdoorowiec-powinien-miec-sandaly\\\/\",\"name\":\"Dlaczego outdoorowiec powinien mie\\u0107 sanda\\u0142y - blog Skalnik\",\"description\":\"Zastanawiasz si\\u0119 jakie buty na lato wybra\\u0107? Wyja\\u015bniamy dlaczego w Twojej szafie powinny znale\\u017a\\u0107 si\\u0119 sportowe sanda\\u0142y.\",\"inLanguage\":\"pl-PL\",\"isPartOf\":{\"@id\":\"https:\\\/\\\/www.skalnik.pl\\\/blog\\\/#website\"},\"breadcrumb\":{\"@id\":\"https:\\\/\\\/www.skalnik.pl\\\/blog\\\/dlaczego-outdoorowiec-powinien-miec-sandaly\\\/#breadcrumblist\"},\"author\":{\"@id\":\"https:\\\/\\\/www.skalnik.pl\\\/blog\\\/author\\\/angela-semczuk\\\/#author\"},\"creator\":{\"@id\":\"https:\\\/\\\/www.skalnik.pl\\\/blog\\\/author\\\/angela-semczuk\\\/#author\"},\"image\":{\"@type\":\"ImageObject\",\"url\":\"https:\\\/\\\/www.skalnik.pl\\\/blog\\\/wp-content\\\/uploads\\\/2019\\\/04\\\/okladka_teva2.jpg\",\"@id\":\"https:\\\/\\\/www.skalnik.pl\\\/blog\\\/dlaczego-outdoorowiec-powinien-miec-sandaly\\\/#mainImage\",\"width\":1920,\"height\":705},\"primaryImageOfPage\":{\"@id\":\"https:\\\/\\\/www.skalnik.pl\\\/blog\\\/dlaczego-outdoorowiec-powinien-miec-sandaly\\\/#mainImage\"},\"datePublished\":\"2019-04-24T11:41:43+02:00\",\"dateModified\":\"2019-08-21T17:39:59+02:00\"},{\"@type\":\"WebSite\",\"@id\":\"https:\\\/\\\/www.skalnik.pl\\\/blog\\\/#website\",\"url\":\"https:\\\/\\\/www.skalnik.pl\\\/blog\\\/\",\"name\":\"blog Skalnik\",\"description\":\"Blog, porady, artyku\\u0142y - blog Skalnik\",\"inLanguage\":\"pl-PL\",\"publisher\":{\"@id\":\"https:\\\/\\\/www.skalnik.pl\\\/blog\\\/#organization\"}}]}\n\t\t<\/script>\n\t\t<!-- All in One SEO -->\n\n","aioseo_head_json":{"title":"Dlaczego outdoorowiec powinien mie\u0107 sanda\u0142y - blog Skalnik","description":"Zastanawiasz si\u0119 jakie buty na lato wybra\u0107? Wyja\u015bniamy dlaczego w Twojej szafie powinny znale\u017a\u0107 si\u0119 sportowe sanda\u0142y.","canonical_url":"https:\/\/www.skalnik.pl\/blog\/dlaczego-outdoorowiec-powinien-miec-sandaly\/","robots":"max-image-preview:large","keywords":"","webmasterTools":{"miscellaneous":""},"schema":{"@context":"https:\/\/schema.org","@graph":[{"@type":"BlogPosting","@id":"https:\/\/www.skalnik.pl\/blog\/dlaczego-outdoorowiec-powinien-miec-sandaly\/#blogposting","name":"Dlaczego outdoorowiec powinien mie\u0107 sanda\u0142y - blog Skalnik","headline":"Dlaczego outdoorowiec powinien mie\u0107 sanda\u0142y","author":{"@id":"https:\/\/www.skalnik.pl\/blog\/author\/angela-semczuk\/#author"},"publisher":{"@id":"https:\/\/www.skalnik.pl\/blog\/#organization"},"image":{"@type":"ImageObject","url":"https:\/\/www.skalnik.pl\/blog\/wp-content\/uploads\/2019\/04\/okladka_teva2.jpg","width":1920,"height":705},"datePublished":"2019-04-24T11:41:43+02:00","dateModified":"2019-08-21T17:39:59+02:00","inLanguage":"pl-PL","mainEntityOfPage":{"@id":"https:\/\/www.skalnik.pl\/blog\/dlaczego-outdoorowiec-powinien-miec-sandaly\/#webpage"},"isPartOf":{"@id":"https:\/\/www.skalnik.pl\/blog\/dlaczego-outdoorowiec-powinien-miec-sandaly\/#webpage"},"articleSection":"Porady, buty, lato, sanda\u0142y, teva, 1139"},{"@type":"BreadcrumbList","@id":"https:\/\/www.skalnik.pl\/blog\/dlaczego-outdoorowiec-powinien-miec-sandaly\/#breadcrumblist","itemListElement":[{"@type":"ListItem","@id":"https:\/\/www.skalnik.pl\/blog#listItem","position":1,"name":"Home","item":"https:\/\/www.skalnik.pl\/blog","nextItem":{"@type":"ListItem","@id":"https:\/\/www.skalnik.pl\/blog\/.\/porady\/#listItem","name":"Porady"}},{"@type":"ListItem","@id":"https:\/\/www.skalnik.pl\/blog\/.\/porady\/#listItem","position":2,"name":"Porady","item":"https:\/\/www.skalnik.pl\/blog\/.\/porady\/","nextItem":{"@type":"ListItem","@id":"https:\/\/www.skalnik.pl\/blog\/dlaczego-outdoorowiec-powinien-miec-sandaly\/#listItem","name":"Dlaczego outdoorowiec powinien mie\u0107 sanda\u0142y"},"previousItem":{"@type":"ListItem","@id":"https:\/\/www.skalnik.pl\/blog#listItem","name":"Home"}},{"@type":"ListItem","@id":"https:\/\/www.skalnik.pl\/blog\/dlaczego-outdoorowiec-powinien-miec-sandaly\/#listItem","position":3,"name":"Dlaczego outdoorowiec powinien mie\u0107 sanda\u0142y","previousItem":{"@type":"ListItem","@id":"https:\/\/www.skalnik.pl\/blog\/.\/porady\/#listItem","name":"Porady"}}]},{"@type":"Organization","@id":"https:\/\/www.skalnik.pl\/blog\/#organization","name":"blog Skalnik","description":"Blog, porady, artyku\u0142y - blog Skalnik","url":"https:\/\/www.skalnik.pl\/blog\/"},{"@type":"Person","@id":"https:\/\/www.skalnik.pl\/blog\/author\/angela-semczuk\/#author","url":"https:\/\/www.skalnik.pl\/blog\/author\/angela-semczuk\/","name":"Angela Semczuk","image":{"@type":"ImageObject","@id":"https:\/\/www.skalnik.pl\/blog\/dlaczego-outdoorowiec-powinien-miec-sandaly\/#authorImage","url":"https:\/\/secure.gravatar.com\/avatar\/2e35895ed566f66486e308460c0caf9f9fa2f4bd643a42453eb55d7aa3584457?s=96&d=mm&r=g","width":96,"height":96,"caption":"Angela Semczuk"}},{"@type":"WebPage","@id":"https:\/\/www.skalnik.pl\/blog\/dlaczego-outdoorowiec-powinien-miec-sandaly\/#webpage","url":"https:\/\/www.skalnik.pl\/blog\/dlaczego-outdoorowiec-powinien-miec-sandaly\/","name":"Dlaczego outdoorowiec powinien mie\u0107 sanda\u0142y - blog Skalnik","description":"Zastanawiasz si\u0119 jakie buty na lato wybra\u0107? Wyja\u015bniamy dlaczego w Twojej szafie powinny znale\u017a\u0107 si\u0119 sportowe sanda\u0142y.","inLanguage":"pl-PL","isPartOf":{"@id":"https:\/\/www.skalnik.pl\/blog\/#website"},"breadcrumb":{"@id":"https:\/\/www.skalnik.pl\/blog\/dlaczego-outdoorowiec-powinien-miec-sandaly\/#breadcrumblist"},"author":{"@id":"https:\/\/www.skalnik.pl\/blog\/author\/angela-semczuk\/#author"},"creator":{"@id":"https:\/\/www.skalnik.pl\/blog\/author\/angela-semczuk\/#author"},"image":{"@type":"ImageObject","url":"https:\/\/www.skalnik.pl\/blog\/wp-content\/uploads\/2019\/04\/okladka_teva2.jpg","@id":"https:\/\/www.skalnik.pl\/blog\/dlaczego-outdoorowiec-powinien-miec-sandaly\/#mainImage","width":1920,"height":705},"primaryImageOfPage":{"@id":"https:\/\/www.skalnik.pl\/blog\/dlaczego-outdoorowiec-powinien-miec-sandaly\/#mainImage"},"datePublished":"2019-04-24T11:41:43+02:00","dateModified":"2019-08-21T17:39:59+02:00"},{"@type":"WebSite","@id":"https:\/\/www.skalnik.pl\/blog\/#website","url":"https:\/\/www.skalnik.pl\/blog\/","name":"blog Skalnik","description":"Blog, porady, artyku\u0142y - blog Skalnik","inLanguage":"pl-PL","publisher":{"@id":"https:\/\/www.skalnik.pl\/blog\/#organization"}}]},"og:locale":"pl_PL","og:site_name":"blog Skalnik - Blog, porady, artyku\u0142y - blog Skalnik","og:type":"article","og:title":"Dlaczego outdoorowiec powinien mie\u0107 sanda\u0142y - blog Skalnik","og:description":"Zastanawiasz si\u0119 jakie buty na lato wybra\u0107? Wyja\u015bniamy dlaczego w Twojej szafie powinny znale\u017a\u0107 si\u0119 sportowe sanda\u0142y.","og:url":"https:\/\/www.skalnik.pl\/blog\/dlaczego-outdoorowiec-powinien-miec-sandaly\/","og:image":"https:\/\/skalnik.pl\/blog\/wp-content\/uploads\/2019\/04\/Teva-S19_M_1019234_HurricaneXLT2_BLK_W_1003986_OriginalSandal_GBRN-4329-SH-1-1024x683.jpg","og:image:secure_url":"https:\/\/skalnik.pl\/blog\/wp-content\/uploads\/2019\/04\/Teva-S19_M_1019234_HurricaneXLT2_BLK_W_1003986_OriginalSandal_GBRN-4329-SH-1-1024x683.jpg","article:tag":["porady","buty","lato","sanda\u0142y","teva"],"article:published_time":"2019-04-24T09:41:43+00:00","article:modified_time":"2019-08-21T15:39:59+00:00","twitter:card":"summary_large_image","twitter:title":"Dlaczego outdoorowiec powinien mie\u0107 sanda\u0142y - blog Skalnik","twitter:description":"Zastanawiasz si\u0119 jakie buty na lato wybra\u0107? Wyja\u015bniamy dlaczego w Twojej szafie powinny znale\u017a\u0107 si\u0119 sportowe sanda\u0142y.","twitter:image":"https:\/\/skalnik.pl\/blog\/wp-content\/uploads\/2019\/04\/Teva-S19_M_1019234_HurricaneXLT2_BLK_W_1003986_OriginalSandal_GBRN-4329-SH-1-1024x683.jpg"},"aioseo_meta_data":{"post_id":"6569","title":null,"description":"Zastanawiasz si\u0119 jakie buty na lato wybra\u0107? Wyja\u015bniamy dlaczego w Twojej szafie powinny znale\u017a\u0107 si\u0119 sportowe sanda\u0142y.","keywords":[{"label":"sanda\u0142y sportowe","value":"sanda\u0142y sportowe"},{"label":"sanda\u0142y damskie sportowe","value":"sanda\u0142y damskie sportowe"},{"label":"sanda\u0142y trekkingowe","value":"sanda\u0142y trekkingowe"},{"label":"sanda\u0142y teva","value":"sanda\u0142y teva"}],"keyphrases":null,"primary_term":null,"canonical_url":null,"og_title":null,"og_description":null,"og_object_type":"default","og_image_type":"default","og_image_url":null,"og_image_width":null,"og_image_height":null,"og_image_custom_url":null,"og_image_custom_fields":null,"og_video":null,"og_custom_url":null,"og_article_section":null,"og_article_tags":null,"twitter_use_og":false,"twitter_card":"default","twitter_image_type":"default","twitter_image_url":null,"twitter_image_custom_url":null,"twitter_image_custom_fields":null,"twitter_title":null,"twitter_description":null,"schema":{"blockGraphs":[],"customGraphs":[],"default":{"data":{"Article":[],"Course":[],"Dataset":[],"FAQPage":[],"Movie":[],"Person":[],"Product":[],"ProductReview":[],"Car":[],"Recipe":[],"Service":[],"SoftwareApplication":[],"WebPage":[]},"graphName":"BlogPosting","isEnabled":true},"graphs":[]},"schema_type":"default","schema_type_options":null,"pillar_content":false,"robots_default":true,"robots_noindex":false,"robots_noarchive":false,"robots_nosnippet":false,"robots_nofollow":false,"robots_noimageindex":false,"robots_noodp":false,"robots_notranslate":false,"robots_max_snippet":null,"robots_max_videopreview":null,"robots_max_imagepreview":"large","priority":null,"frequency":null,"local_seo":null,"breadcrumb_settings":null,"limit_modified_date":false,"ai":null,"created":"2022-08-26 09:49:07","updated":"2026-02-17 21:32:35","seo_analyzer_scan_date":null},"aioseo_breadcrumb":"<div class=\"aioseo-breadcrumbs\"><span class=\"aioseo-breadcrumb\">\n\t\t\t<a href=\"https:\/\/www.skalnik.pl\/blog\" title=\"Home\">Home<\/a>\n\t\t<\/span><span class=\"aioseo-breadcrumb-separator\">&raquo;<\/span><span class=\"aioseo-breadcrumb\">\n\t\t\t<a href=\"https:\/\/www.skalnik.pl\/blog\/.\/porady\/\" title=\"Porady\">Porady<\/a>\n\t\t<\/span><span class=\"aioseo-breadcrumb-separator\">&raquo;<\/span><span class=\"aioseo-breadcrumb\">\n\t\t\tDlaczego outdoorowiec powinien mie\u0107 sanda\u0142y\n\t\t<\/span><\/div>","aioseo_breadcrumb_json":[{"label":"Home","link":"https:\/\/www.skalnik.pl\/blog"},{"label":"Porady","link":"https:\/\/www.skalnik.pl\/blog\/.\/porady\/"},{"label":"Dlaczego outdoorowiec powinien mie\u0107 sanda\u0142y","link":"https:\/\/www.skalnik.pl\/blog\/dlaczego-outdoorowiec-powinien-miec-sandaly\/"}],"_links":{"self":[{"href":"https:\/\/www.skalnik.pl\/blog\/wp-json\/wp\/v2\/posts\/6569","targetHints":{"allow":["GET"]}}],"collection":[{"href":"https:\/\/www.skalnik.pl\/blog\/wp-json\/wp\/v2\/posts"}],"about":[{"href":"https:\/\/www.skalnik.pl\/blog\/wp-json\/wp\/v2\/types\/post"}],"author":[{"embeddable":true,"href":"https:\/\/www.skalnik.pl\/blog\/wp-json\/wp\/v2\/users\/28"}],"replies":[{"embeddable":true,"href":"https:\/\/www.skalnik.pl\/blog\/wp-json\/wp\/v2\/comments?post=6569"}],"version-history":[{"count":32,"href":"https:\/\/www.skalnik.pl\/blog\/wp-json\/wp\/v2\/posts\/6569\/revisions"}],"predecessor-version":[{"id":8576,"href":"https:\/\/www.skalnik.pl\/blog\/wp-json\/wp\/v2\/posts\/6569\/revisions\/8576"}],"wp:featuredmedia":[{"embeddable":true,"href":"https:\/\/www.skalnik.pl\/blog\/wp-json\/wp\/v2\/media\/6601"}],"wp:attachment":[{"href":"https:\/\/www.skalnik.pl\/blog\/wp-json\/wp\/v2\/media?parent=6569"}],"wp:term":[{"taxonomy":"category","embeddable":true,"href":"https:\/\/www.skalnik.pl\/blog\/wp-json\/wp\/v2\/categories?post=6569"},{"taxonomy":"post_tag","embeddable":true,"href":"https:\/\/www.skalnik.pl\/blog\/wp-json\/wp\/v2\/tags?post=6569"},{"taxonomy":"magento_category","embeddable":true,"href":"https:\/\/www.skalnik.pl\/blog\/wp-json\/wp\/v2\/magento_category?post=6569"},{"taxonomy":"magento_product","embeddable":true,"href":"https:\/\/www.skalnik.pl\/blog\/wp-json\/wp\/v2\/magento_product?post=6569"}],"curies":[{"name":"wp","href":"https:\/\/api.w.org\/{rel}","templated":true}]}}