{"id":6786,"date":"2019-05-13T09:51:10","date_gmt":"2019-05-13T07:51:10","guid":{"rendered":"https:\/\/skalnik.pl\/blog\/?p=6786"},"modified":"2024-05-20T09:42:34","modified_gmt":"2024-05-20T07:42:34","slug":"kurtki-the-north-face-najciekawsze-modele","status":"publish","type":"post","link":"https:\/\/www.skalnik.pl\/blog\/kurtki-the-north-face-najciekawsze-modele\/","title":{"rendered":"Kurtki The North Face \u2013 najciekawsze modele"},"content":{"rendered":"<p><b>Je\u015bli zastanawiasz si\u0119 jak\u0105 kurtk\u0119 turystyczn\u0105 kupi\u0107, to dzi\u015b na blogu przegl\u0105d naciekawszych modeli oferowanych przez firm\u0119 The North Face. The North Face to najwi\u0119kszy producent profesjonalnego sprz\u0119tu i odzie\u017cy turystycznej na \u015bwiecie. W swojej ofercie posiada sprz\u0119t i odzie\u017c do wszelkich turystycznych aktywno\u015bci, takich jak wyprawy wysokog\u00f3rskie, turystyka piesza, biegi g\u00f3rskie, narciarstwo i trekking.<\/b><\/p>\n<p>North Face od niedawna oferuje te\u017c szerok\u0105 lini\u0119 odzie\u017cy lifestylowej. Skupi\u0119 si\u0119 na kolekcji turystycznej i miejskiej, \u017ceby wyr\u00f3zni\u0107 kurtki <a href=\"https:\/\/skalnik.pl\/the-north-face\" target=\"_blank\" rel=\"noopener noreferrer\">The North Face<\/a>, kt\u00f3re warto wybra\u0107. Przyjrzymy si\u0119 trzem podstawowym kategoriom kurtek turystycznych. B\u0119d\u0105 to tanie kurtki przeciwdeszczowe, kurtki zimowe i profesjonalne kurtki z goretexu.<\/p>\n<div id=\"ez-toc-container\" class=\"ez-toc-v2_0_85 counter-hierarchy ez-toc-counter ez-toc-light-blue ez-toc-container-direction\">\n<div class=\"ez-toc-title-container\">\n<p class=\"ez-toc-title\" style=\"cursor:inherit\">SPIS TRE\u015aCI <\/p>\n<span class=\"ez-toc-title-toggle\"><a href=\"#\" class=\"ez-toc-pull-right ez-toc-btn ez-toc-btn-xs ez-toc-btn-default ez-toc-toggle\" aria-label=\"Prze\u0142\u0105cznik Spisu Tre\u015bci\"><span class=\"ez-toc-js-icon-con\"><span class=\"\"><span class=\"eztoc-hide\" style=\"display:none;\">Toggle<\/span><span class=\"ez-toc-icon-toggle-span\"><svg style=\"fill: #999;color:#999\" xmlns=\"http:\/\/www.w3.org\/2000\/svg\" class=\"list-377408\" width=\"20px\" height=\"20px\" viewBox=\"0 0 24 24\" fill=\"none\"><path d=\"M6 6H4v2h2V6zm14 0H8v2h12V6zM4 11h2v2H4v-2zm16 0H8v2h12v-2zM4 16h2v2H4v-2zm16 0H8v2h12v-2z\" fill=\"currentColor\"><\/path><\/svg><svg style=\"fill: #999;color:#999\" class=\"arrow-unsorted-368013\" xmlns=\"http:\/\/www.w3.org\/2000\/svg\" width=\"10px\" height=\"10px\" viewBox=\"0 0 24 24\" version=\"1.2\" baseProfile=\"tiny\"><path d=\"M18.2 9.3l-6.2-6.3-6.2 6.3c-.2.2-.3.4-.3.7s.1.5.3.7c.2.2.4.3.7.3h11c.3 0 .5-.1.7-.3.2-.2.3-.5.3-.7s-.1-.5-.3-.7zM5.8 14.7l6.2 6.3 6.2-6.3c.2-.2.3-.5.3-.7s-.1-.5-.3-.7c-.2-.2-.4-.3-.7-.3h-11c-.3 0-.5.1-.7.3-.2.2-.3.5-.3.7s.1.5.3.7z\"\/><\/svg><\/span><\/span><\/span><\/a><\/span><\/div>\n<nav><ul class='ez-toc-list ez-toc-list-level-1 ' ><li class='ez-toc-page-1 ez-toc-heading-level-2'><a class=\"ez-toc-link ez-toc-heading-1\" href=\"https:\/\/www.skalnik.pl\/blog\/kurtki-the-north-face-najciekawsze-modele\/#Kurtka_przeciwdeszczowa\" >Kurtka przeciwdeszczowa<\/a><\/li><li class='ez-toc-page-1 ez-toc-heading-level-2'><a class=\"ez-toc-link ez-toc-heading-2\" href=\"https:\/\/www.skalnik.pl\/blog\/kurtki-the-north-face-najciekawsze-modele\/#Kurtka_zimowa_The_North_Face\" >Kurtka zimowa The North Face<\/a><\/li><li class='ez-toc-page-1 ez-toc-heading-level-2'><a class=\"ez-toc-link ez-toc-heading-3\" href=\"https:\/\/www.skalnik.pl\/blog\/kurtki-the-north-face-najciekawsze-modele\/#Kurtki_The_North_Face_Gore_Tex\" >Kurtki The North Face Gore Tex<\/a><\/li><li class='ez-toc-page-1 ez-toc-heading-level-2'><a class=\"ez-toc-link ez-toc-heading-4\" href=\"https:\/\/www.skalnik.pl\/blog\/kurtki-the-north-face-najciekawsze-modele\/#The_North_Face_sklep\" >The North Face sklep<\/a><\/li><\/ul><\/nav><\/div>\n<h2><span class=\"ez-toc-section\" id=\"Kurtka_przeciwdeszczowa\"><\/span><a href=\"https:\/\/skalnik.pl\/odziez\/odziez-meska\/odziez-meska-kurtki\" target=\"_blank\" rel=\"noopener noreferrer\"><b><span style=\"color: #000000;\">Kurtka przeciwdeszczowa<\/span><\/b><\/a><span class=\"ez-toc-section-end\"><\/span><\/h2>\n<p>Po\u015br\u00f3d wielu modeli kurtek przeciwdeszczowych oferowanych przez The North Face na wyr\u00f3\u017cnienie zas\u0142uguj\u0105 trzy modele. S\u0105 to kurtki Resolve, Venture i Stratos. Wszystkie te kurtki \u015bwietnie nadaj\u0105 si\u0119 zar\u00f3wno do codziennego u\u017cytkowania jak i \u015brednio intensywnej turystyki g\u00f3rskiej. Ze wzgl\u0119du na grubo\u015b\u0107 materia\u0142u, z kt\u00f3rego s\u0105 uszyta jest kurtka Resolve, model powinien by\u0107 traktowany jako kurtka letnia lub awaryjna, Venture jako przej\u015bciowa, a Stratos najlepiej sprawdzi si\u0119 p\u00f3\u017an\u0105 jesieni\u0105 i zim\u0105. Wszystkie trzy kurtki s\u0105 wyposa\u017cone w jedn\u0105 z najlepszych membran czyli DryVent, kt\u00f3ra oferuje wodoodporno\u015b\u0107 na poziomie 20000 mm s\u0142upa wody i oddychalno\u015b\u0107 20000 g \/m2\/24 h. Nawet je\u017celi te liczby nic ci nie m\u00f3wi\u0105, gwarantuj\u0119, \u017ce w tej klasie cenowej jest to absolutny top.<br \/>\n<iframe loading=\"lazy\" src=\"https:\/\/www.youtube.com\/embed\/I2jncT8VaPU\" width=\"560\" height=\"315\" frameborder=\"0\" allowfullscreen=\"allowfullscreen\"><\/iframe><\/p>\n<p>Katalogowe ceny tych kurtek to:<\/p>\n<ul>\n<li>Resolve 399,90 z\u0142<\/li>\n<li>Venture 499 z\u0142<\/li>\n<li>Strartos 649 z\u0142<\/li>\n<\/ul>\n<p>Wszystkie trzy kurtki wyst\u0119puj\u0105 w wersji damskiej i m\u0119skiej, co roku wprowadzane s\u0105 nowe, najmodniejsze kolory. Do kurtek Resolve i Venture dost\u0119pne s\u0105 spodnie przeciwdeszczowe, kt\u00f3re mo\u017cna dokupi\u0107 do kompletu dla pe\u0142nej ochrony przed opadami.<\/p>\n<p><iframe loading=\"lazy\" src=\"https:\/\/www.youtube.com\/embed\/mII_VesnXks\" width=\"560\" height=\"315\" frameborder=\"0\" allowfullscreen=\"allowfullscreen\"><\/iframe><\/p>\n<p><iframe loading=\"lazy\" src=\"https:\/\/www.youtube.com\/embed\/DO1AI-4PvOY\" width=\"560\" height=\"315\" frameborder=\"0\" allowfullscreen=\"allowfullscreen\"><\/iframe><\/p>\n<h2><span class=\"ez-toc-section\" id=\"Kurtka_zimowa_The_North_Face\"><\/span>Kurtka zimowa The North Face<span class=\"ez-toc-section-end\"><\/span><\/h2>\n<p>The North Face <a href=\"https:\/\/www.skalnik.pl\/odziez-odziez-meska-odziez-meska-kurtki-the-north-face\" target=\"_blank\" rel=\"noopener\">kurtki zimowe<\/a> produkuje prawie od pocz\u0105tku swojej dzia\u0142alno\u015bci. Chyba \u017caden inny produkt nie kojarzy si\u0119 z t\u0105 mark\u0105 bardziej ni\u017c kurtki McMurdo i jego damski odpowiednik Arctic Parka. Je\u017celi w ameryka\u0144skim filmie kto\u015b wysiada ze \u015bmig\u0142owca na Alasce, prawie na sto procent b\u0119dzie mie\u0107 tak\u0105 kurtk\u0119 na sobie. Obie kurtki wype\u0142nione s\u0105 certyfikowanym znakiem RDS puchem g\u0119sim, opakowanym w pancerny materia\u0142 z membran\u0105 DryVent. Ocieplone kaptury uszczelnione s\u0105 dopinanym sztucznym futrem, a kr\u00f3j typu parka powoduje, \u017ce w tych kurtkach naprawd\u0119 trudno zmarzn\u0105\u0107. To jedne z najcieplejszych kurtek miejskich oferowanych w Skalniku. Od lat ciesz\u0105 si\u0119 nies\u0142abn\u0105c\u0105 popularno\u015bci\u0105 w\u015br\u00f3d naszych klient\u00f3w.<\/p>\n<p>Ceny tych popularnych w\u015br\u00f3d naszych klient\u00f3w kurtek przedstawiaj\u0105 si\u0119 nast\u0119puj\u0105co:<\/p>\n<ul>\n<li>Arctic Parka 1699,90 z\u0142<\/li>\n<li>McMurdo 1799,90 z\u0142<\/li>\n<\/ul>\n<div class=\"page_gallery\">\n\n\t\t<style type=\"text\/css\">\n\t\t\t#gallery-1 {\n\t\t\t\tmargin: auto;\n\t\t\t}\n\t\t\t#gallery-1 .gallery-item {\n\t\t\t\tfloat: left;\n\t\t\t\tmargin-top: 10px;\n\t\t\t\ttext-align: center;\n\t\t\t\twidth: 25%;\n\t\t\t}\n\t\t\t#gallery-1 img {\n\t\t\t\tborder: 2px solid #cfcfcf;\n\t\t\t}\n\t\t\t#gallery-1 .gallery-caption {\n\t\t\t\tmargin-left: 0;\n\t\t\t}\n\t\t\t\/* see gallery_shortcode() in wp-includes\/media.php *\/\n\t\t<\/style>\n\t\t<div id='gallery-1' class='gallery galleryid-6786 gallery-columns-4 gallery-size-full'><dl class='gallery-item'>\n\t\t\t<dt class='gallery-icon portrait'>\n\t\t\t\t<img loading=\"lazy\" decoding=\"async\" width=\"796\" height=\"1271\" src=\"https:\/\/www.skalnik.pl\/blog\/wp-content\/uploads\/2019\/05\/arctic_parka1-e1557817961300.jpg\" class=\"attachment-full size-full\" alt=\"TNF Arctic Parka\" srcset=\"https:\/\/www.skalnik.pl\/blog\/wp-content\/uploads\/2019\/05\/arctic_parka1-e1557817961300.jpg 796w, https:\/\/www.skalnik.pl\/blog\/wp-content\/uploads\/2019\/05\/arctic_parka1-e1557817961300-188x300.jpg 188w, https:\/\/www.skalnik.pl\/blog\/wp-content\/uploads\/2019\/05\/arctic_parka1-e1557817961300-768x1226.jpg 768w, https:\/\/www.skalnik.pl\/blog\/wp-content\/uploads\/2019\/05\/arctic_parka1-e1557817961300-641x1024.jpg 641w\" sizes=\"auto, (max-width: 796px) 100vw, 796px\" \/>\n\t\t\t<\/dt><\/dl><dl class='gallery-item'>\n\t\t\t<dt class='gallery-icon portrait'>\n\t\t\t\t<img loading=\"lazy\" decoding=\"async\" width=\"808\" height=\"1268\" src=\"https:\/\/www.skalnik.pl\/blog\/wp-content\/uploads\/2019\/05\/arctic_parka2.jpg\" class=\"attachment-full size-full\" alt=\"Arctic Parka TNF\" srcset=\"https:\/\/www.skalnik.pl\/blog\/wp-content\/uploads\/2019\/05\/arctic_parka2.jpg 808w, https:\/\/www.skalnik.pl\/blog\/wp-content\/uploads\/2019\/05\/arctic_parka2-191x300.jpg 191w, https:\/\/www.skalnik.pl\/blog\/wp-content\/uploads\/2019\/05\/arctic_parka2-768x1205.jpg 768w, https:\/\/www.skalnik.pl\/blog\/wp-content\/uploads\/2019\/05\/arctic_parka2-653x1024.jpg 653w\" sizes=\"auto, (max-width: 808px) 100vw, 808px\" \/>\n\t\t\t<\/dt><\/dl><dl class='gallery-item'>\n\t\t\t<dt class='gallery-icon portrait'>\n\t\t\t\t<img loading=\"lazy\" decoding=\"async\" width=\"1612\" height=\"2312\" src=\"https:\/\/www.skalnik.pl\/blog\/wp-content\/uploads\/2019\/05\/mcmudro_parka1.jpg\" class=\"attachment-full size-full\" alt=\"Mc Mudro TNF\" srcset=\"https:\/\/www.skalnik.pl\/blog\/wp-content\/uploads\/2019\/05\/mcmudro_parka1.jpg 1612w, https:\/\/www.skalnik.pl\/blog\/wp-content\/uploads\/2019\/05\/mcmudro_parka1-209x300.jpg 209w, https:\/\/www.skalnik.pl\/blog\/wp-content\/uploads\/2019\/05\/mcmudro_parka1-768x1101.jpg 768w, https:\/\/www.skalnik.pl\/blog\/wp-content\/uploads\/2019\/05\/mcmudro_parka1-714x1024.jpg 714w\" sizes=\"auto, (max-width: 1612px) 100vw, 1612px\" \/>\n\t\t\t<\/dt><\/dl><dl class='gallery-item'>\n\t\t\t<dt class='gallery-icon portrait'>\n\t\t\t\t<img loading=\"lazy\" decoding=\"async\" width=\"1608\" height=\"2444\" src=\"https:\/\/www.skalnik.pl\/blog\/wp-content\/uploads\/2019\/05\/mcmudro_parka3.jpg\" class=\"attachment-full size-full\" alt=\"McMudro TNF\" srcset=\"https:\/\/www.skalnik.pl\/blog\/wp-content\/uploads\/2019\/05\/mcmudro_parka3.jpg 1608w, https:\/\/www.skalnik.pl\/blog\/wp-content\/uploads\/2019\/05\/mcmudro_parka3-197x300.jpg 197w, https:\/\/www.skalnik.pl\/blog\/wp-content\/uploads\/2019\/05\/mcmudro_parka3-768x1167.jpg 768w, https:\/\/www.skalnik.pl\/blog\/wp-content\/uploads\/2019\/05\/mcmudro_parka3-674x1024.jpg 674w\" sizes=\"auto, (max-width: 1608px) 100vw, 1608px\" \/>\n\t\t\t<\/dt><\/dl><br style=\"clear: both\" \/>\n\t\t<\/div>\n\n<\/div>\n<h2><span class=\"ez-toc-section\" id=\"Kurtki_The_North_Face_Gore_Tex\"><\/span>Kurtki The North Face Gore Tex<span class=\"ez-toc-section-end\"><\/span><\/h2>\n<p>Najlepsze kurtki turystyczne do zastosowa\u0144 profesjonalnych The North Face produkuje z materia\u0142u Gore-Tex. Gore -Tex przez wielu u\u017cytkownik\u00f3w jest postrzegany jako najlepszy materia\u0142 do produkcji kurtek na deszcz. Wyst\u0119puje w wielu wersjach od lekkich Paclite, poprzez dwuwarstwowe laminaty przej\u015bciowe, a\u017c do super wytrzyma\u0142ych tr\u00f3jlaminat\u00f3w w wersji Pro. Kurtki i spodnie z Goretexu zapewniaj\u0105 najwy\u017cszy stopie\u0144 wodoodporno\u015bci i oddychalno\u015bci, a jako\u015b\u0107 materia\u0142u jest tak wysoka, \u017ce jego producent oferuje do\u017cywotni\u0105 gwarancj\u0119, niezale\u017cn\u0105 od gwarancji The North Face.<\/p>\n<p>Najciekawsze kurtki goretexowe to Shinpuru i Impendor Pro. Obie to fantastyczne kurtki trekkingowe jednak ca\u0142kowicie r\u00f3\u017cni filozofia projektowania i r\u00f3\u017cni zastosowanie. Shinpuru to superlekka kurtka wykonana z materia\u0142u Gore-Tex Active. Jest to najlepiej oddychaj\u0105cy materia\u0142, zapewniaj\u0105cy jednocze\u015bnie wodoodporno\u015b\u0107. Shinpuru najlepiej sprawdzi si\u0119 podczas szybkich aktywno\u015bci, gdzie wydziela si\u0119 du\u017co ciep\u0142a, dzia\u0142a\u0144 takich, jak na przyk\u0142ad speed hiking. Materia\u0142 jest delikatny, s\u0142abo znosi kontakt ze ska\u0142\u0105 i ga\u0142\u0119ziami. Jej przeciwno\u015bci\u0105 jest kurtka Impendor Pro. Ta kurtka jest znacznie ci\u0119\u017csza, ale za to pancerna. Mo\u017cna w niej bez problemu przedziera\u0107 si\u0119 przez lasy i skalne labirynty. Materia\u0142 Gore Tex Pro zapewnia tylko nieco ni\u017csz\u0105 oddychalno\u015b\u0107 od wersji Activ, ale jest bardzo odporny na uszkodzenia. Obie te kurtki, ka\u017cda w swojej klasie, zdobywaj\u0105 ogromne uznanie u\u017cytkownik\u00f3w.<\/p>\n<p>Ceny tych kurtek z goretexem to:<\/p>\n<ul>\n<li>Impendor Pro 1999,90 z\u0142<\/li>\n<li>Shinpuru 1349,90 z\u0142<\/li>\n<\/ul>\n<div class=\"page_gallery\">\n\n\t\t<style type=\"text\/css\">\n\t\t\t#gallery-2 {\n\t\t\t\tmargin: auto;\n\t\t\t}\n\t\t\t#gallery-2 .gallery-item {\n\t\t\t\tfloat: left;\n\t\t\t\tmargin-top: 10px;\n\t\t\t\ttext-align: center;\n\t\t\t\twidth: 25%;\n\t\t\t}\n\t\t\t#gallery-2 img {\n\t\t\t\tborder: 2px solid #cfcfcf;\n\t\t\t}\n\t\t\t#gallery-2 .gallery-caption {\n\t\t\t\tmargin-left: 0;\n\t\t\t}\n\t\t\t\/* see gallery_shortcode() in wp-includes\/media.php *\/\n\t\t<\/style>\n\t\t<div id='gallery-2' class='gallery galleryid-6786 gallery-columns-4 gallery-size-full'><dl class='gallery-item'>\n\t\t\t<dt class='gallery-icon portrait'>\n\t\t\t\t<img loading=\"lazy\" decoding=\"async\" width=\"816\" height=\"1276\" src=\"https:\/\/www.skalnik.pl\/blog\/wp-content\/uploads\/2019\/05\/impendor_pro1.jpg\" class=\"attachment-full size-full\" alt=\"Impendor hardshell\" aria-describedby=\"gallery-2-6819\" srcset=\"https:\/\/www.skalnik.pl\/blog\/wp-content\/uploads\/2019\/05\/impendor_pro1.jpg 816w, https:\/\/www.skalnik.pl\/blog\/wp-content\/uploads\/2019\/05\/impendor_pro1-192x300.jpg 192w, https:\/\/www.skalnik.pl\/blog\/wp-content\/uploads\/2019\/05\/impendor_pro1-768x1201.jpg 768w, https:\/\/www.skalnik.pl\/blog\/wp-content\/uploads\/2019\/05\/impendor_pro1-655x1024.jpg 655w\" sizes=\"auto, (max-width: 816px) 100vw, 816px\" \/>\n\t\t\t<\/dt>\n\t\t\t\t<dd class='wp-caption-text gallery-caption' id='gallery-2-6819'>\n\t\t\t\tKurtka Impendor Pro\n\t\t\t\t<\/dd><\/dl><dl class='gallery-item'>\n\t\t\t<dt class='gallery-icon portrait'>\n\t\t\t\t<img loading=\"lazy\" decoding=\"async\" width=\"800\" height=\"1200\" src=\"https:\/\/www.skalnik.pl\/blog\/wp-content\/uploads\/2019\/05\/impendor_pro2.jpg\" class=\"attachment-full size-full\" alt=\"Impendor pitzips\" aria-describedby=\"gallery-2-6815\" srcset=\"https:\/\/www.skalnik.pl\/blog\/wp-content\/uploads\/2019\/05\/impendor_pro2.jpg 800w, https:\/\/www.skalnik.pl\/blog\/wp-content\/uploads\/2019\/05\/impendor_pro2-200x300.jpg 200w, https:\/\/www.skalnik.pl\/blog\/wp-content\/uploads\/2019\/05\/impendor_pro2-768x1152.jpg 768w, https:\/\/www.skalnik.pl\/blog\/wp-content\/uploads\/2019\/05\/impendor_pro2-683x1024.jpg 683w\" sizes=\"auto, (max-width: 800px) 100vw, 800px\" \/>\n\t\t\t<\/dt>\n\t\t\t\t<dd class='wp-caption-text gallery-caption' id='gallery-2-6815'>\n\t\t\t\tWentylacja PitZips &#8211; Impendor Pro\n\t\t\t\t<\/dd><\/dl><dl class='gallery-item'>\n\t\t\t<dt class='gallery-icon portrait'>\n\t\t\t\t<img loading=\"lazy\" decoding=\"async\" width=\"800\" height=\"1200\" src=\"https:\/\/www.skalnik.pl\/blog\/wp-content\/uploads\/2019\/05\/impendor_pro3.jpg\" class=\"attachment-full size-full\" alt=\"kurtka Impendor TNF\" aria-describedby=\"gallery-2-6816\" srcset=\"https:\/\/www.skalnik.pl\/blog\/wp-content\/uploads\/2019\/05\/impendor_pro3.jpg 800w, https:\/\/www.skalnik.pl\/blog\/wp-content\/uploads\/2019\/05\/impendor_pro3-200x300.jpg 200w, https:\/\/www.skalnik.pl\/blog\/wp-content\/uploads\/2019\/05\/impendor_pro3-768x1152.jpg 768w, https:\/\/www.skalnik.pl\/blog\/wp-content\/uploads\/2019\/05\/impendor_pro3-683x1024.jpg 683w\" sizes=\"auto, (max-width: 800px) 100vw, 800px\" \/>\n\t\t\t<\/dt>\n\t\t\t\t<dd class='wp-caption-text gallery-caption' id='gallery-2-6816'>\n\t\t\t\tZamek rozpinany te\u017c od do\u0142u &#8211; TNF Imoendor Pro\n\t\t\t\t<\/dd><\/dl><dl class='gallery-item'>\n\t\t\t<dt class='gallery-icon portrait'>\n\t\t\t\t<img loading=\"lazy\" decoding=\"async\" width=\"804\" height=\"1228\" src=\"https:\/\/www.skalnik.pl\/blog\/wp-content\/uploads\/2019\/05\/impendor_pro4.jpg\" class=\"attachment-full size-full\" alt=\"Impendor marki The North Face\" aria-describedby=\"gallery-2-6817\" srcset=\"https:\/\/www.skalnik.pl\/blog\/wp-content\/uploads\/2019\/05\/impendor_pro4.jpg 804w, https:\/\/www.skalnik.pl\/blog\/wp-content\/uploads\/2019\/05\/impendor_pro4-196x300.jpg 196w, https:\/\/www.skalnik.pl\/blog\/wp-content\/uploads\/2019\/05\/impendor_pro4-768x1173.jpg 768w, https:\/\/www.skalnik.pl\/blog\/wp-content\/uploads\/2019\/05\/impendor_pro4-670x1024.jpg 670w\" sizes=\"auto, (max-width: 804px) 100vw, 804px\" \/>\n\t\t\t<\/dt>\n\t\t\t\t<dd class='wp-caption-text gallery-caption' id='gallery-2-6817'>\n\t\t\t\tRegulowany kaptur &#8211; Impendor Pro \n\t\t\t\t<\/dd><\/dl><br style=\"clear: both\" \/><dl class='gallery-item'>\n\t\t\t<dt class='gallery-icon portrait'>\n\t\t\t\t<img loading=\"lazy\" decoding=\"async\" width=\"804\" height=\"1256\" src=\"https:\/\/www.skalnik.pl\/blog\/wp-content\/uploads\/2019\/05\/impendor_pro5.jpg\" class=\"attachment-full size-full\" alt=\"Impendor kurtka Gore Tex\" aria-describedby=\"gallery-2-6821\" srcset=\"https:\/\/www.skalnik.pl\/blog\/wp-content\/uploads\/2019\/05\/impendor_pro5.jpg 804w, https:\/\/www.skalnik.pl\/blog\/wp-content\/uploads\/2019\/05\/impendor_pro5-192x300.jpg 192w, https:\/\/www.skalnik.pl\/blog\/wp-content\/uploads\/2019\/05\/impendor_pro5-768x1200.jpg 768w, https:\/\/www.skalnik.pl\/blog\/wp-content\/uploads\/2019\/05\/impendor_pro5-655x1024.jpg 655w\" sizes=\"auto, (max-width: 804px) 100vw, 804px\" \/>\n\t\t\t<\/dt>\n\t\t\t\t<dd class='wp-caption-text gallery-caption' id='gallery-2-6821'>\n\t\t\t\tKurtka GORE-TEX Impendor Pro\n\t\t\t\t<\/dd><\/dl><dl class='gallery-item'>\n\t\t\t<dt class='gallery-icon portrait'>\n\t\t\t\t<img loading=\"lazy\" decoding=\"async\" width=\"808\" height=\"1276\" src=\"https:\/\/www.skalnik.pl\/blog\/wp-content\/uploads\/2019\/05\/shinpuru1.jpg\" class=\"attachment-full size-full\" alt=\"TNF Shinpuru\" aria-describedby=\"gallery-2-6822\" srcset=\"https:\/\/www.skalnik.pl\/blog\/wp-content\/uploads\/2019\/05\/shinpuru1.jpg 808w, https:\/\/www.skalnik.pl\/blog\/wp-content\/uploads\/2019\/05\/shinpuru1-190x300.jpg 190w, https:\/\/www.skalnik.pl\/blog\/wp-content\/uploads\/2019\/05\/shinpuru1-768x1213.jpg 768w, https:\/\/www.skalnik.pl\/blog\/wp-content\/uploads\/2019\/05\/shinpuru1-648x1024.jpg 648w\" sizes=\"auto, (max-width: 808px) 100vw, 808px\" \/>\n\t\t\t<\/dt>\n\t\t\t\t<dd class='wp-caption-text gallery-caption' id='gallery-2-6822'>\n\t\t\t\tKurtka Shinpuru The North Face\n\t\t\t\t<\/dd><\/dl><dl class='gallery-item'>\n\t\t\t<dt class='gallery-icon portrait'>\n\t\t\t\t<img loading=\"lazy\" decoding=\"async\" width=\"808\" height=\"1280\" src=\"https:\/\/www.skalnik.pl\/blog\/wp-content\/uploads\/2019\/05\/shinpuru2.jpg\" class=\"attachment-full size-full\" alt=\"kurtka TNF Shinpuru\" aria-describedby=\"gallery-2-6823\" srcset=\"https:\/\/www.skalnik.pl\/blog\/wp-content\/uploads\/2019\/05\/shinpuru2.jpg 808w, https:\/\/www.skalnik.pl\/blog\/wp-content\/uploads\/2019\/05\/shinpuru2-189x300.jpg 189w, https:\/\/www.skalnik.pl\/blog\/wp-content\/uploads\/2019\/05\/shinpuru2-768x1217.jpg 768w, https:\/\/www.skalnik.pl\/blog\/wp-content\/uploads\/2019\/05\/shinpuru2-646x1024.jpg 646w\" sizes=\"auto, (max-width: 808px) 100vw, 808px\" \/>\n\t\t\t<\/dt>\n\t\t\t\t<dd class='wp-caption-text gallery-caption' id='gallery-2-6823'>\n\t\t\t\tTNF Shinpuru\n\t\t\t\t<\/dd><\/dl><dl class='gallery-item'>\n\t\t\t<dt class='gallery-icon portrait'>\n\t\t\t\t<img loading=\"lazy\" decoding=\"async\" width=\"808\" height=\"1284\" src=\"https:\/\/www.skalnik.pl\/blog\/wp-content\/uploads\/2019\/05\/shinpuru3.jpg\" class=\"attachment-full size-full\" alt=\"kurtka TNF Shinpuru kaptur\" aria-describedby=\"gallery-2-6824\" srcset=\"https:\/\/www.skalnik.pl\/blog\/wp-content\/uploads\/2019\/05\/shinpuru3.jpg 808w, https:\/\/www.skalnik.pl\/blog\/wp-content\/uploads\/2019\/05\/shinpuru3-189x300.jpg 189w, https:\/\/www.skalnik.pl\/blog\/wp-content\/uploads\/2019\/05\/shinpuru3-768x1220.jpg 768w, https:\/\/www.skalnik.pl\/blog\/wp-content\/uploads\/2019\/05\/shinpuru3-644x1024.jpg 644w\" sizes=\"auto, (max-width: 808px) 100vw, 808px\" \/>\n\t\t\t<\/dt>\n\t\t\t\t<dd class='wp-caption-text gallery-caption' id='gallery-2-6824'>\n\t\t\t\tRegulowany kaptur &#8211; kurtka Shinpuru\n\t\t\t\t<\/dd><\/dl><br style=\"clear: both\" \/><dl class='gallery-item'>\n\t\t\t<dt class='gallery-icon portrait'>\n\t\t\t\t<img loading=\"lazy\" decoding=\"async\" width=\"804\" height=\"1276\" src=\"https:\/\/www.skalnik.pl\/blog\/wp-content\/uploads\/2019\/05\/shinpuru4.jpg\" class=\"attachment-full size-full\" alt=\"TNF kurtka Shinpuru\" aria-describedby=\"gallery-2-6825\" srcset=\"https:\/\/www.skalnik.pl\/blog\/wp-content\/uploads\/2019\/05\/shinpuru4.jpg 804w, https:\/\/www.skalnik.pl\/blog\/wp-content\/uploads\/2019\/05\/shinpuru4-189x300.jpg 189w, https:\/\/www.skalnik.pl\/blog\/wp-content\/uploads\/2019\/05\/shinpuru4-768x1219.jpg 768w, https:\/\/www.skalnik.pl\/blog\/wp-content\/uploads\/2019\/05\/shinpuru4-645x1024.jpg 645w\" sizes=\"auto, (max-width: 804px) 100vw, 804px\" \/>\n\t\t\t<\/dt>\n\t\t\t\t<dd class='wp-caption-text gallery-caption' id='gallery-2-6825'>\n\t\t\t\tKurtka Shinpuru &#8211; Gore-Tex Active\n\t\t\t\t<\/dd><\/dl><dl class='gallery-item'>\n\t\t\t<dt class='gallery-icon portrait'>\n\t\t\t\t<img loading=\"lazy\" decoding=\"async\" width=\"808\" height=\"1292\" src=\"https:\/\/www.skalnik.pl\/blog\/wp-content\/uploads\/2019\/05\/shinpuru5.jpg\" class=\"attachment-full size-full\" alt=\"kurtka TNF Shinpuru\" aria-describedby=\"gallery-2-6826\" srcset=\"https:\/\/www.skalnik.pl\/blog\/wp-content\/uploads\/2019\/05\/shinpuru5.jpg 808w, https:\/\/www.skalnik.pl\/blog\/wp-content\/uploads\/2019\/05\/shinpuru5-188x300.jpg 188w, https:\/\/www.skalnik.pl\/blog\/wp-content\/uploads\/2019\/05\/shinpuru5-768x1228.jpg 768w, https:\/\/www.skalnik.pl\/blog\/wp-content\/uploads\/2019\/05\/shinpuru5-640x1024.jpg 640w\" sizes=\"auto, (max-width: 808px) 100vw, 808px\" \/>\n\t\t\t<\/dt>\n\t\t\t\t<dd class='wp-caption-text gallery-caption' id='gallery-2-6826'>\n\t\t\t\tThe North Face Shinpuru \n\t\t\t\t<\/dd><\/dl>\n\t\t\t<br style='clear: both' \/>\n\t\t<\/div>\n\n<\/div>\n<h2><span class=\"ez-toc-section\" id=\"The_North_Face_sklep\"><\/span>The North Face sklep<span class=\"ez-toc-section-end\"><\/span><\/h2>\n<p>Skalnik ma w swojej ofercie ogromny wyb\u00f3r produkt\u00f3w marki The North Face. Opr\u00f3cz kurtek oferujemy tak\u017ce plecaki, \u015bpiwory i ca\u0142y inny asortyment. Nasza wiedza i do\u015bwiadczenie w sprzeda\u017cy tych produkt\u00f3w zaowocowa\u0142a tym, \u017ce jako jeden z pierwszych sklep\u00f3w w Polsce otrzymali\u015bmy presti\u017cowy certyfikat The North Face Summit Series Specialist. Pozwala to oferowa\u0107 ca\u0142\u0105 kolekcj\u0119 Summit Series, czyli najbardziej zaawansowane technicznie produkty, przeznaczone do turystyki wysokog\u00f3rskiej i innych aktywno\u015bci wymagaj\u0105cych sprz\u0119tu i odzie\u017cy z najwy\u017cszej p\u00f3\u0142ki. Jako jeden z najwi\u0119kszych sprzedawc\u00f3w The North Face w Polsce mo\u017cemy zaoferowa\u0107 ca\u0142\u0105 kolekcj\u0119 w najlepszych cenach. Je\u017celi interesuje ci\u0119 wyprzeda\u017c The North Face, to \u015bwietnie si\u0119 sk\u0142ada. Na stronie Skalnika znajdziesz produkty z poprzedniego sezonu przecenione o 40%, a nawet o 50%.<\/p>\n","protected":false},"excerpt":{"rendered":"<p>Nie zastanawiaj si\u0119, kt\u00f3re kurtki The North Face s\u0105 najlepsze. Zajrzyj do tej porady, a szybko dowiesz si\u0119, kt\u00f3re modele klienci kupuj\u0105 najch\u0119tniej i jakie s\u0105 ich najwa\u017cniejsze w\u0142a\u015bciwo\u015bci. <\/p>\n","protected":false},"author":7,"featured_media":6834,"comment_status":"open","ping_status":"open","sticky":false,"template":"","format":"standard","meta":{"_acf_changed":false,"footnotes":""},"categories":[219],"tags":[109,157,15,153],"magento_category":[40],"magento_product":[],"class_list":["post-6786","post","type-post","status-publish","format-standard","has-post-thumbnail","hentry","category-rankingi","tag-gore-tex","tag-kurtki-gore-tex","tag-odziez","tag-the-north-face"],"acf":[],"aioseo_notices":[],"aioseo_head":"\n\t\t<!-- All in One SEO 4.9.10 - aioseo.com -->\n\t<meta name=\"description\" content=\"Nie zastanawiaj si\u0119, kt\u00f3re kurtki The North Face s\u0105 najlepsze. Zajrzyj do tej porady, a szybko dowiesz si\u0119, kt\u00f3re modele klienci kupuj\u0105 najch\u0119tniej i jakie s\u0105 ich najwa\u017cniejsze w\u0142a\u015bciwo\u015bci.\" \/>\n\t<meta name=\"robots\" content=\"max-image-preview:large\" \/>\n\t<meta name=\"author\" content=\"Redakcja skalnik.pl\"\/>\n\t<link rel=\"canonical\" href=\"https:\/\/www.skalnik.pl\/blog\/kurtki-the-north-face-najciekawsze-modele\/\" \/>\n\t<meta name=\"generator\" content=\"All in One SEO (AIOSEO) 4.9.10\" \/>\n\t\t<meta property=\"og:locale\" content=\"pl_PL\" \/>\n\t\t<meta property=\"og:site_name\" content=\"blog Skalnik - Blog, porady, artyku\u0142y - blog Skalnik\" \/>\n\t\t<meta property=\"og:type\" content=\"article\" \/>\n\t\t<meta property=\"og:title\" content=\"Kurtki The North Face \u2013 najciekawsze modele - blog Skalnik\" \/>\n\t\t<meta property=\"og:description\" content=\"Nie zastanawiaj si\u0119, kt\u00f3re kurtki The North Face s\u0105 najlepsze. Zajrzyj do tej porady, a szybko dowiesz si\u0119, kt\u00f3re modele klienci kupuj\u0105 najch\u0119tniej i jakie s\u0105 ich najwa\u017cniejsze w\u0142a\u015bciwo\u015bci.\" \/>\n\t\t<meta property=\"og:url\" content=\"https:\/\/www.skalnik.pl\/blog\/kurtki-the-north-face-najciekawsze-modele\/\" \/>\n\t\t<meta property=\"article:tag\" content=\"rankingi\" \/>\n\t\t<meta property=\"article:tag\" content=\"gore-tex\" \/>\n\t\t<meta property=\"article:tag\" content=\"kurtki gore-tex\" \/>\n\t\t<meta property=\"article:tag\" content=\"odzie\u017c\" \/>\n\t\t<meta property=\"article:tag\" content=\"the north face\" \/>\n\t\t<meta property=\"article:published_time\" content=\"2019-05-13T07:51:10+00:00\" \/>\n\t\t<meta property=\"article:modified_time\" content=\"2024-05-20T07:42:34+00:00\" \/>\n\t\t<meta name=\"twitter:card\" content=\"summary_large_image\" \/>\n\t\t<meta name=\"twitter:title\" content=\"Kurtki The North Face \u2013 najciekawsze modele - blog Skalnik\" \/>\n\t\t<meta name=\"twitter:description\" content=\"Nie zastanawiaj si\u0119, kt\u00f3re kurtki The North Face s\u0105 najlepsze. Zajrzyj do tej porady, a szybko dowiesz si\u0119, kt\u00f3re modele klienci kupuj\u0105 najch\u0119tniej i jakie s\u0105 ich najwa\u017cniejsze w\u0142a\u015bciwo\u015bci.\" \/>\n\t\t<script type=\"application\/ld+json\" class=\"aioseo-schema\">\n\t\t\t{\"@context\":\"https:\\\/\\\/schema.org\",\"@graph\":[{\"@type\":\"BlogPosting\",\"@id\":\"https:\\\/\\\/www.skalnik.pl\\\/blog\\\/kurtki-the-north-face-najciekawsze-modele\\\/#blogposting\",\"name\":\"Kurtki The North Face \\u2013 najciekawsze modele - blog Skalnik\",\"headline\":\"Kurtki The North Face \\u2013 najciekawsze modele\",\"author\":{\"@id\":\"https:\\\/\\\/www.skalnik.pl\\\/blog\\\/author\\\/redakcja-skalnik-pl\\\/#author\"},\"publisher\":{\"@id\":\"https:\\\/\\\/www.skalnik.pl\\\/blog\\\/#organization\"},\"image\":{\"@type\":\"ImageObject\",\"url\":\"https:\\\/\\\/www.skalnik.pl\\\/blog\\\/wp-content\\\/uploads\\\/2019\\\/05\\\/ok\\u0142adka-kurtki-tnf-min.jpg\",\"width\":1920,\"height\":705},\"datePublished\":\"2019-05-13T09:51:10+02:00\",\"dateModified\":\"2024-05-20T09:42:34+02:00\",\"inLanguage\":\"pl-PL\",\"mainEntityOfPage\":{\"@id\":\"https:\\\/\\\/www.skalnik.pl\\\/blog\\\/kurtki-the-north-face-najciekawsze-modele\\\/#webpage\"},\"isPartOf\":{\"@id\":\"https:\\\/\\\/www.skalnik.pl\\\/blog\\\/kurtki-the-north-face-najciekawsze-modele\\\/#webpage\"},\"articleSection\":\"Rankingi, gore-tex, kurtki gore-tex, odzie\\u017c, the north face, 1090\"},{\"@type\":\"BreadcrumbList\",\"@id\":\"https:\\\/\\\/www.skalnik.pl\\\/blog\\\/kurtki-the-north-face-najciekawsze-modele\\\/#breadcrumblist\",\"itemListElement\":[{\"@type\":\"ListItem\",\"@id\":\"https:\\\/\\\/www.skalnik.pl\\\/blog#listItem\",\"position\":1,\"name\":\"Home\",\"item\":\"https:\\\/\\\/www.skalnik.pl\\\/blog\",\"nextItem\":{\"@type\":\"ListItem\",\"@id\":\"https:\\\/\\\/www.skalnik.pl\\\/blog\\\/.\\\/rankingi\\\/#listItem\",\"name\":\"Rankingi\"}},{\"@type\":\"ListItem\",\"@id\":\"https:\\\/\\\/www.skalnik.pl\\\/blog\\\/.\\\/rankingi\\\/#listItem\",\"position\":2,\"name\":\"Rankingi\",\"item\":\"https:\\\/\\\/www.skalnik.pl\\\/blog\\\/.\\\/rankingi\\\/\",\"nextItem\":{\"@type\":\"ListItem\",\"@id\":\"https:\\\/\\\/www.skalnik.pl\\\/blog\\\/kurtki-the-north-face-najciekawsze-modele\\\/#listItem\",\"name\":\"Kurtki The North Face \\u2013 najciekawsze modele\"},\"previousItem\":{\"@type\":\"ListItem\",\"@id\":\"https:\\\/\\\/www.skalnik.pl\\\/blog#listItem\",\"name\":\"Home\"}},{\"@type\":\"ListItem\",\"@id\":\"https:\\\/\\\/www.skalnik.pl\\\/blog\\\/kurtki-the-north-face-najciekawsze-modele\\\/#listItem\",\"position\":3,\"name\":\"Kurtki The North Face \\u2013 najciekawsze modele\",\"previousItem\":{\"@type\":\"ListItem\",\"@id\":\"https:\\\/\\\/www.skalnik.pl\\\/blog\\\/.\\\/rankingi\\\/#listItem\",\"name\":\"Rankingi\"}}]},{\"@type\":\"Organization\",\"@id\":\"https:\\\/\\\/www.skalnik.pl\\\/blog\\\/#organization\",\"name\":\"blog Skalnik\",\"description\":\"Blog, porady, artyku\\u0142y - blog Skalnik\",\"url\":\"https:\\\/\\\/www.skalnik.pl\\\/blog\\\/\"},{\"@type\":\"Person\",\"@id\":\"https:\\\/\\\/www.skalnik.pl\\\/blog\\\/author\\\/redakcja-skalnik-pl\\\/#author\",\"url\":\"https:\\\/\\\/www.skalnik.pl\\\/blog\\\/author\\\/redakcja-skalnik-pl\\\/\",\"name\":\"Redakcja skalnik.pl\",\"image\":{\"@type\":\"ImageObject\",\"@id\":\"https:\\\/\\\/www.skalnik.pl\\\/blog\\\/kurtki-the-north-face-najciekawsze-modele\\\/#authorImage\",\"url\":\"https:\\\/\\\/secure.gravatar.com\\\/avatar\\\/7eab29b048aaf0899cd9a145e9adb814e2130ced31e65b454b902500bea65f9e?s=96&d=mm&r=g\",\"width\":96,\"height\":96,\"caption\":\"Redakcja skalnik.pl\"}},{\"@type\":\"WebPage\",\"@id\":\"https:\\\/\\\/www.skalnik.pl\\\/blog\\\/kurtki-the-north-face-najciekawsze-modele\\\/#webpage\",\"url\":\"https:\\\/\\\/www.skalnik.pl\\\/blog\\\/kurtki-the-north-face-najciekawsze-modele\\\/\",\"name\":\"Kurtki The North Face \\u2013 najciekawsze modele - blog Skalnik\",\"description\":\"Nie zastanawiaj si\\u0119, kt\\u00f3re kurtki The North Face s\\u0105 najlepsze. Zajrzyj do tej porady, a szybko dowiesz si\\u0119, kt\\u00f3re modele klienci kupuj\\u0105 najch\\u0119tniej i jakie s\\u0105 ich najwa\\u017cniejsze w\\u0142a\\u015bciwo\\u015bci.\",\"inLanguage\":\"pl-PL\",\"isPartOf\":{\"@id\":\"https:\\\/\\\/www.skalnik.pl\\\/blog\\\/#website\"},\"breadcrumb\":{\"@id\":\"https:\\\/\\\/www.skalnik.pl\\\/blog\\\/kurtki-the-north-face-najciekawsze-modele\\\/#breadcrumblist\"},\"author\":{\"@id\":\"https:\\\/\\\/www.skalnik.pl\\\/blog\\\/author\\\/redakcja-skalnik-pl\\\/#author\"},\"creator\":{\"@id\":\"https:\\\/\\\/www.skalnik.pl\\\/blog\\\/author\\\/redakcja-skalnik-pl\\\/#author\"},\"image\":{\"@type\":\"ImageObject\",\"url\":\"https:\\\/\\\/www.skalnik.pl\\\/blog\\\/wp-content\\\/uploads\\\/2019\\\/05\\\/ok\\u0142adka-kurtki-tnf-min.jpg\",\"@id\":\"https:\\\/\\\/www.skalnik.pl\\\/blog\\\/kurtki-the-north-face-najciekawsze-modele\\\/#mainImage\",\"width\":1920,\"height\":705},\"primaryImageOfPage\":{\"@id\":\"https:\\\/\\\/www.skalnik.pl\\\/blog\\\/kurtki-the-north-face-najciekawsze-modele\\\/#mainImage\"},\"datePublished\":\"2019-05-13T09:51:10+02:00\",\"dateModified\":\"2024-05-20T09:42:34+02:00\"},{\"@type\":\"WebSite\",\"@id\":\"https:\\\/\\\/www.skalnik.pl\\\/blog\\\/#website\",\"url\":\"https:\\\/\\\/www.skalnik.pl\\\/blog\\\/\",\"name\":\"blog Skalnik\",\"description\":\"Blog, porady, artyku\\u0142y - blog Skalnik\",\"inLanguage\":\"pl-PL\",\"publisher\":{\"@id\":\"https:\\\/\\\/www.skalnik.pl\\\/blog\\\/#organization\"}}]}\n\t\t<\/script>\n\t\t<!-- All in One SEO -->\n\n","aioseo_head_json":{"title":"Kurtki The North Face \u2013 najciekawsze modele - blog Skalnik","description":"Nie zastanawiaj si\u0119, kt\u00f3re kurtki The North Face s\u0105 najlepsze. Zajrzyj do tej porady, a szybko dowiesz si\u0119, kt\u00f3re modele klienci kupuj\u0105 najch\u0119tniej i jakie s\u0105 ich najwa\u017cniejsze w\u0142a\u015bciwo\u015bci.","canonical_url":"https:\/\/www.skalnik.pl\/blog\/kurtki-the-north-face-najciekawsze-modele\/","robots":"max-image-preview:large","keywords":"","webmasterTools":{"miscellaneous":""},"schema":{"@context":"https:\/\/schema.org","@graph":[{"@type":"BlogPosting","@id":"https:\/\/www.skalnik.pl\/blog\/kurtki-the-north-face-najciekawsze-modele\/#blogposting","name":"Kurtki The North Face \u2013 najciekawsze modele - blog Skalnik","headline":"Kurtki The North Face \u2013 najciekawsze modele","author":{"@id":"https:\/\/www.skalnik.pl\/blog\/author\/redakcja-skalnik-pl\/#author"},"publisher":{"@id":"https:\/\/www.skalnik.pl\/blog\/#organization"},"image":{"@type":"ImageObject","url":"https:\/\/www.skalnik.pl\/blog\/wp-content\/uploads\/2019\/05\/ok\u0142adka-kurtki-tnf-min.jpg","width":1920,"height":705},"datePublished":"2019-05-13T09:51:10+02:00","dateModified":"2024-05-20T09:42:34+02:00","inLanguage":"pl-PL","mainEntityOfPage":{"@id":"https:\/\/www.skalnik.pl\/blog\/kurtki-the-north-face-najciekawsze-modele\/#webpage"},"isPartOf":{"@id":"https:\/\/www.skalnik.pl\/blog\/kurtki-the-north-face-najciekawsze-modele\/#webpage"},"articleSection":"Rankingi, gore-tex, kurtki gore-tex, odzie\u017c, the north face, 1090"},{"@type":"BreadcrumbList","@id":"https:\/\/www.skalnik.pl\/blog\/kurtki-the-north-face-najciekawsze-modele\/#breadcrumblist","itemListElement":[{"@type":"ListItem","@id":"https:\/\/www.skalnik.pl\/blog#listItem","position":1,"name":"Home","item":"https:\/\/www.skalnik.pl\/blog","nextItem":{"@type":"ListItem","@id":"https:\/\/www.skalnik.pl\/blog\/.\/rankingi\/#listItem","name":"Rankingi"}},{"@type":"ListItem","@id":"https:\/\/www.skalnik.pl\/blog\/.\/rankingi\/#listItem","position":2,"name":"Rankingi","item":"https:\/\/www.skalnik.pl\/blog\/.\/rankingi\/","nextItem":{"@type":"ListItem","@id":"https:\/\/www.skalnik.pl\/blog\/kurtki-the-north-face-najciekawsze-modele\/#listItem","name":"Kurtki The North Face \u2013 najciekawsze modele"},"previousItem":{"@type":"ListItem","@id":"https:\/\/www.skalnik.pl\/blog#listItem","name":"Home"}},{"@type":"ListItem","@id":"https:\/\/www.skalnik.pl\/blog\/kurtki-the-north-face-najciekawsze-modele\/#listItem","position":3,"name":"Kurtki The North Face \u2013 najciekawsze modele","previousItem":{"@type":"ListItem","@id":"https:\/\/www.skalnik.pl\/blog\/.\/rankingi\/#listItem","name":"Rankingi"}}]},{"@type":"Organization","@id":"https:\/\/www.skalnik.pl\/blog\/#organization","name":"blog Skalnik","description":"Blog, porady, artyku\u0142y - blog Skalnik","url":"https:\/\/www.skalnik.pl\/blog\/"},{"@type":"Person","@id":"https:\/\/www.skalnik.pl\/blog\/author\/redakcja-skalnik-pl\/#author","url":"https:\/\/www.skalnik.pl\/blog\/author\/redakcja-skalnik-pl\/","name":"Redakcja skalnik.pl","image":{"@type":"ImageObject","@id":"https:\/\/www.skalnik.pl\/blog\/kurtki-the-north-face-najciekawsze-modele\/#authorImage","url":"https:\/\/secure.gravatar.com\/avatar\/7eab29b048aaf0899cd9a145e9adb814e2130ced31e65b454b902500bea65f9e?s=96&d=mm&r=g","width":96,"height":96,"caption":"Redakcja skalnik.pl"}},{"@type":"WebPage","@id":"https:\/\/www.skalnik.pl\/blog\/kurtki-the-north-face-najciekawsze-modele\/#webpage","url":"https:\/\/www.skalnik.pl\/blog\/kurtki-the-north-face-najciekawsze-modele\/","name":"Kurtki The North Face \u2013 najciekawsze modele - blog Skalnik","description":"Nie zastanawiaj si\u0119, kt\u00f3re kurtki The North Face s\u0105 najlepsze. Zajrzyj do tej porady, a szybko dowiesz si\u0119, kt\u00f3re modele klienci kupuj\u0105 najch\u0119tniej i jakie s\u0105 ich najwa\u017cniejsze w\u0142a\u015bciwo\u015bci.","inLanguage":"pl-PL","isPartOf":{"@id":"https:\/\/www.skalnik.pl\/blog\/#website"},"breadcrumb":{"@id":"https:\/\/www.skalnik.pl\/blog\/kurtki-the-north-face-najciekawsze-modele\/#breadcrumblist"},"author":{"@id":"https:\/\/www.skalnik.pl\/blog\/author\/redakcja-skalnik-pl\/#author"},"creator":{"@id":"https:\/\/www.skalnik.pl\/blog\/author\/redakcja-skalnik-pl\/#author"},"image":{"@type":"ImageObject","url":"https:\/\/www.skalnik.pl\/blog\/wp-content\/uploads\/2019\/05\/ok\u0142adka-kurtki-tnf-min.jpg","@id":"https:\/\/www.skalnik.pl\/blog\/kurtki-the-north-face-najciekawsze-modele\/#mainImage","width":1920,"height":705},"primaryImageOfPage":{"@id":"https:\/\/www.skalnik.pl\/blog\/kurtki-the-north-face-najciekawsze-modele\/#mainImage"},"datePublished":"2019-05-13T09:51:10+02:00","dateModified":"2024-05-20T09:42:34+02:00"},{"@type":"WebSite","@id":"https:\/\/www.skalnik.pl\/blog\/#website","url":"https:\/\/www.skalnik.pl\/blog\/","name":"blog Skalnik","description":"Blog, porady, artyku\u0142y - blog Skalnik","inLanguage":"pl-PL","publisher":{"@id":"https:\/\/www.skalnik.pl\/blog\/#organization"}}]},"og:locale":"pl_PL","og:site_name":"blog Skalnik - Blog, porady, artyku\u0142y - blog Skalnik","og:type":"article","og:title":"Kurtki The North Face \u2013 najciekawsze modele - blog Skalnik","og:description":"Nie zastanawiaj si\u0119, kt\u00f3re kurtki The North Face s\u0105 najlepsze. Zajrzyj do tej porady, a szybko dowiesz si\u0119, kt\u00f3re modele klienci kupuj\u0105 najch\u0119tniej i jakie s\u0105 ich najwa\u017cniejsze w\u0142a\u015bciwo\u015bci.","og:url":"https:\/\/www.skalnik.pl\/blog\/kurtki-the-north-face-najciekawsze-modele\/","article:tag":["rankingi","gore-tex","kurtki gore-tex","odzie\u017c","the north face"],"article:published_time":"2019-05-13T07:51:10+00:00","article:modified_time":"2024-05-20T07:42:34+00:00","twitter:card":"summary_large_image","twitter:title":"Kurtki The North Face \u2013 najciekawsze modele - blog Skalnik","twitter:description":"Nie zastanawiaj si\u0119, kt\u00f3re kurtki The North Face s\u0105 najlepsze. Zajrzyj do tej porady, a szybko dowiesz si\u0119, kt\u00f3re modele klienci kupuj\u0105 najch\u0119tniej i jakie s\u0105 ich najwa\u017cniejsze w\u0142a\u015bciwo\u015bci."},"aioseo_meta_data":{"post_id":"6786","title":null,"description":null,"keywords":[{"label":"the north face","value":"the north face"},{"label":"the north face kurtki","value":"the north face kurtki"},{"label":"kurtka the north face","value":"kurtka the north face"}],"keyphrases":{"focus":{"keyphrase":"","score":0,"analysis":{"keyphraseInTitle":{"score":0,"maxScore":9,"error":1}}},"additional":[]},"primary_term":null,"canonical_url":null,"og_title":null,"og_description":null,"og_object_type":"default","og_image_type":"default","og_image_url":null,"og_image_width":null,"og_image_height":null,"og_image_custom_url":null,"og_image_custom_fields":null,"og_video":"","og_custom_url":null,"og_article_section":null,"og_article_tags":[],"twitter_use_og":false,"twitter_card":"default","twitter_image_type":"default","twitter_image_url":null,"twitter_image_custom_url":null,"twitter_image_custom_fields":null,"twitter_title":null,"twitter_description":null,"schema":{"blockGraphs":[],"customGraphs":[],"default":{"data":{"Article":[],"Course":[],"Dataset":[],"FAQPage":[],"Movie":[],"Person":[],"Product":[],"ProductReview":[],"Car":[],"Recipe":[],"Service":[],"SoftwareApplication":[],"WebPage":[]},"graphName":"","isEnabled":true},"graphs":[]},"schema_type":"default","schema_type_options":null,"pillar_content":false,"robots_default":true,"robots_noindex":false,"robots_noarchive":false,"robots_nosnippet":false,"robots_nofollow":false,"robots_noimageindex":false,"robots_noodp":false,"robots_notranslate":false,"robots_max_snippet":"-1","robots_max_videopreview":"-1","robots_max_imagepreview":"large","priority":null,"frequency":"default","local_seo":null,"breadcrumb_settings":null,"limit_modified_date":false,"ai":null,"created":"2022-08-26 09:58:58","updated":"2026-02-17 21:33:25","seo_analyzer_scan_date":null},"aioseo_breadcrumb":"<div class=\"aioseo-breadcrumbs\"><span class=\"aioseo-breadcrumb\">\n\t\t\t<a href=\"https:\/\/www.skalnik.pl\/blog\" title=\"Home\">Home<\/a>\n\t\t<\/span><span class=\"aioseo-breadcrumb-separator\">&raquo;<\/span><span class=\"aioseo-breadcrumb\">\n\t\t\t<a href=\"https:\/\/www.skalnik.pl\/blog\/.\/rankingi\/\" title=\"Rankingi\">Rankingi<\/a>\n\t\t<\/span><span class=\"aioseo-breadcrumb-separator\">&raquo;<\/span><span class=\"aioseo-breadcrumb\">\n\t\t\tKurtki The North Face \u2013 najciekawsze modele\n\t\t<\/span><\/div>","aioseo_breadcrumb_json":[{"label":"Home","link":"https:\/\/www.skalnik.pl\/blog"},{"label":"Rankingi","link":"https:\/\/www.skalnik.pl\/blog\/.\/rankingi\/"},{"label":"Kurtki The North Face \u2013 najciekawsze modele","link":"https:\/\/www.skalnik.pl\/blog\/kurtki-the-north-face-najciekawsze-modele\/"}],"_links":{"self":[{"href":"https:\/\/www.skalnik.pl\/blog\/wp-json\/wp\/v2\/posts\/6786","targetHints":{"allow":["GET"]}}],"collection":[{"href":"https:\/\/www.skalnik.pl\/blog\/wp-json\/wp\/v2\/posts"}],"about":[{"href":"https:\/\/www.skalnik.pl\/blog\/wp-json\/wp\/v2\/types\/post"}],"author":[{"embeddable":true,"href":"https:\/\/www.skalnik.pl\/blog\/wp-json\/wp\/v2\/users\/7"}],"replies":[{"embeddable":true,"href":"https:\/\/www.skalnik.pl\/blog\/wp-json\/wp\/v2\/comments?post=6786"}],"version-history":[{"count":27,"href":"https:\/\/www.skalnik.pl\/blog\/wp-json\/wp\/v2\/posts\/6786\/revisions"}],"predecessor-version":[{"id":26307,"href":"https:\/\/www.skalnik.pl\/blog\/wp-json\/wp\/v2\/posts\/6786\/revisions\/26307"}],"wp:featuredmedia":[{"embeddable":true,"href":"https:\/\/www.skalnik.pl\/blog\/wp-json\/wp\/v2\/media\/6834"}],"wp:attachment":[{"href":"https:\/\/www.skalnik.pl\/blog\/wp-json\/wp\/v2\/media?parent=6786"}],"wp:term":[{"taxonomy":"category","embeddable":true,"href":"https:\/\/www.skalnik.pl\/blog\/wp-json\/wp\/v2\/categories?post=6786"},{"taxonomy":"post_tag","embeddable":true,"href":"https:\/\/www.skalnik.pl\/blog\/wp-json\/wp\/v2\/tags?post=6786"},{"taxonomy":"magento_category","embeddable":true,"href":"https:\/\/www.skalnik.pl\/blog\/wp-json\/wp\/v2\/magento_category?post=6786"},{"taxonomy":"magento_product","embeddable":true,"href":"https:\/\/www.skalnik.pl\/blog\/wp-json\/wp\/v2\/magento_product?post=6786"}],"curies":[{"name":"wp","href":"https:\/\/api.w.org\/{rel}","templated":true}]}}