{"id":6934,"date":"2019-05-21T10:00:10","date_gmt":"2019-05-21T08:00:10","guid":{"rendered":"https:\/\/skalnik.pl\/blog\/?p=6934"},"modified":"2020-01-20T10:07:46","modified_gmt":"2020-01-20T09:07:46","slug":"jak-wyprac-plecak-turystyczny","status":"publish","type":"post","link":"https:\/\/www.skalnik.pl\/blog\/jak-wyprac-plecak-turystyczny\/","title":{"rendered":"Jak wypra\u0107 plecak turystyczny"},"content":{"rendered":"<p><b>Czas i brud to dobrzy kumple. Niewa\u017cne jak by\u015bmy si\u0119 starali, wraz z u\u017cytkowaniem pojawiaj\u0105 si\u0119 na wszystkim zabrudzenia. Nie omija to r\u00f3wnie\u017c naszego g\u00f3rskiego ekwipunku, szczeg\u00f3lnie gdy u\u017cytkujemy go intensywnie. Czy wiecie jak wypra\u0107 sw\u00f3j sprz\u0119t? W tym wpisie kr\u00f3tki instruktarz jak zrobi\u0107 to skutecznie.<\/b><\/p>\n<div id=\"ez-toc-container\" class=\"ez-toc-v2_0_85 counter-hierarchy ez-toc-counter ez-toc-light-blue ez-toc-container-direction\">\n<div class=\"ez-toc-title-container\">\n<p class=\"ez-toc-title\" style=\"cursor:inherit\">SPIS TRE\u015aCI <\/p>\n<span class=\"ez-toc-title-toggle\"><a href=\"#\" class=\"ez-toc-pull-right ez-toc-btn ez-toc-btn-xs ez-toc-btn-default ez-toc-toggle\" aria-label=\"Prze\u0142\u0105cznik Spisu Tre\u015bci\"><span class=\"ez-toc-js-icon-con\"><span class=\"\"><span class=\"eztoc-hide\" style=\"display:none;\">Toggle<\/span><span class=\"ez-toc-icon-toggle-span\"><svg style=\"fill: #999;color:#999\" xmlns=\"http:\/\/www.w3.org\/2000\/svg\" class=\"list-377408\" width=\"20px\" height=\"20px\" viewBox=\"0 0 24 24\" fill=\"none\"><path d=\"M6 6H4v2h2V6zm14 0H8v2h12V6zM4 11h2v2H4v-2zm16 0H8v2h12v-2zM4 16h2v2H4v-2zm16 0H8v2h12v-2z\" fill=\"currentColor\"><\/path><\/svg><svg style=\"fill: #999;color:#999\" class=\"arrow-unsorted-368013\" xmlns=\"http:\/\/www.w3.org\/2000\/svg\" width=\"10px\" height=\"10px\" viewBox=\"0 0 24 24\" version=\"1.2\" baseProfile=\"tiny\"><path d=\"M18.2 9.3l-6.2-6.3-6.2 6.3c-.2.2-.3.4-.3.7s.1.5.3.7c.2.2.4.3.7.3h11c.3 0 .5-.1.7-.3.2-.2.3-.5.3-.7s-.1-.5-.3-.7zM5.8 14.7l6.2 6.3 6.2-6.3c.2-.2.3-.5.3-.7s-.1-.5-.3-.7c-.2-.2-.4-.3-.7-.3h-11c-.3 0-.5.1-.7.3-.2.2-.3.5-.3.7s.1.5.3.7z\"\/><\/svg><\/span><\/span><\/span><\/a><\/span><\/div>\n<nav><ul class='ez-toc-list ez-toc-list-level-1 ' ><li class='ez-toc-page-1 ez-toc-heading-level-2'><a class=\"ez-toc-link ez-toc-heading-1\" href=\"https:\/\/www.skalnik.pl\/blog\/jak-wyprac-plecak-turystyczny\/#Kiedy_prac_plecak\" >Kiedy pra\u0107 plecak<\/a><\/li><li class='ez-toc-page-1 ez-toc-heading-level-2'><a class=\"ez-toc-link ez-toc-heading-2\" href=\"https:\/\/www.skalnik.pl\/blog\/jak-wyprac-plecak-turystyczny\/#Jak_wyprac_plecak\" >Jak wypra\u0107 plecak<\/a><\/li><li class='ez-toc-page-1 ez-toc-heading-level-2'><a class=\"ez-toc-link ez-toc-heading-3\" href=\"https:\/\/www.skalnik.pl\/blog\/jak-wyprac-plecak-turystyczny\/#Pranie_reczne_plecaka_krok_po_kroku\" >Pranie r\u0119czne plecaka krok po kroku<\/a><\/li><\/ul><\/nav><\/div>\n<h2><span class=\"ez-toc-section\" id=\"Kiedy_prac_plecak\"><\/span>Kiedy pra\u0107 plecak<span class=\"ez-toc-section-end\"><\/span><\/h2>\n<p>Na to pytanie istnieje tylko jedna poprawna odpowied\u017a \u2013 to zale\u017cy. Podczas intensywnego wysi\u0142ku, a do takich nale\u017cy trekking z plecakiem, nasze cia\u0142o si\u0119 poci. Pot ten zostaje cz\u0119\u015bciowo na naszym plecaku \u2013 na panelu dotykaj\u0105cym plecy, pasie biodrowym czy szelkach. Po kilku d\u0142u\u017cszych spacerach nasz <a href=\"https:\/\/skalnik.pl\/sprzet-turystyczny\/plecaki\" target=\"_blank\" rel=\"noopener noreferrer\">plecak turystyczny<\/a> mo\u017ce wi\u0119c zacz\u0105\u0107 nieprzyjemnie pachnie\u0107. Wtedy na pewno warto pomy\u015ble\u0107 o jego wypraniu. W zale\u017cno\u015bci od cz\u0119stotliwo\u015bci i intensywno\u015bci naszych trekking\u00f3w, mo\u017ce to by\u0107 raz w miesi\u0105cu, a nawet raz na rok. Ale to nie jedyna sytuacja, w kt\u00f3rej warto zadba\u0107 o czysto\u015b\u0107 plecaka.<\/p>\n<p>Komu z was nie zdarzy\u0142o si\u0119 nigdy postawi\u0107 plecaka w miejscu niekoniecznie czystym? Komu nie wyla\u0142o si\u0119 co\u015b w jego wn\u0119trzu? A kto nigdy nie wywr\u00f3ci\u0142 si\u0119 na szlaku? Mnie zdarzy\u0142y si\u0119 wszystkie te rzeczy. Podczas ostatniego wyjazdu w Tatry, w drodze powrotnej z jaskini, wywr\u00f3ci\u0142am si\u0119 na jeszcze lekko oblodzonym zej\u015bciu prosto w \u015bwie\u017cutkie b\u0142oto zmieszane ze \u015bniegiem. W takim wypadku plecakowi zdecydowanie nale\u017cy si\u0119 solidne pranie.<\/p>\n<div id=\"attachment_6935\" style=\"width: 1034px\" class=\"wp-caption alignnone\"><img loading=\"lazy\" decoding=\"async\" aria-describedby=\"caption-attachment-6935\" class=\"wp-image-6935 size-large\" src=\"https:\/\/skalnik.pl\/blog\/wp-content\/uploads\/2019\/05\/DSC_3755-min-1024x576.jpg\" alt=\"pranie plecaka\" width=\"1024\" height=\"576\" srcset=\"https:\/\/www.skalnik.pl\/blog\/wp-content\/uploads\/2019\/05\/DSC_3755-min-1024x576.jpg 1024w, https:\/\/www.skalnik.pl\/blog\/wp-content\/uploads\/2019\/05\/DSC_3755-min-300x169.jpg 300w, https:\/\/www.skalnik.pl\/blog\/wp-content\/uploads\/2019\/05\/DSC_3755-min-768x432.jpg 768w\" sizes=\"auto, (max-width: 1024px) 100vw, 1024px\" \/><p id=\"caption-attachment-6935\" class=\"wp-caption-text\">Kto\u015b tu potrzebuje porz\u0105dnej k\u0105pieli. Na szcz\u0119\u015bcie pranie plecaka to \u017cadne czary-mary. Wystarczy podej\u015b\u0107 do tego z g\u0142ow\u0105.<\/p><\/div>\n<h2><span class=\"ez-toc-section\" id=\"Jak_wyprac_plecak\"><\/span>Jak wypra\u0107 plecak<span class=\"ez-toc-section-end\"><\/span><\/h2>\n<p>Przede wszystkim nie polecam prania plecaka w pralce, nawet w trybie prania r\u0119cznego. Istnieje zbyt du\u017ce ryzyko, \u017ce plecak zostanie uszkodzony. Zdecydowanie sugeruj\u0119 pranie r\u0119czne. Nie jest ono czasoch\u0142onne, w sumie zaj\u0119\u0142o mi oko\u0142o 15 minut. Zreszt\u0105\u2026 m\u00f3j wielkolud i tak nie zmie\u015bci\u0142by si\u0119 do naszej stosunkowo du\u017cej pralki.<\/p>\n<p>Drobne, miejscowe zabrudzenia mo\u017cecie spokojnie usun\u0105\u0107 g\u0105bk\u0105 i letni\u0105 wod\u0105 z ewentualnym u\u017cyciem \u015brodka czyszcz\u0105cego. Z racji, \u017ce m\u00f3j <a href=\"https:\/\/skalnik.pl\/sprzet-turystyczny\/plecaki\/osprey\" target=\"_blank\" rel=\"noopener noreferrer\">plecak Osprey<\/a> jeszcze nigdy wcze\u015bniej nie zazna\u0142 pe\u0142nej k\u0105pieli oraz zosta\u0142 do\u015b\u0107 powa\u017cnie ubrudzony, postanowi\u0142am go jednak wymy\u0107 w ca\u0142o\u015bci.<\/p>\n<div id=\"attachment_6936\" style=\"width: 1034px\" class=\"wp-caption alignnone\"><img loading=\"lazy\" decoding=\"async\" aria-describedby=\"caption-attachment-6936\" class=\"wp-image-6936 size-large\" src=\"https:\/\/skalnik.pl\/blog\/wp-content\/uploads\/2019\/05\/DSC_3752-min-1024x576.jpg\" alt=\"pranie plecak\u00f3w turystycznych\" width=\"1024\" height=\"576\" srcset=\"https:\/\/www.skalnik.pl\/blog\/wp-content\/uploads\/2019\/05\/DSC_3752-min-1024x576.jpg 1024w, https:\/\/www.skalnik.pl\/blog\/wp-content\/uploads\/2019\/05\/DSC_3752-min-300x169.jpg 300w, https:\/\/www.skalnik.pl\/blog\/wp-content\/uploads\/2019\/05\/DSC_3752-min-768x432.jpg 768w\" sizes=\"auto, (max-width: 1024px) 100vw, 1024px\" \/><p id=\"caption-attachment-6936\" class=\"wp-caption-text\">\u015arodek pior\u0105cy do sprz\u0119tu outdoor, szczotka i g\u0105bka \u2013 tego b\u0119dziesz potrzebowa\u0107, \u017ceby wypra\u0107 skutecznie plecak turystyczny.<\/p><\/div>\n<h2><span class=\"ez-toc-section\" id=\"Pranie_reczne_plecaka_krok_po_kroku\"><\/span>Pranie r\u0119czne plecaka krok po kroku<span class=\"ez-toc-section-end\"><\/span><\/h2>\n<ol>\n<li>Po pierwsze pami\u0119taj, aby dok\u0142adnie opr\u00f3\u017cni\u0107 wszystkie kieszenie. Wydawa\u0142o mi si\u0119 \u017ce przeszuka\u0142am ka\u017cdy zakamarek mojego plecaka, jednak i tak przy p\u0142ukaniu odnalaz\u0142 si\u0119 ukryty \u201ena czarn\u0105 godzin\u0119\u201d czekoladowy batonik. Otw\u00f3rz te\u017c wszystkie zamki i kieszenie.<\/li>\n<li>Nast\u0119pnie do wanny lub miski nalej ciep\u0142ej wody oraz \u015brodka czyszcz\u0105cego. Ja od wielu lat u\u017cywam niezawodnego p\u0142ynu do prania wszelkiego sprz\u0119tu \u2013 Tech Wash marki Nikwax. Odmierz \u015brodek zgodnie z instrukcj\u0105 na opakowaniu i dodaj do wody.\n<p><div id=\"attachment_6937\" style=\"width: 1034px\" class=\"wp-caption alignnone\"><img loading=\"lazy\" decoding=\"async\" aria-describedby=\"caption-attachment-6937\" class=\"wp-image-6937 size-large\" title=\"\u015brodek do czyszczenia plecak\u00f3w\" src=\"https:\/\/skalnik.pl\/blog\/wp-content\/uploads\/2019\/05\/DSC_3760-min-1024x575.jpg\" alt=\"nikwax \u015brodek do plecak\u00f3w\" width=\"1024\" height=\"575\" srcset=\"https:\/\/www.skalnik.pl\/blog\/wp-content\/uploads\/2019\/05\/DSC_3760-min-1024x575.jpg 1024w, https:\/\/www.skalnik.pl\/blog\/wp-content\/uploads\/2019\/05\/DSC_3760-min-300x168.jpg 300w, https:\/\/www.skalnik.pl\/blog\/wp-content\/uploads\/2019\/05\/DSC_3760-min-768x431.jpg 768w\" sizes=\"auto, (max-width: 1024px) 100vw, 1024px\" \/><p id=\"caption-attachment-6937\" class=\"wp-caption-text\">Nie przesadzaj ze \u015brodkiem prior\u0105cym. Proporcje dozowania zazwyczaj znajduj\u0105 si\u0119 na opakowaniu.<\/p><\/div><\/li>\n<li>Wymieszaj \u015brodek z wod\u0105 i za pomoc\u0105 g\u0105bki kuchennej lub mi\u0119kkiej szczotki delikatnie wyczy\u015b\u0107 plecak. Dla bezpiecze\u0144stwa swojej sk\u00f3ry warto za\u0142o\u017cy\u0107 gumowe r\u0119kawiczki.<\/li>\n<li>Po zako\u0144czonym praniu pami\u0119taj aby dok\u0142adnie wyp\u0142uka\u0107 plecak ze \u015brodka czyszcz\u0105cego i rozwiesi\u0107 go do ca\u0142kowitego wyschni\u0119cia. Najlepiej w miejscu ze swobodnym przep\u0142ywem powietrza, ale nie bezpo\u015brednio na s\u0142o\u0144cu. W moim przepadku plecak wyl\u0105dowa\u0142 na strychu. Pami\u0119taj, \u017ce plecak b\u0119dzie do\u015b\u0107 d\u0142ugo ocieka\u0142 z wody. Dlatego \u2013 je\u017celi wieszasz go w pomieszczeniu \u2013 zabezpiecz r\u00f3wnie\u017c pod\u0142og\u0119.\n<div class=\"page_gallery\">\n\n\t\t<style type=\"text\/css\">\n\t\t\t#gallery-1 {\n\t\t\t\tmargin: auto;\n\t\t\t}\n\t\t\t#gallery-1 .gallery-item {\n\t\t\t\tfloat: left;\n\t\t\t\tmargin-top: 10px;\n\t\t\t\ttext-align: center;\n\t\t\t\twidth: 33%;\n\t\t\t}\n\t\t\t#gallery-1 img {\n\t\t\t\tborder: 2px solid #cfcfcf;\n\t\t\t}\n\t\t\t#gallery-1 .gallery-caption {\n\t\t\t\tmargin-left: 0;\n\t\t\t}\n\t\t\t\/* see gallery_shortcode() in wp-includes\/media.php *\/\n\t\t<\/style>\n\t\t<div id='gallery-1' class='gallery galleryid-6934 gallery-columns-3 gallery-size-large'><dl class='gallery-item'>\n\t\t\t<dt class='gallery-icon landscape'>\n\t\t\t\t<img loading=\"lazy\" decoding=\"async\" width=\"1024\" height=\"576\" src=\"https:\/\/www.skalnik.pl\/blog\/wp-content\/uploads\/2019\/05\/DSC_3767-min-1024x576.jpg\" class=\"attachment-large size-large\" alt=\"\" aria-describedby=\"gallery-1-6938\" srcset=\"https:\/\/www.skalnik.pl\/blog\/wp-content\/uploads\/2019\/05\/DSC_3767-min-1024x576.jpg 1024w, https:\/\/www.skalnik.pl\/blog\/wp-content\/uploads\/2019\/05\/DSC_3767-min-300x169.jpg 300w, https:\/\/www.skalnik.pl\/blog\/wp-content\/uploads\/2019\/05\/DSC_3767-min-768x432.jpg 768w\" sizes=\"auto, (max-width: 1024px) 100vw, 1024px\" \/>\n\t\t\t<\/dt>\n\t\t\t\t<dd class='wp-caption-text gallery-caption' id='gallery-1-6938'>\n\t\t\t\tPlecak najlpeiej wypra\u0107 r\u0119cznie. Doskonale nadaje sie do tego wanna. \n\t\t\t\t<\/dd><\/dl><dl class='gallery-item'>\n\t\t\t<dt class='gallery-icon landscape'>\n\t\t\t\t<img loading=\"lazy\" decoding=\"async\" width=\"1024\" height=\"576\" src=\"https:\/\/www.skalnik.pl\/blog\/wp-content\/uploads\/2019\/05\/DSC_3769-min-1024x576.jpg\" class=\"attachment-large size-large\" alt=\"\" aria-describedby=\"gallery-1-6939\" srcset=\"https:\/\/www.skalnik.pl\/blog\/wp-content\/uploads\/2019\/05\/DSC_3769-min-1024x576.jpg 1024w, https:\/\/www.skalnik.pl\/blog\/wp-content\/uploads\/2019\/05\/DSC_3769-min-300x169.jpg 300w, https:\/\/www.skalnik.pl\/blog\/wp-content\/uploads\/2019\/05\/DSC_3769-min-768x432.jpg 768w\" sizes=\"auto, (max-width: 1024px) 100vw, 1024px\" \/>\n\t\t\t<\/dt>\n\t\t\t\t<dd class='wp-caption-text gallery-caption' id='gallery-1-6939'>\n\t\t\t\tMocniejsze zabrudzenie mo\u017cna umy\u0107 przy pomocy szczoteczki i g\u0105bki. \n\t\t\t\t<\/dd><\/dl><dl class='gallery-item'>\n\t\t\t<dt class='gallery-icon landscape'>\n\t\t\t\t<img loading=\"lazy\" decoding=\"async\" width=\"1024\" height=\"576\" src=\"https:\/\/www.skalnik.pl\/blog\/wp-content\/uploads\/2019\/05\/DSC_3778-min-1024x576.jpg\" class=\"attachment-large size-large\" alt=\"\" aria-describedby=\"gallery-1-6940\" srcset=\"https:\/\/www.skalnik.pl\/blog\/wp-content\/uploads\/2019\/05\/DSC_3778-min-1024x576.jpg 1024w, https:\/\/www.skalnik.pl\/blog\/wp-content\/uploads\/2019\/05\/DSC_3778-min-300x169.jpg 300w, https:\/\/www.skalnik.pl\/blog\/wp-content\/uploads\/2019\/05\/DSC_3778-min-768x432.jpg 768w\" sizes=\"auto, (max-width: 1024px) 100vw, 1024px\" \/>\n\t\t\t<\/dt>\n\t\t\t\t<dd class='wp-caption-text gallery-caption' id='gallery-1-6940'>\n\t\t\t\tG\u0105bka jest idealna do dok\u0142adniejszego czyszczenia. \n\t\t\t\t<\/dd><\/dl><br style=\"clear: both\" \/><dl class='gallery-item'>\n\t\t\t<dt class='gallery-icon landscape'>\n\t\t\t\t<img loading=\"lazy\" decoding=\"async\" width=\"1024\" height=\"576\" src=\"https:\/\/www.skalnik.pl\/blog\/wp-content\/uploads\/2019\/05\/DSC_3782-min-1024x576.jpg\" class=\"attachment-large size-large\" alt=\"\" aria-describedby=\"gallery-1-6941\" srcset=\"https:\/\/www.skalnik.pl\/blog\/wp-content\/uploads\/2019\/05\/DSC_3782-min-1024x576.jpg 1024w, https:\/\/www.skalnik.pl\/blog\/wp-content\/uploads\/2019\/05\/DSC_3782-min-300x169.jpg 300w, https:\/\/www.skalnik.pl\/blog\/wp-content\/uploads\/2019\/05\/DSC_3782-min-768x432.jpg 768w\" sizes=\"auto, (max-width: 1024px) 100vw, 1024px\" \/>\n\t\t\t<\/dt>\n\t\t\t\t<dd class='wp-caption-text gallery-caption' id='gallery-1-6941'>\n\t\t\t\tPo praniu plecak trzeba dok\u0142adnie wyp\u0142uka\u0107. \n\t\t\t\t<\/dd><\/dl><dl class='gallery-item'>\n\t\t\t<dt class='gallery-icon portrait'>\n\t\t\t\t<img loading=\"lazy\" decoding=\"async\" width=\"913\" height=\"1024\" src=\"https:\/\/www.skalnik.pl\/blog\/wp-content\/uploads\/2019\/05\/DSC_3786-min-913x1024.jpg\" class=\"attachment-large size-large\" alt=\"\" aria-describedby=\"gallery-1-6942\" srcset=\"https:\/\/www.skalnik.pl\/blog\/wp-content\/uploads\/2019\/05\/DSC_3786-min-913x1024.jpg 913w, https:\/\/www.skalnik.pl\/blog\/wp-content\/uploads\/2019\/05\/DSC_3786-min-268x300.jpg 268w, https:\/\/www.skalnik.pl\/blog\/wp-content\/uploads\/2019\/05\/DSC_3786-min-768x861.jpg 768w\" sizes=\"auto, (max-width: 913px) 100vw, 913px\" \/>\n\t\t\t<\/dt>\n\t\t\t\t<dd class='wp-caption-text gallery-caption' id='gallery-1-6942'>\n\t\t\t\tSuszenie mo\u017ce zaj\u0105\u0107 d\u0142u\u017csz\u0105 &#8222;chwilk\u0119&#8221;. Pami\u0119taj, \u017ce plecak z plecaka b\u0119dzie wycieka\u0107 woda. Nie zapomnij zabezpieczy\u0107 pod\u0142ogi.\n\t\t\t\t<\/dd><\/dl>\n\t\t\t<br style='clear: both' \/>\n\t\t<\/div>\n\n<\/div>\n<\/li>\n<\/ol>\n<p>Jak widzisz czyszczenie plecaka nie nale\u017cy do najtrudniejszych zada\u0144. Umyty i wysuszony plecak zapakuj tym wszystkim <a href=\"https:\/\/skalnik.pl\/blog\/co-zabrac-do-plecaka-podczas-wyprawy-w-gory\/\" target=\"_blank\" rel=\"noopener noreferrer\">co zabra\u0107 w g\u00f3ry<\/a> warto, za\u0142\u00f3\u017c na plecy i ruszaj! Do zobaczenia na szlaku. Z czystymi plecakami!<\/p>\n","protected":false},"excerpt":{"rendered":"<p>Czasem wystarczy solidne pranie, \u017ceby tw\u00f3j plecak zn\u00f3w wygl\u0105da\u0142 jak nowy. Podpowiadamy jak zabra\u0107 si\u0119 z g\u0142ow\u0105 do prania plecaka. To wcale nie jest trudne i wcale nie musi by\u0107 bardzo czasoch\u0142onne. <\/p>\n","protected":false},"author":27,"featured_media":6945,"comment_status":"open","ping_status":"open","sticky":false,"template":"","format":"standard","meta":{"_acf_changed":false,"footnotes":""},"categories":[3],"tags":[148,144,23,13],"magento_category":[51],"magento_product":[],"class_list":["post-6934","post","type-post","status-publish","format-standard","has-post-thumbnail","hentry","category-porady","tag-akcesoria-turystyczne","tag-nikwax","tag-plecaki","tag-porady"],"acf":[],"aioseo_notices":[],"aioseo_head":"\n\t\t<!-- All in One SEO 4.9.10 - aioseo.com -->\n\t<meta name=\"description\" content=\"Czasem wystarczy solidne pranie, \u017ceby tw\u00f3j plecak zn\u00f3w wygl\u0105da\u0142 jak nowy. Podpowiadamy jak zabra\u0107 si\u0119 z g\u0142ow\u0105 do prania plecaka. To wcale nie jest trudne i wcale nie musi by\u0107 bardzo czasoch\u0142onne.\" \/>\n\t<meta name=\"robots\" content=\"max-image-preview:large\" \/>\n\t<meta name=\"author\" content=\"Ola i Mariusz Robak\"\/>\n\t<link rel=\"canonical\" href=\"https:\/\/www.skalnik.pl\/blog\/jak-wyprac-plecak-turystyczny\/\" \/>\n\t<meta name=\"generator\" content=\"All in One SEO (AIOSEO) 4.9.10\" \/>\n\t\t<meta property=\"og:locale\" content=\"pl_PL\" \/>\n\t\t<meta property=\"og:site_name\" content=\"blog Skalnik - Blog, porady, artyku\u0142y - blog Skalnik\" \/>\n\t\t<meta property=\"og:type\" content=\"article\" \/>\n\t\t<meta property=\"og:title\" content=\"Jak wypra\u0107 plecak turystyczny - blog Skalnik\" \/>\n\t\t<meta property=\"og:description\" content=\"Czasem wystarczy solidne pranie, \u017ceby tw\u00f3j plecak zn\u00f3w wygl\u0105da\u0142 jak nowy. Podpowiadamy jak zabra\u0107 si\u0119 z g\u0142ow\u0105 do prania plecaka. To wcale nie jest trudne i wcale nie musi by\u0107 bardzo czasoch\u0142onne.\" \/>\n\t\t<meta property=\"og:url\" content=\"https:\/\/www.skalnik.pl\/blog\/jak-wyprac-plecak-turystyczny\/\" \/>\n\t\t<meta property=\"og:image\" content=\"https:\/\/skalnik.pl\/blog\/wp-content\/uploads\/2019\/05\/DSC_3755-min-1024x576.jpg\" \/>\n\t\t<meta property=\"og:image:secure_url\" content=\"https:\/\/skalnik.pl\/blog\/wp-content\/uploads\/2019\/05\/DSC_3755-min-1024x576.jpg\" \/>\n\t\t<meta property=\"article:tag\" content=\"porady\" \/>\n\t\t<meta property=\"article:tag\" content=\"akcesoria turystyczne\" \/>\n\t\t<meta property=\"article:tag\" content=\"nikwax\" \/>\n\t\t<meta property=\"article:tag\" content=\"plecaki\" \/>\n\t\t<meta property=\"article:published_time\" content=\"2019-05-21T08:00:10+00:00\" \/>\n\t\t<meta property=\"article:modified_time\" content=\"2020-01-20T09:07:46+00:00\" \/>\n\t\t<meta name=\"twitter:card\" content=\"summary_large_image\" \/>\n\t\t<meta name=\"twitter:title\" content=\"Jak wypra\u0107 plecak turystyczny - blog Skalnik\" \/>\n\t\t<meta name=\"twitter:description\" content=\"Czasem wystarczy solidne pranie, \u017ceby tw\u00f3j plecak zn\u00f3w wygl\u0105da\u0142 jak nowy. Podpowiadamy jak zabra\u0107 si\u0119 z g\u0142ow\u0105 do prania plecaka. To wcale nie jest trudne i wcale nie musi by\u0107 bardzo czasoch\u0142onne.\" \/>\n\t\t<meta name=\"twitter:image\" content=\"https:\/\/skalnik.pl\/blog\/wp-content\/uploads\/2019\/05\/DSC_3755-min-1024x576.jpg\" \/>\n\t\t<script type=\"application\/ld+json\" class=\"aioseo-schema\">\n\t\t\t{\"@context\":\"https:\\\/\\\/schema.org\",\"@graph\":[{\"@type\":\"BlogPosting\",\"@id\":\"https:\\\/\\\/www.skalnik.pl\\\/blog\\\/jak-wyprac-plecak-turystyczny\\\/#blogposting\",\"name\":\"Jak wypra\\u0107 plecak turystyczny - blog Skalnik\",\"headline\":\"Jak wypra\\u0107 plecak turystyczny\",\"author\":{\"@id\":\"https:\\\/\\\/www.skalnik.pl\\\/blog\\\/author\\\/olamariusz-robak\\\/#author\"},\"publisher\":{\"@id\":\"https:\\\/\\\/www.skalnik.pl\\\/blog\\\/#organization\"},\"image\":{\"@type\":\"ImageObject\",\"url\":\"https:\\\/\\\/www.skalnik.pl\\\/blog\\\/wp-content\\\/uploads\\\/2019\\\/05\\\/ok\\u0142adka-pranie-plecka.jpg\",\"width\":1920,\"height\":705},\"datePublished\":\"2019-05-21T10:00:10+02:00\",\"dateModified\":\"2020-01-20T10:07:46+02:00\",\"inLanguage\":\"pl-PL\",\"mainEntityOfPage\":{\"@id\":\"https:\\\/\\\/www.skalnik.pl\\\/blog\\\/jak-wyprac-plecak-turystyczny\\\/#webpage\"},\"isPartOf\":{\"@id\":\"https:\\\/\\\/www.skalnik.pl\\\/blog\\\/jak-wyprac-plecak-turystyczny\\\/#webpage\"},\"articleSection\":\"Porady, akcesoria turystyczne, nikwax, plecaki, porady, 1202\"},{\"@type\":\"BreadcrumbList\",\"@id\":\"https:\\\/\\\/www.skalnik.pl\\\/blog\\\/jak-wyprac-plecak-turystyczny\\\/#breadcrumblist\",\"itemListElement\":[{\"@type\":\"ListItem\",\"@id\":\"https:\\\/\\\/www.skalnik.pl\\\/blog#listItem\",\"position\":1,\"name\":\"Home\",\"item\":\"https:\\\/\\\/www.skalnik.pl\\\/blog\",\"nextItem\":{\"@type\":\"ListItem\",\"@id\":\"https:\\\/\\\/www.skalnik.pl\\\/blog\\\/.\\\/porady\\\/#listItem\",\"name\":\"Porady\"}},{\"@type\":\"ListItem\",\"@id\":\"https:\\\/\\\/www.skalnik.pl\\\/blog\\\/.\\\/porady\\\/#listItem\",\"position\":2,\"name\":\"Porady\",\"item\":\"https:\\\/\\\/www.skalnik.pl\\\/blog\\\/.\\\/porady\\\/\",\"nextItem\":{\"@type\":\"ListItem\",\"@id\":\"https:\\\/\\\/www.skalnik.pl\\\/blog\\\/jak-wyprac-plecak-turystyczny\\\/#listItem\",\"name\":\"Jak wypra\\u0107 plecak turystyczny\"},\"previousItem\":{\"@type\":\"ListItem\",\"@id\":\"https:\\\/\\\/www.skalnik.pl\\\/blog#listItem\",\"name\":\"Home\"}},{\"@type\":\"ListItem\",\"@id\":\"https:\\\/\\\/www.skalnik.pl\\\/blog\\\/jak-wyprac-plecak-turystyczny\\\/#listItem\",\"position\":3,\"name\":\"Jak wypra\\u0107 plecak turystyczny\",\"previousItem\":{\"@type\":\"ListItem\",\"@id\":\"https:\\\/\\\/www.skalnik.pl\\\/blog\\\/.\\\/porady\\\/#listItem\",\"name\":\"Porady\"}}]},{\"@type\":\"Organization\",\"@id\":\"https:\\\/\\\/www.skalnik.pl\\\/blog\\\/#organization\",\"name\":\"blog Skalnik\",\"description\":\"Blog, porady, artyku\\u0142y - blog Skalnik\",\"url\":\"https:\\\/\\\/www.skalnik.pl\\\/blog\\\/\"},{\"@type\":\"Person\",\"@id\":\"https:\\\/\\\/www.skalnik.pl\\\/blog\\\/author\\\/olamariusz-robak\\\/#author\",\"url\":\"https:\\\/\\\/www.skalnik.pl\\\/blog\\\/author\\\/olamariusz-robak\\\/\",\"name\":\"Ola i Mariusz Robak\",\"image\":{\"@type\":\"ImageObject\",\"@id\":\"https:\\\/\\\/www.skalnik.pl\\\/blog\\\/jak-wyprac-plecak-turystyczny\\\/#authorImage\",\"url\":\"https:\\\/\\\/secure.gravatar.com\\\/avatar\\\/1bdfdd8d52a8a864114b9539958110649b274bdf789f5503a949f40004d3c50f?s=96&d=mm&r=g\",\"width\":96,\"height\":96,\"caption\":\"Ola i Mariusz Robak\"}},{\"@type\":\"WebPage\",\"@id\":\"https:\\\/\\\/www.skalnik.pl\\\/blog\\\/jak-wyprac-plecak-turystyczny\\\/#webpage\",\"url\":\"https:\\\/\\\/www.skalnik.pl\\\/blog\\\/jak-wyprac-plecak-turystyczny\\\/\",\"name\":\"Jak wypra\\u0107 plecak turystyczny - blog Skalnik\",\"description\":\"Czasem wystarczy solidne pranie, \\u017ceby tw\\u00f3j plecak zn\\u00f3w wygl\\u0105da\\u0142 jak nowy. Podpowiadamy jak zabra\\u0107 si\\u0119 z g\\u0142ow\\u0105 do prania plecaka. To wcale nie jest trudne i wcale nie musi by\\u0107 bardzo czasoch\\u0142onne.\",\"inLanguage\":\"pl-PL\",\"isPartOf\":{\"@id\":\"https:\\\/\\\/www.skalnik.pl\\\/blog\\\/#website\"},\"breadcrumb\":{\"@id\":\"https:\\\/\\\/www.skalnik.pl\\\/blog\\\/jak-wyprac-plecak-turystyczny\\\/#breadcrumblist\"},\"author\":{\"@id\":\"https:\\\/\\\/www.skalnik.pl\\\/blog\\\/author\\\/olamariusz-robak\\\/#author\"},\"creator\":{\"@id\":\"https:\\\/\\\/www.skalnik.pl\\\/blog\\\/author\\\/olamariusz-robak\\\/#author\"},\"image\":{\"@type\":\"ImageObject\",\"url\":\"https:\\\/\\\/www.skalnik.pl\\\/blog\\\/wp-content\\\/uploads\\\/2019\\\/05\\\/ok\\u0142adka-pranie-plecka.jpg\",\"@id\":\"https:\\\/\\\/www.skalnik.pl\\\/blog\\\/jak-wyprac-plecak-turystyczny\\\/#mainImage\",\"width\":1920,\"height\":705},\"primaryImageOfPage\":{\"@id\":\"https:\\\/\\\/www.skalnik.pl\\\/blog\\\/jak-wyprac-plecak-turystyczny\\\/#mainImage\"},\"datePublished\":\"2019-05-21T10:00:10+02:00\",\"dateModified\":\"2020-01-20T10:07:46+02:00\"},{\"@type\":\"WebSite\",\"@id\":\"https:\\\/\\\/www.skalnik.pl\\\/blog\\\/#website\",\"url\":\"https:\\\/\\\/www.skalnik.pl\\\/blog\\\/\",\"name\":\"blog Skalnik\",\"description\":\"Blog, porady, artyku\\u0142y - blog Skalnik\",\"inLanguage\":\"pl-PL\",\"publisher\":{\"@id\":\"https:\\\/\\\/www.skalnik.pl\\\/blog\\\/#organization\"}}]}\n\t\t<\/script>\n\t\t<!-- All in One SEO -->\n\n","aioseo_head_json":{"title":"Jak wypra\u0107 plecak turystyczny - blog Skalnik","description":"Czasem wystarczy solidne pranie, \u017ceby tw\u00f3j plecak zn\u00f3w wygl\u0105da\u0142 jak nowy. Podpowiadamy jak zabra\u0107 si\u0119 z g\u0142ow\u0105 do prania plecaka. To wcale nie jest trudne i wcale nie musi by\u0107 bardzo czasoch\u0142onne.","canonical_url":"https:\/\/www.skalnik.pl\/blog\/jak-wyprac-plecak-turystyczny\/","robots":"max-image-preview:large","keywords":"","webmasterTools":{"miscellaneous":""},"schema":{"@context":"https:\/\/schema.org","@graph":[{"@type":"BlogPosting","@id":"https:\/\/www.skalnik.pl\/blog\/jak-wyprac-plecak-turystyczny\/#blogposting","name":"Jak wypra\u0107 plecak turystyczny - blog Skalnik","headline":"Jak wypra\u0107 plecak turystyczny","author":{"@id":"https:\/\/www.skalnik.pl\/blog\/author\/olamariusz-robak\/#author"},"publisher":{"@id":"https:\/\/www.skalnik.pl\/blog\/#organization"},"image":{"@type":"ImageObject","url":"https:\/\/www.skalnik.pl\/blog\/wp-content\/uploads\/2019\/05\/ok\u0142adka-pranie-plecka.jpg","width":1920,"height":705},"datePublished":"2019-05-21T10:00:10+02:00","dateModified":"2020-01-20T10:07:46+02:00","inLanguage":"pl-PL","mainEntityOfPage":{"@id":"https:\/\/www.skalnik.pl\/blog\/jak-wyprac-plecak-turystyczny\/#webpage"},"isPartOf":{"@id":"https:\/\/www.skalnik.pl\/blog\/jak-wyprac-plecak-turystyczny\/#webpage"},"articleSection":"Porady, akcesoria turystyczne, nikwax, plecaki, porady, 1202"},{"@type":"BreadcrumbList","@id":"https:\/\/www.skalnik.pl\/blog\/jak-wyprac-plecak-turystyczny\/#breadcrumblist","itemListElement":[{"@type":"ListItem","@id":"https:\/\/www.skalnik.pl\/blog#listItem","position":1,"name":"Home","item":"https:\/\/www.skalnik.pl\/blog","nextItem":{"@type":"ListItem","@id":"https:\/\/www.skalnik.pl\/blog\/.\/porady\/#listItem","name":"Porady"}},{"@type":"ListItem","@id":"https:\/\/www.skalnik.pl\/blog\/.\/porady\/#listItem","position":2,"name":"Porady","item":"https:\/\/www.skalnik.pl\/blog\/.\/porady\/","nextItem":{"@type":"ListItem","@id":"https:\/\/www.skalnik.pl\/blog\/jak-wyprac-plecak-turystyczny\/#listItem","name":"Jak wypra\u0107 plecak turystyczny"},"previousItem":{"@type":"ListItem","@id":"https:\/\/www.skalnik.pl\/blog#listItem","name":"Home"}},{"@type":"ListItem","@id":"https:\/\/www.skalnik.pl\/blog\/jak-wyprac-plecak-turystyczny\/#listItem","position":3,"name":"Jak wypra\u0107 plecak turystyczny","previousItem":{"@type":"ListItem","@id":"https:\/\/www.skalnik.pl\/blog\/.\/porady\/#listItem","name":"Porady"}}]},{"@type":"Organization","@id":"https:\/\/www.skalnik.pl\/blog\/#organization","name":"blog Skalnik","description":"Blog, porady, artyku\u0142y - blog Skalnik","url":"https:\/\/www.skalnik.pl\/blog\/"},{"@type":"Person","@id":"https:\/\/www.skalnik.pl\/blog\/author\/olamariusz-robak\/#author","url":"https:\/\/www.skalnik.pl\/blog\/author\/olamariusz-robak\/","name":"Ola i Mariusz Robak","image":{"@type":"ImageObject","@id":"https:\/\/www.skalnik.pl\/blog\/jak-wyprac-plecak-turystyczny\/#authorImage","url":"https:\/\/secure.gravatar.com\/avatar\/1bdfdd8d52a8a864114b9539958110649b274bdf789f5503a949f40004d3c50f?s=96&d=mm&r=g","width":96,"height":96,"caption":"Ola i Mariusz Robak"}},{"@type":"WebPage","@id":"https:\/\/www.skalnik.pl\/blog\/jak-wyprac-plecak-turystyczny\/#webpage","url":"https:\/\/www.skalnik.pl\/blog\/jak-wyprac-plecak-turystyczny\/","name":"Jak wypra\u0107 plecak turystyczny - blog Skalnik","description":"Czasem wystarczy solidne pranie, \u017ceby tw\u00f3j plecak zn\u00f3w wygl\u0105da\u0142 jak nowy. Podpowiadamy jak zabra\u0107 si\u0119 z g\u0142ow\u0105 do prania plecaka. To wcale nie jest trudne i wcale nie musi by\u0107 bardzo czasoch\u0142onne.","inLanguage":"pl-PL","isPartOf":{"@id":"https:\/\/www.skalnik.pl\/blog\/#website"},"breadcrumb":{"@id":"https:\/\/www.skalnik.pl\/blog\/jak-wyprac-plecak-turystyczny\/#breadcrumblist"},"author":{"@id":"https:\/\/www.skalnik.pl\/blog\/author\/olamariusz-robak\/#author"},"creator":{"@id":"https:\/\/www.skalnik.pl\/blog\/author\/olamariusz-robak\/#author"},"image":{"@type":"ImageObject","url":"https:\/\/www.skalnik.pl\/blog\/wp-content\/uploads\/2019\/05\/ok\u0142adka-pranie-plecka.jpg","@id":"https:\/\/www.skalnik.pl\/blog\/jak-wyprac-plecak-turystyczny\/#mainImage","width":1920,"height":705},"primaryImageOfPage":{"@id":"https:\/\/www.skalnik.pl\/blog\/jak-wyprac-plecak-turystyczny\/#mainImage"},"datePublished":"2019-05-21T10:00:10+02:00","dateModified":"2020-01-20T10:07:46+02:00"},{"@type":"WebSite","@id":"https:\/\/www.skalnik.pl\/blog\/#website","url":"https:\/\/www.skalnik.pl\/blog\/","name":"blog Skalnik","description":"Blog, porady, artyku\u0142y - blog Skalnik","inLanguage":"pl-PL","publisher":{"@id":"https:\/\/www.skalnik.pl\/blog\/#organization"}}]},"og:locale":"pl_PL","og:site_name":"blog Skalnik - Blog, porady, artyku\u0142y - blog Skalnik","og:type":"article","og:title":"Jak wypra\u0107 plecak turystyczny - blog Skalnik","og:description":"Czasem wystarczy solidne pranie, \u017ceby tw\u00f3j plecak zn\u00f3w wygl\u0105da\u0142 jak nowy. Podpowiadamy jak zabra\u0107 si\u0119 z g\u0142ow\u0105 do prania plecaka. To wcale nie jest trudne i wcale nie musi by\u0107 bardzo czasoch\u0142onne.","og:url":"https:\/\/www.skalnik.pl\/blog\/jak-wyprac-plecak-turystyczny\/","og:image":"https:\/\/skalnik.pl\/blog\/wp-content\/uploads\/2019\/05\/DSC_3755-min-1024x576.jpg","og:image:secure_url":"https:\/\/skalnik.pl\/blog\/wp-content\/uploads\/2019\/05\/DSC_3755-min-1024x576.jpg","article:tag":["porady","akcesoria turystyczne","nikwax","plecaki"],"article:published_time":"2019-05-21T08:00:10+00:00","article:modified_time":"2020-01-20T09:07:46+00:00","twitter:card":"summary_large_image","twitter:title":"Jak wypra\u0107 plecak turystyczny - blog Skalnik","twitter:description":"Czasem wystarczy solidne pranie, \u017ceby tw\u00f3j plecak zn\u00f3w wygl\u0105da\u0142 jak nowy. Podpowiadamy jak zabra\u0107 si\u0119 z g\u0142ow\u0105 do prania plecaka. To wcale nie jest trudne i wcale nie musi by\u0107 bardzo czasoch\u0142onne.","twitter:image":"https:\/\/skalnik.pl\/blog\/wp-content\/uploads\/2019\/05\/DSC_3755-min-1024x576.jpg"},"aioseo_meta_data":{"post_id":"6934","title":"","description":null,"keywords":[{"label":"plecak","value":"plecak"},{"label":"pranie","value":"pranie"},{"label":"pranie plecak\u00f3w","value":"pranie plecak\u00f3w"},{"label":"nikwax","value":"nikwax"}],"keyphrases":null,"primary_term":null,"canonical_url":null,"og_title":null,"og_description":null,"og_object_type":"default","og_image_type":"default","og_image_url":null,"og_image_width":null,"og_image_height":null,"og_image_custom_url":null,"og_image_custom_fields":null,"og_video":null,"og_custom_url":null,"og_article_section":null,"og_article_tags":null,"twitter_use_og":false,"twitter_card":"default","twitter_image_type":"default","twitter_image_url":null,"twitter_image_custom_url":null,"twitter_image_custom_fields":null,"twitter_title":null,"twitter_description":null,"schema":{"blockGraphs":[],"customGraphs":[],"default":{"data":{"Article":[],"Course":[],"Dataset":[],"FAQPage":[],"Movie":[],"Person":[],"Product":[],"ProductReview":[],"Car":[],"Recipe":[],"Service":[],"SoftwareApplication":[],"WebPage":[]},"graphName":"BlogPosting","isEnabled":true},"graphs":[]},"schema_type":"default","schema_type_options":null,"pillar_content":false,"robots_default":true,"robots_noindex":false,"robots_noarchive":false,"robots_nosnippet":false,"robots_nofollow":false,"robots_noimageindex":false,"robots_noodp":false,"robots_notranslate":false,"robots_max_snippet":null,"robots_max_videopreview":null,"robots_max_imagepreview":"large","priority":null,"frequency":null,"local_seo":null,"breadcrumb_settings":null,"limit_modified_date":false,"ai":null,"created":"2022-08-26 09:43:56","updated":"2026-02-17 21:33:25","seo_analyzer_scan_date":null},"aioseo_breadcrumb":"<div class=\"aioseo-breadcrumbs\"><span class=\"aioseo-breadcrumb\">\n\t\t\t<a href=\"https:\/\/www.skalnik.pl\/blog\" title=\"Home\">Home<\/a>\n\t\t<\/span><span class=\"aioseo-breadcrumb-separator\">&raquo;<\/span><span class=\"aioseo-breadcrumb\">\n\t\t\t<a href=\"https:\/\/www.skalnik.pl\/blog\/.\/porady\/\" title=\"Porady\">Porady<\/a>\n\t\t<\/span><span class=\"aioseo-breadcrumb-separator\">&raquo;<\/span><span class=\"aioseo-breadcrumb\">\n\t\t\tJak wypra\u0107 plecak turystyczny\n\t\t<\/span><\/div>","aioseo_breadcrumb_json":[{"label":"Home","link":"https:\/\/www.skalnik.pl\/blog"},{"label":"Porady","link":"https:\/\/www.skalnik.pl\/blog\/.\/porady\/"},{"label":"Jak wypra\u0107 plecak turystyczny","link":"https:\/\/www.skalnik.pl\/blog\/jak-wyprac-plecak-turystyczny\/"}],"_links":{"self":[{"href":"https:\/\/www.skalnik.pl\/blog\/wp-json\/wp\/v2\/posts\/6934","targetHints":{"allow":["GET"]}}],"collection":[{"href":"https:\/\/www.skalnik.pl\/blog\/wp-json\/wp\/v2\/posts"}],"about":[{"href":"https:\/\/www.skalnik.pl\/blog\/wp-json\/wp\/v2\/types\/post"}],"author":[{"embeddable":true,"href":"https:\/\/www.skalnik.pl\/blog\/wp-json\/wp\/v2\/users\/27"}],"replies":[{"embeddable":true,"href":"https:\/\/www.skalnik.pl\/blog\/wp-json\/wp\/v2\/comments?post=6934"}],"version-history":[{"count":7,"href":"https:\/\/www.skalnik.pl\/blog\/wp-json\/wp\/v2\/posts\/6934\/revisions"}],"predecessor-version":[{"id":10903,"href":"https:\/\/www.skalnik.pl\/blog\/wp-json\/wp\/v2\/posts\/6934\/revisions\/10903"}],"wp:featuredmedia":[{"embeddable":true,"href":"https:\/\/www.skalnik.pl\/blog\/wp-json\/wp\/v2\/media\/6945"}],"wp:attachment":[{"href":"https:\/\/www.skalnik.pl\/blog\/wp-json\/wp\/v2\/media?parent=6934"}],"wp:term":[{"taxonomy":"category","embeddable":true,"href":"https:\/\/www.skalnik.pl\/blog\/wp-json\/wp\/v2\/categories?post=6934"},{"taxonomy":"post_tag","embeddable":true,"href":"https:\/\/www.skalnik.pl\/blog\/wp-json\/wp\/v2\/tags?post=6934"},{"taxonomy":"magento_category","embeddable":true,"href":"https:\/\/www.skalnik.pl\/blog\/wp-json\/wp\/v2\/magento_category?post=6934"},{"taxonomy":"magento_product","embeddable":true,"href":"https:\/\/www.skalnik.pl\/blog\/wp-json\/wp\/v2\/magento_product?post=6934"}],"curies":[{"name":"wp","href":"https:\/\/api.w.org\/{rel}","templated":true}]}}