{"id":6967,"date":"2019-05-27T15:24:55","date_gmt":"2019-05-27T13:24:55","guid":{"rendered":"https:\/\/skalnik.pl\/blog\/?p=6967"},"modified":"2023-06-02T14:19:12","modified_gmt":"2023-06-02T12:19:12","slug":"via-ferrata-blisko-polski-czesc-i-polnocne-czechy","status":"publish","type":"post","link":"https:\/\/www.skalnik.pl\/blog\/via-ferrata-blisko-polski-czesc-i-polnocne-czechy\/","title":{"rendered":"Via ferrata blisko Polski &#8211; cz\u0119\u015b\u0107 I, p\u00f3\u0142nocne Czechy"},"content":{"rendered":"<p><b>Chcemy zach\u0119ci\u0107 Was do zdobywania szlak\u00f3w zwanych via ferrata. Zazwyczaj kojarzy si\u0119 je z Dolomitami i rzeczywi\u015bcie stamt\u0105d si\u0119 wywodz\u0105. Wyznaczano je przede wszystkim jako \u015bcie\u017cki dla \u017co\u0142nierzy w trakcie dzia\u0142a\u0144 wojennych. Od kilku lat zainteresowanie takimi szlakami ro\u015bnie, co wynika z \u0142atwej dost\u0119pno\u015bci sprz\u0119tu i rozbudowuj\u0105cej si\u0119 infrastruktury. Via ferraty to nie tylko W\u0142ochy. Znajdziecie je w wielu europejskich krajach. W naszym cyklu ferratowym zach\u0119camy do odwiedzenia kilku najciekawszych miejsc\u00f3wek. W tym tek\u015bcie zapraszam Was na via ferraty p\u00f3\u0142nocnych Czech.<\/b><\/p>\n<p>Pokonywanie via ferraty to co\u015b pomi\u0119dzy zdobywaniem trudniejszych g\u00f3rskich szlak\u00f3w a wspinaczk\u0105 g\u00f3rsk\u0105.\u00a0 Opr\u00f3cz odpowiedniego sprz\u0119tu, wymaga tak\u017ce obycia z ekspozycj\u0105 i precyzji ruch\u00f3w. \u0141atwiej po nich porusza\u0107 si\u0119 osobom o chocia\u017cby podstawowych umiej\u0119tno\u015bciach wspinaczkowych, ale nie jest to konieczne. Czeskie ferraty s\u0105 niezbyt d\u0142ugie, ich przej\u015bcie zajmuje raptem kilkana\u015bcie, mo\u017ce kilkadziesi\u0105t minut, ale stanowi\u0105 dobry poligon do\u015bwiadczalny. Najbardziej popularne miejsc\u00f3wki blisko Polski to: Vodn\u00ed Brana oraz D\u011b\u010din.<\/p>\n<p><i>Poznaj te\u017c nasze inne mini-przewodniki po ferratach blisko Polski:<\/i><br \/>\n<i>&gt;&gt;&gt;<a href=\"https:\/\/skalnik.pl\/blog\/via-ferrata-blisko-polski-czesc-ii-srodkowe-czechy\/\" target=\"_blank\" rel=\"noopener noreferrer\">Via ferrata blisko Polski \u2013 cz. II, \u015brodkowe Czechy<\/a><br \/>\n&gt;&gt;&gt;<a href=\"https:\/\/skalnik.pl\/blog\/via-ferrata-blisko-polski-cz-iii-gory-zytawskie-niemcy\/\" target=\"_blank\" rel=\"noopener noreferrer\">Via ferrata blisko Polski \u2013 cz. III, G\u00f3ry \u017bytawskie, Niemcy<\/a><\/i><\/p>\n<div id=\"ez-toc-container\" class=\"ez-toc-v2_0_85 counter-hierarchy ez-toc-counter ez-toc-light-blue ez-toc-container-direction\">\n<div class=\"ez-toc-title-container\">\n<p class=\"ez-toc-title\" style=\"cursor:inherit\">SPIS TRE\u015aCI <\/p>\n<span class=\"ez-toc-title-toggle\"><a href=\"#\" class=\"ez-toc-pull-right ez-toc-btn ez-toc-btn-xs ez-toc-btn-default ez-toc-toggle\" aria-label=\"Prze\u0142\u0105cznik Spisu Tre\u015bci\"><span class=\"ez-toc-js-icon-con\"><span class=\"\"><span class=\"eztoc-hide\" style=\"display:none;\">Toggle<\/span><span class=\"ez-toc-icon-toggle-span\"><svg style=\"fill: #999;color:#999\" xmlns=\"http:\/\/www.w3.org\/2000\/svg\" class=\"list-377408\" width=\"20px\" height=\"20px\" viewBox=\"0 0 24 24\" fill=\"none\"><path d=\"M6 6H4v2h2V6zm14 0H8v2h12V6zM4 11h2v2H4v-2zm16 0H8v2h12v-2zM4 16h2v2H4v-2zm16 0H8v2h12v-2z\" fill=\"currentColor\"><\/path><\/svg><svg style=\"fill: #999;color:#999\" class=\"arrow-unsorted-368013\" xmlns=\"http:\/\/www.w3.org\/2000\/svg\" width=\"10px\" height=\"10px\" viewBox=\"0 0 24 24\" version=\"1.2\" baseProfile=\"tiny\"><path d=\"M18.2 9.3l-6.2-6.3-6.2 6.3c-.2.2-.3.4-.3.7s.1.5.3.7c.2.2.4.3.7.3h11c.3 0 .5-.1.7-.3.2-.2.3-.5.3-.7s-.1-.5-.3-.7zM5.8 14.7l6.2 6.3 6.2-6.3c.2-.2.3-.5.3-.7s-.1-.5-.3-.7c-.2-.2-.4-.3-.7-.3h-11c-.3 0-.5.1-.7.3-.2.2-.3.5-.3.7s.1.5.3.7z\"\/><\/svg><\/span><\/span><\/span><\/a><\/span><\/div>\n<nav><ul class='ez-toc-list ez-toc-list-level-1 ' ><li class='ez-toc-page-1 ez-toc-heading-level-2'><a class=\"ez-toc-link ez-toc-heading-1\" href=\"https:\/\/www.skalnik.pl\/blog\/via-ferrata-blisko-polski-czesc-i-polnocne-czechy\/#Via_ferrata_Vodni_Brana_Semily\" >Via ferrata Vodn\u00ed Brana (Semily)<\/a><ul class='ez-toc-list-level-3' ><li class='ez-toc-heading-level-3'><a class=\"ez-toc-link ez-toc-heading-2\" href=\"https:\/\/www.skalnik.pl\/blog\/via-ferrata-blisko-polski-czesc-i-polnocne-czechy\/#Dojazd_i_parkowanie_oraz_dojscie_do_via_ferraty\" >Dojazd i parkowanie oraz doj\u015bcie do via ferraty<\/a><\/li><li class='ez-toc-page-1 ez-toc-heading-level-3'><a class=\"ez-toc-link ez-toc-heading-3\" href=\"https:\/\/www.skalnik.pl\/blog\/via-ferrata-blisko-polski-czesc-i-polnocne-czechy\/#Przebieg_via_ferraty_Vodni_Brana\" >Przebieg via ferraty Vodn\u00ed Brana<\/a><\/li><li class='ez-toc-page-1 ez-toc-heading-level-3'><a class=\"ez-toc-link ez-toc-heading-4\" href=\"https:\/\/www.skalnik.pl\/blog\/via-ferrata-blisko-polski-czesc-i-polnocne-czechy\/#Dla_kogo_ferrata_Vodni_Brana\" >Dla kogo ferrata Vodn\u00ed Brana<\/a><\/li><\/ul><\/li><li class='ez-toc-page-1 ez-toc-heading-level-2'><a class=\"ez-toc-link ez-toc-heading-5\" href=\"https:\/\/www.skalnik.pl\/blog\/via-ferrata-blisko-polski-czesc-i-polnocne-czechy\/#Decin_%E2%80%93_kilkanascie_tras_w_centrum_miasta\" >D\u011b\u010din \u2013 kilkana\u015bcie tras w centrum miasta<\/a><ul class='ez-toc-list-level-3' ><li class='ez-toc-heading-level-3'><a class=\"ez-toc-link ez-toc-heading-6\" href=\"https:\/\/www.skalnik.pl\/blog\/via-ferrata-blisko-polski-czesc-i-polnocne-czechy\/#Jak_dojechac_i_gdzie_zaparkowac\" >Jak dojecha\u0107 i gdzie zaparkowa\u0107<\/a><\/li><li class='ez-toc-page-1 ez-toc-heading-level-3'><a class=\"ez-toc-link ez-toc-heading-7\" href=\"https:\/\/www.skalnik.pl\/blog\/via-ferrata-blisko-polski-czesc-i-polnocne-czechy\/#Via_ferrata_w_Decinie_%E2%80%93_opis\" >Via ferrata w D\u011b\u010dinie &#8211; opis<\/a><\/li><li class='ez-toc-page-1 ez-toc-heading-level-3'><a class=\"ez-toc-link ez-toc-heading-8\" href=\"https:\/\/www.skalnik.pl\/blog\/via-ferrata-blisko-polski-czesc-i-polnocne-czechy\/#Dla_kogo_ferraty_w_Decinie\" >Dla kogo ferraty w D\u011b\u010dinie?<\/a><\/li><\/ul><\/li><\/ul><\/nav><\/div>\n<h2><span class=\"ez-toc-section\" id=\"Via_ferrata_Vodni_Brana_Semily\"><\/span>Via ferrata Vodn\u00ed Brana (Semily)<span class=\"ez-toc-section-end\"><\/span><\/h2>\n<p>Semily to miasteczko le\u017c\u0105ce 36 km od dawnego przej\u015bcia granicznego Jakuszyce-Harrachov. Przep\u0142ywa przez nie Izera tworz\u0105c malowniczy krajobraz, szczeg\u00f3lnie na zachodnich kra\u0144cach miasta. Dos\u0142ownie kra\u0144cach, poniewa\u017c droga w pewnym momencie si\u0119 urywa, przechodzi w szlak, a ten po kilkudziesi\u0119ciu metrach ko\u0144czy si\u0119 ska\u0142\u0105, a dok\u0142adniej skaln\u0105 bram\u0105. W skale na lewym brzegu Jizery osadzono kotwy i stalow\u0105 lin\u0119, i poprowadzono via ferrat\u0119 Vodn\u00ed Brana. Brzegiem prawym natomiast biegnie popularny szlak spacerowy.<\/p>\n<div id=\"attachment_7010\" style=\"width: 1034px\" class=\"wp-caption aligncenter\"><img loading=\"lazy\" decoding=\"async\" aria-describedby=\"caption-attachment-7010\" class=\"wp-image-7010 size-large\" title=\"Pierwsze kroki na ferracie Vodni Brana\" src=\"https:\/\/skalnik.pl\/blog\/wp-content\/uploads\/2019\/05\/poczatek-vodni-brana-1024x707.jpg\" alt=\"\" width=\"1024\" height=\"707\" srcset=\"https:\/\/www.skalnik.pl\/blog\/wp-content\/uploads\/2019\/05\/poczatek-vodni-brana-1024x707.jpg 1024w, https:\/\/www.skalnik.pl\/blog\/wp-content\/uploads\/2019\/05\/poczatek-vodni-brana-300x207.jpg 300w, https:\/\/www.skalnik.pl\/blog\/wp-content\/uploads\/2019\/05\/poczatek-vodni-brana-768x530.jpg 768w, https:\/\/www.skalnik.pl\/blog\/wp-content\/uploads\/2019\/05\/poczatek-vodni-brana.jpg 1920w\" sizes=\"auto, (max-width: 1024px) 100vw, 1024px\" \/><p id=\"caption-attachment-7010\" class=\"wp-caption-text\">Pocz\u0105tek ferraty Vodni Brana. Fot. archiwum prywatne.<\/p><\/div>\n<h3><span class=\"ez-toc-section\" id=\"Dojazd_i_parkowanie_oraz_dojscie_do_via_ferraty\"><\/span>Dojazd i parkowanie oraz doj\u015bcie do via ferraty<span class=\"ez-toc-section-end\"><\/span><\/h3>\n<p>Z Dolnego \u015al\u0105ska do Semily mo\u017cna dosta\u0107 si\u0119 albo od Jakuszyc, albo od Lubawki. W ka\u017cdym przypadku po wje\u017adzie do Czech czeka nas kilkadziesi\u0105t kilometr\u00f3w po w\u0105skich drogach z wieloma zakr\u0119tami. Z centrum miasteczka (nieopodal informacji turystycznej) na miejsce kieruj\u0105 drogowskazy. Dobrym przewodnikiem s\u0105 r\u00f3wnie\u017c mapy Google. Polecam w\u0142\u0105czy\u0107 w nich nak\u0142adk\u0119 Satelita, by trafi\u0107 na w\u0142a\u015bciwy brzeg rzeczki i w miejsce, gdzie mo\u017cna zostawi\u0107 samoch\u00f3d. Nie przejmujcie si\u0119 ogl\u0105danymi zza okien krajobrazami \u2013 tak, trzeba przejecha\u0107 wzd\u0142u\u017c zrujnowanych zabudowa\u0144 dawnej fabryki, a nast\u0119pnie jecha\u0107 szutrow\u0105 drog\u0105 pomi\u0119dzy rzek\u0105 a kolejnymi ruderami. Miejsce parkowania znajduje si\u0119 za nimi, tu\u017c obok ostatnich gara\u017cy.<\/p>\n<p>Z parkingu w stron\u0119 ska\u0142 prowadzi wygodna, udeptana alejka. Spokojnie mo\u017cecie zatem zabra\u0107 ze sob\u0105 wy\u0142\u0105cznie <a href=\"https:\/\/skalnik.pl\/blog\/podstawowy-sprzet-na-via-ferraty\/\" target=\"_blank\" rel=\"noopener noreferrer\">ferratowe trio<\/a>. Chocia\u017c z samochodu nie wida\u0107 dok\u0142adnie, gdzie ferrata si\u0119 zaczyna, to odleg\u0142o\u015b\u0107 do pocz\u0105tku ferraty nie przekracza 100-150 m.<\/p>\n<div id=\"attachment_7039\" style=\"width: 1034px\" class=\"wp-caption alignnone\"><img loading=\"lazy\" decoding=\"async\" aria-describedby=\"caption-attachment-7039\" class=\"wp-image-7039 size-large\" src=\"https:\/\/skalnik.pl\/blog\/wp-content\/uploads\/2019\/05\/map-1024x640.jpg\" alt=\"Via Ferrata Vodn\u00ed Brana\" width=\"1024\" height=\"640\" srcset=\"https:\/\/www.skalnik.pl\/blog\/wp-content\/uploads\/2019\/05\/map-1024x640.jpg 1024w, https:\/\/www.skalnik.pl\/blog\/wp-content\/uploads\/2019\/05\/map-300x188.jpg 300w, https:\/\/www.skalnik.pl\/blog\/wp-content\/uploads\/2019\/05\/map-768x480.jpg 768w, https:\/\/www.skalnik.pl\/blog\/wp-content\/uploads\/2019\/05\/map.jpg 1200w\" sizes=\"auto, (max-width: 1024px) 100vw, 1024px\" \/><p id=\"caption-attachment-7039\" class=\"wp-caption-text\">Vodn\u00ed Brana: po\u0142o\u017cenie parkingu (P) oraz Via Ferraty (F)<\/p><\/div>\n<h3><span class=\"ez-toc-section\" id=\"Przebieg_via_ferraty_Vodni_Brana\"><\/span>Przebieg via ferraty Vodn\u00ed Brana<span class=\"ez-toc-section-end\"><\/span><\/h3>\n<p>W 2022 roku dost\u0119pne s\u0105 trzy warianty trasy: naj\u0142atwiejsza (niebieska) \u2013 o wycenie B\/C, trudniejsza (czerwona) o wycenie C+ i najtrudniejsza (fioletowa) wyceniona na D z wariantem E. Obecnie wszystkie trzy trasy s\u0105 wy\u0142\u0105cznie jednokierunkowe, schodzi si\u0119 z nich przez las \u015bcie\u017ck\u0105 ubezpieczon\u0105 linami.<\/p>\n<p>Na pewno b\u0119dziecie wiedzie\u0107, \u017ce jeste\u015bcie na miejscu. Stoi tam znak z informacjami bezpiecze\u0144stwa poruszania si\u0119 na ferratach oraz konieczno\u015bci posiadania stosownego sprz\u0119tu, by pokonywanie \u017celaznych perci by\u0142o bezpieczne.<\/p>\n<p>Niebieska trasa zaczyna si\u0119 na wprost drogi (ale mo\u017cna te\u017c skr\u0119ci\u0107 w lewo pod g\u00f3r\u0119 i zacz\u0105\u0107 si\u0119 wspina\u0107 par\u0119 metr\u00f3w wy\u017cej na nieco \u0142atwiejszej skale).\u00a0 Na trasie tej nie ma ekspozycji, droga wije si\u0119 w g\u00f3r\u0119 na niewielkiej wysoko\u015bci. Uwaga, je\u015bli wybierzesz si\u0119 na ferrat\u0119 z dzieckiem, koniecznie we\u017a ze sob\u0105 lin\u0119 asekuracyjn\u0105. Mimo \u017ce wysoko\u015b\u0107 jest niewielka, potencjalny upadek mo\u017ce mie\u0107 gro\u017ane skutki.<\/p>\n<div id=\"attachment_7007\" style=\"width: 1034px\" class=\"wp-caption aligncenter\"><img loading=\"lazy\" decoding=\"async\" aria-describedby=\"caption-attachment-7007\" class=\"wp-image-7007 size-large\" title=\"Niebieska trasa via ferraty Vodni Brana \" src=\"https:\/\/skalnik.pl\/blog\/wp-content\/uploads\/2019\/05\/zejscie-1024x707.jpg\" alt=\"\" width=\"1024\" height=\"707\" srcset=\"https:\/\/www.skalnik.pl\/blog\/wp-content\/uploads\/2019\/05\/zejscie-1024x707.jpg 1024w, https:\/\/www.skalnik.pl\/blog\/wp-content\/uploads\/2019\/05\/zejscie-300x207.jpg 300w, https:\/\/www.skalnik.pl\/blog\/wp-content\/uploads\/2019\/05\/zejscie-768x530.jpg 768w, https:\/\/www.skalnik.pl\/blog\/wp-content\/uploads\/2019\/05\/zejscie.jpg 1920w\" sizes=\"auto, (max-width: 1024px) 100vw, 1024px\" \/><p id=\"caption-attachment-7007\" class=\"wp-caption-text\">\u0141atwiejszy wariant ferraty Vodni Brana. Fot. archiwum prywatne.<\/p><\/div>\n<p>Dwie trudniejsze trasy maj\u0105 wsp\u00f3lny pocz\u0105tek &#8211; zaczynaj\u0105 si\u0119 w miejscu, gdzie droga ko\u0144czy si\u0119 ska\u0142\u0105. Pierwsze podej\u015bcie na taras nie jest trudne, chocia\u017c umieszczona w tym miejscu tablica po\u015bwi\u0119cona pami\u0119ci czeskiego turysty, nieco hamuje zapa\u0142. Z tarasu trzeba kierowa\u0107 si\u0119 w g\u00f3r\u0119. To podej\u015bcie mo\u017ce by\u0107 dla niekt\u00f3rych nieco trudniejsze. Jednak umieszczone w skale pr\u0119ty i klamry u\u0142atwiaj\u0105 poruszanie si\u0119. Pami\u0119ta\u0107 nale\u017cy jedynie, by zachowa\u0107 rozs\u0105dn\u0105 odleg\u0142o\u015b\u0107 mi\u0119dzy poszczeg\u00f3lnymi osobami. Tu ju\u017c nie wystarcza zasada 1 odcinek liny = 1 osoba. Im wy\u017cej si\u0119 pniemy \u2013 nie zawsze pionowo w g\u00f3r\u0119, takie podej\u015bcia s\u0105 dwa, mo\u017ce trzy \u2013 tym wi\u0119cej mamy powietrza wok\u00f3\u0142 i \u0142adniejsze widoki na tras\u0119 spacerow\u0105, Izer\u0119 i okolic\u0119. Pi\u0119kny odcinek prowadzi skaln\u0105 \u201egrani\u0105\u201d. Jednak nale\u017cy zachowa\u0107 na nim szczeg\u00f3ln\u0105 ostro\u017cno\u015b\u0107, szczeg\u00f3lnie, gdy \u015bciana jest morka, po\u015blizgni\u0119cie generuje du\u017cy wsp\u00f3\u0142czynnik odpadni\u0119cia. W najwy\u017cszym punkcie zainstalowano puszk\u0119, w jej wn\u0119trzu schowany jest zeszyt, do kt\u00f3rego wpisa\u0107 si\u0119 mog\u0105 zdobywcy ferraty Vodn\u00ed Brana. To zarazem miejsce \u0142\u0105cz\u0105ce obie trasy (\u0142atwiejsz\u0105 i trudniejsz\u0105), schodzi si\u0119 z niego kilka metr\u00f3w, a nast\u0119pnie lekko trawersuje, ci\u0105gle obni\u017caj\u0105c.<\/p>\n<p>Najtrudniejszy fragment ma dwa najwy\u017cej oceniane odcinki. Pierwszy to trawers, od kt\u00f3rego wariant ten si\u0119 zaczyna. Co tu du\u017co m\u00f3wi\u0107 \u2013 trzeba go pokona\u0107 sprawnie, szybko i g\u0142\u00f3wnie na r\u0119kach (ewentualnie d\u0142u\u017cej przy u\u017cyciu lon\u017cy spoczynkowej). Dalej ferrata jest wymagaj\u0105ca, ale ju\u017c nie tak bardzo. W mniej wi\u0119cej 3\/4 wysoko\u015bci znajduje si\u0119 odej\u015bcie na ekstremalny odcinek. I rzeczywi\u015bcie poleci\u0107 go mo\u017cna osobom obeznanym ze wspinaczk\u0105, ferratami i pokonywaniem skalnych kawa\u0142k\u00f3w przede wszystkim za pomoc\u0105 r\u0105k. Ferrata jest trudna, ale na wycen\u0119 warto wzi\u0105\u0107 &#8222;poprawk\u0119&#8221;<\/p>\n<h3><span class=\"ez-toc-section\" id=\"Dla_kogo_ferrata_Vodni_Brana\"><\/span>Dla kogo ferrata Vodn\u00ed Brana<span class=\"ez-toc-section-end\"><\/span><\/h3>\n<p>\u0141atwiejsza trasa my\u015bl\u0119, \u017ce b\u0119dzie odpowiednia dla os\u00f3b, kt\u00f3re dopiero rozpoczynaj\u0105 swoj\u0105 przygod\u0119 z tego typu szlakami. Jest tam kilka trudniejszych miejsc, jednak nie na tyle trudnych, by sobie z nimi nie poradzi\u0107. Wielk\u0105 jej zalet\u0105 jest tak\u017ce fakt, \u017ce mo\u017cna si\u0119 porusza\u0107 po niej w obie strony. Je\u015bli uznacie, \u017ce to nie dla Was, po prostu robicie w ty\u0142 zwrot i po chwili jeste\u015bcie z powrotem na zwyk\u0142ym szlaku.<\/p>\n<div id=\"attachment_7013\" style=\"width: 1034px\" class=\"wp-caption aligncenter\"><img loading=\"lazy\" decoding=\"async\" aria-describedby=\"caption-attachment-7013\" class=\"wp-image-7013 size-large\" title=\"Wej\u015bcie w pionowej, przewieszonej skale\" src=\"https:\/\/skalnik.pl\/blog\/wp-content\/uploads\/2019\/05\/do-gory5-1024x707.jpg\" alt=\"\" width=\"1024\" height=\"707\" srcset=\"https:\/\/www.skalnik.pl\/blog\/wp-content\/uploads\/2019\/05\/do-gory5-1024x707.jpg 1024w, https:\/\/www.skalnik.pl\/blog\/wp-content\/uploads\/2019\/05\/do-gory5-300x207.jpg 300w, https:\/\/www.skalnik.pl\/blog\/wp-content\/uploads\/2019\/05\/do-gory5-768x530.jpg 768w, https:\/\/www.skalnik.pl\/blog\/wp-content\/uploads\/2019\/05\/do-gory5.jpg 1920w\" sizes=\"auto, (max-width: 1024px) 100vw, 1024px\" \/><p id=\"caption-attachment-7013\" class=\"wp-caption-text\">Jeden z trudniejszych odcink\u00f3w ferraty. Fot. archiwum prywatne.<\/p><\/div>\n<p>Trasa czerwona (trudniejsza) przypadnie do gustu osobom, kt\u00f3re maj\u0105 ju\u017c pewne obycie ferratowe lub wspinaczkowe. Mo\u017ce wydawa\u0107 si\u0119 troch\u0119 za kr\u00f3tka, ale wtedy zawsze mo\u017cna spr\u00f3bowa\u0107 przej\u015b\u0107 j\u0105 raz jeszcze. Ze wzgl\u0119du na wypadek, kt\u00f3ry mia\u0142 tutaj miejsce kilka lat temu oraz na fakt, \u017ce trasa jest jednokierunkowa, warto mierzy\u0107 zamiary zgodnie ze swoimi umiej\u0119tno\u015bciami i si\u0142ami. Na trasie s\u0105 dwa miejsca o wycenie C+ (w skali A-F), w kt\u00f3rych trzeba w nich zachowa\u0107 ostro\u017cno\u015b\u0107. Nie warto ulega\u0107 presji innych os\u00f3b, kt\u00f3rych mo\u017ce by\u0107 na ferracie w sezonie letnim sporo, tylko w\u0142asnym tempem pod\u0105\u017ca\u0107 naprz\u00f3d. Najtrudniejszy wariant jest zazwyczaj ma\u0142o oblegany i mo\u017cna go przej\u015b\u0107 w swoim tempie &#8211; zdecydowanie poleci\u0107 go mo\u017cna jako rozgrzewk\u0119 przed &#8222;wysokim&#8221; sezonem w Alpach lub Dolomitach, a tak\u017ce osobom z dobr\u0105 kondycj\u0105 szykuj\u0105cym si\u0119 dopiero do wyjazdu w wy\u017csze g\u00f3ry.<\/p>\n<div class=\"page_gallery\">\n\n\t\t<style type=\"text\/css\">\n\t\t\t#gallery-1 {\n\t\t\t\tmargin: auto;\n\t\t\t}\n\t\t\t#gallery-1 .gallery-item {\n\t\t\t\tfloat: left;\n\t\t\t\tmargin-top: 10px;\n\t\t\t\ttext-align: center;\n\t\t\t\twidth: 33%;\n\t\t\t}\n\t\t\t#gallery-1 img {\n\t\t\t\tborder: 2px solid #cfcfcf;\n\t\t\t}\n\t\t\t#gallery-1 .gallery-caption {\n\t\t\t\tmargin-left: 0;\n\t\t\t}\n\t\t\t\/* see gallery_shortcode() in wp-includes\/media.php *\/\n\t\t<\/style>\n\t\t<div id='gallery-1' class='gallery galleryid-6967 gallery-columns-3 gallery-size-large'><dl class='gallery-item'>\n\t\t\t<dt class='gallery-icon landscape'>\n\t\t\t\t<img loading=\"lazy\" decoding=\"async\" width=\"1024\" height=\"707\" src=\"https:\/\/www.skalnik.pl\/blog\/wp-content\/uploads\/2019\/05\/do-gory-1024x707.jpg\" class=\"attachment-large size-large\" alt=\"\" aria-describedby=\"gallery-1-7009\" srcset=\"https:\/\/www.skalnik.pl\/blog\/wp-content\/uploads\/2019\/05\/do-gory-1024x707.jpg 1024w, https:\/\/www.skalnik.pl\/blog\/wp-content\/uploads\/2019\/05\/do-gory-300x207.jpg 300w, https:\/\/www.skalnik.pl\/blog\/wp-content\/uploads\/2019\/05\/do-gory-768x530.jpg 768w, https:\/\/www.skalnik.pl\/blog\/wp-content\/uploads\/2019\/05\/do-gory.jpg 1920w\" sizes=\"auto, (max-width: 1024px) 100vw, 1024px\" \/>\n\t\t\t<\/dt>\n\t\t\t\t<dd class='wp-caption-text gallery-caption' id='gallery-1-7009'>\n\t\t\t\tNiekiedy trzeba postawi\u0107 wysoko krok\n\t\t\t\t<\/dd><\/dl><dl class='gallery-item'>\n\t\t\t<dt class='gallery-icon landscape'>\n\t\t\t\t<img loading=\"lazy\" decoding=\"async\" width=\"1024\" height=\"707\" src=\"https:\/\/www.skalnik.pl\/blog\/wp-content\/uploads\/2019\/05\/z-gory-vodni-brana-1024x707.jpg\" class=\"attachment-large size-large\" alt=\"\" aria-describedby=\"gallery-1-7008\" srcset=\"https:\/\/www.skalnik.pl\/blog\/wp-content\/uploads\/2019\/05\/z-gory-vodni-brana-1024x707.jpg 1024w, https:\/\/www.skalnik.pl\/blog\/wp-content\/uploads\/2019\/05\/z-gory-vodni-brana-300x207.jpg 300w, https:\/\/www.skalnik.pl\/blog\/wp-content\/uploads\/2019\/05\/z-gory-vodni-brana-768x530.jpg 768w, https:\/\/www.skalnik.pl\/blog\/wp-content\/uploads\/2019\/05\/z-gory-vodni-brana.jpg 1920w\" sizes=\"auto, (max-width: 1024px) 100vw, 1024px\" \/>\n\t\t\t<\/dt>\n\t\t\t\t<dd class='wp-caption-text gallery-caption' id='gallery-1-7008'>\n\t\t\t\tWidok z g\u00f3ry\n\t\t\t\t<\/dd><\/dl><dl class='gallery-item'>\n\t\t\t<dt class='gallery-icon landscape'>\n\t\t\t\t<img loading=\"lazy\" decoding=\"async\" width=\"1024\" height=\"768\" src=\"https:\/\/www.skalnik.pl\/blog\/wp-content\/uploads\/2019\/05\/gora-vodni-brana-1024x768.jpg\" class=\"attachment-large size-large\" alt=\"\" aria-describedby=\"gallery-1-7003\" srcset=\"https:\/\/www.skalnik.pl\/blog\/wp-content\/uploads\/2019\/05\/gora-vodni-brana-1024x768.jpg 1024w, https:\/\/www.skalnik.pl\/blog\/wp-content\/uploads\/2019\/05\/gora-vodni-brana-300x225.jpg 300w, https:\/\/www.skalnik.pl\/blog\/wp-content\/uploads\/2019\/05\/gora-vodni-brana-768x576.jpg 768w, https:\/\/www.skalnik.pl\/blog\/wp-content\/uploads\/2019\/05\/gora-vodni-brana.jpg 1920w\" sizes=\"auto, (max-width: 1024px) 100vw, 1024px\" \/>\n\t\t\t<\/dt>\n\t\t\t\t<dd class='wp-caption-text gallery-caption' id='gallery-1-7003'>\n\t\t\t\tTu\u017c przed szczytem\n\t\t\t\t<\/dd><\/dl><br style=\"clear: both\" \/><dl class='gallery-item'>\n\t\t\t<dt class='gallery-icon landscape'>\n\t\t\t\t<img loading=\"lazy\" decoding=\"async\" width=\"1024\" height=\"707\" src=\"https:\/\/www.skalnik.pl\/blog\/wp-content\/uploads\/2019\/05\/wspin-1024x707.jpg\" class=\"attachment-large size-large\" alt=\"\" aria-describedby=\"gallery-1-7006\" srcset=\"https:\/\/www.skalnik.pl\/blog\/wp-content\/uploads\/2019\/05\/wspin-1024x707.jpg 1024w, https:\/\/www.skalnik.pl\/blog\/wp-content\/uploads\/2019\/05\/wspin-300x207.jpg 300w, https:\/\/www.skalnik.pl\/blog\/wp-content\/uploads\/2019\/05\/wspin-768x530.jpg 768w, https:\/\/www.skalnik.pl\/blog\/wp-content\/uploads\/2019\/05\/wspin.jpg 1920w\" sizes=\"auto, (max-width: 1024px) 100vw, 1024px\" \/>\n\t\t\t<\/dt>\n\t\t\t\t<dd class='wp-caption-text gallery-caption' id='gallery-1-7006'>\n\t\t\t\tCzasem bywa stromo\n\t\t\t\t<\/dd><\/dl><dl class='gallery-item'>\n\t\t\t<dt class='gallery-icon landscape'>\n\t\t\t\t<img loading=\"lazy\" decoding=\"async\" width=\"1024\" height=\"707\" src=\"https:\/\/www.skalnik.pl\/blog\/wp-content\/uploads\/2019\/05\/top-1024x707.jpg\" class=\"attachment-large size-large\" alt=\"\" aria-describedby=\"gallery-1-7005\" srcset=\"https:\/\/www.skalnik.pl\/blog\/wp-content\/uploads\/2019\/05\/top-1024x707.jpg 1024w, https:\/\/www.skalnik.pl\/blog\/wp-content\/uploads\/2019\/05\/top-300x207.jpg 300w, https:\/\/www.skalnik.pl\/blog\/wp-content\/uploads\/2019\/05\/top-768x530.jpg 768w, https:\/\/www.skalnik.pl\/blog\/wp-content\/uploads\/2019\/05\/top.jpg 1920w\" sizes=\"auto, (max-width: 1024px) 100vw, 1024px\" \/>\n\t\t\t<\/dt>\n\t\t\t\t<dd class='wp-caption-text gallery-caption' id='gallery-1-7005'>\n\t\t\t\tSkrzynka z ksi\u0105\u017ck\u0105 zdobywc\u00f3w\n\t\t\t\t<\/dd><\/dl><dl class='gallery-item'>\n\t\t\t<dt class='gallery-icon landscape'>\n\t\t\t\t<img loading=\"lazy\" decoding=\"async\" width=\"1024\" height=\"707\" src=\"https:\/\/www.skalnik.pl\/blog\/wp-content\/uploads\/2019\/05\/zejscie2-1024x707.jpg\" class=\"attachment-large size-large\" alt=\"\" aria-describedby=\"gallery-1-7018\" srcset=\"https:\/\/www.skalnik.pl\/blog\/wp-content\/uploads\/2019\/05\/zejscie2-1024x707.jpg 1024w, https:\/\/www.skalnik.pl\/blog\/wp-content\/uploads\/2019\/05\/zejscie2-300x207.jpg 300w, https:\/\/www.skalnik.pl\/blog\/wp-content\/uploads\/2019\/05\/zejscie2-768x530.jpg 768w, https:\/\/www.skalnik.pl\/blog\/wp-content\/uploads\/2019\/05\/zejscie2.jpg 1920w\" sizes=\"auto, (max-width: 1024px) 100vw, 1024px\" \/>\n\t\t\t<\/dt>\n\t\t\t\t<dd class='wp-caption-text gallery-caption' id='gallery-1-7018'>\n\t\t\t\tZej\u015bcie tras\u0105 niebiesk\u0105\n\t\t\t\t<\/dd><\/dl><br style=\"clear: both\" \/>\n\t\t<\/div>\n\n<\/div>\n<h2><span class=\"ez-toc-section\" id=\"Decin_%E2%80%93_kilkanascie_tras_w_centrum_miasta\"><\/span>D\u011b\u010din \u2013 kilkana\u015bcie tras w centrum miasta<span class=\"ez-toc-section-end\"><\/span><\/h2>\n<p>Miasto\u00a0D\u011b\u010din zorganizowa\u0142o niemal w centrum nietypow\u0105 atrakcj\u0119 dla mi\u0142o\u015bnik\u00f3w sport\u00f3w ekstremalnych.\u00a0 Naprzeciwko d\u011b\u010di\u0144skiego zamku, po drugiej stronie \u0141aby, na stokach Past\u1ef3\u0159skiej Steny poprowadzono 16 wariant\u00f3w via ferraty. Mo\u017cna te\u017c dojrze\u0107 kolorowe punkciki poruszaj\u0105ce si\u0119 na niej. Nie s\u0105 to wspinacze, lecz tury\u015bci, kt\u00f3rzy postanowili zmierzy\u0107 si\u0119 z r\u00f3\u017cnymi wariantami szlaku typu via ferrata w D\u011bcinie.<\/p>\n<h3><span class=\"ez-toc-section\" id=\"Jak_dojechac_i_gdzie_zaparkowac\"><\/span>Jak dojecha\u0107 i gdzie zaparkowa\u0107<span class=\"ez-toc-section-end\"><\/span><\/h3>\n<p>D\u011b\u010din po\u0142o\u017cony jest 70 km od granicy z Polsk\u0105. Dojazd z Wroc\u0142awia zajmuje niespe\u0142na 3,5 godz. i wiedzie krajowymi drogami, jest zatem do\u015b\u0107 szybki i wygodny. Parkingi, z kt\u00f3rych warto skorzysta\u0107, po\u0142o\u017cone s\u0105 na obu brzegach \u0141aby. W pierwszej kolejno\u015bci mo\u017cna poszuka\u0107 wolnego miejsca w bezpo\u015brednim s\u0105siedztwie ferraty, na lewym brzegu rzeki (np. parking przy Labsk\u00e9 n\u00e1b\u0159e\u017e\u00ed lub rondzie przy ul. Pr\u00e1ce). Inne godne polecenia miejsce to du\u017cy parking w pobli\u017cu informacji turystycznej i biblioteki, po\u0142o\u017cony po drugiej stronie rzeki, tu\u017c obok mostu Tyr\u0161\u016fv.<\/p>\n<div id=\"attachment_7022\" style=\"width: 1034px\" class=\"wp-caption aligncenter\"><img loading=\"lazy\" decoding=\"async\" aria-describedby=\"caption-attachment-7022\" class=\"wp-image-7022 size-large\" title=\"Widok na miasto z via ferraty\" src=\"https:\/\/skalnik.pl\/blog\/wp-content\/uploads\/2019\/05\/decin-widok-1024x768.jpg\" alt=\"\" width=\"1024\" height=\"768\" srcset=\"https:\/\/www.skalnik.pl\/blog\/wp-content\/uploads\/2019\/05\/decin-widok-1024x768.jpg 1024w, https:\/\/www.skalnik.pl\/blog\/wp-content\/uploads\/2019\/05\/decin-widok-300x225.jpg 300w, https:\/\/www.skalnik.pl\/blog\/wp-content\/uploads\/2019\/05\/decin-widok-768x576.jpg 768w, https:\/\/www.skalnik.pl\/blog\/wp-content\/uploads\/2019\/05\/decin-widok.jpg 1728w\" sizes=\"auto, (max-width: 1024px) 100vw, 1024px\" \/><p id=\"caption-attachment-7022\" class=\"wp-caption-text\">Du\u017ca ekspozycja robi wra\u017cenie i daje fantastyczny widok na miasto. Fot. E. Szcz\u0119sna.<\/p><\/div>\n<p>W pobli\u017cu miejsca, gdzie zaczyna si\u0119 ferrata, znajduje si\u0119 niewielka wypo\u017cyczalnia. Mo\u017cna w niej zaopatrzy\u0107 si\u0119 w niezb\u0119dny sprz\u0119t. Wypo\u017cyczenie zestawu sk\u0142adaj\u0105cego si\u0119 z uprz\u0119\u017cy biodrowej i piersiowej, lon\u017cy z absorberem oraz kasku to ok. 200 koron\/8 euro za dzie\u0144 (i kaucja 500 koron\/20 euro)\u00a0 Nie jest zatem bardzo wyg\u00f3rowana.<\/p>\n<p>Jednak nawet je\u015bli b\u0119dziecie mie\u0107 sw\u00f3j sprz\u0119t nie zdziwcie si\u0119, je\u015bli podczas szykowania si\u0119 podejdzie kto\u015b, kto z g\u00f3ry na d\u00f3\u0142 otaksuje Was wzrokiem. To wy\u0142\u0105cznie po to, \u017ceby sprawdzi\u0107, czy u\u017cytkownicy ferraty przestrzegaj\u0105 zasad bezpiecze\u0144stwa. Jest to atrakcja zorganizowana przez miasto, korzystanie z niej jest darmowe, ale kwestie bezpiecze\u0144stwa potraktowano powa\u017cnie.<\/p>\n<div id=\"attachment_7040\" style=\"width: 1034px\" class=\"wp-caption alignnone\"><img loading=\"lazy\" decoding=\"async\" aria-describedby=\"caption-attachment-7040\" class=\"wp-image-7040 size-large\" src=\"https:\/\/skalnik.pl\/blog\/wp-content\/uploads\/2019\/05\/map02-1024x640.jpg\" alt=\"D\u011b\u010din - Via Ferrata\" width=\"1024\" height=\"640\" srcset=\"https:\/\/www.skalnik.pl\/blog\/wp-content\/uploads\/2019\/05\/map02-1024x640.jpg 1024w, https:\/\/www.skalnik.pl\/blog\/wp-content\/uploads\/2019\/05\/map02-300x188.jpg 300w, https:\/\/www.skalnik.pl\/blog\/wp-content\/uploads\/2019\/05\/map02-768x480.jpg 768w, https:\/\/www.skalnik.pl\/blog\/wp-content\/uploads\/2019\/05\/map02.jpg 1200w\" sizes=\"auto, (max-width: 1024px) 100vw, 1024px\" \/><p id=\"caption-attachment-7040\" class=\"wp-caption-text\">D\u011b\u010din &#8211; po\u0142o\u017cenie parking\u00f3w (P) i Via Ferraty (F)<\/p><\/div>\n<h3><span class=\"ez-toc-section\" id=\"Via_ferrata_w_Decinie_%E2%80%93_opis\"><\/span>Via ferrata w D\u011b\u010dinie &#8211; opis<span class=\"ez-toc-section-end\"><\/span><\/h3>\n<p>W\u0142a\u015bciwie powinnam napisa\u0107 o ferratach w D\u011b\u010dinie, poniewa\u017c do wyboru mamy szesna\u015bcie tras o r\u00f3\u017cnorodnym stopniu trudno\u015bci. Tu mo\u017cna nie tylko zapozna\u0107 si\u0119 z ca\u0142ym szpejem i przemierzy\u0107 pierwsze pionowe metry, ale tak\u017ce przezwyci\u0119\u017ca\u0107 l\u0119ki i trudno\u015bci, wchodz\u0105c na coraz trudniejsze fragmenty \u015bciany.<\/p>\n<p>Praktycznie wszystkie trasy zaczynaj\u0105 si\u0119 i ko\u0144cz\u0105 w jednym miejscu. Takie rozwi\u0105zanie przydaje si\u0119 przy zr\u00f3\u017cnicowanym poziomie grupy \u2013 ka\u017cdy mo\u017ce wybra\u0107 wariant, kt\u00f3ry najbardziej odpowiada jego umiej\u0119tno\u015bciom. Pocz\u0105tek trasy mo\u017ce niekt\u00f3rych troch\u0119 zdziwi\u0107 swoim industrialnym charakterem. Pierwsze pionowe metry pokonuje si\u0119 bowiem po murze tunelu kolejowego. Potem wychodzi si\u0119 nad niego i dalej porusza ju\u017c po naturalnej skale.<\/p>\n<div id=\"attachment_7020\" style=\"width: 1034px\" class=\"wp-caption alignnone\"><img loading=\"lazy\" decoding=\"async\" aria-describedby=\"caption-attachment-7020\" class=\"wp-image-7020 size-large\" title=\"Wej\u015bcie na ferrat\u0119 w Decinie\" src=\"https:\/\/skalnik.pl\/blog\/wp-content\/uploads\/2019\/05\/decin-poczatek-1024x768.jpg\" alt=\"\" width=\"1024\" height=\"768\" srcset=\"https:\/\/www.skalnik.pl\/blog\/wp-content\/uploads\/2019\/05\/decin-poczatek-1024x768.jpg 1024w, https:\/\/www.skalnik.pl\/blog\/wp-content\/uploads\/2019\/05\/decin-poczatek-300x225.jpg 300w, https:\/\/www.skalnik.pl\/blog\/wp-content\/uploads\/2019\/05\/decin-poczatek-768x576.jpg 768w, https:\/\/www.skalnik.pl\/blog\/wp-content\/uploads\/2019\/05\/decin-poczatek.jpg 1728w\" sizes=\"auto, (max-width: 1024px) 100vw, 1024px\" \/><p id=\"caption-attachment-7020\" class=\"wp-caption-text\">Pocz\u0105tkowa drabinka &#8211; via ferrata Decin. Fot. E. Szcz\u0119sna.<\/p><\/div>\n<p>Koniec ka\u017cdej <a href=\"https:\/\/skalnik.pl\/sprzet-wspinaczkowy\/inne\/inne-via-ferraty\">via ferraty<\/a> znajduje si\u0119 na szczycie Past\u1ef3\u0159skej Steny, sk\u0105d rozci\u0105ga si\u0119 znakomity widok nie tylko na D\u011b\u010din, ale i jego okolice. S\u0105 one wyj\u0105tkowe, poniewa\u017c miasto le\u017cy w rejonie Szwajcarii Sakso\u0144skiej. Na g\u00f3rze, tu\u017c obok miejsca, gdzie ko\u0144czy si\u0119 ka\u017cda ferrata, w budynku stylizowanym na niedu\u017cy zamek, znajduje si\u0119 kawiarnia, w kt\u00f3rej mo\u017cna co\u015b przek\u0105si\u0107 w nagrod\u0119 za pokonane trudno\u015bci. Zej\u015bcie na d\u00f3\u0142 wzg\u00f3rza to chyba najbardziej d\u0142u\u017c\u0105cy si\u0119 fragment tutejszych via ferrat. Trzeba bowiem niejako obej\u015b\u0107 po\u0142ow\u0119 wzg\u00f3rza. Nie widzieli\u015bmy jednak nikogo, kto schodzi\u0142by ferrat\u0105, zatem przypuszczam, \u017ce s\u0105 one jednokierunkowe (tylko w g\u00f3r\u0119).<\/p>\n<p>Trudno opisa\u0107 wszystkie d\u011bcinskie warianty ferratowe. Te \u0142atwiejsze przypominaj\u0105 g\u00f3rskie szlaki z du\u017c\u0105 (naprawd\u0119 du\u017c\u0105!) ekspozycj\u0105. Im trudniejsze, tym wi\u0119cej nawi\u0105za\u0144 do wspinaczki. Nie b\u00f3jcie si\u0119 u\u017cywa\u0107 liny i kotew do pi\u0119cia si\u0119 w g\u00f3r\u0119. To wr\u0119cz nieodzowny element zdobywania via ferrat. Z ciekawostek warto wspomnie\u0107, \u017ce jest tam mostek linowy i kilka przewieszonych ska\u0142. Ze wzgl\u0119du na te ostatnie warto mie\u0107 ze sob\u0105 tak\u017ce lon\u017c\u0119 odpoczynkow\u0105, zrobion\u0105 np. z kawa\u0142ka ta\u015bmy i zakr\u0119canego karabinka. Czas przej\u015bcia zale\u017cy zar\u00f3wno od wyboru trasy, jak i stopnia zaawansowania oraz oczywi\u015bcie zat\u0142oczenia tras. Podczas \u0142adnych weekend\u00f3w potrafi by\u0107 tam naprawd\u0119 t\u0142oczno.<\/p>\n<div id=\"attachment_7021\" style=\"width: 1034px\" class=\"wp-caption aligncenter\"><img loading=\"lazy\" decoding=\"async\" aria-describedby=\"caption-attachment-7021\" class=\"wp-image-7021 size-large\" title=\"Chwila przerwy z widokiem na Decin\" src=\"https:\/\/skalnik.pl\/blog\/wp-content\/uploads\/2019\/05\/decin-zamek-1024x768.jpg\" alt=\"\" width=\"1024\" height=\"768\" srcset=\"https:\/\/www.skalnik.pl\/blog\/wp-content\/uploads\/2019\/05\/decin-zamek-1024x768.jpg 1024w, https:\/\/www.skalnik.pl\/blog\/wp-content\/uploads\/2019\/05\/decin-zamek-300x225.jpg 300w, https:\/\/www.skalnik.pl\/blog\/wp-content\/uploads\/2019\/05\/decin-zamek-768x576.jpg 768w, https:\/\/www.skalnik.pl\/blog\/wp-content\/uploads\/2019\/05\/decin-zamek.jpg 1728w\" sizes=\"auto, (max-width: 1024px) 100vw, 1024px\" \/><p id=\"caption-attachment-7021\" class=\"wp-caption-text\">Miejsce odpoczynku, gdzie spotyka si\u0119 kilka wariant\u00f3w. W tle zamek. Fot. M. Szulc<\/p><\/div>\n<p>Warto wiedzie\u0107, \u017ce poruszanie si\u0119 po via ferracie jest zabronione podczas deszczu oraz gdy ska\u0142a jest mokra.<\/p>\n<h3><span class=\"ez-toc-section\" id=\"Dla_kogo_ferraty_w_Decinie\"><\/span>Dla kogo ferraty w D\u011b\u010dinie?<span class=\"ez-toc-section-end\"><\/span><\/h3>\n<p>Tak naprawd\u0119 ka\u017cdy znajdzie tutaj wariant drogi dla siebie. Naj\u0142atwiejsze maj\u0105 wycen\u0119 A\/B, najtrudniejsze przekraczaj\u0105 D. Je\u015bli nie ma zbyt du\u017cego ruchu, mo\u017cna pokusi\u0107 si\u0119 je\u015bli nie o wszystkie, to przynajmniej te, kt\u00f3re zapewniaj\u0105 najwi\u0119cej atrakcji lub adrenaliny. Ze wzgl\u0119du na wszechogarniaj\u0105c\u0105 ekspozycj\u0119, a widoki naprawd\u0119 zapieraj\u0105 dech, nie polecam ich osobom, kt\u00f3re \u017ale si\u0119 czuj\u0105, gdy maj\u0105 zbyt du\u017co powietrza wok\u00f3\u0142 siebie. \u015aciana jest pionowa, a widok\u00f3w nie zas\u0142aniaj\u0105 drzewa.<\/p>\n<div id=\"attachment_7023\" style=\"width: 1034px\" class=\"wp-caption aligncenter\"><img loading=\"lazy\" decoding=\"async\" aria-describedby=\"caption-attachment-7023\" class=\"wp-image-7023 size-large\" title=\"Wyra\u017anie opisana skala trudno\u015bci ferratowej\" src=\"https:\/\/skalnik.pl\/blog\/wp-content\/uploads\/2019\/05\/Decin-BC-1024x768.jpg\" alt=\"\" width=\"1024\" height=\"768\" srcset=\"https:\/\/www.skalnik.pl\/blog\/wp-content\/uploads\/2019\/05\/Decin-BC-1024x768.jpg 1024w, https:\/\/www.skalnik.pl\/blog\/wp-content\/uploads\/2019\/05\/Decin-BC-300x225.jpg 300w, https:\/\/www.skalnik.pl\/blog\/wp-content\/uploads\/2019\/05\/Decin-BC-768x576.jpg 768w, https:\/\/www.skalnik.pl\/blog\/wp-content\/uploads\/2019\/05\/Decin-BC.jpg 1728w\" sizes=\"auto, (max-width: 1024px) 100vw, 1024px\" \/><p id=\"caption-attachment-7023\" class=\"wp-caption-text\">Ka\u017cda trasa zosta\u0142a wyra\u017anie oznaczona nazw\u0105 i wycen\u0105. Fot. E. Szcz\u0119sna.<\/p><\/div>\n<p>Dla niekt\u00f3rych nieco nu\u017c\u0105ce mo\u017ce by\u0107 zej\u015bcie oraz fakt, \u017ce tak naprawd\u0119 wspina si\u0119 wci\u0105\u017c po tej samej skale, z tymi samymi widokami. Zamiast jednak szuka\u0107 dziury w ca\u0142ym lepiej po prostu cieszy\u0107 si\u0119, \u017ce jest takie miejsce. Po chwilowej odsapce mo\u017cna rusza\u0107 i zdobywa\u0107 kolejne warianty.<\/p>\n<p>Via ferraty blisko Polski to nie tylko Czechy, ale tak\u017ce Niemcy. W Szwajcarii Sakso\u0144skiej na pograniczu polsko-czesko-niemieckim w piaskowcowych ska\u0142ach poprowadzono dwie bardzo przyjemne ferratki. Przeczytacie o nich w kolejnym artykule.<\/p>\n<p style=\"text-align: center;\">***<\/p>\n<p><i>Pami\u0119taj, \u017ce pokonywanie via ferrat wymaga stosowania odpowiedniego sprz\u0119tu. Obejrzy filmowy poradnik dotycz\u0105cy tego, jaki jest podstawowy sprz\u0119t na via ferraty, lub <a href=\"https:\/\/skalnik.pl\/blog\/wiecej-niz-podstawowe-trio-czyli-co-jeszcze-zabrac-na-via-ferraty-2\/\" target=\"_blank\" rel=\"noopener noreferrer\">przeczytaj porad\u0119<\/a>, w kt\u00f3rym opisali\u015bmy rozszerzony zestaw na via ferraty.<\/i><\/p>\n<p><i>Artyku\u0142 zosta\u0142 zaktualizowany w cz\u0119\u015bci o ferracie Vodni Brana w sierpniu 2022 r.<\/i><\/p>\n<p><iframe loading=\"lazy\" src=\"https:\/\/www.youtube.com\/embed\/oR1u7SxGX1Q\" width=\"800\" height=\"442\" frameborder=\"0\" allowfullscreen=\"allowfullscreen\"><\/iframe><\/p>\n","protected":false},"excerpt":{"rendered":"<p>Je\u015bli chcesz si\u0119 przekona\u0107, co to takiego te via ferraty, nie musisz jecha\u0107 setek kilometr\u00f3w. Wystarczy zaledwie par\u0119 godzin jazdy samochodem, by znale\u017a\u0107 si\u0119 na czeskich via ferratach. W naszym przewodniku prezentujemy dwie miejsc\u00f3wki &#8211; Vodni Brana oraz Decin. <\/p>\n","protected":false},"author":9,"featured_media":7012,"comment_status":"open","ping_status":"open","sticky":false,"template":"","format":"standard","meta":{"_acf_changed":false,"footnotes":""},"categories":[84],"tags":[232,112],"magento_category":[80],"magento_product":[],"class_list":["post-6967","post","type-post","status-publish","format-standard","has-post-thumbnail","hentry","category-pasja","tag-czechy","tag-via-ferrata"],"acf":[],"aioseo_notices":[],"aioseo_head":"\n\t\t<!-- All in One SEO 4.9.10 - aioseo.com -->\n\t<meta name=\"description\" content=\"Je\u015bli chcesz si\u0119 przekona\u0107, co to takiego te via ferraty, nie musisz jecha\u0107 setek kilometr\u00f3w. Wystarczy zaledwie par\u0119 godzin jazdy samochodem, by znale\u017a\u0107 si\u0119 na czeskich via ferratach. W naszym przewodniku prezentujemy dwie miejsc\u00f3wki - Vodni Brana oraz Decin.\" \/>\n\t<meta name=\"robots\" content=\"max-image-preview:large\" \/>\n\t<meta name=\"author\" content=\"Beata Nawrotkiewicz\"\/>\n\t<link rel=\"canonical\" href=\"https:\/\/www.skalnik.pl\/blog\/via-ferrata-blisko-polski-czesc-i-polnocne-czechy\/\" \/>\n\t<meta name=\"generator\" content=\"All in One SEO (AIOSEO) 4.9.10\" \/>\n\t\t<meta property=\"og:locale\" content=\"pl_PL\" \/>\n\t\t<meta property=\"og:site_name\" content=\"blog Skalnik - Blog, porady, artyku\u0142y - blog Skalnik\" \/>\n\t\t<meta property=\"og:type\" content=\"article\" \/>\n\t\t<meta property=\"og:title\" content=\"Via ferrata blisko Polski \u2013 cz\u0119\u015b\u0107 I, p\u00f3\u0142nocne Czechy - blog Skalnik\" \/>\n\t\t<meta property=\"og:description\" content=\"Je\u015bli chcesz si\u0119 przekona\u0107, co to takiego te via ferraty, nie musisz jecha\u0107 setek kilometr\u00f3w. Wystarczy zaledwie par\u0119 godzin jazdy samochodem, by znale\u017a\u0107 si\u0119 na czeskich via ferratach. W naszym przewodniku prezentujemy dwie miejsc\u00f3wki - Vodni Brana oraz Decin.\" \/>\n\t\t<meta property=\"og:url\" content=\"https:\/\/www.skalnik.pl\/blog\/via-ferrata-blisko-polski-czesc-i-polnocne-czechy\/\" \/>\n\t\t<meta property=\"og:image\" content=\"https:\/\/skalnik.pl\/blog\/wp-content\/uploads\/2019\/05\/poczatek-vodni-brana-1024x707.jpg\" \/>\n\t\t<meta property=\"og:image:secure_url\" content=\"https:\/\/skalnik.pl\/blog\/wp-content\/uploads\/2019\/05\/poczatek-vodni-brana-1024x707.jpg\" \/>\n\t\t<meta property=\"article:tag\" content=\"pasja\" \/>\n\t\t<meta property=\"article:tag\" content=\"czechy\" \/>\n\t\t<meta property=\"article:tag\" content=\"via ferrata\" \/>\n\t\t<meta property=\"article:published_time\" content=\"2019-05-27T13:24:55+00:00\" \/>\n\t\t<meta property=\"article:modified_time\" content=\"2023-06-02T12:19:12+00:00\" \/>\n\t\t<meta name=\"twitter:card\" content=\"summary_large_image\" \/>\n\t\t<meta name=\"twitter:title\" content=\"Via ferrata blisko Polski \u2013 cz\u0119\u015b\u0107 I, p\u00f3\u0142nocne Czechy - blog Skalnik\" \/>\n\t\t<meta name=\"twitter:description\" content=\"Je\u015bli chcesz si\u0119 przekona\u0107, co to takiego te via ferraty, nie musisz jecha\u0107 setek kilometr\u00f3w. Wystarczy zaledwie par\u0119 godzin jazdy samochodem, by znale\u017a\u0107 si\u0119 na czeskich via ferratach. W naszym przewodniku prezentujemy dwie miejsc\u00f3wki - Vodni Brana oraz Decin.\" \/>\n\t\t<meta name=\"twitter:image\" content=\"https:\/\/skalnik.pl\/blog\/wp-content\/uploads\/2019\/05\/poczatek-vodni-brana-1024x707.jpg\" \/>\n\t\t<script type=\"application\/ld+json\" class=\"aioseo-schema\">\n\t\t\t{\"@context\":\"https:\\\/\\\/schema.org\",\"@graph\":[{\"@type\":\"BlogPosting\",\"@id\":\"https:\\\/\\\/www.skalnik.pl\\\/blog\\\/via-ferrata-blisko-polski-czesc-i-polnocne-czechy\\\/#blogposting\",\"name\":\"Via ferrata blisko Polski \\u2013 cz\\u0119\\u015b\\u0107 I, p\\u00f3\\u0142nocne Czechy - blog Skalnik\",\"headline\":\"Via ferrata blisko Polski &#8211; cz\\u0119\\u015b\\u0107 I, p\\u00f3\\u0142nocne Czechy\",\"author\":{\"@id\":\"https:\\\/\\\/www.skalnik.pl\\\/blog\\\/author\\\/beata-nawrotkiewicz\\\/#author\"},\"publisher\":{\"@id\":\"https:\\\/\\\/www.skalnik.pl\\\/blog\\\/#organization\"},\"image\":{\"@type\":\"ImageObject\",\"url\":\"https:\\\/\\\/www.skalnik.pl\\\/blog\\\/wp-content\\\/uploads\\\/2019\\\/05\\\/vodni-brana-okladka.jpg\",\"width\":3998,\"height\":1468},\"datePublished\":\"2019-05-27T15:24:55+02:00\",\"dateModified\":\"2023-06-02T14:19:12+02:00\",\"inLanguage\":\"pl-PL\",\"mainEntityOfPage\":{\"@id\":\"https:\\\/\\\/www.skalnik.pl\\\/blog\\\/via-ferrata-blisko-polski-czesc-i-polnocne-czechy\\\/#webpage\"},\"isPartOf\":{\"@id\":\"https:\\\/\\\/www.skalnik.pl\\\/blog\\\/via-ferrata-blisko-polski-czesc-i-polnocne-czechy\\\/#webpage\"},\"articleSection\":\"Pasja, czechy, via ferrata, 1191\"},{\"@type\":\"BreadcrumbList\",\"@id\":\"https:\\\/\\\/www.skalnik.pl\\\/blog\\\/via-ferrata-blisko-polski-czesc-i-polnocne-czechy\\\/#breadcrumblist\",\"itemListElement\":[{\"@type\":\"ListItem\",\"@id\":\"https:\\\/\\\/www.skalnik.pl\\\/blog#listItem\",\"position\":1,\"name\":\"Home\",\"item\":\"https:\\\/\\\/www.skalnik.pl\\\/blog\",\"nextItem\":{\"@type\":\"ListItem\",\"@id\":\"https:\\\/\\\/www.skalnik.pl\\\/blog\\\/.\\\/pasja\\\/#listItem\",\"name\":\"Pasja\"}},{\"@type\":\"ListItem\",\"@id\":\"https:\\\/\\\/www.skalnik.pl\\\/blog\\\/.\\\/pasja\\\/#listItem\",\"position\":2,\"name\":\"Pasja\",\"item\":\"https:\\\/\\\/www.skalnik.pl\\\/blog\\\/.\\\/pasja\\\/\",\"nextItem\":{\"@type\":\"ListItem\",\"@id\":\"https:\\\/\\\/www.skalnik.pl\\\/blog\\\/via-ferrata-blisko-polski-czesc-i-polnocne-czechy\\\/#listItem\",\"name\":\"Via ferrata blisko Polski &#8211; cz\\u0119\\u015b\\u0107 I, p\\u00f3\\u0142nocne Czechy\"},\"previousItem\":{\"@type\":\"ListItem\",\"@id\":\"https:\\\/\\\/www.skalnik.pl\\\/blog#listItem\",\"name\":\"Home\"}},{\"@type\":\"ListItem\",\"@id\":\"https:\\\/\\\/www.skalnik.pl\\\/blog\\\/via-ferrata-blisko-polski-czesc-i-polnocne-czechy\\\/#listItem\",\"position\":3,\"name\":\"Via ferrata blisko Polski &#8211; cz\\u0119\\u015b\\u0107 I, p\\u00f3\\u0142nocne Czechy\",\"previousItem\":{\"@type\":\"ListItem\",\"@id\":\"https:\\\/\\\/www.skalnik.pl\\\/blog\\\/.\\\/pasja\\\/#listItem\",\"name\":\"Pasja\"}}]},{\"@type\":\"Organization\",\"@id\":\"https:\\\/\\\/www.skalnik.pl\\\/blog\\\/#organization\",\"name\":\"blog Skalnik\",\"description\":\"Blog, porady, artyku\\u0142y - blog Skalnik\",\"url\":\"https:\\\/\\\/www.skalnik.pl\\\/blog\\\/\"},{\"@type\":\"Person\",\"@id\":\"https:\\\/\\\/www.skalnik.pl\\\/blog\\\/author\\\/beata-nawrotkiewicz\\\/#author\",\"url\":\"https:\\\/\\\/www.skalnik.pl\\\/blog\\\/author\\\/beata-nawrotkiewicz\\\/\",\"name\":\"Beata Nawrotkiewicz\",\"image\":{\"@type\":\"ImageObject\",\"@id\":\"https:\\\/\\\/www.skalnik.pl\\\/blog\\\/via-ferrata-blisko-polski-czesc-i-polnocne-czechy\\\/#authorImage\",\"url\":\"https:\\\/\\\/secure.gravatar.com\\\/avatar\\\/53cf81cfcc3a81694535515925ffcf159be725e8bd1fb455eeb9e2cadcaa5684?s=96&d=mm&r=g\",\"width\":96,\"height\":96,\"caption\":\"Beata Nawrotkiewicz\"}},{\"@type\":\"WebPage\",\"@id\":\"https:\\\/\\\/www.skalnik.pl\\\/blog\\\/via-ferrata-blisko-polski-czesc-i-polnocne-czechy\\\/#webpage\",\"url\":\"https:\\\/\\\/www.skalnik.pl\\\/blog\\\/via-ferrata-blisko-polski-czesc-i-polnocne-czechy\\\/\",\"name\":\"Via ferrata blisko Polski \\u2013 cz\\u0119\\u015b\\u0107 I, p\\u00f3\\u0142nocne Czechy - blog Skalnik\",\"description\":\"Je\\u015bli chcesz si\\u0119 przekona\\u0107, co to takiego te via ferraty, nie musisz jecha\\u0107 setek kilometr\\u00f3w. Wystarczy zaledwie par\\u0119 godzin jazdy samochodem, by znale\\u017a\\u0107 si\\u0119 na czeskich via ferratach. W naszym przewodniku prezentujemy dwie miejsc\\u00f3wki - Vodni Brana oraz Decin.\",\"inLanguage\":\"pl-PL\",\"isPartOf\":{\"@id\":\"https:\\\/\\\/www.skalnik.pl\\\/blog\\\/#website\"},\"breadcrumb\":{\"@id\":\"https:\\\/\\\/www.skalnik.pl\\\/blog\\\/via-ferrata-blisko-polski-czesc-i-polnocne-czechy\\\/#breadcrumblist\"},\"author\":{\"@id\":\"https:\\\/\\\/www.skalnik.pl\\\/blog\\\/author\\\/beata-nawrotkiewicz\\\/#author\"},\"creator\":{\"@id\":\"https:\\\/\\\/www.skalnik.pl\\\/blog\\\/author\\\/beata-nawrotkiewicz\\\/#author\"},\"image\":{\"@type\":\"ImageObject\",\"url\":\"https:\\\/\\\/www.skalnik.pl\\\/blog\\\/wp-content\\\/uploads\\\/2019\\\/05\\\/vodni-brana-okladka.jpg\",\"@id\":\"https:\\\/\\\/www.skalnik.pl\\\/blog\\\/via-ferrata-blisko-polski-czesc-i-polnocne-czechy\\\/#mainImage\",\"width\":3998,\"height\":1468},\"primaryImageOfPage\":{\"@id\":\"https:\\\/\\\/www.skalnik.pl\\\/blog\\\/via-ferrata-blisko-polski-czesc-i-polnocne-czechy\\\/#mainImage\"},\"datePublished\":\"2019-05-27T15:24:55+02:00\",\"dateModified\":\"2023-06-02T14:19:12+02:00\"},{\"@type\":\"WebSite\",\"@id\":\"https:\\\/\\\/www.skalnik.pl\\\/blog\\\/#website\",\"url\":\"https:\\\/\\\/www.skalnik.pl\\\/blog\\\/\",\"name\":\"blog Skalnik\",\"description\":\"Blog, porady, artyku\\u0142y - blog Skalnik\",\"inLanguage\":\"pl-PL\",\"publisher\":{\"@id\":\"https:\\\/\\\/www.skalnik.pl\\\/blog\\\/#organization\"}}]}\n\t\t<\/script>\n\t\t<!-- All in One SEO -->\n\n","aioseo_head_json":{"title":"Via ferrata blisko Polski \u2013 cz\u0119\u015b\u0107 I, p\u00f3\u0142nocne Czechy - blog Skalnik","description":"Je\u015bli chcesz si\u0119 przekona\u0107, co to takiego te via ferraty, nie musisz jecha\u0107 setek kilometr\u00f3w. Wystarczy zaledwie par\u0119 godzin jazdy samochodem, by znale\u017a\u0107 si\u0119 na czeskich via ferratach. W naszym przewodniku prezentujemy dwie miejsc\u00f3wki - Vodni Brana oraz Decin.","canonical_url":"https:\/\/www.skalnik.pl\/blog\/via-ferrata-blisko-polski-czesc-i-polnocne-czechy\/","robots":"max-image-preview:large","keywords":"","webmasterTools":{"miscellaneous":""},"schema":{"@context":"https:\/\/schema.org","@graph":[{"@type":"BlogPosting","@id":"https:\/\/www.skalnik.pl\/blog\/via-ferrata-blisko-polski-czesc-i-polnocne-czechy\/#blogposting","name":"Via ferrata blisko Polski \u2013 cz\u0119\u015b\u0107 I, p\u00f3\u0142nocne Czechy - blog Skalnik","headline":"Via ferrata blisko Polski &#8211; cz\u0119\u015b\u0107 I, p\u00f3\u0142nocne Czechy","author":{"@id":"https:\/\/www.skalnik.pl\/blog\/author\/beata-nawrotkiewicz\/#author"},"publisher":{"@id":"https:\/\/www.skalnik.pl\/blog\/#organization"},"image":{"@type":"ImageObject","url":"https:\/\/www.skalnik.pl\/blog\/wp-content\/uploads\/2019\/05\/vodni-brana-okladka.jpg","width":3998,"height":1468},"datePublished":"2019-05-27T15:24:55+02:00","dateModified":"2023-06-02T14:19:12+02:00","inLanguage":"pl-PL","mainEntityOfPage":{"@id":"https:\/\/www.skalnik.pl\/blog\/via-ferrata-blisko-polski-czesc-i-polnocne-czechy\/#webpage"},"isPartOf":{"@id":"https:\/\/www.skalnik.pl\/blog\/via-ferrata-blisko-polski-czesc-i-polnocne-czechy\/#webpage"},"articleSection":"Pasja, czechy, via ferrata, 1191"},{"@type":"BreadcrumbList","@id":"https:\/\/www.skalnik.pl\/blog\/via-ferrata-blisko-polski-czesc-i-polnocne-czechy\/#breadcrumblist","itemListElement":[{"@type":"ListItem","@id":"https:\/\/www.skalnik.pl\/blog#listItem","position":1,"name":"Home","item":"https:\/\/www.skalnik.pl\/blog","nextItem":{"@type":"ListItem","@id":"https:\/\/www.skalnik.pl\/blog\/.\/pasja\/#listItem","name":"Pasja"}},{"@type":"ListItem","@id":"https:\/\/www.skalnik.pl\/blog\/.\/pasja\/#listItem","position":2,"name":"Pasja","item":"https:\/\/www.skalnik.pl\/blog\/.\/pasja\/","nextItem":{"@type":"ListItem","@id":"https:\/\/www.skalnik.pl\/blog\/via-ferrata-blisko-polski-czesc-i-polnocne-czechy\/#listItem","name":"Via ferrata blisko Polski &#8211; cz\u0119\u015b\u0107 I, p\u00f3\u0142nocne Czechy"},"previousItem":{"@type":"ListItem","@id":"https:\/\/www.skalnik.pl\/blog#listItem","name":"Home"}},{"@type":"ListItem","@id":"https:\/\/www.skalnik.pl\/blog\/via-ferrata-blisko-polski-czesc-i-polnocne-czechy\/#listItem","position":3,"name":"Via ferrata blisko Polski &#8211; cz\u0119\u015b\u0107 I, p\u00f3\u0142nocne Czechy","previousItem":{"@type":"ListItem","@id":"https:\/\/www.skalnik.pl\/blog\/.\/pasja\/#listItem","name":"Pasja"}}]},{"@type":"Organization","@id":"https:\/\/www.skalnik.pl\/blog\/#organization","name":"blog Skalnik","description":"Blog, porady, artyku\u0142y - blog Skalnik","url":"https:\/\/www.skalnik.pl\/blog\/"},{"@type":"Person","@id":"https:\/\/www.skalnik.pl\/blog\/author\/beata-nawrotkiewicz\/#author","url":"https:\/\/www.skalnik.pl\/blog\/author\/beata-nawrotkiewicz\/","name":"Beata Nawrotkiewicz","image":{"@type":"ImageObject","@id":"https:\/\/www.skalnik.pl\/blog\/via-ferrata-blisko-polski-czesc-i-polnocne-czechy\/#authorImage","url":"https:\/\/secure.gravatar.com\/avatar\/53cf81cfcc3a81694535515925ffcf159be725e8bd1fb455eeb9e2cadcaa5684?s=96&d=mm&r=g","width":96,"height":96,"caption":"Beata Nawrotkiewicz"}},{"@type":"WebPage","@id":"https:\/\/www.skalnik.pl\/blog\/via-ferrata-blisko-polski-czesc-i-polnocne-czechy\/#webpage","url":"https:\/\/www.skalnik.pl\/blog\/via-ferrata-blisko-polski-czesc-i-polnocne-czechy\/","name":"Via ferrata blisko Polski \u2013 cz\u0119\u015b\u0107 I, p\u00f3\u0142nocne Czechy - blog Skalnik","description":"Je\u015bli chcesz si\u0119 przekona\u0107, co to takiego te via ferraty, nie musisz jecha\u0107 setek kilometr\u00f3w. Wystarczy zaledwie par\u0119 godzin jazdy samochodem, by znale\u017a\u0107 si\u0119 na czeskich via ferratach. W naszym przewodniku prezentujemy dwie miejsc\u00f3wki - Vodni Brana oraz Decin.","inLanguage":"pl-PL","isPartOf":{"@id":"https:\/\/www.skalnik.pl\/blog\/#website"},"breadcrumb":{"@id":"https:\/\/www.skalnik.pl\/blog\/via-ferrata-blisko-polski-czesc-i-polnocne-czechy\/#breadcrumblist"},"author":{"@id":"https:\/\/www.skalnik.pl\/blog\/author\/beata-nawrotkiewicz\/#author"},"creator":{"@id":"https:\/\/www.skalnik.pl\/blog\/author\/beata-nawrotkiewicz\/#author"},"image":{"@type":"ImageObject","url":"https:\/\/www.skalnik.pl\/blog\/wp-content\/uploads\/2019\/05\/vodni-brana-okladka.jpg","@id":"https:\/\/www.skalnik.pl\/blog\/via-ferrata-blisko-polski-czesc-i-polnocne-czechy\/#mainImage","width":3998,"height":1468},"primaryImageOfPage":{"@id":"https:\/\/www.skalnik.pl\/blog\/via-ferrata-blisko-polski-czesc-i-polnocne-czechy\/#mainImage"},"datePublished":"2019-05-27T15:24:55+02:00","dateModified":"2023-06-02T14:19:12+02:00"},{"@type":"WebSite","@id":"https:\/\/www.skalnik.pl\/blog\/#website","url":"https:\/\/www.skalnik.pl\/blog\/","name":"blog Skalnik","description":"Blog, porady, artyku\u0142y - blog Skalnik","inLanguage":"pl-PL","publisher":{"@id":"https:\/\/www.skalnik.pl\/blog\/#organization"}}]},"og:locale":"pl_PL","og:site_name":"blog Skalnik - Blog, porady, artyku\u0142y - blog Skalnik","og:type":"article","og:title":"Via ferrata blisko Polski \u2013 cz\u0119\u015b\u0107 I, p\u00f3\u0142nocne Czechy - blog Skalnik","og:description":"Je\u015bli chcesz si\u0119 przekona\u0107, co to takiego te via ferraty, nie musisz jecha\u0107 setek kilometr\u00f3w. Wystarczy zaledwie par\u0119 godzin jazdy samochodem, by znale\u017a\u0107 si\u0119 na czeskich via ferratach. W naszym przewodniku prezentujemy dwie miejsc\u00f3wki - Vodni Brana oraz Decin.","og:url":"https:\/\/www.skalnik.pl\/blog\/via-ferrata-blisko-polski-czesc-i-polnocne-czechy\/","og:image":"https:\/\/skalnik.pl\/blog\/wp-content\/uploads\/2019\/05\/poczatek-vodni-brana-1024x707.jpg","og:image:secure_url":"https:\/\/skalnik.pl\/blog\/wp-content\/uploads\/2019\/05\/poczatek-vodni-brana-1024x707.jpg","article:tag":["pasja","czechy","via ferrata"],"article:published_time":"2019-05-27T13:24:55+00:00","article:modified_time":"2023-06-02T12:19:12+00:00","twitter:card":"summary_large_image","twitter:title":"Via ferrata blisko Polski \u2013 cz\u0119\u015b\u0107 I, p\u00f3\u0142nocne Czechy - blog Skalnik","twitter:description":"Je\u015bli chcesz si\u0119 przekona\u0107, co to takiego te via ferraty, nie musisz jecha\u0107 setek kilometr\u00f3w. Wystarczy zaledwie par\u0119 godzin jazdy samochodem, by znale\u017a\u0107 si\u0119 na czeskich via ferratach. W naszym przewodniku prezentujemy dwie miejsc\u00f3wki - Vodni Brana oraz Decin.","twitter:image":"https:\/\/skalnik.pl\/blog\/wp-content\/uploads\/2019\/05\/poczatek-vodni-brana-1024x707.jpg"},"aioseo_meta_data":{"post_id":"6967","title":null,"description":null,"keywords":[{"label":"via ferrata","value":"via ferrata"},{"label":"via ferraty","value":"via ferraty"},{"label":"wspinaczka","value":"wspinaczka"},{"label":"czechy","value":"czechy"}],"keyphrases":{"focus":{"keyphrase":"","score":0,"analysis":{"keyphraseInTitle":{"score":0,"maxScore":9,"error":1}}},"additional":[]},"primary_term":null,"canonical_url":null,"og_title":null,"og_description":null,"og_object_type":"default","og_image_type":"default","og_image_url":null,"og_image_width":null,"og_image_height":null,"og_image_custom_url":null,"og_image_custom_fields":null,"og_video":"","og_custom_url":null,"og_article_section":null,"og_article_tags":[],"twitter_use_og":false,"twitter_card":"default","twitter_image_type":"default","twitter_image_url":null,"twitter_image_custom_url":null,"twitter_image_custom_fields":null,"twitter_title":null,"twitter_description":null,"schema":{"blockGraphs":[],"customGraphs":[],"default":{"data":{"Article":[],"Course":[],"Dataset":[],"FAQPage":[],"Movie":[],"Person":[],"Product":[],"ProductReview":[],"Car":[],"Recipe":[],"Service":[],"SoftwareApplication":[],"WebPage":[]},"graphName":"","isEnabled":true},"graphs":[]},"schema_type":"default","schema_type_options":null,"pillar_content":false,"robots_default":true,"robots_noindex":false,"robots_noarchive":false,"robots_nosnippet":false,"robots_nofollow":false,"robots_noimageindex":false,"robots_noodp":false,"robots_notranslate":false,"robots_max_snippet":"-1","robots_max_videopreview":"-1","robots_max_imagepreview":"large","priority":null,"frequency":"default","local_seo":null,"breadcrumb_settings":null,"limit_modified_date":false,"ai":null,"created":"2022-08-26 09:39:20","updated":"2026-02-17 21:33:25","seo_analyzer_scan_date":null},"aioseo_breadcrumb":"<div class=\"aioseo-breadcrumbs\"><span class=\"aioseo-breadcrumb\">\n\t\t\t<a href=\"https:\/\/www.skalnik.pl\/blog\" title=\"Home\">Home<\/a>\n\t\t<\/span><span class=\"aioseo-breadcrumb-separator\">&raquo;<\/span><span class=\"aioseo-breadcrumb\">\n\t\t\t<a href=\"https:\/\/www.skalnik.pl\/blog\/.\/pasja\/\" title=\"Pasja\">Pasja<\/a>\n\t\t<\/span><span class=\"aioseo-breadcrumb-separator\">&raquo;<\/span><span class=\"aioseo-breadcrumb\">\n\t\t\tVia ferrata blisko Polski \u2013 cz\u0119\u015b\u0107 I, p\u00f3\u0142nocne Czechy\n\t\t<\/span><\/div>","aioseo_breadcrumb_json":[{"label":"Home","link":"https:\/\/www.skalnik.pl\/blog"},{"label":"Pasja","link":"https:\/\/www.skalnik.pl\/blog\/.\/pasja\/"},{"label":"Via ferrata blisko Polski &#8211; cz\u0119\u015b\u0107 I, p\u00f3\u0142nocne Czechy","link":"https:\/\/www.skalnik.pl\/blog\/via-ferrata-blisko-polski-czesc-i-polnocne-czechy\/"}],"_links":{"self":[{"href":"https:\/\/www.skalnik.pl\/blog\/wp-json\/wp\/v2\/posts\/6967","targetHints":{"allow":["GET"]}}],"collection":[{"href":"https:\/\/www.skalnik.pl\/blog\/wp-json\/wp\/v2\/posts"}],"about":[{"href":"https:\/\/www.skalnik.pl\/blog\/wp-json\/wp\/v2\/types\/post"}],"author":[{"embeddable":true,"href":"https:\/\/www.skalnik.pl\/blog\/wp-json\/wp\/v2\/users\/9"}],"replies":[{"embeddable":true,"href":"https:\/\/www.skalnik.pl\/blog\/wp-json\/wp\/v2\/comments?post=6967"}],"version-history":[{"count":28,"href":"https:\/\/www.skalnik.pl\/blog\/wp-json\/wp\/v2\/posts\/6967\/revisions"}],"predecessor-version":[{"id":23200,"href":"https:\/\/www.skalnik.pl\/blog\/wp-json\/wp\/v2\/posts\/6967\/revisions\/23200"}],"wp:featuredmedia":[{"embeddable":true,"href":"https:\/\/www.skalnik.pl\/blog\/wp-json\/wp\/v2\/media\/7012"}],"wp:attachment":[{"href":"https:\/\/www.skalnik.pl\/blog\/wp-json\/wp\/v2\/media?parent=6967"}],"wp:term":[{"taxonomy":"category","embeddable":true,"href":"https:\/\/www.skalnik.pl\/blog\/wp-json\/wp\/v2\/categories?post=6967"},{"taxonomy":"post_tag","embeddable":true,"href":"https:\/\/www.skalnik.pl\/blog\/wp-json\/wp\/v2\/tags?post=6967"},{"taxonomy":"magento_category","embeddable":true,"href":"https:\/\/www.skalnik.pl\/blog\/wp-json\/wp\/v2\/magento_category?post=6967"},{"taxonomy":"magento_product","embeddable":true,"href":"https:\/\/www.skalnik.pl\/blog\/wp-json\/wp\/v2\/magento_product?post=6967"}],"curies":[{"name":"wp","href":"https:\/\/api.w.org\/{rel}","templated":true}]}}