{"id":7388,"date":"2019-06-25T10:12:17","date_gmt":"2019-06-25T08:12:17","guid":{"rendered":"https:\/\/skalnik.pl\/blog\/?p=7388"},"modified":"2019-08-02T09:58:57","modified_gmt":"2019-08-02T07:58:57","slug":"lonza-via-ferrata-jak-wybrac","status":"publish","type":"post","link":"https:\/\/www.skalnik.pl\/blog\/lonza-via-ferrata-jak-wybrac\/","title":{"rendered":"Jak wybra\u0107 lon\u017c\u0119 na via ferrat\u0119"},"content":{"rendered":"<p><b>Je\u017celi zag\u0142\u0119biasz si\u0119 w techniczne szczeg\u00f3\u0142y sprz\u0119tu na via ferraty i zastanawiasz si\u0119, kt\u00f3ra lon\u017ca spo\u015br\u00f3d szerokiej oferty na rynku b\u0119dzie dla ciebie najlepsza, to dobrze trafi\u0142e\u015b! Sprawd\u017a, na co zwr\u00f3ci\u0107 uwag\u0119 przy wyborze lon\u017cy na via ferraty i wybierz najbardziej odpowiedni dla siebie model.<\/b><\/p>\n<p>Gdy wybierali\u015bmy swoje pierwsze lon\u017ce na via ferraty, przejrzeli\u015bmy wiele dost\u0119pnych na rynku modeli. Sporo czytali\u015bmy, dyskutowali\u015bmy i sprawdzali\u015bmy. Ka\u017cda z przegl\u0105danych lon\u017cy mia\u0142a swoje wady i zalety. W ko\u0144cu oboje wybrali\u015bmy t\u0119 sam\u0105 lon\u017c\u0119 \u2013 Edelrid Cable Comfort 5.0 , mimo \u017ce nie jest to dla nas wyb\u00f3r doskona\u0142y. Poni\u017cej znajdziecie szereg czynnik\u00f3w, na kt\u00f3re warto zwr\u00f3ci\u0107 uwag\u0119 wybieraj\u0105c swoj\u0105 lon\u017c\u0119. Cz\u0119\u015b\u0107 z nich jest bardzo istotna, a inne mo\u017cna nazwa\u0107 \u201efanaberiami\u201d fana technicznej strony sport\u00f3w (czytaj Mariusza).<\/p>\n<p>Czytaj\u0105c nasz tekst pami\u0119tajcie jednak, \u017ce najwa\u017cniejsze w via ferratach jest po prostu to, by lon\u017c\u0119 mie\u0107. I to specjalnie zaprojektowan\u0105 lon\u017c\u0119 do tego celu. Dlaczego? Przeczytajcie o tym w naszym <a href=\"https:\/\/skalnik.pl\/blog\/lonza-via-ferrata-co-to-jest\">innym artykule<\/a>.<\/p>\n<p>&nbsp;<\/p>\n<div id=\"ez-toc-container\" class=\"ez-toc-v2_0_85 counter-hierarchy ez-toc-counter ez-toc-light-blue ez-toc-container-direction\">\n<div class=\"ez-toc-title-container\">\n<p class=\"ez-toc-title\" style=\"cursor:inherit\">SPIS TRE\u015aCI <\/p>\n<span class=\"ez-toc-title-toggle\"><a href=\"#\" class=\"ez-toc-pull-right ez-toc-btn ez-toc-btn-xs ez-toc-btn-default ez-toc-toggle\" aria-label=\"Prze\u0142\u0105cznik Spisu Tre\u015bci\"><span class=\"ez-toc-js-icon-con\"><span class=\"\"><span class=\"eztoc-hide\" style=\"display:none;\">Toggle<\/span><span class=\"ez-toc-icon-toggle-span\"><svg style=\"fill: #999;color:#999\" xmlns=\"http:\/\/www.w3.org\/2000\/svg\" class=\"list-377408\" width=\"20px\" height=\"20px\" viewBox=\"0 0 24 24\" fill=\"none\"><path d=\"M6 6H4v2h2V6zm14 0H8v2h12V6zM4 11h2v2H4v-2zm16 0H8v2h12v-2zM4 16h2v2H4v-2zm16 0H8v2h12v-2z\" fill=\"currentColor\"><\/path><\/svg><svg style=\"fill: #999;color:#999\" class=\"arrow-unsorted-368013\" xmlns=\"http:\/\/www.w3.org\/2000\/svg\" width=\"10px\" height=\"10px\" viewBox=\"0 0 24 24\" version=\"1.2\" baseProfile=\"tiny\"><path d=\"M18.2 9.3l-6.2-6.3-6.2 6.3c-.2.2-.3.4-.3.7s.1.5.3.7c.2.2.4.3.7.3h11c.3 0 .5-.1.7-.3.2-.2.3-.5.3-.7s-.1-.5-.3-.7zM5.8 14.7l6.2 6.3 6.2-6.3c.2-.2.3-.5.3-.7s-.1-.5-.3-.7c-.2-.2-.4-.3-.7-.3h-11c-.3 0-.5.1-.7.3-.2.2-.3.5-.3.7s.1.5.3.7z\"\/><\/svg><\/span><\/span><\/span><\/a><\/span><\/div>\n<nav><ul class='ez-toc-list ez-toc-list-level-1 ' ><li class='ez-toc-page-1 ez-toc-heading-level-2'><a class=\"ez-toc-link ez-toc-heading-1\" href=\"https:\/\/www.skalnik.pl\/blog\/lonza-via-ferrata-jak-wybrac\/#Wygoda_uzytkowania_lonzy\" >Wygoda u\u017cytkowania lon\u017cy<\/a><\/li><li class='ez-toc-page-1 ez-toc-heading-level-2'><a class=\"ez-toc-link ez-toc-heading-2\" href=\"https:\/\/www.skalnik.pl\/blog\/lonza-via-ferrata-jak-wybrac\/#Dlugosc_lonzy_Via_Ferrata\" >D\u0142ugo\u015b\u0107 lon\u017cy Via Ferrata<\/a><\/li><li class='ez-toc-page-1 ez-toc-heading-level-2'><a class=\"ez-toc-link ez-toc-heading-3\" href=\"https:\/\/www.skalnik.pl\/blog\/lonza-via-ferrata-jak-wybrac\/#Latwosc_odpinania_karabinkow\" >\u0141atwo\u015b\u0107 odpinania karabink\u00f3w<\/a><\/li><li class='ez-toc-page-1 ez-toc-heading-level-2'><a class=\"ez-toc-link ez-toc-heading-4\" href=\"https:\/\/www.skalnik.pl\/blog\/lonza-via-ferrata-jak-wybrac\/#Przeswit_karabinkow\" >Prze\u015bwit karabink\u00f3w<\/a><\/li><li class='ez-toc-page-1 ez-toc-heading-level-2'><a class=\"ez-toc-link ez-toc-heading-5\" href=\"https:\/\/www.skalnik.pl\/blog\/lonza-via-ferrata-jak-wybrac\/#Lonza_z_kretlikiem_czy_bez\" >Lon\u017ca z kr\u0119tlikiem czy bez?<\/a><\/li><li class='ez-toc-page-1 ez-toc-heading-level-2'><a class=\"ez-toc-link ez-toc-heading-6\" href=\"https:\/\/www.skalnik.pl\/blog\/lonza-via-ferrata-jak-wybrac\/#Dodatkowe_ucho_w_lonzy_wspinaczkowej\" >Dodatkowe ucho w lon\u017cy wspinaczkowej<\/a><\/li><li class='ez-toc-page-1 ez-toc-heading-level-2'><a class=\"ez-toc-link ez-toc-heading-7\" href=\"https:\/\/www.skalnik.pl\/blog\/lonza-via-ferrata-jak-wybrac\/#Czas_uzytkowania_lonzy_na_via_ferraty\" >Czas u\u017cytkowania lon\u017cy na via ferraty<\/a><\/li><li class='ez-toc-page-1 ez-toc-heading-level-2'><a class=\"ez-toc-link ez-toc-heading-8\" href=\"https:\/\/www.skalnik.pl\/blog\/lonza-via-ferrata-jak-wybrac\/#Cena_lonzy_via_ferrata\" >Cena lon\u017cy via ferrata<\/a><\/li><\/ul><\/nav><\/div>\n<h2><span class=\"ez-toc-section\" id=\"Wygoda_uzytkowania_lonzy\"><\/span>Wygoda u\u017cytkowania lon\u017cy<span class=\"ez-toc-section-end\"><\/span><\/h2>\n<p>Wed\u0142ug nas to najwa\u017cniejszy z czynnik\u00f3w decyduj\u0105cy o wyborze lon\u017cy. Wszystkie wymienione poni\u017cej elementy maj\u0105 wp\u0142yw na og\u00f3ln\u0105 \u0142atwo\u015b\u0107 i wygod\u0119 u\u017cytkowania lon\u017cy, a wi\u0119c r\u00f3wnie\u017c na zmniejszenie ryzyka pope\u0142nienia b\u0142\u0119du i zwi\u0119kszenie bezpiecze\u0144stwa. Wybierz wi\u0119c model, z kt\u00f3rym najlepiej si\u0119 czujesz.<\/p>\n<p>Przed zakupem lon\u017cy warto sprawdzi\u0107, jak wsp\u00f3\u0142gra ona z nami i nasz\u0105 uprz\u0119\u017c\u0105. Zamontuj swoj\u0105 lon\u017c\u0119 i sprawd\u017a \u0142atwo\u015b\u0107 wwi\u0105zywania lon\u017cy do uprz\u0119\u017cy, d\u0142ugo\u015b\u0107 ramion oraz wielko\u015b\u0107 absorbera.<\/p>\n<p>&nbsp;<\/p>\n<h2><span class=\"ez-toc-section\" id=\"Dlugosc_lonzy_Via_Ferrata\"><\/span>D\u0142ugo\u015b\u0107 lon\u017cy Via Ferrata<span class=\"ez-toc-section-end\"><\/span><\/h2>\n<p>Jaka powinna by\u0107 d\u0142ugo\u015b\u0107 lon\u017cy na via ferraty? Odpowiednia! Lon\u017ca wspinaczkowa nie powinna by\u0107 ani za d\u0142uga, ani za kr\u00f3tka. Wybieraj\u0105c model dla siebie dopasuj go do swojego wzrostu. R\u00f3\u017cnice w d\u0142ugo\u015bciach s\u0105 niewielkie, ale przy niekt\u00f3rych osobach mog\u0105 mie\u0107 one decyduj\u0105ce znaczenie. Zwr\u00f3\u0107 uwag\u0119 na to, w kt\u00f3rym miejscu ko\u0144czy si\u0119 lon\u017ca wpi\u0119ta do uprz\u0119\u017cy z puszczonymi lu\u017ano karabinkami. <a href=\"https:\/\/skalnik.pl\/sprzet-wspinaczkowy\/wspinaczka\/wspinaczka-karabinki\">Karabinki<\/a> zdecydowanie nie powinny dotyka\u0107 ziemi. Nast\u0119pnie sprawd\u017a, do kt\u00f3rego miejsca dosi\u0119gasz na maksymalnie rozci\u0105gni\u0119tej lon\u017cy. Im d\u0142u\u017csze lon\u017ce tym ci\u0119\u017cej b\u0119dzie dosi\u0119gn\u0105\u0107 do karabink\u00f3w i tym d\u0142u\u017cszy lot w przypadku odpadni\u0119cia od ska\u0142y. Z drugiej strony za kr\u00f3tkie lon\u017ce b\u0119d\u0105 ogranicza\u0142y nam ruchy.<\/p>\n<p>&nbsp;<\/p>\n<h2><span class=\"ez-toc-section\" id=\"Latwosc_odpinania_karabinkow\"><\/span>\u0141atwo\u015b\u0107 odpinania karabink\u00f3w<span class=\"ez-toc-section-end\"><\/span><\/h2>\n<p>Kolejnym czynnikiem, na kt\u00f3ry warto zwr\u00f3ci\u0107 uwag\u0119 jest praca karabink\u00f3w. Cz\u0119\u015b\u0107 producent\u00f3w stosuje rozwi\u0105zania pozwalaj\u0105ce na szybkie i \u0142atwe odblokowanie karabink\u00f3w, a inni stawiaj\u0105 na zupe\u0142nie co\u015b innego. Decyzja o tym, kt\u00f3ry system wybra\u0107, zale\u017cy od pewno\u015bci w\u0142asnych ruch\u00f3w. W naszym przypadku dla Mariusza wyb\u00f3r by\u0142 prosty \u2013 im l\u017cej chodz\u0105ce karabinki tym lepiej. W ko\u0144cu to do\u015bwiadczony, \u015bwiadomy swoich ruch\u00f3w i niepopadaj\u0105cy w rutyn\u0119 cz\u0142owiek. Dla mnie ta decyzja nie by\u0142a ju\u017c taka \u0142atwa. Lekko chodz\u0105ce karabinki zwi\u0119kszaj\u0105 ryzyko ich nie\u015bwiadomego otwarcia w z\u0142ym momencie. Im trudniej otworzy\u0107 karabinek tym lepiej dla mniej do\u015bwiadczonej osoby.<\/p>\n<p>&nbsp;<\/p>\n<h2><span class=\"ez-toc-section\" id=\"Przeswit_karabinkow\"><\/span>Prze\u015bwit karabink\u00f3w<span class=\"ez-toc-section-end\"><\/span><\/h2>\n<p>Prze\u015bwit karabinka to odleg\u0142o\u015b\u0107 mi\u0119dzy otwartym ramieniem karabinka a zamkiem. Upraszczaj\u0105c mo\u017cna go por\u00f3wna\u0107 do \u015brednicy liny jak\u0105 mo\u017cna wpi\u0105\u0107 w karabinek.<\/p>\n<div id=\"attachment_7434\" style=\"width: 960px\" class=\"wp-caption aligncenter\"><img loading=\"lazy\" decoding=\"async\" aria-describedby=\"caption-attachment-7434\" class=\"wp-image-7434 size-full\" src=\"https:\/\/skalnik.pl\/blog\/wp-content\/uploads\/2019\/06\/ilustracja-prze\u015bwit-karabinka.jpg\" alt=\"Prze\u015bwit karabinka\" width=\"950\" height=\"500\" srcset=\"https:\/\/www.skalnik.pl\/blog\/wp-content\/uploads\/2019\/06\/ilustracja-prze\u015bwit-karabinka.jpg 950w, https:\/\/www.skalnik.pl\/blog\/wp-content\/uploads\/2019\/06\/ilustracja-prze\u015bwit-karabinka-300x158.jpg 300w, https:\/\/www.skalnik.pl\/blog\/wp-content\/uploads\/2019\/06\/ilustracja-prze\u015bwit-karabinka-768x404.jpg 768w\" sizes=\"auto, (max-width: 950px) 100vw, 950px\" \/><p id=\"caption-attachment-7434\" class=\"wp-caption-text\">Prze\u015bwit karabinka<\/p><\/div>\n<p>Parametr ten jest istotny szczeg\u00f3lnie w przypadku, gdy wybieramy si\u0119 na <a href=\"https:\/\/skalnik.pl\/sprzet-wspinaczkowy\/inne\/inne-via-ferraty\">via ferraty<\/a> o grubych stal\u00f3wkach. W\u00f3wczas karabinki o ma\u0142ym prze\u015bwicie du\u017co ci\u0119\u017cej wpi\u0105\u0107 do liny. Nie spotkali\u015bmy si\u0119 jeszcze z takimi linami, w kt\u00f3re nie da\u0142oby si\u0119 wpi\u0105\u0107 lon\u017cy via ferratowej, jednak zdarzy\u0142y nam si\u0119 takie (w okolicach Pragi), w kt\u00f3rych by\u0142o to utrudnione.<\/p>\n<p>&nbsp;<\/p>\n<h2><span class=\"ez-toc-section\" id=\"Lonza_z_kretlikiem_czy_bez\"><\/span>Lon\u017ca z kr\u0119tlikiem czy bez?<span class=\"ez-toc-section-end\"><\/span><\/h2>\n<p>Kr\u0119tlik, czyli dwie przeciwstawnie kr\u0119c\u0105ce si\u0119 powierzchnie, do kt\u00f3rych mocowane s\u0105 inne elementy, to urz\u0105dzenie zapobiegaj\u0105ce skr\u0119caniu si\u0119 liny. Ma wiele zastosowa\u0144 w outdoorze. U\u017cywany jest na przyk\u0142ad przy pracach wysoko\u015bciowych czy ta\u0144cu na szarfach. Podobna konstrukcja u\u017cywana jest r\u00f3wnie\u017c w w\u0119dkarstwie.<\/p>\n<div id=\"attachment_7397\" style=\"width: 1804px\" class=\"wp-caption aligncenter\"><img loading=\"lazy\" decoding=\"async\" aria-describedby=\"caption-attachment-7397\" class=\"wp-image-7397 size-full\" src=\"https:\/\/skalnik.pl\/blog\/wp-content\/uploads\/2019\/06\/Lon\u017ca-via-ferrata-kr\u0119tlik.jpeg\" alt=\"Lon\u017ca via ferrata - kr\u0119tlik\" width=\"1794\" height=\"1009\" srcset=\"https:\/\/www.skalnik.pl\/blog\/wp-content\/uploads\/2019\/06\/Lon\u017ca-via-ferrata-kr\u0119tlik.jpeg 1794w, https:\/\/www.skalnik.pl\/blog\/wp-content\/uploads\/2019\/06\/Lon\u017ca-via-ferrata-kr\u0119tlik-300x169.jpeg 300w, https:\/\/www.skalnik.pl\/blog\/wp-content\/uploads\/2019\/06\/Lon\u017ca-via-ferrata-kr\u0119tlik-768x432.jpeg 768w, https:\/\/www.skalnik.pl\/blog\/wp-content\/uploads\/2019\/06\/Lon\u017ca-via-ferrata-kr\u0119tlik-1024x576.jpeg 1024w\" sizes=\"auto, (max-width: 1794px) 100vw, 1794px\" \/><p id=\"caption-attachment-7397\" class=\"wp-caption-text\">Kr\u0119tlik w lon\u017cy Via Ferrata<\/p><\/div>\n<p>Lon\u017ce na via ferraty r\u00f3wnie\u017c produkuje si\u0119 z kr\u0119tlikiem, dzi\u0119ki kt\u00f3remu nie skr\u0119caj\u0105 nam si\u0119 ramiona lon\u017cy i mo\u017cemy przesta\u0107 zastanawia\u0107 si\u0119 nad kolejno\u015bci\u0105 przepinania karabink\u00f3w. Czy jest to rozwi\u0105zanie niezb\u0119dne? Nie. Czy jest przydatne? Zdecydowanie! Nale\u017cy pami\u0119ta\u0107, \u017ce kr\u0119tlik podnosi komfort u\u017cytkowania, ale r\u00f3wnie\u017c cen\u0119 lon\u017cy.<\/p>\n<p>&nbsp;<\/p>\n<h2><span class=\"ez-toc-section\" id=\"Dodatkowe_ucho_w_lonzy_wspinaczkowej\"><\/span>Dodatkowe ucho w lon\u017cy wspinaczkowej<span class=\"ez-toc-section-end\"><\/span><\/h2>\n<p>Przydatnym rozwi\u0105zaniem jest dodatkowe ucho przy absorberze, kt\u00f3re pozwala na wpi\u0119cie karabinka. Dzi\u0119ki temu mo\u017cemy wpi\u0105\u0107 si\u0119 \u201ena kr\u00f3tko\u201d aby odpocz\u0105\u0107, zachowuj\u0105c przy tym ci\u0105g\u0142\u0105 asekuracj\u0119 absorberem. Szczeg\u00f3lnie istotne mo\u017ce si\u0119 to okaza\u0107 przy wymagaj\u0105cych via ferratach.<\/p>\n<div id=\"attachment_7399\" style=\"width: 1689px\" class=\"wp-caption aligncenter\"><img loading=\"lazy\" decoding=\"async\" aria-describedby=\"caption-attachment-7399\" class=\"wp-image-7399 size-full\" src=\"https:\/\/skalnik.pl\/blog\/wp-content\/uploads\/2019\/06\/Lon\u017ca-wspinaczkowa-via-ferraty.jpeg\" alt=\"Lon\u017ca wspinaczkowa via ferraty\" width=\"1679\" height=\"944\" srcset=\"https:\/\/www.skalnik.pl\/blog\/wp-content\/uploads\/2019\/06\/Lon\u017ca-wspinaczkowa-via-ferraty.jpeg 1679w, https:\/\/www.skalnik.pl\/blog\/wp-content\/uploads\/2019\/06\/Lon\u017ca-wspinaczkowa-via-ferraty-300x169.jpeg 300w, https:\/\/www.skalnik.pl\/blog\/wp-content\/uploads\/2019\/06\/Lon\u017ca-wspinaczkowa-via-ferraty-768x432.jpeg 768w, https:\/\/www.skalnik.pl\/blog\/wp-content\/uploads\/2019\/06\/Lon\u017ca-wspinaczkowa-via-ferraty-1024x576.jpeg 1024w\" sizes=\"auto, (max-width: 1679px) 100vw, 1679px\" \/><p id=\"caption-attachment-7399\" class=\"wp-caption-text\">Dodatkowe ucho przy absorberze jest bardzo przydatne jako lon\u017ca odpoczynkowa<\/p><\/div>\n<p>&nbsp;<\/p>\n<h2><span class=\"ez-toc-section\" id=\"Czas_uzytkowania_lonzy_na_via_ferraty\"><\/span>Czas u\u017cytkowania lon\u017cy na via ferraty<span class=\"ez-toc-section-end\"><\/span><\/h2>\n<p>Ka\u017cdy sprz\u0119t zawieraj\u0105cy elementy tekstylne ma okre\u015blony przez producenta maksymalny czas przechowywania i u\u017cytkowania, po kt\u00f3rym produkt nale\u017cy wycofa\u0107 z u\u017cycia. Wybieraj\u0105c lon\u017c\u0119 warto zwr\u00f3ci\u0107 wi\u0119c uwag\u0119 r\u00f3wnie\u017c na ten parametr. Zwykle jest to okres od 5 do 10 lat. Niekt\u00f3rzy producenci okre\u015blaj\u0105 czas przydatno\u015bci lon\u017cy w zale\u017cno\u015bci od intensywno\u015bci jej u\u017cytkowania i przy regularnym u\u017cytkowaniu (np. w wypo\u017cyczalni) okres ten potrafi si\u0119 skr\u00f3ci\u0107 nawet do kilku miesi\u0119cy.<\/p>\n<p>Pami\u0119tajcie r\u00f3wnie\u017c o wykonywaniu corocznych przegl\u0105d\u00f3w swoich lon\u017cy, kt\u00f3re s\u0105 zalecane przez producent\u00f3w. W Skalniku mo\u017cesz wykona\u0107 takie przegl\u0105dy \u2013 sprawd\u017a szczeg\u00f3\u0142y.<\/p>\n<div id=\"attachment_7401\" style=\"width: 548px\" class=\"wp-caption aligncenter\"><img loading=\"lazy\" decoding=\"async\" aria-describedby=\"caption-attachment-7401\" class=\"wp-image-7401 size-full\" src=\"https:\/\/skalnik.pl\/blog\/wp-content\/uploads\/2019\/06\/Czas-u\u017cytkowania-lon\u017cy-Salewa.jpeg\" alt=\"Czas u\u017cytkowania lon\u017cy Salewa\" width=\"538\" height=\"175\" srcset=\"https:\/\/www.skalnik.pl\/blog\/wp-content\/uploads\/2019\/06\/Czas-u\u017cytkowania-lon\u017cy-Salewa.jpeg 538w, https:\/\/www.skalnik.pl\/blog\/wp-content\/uploads\/2019\/06\/Czas-u\u017cytkowania-lon\u017cy-Salewa-300x98.jpeg 300w\" sizes=\"auto, (max-width: 538px) 100vw, 538px\" \/><p id=\"caption-attachment-7401\" class=\"wp-caption-text\">Przyk\u0142adowy czas u\u017cytkowania z instrukcji dla lon\u017cy marki Salewa<\/p><\/div>\n<p>&nbsp;<\/p>\n<h2><span class=\"ez-toc-section\" id=\"Cena_lonzy_via_ferrata\"><\/span>Cena lon\u017cy via ferrata<span class=\"ez-toc-section-end\"><\/span><\/h2>\n<p>Nie bez znaczenia pozostaje r\u00f3wnie\u017c kwestia bud\u017cetu, jaki chcemy przeznaczy\u0107 na nasz\u0105 lon\u017ce. Zdecydowanie jednak nie powinien by\u0107 to g\u0142\u00f3wny element warunkuj\u0105cy nasz wyb\u00f3r, bo nasze zdrowie i \u017cycie jest cenniejsze ni\u017c zaoszcz\u0119dzone pieni\u0105dze. <a href=\"https:\/\/skalnik.pl\/sprzet-wspinaczkowy\/inne\/inne-via-ferraty\">Lon\u017ca via ferrata<\/a> to koszt od 250 do 600 z\u0142.<\/p>\n<p>Wybieraj\u0105c lon\u017c\u0119 dla siebie pami\u0119taj, \u017ce nie ma z\u0142ego wyboru. Ka\u017cda dost\u0119pna na rynku lon\u017ca certyfikowana do pokonywania via ferrat b\u0119dzie odpowiednia. R\u00f3\u017cnice pomi\u0119dzy nimi s\u0105 niewielkie i zapewni\u0105 wi\u0119kszy lub mniejszy komfort u\u017cytkowania. Z pewno\u015bci\u0105 nie s\u0105 jednak decyduj\u0105ce dla bezpiecze\u0144stwa pokonywania \u017celaznych dr\u00f3g.<\/p>\n","protected":false},"excerpt":{"rendered":"<p>Via Ferraty daj\u0105 mn\u00f3stwo przyjemno\u015bci. Je\u015bli pierwsze przej\u015bcia ju\u017c za Tob\u0105 i zastanawiasz si\u0119 nad zakupem lon\u017cy wspinaczkowej to dobrze trafi\u0142e\u015b. Sprawd\u017a, na co zwr\u00f3ci\u0107 uwag\u0119 przy zakupie, aby dobra\u0107 model odpowiedni dla siebie.<\/p>\n","protected":false},"author":27,"featured_media":7403,"comment_status":"open","ping_status":"open","sticky":false,"template":"","format":"standard","meta":{"_acf_changed":false,"footnotes":""},"categories":[3],"tags":[90,112],"magento_category":[80],"magento_product":[],"class_list":["post-7388","post","type-post","status-publish","format-standard","has-post-thumbnail","hentry","category-porady","tag-sprzet-wspinaczkowy","tag-via-ferrata"],"acf":[],"aioseo_notices":[],"aioseo_head":"\n\t\t<!-- All in One SEO 4.9.10 - aioseo.com -->\n\t<meta name=\"description\" content=\"Kupujesz pierwszy sprz\u0119t na via ferraty? Sprawd\u017a jak wybra\u0107 lon\u017c\u0119 wspinaczkow\u0105. Podpowiadamy na co zwr\u00f3ci\u0107 uwag\u0119 by wybra\u0107 model odpowiedni dla siebie\" \/>\n\t<meta name=\"robots\" content=\"max-image-preview:large\" \/>\n\t<meta name=\"author\" content=\"Ola i Mariusz Robak\"\/>\n\t<link rel=\"canonical\" href=\"https:\/\/www.skalnik.pl\/blog\/lonza-via-ferrata-jak-wybrac\/\" \/>\n\t<meta name=\"generator\" content=\"All in One SEO (AIOSEO) 4.9.10\" \/>\n\t\t<meta property=\"og:locale\" content=\"pl_PL\" \/>\n\t\t<meta property=\"og:site_name\" content=\"blog Skalnik - Blog, porady, artyku\u0142y - blog Skalnik\" \/>\n\t\t<meta property=\"og:type\" content=\"article\" \/>\n\t\t<meta property=\"og:title\" content=\"Jak wybra\u0107 lon\u017c\u0119 na via ferrat\u0119 - blog Skalnik\" \/>\n\t\t<meta property=\"og:description\" content=\"Kupujesz pierwszy sprz\u0119t na via ferraty? Sprawd\u017a jak wybra\u0107 lon\u017c\u0119 wspinaczkow\u0105. Podpowiadamy na co zwr\u00f3ci\u0107 uwag\u0119 by wybra\u0107 model odpowiedni dla siebie\" \/>\n\t\t<meta property=\"og:url\" content=\"https:\/\/www.skalnik.pl\/blog\/lonza-via-ferrata-jak-wybrac\/\" \/>\n\t\t<meta property=\"og:image\" content=\"https:\/\/skalnik.pl\/blog\/wp-content\/uploads\/2019\/06\/ilustracja-prze\u015bwit-karabinka.jpg\" \/>\n\t\t<meta property=\"og:image:secure_url\" content=\"https:\/\/skalnik.pl\/blog\/wp-content\/uploads\/2019\/06\/ilustracja-prze\u015bwit-karabinka.jpg\" \/>\n\t\t<meta property=\"article:tag\" content=\"porady\" \/>\n\t\t<meta property=\"article:tag\" content=\"sprz\u0119t wspinaczkowy\" \/>\n\t\t<meta property=\"article:tag\" content=\"via ferrata\" \/>\n\t\t<meta property=\"article:published_time\" content=\"2019-06-25T08:12:17+00:00\" \/>\n\t\t<meta property=\"article:modified_time\" content=\"2019-08-02T07:58:57+00:00\" \/>\n\t\t<meta name=\"twitter:card\" content=\"summary_large_image\" \/>\n\t\t<meta name=\"twitter:title\" content=\"Jak wybra\u0107 lon\u017c\u0119 na via ferrat\u0119 - blog Skalnik\" \/>\n\t\t<meta name=\"twitter:description\" content=\"Kupujesz pierwszy sprz\u0119t na via ferraty? Sprawd\u017a jak wybra\u0107 lon\u017c\u0119 wspinaczkow\u0105. Podpowiadamy na co zwr\u00f3ci\u0107 uwag\u0119 by wybra\u0107 model odpowiedni dla siebie\" \/>\n\t\t<meta name=\"twitter:image\" content=\"https:\/\/skalnik.pl\/blog\/wp-content\/uploads\/2019\/06\/ilustracja-prze\u015bwit-karabinka.jpg\" \/>\n\t\t<script type=\"application\/ld+json\" class=\"aioseo-schema\">\n\t\t\t{\"@context\":\"https:\\\/\\\/schema.org\",\"@graph\":[{\"@type\":\"BlogPosting\",\"@id\":\"https:\\\/\\\/www.skalnik.pl\\\/blog\\\/lonza-via-ferrata-jak-wybrac\\\/#blogposting\",\"name\":\"Jak wybra\\u0107 lon\\u017c\\u0119 na via ferrat\\u0119 - blog Skalnik\",\"headline\":\"Jak wybra\\u0107 lon\\u017c\\u0119 na via ferrat\\u0119\",\"author\":{\"@id\":\"https:\\\/\\\/www.skalnik.pl\\\/blog\\\/author\\\/olamariusz-robak\\\/#author\"},\"publisher\":{\"@id\":\"https:\\\/\\\/www.skalnik.pl\\\/blog\\\/#organization\"},\"image\":{\"@type\":\"ImageObject\",\"url\":\"https:\\\/\\\/www.skalnik.pl\\\/blog\\\/wp-content\\\/uploads\\\/2019\\\/06\\\/Lon\\u017ca-na-Via-Ferraty-e1560249734247.jpeg\",\"width\":1679,\"height\":617,\"caption\":\"Lon\\u017ca na Via Ferraty\"},\"datePublished\":\"2019-06-25T10:12:17+02:00\",\"dateModified\":\"2019-08-02T09:58:57+02:00\",\"inLanguage\":\"pl-PL\",\"mainEntityOfPage\":{\"@id\":\"https:\\\/\\\/www.skalnik.pl\\\/blog\\\/lonza-via-ferrata-jak-wybrac\\\/#webpage\"},\"isPartOf\":{\"@id\":\"https:\\\/\\\/www.skalnik.pl\\\/blog\\\/lonza-via-ferrata-jak-wybrac\\\/#webpage\"},\"articleSection\":\"Porady, sprz\\u0119t wspinaczkowy, via ferrata, 1191\"},{\"@type\":\"BreadcrumbList\",\"@id\":\"https:\\\/\\\/www.skalnik.pl\\\/blog\\\/lonza-via-ferrata-jak-wybrac\\\/#breadcrumblist\",\"itemListElement\":[{\"@type\":\"ListItem\",\"@id\":\"https:\\\/\\\/www.skalnik.pl\\\/blog#listItem\",\"position\":1,\"name\":\"Home\",\"item\":\"https:\\\/\\\/www.skalnik.pl\\\/blog\",\"nextItem\":{\"@type\":\"ListItem\",\"@id\":\"https:\\\/\\\/www.skalnik.pl\\\/blog\\\/.\\\/porady\\\/#listItem\",\"name\":\"Porady\"}},{\"@type\":\"ListItem\",\"@id\":\"https:\\\/\\\/www.skalnik.pl\\\/blog\\\/.\\\/porady\\\/#listItem\",\"position\":2,\"name\":\"Porady\",\"item\":\"https:\\\/\\\/www.skalnik.pl\\\/blog\\\/.\\\/porady\\\/\",\"nextItem\":{\"@type\":\"ListItem\",\"@id\":\"https:\\\/\\\/www.skalnik.pl\\\/blog\\\/lonza-via-ferrata-jak-wybrac\\\/#listItem\",\"name\":\"Jak wybra\\u0107 lon\\u017c\\u0119 na via ferrat\\u0119\"},\"previousItem\":{\"@type\":\"ListItem\",\"@id\":\"https:\\\/\\\/www.skalnik.pl\\\/blog#listItem\",\"name\":\"Home\"}},{\"@type\":\"ListItem\",\"@id\":\"https:\\\/\\\/www.skalnik.pl\\\/blog\\\/lonza-via-ferrata-jak-wybrac\\\/#listItem\",\"position\":3,\"name\":\"Jak wybra\\u0107 lon\\u017c\\u0119 na via ferrat\\u0119\",\"previousItem\":{\"@type\":\"ListItem\",\"@id\":\"https:\\\/\\\/www.skalnik.pl\\\/blog\\\/.\\\/porady\\\/#listItem\",\"name\":\"Porady\"}}]},{\"@type\":\"Organization\",\"@id\":\"https:\\\/\\\/www.skalnik.pl\\\/blog\\\/#organization\",\"name\":\"blog Skalnik\",\"description\":\"Blog, porady, artyku\\u0142y - blog Skalnik\",\"url\":\"https:\\\/\\\/www.skalnik.pl\\\/blog\\\/\"},{\"@type\":\"Person\",\"@id\":\"https:\\\/\\\/www.skalnik.pl\\\/blog\\\/author\\\/olamariusz-robak\\\/#author\",\"url\":\"https:\\\/\\\/www.skalnik.pl\\\/blog\\\/author\\\/olamariusz-robak\\\/\",\"name\":\"Ola i Mariusz Robak\",\"image\":{\"@type\":\"ImageObject\",\"@id\":\"https:\\\/\\\/www.skalnik.pl\\\/blog\\\/lonza-via-ferrata-jak-wybrac\\\/#authorImage\",\"url\":\"https:\\\/\\\/secure.gravatar.com\\\/avatar\\\/1bdfdd8d52a8a864114b9539958110649b274bdf789f5503a949f40004d3c50f?s=96&d=mm&r=g\",\"width\":96,\"height\":96,\"caption\":\"Ola i Mariusz Robak\"}},{\"@type\":\"WebPage\",\"@id\":\"https:\\\/\\\/www.skalnik.pl\\\/blog\\\/lonza-via-ferrata-jak-wybrac\\\/#webpage\",\"url\":\"https:\\\/\\\/www.skalnik.pl\\\/blog\\\/lonza-via-ferrata-jak-wybrac\\\/\",\"name\":\"Jak wybra\\u0107 lon\\u017c\\u0119 na via ferrat\\u0119 - blog Skalnik\",\"description\":\"Kupujesz pierwszy sprz\\u0119t na via ferraty? Sprawd\\u017a jak wybra\\u0107 lon\\u017c\\u0119 wspinaczkow\\u0105. Podpowiadamy na co zwr\\u00f3ci\\u0107 uwag\\u0119 by wybra\\u0107 model odpowiedni dla siebie\",\"inLanguage\":\"pl-PL\",\"isPartOf\":{\"@id\":\"https:\\\/\\\/www.skalnik.pl\\\/blog\\\/#website\"},\"breadcrumb\":{\"@id\":\"https:\\\/\\\/www.skalnik.pl\\\/blog\\\/lonza-via-ferrata-jak-wybrac\\\/#breadcrumblist\"},\"author\":{\"@id\":\"https:\\\/\\\/www.skalnik.pl\\\/blog\\\/author\\\/olamariusz-robak\\\/#author\"},\"creator\":{\"@id\":\"https:\\\/\\\/www.skalnik.pl\\\/blog\\\/author\\\/olamariusz-robak\\\/#author\"},\"image\":{\"@type\":\"ImageObject\",\"url\":\"https:\\\/\\\/www.skalnik.pl\\\/blog\\\/wp-content\\\/uploads\\\/2019\\\/06\\\/Lon\\u017ca-na-Via-Ferraty-e1560249734247.jpeg\",\"@id\":\"https:\\\/\\\/www.skalnik.pl\\\/blog\\\/lonza-via-ferrata-jak-wybrac\\\/#mainImage\",\"width\":1679,\"height\":617,\"caption\":\"Lon\\u017ca na Via Ferraty\"},\"primaryImageOfPage\":{\"@id\":\"https:\\\/\\\/www.skalnik.pl\\\/blog\\\/lonza-via-ferrata-jak-wybrac\\\/#mainImage\"},\"datePublished\":\"2019-06-25T10:12:17+02:00\",\"dateModified\":\"2019-08-02T09:58:57+02:00\"},{\"@type\":\"WebSite\",\"@id\":\"https:\\\/\\\/www.skalnik.pl\\\/blog\\\/#website\",\"url\":\"https:\\\/\\\/www.skalnik.pl\\\/blog\\\/\",\"name\":\"blog Skalnik\",\"description\":\"Blog, porady, artyku\\u0142y - blog Skalnik\",\"inLanguage\":\"pl-PL\",\"publisher\":{\"@id\":\"https:\\\/\\\/www.skalnik.pl\\\/blog\\\/#organization\"}}]}\n\t\t<\/script>\n\t\t<!-- All in One SEO -->\n\n","aioseo_head_json":{"title":"Jak wybra\u0107 lon\u017c\u0119 na via ferrat\u0119 - blog Skalnik","description":"Kupujesz pierwszy sprz\u0119t na via ferraty? Sprawd\u017a jak wybra\u0107 lon\u017c\u0119 wspinaczkow\u0105. Podpowiadamy na co zwr\u00f3ci\u0107 uwag\u0119 by wybra\u0107 model odpowiedni dla siebie","canonical_url":"https:\/\/www.skalnik.pl\/blog\/lonza-via-ferrata-jak-wybrac\/","robots":"max-image-preview:large","keywords":"","webmasterTools":{"miscellaneous":""},"schema":{"@context":"https:\/\/schema.org","@graph":[{"@type":"BlogPosting","@id":"https:\/\/www.skalnik.pl\/blog\/lonza-via-ferrata-jak-wybrac\/#blogposting","name":"Jak wybra\u0107 lon\u017c\u0119 na via ferrat\u0119 - blog Skalnik","headline":"Jak wybra\u0107 lon\u017c\u0119 na via ferrat\u0119","author":{"@id":"https:\/\/www.skalnik.pl\/blog\/author\/olamariusz-robak\/#author"},"publisher":{"@id":"https:\/\/www.skalnik.pl\/blog\/#organization"},"image":{"@type":"ImageObject","url":"https:\/\/www.skalnik.pl\/blog\/wp-content\/uploads\/2019\/06\/Lon\u017ca-na-Via-Ferraty-e1560249734247.jpeg","width":1679,"height":617,"caption":"Lon\u017ca na Via Ferraty"},"datePublished":"2019-06-25T10:12:17+02:00","dateModified":"2019-08-02T09:58:57+02:00","inLanguage":"pl-PL","mainEntityOfPage":{"@id":"https:\/\/www.skalnik.pl\/blog\/lonza-via-ferrata-jak-wybrac\/#webpage"},"isPartOf":{"@id":"https:\/\/www.skalnik.pl\/blog\/lonza-via-ferrata-jak-wybrac\/#webpage"},"articleSection":"Porady, sprz\u0119t wspinaczkowy, via ferrata, 1191"},{"@type":"BreadcrumbList","@id":"https:\/\/www.skalnik.pl\/blog\/lonza-via-ferrata-jak-wybrac\/#breadcrumblist","itemListElement":[{"@type":"ListItem","@id":"https:\/\/www.skalnik.pl\/blog#listItem","position":1,"name":"Home","item":"https:\/\/www.skalnik.pl\/blog","nextItem":{"@type":"ListItem","@id":"https:\/\/www.skalnik.pl\/blog\/.\/porady\/#listItem","name":"Porady"}},{"@type":"ListItem","@id":"https:\/\/www.skalnik.pl\/blog\/.\/porady\/#listItem","position":2,"name":"Porady","item":"https:\/\/www.skalnik.pl\/blog\/.\/porady\/","nextItem":{"@type":"ListItem","@id":"https:\/\/www.skalnik.pl\/blog\/lonza-via-ferrata-jak-wybrac\/#listItem","name":"Jak wybra\u0107 lon\u017c\u0119 na via ferrat\u0119"},"previousItem":{"@type":"ListItem","@id":"https:\/\/www.skalnik.pl\/blog#listItem","name":"Home"}},{"@type":"ListItem","@id":"https:\/\/www.skalnik.pl\/blog\/lonza-via-ferrata-jak-wybrac\/#listItem","position":3,"name":"Jak wybra\u0107 lon\u017c\u0119 na via ferrat\u0119","previousItem":{"@type":"ListItem","@id":"https:\/\/www.skalnik.pl\/blog\/.\/porady\/#listItem","name":"Porady"}}]},{"@type":"Organization","@id":"https:\/\/www.skalnik.pl\/blog\/#organization","name":"blog Skalnik","description":"Blog, porady, artyku\u0142y - blog Skalnik","url":"https:\/\/www.skalnik.pl\/blog\/"},{"@type":"Person","@id":"https:\/\/www.skalnik.pl\/blog\/author\/olamariusz-robak\/#author","url":"https:\/\/www.skalnik.pl\/blog\/author\/olamariusz-robak\/","name":"Ola i Mariusz Robak","image":{"@type":"ImageObject","@id":"https:\/\/www.skalnik.pl\/blog\/lonza-via-ferrata-jak-wybrac\/#authorImage","url":"https:\/\/secure.gravatar.com\/avatar\/1bdfdd8d52a8a864114b9539958110649b274bdf789f5503a949f40004d3c50f?s=96&d=mm&r=g","width":96,"height":96,"caption":"Ola i Mariusz Robak"}},{"@type":"WebPage","@id":"https:\/\/www.skalnik.pl\/blog\/lonza-via-ferrata-jak-wybrac\/#webpage","url":"https:\/\/www.skalnik.pl\/blog\/lonza-via-ferrata-jak-wybrac\/","name":"Jak wybra\u0107 lon\u017c\u0119 na via ferrat\u0119 - blog Skalnik","description":"Kupujesz pierwszy sprz\u0119t na via ferraty? Sprawd\u017a jak wybra\u0107 lon\u017c\u0119 wspinaczkow\u0105. Podpowiadamy na co zwr\u00f3ci\u0107 uwag\u0119 by wybra\u0107 model odpowiedni dla siebie","inLanguage":"pl-PL","isPartOf":{"@id":"https:\/\/www.skalnik.pl\/blog\/#website"},"breadcrumb":{"@id":"https:\/\/www.skalnik.pl\/blog\/lonza-via-ferrata-jak-wybrac\/#breadcrumblist"},"author":{"@id":"https:\/\/www.skalnik.pl\/blog\/author\/olamariusz-robak\/#author"},"creator":{"@id":"https:\/\/www.skalnik.pl\/blog\/author\/olamariusz-robak\/#author"},"image":{"@type":"ImageObject","url":"https:\/\/www.skalnik.pl\/blog\/wp-content\/uploads\/2019\/06\/Lon\u017ca-na-Via-Ferraty-e1560249734247.jpeg","@id":"https:\/\/www.skalnik.pl\/blog\/lonza-via-ferrata-jak-wybrac\/#mainImage","width":1679,"height":617,"caption":"Lon\u017ca na Via Ferraty"},"primaryImageOfPage":{"@id":"https:\/\/www.skalnik.pl\/blog\/lonza-via-ferrata-jak-wybrac\/#mainImage"},"datePublished":"2019-06-25T10:12:17+02:00","dateModified":"2019-08-02T09:58:57+02:00"},{"@type":"WebSite","@id":"https:\/\/www.skalnik.pl\/blog\/#website","url":"https:\/\/www.skalnik.pl\/blog\/","name":"blog Skalnik","description":"Blog, porady, artyku\u0142y - blog Skalnik","inLanguage":"pl-PL","publisher":{"@id":"https:\/\/www.skalnik.pl\/blog\/#organization"}}]},"og:locale":"pl_PL","og:site_name":"blog Skalnik - Blog, porady, artyku\u0142y - blog Skalnik","og:type":"article","og:title":"Jak wybra\u0107 lon\u017c\u0119 na via ferrat\u0119 - blog Skalnik","og:description":"Kupujesz pierwszy sprz\u0119t na via ferraty? Sprawd\u017a jak wybra\u0107 lon\u017c\u0119 wspinaczkow\u0105. Podpowiadamy na co zwr\u00f3ci\u0107 uwag\u0119 by wybra\u0107 model odpowiedni dla siebie","og:url":"https:\/\/www.skalnik.pl\/blog\/lonza-via-ferrata-jak-wybrac\/","og:image":"https:\/\/skalnik.pl\/blog\/wp-content\/uploads\/2019\/06\/ilustracja-prze\u015bwit-karabinka.jpg","og:image:secure_url":"https:\/\/skalnik.pl\/blog\/wp-content\/uploads\/2019\/06\/ilustracja-prze\u015bwit-karabinka.jpg","article:tag":["porady","sprz\u0119t wspinaczkowy","via ferrata"],"article:published_time":"2019-06-25T08:12:17+00:00","article:modified_time":"2019-08-02T07:58:57+00:00","twitter:card":"summary_large_image","twitter:title":"Jak wybra\u0107 lon\u017c\u0119 na via ferrat\u0119 - blog Skalnik","twitter:description":"Kupujesz pierwszy sprz\u0119t na via ferraty? Sprawd\u017a jak wybra\u0107 lon\u017c\u0119 wspinaczkow\u0105. Podpowiadamy na co zwr\u00f3ci\u0107 uwag\u0119 by wybra\u0107 model odpowiedni dla siebie","twitter:image":"https:\/\/skalnik.pl\/blog\/wp-content\/uploads\/2019\/06\/ilustracja-prze\u015bwit-karabinka.jpg"},"aioseo_meta_data":{"post_id":"7388","title":"","description":"Kupujesz pierwszy sprz\u0119t na via ferraty? Sprawd\u017a jak wybra\u0107 lon\u017c\u0119 wspinaczkow\u0105. Podpowiadamy na co zwr\u00f3ci\u0107 uwag\u0119 by wybra\u0107 model odpowiedni dla siebie","keywords":[{"label":"vai ferrata","value":"vai ferrata"},{"label":"lon\u017ca via ferrata","value":"lon\u017ca via ferrata"},{"label":"lon\u017ca wspinaczkowa","value":"lon\u017ca wspinaczkowa"},{"label":"via ferraty","value":"via ferraty"}],"keyphrases":null,"primary_term":null,"canonical_url":null,"og_title":null,"og_description":null,"og_object_type":"default","og_image_type":"default","og_image_url":null,"og_image_width":null,"og_image_height":null,"og_image_custom_url":null,"og_image_custom_fields":null,"og_video":null,"og_custom_url":null,"og_article_section":null,"og_article_tags":null,"twitter_use_og":false,"twitter_card":"default","twitter_image_type":"default","twitter_image_url":null,"twitter_image_custom_url":null,"twitter_image_custom_fields":null,"twitter_title":null,"twitter_description":null,"schema":{"blockGraphs":[],"customGraphs":[],"default":{"data":{"Article":[],"Course":[],"Dataset":[],"FAQPage":[],"Movie":[],"Person":[],"Product":[],"ProductReview":[],"Car":[],"Recipe":[],"Service":[],"SoftwareApplication":[],"WebPage":[]},"graphName":"BlogPosting","isEnabled":true},"graphs":[]},"schema_type":"default","schema_type_options":null,"pillar_content":false,"robots_default":true,"robots_noindex":false,"robots_noarchive":false,"robots_nosnippet":false,"robots_nofollow":false,"robots_noimageindex":false,"robots_noodp":false,"robots_notranslate":false,"robots_max_snippet":null,"robots_max_videopreview":null,"robots_max_imagepreview":"large","priority":null,"frequency":null,"local_seo":null,"breadcrumb_settings":null,"limit_modified_date":false,"ai":null,"created":"2022-08-26 09:40:01","updated":"2026-02-17 21:34:52","seo_analyzer_scan_date":null},"aioseo_breadcrumb":"<div class=\"aioseo-breadcrumbs\"><span class=\"aioseo-breadcrumb\">\n\t\t\t<a href=\"https:\/\/www.skalnik.pl\/blog\" title=\"Home\">Home<\/a>\n\t\t<\/span><span class=\"aioseo-breadcrumb-separator\">&raquo;<\/span><span class=\"aioseo-breadcrumb\">\n\t\t\t<a href=\"https:\/\/www.skalnik.pl\/blog\/.\/porady\/\" title=\"Porady\">Porady<\/a>\n\t\t<\/span><span class=\"aioseo-breadcrumb-separator\">&raquo;<\/span><span class=\"aioseo-breadcrumb\">\n\t\t\tJak wybra\u0107 lon\u017c\u0119 na via ferrat\u0119\n\t\t<\/span><\/div>","aioseo_breadcrumb_json":[{"label":"Home","link":"https:\/\/www.skalnik.pl\/blog"},{"label":"Porady","link":"https:\/\/www.skalnik.pl\/blog\/.\/porady\/"},{"label":"Jak wybra\u0107 lon\u017c\u0119 na via ferrat\u0119","link":"https:\/\/www.skalnik.pl\/blog\/lonza-via-ferrata-jak-wybrac\/"}],"_links":{"self":[{"href":"https:\/\/www.skalnik.pl\/blog\/wp-json\/wp\/v2\/posts\/7388","targetHints":{"allow":["GET"]}}],"collection":[{"href":"https:\/\/www.skalnik.pl\/blog\/wp-json\/wp\/v2\/posts"}],"about":[{"href":"https:\/\/www.skalnik.pl\/blog\/wp-json\/wp\/v2\/types\/post"}],"author":[{"embeddable":true,"href":"https:\/\/www.skalnik.pl\/blog\/wp-json\/wp\/v2\/users\/27"}],"replies":[{"embeddable":true,"href":"https:\/\/www.skalnik.pl\/blog\/wp-json\/wp\/v2\/comments?post=7388"}],"version-history":[{"count":13,"href":"https:\/\/www.skalnik.pl\/blog\/wp-json\/wp\/v2\/posts\/7388\/revisions"}],"predecessor-version":[{"id":13788,"href":"https:\/\/www.skalnik.pl\/blog\/wp-json\/wp\/v2\/posts\/7388\/revisions\/13788"}],"wp:featuredmedia":[{"embeddable":true,"href":"https:\/\/www.skalnik.pl\/blog\/wp-json\/wp\/v2\/media\/7403"}],"wp:attachment":[{"href":"https:\/\/www.skalnik.pl\/blog\/wp-json\/wp\/v2\/media?parent=7388"}],"wp:term":[{"taxonomy":"category","embeddable":true,"href":"https:\/\/www.skalnik.pl\/blog\/wp-json\/wp\/v2\/categories?post=7388"},{"taxonomy":"post_tag","embeddable":true,"href":"https:\/\/www.skalnik.pl\/blog\/wp-json\/wp\/v2\/tags?post=7388"},{"taxonomy":"magento_category","embeddable":true,"href":"https:\/\/www.skalnik.pl\/blog\/wp-json\/wp\/v2\/magento_category?post=7388"},{"taxonomy":"magento_product","embeddable":true,"href":"https:\/\/www.skalnik.pl\/blog\/wp-json\/wp\/v2\/magento_product?post=7388"}],"curies":[{"name":"wp","href":"https:\/\/api.w.org\/{rel}","templated":true}]}}