{"id":7458,"date":"2019-06-19T15:35:03","date_gmt":"2019-06-19T13:35:03","guid":{"rendered":"https:\/\/skalnik.pl\/blog\/?p=7458"},"modified":"2024-05-20T15:42:56","modified_gmt":"2024-05-20T13:42:56","slug":"izrael-co-zobaczyc","status":"publish","type":"post","link":"https:\/\/www.skalnik.pl\/blog\/izrael-co-zobaczyc\/","title":{"rendered":"Izrael w 6 dni. Co warto zobaczy\u0107"},"content":{"rendered":"<p><b>Do zorganizowania wycieczki do Izraela sk\u0142oni\u0142a nas bardzo dobra oferta cenowa bilet\u00f3w lotniczych naszego narodowego przewo\u017anika oraz wiosenna t\u0119sknota za s\u0142o\u0144cem. Wybrali\u015bmy termin na pocz\u0105tku marca, optymalny pod wzgl\u0119dem warunk\u00f3w pogodowych na zwiedzanie, trekking i kr\u00f3tkie pla\u017cowanie.<\/b><\/p>\n<p>Przy wyborze terminu lotu warto pami\u0119ta\u0107, \u017ce w Izraelu od pi\u0105tkowego zachodu s\u0142o\u0144ca do sobotniego zachodu panuje szabas. W praktyce oznacza to, \u017ce nie dzia\u0142a \u017cadna komunikacja, nie je\u017cd\u017c\u0105 poci\u0105gi ani autobusy, a jedynym \u015brodkiem transportu, kt\u00f3rym mo\u017cna dojecha\u0107 na lotnisko b\u0105d\u017a si\u0119 z niego wydosta\u0107 jest taks\u00f3wka nale\u017c\u0105ca do wyznawc\u00f3w innych religii ni\u017c Judaizm. Cena pokonania oko\u0142o 20 kilometrowej trasy z centrum Tel-Avivu na lotnisko, b\u0105d\u017a w odwrotn\u0105 stron\u0119 to oko\u0142o 150 ILS (Szekli) czyli 150 PLN. Wiele linii lotniczych oferuje bardzo niskie ceny bilet\u00f3w na sobotnie loty, ale pami\u0119tajmy, \u017ce tego dnia nie uda si\u0119 skorzysta\u0107 z komunikacji publicznej.<\/p>\n<p>Przed wyjazdem do Izraela dobrze jest zaplanowa\u0107 szczeg\u00f3\u0142owo pobyt, zw\u0142aszcza je\u017celi chcemy odwiedzi\u0107 wiele miejsc w ci\u0105gu kilku dni. Nam uda\u0142o si\u0119 zobaczy\u0107 Jerozolim\u0119, rezerwat En Gedi, Ein Bokek nad Morzem Martwym, twierdz\u0119 Masada, Arad, Park Narodowy Bet Guvrin oraz Tel-Aviv.<\/p>\n<p>Na lotnisku Ben Guriona w Tel-Avivie wyl\u0105dowali\u015bmy w niedzielny poranek. Bezpo\u015brednio z lotniska do Jerozolimy mo\u017cna dojecha\u0107 szybkim poci\u0105giem kursuj\u0105cym co 30 minut. Podr\u00f3\u017c do stacji Yitzhak Navon w Jerozolimie zajmuje oko\u0142o 20 minut i kosztuje oko\u0142o 20 ILS. Ze stacji Yitzhak Navon odje\u017cd\u017caj\u0105 tramwaje i autobusy, kt\u00f3rymi mo\u017cna dojecha\u0107 do dowolnej cz\u0119\u015bci miasta.<\/p>\n<h2><\/h2>\n<div id=\"ez-toc-container\" class=\"ez-toc-v2_0_85 counter-hierarchy ez-toc-counter ez-toc-light-blue ez-toc-container-direction\">\n<div class=\"ez-toc-title-container\">\n<p class=\"ez-toc-title\" style=\"cursor:inherit\">SPIS TRE\u015aCI <\/p>\n<span class=\"ez-toc-title-toggle\"><a href=\"#\" class=\"ez-toc-pull-right ez-toc-btn ez-toc-btn-xs ez-toc-btn-default ez-toc-toggle\" aria-label=\"Prze\u0142\u0105cznik Spisu Tre\u015bci\"><span class=\"ez-toc-js-icon-con\"><span class=\"\"><span class=\"eztoc-hide\" style=\"display:none;\">Toggle<\/span><span class=\"ez-toc-icon-toggle-span\"><svg style=\"fill: #999;color:#999\" xmlns=\"http:\/\/www.w3.org\/2000\/svg\" class=\"list-377408\" width=\"20px\" height=\"20px\" viewBox=\"0 0 24 24\" fill=\"none\"><path d=\"M6 6H4v2h2V6zm14 0H8v2h12V6zM4 11h2v2H4v-2zm16 0H8v2h12v-2zM4 16h2v2H4v-2zm16 0H8v2h12v-2z\" fill=\"currentColor\"><\/path><\/svg><svg style=\"fill: #999;color:#999\" class=\"arrow-unsorted-368013\" xmlns=\"http:\/\/www.w3.org\/2000\/svg\" width=\"10px\" height=\"10px\" viewBox=\"0 0 24 24\" version=\"1.2\" baseProfile=\"tiny\"><path d=\"M18.2 9.3l-6.2-6.3-6.2 6.3c-.2.2-.3.4-.3.7s.1.5.3.7c.2.2.4.3.7.3h11c.3 0 .5-.1.7-.3.2-.2.3-.5.3-.7s-.1-.5-.3-.7zM5.8 14.7l6.2 6.3 6.2-6.3c.2-.2.3-.5.3-.7s-.1-.5-.3-.7c-.2-.2-.4-.3-.7-.3h-11c-.3 0-.5.1-.7.3-.2.2-.3.5-.3.7s.1.5.3.7z\"\/><\/svg><\/span><\/span><\/span><\/a><\/span><\/div>\n<nav><ul class='ez-toc-list ez-toc-list-level-1 ' ><li class='ez-toc-page-1 ez-toc-heading-level-2'><a class=\"ez-toc-link ez-toc-heading-1\" href=\"https:\/\/www.skalnik.pl\/blog\/izrael-co-zobaczyc\/#Jerozolima\" >Jerozolima<\/a><\/li><li class='ez-toc-page-1 ez-toc-heading-level-2'><a class=\"ez-toc-link ez-toc-heading-2\" href=\"https:\/\/www.skalnik.pl\/blog\/izrael-co-zobaczyc\/#W_strone_rezerwatu_En_Gedi\" >W stron\u0119 rezerwatu En Gedi<\/a><\/li><li class='ez-toc-page-1 ez-toc-heading-level-2'><a class=\"ez-toc-link ez-toc-heading-3\" href=\"https:\/\/www.skalnik.pl\/blog\/izrael-co-zobaczyc\/#En_Gedi\" >En Gedi<\/a><\/li><li class='ez-toc-page-1 ez-toc-heading-level-2'><a class=\"ez-toc-link ez-toc-heading-4\" href=\"https:\/\/www.skalnik.pl\/blog\/izrael-co-zobaczyc\/#Arad\" >Arad<\/a><\/li><li class='ez-toc-page-1 ez-toc-heading-level-2'><a class=\"ez-toc-link ez-toc-heading-5\" href=\"https:\/\/www.skalnik.pl\/blog\/izrael-co-zobaczyc\/#Masada\" >Masada<\/a><\/li><li class='ez-toc-page-1 ez-toc-heading-level-2'><a class=\"ez-toc-link ez-toc-heading-6\" href=\"https:\/\/www.skalnik.pl\/blog\/izrael-co-zobaczyc\/#Morze_martwe\" >Morze martwe<\/a><\/li><li class='ez-toc-page-1 ez-toc-heading-level-2'><a class=\"ez-toc-link ez-toc-heading-7\" href=\"https:\/\/www.skalnik.pl\/blog\/izrael-co-zobaczyc\/#Bet_Guvrin\" >Bet Guvrin<\/a><\/li><li class='ez-toc-page-1 ez-toc-heading-level-2'><a class=\"ez-toc-link ez-toc-heading-8\" href=\"https:\/\/www.skalnik.pl\/blog\/izrael-co-zobaczyc\/#Tel-Aviv\" >Tel-Aviv<\/a><\/li><li class='ez-toc-page-1 ez-toc-heading-level-2'><a class=\"ez-toc-link ez-toc-heading-9\" href=\"https:\/\/www.skalnik.pl\/blog\/izrael-co-zobaczyc\/#Jaffa\" >Jaffa<\/a><\/li><\/ul><\/nav><\/div>\n<h2><span class=\"ez-toc-section\" id=\"Jerozolima\"><\/span>Jerozolima<span class=\"ez-toc-section-end\"><\/span><\/h2>\n<p>Na zwiedzanie Jerozolimy przeznaczyli\u015bmy dwa dni. Dysponuj\u0105c tak ma\u0142\u0105 ilo\u015bci\u0105 czasu skupili\u015bmy si\u0119 na najwa\u017cniejszych miejscach Starego Miasta \u2013 kt\u00f3re podzielone jest na cztery dzielnice: chrze\u015bcija\u0144sk\u0105, muzu\u0142ma\u0144sk\u0105, \u017cydowsk\u0105 i ormia\u0144sk\u0105. Pomi\u0119dzy dzielnicami mo\u017cna przemieszcza\u0107 si\u0119 bez wi\u0119kszych ogranicze\u0144, przed wej\u015bciem do dzielnicy \u017cydowskiej trzeba przej\u015b\u0107 kontrol\u0119 bezpiecze\u0144stwa, podobnie wychodz\u0105c. Czasami w punktach kontroli tworz\u0105 si\u0119 kolejki, wi\u0119c planuj\u0105c wizyt\u0119 w miejscu, kt\u00f3re ma ograniczone godziny otwarcia, trzeba zaplanowa\u0107 przynajmniej p\u00f3\u0142 godziny zapasu. Na pewno miejscem, kt\u00f3re warto odwiedzi\u0107 cho\u0107 wej\u015bcie do niego nie jest proste, jest Wzg\u00f3rze \u015awi\u0105tynne. Jedyne wej\u015bcie dla zwiedzaj\u0105cych nieb\u0119d\u0105cych muzu\u0142manami znajduje si\u0119 od strony Bramy Gnojnej, po rampie, po przej\u015bciu kontroli bezpiecze\u0144stwa. Wej\u015bcie mo\u017cliwe jest tylko w godzinach 7.30 &#8211; 10.00 oraz 12.30-13.30 od poniedzia\u0142ku do czwartku. Do wn\u0119trza meczet\u00f3w mog\u0105 wej\u015b\u0107 tylko muzu\u0142manie.<\/p>\n<div id=\"attachment_7460\" style=\"width: 1246px\" class=\"wp-caption aligncenter\"><img loading=\"lazy\" decoding=\"async\" aria-describedby=\"caption-attachment-7460\" class=\"wp-image-7460 size-full\" src=\"https:\/\/skalnik.pl\/blog\/wp-content\/uploads\/2019\/06\/izrael-sciana-placzu.jpg\" alt=\"izrael sciana placzu\" width=\"1236\" height=\"745\" srcset=\"https:\/\/www.skalnik.pl\/blog\/wp-content\/uploads\/2019\/06\/izrael-sciana-placzu.jpg 1236w, https:\/\/www.skalnik.pl\/blog\/wp-content\/uploads\/2019\/06\/izrael-sciana-placzu-300x181.jpg 300w, https:\/\/www.skalnik.pl\/blog\/wp-content\/uploads\/2019\/06\/izrael-sciana-placzu-768x463.jpg 768w, https:\/\/www.skalnik.pl\/blog\/wp-content\/uploads\/2019\/06\/izrael-sciana-placzu-1024x617.jpg 1024w\" sizes=\"auto, (max-width: 1236px) 100vw, 1236px\" \/><p id=\"caption-attachment-7460\" class=\"wp-caption-text\">\u015aciana p\u0142aczu, z prawej rampa dla wchodz\u0105cych na Wzg\u00f3rze \u015awi\u0105tynne. Na wzg\u00f3rzu znajduje si\u0119 \u015bwi\u0119te miejsce dla muzu\u0142man\u00f3w: Kopu\u0142a na Skale \u2013 widoczna z ka\u017cdego punktu miasta.<\/p><\/div>\n<div id=\"attachment_7462\" style=\"width: 1193px\" class=\"wp-caption aligncenter\"><img loading=\"lazy\" decoding=\"async\" aria-describedby=\"caption-attachment-7462\" class=\"wp-image-7462 size-full\" src=\"https:\/\/skalnik.pl\/blog\/wp-content\/uploads\/2019\/06\/izreael-jerozolima.jpg\" alt=\"izreael jerozolima\" width=\"1183\" height=\"745\" srcset=\"https:\/\/www.skalnik.pl\/blog\/wp-content\/uploads\/2019\/06\/izreael-jerozolima.jpg 1183w, https:\/\/www.skalnik.pl\/blog\/wp-content\/uploads\/2019\/06\/izreael-jerozolima-300x189.jpg 300w, https:\/\/www.skalnik.pl\/blog\/wp-content\/uploads\/2019\/06\/izreael-jerozolima-768x484.jpg 768w, https:\/\/www.skalnik.pl\/blog\/wp-content\/uploads\/2019\/06\/izreael-jerozolima-1024x645.jpg 1024w\" sizes=\"auto, (max-width: 1183px) 100vw, 1183px\" \/><p id=\"caption-attachment-7462\" class=\"wp-caption-text\">Kopu\u0142a na Skale<\/p><\/div>\n<p>W dzielnicy chrze\u015bcija\u0144skiej najwa\u017cniejszym miejscem, jest Bazylika Grobu \u015awi\u0119tego \u2013 nale\u017c\u0105ca a\u017c do sze\u015bciu wyzna\u0144 chrze\u015bcija\u0144skich, do ko\u015bcio\u0142a rzymskokatolickiego, grekokatolickiego, ormia\u0144skiego, syryjskiego, koptyjskiego i abisy\u0144skiego. Mimo \u017ce to najwa\u017cniejsza \u015bwi\u0105tynia chrze\u015bcija\u0144stwa, nie jest \u0142atwo odnale\u017a\u0107 w pl\u0105taninie uliczek starego miasta drog\u0119 do niej prowadz\u0105c\u0105. Otwarta jest od 5:00 do 21:00, a wej\u015bcie jest darmowe. Do wewn\u0119trznej Kaplicy Grobu Pa\u0144skiego obowi\u0105zuje kolejka, kt\u00f3rej unikniemy przychodz\u0105c tu albo bardzo wcze\u015bnie rano, albo p\u00f3\u017anym wieczorem. Je\u015bli pojawimy si\u0119 o \u015bwicie (ok. 4:30), to nagrod\u0105 za wczesne wstawanie b\u0119dzie mo\u017cliwo\u015b\u0107 uczestniczenia w ceremonii otwarcia Bazyliki Grobu.<\/p>\n<p>Kluczami do niej opiekuj\u0105 si\u0119 od wiek\u00f3w dwie muzu\u0142ma\u0144skie rodziny \u2013 Judeh i Nuseibeh. Rodzina Judeh przechowuje klucz, a Nuseibeh odpowiada za otwieranie i zamykanie za jego pomoc\u0105 bramy. Wok\u00f3\u0142 Bazyliki Grobu od wiek\u00f3w tocz\u0105 si\u0119 spory pomi\u0119dzy religiami o prawo w\u0142asno\u015bci. W XIX wieku przedstawiciele religii roszcz\u0105cych sobie prawo do tego miejsca porozumieli si\u0119 i okre\u015blili zasad\u0119 niezmiennego stanu rzeczy \u201eStatus Quo\u201d. W praktyce oznacza to, \u017ce na wszelkie zmiany w obr\u0119bie \u015bwi\u0105tyni musz\u0105 zgodzi\u0107 si\u0119 przedstawiciele wszystkich religii. Symbolem \u201eStatus Quo\u201d sta\u0142a si\u0119 tzw. \u201e\u015awi\u0119ta drabina\u201d postawiona na gzymsie najprawdopodobniej w po\u0142owie XIX wieku, by\u0107 mo\u017ce przez kogo\u015b, kto chcia\u0142 umy\u0107 okna. Jej przestawienie wymaga\u0142oby zgody przedstawicieli wszystkich religii, wi\u0119c drabina stoi do dzi\u015b.<\/p>\n<div id=\"attachment_7464\" style=\"width: 1347px\" class=\"wp-caption aligncenter\"><img loading=\"lazy\" decoding=\"async\" aria-describedby=\"caption-attachment-7464\" class=\"wp-image-7464 size-full\" src=\"https:\/\/skalnik.pl\/blog\/wp-content\/uploads\/2019\/06\/Jerozolima-\u015bwi\u0119ta-drabina.jpg\" alt=\"Jerozolima \u015bwi\u0119ta drabina\" width=\"1337\" height=\"745\" srcset=\"https:\/\/www.skalnik.pl\/blog\/wp-content\/uploads\/2019\/06\/Jerozolima-\u015bwi\u0119ta-drabina.jpg 1337w, https:\/\/www.skalnik.pl\/blog\/wp-content\/uploads\/2019\/06\/Jerozolima-\u015bwi\u0119ta-drabina-300x167.jpg 300w, https:\/\/www.skalnik.pl\/blog\/wp-content\/uploads\/2019\/06\/Jerozolima-\u015bwi\u0119ta-drabina-768x428.jpg 768w, https:\/\/www.skalnik.pl\/blog\/wp-content\/uploads\/2019\/06\/Jerozolima-\u015bwi\u0119ta-drabina-1024x571.jpg 1024w\" sizes=\"auto, (max-width: 1337px) 100vw, 1337px\" \/><p id=\"caption-attachment-7464\" class=\"wp-caption-text\">\u015awi\u0119ta drabina<\/p><\/div>\n<p>Warto te\u017c spojrze\u0107 na Jerozolim\u0119 z innej perspektywy i wybra\u0107 si\u0119 na spacer po murach miejskich, wej\u015bcie znajduje si\u0119 przy bramie Jaffa \u2013 bilety kosztuj\u0105 16 NIS. Na mury miejskie wchodzi\u0107 mo\u017cna do godziny 16.<\/p>\n<p><img loading=\"lazy\" decoding=\"async\" class=\"wp-image-7466 size-full aligncenter\" src=\"https:\/\/skalnik.pl\/blog\/wp-content\/uploads\/2019\/06\/Izrael-co-zobaczy\u0107.jpg\" alt=\"Izrael co zobaczy\u0107\" width=\"1326\" height=\"745\" srcset=\"https:\/\/www.skalnik.pl\/blog\/wp-content\/uploads\/2019\/06\/Izrael-co-zobaczy\u0107.jpg 1326w, https:\/\/www.skalnik.pl\/blog\/wp-content\/uploads\/2019\/06\/Izrael-co-zobaczy\u0107-300x169.jpg 300w, https:\/\/www.skalnik.pl\/blog\/wp-content\/uploads\/2019\/06\/Izrael-co-zobaczy\u0107-768x431.jpg 768w, https:\/\/www.skalnik.pl\/blog\/wp-content\/uploads\/2019\/06\/Izrael-co-zobaczy\u0107-1024x575.jpg 1024w\" sizes=\"auto, (max-width: 1326px) 100vw, 1326px\" \/><\/p>\n<p>Z wysoko\u015bci mo\u017cemy te\u017c popodgl\u0105da\u0107 normalne \u017cycie, kt\u00f3re toczy si\u0119 wewn\u0105trz mur\u00f3w,. W \u015bwi\u0119tym mie\u015bcie te\u017c suszy si\u0119 pranie, a dzieci graj\u0105 w pi\u0142k\u0119 na przerwie w szkole.<\/p>\n<p><img loading=\"lazy\" decoding=\"async\" class=\"aligncenter wp-image-7467 size-full\" src=\"https:\/\/skalnik.pl\/blog\/wp-content\/uploads\/2019\/06\/Izrael-co-warto-zobaczyc.jpg\" alt=\"Izrael co warto zobaczyc\" width=\"1288\" height=\"744\" srcset=\"https:\/\/www.skalnik.pl\/blog\/wp-content\/uploads\/2019\/06\/Izrael-co-warto-zobaczyc.jpg 1288w, https:\/\/www.skalnik.pl\/blog\/wp-content\/uploads\/2019\/06\/Izrael-co-warto-zobaczyc-300x173.jpg 300w, https:\/\/www.skalnik.pl\/blog\/wp-content\/uploads\/2019\/06\/Izrael-co-warto-zobaczyc-768x444.jpg 768w, https:\/\/www.skalnik.pl\/blog\/wp-content\/uploads\/2019\/06\/Izrael-co-warto-zobaczyc-1024x592.jpg 1024w\" sizes=\"auto, (max-width: 1288px) 100vw, 1288px\" \/><\/p>\n<p>Je\u017celi zg\u0142odniejemy to stare miasto oferuje mn\u00f3stwo miejsc, gdzie mo\u017cna zje\u015b\u0107 w tradycyjnym stylu i zam\u00f3wi\u0107 cho\u0107by hummus z sa\u0142atk\u0105, piklami i chlebkiem pita.<\/p>\n<div id=\"attachment_7469\" style=\"width: 1288px\" class=\"wp-caption aligncenter\"><img loading=\"lazy\" decoding=\"async\" aria-describedby=\"caption-attachment-7469\" class=\"wp-image-7469 size-full\" src=\"https:\/\/skalnik.pl\/blog\/wp-content\/uploads\/2019\/06\/Hummus.jpg\" alt=\"Hummus\" width=\"1278\" height=\"745\" srcset=\"https:\/\/www.skalnik.pl\/blog\/wp-content\/uploads\/2019\/06\/Hummus.jpg 1278w, https:\/\/www.skalnik.pl\/blog\/wp-content\/uploads\/2019\/06\/Hummus-300x175.jpg 300w, https:\/\/www.skalnik.pl\/blog\/wp-content\/uploads\/2019\/06\/Hummus-768x448.jpg 768w, https:\/\/www.skalnik.pl\/blog\/wp-content\/uploads\/2019\/06\/Hummus-1024x597.jpg 1024w\" sizes=\"auto, (max-width: 1278px) 100vw, 1278px\" \/><p id=\"caption-attachment-7469\" class=\"wp-caption-text\">Hummus<\/p><\/div>\n<div id=\"attachment_7471\" style=\"width: 1219px\" class=\"wp-caption aligncenter\"><img loading=\"lazy\" decoding=\"async\" aria-describedby=\"caption-attachment-7471\" class=\"wp-image-7471 size-full\" src=\"https:\/\/skalnik.pl\/blog\/wp-content\/uploads\/2019\/06\/Jerozolima-fast-food.jpg\" alt=\"Jerozolima fast food\" width=\"1209\" height=\"744\" srcset=\"https:\/\/www.skalnik.pl\/blog\/wp-content\/uploads\/2019\/06\/Jerozolima-fast-food.jpg 1209w, https:\/\/www.skalnik.pl\/blog\/wp-content\/uploads\/2019\/06\/Jerozolima-fast-food-300x185.jpg 300w, https:\/\/www.skalnik.pl\/blog\/wp-content\/uploads\/2019\/06\/Jerozolima-fast-food-768x473.jpg 768w, https:\/\/www.skalnik.pl\/blog\/wp-content\/uploads\/2019\/06\/Jerozolima-fast-food-1024x630.jpg 1024w\" sizes=\"auto, (max-width: 1209px) 100vw, 1209px\" \/><p id=\"caption-attachment-7471\" class=\"wp-caption-text\">Wielbiciele sieci\u00f3wek te\u017c znajd\u0105 co\u015b dla siebie, ale w lekko odmienionej formie.<\/p><\/div>\n<div id=\"attachment_7473\" style=\"width: 381px\" class=\"wp-caption aligncenter\"><img loading=\"lazy\" decoding=\"async\" aria-describedby=\"caption-attachment-7473\" class=\"wp-image-7473 size-full\" src=\"https:\/\/skalnik.pl\/blog\/wp-content\/uploads\/2019\/06\/Izrael-stragany.jpg\" alt=\"Izrael stragany\" width=\"371\" height=\"745\" srcset=\"https:\/\/www.skalnik.pl\/blog\/wp-content\/uploads\/2019\/06\/Izrael-stragany.jpg 371w, https:\/\/www.skalnik.pl\/blog\/wp-content\/uploads\/2019\/06\/Izrael-stragany-149x300.jpg 149w\" sizes=\"auto, (max-width: 371px) 100vw, 371px\" \/><p id=\"caption-attachment-7473\" class=\"wp-caption-text\">Jak zwykle najwi\u0119cej przyjemno\u015bci daje celowe zagubienie si\u0119 w pl\u0105taninie uliczek i stragan\u00f3w oferuj\u0105cych wszystkie mo\u017cliwe dobra i us\u0142ugi.<\/p><\/div>\n<div id=\"attachment_7474\" style=\"width: 429px\" class=\"wp-caption aligncenter\"><img loading=\"lazy\" decoding=\"async\" aria-describedby=\"caption-attachment-7474\" class=\"wp-image-7474 size-full\" src=\"https:\/\/skalnik.pl\/blog\/wp-content\/uploads\/2019\/06\/Izrael-zwiedzanie.jpg\" alt=\"Izrael zwiedzanie\" width=\"419\" height=\"745\" srcset=\"https:\/\/www.skalnik.pl\/blog\/wp-content\/uploads\/2019\/06\/Izrael-zwiedzanie.jpg 419w, https:\/\/www.skalnik.pl\/blog\/wp-content\/uploads\/2019\/06\/Izrael-zwiedzanie-169x300.jpg 169w\" sizes=\"auto, (max-width: 419px) 100vw, 419px\" \/><p id=\"caption-attachment-7474\" class=\"wp-caption-text\">Jerozolima<\/p><\/div>\n<p>Wieczorem wybrali\u015bmy si\u0119 na punkt widokowy, po\u0142o\u017cony niedaleko Wzg\u00f3rza Oliwnego \u2013 \u0142atwo do niego dotrze\u0107 komunikacj\u0105 miejsk\u0105 kieruj\u0105c si\u0119 do Hotelu Seven Arches. Mozna na przyk\u0142ad pojecha\u0107 autobusem 255 odje\u017cd\u017caj\u0105cym z przystanku Sultan Sulliman Terminal, kt\u00f3ry znajduje si\u0119 blisko Bramy Damasce\u0144skiej. Przejazd trwa kilkana\u015bcie minut, a autobus wwozi nas wysoko ponad miasto.<\/p>\n<p>Widok jest fantastyczny, zw\u0142aszcza o zachodzie s\u0142o\u0144ca. Wielkie wra\u017cenie robi\u0105 tysi\u0105ce nagrobk\u00f3w pokrywaj\u0105ce zbocza g\u00f3ry. Chrze\u015bcijanie, muzu\u0142manie i \u017cydzi wierz\u0105, \u017ce to w\u0142a\u015bnie tutaj nast\u0105pi Dzie\u0144 S\u0105du Ostatecznego, a przez Dolin\u0119 Cedronu, po\u0142o\u017con\u0105 pomi\u0119dzy G\u00f3r\u0105 Oliwn\u0105 a Wzg\u00f3rzem \u015awi\u0105tynnym, przejdzie Mesjasz zabieraj\u0105c ze sob\u0105 zmartwychwstaj\u0105cych zmar\u0142ych. Wszyscy, kt\u00f3rych na to sta\u0107, chc\u0105 by\u0107 pochowani jak najbli\u017cej tego miejsca. Znajduje si\u0119 tu oko\u0142o 180 tysi\u0119cy grob\u00f3w. Dzi\u015b pojedyncze miejsce na tym cmentarzysku kosztuje oko\u0142o miliona dolar\u00f3w.<\/p>\n<div id=\"attachment_7477\" style=\"width: 1336px\" class=\"wp-caption aligncenter\"><img loading=\"lazy\" decoding=\"async\" aria-describedby=\"caption-attachment-7477\" class=\"wp-image-7477 size-full\" src=\"https:\/\/skalnik.pl\/blog\/wp-content\/uploads\/2019\/06\/Izrael.jpg\" alt=\"Izrael cmentarz\" width=\"1326\" height=\"745\" srcset=\"https:\/\/www.skalnik.pl\/blog\/wp-content\/uploads\/2019\/06\/Izrael.jpg 1326w, https:\/\/www.skalnik.pl\/blog\/wp-content\/uploads\/2019\/06\/Izrael-300x169.jpg 300w, https:\/\/www.skalnik.pl\/blog\/wp-content\/uploads\/2019\/06\/Izrael-768x431.jpg 768w, https:\/\/www.skalnik.pl\/blog\/wp-content\/uploads\/2019\/06\/Izrael-1024x575.jpg 1024w\" sizes=\"auto, (max-width: 1326px) 100vw, 1326px\" \/><p id=\"caption-attachment-7477\" class=\"wp-caption-text\">Widok na Izrael<\/p><\/div>\n<p>Mimo \u017ce w ci\u0105gu dnia panowa\u0142a bardzo przyjemna temperatura oko\u0142o 20 stopni, wraz z nastaniem zmroku gwa\u0142townie si\u0119 och\u0142adza, dlatego przydatnym wyposa\u017ceniem jest ciep\u0142a bluza, ewentualnie <a href=\"https:\/\/skalnik.pl\/odziez\/odziez-meska\/odziez-meska-kurtki\">kurtka przeciwdeszczowa<\/a>.<\/p>\n<p>Jeszcze rzut oka na miasto i szybki powr\u00f3t do hotelu. Przez cmentarzysko prowadzi \u015bcie\u017cka wprost pod mury. Oferuje ona bardzo \u0142adne widoki, ale my tym razem wybieramy transport zbiorowy.<\/p>\n<p><img loading=\"lazy\" decoding=\"async\" class=\"aligncenter wp-image-7479 size-full\" src=\"https:\/\/skalnik.pl\/blog\/wp-content\/uploads\/2019\/06\/Izreael-zach\u00f3d-s\u0142o\u0144ca.jpg\" alt=\"Izreael zach\u00f3d s\u0142o\u0144ca\" width=\"1324\" height=\"744\" srcset=\"https:\/\/www.skalnik.pl\/blog\/wp-content\/uploads\/2019\/06\/Izreael-zach\u00f3d-s\u0142o\u0144ca.jpg 1324w, https:\/\/www.skalnik.pl\/blog\/wp-content\/uploads\/2019\/06\/Izreael-zach\u00f3d-s\u0142o\u0144ca-300x169.jpg 300w, https:\/\/www.skalnik.pl\/blog\/wp-content\/uploads\/2019\/06\/Izreael-zach\u00f3d-s\u0142o\u0144ca-768x432.jpg 768w, https:\/\/www.skalnik.pl\/blog\/wp-content\/uploads\/2019\/06\/Izreael-zach\u00f3d-s\u0142o\u0144ca-1024x575.jpg 1024w\" sizes=\"auto, (max-width: 1324px) 100vw, 1324px\" \/><\/p>\n<h2><\/h2>\n<h2><span class=\"ez-toc-section\" id=\"W_strone_rezerwatu_En_Gedi\"><\/span>W stron\u0119 rezerwatu En Gedi<span class=\"ez-toc-section-end\"><\/span><\/h2>\n<p>Przez kolejne dni b\u0119dziemy przemieszcza\u0107 si\u0119 po Izraelu wypo\u017cyczonym samochodem. Wypo\u017cyczenie ma\u0142ego samochodu na cztery dni (z opcj\u0105 zwrotu w innym mie\u015bcie) to koszt 500 NIS.<\/p>\n<p>Z Jerozolimy wyruszyli\u015bmy w stron\u0119 oazy i rezerwatu En Gedi najpierw drog\u0105 nr 1, a p\u00f3\u017aniej brzegiem Morza Martwego drog\u0105 nr 90. Przed wyjazdem do Izraela pobrali\u015bmy mapki tej okolicy do korzystania offline. Warto pami\u0119ta\u0107, \u017ce koszt transmisji danych w Izraelu jest do\u015b\u0107 wysoki. Z Jerozolimy po\u0142o\u017conej na 580 m n.p.m. w ci\u0105gu godziny zjechali\u015bmy do najni\u017cszego punktu na ziemi, Kibucu Beit HaArava po\u0142o\u017conego 394 m poni\u017cej poziomu morza. Krajobraz zmieni\u0142 si\u0119 na pustynny, a w oddali pojawi\u0142o si\u0119 Morze Martwe.<\/p>\n<p><img loading=\"lazy\" decoding=\"async\" class=\"aligncenter wp-image-7482 size-full\" src=\"https:\/\/skalnik.pl\/blog\/wp-content\/uploads\/2019\/06\/Izrael-morze-martwer.jpg\" alt=\"Izrael morze martwer\" width=\"1384\" height=\"683\" srcset=\"https:\/\/www.skalnik.pl\/blog\/wp-content\/uploads\/2019\/06\/Izrael-morze-martwer.jpg 1384w, https:\/\/www.skalnik.pl\/blog\/wp-content\/uploads\/2019\/06\/Izrael-morze-martwer-300x148.jpg 300w, https:\/\/www.skalnik.pl\/blog\/wp-content\/uploads\/2019\/06\/Izrael-morze-martwer-768x379.jpg 768w, https:\/\/www.skalnik.pl\/blog\/wp-content\/uploads\/2019\/06\/Izrael-morze-martwer-1024x505.jpg 1024w\" sizes=\"auto, (max-width: 1384px) 100vw, 1384px\" \/><\/p>\n<h2><\/h2>\n<h2><span class=\"ez-toc-section\" id=\"En_Gedi\"><\/span>En Gedi<span class=\"ez-toc-section-end\"><\/span><\/h2>\n<p>Po kilkunastu minutach podr\u00f3\u017cy drog\u0105 nr 90 dotarli\u015bmy do oazy i rezerwatu En Gedi. Jest to bardzo ciekawe miejsce oferuj\u0105ce mo\u017cliwo\u015b\u0107 odbycia kr\u00f3tkiego trekkingu, albo ca\u0142odniowej wycieczki do punkt\u00f3w widokowych. Wszystkie informacje dotycz\u0105ce godzin otwarcia, cen oraz proponowanych tras mo\u017cna znale\u017a\u0107 na <a href=\"http:\/\/www.parks.org.il\" rel=\"nofollow\">oficjalnej stronie<\/a> Izraelskich Park\u00f3w Narodowych.<\/p>\n<p>Wybrali\u015bmy najpopularniejsz\u0105 tras\u0119 z parkingu przy kasach do Wodospadu Dawida. Z tego powodu, \u017ce rezerwat okaza\u0142 si\u0119 bardzo interesuj\u0105cy i okalaj\u0105ce wodospad wzg\u00f3rza bardzo kusi\u0142y, wybrali\u015bmy si\u0119 jeszcze na kr\u00f3tki trekking. Szlaki nie s\u0105 trudne technicznie, ale kamieniste, dlatego najlepsze na te warunki okaza\u0142y si\u0119 <a href=\"https:\/\/www.skalnik.pl\/buty\/buty-meskie\">buty trekkingowe<\/a>. Je\u015bli chcemy po\u0142\u0105czy\u0107 trekking z brodzeniem w wodospadach, wtedy nieodzowne b\u0119d\u0105, sprawdzone w takich warunkach sanda\u0142y sportowe.<\/p>\n<p><img loading=\"lazy\" decoding=\"async\" class=\"aligncenter wp-image-7484 size-full\" src=\"https:\/\/skalnik.pl\/blog\/wp-content\/uploads\/2019\/06\/Izrael-trekking.jpg\" alt=\"Izrael - trekking\" width=\"1386\" height=\"780\" srcset=\"https:\/\/www.skalnik.pl\/blog\/wp-content\/uploads\/2019\/06\/Izrael-trekking.jpg 1386w, https:\/\/www.skalnik.pl\/blog\/wp-content\/uploads\/2019\/06\/Izrael-trekking-300x169.jpg 300w, https:\/\/www.skalnik.pl\/blog\/wp-content\/uploads\/2019\/06\/Izrael-trekking-768x432.jpg 768w, https:\/\/www.skalnik.pl\/blog\/wp-content\/uploads\/2019\/06\/Izrael-trekking-1024x576.jpg 1024w\" sizes=\"auto, (max-width: 1386px) 100vw, 1386px\" \/><\/p>\n<div id=\"attachment_7485\" style=\"width: 602px\" class=\"wp-caption aligncenter\"><img loading=\"lazy\" decoding=\"async\" aria-describedby=\"caption-attachment-7485\" class=\"wp-image-7485 size-full\" src=\"https:\/\/skalnik.pl\/blog\/wp-content\/uploads\/2019\/06\/Izrael-z-dzieckiem.jpg\" alt=\"Izrael z dzieckiem\" width=\"592\" height=\"909\" srcset=\"https:\/\/www.skalnik.pl\/blog\/wp-content\/uploads\/2019\/06\/Izrael-z-dzieckiem.jpg 592w, https:\/\/www.skalnik.pl\/blog\/wp-content\/uploads\/2019\/06\/Izrael-z-dzieckiem-195x300.jpg 195w\" sizes=\"auto, (max-width: 592px) 100vw, 592px\" \/><p id=\"caption-attachment-7485\" class=\"wp-caption-text\">Do brodzenia w wodzie idealnie sprawdzi\u0142y si\u0119 sanda\u0142y trekkingowe<\/p><\/div>\n<p>\u015acie\u017cki s\u0105 dobrze oznaczone, a w punkcie informacyjnym dost\u0119pne s\u0105 mapki, wi\u0119c poruszanie si\u0119 po rezerwacie i planowanie tras nie powinno sprawi\u0107 problemu.<\/p>\n<p><img loading=\"lazy\" decoding=\"async\" class=\"wp-image-7486 size-full\" src=\"https:\/\/skalnik.pl\/blog\/wp-content\/uploads\/2019\/06\/Rezerwat-en-gedi.jpg\" alt=\"Rezerwat en gedi\" width=\"1385\" height=\"855\" srcset=\"https:\/\/www.skalnik.pl\/blog\/wp-content\/uploads\/2019\/06\/Rezerwat-en-gedi.jpg 1385w, https:\/\/www.skalnik.pl\/blog\/wp-content\/uploads\/2019\/06\/Rezerwat-en-gedi-300x185.jpg 300w, https:\/\/www.skalnik.pl\/blog\/wp-content\/uploads\/2019\/06\/Rezerwat-en-gedi-768x474.jpg 768w, https:\/\/www.skalnik.pl\/blog\/wp-content\/uploads\/2019\/06\/Rezerwat-en-gedi-1024x632.jpg 1024w\" sizes=\"auto, (max-width: 1385px) 100vw, 1385px\" \/><\/p>\n<p>Atrakcj\u0105 rezerwatu, zw\u0142aszcza dla najm\u0142odszych s\u0105 g\u00f3ralki skalne, \u017cyj\u0105ce w zaro\u015blach okalaj\u0105cych wodospady. Przyzwyczai\u0142y si\u0119 do turyst\u00f3w i ch\u0119tnie pozuj\u0105 do zdj\u0119\u0107<\/p>\n<p><img loading=\"lazy\" decoding=\"async\" class=\"aligncenter wp-image-7487 size-full\" src=\"https:\/\/skalnik.pl\/blog\/wp-content\/uploads\/2019\/06\/G\u00f3ralki-skalne.jpg\" alt=\"G\u00f3ralki skalne\" width=\"1338\" height=\"909\" srcset=\"https:\/\/www.skalnik.pl\/blog\/wp-content\/uploads\/2019\/06\/G\u00f3ralki-skalne.jpg 1338w, https:\/\/www.skalnik.pl\/blog\/wp-content\/uploads\/2019\/06\/G\u00f3ralki-skalne-300x204.jpg 300w, https:\/\/www.skalnik.pl\/blog\/wp-content\/uploads\/2019\/06\/G\u00f3ralki-skalne-768x522.jpg 768w, https:\/\/www.skalnik.pl\/blog\/wp-content\/uploads\/2019\/06\/G\u00f3ralki-skalne-1024x696.jpg 1024w\" sizes=\"auto, (max-width: 1338px) 100vw, 1338px\" \/><\/p>\n<h2><\/h2>\n<h2><span class=\"ez-toc-section\" id=\"Arad\"><\/span>Arad<span class=\"ez-toc-section-end\"><\/span><\/h2>\n<p>Kolejny przystanek na trasie to Arad \u2013 niczym niewyr\u00f3\u017cniaj\u0105ce si\u0119 miasto po\u015brodku pustyni Negew. Na pewno mo\u017cna tu znale\u017a\u0107 nocleg ta\u0144szy ni\u017c nad brzegiem Morza Martwego i niewiele poza tym. Zalet\u0105 nocowania w Aradzie jest blisko\u015b\u0107 twierdzy Masada, do kt\u00f3rej mo\u017cna dojecha\u0107 drog\u0105 3199 \u2013 przez Pustyni\u0119 Negew. Jad\u0105c warto si\u0119 rozgl\u0105da\u0107, bo mo\u017cna wypatrze\u0107 stado dzikich wielb\u0142\u0105d\u00f3w w kolorze ca\u0142kowicie zlewaj\u0105cym si\u0119 z t\u0142em.<\/p>\n<h2><\/h2>\n<h2><span class=\"ez-toc-section\" id=\"Masada\"><\/span>Masada<span class=\"ez-toc-section-end\"><\/span><\/h2>\n<p>Twierdza Masada to staro\u017cytna forteca, symbol \u017cydowskiego oporu wobec naje\u017ad\u017ac\u00f3w, odpowiednik polskiego Westerplatte. Rzymianie oblegali Masad\u0119 od jesieni roku 72 do 1 maja roku 73. Pocz\u0105tkowo chcieli wzi\u0105\u0107 miasto g\u0142odem, ale ta taktyka nie sprawdza\u0142a si\u0119. Wykorzystuj\u0105c prac\u0119 je\u0144c\u00f3w usypali wi\u0119c olbrzymi\u0105 ramp\u0119 z ziemi, wci\u0105gn\u0119li po niej machin\u0119 obl\u0119\u017cnicz\u0105, kt\u00f3ra naruszy\u0142a mury. W obliczu kl\u0119ski obro\u0144cy miasta pope\u0142nili zbiorowe samob\u00f3jstwo. W\u0142a\u015bnie po tej rzymskiej rampie mo\u017cemy dzi\u015b w naj\u0142atwiejszy spos\u00f3b pieszo zdoby\u0107 twierdz\u0119 Masada w oko\u0142o 20 minut.<\/p>\n<p><img loading=\"lazy\" decoding=\"async\" class=\"aligncenter wp-image-7488 size-full\" src=\"https:\/\/skalnik.pl\/blog\/wp-content\/uploads\/2019\/06\/Masada-Izrael.jpg\" alt=\"Masada Izrael\" width=\"1325\" height=\"745\" srcset=\"https:\/\/www.skalnik.pl\/blog\/wp-content\/uploads\/2019\/06\/Masada-Izrael.jpg 1325w, https:\/\/www.skalnik.pl\/blog\/wp-content\/uploads\/2019\/06\/Masada-Izrael-300x169.jpg 300w, https:\/\/www.skalnik.pl\/blog\/wp-content\/uploads\/2019\/06\/Masada-Izrael-768x432.jpg 768w, https:\/\/www.skalnik.pl\/blog\/wp-content\/uploads\/2019\/06\/Masada-Izrael-1024x576.jpg 1024w\" sizes=\"auto, (max-width: 1325px) 100vw, 1325px\" \/><\/p>\n<p>Dost\u0119pna jest r\u00f3wnie\u017c bardziej wymagaj\u0105ca trasa od strony Morza Martwego, tak zwan\u0105 \u201ew\u0119\u017cow\u0105 \u015bcie\u017ck\u0105\u201d. Czas podej\u015bcia z tej strony to oko\u0142o 45 minut do godziny. W upale trzeba zabra\u0107 zapas wody \u2013 przyda si\u0119<a href=\"https:\/\/skalnik.pl\/sprzet-turystyczny\/camping\/camping-uzdatnianie-wody\"> butelka z filtrem<\/a>. Na twierdz\u0119 mo\u017cna te\u017c wjecha\u0107 kolejk\u0105 linow\u0105 za 76 NIS.<\/p>\n<p>Na pewno warto odwiedzi\u0107 to miejsce ze wzgl\u0119du na jego histori\u0119, ale r\u00f3wnie\u017c ze wzgl\u0119du na pi\u0119kne widoki.<\/p>\n<p><img loading=\"lazy\" decoding=\"async\" class=\"aligncenter wp-image-7489 size-full\" src=\"https:\/\/skalnik.pl\/blog\/wp-content\/uploads\/2019\/06\/Masada-Izrael-1.jpg\" alt=\"Masada - Izrael\" width=\"1325\" height=\"745\" srcset=\"https:\/\/www.skalnik.pl\/blog\/wp-content\/uploads\/2019\/06\/Masada-Izrael-1.jpg 1325w, https:\/\/www.skalnik.pl\/blog\/wp-content\/uploads\/2019\/06\/Masada-Izrael-1-300x169.jpg 300w, https:\/\/www.skalnik.pl\/blog\/wp-content\/uploads\/2019\/06\/Masada-Izrael-1-768x432.jpg 768w, https:\/\/www.skalnik.pl\/blog\/wp-content\/uploads\/2019\/06\/Masada-Izrael-1-1024x576.jpg 1024w\" sizes=\"auto, (max-width: 1325px) 100vw, 1325px\" \/><\/p>\n<p><img loading=\"lazy\" decoding=\"async\" class=\"aligncenter wp-image-7490 size-full\" src=\"https:\/\/skalnik.pl\/blog\/wp-content\/uploads\/2019\/06\/Masada-widok-na-morze.jpg\" alt=\"Masada - widok na morze\" width=\"1326\" height=\"745\" srcset=\"https:\/\/www.skalnik.pl\/blog\/wp-content\/uploads\/2019\/06\/Masada-widok-na-morze.jpg 1326w, https:\/\/www.skalnik.pl\/blog\/wp-content\/uploads\/2019\/06\/Masada-widok-na-morze-300x169.jpg 300w, https:\/\/www.skalnik.pl\/blog\/wp-content\/uploads\/2019\/06\/Masada-widok-na-morze-768x431.jpg 768w, https:\/\/www.skalnik.pl\/blog\/wp-content\/uploads\/2019\/06\/Masada-widok-na-morze-1024x575.jpg 1024w\" sizes=\"auto, (max-width: 1326px) 100vw, 1326px\" \/><\/p>\n<h2><\/h2>\n<h2><span class=\"ez-toc-section\" id=\"Morze_martwe\"><\/span>Morze martwe<span class=\"ez-toc-section-end\"><\/span><\/h2>\n<p>Po spotkaniu z histori\u0105 czas na spotkanie z Morzem Martwym. Jedyna darmowa pla\u017ca nad Morzem Martwym znajduje si\u0119 w miejscowo\u015bci Ein Bokek. W drodze z Aradu do Ein Bokek towarzysz\u0105 nam pi\u0119kne krajobrazy pustyni Negev.<\/p>\n<p><img loading=\"lazy\" decoding=\"async\" class=\"aligncenter wp-image-7492 size-full\" src=\"https:\/\/skalnik.pl\/blog\/wp-content\/uploads\/2019\/06\/Pustynia-Negav.jpg\" alt=\"Pustynia Negav\" width=\"1326\" height=\"745\" srcset=\"https:\/\/www.skalnik.pl\/blog\/wp-content\/uploads\/2019\/06\/Pustynia-Negav.jpg 1326w, https:\/\/www.skalnik.pl\/blog\/wp-content\/uploads\/2019\/06\/Pustynia-Negav-300x169.jpg 300w, https:\/\/www.skalnik.pl\/blog\/wp-content\/uploads\/2019\/06\/Pustynia-Negav-768x431.jpg 768w, https:\/\/www.skalnik.pl\/blog\/wp-content\/uploads\/2019\/06\/Pustynia-Negav-1024x575.jpg 1024w\" sizes=\"auto, (max-width: 1326px) 100vw, 1326px\" \/><\/p>\n<p>Praktycznie ka\u017cdy skrawek wybrze\u017ca zastawiony jest hotelami, w kt\u00f3rych nocleg przekracza raczej mo\u017cliwo\u015bci finansowe turysty bud\u017cetowego. Jednak darmowa pla\u017ca spe\u0142nia nasze wszystkie oczekiwania, przede wszystkim jest dost\u0119pny prysznic ze s\u0142odk\u0105 wod\u0105. Mo\u017cna nim sp\u0142uka\u0107 z cia\u0142a s\u0142ynn\u0105 s\u00f3l z Morza Martwego, kt\u00f3ra nawet jak na s\u00f3l jest wyj\u0105tkowo s\u0142ona.<\/p>\n<p><img loading=\"lazy\" decoding=\"async\" class=\"aligncenter wp-image-7493 size-full\" src=\"https:\/\/skalnik.pl\/blog\/wp-content\/uploads\/2019\/06\/Morze-Martwe-darmowa-pla\u017ca.jpg\" alt=\"Morze Martwe - darmowa pla\u017ca\" width=\"1560\" height=\"745\" srcset=\"https:\/\/www.skalnik.pl\/blog\/wp-content\/uploads\/2019\/06\/Morze-Martwe-darmowa-pla\u017ca.jpg 1560w, https:\/\/www.skalnik.pl\/blog\/wp-content\/uploads\/2019\/06\/Morze-Martwe-darmowa-pla\u017ca-300x143.jpg 300w, https:\/\/www.skalnik.pl\/blog\/wp-content\/uploads\/2019\/06\/Morze-Martwe-darmowa-pla\u017ca-768x367.jpg 768w, https:\/\/www.skalnik.pl\/blog\/wp-content\/uploads\/2019\/06\/Morze-Martwe-darmowa-pla\u017ca-1024x489.jpg 1024w\" sizes=\"auto, (max-width: 1560px) 100vw, 1560px\" \/><\/p>\n<p>Po s\u0142odko-s\u0142onym lenistwie na pla\u017cy kolejnego dnia ruszyli\u015bmy w kierunku Tel Avivu.<\/p>\n<h2><\/h2>\n<h2><span class=\"ez-toc-section\" id=\"Bet_Guvrin\"><\/span>Bet Guvrin<span class=\"ez-toc-section-end\"><\/span><\/h2>\n<p>Po drodze odwiedzili\u015bmy ciekawe miejsce: rezerwat Bet Guvrin i zlokalizowane w nim s\u0142ynne jaskinie. Ca\u0142y rezerwat jest bardzo obszerny, pomi\u0119dzy poszczeg\u00f3lnymi atrakcjami mo\u017cna przemieszcza\u0107 si\u0119 samochodem. Niestety ze wzgl\u0119du na deszcz skupili\u015bmy si\u0119 tylko na jaskiniach, kt\u00f3rych w parku jest oko\u0142o 800. Dla zwiedzaj\u0105cych udost\u0119pniono tylko kilka z nich, w tym przepi\u0119kne jaskinie dzwonowe. Jak si\u0119 okaza\u0142o, jaskinie s\u0105 dzie\u0142em cz\u0142owieka. W czasach bizantyjskich wydobywano z nich wapno i kred\u0119 i tak powsta\u0142e wn\u0119ki zosta\u0142y zasiedlone a\u017c utworzy\u0142y ca\u0142e podziemne miasto.<\/p>\n<div id=\"attachment_7494\" style=\"width: 429px\" class=\"wp-caption aligncenter\"><img loading=\"lazy\" decoding=\"async\" aria-describedby=\"caption-attachment-7494\" class=\"wp-image-7494 size-full\" src=\"https:\/\/skalnik.pl\/blog\/wp-content\/uploads\/2019\/06\/Jaskinie-Bet-Guvrin.jpg\" alt=\"Jaskinie Bet Guvrin\" width=\"419\" height=\"745\" srcset=\"https:\/\/www.skalnik.pl\/blog\/wp-content\/uploads\/2019\/06\/Jaskinie-Bet-Guvrin.jpg 419w, https:\/\/www.skalnik.pl\/blog\/wp-content\/uploads\/2019\/06\/Jaskinie-Bet-Guvrin-169x300.jpg 169w\" sizes=\"auto, (max-width: 419px) 100vw, 419px\" \/><p id=\"caption-attachment-7494\" class=\"wp-caption-text\">Jaskinie Bet Guvrin<\/p><\/div>\n<h2><\/h2>\n<h2><span class=\"ez-toc-section\" id=\"Tel-Aviv\"><\/span>Tel-Aviv<span class=\"ez-toc-section-end\"><\/span><\/h2>\n<p>Tel-Aviv przywita\u0142 nas deszczem, ale poranek przyni\u00f3s\u0142 popraw\u0119 pogody i zgodnie z planem wyruszyli\u015bmy na miejski trekking z centrum Tel-Avivu brzegiem morza do Jaffy. Tel-Aviv jest bardzo nowoczesnym miastem, zosta\u0142 za\u0142o\u017cony w 1909 roku na obrze\u017cach staro\u017cytnego portu Jaffa. Nie spotkamy tu raczej ortodoksyjnych \u017cyd\u00f3w w tradycyjnych strojach. Na ulicach b\u0119d\u0105 mija\u0107 nas raczej biznesmeni w garniturach. Przy g\u0142\u00f3wnych handlowych ulicach znajduj\u0105 si\u0119 butiki wszystkich \u015bwiatowych marek, a wieczorem otwieraj\u0105 si\u0119 knajpki i \u017cycie nocne kwitnie do rana.<\/p>\n<p>Nasz spacer rozpocz\u0119li\u015bmy w okolicach Starego Portu w Tel-Aviwie, by zako\u0144czy\u0107 go w porcie w Jaffie. Niespieszne przemieszczanie si\u0119 brzegiem morza, zwiedzanie Jaffy i powr\u00f3t zaj\u0119\u0142y nam praktycznie ca\u0142y dzie\u0144.<\/p>\n<div id=\"attachment_7496\" style=\"width: 1336px\" class=\"wp-caption aligncenter\"><img loading=\"lazy\" decoding=\"async\" aria-describedby=\"caption-attachment-7496\" class=\"wp-image-7496 size-full\" src=\"https:\/\/skalnik.pl\/blog\/wp-content\/uploads\/2019\/06\/Stara-Jaffa.jpg\" alt=\"Stara Jaffa\" width=\"1326\" height=\"745\" srcset=\"https:\/\/www.skalnik.pl\/blog\/wp-content\/uploads\/2019\/06\/Stara-Jaffa.jpg 1326w, https:\/\/www.skalnik.pl\/blog\/wp-content\/uploads\/2019\/06\/Stara-Jaffa-300x169.jpg 300w, https:\/\/www.skalnik.pl\/blog\/wp-content\/uploads\/2019\/06\/Stara-Jaffa-768x431.jpg 768w, https:\/\/www.skalnik.pl\/blog\/wp-content\/uploads\/2019\/06\/Stara-Jaffa-1024x575.jpg 1024w\" sizes=\"auto, (max-width: 1326px) 100vw, 1326px\" \/><p id=\"caption-attachment-7496\" class=\"wp-caption-text\">W oddali nasz cel \u2013 Stara Jaffa, po drodze tony piasku, fale i s\u0142o\u0144ce.<\/p><\/div>\n<h2><\/h2>\n<h2><span class=\"ez-toc-section\" id=\"Jaffa\"><\/span>Jaffa<span class=\"ez-toc-section-end\"><\/span><\/h2>\n<p>Jaffa to jeden z najstarszych port\u00f3w na \u015bwiecie, pierwsze wzmianki o nim pochodz\u0105 z 1486 r. p.n.e. W\u0142adz\u0119 sprawowali tutaj faraonowie, Filistyni, Asyryjczycy, Babilo\u0144czycy, Persowie i Rzymianie. Tutaj przybija\u0142y do brzegu wyprawy krzy\u017cowe. Od zawsze mieszkali i mieszkaj\u0105 tu Arabowie, dzi\u0119ki temu architektura tego miejsca nabra\u0142a wyj\u0105tkowego charakteru i klimatu. W w\u0105skich uliczkach i zakamarkach znajdziemy pracownie artystyczne, galerie i ma\u0142e knajpki. Z oddali mo\u017cna podziwia\u0107 kontrastuj\u0105ce ze starymi murami Jaffy wie\u017cowce Tel-Avivu.<\/p>\n<div id=\"attachment_7497\" style=\"width: 1336px\" class=\"wp-caption aligncenter\"><img loading=\"lazy\" decoding=\"async\" aria-describedby=\"caption-attachment-7497\" class=\"wp-image-7497 size-full\" src=\"https:\/\/skalnik.pl\/blog\/wp-content\/uploads\/2019\/06\/Jaffa-park.jpg\" alt=\"Jaffa - park\" width=\"1326\" height=\"745\" srcset=\"https:\/\/www.skalnik.pl\/blog\/wp-content\/uploads\/2019\/06\/Jaffa-park.jpg 1326w, https:\/\/www.skalnik.pl\/blog\/wp-content\/uploads\/2019\/06\/Jaffa-park-300x169.jpg 300w, https:\/\/www.skalnik.pl\/blog\/wp-content\/uploads\/2019\/06\/Jaffa-park-768x431.jpg 768w, https:\/\/www.skalnik.pl\/blog\/wp-content\/uploads\/2019\/06\/Jaffa-park-1024x575.jpg 1024w\" sizes=\"auto, (max-width: 1326px) 100vw, 1326px\" \/><p id=\"caption-attachment-7497\" class=\"wp-caption-text\">Park po\u0142o\u017cony w g\u00f3rnej cz\u0119\u015bci Jaffy to \u015bwietne miejsce na piknik z widokiem na wie\u017cowce. Mo\u017cna tu nabra\u0107 si\u0142 na drog\u0119 powrotn\u0105.<\/p><\/div>\n<div id=\"attachment_7499\" style=\"width: 1629px\" class=\"wp-caption aligncenter\"><img loading=\"lazy\" decoding=\"async\" aria-describedby=\"caption-attachment-7499\" class=\"wp-image-7499 size-full\" src=\"https:\/\/skalnik.pl\/blog\/wp-content\/uploads\/2019\/06\/TelAviv.jpg\" alt=\"TelAviv\" width=\"1619\" height=\"911\" srcset=\"https:\/\/www.skalnik.pl\/blog\/wp-content\/uploads\/2019\/06\/TelAviv.jpg 1619w, https:\/\/www.skalnik.pl\/blog\/wp-content\/uploads\/2019\/06\/TelAviv-300x169.jpg 300w, https:\/\/www.skalnik.pl\/blog\/wp-content\/uploads\/2019\/06\/TelAviv-768x432.jpg 768w, https:\/\/www.skalnik.pl\/blog\/wp-content\/uploads\/2019\/06\/TelAviv-1024x576.jpg 1024w\" sizes=\"auto, (max-width: 1619px) 100vw, 1619px\" \/><p id=\"caption-attachment-7499\" class=\"wp-caption-text\">Tym razem w\u0119drujemy w odwrotnym kierunku po drodze podziwiaj\u0105c wie\u017cowce wyrastaj\u0105ce z pla\u017cy<\/p><\/div>\n<p>Sze\u015b\u0107 dni min\u0119\u0142o bardzo szybko. Na pewno Izrael oferuje bardzo du\u017co mo\u017cliwo\u015bci dla os\u00f3b lubi\u0105cych aktywny wypoczynek i dla takich, kt\u00f3re chcia\u0142yby po ca\u0142odziennej w\u0119dr\u00f3wce chwil\u0119 sp\u0119dzi\u0107 na pla\u017cy.<\/p>\n<p>Na temat odprawy bezpiecze\u0144stwa przy przylocie i odlocie kr\u0105\u017cy wiele legend. Wszyscy przewo\u017anicy ostrzegaj\u0105, \u017ce na lotnisko powinni\u015bmy przyby\u0107 nawet trzy godziny przed odlotem. By\u0107 mo\u017ce mieli\u015bmy du\u017co szcz\u0119\u015bcia, ale nasza odprawa i rozmowa z urz\u0119dniczk\u0105 trwa\u0142a jakie\u015b dziesi\u0119\u0107 minut.<\/p>\n<p style=\"text-align: right;\"><i>Ma\u0142gorzata, Marcin i Micha\u0142 Feli\u0144czak<\/i><\/p>\n","protected":false},"excerpt":{"rendered":"<p>Izrael to co raz popularniejszy kierunek podr\u00f3\u017cy. Tanie loty sprawiaj\u0105, \u017ce staje on si\u0119 przyst\u0119pny dla Polak\u00f3w. Zainspiruj si\u0119 naszym 6-dniowym wyjazdem i dowiedz si\u0119 co zobaczy\u0107 w Izraelu. Przedstawiamy miasta (Jerozolima, Tel-Aviv) oraz parki i pla\u017ce.<\/p>\n","protected":false},"author":7,"featured_media":7502,"comment_status":"open","ping_status":"open","sticky":false,"template":"","format":"standard","meta":{"_acf_changed":false,"footnotes":""},"categories":[84],"tags":[94,116,210],"magento_category":[],"magento_product":[],"class_list":["post-7458","post","type-post","status-publish","format-standard","has-post-thumbnail","hentry","category-pasja","tag-inspiracje","tag-podroze","tag-turystyka"],"acf":[],"aioseo_notices":[],"aioseo_head":"\n\t\t<!-- All in One SEO 4.9.10 - aioseo.com -->\n\t<meta name=\"description\" content=\"Wybierasz si\u0119 do Izraela? Zainspiruj si\u0119 nasz\u0105 histori\u0105 i sprawd\u017a co warto zobaczy\u0107 w Izraelu. Jerozolima, Ed Gedi, Tel-Aviv to tylko kilka miejsc, kt\u00f3re odwiedzili\u015bmy w ci\u0105gu 6 dni\" \/>\n\t<meta name=\"robots\" content=\"max-image-preview:large\" \/>\n\t<meta name=\"author\" content=\"Redakcja skalnik.pl\"\/>\n\t<link rel=\"canonical\" href=\"https:\/\/www.skalnik.pl\/blog\/izrael-co-zobaczyc\/\" \/>\n\t<meta name=\"generator\" content=\"All in One SEO (AIOSEO) 4.9.10\" \/>\n\t\t<meta property=\"og:locale\" content=\"pl_PL\" \/>\n\t\t<meta property=\"og:site_name\" content=\"blog Skalnik - Blog, porady, artyku\u0142y - blog Skalnik\" \/>\n\t\t<meta property=\"og:type\" content=\"article\" \/>\n\t\t<meta property=\"og:title\" content=\"Izrael w 6 dni. Co warto zobaczy\u0107 - blog Skalnik\" \/>\n\t\t<meta property=\"og:description\" content=\"Wybierasz si\u0119 do Izraela? Zainspiruj si\u0119 nasz\u0105 histori\u0105 i sprawd\u017a co warto zobaczy\u0107 w Izraelu. Jerozolima, Ed Gedi, Tel-Aviv to tylko kilka miejsc, kt\u00f3re odwiedzili\u015bmy w ci\u0105gu 6 dni\" \/>\n\t\t<meta property=\"og:url\" content=\"https:\/\/www.skalnik.pl\/blog\/izrael-co-zobaczyc\/\" \/>\n\t\t<meta property=\"og:image\" content=\"https:\/\/skalnik.pl\/blog\/wp-content\/uploads\/2019\/06\/izrael-sciana-placzu.jpg\" \/>\n\t\t<meta property=\"og:image:secure_url\" content=\"https:\/\/skalnik.pl\/blog\/wp-content\/uploads\/2019\/06\/izrael-sciana-placzu.jpg\" \/>\n\t\t<meta property=\"article:tag\" content=\"pasja\" \/>\n\t\t<meta property=\"article:tag\" content=\"inspiracje\" \/>\n\t\t<meta property=\"article:tag\" content=\"podr\u00f3\u017ce\" \/>\n\t\t<meta property=\"article:tag\" content=\"turystyka\" \/>\n\t\t<meta property=\"article:published_time\" content=\"2019-06-19T13:35:03+00:00\" \/>\n\t\t<meta property=\"article:modified_time\" content=\"2024-05-20T13:42:56+00:00\" \/>\n\t\t<meta name=\"twitter:card\" content=\"summary_large_image\" \/>\n\t\t<meta name=\"twitter:title\" content=\"Izrael w 6 dni. Co warto zobaczy\u0107 - blog Skalnik\" \/>\n\t\t<meta name=\"twitter:description\" content=\"Wybierasz si\u0119 do Izraela? Zainspiruj si\u0119 nasz\u0105 histori\u0105 i sprawd\u017a co warto zobaczy\u0107 w Izraelu. Jerozolima, Ed Gedi, Tel-Aviv to tylko kilka miejsc, kt\u00f3re odwiedzili\u015bmy w ci\u0105gu 6 dni\" \/>\n\t\t<meta name=\"twitter:image\" content=\"https:\/\/skalnik.pl\/blog\/wp-content\/uploads\/2019\/06\/izrael-sciana-placzu.jpg\" \/>\n\t\t<script type=\"application\/ld+json\" class=\"aioseo-schema\">\n\t\t\t{\"@context\":\"https:\\\/\\\/schema.org\",\"@graph\":[{\"@type\":\"BlogPosting\",\"@id\":\"https:\\\/\\\/www.skalnik.pl\\\/blog\\\/izrael-co-zobaczyc\\\/#blogposting\",\"name\":\"Izrael w 6 dni. Co warto zobaczy\\u0107 - blog Skalnik\",\"headline\":\"Izrael w 6 dni. Co warto zobaczy\\u0107\",\"author\":{\"@id\":\"https:\\\/\\\/www.skalnik.pl\\\/blog\\\/author\\\/redakcja-skalnik-pl\\\/#author\"},\"publisher\":{\"@id\":\"https:\\\/\\\/www.skalnik.pl\\\/blog\\\/#organization\"},\"image\":{\"@type\":\"ImageObject\",\"url\":\"https:\\\/\\\/www.skalnik.pl\\\/blog\\\/wp-content\\\/uploads\\\/2019\\\/06\\\/izrael-sciana-placzu-1-e1560765045373.jpg\",\"width\":1236,\"height\":454},\"datePublished\":\"2019-06-19T15:35:03+02:00\",\"dateModified\":\"2024-05-20T15:42:56+02:00\",\"inLanguage\":\"pl-PL\",\"mainEntityOfPage\":{\"@id\":\"https:\\\/\\\/www.skalnik.pl\\\/blog\\\/izrael-co-zobaczyc\\\/#webpage\"},\"isPartOf\":{\"@id\":\"https:\\\/\\\/www.skalnik.pl\\\/blog\\\/izrael-co-zobaczyc\\\/#webpage\"},\"articleSection\":\"Pasja, inspiracje, podr\\u00f3\\u017ce, turystyka\"},{\"@type\":\"BreadcrumbList\",\"@id\":\"https:\\\/\\\/www.skalnik.pl\\\/blog\\\/izrael-co-zobaczyc\\\/#breadcrumblist\",\"itemListElement\":[{\"@type\":\"ListItem\",\"@id\":\"https:\\\/\\\/www.skalnik.pl\\\/blog#listItem\",\"position\":1,\"name\":\"Home\",\"item\":\"https:\\\/\\\/www.skalnik.pl\\\/blog\",\"nextItem\":{\"@type\":\"ListItem\",\"@id\":\"https:\\\/\\\/www.skalnik.pl\\\/blog\\\/.\\\/pasja\\\/#listItem\",\"name\":\"Pasja\"}},{\"@type\":\"ListItem\",\"@id\":\"https:\\\/\\\/www.skalnik.pl\\\/blog\\\/.\\\/pasja\\\/#listItem\",\"position\":2,\"name\":\"Pasja\",\"item\":\"https:\\\/\\\/www.skalnik.pl\\\/blog\\\/.\\\/pasja\\\/\",\"nextItem\":{\"@type\":\"ListItem\",\"@id\":\"https:\\\/\\\/www.skalnik.pl\\\/blog\\\/izrael-co-zobaczyc\\\/#listItem\",\"name\":\"Izrael w 6 dni. Co warto zobaczy\\u0107\"},\"previousItem\":{\"@type\":\"ListItem\",\"@id\":\"https:\\\/\\\/www.skalnik.pl\\\/blog#listItem\",\"name\":\"Home\"}},{\"@type\":\"ListItem\",\"@id\":\"https:\\\/\\\/www.skalnik.pl\\\/blog\\\/izrael-co-zobaczyc\\\/#listItem\",\"position\":3,\"name\":\"Izrael w 6 dni. Co warto zobaczy\\u0107\",\"previousItem\":{\"@type\":\"ListItem\",\"@id\":\"https:\\\/\\\/www.skalnik.pl\\\/blog\\\/.\\\/pasja\\\/#listItem\",\"name\":\"Pasja\"}}]},{\"@type\":\"Organization\",\"@id\":\"https:\\\/\\\/www.skalnik.pl\\\/blog\\\/#organization\",\"name\":\"blog Skalnik\",\"description\":\"Blog, porady, artyku\\u0142y - blog Skalnik\",\"url\":\"https:\\\/\\\/www.skalnik.pl\\\/blog\\\/\"},{\"@type\":\"Person\",\"@id\":\"https:\\\/\\\/www.skalnik.pl\\\/blog\\\/author\\\/redakcja-skalnik-pl\\\/#author\",\"url\":\"https:\\\/\\\/www.skalnik.pl\\\/blog\\\/author\\\/redakcja-skalnik-pl\\\/\",\"name\":\"Redakcja skalnik.pl\",\"image\":{\"@type\":\"ImageObject\",\"@id\":\"https:\\\/\\\/www.skalnik.pl\\\/blog\\\/izrael-co-zobaczyc\\\/#authorImage\",\"url\":\"https:\\\/\\\/secure.gravatar.com\\\/avatar\\\/7eab29b048aaf0899cd9a145e9adb814e2130ced31e65b454b902500bea65f9e?s=96&d=mm&r=g\",\"width\":96,\"height\":96,\"caption\":\"Redakcja skalnik.pl\"}},{\"@type\":\"WebPage\",\"@id\":\"https:\\\/\\\/www.skalnik.pl\\\/blog\\\/izrael-co-zobaczyc\\\/#webpage\",\"url\":\"https:\\\/\\\/www.skalnik.pl\\\/blog\\\/izrael-co-zobaczyc\\\/\",\"name\":\"Izrael w 6 dni. Co warto zobaczy\\u0107 - blog Skalnik\",\"description\":\"Wybierasz si\\u0119 do Izraela? Zainspiruj si\\u0119 nasz\\u0105 histori\\u0105 i sprawd\\u017a co warto zobaczy\\u0107 w Izraelu. Jerozolima, Ed Gedi, Tel-Aviv to tylko kilka miejsc, kt\\u00f3re odwiedzili\\u015bmy w ci\\u0105gu 6 dni\",\"inLanguage\":\"pl-PL\",\"isPartOf\":{\"@id\":\"https:\\\/\\\/www.skalnik.pl\\\/blog\\\/#website\"},\"breadcrumb\":{\"@id\":\"https:\\\/\\\/www.skalnik.pl\\\/blog\\\/izrael-co-zobaczyc\\\/#breadcrumblist\"},\"author\":{\"@id\":\"https:\\\/\\\/www.skalnik.pl\\\/blog\\\/author\\\/redakcja-skalnik-pl\\\/#author\"},\"creator\":{\"@id\":\"https:\\\/\\\/www.skalnik.pl\\\/blog\\\/author\\\/redakcja-skalnik-pl\\\/#author\"},\"image\":{\"@type\":\"ImageObject\",\"url\":\"https:\\\/\\\/www.skalnik.pl\\\/blog\\\/wp-content\\\/uploads\\\/2019\\\/06\\\/izrael-sciana-placzu-1-e1560765045373.jpg\",\"@id\":\"https:\\\/\\\/www.skalnik.pl\\\/blog\\\/izrael-co-zobaczyc\\\/#mainImage\",\"width\":1236,\"height\":454},\"primaryImageOfPage\":{\"@id\":\"https:\\\/\\\/www.skalnik.pl\\\/blog\\\/izrael-co-zobaczyc\\\/#mainImage\"},\"datePublished\":\"2019-06-19T15:35:03+02:00\",\"dateModified\":\"2024-05-20T15:42:56+02:00\"},{\"@type\":\"WebSite\",\"@id\":\"https:\\\/\\\/www.skalnik.pl\\\/blog\\\/#website\",\"url\":\"https:\\\/\\\/www.skalnik.pl\\\/blog\\\/\",\"name\":\"blog Skalnik\",\"description\":\"Blog, porady, artyku\\u0142y - blog Skalnik\",\"inLanguage\":\"pl-PL\",\"publisher\":{\"@id\":\"https:\\\/\\\/www.skalnik.pl\\\/blog\\\/#organization\"}}]}\n\t\t<\/script>\n\t\t<!-- All in One SEO -->\n\n","aioseo_head_json":{"title":"Izrael w 6 dni. Co warto zobaczy\u0107 - blog Skalnik","description":"Wybierasz si\u0119 do Izraela? Zainspiruj si\u0119 nasz\u0105 histori\u0105 i sprawd\u017a co warto zobaczy\u0107 w Izraelu. Jerozolima, Ed Gedi, Tel-Aviv to tylko kilka miejsc, kt\u00f3re odwiedzili\u015bmy w ci\u0105gu 6 dni","canonical_url":"https:\/\/www.skalnik.pl\/blog\/izrael-co-zobaczyc\/","robots":"max-image-preview:large","keywords":"","webmasterTools":{"miscellaneous":""},"schema":{"@context":"https:\/\/schema.org","@graph":[{"@type":"BlogPosting","@id":"https:\/\/www.skalnik.pl\/blog\/izrael-co-zobaczyc\/#blogposting","name":"Izrael w 6 dni. Co warto zobaczy\u0107 - blog Skalnik","headline":"Izrael w 6 dni. Co warto zobaczy\u0107","author":{"@id":"https:\/\/www.skalnik.pl\/blog\/author\/redakcja-skalnik-pl\/#author"},"publisher":{"@id":"https:\/\/www.skalnik.pl\/blog\/#organization"},"image":{"@type":"ImageObject","url":"https:\/\/www.skalnik.pl\/blog\/wp-content\/uploads\/2019\/06\/izrael-sciana-placzu-1-e1560765045373.jpg","width":1236,"height":454},"datePublished":"2019-06-19T15:35:03+02:00","dateModified":"2024-05-20T15:42:56+02:00","inLanguage":"pl-PL","mainEntityOfPage":{"@id":"https:\/\/www.skalnik.pl\/blog\/izrael-co-zobaczyc\/#webpage"},"isPartOf":{"@id":"https:\/\/www.skalnik.pl\/blog\/izrael-co-zobaczyc\/#webpage"},"articleSection":"Pasja, inspiracje, podr\u00f3\u017ce, turystyka"},{"@type":"BreadcrumbList","@id":"https:\/\/www.skalnik.pl\/blog\/izrael-co-zobaczyc\/#breadcrumblist","itemListElement":[{"@type":"ListItem","@id":"https:\/\/www.skalnik.pl\/blog#listItem","position":1,"name":"Home","item":"https:\/\/www.skalnik.pl\/blog","nextItem":{"@type":"ListItem","@id":"https:\/\/www.skalnik.pl\/blog\/.\/pasja\/#listItem","name":"Pasja"}},{"@type":"ListItem","@id":"https:\/\/www.skalnik.pl\/blog\/.\/pasja\/#listItem","position":2,"name":"Pasja","item":"https:\/\/www.skalnik.pl\/blog\/.\/pasja\/","nextItem":{"@type":"ListItem","@id":"https:\/\/www.skalnik.pl\/blog\/izrael-co-zobaczyc\/#listItem","name":"Izrael w 6 dni. Co warto zobaczy\u0107"},"previousItem":{"@type":"ListItem","@id":"https:\/\/www.skalnik.pl\/blog#listItem","name":"Home"}},{"@type":"ListItem","@id":"https:\/\/www.skalnik.pl\/blog\/izrael-co-zobaczyc\/#listItem","position":3,"name":"Izrael w 6 dni. Co warto zobaczy\u0107","previousItem":{"@type":"ListItem","@id":"https:\/\/www.skalnik.pl\/blog\/.\/pasja\/#listItem","name":"Pasja"}}]},{"@type":"Organization","@id":"https:\/\/www.skalnik.pl\/blog\/#organization","name":"blog Skalnik","description":"Blog, porady, artyku\u0142y - blog Skalnik","url":"https:\/\/www.skalnik.pl\/blog\/"},{"@type":"Person","@id":"https:\/\/www.skalnik.pl\/blog\/author\/redakcja-skalnik-pl\/#author","url":"https:\/\/www.skalnik.pl\/blog\/author\/redakcja-skalnik-pl\/","name":"Redakcja skalnik.pl","image":{"@type":"ImageObject","@id":"https:\/\/www.skalnik.pl\/blog\/izrael-co-zobaczyc\/#authorImage","url":"https:\/\/secure.gravatar.com\/avatar\/7eab29b048aaf0899cd9a145e9adb814e2130ced31e65b454b902500bea65f9e?s=96&d=mm&r=g","width":96,"height":96,"caption":"Redakcja skalnik.pl"}},{"@type":"WebPage","@id":"https:\/\/www.skalnik.pl\/blog\/izrael-co-zobaczyc\/#webpage","url":"https:\/\/www.skalnik.pl\/blog\/izrael-co-zobaczyc\/","name":"Izrael w 6 dni. Co warto zobaczy\u0107 - blog Skalnik","description":"Wybierasz si\u0119 do Izraela? Zainspiruj si\u0119 nasz\u0105 histori\u0105 i sprawd\u017a co warto zobaczy\u0107 w Izraelu. Jerozolima, Ed Gedi, Tel-Aviv to tylko kilka miejsc, kt\u00f3re odwiedzili\u015bmy w ci\u0105gu 6 dni","inLanguage":"pl-PL","isPartOf":{"@id":"https:\/\/www.skalnik.pl\/blog\/#website"},"breadcrumb":{"@id":"https:\/\/www.skalnik.pl\/blog\/izrael-co-zobaczyc\/#breadcrumblist"},"author":{"@id":"https:\/\/www.skalnik.pl\/blog\/author\/redakcja-skalnik-pl\/#author"},"creator":{"@id":"https:\/\/www.skalnik.pl\/blog\/author\/redakcja-skalnik-pl\/#author"},"image":{"@type":"ImageObject","url":"https:\/\/www.skalnik.pl\/blog\/wp-content\/uploads\/2019\/06\/izrael-sciana-placzu-1-e1560765045373.jpg","@id":"https:\/\/www.skalnik.pl\/blog\/izrael-co-zobaczyc\/#mainImage","width":1236,"height":454},"primaryImageOfPage":{"@id":"https:\/\/www.skalnik.pl\/blog\/izrael-co-zobaczyc\/#mainImage"},"datePublished":"2019-06-19T15:35:03+02:00","dateModified":"2024-05-20T15:42:56+02:00"},{"@type":"WebSite","@id":"https:\/\/www.skalnik.pl\/blog\/#website","url":"https:\/\/www.skalnik.pl\/blog\/","name":"blog Skalnik","description":"Blog, porady, artyku\u0142y - blog Skalnik","inLanguage":"pl-PL","publisher":{"@id":"https:\/\/www.skalnik.pl\/blog\/#organization"}}]},"og:locale":"pl_PL","og:site_name":"blog Skalnik - Blog, porady, artyku\u0142y - blog Skalnik","og:type":"article","og:title":"Izrael w 6 dni. Co warto zobaczy\u0107 - blog Skalnik","og:description":"Wybierasz si\u0119 do Izraela? Zainspiruj si\u0119 nasz\u0105 histori\u0105 i sprawd\u017a co warto zobaczy\u0107 w Izraelu. Jerozolima, Ed Gedi, Tel-Aviv to tylko kilka miejsc, kt\u00f3re odwiedzili\u015bmy w ci\u0105gu 6 dni","og:url":"https:\/\/www.skalnik.pl\/blog\/izrael-co-zobaczyc\/","og:image":"https:\/\/skalnik.pl\/blog\/wp-content\/uploads\/2019\/06\/izrael-sciana-placzu.jpg","og:image:secure_url":"https:\/\/skalnik.pl\/blog\/wp-content\/uploads\/2019\/06\/izrael-sciana-placzu.jpg","article:tag":["pasja","inspiracje","podr\u00f3\u017ce","turystyka"],"article:published_time":"2019-06-19T13:35:03+00:00","article:modified_time":"2024-05-20T13:42:56+00:00","twitter:card":"summary_large_image","twitter:title":"Izrael w 6 dni. Co warto zobaczy\u0107 - blog Skalnik","twitter:description":"Wybierasz si\u0119 do Izraela? Zainspiruj si\u0119 nasz\u0105 histori\u0105 i sprawd\u017a co warto zobaczy\u0107 w Izraelu. Jerozolima, Ed Gedi, Tel-Aviv to tylko kilka miejsc, kt\u00f3re odwiedzili\u015bmy w ci\u0105gu 6 dni","twitter:image":"https:\/\/skalnik.pl\/blog\/wp-content\/uploads\/2019\/06\/izrael-sciana-placzu.jpg"},"aioseo_meta_data":{"post_id":"7458","title":null,"description":"Wybierasz si\u0119 do Izraela? Zainspiruj si\u0119 nasz\u0105 histori\u0105 i sprawd\u017a co warto zobaczy\u0107 w Izraelu. Jerozolima, Ed Gedi, Tel-Aviv to tylko kilka miejsc, kt\u00f3re odwiedzili\u015bmy w ci\u0105gu 6 dni","keywords":[{"label":"izrael","value":"izrael"},{"label":"izrael co zobaczy\u0107","value":"izrael co zobaczy\u0107"},{"label":"co zobaczy\u0107 w izraelu","value":"co zobaczy\u0107 w izraelu"},{"label":"jerozolima","value":"jerozolima"},{"label":"tel aviv","value":"tel aviv"}],"keyphrases":{"focus":{"keyphrase":"","score":0,"analysis":{"keyphraseInTitle":{"score":0,"maxScore":9,"error":1}}},"additional":[]},"primary_term":null,"canonical_url":null,"og_title":null,"og_description":null,"og_object_type":"default","og_image_type":"default","og_image_url":null,"og_image_width":null,"og_image_height":null,"og_image_custom_url":null,"og_image_custom_fields":null,"og_video":"","og_custom_url":null,"og_article_section":null,"og_article_tags":[],"twitter_use_og":false,"twitter_card":"default","twitter_image_type":"default","twitter_image_url":null,"twitter_image_custom_url":null,"twitter_image_custom_fields":null,"twitter_title":null,"twitter_description":null,"schema":{"blockGraphs":[],"customGraphs":[],"default":{"data":{"Article":[],"Course":[],"Dataset":[],"FAQPage":[],"Movie":[],"Person":[],"Product":[],"ProductReview":[],"Car":[],"Recipe":[],"Service":[],"SoftwareApplication":[],"WebPage":[]},"graphName":"","isEnabled":true},"graphs":[]},"schema_type":"default","schema_type_options":null,"pillar_content":false,"robots_default":true,"robots_noindex":false,"robots_noarchive":false,"robots_nosnippet":false,"robots_nofollow":false,"robots_noimageindex":false,"robots_noodp":false,"robots_notranslate":false,"robots_max_snippet":"-1","robots_max_videopreview":"-1","robots_max_imagepreview":"large","priority":null,"frequency":"default","local_seo":null,"breadcrumb_settings":null,"limit_modified_date":false,"ai":null,"created":"2022-08-26 10:00:57","updated":"2026-02-17 21:34:21","seo_analyzer_scan_date":null},"aioseo_breadcrumb":"<div class=\"aioseo-breadcrumbs\"><span class=\"aioseo-breadcrumb\">\n\t\t\t<a href=\"https:\/\/www.skalnik.pl\/blog\" title=\"Home\">Home<\/a>\n\t\t<\/span><span class=\"aioseo-breadcrumb-separator\">&raquo;<\/span><span class=\"aioseo-breadcrumb\">\n\t\t\t<a href=\"https:\/\/www.skalnik.pl\/blog\/.\/pasja\/\" title=\"Pasja\">Pasja<\/a>\n\t\t<\/span><span class=\"aioseo-breadcrumb-separator\">&raquo;<\/span><span class=\"aioseo-breadcrumb\">\n\t\t\tIzrael w 6 dni. Co warto zobaczy\u0107\n\t\t<\/span><\/div>","aioseo_breadcrumb_json":[{"label":"Home","link":"https:\/\/www.skalnik.pl\/blog"},{"label":"Pasja","link":"https:\/\/www.skalnik.pl\/blog\/.\/pasja\/"},{"label":"Izrael w 6 dni. Co warto zobaczy\u0107","link":"https:\/\/www.skalnik.pl\/blog\/izrael-co-zobaczyc\/"}],"_links":{"self":[{"href":"https:\/\/www.skalnik.pl\/blog\/wp-json\/wp\/v2\/posts\/7458","targetHints":{"allow":["GET"]}}],"collection":[{"href":"https:\/\/www.skalnik.pl\/blog\/wp-json\/wp\/v2\/posts"}],"about":[{"href":"https:\/\/www.skalnik.pl\/blog\/wp-json\/wp\/v2\/types\/post"}],"author":[{"embeddable":true,"href":"https:\/\/www.skalnik.pl\/blog\/wp-json\/wp\/v2\/users\/7"}],"replies":[{"embeddable":true,"href":"https:\/\/www.skalnik.pl\/blog\/wp-json\/wp\/v2\/comments?post=7458"}],"version-history":[{"count":26,"href":"https:\/\/www.skalnik.pl\/blog\/wp-json\/wp\/v2\/posts\/7458\/revisions"}],"predecessor-version":[{"id":26327,"href":"https:\/\/www.skalnik.pl\/blog\/wp-json\/wp\/v2\/posts\/7458\/revisions\/26327"}],"wp:featuredmedia":[{"embeddable":true,"href":"https:\/\/www.skalnik.pl\/blog\/wp-json\/wp\/v2\/media\/7502"}],"wp:attachment":[{"href":"https:\/\/www.skalnik.pl\/blog\/wp-json\/wp\/v2\/media?parent=7458"}],"wp:term":[{"taxonomy":"category","embeddable":true,"href":"https:\/\/www.skalnik.pl\/blog\/wp-json\/wp\/v2\/categories?post=7458"},{"taxonomy":"post_tag","embeddable":true,"href":"https:\/\/www.skalnik.pl\/blog\/wp-json\/wp\/v2\/tags?post=7458"},{"taxonomy":"magento_category","embeddable":true,"href":"https:\/\/www.skalnik.pl\/blog\/wp-json\/wp\/v2\/magento_category?post=7458"},{"taxonomy":"magento_product","embeddable":true,"href":"https:\/\/www.skalnik.pl\/blog\/wp-json\/wp\/v2\/magento_product?post=7458"}],"curies":[{"name":"wp","href":"https:\/\/api.w.org\/{rel}","templated":true}]}}