{"id":7524,"date":"2019-06-20T10:00:15","date_gmt":"2019-06-20T08:00:15","guid":{"rendered":"https:\/\/skalnik.pl\/blog\/?p=7524"},"modified":"2020-06-26T12:28:33","modified_gmt":"2020-06-26T10:28:33","slug":"via-ferrata-blisko-polski-czesc-ii-srodkowe-czechy","status":"publish","type":"post","link":"https:\/\/www.skalnik.pl\/blog\/via-ferrata-blisko-polski-czesc-ii-srodkowe-czechy\/","title":{"rendered":"Via ferrata blisko Polski \u2013 cz\u0119\u015b\u0107 II, \u015brodkowe Czechy"},"content":{"rendered":"<p><b>Je\u017celi spodoba\u0142y wam si\u0119 czeskie via ferraty opisane przez Beat\u0119 to koniecznie zajrzyjcie w g\u0142\u0105b tego kraju. W \u015brodkowej cz\u0119\u015bci Czech, w niedalekiej odleg\u0142o\u015bci od Pragi, a nawet w samej Pradze mo\u017cecie pokona\u0107 w sumie cztery r\u00f3\u017cnorodne via ferraty. Odwiedzili\u015bmy te rejony przejazdem, w drodze na ferraty okolic Salzburga, o kt\u00f3rych b\u0119dziecie mogli przeczyta\u0107 ju\u017c wkr\u00f3tce.<\/b><\/p>\n<p><i>Poznaj te\u017c nasze kolejne ferratowe mini-przewodniki po miejscach blisko Polski:<\/i><br \/>\n<i>&gt;&gt;&gt;<a href=\"https:\/\/skalnik.pl\/blog\/via-ferrata-blisko-polski-czesc-i-polnocne-czechy\/\" target=\"_blank\" rel=\"noopener noreferrer\">Via ferrata blisko Polski \u2013 cz. I, p\u00f3\u0142nocne Czechy<\/a><br \/>\n&gt;&gt;&gt;<a href=\"https:\/\/skalnik.pl\/blog\/via-ferrata-blisko-polski-cz-iii-gory-zytawskie-niemcy\/\" target=\"_blank\" rel=\"noopener noreferrer\">Via ferrata blisko Polski \u2013 cz. III, G\u00f3ry \u017bytawskie, Niemcy<\/a><br \/>\n<\/i><\/p>\n<div id=\"ez-toc-container\" class=\"ez-toc-v2_0_85 counter-hierarchy ez-toc-counter ez-toc-light-blue ez-toc-container-direction\">\n<div class=\"ez-toc-title-container\">\n<p class=\"ez-toc-title\" style=\"cursor:inherit\">SPIS TRE\u015aCI <\/p>\n<span class=\"ez-toc-title-toggle\"><a href=\"#\" class=\"ez-toc-pull-right ez-toc-btn ez-toc-btn-xs ez-toc-btn-default ez-toc-toggle\" aria-label=\"Prze\u0142\u0105cznik Spisu Tre\u015bci\"><span class=\"ez-toc-js-icon-con\"><span class=\"\"><span class=\"eztoc-hide\" style=\"display:none;\">Toggle<\/span><span class=\"ez-toc-icon-toggle-span\"><svg style=\"fill: #999;color:#999\" xmlns=\"http:\/\/www.w3.org\/2000\/svg\" class=\"list-377408\" width=\"20px\" height=\"20px\" viewBox=\"0 0 24 24\" fill=\"none\"><path d=\"M6 6H4v2h2V6zm14 0H8v2h12V6zM4 11h2v2H4v-2zm16 0H8v2h12v-2zM4 16h2v2H4v-2zm16 0H8v2h12v-2z\" fill=\"currentColor\"><\/path><\/svg><svg style=\"fill: #999;color:#999\" class=\"arrow-unsorted-368013\" xmlns=\"http:\/\/www.w3.org\/2000\/svg\" width=\"10px\" height=\"10px\" viewBox=\"0 0 24 24\" version=\"1.2\" baseProfile=\"tiny\"><path d=\"M18.2 9.3l-6.2-6.3-6.2 6.3c-.2.2-.3.4-.3.7s.1.5.3.7c.2.2.4.3.7.3h11c.3 0 .5-.1.7-.3.2-.2.3-.5.3-.7s-.1-.5-.3-.7zM5.8 14.7l6.2 6.3 6.2-6.3c.2-.2.3-.5.3-.7s-.1-.5-.3-.7c-.2-.2-.4-.3-.7-.3h-11c-.3 0-.5.1-.7.3-.2.2-.3.5-.3.7s.1.5.3.7z\"\/><\/svg><\/span><\/span><\/span><\/a><\/span><\/div>\n<nav><ul class='ez-toc-list ez-toc-list-level-1 ' ><li class='ez-toc-page-1 ez-toc-heading-level-2'><a class=\"ez-toc-link ez-toc-heading-1\" href=\"https:\/\/www.skalnik.pl\/blog\/via-ferrata-blisko-polski-czesc-ii-srodkowe-czechy\/#Via_ferrata_v_Tabore_Tabor\" >Via ferrata v T\u00e1bo\u0159e (T\u00e1bor)<\/a><\/li><li class='ez-toc-page-1 ez-toc-heading-level-2'><a class=\"ez-toc-link ez-toc-heading-2\" href=\"https:\/\/www.skalnik.pl\/blog\/via-ferrata-blisko-polski-czesc-ii-srodkowe-czechy\/#Jak_dojechac_do_ferraty_w_Taborze\" >Jak dojecha\u0107 do ferraty w Taborze<\/a><\/li><li class='ez-toc-page-1 ez-toc-heading-level-2'><a class=\"ez-toc-link ez-toc-heading-3\" href=\"https:\/\/www.skalnik.pl\/blog\/via-ferrata-blisko-polski-czesc-ii-srodkowe-czechy\/#Pokonanie_ferraty_v_Tabore\" >Pokonanie ferraty v T\u00e1bo\u0159e<\/a><\/li><li class='ez-toc-page-1 ez-toc-heading-level-2'><a class=\"ez-toc-link ez-toc-heading-4\" href=\"https:\/\/www.skalnik.pl\/blog\/via-ferrata-blisko-polski-czesc-ii-srodkowe-czechy\/#Via_ferrata_Bechyne\" >Via ferrata Bechyn\u011b<\/a><\/li><li class='ez-toc-page-1 ez-toc-heading-level-2'><a class=\"ez-toc-link ez-toc-heading-5\" href=\"https:\/\/www.skalnik.pl\/blog\/via-ferrata-blisko-polski-czesc-ii-srodkowe-czechy\/#Dojazd_do_ferraty_Bechynskiej\" >Dojazd do ferraty Bechy\u0144skiej<\/a><\/li><li class='ez-toc-page-1 ez-toc-heading-level-2'><a class=\"ez-toc-link ez-toc-heading-6\" href=\"https:\/\/www.skalnik.pl\/blog\/via-ferrata-blisko-polski-czesc-ii-srodkowe-czechy\/#Jak_wyglada_via_ferrata_Bechyne\" >Jak wygl\u0105da via ferrata Bechyn\u011b<\/a><\/li><\/ul><\/nav><\/div>\n<h2><span class=\"ez-toc-section\" id=\"Via_ferrata_v_Tabore_Tabor\"><\/span>Via ferrata v T\u00e1bo\u0159e (T\u00e1bor)<span class=\"ez-toc-section-end\"><\/span><\/h2>\n<p>Tabor to miejscowo\u015b\u0107 po\u0142o\u017cona oko\u0142o 90 km na po\u0142udnie od Pragi. Znajduje si\u0119 w niej \u0142atwa, kr\u00f3tka i idealna na pocz\u0105tek via ferrata. Jest polecana dla os\u00f3b z ma\u0142ym do\u015bwiadczeniem oraz dzieci, cho\u0107 tak\u017ce ferratowi wyjadacze znajd\u0105 w niej co\u015b dla siebie. Z najwy\u017cszego punktu ferraty rozci\u0105ga si\u0119 przepi\u0119knym widokiem na miejscowo\u015b\u0107 i rzek\u0119 Lu\u017enice.<\/p>\n<h2><span class=\"ez-toc-section\" id=\"Jak_dojechac_do_ferraty_w_Taborze\"><\/span>Jak dojecha\u0107 do ferraty w Taborze<span class=\"ez-toc-section-end\"><\/span><\/h2>\n<p><a href=\"https:\/\/skalnik.pl\/sprzet-wspinaczkowy\/inne\/inne-via-ferraty\" target=\"_blank\" rel=\"noopener noreferrer\">Via ferrata<\/a> znajduje si\u0119 we wschodniej cz\u0119\u015bci miejscowo\u015bci, przy ulicy U \u0158eky Lu\u017enice (czyli \u201enad rzek\u0105 Luznice\u201d). Po drodze mijamy ma\u0142\u0105 restauracj\u0119 Chatky u Je\u017eka i po kilkudziesi\u0119ciu metrach docieramy do celu. Pocz\u0105tek via ferraty dobrze wida\u0107 z drogi i ci\u0119\u017cko omin\u0105\u0107 to miejsce. Zaparkowa\u0107 mo\u017cecie w okolicy miejsca startu lub kawa\u0142ek za nim, w wygodnej zatoczce.<\/p>\n<div id=\"attachment_7531\" style=\"width: 1034px\" class=\"wp-caption aligncenter\"><img loading=\"lazy\" decoding=\"async\" aria-describedby=\"caption-attachment-7531\" class=\"wp-image-7531 size-full\" title=\"Ferrata Tabor - mapka dojazdu\" src=\"https:\/\/skalnik.pl\/blog\/wp-content\/uploads\/2019\/06\/mapa-tabor.jpg\" alt=\"mapa ferrata tabor\" width=\"1024\" height=\"640\" srcset=\"https:\/\/www.skalnik.pl\/blog\/wp-content\/uploads\/2019\/06\/mapa-tabor.jpg 1024w, https:\/\/www.skalnik.pl\/blog\/wp-content\/uploads\/2019\/06\/mapa-tabor-300x188.jpg 300w, https:\/\/www.skalnik.pl\/blog\/wp-content\/uploads\/2019\/06\/mapa-tabor-768x480.jpg 768w\" sizes=\"auto, (max-width: 1024px) 100vw, 1024px\" \/><p id=\"caption-attachment-7531\" class=\"wp-caption-text\">Restauracja Chatky u Je\u017eka (znacznik z\u00f3\u0142ty), parking\/start ferraty (P)<\/p><\/div>\n<div id=\"attachment_7530\" style=\"width: 1034px\" class=\"wp-caption aligncenter\"><img loading=\"lazy\" decoding=\"async\" aria-describedby=\"caption-attachment-7530\" class=\"wp-image-7530 size-large\" title=\"Ferrata tabor miejsce startu\" src=\"https:\/\/skalnik.pl\/blog\/wp-content\/uploads\/2019\/06\/Taborska-miejsce-startu-1024x597.jpg\" alt=\"Ferrata tabor miejsce startu\" width=\"1024\" height=\"597\" srcset=\"https:\/\/www.skalnik.pl\/blog\/wp-content\/uploads\/2019\/06\/Taborska-miejsce-startu.jpg 1024w, https:\/\/www.skalnik.pl\/blog\/wp-content\/uploads\/2019\/06\/Taborska-miejsce-startu-300x175.jpg 300w, https:\/\/www.skalnik.pl\/blog\/wp-content\/uploads\/2019\/06\/Taborska-miejsce-startu-768x448.jpg 768w\" sizes=\"auto, (max-width: 1024px) 100vw, 1024px\" \/><p id=\"caption-attachment-7530\" class=\"wp-caption-text\">Start ferraty (1), koniec ferraty (2), miejsca parkingowe (3,4)<\/p><\/div>\n<h2><span class=\"ez-toc-section\" id=\"Pokonanie_ferraty_v_Tabore\"><\/span>Pokonanie ferraty v T\u00e1bo\u0159e<span class=\"ez-toc-section-end\"><\/span><\/h2>\n<p>Jak wspomnieli\u015bmy na pocz\u0105tku, ferrata jest do\u015b\u0107 prosta i zosta\u0142a wyceniona jako B w sze\u015bciostopniowej skali. Ca\u0142e jej przej\u015bcie zajmuje oko\u0142o 15-20 minut. Pocz\u0105tek i koniec ferraty znajduj\u0105 si\u0119 od siebie w zasi\u0119gu wzroku.<\/p>\n<p>Via ferrata rozpoczyna si\u0119 pionowym odcinkiem, kt\u00f3ry wyprowadza nas na szczyt ska\u0142ki. Jest to najtrudniejsze miejsce tego szlaku. Nast\u0119pnie poruszamy si\u0119 grzbietem ska\u0142y i docieramy do kr\u00f3tkiego, eksponowanego trawersu.<\/p>\n<p>Po pokonaniu jeszcze nied\u0142ugiego pionowego fragmentu znajdujemy si\u0119 w najwy\u017cszym punkcie via ferraty. Warto tam sp\u0119dzi\u0107 d\u0142u\u017csz\u0105 chwil\u0119 i popodziwia\u0107 rozlegaj\u0105ce si\u0119 widoki, by zaraz potem podej\u015b\u0107 do drabinki sprowadzaj\u0105cej nas do ko\u0144ca ferraty. Powr\u00f3t do miejsca startu prowadzi kr\u00f3tkim, lecz stromym odcinkiem. Zalecamy zachowa\u0107 czujno\u015b\u0107 w tym miejscu, szczeg\u00f3lnie w porach deszczowych.<\/p>\n<div class=\"page_gallery\">\n\n\t\t<style type=\"text\/css\">\n\t\t\t#gallery-1 {\n\t\t\t\tmargin: auto;\n\t\t\t}\n\t\t\t#gallery-1 .gallery-item {\n\t\t\t\tfloat: left;\n\t\t\t\tmargin-top: 10px;\n\t\t\t\ttext-align: center;\n\t\t\t\twidth: 33%;\n\t\t\t}\n\t\t\t#gallery-1 img {\n\t\t\t\tborder: 2px solid #cfcfcf;\n\t\t\t}\n\t\t\t#gallery-1 .gallery-caption {\n\t\t\t\tmargin-left: 0;\n\t\t\t}\n\t\t\t\/* see gallery_shortcode() in wp-includes\/media.php *\/\n\t\t<\/style>\n\t\t<div id='gallery-1' class='gallery galleryid-7524 gallery-columns-3 gallery-size-full'><dl class='gallery-item'>\n\t\t\t<dt class='gallery-icon portrait'>\n\t\t\t\t<img loading=\"lazy\" decoding=\"async\" width=\"708\" height=\"944\" src=\"https:\/\/www.skalnik.pl\/blog\/wp-content\/uploads\/2019\/06\/Taborska-2-pocz\u0105tek.jpg\" class=\"attachment-full size-full\" alt=\"\" aria-describedby=\"gallery-1-7533\" srcset=\"https:\/\/www.skalnik.pl\/blog\/wp-content\/uploads\/2019\/06\/Taborska-2-pocz\u0105tek.jpg 708w, https:\/\/www.skalnik.pl\/blog\/wp-content\/uploads\/2019\/06\/Taborska-2-pocz\u0105tek-225x300.jpg 225w\" sizes=\"auto, (max-width: 708px) 100vw, 708px\" \/>\n\t\t\t<\/dt>\n\t\t\t\t<dd class='wp-caption-text gallery-caption' id='gallery-1-7533'>\n\t\t\t\tPocz\u0105tek via ferraty w Taborze\n\t\t\t\t<\/dd><\/dl><dl class='gallery-item'>\n\t\t\t<dt class='gallery-icon landscape'>\n\t\t\t\t<img loading=\"lazy\" decoding=\"async\" width=\"1679\" height=\"944\" src=\"https:\/\/www.skalnik.pl\/blog\/wp-content\/uploads\/2019\/06\/Taborska-3.jpg\" class=\"attachment-full size-full\" alt=\"\" aria-describedby=\"gallery-1-7534\" srcset=\"https:\/\/www.skalnik.pl\/blog\/wp-content\/uploads\/2019\/06\/Taborska-3.jpg 1679w, https:\/\/www.skalnik.pl\/blog\/wp-content\/uploads\/2019\/06\/Taborska-3-300x169.jpg 300w, https:\/\/www.skalnik.pl\/blog\/wp-content\/uploads\/2019\/06\/Taborska-3-768x432.jpg 768w, https:\/\/www.skalnik.pl\/blog\/wp-content\/uploads\/2019\/06\/Taborska-3-1024x576.jpg 1024w\" sizes=\"auto, (max-width: 1679px) 100vw, 1679px\" \/>\n\t\t\t<\/dt>\n\t\t\t\t<dd class='wp-caption-text gallery-caption' id='gallery-1-7534'>\n\t\t\t\tVia ferrata Tabor\n\t\t\t\t<\/dd><\/dl><dl class='gallery-item'>\n\t\t\t<dt class='gallery-icon landscape'>\n\t\t\t\t<img loading=\"lazy\" decoding=\"async\" width=\"1259\" height=\"944\" src=\"https:\/\/www.skalnik.pl\/blog\/wp-content\/uploads\/2019\/06\/Taborska-4-fot.-Beti.jpg\" class=\"attachment-full size-full\" alt=\"\" aria-describedby=\"gallery-1-7535\" srcset=\"https:\/\/www.skalnik.pl\/blog\/wp-content\/uploads\/2019\/06\/Taborska-4-fot.-Beti.jpg 1259w, https:\/\/www.skalnik.pl\/blog\/wp-content\/uploads\/2019\/06\/Taborska-4-fot.-Beti-300x225.jpg 300w, https:\/\/www.skalnik.pl\/blog\/wp-content\/uploads\/2019\/06\/Taborska-4-fot.-Beti-768x576.jpg 768w, https:\/\/www.skalnik.pl\/blog\/wp-content\/uploads\/2019\/06\/Taborska-4-fot.-Beti-1024x768.jpg 1024w\" sizes=\"auto, (max-width: 1259px) 100vw, 1259px\" \/>\n\t\t\t<\/dt>\n\t\t\t\t<dd class='wp-caption-text gallery-caption' id='gallery-1-7535'>\n\t\t\t\tStopniowo pniemy si\u0119 do g\u00f3ry&#8230;\n\t\t\t\t<\/dd><\/dl><br style=\"clear: both\" \/><dl class='gallery-item'>\n\t\t\t<dt class='gallery-icon landscape'>\n\t\t\t\t<img loading=\"lazy\" decoding=\"async\" width=\"1679\" height=\"944\" src=\"https:\/\/www.skalnik.pl\/blog\/wp-content\/uploads\/2019\/06\/Taborska-5.jpg\" class=\"attachment-full size-full\" alt=\"\" aria-describedby=\"gallery-1-7536\" srcset=\"https:\/\/www.skalnik.pl\/blog\/wp-content\/uploads\/2019\/06\/Taborska-5.jpg 1679w, https:\/\/www.skalnik.pl\/blog\/wp-content\/uploads\/2019\/06\/Taborska-5-300x169.jpg 300w, https:\/\/www.skalnik.pl\/blog\/wp-content\/uploads\/2019\/06\/Taborska-5-768x432.jpg 768w, https:\/\/www.skalnik.pl\/blog\/wp-content\/uploads\/2019\/06\/Taborska-5-1024x576.jpg 1024w\" sizes=\"auto, (max-width: 1679px) 100vw, 1679px\" \/>\n\t\t\t<\/dt>\n\t\t\t\t<dd class='wp-caption-text gallery-caption' id='gallery-1-7536'>\n\t\t\t\t&#8230; a ekspozycja robi si\u0119 coraz wi\u0119ksza.\n\t\t\t\t<\/dd><\/dl><dl class='gallery-item'>\n\t\t\t<dt class='gallery-icon landscape'>\n\t\t\t\t<img loading=\"lazy\" decoding=\"async\" width=\"1679\" height=\"944\" src=\"https:\/\/www.skalnik.pl\/blog\/wp-content\/uploads\/2019\/06\/Taborska-6-drabinka-ko\u0144cowa.jpg\" class=\"attachment-full size-full\" alt=\"\" aria-describedby=\"gallery-1-7537\" srcset=\"https:\/\/www.skalnik.pl\/blog\/wp-content\/uploads\/2019\/06\/Taborska-6-drabinka-ko\u0144cowa.jpg 1679w, https:\/\/www.skalnik.pl\/blog\/wp-content\/uploads\/2019\/06\/Taborska-6-drabinka-ko\u0144cowa-300x169.jpg 300w, https:\/\/www.skalnik.pl\/blog\/wp-content\/uploads\/2019\/06\/Taborska-6-drabinka-ko\u0144cowa-768x432.jpg 768w, https:\/\/www.skalnik.pl\/blog\/wp-content\/uploads\/2019\/06\/Taborska-6-drabinka-ko\u0144cowa-1024x576.jpg 1024w\" sizes=\"auto, (max-width: 1679px) 100vw, 1679px\" \/>\n\t\t\t<\/dt>\n\t\t\t\t<dd class='wp-caption-text gallery-caption' id='gallery-1-7537'>\n\t\t\t\tDrabinka w dalszej cz\u0119\u015bci ferraty.\n\t\t\t\t<\/dd><\/dl>\n\t\t\t<br style='clear: both' \/>\n\t\t<\/div>\n\n<\/div>\n<h2><span class=\"ez-toc-section\" id=\"Via_ferrata_Bechyne\"><\/span>Via ferrata Bechyn\u011b<span class=\"ez-toc-section-end\"><\/span><\/h2>\n<p>Via ferrata w Bechyn\u011b po\u0142o\u017cona jest r\u00f3wnie\u017c nad rzek\u0105 Lu\u017enice, oko\u0142o 120 km na po\u0142udnie od Pragi i 25 km od ferraty w Taborze. Ze wzgl\u0119du na swoje po\u0142o\u017cenie i przebieg tu\u017c nad wod\u0105 jest wyj\u0105tkowo ciekawa. Polecamy j\u0105 jednak dla os\u00f3b do\u015bwiadczonych w pokonywaniu stalowych dr\u00f3g.<\/p>\n<h2><span class=\"ez-toc-section\" id=\"Dojazd_do_ferraty_Bechynskiej\"><\/span>Dojazd do ferraty Bechy\u0144skiej<span class=\"ez-toc-section-end\"><\/span><\/h2>\n<p>Via ferrata znajduje si\u0119 po\u0142udniowej cz\u0119\u015bci miejscowo\u015bci Bechyn\u011b. Najlepiej zaparkowa\u0107 w okolicy ulicy Z\u00e1\u0159e\u010d\u00ed. W dzie\u0144 roboczy nie mieli\u015bmy najmniejszych problem\u00f3w ze znalezieniem darmowego miejsca parkingowego. Pod\u0105\u017camy ulic\u0105 Z\u00e1\u0159e\u010d\u00ed na po\u0142udnie a\u017c do samego ko\u0144ca. Nast\u0119pnie kierujemy si\u0119 le\u015bn\u0105 \u015bcie\u017ck\u0105 w g\u00f3r\u0119 a\u017c dojdziemy do pola. Skr\u0119camy w prawo i zaczynamy obchodzi\u0107 pole po dw\u00f3ch jego bokach. Ostatni fragment schodzi kawa\u0142ek mocno w d\u00f3\u0142, a\u017c docieramy do g\u00f3rnej kraw\u0119dzi \u015bciany i pocz\u0105tku via ferraty. Po drodze s\u0105 zawieszone znaki, cho\u0107 czasami s\u0142abo widoczne. Powr\u00f3t odbywa si\u0119 dok\u0142adnie t\u0105 sam\u0105 drog\u0105.<\/p>\n<div id=\"attachment_7540\" style=\"width: 1034px\" class=\"wp-caption alignnone\"><img loading=\"lazy\" decoding=\"async\" aria-describedby=\"caption-attachment-7540\" class=\"wp-image-7540 size-large\" title=\"via ferrata bechyne mapa\" src=\"https:\/\/skalnik.pl\/blog\/wp-content\/uploads\/2019\/06\/mapa-bechyne-1024x640.jpg\" alt=\"jak dojsc do ferraty bechyne mapka\" width=\"1024\" height=\"640\" srcset=\"https:\/\/www.skalnik.pl\/blog\/wp-content\/uploads\/2019\/06\/mapa-bechyne.jpg 1024w, https:\/\/www.skalnik.pl\/blog\/wp-content\/uploads\/2019\/06\/mapa-bechyne-300x188.jpg 300w, https:\/\/www.skalnik.pl\/blog\/wp-content\/uploads\/2019\/06\/mapa-bechyne-768x480.jpg 768w\" sizes=\"auto, (max-width: 1024px) 100vw, 1024px\" \/><p id=\"caption-attachment-7540\" class=\"wp-caption-text\">Via ferrata Bechyn\u011b: miejsce do zaparkowania auta (P), droga doj\u015bcia i start ferraty (P).<\/p><\/div>\n<h2><span class=\"ez-toc-section\" id=\"Jak_wyglada_via_ferrata_Bechyne\"><\/span>Jak wygl\u0105da via ferrata Bechyn\u011b<span class=\"ez-toc-section-end\"><\/span><\/h2>\n<p>Jest to wymagaj\u0105ca ferrata, do kt\u00f3rej przy braku odpowiedniej techniki wspinaczkowej, potrzebne s\u0105 silne r\u0119ce. Jej pokonanie zajmuje oko\u0142o godziny i wyceniana jest na D\/E w sze\u015bciostopniowej skali. Wi\u0119kszo\u015b\u0107 trasy pokonujemy tak blisko wody, \u017ce odpadni\u0119cie mo\u017ce dla niekt\u00f3rych oznacza\u0107 moczenie n\u00f3g. Ferrata rozpoczyna si\u0119 zej\u015bciem po drabinie i metalowych klamrach a\u017c do samego poziomu wody. Nast\u0119pnie pokonujemy d\u0142ugi trawers z opcj\u0105 przej\u015bcia przez most linowy, a\u017c docieramy do ko\u0144cowej p\u00f3\u0142ki z \u0142aweczk\u0105 i ksi\u0105\u017ck\u0105 wpis\u00f3w. Jakie\u017c by\u0142o nasze zdziwienie, gdy si\u0119 okaza\u0142o \u017ce nie jest to koniec ferraty, a przewieszona drabinka pn\u0105ca si\u0119 w g\u00f3r\u0119 s\u0142u\u017cy jedynie do wspi\u0119cia si\u0119 do zawieszonego na niej dzwonka i obwieszczenia jego d\u017awi\u0119kiem dotarcia do najdalszego punktu via ferraty. W tym miejscu jeste\u015bmy dopiero w po\u0142owie drogi, poniewa\u017c druga po\u0142owa to powr\u00f3t t\u0105 sam\u0105 drog\u0105. Co sprawia \u017ce via ferrata jest jeszcze ciekawsza, gdy\u017c potrzebne s\u0105 umiej\u0119tno\u015bci mijania si\u0119 z innymi jej uczestnikami.<\/p>\n<div class=\"page_gallery\">\n\n\t\t<style type=\"text\/css\">\n\t\t\t#gallery-2 {\n\t\t\t\tmargin: auto;\n\t\t\t}\n\t\t\t#gallery-2 .gallery-item {\n\t\t\t\tfloat: left;\n\t\t\t\tmargin-top: 10px;\n\t\t\t\ttext-align: center;\n\t\t\t\twidth: 33%;\n\t\t\t}\n\t\t\t#gallery-2 img {\n\t\t\t\tborder: 2px solid #cfcfcf;\n\t\t\t}\n\t\t\t#gallery-2 .gallery-caption {\n\t\t\t\tmargin-left: 0;\n\t\t\t}\n\t\t\t\/* see gallery_shortcode() in wp-includes\/media.php *\/\n\t\t<\/style>\n\t\t<div id='gallery-2' class='gallery galleryid-7524 gallery-columns-3 gallery-size-full'><dl class='gallery-item'>\n\t\t\t<dt class='gallery-icon landscape'>\n\t\t\t\t<img loading=\"lazy\" decoding=\"async\" width=\"1679\" height=\"944\" src=\"https:\/\/www.skalnik.pl\/blog\/wp-content\/uploads\/2019\/06\/Bechynska-droga-doj\u015bcia-2.jpg\" class=\"attachment-full size-full\" alt=\"\" aria-describedby=\"gallery-2-7546\" srcset=\"https:\/\/www.skalnik.pl\/blog\/wp-content\/uploads\/2019\/06\/Bechynska-droga-doj\u015bcia-2.jpg 1679w, https:\/\/www.skalnik.pl\/blog\/wp-content\/uploads\/2019\/06\/Bechynska-droga-doj\u015bcia-2-300x169.jpg 300w, https:\/\/www.skalnik.pl\/blog\/wp-content\/uploads\/2019\/06\/Bechynska-droga-doj\u015bcia-2-768x432.jpg 768w, https:\/\/www.skalnik.pl\/blog\/wp-content\/uploads\/2019\/06\/Bechynska-droga-doj\u015bcia-2-1024x576.jpg 1024w\" sizes=\"auto, (max-width: 1679px) 100vw, 1679px\" \/>\n\t\t\t<\/dt>\n\t\t\t\t<dd class='wp-caption-text gallery-caption' id='gallery-2-7546'>\n\t\t\t\tPodej\u015bcie do via ferraty Bechyn\u011b \n\t\t\t\t<\/dd><\/dl><dl class='gallery-item'>\n\t\t\t<dt class='gallery-icon landscape'>\n\t\t\t\t<img loading=\"lazy\" decoding=\"async\" width=\"1679\" height=\"944\" src=\"https:\/\/www.skalnik.pl\/blog\/wp-content\/uploads\/2019\/06\/Bechynska-droga-doj\u015bcia-3.jpg\" class=\"attachment-full size-full\" alt=\"\" aria-describedby=\"gallery-2-7547\" srcset=\"https:\/\/www.skalnik.pl\/blog\/wp-content\/uploads\/2019\/06\/Bechynska-droga-doj\u015bcia-3.jpg 1679w, https:\/\/www.skalnik.pl\/blog\/wp-content\/uploads\/2019\/06\/Bechynska-droga-doj\u015bcia-3-300x169.jpg 300w, https:\/\/www.skalnik.pl\/blog\/wp-content\/uploads\/2019\/06\/Bechynska-droga-doj\u015bcia-3-768x432.jpg 768w, https:\/\/www.skalnik.pl\/blog\/wp-content\/uploads\/2019\/06\/Bechynska-droga-doj\u015bcia-3-1024x576.jpg 1024w\" sizes=\"auto, (max-width: 1679px) 100vw, 1679px\" \/>\n\t\t\t<\/dt>\n\t\t\t\t<dd class='wp-caption-text gallery-caption' id='gallery-2-7547'>\n\t\t\t\tPocz\u0105tek to przyjemny spacer. \n\t\t\t\t<\/dd><\/dl><dl class='gallery-item'>\n\t\t\t<dt class='gallery-icon landscape'>\n\t\t\t\t<img loading=\"lazy\" decoding=\"async\" width=\"1679\" height=\"944\" src=\"https:\/\/www.skalnik.pl\/blog\/wp-content\/uploads\/2019\/06\/Bechynska-pocz\u0105tek.jpg\" class=\"attachment-full size-full\" alt=\"\" aria-describedby=\"gallery-2-7541\" srcset=\"https:\/\/www.skalnik.pl\/blog\/wp-content\/uploads\/2019\/06\/Bechynska-pocz\u0105tek.jpg 1679w, https:\/\/www.skalnik.pl\/blog\/wp-content\/uploads\/2019\/06\/Bechynska-pocz\u0105tek-300x169.jpg 300w, https:\/\/www.skalnik.pl\/blog\/wp-content\/uploads\/2019\/06\/Bechynska-pocz\u0105tek-768x432.jpg 768w, https:\/\/www.skalnik.pl\/blog\/wp-content\/uploads\/2019\/06\/Bechynska-pocz\u0105tek-1024x576.jpg 1024w\" sizes=\"auto, (max-width: 1679px) 100vw, 1679px\" \/>\n\t\t\t<\/dt>\n\t\t\t\t<dd class='wp-caption-text gallery-caption' id='gallery-2-7541'>\n\t\t\t\tPocz\u0105tek ferraty to wspinaczka po klamrach.\n\t\t\t\t<\/dd><\/dl><br style=\"clear: both\" \/><dl class='gallery-item'>\n\t\t\t<dt class='gallery-icon landscape'>\n\t\t\t\t<img loading=\"lazy\" decoding=\"async\" width=\"1679\" height=\"944\" src=\"https:\/\/www.skalnik.pl\/blog\/wp-content\/uploads\/2019\/06\/Bechynska-pocz\u0105tek-2.jpg\" class=\"attachment-full size-full\" alt=\"\" aria-describedby=\"gallery-2-7551\" srcset=\"https:\/\/www.skalnik.pl\/blog\/wp-content\/uploads\/2019\/06\/Bechynska-pocz\u0105tek-2.jpg 1679w, https:\/\/www.skalnik.pl\/blog\/wp-content\/uploads\/2019\/06\/Bechynska-pocz\u0105tek-2-300x169.jpg 300w, https:\/\/www.skalnik.pl\/blog\/wp-content\/uploads\/2019\/06\/Bechynska-pocz\u0105tek-2-768x432.jpg 768w, https:\/\/www.skalnik.pl\/blog\/wp-content\/uploads\/2019\/06\/Bechynska-pocz\u0105tek-2-1024x576.jpg 1024w\" sizes=\"auto, (max-width: 1679px) 100vw, 1679px\" \/>\n\t\t\t<\/dt>\n\t\t\t\t<dd class='wp-caption-text gallery-caption' id='gallery-2-7551'>\n\t\t\t\tFerrata troch\u0119 kluczy. \n\t\t\t\t<\/dd><\/dl><dl class='gallery-item'>\n\t\t\t<dt class='gallery-icon landscape'>\n\t\t\t\t<img loading=\"lazy\" decoding=\"async\" width=\"1259\" height=\"944\" src=\"https:\/\/www.skalnik.pl\/blog\/wp-content\/uploads\/2019\/06\/Bechynska-trawers-pocz\u0105tek-2-fot.-Beti.jpg\" class=\"attachment-full size-full\" alt=\"\" aria-describedby=\"gallery-2-7542\" srcset=\"https:\/\/www.skalnik.pl\/blog\/wp-content\/uploads\/2019\/06\/Bechynska-trawers-pocz\u0105tek-2-fot.-Beti.jpg 1259w, https:\/\/www.skalnik.pl\/blog\/wp-content\/uploads\/2019\/06\/Bechynska-trawers-pocz\u0105tek-2-fot.-Beti-300x225.jpg 300w, https:\/\/www.skalnik.pl\/blog\/wp-content\/uploads\/2019\/06\/Bechynska-trawers-pocz\u0105tek-2-fot.-Beti-768x576.jpg 768w, https:\/\/www.skalnik.pl\/blog\/wp-content\/uploads\/2019\/06\/Bechynska-trawers-pocz\u0105tek-2-fot.-Beti-1024x768.jpg 1024w\" sizes=\"auto, (max-width: 1259px) 100vw, 1259px\" \/>\n\t\t\t<\/dt>\n\t\t\t\t<dd class='wp-caption-text gallery-caption' id='gallery-2-7542'>\n\t\t\t\tNast\u0119pnie prowadzi d\u0142ugim trawersem tu\u017c nad rzek\u0105 (fot. B. Nawrotkiewicz). \n\t\t\t\t<\/dd><\/dl><dl class='gallery-item'>\n\t\t\t<dt class='gallery-icon landscape'>\n\t\t\t\t<img loading=\"lazy\" decoding=\"async\" width=\"1259\" height=\"944\" src=\"https:\/\/www.skalnik.pl\/blog\/wp-content\/uploads\/2019\/06\/Bechynska-trawers-fot.-Beti.jpg\" class=\"attachment-full size-full\" alt=\"\" aria-describedby=\"gallery-2-7543\" srcset=\"https:\/\/www.skalnik.pl\/blog\/wp-content\/uploads\/2019\/06\/Bechynska-trawers-fot.-Beti.jpg 1259w, https:\/\/www.skalnik.pl\/blog\/wp-content\/uploads\/2019\/06\/Bechynska-trawers-fot.-Beti-300x225.jpg 300w, https:\/\/www.skalnik.pl\/blog\/wp-content\/uploads\/2019\/06\/Bechynska-trawers-fot.-Beti-768x576.jpg 768w, https:\/\/www.skalnik.pl\/blog\/wp-content\/uploads\/2019\/06\/Bechynska-trawers-fot.-Beti-1024x768.jpg 1024w\" sizes=\"auto, (max-width: 1259px) 100vw, 1259px\" \/>\n\t\t\t<\/dt>\n\t\t\t\t<dd class='wp-caption-text gallery-caption' id='gallery-2-7543'>\n\t\t\t\tNie lataj, je\u015bli nie chcesz si\u0119 suszy\u0107 (fot. B. Nawrotkiewicz). \n\t\t\t\t<\/dd><\/dl><br style=\"clear: both\" \/><dl class='gallery-item'>\n\t\t\t<dt class='gallery-icon landscape'>\n\t\t\t\t<img loading=\"lazy\" decoding=\"async\" width=\"1679\" height=\"944\" src=\"https:\/\/www.skalnik.pl\/blog\/wp-content\/uploads\/2019\/06\/Bechynska-trawers-pocz\u0105tek.jpg\" class=\"attachment-full size-full\" alt=\"\" aria-describedby=\"gallery-2-7544\" srcset=\"https:\/\/www.skalnik.pl\/blog\/wp-content\/uploads\/2019\/06\/Bechynska-trawers-pocz\u0105tek.jpg 1679w, https:\/\/www.skalnik.pl\/blog\/wp-content\/uploads\/2019\/06\/Bechynska-trawers-pocz\u0105tek-300x169.jpg 300w, https:\/\/www.skalnik.pl\/blog\/wp-content\/uploads\/2019\/06\/Bechynska-trawers-pocz\u0105tek-768x432.jpg 768w, https:\/\/www.skalnik.pl\/blog\/wp-content\/uploads\/2019\/06\/Bechynska-trawers-pocz\u0105tek-1024x576.jpg 1024w\" sizes=\"auto, (max-width: 1679px) 100vw, 1679px\" \/>\n\t\t\t<\/dt>\n\t\t\t\t<dd class='wp-caption-text gallery-caption' id='gallery-2-7544'>\n\t\t\t\tPokonanie trawersu wymaga troch\u0119 si\u0142y. \n\t\t\t\t<\/dd><\/dl><dl class='gallery-item'>\n\t\t\t<dt class='gallery-icon landscape'>\n\t\t\t\t<img loading=\"lazy\" decoding=\"async\" width=\"1259\" height=\"944\" src=\"https:\/\/www.skalnik.pl\/blog\/wp-content\/uploads\/2019\/06\/Bechynska-mostek-fot.-Beti.jpg\" class=\"attachment-full size-full\" alt=\"\" aria-describedby=\"gallery-2-7545\" srcset=\"https:\/\/www.skalnik.pl\/blog\/wp-content\/uploads\/2019\/06\/Bechynska-mostek-fot.-Beti.jpg 1259w, https:\/\/www.skalnik.pl\/blog\/wp-content\/uploads\/2019\/06\/Bechynska-mostek-fot.-Beti-300x225.jpg 300w, https:\/\/www.skalnik.pl\/blog\/wp-content\/uploads\/2019\/06\/Bechynska-mostek-fot.-Beti-768x576.jpg 768w, https:\/\/www.skalnik.pl\/blog\/wp-content\/uploads\/2019\/06\/Bechynska-mostek-fot.-Beti-1024x768.jpg 1024w\" sizes=\"auto, (max-width: 1259px) 100vw, 1259px\" \/>\n\t\t\t<\/dt>\n\t\t\t\t<dd class='wp-caption-text gallery-caption' id='gallery-2-7545'>\n\t\t\t\tMostek linowy \u2013 jedna z najwi\u0119kszych atrakcji ferraty (fot. B. Nawrotkiewicz).\n\t\t\t\t<\/dd><\/dl><dl class='gallery-item'>\n\t\t\t<dt class='gallery-icon landscape'>\n\t\t\t\t<img loading=\"lazy\" decoding=\"async\" width=\"1679\" height=\"944\" src=\"https:\/\/www.skalnik.pl\/blog\/wp-content\/uploads\/2019\/06\/Bechynska-drabinka.jpg\" class=\"attachment-full size-full\" alt=\"\" aria-describedby=\"gallery-2-7548\" srcset=\"https:\/\/www.skalnik.pl\/blog\/wp-content\/uploads\/2019\/06\/Bechynska-drabinka.jpg 1679w, https:\/\/www.skalnik.pl\/blog\/wp-content\/uploads\/2019\/06\/Bechynska-drabinka-300x169.jpg 300w, https:\/\/www.skalnik.pl\/blog\/wp-content\/uploads\/2019\/06\/Bechynska-drabinka-768x432.jpg 768w, https:\/\/www.skalnik.pl\/blog\/wp-content\/uploads\/2019\/06\/Bechynska-drabinka-1024x576.jpg 1024w\" sizes=\"auto, (max-width: 1679px) 100vw, 1679px\" \/>\n\t\t\t<\/dt>\n\t\t\t\t<dd class='wp-caption-text gallery-caption' id='gallery-2-7548'>\n\t\t\t\tDrabinka na ferracie Bechy\u0144skiej\n\t\t\t\t<\/dd><\/dl><br style=\"clear: both\" \/>\n\t\t<\/div>\n\n<\/div>\n<p>\u015arodkowa cz\u0119\u015b\u0107 Czech nie obfituje w via ferraty, jednak jest zdecydowanie warta odwiedzenia. Polecamy wizyt\u0119 w tych cz\u0119\u015bciach przy okazji podr\u00f3\u017cy w dalsze zak\u0105tki Europy. W naszym przypadku by\u0142o to miejsce zaliczone przejazdem, w drodze na austryjackie via ferraty, o kt\u00f3rych b\u0119dziecie mogli przeczyta\u0107 ju\u017c wkr\u00f3tce!<\/p>\n<p style=\"text-align: center;\">***<\/p>\n<p><i>Na via ferratach potrzebny jest specjalny sprz\u0119t. Obejrzyj nasz filmowy poradnik, a dowiesz si\u0119 co trzeba zabra\u0107 na via ferraty.&nbsp;W innej naszej poradzie&nbsp;<a href=\"https:\/\/skalnik.pl\/blog\/wiecej-niz-podstawowe-trio-czyli-co-jeszcze-zabrac-na-via-ferraty-2\/\" target=\"_blank\" rel=\"noopener noreferrer\">przeczytasz<\/a>, co zabra\u0107 na trudniejsze via ferraty.<\/i><\/p>\n<p><iframe loading=\"lazy\" src=\"https:\/\/www.youtube.com\/embed\/oR1u7SxGX1Q\" allowfullscreen=\"allowfullscreen\" width=\"800\" height=\"442\" frameborder=\"0\"><\/iframe><\/p>\n","protected":false},"excerpt":{"rendered":"<p>Kolejna cz\u0119\u015b\u0107 przewodnika po via ferratach blisko Polski. Ty razem \u2013 po drodze na ferraty Salzburga \u2013 odwiedzamy dwie ferraty niedaleko Pragi. Zobacz opis via ferrat w Taborze i w miejscowo\u015bci miejscowo\u015bci Bechyn\u011b. <\/p>\n","protected":false},"author":27,"featured_media":7559,"comment_status":"open","ping_status":"open","sticky":false,"template":"","format":"standard","meta":{"_acf_changed":false,"footnotes":""},"categories":[84],"tags":[232,116,112],"magento_category":[80],"magento_product":[],"class_list":["post-7524","post","type-post","status-publish","format-standard","has-post-thumbnail","hentry","category-pasja","tag-czechy","tag-podroze","tag-via-ferrata"],"acf":[],"aioseo_notices":[],"aioseo_head":"\n\t\t<!-- All in One SEO 4.9.10 - aioseo.com -->\n\t<meta name=\"description\" content=\"Kolejna cz\u0119\u015b\u0107 przewodnika po via ferratach blisko Polski. Ty razem \u2013 po drodze na ferraty Salzburga \u2013 odwiedzamy dwie ferraty niedaleko Pragi. Zobacz opis via ferrat w Taborze i w miejscowo\u015bci miejscowo\u015bci Bechyn\u011b.\" \/>\n\t<meta name=\"robots\" content=\"max-image-preview:large\" \/>\n\t<meta name=\"author\" content=\"Ola i Mariusz Robak\"\/>\n\t<link rel=\"canonical\" href=\"https:\/\/www.skalnik.pl\/blog\/via-ferrata-blisko-polski-czesc-ii-srodkowe-czechy\/\" \/>\n\t<meta name=\"generator\" content=\"All in One SEO (AIOSEO) 4.9.10\" \/>\n\t\t<meta property=\"og:locale\" content=\"pl_PL\" \/>\n\t\t<meta property=\"og:site_name\" content=\"blog Skalnik - Blog, porady, artyku\u0142y - blog Skalnik\" \/>\n\t\t<meta property=\"og:type\" content=\"article\" \/>\n\t\t<meta property=\"og:title\" content=\"Via ferrata blisko Polski \u2013 cz\u0119\u015b\u0107 II, \u015brodkowe Czechy - blog Skalnik\" \/>\n\t\t<meta property=\"og:description\" content=\"Kolejna cz\u0119\u015b\u0107 przewodnika po via ferratach blisko Polski. Ty razem \u2013 po drodze na ferraty Salzburga \u2013 odwiedzamy dwie ferraty niedaleko Pragi. Zobacz opis via ferrat w Taborze i w miejscowo\u015bci miejscowo\u015bci Bechyn\u011b.\" \/>\n\t\t<meta property=\"og:url\" content=\"https:\/\/www.skalnik.pl\/blog\/via-ferrata-blisko-polski-czesc-ii-srodkowe-czechy\/\" \/>\n\t\t<meta property=\"og:image\" content=\"https:\/\/skalnik.pl\/blog\/wp-content\/uploads\/2019\/06\/mapa-tabor.jpg\" \/>\n\t\t<meta property=\"og:image:secure_url\" content=\"https:\/\/skalnik.pl\/blog\/wp-content\/uploads\/2019\/06\/mapa-tabor.jpg\" \/>\n\t\t<meta property=\"article:tag\" content=\"pasja\" \/>\n\t\t<meta property=\"article:tag\" content=\"czechy\" \/>\n\t\t<meta property=\"article:tag\" content=\"podr\u00f3\u017ce\" \/>\n\t\t<meta property=\"article:tag\" content=\"via ferrata\" \/>\n\t\t<meta property=\"article:published_time\" content=\"2019-06-20T08:00:15+00:00\" \/>\n\t\t<meta property=\"article:modified_time\" content=\"2020-06-26T10:28:33+00:00\" \/>\n\t\t<meta name=\"twitter:card\" content=\"summary_large_image\" \/>\n\t\t<meta name=\"twitter:title\" content=\"Via ferrata blisko Polski \u2013 cz\u0119\u015b\u0107 II, \u015brodkowe Czechy - blog Skalnik\" \/>\n\t\t<meta name=\"twitter:description\" content=\"Kolejna cz\u0119\u015b\u0107 przewodnika po via ferratach blisko Polski. Ty razem \u2013 po drodze na ferraty Salzburga \u2013 odwiedzamy dwie ferraty niedaleko Pragi. Zobacz opis via ferrat w Taborze i w miejscowo\u015bci miejscowo\u015bci Bechyn\u011b.\" \/>\n\t\t<meta name=\"twitter:image\" content=\"https:\/\/skalnik.pl\/blog\/wp-content\/uploads\/2019\/06\/mapa-tabor.jpg\" \/>\n\t\t<script type=\"application\/ld+json\" class=\"aioseo-schema\">\n\t\t\t{\"@context\":\"https:\\\/\\\/schema.org\",\"@graph\":[{\"@type\":\"BlogPosting\",\"@id\":\"https:\\\/\\\/www.skalnik.pl\\\/blog\\\/via-ferrata-blisko-polski-czesc-ii-srodkowe-czechy\\\/#blogposting\",\"name\":\"Via ferrata blisko Polski \\u2013 cz\\u0119\\u015b\\u0107 II, \\u015brodkowe Czechy - blog Skalnik\",\"headline\":\"Via ferrata blisko Polski \\u2013 cz\\u0119\\u015b\\u0107 II, \\u015brodkowe Czechy\",\"author\":{\"@id\":\"https:\\\/\\\/www.skalnik.pl\\\/blog\\\/author\\\/olamariusz-robak\\\/#author\"},\"publisher\":{\"@id\":\"https:\\\/\\\/www.skalnik.pl\\\/blog\\\/#organization\"},\"image\":{\"@type\":\"ImageObject\",\"url\":\"https:\\\/\\\/www.skalnik.pl\\\/blog\\\/wp-content\\\/uploads\\\/2019\\\/06\\\/ok\\u0142adka-Bechynska-trawers-fot.-Beti.jpg\",\"width\":1920,\"height\":705},\"datePublished\":\"2019-06-20T10:00:15+02:00\",\"dateModified\":\"2020-06-26T12:28:33+02:00\",\"inLanguage\":\"pl-PL\",\"mainEntityOfPage\":{\"@id\":\"https:\\\/\\\/www.skalnik.pl\\\/blog\\\/via-ferrata-blisko-polski-czesc-ii-srodkowe-czechy\\\/#webpage\"},\"isPartOf\":{\"@id\":\"https:\\\/\\\/www.skalnik.pl\\\/blog\\\/via-ferrata-blisko-polski-czesc-ii-srodkowe-czechy\\\/#webpage\"},\"articleSection\":\"Pasja, czechy, podr\\u00f3\\u017ce, via ferrata, 1191\"},{\"@type\":\"BreadcrumbList\",\"@id\":\"https:\\\/\\\/www.skalnik.pl\\\/blog\\\/via-ferrata-blisko-polski-czesc-ii-srodkowe-czechy\\\/#breadcrumblist\",\"itemListElement\":[{\"@type\":\"ListItem\",\"@id\":\"https:\\\/\\\/www.skalnik.pl\\\/blog#listItem\",\"position\":1,\"name\":\"Home\",\"item\":\"https:\\\/\\\/www.skalnik.pl\\\/blog\",\"nextItem\":{\"@type\":\"ListItem\",\"@id\":\"https:\\\/\\\/www.skalnik.pl\\\/blog\\\/.\\\/pasja\\\/#listItem\",\"name\":\"Pasja\"}},{\"@type\":\"ListItem\",\"@id\":\"https:\\\/\\\/www.skalnik.pl\\\/blog\\\/.\\\/pasja\\\/#listItem\",\"position\":2,\"name\":\"Pasja\",\"item\":\"https:\\\/\\\/www.skalnik.pl\\\/blog\\\/.\\\/pasja\\\/\",\"nextItem\":{\"@type\":\"ListItem\",\"@id\":\"https:\\\/\\\/www.skalnik.pl\\\/blog\\\/via-ferrata-blisko-polski-czesc-ii-srodkowe-czechy\\\/#listItem\",\"name\":\"Via ferrata blisko Polski \\u2013 cz\\u0119\\u015b\\u0107 II, \\u015brodkowe Czechy\"},\"previousItem\":{\"@type\":\"ListItem\",\"@id\":\"https:\\\/\\\/www.skalnik.pl\\\/blog#listItem\",\"name\":\"Home\"}},{\"@type\":\"ListItem\",\"@id\":\"https:\\\/\\\/www.skalnik.pl\\\/blog\\\/via-ferrata-blisko-polski-czesc-ii-srodkowe-czechy\\\/#listItem\",\"position\":3,\"name\":\"Via ferrata blisko Polski \\u2013 cz\\u0119\\u015b\\u0107 II, \\u015brodkowe Czechy\",\"previousItem\":{\"@type\":\"ListItem\",\"@id\":\"https:\\\/\\\/www.skalnik.pl\\\/blog\\\/.\\\/pasja\\\/#listItem\",\"name\":\"Pasja\"}}]},{\"@type\":\"Organization\",\"@id\":\"https:\\\/\\\/www.skalnik.pl\\\/blog\\\/#organization\",\"name\":\"blog Skalnik\",\"description\":\"Blog, porady, artyku\\u0142y - blog Skalnik\",\"url\":\"https:\\\/\\\/www.skalnik.pl\\\/blog\\\/\"},{\"@type\":\"Person\",\"@id\":\"https:\\\/\\\/www.skalnik.pl\\\/blog\\\/author\\\/olamariusz-robak\\\/#author\",\"url\":\"https:\\\/\\\/www.skalnik.pl\\\/blog\\\/author\\\/olamariusz-robak\\\/\",\"name\":\"Ola i Mariusz Robak\",\"image\":{\"@type\":\"ImageObject\",\"@id\":\"https:\\\/\\\/www.skalnik.pl\\\/blog\\\/via-ferrata-blisko-polski-czesc-ii-srodkowe-czechy\\\/#authorImage\",\"url\":\"https:\\\/\\\/secure.gravatar.com\\\/avatar\\\/1bdfdd8d52a8a864114b9539958110649b274bdf789f5503a949f40004d3c50f?s=96&d=mm&r=g\",\"width\":96,\"height\":96,\"caption\":\"Ola i Mariusz Robak\"}},{\"@type\":\"WebPage\",\"@id\":\"https:\\\/\\\/www.skalnik.pl\\\/blog\\\/via-ferrata-blisko-polski-czesc-ii-srodkowe-czechy\\\/#webpage\",\"url\":\"https:\\\/\\\/www.skalnik.pl\\\/blog\\\/via-ferrata-blisko-polski-czesc-ii-srodkowe-czechy\\\/\",\"name\":\"Via ferrata blisko Polski \\u2013 cz\\u0119\\u015b\\u0107 II, \\u015brodkowe Czechy - blog Skalnik\",\"description\":\"Kolejna cz\\u0119\\u015b\\u0107 przewodnika po via ferratach blisko Polski. Ty razem \\u2013 po drodze na ferraty Salzburga \\u2013 odwiedzamy dwie ferraty niedaleko Pragi. Zobacz opis via ferrat w Taborze i w miejscowo\\u015bci miejscowo\\u015bci Bechyn\\u011b.\",\"inLanguage\":\"pl-PL\",\"isPartOf\":{\"@id\":\"https:\\\/\\\/www.skalnik.pl\\\/blog\\\/#website\"},\"breadcrumb\":{\"@id\":\"https:\\\/\\\/www.skalnik.pl\\\/blog\\\/via-ferrata-blisko-polski-czesc-ii-srodkowe-czechy\\\/#breadcrumblist\"},\"author\":{\"@id\":\"https:\\\/\\\/www.skalnik.pl\\\/blog\\\/author\\\/olamariusz-robak\\\/#author\"},\"creator\":{\"@id\":\"https:\\\/\\\/www.skalnik.pl\\\/blog\\\/author\\\/olamariusz-robak\\\/#author\"},\"image\":{\"@type\":\"ImageObject\",\"url\":\"https:\\\/\\\/www.skalnik.pl\\\/blog\\\/wp-content\\\/uploads\\\/2019\\\/06\\\/ok\\u0142adka-Bechynska-trawers-fot.-Beti.jpg\",\"@id\":\"https:\\\/\\\/www.skalnik.pl\\\/blog\\\/via-ferrata-blisko-polski-czesc-ii-srodkowe-czechy\\\/#mainImage\",\"width\":1920,\"height\":705},\"primaryImageOfPage\":{\"@id\":\"https:\\\/\\\/www.skalnik.pl\\\/blog\\\/via-ferrata-blisko-polski-czesc-ii-srodkowe-czechy\\\/#mainImage\"},\"datePublished\":\"2019-06-20T10:00:15+02:00\",\"dateModified\":\"2020-06-26T12:28:33+02:00\"},{\"@type\":\"WebSite\",\"@id\":\"https:\\\/\\\/www.skalnik.pl\\\/blog\\\/#website\",\"url\":\"https:\\\/\\\/www.skalnik.pl\\\/blog\\\/\",\"name\":\"blog Skalnik\",\"description\":\"Blog, porady, artyku\\u0142y - blog Skalnik\",\"inLanguage\":\"pl-PL\",\"publisher\":{\"@id\":\"https:\\\/\\\/www.skalnik.pl\\\/blog\\\/#organization\"}}]}\n\t\t<\/script>\n\t\t<!-- All in One SEO -->\n\n","aioseo_head_json":{"title":"Via ferrata blisko Polski \u2013 cz\u0119\u015b\u0107 II, \u015brodkowe Czechy - blog Skalnik","description":"Kolejna cz\u0119\u015b\u0107 przewodnika po via ferratach blisko Polski. Ty razem \u2013 po drodze na ferraty Salzburga \u2013 odwiedzamy dwie ferraty niedaleko Pragi. Zobacz opis via ferrat w Taborze i w miejscowo\u015bci miejscowo\u015bci Bechyn\u011b.","canonical_url":"https:\/\/www.skalnik.pl\/blog\/via-ferrata-blisko-polski-czesc-ii-srodkowe-czechy\/","robots":"max-image-preview:large","keywords":"","webmasterTools":{"miscellaneous":""},"schema":{"@context":"https:\/\/schema.org","@graph":[{"@type":"BlogPosting","@id":"https:\/\/www.skalnik.pl\/blog\/via-ferrata-blisko-polski-czesc-ii-srodkowe-czechy\/#blogposting","name":"Via ferrata blisko Polski \u2013 cz\u0119\u015b\u0107 II, \u015brodkowe Czechy - blog Skalnik","headline":"Via ferrata blisko Polski \u2013 cz\u0119\u015b\u0107 II, \u015brodkowe Czechy","author":{"@id":"https:\/\/www.skalnik.pl\/blog\/author\/olamariusz-robak\/#author"},"publisher":{"@id":"https:\/\/www.skalnik.pl\/blog\/#organization"},"image":{"@type":"ImageObject","url":"https:\/\/www.skalnik.pl\/blog\/wp-content\/uploads\/2019\/06\/ok\u0142adka-Bechynska-trawers-fot.-Beti.jpg","width":1920,"height":705},"datePublished":"2019-06-20T10:00:15+02:00","dateModified":"2020-06-26T12:28:33+02:00","inLanguage":"pl-PL","mainEntityOfPage":{"@id":"https:\/\/www.skalnik.pl\/blog\/via-ferrata-blisko-polski-czesc-ii-srodkowe-czechy\/#webpage"},"isPartOf":{"@id":"https:\/\/www.skalnik.pl\/blog\/via-ferrata-blisko-polski-czesc-ii-srodkowe-czechy\/#webpage"},"articleSection":"Pasja, czechy, podr\u00f3\u017ce, via ferrata, 1191"},{"@type":"BreadcrumbList","@id":"https:\/\/www.skalnik.pl\/blog\/via-ferrata-blisko-polski-czesc-ii-srodkowe-czechy\/#breadcrumblist","itemListElement":[{"@type":"ListItem","@id":"https:\/\/www.skalnik.pl\/blog#listItem","position":1,"name":"Home","item":"https:\/\/www.skalnik.pl\/blog","nextItem":{"@type":"ListItem","@id":"https:\/\/www.skalnik.pl\/blog\/.\/pasja\/#listItem","name":"Pasja"}},{"@type":"ListItem","@id":"https:\/\/www.skalnik.pl\/blog\/.\/pasja\/#listItem","position":2,"name":"Pasja","item":"https:\/\/www.skalnik.pl\/blog\/.\/pasja\/","nextItem":{"@type":"ListItem","@id":"https:\/\/www.skalnik.pl\/blog\/via-ferrata-blisko-polski-czesc-ii-srodkowe-czechy\/#listItem","name":"Via ferrata blisko Polski \u2013 cz\u0119\u015b\u0107 II, \u015brodkowe Czechy"},"previousItem":{"@type":"ListItem","@id":"https:\/\/www.skalnik.pl\/blog#listItem","name":"Home"}},{"@type":"ListItem","@id":"https:\/\/www.skalnik.pl\/blog\/via-ferrata-blisko-polski-czesc-ii-srodkowe-czechy\/#listItem","position":3,"name":"Via ferrata blisko Polski \u2013 cz\u0119\u015b\u0107 II, \u015brodkowe Czechy","previousItem":{"@type":"ListItem","@id":"https:\/\/www.skalnik.pl\/blog\/.\/pasja\/#listItem","name":"Pasja"}}]},{"@type":"Organization","@id":"https:\/\/www.skalnik.pl\/blog\/#organization","name":"blog Skalnik","description":"Blog, porady, artyku\u0142y - blog Skalnik","url":"https:\/\/www.skalnik.pl\/blog\/"},{"@type":"Person","@id":"https:\/\/www.skalnik.pl\/blog\/author\/olamariusz-robak\/#author","url":"https:\/\/www.skalnik.pl\/blog\/author\/olamariusz-robak\/","name":"Ola i Mariusz Robak","image":{"@type":"ImageObject","@id":"https:\/\/www.skalnik.pl\/blog\/via-ferrata-blisko-polski-czesc-ii-srodkowe-czechy\/#authorImage","url":"https:\/\/secure.gravatar.com\/avatar\/1bdfdd8d52a8a864114b9539958110649b274bdf789f5503a949f40004d3c50f?s=96&d=mm&r=g","width":96,"height":96,"caption":"Ola i Mariusz Robak"}},{"@type":"WebPage","@id":"https:\/\/www.skalnik.pl\/blog\/via-ferrata-blisko-polski-czesc-ii-srodkowe-czechy\/#webpage","url":"https:\/\/www.skalnik.pl\/blog\/via-ferrata-blisko-polski-czesc-ii-srodkowe-czechy\/","name":"Via ferrata blisko Polski \u2013 cz\u0119\u015b\u0107 II, \u015brodkowe Czechy - blog Skalnik","description":"Kolejna cz\u0119\u015b\u0107 przewodnika po via ferratach blisko Polski. Ty razem \u2013 po drodze na ferraty Salzburga \u2013 odwiedzamy dwie ferraty niedaleko Pragi. Zobacz opis via ferrat w Taborze i w miejscowo\u015bci miejscowo\u015bci Bechyn\u011b.","inLanguage":"pl-PL","isPartOf":{"@id":"https:\/\/www.skalnik.pl\/blog\/#website"},"breadcrumb":{"@id":"https:\/\/www.skalnik.pl\/blog\/via-ferrata-blisko-polski-czesc-ii-srodkowe-czechy\/#breadcrumblist"},"author":{"@id":"https:\/\/www.skalnik.pl\/blog\/author\/olamariusz-robak\/#author"},"creator":{"@id":"https:\/\/www.skalnik.pl\/blog\/author\/olamariusz-robak\/#author"},"image":{"@type":"ImageObject","url":"https:\/\/www.skalnik.pl\/blog\/wp-content\/uploads\/2019\/06\/ok\u0142adka-Bechynska-trawers-fot.-Beti.jpg","@id":"https:\/\/www.skalnik.pl\/blog\/via-ferrata-blisko-polski-czesc-ii-srodkowe-czechy\/#mainImage","width":1920,"height":705},"primaryImageOfPage":{"@id":"https:\/\/www.skalnik.pl\/blog\/via-ferrata-blisko-polski-czesc-ii-srodkowe-czechy\/#mainImage"},"datePublished":"2019-06-20T10:00:15+02:00","dateModified":"2020-06-26T12:28:33+02:00"},{"@type":"WebSite","@id":"https:\/\/www.skalnik.pl\/blog\/#website","url":"https:\/\/www.skalnik.pl\/blog\/","name":"blog Skalnik","description":"Blog, porady, artyku\u0142y - blog Skalnik","inLanguage":"pl-PL","publisher":{"@id":"https:\/\/www.skalnik.pl\/blog\/#organization"}}]},"og:locale":"pl_PL","og:site_name":"blog Skalnik - Blog, porady, artyku\u0142y - blog Skalnik","og:type":"article","og:title":"Via ferrata blisko Polski \u2013 cz\u0119\u015b\u0107 II, \u015brodkowe Czechy - blog Skalnik","og:description":"Kolejna cz\u0119\u015b\u0107 przewodnika po via ferratach blisko Polski. Ty razem \u2013 po drodze na ferraty Salzburga \u2013 odwiedzamy dwie ferraty niedaleko Pragi. Zobacz opis via ferrat w Taborze i w miejscowo\u015bci miejscowo\u015bci Bechyn\u011b.","og:url":"https:\/\/www.skalnik.pl\/blog\/via-ferrata-blisko-polski-czesc-ii-srodkowe-czechy\/","og:image":"https:\/\/skalnik.pl\/blog\/wp-content\/uploads\/2019\/06\/mapa-tabor.jpg","og:image:secure_url":"https:\/\/skalnik.pl\/blog\/wp-content\/uploads\/2019\/06\/mapa-tabor.jpg","article:tag":["pasja","czechy","podr\u00f3\u017ce","via ferrata"],"article:published_time":"2019-06-20T08:00:15+00:00","article:modified_time":"2020-06-26T10:28:33+00:00","twitter:card":"summary_large_image","twitter:title":"Via ferrata blisko Polski \u2013 cz\u0119\u015b\u0107 II, \u015brodkowe Czechy - blog Skalnik","twitter:description":"Kolejna cz\u0119\u015b\u0107 przewodnika po via ferratach blisko Polski. Ty razem \u2013 po drodze na ferraty Salzburga \u2013 odwiedzamy dwie ferraty niedaleko Pragi. Zobacz opis via ferrat w Taborze i w miejscowo\u015bci miejscowo\u015bci Bechyn\u011b.","twitter:image":"https:\/\/skalnik.pl\/blog\/wp-content\/uploads\/2019\/06\/mapa-tabor.jpg"},"aioseo_meta_data":{"post_id":"7524","title":"","description":null,"keywords":[{"label":"via ferrata","value":"via ferrata"},{"label":"czechy","value":"czechy"},{"label":"tabor","value":"tabor"},{"label":"bechyne","value":"bechyne"},{"label":"ferraty","value":"ferraty"}],"keyphrases":null,"primary_term":null,"canonical_url":null,"og_title":null,"og_description":null,"og_object_type":"default","og_image_type":"default","og_image_url":null,"og_image_width":null,"og_image_height":null,"og_image_custom_url":null,"og_image_custom_fields":null,"og_video":null,"og_custom_url":null,"og_article_section":null,"og_article_tags":null,"twitter_use_og":false,"twitter_card":"default","twitter_image_type":"default","twitter_image_url":null,"twitter_image_custom_url":null,"twitter_image_custom_fields":null,"twitter_title":null,"twitter_description":null,"schema":{"blockGraphs":[],"customGraphs":[],"default":{"data":{"Article":[],"Course":[],"Dataset":[],"FAQPage":[],"Movie":[],"Person":[],"Product":[],"ProductReview":[],"Car":[],"Recipe":[],"Service":[],"SoftwareApplication":[],"WebPage":[]},"graphName":"BlogPosting","isEnabled":true},"graphs":[]},"schema_type":"default","schema_type_options":null,"pillar_content":false,"robots_default":true,"robots_noindex":false,"robots_noarchive":false,"robots_nosnippet":false,"robots_nofollow":false,"robots_noimageindex":false,"robots_noodp":false,"robots_notranslate":false,"robots_max_snippet":null,"robots_max_videopreview":null,"robots_max_imagepreview":"large","priority":null,"frequency":null,"local_seo":null,"breadcrumb_settings":null,"limit_modified_date":false,"ai":null,"created":"2022-08-26 10:00:57","updated":"2026-02-17 21:34:52","seo_analyzer_scan_date":null},"aioseo_breadcrumb":"<div class=\"aioseo-breadcrumbs\"><span class=\"aioseo-breadcrumb\">\n\t\t\t<a href=\"https:\/\/www.skalnik.pl\/blog\" title=\"Home\">Home<\/a>\n\t\t<\/span><span class=\"aioseo-breadcrumb-separator\">&raquo;<\/span><span class=\"aioseo-breadcrumb\">\n\t\t\t<a href=\"https:\/\/www.skalnik.pl\/blog\/.\/pasja\/\" title=\"Pasja\">Pasja<\/a>\n\t\t<\/span><span class=\"aioseo-breadcrumb-separator\">&raquo;<\/span><span class=\"aioseo-breadcrumb\">\n\t\t\tVia ferrata blisko Polski \u2013 cz\u0119\u015b\u0107 II, \u015brodkowe Czechy\n\t\t<\/span><\/div>","aioseo_breadcrumb_json":[{"label":"Home","link":"https:\/\/www.skalnik.pl\/blog"},{"label":"Pasja","link":"https:\/\/www.skalnik.pl\/blog\/.\/pasja\/"},{"label":"Via ferrata blisko Polski \u2013 cz\u0119\u015b\u0107 II, \u015brodkowe Czechy","link":"https:\/\/www.skalnik.pl\/blog\/via-ferrata-blisko-polski-czesc-ii-srodkowe-czechy\/"}],"_links":{"self":[{"href":"https:\/\/www.skalnik.pl\/blog\/wp-json\/wp\/v2\/posts\/7524","targetHints":{"allow":["GET"]}}],"collection":[{"href":"https:\/\/www.skalnik.pl\/blog\/wp-json\/wp\/v2\/posts"}],"about":[{"href":"https:\/\/www.skalnik.pl\/blog\/wp-json\/wp\/v2\/types\/post"}],"author":[{"embeddable":true,"href":"https:\/\/www.skalnik.pl\/blog\/wp-json\/wp\/v2\/users\/27"}],"replies":[{"embeddable":true,"href":"https:\/\/www.skalnik.pl\/blog\/wp-json\/wp\/v2\/comments?post=7524"}],"version-history":[{"count":16,"href":"https:\/\/www.skalnik.pl\/blog\/wp-json\/wp\/v2\/posts\/7524\/revisions"}],"predecessor-version":[{"id":12815,"href":"https:\/\/www.skalnik.pl\/blog\/wp-json\/wp\/v2\/posts\/7524\/revisions\/12815"}],"wp:featuredmedia":[{"embeddable":true,"href":"https:\/\/www.skalnik.pl\/blog\/wp-json\/wp\/v2\/media\/7559"}],"wp:attachment":[{"href":"https:\/\/www.skalnik.pl\/blog\/wp-json\/wp\/v2\/media?parent=7524"}],"wp:term":[{"taxonomy":"category","embeddable":true,"href":"https:\/\/www.skalnik.pl\/blog\/wp-json\/wp\/v2\/categories?post=7524"},{"taxonomy":"post_tag","embeddable":true,"href":"https:\/\/www.skalnik.pl\/blog\/wp-json\/wp\/v2\/tags?post=7524"},{"taxonomy":"magento_category","embeddable":true,"href":"https:\/\/www.skalnik.pl\/blog\/wp-json\/wp\/v2\/magento_category?post=7524"},{"taxonomy":"magento_product","embeddable":true,"href":"https:\/\/www.skalnik.pl\/blog\/wp-json\/wp\/v2\/magento_product?post=7524"}],"curies":[{"name":"wp","href":"https:\/\/api.w.org\/{rel}","templated":true}]}}