{"id":7638,"date":"2019-07-02T10:00:48","date_gmt":"2019-07-02T08:00:48","guid":{"rendered":"https:\/\/skalnik.pl\/blog\/?p=7638"},"modified":"2019-07-22T12:03:34","modified_gmt":"2019-07-22T10:03:34","slug":"reima-odziez-dziecieca","status":"publish","type":"post","link":"https:\/\/www.skalnik.pl\/blog\/reima-odziez-dziecieca\/","title":{"rendered":"Reima &#8211; co to za marka"},"content":{"rendered":"<p><b>Reima to skandynawska marka tworz\u0105ca od ponad 70 lat odzie\u017c, buty i akcesoria dla dzieci. Wyr\u00f3\u017cnia si\u0119 \u015bwietnym designem, przemy\u015blanymi rozwi\u0105zaniami dopasowanymi do wieku dzieci oraz koncentracj\u0105 na ochronie \u015brodowiska.<\/b><\/p>\n<p>&nbsp;<\/p>\n<div id=\"ez-toc-container\" class=\"ez-toc-v2_0_85 counter-hierarchy ez-toc-counter ez-toc-light-blue ez-toc-container-direction\">\n<div class=\"ez-toc-title-container\">\n<p class=\"ez-toc-title\" style=\"cursor:inherit\">SPIS TRE\u015aCI <\/p>\n<span class=\"ez-toc-title-toggle\"><a href=\"#\" class=\"ez-toc-pull-right ez-toc-btn ez-toc-btn-xs ez-toc-btn-default ez-toc-toggle\" aria-label=\"Prze\u0142\u0105cznik Spisu Tre\u015bci\"><span class=\"ez-toc-js-icon-con\"><span class=\"\"><span class=\"eztoc-hide\" style=\"display:none;\">Toggle<\/span><span class=\"ez-toc-icon-toggle-span\"><svg style=\"fill: #999;color:#999\" xmlns=\"http:\/\/www.w3.org\/2000\/svg\" class=\"list-377408\" width=\"20px\" height=\"20px\" viewBox=\"0 0 24 24\" fill=\"none\"><path d=\"M6 6H4v2h2V6zm14 0H8v2h12V6zM4 11h2v2H4v-2zm16 0H8v2h12v-2zM4 16h2v2H4v-2zm16 0H8v2h12v-2z\" fill=\"currentColor\"><\/path><\/svg><svg style=\"fill: #999;color:#999\" class=\"arrow-unsorted-368013\" xmlns=\"http:\/\/www.w3.org\/2000\/svg\" width=\"10px\" height=\"10px\" viewBox=\"0 0 24 24\" version=\"1.2\" baseProfile=\"tiny\"><path d=\"M18.2 9.3l-6.2-6.3-6.2 6.3c-.2.2-.3.4-.3.7s.1.5.3.7c.2.2.4.3.7.3h11c.3 0 .5-.1.7-.3.2-.2.3-.5.3-.7s-.1-.5-.3-.7zM5.8 14.7l6.2 6.3 6.2-6.3c.2-.2.3-.5.3-.7s-.1-.5-.3-.7c-.2-.2-.4-.3-.7-.3h-11c-.3 0-.5.1-.7.3-.2.2-.3.5-.3.7s.1.5.3.7z\"\/><\/svg><\/span><\/span><\/span><\/a><\/span><\/div>\n<nav><ul class='ez-toc-list ez-toc-list-level-1 ' ><li class='ez-toc-page-1 ez-toc-heading-level-2'><a class=\"ez-toc-link ez-toc-heading-1\" href=\"https:\/\/www.skalnik.pl\/blog\/reima-odziez-dziecieca\/#Produkty_stworzone_dla_dzieci\" >Produkty stworzone dla dzieci<\/a><\/li><li class='ez-toc-page-1 ez-toc-heading-level-2'><a class=\"ez-toc-link ez-toc-heading-2\" href=\"https:\/\/www.skalnik.pl\/blog\/reima-odziez-dziecieca\/#Dla_kogo_produkty_marki_Reima\" >Dla kogo produkty marki Reima?<\/a><\/li><li class='ez-toc-page-1 ez-toc-heading-level-2'><a class=\"ez-toc-link ez-toc-heading-3\" href=\"https:\/\/www.skalnik.pl\/blog\/reima-odziez-dziecieca\/#Stosowane_technologie\" >Stosowane technologie<\/a><\/li><li class='ez-toc-page-1 ez-toc-heading-level-2'><a class=\"ez-toc-link ez-toc-heading-4\" href=\"https:\/\/www.skalnik.pl\/blog\/reima-odziez-dziecieca\/#Udogodnienia_dla_rodzicow\" >Udogodnienia dla rodzic\u00f3w<\/a><\/li><li class='ez-toc-page-1 ez-toc-heading-level-2'><a class=\"ez-toc-link ez-toc-heading-5\" href=\"https:\/\/www.skalnik.pl\/blog\/reima-odziez-dziecieca\/#Odziez_dziecieca_a_ochrona_srodowiska\" >Odzie\u017c dzieci\u0119ca a ochrona \u015brodowiska<\/a><\/li><\/ul><\/nav><\/div>\n<h2><span class=\"ez-toc-section\" id=\"Produkty_stworzone_dla_dzieci\"><\/span>Produkty stworzone dla dzieci<span class=\"ez-toc-section-end\"><\/span><\/h2>\n<p>Produkty marki <a href=\"https:\/\/skalnik.pl\/reima\">Reima<\/a> s\u0105 stworzone specjalnie dla dzieci. Przy projektowaniu ubra\u0144 uwzgl\u0119dniany jest specyficzny dla danego wieku spos\u00f3b poruszania si\u0119 i poziom aktywno\u015bci ruchowej. Ubrania dla najm\u0142odszych dzieci, kt\u00f3re jeszcze nie chodz\u0105 s\u0105 zaprojektowane inaczej ni\u017c dla dzieci starszych.<\/p>\n<p>Przy projektowaniu ubra\u0144 Reima ca\u0142y czas my\u015bli o dzieciach i dlatego stosuje rozwi\u0105zania takie jak patka na wewn\u0119trznych szwach stosowana dla wi\u0119kszego komfortu, chowane \u015bci\u0105gacze dla zmniejszenia ryzyka potykania si\u0119 i zahaczania wystaj\u0105cymi sznurkami, czy regulowane obwody pasa dla d\u0142u\u017cszego u\u017cytkowania produktu.<\/p>\n<p>R\u00f3wnie\u017c design produkt\u00f3w Reima nawi\u0105zuje do dzieci\u0119cych upodoba\u0144. Znajdziemy tu zar\u00f3wno \u017cywe i intensywne kolory, jak i wiele ciekawych nadruk\u00f3w inspirowanych natur\u0105.<\/p>\n<div id=\"attachment_7660\" style=\"width: 2010px\" class=\"wp-caption aligncenter\"><img loading=\"lazy\" decoding=\"async\" aria-describedby=\"caption-attachment-7660\" class=\"wp-image-7660 size-full\" src=\"https:\/\/skalnik.pl\/blog\/wp-content\/uploads\/2019\/06\/538080_Aapa_536467_Micoua_536402_Margita_538078_Rinne_538077_Pohjola_536457_Tale_GroupHug_optimized-e1560931968496.jpg\" alt=\"Kurtki Reima\" width=\"2000\" height=\"1335\" \/><p id=\"caption-attachment-7660\" class=\"wp-caption-text\">Marka Reima dostosowuje modele do stylu \u017cycia dzieci w danym wieku (fot: Reima).<\/p><\/div>\n<p>&nbsp;<\/p>\n<h2><span class=\"ez-toc-section\" id=\"Dla_kogo_produkty_marki_Reima\"><\/span>Dla kogo produkty marki Reima?<span class=\"ez-toc-section-end\"><\/span><\/h2>\n<p>Produkty fi\u0144skiej marki tworzone s\u0105 dla dzieci od urodzenia do oko\u0142o 16 lat. <a href=\"https:\/\/skalnik.pl\/odziez\/odziez-dziecieca\" target=\"_blank\" rel=\"noopener\">Odzie\u017c dzieci\u0119ca<\/a> Reima to zar\u00f3wno rzeczy dla noworodk\u00f3w, jak i dla nastolatk\u00f3w.<\/p>\n<p>Misja marki Reima nawi\u0105zuje do fi\u0144skiego sposobu my\u015blenia o wychowaniu oraz edukacji. Naczeln\u0105 zasad\u0105 tej marki jest \u201ejoy of movement\u201d (rado\u015b\u0107 z ruchu).<\/p>\n<p>Wed\u0142ug Reimy ruch to podstawa, a dzi\u0119ki aktywno\u015bci (zar\u00f3wno na \u015bwie\u017cym powietrzu jak i w zamkni\u0119tych pomieszczeniach) dzieci si\u0119 bawi\u0105, ucz\u0105 i poznaj\u0105 \u015bwiat. Aktywne od najm\u0142odszych lat dzieci wyrastaj\u0105 na produktywnych, aktywnych doros\u0142ych, kt\u00f3rym si\u0119 po prostu chce. Chce pracowa\u0107, chce \u017cy\u0107, chce spe\u0142nia\u0107 marzenia i realizowa\u0107 pasje. Rado\u015b\u0107 z ruchu zaszczepiona w dzieci\u0144stwie zostaje z nami bardzo d\u0142ugo. Reima inspiruje rodzic\u00f3w i dzieci do odkrywania rado\u015bci z ruchu.<\/p>\n<p>Produkty Reima s\u0105 na ka\u017cdy dzie\u0144, na ka\u017cd\u0105 czekaj\u0105c\u0105 na dziecko przygod\u0119 i na ka\u017cd\u0105 pogod\u0119. Ubrania wr\u0119cz krzycz\u0105 do nas: \u201enie ma z\u0142ej pogody, s\u0105 tylko z\u0142e ubrania\u201d. Dowodem na to s\u0105 na przyk\u0142ad kapelusze czy r\u0119kawiczki przeciwdeszczowe, kt\u00f3re znajdziemy w ofercie tej marki. Bo czas na zabaw\u0119 na dworze jest ca\u0142y czas, niezale\u017cnie od aury.<\/p>\n<div id=\"attachment_7662\" style=\"width: 2010px\" class=\"wp-caption aligncenter\"><img loading=\"lazy\" decoding=\"async\" aria-describedby=\"caption-attachment-7662\" class=\"wp-image-7662 size-full\" src=\"https:\/\/skalnik.pl\/blog\/wp-content\/uploads\/2019\/06\/538078_Rinne_531413B_Wheeler_538077_Pohjola_521615B_Regor_538076_Bulo_520266B_Reach_538085_Sneeuw_531359_Jord_538078_Rinne_531420_Seal_532186_Terrie_527327_Tartu_Ski_optimized-e1560932067784.jpg\" alt=\"Odzie\u017c zimowa Reima\" width=\"2000\" height=\"1333\" \/><p id=\"caption-attachment-7662\" class=\"wp-caption-text\">Dzieciaki kochaj\u0105 ruch.\u00a0 Kurtki Reima s\u0105 idalne dla aktywnych dzieci i to niezale\u017cnie od pogody (fot: Reima).<\/p><\/div>\n<p>&nbsp;<\/p>\n<h2><span class=\"ez-toc-section\" id=\"Stosowane_technologie\"><\/span>Stosowane technologie<span class=\"ez-toc-section-end\"><\/span><\/h2>\n<p>Reima tworzy swoje produkty zawsze nawi\u0105zuj\u0105c do ruchu i aktywno\u015bci. Dlatego u\u017cywa wiele ciekawych technologii i materia\u0142\u00f3w. Co wa\u017cne, praktycznie wszystkie materia\u0142y produkuje samodzielnie, a nie kupuje od firm zewn\u0119trznych. Dzi\u0119ki temu marka ma bezpo\u015bredni nadz\u00f3r nad jako\u015bci\u0105.<\/p>\n<ul>\n<li>Si Repel Mosquito to nietoksyczna i biodegradowalna technologia, kt\u00f3ra chroni przed komarami, kleszczami, wszami, osami i innym robactwem. Technologia ta odstrasza, a nie zabija i wystarcza na 100 pra\u0144. Po tym czasie jej skuteczno\u015b\u0107 spada do 75%.<\/li>\n<li>Xylitol Cool to materia\u0142 kt\u00f3ry przeciwdzia\u0142a stresowi cieplnemu. Och\u0142adza dzieci\u0119cy organizm podczas energetycznych aktywno\u015bci o 1-3 stopni Celsjusza. Dzi\u0119ki temu pozwala czu\u0107 si\u0119 ch\u0142odno i \u015bwie\u017co w wysokich temperaturach. Materia\u0142 jest nietoksyczny i bezpieczny dla dzieci. Idealny na letnie, gor\u0105ce dni.<\/li>\n<\/ul>\n<p>W ubraniach i akcesoriach Reima stosowane s\u0105 tak\u017ce filtry przeciws\u0142oneczne dzi\u0119ki kt\u00f3rym chroniona jest sk\u00f3ra naszych dzieci. Znajdziemy produkty z filtrem od UV 30 do UV 50.<\/p>\n<p>&nbsp;<\/p>\n<h2><span class=\"ez-toc-section\" id=\"Udogodnienia_dla_rodzicow\"><\/span>Udogodnienia dla rodzic\u00f3w<span class=\"ez-toc-section-end\"><\/span><\/h2>\n<p>Reima to jednak nie tylko dzieci. To r\u00f3wnie\u017c ich rodzice, a wi\u0119c i o nich ca\u0142y czas my\u015bli ta fi\u0144ska marka.<\/p>\n<p>Wi\u0119kszo\u015b\u0107 produkt\u00f3w Reima jest oznaczona znakiem &#8222;easy care&#8221; (\u0142atwe dbanie). W praktyce oznacza to, \u017ce wi\u0119kszo\u015b\u0107 produkt\u00f3w, \u0142\u0105cznie z butami, mo\u017cna pra\u0107 w pralce. W przypadku mniejszych zabrudze\u0144 cz\u0119sto wystarczy przetrze\u0107 produkt mokr\u0105 szmatk\u0105.<\/p>\n<p>Osoba doros\u0142a dba o rzeczy, kt\u00f3re sobie kupuje, ale dziecku ci\u0119\u017cej wyt\u0142umaczy\u0107 \u017ceby delikatnie obchodzi\u0142o si\u0119 ze swoimi nowymi ubraniami. Dlatego w\u0142a\u015bnie produkowane przez mark\u0119 Reima kurtki, buty i akcesoria tworzone s\u0105 z wytrzyma\u0142ych materia\u0142\u00f3w. Poza okre\u015blaniem parametr\u00f3w takich jak wodoodporno\u015b\u0107 i wiatroodporno\u015b\u0107, produkty Reima s\u0105 badane na wytrzyma\u0142o\u015b\u0107\/\u015bcieralno\u015b\u0107. Dzi\u0119ki temu cykl \u017cycia produktu jest du\u017co d\u0142u\u017cszy.<\/p>\n<div id=\"attachment_7665\" style=\"width: 2010px\" class=\"wp-caption aligncenter\"><img loading=\"lazy\" decoding=\"async\" aria-describedby=\"caption-attachment-7665\" class=\"wp-image-7665 size-full\" src=\"https:\/\/skalnik.pl\/blog\/wp-content\/uploads\/2019\/06\/538080_Aapa_536467_Micoua_536402_Margita_532145_Trick_538078_Rinne_536402_Margita_532144_Flip_569385_Juovla_Break_on_a_mountain_optimized-e1560932358442.jpg\" alt=\"Odzie\u017c dzieci\u0119ca Reima\" width=\"2000\" height=\"1335\" \/><p id=\"caption-attachment-7665\" class=\"wp-caption-text\">Odzie\u017c Reima tworzona jest tak \u017ceby\u015b nie stresowa\u0142 si\u0119 gdy dziecko siedzi na kamieniach (fot: Reima)<\/p><\/div>\n<p>&nbsp;<\/p>\n<h2><span class=\"ez-toc-section\" id=\"Odziez_dziecieca_a_ochrona_srodowiska\"><\/span>Odzie\u017c dzieci\u0119ca a ochrona \u015brodowiska<span class=\"ez-toc-section-end\"><\/span><\/h2>\n<p>Od pocz\u0105tku swojego istnienia marka Reima produkuje &#8222;no toxic&#8221;. W produktach tej marki stosowane s\u0105 naturalne rozwi\u0105zania takie jak Si Repel Mosquito, Ksylitol cool czy we\u0142na merino. Produkowane s\u0105 r\u00f3wnie\u017c ubrania z wykorzystaniem poliestru pochodz\u0105cego z wt\u00f3rnie przetworzonych butelek PET. Marka dba tak\u017ce o to, aby takie detale jak zawieszki cenowe by\u0142y robione z materia\u0142\u00f3w recyklingowanych.<\/p>\n<p>Reima ci\u0105gle udoskonala swoje technologie tak, aby zwi\u0119kszy\u0107 odporno\u015b\u0107 ubra\u0144 na brud i tym samym zmniejszy\u0107 liczb\u0119 pra\u0144. Dodatkowo marka Reima sama zach\u0119ca do przekazywania swoich produkt\u00f3w kolejnym u\u017cytkownikom, a tak\u017ce do stosowania zasady \u201enapraw, a nie wyrzucaj\u201d.<\/p>\n","protected":false},"excerpt":{"rendered":"<p>Outdoorowe dzieci te\u017c potrzebuj\u0105 funkcjonalnych, wygodnych i trwa\u0142ych ubra\u0144. Reima spe\u0142nia wszystkie z oczekiwa\u0144 maluch\u00f3w i ich rodzic\u00f3w. Dzieci\u0119cy outdoor to ca\u0142y \u015bwiat marki Reima. <\/p>\n","protected":false},"author":27,"featured_media":7657,"comment_status":"open","ping_status":"open","sticky":false,"template":"","format":"standard","meta":{"_acf_changed":false,"footnotes":""},"categories":[5],"tags":[173,15],"magento_category":[],"magento_product":[],"class_list":["post-7638","post","type-post","status-publish","format-standard","has-post-thumbnail","hentry","category-branza","tag-dziecko-w-gorach","tag-odziez"],"acf":[],"aioseo_notices":[],"aioseo_head":"\n\t\t<!-- All in One SEO 4.9.10 - aioseo.com -->\n\t<meta name=\"description\" content=\"Reima to fi\u0144ski porducent odzie\u017cy dla dzieci. Pieszemy o marce ubra\u0144 dla dzieci, kt\u00f3ra spe\u0142nia potrzeby aktywnych maluch\u00f3w.\" \/>\n\t<meta name=\"robots\" content=\"max-image-preview:large\" \/>\n\t<meta name=\"author\" content=\"Ola i Mariusz Robak\"\/>\n\t<link rel=\"canonical\" href=\"https:\/\/www.skalnik.pl\/blog\/reima-odziez-dziecieca\/\" \/>\n\t<meta name=\"generator\" content=\"All in One SEO (AIOSEO) 4.9.10\" \/>\n\t\t<meta property=\"og:locale\" content=\"pl_PL\" \/>\n\t\t<meta property=\"og:site_name\" content=\"blog Skalnik - Blog, porady, artyku\u0142y - blog Skalnik\" \/>\n\t\t<meta property=\"og:type\" content=\"article\" \/>\n\t\t<meta property=\"og:title\" content=\"Reima \u2013 co to za marka - blog Skalnik\" \/>\n\t\t<meta property=\"og:description\" content=\"Reima to fi\u0144ski porducent odzie\u017cy dla dzieci. Pieszemy o marce ubra\u0144 dla dzieci, kt\u00f3ra spe\u0142nia potrzeby aktywnych maluch\u00f3w.\" \/>\n\t\t<meta property=\"og:url\" content=\"https:\/\/www.skalnik.pl\/blog\/reima-odziez-dziecieca\/\" \/>\n\t\t<meta property=\"og:image\" content=\"https:\/\/skalnik.pl\/blog\/wp-content\/uploads\/2019\/06\/538080_Aapa_536467_Micoua_536402_Margita_538078_Rinne_538077_Pohjola_536457_Tale_GroupHug_optimized-e1560931968496.jpg\" \/>\n\t\t<meta property=\"og:image:secure_url\" content=\"https:\/\/skalnik.pl\/blog\/wp-content\/uploads\/2019\/06\/538080_Aapa_536467_Micoua_536402_Margita_538078_Rinne_538077_Pohjola_536457_Tale_GroupHug_optimized-e1560931968496.jpg\" \/>\n\t\t<meta property=\"article:tag\" content=\"bran\u017ca\" \/>\n\t\t<meta property=\"article:tag\" content=\"dziecko w g\u00f3rach\" \/>\n\t\t<meta property=\"article:tag\" content=\"odzie\u017c\" \/>\n\t\t<meta property=\"article:published_time\" content=\"2019-07-02T08:00:48+00:00\" \/>\n\t\t<meta property=\"article:modified_time\" content=\"2019-07-22T10:03:34+00:00\" \/>\n\t\t<meta name=\"twitter:card\" content=\"summary_large_image\" \/>\n\t\t<meta name=\"twitter:title\" content=\"Reima \u2013 co to za marka - blog Skalnik\" \/>\n\t\t<meta name=\"twitter:description\" content=\"Reima to fi\u0144ski porducent odzie\u017cy dla dzieci. Pieszemy o marce ubra\u0144 dla dzieci, kt\u00f3ra spe\u0142nia potrzeby aktywnych maluch\u00f3w.\" \/>\n\t\t<meta name=\"twitter:image\" content=\"https:\/\/skalnik.pl\/blog\/wp-content\/uploads\/2019\/06\/538080_Aapa_536467_Micoua_536402_Margita_538078_Rinne_538077_Pohjola_536457_Tale_GroupHug_optimized-e1560931968496.jpg\" \/>\n\t\t<script type=\"application\/ld+json\" class=\"aioseo-schema\">\n\t\t\t{\"@context\":\"https:\\\/\\\/schema.org\",\"@graph\":[{\"@type\":\"BlogPosting\",\"@id\":\"https:\\\/\\\/www.skalnik.pl\\\/blog\\\/reima-odziez-dziecieca\\\/#blogposting\",\"name\":\"Reima \\u2013 co to za marka - blog Skalnik\",\"headline\":\"Reima &#8211; co to za marka\",\"author\":{\"@id\":\"https:\\\/\\\/www.skalnik.pl\\\/blog\\\/author\\\/olamariusz-robak\\\/#author\"},\"publisher\":{\"@id\":\"https:\\\/\\\/www.skalnik.pl\\\/blog\\\/#organization\"},\"image\":{\"@type\":\"ImageObject\",\"url\":\"https:\\\/\\\/www.skalnik.pl\\\/blog\\\/wp-content\\\/uploads\\\/2019\\\/06\\\/531401_Hiili_536346_Rejse_532173_Synas_536359_Speeder_532168_Invert_Waterbreak_optimized-e1560931449604.jpg\",\"width\":2000,\"height\":735,\"caption\":\"Reima - odziez dla dzieci\"},\"datePublished\":\"2019-07-02T10:00:48+02:00\",\"dateModified\":\"2019-07-22T12:03:34+02:00\",\"inLanguage\":\"pl-PL\",\"mainEntityOfPage\":{\"@id\":\"https:\\\/\\\/www.skalnik.pl\\\/blog\\\/reima-odziez-dziecieca\\\/#webpage\"},\"isPartOf\":{\"@id\":\"https:\\\/\\\/www.skalnik.pl\\\/blog\\\/reima-odziez-dziecieca\\\/#webpage\"},\"articleSection\":\"Bran\\u017ca, dziecko w g\\u00f3rach, odzie\\u017c\"},{\"@type\":\"BreadcrumbList\",\"@id\":\"https:\\\/\\\/www.skalnik.pl\\\/blog\\\/reima-odziez-dziecieca\\\/#breadcrumblist\",\"itemListElement\":[{\"@type\":\"ListItem\",\"@id\":\"https:\\\/\\\/www.skalnik.pl\\\/blog#listItem\",\"position\":1,\"name\":\"Home\",\"item\":\"https:\\\/\\\/www.skalnik.pl\\\/blog\",\"nextItem\":{\"@type\":\"ListItem\",\"@id\":\"https:\\\/\\\/www.skalnik.pl\\\/blog\\\/.\\\/branza\\\/#listItem\",\"name\":\"Bran\\u017ca\"}},{\"@type\":\"ListItem\",\"@id\":\"https:\\\/\\\/www.skalnik.pl\\\/blog\\\/.\\\/branza\\\/#listItem\",\"position\":2,\"name\":\"Bran\\u017ca\",\"item\":\"https:\\\/\\\/www.skalnik.pl\\\/blog\\\/.\\\/branza\\\/\",\"nextItem\":{\"@type\":\"ListItem\",\"@id\":\"https:\\\/\\\/www.skalnik.pl\\\/blog\\\/reima-odziez-dziecieca\\\/#listItem\",\"name\":\"Reima &#8211; co to za marka\"},\"previousItem\":{\"@type\":\"ListItem\",\"@id\":\"https:\\\/\\\/www.skalnik.pl\\\/blog#listItem\",\"name\":\"Home\"}},{\"@type\":\"ListItem\",\"@id\":\"https:\\\/\\\/www.skalnik.pl\\\/blog\\\/reima-odziez-dziecieca\\\/#listItem\",\"position\":3,\"name\":\"Reima &#8211; co to za marka\",\"previousItem\":{\"@type\":\"ListItem\",\"@id\":\"https:\\\/\\\/www.skalnik.pl\\\/blog\\\/.\\\/branza\\\/#listItem\",\"name\":\"Bran\\u017ca\"}}]},{\"@type\":\"Organization\",\"@id\":\"https:\\\/\\\/www.skalnik.pl\\\/blog\\\/#organization\",\"name\":\"blog Skalnik\",\"description\":\"Blog, porady, artyku\\u0142y - blog Skalnik\",\"url\":\"https:\\\/\\\/www.skalnik.pl\\\/blog\\\/\"},{\"@type\":\"Person\",\"@id\":\"https:\\\/\\\/www.skalnik.pl\\\/blog\\\/author\\\/olamariusz-robak\\\/#author\",\"url\":\"https:\\\/\\\/www.skalnik.pl\\\/blog\\\/author\\\/olamariusz-robak\\\/\",\"name\":\"Ola i Mariusz Robak\",\"image\":{\"@type\":\"ImageObject\",\"@id\":\"https:\\\/\\\/www.skalnik.pl\\\/blog\\\/reima-odziez-dziecieca\\\/#authorImage\",\"url\":\"https:\\\/\\\/secure.gravatar.com\\\/avatar\\\/1bdfdd8d52a8a864114b9539958110649b274bdf789f5503a949f40004d3c50f?s=96&d=mm&r=g\",\"width\":96,\"height\":96,\"caption\":\"Ola i Mariusz Robak\"}},{\"@type\":\"WebPage\",\"@id\":\"https:\\\/\\\/www.skalnik.pl\\\/blog\\\/reima-odziez-dziecieca\\\/#webpage\",\"url\":\"https:\\\/\\\/www.skalnik.pl\\\/blog\\\/reima-odziez-dziecieca\\\/\",\"name\":\"Reima \\u2013 co to za marka - blog Skalnik\",\"description\":\"Reima to fi\\u0144ski porducent odzie\\u017cy dla dzieci. Pieszemy o marce ubra\\u0144 dla dzieci, kt\\u00f3ra spe\\u0142nia potrzeby aktywnych maluch\\u00f3w.\",\"inLanguage\":\"pl-PL\",\"isPartOf\":{\"@id\":\"https:\\\/\\\/www.skalnik.pl\\\/blog\\\/#website\"},\"breadcrumb\":{\"@id\":\"https:\\\/\\\/www.skalnik.pl\\\/blog\\\/reima-odziez-dziecieca\\\/#breadcrumblist\"},\"author\":{\"@id\":\"https:\\\/\\\/www.skalnik.pl\\\/blog\\\/author\\\/olamariusz-robak\\\/#author\"},\"creator\":{\"@id\":\"https:\\\/\\\/www.skalnik.pl\\\/blog\\\/author\\\/olamariusz-robak\\\/#author\"},\"image\":{\"@type\":\"ImageObject\",\"url\":\"https:\\\/\\\/www.skalnik.pl\\\/blog\\\/wp-content\\\/uploads\\\/2019\\\/06\\\/531401_Hiili_536346_Rejse_532173_Synas_536359_Speeder_532168_Invert_Waterbreak_optimized-e1560931449604.jpg\",\"@id\":\"https:\\\/\\\/www.skalnik.pl\\\/blog\\\/reima-odziez-dziecieca\\\/#mainImage\",\"width\":2000,\"height\":735,\"caption\":\"Reima - odziez dla dzieci\"},\"primaryImageOfPage\":{\"@id\":\"https:\\\/\\\/www.skalnik.pl\\\/blog\\\/reima-odziez-dziecieca\\\/#mainImage\"},\"datePublished\":\"2019-07-02T10:00:48+02:00\",\"dateModified\":\"2019-07-22T12:03:34+02:00\"},{\"@type\":\"WebSite\",\"@id\":\"https:\\\/\\\/www.skalnik.pl\\\/blog\\\/#website\",\"url\":\"https:\\\/\\\/www.skalnik.pl\\\/blog\\\/\",\"name\":\"blog Skalnik\",\"description\":\"Blog, porady, artyku\\u0142y - blog Skalnik\",\"inLanguage\":\"pl-PL\",\"publisher\":{\"@id\":\"https:\\\/\\\/www.skalnik.pl\\\/blog\\\/#organization\"}}]}\n\t\t<\/script>\n\t\t<!-- All in One SEO -->\n\n","aioseo_head_json":{"title":"Reima \u2013 co to za marka - blog Skalnik","description":"Reima to fi\u0144ski porducent odzie\u017cy dla dzieci. Pieszemy o marce ubra\u0144 dla dzieci, kt\u00f3ra spe\u0142nia potrzeby aktywnych maluch\u00f3w.","canonical_url":"https:\/\/www.skalnik.pl\/blog\/reima-odziez-dziecieca\/","robots":"max-image-preview:large","keywords":"","webmasterTools":{"miscellaneous":""},"schema":{"@context":"https:\/\/schema.org","@graph":[{"@type":"BlogPosting","@id":"https:\/\/www.skalnik.pl\/blog\/reima-odziez-dziecieca\/#blogposting","name":"Reima \u2013 co to za marka - blog Skalnik","headline":"Reima &#8211; co to za marka","author":{"@id":"https:\/\/www.skalnik.pl\/blog\/author\/olamariusz-robak\/#author"},"publisher":{"@id":"https:\/\/www.skalnik.pl\/blog\/#organization"},"image":{"@type":"ImageObject","url":"https:\/\/www.skalnik.pl\/blog\/wp-content\/uploads\/2019\/06\/531401_Hiili_536346_Rejse_532173_Synas_536359_Speeder_532168_Invert_Waterbreak_optimized-e1560931449604.jpg","width":2000,"height":735,"caption":"Reima - odziez dla dzieci"},"datePublished":"2019-07-02T10:00:48+02:00","dateModified":"2019-07-22T12:03:34+02:00","inLanguage":"pl-PL","mainEntityOfPage":{"@id":"https:\/\/www.skalnik.pl\/blog\/reima-odziez-dziecieca\/#webpage"},"isPartOf":{"@id":"https:\/\/www.skalnik.pl\/blog\/reima-odziez-dziecieca\/#webpage"},"articleSection":"Bran\u017ca, dziecko w g\u00f3rach, odzie\u017c"},{"@type":"BreadcrumbList","@id":"https:\/\/www.skalnik.pl\/blog\/reima-odziez-dziecieca\/#breadcrumblist","itemListElement":[{"@type":"ListItem","@id":"https:\/\/www.skalnik.pl\/blog#listItem","position":1,"name":"Home","item":"https:\/\/www.skalnik.pl\/blog","nextItem":{"@type":"ListItem","@id":"https:\/\/www.skalnik.pl\/blog\/.\/branza\/#listItem","name":"Bran\u017ca"}},{"@type":"ListItem","@id":"https:\/\/www.skalnik.pl\/blog\/.\/branza\/#listItem","position":2,"name":"Bran\u017ca","item":"https:\/\/www.skalnik.pl\/blog\/.\/branza\/","nextItem":{"@type":"ListItem","@id":"https:\/\/www.skalnik.pl\/blog\/reima-odziez-dziecieca\/#listItem","name":"Reima &#8211; co to za marka"},"previousItem":{"@type":"ListItem","@id":"https:\/\/www.skalnik.pl\/blog#listItem","name":"Home"}},{"@type":"ListItem","@id":"https:\/\/www.skalnik.pl\/blog\/reima-odziez-dziecieca\/#listItem","position":3,"name":"Reima &#8211; co to za marka","previousItem":{"@type":"ListItem","@id":"https:\/\/www.skalnik.pl\/blog\/.\/branza\/#listItem","name":"Bran\u017ca"}}]},{"@type":"Organization","@id":"https:\/\/www.skalnik.pl\/blog\/#organization","name":"blog Skalnik","description":"Blog, porady, artyku\u0142y - blog Skalnik","url":"https:\/\/www.skalnik.pl\/blog\/"},{"@type":"Person","@id":"https:\/\/www.skalnik.pl\/blog\/author\/olamariusz-robak\/#author","url":"https:\/\/www.skalnik.pl\/blog\/author\/olamariusz-robak\/","name":"Ola i Mariusz Robak","image":{"@type":"ImageObject","@id":"https:\/\/www.skalnik.pl\/blog\/reima-odziez-dziecieca\/#authorImage","url":"https:\/\/secure.gravatar.com\/avatar\/1bdfdd8d52a8a864114b9539958110649b274bdf789f5503a949f40004d3c50f?s=96&d=mm&r=g","width":96,"height":96,"caption":"Ola i Mariusz Robak"}},{"@type":"WebPage","@id":"https:\/\/www.skalnik.pl\/blog\/reima-odziez-dziecieca\/#webpage","url":"https:\/\/www.skalnik.pl\/blog\/reima-odziez-dziecieca\/","name":"Reima \u2013 co to za marka - blog Skalnik","description":"Reima to fi\u0144ski porducent odzie\u017cy dla dzieci. Pieszemy o marce ubra\u0144 dla dzieci, kt\u00f3ra spe\u0142nia potrzeby aktywnych maluch\u00f3w.","inLanguage":"pl-PL","isPartOf":{"@id":"https:\/\/www.skalnik.pl\/blog\/#website"},"breadcrumb":{"@id":"https:\/\/www.skalnik.pl\/blog\/reima-odziez-dziecieca\/#breadcrumblist"},"author":{"@id":"https:\/\/www.skalnik.pl\/blog\/author\/olamariusz-robak\/#author"},"creator":{"@id":"https:\/\/www.skalnik.pl\/blog\/author\/olamariusz-robak\/#author"},"image":{"@type":"ImageObject","url":"https:\/\/www.skalnik.pl\/blog\/wp-content\/uploads\/2019\/06\/531401_Hiili_536346_Rejse_532173_Synas_536359_Speeder_532168_Invert_Waterbreak_optimized-e1560931449604.jpg","@id":"https:\/\/www.skalnik.pl\/blog\/reima-odziez-dziecieca\/#mainImage","width":2000,"height":735,"caption":"Reima - odziez dla dzieci"},"primaryImageOfPage":{"@id":"https:\/\/www.skalnik.pl\/blog\/reima-odziez-dziecieca\/#mainImage"},"datePublished":"2019-07-02T10:00:48+02:00","dateModified":"2019-07-22T12:03:34+02:00"},{"@type":"WebSite","@id":"https:\/\/www.skalnik.pl\/blog\/#website","url":"https:\/\/www.skalnik.pl\/blog\/","name":"blog Skalnik","description":"Blog, porady, artyku\u0142y - blog Skalnik","inLanguage":"pl-PL","publisher":{"@id":"https:\/\/www.skalnik.pl\/blog\/#organization"}}]},"og:locale":"pl_PL","og:site_name":"blog Skalnik - Blog, porady, artyku\u0142y - blog Skalnik","og:type":"article","og:title":"Reima \u2013 co to za marka - blog Skalnik","og:description":"Reima to fi\u0144ski porducent odzie\u017cy dla dzieci. Pieszemy o marce ubra\u0144 dla dzieci, kt\u00f3ra spe\u0142nia potrzeby aktywnych maluch\u00f3w.","og:url":"https:\/\/www.skalnik.pl\/blog\/reima-odziez-dziecieca\/","og:image":"https:\/\/skalnik.pl\/blog\/wp-content\/uploads\/2019\/06\/538080_Aapa_536467_Micoua_536402_Margita_538078_Rinne_538077_Pohjola_536457_Tale_GroupHug_optimized-e1560931968496.jpg","og:image:secure_url":"https:\/\/skalnik.pl\/blog\/wp-content\/uploads\/2019\/06\/538080_Aapa_536467_Micoua_536402_Margita_538078_Rinne_538077_Pohjola_536457_Tale_GroupHug_optimized-e1560931968496.jpg","article:tag":["bran\u017ca","dziecko w g\u00f3rach","odzie\u017c"],"article:published_time":"2019-07-02T08:00:48+00:00","article:modified_time":"2019-07-22T10:03:34+00:00","twitter:card":"summary_large_image","twitter:title":"Reima \u2013 co to za marka - blog Skalnik","twitter:description":"Reima to fi\u0144ski porducent odzie\u017cy dla dzieci. Pieszemy o marce ubra\u0144 dla dzieci, kt\u00f3ra spe\u0142nia potrzeby aktywnych maluch\u00f3w.","twitter:image":"https:\/\/skalnik.pl\/blog\/wp-content\/uploads\/2019\/06\/538080_Aapa_536467_Micoua_536402_Margita_538078_Rinne_538077_Pohjola_536457_Tale_GroupHug_optimized-e1560931968496.jpg"},"aioseo_meta_data":{"post_id":"7638","title":"","description":"Reima to fi\u0144ski porducent odzie\u017cy dla dzieci. Pieszemy o marce ubra\u0144 dla dzieci, kt\u00f3ra spe\u0142nia potrzeby aktywnych maluch\u00f3w.","keywords":[{"label":"dzieci","value":"dzieci"},{"label":"outdoor","value":"outdoor"},{"label":"reima","value":"reima"},{"label":"odzie\u017c dizeci\u0119ca","value":"odzie\u017c dizeci\u0119ca"},{"label":"odzie\u017c dla dzieci","value":"odzie\u017c dla dzieci"}],"keyphrases":null,"primary_term":null,"canonical_url":null,"og_title":null,"og_description":null,"og_object_type":"default","og_image_type":"default","og_image_url":null,"og_image_width":null,"og_image_height":null,"og_image_custom_url":null,"og_image_custom_fields":null,"og_video":null,"og_custom_url":null,"og_article_section":null,"og_article_tags":null,"twitter_use_og":false,"twitter_card":"default","twitter_image_type":"default","twitter_image_url":null,"twitter_image_custom_url":null,"twitter_image_custom_fields":null,"twitter_title":null,"twitter_description":null,"schema":{"blockGraphs":[],"customGraphs":[],"default":{"data":{"Article":[],"Course":[],"Dataset":[],"FAQPage":[],"Movie":[],"Person":[],"Product":[],"ProductReview":[],"Car":[],"Recipe":[],"Service":[],"SoftwareApplication":[],"WebPage":[]},"graphName":"BlogPosting","isEnabled":true},"graphs":[]},"schema_type":"default","schema_type_options":null,"pillar_content":false,"robots_default":true,"robots_noindex":false,"robots_noarchive":false,"robots_nosnippet":false,"robots_nofollow":false,"robots_noimageindex":false,"robots_noodp":false,"robots_notranslate":false,"robots_max_snippet":null,"robots_max_videopreview":null,"robots_max_imagepreview":"large","priority":null,"frequency":null,"local_seo":null,"breadcrumb_settings":null,"limit_modified_date":false,"ai":null,"created":"2022-08-26 10:01:46","updated":"2026-02-17 21:34:53","seo_analyzer_scan_date":null},"aioseo_breadcrumb":"<div class=\"aioseo-breadcrumbs\"><span class=\"aioseo-breadcrumb\">\n\t\t\t<a href=\"https:\/\/www.skalnik.pl\/blog\" title=\"Home\">Home<\/a>\n\t\t<\/span><span class=\"aioseo-breadcrumb-separator\">&raquo;<\/span><span class=\"aioseo-breadcrumb\">\n\t\t\t<a href=\"https:\/\/www.skalnik.pl\/blog\/.\/branza\/\" title=\"Bran\u017ca\">Bran\u017ca<\/a>\n\t\t<\/span><span class=\"aioseo-breadcrumb-separator\">&raquo;<\/span><span class=\"aioseo-breadcrumb\">\n\t\t\tReima \u2013 co to za marka\n\t\t<\/span><\/div>","aioseo_breadcrumb_json":[{"label":"Home","link":"https:\/\/www.skalnik.pl\/blog"},{"label":"Bran\u017ca","link":"https:\/\/www.skalnik.pl\/blog\/.\/branza\/"},{"label":"Reima &#8211; co to za marka","link":"https:\/\/www.skalnik.pl\/blog\/reima-odziez-dziecieca\/"}],"_links":{"self":[{"href":"https:\/\/www.skalnik.pl\/blog\/wp-json\/wp\/v2\/posts\/7638","targetHints":{"allow":["GET"]}}],"collection":[{"href":"https:\/\/www.skalnik.pl\/blog\/wp-json\/wp\/v2\/posts"}],"about":[{"href":"https:\/\/www.skalnik.pl\/blog\/wp-json\/wp\/v2\/types\/post"}],"author":[{"embeddable":true,"href":"https:\/\/www.skalnik.pl\/blog\/wp-json\/wp\/v2\/users\/27"}],"replies":[{"embeddable":true,"href":"https:\/\/www.skalnik.pl\/blog\/wp-json\/wp\/v2\/comments?post=7638"}],"version-history":[{"count":9,"href":"https:\/\/www.skalnik.pl\/blog\/wp-json\/wp\/v2\/posts\/7638\/revisions"}],"predecessor-version":[{"id":7741,"href":"https:\/\/www.skalnik.pl\/blog\/wp-json\/wp\/v2\/posts\/7638\/revisions\/7741"}],"wp:featuredmedia":[{"embeddable":true,"href":"https:\/\/www.skalnik.pl\/blog\/wp-json\/wp\/v2\/media\/7657"}],"wp:attachment":[{"href":"https:\/\/www.skalnik.pl\/blog\/wp-json\/wp\/v2\/media?parent=7638"}],"wp:term":[{"taxonomy":"category","embeddable":true,"href":"https:\/\/www.skalnik.pl\/blog\/wp-json\/wp\/v2\/categories?post=7638"},{"taxonomy":"post_tag","embeddable":true,"href":"https:\/\/www.skalnik.pl\/blog\/wp-json\/wp\/v2\/tags?post=7638"},{"taxonomy":"magento_category","embeddable":true,"href":"https:\/\/www.skalnik.pl\/blog\/wp-json\/wp\/v2\/magento_category?post=7638"},{"taxonomy":"magento_product","embeddable":true,"href":"https:\/\/www.skalnik.pl\/blog\/wp-json\/wp\/v2\/magento_product?post=7638"}],"curies":[{"name":"wp","href":"https:\/\/api.w.org\/{rel}","templated":true}]}}