{"id":7640,"date":"2019-06-29T10:00:39","date_gmt":"2019-06-29T08:00:39","guid":{"rendered":"https:\/\/skalnik.pl\/blog\/?p=7640"},"modified":"2022-08-08T10:18:57","modified_gmt":"2022-08-08T08:18:57","slug":"via-ferraty-dolomity-okolice-passo-gardena","status":"publish","type":"post","link":"https:\/\/www.skalnik.pl\/blog\/via-ferraty-dolomity-okolice-passo-gardena\/","title":{"rendered":"Via ferraty Dolomity \u2013 okolice Passo Gardena"},"content":{"rendered":"<p><b>Bez dw\u00f3ch zda\u0144 \u2013 ojczyzn\u0105 via ferrat s\u0105 W\u0142ochy, a dok\u0142adnie Dolomity. W tych g\u00f3rach znajdziesz szlaki via ferrata na ka\u017cdym poziomie trudno\u015bci. D\u0142ugie, kr\u00f3tkie, z trudno\u015bciami i bez. Znajdzie si\u0119 milion powod\u00f3w, dla kt\u00f3rych mi\u0142o\u015bnik \u017celaznych perci powinien jecha\u0107 w Dolomity, ale ten artyku\u0142 nie b\u0119dzie o tym. Wpis ten dla jednych mo\u017ce by\u0107 inspiracj\u0105 i odpowiedzi\u0105 na pytanie, gdzie pojecha\u0107 na pierwsze ferraty w Dolomitach, innym mo\u017ce odkry\u0107 jeszcze jedno miejsce, w kt\u00f3re warto pojecha\u0107 na ferraty.<\/b><\/p>\n<p>Tym razem wybieramy si\u0119 w rejon prze\u0142\u0119czy Passo Gardena w p\u00f3\u0142nocno-zachodniej cz\u0119\u015bci Dolomit\u00f3w. Jest to wysoka prze\u0142\u0119cz w Po\u0142udniowym Tyrolu, kt\u00f3ra rozdziela masyw s\u0142ynnej, majestatycznej Selli od skalnego grzbietu Puez i jest \u0142\u0105cznikiem dla dw\u00f3ch pi\u0119knych dolin: Alta Badia i Val Gardena. Zim\u0105 miejsce to jest oblegane przez narciarzy, latem t\u0142oczno tu od turyst\u00f3w, mi\u0142o\u015bnik\u00f3w pokonywania dr\u00f3g z \u017celazn\u0105 asekuracj\u0105 i kolarzy.<\/p>\n<div id=\"ez-toc-container\" class=\"ez-toc-v2_0_85 counter-hierarchy ez-toc-counter ez-toc-light-blue ez-toc-container-direction\">\n<div class=\"ez-toc-title-container\">\n<p class=\"ez-toc-title\" style=\"cursor:inherit\">SPIS TRE\u015aCI <\/p>\n<span class=\"ez-toc-title-toggle\"><a href=\"#\" class=\"ez-toc-pull-right ez-toc-btn ez-toc-btn-xs ez-toc-btn-default ez-toc-toggle\" aria-label=\"Prze\u0142\u0105cznik Spisu Tre\u015bci\"><span class=\"ez-toc-js-icon-con\"><span class=\"\"><span class=\"eztoc-hide\" style=\"display:none;\">Toggle<\/span><span class=\"ez-toc-icon-toggle-span\"><svg style=\"fill: #999;color:#999\" xmlns=\"http:\/\/www.w3.org\/2000\/svg\" class=\"list-377408\" width=\"20px\" height=\"20px\" viewBox=\"0 0 24 24\" fill=\"none\"><path d=\"M6 6H4v2h2V6zm14 0H8v2h12V6zM4 11h2v2H4v-2zm16 0H8v2h12v-2zM4 16h2v2H4v-2zm16 0H8v2h12v-2z\" fill=\"currentColor\"><\/path><\/svg><svg style=\"fill: #999;color:#999\" class=\"arrow-unsorted-368013\" xmlns=\"http:\/\/www.w3.org\/2000\/svg\" width=\"10px\" height=\"10px\" viewBox=\"0 0 24 24\" version=\"1.2\" baseProfile=\"tiny\"><path d=\"M18.2 9.3l-6.2-6.3-6.2 6.3c-.2.2-.3.4-.3.7s.1.5.3.7c.2.2.4.3.7.3h11c.3 0 .5-.1.7-.3.2-.2.3-.5.3-.7s-.1-.5-.3-.7zM5.8 14.7l6.2 6.3 6.2-6.3c.2-.2.3-.5.3-.7s-.1-.5-.3-.7c-.2-.2-.4-.3-.7-.3h-11c-.3 0-.5.1-.7.3-.2.2-.3.5-.3.7s.1.5.3.7z\"\/><\/svg><\/span><\/span><\/span><\/a><\/span><\/div>\n<nav><ul class='ez-toc-list ez-toc-list-level-1 ' ><li class='ez-toc-page-1 ez-toc-heading-level-2'><a class=\"ez-toc-link ez-toc-heading-1\" href=\"https:\/\/www.skalnik.pl\/blog\/via-ferraty-dolomity-okolice-passo-gardena\/#Najwazniejszy_jest_dobry_plan\" >Najwa\u017cniejszy jest dobry plan<\/a><\/li><li class='ez-toc-page-1 ez-toc-heading-level-2'><a class=\"ez-toc-link ez-toc-heading-2\" href=\"https:\/\/www.skalnik.pl\/blog\/via-ferraty-dolomity-okolice-passo-gardena\/#Via_ferraty_w_okolicy_Passo_Gardena\" >Via ferraty w okolicy Passo Gardena<\/a><\/li><li class='ez-toc-page-1 ez-toc-heading-level-2'><a class=\"ez-toc-link ez-toc-heading-3\" href=\"https:\/\/www.skalnik.pl\/blog\/via-ferraty-dolomity-okolice-passo-gardena\/#Zagrozenia_w_Dolomitach\" >Zagro\u017cenia w Dolomitach<\/a><\/li><li class='ez-toc-page-1 ez-toc-heading-level-2'><a class=\"ez-toc-link ez-toc-heading-4\" href=\"https:\/\/www.skalnik.pl\/blog\/via-ferraty-dolomity-okolice-passo-gardena\/#Sassongher_%E2%80%93_via_ferrata_dla_poczatkujacych\" >Sassongher \u2013 via ferrata dla pocz\u0105tkuj\u0105cych<\/a><\/li><li class='ez-toc-page-1 ez-toc-heading-level-2'><a class=\"ez-toc-link ez-toc-heading-5\" href=\"https:\/\/www.skalnik.pl\/blog\/via-ferraty-dolomity-okolice-passo-gardena\/#Gran_Cir_z_Passo_Gardena_%E2%80%93_ferrata_droga_normalna\" >Gran Cir z Passo Gardena \u2013 ferrata drog\u0105 normaln\u0105<\/a><\/li><li class='ez-toc-page-1 ez-toc-heading-level-2'><a class=\"ez-toc-link ez-toc-heading-6\" href=\"https:\/\/www.skalnik.pl\/blog\/via-ferraty-dolomity-okolice-passo-gardena\/#Piccola_Cir_ferrata_z_Dantercepies\" >Piccola Cir ferrat\u0105 z Danterc\u00ebpies<\/a><\/li><li class='ez-toc-page-1 ez-toc-heading-level-2'><a class=\"ez-toc-link ez-toc-heading-7\" href=\"https:\/\/www.skalnik.pl\/blog\/via-ferraty-dolomity-okolice-passo-gardena\/#Via_ferrata_Brigata_Tridentina_Pisciadu\" >Via ferrata Brigata Tridentina (Pisciadu)<\/a><\/li><\/ul><\/nav><\/div>\n<h2><span class=\"ez-toc-section\" id=\"Najwazniejszy_jest_dobry_plan\"><\/span>Najwa\u017cniejszy jest dobry plan<span class=\"ez-toc-section-end\"><\/span><\/h2>\n<p>Zanim wyruszysz w Dolomity, opracuj dobry plan. Spr\u00f3buj dowiedzie\u0107 si\u0119 jak najwi\u0119cej o celu swojej wyprawy. Przeszukaj blogi i fora internetowe, a tak\u017ce si\u0119gnij po rady os\u00f3b, kt\u00f3re pozna\u0142y ju\u017c dany region od podszewki. Zaraz poznasz cztery ferraty w okolicy prze\u0142\u0119czy Passo Gardena, ale po wi\u0119cej mo\u017cesz zajrze\u0107 do przewodnik\u00f3w <i>Dolomity na ferratach <\/i>oraz na t\u0119 stron\u0119 autor\u00f3w tych przewodnik\u00f3w, gdzie znajduje si\u0119 sekcja <a href=\"https:\/\/dolomitynaferratach-przewodnik.pl\/baza-ferrat\/\" rel=\"nofollow \">baza ferrat<\/a>.<\/p>\n<h2><span class=\"ez-toc-section\" id=\"Via_ferraty_w_okolicy_Passo_Gardena\"><\/span>Via ferraty w okolicy Passo Gardena<span class=\"ez-toc-section-end\"><\/span><\/h2>\n<p>Miejsce to mog\u0105 wybra\u0107 osoby, kt\u00f3re s\u0105 po pierwszych pr\u00f3bach ferratowych. Niekt\u00f3re z dr\u00f3g, kt\u00f3re zaraz opisz\u0119, mo\u017cna wybra\u0107 nawet jako pierwsz\u0105 ferrat\u0119. Je\u015bli jednak jedziesz na pierwsze ferraty, to wybierz si\u0119 z kim\u015b bardziej do\u015bwiadczonym. Cho\u0107 ferraty z tego artyku\u0142u nie maj\u0105 du\u017cej trudno\u015bci, przyda si\u0119 do\u015bwiadczenie kogo\u015b, kto dobrze orientuje si\u0119 w terenie i dobierze odpowiednio trudno\u015bci. Pami\u0119taj, \u017ce w Dolomitach przed wej\u015bciem w ferrat\u0119 przyda si\u0119 dobre rozpoznanie, bo nieraz przej\u015bcie wi\u0105\u017ce si\u0119 d\u0142u\u017csz\u0105 w\u0119dr\u00f3wk\u0105, a innym razem bezpiecze\u0144stwo mo\u017ce zale\u017ce\u0107 od oceny warunk\u00f3w i tak zwanych obiektywnych zagro\u017ce\u0144. Ju\u017c na pierwszej z opisanych ferrat wyjdziemy wy\u017cej ni\u017c na Rysy\u2026<\/p>\n<div id=\"attachment_7648\" style=\"width: 1034px\" class=\"wp-caption aligncenter\"><img loading=\"lazy\" decoding=\"async\" aria-describedby=\"caption-attachment-7648\" class=\"wp-image-7648 size-full\" src=\"https:\/\/skalnik.pl\/blog\/wp-content\/uploads\/2019\/06\/mapa-OG\u00d3LNA.jpg\" alt=\"\" width=\"1024\" height=\"734\" srcset=\"https:\/\/www.skalnik.pl\/blog\/wp-content\/uploads\/2019\/06\/mapa-OG\u00d3LNA.jpg 1024w, https:\/\/www.skalnik.pl\/blog\/wp-content\/uploads\/2019\/06\/mapa-OG\u00d3LNA-300x215.jpg 300w, https:\/\/www.skalnik.pl\/blog\/wp-content\/uploads\/2019\/06\/mapa-OG\u00d3LNA-768x551.jpg 768w\" sizes=\"auto, (max-width: 1024px) 100vw, 1024px\" \/><p id=\"caption-attachment-7648\" class=\"wp-caption-text\">Lokalizacja opisanych w artykule ferrat. Oznaczenia: PG &#8211; Passo Gardena; F1 &#8211; Sassongher; F2 &#8211; Gran Cir (Grosse Cirspitze); F3 &#8211; Piccola Cir (Kleine Cirspitze); F4 &#8211; Brigata Tridentina (Pisciadu)<\/p><\/div>\n<h2><span class=\"ez-toc-section\" id=\"Zagrozenia_w_Dolomitach\"><\/span>Zagro\u017cenia w Dolomitach<span class=\"ez-toc-section-end\"><\/span><\/h2>\n<p>Nie daj si\u0119 zwie\u015b\u0107 Dolomitom. Kolejki, schroniska, du\u017ca liczba turyst\u00f3w na szlakach i ferratach \u2013 wszystko to sprawia, \u017ce to g\u00f3ry bardzo cywilizowane. Mimo to wci\u0105\u017c gro\u017ane. Na via ferracie spotka\u0107 mog\u0105 ci\u0119 r\u00f3\u017cne zagro\u017cenia. Inni tury\u015bci mog\u0105 zrzuca\u0107 ponad tob\u0105 niechc\u0105cy kamienie, gdzie\u015b mo\u017ce zaskoczy\u0107 ci\u0119 lufa, czyli du\u017ca przepa\u015b\u0107 pod stopami, ale najwi\u0119kszym zagro\u017ceniem w tych g\u00f3rach jest szybko zmieniaj\u0105ca si\u0119 pogoda.<\/p>\n<p>Nie spotka\u0142em bardziej spektakularnych burz ni\u017c te w Dolomitach. Tworz\u0105 si\u0119 b\u0142yskawicznie, hukiem i intensywno\u015bci\u0105 deszczu potrafi\u0105 zaskoczy\u0107 nawet twardzieli. Pami\u0119taj, \u017ce woda sp\u0142ywaj\u0105ca po skalnych \u015bcianach Dolomit\u00f3w sama w sobie jest zagro\u017ceniem. Ponadto cz\u0119sto prowadzi do osuni\u0119\u0107, obryw\u00f3w. Potoki i wodospady potrafi\u0105 nie\u015b\u0107 nie kamienie, ale g\u0142azy, kt\u00f3re mog\u0105 zniszczy\u0107 cho\u0107by drog\u0119 dojazdow\u0105. Osobnym zagro\u017ceniem s\u0105 pioruny, bo lina asekuracyjna via ferraty dzia\u0142a niczym wielki odgrom.<\/p>\n<p>Aplikacje burzowe (na przyk\u0142ad Blitzordung) mile widziane. Pami\u0119taj, \u017ce nie przejdzie bokiem. Je\u015bli lokalna prognoza wie\u015bci burz\u0119, to jest ona pewna, jak pewne w \u017cyciu cz\u0142owieka s\u0105 podatki i \u015bmier\u0107. W Po\u0142udniowym Tyrolu informacje turystyczne i tablice urz\u0119d\u00f3w gmin wywieszaj\u0105 genialne prognozy. Nie ma co liczy\u0107, \u017ce taka prognoza si\u0119 nie sprawdzi.<\/p>\n<h2><span class=\"ez-toc-section\" id=\"Sassongher_%E2%80%93_via_ferrata_dla_poczatkujacych\"><\/span>Sassongher \u2013 via ferrata dla pocz\u0105tkuj\u0105cych<span class=\"ez-toc-section-end\"><\/span><\/h2>\n<p>Sassongher to pi\u0119kny, bardzo wybitny szczyt, kt\u00f3ry g\u00f3ruje nad miejscowo\u015bci\u0105 Colfosco (Calfosch) i dolin\u0105 Alta Badia. Szczyt mierzy 2665 m n.m.p.m. Wej\u015bcie na szczyt to miks trekkingu i niezbyt trudnej ferraty. Zar\u00f3wno szczyt, jak i droga do niego s\u0105 bardzo widokowe. Warto wi\u0119c obra\u0107 g\u00f3r\u0119 za cel z tego powodu. Jest to te\u017c idealna <a href=\"https:\/\/skalnik.pl\/sprzet-wspinaczkowy\/inne\/inne-via-ferraty\" target=\"_blank\" rel=\"noopener noreferrer\">via ferrata<\/a> dla pocz\u0105tkuj\u0105cych lub na dzie\u0144, w kt\u00f3rym na trudniejszych ferratach jest wci\u0105\u017c mokro po deszczu.<\/p>\n<div id=\"attachment_7669\" style=\"width: 1034px\" class=\"wp-caption alignnone\"><img loading=\"lazy\" decoding=\"async\" aria-describedby=\"caption-attachment-7669\" class=\"wp-image-7669 size-large\" title=\"sassonger szczyt \" src=\"https:\/\/skalnik.pl\/blog\/wp-content\/uploads\/2019\/06\/Sassonger-0-min-1024x685.jpg\" alt=\"uta edalweiss sassongher\" width=\"1024\" height=\"685\" srcset=\"https:\/\/www.skalnik.pl\/blog\/wp-content\/uploads\/2019\/06\/Sassonger-0-min-1024x685.jpg 1024w, https:\/\/www.skalnik.pl\/blog\/wp-content\/uploads\/2019\/06\/Sassonger-0-min-300x201.jpg 300w, https:\/\/www.skalnik.pl\/blog\/wp-content\/uploads\/2019\/06\/Sassonger-0-min-768x514.jpg 768w\" sizes=\"auto, (max-width: 1024px) 100vw, 1024px\" \/><p id=\"caption-attachment-7669\" class=\"wp-caption-text\">Schronisko Edelweiss i Sassongher. Na szczycie pi\u0119kna panorama, w dolince dobra kawa i pyszne ciasto.<\/p><\/div>\n<p>Szczyt mo\u017cna zdoby\u0107 ciekaw\u0105 drog\u0105 z Colfosco. W miejscowo\u015bci nie ma problemu z pozostawieniem auta. Jest tu r\u00f3wnie\u017c dogodny camping \u2013 Camping Colfosco \u2013 kt\u00f3ry mo\u017cna poleci\u0107 do biwakowania.<\/p>\n<p>Z miejscowo\u015bci nale\u017cy kierowa\u0107 si\u0119 szlakiem nr 4 w stron\u0119 schroniska Edelweiss (1832 m n.p.m). Podej\u015bcie mo\u017cna skr\u00f3ci\u0107 sobie korzystaj\u0105c z kolejki Col. Pradat. Jest to opcja dla os\u00f3b, kt\u00f3re chc\u0105 zdoby\u0107 \u0142atwiej wysoko\u015b\u0107, ale nie pozwala ona zaoszcz\u0119dzi\u0107 du\u017co czasu. Po wyj\u015bciu z kolejki i tak zostaje do pokonania d\u0142ugi i p\u0142aski trawers do skrzy\u017cowania szlak\u00f3w, na kt\u00f3re mo\u017cna po prostu przej\u015b\u0107 z doliny mijaj\u0105c schronisko. Wycieczka od schroniska na szczyt i z powrotem t\u0105 sam\u0105 drog\u0105 to wyj\u015bcie na jakie\u015b 4 godziny.<\/p>\n<div class=\"page_gallery\">\n\n\t\t<style type=\"text\/css\">\n\t\t\t#gallery-1 {\n\t\t\t\tmargin: auto;\n\t\t\t}\n\t\t\t#gallery-1 .gallery-item {\n\t\t\t\tfloat: left;\n\t\t\t\tmargin-top: 10px;\n\t\t\t\ttext-align: center;\n\t\t\t\twidth: 33%;\n\t\t\t}\n\t\t\t#gallery-1 img {\n\t\t\t\tborder: 2px solid #cfcfcf;\n\t\t\t}\n\t\t\t#gallery-1 .gallery-caption {\n\t\t\t\tmargin-left: 0;\n\t\t\t}\n\t\t\t\/* see gallery_shortcode() in wp-includes\/media.php *\/\n\t\t<\/style>\n\t\t<div id='gallery-1' class='gallery galleryid-7640 gallery-columns-3 gallery-size-full'><dl class='gallery-item'>\n\t\t\t<dt class='gallery-icon landscape'>\n\t\t\t\t<img loading=\"lazy\" decoding=\"async\" width=\"968\" height=\"648\" src=\"https:\/\/www.skalnik.pl\/blog\/wp-content\/uploads\/2019\/06\/sassonger-4-min-1.jpg\" class=\"attachment-full size-full\" alt=\"\" aria-describedby=\"gallery-1-7671\" srcset=\"https:\/\/www.skalnik.pl\/blog\/wp-content\/uploads\/2019\/06\/sassonger-4-min-1.jpg 968w, https:\/\/www.skalnik.pl\/blog\/wp-content\/uploads\/2019\/06\/sassonger-4-min-1-300x201.jpg 300w, https:\/\/www.skalnik.pl\/blog\/wp-content\/uploads\/2019\/06\/sassonger-4-min-1-768x514.jpg 768w\" sizes=\"auto, (max-width: 968px) 100vw, 968px\" \/>\n\t\t\t<\/dt>\n\t\t\t\t<dd class='wp-caption-text gallery-caption' id='gallery-1-7671'>\n\t\t\t\tWidok na masyw Selli. Na zdj\u0119ciu wida\u0107 \u015bcian\u0119 z ferrat\u0105 Brigata Tridentina\n\t\t\t\t<\/dd><\/dl><dl class='gallery-item'>\n\t\t\t<dt class='gallery-icon landscape'>\n\t\t\t\t<img loading=\"lazy\" decoding=\"async\" width=\"968\" height=\"648\" src=\"https:\/\/www.skalnik.pl\/blog\/wp-content\/uploads\/2019\/06\/sassonger-5-min.jpg\" class=\"attachment-full size-full\" alt=\"\" aria-describedby=\"gallery-1-7672\" srcset=\"https:\/\/www.skalnik.pl\/blog\/wp-content\/uploads\/2019\/06\/sassonger-5-min.jpg 968w, https:\/\/www.skalnik.pl\/blog\/wp-content\/uploads\/2019\/06\/sassonger-5-min-300x201.jpg 300w, https:\/\/www.skalnik.pl\/blog\/wp-content\/uploads\/2019\/06\/sassonger-5-min-768x514.jpg 768w\" sizes=\"auto, (max-width: 968px) 100vw, 968px\" \/>\n\t\t\t<\/dt>\n\t\t\t\t<dd class='wp-caption-text gallery-caption' id='gallery-1-7672'>\n\t\t\t\tKapliczka \u015bw. Franciszka przy szlaku. \n\t\t\t\t<\/dd><\/dl><dl class='gallery-item'>\n\t\t\t<dt class='gallery-icon landscape'>\n\t\t\t\t<img loading=\"lazy\" decoding=\"async\" width=\"968\" height=\"648\" src=\"https:\/\/www.skalnik.pl\/blog\/wp-content\/uploads\/2019\/06\/sassonger-6-min.jpg\" class=\"attachment-full size-full\" alt=\"\" aria-describedby=\"gallery-1-7675\" srcset=\"https:\/\/www.skalnik.pl\/blog\/wp-content\/uploads\/2019\/06\/sassonger-6-min.jpg 968w, https:\/\/www.skalnik.pl\/blog\/wp-content\/uploads\/2019\/06\/sassonger-6-min-300x201.jpg 300w, https:\/\/www.skalnik.pl\/blog\/wp-content\/uploads\/2019\/06\/sassonger-6-min-768x514.jpg 768w\" sizes=\"auto, (max-width: 968px) 100vw, 968px\" \/>\n\t\t\t<\/dt>\n\t\t\t\t<dd class='wp-caption-text gallery-caption' id='gallery-1-7675'>\n\t\t\t\tPowy\u017cej kapliczki nale\u017cy skr\u0119ci\u0107 w prawo&#8230;\n\t\t\t\t<\/dd><\/dl><br style=\"clear: both\" \/><dl class='gallery-item'>\n\t\t\t<dt class='gallery-icon landscape'>\n\t\t\t\t<img loading=\"lazy\" decoding=\"async\" width=\"968\" height=\"648\" src=\"https:\/\/www.skalnik.pl\/blog\/wp-content\/uploads\/2019\/06\/sassonger-7-min.jpg\" class=\"attachment-full size-full\" alt=\"\" aria-describedby=\"gallery-1-7676\" srcset=\"https:\/\/www.skalnik.pl\/blog\/wp-content\/uploads\/2019\/06\/sassonger-7-min.jpg 968w, https:\/\/www.skalnik.pl\/blog\/wp-content\/uploads\/2019\/06\/sassonger-7-min-300x201.jpg 300w, https:\/\/www.skalnik.pl\/blog\/wp-content\/uploads\/2019\/06\/sassonger-7-min-768x514.jpg 768w\" sizes=\"auto, (max-width: 968px) 100vw, 968px\" \/>\n\t\t\t<\/dt>\n\t\t\t\t<dd class='wp-caption-text gallery-caption' id='gallery-1-7676'>\n\t\t\t\t&#8230; i pod\u0105\u017ca\u0107 dalej szlakiem nr 7.\n\t\t\t\t<\/dd><\/dl><dl class='gallery-item'>\n\t\t\t<dt class='gallery-icon landscape'>\n\t\t\t\t<img loading=\"lazy\" decoding=\"async\" width=\"968\" height=\"648\" src=\"https:\/\/www.skalnik.pl\/blog\/wp-content\/uploads\/2019\/06\/sassonger-8-min.jpg\" class=\"attachment-full size-full\" alt=\"\" aria-describedby=\"gallery-1-7678\" srcset=\"https:\/\/www.skalnik.pl\/blog\/wp-content\/uploads\/2019\/06\/sassonger-8-min.jpg 968w, https:\/\/www.skalnik.pl\/blog\/wp-content\/uploads\/2019\/06\/sassonger-8-min-300x201.jpg 300w, https:\/\/www.skalnik.pl\/blog\/wp-content\/uploads\/2019\/06\/sassonger-8-min-768x514.jpg 768w\" sizes=\"auto, (max-width: 968px) 100vw, 968px\" \/>\n\t\t\t<\/dt>\n\t\t\t\t<dd class='wp-caption-text gallery-caption' id='gallery-1-7678'>\n\t\t\t\tDroga na szczyt jest niezwykle widokowa i prowadzi w ciekawym terenie.\n\t\t\t\t<\/dd><\/dl><dl class='gallery-item'>\n\t\t\t<dt class='gallery-icon landscape'>\n\t\t\t\t<img loading=\"lazy\" decoding=\"async\" width=\"1428\" height=\"956\" src=\"https:\/\/www.skalnik.pl\/blog\/wp-content\/uploads\/2019\/06\/sassonger-9-min.jpg\" class=\"attachment-full size-full\" alt=\"\" aria-describedby=\"gallery-1-7679\" srcset=\"https:\/\/www.skalnik.pl\/blog\/wp-content\/uploads\/2019\/06\/sassonger-9-min.jpg 1428w, https:\/\/www.skalnik.pl\/blog\/wp-content\/uploads\/2019\/06\/sassonger-9-min-300x201.jpg 300w, https:\/\/www.skalnik.pl\/blog\/wp-content\/uploads\/2019\/06\/sassonger-9-min-768x514.jpg 768w, https:\/\/www.skalnik.pl\/blog\/wp-content\/uploads\/2019\/06\/sassonger-9-min-1024x686.jpg 1024w\" sizes=\"auto, (max-width: 1428px) 100vw, 1428px\" \/>\n\t\t\t<\/dt>\n\t\t\t\t<dd class='wp-caption-text gallery-caption' id='gallery-1-7679'>\n\t\t\t\tStart ferraty na Sassongher.\n\t\t\t\t<\/dd><\/dl><br style=\"clear: both\" \/><dl class='gallery-item'>\n\t\t\t<dt class='gallery-icon landscape'>\n\t\t\t\t<img loading=\"lazy\" decoding=\"async\" width=\"2585\" height=\"1939\" src=\"https:\/\/www.skalnik.pl\/blog\/wp-content\/uploads\/2019\/06\/sassonger-10-min.jpg\" class=\"attachment-full size-full\" alt=\"\" aria-describedby=\"gallery-1-7680\" srcset=\"https:\/\/www.skalnik.pl\/blog\/wp-content\/uploads\/2019\/06\/sassonger-10-min.jpg 2585w, https:\/\/www.skalnik.pl\/blog\/wp-content\/uploads\/2019\/06\/sassonger-10-min-300x225.jpg 300w, https:\/\/www.skalnik.pl\/blog\/wp-content\/uploads\/2019\/06\/sassonger-10-min-768x576.jpg 768w, https:\/\/www.skalnik.pl\/blog\/wp-content\/uploads\/2019\/06\/sassonger-10-min-1024x768.jpg 1024w\" sizes=\"auto, (max-width: 2585px) 100vw, 2585px\" \/>\n\t\t\t<\/dt>\n\t\t\t\t<dd class='wp-caption-text gallery-caption' id='gallery-1-7680'>\n\t\t\t\tUbezpieczon\u0105 drog\u0105 szybciej zdobywa si\u0119 wysoko\u015b\u0107. \n\t\t\t\t<\/dd><\/dl><dl class='gallery-item'>\n\t\t\t<dt class='gallery-icon landscape'>\n\t\t\t\t<img loading=\"lazy\" decoding=\"async\" width=\"968\" height=\"648\" src=\"https:\/\/www.skalnik.pl\/blog\/wp-content\/uploads\/2019\/06\/sassonger-11-min.jpg\" class=\"attachment-full size-full\" alt=\"\" aria-describedby=\"gallery-1-7681\" srcset=\"https:\/\/www.skalnik.pl\/blog\/wp-content\/uploads\/2019\/06\/sassonger-11-min.jpg 968w, https:\/\/www.skalnik.pl\/blog\/wp-content\/uploads\/2019\/06\/sassonger-11-min-300x201.jpg 300w, https:\/\/www.skalnik.pl\/blog\/wp-content\/uploads\/2019\/06\/sassonger-11-min-768x514.jpg 768w\" sizes=\"auto, (max-width: 968px) 100vw, 968px\" \/>\n\t\t\t<\/dt>\n\t\t\t\t<dd class='wp-caption-text gallery-caption' id='gallery-1-7681'>\n\t\t\t\tPotem trzeba pokona\u0107 rozleg\u0142\u0105 kopu\u0142\u0119 szczytow\u0105. \n\t\t\t\t<\/dd><\/dl><dl class='gallery-item'>\n\t\t\t<dt class='gallery-icon landscape'>\n\t\t\t\t<img loading=\"lazy\" decoding=\"async\" width=\"3639\" height=\"2245\" src=\"https:\/\/www.skalnik.pl\/blog\/wp-content\/uploads\/2019\/06\/sassonger-12-min-e1560935714400.jpg\" class=\"attachment-full size-full\" alt=\"\" aria-describedby=\"gallery-1-7687\" srcset=\"https:\/\/www.skalnik.pl\/blog\/wp-content\/uploads\/2019\/06\/sassonger-12-min-e1560935714400.jpg 3639w, https:\/\/www.skalnik.pl\/blog\/wp-content\/uploads\/2019\/06\/sassonger-12-min-e1560935714400-300x185.jpg 300w, https:\/\/www.skalnik.pl\/blog\/wp-content\/uploads\/2019\/06\/sassonger-12-min-e1560935714400-768x474.jpg 768w, https:\/\/www.skalnik.pl\/blog\/wp-content\/uploads\/2019\/06\/sassonger-12-min-e1560935714400-1024x632.jpg 1024w\" sizes=\"auto, (max-width: 3639px) 100vw, 3639px\" \/>\n\t\t\t<\/dt>\n\t\t\t\t<dd class='wp-caption-text gallery-caption' id='gallery-1-7687'>\n\t\t\t\tNa szczycie znajduje si\u0119 krzy\u017c i puszka szczytowa z ksi\u0105\u017ck\u0105, do kt\u00f3rej mo\u017cna si\u0119 wpisa\u0107. \n\t\t\t\t<\/dd><\/dl><br style=\"clear: both\" \/><dl class='gallery-item'>\n\t\t\t<dt class='gallery-icon portrait'>\n\t\t\t\t<img loading=\"lazy\" decoding=\"async\" width=\"551\" height=\"824\" src=\"https:\/\/www.skalnik.pl\/blog\/wp-content\/uploads\/2019\/06\/sassonger-2-min.jpg\" class=\"attachment-full size-full\" alt=\"\" aria-describedby=\"gallery-1-7685\" srcset=\"https:\/\/www.skalnik.pl\/blog\/wp-content\/uploads\/2019\/06\/sassonger-2-min.jpg 551w, https:\/\/www.skalnik.pl\/blog\/wp-content\/uploads\/2019\/06\/sassonger-2-min-201x300.jpg 201w\" sizes=\"auto, (max-width: 551px) 100vw, 551px\" \/>\n\t\t\t<\/dt>\n\t\t\t\t<dd class='wp-caption-text gallery-caption' id='gallery-1-7685'>\n\t\t\t\tSassongher widziany z Camping Colfosco.\n\t\t\t\t<\/dd><\/dl>\n\t\t\t<br style='clear: both' \/>\n\t\t<\/div>\n\n<\/div>\n<p>Wi\u0119kszo\u015b\u0107 drogi pokonuje si\u0119 maszeruj\u0105c ciekawym szlakiem. Pod\u0105\u017camy najpierw szlakiem nr 4, zmieniaj\u0105c go za kapliczk\u0105 \u015bw. Franciszka na szlak nr 7, odbijaj\u0105c w prawo. Dalej systemem p\u00f3\u0142ek pod\u0105\u017camy na prze\u0142\u0119cz na wysoko\u015bci 2435 m n.p.m. i dalej pod\u0105\u017camy na Sassongher za znakami, kt\u00f3re informuj\u0105, \u017ce na szczycie b\u0119dziemy za niespe\u0142na godzin\u0119. Troch\u0119 powy\u017cej prze\u0142\u0119czy znajduje si\u0119 fragment drogi na szczyt ubezpieczony via ferrat\u0105. To skalisty odcinek drogi, kt\u00f3ry w wyceniony zosta\u0142 na trudno\u015bci A\/B. Ferrata ko\u0144czy si\u0119 po pewnym czasie, a do szczytu zostaj\u0105 do pokonania rozleglejsza kopu\u0142a szczytowa, kt\u00f3ra niedaleko za krzy\u017cem na szczycie opada ostro zerw\u0105 do doliny. Droga powrotna do Colfosco prowadzi t\u0105 sam\u0105 tras\u0105. W schronisku warto nagrodzi\u0107 si\u0119 ciastkiem Apfelstrudel i kaw\u0105!<\/p>\n<p><b>Czas:<\/b> 4 h (2h+2h) tam\/powr\u00f3t ze schroniska Edelweiss (Uta Edelweiss)<br \/>\n<b>Trudno\u015b\u0107:<\/b> A\/B; \u0142atwo<\/p>\n<div id=\"attachment_7650\" style=\"width: 1034px\" class=\"wp-caption aligncenter\"><img loading=\"lazy\" decoding=\"async\" aria-describedby=\"caption-attachment-7650\" class=\"wp-image-7650 size-full\" title=\"mapa sasshonger \" src=\"https:\/\/skalnik.pl\/blog\/wp-content\/uploads\/2019\/06\/mapa-sasshonger.jpg\" alt=\"sasshonger mapa via ferrata\" width=\"1024\" height=\"640\" srcset=\"https:\/\/www.skalnik.pl\/blog\/wp-content\/uploads\/2019\/06\/mapa-sasshonger.jpg 1024w, https:\/\/www.skalnik.pl\/blog\/wp-content\/uploads\/2019\/06\/mapa-sasshonger-300x188.jpg 300w, https:\/\/www.skalnik.pl\/blog\/wp-content\/uploads\/2019\/06\/mapa-sasshonger-768x480.jpg 768w\" sizes=\"auto, (max-width: 1024px) 100vw, 1024px\" \/><p id=\"caption-attachment-7650\" class=\"wp-caption-text\">Otirntacyjny plan okolic Colfosco i szczytu Sassongher. Oznaczenia: C &#8211; Camping Colfosco; \u017c\u00f3\u0142ty znacznik &#8211; Schronisko Edelweiss; S- szczyt Sassongher.<\/p><\/div>\n<div id=\"attachment_7651\" style=\"width: 1034px\" class=\"wp-caption alignnone\"><img loading=\"lazy\" decoding=\"async\" aria-describedby=\"caption-attachment-7651\" class=\"wp-image-7651 size-large\" title=\"via ferrata sassongher mapa\" src=\"https:\/\/skalnik.pl\/blog\/wp-content\/uploads\/2019\/06\/mapa-sassongher_ferrata-1024x768.jpg\" alt=\"Sassongher mapka ferrata\" width=\"1024\" height=\"768\" srcset=\"https:\/\/www.skalnik.pl\/blog\/wp-content\/uploads\/2019\/06\/mapa-sassongher_ferrata.jpg 1024w, https:\/\/www.skalnik.pl\/blog\/wp-content\/uploads\/2019\/06\/mapa-sassongher_ferrata-300x225.jpg 300w, https:\/\/www.skalnik.pl\/blog\/wp-content\/uploads\/2019\/06\/mapa-sassongher_ferrata-768x576.jpg 768w\" sizes=\"auto, (max-width: 1024px) 100vw, 1024px\" \/><p id=\"caption-attachment-7651\" class=\"wp-caption-text\">Droga na szczyt Sassongher. Oznaczenia: \u017c\u00f3\u0142ty znacznik &#8211; Schronisko Edelweiss; K &#8211; kapliczka \u015bw. Franciszka; S &#8211; szczyt<\/p><\/div>\n<h2><span class=\"ez-toc-section\" id=\"Gran_Cir_z_Passo_Gardena_%E2%80%93_ferrata_droga_normalna\"><\/span>Gran Cir z Passo Gardena \u2013 ferrata drog\u0105 normaln\u0105<span class=\"ez-toc-section-end\"><\/span><\/h2>\n<p>Porzu\u0107 auto na jednym z parking\u00f3w na Passo Gardena lub zaparkuj w jednej z zatoczek przy drodze i kieruj si\u0119 na p\u00f3\u0142noc. Ta ferrata to wycieczka z histori\u0105 w tle. Najwy\u017cszy szczyt grupy Puez \u2013 Gran Cir (Grosse Cirspitze) \u2013 zosta\u0142 zdobyty po raz pierwszy w 1887 r. przez Johanna Santnera i Gottfrieda Merzbachera. Dzisiejsza ferrata na Gran Cir (2592 m n.p.m.) prowadzi tak zwan\u0105 drog\u0105 normaln\u0105, czyli w\u0142a\u015bnie drog\u0105 pierwszych zdobywc\u00f3w. Ferrat\u0119 mo\u017cna poleci\u0107 turystom zaprawionym na tatrza\u0144skich szlakach. Na drodze do szczytu s\u0105 dwa ubezpieczone odcinki o trudno\u015bci A. Szczyt jest popularnym celem, wi\u0119c do niezbyt du\u017cych trudno\u015bci technicznych nale\u017cy doda\u0107 spory ruch na drodze, kt\u00f3ry mo\u017ce spowolni\u0107 wycieczk\u0119. <a href=\"https:\/\/skalnik.pl\/sprzet-wspinaczkowy\/wspinaczka\/wspinaczka-kaski\" target=\"_blank\" rel=\"noopener noreferrer\">Kask wspinaczkowy<\/a> moim zdaniem niezb\u0119dny. Wi\u0119cej ludzi to wi\u0119cej lataj\u0105cych kamieni. Nie zwracaj uwagi, \u017ce niekt\u00f3rzy w\u0119druj\u0105 bez kasku, a tak\u017ce bez lon\u017cy. Nie jest to wz\u00f3r do na\u015bladowania. C\u00f3\u017c popularne szczyty mog\u0105 zadziwia\u0107 takimi obrazkami, cho\u0107 w Dolomitach na via ferratach to raczej rzadko\u015b\u0107.<\/p>\n<div id=\"attachment_7689\" style=\"width: 1034px\" class=\"wp-caption aligncenter\"><img loading=\"lazy\" decoding=\"async\" aria-describedby=\"caption-attachment-7689\" class=\"wp-image-7689 size-large\" title=\"Puez via ferraty\" src=\"https:\/\/skalnik.pl\/blog\/wp-content\/uploads\/2019\/06\/passo-gardena-e1560935144979-1024x548.jpg\" alt=\"masyw Puez\" width=\"1024\" height=\"548\" srcset=\"https:\/\/www.skalnik.pl\/blog\/wp-content\/uploads\/2019\/06\/passo-gardena-e1560935144979-1024x548.jpg 1024w, https:\/\/www.skalnik.pl\/blog\/wp-content\/uploads\/2019\/06\/passo-gardena-e1560935144979-300x160.jpg 300w, https:\/\/www.skalnik.pl\/blog\/wp-content\/uploads\/2019\/06\/passo-gardena-e1560935144979-768x411.jpg 768w\" sizes=\"auto, (max-width: 1024px) 100vw, 1024px\" \/><p id=\"caption-attachment-7689\" class=\"wp-caption-text\">Skalny grzebie\u0144 masywu Puez widziany z okolic ferraty Brigata Tridentina. Bardziej izolowany szczyt w centrum zdj\u0119cia to Gran Cir. Piccola Cir to turnia wyrastaj\u0105ca nad stacj\u0105 kolejki po lewej stronie.<\/p><\/div>\n<p>Po\u0142udniowa \u015bciana Gran Cir opada do sporego \u017clebu, kt\u00f3ry jest miejscem startu ferraty. W jej stron\u0119 prowadz\u0105 szlakowskazy. Podej\u015bcie na start z prze\u0142\u0119czy Passo Gardena trwa troch\u0119 poni\u017cej godziny. Podej\u015bcie mo\u017cliwe jest jednym z wielu szlak\u00f3w i dr\u00f3\u017cek. Od wschodu mo\u017cna przyj\u015b\u0107 ze schroniska Jummy H\u00fctte, od zachodu z kolejki Danterc\u00ebpies.<\/p>\n<p>Droga na ten wybitnie widokowy i popularny szczyt Dolomit\u00f3w wiedzie najpierw przez piar\u017cysty \u017cleb i skr\u0119ca w prawo (ok. 0:30 h). Tu zaczyna si\u0119 pierwszy z ubezpieczonych odcink\u00f3w, kt\u00f3ry prowadzi p\u00f3\u0142k\u0105 i ko\u0144czy si\u0119 na \u015bcie\u017cce prowadz\u0105cej zakosami. Przed nimi znajduje si\u0119 du\u017ca p\u00f3\u0142ka, a z niej zachwycaj\u0105ca panorama na masyw Selli.<\/p>\n<div id=\"attachment_7690\" style=\"width: 1034px\" class=\"wp-caption alignnone\"><img loading=\"lazy\" decoding=\"async\" aria-describedby=\"caption-attachment-7690\" class=\"wp-image-7690 size-large\" title=\"gran cir szczyt \" src=\"https:\/\/skalnik.pl\/blog\/wp-content\/uploads\/2019\/06\/gran-cir-4-min-1024x685.jpg\" alt=\"wieszczki gran cir\" width=\"1024\" height=\"685\" srcset=\"https:\/\/www.skalnik.pl\/blog\/wp-content\/uploads\/2019\/06\/gran-cir-4-min-1024x685.jpg 1024w, https:\/\/www.skalnik.pl\/blog\/wp-content\/uploads\/2019\/06\/gran-cir-4-min-300x201.jpg 300w, https:\/\/www.skalnik.pl\/blog\/wp-content\/uploads\/2019\/06\/gran-cir-4-min-768x514.jpg 768w\" sizes=\"auto, (max-width: 1024px) 100vw, 1024px\" \/><p id=\"caption-attachment-7690\" class=\"wp-caption-text\">Na szczycie Gran Cir. Wieszczki \u2013 stali bywalcy szczyt\u00f3w w Dolomitach.<\/p><\/div>\n<p>Powy\u017cej zakos\u00f3w czeka jeszcze jeden fragment ze sztucznymi u\u0142atwieniami, kt\u00f3ry pozwala przej\u015b\u0107 bezpiecznie skalne \u015bcianki. Ostatnie trudno\u015bci (I w skali UIAA) znajduj\u0105 si\u0119 na szczycie. Nie ma tu u\u0142atwie\u0144 i stalowej linki. Trzeba zachowa\u0107 po prostu odrobin\u0119 wi\u0119cej uwagi. Ze szczytu roztaczaj\u0105 si\u0119 pi\u0119kne widoki. Miejsce to opr\u00f3cz turyst\u00f3w odwiedzaj\u0105 wieszczki, kt\u00f3re potrafi\u0105 siada\u0107 na ska\u0142ach dos\u0142ownie o wyci\u0105gni\u0119cie r\u0119ki od cz\u0142owieka. To ptaki \u017cyj\u0105ce na wysoko\u015bciach powy\u017cej 1800 m n.p.m., tylko sporadycznie zagl\u0105daj\u0105ce w nasze Tatry.<\/p>\n<p><b>Czas:<\/b> 1:30 h (0:45+0:45 h) tam\/powr\u00f3t z pocz\u0105tku ferraty w wpiar\u017cystym \u017clebie<br \/>\n<b>Trudno\u015b\u0107:<\/b> A\/B; \u0142atwo<\/p>\n<div id=\"attachment_7654\" style=\"width: 1034px\" class=\"wp-caption alignnone\"><img loading=\"lazy\" decoding=\"async\" aria-describedby=\"caption-attachment-7654\" class=\"wp-image-7654 size-large\" title=\"Grosse Cirspitze i Kleine Cirspitze via ferrata\" src=\"https:\/\/skalnik.pl\/blog\/wp-content\/uploads\/2019\/06\/mapa-GrosseCirSpitze_KleineCirspizze-1024x725.jpg\" alt=\"Gran Cir i Piccola Cir ferraty\" width=\"1024\" height=\"725\" srcset=\"https:\/\/www.skalnik.pl\/blog\/wp-content\/uploads\/2019\/06\/mapa-GrosseCirSpitze_KleineCirspizze.jpg 1024w, https:\/\/www.skalnik.pl\/blog\/wp-content\/uploads\/2019\/06\/mapa-GrosseCirSpitze_KleineCirspizze-300x212.jpg 300w, https:\/\/www.skalnik.pl\/blog\/wp-content\/uploads\/2019\/06\/mapa-GrosseCirSpitze_KleineCirspizze-768x544.jpg 768w\" sizes=\"auto, (max-width: 1024px) 100vw, 1024px\" \/><p id=\"caption-attachment-7654\" class=\"wp-caption-text\">Gran Cir i Piccola Cir mo\u017cna zdoby\u0107 jednego dnia. Z Passo Gardena nale\u017cy podej\u015b\u0107 w kierunku p\u00f3\u0142nocnym jednym z kilku szlak\u00f3w. Oznaczenia: PG \u2013 Passo Gardena; \u017c\u00f3\u0142ty znacznik \u2013 g\u00f3rna stacja kolejki i restauracja Danterc\u00ebpies; fioletowy znacznik \u2013 Jimmy Hute; F2 \u2013 start ferraty na Gran Cir; S1 \u2013 szczyt Gran Cir; F3 \u2013 start ferraty na Piccola Cir; S2 \u2013 szczyt Piccola Cir. Przebieg ferrat jest tylko orientacyjny.<\/p><\/div>\n<h2><span class=\"ez-toc-section\" id=\"Piccola_Cir_ferrata_z_Dantercepies\"><\/span>Piccola Cir ferrat\u0105 z Danterc\u00ebpies<span class=\"ez-toc-section-end\"><\/span><\/h2>\n<p>Wej\u015bcie na Gran Cir warto po\u0142\u0105czy\u0107 ze zdobyciem (jeszcze tego samego dnia) drugiego szczytu masywu Puez nazywanego Piccola Cir, Cir V lub Kleine Cirspize o wysoko\u015bci 2520 m n.p.m. Dogodnym punktem wyj\u015bcia na ferrat\u0119 jest g\u00f3rna stacja kolejki Danterc\u00ebpies, kt\u00f3r\u0105 mo\u017cna osi\u0105gn\u0105\u0107 pieszo z Passo Gardena lub id\u0105c na wsch\u00f3d szlakiem poni\u017cej skalnego muru Puez, zaraz po zej\u015bciu z Gran Cir. Miejsce osi\u0105galne jest r\u00f3wnie\u017c kolej\u0105 gondolow\u0105 z miejscowo\u015bci Selva di Val Gardena.<\/p>\n<p>\u201eMa\u0142y Cir\u201d cho\u0107 jest mniejszy od du\u017cego o jakie\u015b siedemdziesi\u0105t metr\u00f3w, to jest szczytem znacznie trudniejszym do osi\u0105gni\u0119cia. Wej\u015bcie na szczyt \u2013 cho\u0107 niezbyt d\u0142ugie \u2013 jest typowym wej\u015bciem ferratowym, w kt\u00f3rym nie b\u0119dziesz narzeka\u0107 na brak wspinaczki. Je\u015bli kto\u015b z twoich partner\u00f3w nie ma ochoty na prawdziwe wspinanie po ska\u0142ach, mo\u017ce p\u00f3j\u015b\u0107 na do restauracji w stacji kolejki. Z tarasu b\u0119dzie mie\u0107 pi\u0119kny widok na imponuj\u0105cy masyw Sassolungo, w kt\u00f3rym znajduje si\u0119 ferratowy klasyk Dolomit\u00f3w \u2013 via ferrata Oscar Schuster Steig.<\/p>\n<div id=\"attachment_7697\" style=\"width: 1034px\" class=\"wp-caption alignnone\"><img loading=\"lazy\" decoding=\"async\" aria-describedby=\"caption-attachment-7697\" class=\"wp-image-7697 size-large\" title=\"Kleine Cirspitze szczyt\" src=\"https:\/\/skalnik.pl\/blog\/wp-content\/uploads\/2019\/06\/pico-cir-5-min-1024x685.jpg\" alt=\"Cir V szczyt\" width=\"1024\" height=\"685\" srcset=\"https:\/\/www.skalnik.pl\/blog\/wp-content\/uploads\/2019\/06\/pico-cir-5-min-1024x685.jpg 1024w, https:\/\/www.skalnik.pl\/blog\/wp-content\/uploads\/2019\/06\/pico-cir-5-min-300x201.jpg 300w, https:\/\/www.skalnik.pl\/blog\/wp-content\/uploads\/2019\/06\/pico-cir-5-min-768x514.jpg 768w\" sizes=\"auto, (max-width: 1024px) 100vw, 1024px\" \/><p id=\"caption-attachment-7697\" class=\"wp-caption-text\">Szczyt Piccola Cir (Kleine Cirspitze) i skrytka geocache.<\/p><\/div>\n<p>Zaraz na pocz\u0105tku ferraty pierwsz\u0105 atrakcj\u0105 jest drabinka. Nast\u0119pnie wychodzi si\u0119 na skalny grzebie\u0144, kt\u00f3ry doprowadza do terenu, gdzie zaczyna si\u0119 wspinaczka w pionie. Mo\u017cna poczu\u0107 troch\u0119 lufy, tym bardziej, \u017ce u zako\u0144czenia niekt\u00f3rych komin\u00f3w czy \u017cleb\u00f3w wida\u0107 w dole stacj\u0119 kolejki, kt\u00f3ra najcz\u0119\u015bciej jest startem. Po drodze nie brakuje r\u00f3wnie\u017c powietrznego trawersu. Trudno\u015bci tej ferraty wycenione s\u0105 na stopnie B\/C, wi\u0119c w kilku miejscach trzeba ju\u017c powalczy\u0107.<\/p>\n<p>Na szczycie Piccola Cir nie ma zbyt wiele miejsca. Zmieszcz\u0105 si\u0119 tu oko\u0142o trzy, cztery osoby, przynajmniej w miejscu, gdzie nie trzeba wypina\u0107 si\u0119 ze stalowej liny. Dla fan\u00f3w geocachingu jest dobra wiadomo\u015b\u0107. Znajduje si\u0119 tu jedna ze skrytek, ale doj\u015bcie do niej wymaga przewspinania kawa\u0142ka terenu bez asekuracji. Sam nie zbieram keszy, ale by\u0142em ciekawy co tak ucieszy\u0142o Szwajcara, kt\u00f3ry chwil\u0119 przede mn\u0105 grzeba\u0142 w pude\u0142eczku. Wyprawy po te skarby nie polecam osobom, kt\u00f3re nie maj\u0105 obycia z ekspozycj\u0105.<\/p>\n<p>Droga zej\u015bciowa jest na tej ferracie inna ni\u017c trasa w g\u00f3r\u0119. Nale\u017cy dalej pod\u0105\u017ca\u0107 za stalow\u0105 lin\u0105, kt\u00f3ra jednym ze \u017cleb\u00f3w sprowadzi nas spowrotem do podstawy \u015bciany. St\u0105d niedaleko ju\u017c do stacji kolejki na kaw\u0119 lub piwo.<\/p>\n<p><b>Czas:<\/b> ok. 2 h na trasie kolejka Danterc\u00ebpies &#8211; szczyt &#8211; kolejka Danterc\u00ebpies; ok. 3 h tras\u0105 Passo Gardena &#8211; szczyt &#8211; Passo Gardena<br \/>\n<b>Trudno\u015b\u0107:<\/b> B\/C; umiarkowanie \u0142atwo<\/p>\n<div class=\"page_gallery\">\n\n\t\t<style type=\"text\/css\">\n\t\t\t#gallery-2 {\n\t\t\t\tmargin: auto;\n\t\t\t}\n\t\t\t#gallery-2 .gallery-item {\n\t\t\t\tfloat: left;\n\t\t\t\tmargin-top: 10px;\n\t\t\t\ttext-align: center;\n\t\t\t\twidth: 33%;\n\t\t\t}\n\t\t\t#gallery-2 img {\n\t\t\t\tborder: 2px solid #cfcfcf;\n\t\t\t}\n\t\t\t#gallery-2 .gallery-caption {\n\t\t\t\tmargin-left: 0;\n\t\t\t}\n\t\t\t\/* see gallery_shortcode() in wp-includes\/media.php *\/\n\t\t<\/style>\n\t\t<div id='gallery-2' class='gallery galleryid-7640 gallery-columns-3 gallery-size-full'><dl class='gallery-item'>\n\t\t\t<dt class='gallery-icon portrait'>\n\t\t\t\t<img loading=\"lazy\" decoding=\"async\" width=\"2592\" height=\"3872\" src=\"https:\/\/www.skalnik.pl\/blog\/wp-content\/uploads\/2019\/06\/pico-cir-2-min-1.jpg\" class=\"attachment-full size-full\" alt=\"\" aria-describedby=\"gallery-2-7701\" srcset=\"https:\/\/www.skalnik.pl\/blog\/wp-content\/uploads\/2019\/06\/pico-cir-2-min-1.jpg 2592w, https:\/\/www.skalnik.pl\/blog\/wp-content\/uploads\/2019\/06\/pico-cir-2-min-1-201x300.jpg 201w, https:\/\/www.skalnik.pl\/blog\/wp-content\/uploads\/2019\/06\/pico-cir-2-min-1-768x1147.jpg 768w, https:\/\/www.skalnik.pl\/blog\/wp-content\/uploads\/2019\/06\/pico-cir-2-min-1-685x1024.jpg 685w\" sizes=\"auto, (max-width: 2592px) 100vw, 2592px\" \/>\n\t\t\t<\/dt>\n\t\t\t\t<dd class='wp-caption-text gallery-caption' id='gallery-2-7701'>\n\t\t\t\tKr\u00f3tka drabinka na starcie. \n\t\t\t\t<\/dd><\/dl><dl class='gallery-item'>\n\t\t\t<dt class='gallery-icon landscape'>\n\t\t\t\t<img loading=\"lazy\" decoding=\"async\" width=\"3872\" height=\"2592\" src=\"https:\/\/www.skalnik.pl\/blog\/wp-content\/uploads\/2019\/06\/pico-cir-3-min-1.jpg\" class=\"attachment-full size-full\" alt=\"\" aria-describedby=\"gallery-2-7702\" srcset=\"https:\/\/www.skalnik.pl\/blog\/wp-content\/uploads\/2019\/06\/pico-cir-3-min-1.jpg 3872w, https:\/\/www.skalnik.pl\/blog\/wp-content\/uploads\/2019\/06\/pico-cir-3-min-1-300x201.jpg 300w, https:\/\/www.skalnik.pl\/blog\/wp-content\/uploads\/2019\/06\/pico-cir-3-min-1-768x514.jpg 768w, https:\/\/www.skalnik.pl\/blog\/wp-content\/uploads\/2019\/06\/pico-cir-3-min-1-1024x685.jpg 1024w\" sizes=\"auto, (max-width: 3872px) 100vw, 3872px\" \/>\n\t\t\t<\/dt>\n\t\t\t\t<dd class='wp-caption-text gallery-caption' id='gallery-2-7702'>\n\t\t\t\tPo skalnym grzebieniu w stron\u0119 pionu i trawers\u00f3w. \n\t\t\t\t<\/dd><\/dl><dl class='gallery-item'>\n\t\t\t<dt class='gallery-icon landscape'>\n\t\t\t\t<img loading=\"lazy\" decoding=\"async\" width=\"3872\" height=\"2592\" src=\"https:\/\/www.skalnik.pl\/blog\/wp-content\/uploads\/2019\/06\/pico-cir-4-min-1.jpg\" class=\"attachment-full size-full\" alt=\"\" aria-describedby=\"gallery-2-7703\" srcset=\"https:\/\/www.skalnik.pl\/blog\/wp-content\/uploads\/2019\/06\/pico-cir-4-min-1.jpg 3872w, https:\/\/www.skalnik.pl\/blog\/wp-content\/uploads\/2019\/06\/pico-cir-4-min-1-300x201.jpg 300w, https:\/\/www.skalnik.pl\/blog\/wp-content\/uploads\/2019\/06\/pico-cir-4-min-1-768x514.jpg 768w, https:\/\/www.skalnik.pl\/blog\/wp-content\/uploads\/2019\/06\/pico-cir-4-min-1-1024x685.jpg 1024w\" sizes=\"auto, (max-width: 3872px) 100vw, 3872px\" \/>\n\t\t\t<\/dt>\n\t\t\t\t<dd class='wp-caption-text gallery-caption' id='gallery-2-7703'>\n\t\t\t\tTo ju\u017c nie zwyk\u0142y turystyczny szlak.\n\t\t\t\t<\/dd><\/dl><br style=\"clear: both\" \/>\n\t\t<\/div>\n\n<\/div>\n<h2><span class=\"ez-toc-section\" id=\"Via_ferrata_Brigata_Tridentina_Pisciadu\"><\/span>Via ferrata Brigata Tridentina (Pisciadu)<span class=\"ez-toc-section-end\"><\/span><\/h2>\n<p>Najd\u0142u\u017csza i najpi\u0119kniejsza, a co za tym idzie, r\u00f3wnie\u017c najtrudniejsza z opisywanych tu ferrat. Jeden z klasyk\u00f3w Dolomit\u00f3w, na kt\u00f3rych po prostu warto by\u0107, cho\u0107 tylko przy \u0142adnej pogodzie. Ferrata biegnie cz\u0119\u015bciowo nieopodal wodospadu, kt\u00f3ry wraz ze stalow\u0105 lin\u0105 ubezpieczaj\u0105c\u0105 drog\u0119 stanowi podczas burzy \u015bmiertelne zagro\u017cenie. Uwierz mi, \u017ce nie chcesz tam by\u0107, gdy nad g\u0142ow\u0105 zawisn\u0105 burzowe chmury. Sam mia\u0142em okazj\u0119 widzie\u0107 z drogi na Passo Gardena, jak w linii spadku wodospadu przebiega t\u0119dy piorun. Robi wra\u017cenie i daje do my\u015blenia.<\/p>\n<div id=\"attachment_7709\" style=\"width: 1034px\" class=\"wp-caption alignnone\"><img loading=\"lazy\" decoding=\"async\" aria-describedby=\"caption-attachment-7709\" class=\"wp-image-7709 size-large\" title=\"sassongher z ferraty piscadu\" src=\"https:\/\/skalnik.pl\/blog\/wp-content\/uploads\/2019\/06\/DSC_0715-min-1024x685.jpg\" alt=\"via ferrata Brigata tridentina\" width=\"1024\" height=\"685\" srcset=\"https:\/\/www.skalnik.pl\/blog\/wp-content\/uploads\/2019\/06\/DSC_0715-min-1024x685.jpg 1024w, https:\/\/www.skalnik.pl\/blog\/wp-content\/uploads\/2019\/06\/DSC_0715-min-300x201.jpg 300w, https:\/\/www.skalnik.pl\/blog\/wp-content\/uploads\/2019\/06\/DSC_0715-min-768x514.jpg 768w\" sizes=\"auto, (max-width: 1024px) 100vw, 1024px\" \/><p id=\"caption-attachment-7709\" class=\"wp-caption-text\">Widoki z ferraty Brigata Tridentina s\u0105 \u015bwietne! W oddali Sassongher i miejscowo\u015b\u0107 Colfosco w dolinie Alta Badia.<\/p><\/div>\n<p>Miejscem startu na ferrat\u0119 jest spory parking na jednym z zakr\u0119t\u00f3w drogi 243. Znajduje si\u0119 on mniej wi\u0119cej na wysoko\u015bci 1956 m n.p.m. i jest oznaczony znakami. St\u0105d mo\u017cna przej\u015b\u0107 ferrat\u0119 wykonuj\u0105c p\u0119tl\u0119 na trasie: parking &#8211; via ferrata Brigata Tridentina &#8211; schronisko Pisciadu (Pisciad\u00f9 H\u00fctte) &#8211; dolina Val Setus &#8211; parking. Ca\u0142o\u015b\u0107 mo\u017ce zaj\u0105\u0107 ok, 5:30 &#8211; 6 h. Nale\u017cy uwzgl\u0119dni\u0107, \u017ce czas przej\u015bcia mo\u017ce by\u0107 uzale\u017cniony od ruchu na ferracie.<\/p>\n<div class=\"page_gallery\">\n\n\t\t<style type=\"text\/css\">\n\t\t\t#gallery-3 {\n\t\t\t\tmargin: auto;\n\t\t\t}\n\t\t\t#gallery-3 .gallery-item {\n\t\t\t\tfloat: left;\n\t\t\t\tmargin-top: 10px;\n\t\t\t\ttext-align: center;\n\t\t\t\twidth: 33%;\n\t\t\t}\n\t\t\t#gallery-3 img {\n\t\t\t\tborder: 2px solid #cfcfcf;\n\t\t\t}\n\t\t\t#gallery-3 .gallery-caption {\n\t\t\t\tmargin-left: 0;\n\t\t\t}\n\t\t\t\/* see gallery_shortcode() in wp-includes\/media.php *\/\n\t\t<\/style>\n\t\t<div id='gallery-3' class='gallery galleryid-7640 gallery-columns-3 gallery-size-full'><dl class='gallery-item'>\n\t\t\t<dt class='gallery-icon landscape'>\n\t\t\t\t<img loading=\"lazy\" decoding=\"async\" width=\"3872\" height=\"2592\" src=\"https:\/\/www.skalnik.pl\/blog\/wp-content\/uploads\/2019\/06\/DSC_0691-min.jpg\" class=\"attachment-full size-full\" alt=\"piscadu tablica informacyjna\" aria-describedby=\"gallery-3-7710\" srcset=\"https:\/\/www.skalnik.pl\/blog\/wp-content\/uploads\/2019\/06\/DSC_0691-min.jpg 3872w, https:\/\/www.skalnik.pl\/blog\/wp-content\/uploads\/2019\/06\/DSC_0691-min-300x201.jpg 300w, https:\/\/www.skalnik.pl\/blog\/wp-content\/uploads\/2019\/06\/DSC_0691-min-768x514.jpg 768w, https:\/\/www.skalnik.pl\/blog\/wp-content\/uploads\/2019\/06\/DSC_0691-min-1024x685.jpg 1024w\" sizes=\"auto, (max-width: 3872px) 100vw, 3872px\" \/>\n\t\t\t<\/dt>\n\t\t\t\t<dd class='wp-caption-text gallery-caption' id='gallery-3-7710'>\n\t\t\t\tFerrata jest doskonale oznakowana w terenie. \n\t\t\t\t<\/dd><\/dl><dl class='gallery-item'>\n\t\t\t<dt class='gallery-icon landscape'>\n\t\t\t\t<img loading=\"lazy\" decoding=\"async\" width=\"3872\" height=\"2592\" src=\"https:\/\/www.skalnik.pl\/blog\/wp-content\/uploads\/2019\/06\/DSC_0703-min.jpg\" class=\"attachment-full size-full\" alt=\"piscadu via ferrata doj\u015bcie\" aria-describedby=\"gallery-3-7711\" srcset=\"https:\/\/www.skalnik.pl\/blog\/wp-content\/uploads\/2019\/06\/DSC_0703-min.jpg 3872w, https:\/\/www.skalnik.pl\/blog\/wp-content\/uploads\/2019\/06\/DSC_0703-min-300x201.jpg 300w, https:\/\/www.skalnik.pl\/blog\/wp-content\/uploads\/2019\/06\/DSC_0703-min-768x514.jpg 768w, https:\/\/www.skalnik.pl\/blog\/wp-content\/uploads\/2019\/06\/DSC_0703-min-1024x685.jpg 1024w\" sizes=\"auto, (max-width: 3872px) 100vw, 3872px\" \/>\n\t\t\t<\/dt>\n\t\t\t\t<dd class='wp-caption-text gallery-caption' id='gallery-3-7711'>\n\t\t\t\tWystarczy czyta\u0107 szlakowskazy, by wybra\u0107 w\u0142a\u015bciw\u0105 \u015bcie\u017ck\u0119. \n\t\t\t\t<\/dd><\/dl><dl class='gallery-item'>\n\t\t\t<dt class='gallery-icon landscape'>\n\t\t\t\t<img loading=\"lazy\" decoding=\"async\" width=\"3872\" height=\"2592\" src=\"https:\/\/www.skalnik.pl\/blog\/wp-content\/uploads\/2019\/06\/DSC_0713-min.jpg\" class=\"attachment-full size-full\" alt=\"piscadu wodospad\" aria-describedby=\"gallery-3-7712\" srcset=\"https:\/\/www.skalnik.pl\/blog\/wp-content\/uploads\/2019\/06\/DSC_0713-min.jpg 3872w, https:\/\/www.skalnik.pl\/blog\/wp-content\/uploads\/2019\/06\/DSC_0713-min-300x201.jpg 300w, https:\/\/www.skalnik.pl\/blog\/wp-content\/uploads\/2019\/06\/DSC_0713-min-768x514.jpg 768w, https:\/\/www.skalnik.pl\/blog\/wp-content\/uploads\/2019\/06\/DSC_0713-min-1024x685.jpg 1024w\" sizes=\"auto, (max-width: 3872px) 100vw, 3872px\" \/>\n\t\t\t<\/dt>\n\t\t\t\t<dd class='wp-caption-text gallery-caption' id='gallery-3-7712'>\n\t\t\t\tTablica na starcie w\u0142a\u015bciwej wspinaczki. W tle wodospad, kt\u00f3ry towarzyszy via ferracie.\n\t\t\t\t<\/dd><\/dl><br style=\"clear: both\" \/>\n\t\t<\/div>\n\n<\/div>\n<p>Brigata Tridentina to jedna z najs\u0142ynniejszych ferrat w Dolomitach. Z parkingu nale\u017cy kierowa\u0107 si\u0119 oznaczonym szlakiem (ok. 0:10 h) na start \u017celaznej perci. Dociera si\u0119 t\u0119dy do pierwszego fragmentu z ubezpieczeniami, kt\u00f3ry pozwala pokona\u0107 skalny pr\u00f3g w lesie. Po przej\u015bciu ubezpieczonego klamrami odcinka droga wiedzie przez dwa du\u017ce bloki, a potem do skrzy\u017cowania ze szlakiem 676, kt\u00f3ry nie zawsze zaznaczony jest na mapach. Ewidentna \u015bcie\u017cka prowadzi pod \u015bcian\u0105 Brunecker Turm, a\u017c do \u017celaznej tablicy na pocz\u0105tku w\u0142a\u015bciwej wspinaczki.<\/p>\n<div id=\"attachment_7713\" style=\"width: 1034px\" class=\"wp-caption aligncenter\"><img loading=\"lazy\" decoding=\"async\" aria-describedby=\"caption-attachment-7713\" class=\"wp-image-7713 size-large\" title=\"via ferrat abrigata tridentina dolomity\" src=\"https:\/\/skalnik.pl\/blog\/wp-content\/uploads\/2019\/06\/DSC_0696-min-1024x685.jpg\" alt=\"pisciadu via ferrata w dolomitach \" width=\"1024\" height=\"685\" srcset=\"https:\/\/www.skalnik.pl\/blog\/wp-content\/uploads\/2019\/06\/DSC_0696-min-1024x685.jpg 1024w, https:\/\/www.skalnik.pl\/blog\/wp-content\/uploads\/2019\/06\/DSC_0696-min-300x201.jpg 300w, https:\/\/www.skalnik.pl\/blog\/wp-content\/uploads\/2019\/06\/DSC_0696-min-768x514.jpg 768w\" sizes=\"auto, (max-width: 1024px) 100vw, 1024px\" \/><p id=\"caption-attachment-7713\" class=\"wp-caption-text\">Pocz\u0105tkowe partie ferraty Brigata Tridentina zwanej te\u017c ferrat\u0105 Pisciadu.<\/p><\/div>\n<p>Pocz\u0105tkowe partie ferraty Brigata Tridentina zwanej te\u017c ferrat\u0105 Pisciadu.W asy\u015bcie wodospadu pokonujemy nast\u0119pne metry do g\u00f3ry. Trasa jest dobrze ubezpieczona, wyposa\u017cona w u\u0142atwienia, ale ska\u0142a miejscami bywa dobrze wy\u015blizgana, co jest kolejnym dowodem na popularno\u015b\u0107 tej trasy. Pod\u0105\u017camy dalej zdobywajac wysoko\u015b\u0107 lub przemieszczaj\u0105c si\u0119 po eksponowanych trawersach. Kluczowe trudno\u015bci ferraty jednak ci\u0105gle czekaj\u0105 wy\u017cej.<\/p>\n<p>Zanim wejdzie si\u0119 w powietrzn\u0105 ferratow\u0105 wspinaczk\u0119 w kierunku topu turni Torre Exner, ferrat\u0119 mo\u017cna opu\u015bci\u0107 szlakiem prowadz\u0105cym do schroniska Pisciadu. To dobry pomys\u0142 je\u015bli w\u0142a\u015bnie za\u0142amuje si\u0119 pogoda, lub gdy kto\u015b z naszych partner\u00f3w czuje si\u0119 zm\u0119czony b\u0105d\u017a narzeka na ekspozycj\u0119. Wy\u017cej na ferracie jest jeszcze wi\u0119cej luftu pod stopami.<\/p>\n<div id=\"attachment_7714\" style=\"width: 978px\" class=\"wp-caption alignnone\"><img loading=\"lazy\" decoding=\"async\" aria-describedby=\"caption-attachment-7714\" class=\"wp-image-7714 size-full\" title=\"wodospad na ferracie brigata tridentina\" src=\"https:\/\/skalnik.pl\/blog\/wp-content\/uploads\/2019\/06\/DSC_0724-min.jpg\" alt=\"piscadu ferrata wodospad\" width=\"968\" height=\"648\" srcset=\"https:\/\/www.skalnik.pl\/blog\/wp-content\/uploads\/2019\/06\/DSC_0724-min.jpg 968w, https:\/\/www.skalnik.pl\/blog\/wp-content\/uploads\/2019\/06\/DSC_0724-min-300x201.jpg 300w, https:\/\/www.skalnik.pl\/blog\/wp-content\/uploads\/2019\/06\/DSC_0724-min-768x514.jpg 768w\" sizes=\"auto, (max-width: 968px) 100vw, 968px\" \/><p id=\"caption-attachment-7714\" class=\"wp-caption-text\">Wodospad w d\u00f3\u0142, ludzie w g\u00f3r\u0119. Ta ferrata to du\u017co fajnej wspinaczki i du\u017co pi\u0119knych widok\u00f3w.<\/p><\/div>\n<p>System komink\u00f3w, p\u00f3\u0142ek i kilku u\u0142atwie\u0144 (m.in. drabinki) prowadzi w kierunku szczytu Torre Exner. Ferrata nie prowadzi jednak na wierzcho\u0142ek turni, a jej trudno\u015b\u0107 ko\u0144czy si\u0119 na spektakularnym wisz\u0105cym mostku. Za mostkiem czeka ju\u017c tylko szlak w kierunku schroniska, w kt\u00f3rym mo\u017cna odpocz\u0105\u0107, wpisa\u0107 si\u0119 do ksi\u0105\u017cki szczytowej lub przeczeka\u0107 za\u0142amanie pogody.<\/p>\n<div class=\"page_gallery\">\n\n\t\t<style type=\"text\/css\">\n\t\t\t#gallery-4 {\n\t\t\t\tmargin: auto;\n\t\t\t}\n\t\t\t#gallery-4 .gallery-item {\n\t\t\t\tfloat: left;\n\t\t\t\tmargin-top: 10px;\n\t\t\t\ttext-align: center;\n\t\t\t\twidth: 33%;\n\t\t\t}\n\t\t\t#gallery-4 img {\n\t\t\t\tborder: 2px solid #cfcfcf;\n\t\t\t}\n\t\t\t#gallery-4 .gallery-caption {\n\t\t\t\tmargin-left: 0;\n\t\t\t}\n\t\t\t\/* see gallery_shortcode() in wp-includes\/media.php *\/\n\t\t<\/style>\n\t\t<div id='gallery-4' class='gallery galleryid-7640 gallery-columns-3 gallery-size-full'><dl class='gallery-item'>\n\t\t\t<dt class='gallery-icon landscape'>\n\t\t\t\t<img loading=\"lazy\" decoding=\"async\" width=\"647\" height=\"433\" src=\"https:\/\/www.skalnik.pl\/blog\/wp-content\/uploads\/2019\/06\/DSC_0733-min.jpg\" class=\"attachment-full size-full\" alt=\"wspinaczka wia ferrata\" aria-describedby=\"gallery-4-7718\" srcset=\"https:\/\/www.skalnik.pl\/blog\/wp-content\/uploads\/2019\/06\/DSC_0733-min.jpg 647w, https:\/\/www.skalnik.pl\/blog\/wp-content\/uploads\/2019\/06\/DSC_0733-min-300x201.jpg 300w\" sizes=\"auto, (max-width: 647px) 100vw, 647px\" \/>\n\t\t\t<\/dt>\n\t\t\t\t<dd class='wp-caption-text gallery-caption' id='gallery-4-7718'>\n\t\t\t\tBardzo widokowo, miejscami odrobin\u0119 troch\u0119 bardziej technicznie. \n\t\t\t\t<\/dd><\/dl><dl class='gallery-item'>\n\t\t\t<dt class='gallery-icon landscape'>\n\t\t\t\t<img loading=\"lazy\" decoding=\"async\" width=\"2237\" height=\"1498\" src=\"https:\/\/www.skalnik.pl\/blog\/wp-content\/uploads\/2019\/06\/DSC_0742-min.jpg\" class=\"attachment-full size-full\" alt=\"brigata tridentina mostek\" aria-describedby=\"gallery-4-7719\" srcset=\"https:\/\/www.skalnik.pl\/blog\/wp-content\/uploads\/2019\/06\/DSC_0742-min.jpg 2237w, https:\/\/www.skalnik.pl\/blog\/wp-content\/uploads\/2019\/06\/DSC_0742-min-300x201.jpg 300w, https:\/\/www.skalnik.pl\/blog\/wp-content\/uploads\/2019\/06\/DSC_0742-min-768x514.jpg 768w, https:\/\/www.skalnik.pl\/blog\/wp-content\/uploads\/2019\/06\/DSC_0742-min-1024x686.jpg 1024w\" sizes=\"auto, (max-width: 2237px) 100vw, 2237px\" \/>\n\t\t\t<\/dt>\n\t\t\t\t<dd class='wp-caption-text gallery-caption' id='gallery-4-7719'>\n\t\t\t\tKluczowe trudno\u015bci i najwi\u0119ksza atrakcja ferraty znajduj\u0105 si\u0119 z w g\u00f3rnych partiach.\n\t\t\t\t<\/dd><\/dl><dl class='gallery-item'>\n\t\t\t<dt class='gallery-icon landscape'>\n\t\t\t\t<img loading=\"lazy\" decoding=\"async\" width=\"3872\" height=\"2592\" src=\"https:\/\/www.skalnik.pl\/blog\/wp-content\/uploads\/2019\/06\/DSC_0745-min.jpg\" class=\"attachment-full size-full\" alt=\"schronisko i szlak pisciadu\" aria-describedby=\"gallery-4-7722\" srcset=\"https:\/\/www.skalnik.pl\/blog\/wp-content\/uploads\/2019\/06\/DSC_0745-min.jpg 3872w, https:\/\/www.skalnik.pl\/blog\/wp-content\/uploads\/2019\/06\/DSC_0745-min-300x201.jpg 300w, https:\/\/www.skalnik.pl\/blog\/wp-content\/uploads\/2019\/06\/DSC_0745-min-768x514.jpg 768w, https:\/\/www.skalnik.pl\/blog\/wp-content\/uploads\/2019\/06\/DSC_0745-min-1024x685.jpg 1024w\" sizes=\"auto, (max-width: 3872px) 100vw, 3872px\" \/>\n\t\t\t<\/dt>\n\t\t\t\t<dd class='wp-caption-text gallery-caption' id='gallery-4-7722'>\n\t\t\t\tEksponowany fragment i mostek nad przepa\u015bci\u0105 mo\u017cna omin\u0105\u0107 szlakiem, kt\u00f3ry na tym zdj\u0119ciu biegnie od lewego rogu u do\u0142u i prowadzi do schroniska\n\t\t\t\t<\/dd><\/dl><br style=\"clear: both\" \/><dl class='gallery-item'>\n\t\t\t<dt class='gallery-icon landscape'>\n\t\t\t\t<img loading=\"lazy\" decoding=\"async\" width=\"3872\" height=\"2592\" src=\"https:\/\/www.skalnik.pl\/blog\/wp-content\/uploads\/2019\/06\/DSC_0763-min.jpg\" class=\"attachment-full size-full\" alt=\"piscadu schronisko\" aria-describedby=\"gallery-4-7720\" srcset=\"https:\/\/www.skalnik.pl\/blog\/wp-content\/uploads\/2019\/06\/DSC_0763-min.jpg 3872w, https:\/\/www.skalnik.pl\/blog\/wp-content\/uploads\/2019\/06\/DSC_0763-min-300x201.jpg 300w, https:\/\/www.skalnik.pl\/blog\/wp-content\/uploads\/2019\/06\/DSC_0763-min-768x514.jpg 768w, https:\/\/www.skalnik.pl\/blog\/wp-content\/uploads\/2019\/06\/DSC_0763-min-1024x685.jpg 1024w\" sizes=\"auto, (max-width: 3872px) 100vw, 3872px\" \/>\n\t\t\t<\/dt>\n\t\t\t\t<dd class='wp-caption-text gallery-caption' id='gallery-4-7720'>\n\t\t\t\tSchronisko Pisciadu &#8211; tu ko\u0144czy si\u0119 wspinaczka. \n\t\t\t\t<\/dd><\/dl><dl class='gallery-item'>\n\t\t\t<dt class='gallery-icon landscape'>\n\t\t\t\t<img loading=\"lazy\" decoding=\"async\" width=\"3872\" height=\"2592\" src=\"https:\/\/www.skalnik.pl\/blog\/wp-content\/uploads\/2019\/06\/DSC_0773-min.jpg\" class=\"attachment-full size-full\" alt=\"val setus\" aria-describedby=\"gallery-4-7721\" srcset=\"https:\/\/www.skalnik.pl\/blog\/wp-content\/uploads\/2019\/06\/DSC_0773-min.jpg 3872w, https:\/\/www.skalnik.pl\/blog\/wp-content\/uploads\/2019\/06\/DSC_0773-min-300x201.jpg 300w, https:\/\/www.skalnik.pl\/blog\/wp-content\/uploads\/2019\/06\/DSC_0773-min-768x514.jpg 768w, https:\/\/www.skalnik.pl\/blog\/wp-content\/uploads\/2019\/06\/DSC_0773-min-1024x685.jpg 1024w\" sizes=\"auto, (max-width: 3872px) 100vw, 3872px\" \/>\n\t\t\t<\/dt>\n\t\t\t\t<dd class='wp-caption-text gallery-caption' id='gallery-4-7721'>\n\t\t\t\tZej\u015bcie prowadzi \u0142atw\u0105 ferrat\u0105 w dolinie Val Setus.  \n\t\t\t\t<\/dd><\/dl>\n\t\t\t<br style='clear: both' \/>\n\t\t<\/div>\n\n<\/div>\n<p>Zej\u015bcie z ferraty nale\u017cy kontynuowa\u0107 kawa\u0142eczek szlakiem Alta Via Dolomiti (2) w kierunku wschodnim, a nast\u0119pnie \u0142atw\u0105 ferrat\u0105 opadaj\u0105c\u0105 dolin\u0105 Val Setus. Ze schroniska do parkingu mo\u017cna doj\u015b\u0107 w 1:30-1:45 h. Drog\u0105 zej\u015bcia mo\u017cna r\u00f3wnie\u017c podej\u015b\u0107 do schroniska. To opcja na przyk\u0142ad dla kogo\u015b, kto chce tu dotrze\u0107, ale boi si\u0119, \u017ce ferrata Brigata Tridentina b\u0119dzie dla niego zbyt trudna.<\/p>\n<p><b>Czas:<\/b> ok.5:30-6 h na trasie parking &#8211; via ferrata Brigata Tridentina &#8211; schronisko Pisciadu (Pisciad\u00f9 H\u00fctte) &#8211; dolina Val Setus &#8211; parking<br \/>\n<b>Trudno\u015b\u0107:<\/b> C; umiarkowanie<\/p>\n<div id=\"attachment_7655\" style=\"width: 1034px\" class=\"wp-caption alignnone\"><img loading=\"lazy\" decoding=\"async\" aria-describedby=\"caption-attachment-7655\" class=\"wp-image-7655 size-large\" title=\"via ferrata birigata tridentina mapa\" src=\"https:\/\/skalnik.pl\/blog\/wp-content\/uploads\/2019\/06\/mapa-piscadu-1024x725.jpg\" alt=\"via ferrata pisciadu mapa\" width=\"1024\" height=\"725\" srcset=\"https:\/\/www.skalnik.pl\/blog\/wp-content\/uploads\/2019\/06\/mapa-piscadu.jpg 1024w, https:\/\/www.skalnik.pl\/blog\/wp-content\/uploads\/2019\/06\/mapa-piscadu-300x212.jpg 300w, https:\/\/www.skalnik.pl\/blog\/wp-content\/uploads\/2019\/06\/mapa-piscadu-768x544.jpg 768w\" sizes=\"auto, (max-width: 1024px) 100vw, 1024px\" \/><p id=\"caption-attachment-7655\" class=\"wp-caption-text\">Mapa ferraty Brigata Tridentina (Pisciadu). Oznaczenia: P -parking; X &#8211; miejsce, w kt\u00f3rym mo\u017cna zej\u015b\u0107 z ferraty i omin\u0105c kluczowe trucno\u015bci; \u017c\u00f3\u0142ty znacznik &#8211; schronisko Pisciadu. Zej\u015bcie z ferraty prowadzi \u0142atw\u0105 ferrat\u0105 w dolinie Val Setus.<\/p><\/div>\n<p>Cztery ferraty w rejonie Val Gardena to wyb\u00f3r, kt\u00f3ry b\u0119dzie dobry jako via ferraty dla pocz\u0105tkuj\u0105cych. Trzy pierwsze z ferrat mo\u017cna poleci\u0107 na pierwszy wyjazd w Dolomity cho\u0107by z tego powodu, \u017ce to ferraty niezbyt d\u0142ugie lub \u0142\u0105cz\u0105ce turystyczn\u0105 w\u0119dr\u00f3wk\u0119 z elementami wspinaczki. Je\u015bli wci\u0105ga ci\u0119 ferratowy \u015bwiat, to przed tob\u0105 wiele do odkrycia. Je\u015bli jednak jedziesz w Dolomity pierwszy raz, zacznij od czego\u015b prostszego, czego\u015b, co pozwala pozna\u0107 specyfik\u0119 tych g\u00f3r i w\u0119drowa\u0107 po nich z g\u0142ow\u0105. Taki w\u0142a\u015bnie jest ten wyb\u00f3r. Na \u015bmia\u0142k\u00f3w poszukuj\u0105cych trudniejszych wyzwa\u0144, tu\u017c obok, czekaj\u0105 bardziej techniczne drogi lub ferraty o znacznie wi\u0119kszej d\u0142ugo\u015bci. Na przyk\u0142ad takie, kt\u00f3re wyprowadzaj\u0105 na okoliczne trzytysi\u0119czniki.<\/p>\n<p style=\"text-align: center;\">***<\/p>\n<p><i>Je\u015bli wybierasz si\u0119 w Dolomity nie zapomnij o sprz\u0119cie na via ferraty.&nbsp; Do pokonania wi\u0119kszo\u015bci ferrat wystarczy podstawowy sprz\u0119t: lon\u017ca via ferrata, kask, <a href=\"https:\/\/skalnik.pl\/sprzet-wspinaczkowy\/wspinaczka\/wspinaczka-uprzeze\" target=\"_blank\" rel=\"noopener noreferrer\">uprz\u0105\u017c wspinaczkowa<\/a>&nbsp;lub ferratowa. Przyk\u0142adowy sprz\u0119t obejrzysz w naszym filmowym poradniku. Trudne via ferraty w Dolomitach mog\u0105 wymaga\u0107 wzi\u0119cia czego\u015b wi\u0119cej. O tym co zabra\u0107 na trudne ferraty, przeczytasz w <a href=\"https:\/\/skalnik.pl\/blog\/wiecej-niz-podstawowe-trio-czyli-co-jeszcze-zabrac-na-via-ferraty-2\/\" target=\"_blank\" rel=\"noopener noreferrer\">tym artykule<\/a>. <\/i><\/p>\n<p><iframe loading=\"lazy\" src=\"https:\/\/www.youtube.com\/embed\/oR1u7SxGX1Q\" allowfullscreen=\"allowfullscreen\" width=\"560\" height=\"315\" frameborder=\"0\"><\/iframe><\/p>\n","protected":false},"excerpt":{"rendered":"<p>Marzysz o ferratach w Dolomitach? Przygotowali\u015bmy propozycj\u0119 ferrat, kt\u00f3re mog\u0105 by\u0107 celem nawet dla pocz\u0105tkuj\u0105cych. W atykule znajdziesz opisy i mapy ferraty Brigata Tridentina, ferraty na szczyty masywu Puez i ferrat\u0119 na Sassongher.  <\/p>\n","protected":false},"author":8,"featured_media":7658,"comment_status":"open","ping_status":"open","sticky":false,"template":"","format":"standard","meta":{"_acf_changed":false,"footnotes":""},"categories":[84],"tags":[96,288,94,107,112],"magento_category":[80],"magento_product":[],"class_list":["post-7640","post","type-post","status-publish","format-standard","has-post-thumbnail","hentry","category-pasja","tag-alpy","tag-dolomity","tag-inspiracje","tag-lato","tag-via-ferrata"],"acf":[],"aioseo_notices":[],"aioseo_head":"\n\t\t<!-- All in One SEO 4.9.10 - aioseo.com -->\n\t<meta name=\"description\" content=\"Sprawd\u017a propozycje via ferrat w Dolomitach dla pocz\u0105tkuj\u0105cych. Piszemy o ferratach w rejonie Passo Gardena. Via ferrata Brigata Tridentina (Pisciadu) i szczyty Gran Cir, Picola Cir i Sassongher.\" \/>\n\t<meta name=\"robots\" content=\"max-image-preview:large\" \/>\n\t<meta name=\"author\" content=\"S\u0142awek Nosal\"\/>\n\t<link rel=\"canonical\" href=\"https:\/\/www.skalnik.pl\/blog\/via-ferraty-dolomity-okolice-passo-gardena\/\" \/>\n\t<meta name=\"generator\" content=\"All in One SEO (AIOSEO) 4.9.10\" \/>\n\t\t<meta property=\"og:locale\" content=\"pl_PL\" \/>\n\t\t<meta property=\"og:site_name\" content=\"blog Skalnik - Blog, porady, artyku\u0142y - blog Skalnik\" \/>\n\t\t<meta property=\"og:type\" content=\"article\" \/>\n\t\t<meta property=\"og:title\" content=\"Via ferraty Dolomity \u2013 okolice Passo Gardena - blog Skalnik\" \/>\n\t\t<meta property=\"og:description\" content=\"Sprawd\u017a propozycje via ferrat w Dolomitach dla pocz\u0105tkuj\u0105cych. Piszemy o ferratach w rejonie Passo Gardena. Via ferrata Brigata Tridentina (Pisciadu) i szczyty Gran Cir, Picola Cir i Sassongher.\" \/>\n\t\t<meta property=\"og:url\" content=\"https:\/\/www.skalnik.pl\/blog\/via-ferraty-dolomity-okolice-passo-gardena\/\" \/>\n\t\t<meta property=\"og:image\" content=\"https:\/\/skalnik.pl\/blog\/wp-content\/uploads\/2019\/06\/mapa-OG\u00d3LNA.jpg\" \/>\n\t\t<meta property=\"og:image:secure_url\" content=\"https:\/\/skalnik.pl\/blog\/wp-content\/uploads\/2019\/06\/mapa-OG\u00d3LNA.jpg\" \/>\n\t\t<meta property=\"article:tag\" content=\"pasja\" \/>\n\t\t<meta property=\"article:tag\" content=\"alpy\" \/>\n\t\t<meta property=\"article:tag\" content=\"dolomity\" \/>\n\t\t<meta property=\"article:tag\" content=\"inspiracje\" \/>\n\t\t<meta property=\"article:tag\" content=\"lato\" \/>\n\t\t<meta property=\"article:tag\" content=\"via ferrata\" \/>\n\t\t<meta property=\"article:published_time\" content=\"2019-06-29T08:00:39+00:00\" \/>\n\t\t<meta property=\"article:modified_time\" content=\"2022-08-08T08:18:57+00:00\" \/>\n\t\t<meta name=\"twitter:card\" content=\"summary_large_image\" \/>\n\t\t<meta name=\"twitter:title\" content=\"Via ferraty Dolomity \u2013 okolice Passo Gardena - blog Skalnik\" \/>\n\t\t<meta name=\"twitter:description\" content=\"Sprawd\u017a propozycje via ferrat w Dolomitach dla pocz\u0105tkuj\u0105cych. Piszemy o ferratach w rejonie Passo Gardena. Via ferrata Brigata Tridentina (Pisciadu) i szczyty Gran Cir, Picola Cir i Sassongher.\" \/>\n\t\t<meta name=\"twitter:image\" content=\"https:\/\/skalnik.pl\/blog\/wp-content\/uploads\/2019\/06\/mapa-OG\u00d3LNA.jpg\" \/>\n\t\t<script type=\"application\/ld+json\" class=\"aioseo-schema\">\n\t\t\t{\"@context\":\"https:\\\/\\\/schema.org\",\"@graph\":[{\"@type\":\"BlogPosting\",\"@id\":\"https:\\\/\\\/www.skalnik.pl\\\/blog\\\/via-ferraty-dolomity-okolice-passo-gardena\\\/#blogposting\",\"name\":\"Via ferraty Dolomity \\u2013 okolice Passo Gardena - blog Skalnik\",\"headline\":\"Via ferraty Dolomity \\u2013 okolice Passo Gardena\",\"author\":{\"@id\":\"https:\\\/\\\/www.skalnik.pl\\\/blog\\\/author\\\/slawek-nosal\\\/#author\"},\"publisher\":{\"@id\":\"https:\\\/\\\/www.skalnik.pl\\\/blog\\\/#organization\"},\"image\":{\"@type\":\"ImageObject\",\"url\":\"https:\\\/\\\/www.skalnik.pl\\\/blog\\\/wp-content\\\/uploads\\\/2019\\\/06\\\/DSC_0777.jpg\",\"width\":1920,\"height\":705},\"datePublished\":\"2019-06-29T10:00:39+02:00\",\"dateModified\":\"2022-08-08T10:18:57+02:00\",\"inLanguage\":\"pl-PL\",\"mainEntityOfPage\":{\"@id\":\"https:\\\/\\\/www.skalnik.pl\\\/blog\\\/via-ferraty-dolomity-okolice-passo-gardena\\\/#webpage\"},\"isPartOf\":{\"@id\":\"https:\\\/\\\/www.skalnik.pl\\\/blog\\\/via-ferraty-dolomity-okolice-passo-gardena\\\/#webpage\"},\"articleSection\":\"Pasja, alpy, dolomity, inspiracje, lato, via ferrata, 1191\"},{\"@type\":\"BreadcrumbList\",\"@id\":\"https:\\\/\\\/www.skalnik.pl\\\/blog\\\/via-ferraty-dolomity-okolice-passo-gardena\\\/#breadcrumblist\",\"itemListElement\":[{\"@type\":\"ListItem\",\"@id\":\"https:\\\/\\\/www.skalnik.pl\\\/blog#listItem\",\"position\":1,\"name\":\"Home\",\"item\":\"https:\\\/\\\/www.skalnik.pl\\\/blog\",\"nextItem\":{\"@type\":\"ListItem\",\"@id\":\"https:\\\/\\\/www.skalnik.pl\\\/blog\\\/.\\\/pasja\\\/#listItem\",\"name\":\"Pasja\"}},{\"@type\":\"ListItem\",\"@id\":\"https:\\\/\\\/www.skalnik.pl\\\/blog\\\/.\\\/pasja\\\/#listItem\",\"position\":2,\"name\":\"Pasja\",\"item\":\"https:\\\/\\\/www.skalnik.pl\\\/blog\\\/.\\\/pasja\\\/\",\"nextItem\":{\"@type\":\"ListItem\",\"@id\":\"https:\\\/\\\/www.skalnik.pl\\\/blog\\\/via-ferraty-dolomity-okolice-passo-gardena\\\/#listItem\",\"name\":\"Via ferraty Dolomity \\u2013 okolice Passo Gardena\"},\"previousItem\":{\"@type\":\"ListItem\",\"@id\":\"https:\\\/\\\/www.skalnik.pl\\\/blog#listItem\",\"name\":\"Home\"}},{\"@type\":\"ListItem\",\"@id\":\"https:\\\/\\\/www.skalnik.pl\\\/blog\\\/via-ferraty-dolomity-okolice-passo-gardena\\\/#listItem\",\"position\":3,\"name\":\"Via ferraty Dolomity \\u2013 okolice Passo Gardena\",\"previousItem\":{\"@type\":\"ListItem\",\"@id\":\"https:\\\/\\\/www.skalnik.pl\\\/blog\\\/.\\\/pasja\\\/#listItem\",\"name\":\"Pasja\"}}]},{\"@type\":\"Organization\",\"@id\":\"https:\\\/\\\/www.skalnik.pl\\\/blog\\\/#organization\",\"name\":\"blog Skalnik\",\"description\":\"Blog, porady, artyku\\u0142y - blog Skalnik\",\"url\":\"https:\\\/\\\/www.skalnik.pl\\\/blog\\\/\"},{\"@type\":\"Person\",\"@id\":\"https:\\\/\\\/www.skalnik.pl\\\/blog\\\/author\\\/slawek-nosal\\\/#author\",\"url\":\"https:\\\/\\\/www.skalnik.pl\\\/blog\\\/author\\\/slawek-nosal\\\/\",\"name\":\"S\\u0142awek Nosal\",\"image\":{\"@type\":\"ImageObject\",\"@id\":\"https:\\\/\\\/www.skalnik.pl\\\/blog\\\/via-ferraty-dolomity-okolice-passo-gardena\\\/#authorImage\",\"url\":\"https:\\\/\\\/secure.gravatar.com\\\/avatar\\\/376f39150afcfc713e809ef8313d42dee4210bb1425eaad8153efa8965009197?s=96&d=mm&r=g\",\"width\":96,\"height\":96,\"caption\":\"S\\u0142awek Nosal\"}},{\"@type\":\"WebPage\",\"@id\":\"https:\\\/\\\/www.skalnik.pl\\\/blog\\\/via-ferraty-dolomity-okolice-passo-gardena\\\/#webpage\",\"url\":\"https:\\\/\\\/www.skalnik.pl\\\/blog\\\/via-ferraty-dolomity-okolice-passo-gardena\\\/\",\"name\":\"Via ferraty Dolomity \\u2013 okolice Passo Gardena - blog Skalnik\",\"description\":\"Sprawd\\u017a propozycje via ferrat w Dolomitach dla pocz\\u0105tkuj\\u0105cych. Piszemy o ferratach w rejonie Passo Gardena. Via ferrata Brigata Tridentina (Pisciadu) i szczyty Gran Cir, Picola Cir i Sassongher.\",\"inLanguage\":\"pl-PL\",\"isPartOf\":{\"@id\":\"https:\\\/\\\/www.skalnik.pl\\\/blog\\\/#website\"},\"breadcrumb\":{\"@id\":\"https:\\\/\\\/www.skalnik.pl\\\/blog\\\/via-ferraty-dolomity-okolice-passo-gardena\\\/#breadcrumblist\"},\"author\":{\"@id\":\"https:\\\/\\\/www.skalnik.pl\\\/blog\\\/author\\\/slawek-nosal\\\/#author\"},\"creator\":{\"@id\":\"https:\\\/\\\/www.skalnik.pl\\\/blog\\\/author\\\/slawek-nosal\\\/#author\"},\"image\":{\"@type\":\"ImageObject\",\"url\":\"https:\\\/\\\/www.skalnik.pl\\\/blog\\\/wp-content\\\/uploads\\\/2019\\\/06\\\/DSC_0777.jpg\",\"@id\":\"https:\\\/\\\/www.skalnik.pl\\\/blog\\\/via-ferraty-dolomity-okolice-passo-gardena\\\/#mainImage\",\"width\":1920,\"height\":705},\"primaryImageOfPage\":{\"@id\":\"https:\\\/\\\/www.skalnik.pl\\\/blog\\\/via-ferraty-dolomity-okolice-passo-gardena\\\/#mainImage\"},\"datePublished\":\"2019-06-29T10:00:39+02:00\",\"dateModified\":\"2022-08-08T10:18:57+02:00\"},{\"@type\":\"WebSite\",\"@id\":\"https:\\\/\\\/www.skalnik.pl\\\/blog\\\/#website\",\"url\":\"https:\\\/\\\/www.skalnik.pl\\\/blog\\\/\",\"name\":\"blog Skalnik\",\"description\":\"Blog, porady, artyku\\u0142y - blog Skalnik\",\"inLanguage\":\"pl-PL\",\"publisher\":{\"@id\":\"https:\\\/\\\/www.skalnik.pl\\\/blog\\\/#organization\"}}]}\n\t\t<\/script>\n\t\t<!-- All in One SEO -->\n\n","aioseo_head_json":{"title":"Via ferraty Dolomity \u2013 okolice Passo Gardena - blog Skalnik","description":"Sprawd\u017a propozycje via ferrat w Dolomitach dla pocz\u0105tkuj\u0105cych. Piszemy o ferratach w rejonie Passo Gardena. Via ferrata Brigata Tridentina (Pisciadu) i szczyty Gran Cir, Picola Cir i Sassongher.","canonical_url":"https:\/\/www.skalnik.pl\/blog\/via-ferraty-dolomity-okolice-passo-gardena\/","robots":"max-image-preview:large","keywords":"","webmasterTools":{"miscellaneous":""},"schema":{"@context":"https:\/\/schema.org","@graph":[{"@type":"BlogPosting","@id":"https:\/\/www.skalnik.pl\/blog\/via-ferraty-dolomity-okolice-passo-gardena\/#blogposting","name":"Via ferraty Dolomity \u2013 okolice Passo Gardena - blog Skalnik","headline":"Via ferraty Dolomity \u2013 okolice Passo Gardena","author":{"@id":"https:\/\/www.skalnik.pl\/blog\/author\/slawek-nosal\/#author"},"publisher":{"@id":"https:\/\/www.skalnik.pl\/blog\/#organization"},"image":{"@type":"ImageObject","url":"https:\/\/www.skalnik.pl\/blog\/wp-content\/uploads\/2019\/06\/DSC_0777.jpg","width":1920,"height":705},"datePublished":"2019-06-29T10:00:39+02:00","dateModified":"2022-08-08T10:18:57+02:00","inLanguage":"pl-PL","mainEntityOfPage":{"@id":"https:\/\/www.skalnik.pl\/blog\/via-ferraty-dolomity-okolice-passo-gardena\/#webpage"},"isPartOf":{"@id":"https:\/\/www.skalnik.pl\/blog\/via-ferraty-dolomity-okolice-passo-gardena\/#webpage"},"articleSection":"Pasja, alpy, dolomity, inspiracje, lato, via ferrata, 1191"},{"@type":"BreadcrumbList","@id":"https:\/\/www.skalnik.pl\/blog\/via-ferraty-dolomity-okolice-passo-gardena\/#breadcrumblist","itemListElement":[{"@type":"ListItem","@id":"https:\/\/www.skalnik.pl\/blog#listItem","position":1,"name":"Home","item":"https:\/\/www.skalnik.pl\/blog","nextItem":{"@type":"ListItem","@id":"https:\/\/www.skalnik.pl\/blog\/.\/pasja\/#listItem","name":"Pasja"}},{"@type":"ListItem","@id":"https:\/\/www.skalnik.pl\/blog\/.\/pasja\/#listItem","position":2,"name":"Pasja","item":"https:\/\/www.skalnik.pl\/blog\/.\/pasja\/","nextItem":{"@type":"ListItem","@id":"https:\/\/www.skalnik.pl\/blog\/via-ferraty-dolomity-okolice-passo-gardena\/#listItem","name":"Via ferraty Dolomity \u2013 okolice Passo Gardena"},"previousItem":{"@type":"ListItem","@id":"https:\/\/www.skalnik.pl\/blog#listItem","name":"Home"}},{"@type":"ListItem","@id":"https:\/\/www.skalnik.pl\/blog\/via-ferraty-dolomity-okolice-passo-gardena\/#listItem","position":3,"name":"Via ferraty Dolomity \u2013 okolice Passo Gardena","previousItem":{"@type":"ListItem","@id":"https:\/\/www.skalnik.pl\/blog\/.\/pasja\/#listItem","name":"Pasja"}}]},{"@type":"Organization","@id":"https:\/\/www.skalnik.pl\/blog\/#organization","name":"blog Skalnik","description":"Blog, porady, artyku\u0142y - blog Skalnik","url":"https:\/\/www.skalnik.pl\/blog\/"},{"@type":"Person","@id":"https:\/\/www.skalnik.pl\/blog\/author\/slawek-nosal\/#author","url":"https:\/\/www.skalnik.pl\/blog\/author\/slawek-nosal\/","name":"S\u0142awek Nosal","image":{"@type":"ImageObject","@id":"https:\/\/www.skalnik.pl\/blog\/via-ferraty-dolomity-okolice-passo-gardena\/#authorImage","url":"https:\/\/secure.gravatar.com\/avatar\/376f39150afcfc713e809ef8313d42dee4210bb1425eaad8153efa8965009197?s=96&d=mm&r=g","width":96,"height":96,"caption":"S\u0142awek Nosal"}},{"@type":"WebPage","@id":"https:\/\/www.skalnik.pl\/blog\/via-ferraty-dolomity-okolice-passo-gardena\/#webpage","url":"https:\/\/www.skalnik.pl\/blog\/via-ferraty-dolomity-okolice-passo-gardena\/","name":"Via ferraty Dolomity \u2013 okolice Passo Gardena - blog Skalnik","description":"Sprawd\u017a propozycje via ferrat w Dolomitach dla pocz\u0105tkuj\u0105cych. Piszemy o ferratach w rejonie Passo Gardena. Via ferrata Brigata Tridentina (Pisciadu) i szczyty Gran Cir, Picola Cir i Sassongher.","inLanguage":"pl-PL","isPartOf":{"@id":"https:\/\/www.skalnik.pl\/blog\/#website"},"breadcrumb":{"@id":"https:\/\/www.skalnik.pl\/blog\/via-ferraty-dolomity-okolice-passo-gardena\/#breadcrumblist"},"author":{"@id":"https:\/\/www.skalnik.pl\/blog\/author\/slawek-nosal\/#author"},"creator":{"@id":"https:\/\/www.skalnik.pl\/blog\/author\/slawek-nosal\/#author"},"image":{"@type":"ImageObject","url":"https:\/\/www.skalnik.pl\/blog\/wp-content\/uploads\/2019\/06\/DSC_0777.jpg","@id":"https:\/\/www.skalnik.pl\/blog\/via-ferraty-dolomity-okolice-passo-gardena\/#mainImage","width":1920,"height":705},"primaryImageOfPage":{"@id":"https:\/\/www.skalnik.pl\/blog\/via-ferraty-dolomity-okolice-passo-gardena\/#mainImage"},"datePublished":"2019-06-29T10:00:39+02:00","dateModified":"2022-08-08T10:18:57+02:00"},{"@type":"WebSite","@id":"https:\/\/www.skalnik.pl\/blog\/#website","url":"https:\/\/www.skalnik.pl\/blog\/","name":"blog Skalnik","description":"Blog, porady, artyku\u0142y - blog Skalnik","inLanguage":"pl-PL","publisher":{"@id":"https:\/\/www.skalnik.pl\/blog\/#organization"}}]},"og:locale":"pl_PL","og:site_name":"blog Skalnik - Blog, porady, artyku\u0142y - blog Skalnik","og:type":"article","og:title":"Via ferraty Dolomity \u2013 okolice Passo Gardena - blog Skalnik","og:description":"Sprawd\u017a propozycje via ferrat w Dolomitach dla pocz\u0105tkuj\u0105cych. Piszemy o ferratach w rejonie Passo Gardena. Via ferrata Brigata Tridentina (Pisciadu) i szczyty Gran Cir, Picola Cir i Sassongher.","og:url":"https:\/\/www.skalnik.pl\/blog\/via-ferraty-dolomity-okolice-passo-gardena\/","og:image":"https:\/\/skalnik.pl\/blog\/wp-content\/uploads\/2019\/06\/mapa-OG\u00d3LNA.jpg","og:image:secure_url":"https:\/\/skalnik.pl\/blog\/wp-content\/uploads\/2019\/06\/mapa-OG\u00d3LNA.jpg","article:tag":["pasja","alpy","dolomity","inspiracje","lato","via ferrata"],"article:published_time":"2019-06-29T08:00:39+00:00","article:modified_time":"2022-08-08T08:18:57+00:00","twitter:card":"summary_large_image","twitter:title":"Via ferraty Dolomity \u2013 okolice Passo Gardena - blog Skalnik","twitter:description":"Sprawd\u017a propozycje via ferrat w Dolomitach dla pocz\u0105tkuj\u0105cych. Piszemy o ferratach w rejonie Passo Gardena. Via ferrata Brigata Tridentina (Pisciadu) i szczyty Gran Cir, Picola Cir i Sassongher.","twitter:image":"https:\/\/skalnik.pl\/blog\/wp-content\/uploads\/2019\/06\/mapa-OG\u00d3LNA.jpg"},"aioseo_meta_data":{"post_id":"7640","title":"","description":"Sprawd\u017a propozycje via ferrat w Dolomitach dla pocz\u0105tkuj\u0105cych. Piszemy o ferratach w rejonie Passo Gardena. Via ferrata Brigata Tridentina (Pisciadu) i szczyty Gran Cir, Picola Cir i Sassongher.","keywords":[{"label":"via ferrata","value":"via ferrata"},{"label":"brigata tridentina","value":"brigata tridentina"},{"label":"sassongher","value":"sassongher"},{"label":"puez","value":"puez"},{"label":"gran cir","value":"gran cir"},{"label":"kleine cirspitze","value":"kleine cirspitze"},{"label":"passo gardena","value":"passo gardena"}],"keyphrases":null,"primary_term":null,"canonical_url":"","og_title":null,"og_description":null,"og_object_type":"default","og_image_type":"default","og_image_url":null,"og_image_width":null,"og_image_height":null,"og_image_custom_url":null,"og_image_custom_fields":null,"og_video":null,"og_custom_url":null,"og_article_section":null,"og_article_tags":null,"twitter_use_og":false,"twitter_card":"default","twitter_image_type":"default","twitter_image_url":null,"twitter_image_custom_url":null,"twitter_image_custom_fields":null,"twitter_title":null,"twitter_description":null,"schema":{"blockGraphs":[],"customGraphs":[],"default":{"data":{"Article":[],"Course":[],"Dataset":[],"FAQPage":[],"Movie":[],"Person":[],"Product":[],"ProductReview":[],"Car":[],"Recipe":[],"Service":[],"SoftwareApplication":[],"WebPage":[]},"graphName":"BlogPosting","isEnabled":true},"graphs":[]},"schema_type":"default","schema_type_options":null,"pillar_content":false,"robots_default":true,"robots_noindex":false,"robots_noarchive":false,"robots_nosnippet":false,"robots_nofollow":false,"robots_noimageindex":false,"robots_noodp":false,"robots_notranslate":false,"robots_max_snippet":null,"robots_max_videopreview":null,"robots_max_imagepreview":"large","priority":null,"frequency":null,"local_seo":null,"breadcrumb_settings":null,"limit_modified_date":false,"ai":null,"created":"2022-08-26 10:01:46","updated":"2026-02-17 21:34:53","seo_analyzer_scan_date":null},"aioseo_breadcrumb":"<div class=\"aioseo-breadcrumbs\"><span class=\"aioseo-breadcrumb\">\n\t\t\t<a href=\"https:\/\/www.skalnik.pl\/blog\" title=\"Home\">Home<\/a>\n\t\t<\/span><span class=\"aioseo-breadcrumb-separator\">&raquo;<\/span><span class=\"aioseo-breadcrumb\">\n\t\t\t<a href=\"https:\/\/www.skalnik.pl\/blog\/.\/pasja\/\" title=\"Pasja\">Pasja<\/a>\n\t\t<\/span><span class=\"aioseo-breadcrumb-separator\">&raquo;<\/span><span class=\"aioseo-breadcrumb\">\n\t\t\tVia ferraty Dolomity \u2013 okolice Passo Gardena\n\t\t<\/span><\/div>","aioseo_breadcrumb_json":[{"label":"Home","link":"https:\/\/www.skalnik.pl\/blog"},{"label":"Pasja","link":"https:\/\/www.skalnik.pl\/blog\/.\/pasja\/"},{"label":"Via ferraty Dolomity \u2013 okolice Passo Gardena","link":"https:\/\/www.skalnik.pl\/blog\/via-ferraty-dolomity-okolice-passo-gardena\/"}],"_links":{"self":[{"href":"https:\/\/www.skalnik.pl\/blog\/wp-json\/wp\/v2\/posts\/7640","targetHints":{"allow":["GET"]}}],"collection":[{"href":"https:\/\/www.skalnik.pl\/blog\/wp-json\/wp\/v2\/posts"}],"about":[{"href":"https:\/\/www.skalnik.pl\/blog\/wp-json\/wp\/v2\/types\/post"}],"author":[{"embeddable":true,"href":"https:\/\/www.skalnik.pl\/blog\/wp-json\/wp\/v2\/users\/8"}],"replies":[{"embeddable":true,"href":"https:\/\/www.skalnik.pl\/blog\/wp-json\/wp\/v2\/comments?post=7640"}],"version-history":[{"count":41,"href":"https:\/\/www.skalnik.pl\/blog\/wp-json\/wp\/v2\/posts\/7640\/revisions"}],"predecessor-version":[{"id":20418,"href":"https:\/\/www.skalnik.pl\/blog\/wp-json\/wp\/v2\/posts\/7640\/revisions\/20418"}],"wp:featuredmedia":[{"embeddable":true,"href":"https:\/\/www.skalnik.pl\/blog\/wp-json\/wp\/v2\/media\/7658"}],"wp:attachment":[{"href":"https:\/\/www.skalnik.pl\/blog\/wp-json\/wp\/v2\/media?parent=7640"}],"wp:term":[{"taxonomy":"category","embeddable":true,"href":"https:\/\/www.skalnik.pl\/blog\/wp-json\/wp\/v2\/categories?post=7640"},{"taxonomy":"post_tag","embeddable":true,"href":"https:\/\/www.skalnik.pl\/blog\/wp-json\/wp\/v2\/tags?post=7640"},{"taxonomy":"magento_category","embeddable":true,"href":"https:\/\/www.skalnik.pl\/blog\/wp-json\/wp\/v2\/magento_category?post=7640"},{"taxonomy":"magento_product","embeddable":true,"href":"https:\/\/www.skalnik.pl\/blog\/wp-json\/wp\/v2\/magento_product?post=7640"}],"curies":[{"name":"wp","href":"https:\/\/api.w.org\/{rel}","templated":true}]}}