{"id":7753,"date":"2019-07-03T14:46:13","date_gmt":"2019-07-03T12:46:13","guid":{"rendered":"https:\/\/skalnik.pl\/blog\/?p=7753"},"modified":"2019-08-02T09:57:45","modified_gmt":"2019-08-02T07:57:45","slug":"ferraty-w-austrii-ziemia-salzburska","status":"publish","type":"post","link":"https:\/\/www.skalnik.pl\/blog\/ferraty-w-austrii-ziemia-salzburska\/","title":{"rendered":"Ferraty w Austrii &#8211; Ziemia Salzburska"},"content":{"rendered":"<p><b>Je\u015bli pierwsze ferratowe szlify ju\u017c za tob\u0105, pora wybra\u0107 si\u0119 w miejsca, kt\u00f3re daj\u0105 mo\u017cliwo\u015b\u0107 kilkugodzinnych przej\u015b\u0107, fantastycznych widok\u00f3w i niezapomnianych wra\u017ce\u0144. W austriackich Alpach Salzburskich poprowadzono kilkaset (!) \u017celaznych dr\u00f3g o r\u00f3\u017cnym poziomie trudno\u015bci. Zapraszam do kanionu Postalm i nad jezioro Gosau.<\/b><\/p>\n<p>W przeciwie\u0144stwie do wcze\u015bniej opisywanych w naszym cyklu dr\u00f3g via ferrata blisko Polski, austriackie ferraty to pe\u0142noprawne szlaki. Ich przej\u015bcie trwa minimum godzin\u0119, a bywa, \u017ce du\u017co d\u0142u\u017cej \u2013 co tak\u017ce zale\u017cy od ich popularno\u015bci, a wi\u0119c i zat\u0142oczenia. Z tego te\u017c wzgl\u0119du opr\u00f3cz sprz\u0119tu na ferrat\u0119 koniecznie zabierz ze sob\u0105 kurtk\u0119 przeciwdeszczow\u0105, co\u015b do picia i przek\u0105sk\u0119. Dobrze mie\u0107 tak\u017ce w plecaku lin\u0119 i przyrz\u0105d asekuracyjny. Co jeszcze warto wiedzie\u0107 na pocz\u0105tek? W krajach niemieckoj\u0119zycznych nie u\u017cywa si\u0119 okre\u015blenia \u201evia ferrata\u201d, lecz szlaki te okre\u015bla swojsko \u201eKlettersteig\u201d.<\/p>\n<div id=\"ez-toc-container\" class=\"ez-toc-v2_0_85 counter-hierarchy ez-toc-counter ez-toc-light-blue ez-toc-container-direction\">\n<div class=\"ez-toc-title-container\">\n<p class=\"ez-toc-title\" style=\"cursor:inherit\">SPIS TRE\u015aCI <\/p>\n<span class=\"ez-toc-title-toggle\"><a href=\"#\" class=\"ez-toc-pull-right ez-toc-btn ez-toc-btn-xs ez-toc-btn-default ez-toc-toggle\" aria-label=\"Prze\u0142\u0105cznik Spisu Tre\u015bci\"><span class=\"ez-toc-js-icon-con\"><span class=\"\"><span class=\"eztoc-hide\" style=\"display:none;\">Toggle<\/span><span class=\"ez-toc-icon-toggle-span\"><svg style=\"fill: #999;color:#999\" xmlns=\"http:\/\/www.w3.org\/2000\/svg\" class=\"list-377408\" width=\"20px\" height=\"20px\" viewBox=\"0 0 24 24\" fill=\"none\"><path d=\"M6 6H4v2h2V6zm14 0H8v2h12V6zM4 11h2v2H4v-2zm16 0H8v2h12v-2zM4 16h2v2H4v-2zm16 0H8v2h12v-2z\" fill=\"currentColor\"><\/path><\/svg><svg style=\"fill: #999;color:#999\" class=\"arrow-unsorted-368013\" xmlns=\"http:\/\/www.w3.org\/2000\/svg\" width=\"10px\" height=\"10px\" viewBox=\"0 0 24 24\" version=\"1.2\" baseProfile=\"tiny\"><path d=\"M18.2 9.3l-6.2-6.3-6.2 6.3c-.2.2-.3.4-.3.7s.1.5.3.7c.2.2.4.3.7.3h11c.3 0 .5-.1.7-.3.2-.2.3-.5.3-.7s-.1-.5-.3-.7zM5.8 14.7l6.2 6.3 6.2-6.3c.2-.2.3-.5.3-.7s-.1-.5-.3-.7c-.2-.2-.4-.3-.7-.3h-11c-.3 0-.5.1-.7.3-.2.2-.3.5-.3.7s.1.5.3.7z\"\/><\/svg><\/span><\/span><\/span><\/a><\/span><\/div>\n<nav><ul class='ez-toc-list ez-toc-list-level-1 ' ><li class='ez-toc-page-1 ez-toc-heading-level-2'><a class=\"ez-toc-link ez-toc-heading-1\" href=\"https:\/\/www.skalnik.pl\/blog\/ferraty-w-austrii-ziemia-salzburska\/#Via_ferrata_Postalmklamm\" >Via ferrata Postalmklamm<\/a><ul class='ez-toc-list-level-3' ><li class='ez-toc-heading-level-3'><a class=\"ez-toc-link ez-toc-heading-2\" href=\"https:\/\/www.skalnik.pl\/blog\/ferraty-w-austrii-ziemia-salzburska\/#Dojazd_i_parkowanie\" >Dojazd i parkowanie<\/a><\/li><li class='ez-toc-page-1 ez-toc-heading-level-3'><a class=\"ez-toc-link ez-toc-heading-3\" href=\"https:\/\/www.skalnik.pl\/blog\/ferraty-w-austrii-ziemia-salzburska\/#Opis_ferraty_Postalmklamm\" >Opis ferraty Postalmklamm<\/a><\/li><li class='ez-toc-page-1 ez-toc-heading-level-3'><a class=\"ez-toc-link ez-toc-heading-4\" href=\"https:\/\/www.skalnik.pl\/blog\/ferraty-w-austrii-ziemia-salzburska\/#Dla_kogo_ferrata_Postalmklamm\" >Dla kogo ferrata Postalmklamm<\/a><\/li><\/ul><\/li><li class='ez-toc-page-1 ez-toc-heading-level-2'><a class=\"ez-toc-link ez-toc-heading-5\" href=\"https:\/\/www.skalnik.pl\/blog\/ferraty-w-austrii-ziemia-salzburska\/#Laserer_alpin_via_ferrata\" >Laserer alpin via ferrata<\/a><ul class='ez-toc-list-level-3' ><li class='ez-toc-heading-level-3'><a class=\"ez-toc-link ez-toc-heading-6\" href=\"https:\/\/www.skalnik.pl\/blog\/ferraty-w-austrii-ziemia-salzburska\/#Parkowanie_i_dojscie_do_ferraty\" >Parkowanie i doj\u015bcie do ferraty<\/a><\/li><li class='ez-toc-page-1 ez-toc-heading-level-3'><a class=\"ez-toc-link ez-toc-heading-7\" href=\"https:\/\/www.skalnik.pl\/blog\/ferraty-w-austrii-ziemia-salzburska\/#Opis_ferraty_Laserer_alpin\" >Opis ferraty Laserer alpin<\/a><\/li><li class='ez-toc-page-1 ez-toc-heading-level-3'><a class=\"ez-toc-link ez-toc-heading-8\" href=\"https:\/\/www.skalnik.pl\/blog\/ferraty-w-austrii-ziemia-salzburska\/#Komu_polecam_ferrate_Laserer_alpin\" >Komu polecam ferrat\u0119 Laserer alpin<\/a><\/li><\/ul><\/li><\/ul><\/nav><\/div>\n<h2><span class=\"ez-toc-section\" id=\"Via_ferrata_Postalmklamm\"><\/span>Via ferrata Postalmklamm<span class=\"ez-toc-section-end\"><\/span><\/h2>\n<p>Najciekawsza z dotychczas zdobytych przeze mnie ferrat, to niew\u0105tpliwie \u017celazna droga poprowadzona w kanionie Postalm. Jest d\u0142uga, znajduje si\u0119 w miejscu nieoczywistym i ma tyle atrakcji, \u017ce spokojnie mo\u017cna by nimi obdzieli\u0107 jeszcze kilka g\u00f3rskich szlak\u00f3w. Wielk\u0105 zalet\u0105 jest w sumie niewielka wysoko\u015b\u0107, na jakiej si\u0119 znajduje. Dzi\u0119ki temu by\u0142a dost\u0119pna na pocz\u0105tku maja, a to raczej wyj\u0105tek ni\u017c regu\u0142a.<\/p>\n<h3><span class=\"ez-toc-section\" id=\"Dojazd_i_parkowanie\"><\/span>Dojazd i parkowanie<span class=\"ez-toc-section-end\"><\/span><\/h3>\n<p>Jedyna droga, kt\u00f3r\u0105 mo\u017cna dojecha\u0107 do ferraty ma prywatnego w\u0142a\u015bciciela. Trzeba wi\u0119c, mimo winiety, zap\u0142aci\u0107 za przejazd ni\u0105. Dobra wiadomo\u015b\u0107 jest taka, \u017ce p\u0142aci si\u0119 tylko przy wje\u017adzie. Dobrze mie\u0107 drobne euro, poniewa\u017c nale\u017cno\u015b\u0107 (10 euro) reguluje si\u0119 w automacie. Widoki po drodze zniewalaj\u0105 i sprawiaj\u0105, \u017ce jazda jest prawdziw\u0105 przyjemno\u015bci\u0105.<\/p>\n<div id=\"attachment_7756\" style=\"width: 1034px\" class=\"wp-caption aligncenter\"><img loading=\"lazy\" decoding=\"async\" aria-describedby=\"caption-attachment-7756\" class=\"wp-image-7756 size-large\" title=\"Tablica informacyjna - via ferrata Postalmklamm\" src=\"https:\/\/skalnik.pl\/blog\/wp-content\/uploads\/2019\/06\/postalmklamm-info-1024x768.jpg\" alt=\"\" width=\"1024\" height=\"768\" srcset=\"https:\/\/www.skalnik.pl\/blog\/wp-content\/uploads\/2019\/06\/postalmklamm-info-1024x768.jpg 1024w, https:\/\/www.skalnik.pl\/blog\/wp-content\/uploads\/2019\/06\/postalmklamm-info-300x225.jpg 300w, https:\/\/www.skalnik.pl\/blog\/wp-content\/uploads\/2019\/06\/postalmklamm-info-768x576.jpg 768w, https:\/\/www.skalnik.pl\/blog\/wp-content\/uploads\/2019\/06\/postalmklamm-info.jpg 1920w\" sizes=\"auto, (max-width: 1024px) 100vw, 1024px\" \/><p id=\"caption-attachment-7756\" class=\"wp-caption-text\">Schematyczny przebieg ferraty Postalmklamm<\/p><\/div>\n<p>Niewielki parking zorganizowano w miejscu, z kt\u00f3rego mo\u017cna najszybciej doj\u015b\u0107 do pocz\u0105tku via ferraty. \u0141atwo go pozna\u0107 po umieszczonej w tym miejscu mapce Postalmklamm Klettersteig. Doj\u015bcie szlakiem z parkingu zajmuje ok. 20 min. Stalowa linka pojawia si\u0119 nagle w miejscu, kt\u00f3re nie wydaje si\u0119 trudniejsze, ni\u017c przebyte wcze\u015bniej. Poniewa\u017c szlak prowadzi przez las li\u015bciasty trzeba uwa\u017ca\u0107 na le\u017c\u0105ce li\u015bcie, kt\u00f3re o poranku lub po opadach s\u0105 wilgotne. Nie ufajcie te\u017c le\u017c\u0105cym na \u015bcie\u017cce kamieniom, cz\u0119\u015b\u0107 z nich jest zdradliwie ruchoma.<\/p>\n<h3><span class=\"ez-toc-section\" id=\"Opis_ferraty_Postalmklamm\"><\/span>Opis ferraty Postalmklamm<span class=\"ez-toc-section-end\"><\/span><\/h3>\n<p>Ferrata jest d\u0142uga i sk\u0142ada si\u0119 z kilku cz\u0119\u015bci. Najd\u0142u\u017csza i najbardziej emocjonuj\u0105ca biegnie wzd\u0142u\u017c kanionu i obfituje w liczne atrakcje. Potem jest raczej ma\u0142o wspinaczki, a wi\u0119cej chodzenia po lesie i podziwiania natury. Osoby marz\u0105ce o wi\u0119kszej dawce wra\u017ce\u0144 maj\u0105 jeszcze mo\u017cliwo\u015b\u0107 pokonania ska\u0142 Glamsleckenwand z wariantem o wycenie F. Powr\u00f3t na parking, ju\u017c wzd\u0142u\u017c drogi, zajmuje ok. 20 min.<\/p>\n<p>Pocz\u0105tkowy przebieg <a href=\"https:\/\/skalnik.pl\/sprzet-wspinaczkowy\/inne\/inne-via-ferraty\">via ferraty<\/a> Postalmklamm wyznaczono wzd\u0142u\u017c obu brzeg\u00f3w kanionu \u2013 raz po jego prawej, raz po lewej stronie. Najwi\u0119cej adrenaliny dostarczaj\u0105 miejsca przepraw z jednej strony na drug\u0105. Zaczyna si\u0119 od mostka z wygodnymi, drewnianymi stopniami (i nieco mniej wygodn\u0105 pojedyncz\u0105 lin\u0105-por\u0119cz\u0105). Mostek linowy zawieszono kilkana\u015bcie metr\u00f3w nad wod\u0105, jest d\u0142ugi i robi naprawd\u0119 du\u017ce wra\u017cenie. Po jego pokonaniu szlak wchodzi w \u015bciany kanionu \u2013 od tej pory za stopnie s\u0142u\u017c\u0105 metalowe klamry, pr\u0119ty wystaj\u0105ce ze \u015bcian, rzadziej skalne p\u00f3\u0142eczki. Najcz\u0119\u015bciej biegn\u0105 one poziomo, chocia\u017c s\u0105 tak\u017ce miejsca, w kt\u00f3rych kieruj\u0105 si\u0119 w g\u00f3r\u0119 lub w d\u00f3\u0142.<\/p>\n<div id=\"attachment_7757\" style=\"width: 1034px\" class=\"wp-caption aligncenter\"><img loading=\"lazy\" decoding=\"async\" aria-describedby=\"caption-attachment-7757\" class=\"wp-image-7757 size-large\" title=\"Postalmklamm - mostek linowy\" src=\"https:\/\/skalnik.pl\/blog\/wp-content\/uploads\/2019\/06\/pierwszy-mostek-1024x768.jpg\" alt=\"\" width=\"1024\" height=\"768\" srcset=\"https:\/\/www.skalnik.pl\/blog\/wp-content\/uploads\/2019\/06\/pierwszy-mostek-1024x768.jpg 1024w, https:\/\/www.skalnik.pl\/blog\/wp-content\/uploads\/2019\/06\/pierwszy-mostek-300x225.jpg 300w, https:\/\/www.skalnik.pl\/blog\/wp-content\/uploads\/2019\/06\/pierwszy-mostek-768x576.jpg 768w, https:\/\/www.skalnik.pl\/blog\/wp-content\/uploads\/2019\/06\/pierwszy-mostek.jpg 1920w\" sizes=\"auto, (max-width: 1024px) 100vw, 1024px\" \/><p id=\"caption-attachment-7757\" class=\"wp-caption-text\">Pierwszy mostek na ferracie Postalmklamm<\/p><\/div>\n<p>Kolejne przeprawy to mostek \u201etarzan\u201d \u2013 gdzie zamiast por\u0119czy, za uchwyty s\u0142u\u017c\u0105 pionowo rozwieszone sizalowe liny. W kolejnym miejscu\u2026 nie ma mostka \u2013 to tzw. koci skok. Posiadacze d\u0142ugich n\u00f3g robi\u0105 w tym miejscu wielki krok, natomiast pozostali musz\u0105 si\u0119 odwa\u017cy\u0107 i skoczy\u0107. Spokojnie, na g\u00f3rze jest oczywi\u015bcie linka do wpi\u0119cia <a href=\"https:\/\/skalnik.pl\/blog\/lonza-via-ferrata-co-to-jest\/\" target=\"_blank\" rel=\"noopener\">lon\u017cy ferratowej<\/a>. Ostatnia przeprawa przypomina pierwszy mostek \u2013 po\u0142o\u017cona jest w\u015br\u00f3d malowniczo rozlewaj\u0105cych si\u0119 wodospad\u00f3w. Ponadto nad ni\u0105 wida\u0107 ju\u017c wyj\u015bcie z zimnego i ciemnego kanionu, co tylko dodaje skrzyde\u0142.<\/p>\n<p>Kieruj\u0105c si\u0119 dalej warto zboczy\u0107 ze szlaku, by podziwia\u0107 majestatyczny Wielki Wodospad \u2013 robi piorunuj\u0105ce wra\u017cenie, szczeg\u00f3lnie gdy si\u0119 stoi tu\u017c obok napieraj\u0105cych mas wody. Po kilkunastu minutach marszu przez las staje si\u0119 u st\u00f3p Glamsleckenwand. W tym miejscu mo\u017cna zdecydowa\u0107 czy s\u0105 jeszcze w ekipie si\u0142y na dalsze mierzenie si\u0119 z via ferrat\u0105, czy raczej zapa\u0142u wystarczy na obej\u015bcie ska\u0142. Warto dobrze przemy\u015ble\u0107 szczeg\u00f3lnie t\u0119 pierwsz\u0105 decyzj\u0119: tu wycena szybuje do C\/D (i oczywi\u015bcie wariantu F dla najbardziej wytrawnych &#8222;napieraczy\u201d), ekspozycja jest ogromna, ale za to widoki znakomite. Zm\u0119czone po kanionie osoby mog\u0105 mie\u0107 problem z pokonaniem tego odcinka, a drogi powrotnej nie ma. Po pokonaniu tego odcinka ferraty warto po\u015bwi\u0119ci\u0107 troch\u0119 czasu na z\u0142apanie oddechu. W dalszej cz\u0119\u015bci szlak znowu kieruje bli\u017cej wody. Jest tam jeszcze jeden mostek, a raczej by\u0142, poniewa\u017c zosta\u0142 zerwany przez upadaj\u0105ce drzewo. Za pomoc\u0105 lin statycznych zrobiono obej\u015bcie tego miejsca. T\u0119 atrakcj\u0119 mo\u017cna ju\u017c z czystym sumieniem sobie odpu\u015bci\u0107 i na skrzy\u017cowaniu szlak\u00f3w kierowa\u0107 si\u0119 w stron\u0119 drogi.<\/p>\n<div class=\"page_gallery\">\n\n\t\t<style type=\"text\/css\">\n\t\t\t#gallery-1 {\n\t\t\t\tmargin: auto;\n\t\t\t}\n\t\t\t#gallery-1 .gallery-item {\n\t\t\t\tfloat: left;\n\t\t\t\tmargin-top: 10px;\n\t\t\t\ttext-align: center;\n\t\t\t\twidth: 33%;\n\t\t\t}\n\t\t\t#gallery-1 img {\n\t\t\t\tborder: 2px solid #cfcfcf;\n\t\t\t}\n\t\t\t#gallery-1 .gallery-caption {\n\t\t\t\tmargin-left: 0;\n\t\t\t}\n\t\t\t\/* see gallery_shortcode() in wp-includes\/media.php *\/\n\t\t<\/style>\n\t\t<div id='gallery-1' class='gallery galleryid-7753 gallery-columns-3 gallery-size-large'><dl class='gallery-item'>\n\t\t\t<dt class='gallery-icon landscape'>\n\t\t\t\t<img loading=\"lazy\" decoding=\"async\" width=\"1024\" height=\"768\" src=\"https:\/\/www.skalnik.pl\/blog\/wp-content\/uploads\/2019\/06\/kanion-1024x768.jpg\" class=\"attachment-large size-large\" alt=\"\" aria-describedby=\"gallery-1-7767\" srcset=\"https:\/\/www.skalnik.pl\/blog\/wp-content\/uploads\/2019\/06\/kanion-1024x768.jpg 1024w, https:\/\/www.skalnik.pl\/blog\/wp-content\/uploads\/2019\/06\/kanion-300x225.jpg 300w, https:\/\/www.skalnik.pl\/blog\/wp-content\/uploads\/2019\/06\/kanion-768x576.jpg 768w, https:\/\/www.skalnik.pl\/blog\/wp-content\/uploads\/2019\/06\/kanion.jpg 1920w\" sizes=\"auto, (max-width: 1024px) 100vw, 1024px\" \/>\n\t\t\t<\/dt>\n\t\t\t\t<dd class='wp-caption-text gallery-caption' id='gallery-1-7767'>\n\t\t\t\tWej\u015bcie do kanionu\n\t\t\t\t<\/dd><\/dl><dl class='gallery-item'>\n\t\t\t<dt class='gallery-icon landscape'>\n\t\t\t\t<img loading=\"lazy\" decoding=\"async\" width=\"1024\" height=\"768\" src=\"https:\/\/www.skalnik.pl\/blog\/wp-content\/uploads\/2019\/06\/ostatni-mostek-1024x768.jpg\" class=\"attachment-large size-large\" alt=\"\" aria-describedby=\"gallery-1-7768\" srcset=\"https:\/\/www.skalnik.pl\/blog\/wp-content\/uploads\/2019\/06\/ostatni-mostek-1024x768.jpg 1024w, https:\/\/www.skalnik.pl\/blog\/wp-content\/uploads\/2019\/06\/ostatni-mostek-300x225.jpg 300w, https:\/\/www.skalnik.pl\/blog\/wp-content\/uploads\/2019\/06\/ostatni-mostek-768x576.jpg 768w, https:\/\/www.skalnik.pl\/blog\/wp-content\/uploads\/2019\/06\/ostatni-mostek.jpg 1920w\" sizes=\"auto, (max-width: 1024px) 100vw, 1024px\" \/>\n\t\t\t<\/dt>\n\t\t\t\t<dd class='wp-caption-text gallery-caption' id='gallery-1-7768'>\n\t\t\t\tOstatni mostek w kanionie Postalm\n\t\t\t\t<\/dd><\/dl><dl class='gallery-item'>\n\t\t\t<dt class='gallery-icon portrait'>\n\t\t\t\t<img loading=\"lazy\" decoding=\"async\" width=\"768\" height=\"1024\" src=\"https:\/\/www.skalnik.pl\/blog\/wp-content\/uploads\/2019\/06\/IMG_20190502_121811-768x1024.jpg\" class=\"attachment-large size-large\" alt=\"\" aria-describedby=\"gallery-1-7759\" srcset=\"https:\/\/www.skalnik.pl\/blog\/wp-content\/uploads\/2019\/06\/IMG_20190502_121811-768x1024.jpg 768w, https:\/\/www.skalnik.pl\/blog\/wp-content\/uploads\/2019\/06\/IMG_20190502_121811-225x300.jpg 225w, https:\/\/www.skalnik.pl\/blog\/wp-content\/uploads\/2019\/06\/IMG_20190502_121811.jpg 1440w\" sizes=\"auto, (max-width: 768px) 100vw, 768px\" \/>\n\t\t\t<\/dt>\n\t\t\t\t<dd class='wp-caption-text gallery-caption' id='gallery-1-7759'>\n\t\t\t\tWielki Wodospad\n\t\t\t\t<\/dd><\/dl><br style=\"clear: both\" \/><dl class='gallery-item'>\n\t\t\t<dt class='gallery-icon landscape'>\n\t\t\t\t<img loading=\"lazy\" decoding=\"async\" width=\"1024\" height=\"768\" src=\"https:\/\/www.skalnik.pl\/blog\/wp-content\/uploads\/2019\/06\/IMG_20190502_123956-1024x768.jpg\" class=\"attachment-large size-large\" alt=\"\" aria-describedby=\"gallery-1-7760\" srcset=\"https:\/\/www.skalnik.pl\/blog\/wp-content\/uploads\/2019\/06\/IMG_20190502_123956-1024x768.jpg 1024w, https:\/\/www.skalnik.pl\/blog\/wp-content\/uploads\/2019\/06\/IMG_20190502_123956-300x225.jpg 300w, https:\/\/www.skalnik.pl\/blog\/wp-content\/uploads\/2019\/06\/IMG_20190502_123956-768x576.jpg 768w, https:\/\/www.skalnik.pl\/blog\/wp-content\/uploads\/2019\/06\/IMG_20190502_123956.jpg 1920w\" sizes=\"auto, (max-width: 1024px) 100vw, 1024px\" \/>\n\t\t\t<\/dt>\n\t\t\t\t<dd class='wp-caption-text gallery-caption' id='gallery-1-7760'>\n\t\t\t\tDrogowskazy na ferrat\u0119 lub jej obej\u015bcie\n\t\t\t\t<\/dd><\/dl><dl class='gallery-item'>\n\t\t\t<dt class='gallery-icon landscape'>\n\t\t\t\t<img loading=\"lazy\" decoding=\"async\" width=\"1024\" height=\"768\" src=\"https:\/\/www.skalnik.pl\/blog\/wp-content\/uploads\/2019\/06\/IMG_20190502_124754-1024x768.jpg\" class=\"attachment-large size-large\" alt=\"\" aria-describedby=\"gallery-1-7761\" srcset=\"https:\/\/www.skalnik.pl\/blog\/wp-content\/uploads\/2019\/06\/IMG_20190502_124754-1024x768.jpg 1024w, https:\/\/www.skalnik.pl\/blog\/wp-content\/uploads\/2019\/06\/IMG_20190502_124754-300x225.jpg 300w, https:\/\/www.skalnik.pl\/blog\/wp-content\/uploads\/2019\/06\/IMG_20190502_124754-768x576.jpg 768w, https:\/\/www.skalnik.pl\/blog\/wp-content\/uploads\/2019\/06\/IMG_20190502_124754.jpg 1920w\" sizes=\"auto, (max-width: 1024px) 100vw, 1024px\" \/>\n\t\t\t<\/dt>\n\t\t\t\t<dd class='wp-caption-text gallery-caption' id='gallery-1-7761'>\n\t\t\t\tTrudny pocz\u0105tek na drodze Gamsleckenwand\n\t\t\t\t<\/dd><\/dl><dl class='gallery-item'>\n\t\t\t<dt class='gallery-icon landscape'>\n\t\t\t\t<img loading=\"lazy\" decoding=\"async\" width=\"1024\" height=\"768\" src=\"https:\/\/www.skalnik.pl\/blog\/wp-content\/uploads\/2019\/06\/IMG_20190502_131427-1024x768.jpg\" class=\"attachment-large size-large\" alt=\"\" aria-describedby=\"gallery-1-7762\" srcset=\"https:\/\/www.skalnik.pl\/blog\/wp-content\/uploads\/2019\/06\/IMG_20190502_131427-1024x768.jpg 1024w, https:\/\/www.skalnik.pl\/blog\/wp-content\/uploads\/2019\/06\/IMG_20190502_131427-300x225.jpg 300w, https:\/\/www.skalnik.pl\/blog\/wp-content\/uploads\/2019\/06\/IMG_20190502_131427-768x576.jpg 768w, https:\/\/www.skalnik.pl\/blog\/wp-content\/uploads\/2019\/06\/IMG_20190502_131427.jpg 1920w\" sizes=\"auto, (max-width: 1024px) 100vw, 1024px\" \/>\n\t\t\t<\/dt>\n\t\t\t\t<dd class='wp-caption-text gallery-caption' id='gallery-1-7762'>\n\t\t\t\tWidokowa trasa\n\t\t\t\t<\/dd><\/dl><br style=\"clear: both\" \/><dl class='gallery-item'>\n\t\t\t<dt class='gallery-icon landscape'>\n\t\t\t\t<img loading=\"lazy\" decoding=\"async\" width=\"1024\" height=\"768\" src=\"https:\/\/www.skalnik.pl\/blog\/wp-content\/uploads\/2019\/06\/IMG_20190502_133329-1024x768.jpg\" class=\"attachment-large size-large\" alt=\"\" aria-describedby=\"gallery-1-7763\" srcset=\"https:\/\/www.skalnik.pl\/blog\/wp-content\/uploads\/2019\/06\/IMG_20190502_133329-1024x768.jpg 1024w, https:\/\/www.skalnik.pl\/blog\/wp-content\/uploads\/2019\/06\/IMG_20190502_133329-300x225.jpg 300w, https:\/\/www.skalnik.pl\/blog\/wp-content\/uploads\/2019\/06\/IMG_20190502_133329-768x576.jpg 768w, https:\/\/www.skalnik.pl\/blog\/wp-content\/uploads\/2019\/06\/IMG_20190502_133329.jpg 1920w\" sizes=\"auto, (max-width: 1024px) 100vw, 1024px\" \/>\n\t\t\t<\/dt>\n\t\t\t\t<dd class='wp-caption-text gallery-caption' id='gallery-1-7763'>\n\t\t\t\tOstatnie metry zmaga\u0144 z ferrat\u0105\n\t\t\t\t<\/dd><\/dl>\n\t\t\t<br style='clear: both' \/>\n\t\t<\/div>\n\n<\/div>\n<h3><span class=\"ez-toc-section\" id=\"Dla_kogo_ferrata_Postalmklamm\"><\/span>Dla kogo ferrata Postalmklamm<span class=\"ez-toc-section-end\"><\/span><\/h3>\n<p>\u015arednia wycena tej ferraty to C (aczkolwiek s\u0105 momenty zar\u00f3wno B, jak i D). Raczej nie jako pierwsza via ferrata w \u017cyciu, ale dla kogo\u015b, kto rozsmakowa\u0142 w tego typu turystyce. W kanionie i na Glamsleckenwand s\u0105 ograniczone mo\u017cliwo\u015bci zar\u00f3wno, \u017ceby kogo\u015b wyprzedzi\u0107, jak i by zawr\u00f3ci\u0107. Trzeba podej\u015b\u0107 rozs\u0105dnie do swoich si\u0142, szczeg\u00f3lnie w drugiej cz\u0119\u015bci.<\/p>\n<p>Naszpikowana atrakcjami trasa spodoba si\u0119 wszystkim, kt\u00f3rzy lubi\u0105 adrenalin\u0119 i wyzwania outdoorowe.<\/p>\n<p>&nbsp;<\/p>\n<h2><span class=\"ez-toc-section\" id=\"Laserer_alpin_via_ferrata\"><\/span>Laserer alpin via ferrata<span class=\"ez-toc-section-end\"><\/span><\/h2>\n<p>Przej\u015bcie obu ferrat spokojnie mo\u017cna \u201eupchn\u0105\u0107\u201d jednego dnia. I to nie spiesz\u0105c si\u0119 za bardzo. Warto jednak pami\u0119ta\u0107, \u017ce raczej b\u0119dzie to d\u0142ugi dzie\u0144, kt\u00f3ry dobrze jest zacz\u0105\u0107 wcze\u015bnie. Ta ferrata jest zupe\u0142nie inna \u2013 poprowadzono j\u0105 dla zabawy i \u015bwietnych widok\u00f3w. Zatacza p\u0119tl\u0119 \u2013 start i meta znajduj\u0105 si\u0119 w jednym miejscu, cho\u0107 jej przebieg jest nieco zaskakuj\u0105cy.<\/p>\n<h3><span class=\"ez-toc-section\" id=\"Parkowanie_i_dojscie_do_ferraty\"><\/span>Parkowanie i doj\u015bcie do ferraty<span class=\"ez-toc-section-end\"><\/span><\/h3>\n<p>Jezioro Gosau to popularne miejsce spacer\u00f3w, zatem miejsc parkingowych (bezp\u0142atnych!) w okolicy nie brakuje, a i dotarcie nie stanowi najmniejszego problemu. Uwaga! W sezonie (od po\u0142owy maja do ko\u0144ca pa\u017adziernika) na parkingach obowi\u0105zuje ograniczenie czasu postoju do 180 min.<\/p>\n<div id=\"attachment_7755\" style=\"width: 1034px\" class=\"wp-caption aligncenter\"><img loading=\"lazy\" decoding=\"async\" aria-describedby=\"caption-attachment-7755\" class=\"wp-image-7755 size-large\" title=\"Laserer alpin przebieg ferraty\" src=\"https:\/\/skalnik.pl\/blog\/wp-content\/uploads\/2019\/06\/IMG_20190502_184157-1024x768.jpg\" alt=\"\" width=\"1024\" height=\"768\" srcset=\"https:\/\/www.skalnik.pl\/blog\/wp-content\/uploads\/2019\/06\/IMG_20190502_184157-1024x768.jpg 1024w, https:\/\/www.skalnik.pl\/blog\/wp-content\/uploads\/2019\/06\/IMG_20190502_184157-300x225.jpg 300w, https:\/\/www.skalnik.pl\/blog\/wp-content\/uploads\/2019\/06\/IMG_20190502_184157-768x576.jpg 768w, https:\/\/www.skalnik.pl\/blog\/wp-content\/uploads\/2019\/06\/IMG_20190502_184157.jpg 1920w\" sizes=\"auto, (max-width: 1024px) 100vw, 1024px\" \/><p id=\"caption-attachment-7755\" class=\"wp-caption-text\">Tablica informacyjna &#8211; via ferrata Laserer alpin<\/p><\/div>\n<p>Od schroniska nale\u017cy si\u0119 kierowa\u0107 drog\u0105 po lewej stronie jeziora. Po jaki\u015b 15 min. w\u0119dr\u00f3wki asfaltem dochodzi si\u0119 do miejsca, w kt\u00f3rym na ska\u0142ach wida\u0107 stalow\u0105 link\u0119. Jednak to koniec ferraty, jej pocz\u0105tku nale\u017cy szuka\u0107 u do\u0142u, pomi\u0119dzy drog\u0105 a jeziorem.<\/p>\n<h3><span class=\"ez-toc-section\" id=\"Opis_ferraty_Laserer_alpin\"><\/span>Opis ferraty Laserer alpin<span class=\"ez-toc-section-end\"><\/span><\/h3>\n<p>Ferrata sk\u0142ada si\u0119 z dw\u00f3ch cz\u0119\u015bci \u2013 mo\u017cna j\u0105 przej\u015b\u0107 w ca\u0142o\u015bci, w po\u0142owie zrobi\u0107 d\u0142u\u017cszy odpoczynek b\u0105d\u017a zrezygnowa\u0107. Na pocz\u0105tek &#8211; trawers nad wod\u0105. Jednak w przeciwie\u0144stwie do <a href=\"https:\/\/skalnik.pl\/blog\/via-ferrata-blisko-polski-czesc-ii-srodkowe-czechy\/\" target=\"_blank\" rel=\"noopener\">ferraty Bechy\u0144skiej<\/a>, o kt\u00f3rej pisa\u0142a Ola, nie jest on tu\u017c nad wod\u0105 \u2013 raczej w po\u0142owie \u015bciany mi\u0119dzy jeziorem a drog\u0105. Nie jest te\u017c a\u017c tak wymagaj\u0105cy, cz\u0119\u015bciowo oparcie dla st\u00f3p stanowi\u0105 metalowe klamry, a po cz\u0119\u015bci ska\u0142y. Czas przej\u015bcia tego odcinka w du\u017cej mierze zale\u017cy od zat\u0142oczenia ferraty i sprawno\u015bci poruszaj\u0105cych si\u0119 po niej os\u00f3b. Nie powinien zaj\u0105\u0107 wi\u0119cej ni\u017c 20-30 min. Trawers ko\u0144czy si\u0119 metalow\u0105 drabink\u0105 linow\u0105, przytwierdzon\u0105 do ska\u0142y u do\u0142u oraz okapu u g\u00f3ry. W tym miejscu mo\u017cna bezpiecznie odpu\u015bci\u0107 sobie dalsz\u0105 zabaw\u0119 i bezpiecznie wr\u00f3ci\u0107 drog\u0105 do schroniska. Przej\u015bcie drabinki to wed\u0142ug mnie najbardziej m\u0119cz\u0105cy odcinek \u2013 wszystko jest bowiem ma\u0142o stabilne i trz\u0119sie si\u0119 na r\u00f3\u017cne strony.<\/p>\n<p>Po przej\u015bciu drabinki dalsza cz\u0119\u015b\u0107 via ferraty biegnie g\u00f3r\u0105, nad drog\u0105. Najpierw jest to fragment, kt\u00f3ry trzeba pokona\u0107 w g\u00f3r\u0119 (w najwy\u017cszym miejscu jest oczywi\u015bcie pami\u0105tkowa ksi\u0105\u017cka), nast\u0119pnie w d\u00f3\u0142. Cz\u0119\u015b\u0107 odcink\u00f3w mo\u017ce by\u0107 trudniejsza dla os\u00f3b o ni\u017cszym wzro\u015bcie, bo klamry s\u0105 sporo od siebie oddalone. Nie s\u0105 to jednak przeszkody nie do pokonania. Najwi\u0119ksz\u0105 atrakcj\u0105 \u2013 opr\u00f3cz boskich widok\u00f3w, kt\u00f3re towarzysz\u0105 przez ca\u0142\u0105 ferrat\u0119 \u2013 jest mostek linowy. Jego forma dostarcza wielu wra\u017ce\u0144 s\u0105 to bowiem dwie stalowe liny u\u0142o\u017cone r\u00f3wnolegle bezpo\u015brednio jedna nad drug\u0105. Pewn\u0105 trudno\u015bci\u0105 jest konieczno\u015b\u0107 przepi\u0119cia lon\u017cy po\u015brodku mostu, poniewa\u017c znajduje si\u0119 tam linka dystansowa. Mostek przebiega bezpo\u015brednio nad drog\u0105 otaczaj\u0105c\u0105 jezioro.<\/p>\n<p>W bezchmurny dzie\u0144 warto zadba\u0107 o <a href=\"https:\/\/skalnik.pl\/sprzet-turystyczny\/akcesoria-turystyczne\/akcesoria-turystyczne-okulary\" target=\"_blank\" rel=\"noopener\">okulary przeciws\u0142oneczne<\/a>. Via ferrata Laserer alpin jest ods\u0142oni\u0119ta i po\u0142o\u017cona tak, \u017ce niemal ca\u0142y dzie\u0144 docieraj\u0105 do niej promienie s\u0142oneczne.<\/p>\n<div class=\"page_gallery\">\n\n\t\t<style type=\"text\/css\">\n\t\t\t#gallery-2 {\n\t\t\t\tmargin: auto;\n\t\t\t}\n\t\t\t#gallery-2 .gallery-item {\n\t\t\t\tfloat: left;\n\t\t\t\tmargin-top: 10px;\n\t\t\t\ttext-align: center;\n\t\t\t\twidth: 33%;\n\t\t\t}\n\t\t\t#gallery-2 img {\n\t\t\t\tborder: 2px solid #cfcfcf;\n\t\t\t}\n\t\t\t#gallery-2 .gallery-caption {\n\t\t\t\tmargin-left: 0;\n\t\t\t}\n\t\t\t\/* see gallery_shortcode() in wp-includes\/media.php *\/\n\t\t<\/style>\n\t\t<div id='gallery-2' class='gallery galleryid-7753 gallery-columns-3 gallery-size-large'><dl class='gallery-item'>\n\t\t\t<dt class='gallery-icon landscape'>\n\t\t\t\t<img loading=\"lazy\" decoding=\"async\" width=\"1024\" height=\"768\" src=\"https:\/\/www.skalnik.pl\/blog\/wp-content\/uploads\/2019\/06\/IMG_20190502_171803-1024x768.jpg\" class=\"attachment-large size-large\" alt=\"\" aria-describedby=\"gallery-2-7764\" srcset=\"https:\/\/www.skalnik.pl\/blog\/wp-content\/uploads\/2019\/06\/IMG_20190502_171803-1024x768.jpg 1024w, https:\/\/www.skalnik.pl\/blog\/wp-content\/uploads\/2019\/06\/IMG_20190502_171803-300x225.jpg 300w, https:\/\/www.skalnik.pl\/blog\/wp-content\/uploads\/2019\/06\/IMG_20190502_171803-768x576.jpg 768w, https:\/\/www.skalnik.pl\/blog\/wp-content\/uploads\/2019\/06\/IMG_20190502_171803.jpg 1920w\" sizes=\"auto, (max-width: 1024px) 100vw, 1024px\" \/>\n\t\t\t<\/dt>\n\t\t\t\t<dd class='wp-caption-text gallery-caption' id='gallery-2-7764'>\n\t\t\t\tTrawers nad jeziorem\n\t\t\t\t<\/dd><\/dl><dl class='gallery-item'>\n\t\t\t<dt class='gallery-icon landscape'>\n\t\t\t\t<img loading=\"lazy\" decoding=\"async\" width=\"1024\" height=\"768\" src=\"https:\/\/www.skalnik.pl\/blog\/wp-content\/uploads\/2019\/06\/IMG_20190502_175824-1024x768.jpg\" class=\"attachment-large size-large\" alt=\"\" aria-describedby=\"gallery-2-7765\" srcset=\"https:\/\/www.skalnik.pl\/blog\/wp-content\/uploads\/2019\/06\/IMG_20190502_175824-1024x768.jpg 1024w, https:\/\/www.skalnik.pl\/blog\/wp-content\/uploads\/2019\/06\/IMG_20190502_175824-300x225.jpg 300w, https:\/\/www.skalnik.pl\/blog\/wp-content\/uploads\/2019\/06\/IMG_20190502_175824-768x576.jpg 768w, https:\/\/www.skalnik.pl\/blog\/wp-content\/uploads\/2019\/06\/IMG_20190502_175824.jpg 1920w\" sizes=\"auto, (max-width: 1024px) 100vw, 1024px\" \/>\n\t\t\t<\/dt>\n\t\t\t\t<dd class='wp-caption-text gallery-caption' id='gallery-2-7765'>\n\t\t\t\tTu\u017c przed mostkiem linowym\n\t\t\t\t<\/dd><\/dl><dl class='gallery-item'>\n\t\t\t<dt class='gallery-icon landscape'>\n\t\t\t\t<img loading=\"lazy\" decoding=\"async\" width=\"1024\" height=\"768\" src=\"https:\/\/www.skalnik.pl\/blog\/wp-content\/uploads\/2019\/06\/IMG_20190502_180943-1024x768.jpg\" class=\"attachment-large size-large\" alt=\"\" aria-describedby=\"gallery-2-7766\" srcset=\"https:\/\/www.skalnik.pl\/blog\/wp-content\/uploads\/2019\/06\/IMG_20190502_180943-1024x768.jpg 1024w, https:\/\/www.skalnik.pl\/blog\/wp-content\/uploads\/2019\/06\/IMG_20190502_180943-300x225.jpg 300w, https:\/\/www.skalnik.pl\/blog\/wp-content\/uploads\/2019\/06\/IMG_20190502_180943-768x576.jpg 768w, https:\/\/www.skalnik.pl\/blog\/wp-content\/uploads\/2019\/06\/IMG_20190502_180943.jpg 1920w\" sizes=\"auto, (max-width: 1024px) 100vw, 1024px\" \/>\n\t\t\t<\/dt>\n\t\t\t\t<dd class='wp-caption-text gallery-caption' id='gallery-2-7766'>\n\t\t\t\tPrzej\u015bcie przez mostek linowy\n\t\t\t\t<\/dd><\/dl><br style=\"clear: both\" \/>\n\t\t<\/div>\n\n<\/div>\n<h3><span class=\"ez-toc-section\" id=\"Komu_polecam_ferrate_Laserer_alpin\"><\/span>Komu polecam ferrat\u0119 Laserer alpin<span class=\"ez-toc-section-end\"><\/span><\/h3>\n<p>Jest to doskona\u0142a ferrata treningowa, o wiele \u0142atwiejsza \u2013 i kr\u00f3tsza \u2013 ni\u017c Postalmklamm. Przeszli\u015bmy j\u0105 tego samego dnia, co ferrat\u0119 w kanionie i dali\u015bmy rad\u0119. Jej oficjalna wycena to C (bywaj\u0105 te\u017c \u0142atwiejsze odcinki A-B). Przede wszystkim warto j\u0105 odwiedzi\u0107 ze wzgl\u0119du na umiejscowienie. Je\u015bli lubicie widok, jak roztacza si\u0119 nad Morskim Okiem, nie b\u0119dziecie zawiedzeni. Nie bez znaczenia jest fakt, \u017ce ca\u0142o\u015b\u0107 od przyjazdu do wyjazdu zajmuje ok. 1,5 godziny. Dobre miejsce na zako\u0144czenie aktywnego dnia.<\/p>\n<p>&nbsp;<\/p>\n<p>Ferratowe plany pokrzy\u017cowa\u0142a nam kapry\u015bna, majowa pogoda. Na pewno jeszcze wr\u00f3cimy na austriackie via ferraty. Te, kt\u00f3rymi mieli\u015bmy okazj\u0119 przej\u015b\u0107, bardzo odpowiada\u0142y naszym gustom i umiej\u0119tno\u015bciom. Teraz pora zmierzy\u0107 si\u0119 z drogami \u017celaznymi na wy\u017cszych wysoko\u015bciach.<\/p>\n<p><i>G\u0142\u00f3wne zdj\u0119cie &#8211; fot. Mateusz Malinowski<\/i><br \/>\n<iframe loading=\"lazy\" src=\"https:\/\/www.youtube.com\/embed\/oR1u7SxGX1Q\" width=\"560\" height=\"315\" frameborder=\"0\" allowfullscreen=\"allowfullscreen\"><\/iframe><\/p>\n","protected":false},"excerpt":{"rendered":"<p>W Austrii jest mn\u00f3stwo szlak\u00f3w via ferrata. Warto na nie pojecha\u0107 dla przyjemno\u015bci ca\u0142odziennej w\u0119dr\u00f3wki, pi\u0119knych widok\u00f3w i kolejnego stopnia wtajemniczenia w \u017celaznych drogach. <\/p>\n","protected":false},"author":9,"featured_media":7771,"comment_status":"open","ping_status":"open","sticky":false,"template":"","format":"standard","meta":{"_acf_changed":false,"footnotes":""},"categories":[84],"tags":[96,112],"magento_category":[217],"magento_product":[],"class_list":["post-7753","post","type-post","status-publish","format-standard","has-post-thumbnail","hentry","category-pasja","tag-alpy","tag-via-ferrata"],"acf":[],"aioseo_notices":[],"aioseo_head":"\n\t\t<!-- All in One SEO 4.9.10 - aioseo.com -->\n\t<meta name=\"description\" content=\"Wybierz si\u0119 na szlaki via ferrata w Austrii. W tym wpisie znajdziesz opis via ferrat w okolicy Zalzburga: Postalmklamm i Laser alpin. Prze\u017cyj alpejsk\u0105 przygod\u0119.\" \/>\n\t<meta name=\"robots\" content=\"max-image-preview:large\" \/>\n\t<meta name=\"author\" content=\"Beata Nawrotkiewicz\"\/>\n\t<link rel=\"canonical\" href=\"https:\/\/www.skalnik.pl\/blog\/ferraty-w-austrii-ziemia-salzburska\/\" \/>\n\t<meta name=\"generator\" content=\"All in One SEO (AIOSEO) 4.9.10\" \/>\n\t\t<meta property=\"og:locale\" content=\"pl_PL\" \/>\n\t\t<meta property=\"og:site_name\" content=\"blog Skalnik - Blog, porady, artyku\u0142y - blog Skalnik\" \/>\n\t\t<meta property=\"og:type\" content=\"article\" \/>\n\t\t<meta property=\"og:title\" content=\"Ferraty w Austrii \u2013 Ziemia Salzburska - blog Skalnik\" \/>\n\t\t<meta property=\"og:description\" content=\"Wybierz si\u0119 na szlaki via ferrata w Austrii. W tym wpisie znajdziesz opis via ferrat w okolicy Zalzburga: Postalmklamm i Laser alpin. Prze\u017cyj alpejsk\u0105 przygod\u0119.\" \/>\n\t\t<meta property=\"og:url\" content=\"https:\/\/www.skalnik.pl\/blog\/ferraty-w-austrii-ziemia-salzburska\/\" \/>\n\t\t<meta property=\"og:image\" content=\"https:\/\/skalnik.pl\/blog\/wp-content\/uploads\/2019\/06\/postalmklamm-info-1024x768.jpg\" \/>\n\t\t<meta property=\"og:image:secure_url\" content=\"https:\/\/skalnik.pl\/blog\/wp-content\/uploads\/2019\/06\/postalmklamm-info-1024x768.jpg\" \/>\n\t\t<meta property=\"article:tag\" content=\"pasja\" \/>\n\t\t<meta property=\"article:tag\" content=\"alpy\" \/>\n\t\t<meta property=\"article:tag\" content=\"via ferrata\" \/>\n\t\t<meta property=\"article:published_time\" content=\"2019-07-03T12:46:13+00:00\" \/>\n\t\t<meta property=\"article:modified_time\" content=\"2019-08-02T07:57:45+00:00\" \/>\n\t\t<meta name=\"twitter:card\" content=\"summary_large_image\" \/>\n\t\t<meta name=\"twitter:title\" content=\"Ferraty w Austrii \u2013 Ziemia Salzburska - blog Skalnik\" \/>\n\t\t<meta name=\"twitter:description\" content=\"Wybierz si\u0119 na szlaki via ferrata w Austrii. W tym wpisie znajdziesz opis via ferrat w okolicy Zalzburga: Postalmklamm i Laser alpin. Prze\u017cyj alpejsk\u0105 przygod\u0119.\" \/>\n\t\t<meta name=\"twitter:image\" content=\"https:\/\/skalnik.pl\/blog\/wp-content\/uploads\/2019\/06\/postalmklamm-info-1024x768.jpg\" \/>\n\t\t<script type=\"application\/ld+json\" class=\"aioseo-schema\">\n\t\t\t{\"@context\":\"https:\\\/\\\/schema.org\",\"@graph\":[{\"@type\":\"BlogPosting\",\"@id\":\"https:\\\/\\\/www.skalnik.pl\\\/blog\\\/ferraty-w-austrii-ziemia-salzburska\\\/#blogposting\",\"name\":\"Ferraty w Austrii \\u2013 Ziemia Salzburska - blog Skalnik\",\"headline\":\"Ferraty w Austrii &#8211; Ziemia Salzburska\",\"author\":{\"@id\":\"https:\\\/\\\/www.skalnik.pl\\\/blog\\\/author\\\/beata-nawrotkiewicz\\\/#author\"},\"publisher\":{\"@id\":\"https:\\\/\\\/www.skalnik.pl\\\/blog\\\/#organization\"},\"image\":{\"@type\":\"ImageObject\",\"url\":\"https:\\\/\\\/www.skalnik.pl\\\/blog\\\/wp-content\\\/uploads\\\/2019\\\/06\\\/Mario-ferraty-e1561492454693.jpg\",\"width\":1920,\"height\":705,\"caption\":\"OLYMPUS DIGITAL CAMERA\"},\"datePublished\":\"2019-07-03T14:46:13+02:00\",\"dateModified\":\"2019-08-02T09:57:45+02:00\",\"inLanguage\":\"pl-PL\",\"mainEntityOfPage\":{\"@id\":\"https:\\\/\\\/www.skalnik.pl\\\/blog\\\/ferraty-w-austrii-ziemia-salzburska\\\/#webpage\"},\"isPartOf\":{\"@id\":\"https:\\\/\\\/www.skalnik.pl\\\/blog\\\/ferraty-w-austrii-ziemia-salzburska\\\/#webpage\"},\"articleSection\":\"Pasja, alpy, via ferrata, 1176\"},{\"@type\":\"BreadcrumbList\",\"@id\":\"https:\\\/\\\/www.skalnik.pl\\\/blog\\\/ferraty-w-austrii-ziemia-salzburska\\\/#breadcrumblist\",\"itemListElement\":[{\"@type\":\"ListItem\",\"@id\":\"https:\\\/\\\/www.skalnik.pl\\\/blog#listItem\",\"position\":1,\"name\":\"Home\",\"item\":\"https:\\\/\\\/www.skalnik.pl\\\/blog\",\"nextItem\":{\"@type\":\"ListItem\",\"@id\":\"https:\\\/\\\/www.skalnik.pl\\\/blog\\\/.\\\/pasja\\\/#listItem\",\"name\":\"Pasja\"}},{\"@type\":\"ListItem\",\"@id\":\"https:\\\/\\\/www.skalnik.pl\\\/blog\\\/.\\\/pasja\\\/#listItem\",\"position\":2,\"name\":\"Pasja\",\"item\":\"https:\\\/\\\/www.skalnik.pl\\\/blog\\\/.\\\/pasja\\\/\",\"nextItem\":{\"@type\":\"ListItem\",\"@id\":\"https:\\\/\\\/www.skalnik.pl\\\/blog\\\/ferraty-w-austrii-ziemia-salzburska\\\/#listItem\",\"name\":\"Ferraty w Austrii &#8211; Ziemia Salzburska\"},\"previousItem\":{\"@type\":\"ListItem\",\"@id\":\"https:\\\/\\\/www.skalnik.pl\\\/blog#listItem\",\"name\":\"Home\"}},{\"@type\":\"ListItem\",\"@id\":\"https:\\\/\\\/www.skalnik.pl\\\/blog\\\/ferraty-w-austrii-ziemia-salzburska\\\/#listItem\",\"position\":3,\"name\":\"Ferraty w Austrii &#8211; Ziemia Salzburska\",\"previousItem\":{\"@type\":\"ListItem\",\"@id\":\"https:\\\/\\\/www.skalnik.pl\\\/blog\\\/.\\\/pasja\\\/#listItem\",\"name\":\"Pasja\"}}]},{\"@type\":\"Organization\",\"@id\":\"https:\\\/\\\/www.skalnik.pl\\\/blog\\\/#organization\",\"name\":\"blog Skalnik\",\"description\":\"Blog, porady, artyku\\u0142y - blog Skalnik\",\"url\":\"https:\\\/\\\/www.skalnik.pl\\\/blog\\\/\"},{\"@type\":\"Person\",\"@id\":\"https:\\\/\\\/www.skalnik.pl\\\/blog\\\/author\\\/beata-nawrotkiewicz\\\/#author\",\"url\":\"https:\\\/\\\/www.skalnik.pl\\\/blog\\\/author\\\/beata-nawrotkiewicz\\\/\",\"name\":\"Beata Nawrotkiewicz\",\"image\":{\"@type\":\"ImageObject\",\"@id\":\"https:\\\/\\\/www.skalnik.pl\\\/blog\\\/ferraty-w-austrii-ziemia-salzburska\\\/#authorImage\",\"url\":\"https:\\\/\\\/secure.gravatar.com\\\/avatar\\\/53cf81cfcc3a81694535515925ffcf159be725e8bd1fb455eeb9e2cadcaa5684?s=96&d=mm&r=g\",\"width\":96,\"height\":96,\"caption\":\"Beata Nawrotkiewicz\"}},{\"@type\":\"WebPage\",\"@id\":\"https:\\\/\\\/www.skalnik.pl\\\/blog\\\/ferraty-w-austrii-ziemia-salzburska\\\/#webpage\",\"url\":\"https:\\\/\\\/www.skalnik.pl\\\/blog\\\/ferraty-w-austrii-ziemia-salzburska\\\/\",\"name\":\"Ferraty w Austrii \\u2013 Ziemia Salzburska - blog Skalnik\",\"description\":\"Wybierz si\\u0119 na szlaki via ferrata w Austrii. W tym wpisie znajdziesz opis via ferrat w okolicy Zalzburga: Postalmklamm i Laser alpin. Prze\\u017cyj alpejsk\\u0105 przygod\\u0119.\",\"inLanguage\":\"pl-PL\",\"isPartOf\":{\"@id\":\"https:\\\/\\\/www.skalnik.pl\\\/blog\\\/#website\"},\"breadcrumb\":{\"@id\":\"https:\\\/\\\/www.skalnik.pl\\\/blog\\\/ferraty-w-austrii-ziemia-salzburska\\\/#breadcrumblist\"},\"author\":{\"@id\":\"https:\\\/\\\/www.skalnik.pl\\\/blog\\\/author\\\/beata-nawrotkiewicz\\\/#author\"},\"creator\":{\"@id\":\"https:\\\/\\\/www.skalnik.pl\\\/blog\\\/author\\\/beata-nawrotkiewicz\\\/#author\"},\"image\":{\"@type\":\"ImageObject\",\"url\":\"https:\\\/\\\/www.skalnik.pl\\\/blog\\\/wp-content\\\/uploads\\\/2019\\\/06\\\/Mario-ferraty-e1561492454693.jpg\",\"@id\":\"https:\\\/\\\/www.skalnik.pl\\\/blog\\\/ferraty-w-austrii-ziemia-salzburska\\\/#mainImage\",\"width\":1920,\"height\":705,\"caption\":\"OLYMPUS DIGITAL CAMERA\"},\"primaryImageOfPage\":{\"@id\":\"https:\\\/\\\/www.skalnik.pl\\\/blog\\\/ferraty-w-austrii-ziemia-salzburska\\\/#mainImage\"},\"datePublished\":\"2019-07-03T14:46:13+02:00\",\"dateModified\":\"2019-08-02T09:57:45+02:00\"},{\"@type\":\"WebSite\",\"@id\":\"https:\\\/\\\/www.skalnik.pl\\\/blog\\\/#website\",\"url\":\"https:\\\/\\\/www.skalnik.pl\\\/blog\\\/\",\"name\":\"blog Skalnik\",\"description\":\"Blog, porady, artyku\\u0142y - blog Skalnik\",\"inLanguage\":\"pl-PL\",\"publisher\":{\"@id\":\"https:\\\/\\\/www.skalnik.pl\\\/blog\\\/#organization\"}}]}\n\t\t<\/script>\n\t\t<!-- All in One SEO -->\n\n","aioseo_head_json":{"title":"Ferraty w Austrii \u2013 Ziemia Salzburska - blog Skalnik","description":"Wybierz si\u0119 na szlaki via ferrata w Austrii. W tym wpisie znajdziesz opis via ferrat w okolicy Zalzburga: Postalmklamm i Laser alpin. Prze\u017cyj alpejsk\u0105 przygod\u0119.","canonical_url":"https:\/\/www.skalnik.pl\/blog\/ferraty-w-austrii-ziemia-salzburska\/","robots":"max-image-preview:large","keywords":"","webmasterTools":{"miscellaneous":""},"schema":{"@context":"https:\/\/schema.org","@graph":[{"@type":"BlogPosting","@id":"https:\/\/www.skalnik.pl\/blog\/ferraty-w-austrii-ziemia-salzburska\/#blogposting","name":"Ferraty w Austrii \u2013 Ziemia Salzburska - blog Skalnik","headline":"Ferraty w Austrii &#8211; Ziemia Salzburska","author":{"@id":"https:\/\/www.skalnik.pl\/blog\/author\/beata-nawrotkiewicz\/#author"},"publisher":{"@id":"https:\/\/www.skalnik.pl\/blog\/#organization"},"image":{"@type":"ImageObject","url":"https:\/\/www.skalnik.pl\/blog\/wp-content\/uploads\/2019\/06\/Mario-ferraty-e1561492454693.jpg","width":1920,"height":705,"caption":"OLYMPUS DIGITAL CAMERA"},"datePublished":"2019-07-03T14:46:13+02:00","dateModified":"2019-08-02T09:57:45+02:00","inLanguage":"pl-PL","mainEntityOfPage":{"@id":"https:\/\/www.skalnik.pl\/blog\/ferraty-w-austrii-ziemia-salzburska\/#webpage"},"isPartOf":{"@id":"https:\/\/www.skalnik.pl\/blog\/ferraty-w-austrii-ziemia-salzburska\/#webpage"},"articleSection":"Pasja, alpy, via ferrata, 1176"},{"@type":"BreadcrumbList","@id":"https:\/\/www.skalnik.pl\/blog\/ferraty-w-austrii-ziemia-salzburska\/#breadcrumblist","itemListElement":[{"@type":"ListItem","@id":"https:\/\/www.skalnik.pl\/blog#listItem","position":1,"name":"Home","item":"https:\/\/www.skalnik.pl\/blog","nextItem":{"@type":"ListItem","@id":"https:\/\/www.skalnik.pl\/blog\/.\/pasja\/#listItem","name":"Pasja"}},{"@type":"ListItem","@id":"https:\/\/www.skalnik.pl\/blog\/.\/pasja\/#listItem","position":2,"name":"Pasja","item":"https:\/\/www.skalnik.pl\/blog\/.\/pasja\/","nextItem":{"@type":"ListItem","@id":"https:\/\/www.skalnik.pl\/blog\/ferraty-w-austrii-ziemia-salzburska\/#listItem","name":"Ferraty w Austrii &#8211; Ziemia Salzburska"},"previousItem":{"@type":"ListItem","@id":"https:\/\/www.skalnik.pl\/blog#listItem","name":"Home"}},{"@type":"ListItem","@id":"https:\/\/www.skalnik.pl\/blog\/ferraty-w-austrii-ziemia-salzburska\/#listItem","position":3,"name":"Ferraty w Austrii &#8211; Ziemia Salzburska","previousItem":{"@type":"ListItem","@id":"https:\/\/www.skalnik.pl\/blog\/.\/pasja\/#listItem","name":"Pasja"}}]},{"@type":"Organization","@id":"https:\/\/www.skalnik.pl\/blog\/#organization","name":"blog Skalnik","description":"Blog, porady, artyku\u0142y - blog Skalnik","url":"https:\/\/www.skalnik.pl\/blog\/"},{"@type":"Person","@id":"https:\/\/www.skalnik.pl\/blog\/author\/beata-nawrotkiewicz\/#author","url":"https:\/\/www.skalnik.pl\/blog\/author\/beata-nawrotkiewicz\/","name":"Beata Nawrotkiewicz","image":{"@type":"ImageObject","@id":"https:\/\/www.skalnik.pl\/blog\/ferraty-w-austrii-ziemia-salzburska\/#authorImage","url":"https:\/\/secure.gravatar.com\/avatar\/53cf81cfcc3a81694535515925ffcf159be725e8bd1fb455eeb9e2cadcaa5684?s=96&d=mm&r=g","width":96,"height":96,"caption":"Beata Nawrotkiewicz"}},{"@type":"WebPage","@id":"https:\/\/www.skalnik.pl\/blog\/ferraty-w-austrii-ziemia-salzburska\/#webpage","url":"https:\/\/www.skalnik.pl\/blog\/ferraty-w-austrii-ziemia-salzburska\/","name":"Ferraty w Austrii \u2013 Ziemia Salzburska - blog Skalnik","description":"Wybierz si\u0119 na szlaki via ferrata w Austrii. W tym wpisie znajdziesz opis via ferrat w okolicy Zalzburga: Postalmklamm i Laser alpin. Prze\u017cyj alpejsk\u0105 przygod\u0119.","inLanguage":"pl-PL","isPartOf":{"@id":"https:\/\/www.skalnik.pl\/blog\/#website"},"breadcrumb":{"@id":"https:\/\/www.skalnik.pl\/blog\/ferraty-w-austrii-ziemia-salzburska\/#breadcrumblist"},"author":{"@id":"https:\/\/www.skalnik.pl\/blog\/author\/beata-nawrotkiewicz\/#author"},"creator":{"@id":"https:\/\/www.skalnik.pl\/blog\/author\/beata-nawrotkiewicz\/#author"},"image":{"@type":"ImageObject","url":"https:\/\/www.skalnik.pl\/blog\/wp-content\/uploads\/2019\/06\/Mario-ferraty-e1561492454693.jpg","@id":"https:\/\/www.skalnik.pl\/blog\/ferraty-w-austrii-ziemia-salzburska\/#mainImage","width":1920,"height":705,"caption":"OLYMPUS DIGITAL CAMERA"},"primaryImageOfPage":{"@id":"https:\/\/www.skalnik.pl\/blog\/ferraty-w-austrii-ziemia-salzburska\/#mainImage"},"datePublished":"2019-07-03T14:46:13+02:00","dateModified":"2019-08-02T09:57:45+02:00"},{"@type":"WebSite","@id":"https:\/\/www.skalnik.pl\/blog\/#website","url":"https:\/\/www.skalnik.pl\/blog\/","name":"blog Skalnik","description":"Blog, porady, artyku\u0142y - blog Skalnik","inLanguage":"pl-PL","publisher":{"@id":"https:\/\/www.skalnik.pl\/blog\/#organization"}}]},"og:locale":"pl_PL","og:site_name":"blog Skalnik - Blog, porady, artyku\u0142y - blog Skalnik","og:type":"article","og:title":"Ferraty w Austrii \u2013 Ziemia Salzburska - blog Skalnik","og:description":"Wybierz si\u0119 na szlaki via ferrata w Austrii. W tym wpisie znajdziesz opis via ferrat w okolicy Zalzburga: Postalmklamm i Laser alpin. Prze\u017cyj alpejsk\u0105 przygod\u0119.","og:url":"https:\/\/www.skalnik.pl\/blog\/ferraty-w-austrii-ziemia-salzburska\/","og:image":"https:\/\/skalnik.pl\/blog\/wp-content\/uploads\/2019\/06\/postalmklamm-info-1024x768.jpg","og:image:secure_url":"https:\/\/skalnik.pl\/blog\/wp-content\/uploads\/2019\/06\/postalmklamm-info-1024x768.jpg","article:tag":["pasja","alpy","via ferrata"],"article:published_time":"2019-07-03T12:46:13+00:00","article:modified_time":"2019-08-02T07:57:45+00:00","twitter:card":"summary_large_image","twitter:title":"Ferraty w Austrii \u2013 Ziemia Salzburska - blog Skalnik","twitter:description":"Wybierz si\u0119 na szlaki via ferrata w Austrii. W tym wpisie znajdziesz opis via ferrat w okolicy Zalzburga: Postalmklamm i Laser alpin. Prze\u017cyj alpejsk\u0105 przygod\u0119.","twitter:image":"https:\/\/skalnik.pl\/blog\/wp-content\/uploads\/2019\/06\/postalmklamm-info-1024x768.jpg"},"aioseo_meta_data":{"post_id":"7753","title":"","description":"Wybierz si\u0119 na szlaki via ferrata w Austrii. W tym wpisie znajdziesz opis via ferrat w okolicy Zalzburga: Postalmklamm i Laser alpin. Prze\u017cyj alpejsk\u0105 przygod\u0119.","keywords":[{"label":"alpy","value":"alpy"},{"label":"via ferrata","value":"via ferrata"},{"label":"austria","value":"austria"},{"label":"zalzburg","value":"zalzburg"}],"keyphrases":null,"primary_term":null,"canonical_url":null,"og_title":null,"og_description":null,"og_object_type":"default","og_image_type":"default","og_image_url":null,"og_image_width":null,"og_image_height":null,"og_image_custom_url":null,"og_image_custom_fields":null,"og_video":null,"og_custom_url":null,"og_article_section":null,"og_article_tags":null,"twitter_use_og":false,"twitter_card":"default","twitter_image_type":"default","twitter_image_url":null,"twitter_image_custom_url":null,"twitter_image_custom_fields":null,"twitter_title":null,"twitter_description":null,"schema":{"blockGraphs":[],"customGraphs":[],"default":{"data":{"Article":[],"Course":[],"Dataset":[],"FAQPage":[],"Movie":[],"Person":[],"Product":[],"ProductReview":[],"Car":[],"Recipe":[],"Service":[],"SoftwareApplication":[],"WebPage":[]},"graphName":"BlogPosting","isEnabled":true},"graphs":[]},"schema_type":"default","schema_type_options":null,"pillar_content":false,"robots_default":true,"robots_noindex":false,"robots_noarchive":false,"robots_nosnippet":false,"robots_nofollow":false,"robots_noimageindex":false,"robots_noodp":false,"robots_notranslate":false,"robots_max_snippet":null,"robots_max_videopreview":null,"robots_max_imagepreview":"large","priority":null,"frequency":null,"local_seo":null,"breadcrumb_settings":null,"limit_modified_date":false,"ai":null,"created":"2022-08-26 10:01:47","updated":"2026-02-17 21:34:53","seo_analyzer_scan_date":null},"aioseo_breadcrumb":"<div class=\"aioseo-breadcrumbs\"><span class=\"aioseo-breadcrumb\">\n\t\t\t<a href=\"https:\/\/www.skalnik.pl\/blog\" title=\"Home\">Home<\/a>\n\t\t<\/span><span class=\"aioseo-breadcrumb-separator\">&raquo;<\/span><span class=\"aioseo-breadcrumb\">\n\t\t\t<a href=\"https:\/\/www.skalnik.pl\/blog\/.\/pasja\/\" title=\"Pasja\">Pasja<\/a>\n\t\t<\/span><span class=\"aioseo-breadcrumb-separator\">&raquo;<\/span><span class=\"aioseo-breadcrumb\">\n\t\t\tFerraty w Austrii \u2013 Ziemia Salzburska\n\t\t<\/span><\/div>","aioseo_breadcrumb_json":[{"label":"Home","link":"https:\/\/www.skalnik.pl\/blog"},{"label":"Pasja","link":"https:\/\/www.skalnik.pl\/blog\/.\/pasja\/"},{"label":"Ferraty w Austrii &#8211; Ziemia Salzburska","link":"https:\/\/www.skalnik.pl\/blog\/ferraty-w-austrii-ziemia-salzburska\/"}],"_links":{"self":[{"href":"https:\/\/www.skalnik.pl\/blog\/wp-json\/wp\/v2\/posts\/7753","targetHints":{"allow":["GET"]}}],"collection":[{"href":"https:\/\/www.skalnik.pl\/blog\/wp-json\/wp\/v2\/posts"}],"about":[{"href":"https:\/\/www.skalnik.pl\/blog\/wp-json\/wp\/v2\/types\/post"}],"author":[{"embeddable":true,"href":"https:\/\/www.skalnik.pl\/blog\/wp-json\/wp\/v2\/users\/9"}],"replies":[{"embeddable":true,"href":"https:\/\/www.skalnik.pl\/blog\/wp-json\/wp\/v2\/comments?post=7753"}],"version-history":[{"count":12,"href":"https:\/\/www.skalnik.pl\/blog\/wp-json\/wp\/v2\/posts\/7753\/revisions"}],"predecessor-version":[{"id":8221,"href":"https:\/\/www.skalnik.pl\/blog\/wp-json\/wp\/v2\/posts\/7753\/revisions\/8221"}],"wp:featuredmedia":[{"embeddable":true,"href":"https:\/\/www.skalnik.pl\/blog\/wp-json\/wp\/v2\/media\/7771"}],"wp:attachment":[{"href":"https:\/\/www.skalnik.pl\/blog\/wp-json\/wp\/v2\/media?parent=7753"}],"wp:term":[{"taxonomy":"category","embeddable":true,"href":"https:\/\/www.skalnik.pl\/blog\/wp-json\/wp\/v2\/categories?post=7753"},{"taxonomy":"post_tag","embeddable":true,"href":"https:\/\/www.skalnik.pl\/blog\/wp-json\/wp\/v2\/tags?post=7753"},{"taxonomy":"magento_category","embeddable":true,"href":"https:\/\/www.skalnik.pl\/blog\/wp-json\/wp\/v2\/magento_category?post=7753"},{"taxonomy":"magento_product","embeddable":true,"href":"https:\/\/www.skalnik.pl\/blog\/wp-json\/wp\/v2\/magento_product?post=7753"}],"curies":[{"name":"wp","href":"https:\/\/api.w.org\/{rel}","templated":true}]}}