{"id":7797,"date":"2019-07-08T08:00:48","date_gmt":"2019-07-08T06:00:48","guid":{"rendered":"https:\/\/skalnik.pl\/blog\/?p=7797"},"modified":"2019-07-19T08:42:46","modified_gmt":"2019-07-19T06:42:46","slug":"scarpa-zen-pro-buty-nie-do-zdarcia","status":"publish","type":"post","link":"https:\/\/www.skalnik.pl\/blog\/scarpa-zen-pro-buty-nie-do-zdarcia\/","title":{"rendered":"Scarpa Zen Pro \u2013 buty nie do zdarcia"},"content":{"rendered":"<p><b>Od wielu ju\u017c lat buty podej\u015bciowe, czyli niskie buty trekkingowe, s\u0105 moim codziennym obuwiem. U\u017cywam ich jako podej\u015bci\u00f3wek w drodze pod ska\u0142y, but\u00f3w g\u00f3rskich podczas hike\u2019\u00f3w pod \u015bciany Dolomit\u00f3w, jak r\u00f3wnie\u017c but\u00f3w, w kt\u00f3rych podchodz\u0119 na szczyty klif\u00f3w, z kt\u00f3rych skacz\u0119.<\/b><\/p>\n<p>Moje buty nie maj\u0105 \u0142atwego \u017cycia. Musz\u0105 spe\u0142nia\u0107 wiele wymaga\u0144 jednocze\u015bnie: od solidno\u015bci i trwa\u0142o\u015bci wykonania, przez odpowiedni\u0105 sztywno\u015b\u0107 i przyczepno\u015b\u0107 podeszwy oraz jej odporno\u015b\u0107 na zu\u017cycie, dobr\u0105 amortyzacj\u0119, a\u017c po ma\u0142\u0105 wag\u0119, aby nie holowa\u0107 dodatkowego ci\u0119\u017caru podpi\u0119tego do uprze\u017cy podczas wspinaczki. Wiem, \u017ce trudno jest mie\u0107 jedne dobre buty odpowiednie do wszystkich zada\u0144, ale wybieraj\u0105c obuwie mo\u017cna spr\u00f3bowa\u0107 dobra\u0107 takie, kt\u00f3re \u0142\u0105cz\u0105 w sobie cechy odpowiadajace wi\u0119kszo\u015bci naszych oczekiwa\u0144.<\/p>\n<p>W ostatnim czasie testowa\u0142am buty podej\u015bciowe w\u0142oskiego producenta Scarpa &#8211; Zen Pro. By\u0142y to trzecie buty podej\u015bciowe Scarpy, w kt\u00f3rych wychodzi\u0142am naprzeciw g\u00f3rskiej przygodzie. Marki <a href=\"https:\/\/skalnik.pl\/scarpa\">Scarpa<\/a> nikomu reklamowa\u0107 nie trzeba. Jest to firma specjalizuj\u0105ca si\u0119 w produkcji technicznych but\u00f3w g\u00f3rskich oraz topowych modeli but\u00f3w wspinaczkowych. Zen Pro jest now\u0105, ulepszon\u0105 wersj\u0105 wcze\u015bniejszego modelu Zen. By\u0142y one ze mn\u0105 na wyjazdach wspinaczkowych w Dolomity, na hikingu g\u00f3rskim w deszczowych warunkach oraz na skokach. Jak si\u0119 sprawdzi\u0142y?<\/p>\n<p>&nbsp;<\/p>\n<div id=\"attachment_7804\" style=\"width: 610px\" class=\"wp-caption aligncenter\"><img loading=\"lazy\" decoding=\"async\" aria-describedby=\"caption-attachment-7804\" class=\"wp-image-7804\" src=\"https:\/\/skalnik.pl\/blog\/wp-content\/uploads\/2019\/07\/DSC05427-819x1024.jpg\" alt=\"Buty Scarpa Zen Pro opinia\" width=\"600\" height=\"750\" srcset=\"https:\/\/www.skalnik.pl\/blog\/wp-content\/uploads\/2019\/07\/DSC05427-819x1024.jpg 819w, https:\/\/www.skalnik.pl\/blog\/wp-content\/uploads\/2019\/07\/DSC05427-240x300.jpg 240w, https:\/\/www.skalnik.pl\/blog\/wp-content\/uploads\/2019\/07\/DSC05427-768x960.jpg 768w, https:\/\/www.skalnik.pl\/blog\/wp-content\/uploads\/2019\/07\/DSC05427.jpg 1680w\" sizes=\"auto, (max-width: 600px) 100vw, 600px\" \/><p id=\"caption-attachment-7804\" class=\"wp-caption-text\">Buty, kt\u00f3re lubi\u0105 nie tylko g\u00f3rskie w\u0119dr\u00f3wki (fot. Bart Bazior).<\/p><\/div>\n<p>&nbsp;<\/p>\n<div id=\"ez-toc-container\" class=\"ez-toc-v2_0_85 counter-hierarchy ez-toc-counter ez-toc-light-blue ez-toc-container-direction\">\n<div class=\"ez-toc-title-container\">\n<p class=\"ez-toc-title\" style=\"cursor:inherit\">SPIS TRE\u015aCI <\/p>\n<span class=\"ez-toc-title-toggle\"><a href=\"#\" class=\"ez-toc-pull-right ez-toc-btn ez-toc-btn-xs ez-toc-btn-default ez-toc-toggle\" aria-label=\"Prze\u0142\u0105cznik Spisu Tre\u015bci\"><span class=\"ez-toc-js-icon-con\"><span class=\"\"><span class=\"eztoc-hide\" style=\"display:none;\">Toggle<\/span><span class=\"ez-toc-icon-toggle-span\"><svg style=\"fill: #999;color:#999\" xmlns=\"http:\/\/www.w3.org\/2000\/svg\" class=\"list-377408\" width=\"20px\" height=\"20px\" viewBox=\"0 0 24 24\" fill=\"none\"><path d=\"M6 6H4v2h2V6zm14 0H8v2h12V6zM4 11h2v2H4v-2zm16 0H8v2h12v-2zM4 16h2v2H4v-2zm16 0H8v2h12v-2z\" fill=\"currentColor\"><\/path><\/svg><svg style=\"fill: #999;color:#999\" class=\"arrow-unsorted-368013\" xmlns=\"http:\/\/www.w3.org\/2000\/svg\" width=\"10px\" height=\"10px\" viewBox=\"0 0 24 24\" version=\"1.2\" baseProfile=\"tiny\"><path d=\"M18.2 9.3l-6.2-6.3-6.2 6.3c-.2.2-.3.4-.3.7s.1.5.3.7c.2.2.4.3.7.3h11c.3 0 .5-.1.7-.3.2-.2.3-.5.3-.7s-.1-.5-.3-.7zM5.8 14.7l6.2 6.3 6.2-6.3c.2-.2.3-.5.3-.7s-.1-.5-.3-.7c-.2-.2-.4-.3-.7-.3h-11c-.3 0-.5.1-.7.3-.2.2-.3.5-.3.7s.1.5.3.7z\"\/><\/svg><\/span><\/span><\/span><\/a><\/span><\/div>\n<nav><ul class='ez-toc-list ez-toc-list-level-1 ' ><li class='ez-toc-page-1 ez-toc-heading-level-2'><a class=\"ez-toc-link ez-toc-heading-1\" href=\"https:\/\/www.skalnik.pl\/blog\/scarpa-zen-pro-buty-nie-do-zdarcia\/#Buty_podejsciowe_Scarpa_Zen_%E2%80%93_jakosc_wykonania\" >Buty podej\u015bciowe Scarpa Zen \u2013 jako\u015b\u0107 wykonania<\/a><\/li><li class='ez-toc-page-1 ez-toc-heading-level-2'><a class=\"ez-toc-link ez-toc-heading-2\" href=\"https:\/\/www.skalnik.pl\/blog\/scarpa-zen-pro-buty-nie-do-zdarcia\/#Buty_Zen_Pro_w_terenie_%E2%80%93_wygoda\" >Buty Zen Pro w terenie \u2013 wygoda<\/a><\/li><li class='ez-toc-page-1 ez-toc-heading-level-2'><a class=\"ez-toc-link ez-toc-heading-3\" href=\"https:\/\/www.skalnik.pl\/blog\/scarpa-zen-pro-buty-nie-do-zdarcia\/#Oddychalnosc_i_odpornosc_na_wode\" >Oddychalno\u015b\u0107 i odporno\u015b\u0107 na wod\u0119<\/a><\/li><li class='ez-toc-page-1 ez-toc-heading-level-2'><a class=\"ez-toc-link ez-toc-heading-4\" href=\"https:\/\/www.skalnik.pl\/blog\/scarpa-zen-pro-buty-nie-do-zdarcia\/#Amortyzacja\" >Amortyzacja<\/a><\/li><li class='ez-toc-page-1 ez-toc-heading-level-2'><a class=\"ez-toc-link ez-toc-heading-5\" href=\"https:\/\/www.skalnik.pl\/blog\/scarpa-zen-pro-buty-nie-do-zdarcia\/#Buty_Zen_Pro_%E2%80%93_podsumowanie\" >Buty Zen Pro \u2013 podsumowanie:<\/a><\/li><\/ul><\/nav><\/div>\n<h2><span class=\"ez-toc-section\" id=\"Buty_podejsciowe_Scarpa_Zen_%E2%80%93_jakosc_wykonania\"><\/span>Buty podej\u015bciowe Scarpa Zen \u2013 jako\u015b\u0107 wykonania<span class=\"ez-toc-section-end\"><\/span><\/h2>\n<p>Buty s\u0105 wykonane z zamszu, z dba\u0142o\u015bci\u0105 o szczeg\u00f3\u0142y. Wygl\u0105daj\u0105 nieco masywnie, w por\u00f3wnaniu na przyk\u0142ad do modelu Scarpa Crux. Maj\u0105 solidn\u0105, tward\u0105 podeszw\u0119 Vibram\u00ae Spyder, po kt\u00f3rej mo\u017cna si\u0119 spodziewa\u0107, \u017ce \u017cadne pod\u0142o\u017ce nie b\u0119dzie jej straszne. Syntetyczna wy\u015bci\u00f3\u0142ka buta oraz wk\u0142adka s\u0105 do\u015b\u0107 dobrze skrojone i wed\u0142ug zapewnie\u0144 producenta maj\u0105 podnosi\u0107 komfort termiczny stopy podczas u\u017cytkowania but\u00f3w. But wygl\u0105da estetycznie i jest dost\u0119pny w kilku ciekawych wersjach kolorystycznych w wersji dla kobiet (<a href=\"https:\/\/skalnik.pl\/buty-zen-pro-women-nile-blue-salmon-scarpa-665341\">Scarpa Zen Pro Women<\/a>) i w wersji m\u0119skiej.<\/p>\n<p>&nbsp;<\/p>\n<h2><span class=\"ez-toc-section\" id=\"Buty_Zen_Pro_w_terenie_%E2%80%93_wygoda\"><\/span>Buty Zen Pro w terenie \u2013 wygoda<span class=\"ez-toc-section-end\"><\/span><\/h2>\n<p>Pierwsze wyj\u015bcie w g\u00f3rski teren w butach Scarpa Zen Pro by\u0142o wygodne, cho\u0107 przyznam, \u017ce czu\u0142am, i\u017c moje stopy s\u0105 naprawd\u0119 pancernie opakowane. Sztywna podeszwa pozwala na przemieszczanie si\u0119 w trudnym, nier\u00f3wnym terenie bez najmniejszego odczucia jakichkolwiek nier\u00f3wno\u015bci pod stopami. I to bez w\u0105tpienia jest ogromn\u0105 zalet\u0105 tego modelu. Podeszwa Vibram \u015bwietnie trzyma na mokrych trawach, b\u0142otnistej nawierzchni, czy mokrej skale. W tych butach mo\u017cna \u015bmia\u0142o stawia\u0107 stopy na wszystkim, co nam si\u0119 nawinie po drodze. Bez wzgl\u0119du na to, czy jest mokre, czy suche. \u015awietna przyczepno\u015b\u0107 podeszwy jest zatem drug\u0105, po jej sztywno\u015bci, du\u017c\u0105 zalet\u0105 tych but\u00f3w.<\/p>\n<p>&nbsp;<\/p>\n<div id=\"attachment_7802\" style=\"width: 910px\" class=\"wp-caption aligncenter\"><img loading=\"lazy\" decoding=\"async\" aria-describedby=\"caption-attachment-7802\" class=\"wp-image-7802\" src=\"https:\/\/skalnik.pl\/blog\/wp-content\/uploads\/2019\/07\/A7R09055-1024x683.jpg\" alt=\"Podeszwa but\u00f3w Scarpa Zen Pro\" width=\"900\" height=\"600\" srcset=\"https:\/\/www.skalnik.pl\/blog\/wp-content\/uploads\/2019\/07\/A7R09055-1024x683.jpg 1024w, https:\/\/www.skalnik.pl\/blog\/wp-content\/uploads\/2019\/07\/A7R09055-300x200.jpg 300w, https:\/\/www.skalnik.pl\/blog\/wp-content\/uploads\/2019\/07\/A7R09055-768x512.jpg 768w\" sizes=\"auto, (max-width: 900px) 100vw, 900px\" \/><p id=\"caption-attachment-7802\" class=\"wp-caption-text\">Podeszwa Vibram zapewnia komfort w ka\u017cdych warunkach (fot. Bart Bazior)<\/p><\/div>\n<p>&nbsp;<\/p>\n<p>Je\u015bli chodzi o wag\u0119 but\u00f3w, to nie jest ona najmniejsza. Buty s\u0105 do\u015b\u0107 ci\u0119\u017ckie z racji swojej masywnej budowy, co z jednej strony zapewnia ich trwa\u0142o\u015b\u0107 i odporno\u015b\u0107 na uszkodzenia mechaniczne. Z drugiej za\u015b czyni butami do\u015b\u0107 ci\u0119\u017ckimi, je\u015bli chcemy podej\u015b\u0107 w nich pod \u015bcian\u0119 i p\u00f3\u017aniej wspina\u0107 si\u0119 przez kilka godzin trzymaj\u0105c je na plecach w plecaku.<\/p>\n<p>Prz\u00f3d buta jest do\u015b\u0107 szeroki, dzi\u0119ki czemu zapewnia przestrze\u0144 paluchom. Zalet\u0119 takiej budowy buta da si\u0119 odczu\u0107 zw\u0142aszcza podczas schodzenia w stromym terenie \u2013 koniuszki paluch\u00f3w stopy nie obijaj\u0105 si\u0119 bole\u015bnie o przody but\u00f3w i s\u0105 dobrze chronione nawet wtedy, gdy uderzymy stop\u0105 mocniej o jaki\u015b wystaj\u0105cy kamie\u0144 czy korze\u0144.<\/p>\n<p>System sznurowania buta, jak i same sznur\u00f3wki, s\u0105 bardzo dobre. But mo\u017cna precyzyjnie dowi\u0105za\u0107 i dostosowa\u0107 do stopy dzi\u0119ki sznurowad\u0142om, kt\u00f3re nie rozwi\u0105zuj\u0105 si\u0119 co kilka krok\u00f3w, ani nie luzuj\u0105 podczas marszu. Poza tym ca\u0142y system sznurowania buta schodzi do\u015b\u0107 nisko w stron\u0119 palc\u00f3w stopy, co dodatkowo zapewnia mo\u017cliwie najlepsze dopasowanie buta.<\/p>\n<p>J\u0119zyk buta jest od wysoko\u015bci palc\u00f3w do 3\/4 swojej d\u0142ugo\u015bci zszyty z butem, co zapobiega jego przemieszczaniu si\u0119 podczas chodzenia I eliminuje mo\u017cliwo\u015b\u0107 ewentualnych obtar\u0107 stopy.<\/p>\n<p>&nbsp;<\/p>\n<h2><span class=\"ez-toc-section\" id=\"Oddychalnosc_i_odpornosc_na_wode\"><\/span>Oddychalno\u015b\u0107 i odporno\u015b\u0107 na wod\u0119<span class=\"ez-toc-section-end\"><\/span><\/h2>\n<p>Buty do\u015b\u0107 dobrze odprowadzaj\u0105 wilgo\u0107 w g\u00f3rskich (ch\u0142odniejszych) warunkach. Gdy temperatury zbli\u017caj\u0105 si\u0119 do 30\u00b0C, w bucie zaczyna si\u0119 robi\u0107 bardzo ciep\u0142o i nie jest ju\u017c tak przyjemnie wygodny, jak w nieco ch\u0142odniejszych okoliczno\u015bciach przyrody.<\/p>\n<p>Cho\u0107 u\u017cywany przeze mnie model buta Scarpa Zen Pro nie posiada dodatkowej warstwy wodoodpornej typu membrany GORE-TEX, jest on wystarczaj\u0105co odporny na wilgo\u0107 tak\u0105 jak mokre trawy, rosa, a nawet niestraszne mu niewielkie ka\u0142u\u017ce, czy ma\u0142y deszczyk. Gumowy otok poprowadzony na znacznej cz\u0119\u015bci buta na pewno poprawia jego w\u0142a\u015bciwo\u015bci wodoodporne. Oczywi\u015bcie nie ma co spodziewa\u0107 si\u0119 ca\u0142kowitej wodoodporno\u015bci buta podczas letniej, g\u00f3rskiej ulewy. Niemniej jednak jest ona wystarczaj\u0105ca na podeszczowe warunki.<\/p>\n<p>&nbsp;<\/p>\n<div id=\"attachment_7801\" style=\"width: 610px\" class=\"wp-caption aligncenter\"><img loading=\"lazy\" decoding=\"async\" aria-describedby=\"caption-attachment-7801\" class=\"wp-image-7801\" src=\"https:\/\/skalnik.pl\/blog\/wp-content\/uploads\/2019\/07\/A7R09049-683x1024.jpg\" alt=\"Scarpa Zen Pro - recenzja Marty Soko\u0142owskiej\" width=\"600\" height=\"899\" srcset=\"https:\/\/www.skalnik.pl\/blog\/wp-content\/uploads\/2019\/07\/A7R09049-683x1024.jpg 683w, https:\/\/www.skalnik.pl\/blog\/wp-content\/uploads\/2019\/07\/A7R09049-200x300.jpg 200w, https:\/\/www.skalnik.pl\/blog\/wp-content\/uploads\/2019\/07\/A7R09049-768x1151.jpg 768w, https:\/\/www.skalnik.pl\/blog\/wp-content\/uploads\/2019\/07\/A7R09049.jpg 1401w\" sizes=\"auto, (max-width: 600px) 100vw, 600px\" \/><p id=\"caption-attachment-7801\" class=\"wp-caption-text\">Podeszwa Vibram\u00ae Spyder bardzo lubi kamieniste pod\u0142o\u017ca (fot. Bart Bazior).<\/p><\/div>\n<p>&nbsp;<\/p>\n<h2><span class=\"ez-toc-section\" id=\"Amortyzacja\"><\/span>Amortyzacja<span class=\"ez-toc-section-end\"><\/span><\/h2>\n<p>Dobra amortyzacja pozwala na zmniejszenie odczuwalnej si\u0142y uderzenia stop\u0105 o pod\u0142o\u017ce podczas chodzenia, jak i zmniejsza odczuwanie wszelkiego rodzaju nier\u00f3wno\u015bci pod\u0142o\u017ca, po kt\u00f3rym st\u0105pamy. Osobi\u015bcie ma ona dla mnie ogromne znaczenie w dw\u00f3ch przypadkach: na d\u0142ugich, g\u00f3rskich podej\u015bciach z ci\u0119\u017ckim plecakiem, oraz podczas l\u0105dowania po skoku w trudnym terenie.<\/p>\n<p>Amortyzacja zar\u00f3wno pi\u0119ty, jak i przedniej cz\u0119\u015bci stopy, jest bardzo dobra. Oczywi\u015bcie co\u015b kosztem czego\u015b \u2013 \u015bwietna amortyzacja przodu stopy powoduje mniejsze czucie pod\u0142o\u017ca w tej cz\u0119\u015bci buta. Stanowi to wad\u0119, gdy kto\u015b chcia\u0142by wspi\u0105\u0107 si\u0119 w nich gdzie\u015b w \u0142atwym terenie. R\u00f3wnocze\u015bnie stanowi ona zalet\u0119, je\u015bli chcemy w nich maszerowa\u0107 godzinami po g\u00f3rach z ci\u0119\u017ckim worem na plecach, w trudnym, nier\u00f3wnym terenie.<\/p>\n<p>Twarda podeszwa modelu Zen Pro ma jeszcze jeden plus \u2013 bez problemu mo\u017cna podpi\u0105\u0107 raki koszykowe do tych niskich but\u00f3w podej\u015bciowych. Mog\u0105 si\u0119 one wi\u0119c okaza\u0107 bardzo trafionym rozwi\u0105zaniem dla os\u00f3b, kt\u00f3re planuj\u0105 letnie wyjazdy w g\u00f3ry lodowcowe, gdzie np. po uko\u0144czeniu via ferraty w drodze zej\u015bciowej trzeba przej\u015b\u0107 pewien odcinek po lodowcu.<\/p>\n<p>Jedyn\u0105 wad\u0105 jest prawie kompletnie p\u0142aska wk\u0142adka buta. Nie jest ona anatomicznie wyprofilowana w taki spos\u00f3b, aby wspiera\u0107 mi\u0119\u015bnie podbicia stopy, a szkoda. Po kilku godzinach marszu w sztywnych, ale niestety nie wyprofilowanych wewn\u0105trz butach, odczuwa\u0142am pewien dyskomfort (zm\u0119czenie) w\u0142a\u015bnie w podbiciach st\u00f3p. Ale jak wiadomo, wiele zale\u017cy w tym przypadku od budowy stopy i jest to jedynie moje, subiektywne odczucie.<\/p>\n<p>&nbsp;<\/p>\n<h2><span class=\"ez-toc-section\" id=\"Buty_Zen_Pro_%E2%80%93_podsumowanie\"><\/span>Buty Zen Pro \u2013 podsumowanie:<span class=\"ez-toc-section-end\"><\/span><\/h2>\n<ul>\n<li>bardzo dobry wyb\u00f3r dla os\u00f3b potrzebuj\u0105cych buta zapewniaj\u0105cego naprawd\u0119 dobr\u0105 amortyzacj\u0119 i ochron\u0119 stopy w trudnym terenie<\/li>\n<li>buty o \u015bwietnym, stylowym kroju, jednocze\u015bnie pancernie zabezpieczone przed mo\u017cliwo\u015bci\u0105 szybkiego ich zniszczenia<\/li>\n<li>ze wzgl\u0119du na sztywno\u015b\u0107 podeszwy mo\u017cna \u015bmia\u0142o zak\u0142ada\u0107 na nie raki koszykowe w razie potrzeby<\/li>\n<li>dobra oddychalno\u015b\u0107 w temperaturach do 25\u00b0C<\/li>\n<li>bardzo dobra przyczepno\u015b\u0107 do r\u00f3\u017cnego rodzaju pod\u0142o\u017ca, zar\u00f3wno suchego, jak i mokrego<\/li>\n<li>buty s\u0105 dost\u0119pne zar\u00f3wno w wersji damskiej, jak i m\u0119skiej (w r\u00f3\u017cnych ciekawych wersjach kolorystycznych)<\/li>\n<\/ul>\n<p>My\u015bl\u0119, \u017ce buty <a href=\"https:\/\/skalnik.pl\/buty-zen-pro-lake-blue-mustard-679664\">Scarpa Zen Pro<\/a> b\u0119d\u0105 dobrym wyborem dla os\u00f3b wybieraj\u0105cych si\u0119 na via ferraty, w\u0119druj\u0105cych du\u017co po g\u00f3rach z ci\u0119\u017ckim plecakiem na plecach, w stylu od schroniska do schroniska. Dla tych, kt\u00f3rzy ceni\u0105 sobie trwa\u0142o\u015b\u0107 i dobr\u0105 jako\u015b\u0107 wykonania i wyko\u0144czenia obuwia b\u0119d\u0105 strza\u0142em w dziesi\u0105tk\u0119. Zen Pro jest trzecim modelem podej\u015bci\u00f3wek Scarpy, kt\u00f3ry mia\u0142am okazj\u0119 u\u017cytkowa\u0107 i jestem z testowanego modelu zadowolona.<\/p>\n","protected":false},"excerpt":{"rendered":"<p>Scarpa to jeden z czo\u0142owych producent\u00f3w but\u00f3w podej\u015bciowych. Jednemu z modeli &#8211; butom Zen Pro &#8211; przyjrza\u0142a si\u0119 Marta Soko\u0142owska. Przeczytaj jak sprawdzi\u0142y si\u0119 w terenie.<\/p>\n","protected":false},"author":25,"featured_media":7803,"comment_status":"open","ping_status":"open","sticky":false,"template":"","format":"standard","meta":{"_acf_changed":false,"footnotes":""},"categories":[8],"tags":[104,107,228,229],"magento_category":[64],"magento_product":[],"class_list":["post-7797","post","type-post","status-publish","format-standard","has-post-thumbnail","hentry","category-testy","tag-buty","tag-lato","tag-opinie","tag-testy"],"acf":[],"aioseo_notices":[],"aioseo_head":"\n\t\t<!-- All in One SEO 4.9.10 - aioseo.com -->\n\t<meta name=\"description\" content=\"Buty Scarpa to popularny wyb\u00f3r naszych klient\u00f3w. Marta Soko\u0142owska pisze jak sprawdzi\u0142 si\u0119 u niej model Scarpa Zen Pro Women.\" \/>\n\t<meta name=\"robots\" content=\"max-image-preview:large\" \/>\n\t<meta name=\"author\" content=\"Marta Soko\u0142owska\"\/>\n\t<link rel=\"canonical\" href=\"https:\/\/www.skalnik.pl\/blog\/scarpa-zen-pro-buty-nie-do-zdarcia\/\" \/>\n\t<meta name=\"generator\" content=\"All in One SEO (AIOSEO) 4.9.10\" \/>\n\t\t<meta property=\"og:locale\" content=\"pl_PL\" \/>\n\t\t<meta property=\"og:site_name\" content=\"blog Skalnik - Blog, porady, artyku\u0142y - blog Skalnik\" \/>\n\t\t<meta property=\"og:type\" content=\"article\" \/>\n\t\t<meta property=\"og:title\" content=\"Scarpa Zen Pro \u2013 buty nie do zdarcia - blog Skalnik\" \/>\n\t\t<meta property=\"og:description\" content=\"Buty Scarpa to popularny wyb\u00f3r naszych klient\u00f3w. Marta Soko\u0142owska pisze jak sprawdzi\u0142 si\u0119 u niej model Scarpa Zen Pro Women.\" \/>\n\t\t<meta property=\"og:url\" content=\"https:\/\/www.skalnik.pl\/blog\/scarpa-zen-pro-buty-nie-do-zdarcia\/\" \/>\n\t\t<meta property=\"og:image\" content=\"https:\/\/skalnik.pl\/blog\/wp-content\/uploads\/2019\/07\/DSC05427-819x1024.jpg\" \/>\n\t\t<meta property=\"og:image:secure_url\" content=\"https:\/\/skalnik.pl\/blog\/wp-content\/uploads\/2019\/07\/DSC05427-819x1024.jpg\" \/>\n\t\t<meta property=\"article:tag\" content=\"testy\" \/>\n\t\t<meta property=\"article:tag\" content=\"buty\" \/>\n\t\t<meta property=\"article:tag\" content=\"lato\" \/>\n\t\t<meta property=\"article:tag\" content=\"opinie\" \/>\n\t\t<meta property=\"article:published_time\" content=\"2019-07-08T06:00:48+00:00\" \/>\n\t\t<meta property=\"article:modified_time\" content=\"2019-07-19T06:42:46+00:00\" \/>\n\t\t<meta name=\"twitter:card\" content=\"summary_large_image\" \/>\n\t\t<meta name=\"twitter:title\" content=\"Scarpa Zen Pro \u2013 buty nie do zdarcia - blog Skalnik\" \/>\n\t\t<meta name=\"twitter:description\" content=\"Buty Scarpa to popularny wyb\u00f3r naszych klient\u00f3w. Marta Soko\u0142owska pisze jak sprawdzi\u0142 si\u0119 u niej model Scarpa Zen Pro Women.\" \/>\n\t\t<meta name=\"twitter:image\" content=\"https:\/\/skalnik.pl\/blog\/wp-content\/uploads\/2019\/07\/DSC05427-819x1024.jpg\" \/>\n\t\t<script type=\"application\/ld+json\" class=\"aioseo-schema\">\n\t\t\t{\"@context\":\"https:\\\/\\\/schema.org\",\"@graph\":[{\"@type\":\"BlogPosting\",\"@id\":\"https:\\\/\\\/www.skalnik.pl\\\/blog\\\/scarpa-zen-pro-buty-nie-do-zdarcia\\\/#blogposting\",\"name\":\"Scarpa Zen Pro \\u2013 buty nie do zdarcia - blog Skalnik\",\"headline\":\"Scarpa Zen Pro \\u2013 buty nie do zdarcia\",\"author\":{\"@id\":\"https:\\\/\\\/www.skalnik.pl\\\/blog\\\/author\\\/marta-sokolowska\\\/#author\"},\"publisher\":{\"@id\":\"https:\\\/\\\/www.skalnik.pl\\\/blog\\\/#organization\"},\"image\":{\"@type\":\"ImageObject\",\"url\":\"https:\\\/\\\/www.skalnik.pl\\\/blog\\\/wp-content\\\/uploads\\\/2019\\\/07\\\/A7R09058-Edit-e1562161063325.jpg\",\"width\":2100,\"height\":771,\"caption\":\"Buty podej\\u015bciowe Scarpa recenzja\"},\"datePublished\":\"2019-07-08T08:00:48+02:00\",\"dateModified\":\"2019-07-19T08:42:46+02:00\",\"inLanguage\":\"pl-PL\",\"mainEntityOfPage\":{\"@id\":\"https:\\\/\\\/www.skalnik.pl\\\/blog\\\/scarpa-zen-pro-buty-nie-do-zdarcia\\\/#webpage\"},\"isPartOf\":{\"@id\":\"https:\\\/\\\/www.skalnik.pl\\\/blog\\\/scarpa-zen-pro-buty-nie-do-zdarcia\\\/#webpage\"},\"articleSection\":\"Testy, buty, lato, opinie, testy, 1143\"},{\"@type\":\"BreadcrumbList\",\"@id\":\"https:\\\/\\\/www.skalnik.pl\\\/blog\\\/scarpa-zen-pro-buty-nie-do-zdarcia\\\/#breadcrumblist\",\"itemListElement\":[{\"@type\":\"ListItem\",\"@id\":\"https:\\\/\\\/www.skalnik.pl\\\/blog#listItem\",\"position\":1,\"name\":\"Home\",\"item\":\"https:\\\/\\\/www.skalnik.pl\\\/blog\",\"nextItem\":{\"@type\":\"ListItem\",\"@id\":\"https:\\\/\\\/www.skalnik.pl\\\/blog\\\/.\\\/testy\\\/#listItem\",\"name\":\"Testy\"}},{\"@type\":\"ListItem\",\"@id\":\"https:\\\/\\\/www.skalnik.pl\\\/blog\\\/.\\\/testy\\\/#listItem\",\"position\":2,\"name\":\"Testy\",\"item\":\"https:\\\/\\\/www.skalnik.pl\\\/blog\\\/.\\\/testy\\\/\",\"nextItem\":{\"@type\":\"ListItem\",\"@id\":\"https:\\\/\\\/www.skalnik.pl\\\/blog\\\/scarpa-zen-pro-buty-nie-do-zdarcia\\\/#listItem\",\"name\":\"Scarpa Zen Pro \\u2013 buty nie do zdarcia\"},\"previousItem\":{\"@type\":\"ListItem\",\"@id\":\"https:\\\/\\\/www.skalnik.pl\\\/blog#listItem\",\"name\":\"Home\"}},{\"@type\":\"ListItem\",\"@id\":\"https:\\\/\\\/www.skalnik.pl\\\/blog\\\/scarpa-zen-pro-buty-nie-do-zdarcia\\\/#listItem\",\"position\":3,\"name\":\"Scarpa Zen Pro \\u2013 buty nie do zdarcia\",\"previousItem\":{\"@type\":\"ListItem\",\"@id\":\"https:\\\/\\\/www.skalnik.pl\\\/blog\\\/.\\\/testy\\\/#listItem\",\"name\":\"Testy\"}}]},{\"@type\":\"Organization\",\"@id\":\"https:\\\/\\\/www.skalnik.pl\\\/blog\\\/#organization\",\"name\":\"blog Skalnik\",\"description\":\"Blog, porady, artyku\\u0142y - blog Skalnik\",\"url\":\"https:\\\/\\\/www.skalnik.pl\\\/blog\\\/\"},{\"@type\":\"Person\",\"@id\":\"https:\\\/\\\/www.skalnik.pl\\\/blog\\\/author\\\/marta-sokolowska\\\/#author\",\"url\":\"https:\\\/\\\/www.skalnik.pl\\\/blog\\\/author\\\/marta-sokolowska\\\/\",\"name\":\"Marta Soko\\u0142owska\",\"image\":{\"@type\":\"ImageObject\",\"@id\":\"https:\\\/\\\/www.skalnik.pl\\\/blog\\\/scarpa-zen-pro-buty-nie-do-zdarcia\\\/#authorImage\",\"url\":\"https:\\\/\\\/secure.gravatar.com\\\/avatar\\\/0e04a069f04d0a1476d6733ecbd93392e6d0867d90579d243eb1e783e66953a4?s=96&d=mm&r=g\",\"width\":96,\"height\":96,\"caption\":\"Marta Soko\\u0142owska\"}},{\"@type\":\"WebPage\",\"@id\":\"https:\\\/\\\/www.skalnik.pl\\\/blog\\\/scarpa-zen-pro-buty-nie-do-zdarcia\\\/#webpage\",\"url\":\"https:\\\/\\\/www.skalnik.pl\\\/blog\\\/scarpa-zen-pro-buty-nie-do-zdarcia\\\/\",\"name\":\"Scarpa Zen Pro \\u2013 buty nie do zdarcia - blog Skalnik\",\"description\":\"Buty Scarpa to popularny wyb\\u00f3r naszych klient\\u00f3w. Marta Soko\\u0142owska pisze jak sprawdzi\\u0142 si\\u0119 u niej model Scarpa Zen Pro Women.\",\"inLanguage\":\"pl-PL\",\"isPartOf\":{\"@id\":\"https:\\\/\\\/www.skalnik.pl\\\/blog\\\/#website\"},\"breadcrumb\":{\"@id\":\"https:\\\/\\\/www.skalnik.pl\\\/blog\\\/scarpa-zen-pro-buty-nie-do-zdarcia\\\/#breadcrumblist\"},\"author\":{\"@id\":\"https:\\\/\\\/www.skalnik.pl\\\/blog\\\/author\\\/marta-sokolowska\\\/#author\"},\"creator\":{\"@id\":\"https:\\\/\\\/www.skalnik.pl\\\/blog\\\/author\\\/marta-sokolowska\\\/#author\"},\"image\":{\"@type\":\"ImageObject\",\"url\":\"https:\\\/\\\/www.skalnik.pl\\\/blog\\\/wp-content\\\/uploads\\\/2019\\\/07\\\/A7R09058-Edit-e1562161063325.jpg\",\"@id\":\"https:\\\/\\\/www.skalnik.pl\\\/blog\\\/scarpa-zen-pro-buty-nie-do-zdarcia\\\/#mainImage\",\"width\":2100,\"height\":771,\"caption\":\"Buty podej\\u015bciowe Scarpa recenzja\"},\"primaryImageOfPage\":{\"@id\":\"https:\\\/\\\/www.skalnik.pl\\\/blog\\\/scarpa-zen-pro-buty-nie-do-zdarcia\\\/#mainImage\"},\"datePublished\":\"2019-07-08T08:00:48+02:00\",\"dateModified\":\"2019-07-19T08:42:46+02:00\"},{\"@type\":\"WebSite\",\"@id\":\"https:\\\/\\\/www.skalnik.pl\\\/blog\\\/#website\",\"url\":\"https:\\\/\\\/www.skalnik.pl\\\/blog\\\/\",\"name\":\"blog Skalnik\",\"description\":\"Blog, porady, artyku\\u0142y - blog Skalnik\",\"inLanguage\":\"pl-PL\",\"publisher\":{\"@id\":\"https:\\\/\\\/www.skalnik.pl\\\/blog\\\/#organization\"}}]}\n\t\t<\/script>\n\t\t<!-- All in One SEO -->\n\n","aioseo_head_json":{"title":"Scarpa Zen Pro \u2013 buty nie do zdarcia - blog Skalnik","description":"Buty Scarpa to popularny wyb\u00f3r naszych klient\u00f3w. Marta Soko\u0142owska pisze jak sprawdzi\u0142 si\u0119 u niej model Scarpa Zen Pro Women.","canonical_url":"https:\/\/www.skalnik.pl\/blog\/scarpa-zen-pro-buty-nie-do-zdarcia\/","robots":"max-image-preview:large","keywords":"","webmasterTools":{"miscellaneous":""},"schema":{"@context":"https:\/\/schema.org","@graph":[{"@type":"BlogPosting","@id":"https:\/\/www.skalnik.pl\/blog\/scarpa-zen-pro-buty-nie-do-zdarcia\/#blogposting","name":"Scarpa Zen Pro \u2013 buty nie do zdarcia - blog Skalnik","headline":"Scarpa Zen Pro \u2013 buty nie do zdarcia","author":{"@id":"https:\/\/www.skalnik.pl\/blog\/author\/marta-sokolowska\/#author"},"publisher":{"@id":"https:\/\/www.skalnik.pl\/blog\/#organization"},"image":{"@type":"ImageObject","url":"https:\/\/www.skalnik.pl\/blog\/wp-content\/uploads\/2019\/07\/A7R09058-Edit-e1562161063325.jpg","width":2100,"height":771,"caption":"Buty podej\u015bciowe Scarpa recenzja"},"datePublished":"2019-07-08T08:00:48+02:00","dateModified":"2019-07-19T08:42:46+02:00","inLanguage":"pl-PL","mainEntityOfPage":{"@id":"https:\/\/www.skalnik.pl\/blog\/scarpa-zen-pro-buty-nie-do-zdarcia\/#webpage"},"isPartOf":{"@id":"https:\/\/www.skalnik.pl\/blog\/scarpa-zen-pro-buty-nie-do-zdarcia\/#webpage"},"articleSection":"Testy, buty, lato, opinie, testy, 1143"},{"@type":"BreadcrumbList","@id":"https:\/\/www.skalnik.pl\/blog\/scarpa-zen-pro-buty-nie-do-zdarcia\/#breadcrumblist","itemListElement":[{"@type":"ListItem","@id":"https:\/\/www.skalnik.pl\/blog#listItem","position":1,"name":"Home","item":"https:\/\/www.skalnik.pl\/blog","nextItem":{"@type":"ListItem","@id":"https:\/\/www.skalnik.pl\/blog\/.\/testy\/#listItem","name":"Testy"}},{"@type":"ListItem","@id":"https:\/\/www.skalnik.pl\/blog\/.\/testy\/#listItem","position":2,"name":"Testy","item":"https:\/\/www.skalnik.pl\/blog\/.\/testy\/","nextItem":{"@type":"ListItem","@id":"https:\/\/www.skalnik.pl\/blog\/scarpa-zen-pro-buty-nie-do-zdarcia\/#listItem","name":"Scarpa Zen Pro \u2013 buty nie do zdarcia"},"previousItem":{"@type":"ListItem","@id":"https:\/\/www.skalnik.pl\/blog#listItem","name":"Home"}},{"@type":"ListItem","@id":"https:\/\/www.skalnik.pl\/blog\/scarpa-zen-pro-buty-nie-do-zdarcia\/#listItem","position":3,"name":"Scarpa Zen Pro \u2013 buty nie do zdarcia","previousItem":{"@type":"ListItem","@id":"https:\/\/www.skalnik.pl\/blog\/.\/testy\/#listItem","name":"Testy"}}]},{"@type":"Organization","@id":"https:\/\/www.skalnik.pl\/blog\/#organization","name":"blog Skalnik","description":"Blog, porady, artyku\u0142y - blog Skalnik","url":"https:\/\/www.skalnik.pl\/blog\/"},{"@type":"Person","@id":"https:\/\/www.skalnik.pl\/blog\/author\/marta-sokolowska\/#author","url":"https:\/\/www.skalnik.pl\/blog\/author\/marta-sokolowska\/","name":"Marta Soko\u0142owska","image":{"@type":"ImageObject","@id":"https:\/\/www.skalnik.pl\/blog\/scarpa-zen-pro-buty-nie-do-zdarcia\/#authorImage","url":"https:\/\/secure.gravatar.com\/avatar\/0e04a069f04d0a1476d6733ecbd93392e6d0867d90579d243eb1e783e66953a4?s=96&d=mm&r=g","width":96,"height":96,"caption":"Marta Soko\u0142owska"}},{"@type":"WebPage","@id":"https:\/\/www.skalnik.pl\/blog\/scarpa-zen-pro-buty-nie-do-zdarcia\/#webpage","url":"https:\/\/www.skalnik.pl\/blog\/scarpa-zen-pro-buty-nie-do-zdarcia\/","name":"Scarpa Zen Pro \u2013 buty nie do zdarcia - blog Skalnik","description":"Buty Scarpa to popularny wyb\u00f3r naszych klient\u00f3w. Marta Soko\u0142owska pisze jak sprawdzi\u0142 si\u0119 u niej model Scarpa Zen Pro Women.","inLanguage":"pl-PL","isPartOf":{"@id":"https:\/\/www.skalnik.pl\/blog\/#website"},"breadcrumb":{"@id":"https:\/\/www.skalnik.pl\/blog\/scarpa-zen-pro-buty-nie-do-zdarcia\/#breadcrumblist"},"author":{"@id":"https:\/\/www.skalnik.pl\/blog\/author\/marta-sokolowska\/#author"},"creator":{"@id":"https:\/\/www.skalnik.pl\/blog\/author\/marta-sokolowska\/#author"},"image":{"@type":"ImageObject","url":"https:\/\/www.skalnik.pl\/blog\/wp-content\/uploads\/2019\/07\/A7R09058-Edit-e1562161063325.jpg","@id":"https:\/\/www.skalnik.pl\/blog\/scarpa-zen-pro-buty-nie-do-zdarcia\/#mainImage","width":2100,"height":771,"caption":"Buty podej\u015bciowe Scarpa recenzja"},"primaryImageOfPage":{"@id":"https:\/\/www.skalnik.pl\/blog\/scarpa-zen-pro-buty-nie-do-zdarcia\/#mainImage"},"datePublished":"2019-07-08T08:00:48+02:00","dateModified":"2019-07-19T08:42:46+02:00"},{"@type":"WebSite","@id":"https:\/\/www.skalnik.pl\/blog\/#website","url":"https:\/\/www.skalnik.pl\/blog\/","name":"blog Skalnik","description":"Blog, porady, artyku\u0142y - blog Skalnik","inLanguage":"pl-PL","publisher":{"@id":"https:\/\/www.skalnik.pl\/blog\/#organization"}}]},"og:locale":"pl_PL","og:site_name":"blog Skalnik - Blog, porady, artyku\u0142y - blog Skalnik","og:type":"article","og:title":"Scarpa Zen Pro \u2013 buty nie do zdarcia - blog Skalnik","og:description":"Buty Scarpa to popularny wyb\u00f3r naszych klient\u00f3w. Marta Soko\u0142owska pisze jak sprawdzi\u0142 si\u0119 u niej model Scarpa Zen Pro Women.","og:url":"https:\/\/www.skalnik.pl\/blog\/scarpa-zen-pro-buty-nie-do-zdarcia\/","og:image":"https:\/\/skalnik.pl\/blog\/wp-content\/uploads\/2019\/07\/DSC05427-819x1024.jpg","og:image:secure_url":"https:\/\/skalnik.pl\/blog\/wp-content\/uploads\/2019\/07\/DSC05427-819x1024.jpg","article:tag":["testy","buty","lato","opinie"],"article:published_time":"2019-07-08T06:00:48+00:00","article:modified_time":"2019-07-19T06:42:46+00:00","twitter:card":"summary_large_image","twitter:title":"Scarpa Zen Pro \u2013 buty nie do zdarcia - blog Skalnik","twitter:description":"Buty Scarpa to popularny wyb\u00f3r naszych klient\u00f3w. Marta Soko\u0142owska pisze jak sprawdzi\u0142 si\u0119 u niej model Scarpa Zen Pro Women.","twitter:image":"https:\/\/skalnik.pl\/blog\/wp-content\/uploads\/2019\/07\/DSC05427-819x1024.jpg"},"aioseo_meta_data":{"post_id":"7797","title":"","description":"Buty Scarpa to popularny wyb\u00f3r naszych klient\u00f3w. Marta Soko\u0142owska pisze jak sprawdzi\u0142 si\u0119 u niej model Scarpa Zen Pro Women.","keywords":[{"label":"buty scarpa","value":"buty scarpa"},{"label":"scarpa","value":"scarpa"},{"label":"scarpa zen pro","value":"scarpa zen pro"},{"label":"buty podej\u015bciowe scarpa","value":"buty podej\u015bciowe scarpa"}],"keyphrases":null,"primary_term":null,"canonical_url":null,"og_title":null,"og_description":null,"og_object_type":"default","og_image_type":"default","og_image_url":null,"og_image_width":null,"og_image_height":null,"og_image_custom_url":null,"og_image_custom_fields":null,"og_video":null,"og_custom_url":null,"og_article_section":null,"og_article_tags":null,"twitter_use_og":false,"twitter_card":"default","twitter_image_type":"default","twitter_image_url":null,"twitter_image_custom_url":null,"twitter_image_custom_fields":null,"twitter_title":null,"twitter_description":null,"schema":{"blockGraphs":[],"customGraphs":[],"default":{"data":{"Article":[],"Course":[],"Dataset":[],"FAQPage":[],"Movie":[],"Person":[],"Product":[],"ProductReview":[],"Car":[],"Recipe":[],"Service":[],"SoftwareApplication":[],"WebPage":[]},"graphName":"BlogPosting","isEnabled":true},"graphs":[]},"schema_type":"default","schema_type_options":null,"pillar_content":false,"robots_default":true,"robots_noindex":false,"robots_noarchive":false,"robots_nosnippet":false,"robots_nofollow":false,"robots_noimageindex":false,"robots_noodp":false,"robots_notranslate":false,"robots_max_snippet":null,"robots_max_videopreview":null,"robots_max_imagepreview":"large","priority":null,"frequency":null,"local_seo":null,"breadcrumb_settings":null,"limit_modified_date":false,"ai":null,"created":"2022-08-26 10:01:47","updated":"2026-02-17 21:35:23","seo_analyzer_scan_date":null},"aioseo_breadcrumb":"<div class=\"aioseo-breadcrumbs\"><span class=\"aioseo-breadcrumb\">\n\t\t\t<a href=\"https:\/\/www.skalnik.pl\/blog\" title=\"Home\">Home<\/a>\n\t\t<\/span><span class=\"aioseo-breadcrumb-separator\">&raquo;<\/span><span class=\"aioseo-breadcrumb\">\n\t\t\t<a href=\"https:\/\/www.skalnik.pl\/blog\/.\/testy\/\" title=\"Testy\">Testy<\/a>\n\t\t<\/span><span class=\"aioseo-breadcrumb-separator\">&raquo;<\/span><span class=\"aioseo-breadcrumb\">\n\t\t\tScarpa Zen Pro \u2013 buty nie do zdarcia\n\t\t<\/span><\/div>","aioseo_breadcrumb_json":[{"label":"Home","link":"https:\/\/www.skalnik.pl\/blog"},{"label":"Testy","link":"https:\/\/www.skalnik.pl\/blog\/.\/testy\/"},{"label":"Scarpa Zen Pro \u2013 buty nie do zdarcia","link":"https:\/\/www.skalnik.pl\/blog\/scarpa-zen-pro-buty-nie-do-zdarcia\/"}],"_links":{"self":[{"href":"https:\/\/www.skalnik.pl\/blog\/wp-json\/wp\/v2\/posts\/7797","targetHints":{"allow":["GET"]}}],"collection":[{"href":"https:\/\/www.skalnik.pl\/blog\/wp-json\/wp\/v2\/posts"}],"about":[{"href":"https:\/\/www.skalnik.pl\/blog\/wp-json\/wp\/v2\/types\/post"}],"author":[{"embeddable":true,"href":"https:\/\/www.skalnik.pl\/blog\/wp-json\/wp\/v2\/users\/25"}],"replies":[{"embeddable":true,"href":"https:\/\/www.skalnik.pl\/blog\/wp-json\/wp\/v2\/comments?post=7797"}],"version-history":[{"count":16,"href":"https:\/\/www.skalnik.pl\/blog\/wp-json\/wp\/v2\/posts\/7797\/revisions"}],"predecessor-version":[{"id":7824,"href":"https:\/\/www.skalnik.pl\/blog\/wp-json\/wp\/v2\/posts\/7797\/revisions\/7824"}],"wp:featuredmedia":[{"embeddable":true,"href":"https:\/\/www.skalnik.pl\/blog\/wp-json\/wp\/v2\/media\/7803"}],"wp:attachment":[{"href":"https:\/\/www.skalnik.pl\/blog\/wp-json\/wp\/v2\/media?parent=7797"}],"wp:term":[{"taxonomy":"category","embeddable":true,"href":"https:\/\/www.skalnik.pl\/blog\/wp-json\/wp\/v2\/categories?post=7797"},{"taxonomy":"post_tag","embeddable":true,"href":"https:\/\/www.skalnik.pl\/blog\/wp-json\/wp\/v2\/tags?post=7797"},{"taxonomy":"magento_category","embeddable":true,"href":"https:\/\/www.skalnik.pl\/blog\/wp-json\/wp\/v2\/magento_category?post=7797"},{"taxonomy":"magento_product","embeddable":true,"href":"https:\/\/www.skalnik.pl\/blog\/wp-json\/wp\/v2\/magento_product?post=7797"}],"curies":[{"name":"wp","href":"https:\/\/api.w.org\/{rel}","templated":true}]}}