{"id":8001,"date":"2019-07-22T10:31:53","date_gmt":"2019-07-22T08:31:53","guid":{"rendered":"https:\/\/skalnik.pl\/blog\/?p=8001"},"modified":"2019-08-07T08:40:04","modified_gmt":"2019-08-07T06:40:04","slug":"plecaki-deuter-ktory-plecak-wybrac","status":"publish","type":"post","link":"https:\/\/www.skalnik.pl\/blog\/plecaki-deuter-ktory-plecak-wybrac\/","title":{"rendered":"Plecaki Deuter \u2013  kt\u00f3ry plecak wybra\u0107"},"content":{"rendered":"<p><b>W jednym z wcze\u015bniejszych moich tekst\u00f3w dotycz\u0105cych plecak\u00f3w mo\u017cna by\u0142o przeczyta\u0107, \u017ce jedn\u0105 z najbardziej po\u017c\u0105danych marek plecakowych jest niemiecki Deuter. O tej marce wiele m\u00f3wi\u0107 nie trzeba i wiele os\u00f3b te\u017c na ni\u0105 si\u0119 decyduje. Trwa\u0142o\u015b\u0107, wysokiej jako\u015bci materia\u0142y i klasyczny design, kt\u00f3ry stawia na funkcjonalno\u015b\u0107 wyr\u00f3\u017cniaj\u0105 si\u0119 na tle konkurencji.<\/b><\/p>\n<p>Je\u017celi zdecydowa\u0142e\u015b si\u0119 na plecak Deuter \u2013 to \u015bwietnie! Pierwszy krok masz za sob\u0105, a jedyn\u0105 trudno\u015bci\u0105, z kt\u00f3r\u0105 mo\u017cesz si\u0119 spotka\u0107, to wyb\u00f3r odpowiedniego dla siebie modelu plecaka. Zapraszam ci\u0119 do lektury mojego wpisu, w kt\u00f3rym postaram si\u0119 przedstawi\u0107 r\u00f3\u017cnice pomi\u0119dzy modelami i u\u0142atwi\u0107 ci wyb\u00f3r idealnego plecaka.<\/p>\n<p><a href=\"https:\/\/skalnik.pl\/blog\/osprey-deuter-czy-gregory-ktory-plecak-wybrac\/\" target=\"_blank\" rel=\"noopener\">Zajrzyj do porady \u201eOsprey, Deuter czy Gregory\u201d.<\/a><\/p>\n<p><iframe loading=\"lazy\" src=\"https:\/\/www.youtube.com\/embed\/GQqvD-aThPE\" width=\"560\" height=\"315\" frameborder=\"0\" allowfullscreen=\"allowfullscreen\"><\/iframe><\/p>\n<h2><\/h2>\n<div id=\"ez-toc-container\" class=\"ez-toc-v2_0_85 counter-hierarchy ez-toc-counter ez-toc-light-blue ez-toc-container-direction\">\n<div class=\"ez-toc-title-container\">\n<p class=\"ez-toc-title\" style=\"cursor:inherit\">SPIS TRE\u015aCI <\/p>\n<span class=\"ez-toc-title-toggle\"><a href=\"#\" class=\"ez-toc-pull-right ez-toc-btn ez-toc-btn-xs ez-toc-btn-default ez-toc-toggle\" aria-label=\"Prze\u0142\u0105cznik Spisu Tre\u015bci\"><span class=\"ez-toc-js-icon-con\"><span class=\"\"><span class=\"eztoc-hide\" style=\"display:none;\">Toggle<\/span><span class=\"ez-toc-icon-toggle-span\"><svg style=\"fill: #999;color:#999\" xmlns=\"http:\/\/www.w3.org\/2000\/svg\" class=\"list-377408\" width=\"20px\" height=\"20px\" viewBox=\"0 0 24 24\" fill=\"none\"><path d=\"M6 6H4v2h2V6zm14 0H8v2h12V6zM4 11h2v2H4v-2zm16 0H8v2h12v-2zM4 16h2v2H4v-2zm16 0H8v2h12v-2z\" fill=\"currentColor\"><\/path><\/svg><svg style=\"fill: #999;color:#999\" class=\"arrow-unsorted-368013\" xmlns=\"http:\/\/www.w3.org\/2000\/svg\" width=\"10px\" height=\"10px\" viewBox=\"0 0 24 24\" version=\"1.2\" baseProfile=\"tiny\"><path d=\"M18.2 9.3l-6.2-6.3-6.2 6.3c-.2.2-.3.4-.3.7s.1.5.3.7c.2.2.4.3.7.3h11c.3 0 .5-.1.7-.3.2-.2.3-.5.3-.7s-.1-.5-.3-.7zM5.8 14.7l6.2 6.3 6.2-6.3c.2-.2.3-.5.3-.7s-.1-.5-.3-.7c-.2-.2-.4-.3-.7-.3h-11c-.3 0-.5.1-.7.3-.2.2-.3.5-.3.7s.1.5.3.7z\"\/><\/svg><\/span><\/span><\/span><\/a><\/span><\/div>\n<nav><ul class='ez-toc-list ez-toc-list-level-1 ' ><li class='ez-toc-page-1 ez-toc-heading-level-2'><a class=\"ez-toc-link ez-toc-heading-1\" href=\"https:\/\/www.skalnik.pl\/blog\/plecaki-deuter-ktory-plecak-wybrac\/#Byc_blisko_uzytkownika_%E2%80%93_systemy_nosne_w_plecakach_Deuter\" >By\u0107 blisko u\u017cytkownika \u2013 systemy no\u015bne w plecakach Deuter<\/a><ul class='ez-toc-list-level-3' ><li class='ez-toc-heading-level-3'><a class=\"ez-toc-link ez-toc-heading-2\" href=\"https:\/\/www.skalnik.pl\/blog\/plecaki-deuter-ktory-plecak-wybrac\/#System_Aircomfort\" >System Aircomfort<\/a><\/li><li class='ez-toc-page-1 ez-toc-heading-level-3'><a class=\"ez-toc-link ez-toc-heading-3\" href=\"https:\/\/www.skalnik.pl\/blog\/plecaki-deuter-ktory-plecak-wybrac\/#System_Aircontact\" >System Aircontact<\/a><\/li><li class='ez-toc-page-1 ez-toc-heading-level-3'><a class=\"ez-toc-link ez-toc-heading-4\" href=\"https:\/\/www.skalnik.pl\/blog\/plecaki-deuter-ktory-plecak-wybrac\/#System_Airstripes\" >System Airstripes<\/a><\/li><li class='ez-toc-page-1 ez-toc-heading-level-3'><a class=\"ez-toc-link ez-toc-heading-5\" href=\"https:\/\/www.skalnik.pl\/blog\/plecaki-deuter-ktory-plecak-wybrac\/#System_Alpine\" >System Alpine<\/a><\/li><\/ul><\/li><li class='ez-toc-page-1 ez-toc-heading-level-2'><a class=\"ez-toc-link ez-toc-heading-6\" href=\"https:\/\/www.skalnik.pl\/blog\/plecaki-deuter-ktory-plecak-wybrac\/#Czym_sa_wersje_SL_i_EL\" >Czym s\u0105 wersje SL i EL?<\/a><\/li><li class='ez-toc-page-1 ez-toc-heading-level-2'><a class=\"ez-toc-link ez-toc-heading-7\" href=\"https:\/\/www.skalnik.pl\/blog\/plecaki-deuter-ktory-plecak-wybrac\/#Plecak_Deuter_%E2%80%93_ktory_zabrac_ze_soba\" >Plecak Deuter \u2013 kt\u00f3ry zabra\u0107 ze sob\u0105<\/a><ul class='ez-toc-list-level-3' ><li class='ez-toc-heading-level-3'><a class=\"ez-toc-link ez-toc-heading-8\" href=\"https:\/\/www.skalnik.pl\/blog\/plecaki-deuter-ktory-plecak-wybrac\/#W_miejskiej_dzungli_%E2%80%93_plecaki_Deuter_z_serii_Giga\" >W miejskiej d\u017cungli \u2013 plecaki Deuter z serii Giga<\/a><\/li><li class='ez-toc-page-1 ez-toc-heading-level-3'><a class=\"ez-toc-link ez-toc-heading-9\" href=\"https:\/\/www.skalnik.pl\/blog\/plecaki-deuter-ktory-plecak-wybrac\/#Hikingowy_partner_1_%E2%80%93_seria_Futura\" >Hikingowy partner #1 \u2013 seria Futura<\/a><\/li><li class='ez-toc-page-1 ez-toc-heading-level-3'><a class=\"ez-toc-link ez-toc-heading-10\" href=\"https:\/\/www.skalnik.pl\/blog\/plecaki-deuter-ktory-plecak-wybrac\/#Trekkingowa_limuzyna_%E2%80%93_plecaki_Deuter_z_serii_Aircontact\" >Trekkingowa limuzyna \u2013 plecaki Deuter z serii Aircontact<\/a><\/li><li class='ez-toc-page-1 ez-toc-heading-level-3'><a class=\"ez-toc-link ez-toc-heading-11\" href=\"https:\/\/www.skalnik.pl\/blog\/plecaki-deuter-ktory-plecak-wybrac\/#Limuzyna_w_wersji_Lite_%E2%80%93_plecaki_Aircontact_Lite\" >Limuzyna w wersji Lite \u2013 plecaki Aircontact Lite<\/a><\/li><li class='ez-toc-page-1 ez-toc-heading-level-3'><a class=\"ez-toc-link ez-toc-heading-12\" href=\"https:\/\/www.skalnik.pl\/blog\/plecaki-deuter-ktory-plecak-wybrac\/#Limuzyna_w_wersji_Exclusive_%E2%80%93_Aircontact_Pro\" >Limuzyna w wersji Exclusive \u2013 Aircontact Pro<\/a><\/li><li class='ez-toc-page-1 ez-toc-heading-level-3'><a class=\"ez-toc-link ez-toc-heading-13\" href=\"https:\/\/www.skalnik.pl\/blog\/plecaki-deuter-ktory-plecak-wybrac\/#System_VariQuick_a_VariSlide\" >System VariQuick, a VariSlide<\/a><\/li><li class='ez-toc-page-1 ez-toc-heading-level-3'><a class=\"ez-toc-link ez-toc-heading-14\" href=\"https:\/\/www.skalnik.pl\/blog\/plecaki-deuter-ktory-plecak-wybrac\/#Na_alpejskie_granie_%E2%80%93_plecak_Deuter_Guide\" >Na alpejskie granie &#8211; plecak Deuter Guide<\/a><\/li><li class='ez-toc-page-1 ez-toc-heading-level-3'><a class=\"ez-toc-link ez-toc-heading-15\" href=\"https:\/\/www.skalnik.pl\/blog\/plecaki-deuter-ktory-plecak-wybrac\/#Dla_rowerowych_maniakow_%E2%80%93_plecak_rowerowy_Deuter\" >Dla rowerowych maniak\u00f3w &#8211; plecak rowerowy Deuter<\/a><\/li><\/ul><\/li><\/ul><\/nav><\/div>\n<h2><span class=\"ez-toc-section\" id=\"Byc_blisko_uzytkownika_%E2%80%93_systemy_nosne_w_plecakach_Deuter\"><\/span>By\u0107 blisko u\u017cytkownika \u2013 systemy no\u015bne w plecakach Deuter<span class=\"ez-toc-section-end\"><\/span><\/h2>\n<p>Bez dobrego systemu no\u015bnego nie ma mowy o wygodnym plecaku, ani o udanej wycieczce. Systemy no\u015bne w plecakach Deuter to wizyt\u00f3wka marki. S\u0105 konstrukcjami przemy\u015blanymi i dostosowanymi do potrzeb u\u017cytkownika i do aktywno\u015bci, do kt\u00f3rej s\u0105 przeznaczone. Wyb\u00f3r systemu no\u015bnego jest niemniej wa\u017cny ni\u017c wyb\u00f3r pojemno\u015bci plecaka. Jego odpowiedni dob\u00f3r mo\u017ce by\u0107 czynnikiem decyduj\u0105cym o przebiegu twoich g\u00f3rskich eskapad. Ale do rzeczy \u2013 czym cechuj\u0105 si\u0119 systemy w plecakach Deuter?<\/p>\n<p>&nbsp;<\/p>\n<h3><span class=\"ez-toc-section\" id=\"System_Aircomfort\"><\/span>System Aircomfort<span class=\"ez-toc-section-end\"><\/span><\/h3>\n<p>Jak si\u0119 okazuje, plecaki z siatk\u0105 dystansuj\u0105c\u0105 nie s\u0105 jakim\u015b m\u0142odym wynalazkiem. W plecakach Deuter konstrukcja ta funkcjonuje ju\u017c od 1984 r. Rozwi\u0105zanie oparte na spr\u0119\u017cystej, stalowej ramie oraz wytrzyma\u0142ej siatce pozwala odprowadzi\u0107 nadmiar wilgoci i ciep\u0142ego powietrza gwarantuj\u0105c niezawodno\u015b\u0107 i komfort u\u017cytkownika nawet w najcieplejsze dni. System ten wykorzystywany jest w seriach plecak\u00f3w Deuter Futura oraz AC Lite.<\/p>\n<p>&nbsp;<\/p>\n<h3><span class=\"ez-toc-section\" id=\"System_Aircontact\"><\/span>System Aircontact<span class=\"ez-toc-section-end\"><\/span><\/h3>\n<p>Flagowy system no\u015bny plecak\u00f3w trekkingowych Deuter skupia si\u0119 na umiejscowieniu ci\u0119\u017caru jak najbli\u017cej plec\u00f3w u\u017cytkownika, stabilizuj\u0105c \u015brodek ci\u0119\u017cko\u015bci \u0142adunku. Takie rozwi\u0105zanie daje pe\u0142n\u0105 kontrol\u0119 nad obci\u0105\u017ceniem i efektywny transfer na pas biodrowy, tym samym odci\u0105\u017caj\u0105c um\u0119czone ramiona podr\u00f3\u017cnika. Szelki i pas biodrowy wykonane s\u0105 z porowatej pianki, kt\u00f3ra mimo swojej obj\u0119to\u015bci \u015bwietnie odprowadza wilgo\u0107. System Aircontact stosowany jest w seriach plecak\u00f3w Aircontact i Aircontact PRO.<\/p>\n<p>&nbsp;<\/p>\n<h3><span class=\"ez-toc-section\" id=\"System_Airstripes\"><\/span>System Airstripes<span class=\"ez-toc-section-end\"><\/span><\/h3>\n<p>Najprostszy system no\u015bny plecak\u00f3w Deuter zosta\u0142 zaprojektowany z my\u015bl\u0105 o plecakach miejskich i rowerowych. Dwa pasy wykonane z porowatej, \u015bwietnie oddychaj\u0105cej pianki tworz\u0105 pomi\u0119dzy sob\u0105 powietrzny tunel, kt\u00f3ry gwarantuje optymaln\u0105 wentylacj\u0119. System Airstripes sprawia, \u017ce \u015brodek ci\u0119\u017cko\u015bci jest blisko u\u017cytkownika, dzi\u0119ki czemu plecak trzyma si\u0119 \u015bci\u015ble plec\u00f3w, co doceni\u0105 nawet najbardziej wytrawni mi\u0142o\u015bnicy kolarstwa g\u00f3rskiego. Ten typ systemu no\u015bnego stosowany jest w serii plecak\u00f3w Giga oraz Trans Alpine.<\/p>\n<div id=\"attachment_8013\" style=\"width: 5194px\" class=\"wp-caption alignnone\"><img loading=\"lazy\" decoding=\"async\" aria-describedby=\"caption-attachment-8013\" class=\"wp-image-8013 size-full\" title=\"plecak deuter \" src=\"https:\/\/skalnik.pl\/blog\/wp-content\/uploads\/2019\/07\/Accessories_RainCover_LarsSchneider-min.jpg\" alt=\"Deuter plecaki \" width=\"5184\" height=\"3456\" srcset=\"https:\/\/www.skalnik.pl\/blog\/wp-content\/uploads\/2019\/07\/Accessories_RainCover_LarsSchneider-min.jpg 5184w, https:\/\/www.skalnik.pl\/blog\/wp-content\/uploads\/2019\/07\/Accessories_RainCover_LarsSchneider-min-300x200.jpg 300w, https:\/\/www.skalnik.pl\/blog\/wp-content\/uploads\/2019\/07\/Accessories_RainCover_LarsSchneider-min-768x512.jpg 768w, https:\/\/www.skalnik.pl\/blog\/wp-content\/uploads\/2019\/07\/Accessories_RainCover_LarsSchneider-min-1024x683.jpg 1024w\" sizes=\"auto, (max-width: 5184px) 100vw, 5184px\" \/><p id=\"caption-attachment-8013\" class=\"wp-caption-text\">Nie my\u015bl, \u017ce Deuter skupia si\u0119 tylko na systemach no\u015bnych. W tych plecakach dopracowany jest ka\u017cdy szczeg\u00f3\u0142, a niemal ka\u017cdy model ma w zestawie pokrowiec przeciwdeszczowy.<\/p><\/div>\n<h3><span class=\"ez-toc-section\" id=\"System_Alpine\"><\/span>System Alpine<span class=\"ez-toc-section-end\"><\/span><\/h3>\n<p>To co powinno cechowa\u0107 plecak wspinaczkowy to niska waga, wygoda, funkcjonalno\u015b\u0107 i wytrzyma\u0142o\u015b\u0107. Deuter stawia czo\u0142o tym wymaganiom i proponuje kompaktowy, ale dopasowany i niebywale komfortowy system no\u015bny. Piankowe, anatomicznie wyprofilowane pasy wykonane z porowatej pianki adaptuj\u0105 si\u0119 do plec\u00f3w u\u017cytkownika i pod\u0105\u017caj\u0105 za ka\u017cdym jego krokiem. Konstrukcja systemu no\u015bnego Alpine stabilizuje \u015brodek ci\u0119\u017cko\u015bci daj\u0105c pe\u0142n\u0105 kontrol\u0119 nad plecakiem nawet w najbardziej wymagaj\u0105cym technicznie terenie. System Alpine jest wizyt\u00f3wk\u0105 plecak\u00f3w serii Guide.<\/p>\n<p>&nbsp;<\/p>\n<h2><span class=\"ez-toc-section\" id=\"Czym_sa_wersje_SL_i_EL\"><\/span>Czym s\u0105 wersje SL i EL?<span class=\"ez-toc-section-end\"><\/span><\/h2>\n<p>Rozwini\u0119cie skr\u00f3tu SL to Slim Line. Plecaki w tym wariancie to propozycje dla pa\u0144. Wersje SL uwzgl\u0119dniaj\u0105 r\u00f3\u017cnice w anatomii kobiet i proponuj\u0105 systemy no\u015bne z w\u0119\u017cszymi ramionami, mniejszym ich rozstawem i kr\u00f3tszymi plecami. S\u0105 to r\u00f3wnie\u017c plecaki polecane m\u0119\u017cczyznom o drobniejszej budowie. Dopasowanie plecaka to wa\u017cna rzecz, kt\u00f3ra wp\u0142ywa p\u00f3\u017aniej na komfort w\u0119dr\u00f3wki.<\/p>\n<p>Wersje EL, czyli Extra Long, to propozycje dla os\u00f3b o ponadprzeci\u0119tnym wzro\u015bcie. Je\u017celi tw\u00f3j wzrost mierzy wi\u0119cej ni\u017c 185 cm, to nale\u017cy my\u015ble\u0107 w\u0142a\u015bnie o tym wariancie podczas wyboru plecaka Deuter.<\/p>\n<p>Dzi\u0119ki takim wariantom jak SL i EL modele marki Deuter to jeden z najcz\u0119stszych wybor\u00f3w, gdy poszukiwany jest plecak dla wysokich lub plecak dla niskich os\u00f3b.<\/p>\n<p>&nbsp;<\/p>\n<div id=\"attachment_8005\" style=\"width: 1034px\" class=\"wp-caption alignnone\"><img loading=\"lazy\" decoding=\"async\" aria-describedby=\"caption-attachment-8005\" class=\"wp-image-8005 size-large\" title=\"Deuter wersja SL\" src=\"https:\/\/skalnik.pl\/blog\/wp-content\/uploads\/2019\/07\/Hiking_Trail_SideShot_5_Stefan-Neuhauser-min-1024x683.jpg\" alt=\"Deuter model SL \" width=\"1024\" height=\"683\" srcset=\"https:\/\/www.skalnik.pl\/blog\/wp-content\/uploads\/2019\/07\/Hiking_Trail_SideShot_5_Stefan-Neuhauser-min-1024x683.jpg 1024w, https:\/\/www.skalnik.pl\/blog\/wp-content\/uploads\/2019\/07\/Hiking_Trail_SideShot_5_Stefan-Neuhauser-min-300x200.jpg 300w, https:\/\/www.skalnik.pl\/blog\/wp-content\/uploads\/2019\/07\/Hiking_Trail_SideShot_5_Stefan-Neuhauser-min-768x512.jpg 768w\" sizes=\"auto, (max-width: 1024px) 100vw, 1024px\" \/><p id=\"caption-attachment-8005\" class=\"wp-caption-text\">Model SL to bardziej dopasowane rozwi\u0105zanie dla kobiet. Lepsze dopasowanie to wi\u0119kszy komfort.<\/p><\/div>\n<p>&nbsp;<\/p>\n<h2><span class=\"ez-toc-section\" id=\"Plecak_Deuter_%E2%80%93_ktory_zabrac_ze_soba\"><\/span>Plecak Deuter \u2013 kt\u00f3ry zabra\u0107 ze sob\u0105<span class=\"ez-toc-section-end\"><\/span><\/h2>\n<p>Wiem, \u017ce wyb\u00f3r modelu nie jest prosty i z autopsji wiem, \u017ce zdarzy\u0107 si\u0119 mo\u017ce kupno plecaka, kt\u00f3rego przeznaczenie nijak ma si\u0119 do tego, co masz w planach. Nietrudno strzeli\u0107<i> faux-pas<\/i> przy zakupie plecaka, tym bardziej, \u017ce modeli jest naprawd\u0119 wiele, a ka\u017cdy z nich kusi oryginalnymi rozwi\u0105zaniami. W takim razie, kt\u00f3ry <a href=\"https:\/\/skalnik.pl\/sprzet-turystyczny\/plecaki\/deuter\" target=\"_blank\" rel=\"noopener\">plecak Deuter<\/a> b\u0119dzie najodpowiedniejszy?<\/p>\n<p>&nbsp;<\/p>\n<h3><span class=\"ez-toc-section\" id=\"W_miejskiej_dzungli_%E2%80%93_plecaki_Deuter_z_serii_Giga\"><\/span>W miejskiej d\u017cungli \u2013 plecaki Deuter z serii Giga<span class=\"ez-toc-section-end\"><\/span><\/h3>\n<p>Plecaki Deuter Giga s\u0105 idealnym rozwi\u0105zaniem dla tych os\u00f3b, kt\u00f3rych biotopem jest miejska d\u017cungla. Oddzielne przegrody daj\u0105 bardzo du\u017ce mo\u017cliwo\u015bci i pozwalaj\u0105 utrzyma\u0107 wszystko w nale\u017cytym porz\u0105dku. Plecak Deuter Giga w dedykowanej kieszeni bez problemu zmie\u015bci laptop i tablet. G\u0142\u00f3wna komora to idealne miejsce na dokumenty w formacie A4, a w nast\u0119pnej przegrodzie mo\u017cesz schowa\u0107 portfel, klucze i inne niezb\u0119dne rzeczy. Na uwag\u0119 zas\u0142uguje pojemny organizer i boczne kieszenie stretchowe, w kt\u00f3rych przechowywa\u0107 mo\u017cesz butelk\u0119 lub ma\u0142\u0105 parasolk\u0119. Te wszystkie elementy czyni\u0105 plecak Giga idealn\u0105 propozycj\u0105 dla ka\u017cdego, kto potrzebuje plecaka miejskiego o mo\u017cliwie najwy\u017cszej trwa\u0142o\u015bci i funkcjonalno\u015bci.<\/p>\n<p>&nbsp;<\/p>\n<h3><span class=\"ez-toc-section\" id=\"Hikingowy_partner_1_%E2%80%93_seria_Futura\"><\/span>Hikingowy partner #1 \u2013 seria Futura<span class=\"ez-toc-section-end\"><\/span><\/h3>\n<p>Na wyj\u015bcia jedno lub dwudniowe najlepszym wyborem b\u0119d\u0105 plecaki z rodziny Deuter Futura. Du\u017ca rozpi\u0119to\u015b\u0107 litra\u017c\u00f3w (od 22L do 45+10L w wersji SL i od 24L do 50+10L w wersji regular) i ogrom rozwi\u0105za\u0144 w postaci dodatkowych kieszeni stretchowych, mo\u017cliwo\u015bci przytroczenia kij\u00f3w trekkingowych lub czekana, funkcjonalno\u015bc podzielnej komory g\u0142\u00f3wnej w wi\u0119kszych litra\u017cach, wszystko to czyni plecaki Futura jednymi z najbardziej po\u017c\u0105danych na rynku. Dodatkowym atutem jest system no\u015bny Aircomfort gwarantuj\u0105cy sprawn\u0105 wentylacj\u0119 plec\u00f3w.<\/p>\n<p>Na szczeg\u00f3ln\u0105 uwag\u0119 zas\u0142uguj\u0105 wersje Deuter Futura Vario. S\u0105 to najwi\u0119ksze plecaki z serii Futura (45+10L wersja SL i 50+10L wersja regular). Tym, co czyni je wyj\u0105tkowymi, jest udoskonalony system no\u015bny z regulacj\u0105 wysoko\u015bci oraz innowacyjny system Vari Flex, dzi\u0119ki kt\u00f3remu pas biodrowy pracuje wraz z biodrami u\u017cytkownika nie ograniczaj\u0105c jego ruch\u00f3w.<\/p>\n<p><iframe loading=\"lazy\" src=\"https:\/\/www.youtube.com\/embed\/Ieyuz7RpSN8\" width=\"560\" height=\"315\" frameborder=\"0\" allowfullscreen=\"allowfullscreen\"><\/iframe><\/p>\n<h3><span class=\"ez-toc-section\" id=\"Trekkingowa_limuzyna_%E2%80%93_plecaki_Deuter_z_serii_Aircontact\"><\/span>Trekkingowa limuzyna \u2013 plecaki Deuter z serii Aircontact<span class=\"ez-toc-section-end\"><\/span><\/h3>\n<p>Je\u017celi uwielbiasz trekking lub backpacking, a na szlak wyruszasz po to, \u017ceby zej\u015b\u0107 z niego dwa tygodnie p\u00f3\u017aniej, to plecaki Deuter Aircontact powinny znale\u017a\u0107 si\u0119 w centrum twojej uwagi. S\u0105 to plecaki, kt\u00f3rych zadaniem jest pomie\u015bci\u0107 ca\u0142y tw\u00f3j ekwipunek i pom\u00f3c przenie\u015b\u0107 go na wielodniowych trasach bez nadmiernego obci\u0105\u017cania twoich bark\u00f3w. W serii Aircontact zastosowano takie rozwi\u0105zania jak podzielna komora g\u0142\u00f3wna wraz z dost\u0119pem od do\u0142u plecaka, dost\u0119p od frontu (jak do walizki), system VariFlex, regulowany system no\u015bny VariQuick i regulowana wysoko\u015b\u0107 klapy.<\/p>\n<p>&nbsp;<\/p>\n<h3><span class=\"ez-toc-section\" id=\"Limuzyna_w_wersji_Lite_%E2%80%93_plecaki_Aircontact_Lite\"><\/span>Limuzyna w wersji Lite \u2013 plecaki Aircontact Lite<span class=\"ez-toc-section-end\"><\/span><\/h3>\n<p>&nbsp;<\/p>\n<p>Seria Aircontact Lite to odpowied\u017a na zmieniaj\u0105cy si\u0119 rynek plecak\u00f3w, gdzie waga staje si\u0119 coraz istotniejszym czynnikiem decyduj\u0105cym o wyborze plecaka. Plecaki w tym wariancie zosta\u0142y s\u0105 l\u017cejsze \u015brednio o 500 gram\u00f3w. Jest to mo\u017cliwe dzi\u0119ki zastosowaniu l\u017cejszych materia\u0142\u00f3w g\u0142\u00f3wnych jak i r\u00f3wnie\u017c poprzez odchudzenie systemu no\u015bnego. Wszystkie te zmiany nie wp\u0142yn\u0119\u0142y na obni\u017cenie wygody, czy te\u017c funkcjonalno\u015b\u0107 tych plecak\u00f3w.<\/p>\n<p>&nbsp;<\/p>\n<h3><span class=\"ez-toc-section\" id=\"Limuzyna_w_wersji_Exclusive_%E2%80%93_Aircontact_Pro\"><\/span>Limuzyna w wersji Exclusive \u2013 Aircontact Pro<span class=\"ez-toc-section-end\"><\/span><\/h3>\n<p>Na pierwszy rzut oka wersje Airontact i Aircontact Pro s\u0105 do siebie bardzo podobne. Aircontact Pro r\u00f3\u017cni si\u0119 jednak systemem no\u015bnym wzbogaconym o system VariSlide, dodatkowym niezale\u017cnym, mniejszym plecakiem, du\u017c\u0105 ilo\u015bci\u0105 kieszeni zewn\u0119trznych i mocniejszym materia\u0142em zewn\u0119trznym. Wy\u017csza te\u017c jest waga, kt\u00f3r\u0105 rekompensuje \u015bwietny system no\u015bny.<\/p>\n<p><iframe loading=\"lazy\" src=\"https:\/\/www.youtube.com\/embed\/bxi2Asa_l1Q\" width=\"560\" height=\"315\" frameborder=\"0\" allowfullscreen=\"allowfullscreen\"><\/iframe><\/p>\n<h3><\/h3>\n<h3><span class=\"ez-toc-section\" id=\"System_VariQuick_a_VariSlide\"><\/span>System VariQuick, a VariSlide<span class=\"ez-toc-section-end\"><\/span><\/h3>\n<p>W wersjach regularnych (np. Aircontact 45+10) i wersjach Lite zastosowano system regulacji systemu no\u015bnego VariQuick. System VariQuick regulujemy poprzez zapi\u0119cie rzepem g\u00f3rnej cz\u0119\u015bci systemu no\u015bnego na dowolnej wysoko\u015bci. Jest to rozwi\u0105zanie sprawdzone i skuteczne, ale w mojej subiektywnej ocenie bardziej skomplikowane. Seria Aircontact Pro zosta\u0142a wyposa\u017cona w regulacj\u0119 VariSlide, kt\u00f3ra jest zdecydowanie szybsza i du\u017co bardziej precyzyjna. G\u00f3rna cz\u0119\u015b\u0107 systemu no\u015bnego jest przytwierdzona do ta\u015bmy i klamry samoblokuj\u0105cej, kt\u00f3r\u0105 regulujemy po\u0142o\u017cenie szelek.<\/p>\n<p>&nbsp;<\/p>\n<h3><span class=\"ez-toc-section\" id=\"Na_alpejskie_granie_%E2%80%93_plecak_Deuter_Guide\"><\/span>Na alpejskie granie &#8211; plecak Deuter Guide<span class=\"ez-toc-section-end\"><\/span><\/h3>\n<p>My\u015blisz o alpejskich czterotysi\u0119cznikach? Alpejskie granie to tw\u00f3j \u017cywio\u0142? A mo\u017ce potrzebujesz niezawodnego plecaka wspinaczkowego? Je\u017celi na kt\u00f3re\u015b z tych pyta\u0144 odpowiesz tak, to Deuter mo\u017ce zaoferowa\u0107 tobie plecaki z serii Guide.<\/p>\n<p>Seria tych plecak\u00f3w Deuter to narz\u0119dzia dedykowane dla wspinaczy, alpinist\u00f3w czy te\u017c skiturowc\u00f3w. System no\u015bny oparty na ramie X-Frame, regulowana klapa wraz z kominem, dost\u0119p od boku i do\u0142u plecaka wraz z podzieln\u0105 komor\u0105 g\u0142\u00f3wn\u0105 to tylko niekt\u00f3re z wielu atut\u00f3w tego plecaka. Jak przysta\u0142o na plecak alpinistyczny mamy mo\u017cliwo\u015b\u0107 przytroczenia kij\u00f3w, czekana, a nawet nart. System no\u015bny Alpine wraz z niezale\u017cnie pracuj\u0105cym pasem biodrowym Variflex (kt\u00f3ry mo\u017cesz wypi\u0105\u0107) s\u0105 gwarantem wygody w nawet najbardziej wymagaj\u0105cych warunkach.<\/p>\n<p>&nbsp;<\/p>\n<h3><span class=\"ez-toc-section\" id=\"Dla_rowerowych_maniakow_%E2%80%93_plecak_rowerowy_Deuter\"><\/span>Dla rowerowych maniak\u00f3w &#8211; plecak rowerowy Deuter<span class=\"ez-toc-section-end\"><\/span><\/h3>\n<p><a href=\"https:\/\/skalnik.pl\/deuter\" target=\"_blank\" rel=\"noopener\">Deuter<\/a> nie zapomina o fanach dw\u00f3ch k\u00f3\u0142ek i r\u00f3wnie\u017c dla nich ma propozycj\u0119 godn\u0105 uwagi. Plecaki z serii Trans Alpine znajd\u0105 swoich wielbicieli w gronie cyklist\u00f3w, zar\u00f3wno g\u00f3rskich jak i tych bardziej zurbanizowanych. System no\u015bny w tej serii to prosty, ale niezawodny system Airstripes. Gwarantuje on dobre przyleganie i sprawn\u0105 wentylacj\u0119, co przy pokonywaniu kolejnych kilometr\u00f3w mo\u017ce by\u0107 kluczowe. Dodatkowymi atutami plecaka Deuter Trans Alpine jest mo\u017cliwo\u015b\u0107 podzielenia komory g\u0142\u00f3wnej i dost\u0119p od do\u0142u plecaka, mo\u017cliwo\u015b\u0107 przymocowania kasku na froncie plecaka i szeroki pas biodrowy, kt\u00f3ry \u015bwietnie stabilizuje plecak podczas pokonywania ostrych zakr\u0119t\u00f3w. Jeszcze jeden plus to boczne kieszenie, kt\u00f3re pozwol\u0105 zapakowa\u0107 wszystko, co mo\u017ce przyda\u0107 si\u0119 na rowerowym szlaku.<\/p>\n<p><iframe loading=\"lazy\" src=\"https:\/\/www.youtube.com\/embed\/Tg1u4La83Bs\" width=\"560\" height=\"315\" frameborder=\"0\" allowfullscreen=\"allowfullscreen\"><\/iframe><\/p>\n<p>&nbsp;<\/p>\n<p>Tym czym\u015b, co urzeka mnie w plecakach Deuter, jest ich pozorna prostota i funkcjonalno\u015b\u0107. To plecaki, kt\u00f3re maj\u0105 to wszystko, co plecak najwy\u017cszej klasy powinien mie\u0107. Najwa\u017cniejsz\u0105 cech\u0105 i wsp\u00f3lnym mianownikiem plecak\u00f3w marki Deuter jest wygoda.<\/p>\n<p>Na moich plecach by\u0142y ju\u017c r\u00f3zne <a href=\"https:\/\/skalnik.pl\/sprzet-turystyczny\/plecaki\/plecaki-turystyczne\" target=\"_blank\" rel=\"noopener\">plecaki turystyczne<\/a>. P\u00f3bowa\u0142em wiele model\u00f3w r\u00f3\u017cnych marek i to Deuter w\u0142a\u015bnie dla mnie, jak i dla wielu moich znajomych okaza\u0142 si\u0119 najw\u0142a\u015bciwszym wyborem. Je\u017celi zdecydowa\u0142e\u015b si\u0119 na plecak Deuter, to najwa\u017cniejsz\u0105 decyzj\u0119 masz za sob\u0105. Mam nadziej\u0119, \u017ce m\u00f3j wpis pozwoli wybra\u0107 ci odpowiedni plecak, kt\u00f3ry towarzyszy\u0107 b\u0119dzie ci na szlaku lub w mie\u015bcie. Pami\u0119taj te\u017c, \u017ce je\u017celi masz mo\u017cliwo\u015b\u0107, to przed zakupem dobrze i dok\u0142adnie zmierz plecak, a w razie jakichkolwiek w\u0105tpliwo\u015bci popro\u015b sprzedawc\u0119, \u017ceby pom\u00f3g\u0142 ci go wyregulowa\u0107 i doci\u0105\u017cy\u0107. Tymczasem do zobaczenia na szlaku!<\/p>\n","protected":false},"excerpt":{"rendered":"<p>Zachodzisz w g\u0142ow\u0119, kt\u00f3ry plecaka Deuter b\u0119dzie odpowiedni? To fakt, \u017ce bogata oferta niemieckiej marki nie u\u0142atwia wyboru. Nasz artyku\u0142 pomo\u017ce ci wybra\u0107 odpowiedni plecak Deuter. Sprawd\u017a!<\/p>\n","protected":false},"author":15,"featured_media":8004,"comment_status":"open","ping_status":"open","sticky":false,"template":"","format":"standard","meta":{"_acf_changed":false,"footnotes":""},"categories":[3],"tags":[250,23,99,91,210],"magento_category":[242],"magento_product":[],"class_list":["post-8001","post","type-post","status-publish","format-standard","has-post-thumbnail","hentry","category-porady","tag-deuter","tag-plecaki","tag-rynek-outdoor","tag-trekking","tag-turystyka"],"acf":[],"aioseo_notices":[],"aioseo_head":"\n\t\t<!-- All in One SEO 4.9.10 - aioseo.com -->\n\t<meta name=\"description\" content=\"Kt\u00f3ry plecak Deuter wbra\u0107? Piszemy o najlepszych modelach i najwa\u017cniejszych cechach plecak\u00f3w turystycznych, miejskich i rowerowych Deuter.\" \/>\n\t<meta name=\"robots\" content=\"max-image-preview:large\" \/>\n\t<meta name=\"author\" content=\"Marcin Nowak\"\/>\n\t<link rel=\"canonical\" href=\"https:\/\/www.skalnik.pl\/blog\/plecaki-deuter-ktory-plecak-wybrac\/\" \/>\n\t<meta name=\"generator\" content=\"All in One SEO (AIOSEO) 4.9.10\" \/>\n\t\t<meta property=\"og:locale\" content=\"pl_PL\" \/>\n\t\t<meta property=\"og:site_name\" content=\"blog Skalnik - Blog, porady, artyku\u0142y - blog Skalnik\" \/>\n\t\t<meta property=\"og:type\" content=\"article\" \/>\n\t\t<meta property=\"og:title\" content=\"Plecaki Deuter \u2013 kt\u00f3ry plecak wybra\u0107 - blog Skalnik\" \/>\n\t\t<meta property=\"og:description\" content=\"Kt\u00f3ry plecak Deuter wbra\u0107? Piszemy o najlepszych modelach i najwa\u017cniejszych cechach plecak\u00f3w turystycznych, miejskich i rowerowych Deuter.\" \/>\n\t\t<meta property=\"og:url\" content=\"https:\/\/www.skalnik.pl\/blog\/plecaki-deuter-ktory-plecak-wybrac\/\" \/>\n\t\t<meta property=\"og:image\" content=\"https:\/\/skalnik.pl\/blog\/wp-content\/uploads\/2019\/07\/Accessories_RainCover_LarsSchneider-min.jpg\" \/>\n\t\t<meta property=\"og:image:secure_url\" content=\"https:\/\/skalnik.pl\/blog\/wp-content\/uploads\/2019\/07\/Accessories_RainCover_LarsSchneider-min.jpg\" \/>\n\t\t<meta property=\"article:tag\" content=\"porady\" \/>\n\t\t<meta property=\"article:tag\" content=\"deuter\" \/>\n\t\t<meta property=\"article:tag\" content=\"plecaki\" \/>\n\t\t<meta property=\"article:tag\" content=\"rynek outdoor\" \/>\n\t\t<meta property=\"article:tag\" content=\"trekking\" \/>\n\t\t<meta property=\"article:tag\" content=\"turystyka\" \/>\n\t\t<meta property=\"article:published_time\" content=\"2019-07-22T08:31:53+00:00\" \/>\n\t\t<meta property=\"article:modified_time\" content=\"2019-08-07T06:40:04+00:00\" \/>\n\t\t<meta name=\"twitter:card\" content=\"summary_large_image\" \/>\n\t\t<meta name=\"twitter:title\" content=\"Plecaki Deuter \u2013 kt\u00f3ry plecak wybra\u0107 - blog Skalnik\" \/>\n\t\t<meta name=\"twitter:description\" content=\"Kt\u00f3ry plecak Deuter wbra\u0107? Piszemy o najlepszych modelach i najwa\u017cniejszych cechach plecak\u00f3w turystycznych, miejskich i rowerowych Deuter.\" \/>\n\t\t<meta name=\"twitter:image\" content=\"https:\/\/skalnik.pl\/blog\/wp-content\/uploads\/2019\/07\/Accessories_RainCover_LarsSchneider-min.jpg\" \/>\n\t\t<script type=\"application\/ld+json\" class=\"aioseo-schema\">\n\t\t\t{\"@context\":\"https:\\\/\\\/schema.org\",\"@graph\":[{\"@type\":\"BlogPosting\",\"@id\":\"https:\\\/\\\/www.skalnik.pl\\\/blog\\\/plecaki-deuter-ktory-plecak-wybrac\\\/#blogposting\",\"name\":\"Plecaki Deuter \\u2013 kt\\u00f3ry plecak wybra\\u0107 - blog Skalnik\",\"headline\":\"Plecaki Deuter \\u2013  kt\\u00f3ry plecak wybra\\u0107\",\"author\":{\"@id\":\"https:\\\/\\\/www.skalnik.pl\\\/blog\\\/author\\\/marcin-nowak\\\/#author\"},\"publisher\":{\"@id\":\"https:\\\/\\\/www.skalnik.pl\\\/blog\\\/#organization\"},\"image\":{\"@type\":\"ImageObject\",\"url\":\"https:\\\/\\\/www.skalnik.pl\\\/blog\\\/wp-content\\\/uploads\\\/2019\\\/07\\\/deuter_plecaki_okl1.jpg\",\"width\":1920,\"height\":705,\"caption\":\"Boy and girl hiking around L\\u00fcnersee near Bludenz, Austria. Photos of both action and lifestyle hiking in late summer environment shot for Deuter.\"},\"datePublished\":\"2019-07-22T10:31:53+02:00\",\"dateModified\":\"2019-08-07T08:40:04+02:00\",\"inLanguage\":\"pl-PL\",\"mainEntityOfPage\":{\"@id\":\"https:\\\/\\\/www.skalnik.pl\\\/blog\\\/plecaki-deuter-ktory-plecak-wybrac\\\/#webpage\"},\"isPartOf\":{\"@id\":\"https:\\\/\\\/www.skalnik.pl\\\/blog\\\/plecaki-deuter-ktory-plecak-wybrac\\\/#webpage\"},\"articleSection\":\"Porady, deuter, plecaki, rynek outdoor, trekking, turystyka, 1201\"},{\"@type\":\"BreadcrumbList\",\"@id\":\"https:\\\/\\\/www.skalnik.pl\\\/blog\\\/plecaki-deuter-ktory-plecak-wybrac\\\/#breadcrumblist\",\"itemListElement\":[{\"@type\":\"ListItem\",\"@id\":\"https:\\\/\\\/www.skalnik.pl\\\/blog#listItem\",\"position\":1,\"name\":\"Home\",\"item\":\"https:\\\/\\\/www.skalnik.pl\\\/blog\",\"nextItem\":{\"@type\":\"ListItem\",\"@id\":\"https:\\\/\\\/www.skalnik.pl\\\/blog\\\/.\\\/porady\\\/#listItem\",\"name\":\"Porady\"}},{\"@type\":\"ListItem\",\"@id\":\"https:\\\/\\\/www.skalnik.pl\\\/blog\\\/.\\\/porady\\\/#listItem\",\"position\":2,\"name\":\"Porady\",\"item\":\"https:\\\/\\\/www.skalnik.pl\\\/blog\\\/.\\\/porady\\\/\",\"nextItem\":{\"@type\":\"ListItem\",\"@id\":\"https:\\\/\\\/www.skalnik.pl\\\/blog\\\/plecaki-deuter-ktory-plecak-wybrac\\\/#listItem\",\"name\":\"Plecaki Deuter \\u2013  kt\\u00f3ry plecak wybra\\u0107\"},\"previousItem\":{\"@type\":\"ListItem\",\"@id\":\"https:\\\/\\\/www.skalnik.pl\\\/blog#listItem\",\"name\":\"Home\"}},{\"@type\":\"ListItem\",\"@id\":\"https:\\\/\\\/www.skalnik.pl\\\/blog\\\/plecaki-deuter-ktory-plecak-wybrac\\\/#listItem\",\"position\":3,\"name\":\"Plecaki Deuter \\u2013  kt\\u00f3ry plecak wybra\\u0107\",\"previousItem\":{\"@type\":\"ListItem\",\"@id\":\"https:\\\/\\\/www.skalnik.pl\\\/blog\\\/.\\\/porady\\\/#listItem\",\"name\":\"Porady\"}}]},{\"@type\":\"Organization\",\"@id\":\"https:\\\/\\\/www.skalnik.pl\\\/blog\\\/#organization\",\"name\":\"blog Skalnik\",\"description\":\"Blog, porady, artyku\\u0142y - blog Skalnik\",\"url\":\"https:\\\/\\\/www.skalnik.pl\\\/blog\\\/\"},{\"@type\":\"Person\",\"@id\":\"https:\\\/\\\/www.skalnik.pl\\\/blog\\\/author\\\/marcin-nowak\\\/#author\",\"url\":\"https:\\\/\\\/www.skalnik.pl\\\/blog\\\/author\\\/marcin-nowak\\\/\",\"name\":\"Marcin Nowak\",\"image\":{\"@type\":\"ImageObject\",\"@id\":\"https:\\\/\\\/www.skalnik.pl\\\/blog\\\/plecaki-deuter-ktory-plecak-wybrac\\\/#authorImage\",\"url\":\"https:\\\/\\\/secure.gravatar.com\\\/avatar\\\/f73628a26381dc449e848c17fc0bed5da595b192c42ec3df1b8c321ba4534014?s=96&d=mm&r=g\",\"width\":96,\"height\":96,\"caption\":\"Marcin Nowak\"}},{\"@type\":\"WebPage\",\"@id\":\"https:\\\/\\\/www.skalnik.pl\\\/blog\\\/plecaki-deuter-ktory-plecak-wybrac\\\/#webpage\",\"url\":\"https:\\\/\\\/www.skalnik.pl\\\/blog\\\/plecaki-deuter-ktory-plecak-wybrac\\\/\",\"name\":\"Plecaki Deuter \\u2013 kt\\u00f3ry plecak wybra\\u0107 - blog Skalnik\",\"description\":\"Kt\\u00f3ry plecak Deuter wbra\\u0107? Piszemy o najlepszych modelach i najwa\\u017cniejszych cechach plecak\\u00f3w turystycznych, miejskich i rowerowych Deuter.\",\"inLanguage\":\"pl-PL\",\"isPartOf\":{\"@id\":\"https:\\\/\\\/www.skalnik.pl\\\/blog\\\/#website\"},\"breadcrumb\":{\"@id\":\"https:\\\/\\\/www.skalnik.pl\\\/blog\\\/plecaki-deuter-ktory-plecak-wybrac\\\/#breadcrumblist\"},\"author\":{\"@id\":\"https:\\\/\\\/www.skalnik.pl\\\/blog\\\/author\\\/marcin-nowak\\\/#author\"},\"creator\":{\"@id\":\"https:\\\/\\\/www.skalnik.pl\\\/blog\\\/author\\\/marcin-nowak\\\/#author\"},\"image\":{\"@type\":\"ImageObject\",\"url\":\"https:\\\/\\\/www.skalnik.pl\\\/blog\\\/wp-content\\\/uploads\\\/2019\\\/07\\\/deuter_plecaki_okl1.jpg\",\"@id\":\"https:\\\/\\\/www.skalnik.pl\\\/blog\\\/plecaki-deuter-ktory-plecak-wybrac\\\/#mainImage\",\"width\":1920,\"height\":705,\"caption\":\"Boy and girl hiking around L\\u00fcnersee near Bludenz, Austria. Photos of both action and lifestyle hiking in late summer environment shot for Deuter.\"},\"primaryImageOfPage\":{\"@id\":\"https:\\\/\\\/www.skalnik.pl\\\/blog\\\/plecaki-deuter-ktory-plecak-wybrac\\\/#mainImage\"},\"datePublished\":\"2019-07-22T10:31:53+02:00\",\"dateModified\":\"2019-08-07T08:40:04+02:00\"},{\"@type\":\"WebSite\",\"@id\":\"https:\\\/\\\/www.skalnik.pl\\\/blog\\\/#website\",\"url\":\"https:\\\/\\\/www.skalnik.pl\\\/blog\\\/\",\"name\":\"blog Skalnik\",\"description\":\"Blog, porady, artyku\\u0142y - blog Skalnik\",\"inLanguage\":\"pl-PL\",\"publisher\":{\"@id\":\"https:\\\/\\\/www.skalnik.pl\\\/blog\\\/#organization\"}}]}\n\t\t<\/script>\n\t\t<!-- All in One SEO -->\n\n","aioseo_head_json":{"title":"Plecaki Deuter \u2013 kt\u00f3ry plecak wybra\u0107 - blog Skalnik","description":"Kt\u00f3ry plecak Deuter wbra\u0107? Piszemy o najlepszych modelach i najwa\u017cniejszych cechach plecak\u00f3w turystycznych, miejskich i rowerowych Deuter.","canonical_url":"https:\/\/www.skalnik.pl\/blog\/plecaki-deuter-ktory-plecak-wybrac\/","robots":"max-image-preview:large","keywords":"","webmasterTools":{"miscellaneous":""},"schema":{"@context":"https:\/\/schema.org","@graph":[{"@type":"BlogPosting","@id":"https:\/\/www.skalnik.pl\/blog\/plecaki-deuter-ktory-plecak-wybrac\/#blogposting","name":"Plecaki Deuter \u2013 kt\u00f3ry plecak wybra\u0107 - blog Skalnik","headline":"Plecaki Deuter \u2013  kt\u00f3ry plecak wybra\u0107","author":{"@id":"https:\/\/www.skalnik.pl\/blog\/author\/marcin-nowak\/#author"},"publisher":{"@id":"https:\/\/www.skalnik.pl\/blog\/#organization"},"image":{"@type":"ImageObject","url":"https:\/\/www.skalnik.pl\/blog\/wp-content\/uploads\/2019\/07\/deuter_plecaki_okl1.jpg","width":1920,"height":705,"caption":"Boy and girl hiking around L\u00fcnersee near Bludenz, Austria. Photos of both action and lifestyle hiking in late summer environment shot for Deuter."},"datePublished":"2019-07-22T10:31:53+02:00","dateModified":"2019-08-07T08:40:04+02:00","inLanguage":"pl-PL","mainEntityOfPage":{"@id":"https:\/\/www.skalnik.pl\/blog\/plecaki-deuter-ktory-plecak-wybrac\/#webpage"},"isPartOf":{"@id":"https:\/\/www.skalnik.pl\/blog\/plecaki-deuter-ktory-plecak-wybrac\/#webpage"},"articleSection":"Porady, deuter, plecaki, rynek outdoor, trekking, turystyka, 1201"},{"@type":"BreadcrumbList","@id":"https:\/\/www.skalnik.pl\/blog\/plecaki-deuter-ktory-plecak-wybrac\/#breadcrumblist","itemListElement":[{"@type":"ListItem","@id":"https:\/\/www.skalnik.pl\/blog#listItem","position":1,"name":"Home","item":"https:\/\/www.skalnik.pl\/blog","nextItem":{"@type":"ListItem","@id":"https:\/\/www.skalnik.pl\/blog\/.\/porady\/#listItem","name":"Porady"}},{"@type":"ListItem","@id":"https:\/\/www.skalnik.pl\/blog\/.\/porady\/#listItem","position":2,"name":"Porady","item":"https:\/\/www.skalnik.pl\/blog\/.\/porady\/","nextItem":{"@type":"ListItem","@id":"https:\/\/www.skalnik.pl\/blog\/plecaki-deuter-ktory-plecak-wybrac\/#listItem","name":"Plecaki Deuter \u2013  kt\u00f3ry plecak wybra\u0107"},"previousItem":{"@type":"ListItem","@id":"https:\/\/www.skalnik.pl\/blog#listItem","name":"Home"}},{"@type":"ListItem","@id":"https:\/\/www.skalnik.pl\/blog\/plecaki-deuter-ktory-plecak-wybrac\/#listItem","position":3,"name":"Plecaki Deuter \u2013  kt\u00f3ry plecak wybra\u0107","previousItem":{"@type":"ListItem","@id":"https:\/\/www.skalnik.pl\/blog\/.\/porady\/#listItem","name":"Porady"}}]},{"@type":"Organization","@id":"https:\/\/www.skalnik.pl\/blog\/#organization","name":"blog Skalnik","description":"Blog, porady, artyku\u0142y - blog Skalnik","url":"https:\/\/www.skalnik.pl\/blog\/"},{"@type":"Person","@id":"https:\/\/www.skalnik.pl\/blog\/author\/marcin-nowak\/#author","url":"https:\/\/www.skalnik.pl\/blog\/author\/marcin-nowak\/","name":"Marcin Nowak","image":{"@type":"ImageObject","@id":"https:\/\/www.skalnik.pl\/blog\/plecaki-deuter-ktory-plecak-wybrac\/#authorImage","url":"https:\/\/secure.gravatar.com\/avatar\/f73628a26381dc449e848c17fc0bed5da595b192c42ec3df1b8c321ba4534014?s=96&d=mm&r=g","width":96,"height":96,"caption":"Marcin Nowak"}},{"@type":"WebPage","@id":"https:\/\/www.skalnik.pl\/blog\/plecaki-deuter-ktory-plecak-wybrac\/#webpage","url":"https:\/\/www.skalnik.pl\/blog\/plecaki-deuter-ktory-plecak-wybrac\/","name":"Plecaki Deuter \u2013 kt\u00f3ry plecak wybra\u0107 - blog Skalnik","description":"Kt\u00f3ry plecak Deuter wbra\u0107? Piszemy o najlepszych modelach i najwa\u017cniejszych cechach plecak\u00f3w turystycznych, miejskich i rowerowych Deuter.","inLanguage":"pl-PL","isPartOf":{"@id":"https:\/\/www.skalnik.pl\/blog\/#website"},"breadcrumb":{"@id":"https:\/\/www.skalnik.pl\/blog\/plecaki-deuter-ktory-plecak-wybrac\/#breadcrumblist"},"author":{"@id":"https:\/\/www.skalnik.pl\/blog\/author\/marcin-nowak\/#author"},"creator":{"@id":"https:\/\/www.skalnik.pl\/blog\/author\/marcin-nowak\/#author"},"image":{"@type":"ImageObject","url":"https:\/\/www.skalnik.pl\/blog\/wp-content\/uploads\/2019\/07\/deuter_plecaki_okl1.jpg","@id":"https:\/\/www.skalnik.pl\/blog\/plecaki-deuter-ktory-plecak-wybrac\/#mainImage","width":1920,"height":705,"caption":"Boy and girl hiking around L\u00fcnersee near Bludenz, Austria. Photos of both action and lifestyle hiking in late summer environment shot for Deuter."},"primaryImageOfPage":{"@id":"https:\/\/www.skalnik.pl\/blog\/plecaki-deuter-ktory-plecak-wybrac\/#mainImage"},"datePublished":"2019-07-22T10:31:53+02:00","dateModified":"2019-08-07T08:40:04+02:00"},{"@type":"WebSite","@id":"https:\/\/www.skalnik.pl\/blog\/#website","url":"https:\/\/www.skalnik.pl\/blog\/","name":"blog Skalnik","description":"Blog, porady, artyku\u0142y - blog Skalnik","inLanguage":"pl-PL","publisher":{"@id":"https:\/\/www.skalnik.pl\/blog\/#organization"}}]},"og:locale":"pl_PL","og:site_name":"blog Skalnik - Blog, porady, artyku\u0142y - blog Skalnik","og:type":"article","og:title":"Plecaki Deuter \u2013 kt\u00f3ry plecak wybra\u0107 - blog Skalnik","og:description":"Kt\u00f3ry plecak Deuter wbra\u0107? Piszemy o najlepszych modelach i najwa\u017cniejszych cechach plecak\u00f3w turystycznych, miejskich i rowerowych Deuter.","og:url":"https:\/\/www.skalnik.pl\/blog\/plecaki-deuter-ktory-plecak-wybrac\/","og:image":"https:\/\/skalnik.pl\/blog\/wp-content\/uploads\/2019\/07\/Accessories_RainCover_LarsSchneider-min.jpg","og:image:secure_url":"https:\/\/skalnik.pl\/blog\/wp-content\/uploads\/2019\/07\/Accessories_RainCover_LarsSchneider-min.jpg","article:tag":["porady","deuter","plecaki","rynek outdoor","trekking","turystyka"],"article:published_time":"2019-07-22T08:31:53+00:00","article:modified_time":"2019-08-07T06:40:04+00:00","twitter:card":"summary_large_image","twitter:title":"Plecaki Deuter \u2013 kt\u00f3ry plecak wybra\u0107 - blog Skalnik","twitter:description":"Kt\u00f3ry plecak Deuter wbra\u0107? Piszemy o najlepszych modelach i najwa\u017cniejszych cechach plecak\u00f3w turystycznych, miejskich i rowerowych Deuter.","twitter:image":"https:\/\/skalnik.pl\/blog\/wp-content\/uploads\/2019\/07\/Accessories_RainCover_LarsSchneider-min.jpg"},"aioseo_meta_data":{"post_id":"8001","title":"","description":"Kt\u00f3ry plecak Deuter wbra\u0107? Piszemy o najlepszych modelach i najwa\u017cniejszych cechach plecak\u00f3w turystycznych, miejskich i rowerowych Deuter.","keywords":[{"label":"plecaki deuter","value":"plecaki deuter"},{"label":"placak turystyczny","value":"placak turystyczny"},{"label":"plecak trekkingowy","value":"plecak trekkingowy"},{"label":"plecak rowerowy","value":"plecak rowerowy"}],"keyphrases":null,"primary_term":null,"canonical_url":null,"og_title":null,"og_description":null,"og_object_type":"default","og_image_type":"default","og_image_url":null,"og_image_width":null,"og_image_height":null,"og_image_custom_url":null,"og_image_custom_fields":null,"og_video":null,"og_custom_url":null,"og_article_section":null,"og_article_tags":null,"twitter_use_og":false,"twitter_card":"default","twitter_image_type":"default","twitter_image_url":null,"twitter_image_custom_url":null,"twitter_image_custom_fields":null,"twitter_title":null,"twitter_description":null,"schema":{"blockGraphs":[],"customGraphs":[],"default":{"data":{"Article":[],"Course":[],"Dataset":[],"FAQPage":[],"Movie":[],"Person":[],"Product":[],"ProductReview":[],"Car":[],"Recipe":[],"Service":[],"SoftwareApplication":[],"WebPage":[]},"graphName":"BlogPosting","isEnabled":true},"graphs":[]},"schema_type":"default","schema_type_options":null,"pillar_content":false,"robots_default":true,"robots_noindex":false,"robots_noarchive":false,"robots_nosnippet":false,"robots_nofollow":false,"robots_noimageindex":false,"robots_noodp":false,"robots_notranslate":false,"robots_max_snippet":null,"robots_max_videopreview":null,"robots_max_imagepreview":"large","priority":null,"frequency":null,"local_seo":null,"breadcrumb_settings":null,"limit_modified_date":false,"ai":null,"created":"2022-08-26 10:02:53","updated":"2026-02-17 21:35:23","seo_analyzer_scan_date":null},"aioseo_breadcrumb":"<div class=\"aioseo-breadcrumbs\"><span class=\"aioseo-breadcrumb\">\n\t\t\t<a href=\"https:\/\/www.skalnik.pl\/blog\" title=\"Home\">Home<\/a>\n\t\t<\/span><span class=\"aioseo-breadcrumb-separator\">&raquo;<\/span><span class=\"aioseo-breadcrumb\">\n\t\t\t<a href=\"https:\/\/www.skalnik.pl\/blog\/.\/porady\/\" title=\"Porady\">Porady<\/a>\n\t\t<\/span><span class=\"aioseo-breadcrumb-separator\">&raquo;<\/span><span class=\"aioseo-breadcrumb\">\n\t\t\tPlecaki Deuter \u2013  kt\u00f3ry plecak wybra\u0107\n\t\t<\/span><\/div>","aioseo_breadcrumb_json":[{"label":"Home","link":"https:\/\/www.skalnik.pl\/blog"},{"label":"Porady","link":"https:\/\/www.skalnik.pl\/blog\/.\/porady\/"},{"label":"Plecaki Deuter \u2013  kt\u00f3ry plecak wybra\u0107","link":"https:\/\/www.skalnik.pl\/blog\/plecaki-deuter-ktory-plecak-wybrac\/"}],"_links":{"self":[{"href":"https:\/\/www.skalnik.pl\/blog\/wp-json\/wp\/v2\/posts\/8001","targetHints":{"allow":["GET"]}}],"collection":[{"href":"https:\/\/www.skalnik.pl\/blog\/wp-json\/wp\/v2\/posts"}],"about":[{"href":"https:\/\/www.skalnik.pl\/blog\/wp-json\/wp\/v2\/types\/post"}],"author":[{"embeddable":true,"href":"https:\/\/www.skalnik.pl\/blog\/wp-json\/wp\/v2\/users\/15"}],"replies":[{"embeddable":true,"href":"https:\/\/www.skalnik.pl\/blog\/wp-json\/wp\/v2\/comments?post=8001"}],"version-history":[{"count":14,"href":"https:\/\/www.skalnik.pl\/blog\/wp-json\/wp\/v2\/posts\/8001\/revisions"}],"predecessor-version":[{"id":8098,"href":"https:\/\/www.skalnik.pl\/blog\/wp-json\/wp\/v2\/posts\/8001\/revisions\/8098"}],"wp:featuredmedia":[{"embeddable":true,"href":"https:\/\/www.skalnik.pl\/blog\/wp-json\/wp\/v2\/media\/8004"}],"wp:attachment":[{"href":"https:\/\/www.skalnik.pl\/blog\/wp-json\/wp\/v2\/media?parent=8001"}],"wp:term":[{"taxonomy":"category","embeddable":true,"href":"https:\/\/www.skalnik.pl\/blog\/wp-json\/wp\/v2\/categories?post=8001"},{"taxonomy":"post_tag","embeddable":true,"href":"https:\/\/www.skalnik.pl\/blog\/wp-json\/wp\/v2\/tags?post=8001"},{"taxonomy":"magento_category","embeddable":true,"href":"https:\/\/www.skalnik.pl\/blog\/wp-json\/wp\/v2\/magento_category?post=8001"},{"taxonomy":"magento_product","embeddable":true,"href":"https:\/\/www.skalnik.pl\/blog\/wp-json\/wp\/v2\/magento_product?post=8001"}],"curies":[{"name":"wp","href":"https:\/\/api.w.org\/{rel}","templated":true}]}}