{"id":8041,"date":"2019-07-25T10:09:21","date_gmt":"2019-07-25T08:09:21","guid":{"rendered":"https:\/\/skalnik.pl\/blog\/?p=8041"},"modified":"2019-08-20T08:55:04","modified_gmt":"2019-08-20T06:55:04","slug":"dlaczego-welna-merino-nadaje-sie-na-lato","status":"publish","type":"post","link":"https:\/\/www.skalnik.pl\/blog\/dlaczego-welna-merino-nadaje-sie-na-lato\/","title":{"rendered":"Dlaczego we\u0142na merino nadaje si\u0119 na lato"},"content":{"rendered":"<p><b>We\u0142na merino to kapitalna tkanina, z kt\u00f3rej wytwarzana jest najwy\u017cszej jako\u015bci odzie\u017c. Nie ukrywam, \u017ce jestem ogromnym fanem tego materia\u0142u.<\/b><\/p>\n<p>W\u0142a\u015bciwo\u015bci, kt\u00f3re oferuje we\u0142na z merynos\u00f3w idealnie pasuj\u0105 do wymaga\u0144 stawianych przez g\u00f3ry zim\u0105. No w\u0142a\u015bnie. O tym, \u017ce we\u0142na merino bardzo dobrze sprawdza si\u0119 jako zimowa bielizna wiadomo od dawna. Co jednak, gdy szukamy odzie\u017cy na lato? Czy w tej sytuacji warto inwestowa\u0107 w koszulk\u0119, bielizn\u0119 albo skarpety z we\u0142ny merino?<\/p>\n<div id=\"ez-toc-container\" class=\"ez-toc-v2_0_85 counter-hierarchy ez-toc-counter ez-toc-light-blue ez-toc-container-direction\">\n<div class=\"ez-toc-title-container\">\n<p class=\"ez-toc-title\" style=\"cursor:inherit\">SPIS TRE\u015aCI <\/p>\n<span class=\"ez-toc-title-toggle\"><a href=\"#\" class=\"ez-toc-pull-right ez-toc-btn ez-toc-btn-xs ez-toc-btn-default ez-toc-toggle\" aria-label=\"Prze\u0142\u0105cznik Spisu Tre\u015bci\"><span class=\"ez-toc-js-icon-con\"><span class=\"\"><span class=\"eztoc-hide\" style=\"display:none;\">Toggle<\/span><span class=\"ez-toc-icon-toggle-span\"><svg style=\"fill: #999;color:#999\" xmlns=\"http:\/\/www.w3.org\/2000\/svg\" class=\"list-377408\" width=\"20px\" height=\"20px\" viewBox=\"0 0 24 24\" fill=\"none\"><path d=\"M6 6H4v2h2V6zm14 0H8v2h12V6zM4 11h2v2H4v-2zm16 0H8v2h12v-2zM4 16h2v2H4v-2zm16 0H8v2h12v-2z\" fill=\"currentColor\"><\/path><\/svg><svg style=\"fill: #999;color:#999\" class=\"arrow-unsorted-368013\" xmlns=\"http:\/\/www.w3.org\/2000\/svg\" width=\"10px\" height=\"10px\" viewBox=\"0 0 24 24\" version=\"1.2\" baseProfile=\"tiny\"><path d=\"M18.2 9.3l-6.2-6.3-6.2 6.3c-.2.2-.3.4-.3.7s.1.5.3.7c.2.2.4.3.7.3h11c.3 0 .5-.1.7-.3.2-.2.3-.5.3-.7s-.1-.5-.3-.7zM5.8 14.7l6.2 6.3 6.2-6.3c.2-.2.3-.5.3-.7s-.1-.5-.3-.7c-.2-.2-.4-.3-.7-.3h-11c-.3 0-.5.1-.7.3-.2.2-.3.5-.3.7s.1.5.3.7z\"\/><\/svg><\/span><\/span><\/span><\/a><\/span><\/div>\n<nav><ul class='ez-toc-list ez-toc-list-level-1 ' ><li class='ez-toc-page-1 ez-toc-heading-level-2'><a class=\"ez-toc-link ez-toc-heading-1\" href=\"https:\/\/www.skalnik.pl\/blog\/dlaczego-welna-merino-nadaje-sie-na-lato\/#Welna_merino_na_lato\" >We\u0142na merino na lato<\/a><\/li><li class='ez-toc-page-1 ez-toc-heading-level-2'><a class=\"ez-toc-link ez-toc-heading-2\" href=\"https:\/\/www.skalnik.pl\/blog\/dlaczego-welna-merino-nadaje-sie-na-lato\/#Merino_czy_syntetyk\" >Merino czy syntetyk?<\/a><\/li><li class='ez-toc-page-1 ez-toc-heading-level-2'><a class=\"ez-toc-link ez-toc-heading-3\" href=\"https:\/\/www.skalnik.pl\/blog\/dlaczego-welna-merino-nadaje-sie-na-lato\/#Najwieksze_zalety_welny_merynosow\" >Najwi\u0119ksze zalety we\u0142ny merynos\u00f3w<\/a><\/li><li class='ez-toc-page-1 ez-toc-heading-level-2'><a class=\"ez-toc-link ez-toc-heading-4\" href=\"https:\/\/www.skalnik.pl\/blog\/dlaczego-welna-merino-nadaje-sie-na-lato\/#Welna_merynos_%E2%80%93_wady\" >We\u0142na merynos &#8211; wady<\/a><\/li><li class='ez-toc-page-1 ez-toc-heading-level-2'><a class=\"ez-toc-link ez-toc-heading-5\" href=\"https:\/\/www.skalnik.pl\/blog\/dlaczego-welna-merino-nadaje-sie-na-lato\/#Dlaczego_welna_merino_nadaje_sie_na_lato\" >Dlaczego we\u0142na merino nadaje si\u0119 na lato<\/a><\/li><\/ul><\/nav><\/div>\n<h2><span class=\"ez-toc-section\" id=\"Welna_merino_na_lato\"><\/span>We\u0142na merino na lato<span class=\"ez-toc-section-end\"><\/span><\/h2>\n<p>W \u015bwiadomo\u015bci wielu turyst\u00f3w, wspinaczy i innych mi\u0142o\u015bnik\u00f3w outdoorowych zmaga\u0144 powoli zacz\u0119\u0142o si\u0119 zakorzenia\u0107 przekonanie, \u017ce we\u0142na z merynos\u00f3w to produkt tylko na zim\u0119. Wcale tak nie jest. Ubrania z merino mog\u0105 by\u0107 u\u017cywane przez ca\u0142y rok, tak\u017ce latem. Dbaj\u0105 o to producenci odzie\u017cy, dopasowuj\u0105c konstrukcj\u0119 swoich produkt\u00f3w do letnich aktywno\u015bci.<\/p>\n<p>Zimowa wersja odzie\u017cy z w\u0142\u00f3kien merynosowych r\u00f3\u017cni si\u0119 od letniej przede wszystkim gramatur\u0105 materia\u0142u. Moja zimowa koszulka merino marki <a href=\"https:\/\/skalnik.pl\/smartwool\" target=\"_blank\" rel=\"noopener\">SmartWool<\/a> ma gramatur\u0119 250 g\/m2, a letnia tylko 150 g\/m2. Obni\u017cenie gramatury sprawia, \u017ce materia\u0142 automatycznie jest cie\u0144szy, l\u017cejszy i bardziej dopasowany do letnich dzia\u0142a\u0144. Istniej\u0105 tak\u017ce produkty o gramaturze 200 g\/m2, ale te najlepiej b\u0119d\u0105 si\u0119 sprawdza\u0107 wiosn\u0105 i jesieni\u0105.<\/p>\n<p>Kolejn\u0105 kwesti\u0105, kt\u00f3ra odr\u00f3\u017cnia zimow\u0105 odzie\u017c z we\u0142ny merino od letniej s\u0105 syntetyczne dodatki. Osobi\u015bcie uwielbiam produkty wykonane w 100% z we\u0142ny merynosa. Taka odzie\u017c jest bardzo przyjemna w kontakcie ze sk\u00f3r\u0105. Domieszka syntetycznych tworzyw sprawia, \u017ce koszulk\u0119 nosi si\u0119 troch\u0119 gorzej. Przynajmniej takie jest moje odczucie. Czasami jednak domieszka nylonu czy poliestru jest konieczna, bo zwi\u0119ksza wytrzyma\u0142o\u015b\u0107 tkaniny. Bielizn\u0119 zimow\u0105 nosimy z regu\u0142y pod innymi warstwami odzie\u017cy, co chroni j\u0105 przed uszkodzeniami. Letni ubi\u00f3r (np. koszulka) z regu\u0142y takiej ochrony nie ma, bo latem cz\u0119sto u\u017cywamy tylko jednej warstwy.<\/p>\n<p>Odzie\u017c w wersji na lato jest wi\u0119c automatycznie znacznie bardziej nara\u017cona na rozdarcie czy przetarcie, kt\u00f3re mo\u017ce by\u0107 powodowane cho\u0107by szelkami plecaka. Aby <a href=\"https:\/\/skalnik.pl\/odziez\/welna-merino\">we\u0142na merino<\/a> sprawdza\u0142a si\u0119 w odzie\u017cy letniej, producenci wzmacniaj\u0105 j\u0105 stosuj\u0105c domieszki tworzyw syntetycznych.<\/p>\n<div id=\"attachment_8044\" style=\"width: 1034px\" class=\"wp-caption alignnone\"><a href=\"https:\/\/skalnik.pl\/odziez\/odziez-meska\/odziez-meska-koszulki\/icebreaker\"><img loading=\"lazy\" decoding=\"async\" aria-describedby=\"caption-attachment-8044\" class=\"wp-image-8044 size-large\" title=\"koszulka turystyczna merino\" src=\"https:\/\/skalnik.pl\/blog\/wp-content\/uploads\/2019\/07\/MEN-SS19-LOCATION-TECH-LITE-SS-CREWE-104578001_2-min-1024x683.jpg\" alt=\"icebreaker t-shirt\" width=\"1024\" height=\"683\" srcset=\"https:\/\/www.skalnik.pl\/blog\/wp-content\/uploads\/2019\/07\/MEN-SS19-LOCATION-TECH-LITE-SS-CREWE-104578001_2-min-1024x683.jpg 1024w, https:\/\/www.skalnik.pl\/blog\/wp-content\/uploads\/2019\/07\/MEN-SS19-LOCATION-TECH-LITE-SS-CREWE-104578001_2-min-300x200.jpg 300w, https:\/\/www.skalnik.pl\/blog\/wp-content\/uploads\/2019\/07\/MEN-SS19-LOCATION-TECH-LITE-SS-CREWE-104578001_2-min-768x512.jpg 768w\" sizes=\"auto, (max-width: 1024px) 100vw, 1024px\" \/><\/a><p id=\"caption-attachment-8044\" class=\"wp-caption-text\">Planujesz wielodniowy trekking z plecakiem? Koszulka merino b\u0119dzie strza\u0142em w dziesi\u0105tk\u0119! (fot. Icebreaker)<\/p><\/div>\n<p>&nbsp;<\/p>\n<h2><span class=\"ez-toc-section\" id=\"Merino_czy_syntetyk\"><\/span>Merino czy syntetyk?<span class=\"ez-toc-section-end\"><\/span><\/h2>\n<p>We\u0142na merynos to materia\u0142, z kt\u00f3rego \u015bmia\u0142o mo\u017cna korzysta\u0107 latem, ale nie zawsze b\u0119dzie najlepszym wyborem. Podczas niekt\u00f3rych letnich aktywno\u015bci, odzie\u017c wykonana z tej tkaniny b\u0119dzie si\u0119 sprawdza\u0107 \u015bwietnie, a w trakcie innych gorzej. Nie ca\u0142kowicie \u017ale, ale gorzej chocia\u017cby od ubra\u0144 syntetycznych, kt\u00f3re s\u0105 g\u0142\u00f3wnym konkurentem sprz\u0119tu z merino.<\/p>\n<p>Kiedy zatem wybra\u0107 we\u0142n\u0119 merino, a kiedy odzie\u017c syntetyczn\u0105? Wyboru najlepiej dokona\u0107 okre\u015blaj\u0105c rodzaj aktywno\u015bci i warunki, w jakich chcemy korzysta\u0107 ze sprz\u0119tu. Czy b\u0119dzie to trening na si\u0142owni, bieganie, jednodniowy wypad za miasto? A mo\u017ce kilkudniowy wyjazd w Tatry z noclegami w schroniskach albo marsz d\u0142ugodystansowym szlakiem?<\/p>\n<p>Osobi\u015bcie uwa\u017cam, \u017ce w przypadku bieg\u00f3w, codziennych letnich trening\u00f3w, czy jednodniowych wypad\u00f3w w g\u00f3ry, najlepszym wyborem jest koszulka z w\u0142\u00f3kien syntetycznych. Przede wszystkim dlatego, \u017ce tego rodzaju odzie\u017c mimo wszystko lepiej oddycha ni\u017c koszulka merino. Do tego jest znacznie ta\u0144sza w zakupie. Syntetyki przegrywaj\u0105 (z kretesem!) natomiast z merino w jednej bardzo istotnej kwestii. Chodzi o zapach, a w zasadzie jego brak. Zapocona odzie\u017c syntetyczna do\u015b\u0107 szybko przejmuje przykre zapachy. Cho\u0107 producenci staraj\u0105 si\u0119 nas przekona\u0107, \u017ce zastosowany materia\u0142 syntetyczny wykazuje dzia\u0142anie antybakteryjne np. ze wzgl\u0119du na dodatek cz\u0105steczek srebra, to i tak po dw\u00f3ch intensywnych dniach (cz\u0119sto nawet szybciej), koszulka syntetyczna zaczynie wydziela\u0107 przykry zapach, a koszulka merino nie.<\/p>\n<div id=\"attachment_8045\" style=\"width: 1034px\" class=\"wp-caption alignnone\"><img loading=\"lazy\" decoding=\"async\" aria-describedby=\"caption-attachment-8045\" class=\"wp-image-8045 size-large\" title=\"Smartwool t-shirt\" src=\"https:\/\/skalnik.pl\/blog\/wp-content\/uploads\/2019\/07\/S19_MerinoSport_GraphicTees_FisherCreative_2110_RGB-min-1024x683.jpg\" alt=\"koszulki merino smartwool\" width=\"1024\" height=\"683\" srcset=\"https:\/\/www.skalnik.pl\/blog\/wp-content\/uploads\/2019\/07\/S19_MerinoSport_GraphicTees_FisherCreative_2110_RGB-min-1024x683.jpg 1024w, https:\/\/www.skalnik.pl\/blog\/wp-content\/uploads\/2019\/07\/S19_MerinoSport_GraphicTees_FisherCreative_2110_RGB-min-300x200.jpg 300w, https:\/\/www.skalnik.pl\/blog\/wp-content\/uploads\/2019\/07\/S19_MerinoSport_GraphicTees_FisherCreative_2110_RGB-min-768x512.jpg 768w, https:\/\/www.skalnik.pl\/blog\/wp-content\/uploads\/2019\/07\/S19_MerinoSport_GraphicTees_FisherCreative_2110_RGB-min.jpg 1600w\" sizes=\"auto, (max-width: 1024px) 100vw, 1024px\" \/><p id=\"caption-attachment-8045\" class=\"wp-caption-text\">Koszulki merino i letnie przygody to dobrana para (fot. Smartwool)<\/p><\/div>\n<p>&nbsp;<\/p>\n<h2><span class=\"ez-toc-section\" id=\"Najwieksze_zalety_welny_merynosow\"><\/span>Najwi\u0119ksze zalety we\u0142ny merynos\u00f3w<span class=\"ez-toc-section-end\"><\/span><\/h2>\n<p>We\u0142na z merynos\u00f3w, a konkretniej odzie\u017c wykonana z tego materia\u0142u, mo\u017ce by\u0107 noszona nawet przez tydzie\u0144 bez przerwy. W tym czasie mo\u017ce by\u0107 przepacana wielokrotnie, a i tak nie b\u0119dzie \u2013 m\u00f3wi\u0105c kolokwialnie \u2013 \u015bmierdzie\u0107. Korzystaj\u0105c z koszulki wykonanej z merino zdarzy\u0142o mi si\u0119 sprawdza\u0107 czy rzecz by\u0142a u\u017cywana wykorzystuj\u0105c do tego smak, a nie w\u0119ch. Wiem, \u017ce brzmi to co najmniej dziwnie, ale naprawd\u0119 taka sytuacja mia\u0142a miejsce. W\u0105chaj\u0105c koszulk\u0119 nie by\u0142em pewny czy ju\u017c z niej korzysta\u0142em. Przekona\u0142em si\u0119, \u017ce tak dopiero, gdy przypadkowo dotkn\u0105\u0142em materia\u0142u ustami i poczu\u0142em na nich s\u0142ony smak.<\/p>\n<p>Oczywi\u015bcie po kilku dniach intensywnego u\u017cytkowania nawet we\u0142na merynos mo\u017ce zacz\u0105\u0107 nieciekawie pachn\u0105\u0107, ale w\u00f3wczas z regu\u0142y wystarczy tak\u0105 odzie\u017c po prostu porz\u0105dnie przewietrzy\u0107. Szczerze m\u00f3wi\u0105c nie wiem jak d\u0142ugo trzeba korzysta\u0107 z koszulki z merino, aby zacz\u0119\u0142a \u015bmierdzie\u0107. Zawsze pra\u0142em moje rzeczy z merino zanim zacz\u0119\u0142y wydziela\u0107 przykry zapach i g\u0142\u00f3wnie po to, \u017ceby pozby\u0107 si\u0119 soli z w\u0142\u00f3kien.<\/p>\n<p>&nbsp;<\/p>\n<p><i>Nie wierzysz? <a href=\"https:\/\/skalnik.pl\/blog\/jak-koszulki-merino-sprawdzaja-sie-w-upaly-i-wygrywaja-z-koncem-swiata\/\" target=\"_blank\" rel=\"noopener\">Kliknij i przeczytaj<\/a>, jak merino sprawdza\u0142o si\u0119 w Izraelu, kt\u00f3ry w lipcu jest jak rozgrzany piec.\u00a0<\/i><\/p>\n<p><iframe loading=\"lazy\" src=\"https:\/\/www.youtube.com\/embed\/ZtBq7L1EnIc\" width=\"560\" height=\"315\" frameborder=\"0\" allowfullscreen=\"allowfullscreen\"><\/iframe><\/p>\n<p>We\u0142na merino ma tak\u017ce inne zalety. Mo\u017cna powiedzie\u0107, \u017ce jest to tworzywo inteligentne, bo \u015bwietnie dopasowuje si\u0119 do aktualnie panuj\u0105cych warunk\u00f3w. Stwierdzeniem, z kt\u00f3rym mo\u017cemy si\u0119 czasami spotka\u0107 jest, \u017ce we\u0142na merynos latem ch\u0142odzi, a zim\u0105 grzeje. O ile druga cz\u0119\u015b\u0107 tego okre\u015blenia jest w 100% prawdziwa, tak pierwsza tylko cz\u0119\u015bciowo.<br \/>\nKoszulka merino o niewielkiej gramaturze faktycznie s\u0105 przewiewne, a samo tworzywo bardzo dobrze wch\u0142ania i odprowadza wilgo\u0107 z powierzchni sk\u00f3ry. We\u0142na z merynosa jest w stanie wch\u0142on\u0105\u0107 wilgo\u0107 w ilo\u015bci stanowi\u0105cej nawet 35% jej masy! Nie u\u017cy\u0142bym natomiast okre\u015blenia, \u017ce tkanina ch\u0142odzi. Przynajmniej ja nie odczuwa\u0142em czego\u015b takiego korzystaj\u0105c z koszulki. Potwierdzam natomiast, \u017ce przewiewno\u015b\u0107 i oddychalno\u015b\u0107 w\u0142\u00f3kien we\u0142ny merino jest na naprawd\u0119 bardzo dobrym poziomie.<\/p>\n<p>&nbsp;<\/p>\n<h2><span class=\"ez-toc-section\" id=\"Welna_merynos_%E2%80%93_wady\"><\/span>We\u0142na merynos &#8211; wady<span class=\"ez-toc-section-end\"><\/span><\/h2>\n<p>Odzie\u017c z merino niestety nigdy nie by\u0142a tania. To w\u0142a\u015bnie wysoka cena jest g\u0142\u00f3wn\u0105 wad\u0105 ubra\u0144 z tego materia\u0142u. Pami\u0119tam, \u017ce do\u015b\u0107 mocno si\u0119 zdziwi\u0142em, gdy pierwszy raz szuka\u0142em dla siebie zimowej koszulki z we\u0142ny merynos\u00f3w i zobaczy\u0142em cen\u0119 wynosz\u0105c\u0105 oko\u0142o 400 z\u0142. Na szcz\u0119\u015bcie koszulki letnie s\u0105 troch\u0119 ta\u0144sze. Generalnie jednak zakup produkt\u00f3w z we\u0142ny merino wi\u0105\u017c\u0119 si\u0119 ze znacznie wi\u0119kszym wydatkiem, ni\u017c nabycie syntetyka.<\/p>\n<p>W tym miejscu musz\u0119 natomiast doda\u0107, \u017ce produkty z merino naprawd\u0119 s\u0105 warte swojej ceny. Natomiast ze wzgl\u0119du na wysoki koszt zakupu warto o nie dba\u0107. Swoje koszulki z we\u0142ny merynos\u00f3w ubieram tylko w\u00f3wczas, gdy uwa\u017cam, \u017ce w terenie faktycznie przydadz\u0105 mi si\u0119 w\u0142a\u015bciwo\u015bci tego materia\u0142u. Na jednodniowe wyjazdy w g\u00f3ry wybieram raczej odzie\u017c syntetyczn\u0105, bo zwyczajnie szkoda mi ubra\u0144 z we\u0142ny merino.<\/p>\n<p>Dlaczego we\u0142na merynos i wykonane z niej produkty s\u0105 takie drogie? Wynika to przede wszystkim z wysokiej ceny samego surowca. Najlepsi producenci wykorzystuj\u0105 we\u0142n\u0119 pochodz\u0105c\u0105 g\u0142\u00f3wnie z Nowej Zelandii i Australii. Przyk\u0142adowo marka Icebreaker stawia przed dostarczaj\u0105cym im we\u0142n\u0119 hodowcom bardzo wysokie wymagania. Runo musi pochodzi\u0107 z owiec, kt\u00f3re \u017cyj\u0105 wysoko w g\u00f3rach, w stale zmieniaj\u0105cym si\u0119 klimacie i temperaturach od 35\u00b0C latem do -20\u00b0C zim\u0105. Gospodarstwo musi ponadto by\u0107 prowadzone wed\u0142ug norm ekologicznych. W efekcie koszulki Icebreaker i inne produkty tej marki s\u0105 zawsze najwy\u017cszej jako\u015bci. Du\u017cy nacisk na jako\u015b\u0107 k\u0142ad\u0105 tak\u017ce takie firmy jak ameryka\u0144ski SmartWool czy polski Brubeck.<\/p>\n<p>&nbsp;<\/p>\n<p><i><a href=\"https:\/\/skalnik.pl\/blog\/jak-icebreaker-dba-o-srodowisko\/\" target=\"_blank\" rel=\"noopener\">Przeczytaj tekst<\/a>, w kt\u00f3rym opisali\u015bmy ekologiczy,odpowiedzialny i transparentny model prowadzenia firmy Icebreaker.\u00a0<\/i><\/p>\n<div id=\"attachment_8046\" style=\"width: 1034px\" class=\"wp-caption aligncenter\"><a href=\"https:\/\/skalnik.pl\/odziez\/odziez-damska\/odziez-damska-koszulki\/smartwool\"><img loading=\"lazy\" decoding=\"async\" aria-describedby=\"caption-attachment-8046\" class=\"wp-image-8046 size-large\" title=\"koszulki merino na lato\" src=\"https:\/\/skalnik.pl\/blog\/wp-content\/uploads\/2019\/07\/S19_MerinoSport_GraphicTees_FisherCreative_2448_RGB-min-1024x682.jpg\" alt=\"we\u0142na merino koszulka na lato\" width=\"1024\" height=\"682\" srcset=\"https:\/\/www.skalnik.pl\/blog\/wp-content\/uploads\/2019\/07\/S19_MerinoSport_GraphicTees_FisherCreative_2448_RGB-min-1024x682.jpg 1024w, https:\/\/www.skalnik.pl\/blog\/wp-content\/uploads\/2019\/07\/S19_MerinoSport_GraphicTees_FisherCreative_2448_RGB-min-300x200.jpg 300w, https:\/\/www.skalnik.pl\/blog\/wp-content\/uploads\/2019\/07\/S19_MerinoSport_GraphicTees_FisherCreative_2448_RGB-min-768x512.jpg 768w, https:\/\/www.skalnik.pl\/blog\/wp-content\/uploads\/2019\/07\/S19_MerinoSport_GraphicTees_FisherCreative_2448_RGB-min.jpg 1600w\" sizes=\"auto, (max-width: 1024px) 100vw, 1024px\" \/><\/a><p id=\"caption-attachment-8046\" class=\"wp-caption-text\">We\u0142na merino cieszy latem antybakteryjnymi w\u0142a\u015bciwo\u015bciami i sprawn\u0105 oddychalno\u015bci\u0105. (fot. Smartwool)<\/p><\/div>\n<p>&nbsp;<\/p>\n<h2><span class=\"ez-toc-section\" id=\"Dlaczego_welna_merino_nadaje_sie_na_lato\"><\/span>Dlaczego we\u0142na merino nadaje si\u0119 na lato<span class=\"ez-toc-section-end\"><\/span><\/h2>\n<p>W tytule artyku\u0142u zada\u0142em pytanie dlaczego we\u0142na merino nadaje si\u0119 na lato? Na koniec chcia\u0142bym wprost odpowiedzie\u0107 na to pytanie, robi\u0105c jednocze\u015bnie podsumowanie wcze\u015bniejszych rozwa\u017ca\u0144. A wi\u0119c dlaczego? Dlatego, \u017ce:<\/p>\n<ul>\n<li>\u015bwietnie poch\u0142ania wilgo\u0107 (nawet do 35% masy w\u0142asnej),<\/li>\n<li>materia\u0142 jest przewiewny i dobrze oddycha,<\/li>\n<li>chroni przed promieniowaniem UV,<\/li>\n<li>mo\u017cna j\u0105 wzmocni\u0107 w\u0142\u00f3knami syntetycznymi i u\u017cywa\u0107 jako pierwszej i jedynej warstwy,<\/li>\n<li>we\u0142na z merynosa nie generuje przykrego zapachu nawet po bardzo intensywnym wysi\u0142ku,<\/li>\n<li>produkty z merino mog\u0105 by\u0107 u\u017cywane przez wiele dni bez przerwy,<\/li>\n<li>we\u0142na merino jest tworzywem biodegradowalnym i przyjaznym \u015brodowisku.<\/li>\n<\/ul>\n<p>Odzie\u017c z we\u0142ny merino, kt\u00f3ra sprawdzi si\u0119 w okresie letnim to liczne koszulki, majtki, skarpety biegowe i trekkingowe czy chusty wielofunkcyjne. W sprzeda\u017cy dost\u0119pna jest tak\u017ce odzie\u017c dedykowana ch\u0142odniejszym okresom roku \u2013 na przyk\u0142ad koszulki i getry o zwi\u0119kszonej gramaturze \u2013 cz\u0119sto wykonane w 100% z we\u0142ny merino. Opr\u00f3cz tego w sklepach znajdziemy bluzy, czapki, r\u0119kawiczki czy nawet kurtki, w przypadku kt\u00f3rych we\u0142na merynos pe\u0142ni rol\u0119 ociepliny. Producenci oferuj\u0105cy ubrania z we\u0142ny merynos\u00f3w, kt\u00f3rych produkty mo\u017cna naby\u0107 w sklepach Skalnik, to m.in. SmartWool, <a href=\"https:\/\/skalnik.pl\/icebreaker\" target=\"_blank\" rel=\"noopener\">Icebreaker<\/a>, Brubeck, Bridgedale czy Buff.<\/p>\n","protected":false},"excerpt":{"rendered":"<p>To mit, \u017ce we\u0142n\u0119 mo\u017cna nosi\u0107 tylko zim\u0105. We\u0142na merino to antybakteryjny, delikatny dla sk\u00f3ry i oddychaj\u0105cy materia\u0142. Przekonaj si\u0119 i no\u015b koszulki merino latem. Poznaj nowy wymiar komfortu z we\u0142n\u0105 merynos.<\/p>\n","protected":false},"author":32,"featured_media":8048,"comment_status":"open","ping_status":"open","sticky":false,"template":"","format":"standard","meta":{"_acf_changed":false,"footnotes":""},"categories":[3],"tags":[169,15,91,210],"magento_category":[179],"magento_product":[],"class_list":["post-8041","post","type-post","status-publish","format-standard","has-post-thumbnail","hentry","category-porady","tag-merino","tag-odziez","tag-trekking","tag-turystyka"],"acf":[],"aioseo_notices":[],"aioseo_head":"\n\t\t<!-- All in One SEO 4.9.10 - aioseo.com -->\n\t<meta name=\"description\" content=\"We\u0142na merino to genialny materia\u0142. Koszulki i bielizn\u0119 z tego materia\u0142u mo\u017cesz nosi\u0107 r\u00f3wnie\u017c latem. Wypr\u00f3buj merino latem i poznaj nowy wymiar komfotu!\" \/>\n\t<meta name=\"robots\" content=\"max-image-preview:large\" \/>\n\t<meta name=\"author\" content=\"Pawe\u0142 Gibek\"\/>\n\t<link rel=\"canonical\" href=\"https:\/\/www.skalnik.pl\/blog\/dlaczego-welna-merino-nadaje-sie-na-lato\/\" \/>\n\t<meta name=\"generator\" content=\"All in One SEO (AIOSEO) 4.9.10\" \/>\n\t\t<meta property=\"og:locale\" content=\"pl_PL\" \/>\n\t\t<meta property=\"og:site_name\" content=\"blog Skalnik - Blog, porady, artyku\u0142y - blog Skalnik\" \/>\n\t\t<meta property=\"og:type\" content=\"article\" \/>\n\t\t<meta property=\"og:title\" content=\"Dlaczego we\u0142na merino nadaje si\u0119 na lato - blog Skalnik\" \/>\n\t\t<meta property=\"og:description\" content=\"We\u0142na merino to genialny materia\u0142. Koszulki i bielizn\u0119 z tego materia\u0142u mo\u017cesz nosi\u0107 r\u00f3wnie\u017c latem. Wypr\u00f3buj merino latem i poznaj nowy wymiar komfotu!\" \/>\n\t\t<meta property=\"og:url\" content=\"https:\/\/www.skalnik.pl\/blog\/dlaczego-welna-merino-nadaje-sie-na-lato\/\" \/>\n\t\t<meta property=\"og:image\" content=\"https:\/\/skalnik.pl\/blog\/wp-content\/uploads\/2019\/07\/MEN-SS19-LOCATION-TECH-LITE-SS-CREWE-104578001_2-min-1024x683.jpg\" \/>\n\t\t<meta property=\"og:image:secure_url\" content=\"https:\/\/skalnik.pl\/blog\/wp-content\/uploads\/2019\/07\/MEN-SS19-LOCATION-TECH-LITE-SS-CREWE-104578001_2-min-1024x683.jpg\" \/>\n\t\t<meta property=\"article:tag\" content=\"porady\" \/>\n\t\t<meta property=\"article:tag\" content=\"merino\" \/>\n\t\t<meta property=\"article:tag\" content=\"odzie\u017c\" \/>\n\t\t<meta property=\"article:tag\" content=\"trekking\" \/>\n\t\t<meta property=\"article:tag\" content=\"turystyka\" \/>\n\t\t<meta property=\"article:published_time\" content=\"2019-07-25T08:09:21+00:00\" \/>\n\t\t<meta property=\"article:modified_time\" content=\"2019-08-20T06:55:04+00:00\" \/>\n\t\t<meta name=\"twitter:card\" content=\"summary_large_image\" \/>\n\t\t<meta name=\"twitter:title\" content=\"Dlaczego we\u0142na merino nadaje si\u0119 na lato - blog Skalnik\" \/>\n\t\t<meta name=\"twitter:description\" content=\"We\u0142na merino to genialny materia\u0142. Koszulki i bielizn\u0119 z tego materia\u0142u mo\u017cesz nosi\u0107 r\u00f3wnie\u017c latem. Wypr\u00f3buj merino latem i poznaj nowy wymiar komfotu!\" \/>\n\t\t<meta name=\"twitter:image\" content=\"https:\/\/skalnik.pl\/blog\/wp-content\/uploads\/2019\/07\/MEN-SS19-LOCATION-TECH-LITE-SS-CREWE-104578001_2-min-1024x683.jpg\" \/>\n\t\t<script type=\"application\/ld+json\" class=\"aioseo-schema\">\n\t\t\t{\"@context\":\"https:\\\/\\\/schema.org\",\"@graph\":[{\"@type\":\"BlogPosting\",\"@id\":\"https:\\\/\\\/www.skalnik.pl\\\/blog\\\/dlaczego-welna-merino-nadaje-sie-na-lato\\\/#blogposting\",\"name\":\"Dlaczego we\\u0142na merino nadaje si\\u0119 na lato - blog Skalnik\",\"headline\":\"Dlaczego we\\u0142na merino nadaje si\\u0119 na lato\",\"author\":{\"@id\":\"https:\\\/\\\/www.skalnik.pl\\\/blog\\\/author\\\/pawel-gibek\\\/#author\"},\"publisher\":{\"@id\":\"https:\\\/\\\/www.skalnik.pl\\\/blog\\\/#organization\"},\"image\":{\"@type\":\"ImageObject\",\"url\":\"https:\\\/\\\/www.skalnik.pl\\\/blog\\\/wp-content\\\/uploads\\\/2019\\\/07\\\/merino-latem-okladka.jpg\",\"width\":1920,\"height\":705},\"datePublished\":\"2019-07-25T10:09:21+02:00\",\"dateModified\":\"2019-08-20T08:55:04+02:00\",\"inLanguage\":\"pl-PL\",\"mainEntityOfPage\":{\"@id\":\"https:\\\/\\\/www.skalnik.pl\\\/blog\\\/dlaczego-welna-merino-nadaje-sie-na-lato\\\/#webpage\"},\"isPartOf\":{\"@id\":\"https:\\\/\\\/www.skalnik.pl\\\/blog\\\/dlaczego-welna-merino-nadaje-sie-na-lato\\\/#webpage\"},\"articleSection\":\"Porady, merino, odzie\\u017c, trekking, turystyka, 1094\"},{\"@type\":\"BreadcrumbList\",\"@id\":\"https:\\\/\\\/www.skalnik.pl\\\/blog\\\/dlaczego-welna-merino-nadaje-sie-na-lato\\\/#breadcrumblist\",\"itemListElement\":[{\"@type\":\"ListItem\",\"@id\":\"https:\\\/\\\/www.skalnik.pl\\\/blog#listItem\",\"position\":1,\"name\":\"Home\",\"item\":\"https:\\\/\\\/www.skalnik.pl\\\/blog\",\"nextItem\":{\"@type\":\"ListItem\",\"@id\":\"https:\\\/\\\/www.skalnik.pl\\\/blog\\\/.\\\/porady\\\/#listItem\",\"name\":\"Porady\"}},{\"@type\":\"ListItem\",\"@id\":\"https:\\\/\\\/www.skalnik.pl\\\/blog\\\/.\\\/porady\\\/#listItem\",\"position\":2,\"name\":\"Porady\",\"item\":\"https:\\\/\\\/www.skalnik.pl\\\/blog\\\/.\\\/porady\\\/\",\"nextItem\":{\"@type\":\"ListItem\",\"@id\":\"https:\\\/\\\/www.skalnik.pl\\\/blog\\\/dlaczego-welna-merino-nadaje-sie-na-lato\\\/#listItem\",\"name\":\"Dlaczego we\\u0142na merino nadaje si\\u0119 na lato\"},\"previousItem\":{\"@type\":\"ListItem\",\"@id\":\"https:\\\/\\\/www.skalnik.pl\\\/blog#listItem\",\"name\":\"Home\"}},{\"@type\":\"ListItem\",\"@id\":\"https:\\\/\\\/www.skalnik.pl\\\/blog\\\/dlaczego-welna-merino-nadaje-sie-na-lato\\\/#listItem\",\"position\":3,\"name\":\"Dlaczego we\\u0142na merino nadaje si\\u0119 na lato\",\"previousItem\":{\"@type\":\"ListItem\",\"@id\":\"https:\\\/\\\/www.skalnik.pl\\\/blog\\\/.\\\/porady\\\/#listItem\",\"name\":\"Porady\"}}]},{\"@type\":\"Organization\",\"@id\":\"https:\\\/\\\/www.skalnik.pl\\\/blog\\\/#organization\",\"name\":\"blog Skalnik\",\"description\":\"Blog, porady, artyku\\u0142y - blog Skalnik\",\"url\":\"https:\\\/\\\/www.skalnik.pl\\\/blog\\\/\"},{\"@type\":\"Person\",\"@id\":\"https:\\\/\\\/www.skalnik.pl\\\/blog\\\/author\\\/pawel-gibek\\\/#author\",\"url\":\"https:\\\/\\\/www.skalnik.pl\\\/blog\\\/author\\\/pawel-gibek\\\/\",\"name\":\"Pawe\\u0142 Gibek\",\"image\":{\"@type\":\"ImageObject\",\"@id\":\"https:\\\/\\\/www.skalnik.pl\\\/blog\\\/dlaczego-welna-merino-nadaje-sie-na-lato\\\/#authorImage\",\"url\":\"https:\\\/\\\/secure.gravatar.com\\\/avatar\\\/cfa17eebb8c907b0125e9171f7e9fc12b0799c3ba90a5e5183d3b10c450ae05d?s=96&d=mm&r=g\",\"width\":96,\"height\":96,\"caption\":\"Pawe\\u0142 Gibek\"}},{\"@type\":\"WebPage\",\"@id\":\"https:\\\/\\\/www.skalnik.pl\\\/blog\\\/dlaczego-welna-merino-nadaje-sie-na-lato\\\/#webpage\",\"url\":\"https:\\\/\\\/www.skalnik.pl\\\/blog\\\/dlaczego-welna-merino-nadaje-sie-na-lato\\\/\",\"name\":\"Dlaczego we\\u0142na merino nadaje si\\u0119 na lato - blog Skalnik\",\"description\":\"We\\u0142na merino to genialny materia\\u0142. Koszulki i bielizn\\u0119 z tego materia\\u0142u mo\\u017cesz nosi\\u0107 r\\u00f3wnie\\u017c latem. Wypr\\u00f3buj merino latem i poznaj nowy wymiar komfotu!\",\"inLanguage\":\"pl-PL\",\"isPartOf\":{\"@id\":\"https:\\\/\\\/www.skalnik.pl\\\/blog\\\/#website\"},\"breadcrumb\":{\"@id\":\"https:\\\/\\\/www.skalnik.pl\\\/blog\\\/dlaczego-welna-merino-nadaje-sie-na-lato\\\/#breadcrumblist\"},\"author\":{\"@id\":\"https:\\\/\\\/www.skalnik.pl\\\/blog\\\/author\\\/pawel-gibek\\\/#author\"},\"creator\":{\"@id\":\"https:\\\/\\\/www.skalnik.pl\\\/blog\\\/author\\\/pawel-gibek\\\/#author\"},\"image\":{\"@type\":\"ImageObject\",\"url\":\"https:\\\/\\\/www.skalnik.pl\\\/blog\\\/wp-content\\\/uploads\\\/2019\\\/07\\\/merino-latem-okladka.jpg\",\"@id\":\"https:\\\/\\\/www.skalnik.pl\\\/blog\\\/dlaczego-welna-merino-nadaje-sie-na-lato\\\/#mainImage\",\"width\":1920,\"height\":705},\"primaryImageOfPage\":{\"@id\":\"https:\\\/\\\/www.skalnik.pl\\\/blog\\\/dlaczego-welna-merino-nadaje-sie-na-lato\\\/#mainImage\"},\"datePublished\":\"2019-07-25T10:09:21+02:00\",\"dateModified\":\"2019-08-20T08:55:04+02:00\"},{\"@type\":\"WebSite\",\"@id\":\"https:\\\/\\\/www.skalnik.pl\\\/blog\\\/#website\",\"url\":\"https:\\\/\\\/www.skalnik.pl\\\/blog\\\/\",\"name\":\"blog Skalnik\",\"description\":\"Blog, porady, artyku\\u0142y - blog Skalnik\",\"inLanguage\":\"pl-PL\",\"publisher\":{\"@id\":\"https:\\\/\\\/www.skalnik.pl\\\/blog\\\/#organization\"}}]}\n\t\t<\/script>\n\t\t<!-- All in One SEO -->\n\n","aioseo_head_json":{"title":"Dlaczego we\u0142na merino nadaje si\u0119 na lato - blog Skalnik","description":"We\u0142na merino to genialny materia\u0142. Koszulki i bielizn\u0119 z tego materia\u0142u mo\u017cesz nosi\u0107 r\u00f3wnie\u017c latem. Wypr\u00f3buj merino latem i poznaj nowy wymiar komfotu!","canonical_url":"https:\/\/www.skalnik.pl\/blog\/dlaczego-welna-merino-nadaje-sie-na-lato\/","robots":"max-image-preview:large","keywords":"","webmasterTools":{"miscellaneous":""},"schema":{"@context":"https:\/\/schema.org","@graph":[{"@type":"BlogPosting","@id":"https:\/\/www.skalnik.pl\/blog\/dlaczego-welna-merino-nadaje-sie-na-lato\/#blogposting","name":"Dlaczego we\u0142na merino nadaje si\u0119 na lato - blog Skalnik","headline":"Dlaczego we\u0142na merino nadaje si\u0119 na lato","author":{"@id":"https:\/\/www.skalnik.pl\/blog\/author\/pawel-gibek\/#author"},"publisher":{"@id":"https:\/\/www.skalnik.pl\/blog\/#organization"},"image":{"@type":"ImageObject","url":"https:\/\/www.skalnik.pl\/blog\/wp-content\/uploads\/2019\/07\/merino-latem-okladka.jpg","width":1920,"height":705},"datePublished":"2019-07-25T10:09:21+02:00","dateModified":"2019-08-20T08:55:04+02:00","inLanguage":"pl-PL","mainEntityOfPage":{"@id":"https:\/\/www.skalnik.pl\/blog\/dlaczego-welna-merino-nadaje-sie-na-lato\/#webpage"},"isPartOf":{"@id":"https:\/\/www.skalnik.pl\/blog\/dlaczego-welna-merino-nadaje-sie-na-lato\/#webpage"},"articleSection":"Porady, merino, odzie\u017c, trekking, turystyka, 1094"},{"@type":"BreadcrumbList","@id":"https:\/\/www.skalnik.pl\/blog\/dlaczego-welna-merino-nadaje-sie-na-lato\/#breadcrumblist","itemListElement":[{"@type":"ListItem","@id":"https:\/\/www.skalnik.pl\/blog#listItem","position":1,"name":"Home","item":"https:\/\/www.skalnik.pl\/blog","nextItem":{"@type":"ListItem","@id":"https:\/\/www.skalnik.pl\/blog\/.\/porady\/#listItem","name":"Porady"}},{"@type":"ListItem","@id":"https:\/\/www.skalnik.pl\/blog\/.\/porady\/#listItem","position":2,"name":"Porady","item":"https:\/\/www.skalnik.pl\/blog\/.\/porady\/","nextItem":{"@type":"ListItem","@id":"https:\/\/www.skalnik.pl\/blog\/dlaczego-welna-merino-nadaje-sie-na-lato\/#listItem","name":"Dlaczego we\u0142na merino nadaje si\u0119 na lato"},"previousItem":{"@type":"ListItem","@id":"https:\/\/www.skalnik.pl\/blog#listItem","name":"Home"}},{"@type":"ListItem","@id":"https:\/\/www.skalnik.pl\/blog\/dlaczego-welna-merino-nadaje-sie-na-lato\/#listItem","position":3,"name":"Dlaczego we\u0142na merino nadaje si\u0119 na lato","previousItem":{"@type":"ListItem","@id":"https:\/\/www.skalnik.pl\/blog\/.\/porady\/#listItem","name":"Porady"}}]},{"@type":"Organization","@id":"https:\/\/www.skalnik.pl\/blog\/#organization","name":"blog Skalnik","description":"Blog, porady, artyku\u0142y - blog Skalnik","url":"https:\/\/www.skalnik.pl\/blog\/"},{"@type":"Person","@id":"https:\/\/www.skalnik.pl\/blog\/author\/pawel-gibek\/#author","url":"https:\/\/www.skalnik.pl\/blog\/author\/pawel-gibek\/","name":"Pawe\u0142 Gibek","image":{"@type":"ImageObject","@id":"https:\/\/www.skalnik.pl\/blog\/dlaczego-welna-merino-nadaje-sie-na-lato\/#authorImage","url":"https:\/\/secure.gravatar.com\/avatar\/cfa17eebb8c907b0125e9171f7e9fc12b0799c3ba90a5e5183d3b10c450ae05d?s=96&d=mm&r=g","width":96,"height":96,"caption":"Pawe\u0142 Gibek"}},{"@type":"WebPage","@id":"https:\/\/www.skalnik.pl\/blog\/dlaczego-welna-merino-nadaje-sie-na-lato\/#webpage","url":"https:\/\/www.skalnik.pl\/blog\/dlaczego-welna-merino-nadaje-sie-na-lato\/","name":"Dlaczego we\u0142na merino nadaje si\u0119 na lato - blog Skalnik","description":"We\u0142na merino to genialny materia\u0142. Koszulki i bielizn\u0119 z tego materia\u0142u mo\u017cesz nosi\u0107 r\u00f3wnie\u017c latem. Wypr\u00f3buj merino latem i poznaj nowy wymiar komfotu!","inLanguage":"pl-PL","isPartOf":{"@id":"https:\/\/www.skalnik.pl\/blog\/#website"},"breadcrumb":{"@id":"https:\/\/www.skalnik.pl\/blog\/dlaczego-welna-merino-nadaje-sie-na-lato\/#breadcrumblist"},"author":{"@id":"https:\/\/www.skalnik.pl\/blog\/author\/pawel-gibek\/#author"},"creator":{"@id":"https:\/\/www.skalnik.pl\/blog\/author\/pawel-gibek\/#author"},"image":{"@type":"ImageObject","url":"https:\/\/www.skalnik.pl\/blog\/wp-content\/uploads\/2019\/07\/merino-latem-okladka.jpg","@id":"https:\/\/www.skalnik.pl\/blog\/dlaczego-welna-merino-nadaje-sie-na-lato\/#mainImage","width":1920,"height":705},"primaryImageOfPage":{"@id":"https:\/\/www.skalnik.pl\/blog\/dlaczego-welna-merino-nadaje-sie-na-lato\/#mainImage"},"datePublished":"2019-07-25T10:09:21+02:00","dateModified":"2019-08-20T08:55:04+02:00"},{"@type":"WebSite","@id":"https:\/\/www.skalnik.pl\/blog\/#website","url":"https:\/\/www.skalnik.pl\/blog\/","name":"blog Skalnik","description":"Blog, porady, artyku\u0142y - blog Skalnik","inLanguage":"pl-PL","publisher":{"@id":"https:\/\/www.skalnik.pl\/blog\/#organization"}}]},"og:locale":"pl_PL","og:site_name":"blog Skalnik - Blog, porady, artyku\u0142y - blog Skalnik","og:type":"article","og:title":"Dlaczego we\u0142na merino nadaje si\u0119 na lato - blog Skalnik","og:description":"We\u0142na merino to genialny materia\u0142. Koszulki i bielizn\u0119 z tego materia\u0142u mo\u017cesz nosi\u0107 r\u00f3wnie\u017c latem. Wypr\u00f3buj merino latem i poznaj nowy wymiar komfotu!","og:url":"https:\/\/www.skalnik.pl\/blog\/dlaczego-welna-merino-nadaje-sie-na-lato\/","og:image":"https:\/\/skalnik.pl\/blog\/wp-content\/uploads\/2019\/07\/MEN-SS19-LOCATION-TECH-LITE-SS-CREWE-104578001_2-min-1024x683.jpg","og:image:secure_url":"https:\/\/skalnik.pl\/blog\/wp-content\/uploads\/2019\/07\/MEN-SS19-LOCATION-TECH-LITE-SS-CREWE-104578001_2-min-1024x683.jpg","article:tag":["porady","merino","odzie\u017c","trekking","turystyka"],"article:published_time":"2019-07-25T08:09:21+00:00","article:modified_time":"2019-08-20T06:55:04+00:00","twitter:card":"summary_large_image","twitter:title":"Dlaczego we\u0142na merino nadaje si\u0119 na lato - blog Skalnik","twitter:description":"We\u0142na merino to genialny materia\u0142. Koszulki i bielizn\u0119 z tego materia\u0142u mo\u017cesz nosi\u0107 r\u00f3wnie\u017c latem. Wypr\u00f3buj merino latem i poznaj nowy wymiar komfotu!","twitter:image":"https:\/\/skalnik.pl\/blog\/wp-content\/uploads\/2019\/07\/MEN-SS19-LOCATION-TECH-LITE-SS-CREWE-104578001_2-min-1024x683.jpg"},"aioseo_meta_data":{"post_id":"8041","title":null,"description":"We\u0142na merino to genialny materia\u0142. Koszulki i bielizn\u0119 z tego materia\u0142u mo\u017cesz nosi\u0107 r\u00f3wnie\u017c latem. Wypr\u00f3buj merino latem i poznaj nowy wymiar komfotu!","keywords":[{"label":"merino","value":"merino"},{"label":"we\u0142na merino","value":"we\u0142na merino"},{"label":"we\u0142na merynos","value":"we\u0142na merynos"},{"label":"we\u0142na z merynos\u00f3w","value":"we\u0142na z merynos\u00f3w"},{"label":"we\u0142na z merynosa","value":"we\u0142na z merynosa"}],"keyphrases":null,"primary_term":null,"canonical_url":null,"og_title":null,"og_description":null,"og_object_type":"default","og_image_type":"default","og_image_url":null,"og_image_width":null,"og_image_height":null,"og_image_custom_url":null,"og_image_custom_fields":null,"og_video":null,"og_custom_url":null,"og_article_section":null,"og_article_tags":null,"twitter_use_og":false,"twitter_card":"default","twitter_image_type":"default","twitter_image_url":null,"twitter_image_custom_url":null,"twitter_image_custom_fields":null,"twitter_title":null,"twitter_description":null,"schema":{"blockGraphs":[],"customGraphs":[],"default":{"data":{"Article":[],"Course":[],"Dataset":[],"FAQPage":[],"Movie":[],"Person":[],"Product":[],"ProductReview":[],"Car":[],"Recipe":[],"Service":[],"SoftwareApplication":[],"WebPage":[]},"graphName":"BlogPosting","isEnabled":true},"graphs":[]},"schema_type":"default","schema_type_options":null,"pillar_content":false,"robots_default":true,"robots_noindex":false,"robots_noarchive":false,"robots_nosnippet":false,"robots_nofollow":false,"robots_noimageindex":false,"robots_noodp":false,"robots_notranslate":false,"robots_max_snippet":null,"robots_max_videopreview":null,"robots_max_imagepreview":"large","priority":null,"frequency":null,"local_seo":null,"breadcrumb_settings":null,"limit_modified_date":false,"ai":null,"created":"2022-08-26 09:53:03","updated":"2026-02-17 21:35:23","seo_analyzer_scan_date":null},"aioseo_breadcrumb":"<div class=\"aioseo-breadcrumbs\"><span class=\"aioseo-breadcrumb\">\n\t\t\t<a href=\"https:\/\/www.skalnik.pl\/blog\" title=\"Home\">Home<\/a>\n\t\t<\/span><span class=\"aioseo-breadcrumb-separator\">&raquo;<\/span><span class=\"aioseo-breadcrumb\">\n\t\t\t<a href=\"https:\/\/www.skalnik.pl\/blog\/.\/porady\/\" title=\"Porady\">Porady<\/a>\n\t\t<\/span><span class=\"aioseo-breadcrumb-separator\">&raquo;<\/span><span class=\"aioseo-breadcrumb\">\n\t\t\tDlaczego we\u0142na merino nadaje si\u0119 na lato\n\t\t<\/span><\/div>","aioseo_breadcrumb_json":[{"label":"Home","link":"https:\/\/www.skalnik.pl\/blog"},{"label":"Porady","link":"https:\/\/www.skalnik.pl\/blog\/.\/porady\/"},{"label":"Dlaczego we\u0142na merino nadaje si\u0119 na lato","link":"https:\/\/www.skalnik.pl\/blog\/dlaczego-welna-merino-nadaje-sie-na-lato\/"}],"_links":{"self":[{"href":"https:\/\/www.skalnik.pl\/blog\/wp-json\/wp\/v2\/posts\/8041","targetHints":{"allow":["GET"]}}],"collection":[{"href":"https:\/\/www.skalnik.pl\/blog\/wp-json\/wp\/v2\/posts"}],"about":[{"href":"https:\/\/www.skalnik.pl\/blog\/wp-json\/wp\/v2\/types\/post"}],"author":[{"embeddable":true,"href":"https:\/\/www.skalnik.pl\/blog\/wp-json\/wp\/v2\/users\/32"}],"replies":[{"embeddable":true,"href":"https:\/\/www.skalnik.pl\/blog\/wp-json\/wp\/v2\/comments?post=8041"}],"version-history":[{"count":13,"href":"https:\/\/www.skalnik.pl\/blog\/wp-json\/wp\/v2\/posts\/8041\/revisions"}],"predecessor-version":[{"id":8097,"href":"https:\/\/www.skalnik.pl\/blog\/wp-json\/wp\/v2\/posts\/8041\/revisions\/8097"}],"wp:featuredmedia":[{"embeddable":true,"href":"https:\/\/www.skalnik.pl\/blog\/wp-json\/wp\/v2\/media\/8048"}],"wp:attachment":[{"href":"https:\/\/www.skalnik.pl\/blog\/wp-json\/wp\/v2\/media?parent=8041"}],"wp:term":[{"taxonomy":"category","embeddable":true,"href":"https:\/\/www.skalnik.pl\/blog\/wp-json\/wp\/v2\/categories?post=8041"},{"taxonomy":"post_tag","embeddable":true,"href":"https:\/\/www.skalnik.pl\/blog\/wp-json\/wp\/v2\/tags?post=8041"},{"taxonomy":"magento_category","embeddable":true,"href":"https:\/\/www.skalnik.pl\/blog\/wp-json\/wp\/v2\/magento_category?post=8041"},{"taxonomy":"magento_product","embeddable":true,"href":"https:\/\/www.skalnik.pl\/blog\/wp-json\/wp\/v2\/magento_product?post=8041"}],"curies":[{"name":"wp","href":"https:\/\/api.w.org\/{rel}","templated":true}]}}